{"id":55563,"date":"2024-06-10T19:27:00","date_gmt":"2024-06-11T00:27:00","guid":{"rendered":"https:\/\/www.uartes.edu.ec\/sitio\/?p=55563"},"modified":"2024-07-04T11:18:50","modified_gmt":"2024-07-04T16:18:50","slug":"estudiantes-uartes-y-de-unidad-educativa-de-monte-sinai-crean-un-mural-en-contra-de-la-violencia","status":"publish","type":"post","link":"https:\/\/www.uartes.edu.ec\/sitio\/fr\/blog\/2024\/06\/10\/estudiantes-uartes-y-de-unidad-educativa-de-monte-sinai-crean-un-mural-en-contra-de-la-violencia\/","title":{"rendered":"Estudiantes UArtes y de unidad educativa de Monte Sina\u00ed crean mural en contra de la violencia; es un proyecto de vinculaci\u00f3n"},"content":{"rendered":"<p>Estudiantes de la Universidad de las Artes y alumnos de la Unidad Educativa Francisco Garc\u00eda Jim\u00e9nez Fe y Alegr\u00eda, ubicada en el sector de Monte Sina\u00ed (noroeste de Guayaquil), elaboraron un mural sobre la pared exterior del plantel fiscomisional y el pasado 7 de junio se hizo su entrega en un ambiente cargado de emociones tanto para sus realizadores como para las autoridades de ambas instituciones, los docentes y graduados UArtes que intervinieron, en especial, su mentalizador, el dibujante, pintor, dise\u00f1ador, artista visual, gestor cultural y acad\u00e9mico Joaqu\u00edn Serrano.<\/p>\n\n\n\n<p>El mural de creaci\u00f3n colectiva se realiz\u00f3 en el marco del proyecto de vinculaci\u00f3n con la sociedad que lleva adelante Serrano junto con sus estudiantes de la Escuela de Artes Visuales, en sus horas de servicio comunitario. La propuesta se denomina \u201cJuegos de expresi\u00f3n desde la pl\u00e1stica: Espacios, metodolog\u00edas y v\u00ednculos desde, para y a trav\u00e9s de las artes\u201d y tiene como prop\u00f3sito articular un programa de v\u00ednculo con instituciones educativas de la zona 8 para la cooperaci\u00f3n e intercambio de saberes, pr\u00e1cticas y metodolog\u00edas interinstitucionales en el que se incluya el ecosistema acad\u00e9mico de la Universidad de las Artes.<\/p>\n\n\n<div class=\"wp-block-image\">\n<figure class=\"aligncenter size-large\"><img fetchpriority=\"high\" decoding=\"async\" width=\"644\" height=\"429\" src=\"https:\/\/www.uartes.edu.ec\/sitio\/wp-content\/uploads\/2024\/06\/04-INAUGURACION-MURAL-644x429.jpg\" alt=\"\" class=\"wp-image-55565\" srcset=\"https:\/\/www.uartes.edu.ec\/sitio\/wp-content\/uploads\/2024\/06\/04-INAUGURACION-MURAL-644x429.jpg 644w, https:\/\/www.uartes.edu.ec\/sitio\/wp-content\/uploads\/2024\/06\/04-INAUGURACION-MURAL-768x511.jpg 768w, https:\/\/www.uartes.edu.ec\/sitio\/wp-content\/uploads\/2024\/06\/04-INAUGURACION-MURAL.jpg 2000w, https:\/\/www.uartes.edu.ec\/sitio\/wp-content\/uploads\/2024\/06\/04-INAUGURACION-MURAL-18x12.jpg 18w, https:\/\/www.uartes.edu.ec\/sitio\/wp-content\/uploads\/2024\/06\/04-INAUGURACION-MURAL-600x399.jpg 600w, https:\/\/www.uartes.edu.ec\/sitio\/wp-content\/uploads\/2024\/06\/04-INAUGURACION-MURAL-272x182.jpg 272w\" sizes=\"(max-width: 644px) 100vw, 644px\" \/><\/figure>\n<\/div>\n\n\n<p>En el simb\u00f3lico y emotivo acto inaugural particip\u00f3 nuestro rector, doctor William Herrera; del equipo de la Direcci\u00f3n de Vinculaci\u00f3n con la Sociedad asistieron Mar\u00eda Jos\u00e9 Icaza, su titular, y Patricio S\u00e1nchez, especialista en proyectos; los docentes William Hern\u00e1ndez y Juan Caguana; y, de los graduados, Pedro Gonz\u00e1lez y Jefferson Cabrera, como representantes de Fundaci\u00f3n Michugo Dorado y JLA S.A.S., en ese orden.<\/p>\n\n\n\n<p><\/p>\n\n\n\n<p>Frases, manos y dibujos alusivos contra la violencia y el bullying compusieron el ensamble de dibujos que los alumnos de educaci\u00f3n b\u00e1sica hicieron en jornadas previas con la asesor\u00eda de los estudiantes UArtes, utilizando materiales como crayones, tiza, marcadores, pintura, brochas y pinceles.<\/p>\n\n\n<div class=\"wp-block-image\">\n<figure class=\"aligncenter size-large\"><img decoding=\"async\" width=\"644\" height=\"429\" src=\"https:\/\/www.uartes.edu.ec\/sitio\/wp-content\/uploads\/2024\/06\/06-TALLERISTAS-ARCILLA-644x429.jpg\" alt=\"\" class=\"wp-image-55566\" srcset=\"https:\/\/www.uartes.edu.ec\/sitio\/wp-content\/uploads\/2024\/06\/06-TALLERISTAS-ARCILLA-644x429.jpg 644w, https:\/\/www.uartes.edu.ec\/sitio\/wp-content\/uploads\/2024\/06\/06-TALLERISTAS-ARCILLA-768x511.jpg 768w, https:\/\/www.uartes.edu.ec\/sitio\/wp-content\/uploads\/2024\/06\/06-TALLERISTAS-ARCILLA.jpg 2000w, https:\/\/www.uartes.edu.ec\/sitio\/wp-content\/uploads\/2024\/06\/06-TALLERISTAS-ARCILLA-18x12.jpg 18w, https:\/\/www.uartes.edu.ec\/sitio\/wp-content\/uploads\/2024\/06\/06-TALLERISTAS-ARCILLA-600x399.jpg 600w, https:\/\/www.uartes.edu.ec\/sitio\/wp-content\/uploads\/2024\/06\/06-TALLERISTAS-ARCILLA-272x182.jpg 272w\" sizes=\"(max-width: 644px) 100vw, 644px\" \/><\/figure>\n<\/div>\n\n\n<p>Las autoridades y el p\u00fablico en general presentes fueron tambi\u00e9n invitados a dejar sus huellas en el mural, uno de los nueve realizados en el proyecto que Joaqu\u00edn Serrano implement\u00f3 a partir del 2017 y que ha ido actualizando. El primero fue un \u201c\u00e1rbol de la vida y los valores\u201d, realizado en el colegio r\u00e9plica Aguirre Abad de Mapasingue.<\/p>\n\n\n\n<p>\u201cEs necesario que reflexionemos sobre la empat\u00eda y la solidaridad. No es un tema de m\u00e1s represi\u00f3n policial, la violencia no se acaba con m\u00e1s medidas de seguridad, a la violencia se la detiene con procesos educativos y culturales, d\u00e1ndole una perspectiva a la comunidad\u201d, expres\u00f3 el docente UArtes con respecto a la propuesta, encaminada a generar una cultura de paz. Con \u00e9l coincidi\u00f3 el doctor Herrera en su intervenci\u00f3n durante el acto.<\/p>\n\n\n\t\t\t\t\t<div\n\t\t\t\t\t\tclass=\"wp-block-uagb-image-gallery uagb-block-16e9dae6\"\n\t\t\t\t\t\tstyle=\"\"\n\t\t\t\t\t>\n\t\t\t\t\t\t\t\t\t\t\t<div class=\"spectra-image-gallery spectra-image-gallery__layout--grid spectra-image-gallery__layout--grid-col-2 spectra-image-gallery__layout--grid-col-tab-2 spectra-image-gallery__layout--grid-col-mob-2\">\n\t\t\t\t\t\t\t\t\t\t\t<div class='spectra-image-gallery__media-wrapper' data-spectra-gallery-image-id='55568' tabindex=\"0\">\n\t\t\t\t\t\t\t<div class=\"spectra-image-gallery__media spectra-image-gallery__media--grid\">\n\t\t\t\t<picture>\n\t\t\t\t\t<source media=\"(min-width: 1024px)\" srcset=\"https:\/\/www.uartes.edu.ec\/sitio\/wp-content\/uploads\/2024\/06\/08-MURAL-644x429.jpg\">\n\t\t\t\t\t<source media=\"(min-width: 768px)\" srcset=\"https:\/\/www.uartes.edu.ec\/sitio\/wp-content\/uploads\/2024\/06\/08-MURAL-644x429.jpg\">\n\t\t\t\t\t<img decoding=\"async\" class=\"spectra-image-gallery__media-thumbnail spectra-image-gallery__media-thumbnail--grid\" src=\"https:\/\/www.uartes.edu.ec\/sitio\/wp-content\/uploads\/2024\/06\/08-MURAL-300x200.jpg\" alt=\"\" loading=\"lazy\" \/>\n\t\t\t\t<\/picture>\n\t\t\t\t<div class=\"spectra-image-gallery__media-thumbnail-blurrer\"><\/div>\n\t\t\t\t\t\t\t\t\t\t\t<div class=\"spectra-image-gallery__media-thumbnail-caption-wrapper spectra-image-gallery__media-thumbnail-caption-wrapper--overlay\">\n\t\t\t\t\t\t\t\t\t\t\t<div class=\"spectra-image-gallery__media-thumbnail-caption spectra-image-gallery__media-thumbnail-caption--overlay\">\n\t\t\t\t\tAucune l\u00e9gende\t\t\t\t<\/div>\n\t\t\t\t\t\t\t\t\t\t<\/div>\n\t\t\t\t\t\t\t\t\t<\/div>\n\t\t\t\t\t\t<\/div>\n\t\t\t\t\t\t<div class='spectra-image-gallery__media-wrapper' data-spectra-gallery-image-id='55567' tabindex=\"0\">\n\t\t\t\t\t\t\t<div class=\"spectra-image-gallery__media spectra-image-gallery__media--grid\">\n\t\t\t\t<picture>\n\t\t\t\t\t<source media=\"(min-width: 1024px)\" srcset=\"https:\/\/www.uartes.edu.ec\/sitio\/wp-content\/uploads\/2024\/06\/07-MURAL-644x429.jpg\">\n\t\t\t\t\t<source media=\"(min-width: 768px)\" srcset=\"https:\/\/www.uartes.edu.ec\/sitio\/wp-content\/uploads\/2024\/06\/07-MURAL-644x429.jpg\">\n\t\t\t\t\t<img decoding=\"async\" class=\"spectra-image-gallery__media-thumbnail spectra-image-gallery__media-thumbnail--grid\" src=\"https:\/\/www.uartes.edu.ec\/sitio\/wp-content\/uploads\/2024\/06\/07-MURAL-300x200.jpg\" alt=\"\" loading=\"lazy\" \/>\n\t\t\t\t<\/picture>\n\t\t\t\t<div class=\"spectra-image-gallery__media-thumbnail-blurrer\"><\/div>\n\t\t\t\t\t\t\t\t\t\t\t<div class=\"spectra-image-gallery__media-thumbnail-caption-wrapper spectra-image-gallery__media-thumbnail-caption-wrapper--overlay\">\n\t\t\t\t\t\t\t\t\t\t\t<div class=\"spectra-image-gallery__media-thumbnail-caption spectra-image-gallery__media-thumbnail-caption--overlay\">\n\t\t\t\t\tAucune l\u00e9gende\t\t\t\t<\/div>\n\t\t\t\t\t\t\t\t\t\t<\/div>\n\t\t\t\t\t\t\t\t\t<\/div>\n\t\t\t\t\t\t<\/div>\n\t\t\t\t\t\t\t\t\t\t<\/div>\n\t\t\t\t\t\t\t\t\t\t\t\t\t\t\t\t\t\t<\/div>\n\t\t\t\t\t\t\t\t\t\n\n\n<p><\/p>\n\n\n\n<p>La Unidad Educativa Francisco Garc\u00eda Jim\u00e9nez Fe y Alegr\u00eda, por su parte, ponder\u00f3 la cooperaci\u00f3n de la Universidad de las Artes en procesos que, como \u201cJuegos de Expresi\u00f3n desde la Pl\u00e1stica: espacios, metodolog\u00edas y v\u00ednculos desde, para y a trav\u00e9s de las artes\u201d, promueven la equidad de g\u00e9nero, la paz y la seguridad en la instituci\u00f3n y la comunidad.<\/p>\n\n\n\n<p>As\u00ed como el mural, tambi\u00e9n se realizaron talleres. Dos estuvieron a cargo del docente William Hern\u00e1ndez; el primero para personas con discapacidad auditiva en bachillerato y el segundo fue un trabajo compartido con el tambi\u00e9n acad\u00e9mico UArtes Juan Caguana. Hubo, adem\u00e1s, un taller experimental de video con el alumnus Pedro Gonz\u00e1lez. Los resultados fueron expuestos, pues los estudiantes participantes trabajaron un video reportaje y esculturas en arcilla.<\/p>\n\n\n\n<p>Vale destacar que con la cooperaci\u00f3n de JLA S.A.S. y Fundaci\u00f3n Michugo Dorado, aliados estrat\u00e9gicos del proyecto, se propici\u00f3 el primer taller de video-periodismo. El mural fue la fase final y representa las ideas generadas en los talleres que se hicieron de noviembre a diciembre de 2023 con estudiantes de la UArtes y de la Unidad Educativa Francisco Garc\u00eda Jim\u00e9nez, y que se aplazaron por las medidas de seguridad que se decretaron en enero de 2024.<\/p>\n\n\n<div class=\"wp-block-image\">\n<figure class=\"aligncenter size-large\"><img decoding=\"async\" width=\"644\" height=\"429\" src=\"https:\/\/www.uartes.edu.ec\/sitio\/wp-content\/uploads\/2024\/06\/03-TALLERISTAS-PEDRO-GONZALEZ-644x429.jpg\" alt=\"\" class=\"wp-image-55569\" srcset=\"https:\/\/www.uartes.edu.ec\/sitio\/wp-content\/uploads\/2024\/06\/03-TALLERISTAS-PEDRO-GONZALEZ-644x429.jpg 644w, https:\/\/www.uartes.edu.ec\/sitio\/wp-content\/uploads\/2024\/06\/03-TALLERISTAS-PEDRO-GONZALEZ-768x511.jpg 768w, https:\/\/www.uartes.edu.ec\/sitio\/wp-content\/uploads\/2024\/06\/03-TALLERISTAS-PEDRO-GONZALEZ.jpg 2000w, https:\/\/www.uartes.edu.ec\/sitio\/wp-content\/uploads\/2024\/06\/03-TALLERISTAS-PEDRO-GONZALEZ-18x12.jpg 18w, https:\/\/www.uartes.edu.ec\/sitio\/wp-content\/uploads\/2024\/06\/03-TALLERISTAS-PEDRO-GONZALEZ-600x399.jpg 600w, https:\/\/www.uartes.edu.ec\/sitio\/wp-content\/uploads\/2024\/06\/03-TALLERISTAS-PEDRO-GONZALEZ-272x182.jpg 272w\" sizes=\"(max-width: 644px) 100vw, 644px\" \/><\/figure>\n<\/div>\n\n<div class=\"wp-block-image\">\n<figure class=\"aligncenter size-large\"><img loading=\"lazy\" decoding=\"async\" width=\"644\" height=\"429\" src=\"https:\/\/www.uartes.edu.ec\/sitio\/wp-content\/uploads\/2024\/06\/02-TALLERISTAS-ARCILLA-DOCENTE-UARTES-WILLIAM-644x429.jpg\" alt=\"\" class=\"wp-image-55570\" srcset=\"https:\/\/www.uartes.edu.ec\/sitio\/wp-content\/uploads\/2024\/06\/02-TALLERISTAS-ARCILLA-DOCENTE-UARTES-WILLIAM-644x429.jpg 644w, https:\/\/www.uartes.edu.ec\/sitio\/wp-content\/uploads\/2024\/06\/02-TALLERISTAS-ARCILLA-DOCENTE-UARTES-WILLIAM-768x511.jpg 768w, https:\/\/www.uartes.edu.ec\/sitio\/wp-content\/uploads\/2024\/06\/02-TALLERISTAS-ARCILLA-DOCENTE-UARTES-WILLIAM.jpg 2000w, https:\/\/www.uartes.edu.ec\/sitio\/wp-content\/uploads\/2024\/06\/02-TALLERISTAS-ARCILLA-DOCENTE-UARTES-WILLIAM-18x12.jpg 18w, https:\/\/www.uartes.edu.ec\/sitio\/wp-content\/uploads\/2024\/06\/02-TALLERISTAS-ARCILLA-DOCENTE-UARTES-WILLIAM-600x399.jpg 600w, https:\/\/www.uartes.edu.ec\/sitio\/wp-content\/uploads\/2024\/06\/02-TALLERISTAS-ARCILLA-DOCENTE-UARTES-WILLIAM-272x182.jpg 272w\" sizes=\"(max-width: 644px) 100vw, 644px\" \/><\/figure>\n<\/div>","protected":false},"excerpt":{"rendered":"<p>En la pared exterior de la Unidad Educativa Francisco Garc\u00eda Jim\u00e9nez Fe y Alegr\u00eda, ubicada en Monte Sina\u00ed, sus alumnos trabajaron con estudiantes UArtes un mural que surgi\u00f3 del proyecto de vinculaci\u00f3n con la sociedad \u201cJuegos de expresi\u00f3n desde la pl\u00e1stica: Espacios, metodolog\u00edas y v\u00ednculos desde, para y a trav\u00e9s de las artes\u201d, que dirige el artista Joaqu\u00edn Serrano. Participan con \u00e9l otros docentes de Artes Visuales y graduados.<\/p>","protected":false},"author":10,"featured_media":55564,"comment_status":"open","ping_status":"open","sticky":false,"template":"","format":"standard","meta":{"_acf_changed":false,"_uag_custom_page_level_css":"","_monsterinsights_skip_tracking":false,"_monsterinsights_sitenote_active":false,"_monsterinsights_sitenote_note":"","_monsterinsights_sitenote_category":0,"cybocfi_hide_featured_image":"","footnotes":""},"categories":[157,75,76,77,79],"tags":[540],"infouartes":[],"class_list":["post-55563","post","type-post","status-publish","format-standard","has-post-thumbnail","hentry","category-artes-visuales","category-docentes","category-estudiantes","category-gestion","category-vinculo","tag-proyecto"],"acf":[],"yoast_head":"<!-- This site is optimized with the Yoast SEO plugin v27.4 - https:\/\/yoast.com\/product\/yoast-seo-wordpress\/ -->\n<title>Universidad de las Artes - Estudiantes UArtes y de unidad educativa de Monte Sina\u00ed crean mural en contra de la violencia; es un proyecto de vinculaci\u00f3n<\/title>\n<meta name=\"description\" content=\"Universidad de las Artes - Estudiantes UArtes y de unidad educativa de Monte Sina\u00ed crean mural en contra de la violencia; es un proyecto de vinculaci\u00f3n\" \/>\n<meta name=\"robots\" content=\"index, follow, max-snippet:-1, max-image-preview:large, max-video-preview:-1\" \/>\n<link rel=\"canonical\" href=\"https:\/\/www.uartes.edu.ec\/sitio\/fr\/blog\/2024\/06\/10\/estudiantes-uartes-y-de-unidad-educativa-de-monte-sinai-crean-un-mural-en-contra-de-la-violencia\/\" \/>\n<meta property=\"og:locale\" content=\"fr_FR\" \/>\n<meta property=\"og:type\" content=\"article\" \/>\n<meta property=\"og:title\" content=\"Universidad de las Artes - Estudiantes UArtes y de unidad educativa de Monte Sina\u00ed crean mural en contra de la violencia; es un proyecto de vinculaci\u00f3n\" \/>\n<meta property=\"og:description\" content=\"Universidad de las Artes - Estudiantes UArtes y de unidad educativa de Monte Sina\u00ed crean mural en contra de la violencia; es un proyecto de vinculaci\u00f3n\" \/>\n<meta property=\"og:url\" content=\"https:\/\/www.uartes.edu.ec\/sitio\/fr\/blog\/2024\/06\/10\/estudiantes-uartes-y-de-unidad-educativa-de-monte-sinai-crean-un-mural-en-contra-de-la-violencia\/\" \/>\n<meta property=\"og:site_name\" content=\"Universidad de las Artes\" \/>\n<meta property=\"article:publisher\" content=\"https:\/\/www.facebook.com\/uartesec\" \/>\n<meta property=\"article:published_time\" content=\"2024-06-11T00:27:00+00:00\" \/>\n<meta property=\"article:modified_time\" content=\"2024-07-04T16:18:50+00:00\" \/>\n<meta property=\"og:image\" content=\"https:\/\/www.uartes.edu.ec\/sitio\/wp-content\/uploads\/2024\/06\/05-MURAL.jpg\" \/>\n\t<meta property=\"og:image:width\" content=\"2000\" \/>\n\t<meta property=\"og:image:height\" content=\"1333\" \/>\n\t<meta property=\"og:image:type\" content=\"image\/jpeg\" \/>\n<meta name=\"author\" content=\"ccortez\" \/>\n<meta name=\"twitter:card\" content=\"summary_large_image\" \/>\n<meta name=\"twitter:creator\" content=\"@uartesec\" \/>\n<meta name=\"twitter:site\" content=\"@uartesec\" \/>\n<meta name=\"twitter:label1\" content=\"\u00c9crit par\" \/>\n\t<meta name=\"twitter:data1\" content=\"ccortez\" \/>\n\t<meta name=\"twitter:label2\" content=\"Dur\u00e9e de lecture estim\u00e9e\" \/>\n\t<meta name=\"twitter:data2\" content=\"4 minutes\" \/>\n<script type=\"application\/ld+json\" class=\"yoast-schema-graph\">{\"@context\":\"https:\\\/\\\/schema.org\",\"@graph\":[{\"@type\":\"Article\",\"@id\":\"https:\\\/\\\/www.uartes.edu.ec\\\/sitio\\\/fr\\\/blog\\\/2024\\\/06\\\/10\\\/estudiantes-uartes-y-de-unidad-educativa-de-monte-sinai-crean-un-mural-en-contra-de-la-violencia\\\/#article\",\"isPartOf\":{\"@id\":\"https:\\\/\\\/www.uartes.edu.ec\\\/sitio\\\/fr\\\/blog\\\/2024\\\/06\\\/10\\\/estudiantes-uartes-y-de-unidad-educativa-de-monte-sinai-crean-un-mural-en-contra-de-la-violencia\\\/\"},\"author\":{\"name\":\"ccortez\",\"@id\":\"https:\\\/\\\/www.uartes.edu.ec\\\/sitio\\\/fr\\\/#\\\/schema\\\/person\\\/efa1b8275797664fd7f13a79ccc0b1f4\"},\"headline\":\"Estudiantes UArtes y de unidad educativa de Monte Sina\u00ed crean mural en contra de la violencia; es un proyecto de vinculaci\u00f3n\",\"datePublished\":\"2024-06-11T00:27:00+00:00\",\"dateModified\":\"2024-07-04T16:18:50+00:00\",\"mainEntityOfPage\":{\"@id\":\"https:\\\/\\\/www.uartes.edu.ec\\\/sitio\\\/fr\\\/blog\\\/2024\\\/06\\\/10\\\/estudiantes-uartes-y-de-unidad-educativa-de-monte-sinai-crean-un-mural-en-contra-de-la-violencia\\\/\"},\"wordCount\":712,\"commentCount\":0,\"publisher\":{\"@id\":\"https:\\\/\\\/www.uartes.edu.ec\\\/sitio\\\/fr\\\/#organization\"},\"image\":{\"@id\":\"https:\\\/\\\/www.uartes.edu.ec\\\/sitio\\\/fr\\\/blog\\\/2024\\\/06\\\/10\\\/estudiantes-uartes-y-de-unidad-educativa-de-monte-sinai-crean-un-mural-en-contra-de-la-violencia\\\/#primaryimage\"},\"thumbnailUrl\":\"https:\\\/\\\/www.uartes.edu.ec\\\/sitio\\\/wp-content\\\/uploads\\\/2024\\\/06\\\/05-MURAL.jpg\",\"keywords\":[\"proyecto\"],\"articleSection\":[\"Artes Visuales\",\"Docentes\",\"Estudiantes\",\"Gesti\u00f3n\",\"V\u00ednculo\"],\"inLanguage\":\"fr-FR\",\"potentialAction\":[{\"@type\":\"CommentAction\",\"name\":\"Comment\",\"target\":[\"https:\\\/\\\/www.uartes.edu.ec\\\/sitio\\\/fr\\\/blog\\\/2024\\\/06\\\/10\\\/estudiantes-uartes-y-de-unidad-educativa-de-monte-sinai-crean-un-mural-en-contra-de-la-violencia\\\/#respond\"]}]},{\"@type\":[\"WebPage\",\"ItemPage\"],\"@id\":\"https:\\\/\\\/www.uartes.edu.ec\\\/sitio\\\/fr\\\/blog\\\/2024\\\/06\\\/10\\\/estudiantes-uartes-y-de-unidad-educativa-de-monte-sinai-crean-un-mural-en-contra-de-la-violencia\\\/\",\"url\":\"https:\\\/\\\/www.uartes.edu.ec\\\/sitio\\\/fr\\\/blog\\\/2024\\\/06\\\/10\\\/estudiantes-uartes-y-de-unidad-educativa-de-monte-sinai-crean-un-mural-en-contra-de-la-violencia\\\/\",\"name\":\"Universidad de las Artes - Estudiantes UArtes y de unidad educativa de Monte Sina\u00ed crean mural en contra de la violencia; es un proyecto de vinculaci\u00f3n\",\"isPartOf\":{\"@id\":\"https:\\\/\\\/www.uartes.edu.ec\\\/sitio\\\/fr\\\/#website\"},\"primaryImageOfPage\":{\"@id\":\"https:\\\/\\\/www.uartes.edu.ec\\\/sitio\\\/fr\\\/blog\\\/2024\\\/06\\\/10\\\/estudiantes-uartes-y-de-unidad-educativa-de-monte-sinai-crean-un-mural-en-contra-de-la-violencia\\\/#primaryimage\"},\"image\":{\"@id\":\"https:\\\/\\\/www.uartes.edu.ec\\\/sitio\\\/fr\\\/blog\\\/2024\\\/06\\\/10\\\/estudiantes-uartes-y-de-unidad-educativa-de-monte-sinai-crean-un-mural-en-contra-de-la-violencia\\\/#primaryimage\"},\"thumbnailUrl\":\"https:\\\/\\\/www.uartes.edu.ec\\\/sitio\\\/wp-content\\\/uploads\\\/2024\\\/06\\\/05-MURAL.jpg\",\"datePublished\":\"2024-06-11T00:27:00+00:00\",\"dateModified\":\"2024-07-04T16:18:50+00:00\",\"description\":\"Universidad de las Artes - Estudiantes UArtes y de unidad educativa de Monte Sina\u00ed crean mural en contra de la violencia; es un proyecto de vinculaci\u00f3n\",\"breadcrumb\":{\"@id\":\"https:\\\/\\\/www.uartes.edu.ec\\\/sitio\\\/fr\\\/blog\\\/2024\\\/06\\\/10\\\/estudiantes-uartes-y-de-unidad-educativa-de-monte-sinai-crean-un-mural-en-contra-de-la-violencia\\\/#breadcrumb\"},\"inLanguage\":\"fr-FR\",\"potentialAction\":[{\"@type\":\"ReadAction\",\"target\":[\"https:\\\/\\\/www.uartes.edu.ec\\\/sitio\\\/fr\\\/blog\\\/2024\\\/06\\\/10\\\/estudiantes-uartes-y-de-unidad-educativa-de-monte-sinai-crean-un-mural-en-contra-de-la-violencia\\\/\"]}]},{\"@type\":\"ImageObject\",\"inLanguage\":\"fr-FR\",\"@id\":\"https:\\\/\\\/www.uartes.edu.ec\\\/sitio\\\/fr\\\/blog\\\/2024\\\/06\\\/10\\\/estudiantes-uartes-y-de-unidad-educativa-de-monte-sinai-crean-un-mural-en-contra-de-la-violencia\\\/#primaryimage\",\"url\":\"https:\\\/\\\/www.uartes.edu.ec\\\/sitio\\\/wp-content\\\/uploads\\\/2024\\\/06\\\/05-MURAL.jpg\",\"contentUrl\":\"https:\\\/\\\/www.uartes.edu.ec\\\/sitio\\\/wp-content\\\/uploads\\\/2024\\\/06\\\/05-MURAL.jpg\",\"width\":2000,\"height\":1333},{\"@type\":\"BreadcrumbList\",\"@id\":\"https:\\\/\\\/www.uartes.edu.ec\\\/sitio\\\/fr\\\/blog\\\/2024\\\/06\\\/10\\\/estudiantes-uartes-y-de-unidad-educativa-de-monte-sinai-crean-un-mural-en-contra-de-la-violencia\\\/#breadcrumb\",\"itemListElement\":[{\"@type\":\"ListItem\",\"position\":1,\"name\":\"Inicio\",\"item\":\"https:\\\/\\\/www.uartes.edu.ec\\\/sitio\\\/\"},{\"@type\":\"ListItem\",\"position\":2,\"name\":\"Estudiantes UArtes y de unidad educativa de Monte Sina\u00ed crean mural en contra de la violencia; es un proyecto de vinculaci\u00f3n\"}]},{\"@type\":\"WebSite\",\"@id\":\"https:\\\/\\\/www.uartes.edu.ec\\\/sitio\\\/fr\\\/#website\",\"url\":\"https:\\\/\\\/www.uartes.edu.ec\\\/sitio\\\/fr\\\/\",\"name\":\"Universidad de las Artes\",\"description\":\"Sitio oficial de la Universidad Nacional de las Artes del Ecuador\",\"publisher\":{\"@id\":\"https:\\\/\\\/www.uartes.edu.ec\\\/sitio\\\/fr\\\/#organization\"},\"potentialAction\":[{\"@type\":\"SearchAction\",\"target\":{\"@type\":\"EntryPoint\",\"urlTemplate\":\"https:\\\/\\\/www.uartes.edu.ec\\\/sitio\\\/fr\\\/?s={search_term_string}\"},\"query-input\":{\"@type\":\"PropertyValueSpecification\",\"valueRequired\":true,\"valueName\":\"search_term_string\"}}],\"inLanguage\":\"fr-FR\"},{\"@type\":\"Organization\",\"@id\":\"https:\\\/\\\/www.uartes.edu.ec\\\/sitio\\\/fr\\\/#organization\",\"name\":\"Universidad de las Artes\",\"url\":\"https:\\\/\\\/www.uartes.edu.ec\\\/sitio\\\/fr\\\/\",\"logo\":{\"@type\":\"ImageObject\",\"inLanguage\":\"fr-FR\",\"@id\":\"https:\\\/\\\/www.uartes.edu.ec\\\/sitio\\\/fr\\\/#\\\/schema\\\/logo\\\/image\\\/\",\"url\":\"https:\\\/\\\/www.uartes.edu.ec\\\/sitio\\\/wp-content\\\/uploads\\\/2022\\\/07\\\/logo-ua-horizontal.png\",\"contentUrl\":\"https:\\\/\\\/www.uartes.edu.ec\\\/sitio\\\/wp-content\\\/uploads\\\/2022\\\/07\\\/logo-ua-horizontal.png\",\"width\":800,\"height\":276,\"caption\":\"Universidad de las Artes\"},\"image\":{\"@id\":\"https:\\\/\\\/www.uartes.edu.ec\\\/sitio\\\/fr\\\/#\\\/schema\\\/logo\\\/image\\\/\"},\"sameAs\":[\"https:\\\/\\\/www.facebook.com\\\/uartesec\",\"https:\\\/\\\/x.com\\\/uartesec\",\"https:\\\/\\\/www.tiktok.com\\\/@uartesec\"]},{\"@type\":\"Person\",\"@id\":\"https:\\\/\\\/www.uartes.edu.ec\\\/sitio\\\/fr\\\/#\\\/schema\\\/person\\\/efa1b8275797664fd7f13a79ccc0b1f4\",\"name\":\"ccortez\",\"image\":{\"@type\":\"ImageObject\",\"inLanguage\":\"fr-FR\",\"@id\":\"https:\\\/\\\/secure.gravatar.com\\\/avatar\\\/b2a6f664a3ae8e074346ef91775736c5ec479e637ecced6842de9dc98b5da9cd?s=96&d=mm&r=g\",\"url\":\"https:\\\/\\\/secure.gravatar.com\\\/avatar\\\/b2a6f664a3ae8e074346ef91775736c5ec479e637ecced6842de9dc98b5da9cd?s=96&d=mm&r=g\",\"contentUrl\":\"https:\\\/\\\/secure.gravatar.com\\\/avatar\\\/b2a6f664a3ae8e074346ef91775736c5ec479e637ecced6842de9dc98b5da9cd?s=96&d=mm&r=g\",\"caption\":\"ccortez\"},\"url\":\"https:\\\/\\\/www.uartes.edu.ec\\\/sitio\\\/fr\\\/blog\\\/author\\\/ccortez\\\/\"}]}<\/script>\n<!-- \/ Yoast SEO plugin. -->","yoast_head_json":{"title":"Universidad de las Artes - Estudiantes UArtes y de unidad educativa de Monte Sina\u00ed crean mural en contra de la violencia; es un proyecto de vinculaci\u00f3n","description":"Universidad de las Artes - Estudiantes UArtes y de unidad educativa de Monte Sina\u00ed crean mural en contra de la violencia; es un proyecto de vinculaci\u00f3n","robots":{"index":"index","follow":"follow","max-snippet":"max-snippet:-1","max-image-preview":"max-image-preview:large","max-video-preview":"max-video-preview:-1"},"canonical":"https:\/\/www.uartes.edu.ec\/sitio\/fr\/blog\/2024\/06\/10\/estudiantes-uartes-y-de-unidad-educativa-de-monte-sinai-crean-un-mural-en-contra-de-la-violencia\/","og_locale":"fr_FR","og_type":"article","og_title":"Universidad de las Artes - Estudiantes UArtes y de unidad educativa de Monte Sina\u00ed crean mural en contra de la violencia; es un proyecto de vinculaci\u00f3n","og_description":"Universidad de las Artes - Estudiantes UArtes y de unidad educativa de Monte Sina\u00ed crean mural en contra de la violencia; es un proyecto de vinculaci\u00f3n","og_url":"https:\/\/www.uartes.edu.ec\/sitio\/fr\/blog\/2024\/06\/10\/estudiantes-uartes-y-de-unidad-educativa-de-monte-sinai-crean-un-mural-en-contra-de-la-violencia\/","og_site_name":"Universidad de las Artes","article_publisher":"https:\/\/www.facebook.com\/uartesec","article_published_time":"2024-06-11T00:27:00+00:00","article_modified_time":"2024-07-04T16:18:50+00:00","og_image":[{"width":2000,"height":1333,"url":"https:\/\/www.uartes.edu.ec\/sitio\/wp-content\/uploads\/2024\/06\/05-MURAL.jpg","type":"image\/jpeg"}],"author":"ccortez","twitter_card":"summary_large_image","twitter_creator":"@uartesec","twitter_site":"@uartesec","twitter_misc":{"\u00c9crit par":"ccortez","Dur\u00e9e de lecture estim\u00e9e":"4 minutes"},"schema":{"@context":"https:\/\/schema.org","@graph":[{"@type":"Article","@id":"https:\/\/www.uartes.edu.ec\/sitio\/fr\/blog\/2024\/06\/10\/estudiantes-uartes-y-de-unidad-educativa-de-monte-sinai-crean-un-mural-en-contra-de-la-violencia\/#article","isPartOf":{"@id":"https:\/\/www.uartes.edu.ec\/sitio\/fr\/blog\/2024\/06\/10\/estudiantes-uartes-y-de-unidad-educativa-de-monte-sinai-crean-un-mural-en-contra-de-la-violencia\/"},"author":{"name":"ccortez","@id":"https:\/\/www.uartes.edu.ec\/sitio\/fr\/#\/schema\/person\/efa1b8275797664fd7f13a79ccc0b1f4"},"headline":"Estudiantes UArtes y de unidad educativa de Monte Sina\u00ed crean mural en contra de la violencia; es un proyecto de vinculaci\u00f3n","datePublished":"2024-06-11T00:27:00+00:00","dateModified":"2024-07-04T16:18:50+00:00","mainEntityOfPage":{"@id":"https:\/\/www.uartes.edu.ec\/sitio\/fr\/blog\/2024\/06\/10\/estudiantes-uartes-y-de-unidad-educativa-de-monte-sinai-crean-un-mural-en-contra-de-la-violencia\/"},"wordCount":712,"commentCount":0,"publisher":{"@id":"https:\/\/www.uartes.edu.ec\/sitio\/fr\/#organization"},"image":{"@id":"https:\/\/www.uartes.edu.ec\/sitio\/fr\/blog\/2024\/06\/10\/estudiantes-uartes-y-de-unidad-educativa-de-monte-sinai-crean-un-mural-en-contra-de-la-violencia\/#primaryimage"},"thumbnailUrl":"https:\/\/www.uartes.edu.ec\/sitio\/wp-content\/uploads\/2024\/06\/05-MURAL.jpg","keywords":["proyecto"],"articleSection":["Artes Visuales","Docentes","Estudiantes","Gesti\u00f3n","V\u00ednculo"],"inLanguage":"fr-FR","potentialAction":[{"@type":"CommentAction","name":"Comment","target":["https:\/\/www.uartes.edu.ec\/sitio\/fr\/blog\/2024\/06\/10\/estudiantes-uartes-y-de-unidad-educativa-de-monte-sinai-crean-un-mural-en-contra-de-la-violencia\/#respond"]}]},{"@type":["WebPage","ItemPage"],"@id":"https:\/\/www.uartes.edu.ec\/sitio\/fr\/blog\/2024\/06\/10\/estudiantes-uartes-y-de-unidad-educativa-de-monte-sinai-crean-un-mural-en-contra-de-la-violencia\/","url":"https:\/\/www.uartes.edu.ec\/sitio\/fr\/blog\/2024\/06\/10\/estudiantes-uartes-y-de-unidad-educativa-de-monte-sinai-crean-un-mural-en-contra-de-la-violencia\/","name":"Universidad de las Artes - Estudiantes UArtes y de unidad educativa de Monte Sina\u00ed crean mural en contra de la violencia; es un proyecto de vinculaci\u00f3n","isPartOf":{"@id":"https:\/\/www.uartes.edu.ec\/sitio\/fr\/#website"},"primaryImageOfPage":{"@id":"https:\/\/www.uartes.edu.ec\/sitio\/fr\/blog\/2024\/06\/10\/estudiantes-uartes-y-de-unidad-educativa-de-monte-sinai-crean-un-mural-en-contra-de-la-violencia\/#primaryimage"},"image":{"@id":"https:\/\/www.uartes.edu.ec\/sitio\/fr\/blog\/2024\/06\/10\/estudiantes-uartes-y-de-unidad-educativa-de-monte-sinai-crean-un-mural-en-contra-de-la-violencia\/#primaryimage"},"thumbnailUrl":"https:\/\/www.uartes.edu.ec\/sitio\/wp-content\/uploads\/2024\/06\/05-MURAL.jpg","datePublished":"2024-06-11T00:27:00+00:00","dateModified":"2024-07-04T16:18:50+00:00","description":"Universidad de las Artes - Estudiantes UArtes y de unidad educativa de Monte Sina\u00ed crean mural en contra de la violencia; es un proyecto de vinculaci\u00f3n","breadcrumb":{"@id":"https:\/\/www.uartes.edu.ec\/sitio\/fr\/blog\/2024\/06\/10\/estudiantes-uartes-y-de-unidad-educativa-de-monte-sinai-crean-un-mural-en-contra-de-la-violencia\/#breadcrumb"},"inLanguage":"fr-FR","potentialAction":[{"@type":"ReadAction","target":["https:\/\/www.uartes.edu.ec\/sitio\/fr\/blog\/2024\/06\/10\/estudiantes-uartes-y-de-unidad-educativa-de-monte-sinai-crean-un-mural-en-contra-de-la-violencia\/"]}]},{"@type":"ImageObject","inLanguage":"fr-FR","@id":"https:\/\/www.uartes.edu.ec\/sitio\/fr\/blog\/2024\/06\/10\/estudiantes-uartes-y-de-unidad-educativa-de-monte-sinai-crean-un-mural-en-contra-de-la-violencia\/#primaryimage","url":"https:\/\/www.uartes.edu.ec\/sitio\/wp-content\/uploads\/2024\/06\/05-MURAL.jpg","contentUrl":"https:\/\/www.uartes.edu.ec\/sitio\/wp-content\/uploads\/2024\/06\/05-MURAL.jpg","width":2000,"height":1333},{"@type":"BreadcrumbList","@id":"https:\/\/www.uartes.edu.ec\/sitio\/fr\/blog\/2024\/06\/10\/estudiantes-uartes-y-de-unidad-educativa-de-monte-sinai-crean-un-mural-en-contra-de-la-violencia\/#breadcrumb","itemListElement":[{"@type":"ListItem","position":1,"name":"Inicio","item":"https:\/\/www.uartes.edu.ec\/sitio\/"},{"@type":"ListItem","position":2,"name":"Estudiantes UArtes y de unidad educativa de Monte Sina\u00ed crean mural en contra de la violencia; es un proyecto de vinculaci\u00f3n"}]},{"@type":"WebSite","@id":"https:\/\/www.uartes.edu.ec\/sitio\/fr\/#website","url":"https:\/\/www.uartes.edu.ec\/sitio\/fr\/","name":"Universidad de las Artes","description":"Sitio oficial de la Universidad Nacional de las Artes del Ecuador","publisher":{"@id":"https:\/\/www.uartes.edu.ec\/sitio\/fr\/#organization"},"potentialAction":[{"@type":"SearchAction","target":{"@type":"EntryPoint","urlTemplate":"https:\/\/www.uartes.edu.ec\/sitio\/fr\/?s={search_term_string}"},"query-input":{"@type":"PropertyValueSpecification","valueRequired":true,"valueName":"search_term_string"}}],"inLanguage":"fr-FR"},{"@type":"Organization","@id":"https:\/\/www.uartes.edu.ec\/sitio\/fr\/#organization","name":"Universidad de las Artes","url":"https:\/\/www.uartes.edu.ec\/sitio\/fr\/","logo":{"@type":"ImageObject","inLanguage":"fr-FR","@id":"https:\/\/www.uartes.edu.ec\/sitio\/fr\/#\/schema\/logo\/image\/","url":"https:\/\/www.uartes.edu.ec\/sitio\/wp-content\/uploads\/2022\/07\/logo-ua-horizontal.png","contentUrl":"https:\/\/www.uartes.edu.ec\/sitio\/wp-content\/uploads\/2022\/07\/logo-ua-horizontal.png","width":800,"height":276,"caption":"Universidad de las Artes"},"image":{"@id":"https:\/\/www.uartes.edu.ec\/sitio\/fr\/#\/schema\/logo\/image\/"},"sameAs":["https:\/\/www.facebook.com\/uartesec","https:\/\/x.com\/uartesec","https:\/\/www.tiktok.com\/@uartesec"]},{"@type":"Person","@id":"https:\/\/www.uartes.edu.ec\/sitio\/fr\/#\/schema\/person\/efa1b8275797664fd7f13a79ccc0b1f4","name":"ccortez","image":{"@type":"ImageObject","inLanguage":"fr-FR","@id":"https:\/\/secure.gravatar.com\/avatar\/b2a6f664a3ae8e074346ef91775736c5ec479e637ecced6842de9dc98b5da9cd?s=96&d=mm&r=g","url":"https:\/\/secure.gravatar.com\/avatar\/b2a6f664a3ae8e074346ef91775736c5ec479e637ecced6842de9dc98b5da9cd?s=96&d=mm&r=g","contentUrl":"https:\/\/secure.gravatar.com\/avatar\/b2a6f664a3ae8e074346ef91775736c5ec479e637ecced6842de9dc98b5da9cd?s=96&d=mm&r=g","caption":"ccortez"},"url":"https:\/\/www.uartes.edu.ec\/sitio\/fr\/blog\/author\/ccortez\/"}]}},"uagb_featured_image_src":{"full":["https:\/\/www.uartes.edu.ec\/sitio\/wp-content\/uploads\/2024\/06\/05-MURAL.jpg",2000,1333,false],"thumbnail":["https:\/\/www.uartes.edu.ec\/sitio\/wp-content\/uploads\/2024\/06\/05-MURAL-150x150.jpg",150,150,true],"medium":["https:\/\/www.uartes.edu.ec\/sitio\/wp-content\/uploads\/2024\/06\/05-MURAL-300x200.jpg",300,200,true],"medium_large":["https:\/\/www.uartes.edu.ec\/sitio\/wp-content\/uploads\/2024\/06\/05-MURAL-768x512.jpg",768,512,true],"large":["https:\/\/www.uartes.edu.ec\/sitio\/wp-content\/uploads\/2024\/06\/05-MURAL-644x429.jpg",644,429,true],"1536x1536":["https:\/\/www.uartes.edu.ec\/sitio\/wp-content\/uploads\/2024\/06\/05-MURAL-1536x1024.jpg",1536,1024,true],"2048x2048":["https:\/\/www.uartes.edu.ec\/sitio\/wp-content\/uploads\/2024\/06\/05-MURAL.jpg",2000,1333,false],"trp-custom-language-flag":["https:\/\/www.uartes.edu.ec\/sitio\/wp-content\/uploads\/2024\/06\/05-MURAL-18x12.jpg",18,12,true],"htmega_size_585x295":["https:\/\/www.uartes.edu.ec\/sitio\/wp-content\/uploads\/2024\/06\/05-MURAL-585x295.jpg",585,295,true],"htmega_size_1170x536":["https:\/\/www.uartes.edu.ec\/sitio\/wp-content\/uploads\/2024\/06\/05-MURAL-1170x536.jpg",1170,536,true],"htmega_size_396x360":["https:\/\/www.uartes.edu.ec\/sitio\/wp-content\/uploads\/2024\/06\/05-MURAL-396x360.jpg",396,360,true],"gb-block-post-grid-landscape":["https:\/\/www.uartes.edu.ec\/sitio\/wp-content\/uploads\/2024\/06\/05-MURAL-600x400.jpg",600,400,true],"gb-block-post-grid-square":["https:\/\/www.uartes.edu.ec\/sitio\/wp-content\/uploads\/2024\/06\/05-MURAL-600x600.jpg",600,600,true],"university-hub-thumb":["https:\/\/www.uartes.edu.ec\/sitio\/wp-content\/uploads\/2024\/06\/05-MURAL-400x267.jpg",400,267,true]},"uagb_author_info":{"display_name":"ccortez","author_link":"https:\/\/www.uartes.edu.ec\/sitio\/fr\/blog\/author\/ccortez\/"},"uagb_comment_info":0,"uagb_excerpt":"En la pared exterior de la Unidad Educativa Francisco Garc\u00eda Jim\u00e9nez Fe y Alegr\u00eda, ubicada en Monte Sina\u00ed, sus alumnos trabajaron con estudiantes UArtes un mural que surgi\u00f3 del proyecto de vinculaci\u00f3n con la sociedad \u201cJuegos de expresi\u00f3n desde la pl\u00e1stica: Espacios, metodolog\u00edas y v\u00ednculos desde, para y a trav\u00e9s de las artes\u201d, que dirige\u2026","featured_image_src":"https:\/\/www.uartes.edu.ec\/sitio\/wp-content\/uploads\/2024\/06\/05-MURAL-600x400.jpg","featured_image_src_square":"https:\/\/www.uartes.edu.ec\/sitio\/wp-content\/uploads\/2024\/06\/05-MURAL-600x600.jpg","author_info":{"display_name":"ccortez","author_link":"https:\/\/www.uartes.edu.ec\/sitio\/fr\/blog\/author\/ccortez\/"},"publishpress_future_workflow_manual_trigger":{"enabledWorkflows":[]},"distributor_meta":false,"distributor_terms":false,"distributor_media":false,"distributor_original_site_name":"Universidad de las Artes","distributor_original_site_url":"https:\/\/www.uartes.edu.ec\/sitio\/fr","push-errors":false,"_links":{"self":[{"href":"https:\/\/www.uartes.edu.ec\/sitio\/fr\/wp-json\/wp\/v2\/posts\/55563","targetHints":{"allow":["GET"]}}],"collection":[{"href":"https:\/\/www.uartes.edu.ec\/sitio\/fr\/wp-json\/wp\/v2\/posts"}],"about":[{"href":"https:\/\/www.uartes.edu.ec\/sitio\/fr\/wp-json\/wp\/v2\/types\/post"}],"author":[{"embeddable":true,"href":"https:\/\/www.uartes.edu.ec\/sitio\/fr\/wp-json\/wp\/v2\/users\/10"}],"replies":[{"embeddable":true,"href":"https:\/\/www.uartes.edu.ec\/sitio\/fr\/wp-json\/wp\/v2\/comments?post=55563"}],"version-history":[{"count":28,"href":"https:\/\/www.uartes.edu.ec\/sitio\/fr\/wp-json\/wp\/v2\/posts\/55563\/revisions"}],"predecessor-version":[{"id":56455,"href":"https:\/\/www.uartes.edu.ec\/sitio\/fr\/wp-json\/wp\/v2\/posts\/55563\/revisions\/56455"}],"wp:featuredmedia":[{"embeddable":true,"href":"https:\/\/www.uartes.edu.ec\/sitio\/fr\/wp-json\/wp\/v2\/media\/55564"}],"wp:attachment":[{"href":"https:\/\/www.uartes.edu.ec\/sitio\/fr\/wp-json\/wp\/v2\/media?parent=55563"}],"wp:term":[{"taxonomy":"category","embeddable":true,"href":"https:\/\/www.uartes.edu.ec\/sitio\/fr\/wp-json\/wp\/v2\/categories?post=55563"},{"taxonomy":"post_tag","embeddable":true,"href":"https:\/\/www.uartes.edu.ec\/sitio\/fr\/wp-json\/wp\/v2\/tags?post=55563"},{"taxonomy":"infouartes","embeddable":true,"href":"https:\/\/www.uartes.edu.ec\/sitio\/fr\/wp-json\/wp\/v2\/infouartes?post=55563"}],"curies":[{"name":"wp","href":"https:\/\/api.w.org\/{rel}","templated":true}]}}