{"id":55719,"date":"2024-06-04T12:10:00","date_gmt":"2024-06-04T17:10:00","guid":{"rendered":"https:\/\/www.uartes.edu.ec\/sitio\/?p=55719"},"modified":"2024-07-04T11:18:52","modified_gmt":"2024-07-04T16:18:52","slug":"siempre-efimeros-nunca-sin-memoria-en-el-cac-de-quito-docente-mafo-lopez-gestiono-e-hizo-la-curaduria-de-la-muestra","status":"publish","type":"post","link":"https:\/\/www.uartes.edu.ec\/sitio\/fr\/blog\/2024\/06\/04\/siempre-efimeros-nunca-sin-memoria-en-el-cac-de-quito-docente-mafo-lopez-gestiono-e-hizo-la-curaduria-de-la-muestra\/","title":{"rendered":"\u201cSiempre ef\u00edmeros, nunca sin memoria\u201d en el CAC de Quito; docente Mafo L\u00f3pez gestion\u00f3 e hizo la curadur\u00eda de la muestra"},"content":{"rendered":"<p>Con la gesti\u00f3n, curadur\u00eda y museograf\u00eda de Mar\u00eda Fernanda L\u00f3pez, docente de la Universidad de las Artes, se inaugur\u00f3 el 31 de mayo la muestra de arte urbano \u201cSiempre ef\u00edmeros, nunca sin memoria\u201d. Fue causa de celebraci\u00f3n y no solo por el contenido de la propuesta, resultado de una desbordante creatividad de quienes buscaron transmitir en cada trazo de ilustraciones, caligrafittis, graffitis y un mural sus sentires y demandas, sino por haber podido conquistar su espacio en el Centro de Arte Contempor\u00e1neo (CAC) de Quito.<\/p>\n\n\n\n<p>L\u00f3pez lo calific\u00f3 como un hito y en las redes sociales que dieron cuenta de la exposici\u00f3n se la se\u00f1al\u00f3 como una \u201ctoma art\u00edstica del CAC\u201d, con la que se busca \u201cvisibilizar y celebrar la producci\u00f3n nacional de cuatro d\u00e9cadas, explorando diversas expresiones\u201d.<\/p>\n\n\n\n<p>La propuesta expositiva y curatorial, que se mantendr\u00e1 hasta octubre pr\u00f3ximo, recoge de forma in\u00e9dita cuatro d\u00e9cadas del arte de calle en el Ecuador. Un potente proceso creativo que pone en evidencia diversos lenguajes del arte urbano, como la ilustraci\u00f3n de gran formato, graffiti, mural contempor\u00e1neo, paste up, graffiti vandal, stencil, sticker y por graffiti, junto a una recopilaci\u00f3n de archivos de la escena local.<\/p>\n\n\n<div class=\"wp-block-image\">\n<figure class=\"aligncenter size-large\"><img fetchpriority=\"high\" decoding=\"async\" width=\"644\" height=\"429\" src=\"https:\/\/www.uartes.edu.ec\/sitio\/wp-content\/uploads\/2024\/06\/04-SIEMPRE-EFIMEROS-NUNCA-SIN-MEMORIA-644x429.jpg\" alt=\"\" class=\"wp-image-55723\" srcset=\"https:\/\/www.uartes.edu.ec\/sitio\/wp-content\/uploads\/2024\/06\/04-SIEMPRE-EFIMEROS-NUNCA-SIN-MEMORIA-644x429.jpg 644w, https:\/\/www.uartes.edu.ec\/sitio\/wp-content\/uploads\/2024\/06\/04-SIEMPRE-EFIMEROS-NUNCA-SIN-MEMORIA-768x511.jpg 768w, https:\/\/www.uartes.edu.ec\/sitio\/wp-content\/uploads\/2024\/06\/04-SIEMPRE-EFIMEROS-NUNCA-SIN-MEMORIA.jpg 2000w, https:\/\/www.uartes.edu.ec\/sitio\/wp-content\/uploads\/2024\/06\/04-SIEMPRE-EFIMEROS-NUNCA-SIN-MEMORIA-18x12.jpg 18w, https:\/\/www.uartes.edu.ec\/sitio\/wp-content\/uploads\/2024\/06\/04-SIEMPRE-EFIMEROS-NUNCA-SIN-MEMORIA-600x399.jpg 600w, https:\/\/www.uartes.edu.ec\/sitio\/wp-content\/uploads\/2024\/06\/04-SIEMPRE-EFIMEROS-NUNCA-SIN-MEMORIA-272x182.jpg 272w\" sizes=\"(max-width: 644px) 100vw, 644px\" \/><\/figure>\n<\/div>\n\n\n<p>En el CAC se exhibe la producci\u00f3n de m\u00e1s de 120 artistas, referentes del movimiento de arte de calle en el pa\u00eds y en la regi\u00f3n, provenientes de Quito, Guayaquil, Cuenca, Loja, Machala, Portoviejo, Ibarra, Latacunga, Machachi, Balzar, Ba\u00f1os, Atuntaqui, Otavalo, Riobamba, Gualaceo, Puyo, Macas, Huaquillas, Chunchi y Dur\u00e1n, coment\u00f3 L\u00f3pez.<\/p>\n\n\n\n<p>La Fundaci\u00f3n Museos de la Ciudad cita que el proyecto con el que vio luz \u201cSiempre ef\u00edmeros, nunca sin memoria\u201d naci\u00f3 como un esfuerzo colectivo de visibilidad e inclusi\u00f3n de las narrativas urbanas en el espacio museo. \u201cLa propuesta curatorial de Mafo L\u00f3pez invita a los visitantes a reflexionar sobre la efimeridad y la memoria en el contexto del arte urbano. Es un hito ya que se constituye como la primera muestra de arte urbano en el pa\u00eds, que se plantea para las salas principales de un espacio institucional especializado en arte contempor\u00e1neo.<\/p>\n\n\n\n<p>Montadas en las paredes, lienzos, camisetas, fotograf\u00edas y m\u00e1s, las propuestas expositivas de los artistas constituyen la primera retrospectiva de arte urbano en el pa\u00eds en realizarse un espacio institucional especializado en arte contempor\u00e1neo. Recoge archivos que inician en los a\u00f1os 80 y pasan por los distintos estilos y formatos que son parte del g\u00e9nero.<\/p>\n\n\n<div class=\"wp-block-image\">\n<figure class=\"aligncenter size-large\"><img decoding=\"async\" width=\"644\" height=\"429\" src=\"https:\/\/www.uartes.edu.ec\/sitio\/wp-content\/uploads\/2024\/06\/01-SIEMPRE-EFIMEROS-NUNCA-SIN-MEMORIA-644x429.jpg\" alt=\"\" class=\"wp-image-55724\" srcset=\"https:\/\/www.uartes.edu.ec\/sitio\/wp-content\/uploads\/2024\/06\/01-SIEMPRE-EFIMEROS-NUNCA-SIN-MEMORIA-644x429.jpg 644w, https:\/\/www.uartes.edu.ec\/sitio\/wp-content\/uploads\/2024\/06\/01-SIEMPRE-EFIMEROS-NUNCA-SIN-MEMORIA-768x511.jpg 768w, https:\/\/www.uartes.edu.ec\/sitio\/wp-content\/uploads\/2024\/06\/01-SIEMPRE-EFIMEROS-NUNCA-SIN-MEMORIA.jpg 2000w, https:\/\/www.uartes.edu.ec\/sitio\/wp-content\/uploads\/2024\/06\/01-SIEMPRE-EFIMEROS-NUNCA-SIN-MEMORIA-18x12.jpg 18w, https:\/\/www.uartes.edu.ec\/sitio\/wp-content\/uploads\/2024\/06\/01-SIEMPRE-EFIMEROS-NUNCA-SIN-MEMORIA-600x399.jpg 600w, https:\/\/www.uartes.edu.ec\/sitio\/wp-content\/uploads\/2024\/06\/01-SIEMPRE-EFIMEROS-NUNCA-SIN-MEMORIA-272x182.jpg 272w\" sizes=\"(max-width: 644px) 100vw, 644px\" \/><\/figure>\n<\/div>\n\n\n<p>\u201cHay una iniquidad absoluta con el arte urbano en este pa\u00eds. Hay una especie de prejuicio que no se ha podido romper desde lo p\u00fablico y un desprecio palpable desde los c\u00edrculos art\u00edsticos de \u00e9lite. El arte de calle siempre est\u00e1 al margen y rara vez cuenta con l\u00edneas de fomento. Sin embargo, esta retrospectiva es una manera de decir que estamos aqu\u00ed, que esto s\u00ed es arte y que seguiremos trabajando\u201d, sostiene L\u00f3pez, quien ha desarrollado e impulsado muestras como \u201cCartograf\u00edas paganas\u201d, \u201cCalle adentro\u201d y \u201cArte, mujeres y espacio p\u00fablico\u201d, todas dedicadas al&nbsp;arte de calle.<\/p>\n\n\n\n<p>La exposici\u00f3n, que estar\u00e1 abierta hasta octubre pr\u00f3ximo, tambi\u00e9n permite&nbsp;despejar mitos, como que el g\u00e9nero art\u00edstico es solo de tipo juvenil.&nbsp;\u201cEcuador tiene artistas que siguen rayando y ya pasan de los 40 a\u00f1os. No es una tribu urbana o una cultura urbana. Es una forma de enunciaci\u00f3n, una forma de vida que trasciende el tema etario\u201d.<\/p>\n\n\n<div class=\"wp-block-image\">\n<figure class=\"aligncenter size-large\"><img decoding=\"async\" width=\"644\" height=\"429\" src=\"https:\/\/www.uartes.edu.ec\/sitio\/wp-content\/uploads\/2024\/06\/02-SIEMPRE-EFIMEROS-NUNCA-SIN-MEMORIA-644x429.jpg\" alt=\"\" class=\"wp-image-55725\" srcset=\"https:\/\/www.uartes.edu.ec\/sitio\/wp-content\/uploads\/2024\/06\/02-SIEMPRE-EFIMEROS-NUNCA-SIN-MEMORIA-644x429.jpg 644w, https:\/\/www.uartes.edu.ec\/sitio\/wp-content\/uploads\/2024\/06\/02-SIEMPRE-EFIMEROS-NUNCA-SIN-MEMORIA-768x511.jpg 768w, https:\/\/www.uartes.edu.ec\/sitio\/wp-content\/uploads\/2024\/06\/02-SIEMPRE-EFIMEROS-NUNCA-SIN-MEMORIA.jpg 2000w, https:\/\/www.uartes.edu.ec\/sitio\/wp-content\/uploads\/2024\/06\/02-SIEMPRE-EFIMEROS-NUNCA-SIN-MEMORIA-18x12.jpg 18w, https:\/\/www.uartes.edu.ec\/sitio\/wp-content\/uploads\/2024\/06\/02-SIEMPRE-EFIMEROS-NUNCA-SIN-MEMORIA-600x399.jpg 600w, https:\/\/www.uartes.edu.ec\/sitio\/wp-content\/uploads\/2024\/06\/02-SIEMPRE-EFIMEROS-NUNCA-SIN-MEMORIA-272x182.jpg 272w\" sizes=\"(max-width: 644px) 100vw, 644px\" \/><\/figure>\n<\/div>\n\n\n<p>Adem\u00e1s de las gigantescas&nbsp;piezas de arte, la exposici\u00f3n cuenta con varios espacios para archivo, en los que artistas urbanos de todo el pa\u00eds han colaborado con recortes de diario, fotograf\u00edas y videos de sus intervenciones en el espacio p\u00fablico. \u201cSiempre ef\u00edmeros, nunca sin memoria\u201d rinde tambi\u00e9n homenaje a los artistas que han fallecido, como el rapero y grafitero quite\u00f1o&nbsp;Fausto Gortaire&nbsp;(Marmota) o la ibarre\u00f1a&nbsp;Gabriela Ayala&nbsp;(Elizabetha Gabriel), cuyo arte qued\u00f3 plasmado en muros de B\u00e9lgica, Colombia, M\u00e9xico, Argentina, Bolivia y Chile.<\/p>\n\n\n\n<p>Para la realizaci\u00f3n de la muestra, <em>Mafo<\/em> L\u00f3pez cont\u00f3 con la colaboraci\u00f3n de Avelina Kingman, quien se hizo cargo de la producci\u00f3n; Javier Guevara, en la asistencia de montaje e investigaci\u00f3n; Mart\u00edn L\u00f3pez, en la primera etapa de la curadur\u00eda. Amy Jaramillo, estudiante de la UArtes, toma parte tambi\u00e9n en la muestra, es una representante de la nueva generaci\u00f3n de artistas urbanos y creadores de caligraffiti, refiri\u00f3.<\/p>\n\n\n\n<p>Coment\u00f3, adem\u00e1s, sobre la edici\u00f3n del cat\u00e1logo \u201cCalle adentro: afectos y gr\u00e1fica urbana contempor\u00e1nea\u201d, de Casa Bellavista, un registro visual de la exposici\u00f3n hom\u00f3nima efectuada entre septiembre y noviembre de 2023 y del que igualmente hizo la curadur\u00eda. Se lo presentar\u00e1 en la Feria Internacional del Libro de Quito, que se realizar\u00e1 del 8 al 16 de junio y la docente UArtes intervendr\u00e1n en un conversatorio en el que se reflexionar\u00e1 sobre las pr\u00e1cticas del arte urbano y su influencia en la cultura contempor\u00e1nea.<\/p>\n\n\n\n<p>Fotos: Mafo L\u00f3pez, docente de la Universidad de las Artes<br>En las im\u00e1genes constan algunos de los momentos del montaje de la muestra en el Centro de Arte Contempor\u00e1neo (CAC).<\/p>\n\n\n\n<p><\/p>","protected":false},"excerpt":{"rendered":"<p>Con la gesti\u00f3n, curadur\u00eda y museograf\u00eda de Mar\u00eda Fernanda L\u00f3pez, docente UArtes, se inaugur\u00f3 el 31 de mayo la muestra de arte urbano \u201cSiempre ef\u00edmeros, nunca sin memoria\u201d. Fue causa de celebraci\u00f3n por el contenido de la propuesta, resultado de la creatividad de quienes buscaron transmitir en cada ilustraci\u00f3n, caligraffiti, graffiti y mural sus sentires, sino por estar en el Centro de Arte Contempor\u00e1neo (CAC) de Quito.<\/p>","protected":false},"author":10,"featured_media":55722,"comment_status":"open","ping_status":"open","sticky":false,"template":"","format":"standard","meta":{"_acf_changed":false,"_uag_custom_page_level_css":"","_monsterinsights_skip_tracking":false,"_monsterinsights_sitenote_active":false,"_monsterinsights_sitenote_note":"","_monsterinsights_sitenote_category":0,"cybocfi_hide_featured_image":"","footnotes":""},"categories":[82,75,76,77,284],"tags":[517],"infouartes":[],"class_list":["post-55719","post","type-post","status-publish","format-standard","has-post-thumbnail","hentry","category-artes","category-docentes","category-estudiantes","category-gestion","category-investigacion","tag-exposicion"],"acf":[],"yoast_head":"<!-- This site is optimized with the Yoast SEO plugin v27.4 - https:\/\/yoast.com\/product\/yoast-seo-wordpress\/ -->\n<title>Universidad de las Artes - \u201cSiempre ef\u00edmeros, nunca sin memoria\u201d en el CAC de Quito; docente Mafo L\u00f3pez gestion\u00f3 e hizo la curadur\u00eda de la muestra<\/title>\n<meta name=\"description\" content=\"Universidad de las Artes - \u201cSiempre ef\u00edmeros, nunca sin memoria\u201d en el CAC de Quito; docente Mafo L\u00f3pez gestion\u00f3 e hizo la curadur\u00eda de la muestra\" \/>\n<meta name=\"robots\" content=\"index, follow, max-snippet:-1, max-image-preview:large, max-video-preview:-1\" \/>\n<link rel=\"canonical\" href=\"https:\/\/www.uartes.edu.ec\/sitio\/fr\/blog\/2024\/06\/04\/siempre-efimeros-nunca-sin-memoria-en-el-cac-de-quito-docente-mafo-lopez-gestiono-e-hizo-la-curaduria-de-la-muestra\/\" \/>\n<meta property=\"og:locale\" content=\"fr_FR\" \/>\n<meta property=\"og:type\" content=\"article\" \/>\n<meta property=\"og:title\" content=\"Universidad de las Artes - \u201cSiempre ef\u00edmeros, nunca sin memoria\u201d en el CAC de Quito; docente Mafo L\u00f3pez gestion\u00f3 e hizo la curadur\u00eda de la muestra\" \/>\n<meta property=\"og:description\" content=\"Universidad de las Artes - \u201cSiempre ef\u00edmeros, nunca sin memoria\u201d en el CAC de Quito; docente Mafo L\u00f3pez gestion\u00f3 e hizo la curadur\u00eda de la muestra\" \/>\n<meta property=\"og:url\" content=\"https:\/\/www.uartes.edu.ec\/sitio\/fr\/blog\/2024\/06\/04\/siempre-efimeros-nunca-sin-memoria-en-el-cac-de-quito-docente-mafo-lopez-gestiono-e-hizo-la-curaduria-de-la-muestra\/\" \/>\n<meta property=\"og:site_name\" content=\"Universidad de las Artes\" \/>\n<meta property=\"article:publisher\" content=\"https:\/\/www.facebook.com\/uartesec\" \/>\n<meta property=\"article:published_time\" content=\"2024-06-04T17:10:00+00:00\" \/>\n<meta property=\"article:modified_time\" content=\"2024-07-04T16:18:52+00:00\" \/>\n<meta property=\"og:image\" content=\"https:\/\/www.uartes.edu.ec\/sitio\/wp-content\/uploads\/2024\/06\/03-SIEMPRE-EFIMEROS-NUNCA-SIN-MEMORIA.jpg\" \/>\n\t<meta property=\"og:image:width\" content=\"2000\" \/>\n\t<meta property=\"og:image:height\" content=\"1333\" \/>\n\t<meta property=\"og:image:type\" content=\"image\/jpeg\" \/>\n<meta name=\"author\" content=\"ccortez\" \/>\n<meta name=\"twitter:card\" content=\"summary_large_image\" \/>\n<meta name=\"twitter:creator\" content=\"@uartesec\" \/>\n<meta name=\"twitter:site\" content=\"@uartesec\" \/>\n<meta name=\"twitter:label1\" content=\"\u00c9crit par\" \/>\n\t<meta name=\"twitter:data1\" content=\"ccortez\" \/>\n\t<meta name=\"twitter:label2\" content=\"Dur\u00e9e de lecture estim\u00e9e\" \/>\n\t<meta name=\"twitter:data2\" content=\"5 minutes\" \/>\n<script type=\"application\/ld+json\" class=\"yoast-schema-graph\">{\"@context\":\"https:\\\/\\\/schema.org\",\"@graph\":[{\"@type\":\"Article\",\"@id\":\"https:\\\/\\\/www.uartes.edu.ec\\\/sitio\\\/fr\\\/blog\\\/2024\\\/06\\\/04\\\/siempre-efimeros-nunca-sin-memoria-en-el-cac-de-quito-docente-mafo-lopez-gestiono-e-hizo-la-curaduria-de-la-muestra\\\/#article\",\"isPartOf\":{\"@id\":\"https:\\\/\\\/www.uartes.edu.ec\\\/sitio\\\/fr\\\/blog\\\/2024\\\/06\\\/04\\\/siempre-efimeros-nunca-sin-memoria-en-el-cac-de-quito-docente-mafo-lopez-gestiono-e-hizo-la-curaduria-de-la-muestra\\\/\"},\"author\":{\"name\":\"ccortez\",\"@id\":\"https:\\\/\\\/www.uartes.edu.ec\\\/sitio\\\/fr\\\/#\\\/schema\\\/person\\\/efa1b8275797664fd7f13a79ccc0b1f4\"},\"headline\":\"\u201cSiempre ef\u00edmeros, nunca sin memoria\u201d en el CAC de Quito; docente Mafo L\u00f3pez gestion\u00f3 e hizo la curadur\u00eda de la muestra\",\"datePublished\":\"2024-06-04T17:10:00+00:00\",\"dateModified\":\"2024-07-04T16:18:52+00:00\",\"mainEntityOfPage\":{\"@id\":\"https:\\\/\\\/www.uartes.edu.ec\\\/sitio\\\/fr\\\/blog\\\/2024\\\/06\\\/04\\\/siempre-efimeros-nunca-sin-memoria-en-el-cac-de-quito-docente-mafo-lopez-gestiono-e-hizo-la-curaduria-de-la-muestra\\\/\"},\"wordCount\":925,\"commentCount\":0,\"publisher\":{\"@id\":\"https:\\\/\\\/www.uartes.edu.ec\\\/sitio\\\/fr\\\/#organization\"},\"image\":{\"@id\":\"https:\\\/\\\/www.uartes.edu.ec\\\/sitio\\\/fr\\\/blog\\\/2024\\\/06\\\/04\\\/siempre-efimeros-nunca-sin-memoria-en-el-cac-de-quito-docente-mafo-lopez-gestiono-e-hizo-la-curaduria-de-la-muestra\\\/#primaryimage\"},\"thumbnailUrl\":\"https:\\\/\\\/www.uartes.edu.ec\\\/sitio\\\/wp-content\\\/uploads\\\/2024\\\/06\\\/03-SIEMPRE-EFIMEROS-NUNCA-SIN-MEMORIA.jpg\",\"keywords\":[\"exposici\u00f3n\"],\"articleSection\":[\"Artes\",\"Docentes\",\"Estudiantes\",\"Gesti\u00f3n\",\"Investigaci\u00f3n\"],\"inLanguage\":\"fr-FR\",\"potentialAction\":[{\"@type\":\"CommentAction\",\"name\":\"Comment\",\"target\":[\"https:\\\/\\\/www.uartes.edu.ec\\\/sitio\\\/fr\\\/blog\\\/2024\\\/06\\\/04\\\/siempre-efimeros-nunca-sin-memoria-en-el-cac-de-quito-docente-mafo-lopez-gestiono-e-hizo-la-curaduria-de-la-muestra\\\/#respond\"]}]},{\"@type\":[\"WebPage\",\"ItemPage\"],\"@id\":\"https:\\\/\\\/www.uartes.edu.ec\\\/sitio\\\/fr\\\/blog\\\/2024\\\/06\\\/04\\\/siempre-efimeros-nunca-sin-memoria-en-el-cac-de-quito-docente-mafo-lopez-gestiono-e-hizo-la-curaduria-de-la-muestra\\\/\",\"url\":\"https:\\\/\\\/www.uartes.edu.ec\\\/sitio\\\/fr\\\/blog\\\/2024\\\/06\\\/04\\\/siempre-efimeros-nunca-sin-memoria-en-el-cac-de-quito-docente-mafo-lopez-gestiono-e-hizo-la-curaduria-de-la-muestra\\\/\",\"name\":\"Universidad de las Artes - \u201cSiempre ef\u00edmeros, nunca sin memoria\u201d en el CAC de Quito; docente Mafo L\u00f3pez gestion\u00f3 e hizo la curadur\u00eda de la muestra\",\"isPartOf\":{\"@id\":\"https:\\\/\\\/www.uartes.edu.ec\\\/sitio\\\/fr\\\/#website\"},\"primaryImageOfPage\":{\"@id\":\"https:\\\/\\\/www.uartes.edu.ec\\\/sitio\\\/fr\\\/blog\\\/2024\\\/06\\\/04\\\/siempre-efimeros-nunca-sin-memoria-en-el-cac-de-quito-docente-mafo-lopez-gestiono-e-hizo-la-curaduria-de-la-muestra\\\/#primaryimage\"},\"image\":{\"@id\":\"https:\\\/\\\/www.uartes.edu.ec\\\/sitio\\\/fr\\\/blog\\\/2024\\\/06\\\/04\\\/siempre-efimeros-nunca-sin-memoria-en-el-cac-de-quito-docente-mafo-lopez-gestiono-e-hizo-la-curaduria-de-la-muestra\\\/#primaryimage\"},\"thumbnailUrl\":\"https:\\\/\\\/www.uartes.edu.ec\\\/sitio\\\/wp-content\\\/uploads\\\/2024\\\/06\\\/03-SIEMPRE-EFIMEROS-NUNCA-SIN-MEMORIA.jpg\",\"datePublished\":\"2024-06-04T17:10:00+00:00\",\"dateModified\":\"2024-07-04T16:18:52+00:00\",\"description\":\"Universidad de las Artes - \u201cSiempre ef\u00edmeros, nunca sin memoria\u201d en el CAC de Quito; docente Mafo L\u00f3pez gestion\u00f3 e hizo la curadur\u00eda de la muestra\",\"breadcrumb\":{\"@id\":\"https:\\\/\\\/www.uartes.edu.ec\\\/sitio\\\/fr\\\/blog\\\/2024\\\/06\\\/04\\\/siempre-efimeros-nunca-sin-memoria-en-el-cac-de-quito-docente-mafo-lopez-gestiono-e-hizo-la-curaduria-de-la-muestra\\\/#breadcrumb\"},\"inLanguage\":\"fr-FR\",\"potentialAction\":[{\"@type\":\"ReadAction\",\"target\":[\"https:\\\/\\\/www.uartes.edu.ec\\\/sitio\\\/fr\\\/blog\\\/2024\\\/06\\\/04\\\/siempre-efimeros-nunca-sin-memoria-en-el-cac-de-quito-docente-mafo-lopez-gestiono-e-hizo-la-curaduria-de-la-muestra\\\/\"]}]},{\"@type\":\"ImageObject\",\"inLanguage\":\"fr-FR\",\"@id\":\"https:\\\/\\\/www.uartes.edu.ec\\\/sitio\\\/fr\\\/blog\\\/2024\\\/06\\\/04\\\/siempre-efimeros-nunca-sin-memoria-en-el-cac-de-quito-docente-mafo-lopez-gestiono-e-hizo-la-curaduria-de-la-muestra\\\/#primaryimage\",\"url\":\"https:\\\/\\\/www.uartes.edu.ec\\\/sitio\\\/wp-content\\\/uploads\\\/2024\\\/06\\\/03-SIEMPRE-EFIMEROS-NUNCA-SIN-MEMORIA.jpg\",\"contentUrl\":\"https:\\\/\\\/www.uartes.edu.ec\\\/sitio\\\/wp-content\\\/uploads\\\/2024\\\/06\\\/03-SIEMPRE-EFIMEROS-NUNCA-SIN-MEMORIA.jpg\",\"width\":2000,\"height\":1333},{\"@type\":\"BreadcrumbList\",\"@id\":\"https:\\\/\\\/www.uartes.edu.ec\\\/sitio\\\/fr\\\/blog\\\/2024\\\/06\\\/04\\\/siempre-efimeros-nunca-sin-memoria-en-el-cac-de-quito-docente-mafo-lopez-gestiono-e-hizo-la-curaduria-de-la-muestra\\\/#breadcrumb\",\"itemListElement\":[{\"@type\":\"ListItem\",\"position\":1,\"name\":\"Inicio\",\"item\":\"https:\\\/\\\/www.uartes.edu.ec\\\/sitio\\\/\"},{\"@type\":\"ListItem\",\"position\":2,\"name\":\"\u201cSiempre ef\u00edmeros, nunca sin memoria\u201d en el CAC de Quito; docente Mafo L\u00f3pez gestion\u00f3 e hizo la curadur\u00eda de la muestra\"}]},{\"@type\":\"WebSite\",\"@id\":\"https:\\\/\\\/www.uartes.edu.ec\\\/sitio\\\/fr\\\/#website\",\"url\":\"https:\\\/\\\/www.uartes.edu.ec\\\/sitio\\\/fr\\\/\",\"name\":\"Universidad de las Artes\",\"description\":\"Sitio oficial de la Universidad Nacional de las Artes del Ecuador\",\"publisher\":{\"@id\":\"https:\\\/\\\/www.uartes.edu.ec\\\/sitio\\\/fr\\\/#organization\"},\"potentialAction\":[{\"@type\":\"SearchAction\",\"target\":{\"@type\":\"EntryPoint\",\"urlTemplate\":\"https:\\\/\\\/www.uartes.edu.ec\\\/sitio\\\/fr\\\/?s={search_term_string}\"},\"query-input\":{\"@type\":\"PropertyValueSpecification\",\"valueRequired\":true,\"valueName\":\"search_term_string\"}}],\"inLanguage\":\"fr-FR\"},{\"@type\":\"Organization\",\"@id\":\"https:\\\/\\\/www.uartes.edu.ec\\\/sitio\\\/fr\\\/#organization\",\"name\":\"Universidad de las Artes\",\"url\":\"https:\\\/\\\/www.uartes.edu.ec\\\/sitio\\\/fr\\\/\",\"logo\":{\"@type\":\"ImageObject\",\"inLanguage\":\"fr-FR\",\"@id\":\"https:\\\/\\\/www.uartes.edu.ec\\\/sitio\\\/fr\\\/#\\\/schema\\\/logo\\\/image\\\/\",\"url\":\"https:\\\/\\\/www.uartes.edu.ec\\\/sitio\\\/wp-content\\\/uploads\\\/2022\\\/07\\\/logo-ua-horizontal.png\",\"contentUrl\":\"https:\\\/\\\/www.uartes.edu.ec\\\/sitio\\\/wp-content\\\/uploads\\\/2022\\\/07\\\/logo-ua-horizontal.png\",\"width\":800,\"height\":276,\"caption\":\"Universidad de las Artes\"},\"image\":{\"@id\":\"https:\\\/\\\/www.uartes.edu.ec\\\/sitio\\\/fr\\\/#\\\/schema\\\/logo\\\/image\\\/\"},\"sameAs\":[\"https:\\\/\\\/www.facebook.com\\\/uartesec\",\"https:\\\/\\\/x.com\\\/uartesec\",\"https:\\\/\\\/www.tiktok.com\\\/@uartesec\"]},{\"@type\":\"Person\",\"@id\":\"https:\\\/\\\/www.uartes.edu.ec\\\/sitio\\\/fr\\\/#\\\/schema\\\/person\\\/efa1b8275797664fd7f13a79ccc0b1f4\",\"name\":\"ccortez\",\"image\":{\"@type\":\"ImageObject\",\"inLanguage\":\"fr-FR\",\"@id\":\"https:\\\/\\\/secure.gravatar.com\\\/avatar\\\/b2a6f664a3ae8e074346ef91775736c5ec479e637ecced6842de9dc98b5da9cd?s=96&d=mm&r=g\",\"url\":\"https:\\\/\\\/secure.gravatar.com\\\/avatar\\\/b2a6f664a3ae8e074346ef91775736c5ec479e637ecced6842de9dc98b5da9cd?s=96&d=mm&r=g\",\"contentUrl\":\"https:\\\/\\\/secure.gravatar.com\\\/avatar\\\/b2a6f664a3ae8e074346ef91775736c5ec479e637ecced6842de9dc98b5da9cd?s=96&d=mm&r=g\",\"caption\":\"ccortez\"},\"url\":\"https:\\\/\\\/www.uartes.edu.ec\\\/sitio\\\/fr\\\/blog\\\/author\\\/ccortez\\\/\"}]}<\/script>\n<!-- \/ Yoast SEO plugin. -->","yoast_head_json":{"title":"Universidad de las Artes - \u201cSiempre ef\u00edmeros, nunca sin memoria\u201d en el CAC de Quito; docente Mafo L\u00f3pez gestion\u00f3 e hizo la curadur\u00eda de la muestra","description":"Universidad de las Artes - \u201cSiempre ef\u00edmeros, nunca sin memoria\u201d en el CAC de Quito; docente Mafo L\u00f3pez gestion\u00f3 e hizo la curadur\u00eda de la muestra","robots":{"index":"index","follow":"follow","max-snippet":"max-snippet:-1","max-image-preview":"max-image-preview:large","max-video-preview":"max-video-preview:-1"},"canonical":"https:\/\/www.uartes.edu.ec\/sitio\/fr\/blog\/2024\/06\/04\/siempre-efimeros-nunca-sin-memoria-en-el-cac-de-quito-docente-mafo-lopez-gestiono-e-hizo-la-curaduria-de-la-muestra\/","og_locale":"fr_FR","og_type":"article","og_title":"Universidad de las Artes - \u201cSiempre ef\u00edmeros, nunca sin memoria\u201d en el CAC de Quito; docente Mafo L\u00f3pez gestion\u00f3 e hizo la curadur\u00eda de la muestra","og_description":"Universidad de las Artes - \u201cSiempre ef\u00edmeros, nunca sin memoria\u201d en el CAC de Quito; docente Mafo L\u00f3pez gestion\u00f3 e hizo la curadur\u00eda de la muestra","og_url":"https:\/\/www.uartes.edu.ec\/sitio\/fr\/blog\/2024\/06\/04\/siempre-efimeros-nunca-sin-memoria-en-el-cac-de-quito-docente-mafo-lopez-gestiono-e-hizo-la-curaduria-de-la-muestra\/","og_site_name":"Universidad de las Artes","article_publisher":"https:\/\/www.facebook.com\/uartesec","article_published_time":"2024-06-04T17:10:00+00:00","article_modified_time":"2024-07-04T16:18:52+00:00","og_image":[{"width":2000,"height":1333,"url":"https:\/\/www.uartes.edu.ec\/sitio\/wp-content\/uploads\/2024\/06\/03-SIEMPRE-EFIMEROS-NUNCA-SIN-MEMORIA.jpg","type":"image\/jpeg"}],"author":"ccortez","twitter_card":"summary_large_image","twitter_creator":"@uartesec","twitter_site":"@uartesec","twitter_misc":{"\u00c9crit par":"ccortez","Dur\u00e9e de lecture estim\u00e9e":"5 minutes"},"schema":{"@context":"https:\/\/schema.org","@graph":[{"@type":"Article","@id":"https:\/\/www.uartes.edu.ec\/sitio\/fr\/blog\/2024\/06\/04\/siempre-efimeros-nunca-sin-memoria-en-el-cac-de-quito-docente-mafo-lopez-gestiono-e-hizo-la-curaduria-de-la-muestra\/#article","isPartOf":{"@id":"https:\/\/www.uartes.edu.ec\/sitio\/fr\/blog\/2024\/06\/04\/siempre-efimeros-nunca-sin-memoria-en-el-cac-de-quito-docente-mafo-lopez-gestiono-e-hizo-la-curaduria-de-la-muestra\/"},"author":{"name":"ccortez","@id":"https:\/\/www.uartes.edu.ec\/sitio\/fr\/#\/schema\/person\/efa1b8275797664fd7f13a79ccc0b1f4"},"headline":"\u201cSiempre ef\u00edmeros, nunca sin memoria\u201d en el CAC de Quito; docente Mafo L\u00f3pez gestion\u00f3 e hizo la curadur\u00eda de la muestra","datePublished":"2024-06-04T17:10:00+00:00","dateModified":"2024-07-04T16:18:52+00:00","mainEntityOfPage":{"@id":"https:\/\/www.uartes.edu.ec\/sitio\/fr\/blog\/2024\/06\/04\/siempre-efimeros-nunca-sin-memoria-en-el-cac-de-quito-docente-mafo-lopez-gestiono-e-hizo-la-curaduria-de-la-muestra\/"},"wordCount":925,"commentCount":0,"publisher":{"@id":"https:\/\/www.uartes.edu.ec\/sitio\/fr\/#organization"},"image":{"@id":"https:\/\/www.uartes.edu.ec\/sitio\/fr\/blog\/2024\/06\/04\/siempre-efimeros-nunca-sin-memoria-en-el-cac-de-quito-docente-mafo-lopez-gestiono-e-hizo-la-curaduria-de-la-muestra\/#primaryimage"},"thumbnailUrl":"https:\/\/www.uartes.edu.ec\/sitio\/wp-content\/uploads\/2024\/06\/03-SIEMPRE-EFIMEROS-NUNCA-SIN-MEMORIA.jpg","keywords":["exposici\u00f3n"],"articleSection":["Artes","Docentes","Estudiantes","Gesti\u00f3n","Investigaci\u00f3n"],"inLanguage":"fr-FR","potentialAction":[{"@type":"CommentAction","name":"Comment","target":["https:\/\/www.uartes.edu.ec\/sitio\/fr\/blog\/2024\/06\/04\/siempre-efimeros-nunca-sin-memoria-en-el-cac-de-quito-docente-mafo-lopez-gestiono-e-hizo-la-curaduria-de-la-muestra\/#respond"]}]},{"@type":["WebPage","ItemPage"],"@id":"https:\/\/www.uartes.edu.ec\/sitio\/fr\/blog\/2024\/06\/04\/siempre-efimeros-nunca-sin-memoria-en-el-cac-de-quito-docente-mafo-lopez-gestiono-e-hizo-la-curaduria-de-la-muestra\/","url":"https:\/\/www.uartes.edu.ec\/sitio\/fr\/blog\/2024\/06\/04\/siempre-efimeros-nunca-sin-memoria-en-el-cac-de-quito-docente-mafo-lopez-gestiono-e-hizo-la-curaduria-de-la-muestra\/","name":"Universidad de las Artes - \u201cSiempre ef\u00edmeros, nunca sin memoria\u201d en el CAC de Quito; docente Mafo L\u00f3pez gestion\u00f3 e hizo la curadur\u00eda de la muestra","isPartOf":{"@id":"https:\/\/www.uartes.edu.ec\/sitio\/fr\/#website"},"primaryImageOfPage":{"@id":"https:\/\/www.uartes.edu.ec\/sitio\/fr\/blog\/2024\/06\/04\/siempre-efimeros-nunca-sin-memoria-en-el-cac-de-quito-docente-mafo-lopez-gestiono-e-hizo-la-curaduria-de-la-muestra\/#primaryimage"},"image":{"@id":"https:\/\/www.uartes.edu.ec\/sitio\/fr\/blog\/2024\/06\/04\/siempre-efimeros-nunca-sin-memoria-en-el-cac-de-quito-docente-mafo-lopez-gestiono-e-hizo-la-curaduria-de-la-muestra\/#primaryimage"},"thumbnailUrl":"https:\/\/www.uartes.edu.ec\/sitio\/wp-content\/uploads\/2024\/06\/03-SIEMPRE-EFIMEROS-NUNCA-SIN-MEMORIA.jpg","datePublished":"2024-06-04T17:10:00+00:00","dateModified":"2024-07-04T16:18:52+00:00","description":"Universidad de las Artes - \u201cSiempre ef\u00edmeros, nunca sin memoria\u201d en el CAC de Quito; docente Mafo L\u00f3pez gestion\u00f3 e hizo la curadur\u00eda de la muestra","breadcrumb":{"@id":"https:\/\/www.uartes.edu.ec\/sitio\/fr\/blog\/2024\/06\/04\/siempre-efimeros-nunca-sin-memoria-en-el-cac-de-quito-docente-mafo-lopez-gestiono-e-hizo-la-curaduria-de-la-muestra\/#breadcrumb"},"inLanguage":"fr-FR","potentialAction":[{"@type":"ReadAction","target":["https:\/\/www.uartes.edu.ec\/sitio\/fr\/blog\/2024\/06\/04\/siempre-efimeros-nunca-sin-memoria-en-el-cac-de-quito-docente-mafo-lopez-gestiono-e-hizo-la-curaduria-de-la-muestra\/"]}]},{"@type":"ImageObject","inLanguage":"fr-FR","@id":"https:\/\/www.uartes.edu.ec\/sitio\/fr\/blog\/2024\/06\/04\/siempre-efimeros-nunca-sin-memoria-en-el-cac-de-quito-docente-mafo-lopez-gestiono-e-hizo-la-curaduria-de-la-muestra\/#primaryimage","url":"https:\/\/www.uartes.edu.ec\/sitio\/wp-content\/uploads\/2024\/06\/03-SIEMPRE-EFIMEROS-NUNCA-SIN-MEMORIA.jpg","contentUrl":"https:\/\/www.uartes.edu.ec\/sitio\/wp-content\/uploads\/2024\/06\/03-SIEMPRE-EFIMEROS-NUNCA-SIN-MEMORIA.jpg","width":2000,"height":1333},{"@type":"BreadcrumbList","@id":"https:\/\/www.uartes.edu.ec\/sitio\/fr\/blog\/2024\/06\/04\/siempre-efimeros-nunca-sin-memoria-en-el-cac-de-quito-docente-mafo-lopez-gestiono-e-hizo-la-curaduria-de-la-muestra\/#breadcrumb","itemListElement":[{"@type":"ListItem","position":1,"name":"Inicio","item":"https:\/\/www.uartes.edu.ec\/sitio\/"},{"@type":"ListItem","position":2,"name":"\u201cSiempre ef\u00edmeros, nunca sin memoria\u201d en el CAC de Quito; docente Mafo L\u00f3pez gestion\u00f3 e hizo la curadur\u00eda de la muestra"}]},{"@type":"WebSite","@id":"https:\/\/www.uartes.edu.ec\/sitio\/fr\/#website","url":"https:\/\/www.uartes.edu.ec\/sitio\/fr\/","name":"Universidad de las Artes","description":"Sitio oficial de la Universidad Nacional de las Artes del Ecuador","publisher":{"@id":"https:\/\/www.uartes.edu.ec\/sitio\/fr\/#organization"},"potentialAction":[{"@type":"SearchAction","target":{"@type":"EntryPoint","urlTemplate":"https:\/\/www.uartes.edu.ec\/sitio\/fr\/?s={search_term_string}"},"query-input":{"@type":"PropertyValueSpecification","valueRequired":true,"valueName":"search_term_string"}}],"inLanguage":"fr-FR"},{"@type":"Organization","@id":"https:\/\/www.uartes.edu.ec\/sitio\/fr\/#organization","name":"Universidad de las Artes","url":"https:\/\/www.uartes.edu.ec\/sitio\/fr\/","logo":{"@type":"ImageObject","inLanguage":"fr-FR","@id":"https:\/\/www.uartes.edu.ec\/sitio\/fr\/#\/schema\/logo\/image\/","url":"https:\/\/www.uartes.edu.ec\/sitio\/wp-content\/uploads\/2022\/07\/logo-ua-horizontal.png","contentUrl":"https:\/\/www.uartes.edu.ec\/sitio\/wp-content\/uploads\/2022\/07\/logo-ua-horizontal.png","width":800,"height":276,"caption":"Universidad de las Artes"},"image":{"@id":"https:\/\/www.uartes.edu.ec\/sitio\/fr\/#\/schema\/logo\/image\/"},"sameAs":["https:\/\/www.facebook.com\/uartesec","https:\/\/x.com\/uartesec","https:\/\/www.tiktok.com\/@uartesec"]},{"@type":"Person","@id":"https:\/\/www.uartes.edu.ec\/sitio\/fr\/#\/schema\/person\/efa1b8275797664fd7f13a79ccc0b1f4","name":"ccortez","image":{"@type":"ImageObject","inLanguage":"fr-FR","@id":"https:\/\/secure.gravatar.com\/avatar\/b2a6f664a3ae8e074346ef91775736c5ec479e637ecced6842de9dc98b5da9cd?s=96&d=mm&r=g","url":"https:\/\/secure.gravatar.com\/avatar\/b2a6f664a3ae8e074346ef91775736c5ec479e637ecced6842de9dc98b5da9cd?s=96&d=mm&r=g","contentUrl":"https:\/\/secure.gravatar.com\/avatar\/b2a6f664a3ae8e074346ef91775736c5ec479e637ecced6842de9dc98b5da9cd?s=96&d=mm&r=g","caption":"ccortez"},"url":"https:\/\/www.uartes.edu.ec\/sitio\/fr\/blog\/author\/ccortez\/"}]}},"uagb_featured_image_src":{"full":["https:\/\/www.uartes.edu.ec\/sitio\/wp-content\/uploads\/2024\/06\/03-SIEMPRE-EFIMEROS-NUNCA-SIN-MEMORIA.jpg",2000,1333,false],"thumbnail":["https:\/\/www.uartes.edu.ec\/sitio\/wp-content\/uploads\/2024\/06\/03-SIEMPRE-EFIMEROS-NUNCA-SIN-MEMORIA-150x150.jpg",150,150,true],"medium":["https:\/\/www.uartes.edu.ec\/sitio\/wp-content\/uploads\/2024\/06\/03-SIEMPRE-EFIMEROS-NUNCA-SIN-MEMORIA-300x200.jpg",300,200,true],"medium_large":["https:\/\/www.uartes.edu.ec\/sitio\/wp-content\/uploads\/2024\/06\/03-SIEMPRE-EFIMEROS-NUNCA-SIN-MEMORIA-768x512.jpg",768,512,true],"large":["https:\/\/www.uartes.edu.ec\/sitio\/wp-content\/uploads\/2024\/06\/03-SIEMPRE-EFIMEROS-NUNCA-SIN-MEMORIA-644x429.jpg",644,429,true],"1536x1536":["https:\/\/www.uartes.edu.ec\/sitio\/wp-content\/uploads\/2024\/06\/03-SIEMPRE-EFIMEROS-NUNCA-SIN-MEMORIA-1536x1024.jpg",1536,1024,true],"2048x2048":["https:\/\/www.uartes.edu.ec\/sitio\/wp-content\/uploads\/2024\/06\/03-SIEMPRE-EFIMEROS-NUNCA-SIN-MEMORIA.jpg",2000,1333,false],"trp-custom-language-flag":["https:\/\/www.uartes.edu.ec\/sitio\/wp-content\/uploads\/2024\/06\/03-SIEMPRE-EFIMEROS-NUNCA-SIN-MEMORIA-18x12.jpg",18,12,true],"htmega_size_585x295":["https:\/\/www.uartes.edu.ec\/sitio\/wp-content\/uploads\/2024\/06\/03-SIEMPRE-EFIMEROS-NUNCA-SIN-MEMORIA-585x295.jpg",585,295,true],"htmega_size_1170x536":["https:\/\/www.uartes.edu.ec\/sitio\/wp-content\/uploads\/2024\/06\/03-SIEMPRE-EFIMEROS-NUNCA-SIN-MEMORIA-1170x536.jpg",1170,536,true],"htmega_size_396x360":["https:\/\/www.uartes.edu.ec\/sitio\/wp-content\/uploads\/2024\/06\/03-SIEMPRE-EFIMEROS-NUNCA-SIN-MEMORIA-396x360.jpg",396,360,true],"gb-block-post-grid-landscape":["https:\/\/www.uartes.edu.ec\/sitio\/wp-content\/uploads\/2024\/06\/03-SIEMPRE-EFIMEROS-NUNCA-SIN-MEMORIA-600x400.jpg",600,400,true],"gb-block-post-grid-square":["https:\/\/www.uartes.edu.ec\/sitio\/wp-content\/uploads\/2024\/06\/03-SIEMPRE-EFIMEROS-NUNCA-SIN-MEMORIA-600x600.jpg",600,600,true],"university-hub-thumb":["https:\/\/www.uartes.edu.ec\/sitio\/wp-content\/uploads\/2024\/06\/03-SIEMPRE-EFIMEROS-NUNCA-SIN-MEMORIA-400x267.jpg",400,267,true]},"uagb_author_info":{"display_name":"ccortez","author_link":"https:\/\/www.uartes.edu.ec\/sitio\/fr\/blog\/author\/ccortez\/"},"uagb_comment_info":0,"uagb_excerpt":"Con la gesti\u00f3n, curadur\u00eda y museograf\u00eda de Mar\u00eda Fernanda L\u00f3pez, docente UArtes, se inaugur\u00f3 el 31 de mayo la muestra de arte urbano \u201cSiempre ef\u00edmeros, nunca sin memoria\u201d. Fue causa de celebraci\u00f3n por el contenido de la propuesta, resultado de la creatividad de quienes buscaron transmitir en cada ilustraci\u00f3n, caligraffiti, graffiti y mural sus sentires,\u2026","featured_image_src":"https:\/\/www.uartes.edu.ec\/sitio\/wp-content\/uploads\/2024\/06\/03-SIEMPRE-EFIMEROS-NUNCA-SIN-MEMORIA-600x400.jpg","featured_image_src_square":"https:\/\/www.uartes.edu.ec\/sitio\/wp-content\/uploads\/2024\/06\/03-SIEMPRE-EFIMEROS-NUNCA-SIN-MEMORIA-600x600.jpg","author_info":{"display_name":"ccortez","author_link":"https:\/\/www.uartes.edu.ec\/sitio\/fr\/blog\/author\/ccortez\/"},"publishpress_future_workflow_manual_trigger":{"enabledWorkflows":[]},"distributor_meta":false,"distributor_terms":false,"distributor_media":false,"distributor_original_site_name":"Universidad de las Artes","distributor_original_site_url":"https:\/\/www.uartes.edu.ec\/sitio\/fr","push-errors":false,"_links":{"self":[{"href":"https:\/\/www.uartes.edu.ec\/sitio\/fr\/wp-json\/wp\/v2\/posts\/55719","targetHints":{"allow":["GET"]}}],"collection":[{"href":"https:\/\/www.uartes.edu.ec\/sitio\/fr\/wp-json\/wp\/v2\/posts"}],"about":[{"href":"https:\/\/www.uartes.edu.ec\/sitio\/fr\/wp-json\/wp\/v2\/types\/post"}],"author":[{"embeddable":true,"href":"https:\/\/www.uartes.edu.ec\/sitio\/fr\/wp-json\/wp\/v2\/users\/10"}],"replies":[{"embeddable":true,"href":"https:\/\/www.uartes.edu.ec\/sitio\/fr\/wp-json\/wp\/v2\/comments?post=55719"}],"version-history":[{"count":20,"href":"https:\/\/www.uartes.edu.ec\/sitio\/fr\/wp-json\/wp\/v2\/posts\/55719\/revisions"}],"predecessor-version":[{"id":55757,"href":"https:\/\/www.uartes.edu.ec\/sitio\/fr\/wp-json\/wp\/v2\/posts\/55719\/revisions\/55757"}],"wp:featuredmedia":[{"embeddable":true,"href":"https:\/\/www.uartes.edu.ec\/sitio\/fr\/wp-json\/wp\/v2\/media\/55722"}],"wp:attachment":[{"href":"https:\/\/www.uartes.edu.ec\/sitio\/fr\/wp-json\/wp\/v2\/media?parent=55719"}],"wp:term":[{"taxonomy":"category","embeddable":true,"href":"https:\/\/www.uartes.edu.ec\/sitio\/fr\/wp-json\/wp\/v2\/categories?post=55719"},{"taxonomy":"post_tag","embeddable":true,"href":"https:\/\/www.uartes.edu.ec\/sitio\/fr\/wp-json\/wp\/v2\/tags?post=55719"},{"taxonomy":"infouartes","embeddable":true,"href":"https:\/\/www.uartes.edu.ec\/sitio\/fr\/wp-json\/wp\/v2\/infouartes?post=55719"}],"curies":[{"name":"wp","href":"https:\/\/api.w.org\/{rel}","templated":true}]}}