{"id":56350,"date":"2024-06-11T09:46:00","date_gmt":"2024-06-11T14:46:00","guid":{"rendered":"https:\/\/www.uartes.edu.ec\/sitio\/?p=56350"},"modified":"2024-07-04T11:18:50","modified_gmt":"2024-07-04T16:18:50","slug":"titeres-lectura-y-creacion-de-cuentos-y-sonidos-precolombinos-en-el-ultimo-dia-de-encuentro-de-ninos-y-ninas-en-las-artes","status":"publish","type":"post","link":"https:\/\/www.uartes.edu.ec\/sitio\/fr\/blog\/2024\/06\/11\/titeres-lectura-y-creacion-de-cuentos-y-sonidos-precolombinos-en-el-ultimo-dia-de-encuentro-de-ninos-y-ninas-en-las-artes\/","title":{"rendered":"T\u00edteres, lectura y creaci\u00f3n de cuentos y sonidos precolombinos en el \u00faltimo d\u00eda de encuentro de ni\u00f1os y ni\u00f1as en las artes"},"content":{"rendered":"<p>S\u00e1bado 8 de junio. La Sala R\u00eda de la Biblioteca de las Artes recibi\u00f3 a un grupo de ni\u00f1os de Naranjal, quienes acompa\u00f1ados por padres de familia y tutores llenaron presurosos el espacio, listos para disfrutar de una programaci\u00f3n concebida para ellos por el repositorio de la Universidad de las Artes.<\/p>\n\n\n\n<p>Era el \u00faltimo d\u00eda del V Encuentro de Ni\u00f1os y Ni\u00f1as en las Artes y fue un espect\u00e1culo de t\u00edteres el que los recibi\u00f3. Estuvo a cargo de Marian Morillo, quien present\u00f3 una obra basada en la tem\u00e1tica de Unicef: \u201cS\u00e9 tu propio superh\u00e9roe\u201d. Los peque\u00f1os participantes se sumergieron en la historia e intervinieron activamente, conversando con los t\u00edteres y aconsejando a Manuelita, la protagonista, acerca de la importancia de no permitir que el t\u00edo malvado la toque, de no guardar secretos perjudiciales y de comunicarse siempre con un adulto de confianza, como su abuelita. Al finalizar la obra, Morillo regal\u00f3 a cada ni\u00f1o y ni\u00f1a unas cuquitas para vestir y pintar. Estos obsequios no solo fueron un divertido recuerdo del evento, sino tambi\u00e9n un recordatorio del valioso mensaje sobre el respeto a su propio cuerpo.<\/p>\n\n\n\t\t\t\t\t<div\n\t\t\t\t\t\tclass=\"wp-block-uagb-image-gallery uagb-block-606a738f\"\n\t\t\t\t\t\tstyle=\"\"\n\t\t\t\t\t>\n\t\t\t\t\t\t\t\t\t\t\t<div class=\"spectra-image-gallery spectra-image-gallery__layout--grid spectra-image-gallery__layout--grid-col-2 spectra-image-gallery__layout--grid-col-tab-2 spectra-image-gallery__layout--grid-col-mob-2\">\n\t\t\t\t\t\t\t\t\t\t\t<div class='spectra-image-gallery__media-wrapper' data-spectra-gallery-image-id='56356' tabindex=\"0\">\n\t\t\t\t\t\t\t<div class=\"spectra-image-gallery__media spectra-image-gallery__media--grid\">\n\t\t\t\t<picture>\n\t\t\t\t\t<source media=\"(min-width: 1024px)\" srcset=\"https:\/\/www.uartes.edu.ec\/sitio\/wp-content\/uploads\/2024\/06\/morillo222-644x483.jpg\">\n\t\t\t\t\t<source media=\"(min-width: 768px)\" srcset=\"https:\/\/www.uartes.edu.ec\/sitio\/wp-content\/uploads\/2024\/06\/morillo222-644x483.jpg\">\n\t\t\t\t\t<img decoding=\"async\" class=\"spectra-image-gallery__media-thumbnail spectra-image-gallery__media-thumbnail--grid\" src=\"https:\/\/www.uartes.edu.ec\/sitio\/wp-content\/uploads\/2024\/06\/morillo222-300x225.jpg\" alt=\"\" loading=\"lazy\" \/>\n\t\t\t\t<\/picture>\n\t\t\t\t<div class=\"spectra-image-gallery__media-thumbnail-blurrer\"><\/div>\n\t\t\t\t\t\t\t\t\t\t\t<div class=\"spectra-image-gallery__media-thumbnail-caption-wrapper spectra-image-gallery__media-thumbnail-caption-wrapper--overlay\">\n\t\t\t\t\t\t\t\t\t\t\t<div class=\"spectra-image-gallery__media-thumbnail-caption spectra-image-gallery__media-thumbnail-caption--overlay\">\n\t\t\t\t\tAucune l\u00e9gende\t\t\t\t<\/div>\n\t\t\t\t\t\t\t\t\t\t<\/div>\n\t\t\t\t\t\t\t\t\t<\/div>\n\t\t\t\t\t\t<\/div>\n\t\t\t\t\t\t<div class='spectra-image-gallery__media-wrapper' data-spectra-gallery-image-id='56357' tabindex=\"0\">\n\t\t\t\t\t\t\t<div class=\"spectra-image-gallery__media spectra-image-gallery__media--grid\">\n\t\t\t\t<picture>\n\t\t\t\t\t<source media=\"(min-width: 1024px)\" srcset=\"https:\/\/www.uartes.edu.ec\/sitio\/wp-content\/uploads\/2024\/06\/morillo111-644x483.jpg\">\n\t\t\t\t\t<source media=\"(min-width: 768px)\" srcset=\"https:\/\/www.uartes.edu.ec\/sitio\/wp-content\/uploads\/2024\/06\/morillo111-644x483.jpg\">\n\t\t\t\t\t<img decoding=\"async\" class=\"spectra-image-gallery__media-thumbnail spectra-image-gallery__media-thumbnail--grid\" src=\"https:\/\/www.uartes.edu.ec\/sitio\/wp-content\/uploads\/2024\/06\/morillo111-300x225.jpg\" alt=\"\" loading=\"lazy\" \/>\n\t\t\t\t<\/picture>\n\t\t\t\t<div class=\"spectra-image-gallery__media-thumbnail-blurrer\"><\/div>\n\t\t\t\t\t\t\t\t\t\t\t<div class=\"spectra-image-gallery__media-thumbnail-caption-wrapper spectra-image-gallery__media-thumbnail-caption-wrapper--overlay\">\n\t\t\t\t\t\t\t\t\t\t\t<div class=\"spectra-image-gallery__media-thumbnail-caption spectra-image-gallery__media-thumbnail-caption--overlay\">\n\t\t\t\t\tAucune l\u00e9gende\t\t\t\t<\/div>\n\t\t\t\t\t\t\t\t\t\t<\/div>\n\t\t\t\t\t\t\t\t\t<\/div>\n\t\t\t\t\t\t<\/div>\n\t\t\t\t\t\t\t\t\t\t<\/div>\n\t\t\t\t\t\t\t\t\t\t\t\t\t\t\t\t\t\t<\/div>\n\t\t\t\t\t\t\t\t\t\n\n\n<p><\/p>\n\n\n\n<h3 class=\"wp-block-heading\">Lectura y creaci\u00f3n de cuentos<\/h3>\n\n\n\n<p>La diversi\u00f3n continu\u00f3 con Josselyn Naranjo, quien organiz\u00f3 un taller perform\u00e1tico. Cada ni\u00f1o recibi\u00f3 dos personajes de animales para que pudieran crear y narrar sus propios cuentos, estimulando as\u00ed su creatividad e imaginaci\u00f3n. Muchos de estos cuentos relataban una estaci\u00f3n del a\u00f1o y la consigna era ense\u00f1ar un valor al final de la historia.<\/p>\n\n\n\n<p>La invitaci\u00f3n creativa tuvo respuestas, puesto que se crearon cuentos como este: Una ovejita llamada Lana y su amiga la gallina Cloti salieron a pasear en un d\u00eda soleado de primavera. Al ver que se acercaban nubes oscuras corrieron de vuelta al granero. Mientras tanto, una ara\u00f1a llamada Teje resbal\u00f3 de su telara\u00f1a debido al viento. Al llegar al granero, Lana y Cloti ayudaron a Teje a reconstruir su hogar, fortaleciendo su amistad.<\/p>\n\n\n\n<p>Otro cuento de creaci\u00f3n espont\u00e1nea rese\u00f1\u00f3 que, en una ma\u00f1ana fresca de primavera, un erizo llamado Pinchos y una liebre llamada Brisa salieron a explorar el bosque. Pinchos encontr\u00f3 una flor m\u00e1gica que brillaba intensamente. Al acercarse, la flor comenz\u00f3 a hablar, revelando que pod\u00eda conceder un deseo. Brisa, emocionada, pidi\u00f3 que el bosque floreciera eternamente. La flor cumpli\u00f3 el deseo y el bosque se convirti\u00f3 en un para\u00edso de flores y colores.<\/p>\n\n\n\n<p>Y hubo una tercera historia corta: En una noche de oto\u00f1o, el b\u00faho Sabio y el murci\u00e9lago Nocturno exploraron una cueva misteriosa. Dentro descubrieron cristales brillantes y una inscripci\u00f3n antigua sobre un tesoro escondido. Usando sus habilidades, encontraron una c\u00e1mara secreta y se dieron cuenta de que el tesoro era un libro antiguo con conocimientos sobre el bosque. Sabio y Nocturno compartieron este saber con los animales del bosque, ayudando a todos a vivir en armon\u00eda. Desde entonces, fueron conocidos como los guardianes del conocimiento.<\/p>\n\n\n<div class=\"wp-block-image\">\n<figure class=\"aligncenter size-large\"><img fetchpriority=\"high\" decoding=\"async\" width=\"644\" height=\"482\" src=\"https:\/\/www.uartes.edu.ec\/sitio\/wp-content\/uploads\/2024\/06\/josselyn111-644x482.jpg\" alt=\"\" class=\"wp-image-56352\" srcset=\"https:\/\/www.uartes.edu.ec\/sitio\/wp-content\/uploads\/2024\/06\/josselyn111-644x482.jpg 644w, https:\/\/www.uartes.edu.ec\/sitio\/wp-content\/uploads\/2024\/06\/josselyn111-768x575.jpg 768w, https:\/\/www.uartes.edu.ec\/sitio\/wp-content\/uploads\/2024\/06\/josselyn111.jpg 2000w, https:\/\/www.uartes.edu.ec\/sitio\/wp-content\/uploads\/2024\/06\/josselyn111-18x12.jpg 18w, https:\/\/www.uartes.edu.ec\/sitio\/wp-content\/uploads\/2024\/06\/josselyn111-400x300.jpg 400w\" sizes=\"(max-width: 644px) 100vw, 644px\" \/><\/figure>\n<\/div>\n\n\n<h3 class=\"wp-block-heading\">Sonidos y dise\u00f1os precolombinos<\/h3>\n\n\n\n<p>Seguidamente, Luly Herrera, graduada en la Escuela de Posgrados de la UArtes, comparti\u00f3 con los ni\u00f1os y ni\u00f1as una actividad multidisciplinar denominada \u201cConectando con los sonidos y dise\u00f1os precolombinos\u201d. La artista llev\u00f3 consigo una colecci\u00f3n de instrumentos de percusi\u00f3n y viento de dise\u00f1o precolombino, pero a su vez de elaboraci\u00f3n casera, utilizando materiales de madera cuidadosamente dispuestos sobre una mesa\u201d.<\/p>\n\n\n\n<p>\u201cHoy, vamos a viajar en el tiempo a trav\u00e9s del sonido\u201d, dijo ante un p\u00fablico curioso y entusiasmado. Luly Herrera comenz\u00f3 su intervenci\u00f3n tocando suavemente la flauta, emitiendo un sonido mel\u00f3dico y resonante que parec\u00eda llenar el aire con una energ\u00eda antigua. \u201cEscuchen c\u00f3mo el viento canta a trav\u00e9s de este instrumento\u201d, explic\u00f3 y lo pas\u00f3 a uno de los ni\u00f1os, anim\u00e1ndolo a soplar y sentir la conexi\u00f3n con el sonido. Herrera tom\u00f3 luego un tambor adornado con s\u00edmbolos de culturas precolombinas. Golpe\u00f3 suavemente su superficie con las manos, produciendo ritmos profundos y r\u00edtmicos. \u201cEste es el latido de la tierra. Cada golpe cuenta una historia\u201d, dijo e invit\u00f3 a los ni\u00f1os a tocar sus tambores, dejando que cada uno a\u00f1adiera su propio ritmo a la melod\u00eda.<\/p>\n\n\n\n<p>La mezcla de sonidos de los instrumentos de viento y percusi\u00f3n cre\u00f3 una sinfon\u00eda \u00fanica. Ni\u00f1os y ni\u00f1as, encantados, comenzaron a experimentar con los diferentes instrumentos, notas dulces y claras, y sonajas de calabaza que cruj\u00edan suavemente al ser agitadas. Mientras tocaban, Luly Herrera les habl\u00f3 sobre la importancia de estos instrumentos en las ceremonias y los rituales de las culturas precolombinas y de c\u00f3mo los sonidos eran utilizados para conectarse con la naturaleza y los esp\u00edritus.<\/p>\n\n\n\t\t\t\t\t<div\n\t\t\t\t\t\tclass=\"wp-block-uagb-image-gallery uagb-block-bc16463f\"\n\t\t\t\t\t\tstyle=\"\"\n\t\t\t\t\t>\n\t\t\t\t\t\t\t\t\t\t\t<div class=\"spectra-image-gallery spectra-image-gallery__layout--grid spectra-image-gallery__layout--grid-col-2 spectra-image-gallery__layout--grid-col-tab-2 spectra-image-gallery__layout--grid-col-mob-2\">\n\t\t\t\t\t\t\t\t\t\t\t<div class='spectra-image-gallery__media-wrapper' data-spectra-gallery-image-id='56355' tabindex=\"0\">\n\t\t\t\t\t\t\t<div class=\"spectra-image-gallery__media spectra-image-gallery__media--grid\">\n\t\t\t\t<picture>\n\t\t\t\t\t<source media=\"(min-width: 1024px)\" srcset=\"https:\/\/www.uartes.edu.ec\/sitio\/wp-content\/uploads\/2024\/06\/luly222-644x483.jpg\">\n\t\t\t\t\t<source media=\"(min-width: 768px)\" srcset=\"https:\/\/www.uartes.edu.ec\/sitio\/wp-content\/uploads\/2024\/06\/luly222-644x483.jpg\">\n\t\t\t\t\t<img decoding=\"async\" class=\"spectra-image-gallery__media-thumbnail spectra-image-gallery__media-thumbnail--grid\" src=\"https:\/\/www.uartes.edu.ec\/sitio\/wp-content\/uploads\/2024\/06\/luly222-300x225.jpg\" alt=\"\" loading=\"lazy\" \/>\n\t\t\t\t<\/picture>\n\t\t\t\t<div class=\"spectra-image-gallery__media-thumbnail-blurrer\"><\/div>\n\t\t\t\t\t\t\t\t\t\t\t<div class=\"spectra-image-gallery__media-thumbnail-caption-wrapper spectra-image-gallery__media-thumbnail-caption-wrapper--overlay\">\n\t\t\t\t\t\t\t\t\t\t\t<div class=\"spectra-image-gallery__media-thumbnail-caption spectra-image-gallery__media-thumbnail-caption--overlay\">\n\t\t\t\t\tAucune l\u00e9gende\t\t\t\t<\/div>\n\t\t\t\t\t\t\t\t\t\t<\/div>\n\t\t\t\t\t\t\t\t\t<\/div>\n\t\t\t\t\t\t<\/div>\n\t\t\t\t\t\t<div class='spectra-image-gallery__media-wrapper' data-spectra-gallery-image-id='56353' tabindex=\"0\">\n\t\t\t\t\t\t\t<div class=\"spectra-image-gallery__media spectra-image-gallery__media--grid\">\n\t\t\t\t<picture>\n\t\t\t\t\t<source media=\"(min-width: 1024px)\" srcset=\"https:\/\/www.uartes.edu.ec\/sitio\/wp-content\/uploads\/2024\/06\/luly111-644x482.jpg\">\n\t\t\t\t\t<source media=\"(min-width: 768px)\" srcset=\"https:\/\/www.uartes.edu.ec\/sitio\/wp-content\/uploads\/2024\/06\/luly111-644x482.jpg\">\n\t\t\t\t\t<img decoding=\"async\" class=\"spectra-image-gallery__media-thumbnail spectra-image-gallery__media-thumbnail--grid\" src=\"https:\/\/www.uartes.edu.ec\/sitio\/wp-content\/uploads\/2024\/06\/luly111-300x300.jpg\" alt=\"\" loading=\"lazy\" \/>\n\t\t\t\t<\/picture>\n\t\t\t\t<div class=\"spectra-image-gallery__media-thumbnail-blurrer\"><\/div>\n\t\t\t\t\t\t\t\t\t\t\t<div class=\"spectra-image-gallery__media-thumbnail-caption-wrapper spectra-image-gallery__media-thumbnail-caption-wrapper--overlay\">\n\t\t\t\t\t\t\t\t\t\t\t<div class=\"spectra-image-gallery__media-thumbnail-caption spectra-image-gallery__media-thumbnail-caption--overlay\">\n\t\t\t\t\tAucune l\u00e9gende\t\t\t\t<\/div>\n\t\t\t\t\t\t\t\t\t\t<\/div>\n\t\t\t\t\t\t\t\t\t<\/div>\n\t\t\t\t\t\t<\/div>\n\t\t\t\t\t\t\t\t\t\t<\/div>\n\t\t\t\t\t\t\t\t\t\t\t\t\t\t\t\t\t\t<\/div>\n\t\t\t\t\t\t\t\t\t\n\n\n<p><\/p>\n\n\n\n<h3 class=\"wp-block-heading\">Exploradores de cuentos<\/h3>\n\n\n\n<p>Tras la participaci\u00f3n de Luly Herrera, en el segmento titulado \u201cExploradores de cuentos\u201d, Josselyn Naranjo estuvo nuevamente en escena para leer junto con ni\u00f1os y ni\u00f1as \u201cEl incre\u00edble ni\u00f1o comelibros\u201d, de Oliver Jeffers. Lleg\u00f3 anunci\u00e1ndolo con una sonrisa c\u00e1lida y el libro bajo el brazo. \u00ab\u00a1Hola, ni\u00f1os!, hoy les voy a contar una historia muy especial\u201d, anot\u00f3 y una vez que su audiencia se acomod\u00f3 en los cojines que tiene la Sala R\u00eda, la lectora abri\u00f3 la publicaci\u00f3n para mostrar una primera p\u00e1gina cargada de ilustraciones vibrantes.<\/p>\n\n\n\n<p>\u201cEste es Enrique\u201d, comenz\u00f3, se\u00f1alando al protagonista del cuento, un ni\u00f1o peque\u00f1o con una gran sonrisa. \u00abEnrique no es un ni\u00f1o com\u00fan y corriente. \u00c9l tiene un apetito muy peculiar&#8230; \u00a1le encanta comer libros!, decidi\u00f3 comerse primero una palabra, luego una&nbsp;frase, luego&nbsp;una p\u00e1gina&nbsp;y en pocos&nbsp;d\u00edas hab\u00eda&nbsp;devorado todo el libro\u201d.<\/p>\n\n\n\n<p>Los ni\u00f1os rieron sorprendidos y maravillados mientras Josselyn Naranjo describ\u00eda c\u00f3mo Enrique devoraba p\u00e1ginas y cubiertas, desde cuentos infantiles hasta enciclopedias. \u201cCada vez que com\u00eda un libro, se volv\u00eda m\u00e1s listo\u201d, explic\u00f3 e hizo una pausa dram\u00e1tica para que los ni\u00f1os pudieran imaginarlo. \u201cEnrique so\u00f1aba con ser la persona m\u00e1s inteligente del mundo\u201d, sigui\u00f3 narrando con entusiasmo, describiendo las aventuras de Enrique y c\u00f3mo su amor por los libros lo met\u00eda en situaciones divertidas y a veces problem\u00e1ticas. Los ni\u00f1os escuchaban atentamente, fascinados por la idea de un ni\u00f1o que literalmente se alimentaba de conocimiento.<\/p>\n\n\n<div class=\"wp-block-image\">\n<figure class=\"aligncenter size-large\"><img decoding=\"async\" width=\"644\" height=\"483\" src=\"https:\/\/www.uartes.edu.ec\/sitio\/wp-content\/uploads\/2024\/06\/josselyn222-1-644x483.jpg\" alt=\"\" class=\"wp-image-56358\" srcset=\"https:\/\/www.uartes.edu.ec\/sitio\/wp-content\/uploads\/2024\/06\/josselyn222-1-644x483.jpg 644w, https:\/\/www.uartes.edu.ec\/sitio\/wp-content\/uploads\/2024\/06\/josselyn222-1-768x576.jpg 768w, https:\/\/www.uartes.edu.ec\/sitio\/wp-content\/uploads\/2024\/06\/josselyn222-1.jpg 2000w, https:\/\/www.uartes.edu.ec\/sitio\/wp-content\/uploads\/2024\/06\/josselyn222-1-400x300.jpg 400w\" sizes=\"(max-width: 644px) 100vw, 644px\" \/><\/figure>\n<\/div>\n\n\n<p>Llegando al cl\u00edmax de la historia, Josselyn relat\u00f3 c\u00f3mo Enrique comenz\u00f3 a sentirse mal despu\u00e9s de comer demasiados libros, confundiendo toda la informaci\u00f3n en su cabeza. \u201cSe dio cuenta de que no pod\u00eda seguir comiendo libros as\u00ed\u201d, dijo con voz suave, mientras los ni\u00f1os escuchaban con notoria preocupaci\u00f3n. Finalmente, cont\u00f3 c\u00f3mo Enrique encontr\u00f3 una nueva manera de disfrutar los libros: ley\u00e9ndolos. \u201cDescubri\u00f3 que leer era igual de maravilloso y mucho m\u00e1s saludable\u201d, concluy\u00f3 con gran sonrisa. \u201cY as\u00ed, Enrique se convirti\u00f3 en un \u00e1vido lector, disfrutando cada p\u00e1gina con sus ojos y no con su boca\u201d.<\/p>\n\n\n\n<p>Al cerrar el libro, Josselyn mir\u00f3 a sus oyentes con ternura y pregunt\u00f3: \u201c\u00bfQu\u00e9 les pareci\u00f3 la historia?\u201d. Ellos fascinados respondieron con una promesa: ser grandes lectores como Enrique. Las actividades del \u00faltimo d\u00eda del encuentro concluyeron con ni\u00f1os y ni\u00f1as explorando estanter\u00edas, llenos de entusiasmo por descubrir nuevas historias.<\/p>\n\n\n\n<p>Texto: Eleinn Rivera, estudiante de la Escuela de Literatura.<br>Fotos: Biblioteca de las Artes.<\/p>\n\n\n\n<p><\/p>","protected":false},"excerpt":{"rendered":"<p>S\u00e1bado 8 de junio. La Sala R\u00eda de la Biblioteca de las Artes recibi\u00f3 a un grupo de ni\u00f1os de Naranjal que acompa\u00f1ados por padres y tutores llenaron presurosos el espacio, listos para disfrutar de una programaci\u00f3n preparada por el repositorio de la UArtes, en el marco de un encuentro que en este 2024 lleg\u00f3 a su V edici\u00f3n. Hubo t\u00edteres, lectura y creaci\u00f3n de cuentos y sonidos y dise\u00f1os precolombinos.<\/p>","protected":false},"author":10,"featured_media":56351,"comment_status":"open","ping_status":"open","sticky":false,"template":"","format":"standard","meta":{"_acf_changed":false,"_uag_custom_page_level_css":"","_monsterinsights_skip_tracking":false,"_monsterinsights_sitenote_active":false,"_monsterinsights_sitenote_note":"","_monsterinsights_sitenote_category":0,"cybocfi_hide_featured_image":"","footnotes":""},"categories":[80,490,82,77,83],"tags":[780],"infouartes":[],"class_list":["post-56350","post","type-post","status-publish","format-standard","has-post-thumbnail","hentry","category-academico","category-alumni","category-artes","category-gestion","category-sedes","tag-biblioteca-de-las-artes"],"acf":[],"yoast_head":"<!-- This site is optimized with the Yoast SEO plugin v27.4 - https:\/\/yoast.com\/product\/yoast-seo-wordpress\/ -->\n<title>Universidad de las Artes - T\u00edteres, lectura y creaci\u00f3n de cuentos y sonidos precolombinos en el \u00faltimo d\u00eda de encuentro de ni\u00f1os y ni\u00f1as en las artes<\/title>\n<meta name=\"description\" content=\"Universidad de las Artes - T\u00edteres, lectura y creaci\u00f3n de cuentos y sonidos precolombinos en el \u00faltimo d\u00eda de encuentro de ni\u00f1os y ni\u00f1as en las artes\" \/>\n<meta name=\"robots\" content=\"index, follow, max-snippet:-1, max-image-preview:large, max-video-preview:-1\" \/>\n<link rel=\"canonical\" href=\"https:\/\/www.uartes.edu.ec\/sitio\/fr\/blog\/2024\/06\/11\/titeres-lectura-y-creacion-de-cuentos-y-sonidos-precolombinos-en-el-ultimo-dia-de-encuentro-de-ninos-y-ninas-en-las-artes\/\" \/>\n<meta property=\"og:locale\" content=\"fr_FR\" \/>\n<meta property=\"og:type\" content=\"article\" \/>\n<meta property=\"og:title\" content=\"Universidad de las Artes - T\u00edteres, lectura y creaci\u00f3n de cuentos y sonidos precolombinos en el \u00faltimo d\u00eda de encuentro de ni\u00f1os y ni\u00f1as en las artes\" \/>\n<meta property=\"og:description\" content=\"Universidad de las Artes - T\u00edteres, lectura y creaci\u00f3n de cuentos y sonidos precolombinos en el \u00faltimo d\u00eda de encuentro de ni\u00f1os y ni\u00f1as en las artes\" \/>\n<meta property=\"og:url\" content=\"https:\/\/www.uartes.edu.ec\/sitio\/fr\/blog\/2024\/06\/11\/titeres-lectura-y-creacion-de-cuentos-y-sonidos-precolombinos-en-el-ultimo-dia-de-encuentro-de-ninos-y-ninas-en-las-artes\/\" \/>\n<meta property=\"og:site_name\" content=\"Universidad de las Artes\" \/>\n<meta property=\"article:publisher\" content=\"https:\/\/www.facebook.com\/uartesec\" \/>\n<meta property=\"article:published_time\" content=\"2024-06-11T14:46:00+00:00\" \/>\n<meta property=\"article:modified_time\" content=\"2024-07-04T16:18:50+00:00\" \/>\n<meta property=\"og:image\" content=\"https:\/\/www.uartes.edu.ec\/sitio\/wp-content\/uploads\/2024\/06\/luly444.jpg\" \/>\n\t<meta property=\"og:image:width\" content=\"2000\" \/>\n\t<meta property=\"og:image:height\" content=\"1499\" \/>\n\t<meta property=\"og:image:type\" content=\"image\/jpeg\" \/>\n<meta name=\"author\" content=\"ccortez\" \/>\n<meta name=\"twitter:card\" content=\"summary_large_image\" \/>\n<meta name=\"twitter:creator\" content=\"@uartesec\" \/>\n<meta name=\"twitter:site\" content=\"@uartesec\" \/>\n<meta name=\"twitter:label1\" content=\"\u00c9crit par\" \/>\n\t<meta name=\"twitter:data1\" content=\"ccortez\" \/>\n\t<meta name=\"twitter:label2\" content=\"Dur\u00e9e de lecture estim\u00e9e\" \/>\n\t<meta name=\"twitter:data2\" content=\"6 minutes\" \/>\n<script type=\"application\/ld+json\" class=\"yoast-schema-graph\">{\"@context\":\"https:\\\/\\\/schema.org\",\"@graph\":[{\"@type\":\"Article\",\"@id\":\"https:\\\/\\\/www.uartes.edu.ec\\\/sitio\\\/fr\\\/blog\\\/2024\\\/06\\\/11\\\/titeres-lectura-y-creacion-de-cuentos-y-sonidos-precolombinos-en-el-ultimo-dia-de-encuentro-de-ninos-y-ninas-en-las-artes\\\/#article\",\"isPartOf\":{\"@id\":\"https:\\\/\\\/www.uartes.edu.ec\\\/sitio\\\/fr\\\/blog\\\/2024\\\/06\\\/11\\\/titeres-lectura-y-creacion-de-cuentos-y-sonidos-precolombinos-en-el-ultimo-dia-de-encuentro-de-ninos-y-ninas-en-las-artes\\\/\"},\"author\":{\"name\":\"ccortez\",\"@id\":\"https:\\\/\\\/www.uartes.edu.ec\\\/sitio\\\/fr\\\/#\\\/schema\\\/person\\\/efa1b8275797664fd7f13a79ccc0b1f4\"},\"headline\":\"T\u00edteres, lectura y creaci\u00f3n de cuentos y sonidos precolombinos en el \u00faltimo d\u00eda de encuentro de ni\u00f1os y ni\u00f1as en las artes\",\"datePublished\":\"2024-06-11T14:46:00+00:00\",\"dateModified\":\"2024-07-04T16:18:50+00:00\",\"mainEntityOfPage\":{\"@id\":\"https:\\\/\\\/www.uartes.edu.ec\\\/sitio\\\/fr\\\/blog\\\/2024\\\/06\\\/11\\\/titeres-lectura-y-creacion-de-cuentos-y-sonidos-precolombinos-en-el-ultimo-dia-de-encuentro-de-ninos-y-ninas-en-las-artes\\\/\"},\"wordCount\":1298,\"commentCount\":0,\"publisher\":{\"@id\":\"https:\\\/\\\/www.uartes.edu.ec\\\/sitio\\\/fr\\\/#organization\"},\"image\":{\"@id\":\"https:\\\/\\\/www.uartes.edu.ec\\\/sitio\\\/fr\\\/blog\\\/2024\\\/06\\\/11\\\/titeres-lectura-y-creacion-de-cuentos-y-sonidos-precolombinos-en-el-ultimo-dia-de-encuentro-de-ninos-y-ninas-en-las-artes\\\/#primaryimage\"},\"thumbnailUrl\":\"https:\\\/\\\/www.uartes.edu.ec\\\/sitio\\\/wp-content\\\/uploads\\\/2024\\\/06\\\/luly444.jpg\",\"keywords\":[\"biblioteca de las artes\"],\"articleSection\":[\"Acad\u00e9mico\",\"Alumni\",\"Artes\",\"Gesti\u00f3n\",\"Sedes\"],\"inLanguage\":\"fr-FR\",\"potentialAction\":[{\"@type\":\"CommentAction\",\"name\":\"Comment\",\"target\":[\"https:\\\/\\\/www.uartes.edu.ec\\\/sitio\\\/fr\\\/blog\\\/2024\\\/06\\\/11\\\/titeres-lectura-y-creacion-de-cuentos-y-sonidos-precolombinos-en-el-ultimo-dia-de-encuentro-de-ninos-y-ninas-en-las-artes\\\/#respond\"]}]},{\"@type\":[\"WebPage\",\"ItemPage\"],\"@id\":\"https:\\\/\\\/www.uartes.edu.ec\\\/sitio\\\/fr\\\/blog\\\/2024\\\/06\\\/11\\\/titeres-lectura-y-creacion-de-cuentos-y-sonidos-precolombinos-en-el-ultimo-dia-de-encuentro-de-ninos-y-ninas-en-las-artes\\\/\",\"url\":\"https:\\\/\\\/www.uartes.edu.ec\\\/sitio\\\/fr\\\/blog\\\/2024\\\/06\\\/11\\\/titeres-lectura-y-creacion-de-cuentos-y-sonidos-precolombinos-en-el-ultimo-dia-de-encuentro-de-ninos-y-ninas-en-las-artes\\\/\",\"name\":\"Universidad de las Artes - T\u00edteres, lectura y creaci\u00f3n de cuentos y sonidos precolombinos en el \u00faltimo d\u00eda de encuentro de ni\u00f1os y ni\u00f1as en las artes\",\"isPartOf\":{\"@id\":\"https:\\\/\\\/www.uartes.edu.ec\\\/sitio\\\/fr\\\/#website\"},\"primaryImageOfPage\":{\"@id\":\"https:\\\/\\\/www.uartes.edu.ec\\\/sitio\\\/fr\\\/blog\\\/2024\\\/06\\\/11\\\/titeres-lectura-y-creacion-de-cuentos-y-sonidos-precolombinos-en-el-ultimo-dia-de-encuentro-de-ninos-y-ninas-en-las-artes\\\/#primaryimage\"},\"image\":{\"@id\":\"https:\\\/\\\/www.uartes.edu.ec\\\/sitio\\\/fr\\\/blog\\\/2024\\\/06\\\/11\\\/titeres-lectura-y-creacion-de-cuentos-y-sonidos-precolombinos-en-el-ultimo-dia-de-encuentro-de-ninos-y-ninas-en-las-artes\\\/#primaryimage\"},\"thumbnailUrl\":\"https:\\\/\\\/www.uartes.edu.ec\\\/sitio\\\/wp-content\\\/uploads\\\/2024\\\/06\\\/luly444.jpg\",\"datePublished\":\"2024-06-11T14:46:00+00:00\",\"dateModified\":\"2024-07-04T16:18:50+00:00\",\"description\":\"Universidad de las Artes - T\u00edteres, lectura y creaci\u00f3n de cuentos y sonidos precolombinos en el \u00faltimo d\u00eda de encuentro de ni\u00f1os y ni\u00f1as en las artes\",\"breadcrumb\":{\"@id\":\"https:\\\/\\\/www.uartes.edu.ec\\\/sitio\\\/fr\\\/blog\\\/2024\\\/06\\\/11\\\/titeres-lectura-y-creacion-de-cuentos-y-sonidos-precolombinos-en-el-ultimo-dia-de-encuentro-de-ninos-y-ninas-en-las-artes\\\/#breadcrumb\"},\"inLanguage\":\"fr-FR\",\"potentialAction\":[{\"@type\":\"ReadAction\",\"target\":[\"https:\\\/\\\/www.uartes.edu.ec\\\/sitio\\\/fr\\\/blog\\\/2024\\\/06\\\/11\\\/titeres-lectura-y-creacion-de-cuentos-y-sonidos-precolombinos-en-el-ultimo-dia-de-encuentro-de-ninos-y-ninas-en-las-artes\\\/\"]}]},{\"@type\":\"ImageObject\",\"inLanguage\":\"fr-FR\",\"@id\":\"https:\\\/\\\/www.uartes.edu.ec\\\/sitio\\\/fr\\\/blog\\\/2024\\\/06\\\/11\\\/titeres-lectura-y-creacion-de-cuentos-y-sonidos-precolombinos-en-el-ultimo-dia-de-encuentro-de-ninos-y-ninas-en-las-artes\\\/#primaryimage\",\"url\":\"https:\\\/\\\/www.uartes.edu.ec\\\/sitio\\\/wp-content\\\/uploads\\\/2024\\\/06\\\/luly444.jpg\",\"contentUrl\":\"https:\\\/\\\/www.uartes.edu.ec\\\/sitio\\\/wp-content\\\/uploads\\\/2024\\\/06\\\/luly444.jpg\",\"width\":2000,\"height\":1499},{\"@type\":\"BreadcrumbList\",\"@id\":\"https:\\\/\\\/www.uartes.edu.ec\\\/sitio\\\/fr\\\/blog\\\/2024\\\/06\\\/11\\\/titeres-lectura-y-creacion-de-cuentos-y-sonidos-precolombinos-en-el-ultimo-dia-de-encuentro-de-ninos-y-ninas-en-las-artes\\\/#breadcrumb\",\"itemListElement\":[{\"@type\":\"ListItem\",\"position\":1,\"name\":\"Inicio\",\"item\":\"https:\\\/\\\/www.uartes.edu.ec\\\/sitio\\\/\"},{\"@type\":\"ListItem\",\"position\":2,\"name\":\"T\u00edteres, lectura y creaci\u00f3n de cuentos y sonidos precolombinos en el \u00faltimo d\u00eda de encuentro de ni\u00f1os y ni\u00f1as en las artes\"}]},{\"@type\":\"WebSite\",\"@id\":\"https:\\\/\\\/www.uartes.edu.ec\\\/sitio\\\/fr\\\/#website\",\"url\":\"https:\\\/\\\/www.uartes.edu.ec\\\/sitio\\\/fr\\\/\",\"name\":\"Universidad de las Artes\",\"description\":\"Sitio oficial de la Universidad Nacional de las Artes del Ecuador\",\"publisher\":{\"@id\":\"https:\\\/\\\/www.uartes.edu.ec\\\/sitio\\\/fr\\\/#organization\"},\"potentialAction\":[{\"@type\":\"SearchAction\",\"target\":{\"@type\":\"EntryPoint\",\"urlTemplate\":\"https:\\\/\\\/www.uartes.edu.ec\\\/sitio\\\/fr\\\/?s={search_term_string}\"},\"query-input\":{\"@type\":\"PropertyValueSpecification\",\"valueRequired\":true,\"valueName\":\"search_term_string\"}}],\"inLanguage\":\"fr-FR\"},{\"@type\":\"Organization\",\"@id\":\"https:\\\/\\\/www.uartes.edu.ec\\\/sitio\\\/fr\\\/#organization\",\"name\":\"Universidad de las Artes\",\"url\":\"https:\\\/\\\/www.uartes.edu.ec\\\/sitio\\\/fr\\\/\",\"logo\":{\"@type\":\"ImageObject\",\"inLanguage\":\"fr-FR\",\"@id\":\"https:\\\/\\\/www.uartes.edu.ec\\\/sitio\\\/fr\\\/#\\\/schema\\\/logo\\\/image\\\/\",\"url\":\"https:\\\/\\\/www.uartes.edu.ec\\\/sitio\\\/wp-content\\\/uploads\\\/2022\\\/07\\\/logo-ua-horizontal.png\",\"contentUrl\":\"https:\\\/\\\/www.uartes.edu.ec\\\/sitio\\\/wp-content\\\/uploads\\\/2022\\\/07\\\/logo-ua-horizontal.png\",\"width\":800,\"height\":276,\"caption\":\"Universidad de las Artes\"},\"image\":{\"@id\":\"https:\\\/\\\/www.uartes.edu.ec\\\/sitio\\\/fr\\\/#\\\/schema\\\/logo\\\/image\\\/\"},\"sameAs\":[\"https:\\\/\\\/www.facebook.com\\\/uartesec\",\"https:\\\/\\\/x.com\\\/uartesec\",\"https:\\\/\\\/www.tiktok.com\\\/@uartesec\"]},{\"@type\":\"Person\",\"@id\":\"https:\\\/\\\/www.uartes.edu.ec\\\/sitio\\\/fr\\\/#\\\/schema\\\/person\\\/efa1b8275797664fd7f13a79ccc0b1f4\",\"name\":\"ccortez\",\"image\":{\"@type\":\"ImageObject\",\"inLanguage\":\"fr-FR\",\"@id\":\"https:\\\/\\\/secure.gravatar.com\\\/avatar\\\/b2a6f664a3ae8e074346ef91775736c5ec479e637ecced6842de9dc98b5da9cd?s=96&d=mm&r=g\",\"url\":\"https:\\\/\\\/secure.gravatar.com\\\/avatar\\\/b2a6f664a3ae8e074346ef91775736c5ec479e637ecced6842de9dc98b5da9cd?s=96&d=mm&r=g\",\"contentUrl\":\"https:\\\/\\\/secure.gravatar.com\\\/avatar\\\/b2a6f664a3ae8e074346ef91775736c5ec479e637ecced6842de9dc98b5da9cd?s=96&d=mm&r=g\",\"caption\":\"ccortez\"},\"url\":\"https:\\\/\\\/www.uartes.edu.ec\\\/sitio\\\/fr\\\/blog\\\/author\\\/ccortez\\\/\"}]}<\/script>\n<!-- \/ Yoast SEO plugin. -->","yoast_head_json":{"title":"Universidad de las Artes - T\u00edteres, lectura y creaci\u00f3n de cuentos y sonidos precolombinos en el \u00faltimo d\u00eda de encuentro de ni\u00f1os y ni\u00f1as en las artes","description":"Universidad de las Artes - T\u00edteres, lectura y creaci\u00f3n de cuentos y sonidos precolombinos en el \u00faltimo d\u00eda de encuentro de ni\u00f1os y ni\u00f1as en las artes","robots":{"index":"index","follow":"follow","max-snippet":"max-snippet:-1","max-image-preview":"max-image-preview:large","max-video-preview":"max-video-preview:-1"},"canonical":"https:\/\/www.uartes.edu.ec\/sitio\/fr\/blog\/2024\/06\/11\/titeres-lectura-y-creacion-de-cuentos-y-sonidos-precolombinos-en-el-ultimo-dia-de-encuentro-de-ninos-y-ninas-en-las-artes\/","og_locale":"fr_FR","og_type":"article","og_title":"Universidad de las Artes - T\u00edteres, lectura y creaci\u00f3n de cuentos y sonidos precolombinos en el \u00faltimo d\u00eda de encuentro de ni\u00f1os y ni\u00f1as en las artes","og_description":"Universidad de las Artes - T\u00edteres, lectura y creaci\u00f3n de cuentos y sonidos precolombinos en el \u00faltimo d\u00eda de encuentro de ni\u00f1os y ni\u00f1as en las artes","og_url":"https:\/\/www.uartes.edu.ec\/sitio\/fr\/blog\/2024\/06\/11\/titeres-lectura-y-creacion-de-cuentos-y-sonidos-precolombinos-en-el-ultimo-dia-de-encuentro-de-ninos-y-ninas-en-las-artes\/","og_site_name":"Universidad de las Artes","article_publisher":"https:\/\/www.facebook.com\/uartesec","article_published_time":"2024-06-11T14:46:00+00:00","article_modified_time":"2024-07-04T16:18:50+00:00","og_image":[{"width":2000,"height":1499,"url":"https:\/\/www.uartes.edu.ec\/sitio\/wp-content\/uploads\/2024\/06\/luly444.jpg","type":"image\/jpeg"}],"author":"ccortez","twitter_card":"summary_large_image","twitter_creator":"@uartesec","twitter_site":"@uartesec","twitter_misc":{"\u00c9crit par":"ccortez","Dur\u00e9e de lecture estim\u00e9e":"6 minutes"},"schema":{"@context":"https:\/\/schema.org","@graph":[{"@type":"Article","@id":"https:\/\/www.uartes.edu.ec\/sitio\/fr\/blog\/2024\/06\/11\/titeres-lectura-y-creacion-de-cuentos-y-sonidos-precolombinos-en-el-ultimo-dia-de-encuentro-de-ninos-y-ninas-en-las-artes\/#article","isPartOf":{"@id":"https:\/\/www.uartes.edu.ec\/sitio\/fr\/blog\/2024\/06\/11\/titeres-lectura-y-creacion-de-cuentos-y-sonidos-precolombinos-en-el-ultimo-dia-de-encuentro-de-ninos-y-ninas-en-las-artes\/"},"author":{"name":"ccortez","@id":"https:\/\/www.uartes.edu.ec\/sitio\/fr\/#\/schema\/person\/efa1b8275797664fd7f13a79ccc0b1f4"},"headline":"T\u00edteres, lectura y creaci\u00f3n de cuentos y sonidos precolombinos en el \u00faltimo d\u00eda de encuentro de ni\u00f1os y ni\u00f1as en las artes","datePublished":"2024-06-11T14:46:00+00:00","dateModified":"2024-07-04T16:18:50+00:00","mainEntityOfPage":{"@id":"https:\/\/www.uartes.edu.ec\/sitio\/fr\/blog\/2024\/06\/11\/titeres-lectura-y-creacion-de-cuentos-y-sonidos-precolombinos-en-el-ultimo-dia-de-encuentro-de-ninos-y-ninas-en-las-artes\/"},"wordCount":1298,"commentCount":0,"publisher":{"@id":"https:\/\/www.uartes.edu.ec\/sitio\/fr\/#organization"},"image":{"@id":"https:\/\/www.uartes.edu.ec\/sitio\/fr\/blog\/2024\/06\/11\/titeres-lectura-y-creacion-de-cuentos-y-sonidos-precolombinos-en-el-ultimo-dia-de-encuentro-de-ninos-y-ninas-en-las-artes\/#primaryimage"},"thumbnailUrl":"https:\/\/www.uartes.edu.ec\/sitio\/wp-content\/uploads\/2024\/06\/luly444.jpg","keywords":["biblioteca de las artes"],"articleSection":["Acad\u00e9mico","Alumni","Artes","Gesti\u00f3n","Sedes"],"inLanguage":"fr-FR","potentialAction":[{"@type":"CommentAction","name":"Comment","target":["https:\/\/www.uartes.edu.ec\/sitio\/fr\/blog\/2024\/06\/11\/titeres-lectura-y-creacion-de-cuentos-y-sonidos-precolombinos-en-el-ultimo-dia-de-encuentro-de-ninos-y-ninas-en-las-artes\/#respond"]}]},{"@type":["WebPage","ItemPage"],"@id":"https:\/\/www.uartes.edu.ec\/sitio\/fr\/blog\/2024\/06\/11\/titeres-lectura-y-creacion-de-cuentos-y-sonidos-precolombinos-en-el-ultimo-dia-de-encuentro-de-ninos-y-ninas-en-las-artes\/","url":"https:\/\/www.uartes.edu.ec\/sitio\/fr\/blog\/2024\/06\/11\/titeres-lectura-y-creacion-de-cuentos-y-sonidos-precolombinos-en-el-ultimo-dia-de-encuentro-de-ninos-y-ninas-en-las-artes\/","name":"Universidad de las Artes - T\u00edteres, lectura y creaci\u00f3n de cuentos y sonidos precolombinos en el \u00faltimo d\u00eda de encuentro de ni\u00f1os y ni\u00f1as en las artes","isPartOf":{"@id":"https:\/\/www.uartes.edu.ec\/sitio\/fr\/#website"},"primaryImageOfPage":{"@id":"https:\/\/www.uartes.edu.ec\/sitio\/fr\/blog\/2024\/06\/11\/titeres-lectura-y-creacion-de-cuentos-y-sonidos-precolombinos-en-el-ultimo-dia-de-encuentro-de-ninos-y-ninas-en-las-artes\/#primaryimage"},"image":{"@id":"https:\/\/www.uartes.edu.ec\/sitio\/fr\/blog\/2024\/06\/11\/titeres-lectura-y-creacion-de-cuentos-y-sonidos-precolombinos-en-el-ultimo-dia-de-encuentro-de-ninos-y-ninas-en-las-artes\/#primaryimage"},"thumbnailUrl":"https:\/\/www.uartes.edu.ec\/sitio\/wp-content\/uploads\/2024\/06\/luly444.jpg","datePublished":"2024-06-11T14:46:00+00:00","dateModified":"2024-07-04T16:18:50+00:00","description":"Universidad de las Artes - T\u00edteres, lectura y creaci\u00f3n de cuentos y sonidos precolombinos en el \u00faltimo d\u00eda de encuentro de ni\u00f1os y ni\u00f1as en las artes","breadcrumb":{"@id":"https:\/\/www.uartes.edu.ec\/sitio\/fr\/blog\/2024\/06\/11\/titeres-lectura-y-creacion-de-cuentos-y-sonidos-precolombinos-en-el-ultimo-dia-de-encuentro-de-ninos-y-ninas-en-las-artes\/#breadcrumb"},"inLanguage":"fr-FR","potentialAction":[{"@type":"ReadAction","target":["https:\/\/www.uartes.edu.ec\/sitio\/fr\/blog\/2024\/06\/11\/titeres-lectura-y-creacion-de-cuentos-y-sonidos-precolombinos-en-el-ultimo-dia-de-encuentro-de-ninos-y-ninas-en-las-artes\/"]}]},{"@type":"ImageObject","inLanguage":"fr-FR","@id":"https:\/\/www.uartes.edu.ec\/sitio\/fr\/blog\/2024\/06\/11\/titeres-lectura-y-creacion-de-cuentos-y-sonidos-precolombinos-en-el-ultimo-dia-de-encuentro-de-ninos-y-ninas-en-las-artes\/#primaryimage","url":"https:\/\/www.uartes.edu.ec\/sitio\/wp-content\/uploads\/2024\/06\/luly444.jpg","contentUrl":"https:\/\/www.uartes.edu.ec\/sitio\/wp-content\/uploads\/2024\/06\/luly444.jpg","width":2000,"height":1499},{"@type":"BreadcrumbList","@id":"https:\/\/www.uartes.edu.ec\/sitio\/fr\/blog\/2024\/06\/11\/titeres-lectura-y-creacion-de-cuentos-y-sonidos-precolombinos-en-el-ultimo-dia-de-encuentro-de-ninos-y-ninas-en-las-artes\/#breadcrumb","itemListElement":[{"@type":"ListItem","position":1,"name":"Inicio","item":"https:\/\/www.uartes.edu.ec\/sitio\/"},{"@type":"ListItem","position":2,"name":"T\u00edteres, lectura y creaci\u00f3n de cuentos y sonidos precolombinos en el \u00faltimo d\u00eda de encuentro de ni\u00f1os y ni\u00f1as en las artes"}]},{"@type":"WebSite","@id":"https:\/\/www.uartes.edu.ec\/sitio\/fr\/#website","url":"https:\/\/www.uartes.edu.ec\/sitio\/fr\/","name":"Universidad de las Artes","description":"Sitio oficial de la Universidad Nacional de las Artes del Ecuador","publisher":{"@id":"https:\/\/www.uartes.edu.ec\/sitio\/fr\/#organization"},"potentialAction":[{"@type":"SearchAction","target":{"@type":"EntryPoint","urlTemplate":"https:\/\/www.uartes.edu.ec\/sitio\/fr\/?s={search_term_string}"},"query-input":{"@type":"PropertyValueSpecification","valueRequired":true,"valueName":"search_term_string"}}],"inLanguage":"fr-FR"},{"@type":"Organization","@id":"https:\/\/www.uartes.edu.ec\/sitio\/fr\/#organization","name":"Universidad de las Artes","url":"https:\/\/www.uartes.edu.ec\/sitio\/fr\/","logo":{"@type":"ImageObject","inLanguage":"fr-FR","@id":"https:\/\/www.uartes.edu.ec\/sitio\/fr\/#\/schema\/logo\/image\/","url":"https:\/\/www.uartes.edu.ec\/sitio\/wp-content\/uploads\/2022\/07\/logo-ua-horizontal.png","contentUrl":"https:\/\/www.uartes.edu.ec\/sitio\/wp-content\/uploads\/2022\/07\/logo-ua-horizontal.png","width":800,"height":276,"caption":"Universidad de las Artes"},"image":{"@id":"https:\/\/www.uartes.edu.ec\/sitio\/fr\/#\/schema\/logo\/image\/"},"sameAs":["https:\/\/www.facebook.com\/uartesec","https:\/\/x.com\/uartesec","https:\/\/www.tiktok.com\/@uartesec"]},{"@type":"Person","@id":"https:\/\/www.uartes.edu.ec\/sitio\/fr\/#\/schema\/person\/efa1b8275797664fd7f13a79ccc0b1f4","name":"ccortez","image":{"@type":"ImageObject","inLanguage":"fr-FR","@id":"https:\/\/secure.gravatar.com\/avatar\/b2a6f664a3ae8e074346ef91775736c5ec479e637ecced6842de9dc98b5da9cd?s=96&d=mm&r=g","url":"https:\/\/secure.gravatar.com\/avatar\/b2a6f664a3ae8e074346ef91775736c5ec479e637ecced6842de9dc98b5da9cd?s=96&d=mm&r=g","contentUrl":"https:\/\/secure.gravatar.com\/avatar\/b2a6f664a3ae8e074346ef91775736c5ec479e637ecced6842de9dc98b5da9cd?s=96&d=mm&r=g","caption":"ccortez"},"url":"https:\/\/www.uartes.edu.ec\/sitio\/fr\/blog\/author\/ccortez\/"}]}},"uagb_featured_image_src":{"full":["https:\/\/www.uartes.edu.ec\/sitio\/wp-content\/uploads\/2024\/06\/luly444.jpg",2000,1499,false],"thumbnail":["https:\/\/www.uartes.edu.ec\/sitio\/wp-content\/uploads\/2024\/06\/luly444-150x150.jpg",150,150,true],"medium":["https:\/\/www.uartes.edu.ec\/sitio\/wp-content\/uploads\/2024\/06\/luly444-300x225.jpg",300,225,true],"medium_large":["https:\/\/www.uartes.edu.ec\/sitio\/wp-content\/uploads\/2024\/06\/luly444-768x576.jpg",768,576,true],"large":["https:\/\/www.uartes.edu.ec\/sitio\/wp-content\/uploads\/2024\/06\/luly444-644x483.jpg",644,483,true],"1536x1536":["https:\/\/www.uartes.edu.ec\/sitio\/wp-content\/uploads\/2024\/06\/luly444-1536x1151.jpg",1536,1151,true],"2048x2048":["https:\/\/www.uartes.edu.ec\/sitio\/wp-content\/uploads\/2024\/06\/luly444.jpg",2000,1499,false],"trp-custom-language-flag":["https:\/\/www.uartes.edu.ec\/sitio\/wp-content\/uploads\/2024\/06\/luly444-16x12.jpg",16,12,true],"htmega_size_585x295":["https:\/\/www.uartes.edu.ec\/sitio\/wp-content\/uploads\/2024\/06\/luly444-585x295.jpg",585,295,true],"htmega_size_1170x536":["https:\/\/www.uartes.edu.ec\/sitio\/wp-content\/uploads\/2024\/06\/luly444-1170x536.jpg",1170,536,true],"htmega_size_396x360":["https:\/\/www.uartes.edu.ec\/sitio\/wp-content\/uploads\/2024\/06\/luly444-396x360.jpg",396,360,true],"gb-block-post-grid-landscape":["https:\/\/www.uartes.edu.ec\/sitio\/wp-content\/uploads\/2024\/06\/luly444-600x400.jpg",600,400,true],"gb-block-post-grid-square":["https:\/\/www.uartes.edu.ec\/sitio\/wp-content\/uploads\/2024\/06\/luly444-600x600.jpg",600,600,true],"university-hub-thumb":["https:\/\/www.uartes.edu.ec\/sitio\/wp-content\/uploads\/2024\/06\/luly444-400x300.jpg",400,300,true]},"uagb_author_info":{"display_name":"ccortez","author_link":"https:\/\/www.uartes.edu.ec\/sitio\/fr\/blog\/author\/ccortez\/"},"uagb_comment_info":0,"uagb_excerpt":"S\u00e1bado 8 de junio. La Sala R\u00eda de la Biblioteca de las Artes recibi\u00f3 a un grupo de ni\u00f1os de Naranjal que acompa\u00f1ados por padres y tutores llenaron presurosos el espacio, listos para disfrutar de una programaci\u00f3n preparada por el repositorio de la UArtes, en el marco de un encuentro que en este 2024 lleg\u00f3\u2026","featured_image_src":"https:\/\/www.uartes.edu.ec\/sitio\/wp-content\/uploads\/2024\/06\/luly444-600x400.jpg","featured_image_src_square":"https:\/\/www.uartes.edu.ec\/sitio\/wp-content\/uploads\/2024\/06\/luly444-600x600.jpg","author_info":{"display_name":"ccortez","author_link":"https:\/\/www.uartes.edu.ec\/sitio\/fr\/blog\/author\/ccortez\/"},"publishpress_future_workflow_manual_trigger":{"enabledWorkflows":[]},"distributor_meta":false,"distributor_terms":false,"distributor_media":false,"distributor_original_site_name":"Universidad de las Artes","distributor_original_site_url":"https:\/\/www.uartes.edu.ec\/sitio\/fr","push-errors":false,"_links":{"self":[{"href":"https:\/\/www.uartes.edu.ec\/sitio\/fr\/wp-json\/wp\/v2\/posts\/56350","targetHints":{"allow":["GET"]}}],"collection":[{"href":"https:\/\/www.uartes.edu.ec\/sitio\/fr\/wp-json\/wp\/v2\/posts"}],"about":[{"href":"https:\/\/www.uartes.edu.ec\/sitio\/fr\/wp-json\/wp\/v2\/types\/post"}],"author":[{"embeddable":true,"href":"https:\/\/www.uartes.edu.ec\/sitio\/fr\/wp-json\/wp\/v2\/users\/10"}],"replies":[{"embeddable":true,"href":"https:\/\/www.uartes.edu.ec\/sitio\/fr\/wp-json\/wp\/v2\/comments?post=56350"}],"version-history":[{"count":7,"href":"https:\/\/www.uartes.edu.ec\/sitio\/fr\/wp-json\/wp\/v2\/posts\/56350\/revisions"}],"predecessor-version":[{"id":56368,"href":"https:\/\/www.uartes.edu.ec\/sitio\/fr\/wp-json\/wp\/v2\/posts\/56350\/revisions\/56368"}],"wp:featuredmedia":[{"embeddable":true,"href":"https:\/\/www.uartes.edu.ec\/sitio\/fr\/wp-json\/wp\/v2\/media\/56351"}],"wp:attachment":[{"href":"https:\/\/www.uartes.edu.ec\/sitio\/fr\/wp-json\/wp\/v2\/media?parent=56350"}],"wp:term":[{"taxonomy":"category","embeddable":true,"href":"https:\/\/www.uartes.edu.ec\/sitio\/fr\/wp-json\/wp\/v2\/categories?post=56350"},{"taxonomy":"post_tag","embeddable":true,"href":"https:\/\/www.uartes.edu.ec\/sitio\/fr\/wp-json\/wp\/v2\/tags?post=56350"},{"taxonomy":"infouartes","embeddable":true,"href":"https:\/\/www.uartes.edu.ec\/sitio\/fr\/wp-json\/wp\/v2\/infouartes?post=56350"}],"curies":[{"name":"wp","href":"https:\/\/api.w.org\/{rel}","templated":true}]}}