{"id":58230,"date":"2024-07-03T15:11:00","date_gmt":"2024-07-03T20:11:00","guid":{"rendered":"https:\/\/www.uartes.edu.ec\/sitio\/?p=58230"},"modified":"2024-08-01T10:21:14","modified_gmt":"2024-08-01T15:21:14","slug":"ejercicios-de-lectura-escritura-y-dibujo-caminantes-claves-en-taller-de-david-jarrin-tambien-expuso-en-nahim-isaias","status":"publish","type":"post","link":"https:\/\/www.uartes.edu.ec\/sitio\/fr\/blog\/2024\/07\/03\/ejercicios-de-lectura-escritura-y-dibujo-caminantes-claves-en-taller-de-david-jarrin-tambien-expuso-en-nahim-isaias\/","title":{"rendered":"Ejercicios de lectura, escritura y dibujo caminantes, claves en taller de David Jarr\u00edn; tambi\u00e9n expuso en Nah\u00edm Isa\u00edas"},"content":{"rendered":"<p>Tres fueron los objetivos que el artista David Jarr\u00edn se propuso para el taller \u201cGr\u00e1ficas maricxs, ejercicios para escrituras y dibujitos feo\u201d que dict\u00f3 en la Universidad de las Artes: realizar ejercicios de lectura, escritura y dibujo caminantes; jugar con las ideas de escritura, dibujo y lectura, desafiando las posibilidades del cuerpo y de las experiencias; y elaborar dibujos-escrituras comunes que ayuden a transmitir sentires, miedos, pesadillas y temores hacia algo libre.<\/p>\n\n\n\n<p>Los cumpli\u00f3 todos, asegur\u00f3 el artista a InfoUArtes en el di\u00e1logo que mantuvo tras el taller y antes de la visita guiada que realiz\u00f3 de su muestra \u201cEst\u00e1 bien no pensar en todas las cosas\u201d, inaugurada en el Museo Nah\u00edm Isa\u00edas, donde tambi\u00e9n particip\u00f3 en un conversatorio con la organizaci\u00f3n Kimirina, moderado por lx alumnus Andrea Alejandro. Ocurrieron en ese orden el 27 y 28 de junio pasado.<\/p>\n\n\n\n<p>El taller fue un espacio de encuentro para propiciar una experiencia afectiva y provocar conversaciones colectivas, cr\u00edticas y sensibles a partir de las vivencias personales de lxs participantes y las lecturas propuestas por lxs artistas.<\/p>\n\n\n\n<p>En la pr\u00e1ctica, David Jarr\u00edn propuso ejercicios de escritura y dibujo individuales y colectivos para incitar di\u00e1logos, rupturas y horizontes diversos, afectuosos y comunes. Incentiv\u00f3 en sus talleristas una indagaci\u00f3n de la escritura como un ser cambiante y torcido, pens\u00e1ndolo desde el dibujo y el tach\u00f3n. Escribir para dibujar y dibujar para escribir.<\/p>\n\n\n<div class=\"wp-block-image\">\n<figure class=\"aligncenter size-large\"><img fetchpriority=\"high\" decoding=\"async\" width=\"644\" height=\"429\" src=\"https:\/\/www.uartes.edu.ec\/sitio\/wp-content\/uploads\/2024\/07\/01-TALLER-DAVID-JARRIN-644x429.jpg\" alt=\"\" class=\"wp-image-58232\" srcset=\"https:\/\/www.uartes.edu.ec\/sitio\/wp-content\/uploads\/2024\/07\/01-TALLER-DAVID-JARRIN-644x429.jpg 644w, https:\/\/www.uartes.edu.ec\/sitio\/wp-content\/uploads\/2024\/07\/01-TALLER-DAVID-JARRIN-300x200.jpg 300w, https:\/\/www.uartes.edu.ec\/sitio\/wp-content\/uploads\/2024\/07\/01-TALLER-DAVID-JARRIN-768x512.jpg 768w, https:\/\/www.uartes.edu.ec\/sitio\/wp-content\/uploads\/2024\/07\/01-TALLER-DAVID-JARRIN-1536x1024.jpg 1536w, https:\/\/www.uartes.edu.ec\/sitio\/wp-content\/uploads\/2024\/07\/01-TALLER-DAVID-JARRIN-18x12.jpg 18w, https:\/\/www.uartes.edu.ec\/sitio\/wp-content\/uploads\/2024\/07\/01-TALLER-DAVID-JARRIN-600x400.jpg 600w, https:\/\/www.uartes.edu.ec\/sitio\/wp-content\/uploads\/2024\/07\/01-TALLER-DAVID-JARRIN-400x267.jpg 400w, https:\/\/www.uartes.edu.ec\/sitio\/wp-content\/uploads\/2024\/07\/01-TALLER-DAVID-JARRIN-272x182.jpg 272w, https:\/\/www.uartes.edu.ec\/sitio\/wp-content\/uploads\/2024\/07\/01-TALLER-DAVID-JARRIN.jpg 2000w\" sizes=\"(max-width: 644px) 100vw, 644px\" \/><\/figure>\n<\/div>\n\n\n<p>\u201cJugar con las ideas de escritura, dibujo y lectura, desafiando las posibilidades del cuerpo y de las experiencias, a fin de elaborar dibujos-escrituras comunes que ayuden a transmitir sentires, miedos, pesadillas y temores hacia algo libre\u201d.<\/p>\n\n\n\n<p>El taller tuvo los tres momentos: lectura, escritura y dibujo, pero acerc\u00f3 a sus participantes a los l\u00edmites del cuerpo. \u201cLes propuse leer caminando; si vamos a dibujar, que sea empujado e igual al escribir, que existan esas fuerzas que nos limiten al ejercicio tradicional de los tres momentos\u201d.<\/p>\n\n\n\n<p>As\u00ed, en la pr\u00e1ctica, la lectura se leer se ten\u00eda que susurrar y quien iba a escuchar ten\u00eda que estar en una pose que lo tensionara y en ese juego de tratar de escuchar en una forma inc\u00f3moda y el otro regular la voz para un susurro rompe la lectura. Me gusta poner en tensi\u00f3n cosas que hacemos cotidianamente; en escritura y dibujo fue lo mismo, hubo como ciertas premisas como escribir con la otra mano y con los ojos cerrados, con la boca.<\/p>\n\n\n\n<p>A \u00e9l le gusta tener un compa\u00f1ero que impida la acci\u00f3n del otro y de esa manera romper y volver a un garabatear. Recuerdo que un profesor dec\u00eda que solo pueden hacerlo los ni\u00f1os y de adultos solo lo repetimos. Estos ejercicios podr\u00edan provocar otras sensaciones hacia otros lados.<\/p>\n\n\n<div class=\"wp-block-image\">\n<figure class=\"aligncenter size-large\"><img decoding=\"async\" width=\"644\" height=\"429\" src=\"https:\/\/www.uartes.edu.ec\/sitio\/wp-content\/uploads\/2024\/07\/05-TALLER-DAVID-JARRIN-644x429.jpg\" alt=\"\" class=\"wp-image-58233\" srcset=\"https:\/\/www.uartes.edu.ec\/sitio\/wp-content\/uploads\/2024\/07\/05-TALLER-DAVID-JARRIN-644x429.jpg 644w, https:\/\/www.uartes.edu.ec\/sitio\/wp-content\/uploads\/2024\/07\/05-TALLER-DAVID-JARRIN-300x200.jpg 300w, https:\/\/www.uartes.edu.ec\/sitio\/wp-content\/uploads\/2024\/07\/05-TALLER-DAVID-JARRIN-768x512.jpg 768w, https:\/\/www.uartes.edu.ec\/sitio\/wp-content\/uploads\/2024\/07\/05-TALLER-DAVID-JARRIN-1536x1024.jpg 1536w, https:\/\/www.uartes.edu.ec\/sitio\/wp-content\/uploads\/2024\/07\/05-TALLER-DAVID-JARRIN-18x12.jpg 18w, https:\/\/www.uartes.edu.ec\/sitio\/wp-content\/uploads\/2024\/07\/05-TALLER-DAVID-JARRIN-600x400.jpg 600w, https:\/\/www.uartes.edu.ec\/sitio\/wp-content\/uploads\/2024\/07\/05-TALLER-DAVID-JARRIN-400x267.jpg 400w, https:\/\/www.uartes.edu.ec\/sitio\/wp-content\/uploads\/2024\/07\/05-TALLER-DAVID-JARRIN-272x182.jpg 272w, https:\/\/www.uartes.edu.ec\/sitio\/wp-content\/uploads\/2024\/07\/05-TALLER-DAVID-JARRIN.jpg 2000w\" sizes=\"(max-width: 644px) 100vw, 644px\" \/><\/figure>\n<\/div>\n\n\n<p>Habla mucho de que en su investigaci\u00f3n en artes practica mucho el empujar el error y la falla dentro de sus procesos de materializaci\u00f3n. Si estoy dibujando y se me mancha quiere decir que el dibujo quiere ir hacia all\u00e1 y me permite extenderlo, que se manche y arrugue porque as\u00ed es como quiere seguir expandi\u00e9ndose.<\/p>\n\n\n\n<p>En la muestra tiene cer\u00e1mica, textil y dibujo y se enfrenta a lo que ocurra con cada una de sus piezas. Hay intensi\u00f3n. Un ejercicio que la mente procesa y contin\u00faa haciendo.<\/p>\n\n\n\n<p>En el taller les dio libertad para crear desde su cotidiano, dijo, haciendo referencia al segundo de sus objetivos, en el que se evidenci\u00f3 el temor y la intensi\u00f3n de cu\u00e1nto tensionar al otro, volvi\u00e9ndose una cocreaci\u00f3n.<\/p>\n\n\n\n<p>En los ejercicios r\u00e1pidos, la gente que estaba acostumbrada a escribir dibujaba o viceversa e iba experiment\u00e1ndose para realizar al final una lectura caminante, en la que describi\u00f3 lo que hab\u00eda hecho. Hubo sentires muy personales, sexuales y familiares. Sensaciones que fueron liberadas en la escritura, el dibujo y la lectura caminante, expres\u00f3 David Jarr\u00edn.<\/p>\n\n\n\n<p>A\u00f1adi\u00f3 que, en su investigaci\u00f3n sobre las artes, crea y teje una red de pensamientos en su cabeza, de los que ciertas ideas se activan y van susurr\u00e1ndole al o\u00eddo en qu\u00e9 y c\u00f3mo quieren ser convertidas. \u201cTodos estos ejercicios y pruebas crean esa telara\u00f1a que se forma en mi mente y despu\u00e9s surge la idea, de la que va descubriendo en qu\u00e9 se va a convertir.<\/p>\n\n\n\t\t\t\t\t<div\n\t\t\t\t\t\tclass=\"wp-block-uagb-image-gallery uagb-block-917e93c1\"\n\t\t\t\t\t\tstyle=\"\"\n\t\t\t\t\t>\n\t\t\t\t\t\t\t\t\t\t\t<div class=\"spectra-image-gallery spectra-image-gallery__layout--grid spectra-image-gallery__layout--grid-col-2 spectra-image-gallery__layout--grid-col-tab-2 spectra-image-gallery__layout--grid-col-mob-2\">\n\t\t\t\t\t\t\t\t\t\t\t<div class='spectra-image-gallery__media-wrapper' data-spectra-gallery-image-id='58234' tabindex=\"0\">\n\t\t\t\t\t\t\t<div class=\"spectra-image-gallery__media spectra-image-gallery__media--grid\">\n\t\t\t\t<picture>\n\t\t\t\t\t<source media=\"(min-width: 1024px)\" srcset=\"https:\/\/www.uartes.edu.ec\/sitio\/wp-content\/uploads\/2024\/07\/04-DAVID-JARRIN-GRAFICAS-MARICAS-644x429.jpg\">\n\t\t\t\t\t<source media=\"(min-width: 768px)\" srcset=\"https:\/\/www.uartes.edu.ec\/sitio\/wp-content\/uploads\/2024\/07\/04-DAVID-JARRIN-GRAFICAS-MARICAS-644x429.jpg\">\n\t\t\t\t\t<img decoding=\"async\" class=\"spectra-image-gallery__media-thumbnail spectra-image-gallery__media-thumbnail--grid\" src=\"https:\/\/www.uartes.edu.ec\/sitio\/wp-content\/uploads\/2024\/07\/04-DAVID-JARRIN-GRAFICAS-MARICAS-300x200.jpg\" alt=\"\" loading=\"lazy\" \/>\n\t\t\t\t<\/picture>\n\t\t\t\t<div class=\"spectra-image-gallery__media-thumbnail-blurrer\"><\/div>\n\t\t\t\t\t\t\t\t\t\t\t<div class=\"spectra-image-gallery__media-thumbnail-caption-wrapper spectra-image-gallery__media-thumbnail-caption-wrapper--overlay\">\n\t\t\t\t\t\t\t\t\t\t\t<div class=\"spectra-image-gallery__media-thumbnail-caption spectra-image-gallery__media-thumbnail-caption--overlay\">\n\t\t\t\t\tAucune l\u00e9gende\t\t\t\t<\/div>\n\t\t\t\t\t\t\t\t\t\t<\/div>\n\t\t\t\t\t\t\t\t\t<\/div>\n\t\t\t\t\t\t<\/div>\n\t\t\t\t\t\t<div class='spectra-image-gallery__media-wrapper' data-spectra-gallery-image-id='58235' tabindex=\"0\">\n\t\t\t\t\t\t\t<div class=\"spectra-image-gallery__media spectra-image-gallery__media--grid\">\n\t\t\t\t<picture>\n\t\t\t\t\t<source media=\"(min-width: 1024px)\" srcset=\"https:\/\/www.uartes.edu.ec\/sitio\/wp-content\/uploads\/2024\/07\/03-DAVID-JARRIN-GRAFICAS-MARICAS-644x429.jpg\">\n\t\t\t\t\t<source media=\"(min-width: 768px)\" srcset=\"https:\/\/www.uartes.edu.ec\/sitio\/wp-content\/uploads\/2024\/07\/03-DAVID-JARRIN-GRAFICAS-MARICAS-644x429.jpg\">\n\t\t\t\t\t<img decoding=\"async\" class=\"spectra-image-gallery__media-thumbnail spectra-image-gallery__media-thumbnail--grid\" src=\"https:\/\/www.uartes.edu.ec\/sitio\/wp-content\/uploads\/2024\/07\/03-DAVID-JARRIN-GRAFICAS-MARICAS-300x200.jpg\" alt=\"\" loading=\"lazy\" \/>\n\t\t\t\t<\/picture>\n\t\t\t\t<div class=\"spectra-image-gallery__media-thumbnail-blurrer\"><\/div>\n\t\t\t\t\t\t\t\t\t\t\t<div class=\"spectra-image-gallery__media-thumbnail-caption-wrapper spectra-image-gallery__media-thumbnail-caption-wrapper--overlay\">\n\t\t\t\t\t\t\t\t\t\t\t<div class=\"spectra-image-gallery__media-thumbnail-caption spectra-image-gallery__media-thumbnail-caption--overlay\">\n\t\t\t\t\tAucune l\u00e9gende\t\t\t\t<\/div>\n\t\t\t\t\t\t\t\t\t\t<\/div>\n\t\t\t\t\t\t\t\t\t<\/div>\n\t\t\t\t\t\t<\/div>\n\t\t\t\t\t\t\t\t\t\t<\/div>\n\t\t\t\t\t\t\t\t\t\t\t\t\t\t\t\t\t\t<\/div>\n\t\t\t\t\t\t\t\t\t\n\n\n<p><\/p>\n\n\n\n<p>La muestra \u201cEst\u00e1 bien no pensar en todas las cosas\u201d el taller, las visitas guiadas y el conversatorio fueron parte de una planeaci\u00f3n formativa que David Jarr\u00edn tuvo en su estad\u00eda en Guayaquil, pues \u00e9l reside en Quito.<\/p>\n\n\n\n<p>Las piezas de su muestra, revela, surgen de las experimentaciones. Hace m\u00e1s de un a\u00f1o estuvo en una residencia de la Pontificia Universidad Cat\u00f3lica del Ecuador (PUCE), La Pajarera, y all\u00ed hizo algunas obras, que luego se presentaron en el Sal\u00f3n de Julio y tambi\u00e9n estuvo en Quito, han ido viajando, raz\u00f3n por la cual considera, junto a Santiago \u00c1vila, su curador, que la exposici\u00f3n no ha concluido, sino que es parte de un proyecto m\u00e1s grande.<\/p>\n\n\n\n<p>\u201cEl error y la falla son los terrenos sobre los cuales David conduce su pr\u00e1ctica art\u00edstica, permitiendo que del fuego de la incertidumbre emerjan islas de inquietudes sobre el mundo y sobre s\u00ed mismo. En &#8216;Est\u00e1 bien no pensar en todas las cosas&#8217;, David parte de sus experiencias para cuestionar los efectos que ejerce la heteronorma sobre Ixs cuerpxs marikas y propone otros modos de expandir las corporalidades. A trav\u00e9s del dibujo, la cer\u00e1mica y el tejido se materializan propuestas que desencauzan, expanden, deshilachan y tuercen las construcciones que rigen las percepciones sobre las corporalidades disidentes y enfermas, en un mundo que se conduce a su propia extinci\u00f3n\u201d, se\u00f1ala la introducci\u00f3n del texto curatorial de Santiago \u00c1vila.<\/p>\n\n\n\n<p>Se\u00f1ala tambi\u00e9n que en las obras \u201caparecen promesas err\u00e1ticas que transforman escritos en piezas de cer\u00e1mica, notas m\u00e9dicas que condicionan y prescriben lo que el cuerpo est\u00e1 obligado a consumir como medicina. Estos gestos brotan del padecimiento y el gozo, de temores que se resbalan y convierten en barro cocido. Los peque\u00f1os objetos expuestos se desdoblan sobre si mismos para retorcer las historias que no solo se imprimen en la materia, sino tambi\u00e9n en la conciencia de unx cuerpx marika fijado y etiquetado por un sistema capitalista que oprime y extermina\u201d.<\/p>\n\n\n<div class=\"wp-block-image\">\n<figure class=\"aligncenter size-large\"><img decoding=\"async\" width=\"644\" height=\"429\" src=\"https:\/\/www.uartes.edu.ec\/sitio\/wp-content\/uploads\/2024\/07\/04-TALLER-DAVID-JARRIN-644x429.jpg\" alt=\"\" class=\"wp-image-58236\" srcset=\"https:\/\/www.uartes.edu.ec\/sitio\/wp-content\/uploads\/2024\/07\/04-TALLER-DAVID-JARRIN-644x429.jpg 644w, https:\/\/www.uartes.edu.ec\/sitio\/wp-content\/uploads\/2024\/07\/04-TALLER-DAVID-JARRIN-300x200.jpg 300w, https:\/\/www.uartes.edu.ec\/sitio\/wp-content\/uploads\/2024\/07\/04-TALLER-DAVID-JARRIN-768x512.jpg 768w, https:\/\/www.uartes.edu.ec\/sitio\/wp-content\/uploads\/2024\/07\/04-TALLER-DAVID-JARRIN-1536x1024.jpg 1536w, https:\/\/www.uartes.edu.ec\/sitio\/wp-content\/uploads\/2024\/07\/04-TALLER-DAVID-JARRIN-18x12.jpg 18w, https:\/\/www.uartes.edu.ec\/sitio\/wp-content\/uploads\/2024\/07\/04-TALLER-DAVID-JARRIN-600x400.jpg 600w, https:\/\/www.uartes.edu.ec\/sitio\/wp-content\/uploads\/2024\/07\/04-TALLER-DAVID-JARRIN-400x267.jpg 400w, https:\/\/www.uartes.edu.ec\/sitio\/wp-content\/uploads\/2024\/07\/04-TALLER-DAVID-JARRIN-272x182.jpg 272w, https:\/\/www.uartes.edu.ec\/sitio\/wp-content\/uploads\/2024\/07\/04-TALLER-DAVID-JARRIN.jpg 2000w\" sizes=\"(max-width: 644px) 100vw, 644px\" \/><\/figure>\n<\/div>\n\n\n<p>Al final, escribe \u00c1vila, todo sirve para sobrellevar la vida, para acompa\u00f1arnos en los miedos y extrema preocupaci\u00f3n por ver como se desparrama la vida, inequitativa, desierta y solidaria. \u201cLa exposici\u00f3n propone formas de perderse que ayudan a atravesar la decadencia y pesimismo, y fluir hacia nuevas orillas propias, sin traducciones. Esta propuesta art\u00edstica no es un desenlace a la existencia, sino una preocupaci\u00f3n por valorar aquello que es fr\u00e1gil y nos permite desaprender para abrir sendas a lo desconocido\u201d.<\/p>\n\n\n\n<p>Fotos: Adriana Arias, del equipo de la Direcci\u00f3n de Pol\u00edticas e Investigaci\u00f3n en Artes y gestora cultural de la exposici\u00f3n en Guayaquil.<\/p>","protected":false},"excerpt":{"rendered":"<p>Tres fueron los objetivos que el artista David Jarr\u00edn se propuso para el taller \u201cGr\u00e1ficas maricxs, ejercicios para escrituras y dibujitos feo\u201d que dict\u00f3 en la UArtes: realizar ejercicios de lectura, escritura y dibujo caminantes; jugar con ideas y desafiar posibilidades del cuerpo y de las experiencias; y elaborar dibujos-escrituras comunes que ayuden a transmitir sentires, pesadillas y temores hacia algo libre.<\/p>","protected":false},"author":10,"featured_media":58231,"comment_status":"open","ping_status":"open","sticky":false,"template":"","format":"standard","meta":{"_acf_changed":false,"_uag_custom_page_level_css":"","_monsterinsights_skip_tracking":false,"_monsterinsights_sitenote_active":false,"_monsterinsights_sitenote_note":"","_monsterinsights_sitenote_category":0,"cybocfi_hide_featured_image":"","footnotes":""},"categories":[80,82,77,284,83],"tags":[1054],"infouartes":[],"class_list":["post-58230","post","type-post","status-publish","format-standard","has-post-thumbnail","hentry","category-academico","category-artes","category-gestion","category-investigacion","category-sedes","tag-formacion"],"acf":[],"yoast_head":"<!-- This site is optimized with the Yoast SEO plugin v27.4 - https:\/\/yoast.com\/product\/yoast-seo-wordpress\/ -->\n<title>Universidad de las Artes - Ejercicios de lectura, escritura y dibujo caminantes, claves en taller de David Jarr\u00edn; tambi\u00e9n expuso en Nah\u00edm Isa\u00edas<\/title>\n<meta name=\"description\" content=\"Universidad de las Artes - Ejercicios de lectura, escritura y dibujo caminantes, claves en taller de David Jarr\u00edn; tambi\u00e9n expuso en Nah\u00edm Isa\u00edas\" \/>\n<meta name=\"robots\" content=\"index, follow, max-snippet:-1, max-image-preview:large, max-video-preview:-1\" \/>\n<link rel=\"canonical\" href=\"https:\/\/www.uartes.edu.ec\/sitio\/fr\/blog\/2024\/07\/03\/ejercicios-de-lectura-escritura-y-dibujo-caminantes-claves-en-taller-de-david-jarrin-tambien-expuso-en-nahim-isaias\/\" \/>\n<meta property=\"og:locale\" content=\"fr_FR\" \/>\n<meta property=\"og:type\" content=\"article\" \/>\n<meta property=\"og:title\" content=\"Universidad de las Artes - Ejercicios de lectura, escritura y dibujo caminantes, claves en taller de David Jarr\u00edn; tambi\u00e9n expuso en Nah\u00edm Isa\u00edas\" \/>\n<meta property=\"og:description\" content=\"Universidad de las Artes - Ejercicios de lectura, escritura y dibujo caminantes, claves en taller de David Jarr\u00edn; tambi\u00e9n expuso en Nah\u00edm Isa\u00edas\" \/>\n<meta property=\"og:url\" content=\"https:\/\/www.uartes.edu.ec\/sitio\/fr\/blog\/2024\/07\/03\/ejercicios-de-lectura-escritura-y-dibujo-caminantes-claves-en-taller-de-david-jarrin-tambien-expuso-en-nahim-isaias\/\" \/>\n<meta property=\"og:site_name\" content=\"Universidad de las Artes\" \/>\n<meta property=\"article:publisher\" content=\"https:\/\/www.facebook.com\/uartesec\" \/>\n<meta property=\"article:published_time\" content=\"2024-07-03T20:11:00+00:00\" \/>\n<meta property=\"article:modified_time\" content=\"2024-08-01T15:21:14+00:00\" \/>\n<meta property=\"og:image\" content=\"https:\/\/www.uartes.edu.ec\/sitio\/wp-content\/uploads\/2024\/07\/02-TALLER-DAVID-JARRIN.jpg\" \/>\n\t<meta property=\"og:image:width\" content=\"2000\" \/>\n\t<meta property=\"og:image:height\" content=\"1333\" \/>\n\t<meta property=\"og:image:type\" content=\"image\/jpeg\" \/>\n<meta name=\"author\" content=\"ccortez\" \/>\n<meta name=\"twitter:card\" content=\"summary_large_image\" \/>\n<meta name=\"twitter:creator\" content=\"@uartesec\" \/>\n<meta name=\"twitter:site\" content=\"@uartesec\" \/>\n<meta name=\"twitter:label1\" content=\"\u00c9crit par\" \/>\n\t<meta name=\"twitter:data1\" content=\"ccortez\" \/>\n\t<meta name=\"twitter:label2\" content=\"Dur\u00e9e de lecture estim\u00e9e\" \/>\n\t<meta name=\"twitter:data2\" content=\"6 minutes\" \/>\n<script type=\"application\/ld+json\" class=\"yoast-schema-graph\">{\"@context\":\"https:\\\/\\\/schema.org\",\"@graph\":[{\"@type\":\"Article\",\"@id\":\"https:\\\/\\\/www.uartes.edu.ec\\\/sitio\\\/fr\\\/blog\\\/2024\\\/07\\\/03\\\/ejercicios-de-lectura-escritura-y-dibujo-caminantes-claves-en-taller-de-david-jarrin-tambien-expuso-en-nahim-isaias\\\/#article\",\"isPartOf\":{\"@id\":\"https:\\\/\\\/www.uartes.edu.ec\\\/sitio\\\/fr\\\/blog\\\/2024\\\/07\\\/03\\\/ejercicios-de-lectura-escritura-y-dibujo-caminantes-claves-en-taller-de-david-jarrin-tambien-expuso-en-nahim-isaias\\\/\"},\"author\":{\"name\":\"ccortez\",\"@id\":\"https:\\\/\\\/www.uartes.edu.ec\\\/sitio\\\/fr\\\/#\\\/schema\\\/person\\\/efa1b8275797664fd7f13a79ccc0b1f4\"},\"headline\":\"Ejercicios de lectura, escritura y dibujo caminantes, claves en taller de David Jarr\u00edn; tambi\u00e9n expuso en Nah\u00edm Isa\u00edas\",\"datePublished\":\"2024-07-03T20:11:00+00:00\",\"dateModified\":\"2024-08-01T15:21:14+00:00\",\"mainEntityOfPage\":{\"@id\":\"https:\\\/\\\/www.uartes.edu.ec\\\/sitio\\\/fr\\\/blog\\\/2024\\\/07\\\/03\\\/ejercicios-de-lectura-escritura-y-dibujo-caminantes-claves-en-taller-de-david-jarrin-tambien-expuso-en-nahim-isaias\\\/\"},\"wordCount\":1219,\"commentCount\":0,\"publisher\":{\"@id\":\"https:\\\/\\\/www.uartes.edu.ec\\\/sitio\\\/fr\\\/#organization\"},\"image\":{\"@id\":\"https:\\\/\\\/www.uartes.edu.ec\\\/sitio\\\/fr\\\/blog\\\/2024\\\/07\\\/03\\\/ejercicios-de-lectura-escritura-y-dibujo-caminantes-claves-en-taller-de-david-jarrin-tambien-expuso-en-nahim-isaias\\\/#primaryimage\"},\"thumbnailUrl\":\"https:\\\/\\\/www.uartes.edu.ec\\\/sitio\\\/wp-content\\\/uploads\\\/2024\\\/07\\\/02-TALLER-DAVID-JARRIN.jpg\",\"keywords\":[\"formaci\u00f3n\"],\"articleSection\":[\"Acad\u00e9mico\",\"Artes\",\"Gesti\u00f3n\",\"Investigaci\u00f3n\",\"Sedes\"],\"inLanguage\":\"fr-FR\",\"potentialAction\":[{\"@type\":\"CommentAction\",\"name\":\"Comment\",\"target\":[\"https:\\\/\\\/www.uartes.edu.ec\\\/sitio\\\/fr\\\/blog\\\/2024\\\/07\\\/03\\\/ejercicios-de-lectura-escritura-y-dibujo-caminantes-claves-en-taller-de-david-jarrin-tambien-expuso-en-nahim-isaias\\\/#respond\"]}]},{\"@type\":[\"WebPage\",\"ItemPage\"],\"@id\":\"https:\\\/\\\/www.uartes.edu.ec\\\/sitio\\\/fr\\\/blog\\\/2024\\\/07\\\/03\\\/ejercicios-de-lectura-escritura-y-dibujo-caminantes-claves-en-taller-de-david-jarrin-tambien-expuso-en-nahim-isaias\\\/\",\"url\":\"https:\\\/\\\/www.uartes.edu.ec\\\/sitio\\\/fr\\\/blog\\\/2024\\\/07\\\/03\\\/ejercicios-de-lectura-escritura-y-dibujo-caminantes-claves-en-taller-de-david-jarrin-tambien-expuso-en-nahim-isaias\\\/\",\"name\":\"Universidad de las Artes - Ejercicios de lectura, escritura y dibujo caminantes, claves en taller de David Jarr\u00edn; tambi\u00e9n expuso en Nah\u00edm Isa\u00edas\",\"isPartOf\":{\"@id\":\"https:\\\/\\\/www.uartes.edu.ec\\\/sitio\\\/fr\\\/#website\"},\"primaryImageOfPage\":{\"@id\":\"https:\\\/\\\/www.uartes.edu.ec\\\/sitio\\\/fr\\\/blog\\\/2024\\\/07\\\/03\\\/ejercicios-de-lectura-escritura-y-dibujo-caminantes-claves-en-taller-de-david-jarrin-tambien-expuso-en-nahim-isaias\\\/#primaryimage\"},\"image\":{\"@id\":\"https:\\\/\\\/www.uartes.edu.ec\\\/sitio\\\/fr\\\/blog\\\/2024\\\/07\\\/03\\\/ejercicios-de-lectura-escritura-y-dibujo-caminantes-claves-en-taller-de-david-jarrin-tambien-expuso-en-nahim-isaias\\\/#primaryimage\"},\"thumbnailUrl\":\"https:\\\/\\\/www.uartes.edu.ec\\\/sitio\\\/wp-content\\\/uploads\\\/2024\\\/07\\\/02-TALLER-DAVID-JARRIN.jpg\",\"datePublished\":\"2024-07-03T20:11:00+00:00\",\"dateModified\":\"2024-08-01T15:21:14+00:00\",\"description\":\"Universidad de las Artes - Ejercicios de lectura, escritura y dibujo caminantes, claves en taller de David Jarr\u00edn; tambi\u00e9n expuso en Nah\u00edm Isa\u00edas\",\"breadcrumb\":{\"@id\":\"https:\\\/\\\/www.uartes.edu.ec\\\/sitio\\\/fr\\\/blog\\\/2024\\\/07\\\/03\\\/ejercicios-de-lectura-escritura-y-dibujo-caminantes-claves-en-taller-de-david-jarrin-tambien-expuso-en-nahim-isaias\\\/#breadcrumb\"},\"inLanguage\":\"fr-FR\",\"potentialAction\":[{\"@type\":\"ReadAction\",\"target\":[\"https:\\\/\\\/www.uartes.edu.ec\\\/sitio\\\/fr\\\/blog\\\/2024\\\/07\\\/03\\\/ejercicios-de-lectura-escritura-y-dibujo-caminantes-claves-en-taller-de-david-jarrin-tambien-expuso-en-nahim-isaias\\\/\"]}]},{\"@type\":\"ImageObject\",\"inLanguage\":\"fr-FR\",\"@id\":\"https:\\\/\\\/www.uartes.edu.ec\\\/sitio\\\/fr\\\/blog\\\/2024\\\/07\\\/03\\\/ejercicios-de-lectura-escritura-y-dibujo-caminantes-claves-en-taller-de-david-jarrin-tambien-expuso-en-nahim-isaias\\\/#primaryimage\",\"url\":\"https:\\\/\\\/www.uartes.edu.ec\\\/sitio\\\/wp-content\\\/uploads\\\/2024\\\/07\\\/02-TALLER-DAVID-JARRIN.jpg\",\"contentUrl\":\"https:\\\/\\\/www.uartes.edu.ec\\\/sitio\\\/wp-content\\\/uploads\\\/2024\\\/07\\\/02-TALLER-DAVID-JARRIN.jpg\",\"width\":2000,\"height\":1333},{\"@type\":\"BreadcrumbList\",\"@id\":\"https:\\\/\\\/www.uartes.edu.ec\\\/sitio\\\/fr\\\/blog\\\/2024\\\/07\\\/03\\\/ejercicios-de-lectura-escritura-y-dibujo-caminantes-claves-en-taller-de-david-jarrin-tambien-expuso-en-nahim-isaias\\\/#breadcrumb\",\"itemListElement\":[{\"@type\":\"ListItem\",\"position\":1,\"name\":\"Inicio\",\"item\":\"https:\\\/\\\/www.uartes.edu.ec\\\/sitio\\\/\"},{\"@type\":\"ListItem\",\"position\":2,\"name\":\"Ejercicios de lectura, escritura y dibujo caminantes, claves en taller de David Jarr\u00edn; tambi\u00e9n expuso en Nah\u00edm Isa\u00edas\"}]},{\"@type\":\"WebSite\",\"@id\":\"https:\\\/\\\/www.uartes.edu.ec\\\/sitio\\\/fr\\\/#website\",\"url\":\"https:\\\/\\\/www.uartes.edu.ec\\\/sitio\\\/fr\\\/\",\"name\":\"Universidad de las Artes\",\"description\":\"Sitio oficial de la Universidad Nacional de las Artes del Ecuador\",\"publisher\":{\"@id\":\"https:\\\/\\\/www.uartes.edu.ec\\\/sitio\\\/fr\\\/#organization\"},\"potentialAction\":[{\"@type\":\"SearchAction\",\"target\":{\"@type\":\"EntryPoint\",\"urlTemplate\":\"https:\\\/\\\/www.uartes.edu.ec\\\/sitio\\\/fr\\\/?s={search_term_string}\"},\"query-input\":{\"@type\":\"PropertyValueSpecification\",\"valueRequired\":true,\"valueName\":\"search_term_string\"}}],\"inLanguage\":\"fr-FR\"},{\"@type\":\"Organization\",\"@id\":\"https:\\\/\\\/www.uartes.edu.ec\\\/sitio\\\/fr\\\/#organization\",\"name\":\"Universidad de las Artes\",\"url\":\"https:\\\/\\\/www.uartes.edu.ec\\\/sitio\\\/fr\\\/\",\"logo\":{\"@type\":\"ImageObject\",\"inLanguage\":\"fr-FR\",\"@id\":\"https:\\\/\\\/www.uartes.edu.ec\\\/sitio\\\/fr\\\/#\\\/schema\\\/logo\\\/image\\\/\",\"url\":\"https:\\\/\\\/www.uartes.edu.ec\\\/sitio\\\/wp-content\\\/uploads\\\/2022\\\/07\\\/logo-ua-horizontal.png\",\"contentUrl\":\"https:\\\/\\\/www.uartes.edu.ec\\\/sitio\\\/wp-content\\\/uploads\\\/2022\\\/07\\\/logo-ua-horizontal.png\",\"width\":800,\"height\":276,\"caption\":\"Universidad de las Artes\"},\"image\":{\"@id\":\"https:\\\/\\\/www.uartes.edu.ec\\\/sitio\\\/fr\\\/#\\\/schema\\\/logo\\\/image\\\/\"},\"sameAs\":[\"https:\\\/\\\/www.facebook.com\\\/uartesec\",\"https:\\\/\\\/x.com\\\/uartesec\",\"https:\\\/\\\/www.tiktok.com\\\/@uartesec\"]},{\"@type\":\"Person\",\"@id\":\"https:\\\/\\\/www.uartes.edu.ec\\\/sitio\\\/fr\\\/#\\\/schema\\\/person\\\/efa1b8275797664fd7f13a79ccc0b1f4\",\"name\":\"ccortez\",\"image\":{\"@type\":\"ImageObject\",\"inLanguage\":\"fr-FR\",\"@id\":\"https:\\\/\\\/secure.gravatar.com\\\/avatar\\\/b2a6f664a3ae8e074346ef91775736c5ec479e637ecced6842de9dc98b5da9cd?s=96&d=mm&r=g\",\"url\":\"https:\\\/\\\/secure.gravatar.com\\\/avatar\\\/b2a6f664a3ae8e074346ef91775736c5ec479e637ecced6842de9dc98b5da9cd?s=96&d=mm&r=g\",\"contentUrl\":\"https:\\\/\\\/secure.gravatar.com\\\/avatar\\\/b2a6f664a3ae8e074346ef91775736c5ec479e637ecced6842de9dc98b5da9cd?s=96&d=mm&r=g\",\"caption\":\"ccortez\"},\"url\":\"https:\\\/\\\/www.uartes.edu.ec\\\/sitio\\\/fr\\\/blog\\\/author\\\/ccortez\\\/\"}]}<\/script>\n<!-- \/ Yoast SEO plugin. -->","yoast_head_json":{"title":"Universidad de las Artes - Ejercicios de lectura, escritura y dibujo caminantes, claves en taller de David Jarr\u00edn; tambi\u00e9n expuso en Nah\u00edm Isa\u00edas","description":"Universidad de las Artes - Ejercicios de lectura, escritura y dibujo caminantes, claves en taller de David Jarr\u00edn; tambi\u00e9n expuso en Nah\u00edm Isa\u00edas","robots":{"index":"index","follow":"follow","max-snippet":"max-snippet:-1","max-image-preview":"max-image-preview:large","max-video-preview":"max-video-preview:-1"},"canonical":"https:\/\/www.uartes.edu.ec\/sitio\/fr\/blog\/2024\/07\/03\/ejercicios-de-lectura-escritura-y-dibujo-caminantes-claves-en-taller-de-david-jarrin-tambien-expuso-en-nahim-isaias\/","og_locale":"fr_FR","og_type":"article","og_title":"Universidad de las Artes - Ejercicios de lectura, escritura y dibujo caminantes, claves en taller de David Jarr\u00edn; tambi\u00e9n expuso en Nah\u00edm Isa\u00edas","og_description":"Universidad de las Artes - Ejercicios de lectura, escritura y dibujo caminantes, claves en taller de David Jarr\u00edn; tambi\u00e9n expuso en Nah\u00edm Isa\u00edas","og_url":"https:\/\/www.uartes.edu.ec\/sitio\/fr\/blog\/2024\/07\/03\/ejercicios-de-lectura-escritura-y-dibujo-caminantes-claves-en-taller-de-david-jarrin-tambien-expuso-en-nahim-isaias\/","og_site_name":"Universidad de las Artes","article_publisher":"https:\/\/www.facebook.com\/uartesec","article_published_time":"2024-07-03T20:11:00+00:00","article_modified_time":"2024-08-01T15:21:14+00:00","og_image":[{"width":2000,"height":1333,"url":"https:\/\/www.uartes.edu.ec\/sitio\/wp-content\/uploads\/2024\/07\/02-TALLER-DAVID-JARRIN.jpg","type":"image\/jpeg"}],"author":"ccortez","twitter_card":"summary_large_image","twitter_creator":"@uartesec","twitter_site":"@uartesec","twitter_misc":{"\u00c9crit par":"ccortez","Dur\u00e9e de lecture estim\u00e9e":"6 minutes"},"schema":{"@context":"https:\/\/schema.org","@graph":[{"@type":"Article","@id":"https:\/\/www.uartes.edu.ec\/sitio\/fr\/blog\/2024\/07\/03\/ejercicios-de-lectura-escritura-y-dibujo-caminantes-claves-en-taller-de-david-jarrin-tambien-expuso-en-nahim-isaias\/#article","isPartOf":{"@id":"https:\/\/www.uartes.edu.ec\/sitio\/fr\/blog\/2024\/07\/03\/ejercicios-de-lectura-escritura-y-dibujo-caminantes-claves-en-taller-de-david-jarrin-tambien-expuso-en-nahim-isaias\/"},"author":{"name":"ccortez","@id":"https:\/\/www.uartes.edu.ec\/sitio\/fr\/#\/schema\/person\/efa1b8275797664fd7f13a79ccc0b1f4"},"headline":"Ejercicios de lectura, escritura y dibujo caminantes, claves en taller de David Jarr\u00edn; tambi\u00e9n expuso en Nah\u00edm Isa\u00edas","datePublished":"2024-07-03T20:11:00+00:00","dateModified":"2024-08-01T15:21:14+00:00","mainEntityOfPage":{"@id":"https:\/\/www.uartes.edu.ec\/sitio\/fr\/blog\/2024\/07\/03\/ejercicios-de-lectura-escritura-y-dibujo-caminantes-claves-en-taller-de-david-jarrin-tambien-expuso-en-nahim-isaias\/"},"wordCount":1219,"commentCount":0,"publisher":{"@id":"https:\/\/www.uartes.edu.ec\/sitio\/fr\/#organization"},"image":{"@id":"https:\/\/www.uartes.edu.ec\/sitio\/fr\/blog\/2024\/07\/03\/ejercicios-de-lectura-escritura-y-dibujo-caminantes-claves-en-taller-de-david-jarrin-tambien-expuso-en-nahim-isaias\/#primaryimage"},"thumbnailUrl":"https:\/\/www.uartes.edu.ec\/sitio\/wp-content\/uploads\/2024\/07\/02-TALLER-DAVID-JARRIN.jpg","keywords":["formaci\u00f3n"],"articleSection":["Acad\u00e9mico","Artes","Gesti\u00f3n","Investigaci\u00f3n","Sedes"],"inLanguage":"fr-FR","potentialAction":[{"@type":"CommentAction","name":"Comment","target":["https:\/\/www.uartes.edu.ec\/sitio\/fr\/blog\/2024\/07\/03\/ejercicios-de-lectura-escritura-y-dibujo-caminantes-claves-en-taller-de-david-jarrin-tambien-expuso-en-nahim-isaias\/#respond"]}]},{"@type":["WebPage","ItemPage"],"@id":"https:\/\/www.uartes.edu.ec\/sitio\/fr\/blog\/2024\/07\/03\/ejercicios-de-lectura-escritura-y-dibujo-caminantes-claves-en-taller-de-david-jarrin-tambien-expuso-en-nahim-isaias\/","url":"https:\/\/www.uartes.edu.ec\/sitio\/fr\/blog\/2024\/07\/03\/ejercicios-de-lectura-escritura-y-dibujo-caminantes-claves-en-taller-de-david-jarrin-tambien-expuso-en-nahim-isaias\/","name":"Universidad de las Artes - Ejercicios de lectura, escritura y dibujo caminantes, claves en taller de David Jarr\u00edn; tambi\u00e9n expuso en Nah\u00edm Isa\u00edas","isPartOf":{"@id":"https:\/\/www.uartes.edu.ec\/sitio\/fr\/#website"},"primaryImageOfPage":{"@id":"https:\/\/www.uartes.edu.ec\/sitio\/fr\/blog\/2024\/07\/03\/ejercicios-de-lectura-escritura-y-dibujo-caminantes-claves-en-taller-de-david-jarrin-tambien-expuso-en-nahim-isaias\/#primaryimage"},"image":{"@id":"https:\/\/www.uartes.edu.ec\/sitio\/fr\/blog\/2024\/07\/03\/ejercicios-de-lectura-escritura-y-dibujo-caminantes-claves-en-taller-de-david-jarrin-tambien-expuso-en-nahim-isaias\/#primaryimage"},"thumbnailUrl":"https:\/\/www.uartes.edu.ec\/sitio\/wp-content\/uploads\/2024\/07\/02-TALLER-DAVID-JARRIN.jpg","datePublished":"2024-07-03T20:11:00+00:00","dateModified":"2024-08-01T15:21:14+00:00","description":"Universidad de las Artes - Ejercicios de lectura, escritura y dibujo caminantes, claves en taller de David Jarr\u00edn; tambi\u00e9n expuso en Nah\u00edm Isa\u00edas","breadcrumb":{"@id":"https:\/\/www.uartes.edu.ec\/sitio\/fr\/blog\/2024\/07\/03\/ejercicios-de-lectura-escritura-y-dibujo-caminantes-claves-en-taller-de-david-jarrin-tambien-expuso-en-nahim-isaias\/#breadcrumb"},"inLanguage":"fr-FR","potentialAction":[{"@type":"ReadAction","target":["https:\/\/www.uartes.edu.ec\/sitio\/fr\/blog\/2024\/07\/03\/ejercicios-de-lectura-escritura-y-dibujo-caminantes-claves-en-taller-de-david-jarrin-tambien-expuso-en-nahim-isaias\/"]}]},{"@type":"ImageObject","inLanguage":"fr-FR","@id":"https:\/\/www.uartes.edu.ec\/sitio\/fr\/blog\/2024\/07\/03\/ejercicios-de-lectura-escritura-y-dibujo-caminantes-claves-en-taller-de-david-jarrin-tambien-expuso-en-nahim-isaias\/#primaryimage","url":"https:\/\/www.uartes.edu.ec\/sitio\/wp-content\/uploads\/2024\/07\/02-TALLER-DAVID-JARRIN.jpg","contentUrl":"https:\/\/www.uartes.edu.ec\/sitio\/wp-content\/uploads\/2024\/07\/02-TALLER-DAVID-JARRIN.jpg","width":2000,"height":1333},{"@type":"BreadcrumbList","@id":"https:\/\/www.uartes.edu.ec\/sitio\/fr\/blog\/2024\/07\/03\/ejercicios-de-lectura-escritura-y-dibujo-caminantes-claves-en-taller-de-david-jarrin-tambien-expuso-en-nahim-isaias\/#breadcrumb","itemListElement":[{"@type":"ListItem","position":1,"name":"Inicio","item":"https:\/\/www.uartes.edu.ec\/sitio\/"},{"@type":"ListItem","position":2,"name":"Ejercicios de lectura, escritura y dibujo caminantes, claves en taller de David Jarr\u00edn; tambi\u00e9n expuso en Nah\u00edm Isa\u00edas"}]},{"@type":"WebSite","@id":"https:\/\/www.uartes.edu.ec\/sitio\/fr\/#website","url":"https:\/\/www.uartes.edu.ec\/sitio\/fr\/","name":"Universidad de las Artes","description":"Sitio oficial de la Universidad Nacional de las Artes del Ecuador","publisher":{"@id":"https:\/\/www.uartes.edu.ec\/sitio\/fr\/#organization"},"potentialAction":[{"@type":"SearchAction","target":{"@type":"EntryPoint","urlTemplate":"https:\/\/www.uartes.edu.ec\/sitio\/fr\/?s={search_term_string}"},"query-input":{"@type":"PropertyValueSpecification","valueRequired":true,"valueName":"search_term_string"}}],"inLanguage":"fr-FR"},{"@type":"Organization","@id":"https:\/\/www.uartes.edu.ec\/sitio\/fr\/#organization","name":"Universidad de las Artes","url":"https:\/\/www.uartes.edu.ec\/sitio\/fr\/","logo":{"@type":"ImageObject","inLanguage":"fr-FR","@id":"https:\/\/www.uartes.edu.ec\/sitio\/fr\/#\/schema\/logo\/image\/","url":"https:\/\/www.uartes.edu.ec\/sitio\/wp-content\/uploads\/2022\/07\/logo-ua-horizontal.png","contentUrl":"https:\/\/www.uartes.edu.ec\/sitio\/wp-content\/uploads\/2022\/07\/logo-ua-horizontal.png","width":800,"height":276,"caption":"Universidad de las Artes"},"image":{"@id":"https:\/\/www.uartes.edu.ec\/sitio\/fr\/#\/schema\/logo\/image\/"},"sameAs":["https:\/\/www.facebook.com\/uartesec","https:\/\/x.com\/uartesec","https:\/\/www.tiktok.com\/@uartesec"]},{"@type":"Person","@id":"https:\/\/www.uartes.edu.ec\/sitio\/fr\/#\/schema\/person\/efa1b8275797664fd7f13a79ccc0b1f4","name":"ccortez","image":{"@type":"ImageObject","inLanguage":"fr-FR","@id":"https:\/\/secure.gravatar.com\/avatar\/b2a6f664a3ae8e074346ef91775736c5ec479e637ecced6842de9dc98b5da9cd?s=96&d=mm&r=g","url":"https:\/\/secure.gravatar.com\/avatar\/b2a6f664a3ae8e074346ef91775736c5ec479e637ecced6842de9dc98b5da9cd?s=96&d=mm&r=g","contentUrl":"https:\/\/secure.gravatar.com\/avatar\/b2a6f664a3ae8e074346ef91775736c5ec479e637ecced6842de9dc98b5da9cd?s=96&d=mm&r=g","caption":"ccortez"},"url":"https:\/\/www.uartes.edu.ec\/sitio\/fr\/blog\/author\/ccortez\/"}]}},"uagb_featured_image_src":{"full":["https:\/\/www.uartes.edu.ec\/sitio\/wp-content\/uploads\/2024\/07\/02-TALLER-DAVID-JARRIN.jpg",2000,1333,false],"thumbnail":["https:\/\/www.uartes.edu.ec\/sitio\/wp-content\/uploads\/2024\/07\/02-TALLER-DAVID-JARRIN-150x150.jpg",150,150,true],"medium":["https:\/\/www.uartes.edu.ec\/sitio\/wp-content\/uploads\/2024\/07\/02-TALLER-DAVID-JARRIN-300x200.jpg",300,200,true],"medium_large":["https:\/\/www.uartes.edu.ec\/sitio\/wp-content\/uploads\/2024\/07\/02-TALLER-DAVID-JARRIN-768x512.jpg",768,512,true],"large":["https:\/\/www.uartes.edu.ec\/sitio\/wp-content\/uploads\/2024\/07\/02-TALLER-DAVID-JARRIN-644x429.jpg",644,429,true],"1536x1536":["https:\/\/www.uartes.edu.ec\/sitio\/wp-content\/uploads\/2024\/07\/02-TALLER-DAVID-JARRIN-1536x1024.jpg",1536,1024,true],"2048x2048":["https:\/\/www.uartes.edu.ec\/sitio\/wp-content\/uploads\/2024\/07\/02-TALLER-DAVID-JARRIN.jpg",2000,1333,false],"trp-custom-language-flag":["https:\/\/www.uartes.edu.ec\/sitio\/wp-content\/uploads\/2024\/07\/02-TALLER-DAVID-JARRIN-18x12.jpg",18,12,true],"htmega_size_585x295":["https:\/\/www.uartes.edu.ec\/sitio\/wp-content\/uploads\/2024\/07\/02-TALLER-DAVID-JARRIN-585x295.jpg",585,295,true],"htmega_size_1170x536":["https:\/\/www.uartes.edu.ec\/sitio\/wp-content\/uploads\/2024\/07\/02-TALLER-DAVID-JARRIN-1170x536.jpg",1170,536,true],"htmega_size_396x360":["https:\/\/www.uartes.edu.ec\/sitio\/wp-content\/uploads\/2024\/07\/02-TALLER-DAVID-JARRIN-396x360.jpg",396,360,true],"gb-block-post-grid-landscape":["https:\/\/www.uartes.edu.ec\/sitio\/wp-content\/uploads\/2024\/07\/02-TALLER-DAVID-JARRIN-600x400.jpg",600,400,true],"gb-block-post-grid-square":["https:\/\/www.uartes.edu.ec\/sitio\/wp-content\/uploads\/2024\/07\/02-TALLER-DAVID-JARRIN-600x600.jpg",600,600,true],"university-hub-thumb":["https:\/\/www.uartes.edu.ec\/sitio\/wp-content\/uploads\/2024\/07\/02-TALLER-DAVID-JARRIN-400x267.jpg",400,267,true]},"uagb_author_info":{"display_name":"ccortez","author_link":"https:\/\/www.uartes.edu.ec\/sitio\/fr\/blog\/author\/ccortez\/"},"uagb_comment_info":0,"uagb_excerpt":"Tres fueron los objetivos que el artista David Jarr\u00edn se propuso para el taller \u201cGr\u00e1ficas maricxs, ejercicios para escrituras y dibujitos feo\u201d que dict\u00f3 en la UArtes: realizar ejercicios de lectura, escritura y dibujo caminantes; jugar con ideas y desafiar posibilidades del cuerpo y de las experiencias; y elaborar dibujos-escrituras comunes que ayuden a transmitir\u2026","featured_image_src":"https:\/\/www.uartes.edu.ec\/sitio\/wp-content\/uploads\/2024\/07\/02-TALLER-DAVID-JARRIN-600x400.jpg","featured_image_src_square":"https:\/\/www.uartes.edu.ec\/sitio\/wp-content\/uploads\/2024\/07\/02-TALLER-DAVID-JARRIN-600x600.jpg","author_info":{"display_name":"ccortez","author_link":"https:\/\/www.uartes.edu.ec\/sitio\/fr\/blog\/author\/ccortez\/"},"publishpress_future_workflow_manual_trigger":{"enabledWorkflows":[]},"distributor_meta":false,"distributor_terms":false,"distributor_media":false,"distributor_original_site_name":"Universidad de las Artes","distributor_original_site_url":"https:\/\/www.uartes.edu.ec\/sitio\/fr","push-errors":false,"_links":{"self":[{"href":"https:\/\/www.uartes.edu.ec\/sitio\/fr\/wp-json\/wp\/v2\/posts\/58230","targetHints":{"allow":["GET"]}}],"collection":[{"href":"https:\/\/www.uartes.edu.ec\/sitio\/fr\/wp-json\/wp\/v2\/posts"}],"about":[{"href":"https:\/\/www.uartes.edu.ec\/sitio\/fr\/wp-json\/wp\/v2\/types\/post"}],"author":[{"embeddable":true,"href":"https:\/\/www.uartes.edu.ec\/sitio\/fr\/wp-json\/wp\/v2\/users\/10"}],"replies":[{"embeddable":true,"href":"https:\/\/www.uartes.edu.ec\/sitio\/fr\/wp-json\/wp\/v2\/comments?post=58230"}],"version-history":[{"count":13,"href":"https:\/\/www.uartes.edu.ec\/sitio\/fr\/wp-json\/wp\/v2\/posts\/58230\/revisions"}],"predecessor-version":[{"id":60025,"href":"https:\/\/www.uartes.edu.ec\/sitio\/fr\/wp-json\/wp\/v2\/posts\/58230\/revisions\/60025"}],"wp:featuredmedia":[{"embeddable":true,"href":"https:\/\/www.uartes.edu.ec\/sitio\/fr\/wp-json\/wp\/v2\/media\/58231"}],"wp:attachment":[{"href":"https:\/\/www.uartes.edu.ec\/sitio\/fr\/wp-json\/wp\/v2\/media?parent=58230"}],"wp:term":[{"taxonomy":"category","embeddable":true,"href":"https:\/\/www.uartes.edu.ec\/sitio\/fr\/wp-json\/wp\/v2\/categories?post=58230"},{"taxonomy":"post_tag","embeddable":true,"href":"https:\/\/www.uartes.edu.ec\/sitio\/fr\/wp-json\/wp\/v2\/tags?post=58230"},{"taxonomy":"infouartes","embeddable":true,"href":"https:\/\/www.uartes.edu.ec\/sitio\/fr\/wp-json\/wp\/v2\/infouartes?post=58230"}],"curies":[{"name":"wp","href":"https:\/\/api.w.org\/{rel}","templated":true}]}}