{"id":58860,"date":"2024-07-18T17:44:00","date_gmt":"2024-07-18T22:44:00","guid":{"rendered":"https:\/\/www.uartes.edu.ec\/sitio\/?p=58860"},"modified":"2024-07-21T21:58:09","modified_gmt":"2024-07-22T02:58:09","slug":"uartes-colabora-con-la-unidad-educativa-republica-de-francia-para-concierto-a-la-libertad-de-su-orquesta-sinfonica-juvenil","status":"publish","type":"post","link":"https:\/\/www.uartes.edu.ec\/sitio\/fr\/blog\/2024\/07\/18\/uartes-colabora-con-la-unidad-educativa-republica-de-francia-para-concierto-a-la-libertad-de-su-orquesta-sinfonica-juvenil\/","title":{"rendered":"UArtes colabora con la Unidad Educativa Rep\u00fablica de Francia para \u201cConcierto a la libertad\u201d de su Orquesta Sinf\u00f3nica Juvenil"},"content":{"rendered":"<p>En el hemiciclo de la Rotonda del Malec\u00f3n 2000, all\u00ed donde los monumentos de Sim\u00f3n Bol\u00edvar y Jos\u00e9 de San Mart\u00edn perennizan el encuentro que los generales tuvieron en el Guayaquil de 1822, marcando el rumbo de la independencia latinoamericana, la Orquesta Sinf\u00f3nica Juvenil de la Unidad Educativa Rep\u00fablica de Francia (UERF) dar\u00e1 un \u201cConcierto a la libertad\u201d con la colaboraci\u00f3n de la Universidad de las Artes.<\/p>\n\n\n\n<p>Es un homenaje a la cuidad en sus fiestas julianas, pero es tambi\u00e9n una muestra del relacionamiento y trabajo conjunto entre la unidad educativa y nuestra universidad, evidenciados en otras presentaciones que los integrantes de la Orquesta Sinf\u00f3nica Juvenil de la UERF han brindado en las instalaciones UArtes, como la V edici\u00f3n del Encuentro de Ni\u00f1os y Ni\u00f1as en las Artes que se realiz\u00f3 en la Biblioteca de las Artes en junio pasado.<\/p>\n\n\n\n<p>Soraya Campos, directora de Servicios Bibliotecarios, destaca la predisposici\u00f3n de la unidad educativa para las actividades que programa tanto la UArtes como su repositorio. Comenta que es por ello que la universidad toma parte del \u201cConcierto de la Libertad\u201d haci\u00e9ndose cargo de su producci\u00f3n.<\/p>\n\n\n<div class=\"wp-block-image\">\n<figure class=\"aligncenter size-large\"><img fetchpriority=\"high\" decoding=\"async\" width=\"644\" height=\"429\" src=\"https:\/\/www.uartes.edu.ec\/sitio\/wp-content\/uploads\/2024\/06\/15-V-ENCUENTRO-NINOS-RIA-644x429.jpg\" alt=\"\" class=\"wp-image-55428\" srcset=\"https:\/\/www.uartes.edu.ec\/sitio\/wp-content\/uploads\/2024\/06\/15-V-ENCUENTRO-NINOS-RIA-644x429.jpg 644w, https:\/\/www.uartes.edu.ec\/sitio\/wp-content\/uploads\/2024\/06\/15-V-ENCUENTRO-NINOS-RIA-300x200.jpg 300w, https:\/\/www.uartes.edu.ec\/sitio\/wp-content\/uploads\/2024\/06\/15-V-ENCUENTRO-NINOS-RIA-768x512.jpg 768w, https:\/\/www.uartes.edu.ec\/sitio\/wp-content\/uploads\/2024\/06\/15-V-ENCUENTRO-NINOS-RIA-1536x1024.jpg 1536w, https:\/\/www.uartes.edu.ec\/sitio\/wp-content\/uploads\/2024\/06\/15-V-ENCUENTRO-NINOS-RIA-18x12.jpg 18w, https:\/\/www.uartes.edu.ec\/sitio\/wp-content\/uploads\/2024\/06\/15-V-ENCUENTRO-NINOS-RIA-600x400.jpg 600w, https:\/\/www.uartes.edu.ec\/sitio\/wp-content\/uploads\/2024\/06\/15-V-ENCUENTRO-NINOS-RIA-400x267.jpg 400w, https:\/\/www.uartes.edu.ec\/sitio\/wp-content\/uploads\/2024\/06\/15-V-ENCUENTRO-NINOS-RIA-272x182.jpg 272w, https:\/\/www.uartes.edu.ec\/sitio\/wp-content\/uploads\/2024\/06\/15-V-ENCUENTRO-NINOS-RIA.jpg 2000w\" sizes=\"(max-width: 644px) 100vw, 644px\" \/><\/figure>\n<\/div>\n\n\n<p>Parsival Castro, director de la UERF, se\u00f1ala que luego de que sus alumnos concluyan su bachillerato en artes seguramente nuestra instituci\u00f3n los recibir\u00e1, de all\u00ed la importancia de fortalecer v\u00ednculos, m\u00e1s a\u00fan en una fecha en que se celebra a Guayaquil.<\/p>\n\n\n\n<p>Agrega que el concierto, que tendr\u00e1 lugar a las 17:00 del martes 23 de julio, fue pensado para evocar la \u00fanica entrevista que tuvieron en su vida los libertadores Sim\u00f3n Bol\u00edvar y Jos\u00e9 de San Mart\u00edn, registrada entre los d\u00edas 26 y 27 de julio. \u201cFue en Guayaquil que se resolvi\u00f3 el destino de la libertad de Sudam\u00e9rica, es por eso que la orquesta tocar\u00e1 una partitura de cada uno de los pa\u00edses sudamericanos que estuvieron involucrados en la independencia\u201d.<\/p>\n\n\n\n<p>Castro menciona, por ejemplo, que de Ecuador se interpretar\u00e1 \u201cGuayaquil p\u00f3rtico de oro\u201d, por haber sido nuestra ciudad sede de dicho encuentro; de Per\u00fa, \u201cLa flor de la canela\u201d; de Paraguay, \u201cEl p\u00e1jaro chogui\u201d; de Chile, \u201cYo vendo unos ojos\u201d; de Venezuela, \u201cEl alma llanera\u201d. Consta tambi\u00e9n en el repertorio m\u00fasica de Colombia y Argentina.&nbsp;<\/p>\n\n\n\n<p>\u201cEn cada partitura vamos a dar algunos tips de lo que fue la independencia. Vamos a ir narrando c\u00f3mo la independencia se desarroll\u00f3 gracias al esfuerzo del pueblo de Guayaquil y al aporte significativo de las tropas de Jos\u00e9 de San Mart\u00edn y de Sim\u00f3n Bol\u00edvar\u201d, se\u00f1ala Castro. &nbsp;<\/p>\n\n\n<div class=\"wp-block-image\">\n<figure class=\"aligncenter size-large\"><img decoding=\"async\" width=\"644\" height=\"429\" src=\"https:\/\/www.uartes.edu.ec\/sitio\/wp-content\/uploads\/2024\/06\/14-V-ENCUENTRO-NINOS-RIA-644x429.jpg\" alt=\"\" class=\"wp-image-55429\" srcset=\"https:\/\/www.uartes.edu.ec\/sitio\/wp-content\/uploads\/2024\/06\/14-V-ENCUENTRO-NINOS-RIA-644x429.jpg 644w, https:\/\/www.uartes.edu.ec\/sitio\/wp-content\/uploads\/2024\/06\/14-V-ENCUENTRO-NINOS-RIA-300x200.jpg 300w, https:\/\/www.uartes.edu.ec\/sitio\/wp-content\/uploads\/2024\/06\/14-V-ENCUENTRO-NINOS-RIA-768x512.jpg 768w, https:\/\/www.uartes.edu.ec\/sitio\/wp-content\/uploads\/2024\/06\/14-V-ENCUENTRO-NINOS-RIA-1536x1024.jpg 1536w, https:\/\/www.uartes.edu.ec\/sitio\/wp-content\/uploads\/2024\/06\/14-V-ENCUENTRO-NINOS-RIA-18x12.jpg 18w, https:\/\/www.uartes.edu.ec\/sitio\/wp-content\/uploads\/2024\/06\/14-V-ENCUENTRO-NINOS-RIA-600x400.jpg 600w, https:\/\/www.uartes.edu.ec\/sitio\/wp-content\/uploads\/2024\/06\/14-V-ENCUENTRO-NINOS-RIA-400x267.jpg 400w, https:\/\/www.uartes.edu.ec\/sitio\/wp-content\/uploads\/2024\/06\/14-V-ENCUENTRO-NINOS-RIA-272x182.jpg 272w, https:\/\/www.uartes.edu.ec\/sitio\/wp-content\/uploads\/2024\/06\/14-V-ENCUENTRO-NINOS-RIA.jpg 2000w\" sizes=\"(max-width: 644px) 100vw, 644px\" \/><\/figure>\n<\/div>\n\n\n<p>Al consultarle sobre los inicios y trayectoria de la Orquesta Sinf\u00f3nica Juvenil de la UERF, Parsival Castro indica que se fund\u00f3 en el 2010 y que ha tenido presentaciones en varias ciudades del pa\u00eds \u2013adem\u00e1s de Guayaquil: Quito, Cuenca, Ambato, Riobamba, Salinas, Quevedo y Yaguachi\u2013 y ha estado tambi\u00e9n en escenarios internacionales de Latinoam\u00e9rica y espacios como en el programa Los Caminos del Barroco, que tiene sede en Sarreburgo, Francia.<\/p>\n\n\n\n<p>\u201cDe la agrupaci\u00f3n han salido 22 estudiantes que actualmente est\u00e1n cursando estudios superiores de m\u00fasica en Francia\u201d, comenta Castro y adelante que para el \u201cConcierto a la Libertad\u201d la orquesta estar\u00e1 dirigida por el maestro Manuel Mendoza, quien es director de la orquesta del Conservatorio de Estrasburgo y vino al pa\u00eds para dirigir un concierto con la Filarm\u00f3nica de Guayaquil. \u201cManuel se gradu\u00f3 en el colegio y tuvo a su cargo la direcci\u00f3n de la Orquesta Sinf\u00f3nica Juvenil\u201d.<\/p>\n\n\n\n<p>Las im\u00e1genes corresponden a una parte de la Orquesta Sinf\u00f3nica Juvenil de la Unidad Educativa Rep\u00fablica de Francia en la presentaci\u00f3n que brind\u00f3, en junio pasado, en el V Encuentro de Ni\u00f1os y Ni\u00f1as en las Artes realizado en la Sala R\u00eda. <\/p>","protected":false},"excerpt":{"rendered":"<p>En el hemiciclo de la Rotonda del Malec\u00f3n 2000, all\u00ed donde los monumentos de Sim\u00f3n Bol\u00edvar y Jos\u00e9 de San Mart\u00edn perennizan el encuentro que los generales tuvieron en el Guayaquil de 1822, marcando el rumbo de la independencia latinoamericana, la Orquesta Sinf\u00f3nica Juvenil de la Unidad Educativa Rep\u00fablica de Francia dar\u00e1 el 23 de julio, a las 17:00, un \u201cConcierto a la libertad\u201d con la colaboraci\u00f3n de la UArtes.<\/p>","protected":false},"author":10,"featured_media":55421,"comment_status":"open","ping_status":"open","sticky":false,"template":"","format":"standard","meta":{"_acf_changed":false,"_uag_custom_page_level_css":"","_monsterinsights_skip_tracking":false,"_monsterinsights_sitenote_active":false,"_monsterinsights_sitenote_note":"","_monsterinsights_sitenote_category":0,"cybocfi_hide_featured_image":"","footnotes":""},"categories":[80,82,77,79],"tags":[780],"infouartes":[],"class_list":["post-58860","post","type-post","status-publish","format-standard","has-post-thumbnail","hentry","category-academico","category-artes","category-gestion","category-vinculo","tag-biblioteca-de-las-artes"],"acf":[],"yoast_head":"<!-- This site is optimized with the Yoast SEO plugin v27.4 - https:\/\/yoast.com\/product\/yoast-seo-wordpress\/ -->\n<title>Universidad de las Artes - UArtes colabora con la Unidad Educativa Rep\u00fablica de Francia para \u201cConcierto a la libertad\u201d de su Orquesta Sinf\u00f3nica Juvenil<\/title>\n<meta name=\"description\" content=\"Universidad de las Artes - UArtes colabora con la Unidad Educativa Rep\u00fablica de Francia para \u201cConcierto a la libertad\u201d de su Orquesta Sinf\u00f3nica Juvenil\" \/>\n<meta name=\"robots\" content=\"index, follow, max-snippet:-1, max-image-preview:large, max-video-preview:-1\" \/>\n<link rel=\"canonical\" href=\"https:\/\/www.uartes.edu.ec\/sitio\/fr\/blog\/2024\/07\/18\/uartes-colabora-con-la-unidad-educativa-republica-de-francia-para-concierto-a-la-libertad-de-su-orquesta-sinfonica-juvenil\/\" \/>\n<meta property=\"og:locale\" content=\"fr_FR\" \/>\n<meta property=\"og:type\" content=\"article\" \/>\n<meta property=\"og:title\" content=\"Universidad de las Artes - UArtes colabora con la Unidad Educativa Rep\u00fablica de Francia para \u201cConcierto a la libertad\u201d de su Orquesta Sinf\u00f3nica Juvenil\" \/>\n<meta property=\"og:description\" content=\"Universidad de las Artes - UArtes colabora con la Unidad Educativa Rep\u00fablica de Francia para \u201cConcierto a la libertad\u201d de su Orquesta Sinf\u00f3nica Juvenil\" \/>\n<meta property=\"og:url\" content=\"https:\/\/www.uartes.edu.ec\/sitio\/fr\/blog\/2024\/07\/18\/uartes-colabora-con-la-unidad-educativa-republica-de-francia-para-concierto-a-la-libertad-de-su-orquesta-sinfonica-juvenil\/\" \/>\n<meta property=\"og:site_name\" content=\"Universidad de las Artes\" \/>\n<meta property=\"article:publisher\" content=\"https:\/\/www.facebook.com\/uartesec\" \/>\n<meta property=\"article:published_time\" content=\"2024-07-18T22:44:00+00:00\" \/>\n<meta property=\"article:modified_time\" content=\"2024-07-22T02:58:09+00:00\" \/>\n<meta property=\"og:image\" content=\"https:\/\/www.uartes.edu.ec\/sitio\/wp-content\/uploads\/2024\/06\/11-V-ENCUENTRO-NINOS-RIA.jpg\" \/>\n\t<meta property=\"og:image:width\" content=\"2000\" \/>\n\t<meta property=\"og:image:height\" content=\"1333\" \/>\n\t<meta property=\"og:image:type\" content=\"image\/jpeg\" \/>\n<meta name=\"author\" content=\"ccortez\" \/>\n<meta name=\"twitter:card\" content=\"summary_large_image\" \/>\n<meta name=\"twitter:creator\" content=\"@uartesec\" \/>\n<meta name=\"twitter:site\" content=\"@uartesec\" \/>\n<meta name=\"twitter:label1\" content=\"\u00c9crit par\" \/>\n\t<meta name=\"twitter:data1\" content=\"ccortez\" \/>\n\t<meta name=\"twitter:label2\" content=\"Dur\u00e9e de lecture estim\u00e9e\" \/>\n\t<meta name=\"twitter:data2\" content=\"1 minute\" \/>\n<script type=\"application\/ld+json\" class=\"yoast-schema-graph\">{\"@context\":\"https:\\\/\\\/schema.org\",\"@graph\":[{\"@type\":\"Article\",\"@id\":\"https:\\\/\\\/www.uartes.edu.ec\\\/sitio\\\/fr\\\/blog\\\/2024\\\/07\\\/18\\\/uartes-colabora-con-la-unidad-educativa-republica-de-francia-para-concierto-a-la-libertad-de-su-orquesta-sinfonica-juvenil\\\/#article\",\"isPartOf\":{\"@id\":\"https:\\\/\\\/www.uartes.edu.ec\\\/sitio\\\/fr\\\/blog\\\/2024\\\/07\\\/18\\\/uartes-colabora-con-la-unidad-educativa-republica-de-francia-para-concierto-a-la-libertad-de-su-orquesta-sinfonica-juvenil\\\/\"},\"author\":{\"name\":\"ccortez\",\"@id\":\"https:\\\/\\\/www.uartes.edu.ec\\\/sitio\\\/fr\\\/#\\\/schema\\\/person\\\/efa1b8275797664fd7f13a79ccc0b1f4\"},\"headline\":\"UArtes colabora con la Unidad Educativa Rep\u00fablica de Francia para \u201cConcierto a la libertad\u201d de su Orquesta Sinf\u00f3nica Juvenil\",\"datePublished\":\"2024-07-18T22:44:00+00:00\",\"dateModified\":\"2024-07-22T02:58:09+00:00\",\"mainEntityOfPage\":{\"@id\":\"https:\\\/\\\/www.uartes.edu.ec\\\/sitio\\\/fr\\\/blog\\\/2024\\\/07\\\/18\\\/uartes-colabora-con-la-unidad-educativa-republica-de-francia-para-concierto-a-la-libertad-de-su-orquesta-sinfonica-juvenil\\\/\"},\"wordCount\":667,\"commentCount\":0,\"publisher\":{\"@id\":\"https:\\\/\\\/www.uartes.edu.ec\\\/sitio\\\/fr\\\/#organization\"},\"image\":{\"@id\":\"https:\\\/\\\/www.uartes.edu.ec\\\/sitio\\\/fr\\\/blog\\\/2024\\\/07\\\/18\\\/uartes-colabora-con-la-unidad-educativa-republica-de-francia-para-concierto-a-la-libertad-de-su-orquesta-sinfonica-juvenil\\\/#primaryimage\"},\"thumbnailUrl\":\"https:\\\/\\\/www.uartes.edu.ec\\\/sitio\\\/wp-content\\\/uploads\\\/2024\\\/06\\\/11-V-ENCUENTRO-NINOS-RIA.jpg\",\"keywords\":[\"biblioteca de las artes\"],\"articleSection\":[\"Acad\u00e9mico\",\"Artes\",\"Gesti\u00f3n\",\"V\u00ednculo\"],\"inLanguage\":\"fr-FR\",\"potentialAction\":[{\"@type\":\"CommentAction\",\"name\":\"Comment\",\"target\":[\"https:\\\/\\\/www.uartes.edu.ec\\\/sitio\\\/fr\\\/blog\\\/2024\\\/07\\\/18\\\/uartes-colabora-con-la-unidad-educativa-republica-de-francia-para-concierto-a-la-libertad-de-su-orquesta-sinfonica-juvenil\\\/#respond\"]}]},{\"@type\":[\"WebPage\",\"ItemPage\"],\"@id\":\"https:\\\/\\\/www.uartes.edu.ec\\\/sitio\\\/fr\\\/blog\\\/2024\\\/07\\\/18\\\/uartes-colabora-con-la-unidad-educativa-republica-de-francia-para-concierto-a-la-libertad-de-su-orquesta-sinfonica-juvenil\\\/\",\"url\":\"https:\\\/\\\/www.uartes.edu.ec\\\/sitio\\\/fr\\\/blog\\\/2024\\\/07\\\/18\\\/uartes-colabora-con-la-unidad-educativa-republica-de-francia-para-concierto-a-la-libertad-de-su-orquesta-sinfonica-juvenil\\\/\",\"name\":\"Universidad de las Artes - UArtes colabora con la Unidad Educativa Rep\u00fablica de Francia para \u201cConcierto a la libertad\u201d de su Orquesta Sinf\u00f3nica Juvenil\",\"isPartOf\":{\"@id\":\"https:\\\/\\\/www.uartes.edu.ec\\\/sitio\\\/fr\\\/#website\"},\"primaryImageOfPage\":{\"@id\":\"https:\\\/\\\/www.uartes.edu.ec\\\/sitio\\\/fr\\\/blog\\\/2024\\\/07\\\/18\\\/uartes-colabora-con-la-unidad-educativa-republica-de-francia-para-concierto-a-la-libertad-de-su-orquesta-sinfonica-juvenil\\\/#primaryimage\"},\"image\":{\"@id\":\"https:\\\/\\\/www.uartes.edu.ec\\\/sitio\\\/fr\\\/blog\\\/2024\\\/07\\\/18\\\/uartes-colabora-con-la-unidad-educativa-republica-de-francia-para-concierto-a-la-libertad-de-su-orquesta-sinfonica-juvenil\\\/#primaryimage\"},\"thumbnailUrl\":\"https:\\\/\\\/www.uartes.edu.ec\\\/sitio\\\/wp-content\\\/uploads\\\/2024\\\/06\\\/11-V-ENCUENTRO-NINOS-RIA.jpg\",\"datePublished\":\"2024-07-18T22:44:00+00:00\",\"dateModified\":\"2024-07-22T02:58:09+00:00\",\"description\":\"Universidad de las Artes - UArtes colabora con la Unidad Educativa Rep\u00fablica de Francia para \u201cConcierto a la libertad\u201d de su Orquesta Sinf\u00f3nica Juvenil\",\"breadcrumb\":{\"@id\":\"https:\\\/\\\/www.uartes.edu.ec\\\/sitio\\\/fr\\\/blog\\\/2024\\\/07\\\/18\\\/uartes-colabora-con-la-unidad-educativa-republica-de-francia-para-concierto-a-la-libertad-de-su-orquesta-sinfonica-juvenil\\\/#breadcrumb\"},\"inLanguage\":\"fr-FR\",\"potentialAction\":[{\"@type\":\"ReadAction\",\"target\":[\"https:\\\/\\\/www.uartes.edu.ec\\\/sitio\\\/fr\\\/blog\\\/2024\\\/07\\\/18\\\/uartes-colabora-con-la-unidad-educativa-republica-de-francia-para-concierto-a-la-libertad-de-su-orquesta-sinfonica-juvenil\\\/\"]}]},{\"@type\":\"ImageObject\",\"inLanguage\":\"fr-FR\",\"@id\":\"https:\\\/\\\/www.uartes.edu.ec\\\/sitio\\\/fr\\\/blog\\\/2024\\\/07\\\/18\\\/uartes-colabora-con-la-unidad-educativa-republica-de-francia-para-concierto-a-la-libertad-de-su-orquesta-sinfonica-juvenil\\\/#primaryimage\",\"url\":\"https:\\\/\\\/www.uartes.edu.ec\\\/sitio\\\/wp-content\\\/uploads\\\/2024\\\/06\\\/11-V-ENCUENTRO-NINOS-RIA.jpg\",\"contentUrl\":\"https:\\\/\\\/www.uartes.edu.ec\\\/sitio\\\/wp-content\\\/uploads\\\/2024\\\/06\\\/11-V-ENCUENTRO-NINOS-RIA.jpg\",\"width\":2000,\"height\":1333},{\"@type\":\"BreadcrumbList\",\"@id\":\"https:\\\/\\\/www.uartes.edu.ec\\\/sitio\\\/fr\\\/blog\\\/2024\\\/07\\\/18\\\/uartes-colabora-con-la-unidad-educativa-republica-de-francia-para-concierto-a-la-libertad-de-su-orquesta-sinfonica-juvenil\\\/#breadcrumb\",\"itemListElement\":[{\"@type\":\"ListItem\",\"position\":1,\"name\":\"Inicio\",\"item\":\"https:\\\/\\\/www.uartes.edu.ec\\\/sitio\\\/\"},{\"@type\":\"ListItem\",\"position\":2,\"name\":\"UArtes colabora con la Unidad Educativa Rep\u00fablica de Francia para \u201cConcierto a la libertad\u201d de su Orquesta Sinf\u00f3nica Juvenil\"}]},{\"@type\":\"WebSite\",\"@id\":\"https:\\\/\\\/www.uartes.edu.ec\\\/sitio\\\/fr\\\/#website\",\"url\":\"https:\\\/\\\/www.uartes.edu.ec\\\/sitio\\\/fr\\\/\",\"name\":\"Universidad de las Artes\",\"description\":\"Sitio oficial de la Universidad Nacional de las Artes del Ecuador\",\"publisher\":{\"@id\":\"https:\\\/\\\/www.uartes.edu.ec\\\/sitio\\\/fr\\\/#organization\"},\"potentialAction\":[{\"@type\":\"SearchAction\",\"target\":{\"@type\":\"EntryPoint\",\"urlTemplate\":\"https:\\\/\\\/www.uartes.edu.ec\\\/sitio\\\/fr\\\/?s={search_term_string}\"},\"query-input\":{\"@type\":\"PropertyValueSpecification\",\"valueRequired\":true,\"valueName\":\"search_term_string\"}}],\"inLanguage\":\"fr-FR\"},{\"@type\":\"Organization\",\"@id\":\"https:\\\/\\\/www.uartes.edu.ec\\\/sitio\\\/fr\\\/#organization\",\"name\":\"Universidad de las Artes\",\"url\":\"https:\\\/\\\/www.uartes.edu.ec\\\/sitio\\\/fr\\\/\",\"logo\":{\"@type\":\"ImageObject\",\"inLanguage\":\"fr-FR\",\"@id\":\"https:\\\/\\\/www.uartes.edu.ec\\\/sitio\\\/fr\\\/#\\\/schema\\\/logo\\\/image\\\/\",\"url\":\"https:\\\/\\\/www.uartes.edu.ec\\\/sitio\\\/wp-content\\\/uploads\\\/2022\\\/07\\\/logo-ua-horizontal.png\",\"contentUrl\":\"https:\\\/\\\/www.uartes.edu.ec\\\/sitio\\\/wp-content\\\/uploads\\\/2022\\\/07\\\/logo-ua-horizontal.png\",\"width\":800,\"height\":276,\"caption\":\"Universidad de las Artes\"},\"image\":{\"@id\":\"https:\\\/\\\/www.uartes.edu.ec\\\/sitio\\\/fr\\\/#\\\/schema\\\/logo\\\/image\\\/\"},\"sameAs\":[\"https:\\\/\\\/www.facebook.com\\\/uartesec\",\"https:\\\/\\\/x.com\\\/uartesec\",\"https:\\\/\\\/www.tiktok.com\\\/@uartesec\"]},{\"@type\":\"Person\",\"@id\":\"https:\\\/\\\/www.uartes.edu.ec\\\/sitio\\\/fr\\\/#\\\/schema\\\/person\\\/efa1b8275797664fd7f13a79ccc0b1f4\",\"name\":\"ccortez\",\"image\":{\"@type\":\"ImageObject\",\"inLanguage\":\"fr-FR\",\"@id\":\"https:\\\/\\\/secure.gravatar.com\\\/avatar\\\/b2a6f664a3ae8e074346ef91775736c5ec479e637ecced6842de9dc98b5da9cd?s=96&d=mm&r=g\",\"url\":\"https:\\\/\\\/secure.gravatar.com\\\/avatar\\\/b2a6f664a3ae8e074346ef91775736c5ec479e637ecced6842de9dc98b5da9cd?s=96&d=mm&r=g\",\"contentUrl\":\"https:\\\/\\\/secure.gravatar.com\\\/avatar\\\/b2a6f664a3ae8e074346ef91775736c5ec479e637ecced6842de9dc98b5da9cd?s=96&d=mm&r=g\",\"caption\":\"ccortez\"},\"url\":\"https:\\\/\\\/www.uartes.edu.ec\\\/sitio\\\/fr\\\/blog\\\/author\\\/ccortez\\\/\"}]}<\/script>\n<!-- \/ Yoast SEO plugin. -->","yoast_head_json":{"title":"Universidad de las Artes - UArtes colabora con la Unidad Educativa Rep\u00fablica de Francia para \u201cConcierto a la libertad\u201d de su Orquesta Sinf\u00f3nica Juvenil","description":"Universidad de las Artes - UArtes colabora con la Unidad Educativa Rep\u00fablica de Francia para \u201cConcierto a la libertad\u201d de su Orquesta Sinf\u00f3nica Juvenil","robots":{"index":"index","follow":"follow","max-snippet":"max-snippet:-1","max-image-preview":"max-image-preview:large","max-video-preview":"max-video-preview:-1"},"canonical":"https:\/\/www.uartes.edu.ec\/sitio\/fr\/blog\/2024\/07\/18\/uartes-colabora-con-la-unidad-educativa-republica-de-francia-para-concierto-a-la-libertad-de-su-orquesta-sinfonica-juvenil\/","og_locale":"fr_FR","og_type":"article","og_title":"Universidad de las Artes - UArtes colabora con la Unidad Educativa Rep\u00fablica de Francia para \u201cConcierto a la libertad\u201d de su Orquesta Sinf\u00f3nica Juvenil","og_description":"Universidad de las Artes - UArtes colabora con la Unidad Educativa Rep\u00fablica de Francia para \u201cConcierto a la libertad\u201d de su Orquesta Sinf\u00f3nica Juvenil","og_url":"https:\/\/www.uartes.edu.ec\/sitio\/fr\/blog\/2024\/07\/18\/uartes-colabora-con-la-unidad-educativa-republica-de-francia-para-concierto-a-la-libertad-de-su-orquesta-sinfonica-juvenil\/","og_site_name":"Universidad de las Artes","article_publisher":"https:\/\/www.facebook.com\/uartesec","article_published_time":"2024-07-18T22:44:00+00:00","article_modified_time":"2024-07-22T02:58:09+00:00","og_image":[{"width":2000,"height":1333,"url":"https:\/\/www.uartes.edu.ec\/sitio\/wp-content\/uploads\/2024\/06\/11-V-ENCUENTRO-NINOS-RIA.jpg","type":"image\/jpeg"}],"author":"ccortez","twitter_card":"summary_large_image","twitter_creator":"@uartesec","twitter_site":"@uartesec","twitter_misc":{"\u00c9crit par":"ccortez","Dur\u00e9e de lecture estim\u00e9e":"1 minute"},"schema":{"@context":"https:\/\/schema.org","@graph":[{"@type":"Article","@id":"https:\/\/www.uartes.edu.ec\/sitio\/fr\/blog\/2024\/07\/18\/uartes-colabora-con-la-unidad-educativa-republica-de-francia-para-concierto-a-la-libertad-de-su-orquesta-sinfonica-juvenil\/#article","isPartOf":{"@id":"https:\/\/www.uartes.edu.ec\/sitio\/fr\/blog\/2024\/07\/18\/uartes-colabora-con-la-unidad-educativa-republica-de-francia-para-concierto-a-la-libertad-de-su-orquesta-sinfonica-juvenil\/"},"author":{"name":"ccortez","@id":"https:\/\/www.uartes.edu.ec\/sitio\/fr\/#\/schema\/person\/efa1b8275797664fd7f13a79ccc0b1f4"},"headline":"UArtes colabora con la Unidad Educativa Rep\u00fablica de Francia para \u201cConcierto a la libertad\u201d de su Orquesta Sinf\u00f3nica Juvenil","datePublished":"2024-07-18T22:44:00+00:00","dateModified":"2024-07-22T02:58:09+00:00","mainEntityOfPage":{"@id":"https:\/\/www.uartes.edu.ec\/sitio\/fr\/blog\/2024\/07\/18\/uartes-colabora-con-la-unidad-educativa-republica-de-francia-para-concierto-a-la-libertad-de-su-orquesta-sinfonica-juvenil\/"},"wordCount":667,"commentCount":0,"publisher":{"@id":"https:\/\/www.uartes.edu.ec\/sitio\/fr\/#organization"},"image":{"@id":"https:\/\/www.uartes.edu.ec\/sitio\/fr\/blog\/2024\/07\/18\/uartes-colabora-con-la-unidad-educativa-republica-de-francia-para-concierto-a-la-libertad-de-su-orquesta-sinfonica-juvenil\/#primaryimage"},"thumbnailUrl":"https:\/\/www.uartes.edu.ec\/sitio\/wp-content\/uploads\/2024\/06\/11-V-ENCUENTRO-NINOS-RIA.jpg","keywords":["biblioteca de las artes"],"articleSection":["Acad\u00e9mico","Artes","Gesti\u00f3n","V\u00ednculo"],"inLanguage":"fr-FR","potentialAction":[{"@type":"CommentAction","name":"Comment","target":["https:\/\/www.uartes.edu.ec\/sitio\/fr\/blog\/2024\/07\/18\/uartes-colabora-con-la-unidad-educativa-republica-de-francia-para-concierto-a-la-libertad-de-su-orquesta-sinfonica-juvenil\/#respond"]}]},{"@type":["WebPage","ItemPage"],"@id":"https:\/\/www.uartes.edu.ec\/sitio\/fr\/blog\/2024\/07\/18\/uartes-colabora-con-la-unidad-educativa-republica-de-francia-para-concierto-a-la-libertad-de-su-orquesta-sinfonica-juvenil\/","url":"https:\/\/www.uartes.edu.ec\/sitio\/fr\/blog\/2024\/07\/18\/uartes-colabora-con-la-unidad-educativa-republica-de-francia-para-concierto-a-la-libertad-de-su-orquesta-sinfonica-juvenil\/","name":"Universidad de las Artes - UArtes colabora con la Unidad Educativa Rep\u00fablica de Francia para \u201cConcierto a la libertad\u201d de su Orquesta Sinf\u00f3nica Juvenil","isPartOf":{"@id":"https:\/\/www.uartes.edu.ec\/sitio\/fr\/#website"},"primaryImageOfPage":{"@id":"https:\/\/www.uartes.edu.ec\/sitio\/fr\/blog\/2024\/07\/18\/uartes-colabora-con-la-unidad-educativa-republica-de-francia-para-concierto-a-la-libertad-de-su-orquesta-sinfonica-juvenil\/#primaryimage"},"image":{"@id":"https:\/\/www.uartes.edu.ec\/sitio\/fr\/blog\/2024\/07\/18\/uartes-colabora-con-la-unidad-educativa-republica-de-francia-para-concierto-a-la-libertad-de-su-orquesta-sinfonica-juvenil\/#primaryimage"},"thumbnailUrl":"https:\/\/www.uartes.edu.ec\/sitio\/wp-content\/uploads\/2024\/06\/11-V-ENCUENTRO-NINOS-RIA.jpg","datePublished":"2024-07-18T22:44:00+00:00","dateModified":"2024-07-22T02:58:09+00:00","description":"Universidad de las Artes - UArtes colabora con la Unidad Educativa Rep\u00fablica de Francia para \u201cConcierto a la libertad\u201d de su Orquesta Sinf\u00f3nica Juvenil","breadcrumb":{"@id":"https:\/\/www.uartes.edu.ec\/sitio\/fr\/blog\/2024\/07\/18\/uartes-colabora-con-la-unidad-educativa-republica-de-francia-para-concierto-a-la-libertad-de-su-orquesta-sinfonica-juvenil\/#breadcrumb"},"inLanguage":"fr-FR","potentialAction":[{"@type":"ReadAction","target":["https:\/\/www.uartes.edu.ec\/sitio\/fr\/blog\/2024\/07\/18\/uartes-colabora-con-la-unidad-educativa-republica-de-francia-para-concierto-a-la-libertad-de-su-orquesta-sinfonica-juvenil\/"]}]},{"@type":"ImageObject","inLanguage":"fr-FR","@id":"https:\/\/www.uartes.edu.ec\/sitio\/fr\/blog\/2024\/07\/18\/uartes-colabora-con-la-unidad-educativa-republica-de-francia-para-concierto-a-la-libertad-de-su-orquesta-sinfonica-juvenil\/#primaryimage","url":"https:\/\/www.uartes.edu.ec\/sitio\/wp-content\/uploads\/2024\/06\/11-V-ENCUENTRO-NINOS-RIA.jpg","contentUrl":"https:\/\/www.uartes.edu.ec\/sitio\/wp-content\/uploads\/2024\/06\/11-V-ENCUENTRO-NINOS-RIA.jpg","width":2000,"height":1333},{"@type":"BreadcrumbList","@id":"https:\/\/www.uartes.edu.ec\/sitio\/fr\/blog\/2024\/07\/18\/uartes-colabora-con-la-unidad-educativa-republica-de-francia-para-concierto-a-la-libertad-de-su-orquesta-sinfonica-juvenil\/#breadcrumb","itemListElement":[{"@type":"ListItem","position":1,"name":"Inicio","item":"https:\/\/www.uartes.edu.ec\/sitio\/"},{"@type":"ListItem","position":2,"name":"UArtes colabora con la Unidad Educativa Rep\u00fablica de Francia para \u201cConcierto a la libertad\u201d de su Orquesta Sinf\u00f3nica Juvenil"}]},{"@type":"WebSite","@id":"https:\/\/www.uartes.edu.ec\/sitio\/fr\/#website","url":"https:\/\/www.uartes.edu.ec\/sitio\/fr\/","name":"Universidad de las Artes","description":"Sitio oficial de la Universidad Nacional de las Artes del Ecuador","publisher":{"@id":"https:\/\/www.uartes.edu.ec\/sitio\/fr\/#organization"},"potentialAction":[{"@type":"SearchAction","target":{"@type":"EntryPoint","urlTemplate":"https:\/\/www.uartes.edu.ec\/sitio\/fr\/?s={search_term_string}"},"query-input":{"@type":"PropertyValueSpecification","valueRequired":true,"valueName":"search_term_string"}}],"inLanguage":"fr-FR"},{"@type":"Organization","@id":"https:\/\/www.uartes.edu.ec\/sitio\/fr\/#organization","name":"Universidad de las Artes","url":"https:\/\/www.uartes.edu.ec\/sitio\/fr\/","logo":{"@type":"ImageObject","inLanguage":"fr-FR","@id":"https:\/\/www.uartes.edu.ec\/sitio\/fr\/#\/schema\/logo\/image\/","url":"https:\/\/www.uartes.edu.ec\/sitio\/wp-content\/uploads\/2022\/07\/logo-ua-horizontal.png","contentUrl":"https:\/\/www.uartes.edu.ec\/sitio\/wp-content\/uploads\/2022\/07\/logo-ua-horizontal.png","width":800,"height":276,"caption":"Universidad de las Artes"},"image":{"@id":"https:\/\/www.uartes.edu.ec\/sitio\/fr\/#\/schema\/logo\/image\/"},"sameAs":["https:\/\/www.facebook.com\/uartesec","https:\/\/x.com\/uartesec","https:\/\/www.tiktok.com\/@uartesec"]},{"@type":"Person","@id":"https:\/\/www.uartes.edu.ec\/sitio\/fr\/#\/schema\/person\/efa1b8275797664fd7f13a79ccc0b1f4","name":"ccortez","image":{"@type":"ImageObject","inLanguage":"fr-FR","@id":"https:\/\/secure.gravatar.com\/avatar\/b2a6f664a3ae8e074346ef91775736c5ec479e637ecced6842de9dc98b5da9cd?s=96&d=mm&r=g","url":"https:\/\/secure.gravatar.com\/avatar\/b2a6f664a3ae8e074346ef91775736c5ec479e637ecced6842de9dc98b5da9cd?s=96&d=mm&r=g","contentUrl":"https:\/\/secure.gravatar.com\/avatar\/b2a6f664a3ae8e074346ef91775736c5ec479e637ecced6842de9dc98b5da9cd?s=96&d=mm&r=g","caption":"ccortez"},"url":"https:\/\/www.uartes.edu.ec\/sitio\/fr\/blog\/author\/ccortez\/"}]}},"uagb_featured_image_src":{"full":["https:\/\/www.uartes.edu.ec\/sitio\/wp-content\/uploads\/2024\/06\/11-V-ENCUENTRO-NINOS-RIA.jpg",2000,1333,false],"thumbnail":["https:\/\/www.uartes.edu.ec\/sitio\/wp-content\/uploads\/2024\/06\/11-V-ENCUENTRO-NINOS-RIA-150x150.jpg",150,150,true],"medium":["https:\/\/www.uartes.edu.ec\/sitio\/wp-content\/uploads\/2024\/06\/11-V-ENCUENTRO-NINOS-RIA-300x200.jpg",300,200,true],"medium_large":["https:\/\/www.uartes.edu.ec\/sitio\/wp-content\/uploads\/2024\/06\/11-V-ENCUENTRO-NINOS-RIA-768x512.jpg",768,512,true],"large":["https:\/\/www.uartes.edu.ec\/sitio\/wp-content\/uploads\/2024\/06\/11-V-ENCUENTRO-NINOS-RIA-644x429.jpg",644,429,true],"1536x1536":["https:\/\/www.uartes.edu.ec\/sitio\/wp-content\/uploads\/2024\/06\/11-V-ENCUENTRO-NINOS-RIA-1536x1024.jpg",1536,1024,true],"2048x2048":["https:\/\/www.uartes.edu.ec\/sitio\/wp-content\/uploads\/2024\/06\/11-V-ENCUENTRO-NINOS-RIA.jpg",2000,1333,false],"trp-custom-language-flag":["https:\/\/www.uartes.edu.ec\/sitio\/wp-content\/uploads\/2024\/06\/11-V-ENCUENTRO-NINOS-RIA-18x12.jpg",18,12,true],"htmega_size_585x295":["https:\/\/www.uartes.edu.ec\/sitio\/wp-content\/uploads\/2024\/06\/11-V-ENCUENTRO-NINOS-RIA-585x295.jpg",585,295,true],"htmega_size_1170x536":["https:\/\/www.uartes.edu.ec\/sitio\/wp-content\/uploads\/2024\/06\/11-V-ENCUENTRO-NINOS-RIA-1170x536.jpg",1170,536,true],"htmega_size_396x360":["https:\/\/www.uartes.edu.ec\/sitio\/wp-content\/uploads\/2024\/06\/11-V-ENCUENTRO-NINOS-RIA-396x360.jpg",396,360,true],"gb-block-post-grid-landscape":["https:\/\/www.uartes.edu.ec\/sitio\/wp-content\/uploads\/2024\/06\/11-V-ENCUENTRO-NINOS-RIA-600x400.jpg",600,400,true],"gb-block-post-grid-square":["https:\/\/www.uartes.edu.ec\/sitio\/wp-content\/uploads\/2024\/06\/11-V-ENCUENTRO-NINOS-RIA-600x600.jpg",600,600,true],"university-hub-thumb":["https:\/\/www.uartes.edu.ec\/sitio\/wp-content\/uploads\/2024\/06\/11-V-ENCUENTRO-NINOS-RIA-400x267.jpg",400,267,true],"mailpoet_newsletter_max":["https:\/\/www.uartes.edu.ec\/sitio\/wp-content\/uploads\/2024\/06\/11-V-ENCUENTRO-NINOS-RIA.jpg",1320,880,false]},"uagb_author_info":{"display_name":"ccortez","author_link":"https:\/\/www.uartes.edu.ec\/sitio\/fr\/blog\/author\/ccortez\/"},"uagb_comment_info":0,"uagb_excerpt":"En el hemiciclo de la Rotonda del Malec\u00f3n 2000, all\u00ed donde los monumentos de Sim\u00f3n Bol\u00edvar y Jos\u00e9 de San Mart\u00edn perennizan el encuentro que los generales tuvieron en el Guayaquil de 1822, marcando el rumbo de la independencia latinoamericana, la Orquesta Sinf\u00f3nica Juvenil de la Unidad Educativa Rep\u00fablica de Francia dar\u00e1 el 23 de\u2026","featured_image_src":"https:\/\/www.uartes.edu.ec\/sitio\/wp-content\/uploads\/2024\/06\/11-V-ENCUENTRO-NINOS-RIA-600x400.jpg","featured_image_src_square":"https:\/\/www.uartes.edu.ec\/sitio\/wp-content\/uploads\/2024\/06\/11-V-ENCUENTRO-NINOS-RIA-600x600.jpg","author_info":{"display_name":"ccortez","author_link":"https:\/\/www.uartes.edu.ec\/sitio\/fr\/blog\/author\/ccortez\/"},"publishpress_future_workflow_manual_trigger":{"enabledWorkflows":[]},"distributor_meta":false,"distributor_terms":false,"distributor_media":false,"distributor_original_site_name":"Universidad de las Artes","distributor_original_site_url":"https:\/\/www.uartes.edu.ec\/sitio\/fr","push-errors":false,"_links":{"self":[{"href":"https:\/\/www.uartes.edu.ec\/sitio\/fr\/wp-json\/wp\/v2\/posts\/58860","targetHints":{"allow":["GET"]}}],"collection":[{"href":"https:\/\/www.uartes.edu.ec\/sitio\/fr\/wp-json\/wp\/v2\/posts"}],"about":[{"href":"https:\/\/www.uartes.edu.ec\/sitio\/fr\/wp-json\/wp\/v2\/types\/post"}],"author":[{"embeddable":true,"href":"https:\/\/www.uartes.edu.ec\/sitio\/fr\/wp-json\/wp\/v2\/users\/10"}],"replies":[{"embeddable":true,"href":"https:\/\/www.uartes.edu.ec\/sitio\/fr\/wp-json\/wp\/v2\/comments?post=58860"}],"version-history":[{"count":3,"href":"https:\/\/www.uartes.edu.ec\/sitio\/fr\/wp-json\/wp\/v2\/posts\/58860\/revisions"}],"predecessor-version":[{"id":58864,"href":"https:\/\/www.uartes.edu.ec\/sitio\/fr\/wp-json\/wp\/v2\/posts\/58860\/revisions\/58864"}],"wp:featuredmedia":[{"embeddable":true,"href":"https:\/\/www.uartes.edu.ec\/sitio\/fr\/wp-json\/wp\/v2\/media\/55421"}],"wp:attachment":[{"href":"https:\/\/www.uartes.edu.ec\/sitio\/fr\/wp-json\/wp\/v2\/media?parent=58860"}],"wp:term":[{"taxonomy":"category","embeddable":true,"href":"https:\/\/www.uartes.edu.ec\/sitio\/fr\/wp-json\/wp\/v2\/categories?post=58860"},{"taxonomy":"post_tag","embeddable":true,"href":"https:\/\/www.uartes.edu.ec\/sitio\/fr\/wp-json\/wp\/v2\/tags?post=58860"},{"taxonomy":"infouartes","embeddable":true,"href":"https:\/\/www.uartes.edu.ec\/sitio\/fr\/wp-json\/wp\/v2\/infouartes?post=58860"}],"curies":[{"name":"wp","href":"https:\/\/api.w.org\/{rel}","templated":true}]}}