{"id":58992,"date":"2024-07-17T15:16:00","date_gmt":"2024-07-17T20:16:00","guid":{"rendered":"https:\/\/www.uartes.edu.ec\/sitio\/?p=58992"},"modified":"2024-07-22T18:05:16","modified_gmt":"2024-07-22T23:05:16","slug":"con-entrega-de-certificado-cerro-capacitacion-inicial-que-la-uartes-dio-a-integrantes-de-la-banda-de-musica-de-la-cte","status":"publish","type":"post","link":"https:\/\/www.uartes.edu.ec\/sitio\/fr\/blog\/2024\/07\/17\/con-entrega-de-certificado-cerro-capacitacion-inicial-que-la-uartes-dio-a-integrantes-de-la-banda-de-musica-de-la-cte\/","title":{"rendered":"Entrega de certificados cierra capacitaci\u00f3n inicial que la Universidad de las Artes dio a miembros de la Banda de M\u00fasica de la CTE"},"content":{"rendered":"<p>En el marco de las acciones que la Universidad de las Artes ejecuta a trav\u00e9s de su Direcci\u00f3n de Formaci\u00f3n Continua y Escuela de Artes Sonoras, el lunes 15 de julio se realiz\u00f3 el cierre del primer curso de capacitaci\u00f3n a los integrantes de la Banda de M\u00fasica de la Comisi\u00f3n de Tr\u00e1nsito del Ecuador (CTE), quienes recibieron el respectivo certificado de participaci\u00f3n<\/p>\n\n\n\n<p>El acto tuvo lugar en el Pasaje Illingworth del antiguo Palacio de la Gobernaci\u00f3n, sede matriz de la UArtes. Inici\u00f3 con una interpretaci\u00f3n de los agentes m\u00fasicos que recibir\u00edan sus certificados y cont\u00f3 con la participaci\u00f3n de nuestro vicerrector acad\u00e9mico, Bradley Hilgert; de la directora de Formaci\u00f3n Continua, Natalia Tamayo; y de la directora de Vinculaci\u00f3n con la Sociedad, Mar\u00eda Jos\u00e9 Icaza.<\/p>\n\n\n\n<p>Como presentadora intervino Gilda S\u00e1nchez, quien es tambi\u00e9n parte de la Direcci\u00f3n de Formaci\u00f3n Continua, quien se\u00f1al\u00f3 las presencias, por parte de la CTE, del director de Formaci\u00f3n y Desarrollo del Cuerpo de Vigilantes y Agentes Civiles de Tr\u00e1nsito, coronel Luis Villag\u00f3mez; el jefe del Departamento de Cultura F\u00edsica y Deporte, coronel Washington Baja\u00f1a; el director de Formaci\u00f3n de Vigilantes, Daniel DeJanon, entre otros.<\/p>\n\n\n\t\t\t\t\t<div\n\t\t\t\t\t\tclass=\"wp-block-uagb-image-gallery uagb-block-1b868dda\"\n\t\t\t\t\t\tstyle=\"\"\n\t\t\t\t\t>\n\t\t\t\t\t\t\t\t\t\t\t<div class=\"spectra-image-gallery spectra-image-gallery__layout--grid spectra-image-gallery__layout--grid-col-2 spectra-image-gallery__layout--grid-col-tab-2 spectra-image-gallery__layout--grid-col-mob-2\">\n\t\t\t\t\t\t\t\t\t\t\t<div class='spectra-image-gallery__media-wrapper' data-spectra-gallery-image-id='59000' tabindex=\"0\">\n\t\t\t\t\t\t\t<div class=\"spectra-image-gallery__media spectra-image-gallery__media--grid\">\n\t\t\t\t<picture>\n\t\t\t\t\t<source media=\"(min-width: 1024px)\" srcset=\"https:\/\/www.uartes.edu.ec\/sitio\/wp-content\/uploads\/2024\/07\/IMG_9217-644x483.jpg\">\n\t\t\t\t\t<source media=\"(min-width: 768px)\" srcset=\"https:\/\/www.uartes.edu.ec\/sitio\/wp-content\/uploads\/2024\/07\/IMG_9217-644x483.jpg\">\n\t\t\t\t\t<img decoding=\"async\" class=\"spectra-image-gallery__media-thumbnail spectra-image-gallery__media-thumbnail--grid\" src=\"https:\/\/www.uartes.edu.ec\/sitio\/wp-content\/uploads\/2024\/07\/IMG_9217-300x225.jpg\" alt=\"\" loading=\"lazy\" \/>\n\t\t\t\t<\/picture>\n\t\t\t\t<div class=\"spectra-image-gallery__media-thumbnail-blurrer\"><\/div>\n\t\t\t\t\t\t\t\t\t\t\t<div class=\"spectra-image-gallery__media-thumbnail-caption-wrapper spectra-image-gallery__media-thumbnail-caption-wrapper--overlay\">\n\t\t\t\t\t\t\t\t\t\t\t<div class=\"spectra-image-gallery__media-thumbnail-caption spectra-image-gallery__media-thumbnail-caption--overlay\">\n\t\t\t\t\tAucune l\u00e9gende\t\t\t\t<\/div>\n\t\t\t\t\t\t\t\t\t\t<\/div>\n\t\t\t\t\t\t\t\t\t<\/div>\n\t\t\t\t\t\t<\/div>\n\t\t\t\t\t\t<div class='spectra-image-gallery__media-wrapper' data-spectra-gallery-image-id='58997' tabindex=\"0\">\n\t\t\t\t\t\t\t<div class=\"spectra-image-gallery__media spectra-image-gallery__media--grid\">\n\t\t\t\t<picture>\n\t\t\t\t\t<source media=\"(min-width: 1024px)\" srcset=\"https:\/\/www.uartes.edu.ec\/sitio\/wp-content\/uploads\/2024\/07\/01-CTE-UARTES-644x429.jpg\">\n\t\t\t\t\t<source media=\"(min-width: 768px)\" srcset=\"https:\/\/www.uartes.edu.ec\/sitio\/wp-content\/uploads\/2024\/07\/01-CTE-UARTES-644x429.jpg\">\n\t\t\t\t\t<img decoding=\"async\" class=\"spectra-image-gallery__media-thumbnail spectra-image-gallery__media-thumbnail--grid\" src=\"https:\/\/www.uartes.edu.ec\/sitio\/wp-content\/uploads\/2024\/07\/01-CTE-UARTES-300x200.jpg\" alt=\"\" loading=\"lazy\" \/>\n\t\t\t\t<\/picture>\n\t\t\t\t<div class=\"spectra-image-gallery__media-thumbnail-blurrer\"><\/div>\n\t\t\t\t\t\t\t\t\t\t\t<div class=\"spectra-image-gallery__media-thumbnail-caption-wrapper spectra-image-gallery__media-thumbnail-caption-wrapper--overlay\">\n\t\t\t\t\t\t\t\t\t\t\t<div class=\"spectra-image-gallery__media-thumbnail-caption spectra-image-gallery__media-thumbnail-caption--overlay\">\n\t\t\t\t\tAucune l\u00e9gende\t\t\t\t<\/div>\n\t\t\t\t\t\t\t\t\t\t<\/div>\n\t\t\t\t\t\t\t\t\t<\/div>\n\t\t\t\t\t\t<\/div>\n\t\t\t\t\t\t\t\t\t\t<\/div>\n\t\t\t\t\t\t\t\t\t\t\t\t\t\t\t\t\t\t<\/div>\n\t\t\t\t\t\t\t\t\t\n\n\n<p>Fueron 71 los agentes de tr\u00e1nsito de la Banda de M\u00fasica que recibieron la capacitaci\u00f3n, enfocada en el correcto uso de t\u00e9cnicas de respiraci\u00f3n. La imparti\u00f3 el doctor Andrey Aztaiza, docente de la Escuela de Artes Sonoras, quien en su intervenci\u00f3n destac\u00f3 el desarrollo de la primera fase de un proyecto que busca profesionalizarlos. \u201cSon maestros y han llegado a este importante punto de su vida art\u00edstica, ya es momento de que vean a la UArtes como su casa\u201d, expres\u00f3.<\/p>\n\n\n\n<p>Astaiza hizo referencia al programa que la UArtes mantiene con la Prefectura: la Escuela de las Artes del Guayas, la cual nos moviliza a los cantones de esta provincia: junto con Guayaquil constan Nobol, Daule, Marcelino Maridue\u00f1a, Sim\u00f3n Bol\u00edvar, Dur\u00e1n (Isla Santay) y Milagro, subray\u00f3 Astaiza que dijo mencionarlo pensando en la posibilidad de que los m\u00fasicos certificados puedan compartir sus conocimientos con los m\u00e1s j\u00f3venes.<\/p>\n\n\n\n<p>El vicerrector acad\u00e9mico Bradley Hilgert habl\u00f3 de la misi\u00f3n de nuestra universidad de formar profesionales en el campo de las artes y en su Modelo Educativo Pedag\u00f3gico, que se fundamenta en&nbsp;sentipensar, saber cuidar y saber crear, principios que tienen como objetivo formar artistas de excelencia, con una profundidad \u00e9tica y sensibilidad.&nbsp; &nbsp;&nbsp;<\/p>\n\n\n\t\t\t\t\t<div\n\t\t\t\t\t\tclass=\"wp-block-uagb-image-gallery uagb-block-08b61ebf\"\n\t\t\t\t\t\tstyle=\"\"\n\t\t\t\t\t>\n\t\t\t\t\t\t\t\t\t\t\t<div class=\"spectra-image-gallery spectra-image-gallery__layout--grid spectra-image-gallery__layout--grid-col-3 spectra-image-gallery__layout--grid-col-tab-3 spectra-image-gallery__layout--grid-col-mob-2\">\n\t\t\t\t\t\t\t\t\t\t\t<div class='spectra-image-gallery__media-wrapper' data-spectra-gallery-image-id='59016' tabindex=\"0\">\n\t\t\t\t\t\t\t<div class=\"spectra-image-gallery__media spectra-image-gallery__media--grid\">\n\t\t\t\t<picture>\n\t\t\t\t\t<source media=\"(min-width: 1024px)\" srcset=\"https:\/\/www.uartes.edu.ec\/sitio\/wp-content\/uploads\/2024\/07\/CTE0-644x483.jpg\">\n\t\t\t\t\t<source media=\"(min-width: 768px)\" srcset=\"https:\/\/www.uartes.edu.ec\/sitio\/wp-content\/uploads\/2024\/07\/CTE0-644x483.jpg\">\n\t\t\t\t\t<img decoding=\"async\" class=\"spectra-image-gallery__media-thumbnail spectra-image-gallery__media-thumbnail--grid\" src=\"https:\/\/www.uartes.edu.ec\/sitio\/wp-content\/uploads\/2024\/07\/CTE0-300x225.jpg\" alt=\"\" loading=\"lazy\" \/>\n\t\t\t\t<\/picture>\n\t\t\t\t<div class=\"spectra-image-gallery__media-thumbnail-blurrer\"><\/div>\n\t\t\t\t\t\t\t\t\t\t\t<div class=\"spectra-image-gallery__media-thumbnail-caption-wrapper spectra-image-gallery__media-thumbnail-caption-wrapper--overlay\">\n\t\t\t\t\t\t\t\t\t\t\t<div class=\"spectra-image-gallery__media-thumbnail-caption spectra-image-gallery__media-thumbnail-caption--overlay\">\n\t\t\t\t\tAucune l\u00e9gende\t\t\t\t<\/div>\n\t\t\t\t\t\t\t\t\t\t<\/div>\n\t\t\t\t\t\t\t\t\t<\/div>\n\t\t\t\t\t\t<\/div>\n\t\t\t\t\t\t<div class='spectra-image-gallery__media-wrapper' data-spectra-gallery-image-id='59017' tabindex=\"0\">\n\t\t\t\t\t\t\t<div class=\"spectra-image-gallery__media spectra-image-gallery__media--grid\">\n\t\t\t\t<picture>\n\t\t\t\t\t<source media=\"(min-width: 1024px)\" srcset=\"https:\/\/www.uartes.edu.ec\/sitio\/wp-content\/uploads\/2024\/07\/CTEB-644x438.jpg\">\n\t\t\t\t\t<source media=\"(min-width: 768px)\" srcset=\"https:\/\/www.uartes.edu.ec\/sitio\/wp-content\/uploads\/2024\/07\/CTEB-644x438.jpg\">\n\t\t\t\t\t<img decoding=\"async\" class=\"spectra-image-gallery__media-thumbnail spectra-image-gallery__media-thumbnail--grid\" src=\"https:\/\/www.uartes.edu.ec\/sitio\/wp-content\/uploads\/2024\/07\/CTEB-300x204.jpg\" alt=\"\" loading=\"lazy\" \/>\n\t\t\t\t<\/picture>\n\t\t\t\t<div class=\"spectra-image-gallery__media-thumbnail-blurrer\"><\/div>\n\t\t\t\t\t\t\t\t\t\t\t<div class=\"spectra-image-gallery__media-thumbnail-caption-wrapper spectra-image-gallery__media-thumbnail-caption-wrapper--overlay\">\n\t\t\t\t\t\t\t\t\t\t\t<div class=\"spectra-image-gallery__media-thumbnail-caption spectra-image-gallery__media-thumbnail-caption--overlay\">\n\t\t\t\t\tAucune l\u00e9gende\t\t\t\t<\/div>\n\t\t\t\t\t\t\t\t\t\t<\/div>\n\t\t\t\t\t\t\t\t\t<\/div>\n\t\t\t\t\t\t<\/div>\n\t\t\t\t\t\t<div class='spectra-image-gallery__media-wrapper' data-spectra-gallery-image-id='59018' tabindex=\"0\">\n\t\t\t\t\t\t\t<div class=\"spectra-image-gallery__media spectra-image-gallery__media--grid\">\n\t\t\t\t<picture>\n\t\t\t\t\t<source media=\"(min-width: 1024px)\" srcset=\"https:\/\/www.uartes.edu.ec\/sitio\/wp-content\/uploads\/2024\/07\/CTEA-644x483.jpg\">\n\t\t\t\t\t<source media=\"(min-width: 768px)\" srcset=\"https:\/\/www.uartes.edu.ec\/sitio\/wp-content\/uploads\/2024\/07\/CTEA-644x483.jpg\">\n\t\t\t\t\t<img decoding=\"async\" class=\"spectra-image-gallery__media-thumbnail spectra-image-gallery__media-thumbnail--grid\" src=\"https:\/\/www.uartes.edu.ec\/sitio\/wp-content\/uploads\/2024\/07\/CTEA-300x225.jpg\" alt=\"\" loading=\"lazy\" \/>\n\t\t\t\t<\/picture>\n\t\t\t\t<div class=\"spectra-image-gallery__media-thumbnail-blurrer\"><\/div>\n\t\t\t\t\t\t\t\t\t\t\t<div class=\"spectra-image-gallery__media-thumbnail-caption-wrapper spectra-image-gallery__media-thumbnail-caption-wrapper--overlay\">\n\t\t\t\t\t\t\t\t\t\t\t<div class=\"spectra-image-gallery__media-thumbnail-caption spectra-image-gallery__media-thumbnail-caption--overlay\">\n\t\t\t\t\tAucune l\u00e9gende\t\t\t\t<\/div>\n\t\t\t\t\t\t\t\t\t\t<\/div>\n\t\t\t\t\t\t\t\t\t<\/div>\n\t\t\t\t\t\t<\/div>\n\t\t\t\t\t\t\t\t\t\t<\/div>\n\t\t\t\t\t\t\t\t\t\t\t\t\t\t\t\t\t\t<\/div>\n\t\t\t\t\t\t\t\t\t\n\n\n<p><\/p>\n\n\n\n<p>En su intervenci\u00f3n, el coronel Villag\u00f3mez Moreta expres\u00f3 que la CTE hab\u00eda dado el paso m\u00e1s importante para la capacitaci\u00f3n de los agentes m\u00fasicos: iniciar una cooperaci\u00f3n que no se hab\u00eda dado antes. \u201cEs menester de la Comisi\u00f3n de Tr\u00e1nsito del Ecuador reconocer y mantener este convenio de Cooperaci\u00f3n Interinstitucional con la Universidad de las Artes para profesionalizar a nuestro personal\u201d, sostuvo.<\/p>\n\n\n\n<p>Natalia Tamayo revel\u00f3 que capacitaci\u00f3n con la Bandas de M\u00fasica de la CTE arranc\u00f3 con un acercamiento formal a la instituci\u00f3n, pensando en un proceso sostenible y de largo aliento con el cual se pueda profesionalizar, formalizar y\/o aportar a las capacidades.&nbsp;<\/p>\n\n\n\n<p>Para la CTE se dise\u00f1\u00f3 una propuesta que tiene algunas fases, dijo y subray\u00f3 que el curso de capacitaci\u00f3n que cerr\u00f3 con la certificaci\u00f3n permiti\u00f3 ver las fortalezas y capacidades de conocimiento y de pr\u00e1ctica de los integrantes de la agrupaci\u00f3n. A partir de ello se plantear\u00e1 una capacitaci\u00f3n sostenida de un a\u00f1o de duraci\u00f3n, que tendr\u00e1 teor\u00eda y pr\u00e1ctica.<\/p>\n\n\n\n<p>De su experiencia en la capacitaci\u00f3n, Edison Herrera, agente que desde hace 15 a\u00f1os integra la Banda de M\u00fasica de la CTE, la se\u00f1al\u00f3 como excelente \u201cy dedicada a nosotros, lo cual nos ayuda a mejorar un poco m\u00e1s nuestras habilidades, destrezas y labores del arte musical. Es muy bueno e innovador\u201d.<\/p>\n\n\n\t\t\t\t\t<div\n\t\t\t\t\t\tclass=\"wp-block-uagb-image-gallery uagb-block-5cc4b7ed\"\n\t\t\t\t\t\tstyle=\"\"\n\t\t\t\t\t>\n\t\t\t\t\t\t\t\t\t\t\t<div class=\"spectra-image-gallery spectra-image-gallery__layout--grid spectra-image-gallery__layout--grid-col-2 spectra-image-gallery__layout--grid-col-tab-2 spectra-image-gallery__layout--grid-col-mob-2\">\n\t\t\t\t\t\t\t\t\t\t\t<div class='spectra-image-gallery__media-wrapper' data-spectra-gallery-image-id='59002' tabindex=\"0\">\n\t\t\t\t\t\t\t<div class=\"spectra-image-gallery__media spectra-image-gallery__media--grid\">\n\t\t\t\t<picture>\n\t\t\t\t\t<source media=\"(min-width: 1024px)\" srcset=\"https:\/\/www.uartes.edu.ec\/sitio\/wp-content\/uploads\/2024\/07\/CTE-644x483.jpg\">\n\t\t\t\t\t<source media=\"(min-width: 768px)\" srcset=\"https:\/\/www.uartes.edu.ec\/sitio\/wp-content\/uploads\/2024\/07\/CTE-644x483.jpg\">\n\t\t\t\t\t<img decoding=\"async\" class=\"spectra-image-gallery__media-thumbnail spectra-image-gallery__media-thumbnail--grid\" src=\"https:\/\/www.uartes.edu.ec\/sitio\/wp-content\/uploads\/2024\/07\/CTE-300x225.jpg\" alt=\"\" loading=\"lazy\" \/>\n\t\t\t\t<\/picture>\n\t\t\t\t<div class=\"spectra-image-gallery__media-thumbnail-blurrer\"><\/div>\n\t\t\t\t\t\t\t\t\t\t\t<div class=\"spectra-image-gallery__media-thumbnail-caption-wrapper spectra-image-gallery__media-thumbnail-caption-wrapper--overlay\">\n\t\t\t\t\t\t\t\t\t\t\t<div class=\"spectra-image-gallery__media-thumbnail-caption spectra-image-gallery__media-thumbnail-caption--overlay\">\n\t\t\t\t\tAucune l\u00e9gende\t\t\t\t<\/div>\n\t\t\t\t\t\t\t\t\t\t<\/div>\n\t\t\t\t\t\t\t\t\t<\/div>\n\t\t\t\t\t\t<\/div>\n\t\t\t\t\t\t<div class='spectra-image-gallery__media-wrapper' data-spectra-gallery-image-id='58998' tabindex=\"0\">\n\t\t\t\t\t\t\t<div class=\"spectra-image-gallery__media spectra-image-gallery__media--grid\">\n\t\t\t\t<picture>\n\t\t\t\t\t<source media=\"(min-width: 1024px)\" srcset=\"https:\/\/www.uartes.edu.ec\/sitio\/wp-content\/uploads\/2024\/07\/06-CTE-UARTES-644x429.jpg\">\n\t\t\t\t\t<source media=\"(min-width: 768px)\" srcset=\"https:\/\/www.uartes.edu.ec\/sitio\/wp-content\/uploads\/2024\/07\/06-CTE-UARTES-644x429.jpg\">\n\t\t\t\t\t<img decoding=\"async\" class=\"spectra-image-gallery__media-thumbnail spectra-image-gallery__media-thumbnail--grid\" src=\"https:\/\/www.uartes.edu.ec\/sitio\/wp-content\/uploads\/2024\/07\/06-CTE-UARTES-300x200.jpg\" alt=\"\" loading=\"lazy\" \/>\n\t\t\t\t<\/picture>\n\t\t\t\t<div class=\"spectra-image-gallery__media-thumbnail-blurrer\"><\/div>\n\t\t\t\t\t\t\t\t\t\t\t<div class=\"spectra-image-gallery__media-thumbnail-caption-wrapper spectra-image-gallery__media-thumbnail-caption-wrapper--overlay\">\n\t\t\t\t\t\t\t\t\t\t\t<div class=\"spectra-image-gallery__media-thumbnail-caption spectra-image-gallery__media-thumbnail-caption--overlay\">\n\t\t\t\t\tAucune l\u00e9gende\t\t\t\t<\/div>\n\t\t\t\t\t\t\t\t\t\t<\/div>\n\t\t\t\t\t\t\t\t\t<\/div>\n\t\t\t\t\t\t<\/div>\n\t\t\t\t\t\t\t\t\t\t<\/div>\n\t\t\t\t\t\t\t\t\t\t\t\t\t\t\t\t\t\t<\/div>\n\t\t\t\t\t\t\t\t\t\n\n\n<p>Al final del acto, la UArtes hizo entrega de presentes y la CTE de placas de reconocimiento para el rector William Herrera y al docente capacitador del curso, Andrey Astaiza.<\/p>\n\n\n\n<h3 class=\"wp-block-heading\">Apoyo para las bandas de m\u00fasica<\/h3>\n\n\n\n<p>En di\u00e1logo con InfoUArtes, Andrey Astaiza coment\u00f3 que una de sus l\u00edneas de investigaci\u00f3n es la pedagog\u00eda para instrumentistas de bandas sinf\u00f3nicas y considera natural acercarnos como instituci\u00f3n a los elencos nacionales y a aquellos que son tan importantes para la sociedad, como las bandas y las diferentes entidades gubernamentales. \u201cCapacitamos a sus miembros, pero tambi\u00e9n aprendemos de ellos porque son m\u00fasicos que est\u00e1n activos en su campo. Tenemos proyectos y programas en v\u00ednculo con la comunidad y con las juventudes, es algo en lo que podemos trabajar en conjunto\u201d.&nbsp;<\/p>\n\n\n\n<p>En Nobol, agreg\u00f3 con respecto a las Escuelas de las Artes del Guayas, tenemos la creaci\u00f3n de la primera Banda Sinf\u00f3nica y se podr\u00eda pensar en que la Banda de M\u00fasica de la CTE pueda, en alg\u00fan momento, dar la instrucci\u00f3n a esos ni\u00f1os y j\u00f3venes como parte de su trabajo. \u201cSon maestros m\u00fasicos que vienen de toda la ra\u00edz de la m\u00fasica ecuatoriana\u201d.&nbsp;<\/p>\n\n\n\n<p>Los m\u00fasicos, al igual que los m\u00e9dicos y tantos otros profesionales, nunca se grad\u00faan. \u201cMi labor pedag\u00f3gica e investigativa siempre fue apegada a las bandas, entonces para m\u00ed es natural juntarme a las bandas. La idea es que todas las bandas del Ecuador vean a la Universidad de las Artes como su lugar de apoyo y de gestaci\u00f3n de sus proyectos\u201d.&nbsp;<\/p>\n\n\n<div class=\"wp-block-image\">\n<figure class=\"aligncenter size-large\"><img fetchpriority=\"high\" decoding=\"async\" width=\"644\" height=\"429\" src=\"https:\/\/www.uartes.edu.ec\/sitio\/wp-content\/uploads\/2024\/07\/10-CTE-UARTES-644x429.jpg\" alt=\"\" class=\"wp-image-58994\" srcset=\"https:\/\/www.uartes.edu.ec\/sitio\/wp-content\/uploads\/2024\/07\/10-CTE-UARTES-644x429.jpg 644w, https:\/\/www.uartes.edu.ec\/sitio\/wp-content\/uploads\/2024\/07\/10-CTE-UARTES-300x200.jpg 300w, https:\/\/www.uartes.edu.ec\/sitio\/wp-content\/uploads\/2024\/07\/10-CTE-UARTES-768x512.jpg 768w, https:\/\/www.uartes.edu.ec\/sitio\/wp-content\/uploads\/2024\/07\/10-CTE-UARTES-1536x1024.jpg 1536w, https:\/\/www.uartes.edu.ec\/sitio\/wp-content\/uploads\/2024\/07\/10-CTE-UARTES-18x12.jpg 18w, https:\/\/www.uartes.edu.ec\/sitio\/wp-content\/uploads\/2024\/07\/10-CTE-UARTES-400x267.jpg 400w, https:\/\/www.uartes.edu.ec\/sitio\/wp-content\/uploads\/2024\/07\/10-CTE-UARTES-272x182.jpg 272w, https:\/\/www.uartes.edu.ec\/sitio\/wp-content\/uploads\/2024\/07\/10-CTE-UARTES.jpg 2000w\" sizes=\"(max-width: 644px) 100vw, 644px\" \/><\/figure>\n<\/div>\n\n\n<p>Fotos: Ronny Ramos, de la Direcci\u00f3n de Vinculaci\u00f3n con la Sociedad UArtes.<\/p>","protected":false},"excerpt":{"rendered":"<p>En el marco de las acciones que la UArtes ejecuta a trav\u00e9s de su Direcci\u00f3n de Formaci\u00f3n Continua y Escuela de Artes Sonoras, el lunes 15 de julio se realiz\u00f3 el cierre del primer curso de capacitaci\u00f3n a los integrantes de la Banda de M\u00fasica de la Comisi\u00f3n de Tr\u00e1nsito del Ecuador (CTE), quienes recibieron el respectivo certificado de participaci\u00f3n. Fue la primera fase de un proceso que apunta a profesionalizarlos. <\/p>","protected":false},"author":10,"featured_media":58993,"comment_status":"open","ping_status":"open","sticky":false,"template":"","format":"standard","meta":{"_acf_changed":false,"_uag_custom_page_level_css":"","_monsterinsights_skip_tracking":false,"_monsterinsights_sitenote_active":false,"_monsterinsights_sitenote_note":"","_monsterinsights_sitenote_category":0,"cybocfi_hide_featured_image":"","footnotes":""},"categories":[80,82,150,75,77,79],"tags":[1110],"infouartes":[],"class_list":["post-58992","post","type-post","status-publish","format-standard","has-post-thumbnail","hentry","category-academico","category-artes","category-artes-sonoras","category-docentes","category-gestion","category-vinculo","tag-formacion-continua"],"acf":[],"yoast_head":"<!-- This site is optimized with the Yoast SEO plugin v27.4 - https:\/\/yoast.com\/product\/yoast-seo-wordpress\/ -->\n<title>Universidad de las Artes - Entrega de certificados cierra capacitaci\u00f3n inicial que la Universidad de las Artes dio a miembros de la Banda de M\u00fasica de la CTE<\/title>\n<meta name=\"description\" content=\"Universidad de las Artes - Entrega de certificados cierra capacitaci\u00f3n inicial que la Universidad de las Artes dio a miembros de la Banda de M\u00fasica de la CTE\" \/>\n<meta name=\"robots\" content=\"index, follow, max-snippet:-1, max-image-preview:large, max-video-preview:-1\" \/>\n<link rel=\"canonical\" href=\"https:\/\/www.uartes.edu.ec\/sitio\/fr\/blog\/2024\/07\/17\/con-entrega-de-certificado-cerro-capacitacion-inicial-que-la-uartes-dio-a-integrantes-de-la-banda-de-musica-de-la-cte\/\" \/>\n<meta property=\"og:locale\" content=\"fr_FR\" \/>\n<meta property=\"og:type\" content=\"article\" \/>\n<meta property=\"og:title\" content=\"Universidad de las Artes - Entrega de certificados cierra capacitaci\u00f3n inicial que la Universidad de las Artes dio a miembros de la Banda de M\u00fasica de la CTE\" \/>\n<meta property=\"og:description\" content=\"Universidad de las Artes - Entrega de certificados cierra capacitaci\u00f3n inicial que la Universidad de las Artes dio a miembros de la Banda de M\u00fasica de la CTE\" \/>\n<meta property=\"og:url\" content=\"https:\/\/www.uartes.edu.ec\/sitio\/fr\/blog\/2024\/07\/17\/con-entrega-de-certificado-cerro-capacitacion-inicial-que-la-uartes-dio-a-integrantes-de-la-banda-de-musica-de-la-cte\/\" \/>\n<meta property=\"og:site_name\" content=\"Universidad de las Artes\" \/>\n<meta property=\"article:publisher\" content=\"https:\/\/www.facebook.com\/uartesec\" \/>\n<meta property=\"article:published_time\" content=\"2024-07-17T20:16:00+00:00\" \/>\n<meta property=\"article:modified_time\" content=\"2024-07-22T23:05:16+00:00\" \/>\n<meta property=\"og:image\" content=\"https:\/\/www.uartes.edu.ec\/sitio\/wp-content\/uploads\/2024\/07\/09-CTE-UARTES.jpg\" \/>\n\t<meta property=\"og:image:width\" content=\"2000\" \/>\n\t<meta property=\"og:image:height\" content=\"1333\" \/>\n\t<meta property=\"og:image:type\" content=\"image\/jpeg\" \/>\n<meta name=\"author\" content=\"ccortez\" \/>\n<meta name=\"twitter:card\" content=\"summary_large_image\" \/>\n<meta name=\"twitter:creator\" content=\"@uartesec\" \/>\n<meta name=\"twitter:site\" content=\"@uartesec\" \/>\n<meta name=\"twitter:label1\" content=\"\u00c9crit par\" \/>\n\t<meta name=\"twitter:data1\" content=\"ccortez\" \/>\n\t<meta name=\"twitter:label2\" content=\"Dur\u00e9e de lecture estim\u00e9e\" \/>\n\t<meta name=\"twitter:data2\" content=\"5 minutes\" \/>\n<script type=\"application\/ld+json\" class=\"yoast-schema-graph\">{\"@context\":\"https:\\\/\\\/schema.org\",\"@graph\":[{\"@type\":\"Article\",\"@id\":\"https:\\\/\\\/www.uartes.edu.ec\\\/sitio\\\/fr\\\/blog\\\/2024\\\/07\\\/17\\\/con-entrega-de-certificado-cerro-capacitacion-inicial-que-la-uartes-dio-a-integrantes-de-la-banda-de-musica-de-la-cte\\\/#article\",\"isPartOf\":{\"@id\":\"https:\\\/\\\/www.uartes.edu.ec\\\/sitio\\\/fr\\\/blog\\\/2024\\\/07\\\/17\\\/con-entrega-de-certificado-cerro-capacitacion-inicial-que-la-uartes-dio-a-integrantes-de-la-banda-de-musica-de-la-cte\\\/\"},\"author\":{\"name\":\"ccortez\",\"@id\":\"https:\\\/\\\/www.uartes.edu.ec\\\/sitio\\\/fr\\\/#\\\/schema\\\/person\\\/efa1b8275797664fd7f13a79ccc0b1f4\"},\"headline\":\"Entrega de certificados cierra capacitaci\u00f3n inicial que la Universidad de las Artes dio a miembros de la Banda de M\u00fasica de la CTE\",\"datePublished\":\"2024-07-17T20:16:00+00:00\",\"dateModified\":\"2024-07-22T23:05:16+00:00\",\"mainEntityOfPage\":{\"@id\":\"https:\\\/\\\/www.uartes.edu.ec\\\/sitio\\\/fr\\\/blog\\\/2024\\\/07\\\/17\\\/con-entrega-de-certificado-cerro-capacitacion-inicial-que-la-uartes-dio-a-integrantes-de-la-banda-de-musica-de-la-cte\\\/\"},\"wordCount\":999,\"commentCount\":0,\"publisher\":{\"@id\":\"https:\\\/\\\/www.uartes.edu.ec\\\/sitio\\\/fr\\\/#organization\"},\"image\":{\"@id\":\"https:\\\/\\\/www.uartes.edu.ec\\\/sitio\\\/fr\\\/blog\\\/2024\\\/07\\\/17\\\/con-entrega-de-certificado-cerro-capacitacion-inicial-que-la-uartes-dio-a-integrantes-de-la-banda-de-musica-de-la-cte\\\/#primaryimage\"},\"thumbnailUrl\":\"https:\\\/\\\/www.uartes.edu.ec\\\/sitio\\\/wp-content\\\/uploads\\\/2024\\\/07\\\/09-CTE-UARTES.jpg\",\"keywords\":[\"formaci\u00f3n continua\"],\"articleSection\":[\"Acad\u00e9mico\",\"Artes\",\"Artes Sonoras\",\"Docentes\",\"Gesti\u00f3n\",\"V\u00ednculo\"],\"inLanguage\":\"fr-FR\",\"potentialAction\":[{\"@type\":\"CommentAction\",\"name\":\"Comment\",\"target\":[\"https:\\\/\\\/www.uartes.edu.ec\\\/sitio\\\/fr\\\/blog\\\/2024\\\/07\\\/17\\\/con-entrega-de-certificado-cerro-capacitacion-inicial-que-la-uartes-dio-a-integrantes-de-la-banda-de-musica-de-la-cte\\\/#respond\"]}]},{\"@type\":[\"WebPage\",\"ItemPage\"],\"@id\":\"https:\\\/\\\/www.uartes.edu.ec\\\/sitio\\\/fr\\\/blog\\\/2024\\\/07\\\/17\\\/con-entrega-de-certificado-cerro-capacitacion-inicial-que-la-uartes-dio-a-integrantes-de-la-banda-de-musica-de-la-cte\\\/\",\"url\":\"https:\\\/\\\/www.uartes.edu.ec\\\/sitio\\\/fr\\\/blog\\\/2024\\\/07\\\/17\\\/con-entrega-de-certificado-cerro-capacitacion-inicial-que-la-uartes-dio-a-integrantes-de-la-banda-de-musica-de-la-cte\\\/\",\"name\":\"Universidad de las Artes - Entrega de certificados cierra capacitaci\u00f3n inicial que la Universidad de las Artes dio a miembros de la Banda de M\u00fasica de la CTE\",\"isPartOf\":{\"@id\":\"https:\\\/\\\/www.uartes.edu.ec\\\/sitio\\\/fr\\\/#website\"},\"primaryImageOfPage\":{\"@id\":\"https:\\\/\\\/www.uartes.edu.ec\\\/sitio\\\/fr\\\/blog\\\/2024\\\/07\\\/17\\\/con-entrega-de-certificado-cerro-capacitacion-inicial-que-la-uartes-dio-a-integrantes-de-la-banda-de-musica-de-la-cte\\\/#primaryimage\"},\"image\":{\"@id\":\"https:\\\/\\\/www.uartes.edu.ec\\\/sitio\\\/fr\\\/blog\\\/2024\\\/07\\\/17\\\/con-entrega-de-certificado-cerro-capacitacion-inicial-que-la-uartes-dio-a-integrantes-de-la-banda-de-musica-de-la-cte\\\/#primaryimage\"},\"thumbnailUrl\":\"https:\\\/\\\/www.uartes.edu.ec\\\/sitio\\\/wp-content\\\/uploads\\\/2024\\\/07\\\/09-CTE-UARTES.jpg\",\"datePublished\":\"2024-07-17T20:16:00+00:00\",\"dateModified\":\"2024-07-22T23:05:16+00:00\",\"description\":\"Universidad de las Artes - Entrega de certificados cierra capacitaci\u00f3n inicial que la Universidad de las Artes dio a miembros de la Banda de M\u00fasica de la CTE\",\"breadcrumb\":{\"@id\":\"https:\\\/\\\/www.uartes.edu.ec\\\/sitio\\\/fr\\\/blog\\\/2024\\\/07\\\/17\\\/con-entrega-de-certificado-cerro-capacitacion-inicial-que-la-uartes-dio-a-integrantes-de-la-banda-de-musica-de-la-cte\\\/#breadcrumb\"},\"inLanguage\":\"fr-FR\",\"potentialAction\":[{\"@type\":\"ReadAction\",\"target\":[\"https:\\\/\\\/www.uartes.edu.ec\\\/sitio\\\/fr\\\/blog\\\/2024\\\/07\\\/17\\\/con-entrega-de-certificado-cerro-capacitacion-inicial-que-la-uartes-dio-a-integrantes-de-la-banda-de-musica-de-la-cte\\\/\"]}]},{\"@type\":\"ImageObject\",\"inLanguage\":\"fr-FR\",\"@id\":\"https:\\\/\\\/www.uartes.edu.ec\\\/sitio\\\/fr\\\/blog\\\/2024\\\/07\\\/17\\\/con-entrega-de-certificado-cerro-capacitacion-inicial-que-la-uartes-dio-a-integrantes-de-la-banda-de-musica-de-la-cte\\\/#primaryimage\",\"url\":\"https:\\\/\\\/www.uartes.edu.ec\\\/sitio\\\/wp-content\\\/uploads\\\/2024\\\/07\\\/09-CTE-UARTES.jpg\",\"contentUrl\":\"https:\\\/\\\/www.uartes.edu.ec\\\/sitio\\\/wp-content\\\/uploads\\\/2024\\\/07\\\/09-CTE-UARTES.jpg\",\"width\":2000,\"height\":1333},{\"@type\":\"BreadcrumbList\",\"@id\":\"https:\\\/\\\/www.uartes.edu.ec\\\/sitio\\\/fr\\\/blog\\\/2024\\\/07\\\/17\\\/con-entrega-de-certificado-cerro-capacitacion-inicial-que-la-uartes-dio-a-integrantes-de-la-banda-de-musica-de-la-cte\\\/#breadcrumb\",\"itemListElement\":[{\"@type\":\"ListItem\",\"position\":1,\"name\":\"Inicio\",\"item\":\"https:\\\/\\\/www.uartes.edu.ec\\\/sitio\\\/\"},{\"@type\":\"ListItem\",\"position\":2,\"name\":\"Entrega de certificados cierra capacitaci\u00f3n inicial que la Universidad de las Artes dio a miembros de la Banda de M\u00fasica de la CTE\"}]},{\"@type\":\"WebSite\",\"@id\":\"https:\\\/\\\/www.uartes.edu.ec\\\/sitio\\\/fr\\\/#website\",\"url\":\"https:\\\/\\\/www.uartes.edu.ec\\\/sitio\\\/fr\\\/\",\"name\":\"Universidad de las Artes\",\"description\":\"Sitio oficial de la Universidad Nacional de las Artes del Ecuador\",\"publisher\":{\"@id\":\"https:\\\/\\\/www.uartes.edu.ec\\\/sitio\\\/fr\\\/#organization\"},\"potentialAction\":[{\"@type\":\"SearchAction\",\"target\":{\"@type\":\"EntryPoint\",\"urlTemplate\":\"https:\\\/\\\/www.uartes.edu.ec\\\/sitio\\\/fr\\\/?s={search_term_string}\"},\"query-input\":{\"@type\":\"PropertyValueSpecification\",\"valueRequired\":true,\"valueName\":\"search_term_string\"}}],\"inLanguage\":\"fr-FR\"},{\"@type\":\"Organization\",\"@id\":\"https:\\\/\\\/www.uartes.edu.ec\\\/sitio\\\/fr\\\/#organization\",\"name\":\"Universidad de las Artes\",\"url\":\"https:\\\/\\\/www.uartes.edu.ec\\\/sitio\\\/fr\\\/\",\"logo\":{\"@type\":\"ImageObject\",\"inLanguage\":\"fr-FR\",\"@id\":\"https:\\\/\\\/www.uartes.edu.ec\\\/sitio\\\/fr\\\/#\\\/schema\\\/logo\\\/image\\\/\",\"url\":\"https:\\\/\\\/www.uartes.edu.ec\\\/sitio\\\/wp-content\\\/uploads\\\/2022\\\/07\\\/logo-ua-horizontal.png\",\"contentUrl\":\"https:\\\/\\\/www.uartes.edu.ec\\\/sitio\\\/wp-content\\\/uploads\\\/2022\\\/07\\\/logo-ua-horizontal.png\",\"width\":800,\"height\":276,\"caption\":\"Universidad de las Artes\"},\"image\":{\"@id\":\"https:\\\/\\\/www.uartes.edu.ec\\\/sitio\\\/fr\\\/#\\\/schema\\\/logo\\\/image\\\/\"},\"sameAs\":[\"https:\\\/\\\/www.facebook.com\\\/uartesec\",\"https:\\\/\\\/x.com\\\/uartesec\",\"https:\\\/\\\/www.tiktok.com\\\/@uartesec\"]},{\"@type\":\"Person\",\"@id\":\"https:\\\/\\\/www.uartes.edu.ec\\\/sitio\\\/fr\\\/#\\\/schema\\\/person\\\/efa1b8275797664fd7f13a79ccc0b1f4\",\"name\":\"ccortez\",\"image\":{\"@type\":\"ImageObject\",\"inLanguage\":\"fr-FR\",\"@id\":\"https:\\\/\\\/secure.gravatar.com\\\/avatar\\\/b2a6f664a3ae8e074346ef91775736c5ec479e637ecced6842de9dc98b5da9cd?s=96&d=mm&r=g\",\"url\":\"https:\\\/\\\/secure.gravatar.com\\\/avatar\\\/b2a6f664a3ae8e074346ef91775736c5ec479e637ecced6842de9dc98b5da9cd?s=96&d=mm&r=g\",\"contentUrl\":\"https:\\\/\\\/secure.gravatar.com\\\/avatar\\\/b2a6f664a3ae8e074346ef91775736c5ec479e637ecced6842de9dc98b5da9cd?s=96&d=mm&r=g\",\"caption\":\"ccortez\"},\"url\":\"https:\\\/\\\/www.uartes.edu.ec\\\/sitio\\\/fr\\\/blog\\\/author\\\/ccortez\\\/\"}]}<\/script>\n<!-- \/ Yoast SEO plugin. -->","yoast_head_json":{"title":"Universidad de las Artes - Entrega de certificados cierra capacitaci\u00f3n inicial que la Universidad de las Artes dio a miembros de la Banda de M\u00fasica de la CTE","description":"Universidad de las Artes - Entrega de certificados cierra capacitaci\u00f3n inicial que la Universidad de las Artes dio a miembros de la Banda de M\u00fasica de la CTE","robots":{"index":"index","follow":"follow","max-snippet":"max-snippet:-1","max-image-preview":"max-image-preview:large","max-video-preview":"max-video-preview:-1"},"canonical":"https:\/\/www.uartes.edu.ec\/sitio\/fr\/blog\/2024\/07\/17\/con-entrega-de-certificado-cerro-capacitacion-inicial-que-la-uartes-dio-a-integrantes-de-la-banda-de-musica-de-la-cte\/","og_locale":"fr_FR","og_type":"article","og_title":"Universidad de las Artes - Entrega de certificados cierra capacitaci\u00f3n inicial que la Universidad de las Artes dio a miembros de la Banda de M\u00fasica de la CTE","og_description":"Universidad de las Artes - Entrega de certificados cierra capacitaci\u00f3n inicial que la Universidad de las Artes dio a miembros de la Banda de M\u00fasica de la CTE","og_url":"https:\/\/www.uartes.edu.ec\/sitio\/fr\/blog\/2024\/07\/17\/con-entrega-de-certificado-cerro-capacitacion-inicial-que-la-uartes-dio-a-integrantes-de-la-banda-de-musica-de-la-cte\/","og_site_name":"Universidad de las Artes","article_publisher":"https:\/\/www.facebook.com\/uartesec","article_published_time":"2024-07-17T20:16:00+00:00","article_modified_time":"2024-07-22T23:05:16+00:00","og_image":[{"width":2000,"height":1333,"url":"https:\/\/www.uartes.edu.ec\/sitio\/wp-content\/uploads\/2024\/07\/09-CTE-UARTES.jpg","type":"image\/jpeg"}],"author":"ccortez","twitter_card":"summary_large_image","twitter_creator":"@uartesec","twitter_site":"@uartesec","twitter_misc":{"\u00c9crit par":"ccortez","Dur\u00e9e de lecture estim\u00e9e":"5 minutes"},"schema":{"@context":"https:\/\/schema.org","@graph":[{"@type":"Article","@id":"https:\/\/www.uartes.edu.ec\/sitio\/fr\/blog\/2024\/07\/17\/con-entrega-de-certificado-cerro-capacitacion-inicial-que-la-uartes-dio-a-integrantes-de-la-banda-de-musica-de-la-cte\/#article","isPartOf":{"@id":"https:\/\/www.uartes.edu.ec\/sitio\/fr\/blog\/2024\/07\/17\/con-entrega-de-certificado-cerro-capacitacion-inicial-que-la-uartes-dio-a-integrantes-de-la-banda-de-musica-de-la-cte\/"},"author":{"name":"ccortez","@id":"https:\/\/www.uartes.edu.ec\/sitio\/fr\/#\/schema\/person\/efa1b8275797664fd7f13a79ccc0b1f4"},"headline":"Entrega de certificados cierra capacitaci\u00f3n inicial que la Universidad de las Artes dio a miembros de la Banda de M\u00fasica de la CTE","datePublished":"2024-07-17T20:16:00+00:00","dateModified":"2024-07-22T23:05:16+00:00","mainEntityOfPage":{"@id":"https:\/\/www.uartes.edu.ec\/sitio\/fr\/blog\/2024\/07\/17\/con-entrega-de-certificado-cerro-capacitacion-inicial-que-la-uartes-dio-a-integrantes-de-la-banda-de-musica-de-la-cte\/"},"wordCount":999,"commentCount":0,"publisher":{"@id":"https:\/\/www.uartes.edu.ec\/sitio\/fr\/#organization"},"image":{"@id":"https:\/\/www.uartes.edu.ec\/sitio\/fr\/blog\/2024\/07\/17\/con-entrega-de-certificado-cerro-capacitacion-inicial-que-la-uartes-dio-a-integrantes-de-la-banda-de-musica-de-la-cte\/#primaryimage"},"thumbnailUrl":"https:\/\/www.uartes.edu.ec\/sitio\/wp-content\/uploads\/2024\/07\/09-CTE-UARTES.jpg","keywords":["formaci\u00f3n continua"],"articleSection":["Acad\u00e9mico","Artes","Artes Sonoras","Docentes","Gesti\u00f3n","V\u00ednculo"],"inLanguage":"fr-FR","potentialAction":[{"@type":"CommentAction","name":"Comment","target":["https:\/\/www.uartes.edu.ec\/sitio\/fr\/blog\/2024\/07\/17\/con-entrega-de-certificado-cerro-capacitacion-inicial-que-la-uartes-dio-a-integrantes-de-la-banda-de-musica-de-la-cte\/#respond"]}]},{"@type":["WebPage","ItemPage"],"@id":"https:\/\/www.uartes.edu.ec\/sitio\/fr\/blog\/2024\/07\/17\/con-entrega-de-certificado-cerro-capacitacion-inicial-que-la-uartes-dio-a-integrantes-de-la-banda-de-musica-de-la-cte\/","url":"https:\/\/www.uartes.edu.ec\/sitio\/fr\/blog\/2024\/07\/17\/con-entrega-de-certificado-cerro-capacitacion-inicial-que-la-uartes-dio-a-integrantes-de-la-banda-de-musica-de-la-cte\/","name":"Universidad de las Artes - Entrega de certificados cierra capacitaci\u00f3n inicial que la Universidad de las Artes dio a miembros de la Banda de M\u00fasica de la CTE","isPartOf":{"@id":"https:\/\/www.uartes.edu.ec\/sitio\/fr\/#website"},"primaryImageOfPage":{"@id":"https:\/\/www.uartes.edu.ec\/sitio\/fr\/blog\/2024\/07\/17\/con-entrega-de-certificado-cerro-capacitacion-inicial-que-la-uartes-dio-a-integrantes-de-la-banda-de-musica-de-la-cte\/#primaryimage"},"image":{"@id":"https:\/\/www.uartes.edu.ec\/sitio\/fr\/blog\/2024\/07\/17\/con-entrega-de-certificado-cerro-capacitacion-inicial-que-la-uartes-dio-a-integrantes-de-la-banda-de-musica-de-la-cte\/#primaryimage"},"thumbnailUrl":"https:\/\/www.uartes.edu.ec\/sitio\/wp-content\/uploads\/2024\/07\/09-CTE-UARTES.jpg","datePublished":"2024-07-17T20:16:00+00:00","dateModified":"2024-07-22T23:05:16+00:00","description":"Universidad de las Artes - Entrega de certificados cierra capacitaci\u00f3n inicial que la Universidad de las Artes dio a miembros de la Banda de M\u00fasica de la CTE","breadcrumb":{"@id":"https:\/\/www.uartes.edu.ec\/sitio\/fr\/blog\/2024\/07\/17\/con-entrega-de-certificado-cerro-capacitacion-inicial-que-la-uartes-dio-a-integrantes-de-la-banda-de-musica-de-la-cte\/#breadcrumb"},"inLanguage":"fr-FR","potentialAction":[{"@type":"ReadAction","target":["https:\/\/www.uartes.edu.ec\/sitio\/fr\/blog\/2024\/07\/17\/con-entrega-de-certificado-cerro-capacitacion-inicial-que-la-uartes-dio-a-integrantes-de-la-banda-de-musica-de-la-cte\/"]}]},{"@type":"ImageObject","inLanguage":"fr-FR","@id":"https:\/\/www.uartes.edu.ec\/sitio\/fr\/blog\/2024\/07\/17\/con-entrega-de-certificado-cerro-capacitacion-inicial-que-la-uartes-dio-a-integrantes-de-la-banda-de-musica-de-la-cte\/#primaryimage","url":"https:\/\/www.uartes.edu.ec\/sitio\/wp-content\/uploads\/2024\/07\/09-CTE-UARTES.jpg","contentUrl":"https:\/\/www.uartes.edu.ec\/sitio\/wp-content\/uploads\/2024\/07\/09-CTE-UARTES.jpg","width":2000,"height":1333},{"@type":"BreadcrumbList","@id":"https:\/\/www.uartes.edu.ec\/sitio\/fr\/blog\/2024\/07\/17\/con-entrega-de-certificado-cerro-capacitacion-inicial-que-la-uartes-dio-a-integrantes-de-la-banda-de-musica-de-la-cte\/#breadcrumb","itemListElement":[{"@type":"ListItem","position":1,"name":"Inicio","item":"https:\/\/www.uartes.edu.ec\/sitio\/"},{"@type":"ListItem","position":2,"name":"Entrega de certificados cierra capacitaci\u00f3n inicial que la Universidad de las Artes dio a miembros de la Banda de M\u00fasica de la CTE"}]},{"@type":"WebSite","@id":"https:\/\/www.uartes.edu.ec\/sitio\/fr\/#website","url":"https:\/\/www.uartes.edu.ec\/sitio\/fr\/","name":"Universidad de las Artes","description":"Sitio oficial de la Universidad Nacional de las Artes del Ecuador","publisher":{"@id":"https:\/\/www.uartes.edu.ec\/sitio\/fr\/#organization"},"potentialAction":[{"@type":"SearchAction","target":{"@type":"EntryPoint","urlTemplate":"https:\/\/www.uartes.edu.ec\/sitio\/fr\/?s={search_term_string}"},"query-input":{"@type":"PropertyValueSpecification","valueRequired":true,"valueName":"search_term_string"}}],"inLanguage":"fr-FR"},{"@type":"Organization","@id":"https:\/\/www.uartes.edu.ec\/sitio\/fr\/#organization","name":"Universidad de las Artes","url":"https:\/\/www.uartes.edu.ec\/sitio\/fr\/","logo":{"@type":"ImageObject","inLanguage":"fr-FR","@id":"https:\/\/www.uartes.edu.ec\/sitio\/fr\/#\/schema\/logo\/image\/","url":"https:\/\/www.uartes.edu.ec\/sitio\/wp-content\/uploads\/2022\/07\/logo-ua-horizontal.png","contentUrl":"https:\/\/www.uartes.edu.ec\/sitio\/wp-content\/uploads\/2022\/07\/logo-ua-horizontal.png","width":800,"height":276,"caption":"Universidad de las Artes"},"image":{"@id":"https:\/\/www.uartes.edu.ec\/sitio\/fr\/#\/schema\/logo\/image\/"},"sameAs":["https:\/\/www.facebook.com\/uartesec","https:\/\/x.com\/uartesec","https:\/\/www.tiktok.com\/@uartesec"]},{"@type":"Person","@id":"https:\/\/www.uartes.edu.ec\/sitio\/fr\/#\/schema\/person\/efa1b8275797664fd7f13a79ccc0b1f4","name":"ccortez","image":{"@type":"ImageObject","inLanguage":"fr-FR","@id":"https:\/\/secure.gravatar.com\/avatar\/b2a6f664a3ae8e074346ef91775736c5ec479e637ecced6842de9dc98b5da9cd?s=96&d=mm&r=g","url":"https:\/\/secure.gravatar.com\/avatar\/b2a6f664a3ae8e074346ef91775736c5ec479e637ecced6842de9dc98b5da9cd?s=96&d=mm&r=g","contentUrl":"https:\/\/secure.gravatar.com\/avatar\/b2a6f664a3ae8e074346ef91775736c5ec479e637ecced6842de9dc98b5da9cd?s=96&d=mm&r=g","caption":"ccortez"},"url":"https:\/\/www.uartes.edu.ec\/sitio\/fr\/blog\/author\/ccortez\/"}]}},"uagb_featured_image_src":{"full":["https:\/\/www.uartes.edu.ec\/sitio\/wp-content\/uploads\/2024\/07\/09-CTE-UARTES.jpg",2000,1333,false],"thumbnail":["https:\/\/www.uartes.edu.ec\/sitio\/wp-content\/uploads\/2024\/07\/09-CTE-UARTES-150x150.jpg",150,150,true],"medium":["https:\/\/www.uartes.edu.ec\/sitio\/wp-content\/uploads\/2024\/07\/09-CTE-UARTES-300x200.jpg",300,200,true],"medium_large":["https:\/\/www.uartes.edu.ec\/sitio\/wp-content\/uploads\/2024\/07\/09-CTE-UARTES-768x512.jpg",768,512,true],"large":["https:\/\/www.uartes.edu.ec\/sitio\/wp-content\/uploads\/2024\/07\/09-CTE-UARTES-644x429.jpg",644,429,true],"1536x1536":["https:\/\/www.uartes.edu.ec\/sitio\/wp-content\/uploads\/2024\/07\/09-CTE-UARTES-1536x1024.jpg",1536,1024,true],"2048x2048":["https:\/\/www.uartes.edu.ec\/sitio\/wp-content\/uploads\/2024\/07\/09-CTE-UARTES.jpg",2000,1333,false],"trp-custom-language-flag":["https:\/\/www.uartes.edu.ec\/sitio\/wp-content\/uploads\/2024\/07\/09-CTE-UARTES-18x12.jpg",18,12,true],"htmega_size_585x295":["https:\/\/www.uartes.edu.ec\/sitio\/wp-content\/uploads\/2024\/07\/09-CTE-UARTES-585x295.jpg",585,295,true],"htmega_size_1170x536":["https:\/\/www.uartes.edu.ec\/sitio\/wp-content\/uploads\/2024\/07\/09-CTE-UARTES-1170x536.jpg",1170,536,true],"htmega_size_396x360":["https:\/\/www.uartes.edu.ec\/sitio\/wp-content\/uploads\/2024\/07\/09-CTE-UARTES-396x360.jpg",396,360,true],"gb-block-post-grid-landscape":["https:\/\/www.uartes.edu.ec\/sitio\/wp-content\/uploads\/2024\/07\/09-CTE-UARTES.jpg",600,400,false],"gb-block-post-grid-square":["https:\/\/www.uartes.edu.ec\/sitio\/wp-content\/uploads\/2024\/07\/09-CTE-UARTES.jpg",600,400,false],"university-hub-thumb":["https:\/\/www.uartes.edu.ec\/sitio\/wp-content\/uploads\/2024\/07\/09-CTE-UARTES-400x267.jpg",400,267,true],"mailpoet_newsletter_max":["https:\/\/www.uartes.edu.ec\/sitio\/wp-content\/uploads\/2024\/07\/09-CTE-UARTES.jpg",1320,880,false]},"uagb_author_info":{"display_name":"ccortez","author_link":"https:\/\/www.uartes.edu.ec\/sitio\/fr\/blog\/author\/ccortez\/"},"uagb_comment_info":0,"uagb_excerpt":"En el marco de las acciones que la UArtes ejecuta a trav\u00e9s de su Direcci\u00f3n de Formaci\u00f3n Continua y Escuela de Artes Sonoras, el lunes 15 de julio se realiz\u00f3 el cierre del primer curso de capacitaci\u00f3n a los integrantes de la Banda de M\u00fasica de la Comisi\u00f3n de Tr\u00e1nsito del Ecuador (CTE), quienes recibieron\u2026","featured_image_src":"https:\/\/www.uartes.edu.ec\/sitio\/wp-content\/uploads\/2024\/07\/09-CTE-UARTES.jpg","featured_image_src_square":"https:\/\/www.uartes.edu.ec\/sitio\/wp-content\/uploads\/2024\/07\/09-CTE-UARTES.jpg","author_info":{"display_name":"ccortez","author_link":"https:\/\/www.uartes.edu.ec\/sitio\/fr\/blog\/author\/ccortez\/"},"publishpress_future_workflow_manual_trigger":{"enabledWorkflows":[]},"distributor_meta":false,"distributor_terms":false,"distributor_media":false,"distributor_original_site_name":"Universidad de las Artes","distributor_original_site_url":"https:\/\/www.uartes.edu.ec\/sitio\/fr","push-errors":false,"_links":{"self":[{"href":"https:\/\/www.uartes.edu.ec\/sitio\/fr\/wp-json\/wp\/v2\/posts\/58992","targetHints":{"allow":["GET"]}}],"collection":[{"href":"https:\/\/www.uartes.edu.ec\/sitio\/fr\/wp-json\/wp\/v2\/posts"}],"about":[{"href":"https:\/\/www.uartes.edu.ec\/sitio\/fr\/wp-json\/wp\/v2\/types\/post"}],"author":[{"embeddable":true,"href":"https:\/\/www.uartes.edu.ec\/sitio\/fr\/wp-json\/wp\/v2\/users\/10"}],"replies":[{"embeddable":true,"href":"https:\/\/www.uartes.edu.ec\/sitio\/fr\/wp-json\/wp\/v2\/comments?post=58992"}],"version-history":[{"count":12,"href":"https:\/\/www.uartes.edu.ec\/sitio\/fr\/wp-json\/wp\/v2\/posts\/58992\/revisions"}],"predecessor-version":[{"id":59021,"href":"https:\/\/www.uartes.edu.ec\/sitio\/fr\/wp-json\/wp\/v2\/posts\/58992\/revisions\/59021"}],"wp:featuredmedia":[{"embeddable":true,"href":"https:\/\/www.uartes.edu.ec\/sitio\/fr\/wp-json\/wp\/v2\/media\/58993"}],"wp:attachment":[{"href":"https:\/\/www.uartes.edu.ec\/sitio\/fr\/wp-json\/wp\/v2\/media?parent=58992"}],"wp:term":[{"taxonomy":"category","embeddable":true,"href":"https:\/\/www.uartes.edu.ec\/sitio\/fr\/wp-json\/wp\/v2\/categories?post=58992"},{"taxonomy":"post_tag","embeddable":true,"href":"https:\/\/www.uartes.edu.ec\/sitio\/fr\/wp-json\/wp\/v2\/tags?post=58992"},{"taxonomy":"infouartes","embeddable":true,"href":"https:\/\/www.uartes.edu.ec\/sitio\/fr\/wp-json\/wp\/v2\/infouartes?post=58992"}],"curies":[{"name":"wp","href":"https:\/\/api.w.org\/{rel}","templated":true}]}}