{"id":59434,"date":"2024-07-16T17:35:00","date_gmt":"2024-07-16T22:35:00","guid":{"rendered":"https:\/\/www.uartes.edu.ec\/sitio\/?p=59434"},"modified":"2024-08-14T17:54:57","modified_gmt":"2024-08-14T22:54:57","slug":"la-inteligencia-artificial-y-la-produccion-musical","status":"publish","type":"post","link":"https:\/\/www.uartes.edu.ec\/sitio\/fr\/blog\/2024\/07\/16\/la-inteligencia-artificial-y-la-produccion-musical\/","title":{"rendered":"\u201cLa IA y la producci\u00f3n musical\u201d"},"content":{"rendered":"<p>Una mesa redonda sobre la Inteligencia Artificial (IA) y la producci\u00f3n musical se desarroll\u00f3 en el segundo d\u00eda de las Conferencias de Audio y Sonido del Ecuador, organizadas por la Universidad de las Artes y su Escuela de Artes Sonoras. Participaron en el di\u00e1logo los docentes Rub\u00e9n Riera y Juan Ripalda y el productor musical argentino Ezequiel Morfi.<\/p>\n\n\n\n<p>La IA tiene la capacidad \u00fanica de generar ideas musicales innovadoras que pueden inspirar y desafiar los l\u00edmites tradicionales del arte sonoro, se indic\u00f3. Mediante el an\u00e1lisis de grandes vol\u00famenes de datos musicales, la IA puede identificar patrones complejos y crear nuevas composiciones que podr\u00edan no haber sido concebidas de manera convencional. Esto no solo abre nuevas posibilidades creativas para los compositores, sino que tambi\u00e9n enriquece la diversidad musical en la industria.<\/p>\n\n\n\n<p>La eficiencia en la producci\u00f3n, la personalizaci\u00f3n del consumo, el acceso a herramientas avanzadas, la p\u00e9rdida de autenticidad y originalidad, el impacto en la industria musical tradicional y las limitaciones creativas y homogeneizaci\u00f3n, as\u00ed como la calidad perceptual y emocional, fueron algunos de los puntos abordados en el di\u00e1logo que permiti\u00f3 analizar los pro y contra del denominado campo de la inform\u00e1tica que se enfoca en crear sistemas que puedan realizar tareas que normalmente requieren inteligencia humana, como el aprendizaje, el razonamiento y la percepci\u00f3n. Aqu\u00ed el detalle:\u00a0<\/p>\n\n\n\n<p>Eficiencia en la producci\u00f3n: automatizando tareas como la composici\u00f3n de acompa\u00f1amientos, arreglos musicales y procesos de masterizaci\u00f3n, la IA permite a los m\u00fasicos y productores centrarse m\u00e1s en aspectos creativos y conceptuales de su trabajo. Esto no solo acelera el proceso de producci\u00f3n, sino que tambi\u00e9n mejora la consistencia y calidad t\u00e9cnica del producto final, garantizando una experiencia auditiva m\u00e1s pulida y profesional.<\/p>\n\n\n\n<p>Personalizaci\u00f3n del consumo: los algoritmos de IA impulsan plataformas de streaming y recomendaci\u00f3n musical que se adaptan din\u00e1micamente a los gustos individuales de los oyentes. Esto significa que los usuarios pueden descubrir m\u00fasica que resuena m\u00e1s con sus preferencias personales.<\/p>\n\n\n<div class=\"wp-block-image\">\n<figure class=\"aligncenter size-large\"><img fetchpriority=\"high\" decoding=\"async\" width=\"644\" height=\"429\" src=\"https:\/\/www.uartes.edu.ec\/sitio\/wp-content\/uploads\/2024\/07\/02-MESA-REDONDA-IA-644x429.jpg\" alt=\"\" class=\"wp-image-59436\" srcset=\"https:\/\/www.uartes.edu.ec\/sitio\/wp-content\/uploads\/2024\/07\/02-MESA-REDONDA-IA-644x429.jpg 644w, https:\/\/www.uartes.edu.ec\/sitio\/wp-content\/uploads\/2024\/07\/02-MESA-REDONDA-IA-300x200.jpg 300w, https:\/\/www.uartes.edu.ec\/sitio\/wp-content\/uploads\/2024\/07\/02-MESA-REDONDA-IA-768x512.jpg 768w, https:\/\/www.uartes.edu.ec\/sitio\/wp-content\/uploads\/2024\/07\/02-MESA-REDONDA-IA-1536x1024.jpg 1536w, https:\/\/www.uartes.edu.ec\/sitio\/wp-content\/uploads\/2024\/07\/02-MESA-REDONDA-IA-18x12.jpg 18w, https:\/\/www.uartes.edu.ec\/sitio\/wp-content\/uploads\/2024\/07\/02-MESA-REDONDA-IA-400x267.jpg 400w, https:\/\/www.uartes.edu.ec\/sitio\/wp-content\/uploads\/2024\/07\/02-MESA-REDONDA-IA-272x182.jpg 272w, https:\/\/www.uartes.edu.ec\/sitio\/wp-content\/uploads\/2024\/07\/02-MESA-REDONDA-IA.jpg 2000w\" sizes=\"(max-width: 644px) 100vw, 644px\" \/><\/figure>\n<\/div>\n\n\n<p>Acceso a herramientas avanzadas: plataformas y software impulsados por IA ofrecen capacidades de mezcla, edici\u00f3n y an\u00e1lisis de audio que anteriormente estaban limitadas a estudios profesionales, permitiendo a una nueva generaci\u00f3n de m\u00fasicos y productores experimentar y crear m\u00fasica a niveles de calidad cada vez m\u00e1s altos.<\/p>\n\n\n\n<p>A pesar de sus contribuciones positivas, la inteligencia artificial en la producci\u00f3n musical tambi\u00e9n ha generado opiniones negativas y preocupaciones significativas, como la p\u00e9rdida de autenticidad y originalidad, puesto que el automatizar tareas creativas, como la composici\u00f3n y el arreglo, algunos cr\u00edticos argumentan que se podr\u00eda perder la conexi\u00f3n emocional y la singularidad que los m\u00fasicos humanos aportan a sus obras.<\/p>\n\n\n\n<p>Impacto en la industria musical tradicional: existe un temor persistente de que la IA pueda desplazar a m\u00fasicos y compositores tradicionales. La automatizaci\u00f3n de procesos creativos podr\u00eda llevar a una reducci\u00f3n en la demanda de trabajo humano en ciertas \u00e1reas de la producci\u00f3n musical, afectando negativamente a los profesionales del sector.<\/p>\n\n\n\n<p>Limitaciones creativas y homogeneizaci\u00f3n: aunque la IA es capaz de generar m\u00fasica innovadora, tambi\u00e9n existe el riesgo de que perpet\u00fae estilos y tendencias existentes en lugar de fomentar la verdadera diversidad creativa. Esto podr\u00eda conducir a una homogeneizaci\u00f3n del paisaje musical y limitar la exploraci\u00f3n de nuevos g\u00e9neros.<\/p>\n\n\n\n<p>Calidad perceptual y emocional: pese a los avances tecnol\u00f3gicos, la m\u00fasica creada por IA puede carecer de la profundidad emocional y la interpretaci\u00f3n humana que hace que la m\u00fasica sea conmovedora y memorable. Las sutilezas emocionales y las decisiones interpretativas que hacen \u00fanica a una actuaci\u00f3n humana podr\u00edan no ser capturadas por algoritmos.<\/p>\n\n\n\n<p>\u00c9tica y derechos de autor: la creaci\u00f3n y distribuci\u00f3n de m\u00fasica generada por IA plantea desaf\u00edos \u00e9ticos y legales significativos en t\u00e9rminos de derechos de autor y propiedad intelectual. La atribuci\u00f3n adecuada y la compensaci\u00f3n a los creadores originales pueden ser problem\u00e1ticas cuando se utilizan algoritmos para generar obras musicales.<\/p>\n\n\n\n<p>\u201cEn la encrucijada entre la tecnolog\u00eda y la autenticidad humana en la m\u00fasica es crucial reconocer tanto el potencial innovador de la inteligencia artificial como la irremplazable expresi\u00f3n emocional de los cantantes humanos\u201d, se indic\u00f3 durante la mesa redonda luego de que el docente Rub\u00e9n Riera expresara que la m\u00fasica es el lenguaje del alma y que su verdadera magia reside en la capacidad de tocar los corazones con autenticidad.<\/p>\n\n\n\n<p>La mesa redonda se desarroll\u00f3 el 10 de julio y asisti\u00f3 la comunidad universitaria y el p\u00fablico en general.<\/p>\n\n\n\n<p>Texto: Eleinn Rivera, estudiante de la Escuela de Literatura.<br>Fotos: Camila Guerrero, docente de la Escuela de Artes Sonoras<\/p>","protected":false},"excerpt":{"rendered":"<p>Una mesa redonda sobre la Inteligencia Artificial (IA) y la producci\u00f3n musical se desarroll\u00f3 en el segundo d\u00eda de las Conferencias de Audio y Sonido del Ecuador (CASE), organizadas por la UArtes y su Escuela de Artes Sonoras. Participaron los docentes Rub\u00e9n Riera y Juan Ripalda y el productor argentino Ezequiel Morfi. Eficiencia en la producci\u00f3n, personalizaci\u00f3n del consumo, acceso a herramientas avanzadas, p\u00e9rdida de autenticidad e impacto en la industria musical tradicional fueron algunas de las tem\u00e1ticas que se abordaron durante el di\u00e1logo.<\/p>","protected":false},"author":10,"featured_media":59435,"comment_status":"open","ping_status":"open","sticky":false,"template":"","format":"standard","meta":{"_acf_changed":false,"_uag_custom_page_level_css":"","_monsterinsights_skip_tracking":false,"_monsterinsights_sitenote_active":false,"_monsterinsights_sitenote_note":"","_monsterinsights_sitenote_category":0,"cybocfi_hide_featured_image":"","footnotes":""},"categories":[80,490,150,76],"tags":[679],"infouartes":[],"class_list":["post-59434","post","type-post","status-publish","format-standard","has-post-thumbnail","hentry","category-academico","category-alumni","category-artes-sonoras","category-estudiantes","tag-conferencias"],"acf":[],"yoast_head":"<!-- This site is optimized with the Yoast SEO plugin v27.4 - https:\/\/yoast.com\/product\/yoast-seo-wordpress\/ -->\n<title>Universidad de las Artes - \u201cLa IA y la producci\u00f3n musical\u201d<\/title>\n<meta name=\"description\" content=\"Universidad de las Artes - \u201cLa IA y la producci\u00f3n musical\u201d\" \/>\n<meta name=\"robots\" content=\"index, follow, max-snippet:-1, max-image-preview:large, max-video-preview:-1\" \/>\n<link rel=\"canonical\" href=\"https:\/\/www.uartes.edu.ec\/sitio\/fr\/blog\/2024\/07\/16\/la-inteligencia-artificial-y-la-produccion-musical\/\" \/>\n<meta property=\"og:locale\" content=\"fr_FR\" \/>\n<meta property=\"og:type\" content=\"article\" \/>\n<meta property=\"og:title\" content=\"Universidad de las Artes - \u201cLa IA y la producci\u00f3n musical\u201d\" \/>\n<meta property=\"og:description\" content=\"Universidad de las Artes - \u201cLa IA y la producci\u00f3n musical\u201d\" \/>\n<meta property=\"og:url\" content=\"https:\/\/www.uartes.edu.ec\/sitio\/fr\/blog\/2024\/07\/16\/la-inteligencia-artificial-y-la-produccion-musical\/\" \/>\n<meta property=\"og:site_name\" content=\"Universidad de las Artes\" \/>\n<meta property=\"article:publisher\" content=\"https:\/\/www.facebook.com\/uartesec\" \/>\n<meta property=\"article:published_time\" content=\"2024-07-16T22:35:00+00:00\" \/>\n<meta property=\"article:modified_time\" content=\"2024-08-14T22:54:57+00:00\" \/>\n<meta property=\"og:image\" content=\"https:\/\/www.uartes.edu.ec\/sitio\/wp-content\/uploads\/2024\/07\/01-MESA-REDONDA-IA-1.jpg\" \/>\n\t<meta property=\"og:image:width\" content=\"2000\" \/>\n\t<meta property=\"og:image:height\" content=\"1333\" \/>\n\t<meta property=\"og:image:type\" content=\"image\/jpeg\" \/>\n<meta name=\"author\" content=\"ccortez\" \/>\n<meta name=\"twitter:card\" content=\"summary_large_image\" \/>\n<meta name=\"twitter:creator\" content=\"@uartesec\" \/>\n<meta name=\"twitter:site\" content=\"@uartesec\" \/>\n<meta name=\"twitter:label1\" content=\"\u00c9crit par\" \/>\n\t<meta name=\"twitter:data1\" content=\"ccortez\" \/>\n\t<meta name=\"twitter:label2\" content=\"Dur\u00e9e de lecture estim\u00e9e\" \/>\n\t<meta name=\"twitter:data2\" content=\"4 minutes\" \/>\n<script type=\"application\/ld+json\" class=\"yoast-schema-graph\">{\"@context\":\"https:\\\/\\\/schema.org\",\"@graph\":[{\"@type\":\"Article\",\"@id\":\"https:\\\/\\\/www.uartes.edu.ec\\\/sitio\\\/fr\\\/blog\\\/2024\\\/07\\\/16\\\/la-inteligencia-artificial-y-la-produccion-musical\\\/#article\",\"isPartOf\":{\"@id\":\"https:\\\/\\\/www.uartes.edu.ec\\\/sitio\\\/fr\\\/blog\\\/2024\\\/07\\\/16\\\/la-inteligencia-artificial-y-la-produccion-musical\\\/\"},\"author\":{\"name\":\"ccortez\",\"@id\":\"https:\\\/\\\/www.uartes.edu.ec\\\/sitio\\\/fr\\\/#\\\/schema\\\/person\\\/efa1b8275797664fd7f13a79ccc0b1f4\"},\"headline\":\"\u201cLa IA y la producci\u00f3n musical\u201d\",\"datePublished\":\"2024-07-16T22:35:00+00:00\",\"dateModified\":\"2024-08-14T22:54:57+00:00\",\"mainEntityOfPage\":{\"@id\":\"https:\\\/\\\/www.uartes.edu.ec\\\/sitio\\\/fr\\\/blog\\\/2024\\\/07\\\/16\\\/la-inteligencia-artificial-y-la-produccion-musical\\\/\"},\"wordCount\":823,\"commentCount\":0,\"publisher\":{\"@id\":\"https:\\\/\\\/www.uartes.edu.ec\\\/sitio\\\/fr\\\/#organization\"},\"image\":{\"@id\":\"https:\\\/\\\/www.uartes.edu.ec\\\/sitio\\\/fr\\\/blog\\\/2024\\\/07\\\/16\\\/la-inteligencia-artificial-y-la-produccion-musical\\\/#primaryimage\"},\"thumbnailUrl\":\"https:\\\/\\\/www.uartes.edu.ec\\\/sitio\\\/wp-content\\\/uploads\\\/2024\\\/07\\\/01-MESA-REDONDA-IA-1.jpg\",\"keywords\":[\"conferencias\"],\"articleSection\":[\"Acad\u00e9mico\",\"Alumni\",\"Artes Sonoras\",\"Estudiantes\"],\"inLanguage\":\"fr-FR\",\"potentialAction\":[{\"@type\":\"CommentAction\",\"name\":\"Comment\",\"target\":[\"https:\\\/\\\/www.uartes.edu.ec\\\/sitio\\\/fr\\\/blog\\\/2024\\\/07\\\/16\\\/la-inteligencia-artificial-y-la-produccion-musical\\\/#respond\"]}]},{\"@type\":[\"WebPage\",\"ItemPage\"],\"@id\":\"https:\\\/\\\/www.uartes.edu.ec\\\/sitio\\\/fr\\\/blog\\\/2024\\\/07\\\/16\\\/la-inteligencia-artificial-y-la-produccion-musical\\\/\",\"url\":\"https:\\\/\\\/www.uartes.edu.ec\\\/sitio\\\/fr\\\/blog\\\/2024\\\/07\\\/16\\\/la-inteligencia-artificial-y-la-produccion-musical\\\/\",\"name\":\"Universidad de las Artes - \u201cLa IA y la producci\u00f3n musical\u201d\",\"isPartOf\":{\"@id\":\"https:\\\/\\\/www.uartes.edu.ec\\\/sitio\\\/fr\\\/#website\"},\"primaryImageOfPage\":{\"@id\":\"https:\\\/\\\/www.uartes.edu.ec\\\/sitio\\\/fr\\\/blog\\\/2024\\\/07\\\/16\\\/la-inteligencia-artificial-y-la-produccion-musical\\\/#primaryimage\"},\"image\":{\"@id\":\"https:\\\/\\\/www.uartes.edu.ec\\\/sitio\\\/fr\\\/blog\\\/2024\\\/07\\\/16\\\/la-inteligencia-artificial-y-la-produccion-musical\\\/#primaryimage\"},\"thumbnailUrl\":\"https:\\\/\\\/www.uartes.edu.ec\\\/sitio\\\/wp-content\\\/uploads\\\/2024\\\/07\\\/01-MESA-REDONDA-IA-1.jpg\",\"datePublished\":\"2024-07-16T22:35:00+00:00\",\"dateModified\":\"2024-08-14T22:54:57+00:00\",\"description\":\"Universidad de las Artes - \u201cLa IA y la producci\u00f3n musical\u201d\",\"breadcrumb\":{\"@id\":\"https:\\\/\\\/www.uartes.edu.ec\\\/sitio\\\/fr\\\/blog\\\/2024\\\/07\\\/16\\\/la-inteligencia-artificial-y-la-produccion-musical\\\/#breadcrumb\"},\"inLanguage\":\"fr-FR\",\"potentialAction\":[{\"@type\":\"ReadAction\",\"target\":[\"https:\\\/\\\/www.uartes.edu.ec\\\/sitio\\\/fr\\\/blog\\\/2024\\\/07\\\/16\\\/la-inteligencia-artificial-y-la-produccion-musical\\\/\"]}]},{\"@type\":\"ImageObject\",\"inLanguage\":\"fr-FR\",\"@id\":\"https:\\\/\\\/www.uartes.edu.ec\\\/sitio\\\/fr\\\/blog\\\/2024\\\/07\\\/16\\\/la-inteligencia-artificial-y-la-produccion-musical\\\/#primaryimage\",\"url\":\"https:\\\/\\\/www.uartes.edu.ec\\\/sitio\\\/wp-content\\\/uploads\\\/2024\\\/07\\\/01-MESA-REDONDA-IA-1.jpg\",\"contentUrl\":\"https:\\\/\\\/www.uartes.edu.ec\\\/sitio\\\/wp-content\\\/uploads\\\/2024\\\/07\\\/01-MESA-REDONDA-IA-1.jpg\",\"width\":2000,\"height\":1333},{\"@type\":\"BreadcrumbList\",\"@id\":\"https:\\\/\\\/www.uartes.edu.ec\\\/sitio\\\/fr\\\/blog\\\/2024\\\/07\\\/16\\\/la-inteligencia-artificial-y-la-produccion-musical\\\/#breadcrumb\",\"itemListElement\":[{\"@type\":\"ListItem\",\"position\":1,\"name\":\"Inicio\",\"item\":\"https:\\\/\\\/www.uartes.edu.ec\\\/sitio\\\/\"},{\"@type\":\"ListItem\",\"position\":2,\"name\":\"\u201cLa IA y la producci\u00f3n musical\u201d\"}]},{\"@type\":\"WebSite\",\"@id\":\"https:\\\/\\\/www.uartes.edu.ec\\\/sitio\\\/fr\\\/#website\",\"url\":\"https:\\\/\\\/www.uartes.edu.ec\\\/sitio\\\/fr\\\/\",\"name\":\"Universidad de las Artes\",\"description\":\"Sitio oficial de la Universidad Nacional de las Artes del Ecuador\",\"publisher\":{\"@id\":\"https:\\\/\\\/www.uartes.edu.ec\\\/sitio\\\/fr\\\/#organization\"},\"potentialAction\":[{\"@type\":\"SearchAction\",\"target\":{\"@type\":\"EntryPoint\",\"urlTemplate\":\"https:\\\/\\\/www.uartes.edu.ec\\\/sitio\\\/fr\\\/?s={search_term_string}\"},\"query-input\":{\"@type\":\"PropertyValueSpecification\",\"valueRequired\":true,\"valueName\":\"search_term_string\"}}],\"inLanguage\":\"fr-FR\"},{\"@type\":\"Organization\",\"@id\":\"https:\\\/\\\/www.uartes.edu.ec\\\/sitio\\\/fr\\\/#organization\",\"name\":\"Universidad de las Artes\",\"url\":\"https:\\\/\\\/www.uartes.edu.ec\\\/sitio\\\/fr\\\/\",\"logo\":{\"@type\":\"ImageObject\",\"inLanguage\":\"fr-FR\",\"@id\":\"https:\\\/\\\/www.uartes.edu.ec\\\/sitio\\\/fr\\\/#\\\/schema\\\/logo\\\/image\\\/\",\"url\":\"https:\\\/\\\/www.uartes.edu.ec\\\/sitio\\\/wp-content\\\/uploads\\\/2022\\\/07\\\/logo-ua-horizontal.png\",\"contentUrl\":\"https:\\\/\\\/www.uartes.edu.ec\\\/sitio\\\/wp-content\\\/uploads\\\/2022\\\/07\\\/logo-ua-horizontal.png\",\"width\":800,\"height\":276,\"caption\":\"Universidad de las Artes\"},\"image\":{\"@id\":\"https:\\\/\\\/www.uartes.edu.ec\\\/sitio\\\/fr\\\/#\\\/schema\\\/logo\\\/image\\\/\"},\"sameAs\":[\"https:\\\/\\\/www.facebook.com\\\/uartesec\",\"https:\\\/\\\/x.com\\\/uartesec\",\"https:\\\/\\\/www.tiktok.com\\\/@uartesec\"]},{\"@type\":\"Person\",\"@id\":\"https:\\\/\\\/www.uartes.edu.ec\\\/sitio\\\/fr\\\/#\\\/schema\\\/person\\\/efa1b8275797664fd7f13a79ccc0b1f4\",\"name\":\"ccortez\",\"image\":{\"@type\":\"ImageObject\",\"inLanguage\":\"fr-FR\",\"@id\":\"https:\\\/\\\/secure.gravatar.com\\\/avatar\\\/b2a6f664a3ae8e074346ef91775736c5ec479e637ecced6842de9dc98b5da9cd?s=96&d=mm&r=g\",\"url\":\"https:\\\/\\\/secure.gravatar.com\\\/avatar\\\/b2a6f664a3ae8e074346ef91775736c5ec479e637ecced6842de9dc98b5da9cd?s=96&d=mm&r=g\",\"contentUrl\":\"https:\\\/\\\/secure.gravatar.com\\\/avatar\\\/b2a6f664a3ae8e074346ef91775736c5ec479e637ecced6842de9dc98b5da9cd?s=96&d=mm&r=g\",\"caption\":\"ccortez\"},\"url\":\"https:\\\/\\\/www.uartes.edu.ec\\\/sitio\\\/fr\\\/blog\\\/author\\\/ccortez\\\/\"}]}<\/script>\n<!-- \/ Yoast SEO plugin. -->","yoast_head_json":{"title":"Universidad de las Artes - \u201cLa IA y la producci\u00f3n musical\u201d","description":"Universidad de las Artes - \u201cLa IA y la producci\u00f3n musical\u201d","robots":{"index":"index","follow":"follow","max-snippet":"max-snippet:-1","max-image-preview":"max-image-preview:large","max-video-preview":"max-video-preview:-1"},"canonical":"https:\/\/www.uartes.edu.ec\/sitio\/fr\/blog\/2024\/07\/16\/la-inteligencia-artificial-y-la-produccion-musical\/","og_locale":"fr_FR","og_type":"article","og_title":"Universidad de las Artes - \u201cLa IA y la producci\u00f3n musical\u201d","og_description":"Universidad de las Artes - \u201cLa IA y la producci\u00f3n musical\u201d","og_url":"https:\/\/www.uartes.edu.ec\/sitio\/fr\/blog\/2024\/07\/16\/la-inteligencia-artificial-y-la-produccion-musical\/","og_site_name":"Universidad de las Artes","article_publisher":"https:\/\/www.facebook.com\/uartesec","article_published_time":"2024-07-16T22:35:00+00:00","article_modified_time":"2024-08-14T22:54:57+00:00","og_image":[{"width":2000,"height":1333,"url":"https:\/\/www.uartes.edu.ec\/sitio\/wp-content\/uploads\/2024\/07\/01-MESA-REDONDA-IA-1.jpg","type":"image\/jpeg"}],"author":"ccortez","twitter_card":"summary_large_image","twitter_creator":"@uartesec","twitter_site":"@uartesec","twitter_misc":{"\u00c9crit par":"ccortez","Dur\u00e9e de lecture estim\u00e9e":"4 minutes"},"schema":{"@context":"https:\/\/schema.org","@graph":[{"@type":"Article","@id":"https:\/\/www.uartes.edu.ec\/sitio\/fr\/blog\/2024\/07\/16\/la-inteligencia-artificial-y-la-produccion-musical\/#article","isPartOf":{"@id":"https:\/\/www.uartes.edu.ec\/sitio\/fr\/blog\/2024\/07\/16\/la-inteligencia-artificial-y-la-produccion-musical\/"},"author":{"name":"ccortez","@id":"https:\/\/www.uartes.edu.ec\/sitio\/fr\/#\/schema\/person\/efa1b8275797664fd7f13a79ccc0b1f4"},"headline":"\u201cLa IA y la producci\u00f3n musical\u201d","datePublished":"2024-07-16T22:35:00+00:00","dateModified":"2024-08-14T22:54:57+00:00","mainEntityOfPage":{"@id":"https:\/\/www.uartes.edu.ec\/sitio\/fr\/blog\/2024\/07\/16\/la-inteligencia-artificial-y-la-produccion-musical\/"},"wordCount":823,"commentCount":0,"publisher":{"@id":"https:\/\/www.uartes.edu.ec\/sitio\/fr\/#organization"},"image":{"@id":"https:\/\/www.uartes.edu.ec\/sitio\/fr\/blog\/2024\/07\/16\/la-inteligencia-artificial-y-la-produccion-musical\/#primaryimage"},"thumbnailUrl":"https:\/\/www.uartes.edu.ec\/sitio\/wp-content\/uploads\/2024\/07\/01-MESA-REDONDA-IA-1.jpg","keywords":["conferencias"],"articleSection":["Acad\u00e9mico","Alumni","Artes Sonoras","Estudiantes"],"inLanguage":"fr-FR","potentialAction":[{"@type":"CommentAction","name":"Comment","target":["https:\/\/www.uartes.edu.ec\/sitio\/fr\/blog\/2024\/07\/16\/la-inteligencia-artificial-y-la-produccion-musical\/#respond"]}]},{"@type":["WebPage","ItemPage"],"@id":"https:\/\/www.uartes.edu.ec\/sitio\/fr\/blog\/2024\/07\/16\/la-inteligencia-artificial-y-la-produccion-musical\/","url":"https:\/\/www.uartes.edu.ec\/sitio\/fr\/blog\/2024\/07\/16\/la-inteligencia-artificial-y-la-produccion-musical\/","name":"Universidad de las Artes - \u201cLa IA y la producci\u00f3n musical\u201d","isPartOf":{"@id":"https:\/\/www.uartes.edu.ec\/sitio\/fr\/#website"},"primaryImageOfPage":{"@id":"https:\/\/www.uartes.edu.ec\/sitio\/fr\/blog\/2024\/07\/16\/la-inteligencia-artificial-y-la-produccion-musical\/#primaryimage"},"image":{"@id":"https:\/\/www.uartes.edu.ec\/sitio\/fr\/blog\/2024\/07\/16\/la-inteligencia-artificial-y-la-produccion-musical\/#primaryimage"},"thumbnailUrl":"https:\/\/www.uartes.edu.ec\/sitio\/wp-content\/uploads\/2024\/07\/01-MESA-REDONDA-IA-1.jpg","datePublished":"2024-07-16T22:35:00+00:00","dateModified":"2024-08-14T22:54:57+00:00","description":"Universidad de las Artes - \u201cLa IA y la producci\u00f3n musical\u201d","breadcrumb":{"@id":"https:\/\/www.uartes.edu.ec\/sitio\/fr\/blog\/2024\/07\/16\/la-inteligencia-artificial-y-la-produccion-musical\/#breadcrumb"},"inLanguage":"fr-FR","potentialAction":[{"@type":"ReadAction","target":["https:\/\/www.uartes.edu.ec\/sitio\/fr\/blog\/2024\/07\/16\/la-inteligencia-artificial-y-la-produccion-musical\/"]}]},{"@type":"ImageObject","inLanguage":"fr-FR","@id":"https:\/\/www.uartes.edu.ec\/sitio\/fr\/blog\/2024\/07\/16\/la-inteligencia-artificial-y-la-produccion-musical\/#primaryimage","url":"https:\/\/www.uartes.edu.ec\/sitio\/wp-content\/uploads\/2024\/07\/01-MESA-REDONDA-IA-1.jpg","contentUrl":"https:\/\/www.uartes.edu.ec\/sitio\/wp-content\/uploads\/2024\/07\/01-MESA-REDONDA-IA-1.jpg","width":2000,"height":1333},{"@type":"BreadcrumbList","@id":"https:\/\/www.uartes.edu.ec\/sitio\/fr\/blog\/2024\/07\/16\/la-inteligencia-artificial-y-la-produccion-musical\/#breadcrumb","itemListElement":[{"@type":"ListItem","position":1,"name":"Inicio","item":"https:\/\/www.uartes.edu.ec\/sitio\/"},{"@type":"ListItem","position":2,"name":"\u201cLa IA y la producci\u00f3n musical\u201d"}]},{"@type":"WebSite","@id":"https:\/\/www.uartes.edu.ec\/sitio\/fr\/#website","url":"https:\/\/www.uartes.edu.ec\/sitio\/fr\/","name":"Universidad de las Artes","description":"Sitio oficial de la Universidad Nacional de las Artes del Ecuador","publisher":{"@id":"https:\/\/www.uartes.edu.ec\/sitio\/fr\/#organization"},"potentialAction":[{"@type":"SearchAction","target":{"@type":"EntryPoint","urlTemplate":"https:\/\/www.uartes.edu.ec\/sitio\/fr\/?s={search_term_string}"},"query-input":{"@type":"PropertyValueSpecification","valueRequired":true,"valueName":"search_term_string"}}],"inLanguage":"fr-FR"},{"@type":"Organization","@id":"https:\/\/www.uartes.edu.ec\/sitio\/fr\/#organization","name":"Universidad de las Artes","url":"https:\/\/www.uartes.edu.ec\/sitio\/fr\/","logo":{"@type":"ImageObject","inLanguage":"fr-FR","@id":"https:\/\/www.uartes.edu.ec\/sitio\/fr\/#\/schema\/logo\/image\/","url":"https:\/\/www.uartes.edu.ec\/sitio\/wp-content\/uploads\/2022\/07\/logo-ua-horizontal.png","contentUrl":"https:\/\/www.uartes.edu.ec\/sitio\/wp-content\/uploads\/2022\/07\/logo-ua-horizontal.png","width":800,"height":276,"caption":"Universidad de las Artes"},"image":{"@id":"https:\/\/www.uartes.edu.ec\/sitio\/fr\/#\/schema\/logo\/image\/"},"sameAs":["https:\/\/www.facebook.com\/uartesec","https:\/\/x.com\/uartesec","https:\/\/www.tiktok.com\/@uartesec"]},{"@type":"Person","@id":"https:\/\/www.uartes.edu.ec\/sitio\/fr\/#\/schema\/person\/efa1b8275797664fd7f13a79ccc0b1f4","name":"ccortez","image":{"@type":"ImageObject","inLanguage":"fr-FR","@id":"https:\/\/secure.gravatar.com\/avatar\/b2a6f664a3ae8e074346ef91775736c5ec479e637ecced6842de9dc98b5da9cd?s=96&d=mm&r=g","url":"https:\/\/secure.gravatar.com\/avatar\/b2a6f664a3ae8e074346ef91775736c5ec479e637ecced6842de9dc98b5da9cd?s=96&d=mm&r=g","contentUrl":"https:\/\/secure.gravatar.com\/avatar\/b2a6f664a3ae8e074346ef91775736c5ec479e637ecced6842de9dc98b5da9cd?s=96&d=mm&r=g","caption":"ccortez"},"url":"https:\/\/www.uartes.edu.ec\/sitio\/fr\/blog\/author\/ccortez\/"}]}},"uagb_featured_image_src":{"full":["https:\/\/www.uartes.edu.ec\/sitio\/wp-content\/uploads\/2024\/07\/01-MESA-REDONDA-IA-1.jpg",2000,1333,false],"thumbnail":["https:\/\/www.uartes.edu.ec\/sitio\/wp-content\/uploads\/2024\/07\/01-MESA-REDONDA-IA-1-150x150.jpg",150,150,true],"medium":["https:\/\/www.uartes.edu.ec\/sitio\/wp-content\/uploads\/2024\/07\/01-MESA-REDONDA-IA-1-300x200.jpg",300,200,true],"medium_large":["https:\/\/www.uartes.edu.ec\/sitio\/wp-content\/uploads\/2024\/07\/01-MESA-REDONDA-IA-1-768x512.jpg",768,512,true],"large":["https:\/\/www.uartes.edu.ec\/sitio\/wp-content\/uploads\/2024\/07\/01-MESA-REDONDA-IA-1-644x429.jpg",644,429,true],"1536x1536":["https:\/\/www.uartes.edu.ec\/sitio\/wp-content\/uploads\/2024\/07\/01-MESA-REDONDA-IA-1-1536x1024.jpg",1536,1024,true],"2048x2048":["https:\/\/www.uartes.edu.ec\/sitio\/wp-content\/uploads\/2024\/07\/01-MESA-REDONDA-IA-1.jpg",2000,1333,false],"trp-custom-language-flag":["https:\/\/www.uartes.edu.ec\/sitio\/wp-content\/uploads\/2024\/07\/01-MESA-REDONDA-IA-1-18x12.jpg",18,12,true],"htmega_size_585x295":["https:\/\/www.uartes.edu.ec\/sitio\/wp-content\/uploads\/2024\/07\/01-MESA-REDONDA-IA-1-585x295.jpg",585,295,true],"htmega_size_1170x536":["https:\/\/www.uartes.edu.ec\/sitio\/wp-content\/uploads\/2024\/07\/01-MESA-REDONDA-IA-1-1170x536.jpg",1170,536,true],"htmega_size_396x360":["https:\/\/www.uartes.edu.ec\/sitio\/wp-content\/uploads\/2024\/07\/01-MESA-REDONDA-IA-1-396x360.jpg",396,360,true],"gb-block-post-grid-landscape":["https:\/\/www.uartes.edu.ec\/sitio\/wp-content\/uploads\/2024\/07\/01-MESA-REDONDA-IA-1.jpg",600,400,false],"gb-block-post-grid-square":["https:\/\/www.uartes.edu.ec\/sitio\/wp-content\/uploads\/2024\/07\/01-MESA-REDONDA-IA-1.jpg",600,400,false],"university-hub-thumb":["https:\/\/www.uartes.edu.ec\/sitio\/wp-content\/uploads\/2024\/07\/01-MESA-REDONDA-IA-1-400x267.jpg",400,267,true],"mailpoet_newsletter_max":["https:\/\/www.uartes.edu.ec\/sitio\/wp-content\/uploads\/2024\/07\/01-MESA-REDONDA-IA-1.jpg",1320,880,false]},"uagb_author_info":{"display_name":"ccortez","author_link":"https:\/\/www.uartes.edu.ec\/sitio\/fr\/blog\/author\/ccortez\/"},"uagb_comment_info":0,"uagb_excerpt":"Una mesa redonda sobre la Inteligencia Artificial (IA) y la producci\u00f3n musical se desarroll\u00f3 en el segundo d\u00eda de las Conferencias de Audio y Sonido del Ecuador (CASE), organizadas por la UArtes y su Escuela de Artes Sonoras. Participaron los docentes Rub\u00e9n Riera y Juan Ripalda y el productor argentino Ezequiel Morfi. Eficiencia en la\u2026","featured_image_src":"https:\/\/www.uartes.edu.ec\/sitio\/wp-content\/uploads\/2024\/07\/01-MESA-REDONDA-IA-1.jpg","featured_image_src_square":"https:\/\/www.uartes.edu.ec\/sitio\/wp-content\/uploads\/2024\/07\/01-MESA-REDONDA-IA-1.jpg","author_info":{"display_name":"ccortez","author_link":"https:\/\/www.uartes.edu.ec\/sitio\/fr\/blog\/author\/ccortez\/"},"publishpress_future_workflow_manual_trigger":{"enabledWorkflows":[]},"distributor_meta":false,"distributor_terms":false,"distributor_media":false,"distributor_original_site_name":"Universidad de las Artes","distributor_original_site_url":"https:\/\/www.uartes.edu.ec\/sitio\/fr","push-errors":false,"_links":{"self":[{"href":"https:\/\/www.uartes.edu.ec\/sitio\/fr\/wp-json\/wp\/v2\/posts\/59434","targetHints":{"allow":["GET"]}}],"collection":[{"href":"https:\/\/www.uartes.edu.ec\/sitio\/fr\/wp-json\/wp\/v2\/posts"}],"about":[{"href":"https:\/\/www.uartes.edu.ec\/sitio\/fr\/wp-json\/wp\/v2\/types\/post"}],"author":[{"embeddable":true,"href":"https:\/\/www.uartes.edu.ec\/sitio\/fr\/wp-json\/wp\/v2\/users\/10"}],"replies":[{"embeddable":true,"href":"https:\/\/www.uartes.edu.ec\/sitio\/fr\/wp-json\/wp\/v2\/comments?post=59434"}],"version-history":[{"count":20,"href":"https:\/\/www.uartes.edu.ec\/sitio\/fr\/wp-json\/wp\/v2\/posts\/59434\/revisions"}],"predecessor-version":[{"id":60718,"href":"https:\/\/www.uartes.edu.ec\/sitio\/fr\/wp-json\/wp\/v2\/posts\/59434\/revisions\/60718"}],"wp:featuredmedia":[{"embeddable":true,"href":"https:\/\/www.uartes.edu.ec\/sitio\/fr\/wp-json\/wp\/v2\/media\/59435"}],"wp:attachment":[{"href":"https:\/\/www.uartes.edu.ec\/sitio\/fr\/wp-json\/wp\/v2\/media?parent=59434"}],"wp:term":[{"taxonomy":"category","embeddable":true,"href":"https:\/\/www.uartes.edu.ec\/sitio\/fr\/wp-json\/wp\/v2\/categories?post=59434"},{"taxonomy":"post_tag","embeddable":true,"href":"https:\/\/www.uartes.edu.ec\/sitio\/fr\/wp-json\/wp\/v2\/tags?post=59434"},{"taxonomy":"infouartes","embeddable":true,"href":"https:\/\/www.uartes.edu.ec\/sitio\/fr\/wp-json\/wp\/v2\/infouartes?post=59434"}],"curies":[{"name":"wp","href":"https:\/\/api.w.org\/{rel}","templated":true}]}}