{"id":59618,"date":"2024-07-12T18:05:00","date_gmt":"2024-07-12T23:05:00","guid":{"rendered":"https:\/\/www.uartes.edu.ec\/sitio\/?p=59618"},"modified":"2024-08-14T17:07:54","modified_gmt":"2024-08-14T22:07:54","slug":"musica-en-la-era-digital-ia-y-derechos-de-autor","status":"publish","type":"post","link":"https:\/\/www.uartes.edu.ec\/sitio\/fr\/blog\/2024\/07\/12\/musica-en-la-era-digital-ia-y-derechos-de-autor\/","title":{"rendered":"\u201cM\u00fasica en la era digital: IA y derechos de autor\u201d propici\u00f3 un conversatorio en CASE"},"content":{"rendered":"<p>De los derechos de autor y sus implicaciones con la inteligencia artificial trat\u00f3 el abogado Ramiro Rodr\u00edguez en la charla que brind\u00f3 en las Conferencias de Audio y Sonido del Ecuador (CASE), organizadas por la Escuela de Artes Sonoras de la Universidad de las Artes.<\/p>\n\n\n\n<p>Rodr\u00edguez explic\u00f3 los t\u00e9rminos con los que la ley reconoce la existencia de un proceso creativo. La legislaci\u00f3n ecuatoriana interpreta, con estos t\u00e9rminos, el esfuerzo de los\/las artistas como un derecho que debe generar retribuci\u00f3n econ\u00f3mica.<\/p>\n\n\n\n<p>Estos t\u00e9rminos o roles son los de creador, int\u00e9rprete, productor de fonograma y ventanas de difusi\u00f3n. Esta es la \u00fanica forma en la que la legislaci\u00f3n ecuatoriana actual puede determinar la distribuci\u00f3n justa remunerativa que le corresponde a cada una de las partes.<\/p>\n\n\n\n<p>Aunque Rodr\u00edguez dijo coincidir con los criterios de que la inteligencia artificial es una herramienta importante en la creaci\u00f3n, indic\u00f3 que resulta preocupante que no existan normas legales al respecto, puesto que ocupa roles en el proceso creativo, deja de lado la creaci\u00f3n art\u00edstica humana y no hya protecci\u00f3n legal ante un posible plagio que la IA pueda cometer.<\/p>\n\n\n\t\t\t\t\t<div\n\t\t\t\t\t\tclass=\"wp-block-uagb-image-gallery uagb-block-50bab301\"\n\t\t\t\t\t\tstyle=\"\"\n\t\t\t\t\t>\n\t\t\t\t\t\t\t\t\t\t\t<div class=\"spectra-image-gallery spectra-image-gallery__layout--grid spectra-image-gallery__layout--grid-col-2 spectra-image-gallery__layout--grid-col-tab-2 spectra-image-gallery__layout--grid-col-mob-2\">\n\t\t\t\t\t\t\t\t\t\t\t<div class='spectra-image-gallery__media-wrapper' data-spectra-gallery-image-id='59621' tabindex=\"0\">\n\t\t\t\t\t\t\t<div class=\"spectra-image-gallery__media spectra-image-gallery__media--grid\">\n\t\t\t\t<picture>\n\t\t\t\t\t<source media=\"(min-width: 1024px)\" srcset=\"https:\/\/www.uartes.edu.ec\/sitio\/wp-content\/uploads\/2024\/07\/CASE-3-160724-644x429.jpg\">\n\t\t\t\t\t<source media=\"(min-width: 768px)\" srcset=\"https:\/\/www.uartes.edu.ec\/sitio\/wp-content\/uploads\/2024\/07\/CASE-3-160724-644x429.jpg\">\n\t\t\t\t\t<img decoding=\"async\" class=\"spectra-image-gallery__media-thumbnail spectra-image-gallery__media-thumbnail--grid\" src=\"https:\/\/www.uartes.edu.ec\/sitio\/wp-content\/uploads\/2024\/07\/CASE-3-160724-300x200.jpg\" alt=\"\" loading=\"lazy\" \/>\n\t\t\t\t<\/picture>\n\t\t\t\t<div class=\"spectra-image-gallery__media-thumbnail-blurrer\"><\/div>\n\t\t\t\t\t\t\t\t\t\t\t<div class=\"spectra-image-gallery__media-thumbnail-caption-wrapper spectra-image-gallery__media-thumbnail-caption-wrapper--overlay\">\n\t\t\t\t\t\t\t\t\t\t\t<div class=\"spectra-image-gallery__media-thumbnail-caption spectra-image-gallery__media-thumbnail-caption--overlay\">\n\t\t\t\t\tAucune l\u00e9gende\t\t\t\t<\/div>\n\t\t\t\t\t\t\t\t\t\t<\/div>\n\t\t\t\t\t\t\t\t\t<\/div>\n\t\t\t\t\t\t<\/div>\n\t\t\t\t\t\t<div class='spectra-image-gallery__media-wrapper' data-spectra-gallery-image-id='59620' tabindex=\"0\">\n\t\t\t\t\t\t\t<div class=\"spectra-image-gallery__media spectra-image-gallery__media--grid\">\n\t\t\t\t<picture>\n\t\t\t\t\t<source media=\"(min-width: 1024px)\" srcset=\"https:\/\/www.uartes.edu.ec\/sitio\/wp-content\/uploads\/2024\/07\/CASE-4-160724-644x429.jpg\">\n\t\t\t\t\t<source media=\"(min-width: 768px)\" srcset=\"https:\/\/www.uartes.edu.ec\/sitio\/wp-content\/uploads\/2024\/07\/CASE-4-160724-644x429.jpg\">\n\t\t\t\t\t<img decoding=\"async\" class=\"spectra-image-gallery__media-thumbnail spectra-image-gallery__media-thumbnail--grid\" src=\"https:\/\/www.uartes.edu.ec\/sitio\/wp-content\/uploads\/2024\/07\/CASE-4-160724-300x200.jpg\" alt=\"\" loading=\"lazy\" \/>\n\t\t\t\t<\/picture>\n\t\t\t\t<div class=\"spectra-image-gallery__media-thumbnail-blurrer\"><\/div>\n\t\t\t\t\t\t\t\t\t\t\t<div class=\"spectra-image-gallery__media-thumbnail-caption-wrapper spectra-image-gallery__media-thumbnail-caption-wrapper--overlay\">\n\t\t\t\t\t\t\t\t\t\t\t<div class=\"spectra-image-gallery__media-thumbnail-caption spectra-image-gallery__media-thumbnail-caption--overlay\">\n\t\t\t\t\tAucune l\u00e9gende\t\t\t\t<\/div>\n\t\t\t\t\t\t\t\t\t\t<\/div>\n\t\t\t\t\t\t\t\t\t<\/div>\n\t\t\t\t\t\t<\/div>\n\t\t\t\t\t\t\t\t\t\t<\/div>\n\t\t\t\t\t\t\t\t\t\t\t\t\t\t\t\t\t\t<\/div>\n\t\t\t\t\t\t\t\t\t\n\n\n<p><\/p>\n\n\n\n<p>El ideal, seg\u00fan el abogado, es que se cuide el espacio de creaci\u00f3n y que la inteligencia artificial cuide o sea prudente con los datos que almacena. Esta es la actual b\u00fasqueda de la Uni\u00f3n Europea, reglamentar el uso de datos.<\/p>\n\n\n\n<p>Tras la charla, quienes asistieron este 12 de julio al Museo Nah\u00edm Isa\u00edas a la cita que Rodr\u00edguez titul\u00f3 \u201cM\u00fasica en la en la era digital: IA y los derechos de autor\u201d, se quedaron para conocer su opini\u00f3n con respecto a la inminente llegada de la inteligencia artificial. Refiri\u00f3 que, siendo la Universidad de las Artes una casa que alberga a todos los que creen en el proceso creativo, hay que organizarse para cumplir objetivos en conjunto y poder evolucionar a una industria vigorosa y saludable.<\/p>\n\n\n\n<p>Agreg\u00f3 que hablar sobre el derecho al entretenimiento y sus implicaciones con la inteligencia artificial es interesante para tenerlo presente en el ejercicio profesional futuro, muy a pesar de que todav\u00eda el mundo est\u00e1 tratando de entender de qu\u00e9 se trata la IA y cu\u00e1les son sus alcances, lo cual podr\u00eda llevar una d\u00e9cada y normarla ser\u00e1 un ejercicio de ensayo y error, mucho m\u00e1s en el Ecuador.<\/p>\n\n\n\n<p>Texto: Narda Murillo, estudiante de la Escuela de Literatura.<br>Fotos: Camila Guerrero, docente de la Escuela de Artes Sonoras.<\/p>","protected":false},"excerpt":{"rendered":"<p>De los derechos de autor y sus implicaciones con la inteligencia artificial trat\u00f3 el abogado Ramiro Rodr\u00edguez en la charla que brind\u00f3 en las Conferencias de Audio y Sonido del Ecuador (CASE), organizadas por la Escuela de Artes Sonoras de la Universidad de las Artes. Tuvo lugar el viernes 12 de julio en el Museo Nah\u00edm Isa\u00edas y en su exposici\u00f3n el ponente explic\u00f3 los t\u00e9rminos con los que la ley reconoce la existencia de un proceso creativo.  <\/p>","protected":false},"author":10,"featured_media":59619,"comment_status":"open","ping_status":"open","sticky":false,"template":"","format":"standard","meta":{"_acf_changed":false,"_uag_custom_page_level_css":"","_monsterinsights_skip_tracking":false,"_monsterinsights_sitenote_active":false,"_monsterinsights_sitenote_note":"","_monsterinsights_sitenote_category":0,"cybocfi_hide_featured_image":"","footnotes":""},"categories":[80,82,150,75,76,284,83],"tags":[679],"infouartes":[],"class_list":["post-59618","post","type-post","status-publish","format-standard","has-post-thumbnail","hentry","category-academico","category-artes","category-artes-sonoras","category-docentes","category-estudiantes","category-investigacion","category-sedes","tag-conferencias"],"acf":[],"yoast_head":"<!-- This site is optimized with the Yoast SEO plugin v27.4 - https:\/\/yoast.com\/product\/yoast-seo-wordpress\/ -->\n<title>Universidad de las Artes - \u201cM\u00fasica en la era digital: IA y derechos de autor\u201d propici\u00f3 un conversatorio en CASE<\/title>\n<meta name=\"description\" content=\"Universidad de las Artes - \u201cM\u00fasica en la era digital: IA y derechos de autor\u201d propici\u00f3 un conversatorio en CASE\" \/>\n<meta name=\"robots\" content=\"index, follow, max-snippet:-1, max-image-preview:large, max-video-preview:-1\" \/>\n<link rel=\"canonical\" href=\"https:\/\/www.uartes.edu.ec\/sitio\/fr\/blog\/2024\/07\/12\/musica-en-la-era-digital-ia-y-derechos-de-autor\/\" \/>\n<meta property=\"og:locale\" content=\"fr_FR\" \/>\n<meta property=\"og:type\" content=\"article\" \/>\n<meta property=\"og:title\" content=\"Universidad de las Artes - \u201cM\u00fasica en la era digital: IA y derechos de autor\u201d propici\u00f3 un conversatorio en CASE\" \/>\n<meta property=\"og:description\" content=\"Universidad de las Artes - \u201cM\u00fasica en la era digital: IA y derechos de autor\u201d propici\u00f3 un conversatorio en CASE\" \/>\n<meta property=\"og:url\" content=\"https:\/\/www.uartes.edu.ec\/sitio\/fr\/blog\/2024\/07\/12\/musica-en-la-era-digital-ia-y-derechos-de-autor\/\" \/>\n<meta property=\"og:site_name\" content=\"Universidad de las Artes\" \/>\n<meta property=\"article:publisher\" content=\"https:\/\/www.facebook.com\/uartesec\" \/>\n<meta property=\"article:published_time\" content=\"2024-07-12T23:05:00+00:00\" \/>\n<meta property=\"article:modified_time\" content=\"2024-08-14T22:07:54+00:00\" \/>\n<meta property=\"og:image\" content=\"https:\/\/www.uartes.edu.ec\/sitio\/wp-content\/uploads\/2024\/07\/MUSICA-IA-CASE-RAMIRO-DRIGUEZ-02.jpg\" \/>\n\t<meta property=\"og:image:width\" content=\"2000\" \/>\n\t<meta property=\"og:image:height\" content=\"1333\" \/>\n\t<meta property=\"og:image:type\" content=\"image\/jpeg\" \/>\n<meta name=\"author\" content=\"ccortez\" \/>\n<meta name=\"twitter:card\" content=\"summary_large_image\" \/>\n<meta name=\"twitter:creator\" content=\"@uartesec\" \/>\n<meta name=\"twitter:site\" content=\"@uartesec\" \/>\n<meta name=\"twitter:label1\" content=\"\u00c9crit par\" \/>\n\t<meta name=\"twitter:data1\" content=\"ccortez\" \/>\n\t<meta name=\"twitter:label2\" content=\"Dur\u00e9e de lecture estim\u00e9e\" \/>\n\t<meta name=\"twitter:data2\" content=\"3 minutes\" \/>\n<script type=\"application\/ld+json\" class=\"yoast-schema-graph\">{\"@context\":\"https:\\\/\\\/schema.org\",\"@graph\":[{\"@type\":\"Article\",\"@id\":\"https:\\\/\\\/www.uartes.edu.ec\\\/sitio\\\/fr\\\/blog\\\/2024\\\/07\\\/12\\\/musica-en-la-era-digital-ia-y-derechos-de-autor\\\/#article\",\"isPartOf\":{\"@id\":\"https:\\\/\\\/www.uartes.edu.ec\\\/sitio\\\/fr\\\/blog\\\/2024\\\/07\\\/12\\\/musica-en-la-era-digital-ia-y-derechos-de-autor\\\/\"},\"author\":{\"name\":\"ccortez\",\"@id\":\"https:\\\/\\\/www.uartes.edu.ec\\\/sitio\\\/fr\\\/#\\\/schema\\\/person\\\/efa1b8275797664fd7f13a79ccc0b1f4\"},\"headline\":\"\u201cM\u00fasica en la era digital: IA y derechos de autor\u201d propici\u00f3 un conversatorio en CASE\",\"datePublished\":\"2024-07-12T23:05:00+00:00\",\"dateModified\":\"2024-08-14T22:07:54+00:00\",\"mainEntityOfPage\":{\"@id\":\"https:\\\/\\\/www.uartes.edu.ec\\\/sitio\\\/fr\\\/blog\\\/2024\\\/07\\\/12\\\/musica-en-la-era-digital-ia-y-derechos-de-autor\\\/\"},\"wordCount\":444,\"commentCount\":0,\"publisher\":{\"@id\":\"https:\\\/\\\/www.uartes.edu.ec\\\/sitio\\\/fr\\\/#organization\"},\"image\":{\"@id\":\"https:\\\/\\\/www.uartes.edu.ec\\\/sitio\\\/fr\\\/blog\\\/2024\\\/07\\\/12\\\/musica-en-la-era-digital-ia-y-derechos-de-autor\\\/#primaryimage\"},\"thumbnailUrl\":\"https:\\\/\\\/www.uartes.edu.ec\\\/sitio\\\/wp-content\\\/uploads\\\/2024\\\/07\\\/MUSICA-IA-CASE-RAMIRO-DRIGUEZ-02.jpg\",\"keywords\":[\"conferencias\"],\"articleSection\":[\"Acad\u00e9mico\",\"Artes\",\"Artes Sonoras\",\"Docentes\",\"Estudiantes\",\"Investigaci\u00f3n\",\"Sedes\"],\"inLanguage\":\"fr-FR\",\"potentialAction\":[{\"@type\":\"CommentAction\",\"name\":\"Comment\",\"target\":[\"https:\\\/\\\/www.uartes.edu.ec\\\/sitio\\\/fr\\\/blog\\\/2024\\\/07\\\/12\\\/musica-en-la-era-digital-ia-y-derechos-de-autor\\\/#respond\"]}]},{\"@type\":[\"WebPage\",\"ItemPage\"],\"@id\":\"https:\\\/\\\/www.uartes.edu.ec\\\/sitio\\\/fr\\\/blog\\\/2024\\\/07\\\/12\\\/musica-en-la-era-digital-ia-y-derechos-de-autor\\\/\",\"url\":\"https:\\\/\\\/www.uartes.edu.ec\\\/sitio\\\/fr\\\/blog\\\/2024\\\/07\\\/12\\\/musica-en-la-era-digital-ia-y-derechos-de-autor\\\/\",\"name\":\"Universidad de las Artes - \u201cM\u00fasica en la era digital: IA y derechos de autor\u201d propici\u00f3 un conversatorio en CASE\",\"isPartOf\":{\"@id\":\"https:\\\/\\\/www.uartes.edu.ec\\\/sitio\\\/fr\\\/#website\"},\"primaryImageOfPage\":{\"@id\":\"https:\\\/\\\/www.uartes.edu.ec\\\/sitio\\\/fr\\\/blog\\\/2024\\\/07\\\/12\\\/musica-en-la-era-digital-ia-y-derechos-de-autor\\\/#primaryimage\"},\"image\":{\"@id\":\"https:\\\/\\\/www.uartes.edu.ec\\\/sitio\\\/fr\\\/blog\\\/2024\\\/07\\\/12\\\/musica-en-la-era-digital-ia-y-derechos-de-autor\\\/#primaryimage\"},\"thumbnailUrl\":\"https:\\\/\\\/www.uartes.edu.ec\\\/sitio\\\/wp-content\\\/uploads\\\/2024\\\/07\\\/MUSICA-IA-CASE-RAMIRO-DRIGUEZ-02.jpg\",\"datePublished\":\"2024-07-12T23:05:00+00:00\",\"dateModified\":\"2024-08-14T22:07:54+00:00\",\"description\":\"Universidad de las Artes - \u201cM\u00fasica en la era digital: IA y derechos de autor\u201d propici\u00f3 un conversatorio en CASE\",\"breadcrumb\":{\"@id\":\"https:\\\/\\\/www.uartes.edu.ec\\\/sitio\\\/fr\\\/blog\\\/2024\\\/07\\\/12\\\/musica-en-la-era-digital-ia-y-derechos-de-autor\\\/#breadcrumb\"},\"inLanguage\":\"fr-FR\",\"potentialAction\":[{\"@type\":\"ReadAction\",\"target\":[\"https:\\\/\\\/www.uartes.edu.ec\\\/sitio\\\/fr\\\/blog\\\/2024\\\/07\\\/12\\\/musica-en-la-era-digital-ia-y-derechos-de-autor\\\/\"]}]},{\"@type\":\"ImageObject\",\"inLanguage\":\"fr-FR\",\"@id\":\"https:\\\/\\\/www.uartes.edu.ec\\\/sitio\\\/fr\\\/blog\\\/2024\\\/07\\\/12\\\/musica-en-la-era-digital-ia-y-derechos-de-autor\\\/#primaryimage\",\"url\":\"https:\\\/\\\/www.uartes.edu.ec\\\/sitio\\\/wp-content\\\/uploads\\\/2024\\\/07\\\/MUSICA-IA-CASE-RAMIRO-DRIGUEZ-02.jpg\",\"contentUrl\":\"https:\\\/\\\/www.uartes.edu.ec\\\/sitio\\\/wp-content\\\/uploads\\\/2024\\\/07\\\/MUSICA-IA-CASE-RAMIRO-DRIGUEZ-02.jpg\",\"width\":2000,\"height\":1333},{\"@type\":\"BreadcrumbList\",\"@id\":\"https:\\\/\\\/www.uartes.edu.ec\\\/sitio\\\/fr\\\/blog\\\/2024\\\/07\\\/12\\\/musica-en-la-era-digital-ia-y-derechos-de-autor\\\/#breadcrumb\",\"itemListElement\":[{\"@type\":\"ListItem\",\"position\":1,\"name\":\"Inicio\",\"item\":\"https:\\\/\\\/www.uartes.edu.ec\\\/sitio\\\/\"},{\"@type\":\"ListItem\",\"position\":2,\"name\":\"\u201cM\u00fasica en la era digital: IA y derechos de autor\u201d propici\u00f3 un conversatorio en CASE\"}]},{\"@type\":\"WebSite\",\"@id\":\"https:\\\/\\\/www.uartes.edu.ec\\\/sitio\\\/fr\\\/#website\",\"url\":\"https:\\\/\\\/www.uartes.edu.ec\\\/sitio\\\/fr\\\/\",\"name\":\"Universidad de las Artes\",\"description\":\"Sitio oficial de la Universidad Nacional de las Artes del Ecuador\",\"publisher\":{\"@id\":\"https:\\\/\\\/www.uartes.edu.ec\\\/sitio\\\/fr\\\/#organization\"},\"potentialAction\":[{\"@type\":\"SearchAction\",\"target\":{\"@type\":\"EntryPoint\",\"urlTemplate\":\"https:\\\/\\\/www.uartes.edu.ec\\\/sitio\\\/fr\\\/?s={search_term_string}\"},\"query-input\":{\"@type\":\"PropertyValueSpecification\",\"valueRequired\":true,\"valueName\":\"search_term_string\"}}],\"inLanguage\":\"fr-FR\"},{\"@type\":\"Organization\",\"@id\":\"https:\\\/\\\/www.uartes.edu.ec\\\/sitio\\\/fr\\\/#organization\",\"name\":\"Universidad de las Artes\",\"url\":\"https:\\\/\\\/www.uartes.edu.ec\\\/sitio\\\/fr\\\/\",\"logo\":{\"@type\":\"ImageObject\",\"inLanguage\":\"fr-FR\",\"@id\":\"https:\\\/\\\/www.uartes.edu.ec\\\/sitio\\\/fr\\\/#\\\/schema\\\/logo\\\/image\\\/\",\"url\":\"https:\\\/\\\/www.uartes.edu.ec\\\/sitio\\\/wp-content\\\/uploads\\\/2022\\\/07\\\/logo-ua-horizontal.png\",\"contentUrl\":\"https:\\\/\\\/www.uartes.edu.ec\\\/sitio\\\/wp-content\\\/uploads\\\/2022\\\/07\\\/logo-ua-horizontal.png\",\"width\":800,\"height\":276,\"caption\":\"Universidad de las Artes\"},\"image\":{\"@id\":\"https:\\\/\\\/www.uartes.edu.ec\\\/sitio\\\/fr\\\/#\\\/schema\\\/logo\\\/image\\\/\"},\"sameAs\":[\"https:\\\/\\\/www.facebook.com\\\/uartesec\",\"https:\\\/\\\/x.com\\\/uartesec\",\"https:\\\/\\\/www.tiktok.com\\\/@uartesec\"]},{\"@type\":\"Person\",\"@id\":\"https:\\\/\\\/www.uartes.edu.ec\\\/sitio\\\/fr\\\/#\\\/schema\\\/person\\\/efa1b8275797664fd7f13a79ccc0b1f4\",\"name\":\"ccortez\",\"image\":{\"@type\":\"ImageObject\",\"inLanguage\":\"fr-FR\",\"@id\":\"https:\\\/\\\/secure.gravatar.com\\\/avatar\\\/b2a6f664a3ae8e074346ef91775736c5ec479e637ecced6842de9dc98b5da9cd?s=96&d=mm&r=g\",\"url\":\"https:\\\/\\\/secure.gravatar.com\\\/avatar\\\/b2a6f664a3ae8e074346ef91775736c5ec479e637ecced6842de9dc98b5da9cd?s=96&d=mm&r=g\",\"contentUrl\":\"https:\\\/\\\/secure.gravatar.com\\\/avatar\\\/b2a6f664a3ae8e074346ef91775736c5ec479e637ecced6842de9dc98b5da9cd?s=96&d=mm&r=g\",\"caption\":\"ccortez\"},\"url\":\"https:\\\/\\\/www.uartes.edu.ec\\\/sitio\\\/fr\\\/blog\\\/author\\\/ccortez\\\/\"}]}<\/script>\n<!-- \/ Yoast SEO plugin. -->","yoast_head_json":{"title":"Universidad de las Artes - \u201cM\u00fasica en la era digital: IA y derechos de autor\u201d propici\u00f3 un conversatorio en CASE","description":"Universidad de las Artes - \u201cM\u00fasica en la era digital: IA y derechos de autor\u201d propici\u00f3 un conversatorio en CASE","robots":{"index":"index","follow":"follow","max-snippet":"max-snippet:-1","max-image-preview":"max-image-preview:large","max-video-preview":"max-video-preview:-1"},"canonical":"https:\/\/www.uartes.edu.ec\/sitio\/fr\/blog\/2024\/07\/12\/musica-en-la-era-digital-ia-y-derechos-de-autor\/","og_locale":"fr_FR","og_type":"article","og_title":"Universidad de las Artes - \u201cM\u00fasica en la era digital: IA y derechos de autor\u201d propici\u00f3 un conversatorio en CASE","og_description":"Universidad de las Artes - \u201cM\u00fasica en la era digital: IA y derechos de autor\u201d propici\u00f3 un conversatorio en CASE","og_url":"https:\/\/www.uartes.edu.ec\/sitio\/fr\/blog\/2024\/07\/12\/musica-en-la-era-digital-ia-y-derechos-de-autor\/","og_site_name":"Universidad de las Artes","article_publisher":"https:\/\/www.facebook.com\/uartesec","article_published_time":"2024-07-12T23:05:00+00:00","article_modified_time":"2024-08-14T22:07:54+00:00","og_image":[{"width":2000,"height":1333,"url":"https:\/\/www.uartes.edu.ec\/sitio\/wp-content\/uploads\/2024\/07\/MUSICA-IA-CASE-RAMIRO-DRIGUEZ-02.jpg","type":"image\/jpeg"}],"author":"ccortez","twitter_card":"summary_large_image","twitter_creator":"@uartesec","twitter_site":"@uartesec","twitter_misc":{"\u00c9crit par":"ccortez","Dur\u00e9e de lecture estim\u00e9e":"3 minutes"},"schema":{"@context":"https:\/\/schema.org","@graph":[{"@type":"Article","@id":"https:\/\/www.uartes.edu.ec\/sitio\/fr\/blog\/2024\/07\/12\/musica-en-la-era-digital-ia-y-derechos-de-autor\/#article","isPartOf":{"@id":"https:\/\/www.uartes.edu.ec\/sitio\/fr\/blog\/2024\/07\/12\/musica-en-la-era-digital-ia-y-derechos-de-autor\/"},"author":{"name":"ccortez","@id":"https:\/\/www.uartes.edu.ec\/sitio\/fr\/#\/schema\/person\/efa1b8275797664fd7f13a79ccc0b1f4"},"headline":"\u201cM\u00fasica en la era digital: IA y derechos de autor\u201d propici\u00f3 un conversatorio en CASE","datePublished":"2024-07-12T23:05:00+00:00","dateModified":"2024-08-14T22:07:54+00:00","mainEntityOfPage":{"@id":"https:\/\/www.uartes.edu.ec\/sitio\/fr\/blog\/2024\/07\/12\/musica-en-la-era-digital-ia-y-derechos-de-autor\/"},"wordCount":444,"commentCount":0,"publisher":{"@id":"https:\/\/www.uartes.edu.ec\/sitio\/fr\/#organization"},"image":{"@id":"https:\/\/www.uartes.edu.ec\/sitio\/fr\/blog\/2024\/07\/12\/musica-en-la-era-digital-ia-y-derechos-de-autor\/#primaryimage"},"thumbnailUrl":"https:\/\/www.uartes.edu.ec\/sitio\/wp-content\/uploads\/2024\/07\/MUSICA-IA-CASE-RAMIRO-DRIGUEZ-02.jpg","keywords":["conferencias"],"articleSection":["Acad\u00e9mico","Artes","Artes Sonoras","Docentes","Estudiantes","Investigaci\u00f3n","Sedes"],"inLanguage":"fr-FR","potentialAction":[{"@type":"CommentAction","name":"Comment","target":["https:\/\/www.uartes.edu.ec\/sitio\/fr\/blog\/2024\/07\/12\/musica-en-la-era-digital-ia-y-derechos-de-autor\/#respond"]}]},{"@type":["WebPage","ItemPage"],"@id":"https:\/\/www.uartes.edu.ec\/sitio\/fr\/blog\/2024\/07\/12\/musica-en-la-era-digital-ia-y-derechos-de-autor\/","url":"https:\/\/www.uartes.edu.ec\/sitio\/fr\/blog\/2024\/07\/12\/musica-en-la-era-digital-ia-y-derechos-de-autor\/","name":"Universidad de las Artes - \u201cM\u00fasica en la era digital: IA y derechos de autor\u201d propici\u00f3 un conversatorio en CASE","isPartOf":{"@id":"https:\/\/www.uartes.edu.ec\/sitio\/fr\/#website"},"primaryImageOfPage":{"@id":"https:\/\/www.uartes.edu.ec\/sitio\/fr\/blog\/2024\/07\/12\/musica-en-la-era-digital-ia-y-derechos-de-autor\/#primaryimage"},"image":{"@id":"https:\/\/www.uartes.edu.ec\/sitio\/fr\/blog\/2024\/07\/12\/musica-en-la-era-digital-ia-y-derechos-de-autor\/#primaryimage"},"thumbnailUrl":"https:\/\/www.uartes.edu.ec\/sitio\/wp-content\/uploads\/2024\/07\/MUSICA-IA-CASE-RAMIRO-DRIGUEZ-02.jpg","datePublished":"2024-07-12T23:05:00+00:00","dateModified":"2024-08-14T22:07:54+00:00","description":"Universidad de las Artes - \u201cM\u00fasica en la era digital: IA y derechos de autor\u201d propici\u00f3 un conversatorio en CASE","breadcrumb":{"@id":"https:\/\/www.uartes.edu.ec\/sitio\/fr\/blog\/2024\/07\/12\/musica-en-la-era-digital-ia-y-derechos-de-autor\/#breadcrumb"},"inLanguage":"fr-FR","potentialAction":[{"@type":"ReadAction","target":["https:\/\/www.uartes.edu.ec\/sitio\/fr\/blog\/2024\/07\/12\/musica-en-la-era-digital-ia-y-derechos-de-autor\/"]}]},{"@type":"ImageObject","inLanguage":"fr-FR","@id":"https:\/\/www.uartes.edu.ec\/sitio\/fr\/blog\/2024\/07\/12\/musica-en-la-era-digital-ia-y-derechos-de-autor\/#primaryimage","url":"https:\/\/www.uartes.edu.ec\/sitio\/wp-content\/uploads\/2024\/07\/MUSICA-IA-CASE-RAMIRO-DRIGUEZ-02.jpg","contentUrl":"https:\/\/www.uartes.edu.ec\/sitio\/wp-content\/uploads\/2024\/07\/MUSICA-IA-CASE-RAMIRO-DRIGUEZ-02.jpg","width":2000,"height":1333},{"@type":"BreadcrumbList","@id":"https:\/\/www.uartes.edu.ec\/sitio\/fr\/blog\/2024\/07\/12\/musica-en-la-era-digital-ia-y-derechos-de-autor\/#breadcrumb","itemListElement":[{"@type":"ListItem","position":1,"name":"Inicio","item":"https:\/\/www.uartes.edu.ec\/sitio\/"},{"@type":"ListItem","position":2,"name":"\u201cM\u00fasica en la era digital: IA y derechos de autor\u201d propici\u00f3 un conversatorio en CASE"}]},{"@type":"WebSite","@id":"https:\/\/www.uartes.edu.ec\/sitio\/fr\/#website","url":"https:\/\/www.uartes.edu.ec\/sitio\/fr\/","name":"Universidad de las Artes","description":"Sitio oficial de la Universidad Nacional de las Artes del Ecuador","publisher":{"@id":"https:\/\/www.uartes.edu.ec\/sitio\/fr\/#organization"},"potentialAction":[{"@type":"SearchAction","target":{"@type":"EntryPoint","urlTemplate":"https:\/\/www.uartes.edu.ec\/sitio\/fr\/?s={search_term_string}"},"query-input":{"@type":"PropertyValueSpecification","valueRequired":true,"valueName":"search_term_string"}}],"inLanguage":"fr-FR"},{"@type":"Organization","@id":"https:\/\/www.uartes.edu.ec\/sitio\/fr\/#organization","name":"Universidad de las Artes","url":"https:\/\/www.uartes.edu.ec\/sitio\/fr\/","logo":{"@type":"ImageObject","inLanguage":"fr-FR","@id":"https:\/\/www.uartes.edu.ec\/sitio\/fr\/#\/schema\/logo\/image\/","url":"https:\/\/www.uartes.edu.ec\/sitio\/wp-content\/uploads\/2022\/07\/logo-ua-horizontal.png","contentUrl":"https:\/\/www.uartes.edu.ec\/sitio\/wp-content\/uploads\/2022\/07\/logo-ua-horizontal.png","width":800,"height":276,"caption":"Universidad de las Artes"},"image":{"@id":"https:\/\/www.uartes.edu.ec\/sitio\/fr\/#\/schema\/logo\/image\/"},"sameAs":["https:\/\/www.facebook.com\/uartesec","https:\/\/x.com\/uartesec","https:\/\/www.tiktok.com\/@uartesec"]},{"@type":"Person","@id":"https:\/\/www.uartes.edu.ec\/sitio\/fr\/#\/schema\/person\/efa1b8275797664fd7f13a79ccc0b1f4","name":"ccortez","image":{"@type":"ImageObject","inLanguage":"fr-FR","@id":"https:\/\/secure.gravatar.com\/avatar\/b2a6f664a3ae8e074346ef91775736c5ec479e637ecced6842de9dc98b5da9cd?s=96&d=mm&r=g","url":"https:\/\/secure.gravatar.com\/avatar\/b2a6f664a3ae8e074346ef91775736c5ec479e637ecced6842de9dc98b5da9cd?s=96&d=mm&r=g","contentUrl":"https:\/\/secure.gravatar.com\/avatar\/b2a6f664a3ae8e074346ef91775736c5ec479e637ecced6842de9dc98b5da9cd?s=96&d=mm&r=g","caption":"ccortez"},"url":"https:\/\/www.uartes.edu.ec\/sitio\/fr\/blog\/author\/ccortez\/"}]}},"uagb_featured_image_src":{"full":["https:\/\/www.uartes.edu.ec\/sitio\/wp-content\/uploads\/2024\/07\/MUSICA-IA-CASE-RAMIRO-DRIGUEZ-02.jpg",2000,1333,false],"thumbnail":["https:\/\/www.uartes.edu.ec\/sitio\/wp-content\/uploads\/2024\/07\/MUSICA-IA-CASE-RAMIRO-DRIGUEZ-02-150x150.jpg",150,150,true],"medium":["https:\/\/www.uartes.edu.ec\/sitio\/wp-content\/uploads\/2024\/07\/MUSICA-IA-CASE-RAMIRO-DRIGUEZ-02-300x200.jpg",300,200,true],"medium_large":["https:\/\/www.uartes.edu.ec\/sitio\/wp-content\/uploads\/2024\/07\/MUSICA-IA-CASE-RAMIRO-DRIGUEZ-02-768x512.jpg",768,512,true],"large":["https:\/\/www.uartes.edu.ec\/sitio\/wp-content\/uploads\/2024\/07\/MUSICA-IA-CASE-RAMIRO-DRIGUEZ-02-644x429.jpg",644,429,true],"1536x1536":["https:\/\/www.uartes.edu.ec\/sitio\/wp-content\/uploads\/2024\/07\/MUSICA-IA-CASE-RAMIRO-DRIGUEZ-02-1536x1024.jpg",1536,1024,true],"2048x2048":["https:\/\/www.uartes.edu.ec\/sitio\/wp-content\/uploads\/2024\/07\/MUSICA-IA-CASE-RAMIRO-DRIGUEZ-02.jpg",2000,1333,false],"trp-custom-language-flag":["https:\/\/www.uartes.edu.ec\/sitio\/wp-content\/uploads\/2024\/07\/MUSICA-IA-CASE-RAMIRO-DRIGUEZ-02-18x12.jpg",18,12,true],"htmega_size_585x295":["https:\/\/www.uartes.edu.ec\/sitio\/wp-content\/uploads\/2024\/07\/MUSICA-IA-CASE-RAMIRO-DRIGUEZ-02-585x295.jpg",585,295,true],"htmega_size_1170x536":["https:\/\/www.uartes.edu.ec\/sitio\/wp-content\/uploads\/2024\/07\/MUSICA-IA-CASE-RAMIRO-DRIGUEZ-02-1170x536.jpg",1170,536,true],"htmega_size_396x360":["https:\/\/www.uartes.edu.ec\/sitio\/wp-content\/uploads\/2024\/07\/MUSICA-IA-CASE-RAMIRO-DRIGUEZ-02-396x360.jpg",396,360,true],"gb-block-post-grid-landscape":["https:\/\/www.uartes.edu.ec\/sitio\/wp-content\/uploads\/2024\/07\/MUSICA-IA-CASE-RAMIRO-DRIGUEZ-02.jpg",600,400,false],"gb-block-post-grid-square":["https:\/\/www.uartes.edu.ec\/sitio\/wp-content\/uploads\/2024\/07\/MUSICA-IA-CASE-RAMIRO-DRIGUEZ-02.jpg",600,400,false],"university-hub-thumb":["https:\/\/www.uartes.edu.ec\/sitio\/wp-content\/uploads\/2024\/07\/MUSICA-IA-CASE-RAMIRO-DRIGUEZ-02-400x267.jpg",400,267,true],"mailpoet_newsletter_max":["https:\/\/www.uartes.edu.ec\/sitio\/wp-content\/uploads\/2024\/07\/MUSICA-IA-CASE-RAMIRO-DRIGUEZ-02.jpg",1320,880,false]},"uagb_author_info":{"display_name":"ccortez","author_link":"https:\/\/www.uartes.edu.ec\/sitio\/fr\/blog\/author\/ccortez\/"},"uagb_comment_info":0,"uagb_excerpt":"De los derechos de autor y sus implicaciones con la inteligencia artificial trat\u00f3 el abogado Ramiro Rodr\u00edguez en la charla que brind\u00f3 en las Conferencias de Audio y Sonido del Ecuador (CASE), organizadas por la Escuela de Artes Sonoras de la Universidad de las Artes. Tuvo lugar el viernes 12 de julio en el Museo\u2026","featured_image_src":"https:\/\/www.uartes.edu.ec\/sitio\/wp-content\/uploads\/2024\/07\/MUSICA-IA-CASE-RAMIRO-DRIGUEZ-02.jpg","featured_image_src_square":"https:\/\/www.uartes.edu.ec\/sitio\/wp-content\/uploads\/2024\/07\/MUSICA-IA-CASE-RAMIRO-DRIGUEZ-02.jpg","author_info":{"display_name":"ccortez","author_link":"https:\/\/www.uartes.edu.ec\/sitio\/fr\/blog\/author\/ccortez\/"},"publishpress_future_workflow_manual_trigger":{"enabledWorkflows":[]},"distributor_meta":false,"distributor_terms":false,"distributor_media":false,"distributor_original_site_name":"Universidad de las Artes","distributor_original_site_url":"https:\/\/www.uartes.edu.ec\/sitio\/fr","push-errors":false,"_links":{"self":[{"href":"https:\/\/www.uartes.edu.ec\/sitio\/fr\/wp-json\/wp\/v2\/posts\/59618","targetHints":{"allow":["GET"]}}],"collection":[{"href":"https:\/\/www.uartes.edu.ec\/sitio\/fr\/wp-json\/wp\/v2\/posts"}],"about":[{"href":"https:\/\/www.uartes.edu.ec\/sitio\/fr\/wp-json\/wp\/v2\/types\/post"}],"author":[{"embeddable":true,"href":"https:\/\/www.uartes.edu.ec\/sitio\/fr\/wp-json\/wp\/v2\/users\/10"}],"replies":[{"embeddable":true,"href":"https:\/\/www.uartes.edu.ec\/sitio\/fr\/wp-json\/wp\/v2\/comments?post=59618"}],"version-history":[{"count":21,"href":"https:\/\/www.uartes.edu.ec\/sitio\/fr\/wp-json\/wp\/v2\/posts\/59618\/revisions"}],"predecessor-version":[{"id":60701,"href":"https:\/\/www.uartes.edu.ec\/sitio\/fr\/wp-json\/wp\/v2\/posts\/59618\/revisions\/60701"}],"wp:featuredmedia":[{"embeddable":true,"href":"https:\/\/www.uartes.edu.ec\/sitio\/fr\/wp-json\/wp\/v2\/media\/59619"}],"wp:attachment":[{"href":"https:\/\/www.uartes.edu.ec\/sitio\/fr\/wp-json\/wp\/v2\/media?parent=59618"}],"wp:term":[{"taxonomy":"category","embeddable":true,"href":"https:\/\/www.uartes.edu.ec\/sitio\/fr\/wp-json\/wp\/v2\/categories?post=59618"},{"taxonomy":"post_tag","embeddable":true,"href":"https:\/\/www.uartes.edu.ec\/sitio\/fr\/wp-json\/wp\/v2\/tags?post=59618"},{"taxonomy":"infouartes","embeddable":true,"href":"https:\/\/www.uartes.edu.ec\/sitio\/fr\/wp-json\/wp\/v2\/infouartes?post=59618"}],"curies":[{"name":"wp","href":"https:\/\/api.w.org\/{rel}","templated":true}]}}