{"id":59698,"date":"2024-07-29T11:57:00","date_gmt":"2024-07-29T16:57:00","guid":{"rendered":"https:\/\/www.uartes.edu.ec\/sitio\/?p=59698"},"modified":"2024-10-21T15:33:51","modified_gmt":"2024-10-21T20:33:51","slug":"resultados-de-acciones-conjuntas-llevan-a-la-renovacion-del-convenio-de-cooperacion-institucional-entre-uartes-y-espol","status":"publish","type":"post","link":"https:\/\/www.uartes.edu.ec\/sitio\/fr\/blog\/2024\/07\/29\/resultados-de-acciones-conjuntas-llevan-a-la-renovacion-del-convenio-de-cooperacion-institucional-entre-uartes-y-espol\/","title":{"rendered":"Resultados de acciones conjuntas llevan a la renovaci\u00f3n del convenio de cooperaci\u00f3n interinstitucional entre la UArtes y la Espol"},"content":{"rendered":"<p>Con cinco a\u00f1os de vigencia, la Universidad de las Artes y la Escuela Superior Polit\u00e9cnica del Litoral (Espol) firmaron el 17 de junio del 2019 un Convenio Marco de Cooperaci\u00f3n Interinstitucional para aunar esfuerzos en acciones conjuntas en temas de inter\u00e9s rec\u00edproco, en las \u00e1reas de docencia, investigaci\u00f3n, innovaci\u00f3n, vinculaci\u00f3n con la colectividad, asistencia t\u00e9cnica, administrativa y acad\u00e9mica, capacitaci\u00f3n profesional, entre otras. El mencionado acuerdo feneci\u00f3 el 17 de junio pasado y este 24 de julio fue renovado.<\/p>\n\n\n\n<p>La decisi\u00f3n de las autoridades de la UArtes y la Espol de continuar con la relaci\u00f3n de cooperaci\u00f3n interinstitucional existente responde a los importantes resultados obtenidos en iniciativas como el programa \u201cMovilidad por las ciencias y el arte\u201d, el cual ofrece a los estudiantes una oportunidad de intercambio de conocimientos y experiencias que contribuyan favorablemente a su formaci\u00f3n profesional y personal.<\/p>\n\n\n<div class=\"wp-block-image\">\n<figure class=\"aligncenter size-large\"><img fetchpriority=\"high\" decoding=\"async\" width=\"644\" height=\"429\" src=\"https:\/\/www.uartes.edu.ec\/sitio\/wp-content\/uploads\/2024\/07\/01-ESPOL-UARTES-644x429.jpg\" alt=\"\" class=\"wp-image-59700\" srcset=\"https:\/\/www.uartes.edu.ec\/sitio\/wp-content\/uploads\/2024\/07\/01-ESPOL-UARTES-644x429.jpg 644w, https:\/\/www.uartes.edu.ec\/sitio\/wp-content\/uploads\/2024\/07\/01-ESPOL-UARTES-300x200.jpg 300w, https:\/\/www.uartes.edu.ec\/sitio\/wp-content\/uploads\/2024\/07\/01-ESPOL-UARTES-768x512.jpg 768w, https:\/\/www.uartes.edu.ec\/sitio\/wp-content\/uploads\/2024\/07\/01-ESPOL-UARTES-1536x1024.jpg 1536w, https:\/\/www.uartes.edu.ec\/sitio\/wp-content\/uploads\/2024\/07\/01-ESPOL-UARTES-18x12.jpg 18w, https:\/\/www.uartes.edu.ec\/sitio\/wp-content\/uploads\/2024\/07\/01-ESPOL-UARTES-400x267.jpg 400w, https:\/\/www.uartes.edu.ec\/sitio\/wp-content\/uploads\/2024\/07\/01-ESPOL-UARTES-272x182.jpg 272w, https:\/\/www.uartes.edu.ec\/sitio\/wp-content\/uploads\/2024\/07\/01-ESPOL-UARTES.jpg 2000w\" sizes=\"(max-width: 644px) 100vw, 644px\" \/><\/figure>\n<\/div>\n\n\n<p>As\u00ed tambi\u00e9n, ambas instituciones han colaborado en la preparaci\u00f3n y presentaci\u00f3n de productos art\u00edsticos de sus alumnos en espacios comunes y de la ciudad; en el desarrollo de investigaciones docentes; en la difusi\u00f3n de conocimientos cient\u00edficos y experiencias pedag\u00f3gicas; en la planificaci\u00f3n de proyectos de bienestar universitario; y en el fortalecimiento de eventos institucionales mediante la participaci\u00f3n de profesionales, funcionarios y autoridades de cada parte.<\/p>\n\n\n\n<p>Es en consideraci\u00f3n al camino trazado entre la UArtes y la Espol, as\u00ed como de sus objetivos institucionales, que ambas instituciones de educaci\u00f3n superior consideraron pertinente mantener el relacionamiento para la continuidad de las colaboraciones en curso y el respaldo de iniciativas venideras.<\/p>\n\n\n\t\t\t\t\t<div\n\t\t\t\t\t\tclass=\"wp-block-uagb-image-gallery uagb-block-94b67350\"\n\t\t\t\t\t\tstyle=\"\"\n\t\t\t\t\t>\n\t\t\t\t\t\t\t\t\t\t\t<div class=\"spectra-image-gallery spectra-image-gallery__layout--grid spectra-image-gallery__layout--grid-col-2 spectra-image-gallery__layout--grid-col-tab-2 spectra-image-gallery__layout--grid-col-mob-2\">\n\t\t\t\t\t\t\t\t\t\t\t<div class='spectra-image-gallery__media-wrapper' data-spectra-gallery-image-id='59702' tabindex=\"0\">\n\t\t\t\t\t\t\t<div class=\"spectra-image-gallery__media spectra-image-gallery__media--grid\">\n\t\t\t\t<picture>\n\t\t\t\t\t<source media=\"(min-width: 1024px)\" srcset=\"https:\/\/www.uartes.edu.ec\/sitio\/wp-content\/uploads\/2024\/07\/05-ESPOL-UARTES-644x429.jpg\">\n\t\t\t\t\t<source media=\"(min-width: 768px)\" srcset=\"https:\/\/www.uartes.edu.ec\/sitio\/wp-content\/uploads\/2024\/07\/05-ESPOL-UARTES-644x429.jpg\">\n\t\t\t\t\t<img decoding=\"async\" class=\"spectra-image-gallery__media-thumbnail spectra-image-gallery__media-thumbnail--grid\" src=\"https:\/\/www.uartes.edu.ec\/sitio\/wp-content\/uploads\/2024\/07\/05-ESPOL-UARTES-300x200.jpg\" alt=\"\" loading=\"lazy\" \/>\n\t\t\t\t<\/picture>\n\t\t\t\t<div class=\"spectra-image-gallery__media-thumbnail-blurrer\"><\/div>\n\t\t\t\t\t\t\t\t\t\t\t<div class=\"spectra-image-gallery__media-thumbnail-caption-wrapper spectra-image-gallery__media-thumbnail-caption-wrapper--overlay\">\n\t\t\t\t\t\t\t\t\t\t\t<div class=\"spectra-image-gallery__media-thumbnail-caption spectra-image-gallery__media-thumbnail-caption--overlay\">\n\t\t\t\t\tAucune l\u00e9gende\t\t\t\t<\/div>\n\t\t\t\t\t\t\t\t\t\t<\/div>\n\t\t\t\t\t\t\t\t\t<\/div>\n\t\t\t\t\t\t<\/div>\n\t\t\t\t\t\t<div class='spectra-image-gallery__media-wrapper' data-spectra-gallery-image-id='59701' tabindex=\"0\">\n\t\t\t\t\t\t\t<div class=\"spectra-image-gallery__media spectra-image-gallery__media--grid\">\n\t\t\t\t<picture>\n\t\t\t\t\t<source media=\"(min-width: 1024px)\" srcset=\"https:\/\/www.uartes.edu.ec\/sitio\/wp-content\/uploads\/2024\/07\/07-ESPOL-UARTES-644x429.jpg\">\n\t\t\t\t\t<source media=\"(min-width: 768px)\" srcset=\"https:\/\/www.uartes.edu.ec\/sitio\/wp-content\/uploads\/2024\/07\/07-ESPOL-UARTES-644x429.jpg\">\n\t\t\t\t\t<img decoding=\"async\" class=\"spectra-image-gallery__media-thumbnail spectra-image-gallery__media-thumbnail--grid\" src=\"https:\/\/www.uartes.edu.ec\/sitio\/wp-content\/uploads\/2024\/07\/07-ESPOL-UARTES-300x200.jpg\" alt=\"\" loading=\"lazy\" \/>\n\t\t\t\t<\/picture>\n\t\t\t\t<div class=\"spectra-image-gallery__media-thumbnail-blurrer\"><\/div>\n\t\t\t\t\t\t\t\t\t\t\t<div class=\"spectra-image-gallery__media-thumbnail-caption-wrapper spectra-image-gallery__media-thumbnail-caption-wrapper--overlay\">\n\t\t\t\t\t\t\t\t\t\t\t<div class=\"spectra-image-gallery__media-thumbnail-caption spectra-image-gallery__media-thumbnail-caption--overlay\">\n\t\t\t\t\tAucune l\u00e9gende\t\t\t\t<\/div>\n\t\t\t\t\t\t\t\t\t\t<\/div>\n\t\t\t\t\t\t\t\t\t<\/div>\n\t\t\t\t\t\t<\/div>\n\t\t\t\t\t\t\t\t\t\t<\/div>\n\t\t\t\t\t\t\t\t\t\t\t\t\t\t\t\t\t\t<\/div>\n\t\t\t\t\t\t\t\t\t\n\n\n<p><\/p>\n\n\n\n<p>Suscribieron el renovado convenio los rectores de la UArtes y la Espol, doctores William Herrera y Cecilia Paredes, respectivamente. Tuvo lugar en el sal\u00f3n del Consejo Polit\u00e9cnico, ubicado en el edificio del rectorado del campus Gustavo Galindo. De nuestra universidad asistieron al acto los vicerrectores Acad\u00e9mico y de Posgrado e Investigaci\u00f3n en Artes, doctores Bradley Hilgert y Olga L\u00f3pez, respectivamente; las mag\u00edsteres Mar\u00eda Jos\u00e9 Icaza, directora de Vinculaci\u00f3n con la Sociedad, y Mar\u00eda Jos\u00e9 Bustos, secretaria Acad\u00e9mica; la doctora Janina Su\u00e1rez, jefa de Pr\u00e1cticas PreProfesionales; y el tecn\u00f3logo Ronny Ramos, analista de convenios nacionales.<\/p>\n\n\n\n<p>En su contenido, el convenio se\u00f1ala como objetivo, entre otros puntos, establecer las bases y los criterios de cooperaci\u00f3n para promover desde sus diversas \u00e1reas de competencia la articulaci\u00f3n interinstitucional que permita el desarrollo conjunto de programas, proyectos y actividades en los \u00e1mbitos de docencia, investigaci\u00f3n, vinculaci\u00f3n con la sociedad, formaci\u00f3n continua, pr\u00e1cticas preprofesionales, producci\u00f3n editorial, bienestar universitario, innovaci\u00f3n tecnol\u00f3gica, capacitaci\u00f3n profesional, difusi\u00f3n y divulgaci\u00f3n del conocimiento, asesoramiento especializado y gesti\u00f3n universitaria, para el beneficio y fortalecimiento integral de ambas IES y sus comunidades, as\u00ed como de la sociedad ecuatoriana.<\/p>\n\n\n<div class=\"wp-block-image\">\n<figure class=\"aligncenter size-large\"><img decoding=\"async\" width=\"644\" height=\"429\" src=\"https:\/\/www.uartes.edu.ec\/sitio\/wp-content\/uploads\/2024\/07\/08-ESPOL-UARTES-644x429.jpg\" alt=\"\" class=\"wp-image-59703\" srcset=\"https:\/\/www.uartes.edu.ec\/sitio\/wp-content\/uploads\/2024\/07\/08-ESPOL-UARTES-644x429.jpg 644w, https:\/\/www.uartes.edu.ec\/sitio\/wp-content\/uploads\/2024\/07\/08-ESPOL-UARTES-300x200.jpg 300w, https:\/\/www.uartes.edu.ec\/sitio\/wp-content\/uploads\/2024\/07\/08-ESPOL-UARTES-768x512.jpg 768w, https:\/\/www.uartes.edu.ec\/sitio\/wp-content\/uploads\/2024\/07\/08-ESPOL-UARTES-1536x1024.jpg 1536w, https:\/\/www.uartes.edu.ec\/sitio\/wp-content\/uploads\/2024\/07\/08-ESPOL-UARTES-18x12.jpg 18w, https:\/\/www.uartes.edu.ec\/sitio\/wp-content\/uploads\/2024\/07\/08-ESPOL-UARTES-400x267.jpg 400w, https:\/\/www.uartes.edu.ec\/sitio\/wp-content\/uploads\/2024\/07\/08-ESPOL-UARTES-272x182.jpg 272w, https:\/\/www.uartes.edu.ec\/sitio\/wp-content\/uploads\/2024\/07\/08-ESPOL-UARTES.jpg 2000w\" sizes=\"(max-width: 644px) 100vw, 644px\" \/><\/figure>\n<\/div>\n\n\n<p>Cabe anotar que la UArtes y la Espol son instituciones de educaci\u00f3n superior de car\u00e1cter p\u00fablico y con autonom\u00eda responsable que, en cumplimiento con la Ley y las normativas correspondientes, han generado una relaci\u00f3n rec\u00edproca para el fortalecimiento de sus funciones sustantivas y servicios universitarios.<\/p>","protected":false},"excerpt":{"rendered":"<p>Con 5 a\u00f1os de vigencia, UArtes y Espol firmaron el 17 de junio de 2019 el Convenio Marco de Cooperaci\u00f3n Interinstitucional para aunar esfuerzos en acciones conjuntas en temas de inter\u00e9s rec\u00edproco, en las \u00e1reas de docencia, investigaci\u00f3n, innovaci\u00f3n, vinculaci\u00f3n y asistencia t\u00e9cnica, administrativa y acad\u00e9mica, entre otras. El mencionado acuerdo feneci\u00f3 el 17 de junio pasado y este 24 de julio fue renovado.<\/p>","protected":false},"author":10,"featured_media":59699,"comment_status":"open","ping_status":"open","sticky":false,"template":"","format":"standard","meta":{"_acf_changed":false,"_uag_custom_page_level_css":"","_monsterinsights_skip_tracking":false,"_monsterinsights_sitenote_active":false,"_monsterinsights_sitenote_note":"","_monsterinsights_sitenote_category":0,"cybocfi_hide_featured_image":"","footnotes":""},"categories":[80,438,75,76,77,84,79],"tags":[604],"infouartes":[1287],"class_list":["post-59698","post","type-post","status-publish","format-standard","has-post-thumbnail","hentry","category-academico","category-administrativos","category-docentes","category-estudiantes","category-gestion","category-rectorado","category-vinculo","tag-vinculo","infouartes-somos-uartes"],"acf":[],"yoast_head":"<!-- This site is optimized with the Yoast SEO plugin v27.4 - https:\/\/yoast.com\/product\/yoast-seo-wordpress\/ -->\n<title>Universidad de las Artes - Resultados de acciones conjuntas llevan a la renovaci\u00f3n del convenio de cooperaci\u00f3n interinstitucional entre la UArtes y la Espol<\/title>\n<meta name=\"description\" content=\"Universidad de las Artes - Resultados de acciones conjuntas llevan a la renovaci\u00f3n del convenio de cooperaci\u00f3n interinstitucional entre la UArtes y la Espol\" \/>\n<meta name=\"robots\" content=\"index, follow, max-snippet:-1, max-image-preview:large, max-video-preview:-1\" \/>\n<link rel=\"canonical\" href=\"https:\/\/www.uartes.edu.ec\/sitio\/fr\/blog\/2024\/07\/29\/resultados-de-acciones-conjuntas-llevan-a-la-renovacion-del-convenio-de-cooperacion-institucional-entre-uartes-y-espol\/\" \/>\n<meta property=\"og:locale\" content=\"fr_FR\" \/>\n<meta property=\"og:type\" content=\"article\" \/>\n<meta property=\"og:title\" content=\"Universidad de las Artes - Resultados de acciones conjuntas llevan a la renovaci\u00f3n del convenio de cooperaci\u00f3n interinstitucional entre la UArtes y la Espol\" \/>\n<meta property=\"og:description\" content=\"Universidad de las Artes - Resultados de acciones conjuntas llevan a la renovaci\u00f3n del convenio de cooperaci\u00f3n interinstitucional entre la UArtes y la Espol\" \/>\n<meta property=\"og:url\" content=\"https:\/\/www.uartes.edu.ec\/sitio\/fr\/blog\/2024\/07\/29\/resultados-de-acciones-conjuntas-llevan-a-la-renovacion-del-convenio-de-cooperacion-institucional-entre-uartes-y-espol\/\" \/>\n<meta property=\"og:site_name\" content=\"Universidad de las Artes\" \/>\n<meta property=\"article:publisher\" content=\"https:\/\/www.facebook.com\/uartesec\" \/>\n<meta property=\"article:published_time\" content=\"2024-07-29T16:57:00+00:00\" \/>\n<meta property=\"article:modified_time\" content=\"2024-10-21T20:33:51+00:00\" \/>\n<meta property=\"og:image\" content=\"https:\/\/www.uartes.edu.ec\/sitio\/wp-content\/uploads\/2024\/07\/03-ESPOL-UARTES.jpg\" \/>\n\t<meta property=\"og:image:width\" content=\"2000\" \/>\n\t<meta property=\"og:image:height\" content=\"1333\" \/>\n\t<meta property=\"og:image:type\" content=\"image\/jpeg\" \/>\n<meta name=\"author\" content=\"ccortez\" \/>\n<meta name=\"twitter:card\" content=\"summary_large_image\" \/>\n<meta name=\"twitter:creator\" content=\"@uartesec\" \/>\n<meta name=\"twitter:site\" content=\"@uartesec\" \/>\n<meta name=\"twitter:label1\" content=\"\u00c9crit par\" \/>\n\t<meta name=\"twitter:data1\" content=\"ccortez\" \/>\n\t<meta name=\"twitter:label2\" content=\"Dur\u00e9e de lecture estim\u00e9e\" \/>\n\t<meta name=\"twitter:data2\" content=\"3 minutes\" \/>\n<script type=\"application\/ld+json\" class=\"yoast-schema-graph\">{\"@context\":\"https:\\\/\\\/schema.org\",\"@graph\":[{\"@type\":\"Article\",\"@id\":\"https:\\\/\\\/www.uartes.edu.ec\\\/sitio\\\/fr\\\/blog\\\/2024\\\/07\\\/29\\\/resultados-de-acciones-conjuntas-llevan-a-la-renovacion-del-convenio-de-cooperacion-institucional-entre-uartes-y-espol\\\/#article\",\"isPartOf\":{\"@id\":\"https:\\\/\\\/www.uartes.edu.ec\\\/sitio\\\/fr\\\/blog\\\/2024\\\/07\\\/29\\\/resultados-de-acciones-conjuntas-llevan-a-la-renovacion-del-convenio-de-cooperacion-institucional-entre-uartes-y-espol\\\/\"},\"author\":{\"name\":\"ccortez\",\"@id\":\"https:\\\/\\\/www.uartes.edu.ec\\\/sitio\\\/fr\\\/#\\\/schema\\\/person\\\/efa1b8275797664fd7f13a79ccc0b1f4\"},\"headline\":\"Resultados de acciones conjuntas llevan a la renovaci\u00f3n del convenio de cooperaci\u00f3n interinstitucional entre la UArtes y la Espol\",\"datePublished\":\"2024-07-29T16:57:00+00:00\",\"dateModified\":\"2024-10-21T20:33:51+00:00\",\"mainEntityOfPage\":{\"@id\":\"https:\\\/\\\/www.uartes.edu.ec\\\/sitio\\\/fr\\\/blog\\\/2024\\\/07\\\/29\\\/resultados-de-acciones-conjuntas-llevan-a-la-renovacion-del-convenio-de-cooperacion-institucional-entre-uartes-y-espol\\\/\"},\"wordCount\":552,\"commentCount\":0,\"publisher\":{\"@id\":\"https:\\\/\\\/www.uartes.edu.ec\\\/sitio\\\/fr\\\/#organization\"},\"image\":{\"@id\":\"https:\\\/\\\/www.uartes.edu.ec\\\/sitio\\\/fr\\\/blog\\\/2024\\\/07\\\/29\\\/resultados-de-acciones-conjuntas-llevan-a-la-renovacion-del-convenio-de-cooperacion-institucional-entre-uartes-y-espol\\\/#primaryimage\"},\"thumbnailUrl\":\"https:\\\/\\\/www.uartes.edu.ec\\\/sitio\\\/wp-content\\\/uploads\\\/2024\\\/07\\\/03-ESPOL-UARTES.jpg\",\"keywords\":[\"vinculo\"],\"articleSection\":[\"Acad\u00e9mico\",\"Administrativos\",\"Docentes\",\"Estudiantes\",\"Gesti\u00f3n\",\"Rectorado\",\"V\u00ednculo\"],\"inLanguage\":\"fr-FR\",\"potentialAction\":[{\"@type\":\"CommentAction\",\"name\":\"Comment\",\"target\":[\"https:\\\/\\\/www.uartes.edu.ec\\\/sitio\\\/fr\\\/blog\\\/2024\\\/07\\\/29\\\/resultados-de-acciones-conjuntas-llevan-a-la-renovacion-del-convenio-de-cooperacion-institucional-entre-uartes-y-espol\\\/#respond\"]}]},{\"@type\":[\"WebPage\",\"ItemPage\"],\"@id\":\"https:\\\/\\\/www.uartes.edu.ec\\\/sitio\\\/fr\\\/blog\\\/2024\\\/07\\\/29\\\/resultados-de-acciones-conjuntas-llevan-a-la-renovacion-del-convenio-de-cooperacion-institucional-entre-uartes-y-espol\\\/\",\"url\":\"https:\\\/\\\/www.uartes.edu.ec\\\/sitio\\\/fr\\\/blog\\\/2024\\\/07\\\/29\\\/resultados-de-acciones-conjuntas-llevan-a-la-renovacion-del-convenio-de-cooperacion-institucional-entre-uartes-y-espol\\\/\",\"name\":\"Universidad de las Artes - Resultados de acciones conjuntas llevan a la renovaci\u00f3n del convenio de cooperaci\u00f3n interinstitucional entre la UArtes y la Espol\",\"isPartOf\":{\"@id\":\"https:\\\/\\\/www.uartes.edu.ec\\\/sitio\\\/fr\\\/#website\"},\"primaryImageOfPage\":{\"@id\":\"https:\\\/\\\/www.uartes.edu.ec\\\/sitio\\\/fr\\\/blog\\\/2024\\\/07\\\/29\\\/resultados-de-acciones-conjuntas-llevan-a-la-renovacion-del-convenio-de-cooperacion-institucional-entre-uartes-y-espol\\\/#primaryimage\"},\"image\":{\"@id\":\"https:\\\/\\\/www.uartes.edu.ec\\\/sitio\\\/fr\\\/blog\\\/2024\\\/07\\\/29\\\/resultados-de-acciones-conjuntas-llevan-a-la-renovacion-del-convenio-de-cooperacion-institucional-entre-uartes-y-espol\\\/#primaryimage\"},\"thumbnailUrl\":\"https:\\\/\\\/www.uartes.edu.ec\\\/sitio\\\/wp-content\\\/uploads\\\/2024\\\/07\\\/03-ESPOL-UARTES.jpg\",\"datePublished\":\"2024-07-29T16:57:00+00:00\",\"dateModified\":\"2024-10-21T20:33:51+00:00\",\"description\":\"Universidad de las Artes - Resultados de acciones conjuntas llevan a la renovaci\u00f3n del convenio de cooperaci\u00f3n interinstitucional entre la UArtes y la Espol\",\"breadcrumb\":{\"@id\":\"https:\\\/\\\/www.uartes.edu.ec\\\/sitio\\\/fr\\\/blog\\\/2024\\\/07\\\/29\\\/resultados-de-acciones-conjuntas-llevan-a-la-renovacion-del-convenio-de-cooperacion-institucional-entre-uartes-y-espol\\\/#breadcrumb\"},\"inLanguage\":\"fr-FR\",\"potentialAction\":[{\"@type\":\"ReadAction\",\"target\":[\"https:\\\/\\\/www.uartes.edu.ec\\\/sitio\\\/fr\\\/blog\\\/2024\\\/07\\\/29\\\/resultados-de-acciones-conjuntas-llevan-a-la-renovacion-del-convenio-de-cooperacion-institucional-entre-uartes-y-espol\\\/\"]}]},{\"@type\":\"ImageObject\",\"inLanguage\":\"fr-FR\",\"@id\":\"https:\\\/\\\/www.uartes.edu.ec\\\/sitio\\\/fr\\\/blog\\\/2024\\\/07\\\/29\\\/resultados-de-acciones-conjuntas-llevan-a-la-renovacion-del-convenio-de-cooperacion-institucional-entre-uartes-y-espol\\\/#primaryimage\",\"url\":\"https:\\\/\\\/www.uartes.edu.ec\\\/sitio\\\/wp-content\\\/uploads\\\/2024\\\/07\\\/03-ESPOL-UARTES.jpg\",\"contentUrl\":\"https:\\\/\\\/www.uartes.edu.ec\\\/sitio\\\/wp-content\\\/uploads\\\/2024\\\/07\\\/03-ESPOL-UARTES.jpg\",\"width\":2000,\"height\":1333},{\"@type\":\"BreadcrumbList\",\"@id\":\"https:\\\/\\\/www.uartes.edu.ec\\\/sitio\\\/fr\\\/blog\\\/2024\\\/07\\\/29\\\/resultados-de-acciones-conjuntas-llevan-a-la-renovacion-del-convenio-de-cooperacion-institucional-entre-uartes-y-espol\\\/#breadcrumb\",\"itemListElement\":[{\"@type\":\"ListItem\",\"position\":1,\"name\":\"Inicio\",\"item\":\"https:\\\/\\\/www.uartes.edu.ec\\\/sitio\\\/\"},{\"@type\":\"ListItem\",\"position\":2,\"name\":\"Resultados de acciones conjuntas llevan a la renovaci\u00f3n del convenio de cooperaci\u00f3n interinstitucional entre la UArtes y la Espol\"}]},{\"@type\":\"WebSite\",\"@id\":\"https:\\\/\\\/www.uartes.edu.ec\\\/sitio\\\/fr\\\/#website\",\"url\":\"https:\\\/\\\/www.uartes.edu.ec\\\/sitio\\\/fr\\\/\",\"name\":\"Universidad de las Artes\",\"description\":\"Sitio oficial de la Universidad Nacional de las Artes del Ecuador\",\"publisher\":{\"@id\":\"https:\\\/\\\/www.uartes.edu.ec\\\/sitio\\\/fr\\\/#organization\"},\"potentialAction\":[{\"@type\":\"SearchAction\",\"target\":{\"@type\":\"EntryPoint\",\"urlTemplate\":\"https:\\\/\\\/www.uartes.edu.ec\\\/sitio\\\/fr\\\/?s={search_term_string}\"},\"query-input\":{\"@type\":\"PropertyValueSpecification\",\"valueRequired\":true,\"valueName\":\"search_term_string\"}}],\"inLanguage\":\"fr-FR\"},{\"@type\":\"Organization\",\"@id\":\"https:\\\/\\\/www.uartes.edu.ec\\\/sitio\\\/fr\\\/#organization\",\"name\":\"Universidad de las Artes\",\"url\":\"https:\\\/\\\/www.uartes.edu.ec\\\/sitio\\\/fr\\\/\",\"logo\":{\"@type\":\"ImageObject\",\"inLanguage\":\"fr-FR\",\"@id\":\"https:\\\/\\\/www.uartes.edu.ec\\\/sitio\\\/fr\\\/#\\\/schema\\\/logo\\\/image\\\/\",\"url\":\"https:\\\/\\\/www.uartes.edu.ec\\\/sitio\\\/wp-content\\\/uploads\\\/2022\\\/07\\\/logo-ua-horizontal.png\",\"contentUrl\":\"https:\\\/\\\/www.uartes.edu.ec\\\/sitio\\\/wp-content\\\/uploads\\\/2022\\\/07\\\/logo-ua-horizontal.png\",\"width\":800,\"height\":276,\"caption\":\"Universidad de las Artes\"},\"image\":{\"@id\":\"https:\\\/\\\/www.uartes.edu.ec\\\/sitio\\\/fr\\\/#\\\/schema\\\/logo\\\/image\\\/\"},\"sameAs\":[\"https:\\\/\\\/www.facebook.com\\\/uartesec\",\"https:\\\/\\\/x.com\\\/uartesec\",\"https:\\\/\\\/www.tiktok.com\\\/@uartesec\"]},{\"@type\":\"Person\",\"@id\":\"https:\\\/\\\/www.uartes.edu.ec\\\/sitio\\\/fr\\\/#\\\/schema\\\/person\\\/efa1b8275797664fd7f13a79ccc0b1f4\",\"name\":\"ccortez\",\"image\":{\"@type\":\"ImageObject\",\"inLanguage\":\"fr-FR\",\"@id\":\"https:\\\/\\\/secure.gravatar.com\\\/avatar\\\/b2a6f664a3ae8e074346ef91775736c5ec479e637ecced6842de9dc98b5da9cd?s=96&d=mm&r=g\",\"url\":\"https:\\\/\\\/secure.gravatar.com\\\/avatar\\\/b2a6f664a3ae8e074346ef91775736c5ec479e637ecced6842de9dc98b5da9cd?s=96&d=mm&r=g\",\"contentUrl\":\"https:\\\/\\\/secure.gravatar.com\\\/avatar\\\/b2a6f664a3ae8e074346ef91775736c5ec479e637ecced6842de9dc98b5da9cd?s=96&d=mm&r=g\",\"caption\":\"ccortez\"},\"url\":\"https:\\\/\\\/www.uartes.edu.ec\\\/sitio\\\/fr\\\/blog\\\/author\\\/ccortez\\\/\"}]}<\/script>\n<!-- \/ Yoast SEO plugin. -->","yoast_head_json":{"title":"Universidad de las Artes - Resultados de acciones conjuntas llevan a la renovaci\u00f3n del convenio de cooperaci\u00f3n interinstitucional entre la UArtes y la Espol","description":"Universidad de las Artes - Resultados de acciones conjuntas llevan a la renovaci\u00f3n del convenio de cooperaci\u00f3n interinstitucional entre la UArtes y la Espol","robots":{"index":"index","follow":"follow","max-snippet":"max-snippet:-1","max-image-preview":"max-image-preview:large","max-video-preview":"max-video-preview:-1"},"canonical":"https:\/\/www.uartes.edu.ec\/sitio\/fr\/blog\/2024\/07\/29\/resultados-de-acciones-conjuntas-llevan-a-la-renovacion-del-convenio-de-cooperacion-institucional-entre-uartes-y-espol\/","og_locale":"fr_FR","og_type":"article","og_title":"Universidad de las Artes - Resultados de acciones conjuntas llevan a la renovaci\u00f3n del convenio de cooperaci\u00f3n interinstitucional entre la UArtes y la Espol","og_description":"Universidad de las Artes - Resultados de acciones conjuntas llevan a la renovaci\u00f3n del convenio de cooperaci\u00f3n interinstitucional entre la UArtes y la Espol","og_url":"https:\/\/www.uartes.edu.ec\/sitio\/fr\/blog\/2024\/07\/29\/resultados-de-acciones-conjuntas-llevan-a-la-renovacion-del-convenio-de-cooperacion-institucional-entre-uartes-y-espol\/","og_site_name":"Universidad de las Artes","article_publisher":"https:\/\/www.facebook.com\/uartesec","article_published_time":"2024-07-29T16:57:00+00:00","article_modified_time":"2024-10-21T20:33:51+00:00","og_image":[{"width":2000,"height":1333,"url":"https:\/\/www.uartes.edu.ec\/sitio\/wp-content\/uploads\/2024\/07\/03-ESPOL-UARTES.jpg","type":"image\/jpeg"}],"author":"ccortez","twitter_card":"summary_large_image","twitter_creator":"@uartesec","twitter_site":"@uartesec","twitter_misc":{"\u00c9crit par":"ccortez","Dur\u00e9e de lecture estim\u00e9e":"3 minutes"},"schema":{"@context":"https:\/\/schema.org","@graph":[{"@type":"Article","@id":"https:\/\/www.uartes.edu.ec\/sitio\/fr\/blog\/2024\/07\/29\/resultados-de-acciones-conjuntas-llevan-a-la-renovacion-del-convenio-de-cooperacion-institucional-entre-uartes-y-espol\/#article","isPartOf":{"@id":"https:\/\/www.uartes.edu.ec\/sitio\/fr\/blog\/2024\/07\/29\/resultados-de-acciones-conjuntas-llevan-a-la-renovacion-del-convenio-de-cooperacion-institucional-entre-uartes-y-espol\/"},"author":{"name":"ccortez","@id":"https:\/\/www.uartes.edu.ec\/sitio\/fr\/#\/schema\/person\/efa1b8275797664fd7f13a79ccc0b1f4"},"headline":"Resultados de acciones conjuntas llevan a la renovaci\u00f3n del convenio de cooperaci\u00f3n interinstitucional entre la UArtes y la Espol","datePublished":"2024-07-29T16:57:00+00:00","dateModified":"2024-10-21T20:33:51+00:00","mainEntityOfPage":{"@id":"https:\/\/www.uartes.edu.ec\/sitio\/fr\/blog\/2024\/07\/29\/resultados-de-acciones-conjuntas-llevan-a-la-renovacion-del-convenio-de-cooperacion-institucional-entre-uartes-y-espol\/"},"wordCount":552,"commentCount":0,"publisher":{"@id":"https:\/\/www.uartes.edu.ec\/sitio\/fr\/#organization"},"image":{"@id":"https:\/\/www.uartes.edu.ec\/sitio\/fr\/blog\/2024\/07\/29\/resultados-de-acciones-conjuntas-llevan-a-la-renovacion-del-convenio-de-cooperacion-institucional-entre-uartes-y-espol\/#primaryimage"},"thumbnailUrl":"https:\/\/www.uartes.edu.ec\/sitio\/wp-content\/uploads\/2024\/07\/03-ESPOL-UARTES.jpg","keywords":["vinculo"],"articleSection":["Acad\u00e9mico","Administrativos","Docentes","Estudiantes","Gesti\u00f3n","Rectorado","V\u00ednculo"],"inLanguage":"fr-FR","potentialAction":[{"@type":"CommentAction","name":"Comment","target":["https:\/\/www.uartes.edu.ec\/sitio\/fr\/blog\/2024\/07\/29\/resultados-de-acciones-conjuntas-llevan-a-la-renovacion-del-convenio-de-cooperacion-institucional-entre-uartes-y-espol\/#respond"]}]},{"@type":["WebPage","ItemPage"],"@id":"https:\/\/www.uartes.edu.ec\/sitio\/fr\/blog\/2024\/07\/29\/resultados-de-acciones-conjuntas-llevan-a-la-renovacion-del-convenio-de-cooperacion-institucional-entre-uartes-y-espol\/","url":"https:\/\/www.uartes.edu.ec\/sitio\/fr\/blog\/2024\/07\/29\/resultados-de-acciones-conjuntas-llevan-a-la-renovacion-del-convenio-de-cooperacion-institucional-entre-uartes-y-espol\/","name":"Universidad de las Artes - Resultados de acciones conjuntas llevan a la renovaci\u00f3n del convenio de cooperaci\u00f3n interinstitucional entre la UArtes y la Espol","isPartOf":{"@id":"https:\/\/www.uartes.edu.ec\/sitio\/fr\/#website"},"primaryImageOfPage":{"@id":"https:\/\/www.uartes.edu.ec\/sitio\/fr\/blog\/2024\/07\/29\/resultados-de-acciones-conjuntas-llevan-a-la-renovacion-del-convenio-de-cooperacion-institucional-entre-uartes-y-espol\/#primaryimage"},"image":{"@id":"https:\/\/www.uartes.edu.ec\/sitio\/fr\/blog\/2024\/07\/29\/resultados-de-acciones-conjuntas-llevan-a-la-renovacion-del-convenio-de-cooperacion-institucional-entre-uartes-y-espol\/#primaryimage"},"thumbnailUrl":"https:\/\/www.uartes.edu.ec\/sitio\/wp-content\/uploads\/2024\/07\/03-ESPOL-UARTES.jpg","datePublished":"2024-07-29T16:57:00+00:00","dateModified":"2024-10-21T20:33:51+00:00","description":"Universidad de las Artes - Resultados de acciones conjuntas llevan a la renovaci\u00f3n del convenio de cooperaci\u00f3n interinstitucional entre la UArtes y la Espol","breadcrumb":{"@id":"https:\/\/www.uartes.edu.ec\/sitio\/fr\/blog\/2024\/07\/29\/resultados-de-acciones-conjuntas-llevan-a-la-renovacion-del-convenio-de-cooperacion-institucional-entre-uartes-y-espol\/#breadcrumb"},"inLanguage":"fr-FR","potentialAction":[{"@type":"ReadAction","target":["https:\/\/www.uartes.edu.ec\/sitio\/fr\/blog\/2024\/07\/29\/resultados-de-acciones-conjuntas-llevan-a-la-renovacion-del-convenio-de-cooperacion-institucional-entre-uartes-y-espol\/"]}]},{"@type":"ImageObject","inLanguage":"fr-FR","@id":"https:\/\/www.uartes.edu.ec\/sitio\/fr\/blog\/2024\/07\/29\/resultados-de-acciones-conjuntas-llevan-a-la-renovacion-del-convenio-de-cooperacion-institucional-entre-uartes-y-espol\/#primaryimage","url":"https:\/\/www.uartes.edu.ec\/sitio\/wp-content\/uploads\/2024\/07\/03-ESPOL-UARTES.jpg","contentUrl":"https:\/\/www.uartes.edu.ec\/sitio\/wp-content\/uploads\/2024\/07\/03-ESPOL-UARTES.jpg","width":2000,"height":1333},{"@type":"BreadcrumbList","@id":"https:\/\/www.uartes.edu.ec\/sitio\/fr\/blog\/2024\/07\/29\/resultados-de-acciones-conjuntas-llevan-a-la-renovacion-del-convenio-de-cooperacion-institucional-entre-uartes-y-espol\/#breadcrumb","itemListElement":[{"@type":"ListItem","position":1,"name":"Inicio","item":"https:\/\/www.uartes.edu.ec\/sitio\/"},{"@type":"ListItem","position":2,"name":"Resultados de acciones conjuntas llevan a la renovaci\u00f3n del convenio de cooperaci\u00f3n interinstitucional entre la UArtes y la Espol"}]},{"@type":"WebSite","@id":"https:\/\/www.uartes.edu.ec\/sitio\/fr\/#website","url":"https:\/\/www.uartes.edu.ec\/sitio\/fr\/","name":"Universidad de las Artes","description":"Sitio oficial de la Universidad Nacional de las Artes del Ecuador","publisher":{"@id":"https:\/\/www.uartes.edu.ec\/sitio\/fr\/#organization"},"potentialAction":[{"@type":"SearchAction","target":{"@type":"EntryPoint","urlTemplate":"https:\/\/www.uartes.edu.ec\/sitio\/fr\/?s={search_term_string}"},"query-input":{"@type":"PropertyValueSpecification","valueRequired":true,"valueName":"search_term_string"}}],"inLanguage":"fr-FR"},{"@type":"Organization","@id":"https:\/\/www.uartes.edu.ec\/sitio\/fr\/#organization","name":"Universidad de las Artes","url":"https:\/\/www.uartes.edu.ec\/sitio\/fr\/","logo":{"@type":"ImageObject","inLanguage":"fr-FR","@id":"https:\/\/www.uartes.edu.ec\/sitio\/fr\/#\/schema\/logo\/image\/","url":"https:\/\/www.uartes.edu.ec\/sitio\/wp-content\/uploads\/2022\/07\/logo-ua-horizontal.png","contentUrl":"https:\/\/www.uartes.edu.ec\/sitio\/wp-content\/uploads\/2022\/07\/logo-ua-horizontal.png","width":800,"height":276,"caption":"Universidad de las Artes"},"image":{"@id":"https:\/\/www.uartes.edu.ec\/sitio\/fr\/#\/schema\/logo\/image\/"},"sameAs":["https:\/\/www.facebook.com\/uartesec","https:\/\/x.com\/uartesec","https:\/\/www.tiktok.com\/@uartesec"]},{"@type":"Person","@id":"https:\/\/www.uartes.edu.ec\/sitio\/fr\/#\/schema\/person\/efa1b8275797664fd7f13a79ccc0b1f4","name":"ccortez","image":{"@type":"ImageObject","inLanguage":"fr-FR","@id":"https:\/\/secure.gravatar.com\/avatar\/b2a6f664a3ae8e074346ef91775736c5ec479e637ecced6842de9dc98b5da9cd?s=96&d=mm&r=g","url":"https:\/\/secure.gravatar.com\/avatar\/b2a6f664a3ae8e074346ef91775736c5ec479e637ecced6842de9dc98b5da9cd?s=96&d=mm&r=g","contentUrl":"https:\/\/secure.gravatar.com\/avatar\/b2a6f664a3ae8e074346ef91775736c5ec479e637ecced6842de9dc98b5da9cd?s=96&d=mm&r=g","caption":"ccortez"},"url":"https:\/\/www.uartes.edu.ec\/sitio\/fr\/blog\/author\/ccortez\/"}]}},"uagb_featured_image_src":{"full":["https:\/\/www.uartes.edu.ec\/sitio\/wp-content\/uploads\/2024\/07\/03-ESPOL-UARTES.jpg",2000,1333,false],"thumbnail":["https:\/\/www.uartes.edu.ec\/sitio\/wp-content\/uploads\/2024\/07\/03-ESPOL-UARTES-150x150.jpg",150,150,true],"medium":["https:\/\/www.uartes.edu.ec\/sitio\/wp-content\/uploads\/2024\/07\/03-ESPOL-UARTES-300x200.jpg",300,200,true],"medium_large":["https:\/\/www.uartes.edu.ec\/sitio\/wp-content\/uploads\/2024\/07\/03-ESPOL-UARTES-768x512.jpg",768,512,true],"large":["https:\/\/www.uartes.edu.ec\/sitio\/wp-content\/uploads\/2024\/07\/03-ESPOL-UARTES-644x429.jpg",644,429,true],"1536x1536":["https:\/\/www.uartes.edu.ec\/sitio\/wp-content\/uploads\/2024\/07\/03-ESPOL-UARTES-1536x1024.jpg",1536,1024,true],"2048x2048":["https:\/\/www.uartes.edu.ec\/sitio\/wp-content\/uploads\/2024\/07\/03-ESPOL-UARTES.jpg",2000,1333,false],"trp-custom-language-flag":["https:\/\/www.uartes.edu.ec\/sitio\/wp-content\/uploads\/2024\/07\/03-ESPOL-UARTES-18x12.jpg",18,12,true],"htmega_size_585x295":["https:\/\/www.uartes.edu.ec\/sitio\/wp-content\/uploads\/2024\/07\/03-ESPOL-UARTES-585x295.jpg",585,295,true],"htmega_size_1170x536":["https:\/\/www.uartes.edu.ec\/sitio\/wp-content\/uploads\/2024\/07\/03-ESPOL-UARTES-1170x536.jpg",1170,536,true],"htmega_size_396x360":["https:\/\/www.uartes.edu.ec\/sitio\/wp-content\/uploads\/2024\/07\/03-ESPOL-UARTES-396x360.jpg",396,360,true],"gb-block-post-grid-landscape":["https:\/\/www.uartes.edu.ec\/sitio\/wp-content\/uploads\/2024\/07\/03-ESPOL-UARTES.jpg",600,400,false],"gb-block-post-grid-square":["https:\/\/www.uartes.edu.ec\/sitio\/wp-content\/uploads\/2024\/07\/03-ESPOL-UARTES.jpg",600,400,false],"university-hub-thumb":["https:\/\/www.uartes.edu.ec\/sitio\/wp-content\/uploads\/2024\/07\/03-ESPOL-UARTES-400x267.jpg",400,267,true]},"uagb_author_info":{"display_name":"ccortez","author_link":"https:\/\/www.uartes.edu.ec\/sitio\/fr\/blog\/author\/ccortez\/"},"uagb_comment_info":0,"uagb_excerpt":"Con 5 a\u00f1os de vigencia, UArtes y Espol firmaron el 17 de junio de 2019 el Convenio Marco de Cooperaci\u00f3n Interinstitucional para aunar esfuerzos en acciones conjuntas en temas de inter\u00e9s rec\u00edproco, en las \u00e1reas de docencia, investigaci\u00f3n, innovaci\u00f3n, vinculaci\u00f3n y asistencia t\u00e9cnica, administrativa y acad\u00e9mica, entre otras. El mencionado acuerdo feneci\u00f3 el 17 de\u2026","featured_image_src":"https:\/\/www.uartes.edu.ec\/sitio\/wp-content\/uploads\/2024\/07\/03-ESPOL-UARTES.jpg","featured_image_src_square":"https:\/\/www.uartes.edu.ec\/sitio\/wp-content\/uploads\/2024\/07\/03-ESPOL-UARTES.jpg","author_info":{"display_name":"ccortez","author_link":"https:\/\/www.uartes.edu.ec\/sitio\/fr\/blog\/author\/ccortez\/"},"publishpress_future_workflow_manual_trigger":{"enabledWorkflows":[]},"distributor_meta":false,"distributor_terms":false,"distributor_media":false,"distributor_original_site_name":"Universidad de las Artes","distributor_original_site_url":"https:\/\/www.uartes.edu.ec\/sitio\/fr","push-errors":false,"_links":{"self":[{"href":"https:\/\/www.uartes.edu.ec\/sitio\/fr\/wp-json\/wp\/v2\/posts\/59698","targetHints":{"allow":["GET"]}}],"collection":[{"href":"https:\/\/www.uartes.edu.ec\/sitio\/fr\/wp-json\/wp\/v2\/posts"}],"about":[{"href":"https:\/\/www.uartes.edu.ec\/sitio\/fr\/wp-json\/wp\/v2\/types\/post"}],"author":[{"embeddable":true,"href":"https:\/\/www.uartes.edu.ec\/sitio\/fr\/wp-json\/wp\/v2\/users\/10"}],"replies":[{"embeddable":true,"href":"https:\/\/www.uartes.edu.ec\/sitio\/fr\/wp-json\/wp\/v2\/comments?post=59698"}],"version-history":[{"count":19,"href":"https:\/\/www.uartes.edu.ec\/sitio\/fr\/wp-json\/wp\/v2\/posts\/59698\/revisions"}],"predecessor-version":[{"id":59787,"href":"https:\/\/www.uartes.edu.ec\/sitio\/fr\/wp-json\/wp\/v2\/posts\/59698\/revisions\/59787"}],"wp:featuredmedia":[{"embeddable":true,"href":"https:\/\/www.uartes.edu.ec\/sitio\/fr\/wp-json\/wp\/v2\/media\/59699"}],"wp:attachment":[{"href":"https:\/\/www.uartes.edu.ec\/sitio\/fr\/wp-json\/wp\/v2\/media?parent=59698"}],"wp:term":[{"taxonomy":"category","embeddable":true,"href":"https:\/\/www.uartes.edu.ec\/sitio\/fr\/wp-json\/wp\/v2\/categories?post=59698"},{"taxonomy":"post_tag","embeddable":true,"href":"https:\/\/www.uartes.edu.ec\/sitio\/fr\/wp-json\/wp\/v2\/tags?post=59698"},{"taxonomy":"infouartes","embeddable":true,"href":"https:\/\/www.uartes.edu.ec\/sitio\/fr\/wp-json\/wp\/v2\/infouartes?post=59698"}],"curies":[{"name":"wp","href":"https:\/\/api.w.org\/{rel}","templated":true}]}}