{"id":60184,"date":"2024-07-15T17:11:00","date_gmt":"2024-07-15T22:11:00","guid":{"rendered":"https:\/\/www.uartes.edu.ec\/sitio\/?p=60184"},"modified":"2024-08-14T17:28:24","modified_gmt":"2024-08-14T22:28:24","slug":"en-case-marcelo-navia-ahondo-en-charla-sobre-los-mitos-en-audio-y-sonido-profesional","status":"publish","type":"post","link":"https:\/\/www.uartes.edu.ec\/sitio\/fr\/blog\/2024\/07\/15\/en-case-marcelo-navia-ahondo-en-charla-sobre-los-mitos-en-audio-y-sonido-profesional\/","title":{"rendered":"En CASE, Marcelo Navia habl\u00f3 en charla de \u201cMitos en audio y sonido profesional\u201d"},"content":{"rendered":"<p>El mundo del audio y del sonido profesional est\u00e1 plagado de mitos que pueden confundir a los productores musicales, desde novatos hasta expertos establecidos. Estos mitos, a menudo perpetuados por la falta de entendimiento profundo o por tradiciones arraigadas, pueden influir negativamente en el proceso creativo y t\u00e9cnico de la producci\u00f3n musical. En las Conferencias de Audio y Sonido organizadas por la Escuela de Artes Sonoras de la UArtes, Marcelo Navia dict\u00f3, el 11 de julio en la Sala de Experimentaci\u00f3n Sonora, la charla \u201cMitos en audio y sonido profesional\u201d, donde desde su experiencia laboral abord\u00f3 varios puntos a considerar para la profesi\u00f3n de producci\u00f3n o arquitecto de m\u00fasica.<\/p>\n\n\n\n<p>El sistema de monitoreo debe tener un peso pluma. Este t\u00e9rmino, en el contexto de sistemas de monitoreo, podr\u00eda interpretarse como la idea err\u00f3nea de que los monitores m\u00e1s peque\u00f1os o menos potentes son suficientes o incluso preferibles para la producci\u00f3n musical. Esto puede estar basado en la idea equivocada de que un sistema de monitoreo m\u00e1s peque\u00f1o o menos costoso puede ser adecuado para tareas de mezcla y masterizaci\u00f3n.<\/p>\n\n\n\n<p>El mito de que el sonido de calidad se logra mediante el uso de v\u00e1lvulas (tubos de vac\u00edo) es una creencia arraigada en los c\u00edrculos de producci\u00f3n musical y audio; se basa en que los equipos de audio que utilizan v\u00e1lvulas, como amplificadores y preamplificadores, proporcionan un sonido m\u00e1s c\u00e1lido, rico y musical. Sin embargo, la realidad es mucho m\u00e1s matizada y depende de diversos factores que afectan la calidad del sonido. La elecci\u00f3n entre v\u00e1lvulas y otros tipos de tecnolog\u00eda (como transistores) depende del tipo de m\u00fasica, el contexto de la grabaci\u00f3n y las preferencias del ingeniero de sonido.<\/p>\n\n\n\n<h3 class=\"wp-block-heading\">Conexiones y frecuencias<\/h3>\n\n\n\n<p>Tambi\u00e9n en el rubro de los mitos est\u00e1 que las conexiones balanceadas utilizan tres conductores: positiva, negativa y tierra, y est\u00e1n dise\u00f1adas para reducir el ruido y las interferencias electromagn\u00e9ticas, especialmente en entornos donde las se\u00f1ales pueden viajar largas distancias o en presencia de equipos que generan campos magn\u00e9ticos. Sin embargo, no todas las situaciones requieren conexiones balanceadas. En estudios peque\u00f1os o configuraciones simples, las conexiones no balanceadas \u2013como TRS o RCA\u2013 pueden ser suficientes y m\u00e1s econ\u00f3micas. La elecci\u00f3n debe basarse en el contexto de uso espec\u00edfico y las necesidades del proyecto.<\/p>\n\n\n\n<p>El mito de que el audio profesional siempre debe utilizar conexi\u00f3n \u201cx\u201d (donde \u201cx\u201d puede ser cualquier tipo espec\u00edfico de conexi\u00f3n, como cables de cierta marca y de alta gama, es una idea que puede limitar la perspectiva de los profesionales del audio. La elecci\u00f3n de la conexi\u00f3n adecuada depende del equipo utilizado, el entorno de grabaci\u00f3n o reproducci\u00f3n, las distancias a cubrir, la calidad del cableado y otras consideraciones t\u00e9cnicas. Por ejemplo, XLR es com\u00fanmente utilizado para micr\u00f3fonos y conexiones balanceadas debido a su capacidad para reducir ruido y interferencias.<\/p>\n\n\n\n<p>El mito de que una frecuencia de muestreo m\u00e1s alta \u2013como 96 kHz\u2013 siempre suena mejor que una frecuencia est\u00e1ndar como 44.1 kHz ha existido desde que se populariz\u00f3 uso en la producci\u00f3n musical y en el audio digital en general, pero la realidad es m\u00e1s compleja y depende de varios factores t\u00e9cnicos y perceptuales. Es especialmente \u00fatil cuando se trabaja con efectos y procesadores que pueden alterar la calidad del sonido original. Convertir luego la se\u00f1al a una frecuencia de muestreo est\u00e1ndar como 44.1 kHz es com\u00fan para la distribuci\u00f3n final, ya que este formato es compatible con la mayor\u00eda de los reproductores y plataformas de distribuci\u00f3n de m\u00fasica.<\/p>\n\n\n\n<p>No es una regla absoluta trabajar siempre a -1 dBFS (decibelios de escala de frecuencia completa) en la producci\u00f3n de audio digital. Esta pr\u00e1ctica es com\u00fanmente recomendada para evitar la distorsi\u00f3n digital y mantener un margen de seguridad contra picos inesperados que podr\u00edan causar <em>clipping<\/em> (recorte) digital. Algunas plataformas de distribuci\u00f3n de m\u00fasica o <em>broadcast<\/em> pueden tener normativas espec\u00edficas sobre los niveles m\u00e1ximos de audio. <\/p>\n\n\n\n<h3 class=\"wp-block-heading\">Streaming, fases y lo anal\u00f3gico y digital<\/h3>\n\n\n\n<p>El mito de que Spotify (o cualquier otro servicio de <em>streaming<\/em> de m\u00fasica) \u201cdestroza\u201d la calidad del audio es una preocupaci\u00f3n com\u00fan entre los oyentes y profesionales del audio. Spotify ofrece diferentes niveles de calidad de audio que var\u00edan de aproximadamente 24 kbps a 320 kbps, dependiendo del tipo de suscripci\u00f3n y del dispositivo utilizado. La percepci\u00f3n de la calidad del audio es subjetiva y puede variar seg\u00fan los dispositivos de reproducci\u00f3n, el entorno de escucha y las preferencias individuales.<\/p>\n\n\n\n<p>El mito de \u201cdebemos terminar en fase\u201d puede interpretarse de varias maneras en el contexto de la producci\u00f3n de audio, como la necesidad de alinear todas las se\u00f1ales de audio de manera que est\u00e9n en fase absoluta, es decir, que los ciclos de onda de todas las pistas est\u00e9n exactamente alineados. Esto puede llevar a una interpretaci\u00f3n demasiado estricta, ya que, en la pr\u00e1ctica, la alineaci\u00f3n exacta de fase puede no ser necesaria ni siempre deseable, especialmente en situaciones donde se busca cierta separaci\u00f3n y car\u00e1cter en las pistas. En la producci\u00f3n de audio, es importante considerar el contexto y el objetivo final de la mezcla. Es importante encontrar un equilibrio entre la coherencia de fase y la naturalidad del sonido.<\/p>\n\n\n\n<p>Anal\u00f3gico es mejor que digital. La percepci\u00f3n de qu\u00e9 es mejor en t\u00e9rminos de calidad de sonido puede ser subjetiva y depende de muchos factores, incluidas las preferencias personales y el contexto de uso. Al audio anal\u00f3gico se lo elogia por su calidez y car\u00e1cter, mientras que al digital por su precisi\u00f3n y consistencia. La elecci\u00f3n entre audio anal\u00f3gico y digital depende del proyecto espec\u00edfico, las preferencias del creador y el resultado deseado. Algunos m\u00fasicos y productores eligen combinar lo mejor de ambos mundos, utilizando equipos anal\u00f3gicos para capturar ciertos sonidos y luego procesarlo digitalmente para mayor precisi\u00f3n y control.<\/p>\n\n\n\n<h3 class=\"wp-block-heading\">\u00bfM\u00e1s volumen y saturaci\u00f3n mejor calidad?<\/h3>\n\n\n\n<p>Uno de los mitos m\u00e1s persistentes en la producci\u00f3n musical es creer que m\u00e1s volumen y saturaci\u00f3n siempre significa mejor calidad o presencia en una mezcla. Es crucial entender que el equilibrio entre las pistas y el uso adecuado de la compresi\u00f3n y la ecualizaci\u00f3n pueden lograr una mezcla m\u00e1s impactante que simplemente aumentar el volumen.<\/p>\n\n\n\n<p>Tambi\u00e9n es f\u00e1cil caer en la trampa de creer que solo el equipo m\u00e1s caro y sofisticado producir\u00e1 resultados de alta calidad. La calidad del equipo es importante, pero la habilidad y el conocimiento del productor son m\u00e1s determinantes en el resultado final. Muchos productores profesionales han demostrado que se pueden lograr resultados excepcionales con equipos relativamente econ\u00f3micos, pero bien seleccionados y correctamente utilizados.<\/p>\n\n\n\n<h3 class=\"wp-block-heading\">Mezcla, plugins y compresi\u00f3n universal<\/h3>\n\n\n\n<p>Mezclar en mono no es necesario: El mito de la est\u00e9reo. Aunque muchas mezclas modernas se destinan a ser reproducidas en est\u00e9reo, la mezcla en mono sigue siendo crucial. La mezcla en mono revela problemas de fase y asegura que sea coherente y clara cuando se reproduce en sistemas mono o en situaciones donde la separaci\u00f3n est\u00e9reo es limitada. Ignorar este paso puede llevar a mezclas que suenen desequilibradas o poco definidas en ciertos entornos.<\/p>\n\n\n\n<p>M\u00e1s plugins significa mejor mezcla: El mito del exceso de procesamiento. La disponibilidad de plugins y efectos puede tentar a los productores a agregar procesamiento innecesario a sus pistas. Sin embargo, cada plugin a\u00f1adido introduce potencialmente ruido y coloraci\u00f3n que pueden degradar la calidad general de la mezcla. En lugar de acumular plugins es m\u00e1s efectivo seleccionar cuidadosamente aquellos que mejor se ajusten al sonido deseado y utilizarlos con moderaci\u00f3n para mantener la claridad y la transparencia.<\/p>\n\n\n\n<p>En su exposici\u00f3n, Marcelo Navia apunto desmitific\u00f3 la creencia de que la compresi\u00f3n universal es una herramienta poderosa para controlar el rango din\u00e1mico y mejorar la cohesi\u00f3n en una mezcla, no todas las pistas deben estar fuertemente comprimidas. Conservar algo de din\u00e1mica natural puede agregar profundidad y emoci\u00f3n a la m\u00fasica. La clave est\u00e1 en aplicarla de manera estrat\u00e9gica y adaptada a las necesidades espec\u00edficas de cada pista, en lugar de aplicarla indiscriminadamente.<\/p>\n\n\n\n<p>Texto: Eleinn Rivera, estudiante de la Escuela de Literatura UArtes.<\/p>","protected":false},"excerpt":{"rendered":"<p>El mundo del audio y del sonido profesional est\u00e1 plagado de mitos que pueden confundir a los productores musicales, desde novatos hasta expertos establecidos. En CASE, organizadas por la Escuela de Artes Sonoras de la UArtes, Marcelo Navia dict\u00f3 la charla \u201cMitos en audio y sonido profesional\u201d, en la que desde su experiencia laboral expuso algunas creencias en torno a los procesos creativos y t\u00e9cnicos de la producci\u00f3n musical.<\/p>","protected":false},"author":10,"featured_media":60185,"comment_status":"open","ping_status":"open","sticky":false,"template":"","format":"standard","meta":{"_acf_changed":false,"_uag_custom_page_level_css":"","_monsterinsights_skip_tracking":false,"_monsterinsights_sitenote_active":false,"_monsterinsights_sitenote_note":"","_monsterinsights_sitenote_category":0,"cybocfi_hide_featured_image":"","footnotes":""},"categories":[80,490,150,75,76,77],"tags":[679],"infouartes":[],"class_list":["post-60184","post","type-post","status-publish","format-standard","has-post-thumbnail","hentry","category-academico","category-alumni","category-artes-sonoras","category-docentes","category-estudiantes","category-gestion","tag-conferencias"],"acf":[],"yoast_head":"<!-- This site is optimized with the Yoast SEO plugin v27.4 - https:\/\/yoast.com\/product\/yoast-seo-wordpress\/ -->\n<title>Universidad de las Artes - En CASE, Marcelo Navia habl\u00f3 en charla de \u201cMitos en audio y sonido profesional\u201d<\/title>\n<meta name=\"description\" content=\"Universidad de las Artes - En CASE, Marcelo Navia habl\u00f3 en charla de \u201cMitos en audio y sonido profesional\u201d\" \/>\n<meta name=\"robots\" content=\"index, follow, max-snippet:-1, max-image-preview:large, max-video-preview:-1\" \/>\n<link rel=\"canonical\" href=\"https:\/\/www.uartes.edu.ec\/sitio\/fr\/blog\/2024\/07\/15\/en-case-marcelo-navia-ahondo-en-charla-sobre-los-mitos-en-audio-y-sonido-profesional\/\" \/>\n<meta property=\"og:locale\" content=\"fr_FR\" \/>\n<meta property=\"og:type\" content=\"article\" \/>\n<meta property=\"og:title\" content=\"Universidad de las Artes - En CASE, Marcelo Navia habl\u00f3 en charla de \u201cMitos en audio y sonido profesional\u201d\" \/>\n<meta property=\"og:description\" content=\"Universidad de las Artes - En CASE, Marcelo Navia habl\u00f3 en charla de \u201cMitos en audio y sonido profesional\u201d\" \/>\n<meta property=\"og:url\" content=\"https:\/\/www.uartes.edu.ec\/sitio\/fr\/blog\/2024\/07\/15\/en-case-marcelo-navia-ahondo-en-charla-sobre-los-mitos-en-audio-y-sonido-profesional\/\" \/>\n<meta property=\"og:site_name\" content=\"Universidad de las Artes\" \/>\n<meta property=\"article:publisher\" content=\"https:\/\/www.facebook.com\/uartesec\" \/>\n<meta property=\"article:published_time\" content=\"2024-07-15T22:11:00+00:00\" \/>\n<meta property=\"article:modified_time\" content=\"2024-08-14T22:28:24+00:00\" \/>\n<meta property=\"og:image\" content=\"https:\/\/www.uartes.edu.ec\/sitio\/wp-content\/uploads\/2024\/08\/case-infouarte-CM1.png\" \/>\n\t<meta property=\"og:image:width\" content=\"2000\" \/>\n\t<meta property=\"og:image:height\" content=\"1333\" \/>\n\t<meta property=\"og:image:type\" content=\"image\/png\" \/>\n<meta name=\"author\" content=\"ccortez\" \/>\n<meta name=\"twitter:card\" content=\"summary_large_image\" \/>\n<meta name=\"twitter:creator\" content=\"@uartesec\" \/>\n<meta name=\"twitter:site\" content=\"@uartesec\" \/>\n<meta name=\"twitter:label1\" content=\"\u00c9crit par\" \/>\n\t<meta name=\"twitter:data1\" content=\"ccortez\" \/>\n\t<meta name=\"twitter:label2\" content=\"Dur\u00e9e de lecture estim\u00e9e\" \/>\n\t<meta name=\"twitter:data2\" content=\"7 minutes\" \/>\n<script type=\"application\/ld+json\" class=\"yoast-schema-graph\">{\"@context\":\"https:\\\/\\\/schema.org\",\"@graph\":[{\"@type\":\"Article\",\"@id\":\"https:\\\/\\\/www.uartes.edu.ec\\\/sitio\\\/fr\\\/blog\\\/2024\\\/07\\\/15\\\/en-case-marcelo-navia-ahondo-en-charla-sobre-los-mitos-en-audio-y-sonido-profesional\\\/#article\",\"isPartOf\":{\"@id\":\"https:\\\/\\\/www.uartes.edu.ec\\\/sitio\\\/fr\\\/blog\\\/2024\\\/07\\\/15\\\/en-case-marcelo-navia-ahondo-en-charla-sobre-los-mitos-en-audio-y-sonido-profesional\\\/\"},\"author\":{\"name\":\"ccortez\",\"@id\":\"https:\\\/\\\/www.uartes.edu.ec\\\/sitio\\\/fr\\\/#\\\/schema\\\/person\\\/efa1b8275797664fd7f13a79ccc0b1f4\"},\"headline\":\"En CASE, Marcelo Navia habl\u00f3 en charla de \u201cMitos en audio y sonido profesional\u201d\",\"datePublished\":\"2024-07-15T22:11:00+00:00\",\"dateModified\":\"2024-08-14T22:28:24+00:00\",\"mainEntityOfPage\":{\"@id\":\"https:\\\/\\\/www.uartes.edu.ec\\\/sitio\\\/fr\\\/blog\\\/2024\\\/07\\\/15\\\/en-case-marcelo-navia-ahondo-en-charla-sobre-los-mitos-en-audio-y-sonido-profesional\\\/\"},\"wordCount\":1457,\"commentCount\":0,\"publisher\":{\"@id\":\"https:\\\/\\\/www.uartes.edu.ec\\\/sitio\\\/fr\\\/#organization\"},\"image\":{\"@id\":\"https:\\\/\\\/www.uartes.edu.ec\\\/sitio\\\/fr\\\/blog\\\/2024\\\/07\\\/15\\\/en-case-marcelo-navia-ahondo-en-charla-sobre-los-mitos-en-audio-y-sonido-profesional\\\/#primaryimage\"},\"thumbnailUrl\":\"https:\\\/\\\/www.uartes.edu.ec\\\/sitio\\\/wp-content\\\/uploads\\\/2024\\\/08\\\/case-infouarte-CM1.png\",\"keywords\":[\"conferencias\"],\"articleSection\":[\"Acad\u00e9mico\",\"Alumni\",\"Artes Sonoras\",\"Docentes\",\"Estudiantes\",\"Gesti\u00f3n\"],\"inLanguage\":\"fr-FR\",\"potentialAction\":[{\"@type\":\"CommentAction\",\"name\":\"Comment\",\"target\":[\"https:\\\/\\\/www.uartes.edu.ec\\\/sitio\\\/fr\\\/blog\\\/2024\\\/07\\\/15\\\/en-case-marcelo-navia-ahondo-en-charla-sobre-los-mitos-en-audio-y-sonido-profesional\\\/#respond\"]}]},{\"@type\":[\"WebPage\",\"ItemPage\"],\"@id\":\"https:\\\/\\\/www.uartes.edu.ec\\\/sitio\\\/fr\\\/blog\\\/2024\\\/07\\\/15\\\/en-case-marcelo-navia-ahondo-en-charla-sobre-los-mitos-en-audio-y-sonido-profesional\\\/\",\"url\":\"https:\\\/\\\/www.uartes.edu.ec\\\/sitio\\\/fr\\\/blog\\\/2024\\\/07\\\/15\\\/en-case-marcelo-navia-ahondo-en-charla-sobre-los-mitos-en-audio-y-sonido-profesional\\\/\",\"name\":\"Universidad de las Artes - En CASE, Marcelo Navia habl\u00f3 en charla de \u201cMitos en audio y sonido profesional\u201d\",\"isPartOf\":{\"@id\":\"https:\\\/\\\/www.uartes.edu.ec\\\/sitio\\\/fr\\\/#website\"},\"primaryImageOfPage\":{\"@id\":\"https:\\\/\\\/www.uartes.edu.ec\\\/sitio\\\/fr\\\/blog\\\/2024\\\/07\\\/15\\\/en-case-marcelo-navia-ahondo-en-charla-sobre-los-mitos-en-audio-y-sonido-profesional\\\/#primaryimage\"},\"image\":{\"@id\":\"https:\\\/\\\/www.uartes.edu.ec\\\/sitio\\\/fr\\\/blog\\\/2024\\\/07\\\/15\\\/en-case-marcelo-navia-ahondo-en-charla-sobre-los-mitos-en-audio-y-sonido-profesional\\\/#primaryimage\"},\"thumbnailUrl\":\"https:\\\/\\\/www.uartes.edu.ec\\\/sitio\\\/wp-content\\\/uploads\\\/2024\\\/08\\\/case-infouarte-CM1.png\",\"datePublished\":\"2024-07-15T22:11:00+00:00\",\"dateModified\":\"2024-08-14T22:28:24+00:00\",\"description\":\"Universidad de las Artes - En CASE, Marcelo Navia habl\u00f3 en charla de \u201cMitos en audio y sonido profesional\u201d\",\"breadcrumb\":{\"@id\":\"https:\\\/\\\/www.uartes.edu.ec\\\/sitio\\\/fr\\\/blog\\\/2024\\\/07\\\/15\\\/en-case-marcelo-navia-ahondo-en-charla-sobre-los-mitos-en-audio-y-sonido-profesional\\\/#breadcrumb\"},\"inLanguage\":\"fr-FR\",\"potentialAction\":[{\"@type\":\"ReadAction\",\"target\":[\"https:\\\/\\\/www.uartes.edu.ec\\\/sitio\\\/fr\\\/blog\\\/2024\\\/07\\\/15\\\/en-case-marcelo-navia-ahondo-en-charla-sobre-los-mitos-en-audio-y-sonido-profesional\\\/\"]}]},{\"@type\":\"ImageObject\",\"inLanguage\":\"fr-FR\",\"@id\":\"https:\\\/\\\/www.uartes.edu.ec\\\/sitio\\\/fr\\\/blog\\\/2024\\\/07\\\/15\\\/en-case-marcelo-navia-ahondo-en-charla-sobre-los-mitos-en-audio-y-sonido-profesional\\\/#primaryimage\",\"url\":\"https:\\\/\\\/www.uartes.edu.ec\\\/sitio\\\/wp-content\\\/uploads\\\/2024\\\/08\\\/case-infouarte-CM1.png\",\"contentUrl\":\"https:\\\/\\\/www.uartes.edu.ec\\\/sitio\\\/wp-content\\\/uploads\\\/2024\\\/08\\\/case-infouarte-CM1.png\",\"width\":2000,\"height\":1333},{\"@type\":\"BreadcrumbList\",\"@id\":\"https:\\\/\\\/www.uartes.edu.ec\\\/sitio\\\/fr\\\/blog\\\/2024\\\/07\\\/15\\\/en-case-marcelo-navia-ahondo-en-charla-sobre-los-mitos-en-audio-y-sonido-profesional\\\/#breadcrumb\",\"itemListElement\":[{\"@type\":\"ListItem\",\"position\":1,\"name\":\"Inicio\",\"item\":\"https:\\\/\\\/www.uartes.edu.ec\\\/sitio\\\/\"},{\"@type\":\"ListItem\",\"position\":2,\"name\":\"En CASE, Marcelo Navia habl\u00f3 en charla de \u201cMitos en audio y sonido profesional\u201d\"}]},{\"@type\":\"WebSite\",\"@id\":\"https:\\\/\\\/www.uartes.edu.ec\\\/sitio\\\/fr\\\/#website\",\"url\":\"https:\\\/\\\/www.uartes.edu.ec\\\/sitio\\\/fr\\\/\",\"name\":\"Universidad de las Artes\",\"description\":\"Sitio oficial de la Universidad Nacional de las Artes del Ecuador\",\"publisher\":{\"@id\":\"https:\\\/\\\/www.uartes.edu.ec\\\/sitio\\\/fr\\\/#organization\"},\"potentialAction\":[{\"@type\":\"SearchAction\",\"target\":{\"@type\":\"EntryPoint\",\"urlTemplate\":\"https:\\\/\\\/www.uartes.edu.ec\\\/sitio\\\/fr\\\/?s={search_term_string}\"},\"query-input\":{\"@type\":\"PropertyValueSpecification\",\"valueRequired\":true,\"valueName\":\"search_term_string\"}}],\"inLanguage\":\"fr-FR\"},{\"@type\":\"Organization\",\"@id\":\"https:\\\/\\\/www.uartes.edu.ec\\\/sitio\\\/fr\\\/#organization\",\"name\":\"Universidad de las Artes\",\"url\":\"https:\\\/\\\/www.uartes.edu.ec\\\/sitio\\\/fr\\\/\",\"logo\":{\"@type\":\"ImageObject\",\"inLanguage\":\"fr-FR\",\"@id\":\"https:\\\/\\\/www.uartes.edu.ec\\\/sitio\\\/fr\\\/#\\\/schema\\\/logo\\\/image\\\/\",\"url\":\"https:\\\/\\\/www.uartes.edu.ec\\\/sitio\\\/wp-content\\\/uploads\\\/2022\\\/07\\\/logo-ua-horizontal.png\",\"contentUrl\":\"https:\\\/\\\/www.uartes.edu.ec\\\/sitio\\\/wp-content\\\/uploads\\\/2022\\\/07\\\/logo-ua-horizontal.png\",\"width\":800,\"height\":276,\"caption\":\"Universidad de las Artes\"},\"image\":{\"@id\":\"https:\\\/\\\/www.uartes.edu.ec\\\/sitio\\\/fr\\\/#\\\/schema\\\/logo\\\/image\\\/\"},\"sameAs\":[\"https:\\\/\\\/www.facebook.com\\\/uartesec\",\"https:\\\/\\\/x.com\\\/uartesec\",\"https:\\\/\\\/www.tiktok.com\\\/@uartesec\"]},{\"@type\":\"Person\",\"@id\":\"https:\\\/\\\/www.uartes.edu.ec\\\/sitio\\\/fr\\\/#\\\/schema\\\/person\\\/efa1b8275797664fd7f13a79ccc0b1f4\",\"name\":\"ccortez\",\"image\":{\"@type\":\"ImageObject\",\"inLanguage\":\"fr-FR\",\"@id\":\"https:\\\/\\\/secure.gravatar.com\\\/avatar\\\/b2a6f664a3ae8e074346ef91775736c5ec479e637ecced6842de9dc98b5da9cd?s=96&d=mm&r=g\",\"url\":\"https:\\\/\\\/secure.gravatar.com\\\/avatar\\\/b2a6f664a3ae8e074346ef91775736c5ec479e637ecced6842de9dc98b5da9cd?s=96&d=mm&r=g\",\"contentUrl\":\"https:\\\/\\\/secure.gravatar.com\\\/avatar\\\/b2a6f664a3ae8e074346ef91775736c5ec479e637ecced6842de9dc98b5da9cd?s=96&d=mm&r=g\",\"caption\":\"ccortez\"},\"url\":\"https:\\\/\\\/www.uartes.edu.ec\\\/sitio\\\/fr\\\/blog\\\/author\\\/ccortez\\\/\"}]}<\/script>\n<!-- \/ Yoast SEO plugin. -->","yoast_head_json":{"title":"Universidad de las Artes - En CASE, Marcelo Navia habl\u00f3 en charla de \u201cMitos en audio y sonido profesional\u201d","description":"Universidad de las Artes - En CASE, Marcelo Navia habl\u00f3 en charla de \u201cMitos en audio y sonido profesional\u201d","robots":{"index":"index","follow":"follow","max-snippet":"max-snippet:-1","max-image-preview":"max-image-preview:large","max-video-preview":"max-video-preview:-1"},"canonical":"https:\/\/www.uartes.edu.ec\/sitio\/fr\/blog\/2024\/07\/15\/en-case-marcelo-navia-ahondo-en-charla-sobre-los-mitos-en-audio-y-sonido-profesional\/","og_locale":"fr_FR","og_type":"article","og_title":"Universidad de las Artes - En CASE, Marcelo Navia habl\u00f3 en charla de \u201cMitos en audio y sonido profesional\u201d","og_description":"Universidad de las Artes - En CASE, Marcelo Navia habl\u00f3 en charla de \u201cMitos en audio y sonido profesional\u201d","og_url":"https:\/\/www.uartes.edu.ec\/sitio\/fr\/blog\/2024\/07\/15\/en-case-marcelo-navia-ahondo-en-charla-sobre-los-mitos-en-audio-y-sonido-profesional\/","og_site_name":"Universidad de las Artes","article_publisher":"https:\/\/www.facebook.com\/uartesec","article_published_time":"2024-07-15T22:11:00+00:00","article_modified_time":"2024-08-14T22:28:24+00:00","og_image":[{"width":2000,"height":1333,"url":"https:\/\/www.uartes.edu.ec\/sitio\/wp-content\/uploads\/2024\/08\/case-infouarte-CM1.png","type":"image\/png"}],"author":"ccortez","twitter_card":"summary_large_image","twitter_creator":"@uartesec","twitter_site":"@uartesec","twitter_misc":{"\u00c9crit par":"ccortez","Dur\u00e9e de lecture estim\u00e9e":"7 minutes"},"schema":{"@context":"https:\/\/schema.org","@graph":[{"@type":"Article","@id":"https:\/\/www.uartes.edu.ec\/sitio\/fr\/blog\/2024\/07\/15\/en-case-marcelo-navia-ahondo-en-charla-sobre-los-mitos-en-audio-y-sonido-profesional\/#article","isPartOf":{"@id":"https:\/\/www.uartes.edu.ec\/sitio\/fr\/blog\/2024\/07\/15\/en-case-marcelo-navia-ahondo-en-charla-sobre-los-mitos-en-audio-y-sonido-profesional\/"},"author":{"name":"ccortez","@id":"https:\/\/www.uartes.edu.ec\/sitio\/fr\/#\/schema\/person\/efa1b8275797664fd7f13a79ccc0b1f4"},"headline":"En CASE, Marcelo Navia habl\u00f3 en charla de \u201cMitos en audio y sonido profesional\u201d","datePublished":"2024-07-15T22:11:00+00:00","dateModified":"2024-08-14T22:28:24+00:00","mainEntityOfPage":{"@id":"https:\/\/www.uartes.edu.ec\/sitio\/fr\/blog\/2024\/07\/15\/en-case-marcelo-navia-ahondo-en-charla-sobre-los-mitos-en-audio-y-sonido-profesional\/"},"wordCount":1457,"commentCount":0,"publisher":{"@id":"https:\/\/www.uartes.edu.ec\/sitio\/fr\/#organization"},"image":{"@id":"https:\/\/www.uartes.edu.ec\/sitio\/fr\/blog\/2024\/07\/15\/en-case-marcelo-navia-ahondo-en-charla-sobre-los-mitos-en-audio-y-sonido-profesional\/#primaryimage"},"thumbnailUrl":"https:\/\/www.uartes.edu.ec\/sitio\/wp-content\/uploads\/2024\/08\/case-infouarte-CM1.png","keywords":["conferencias"],"articleSection":["Acad\u00e9mico","Alumni","Artes Sonoras","Docentes","Estudiantes","Gesti\u00f3n"],"inLanguage":"fr-FR","potentialAction":[{"@type":"CommentAction","name":"Comment","target":["https:\/\/www.uartes.edu.ec\/sitio\/fr\/blog\/2024\/07\/15\/en-case-marcelo-navia-ahondo-en-charla-sobre-los-mitos-en-audio-y-sonido-profesional\/#respond"]}]},{"@type":["WebPage","ItemPage"],"@id":"https:\/\/www.uartes.edu.ec\/sitio\/fr\/blog\/2024\/07\/15\/en-case-marcelo-navia-ahondo-en-charla-sobre-los-mitos-en-audio-y-sonido-profesional\/","url":"https:\/\/www.uartes.edu.ec\/sitio\/fr\/blog\/2024\/07\/15\/en-case-marcelo-navia-ahondo-en-charla-sobre-los-mitos-en-audio-y-sonido-profesional\/","name":"Universidad de las Artes - En CASE, Marcelo Navia habl\u00f3 en charla de \u201cMitos en audio y sonido profesional\u201d","isPartOf":{"@id":"https:\/\/www.uartes.edu.ec\/sitio\/fr\/#website"},"primaryImageOfPage":{"@id":"https:\/\/www.uartes.edu.ec\/sitio\/fr\/blog\/2024\/07\/15\/en-case-marcelo-navia-ahondo-en-charla-sobre-los-mitos-en-audio-y-sonido-profesional\/#primaryimage"},"image":{"@id":"https:\/\/www.uartes.edu.ec\/sitio\/fr\/blog\/2024\/07\/15\/en-case-marcelo-navia-ahondo-en-charla-sobre-los-mitos-en-audio-y-sonido-profesional\/#primaryimage"},"thumbnailUrl":"https:\/\/www.uartes.edu.ec\/sitio\/wp-content\/uploads\/2024\/08\/case-infouarte-CM1.png","datePublished":"2024-07-15T22:11:00+00:00","dateModified":"2024-08-14T22:28:24+00:00","description":"Universidad de las Artes - En CASE, Marcelo Navia habl\u00f3 en charla de \u201cMitos en audio y sonido profesional\u201d","breadcrumb":{"@id":"https:\/\/www.uartes.edu.ec\/sitio\/fr\/blog\/2024\/07\/15\/en-case-marcelo-navia-ahondo-en-charla-sobre-los-mitos-en-audio-y-sonido-profesional\/#breadcrumb"},"inLanguage":"fr-FR","potentialAction":[{"@type":"ReadAction","target":["https:\/\/www.uartes.edu.ec\/sitio\/fr\/blog\/2024\/07\/15\/en-case-marcelo-navia-ahondo-en-charla-sobre-los-mitos-en-audio-y-sonido-profesional\/"]}]},{"@type":"ImageObject","inLanguage":"fr-FR","@id":"https:\/\/www.uartes.edu.ec\/sitio\/fr\/blog\/2024\/07\/15\/en-case-marcelo-navia-ahondo-en-charla-sobre-los-mitos-en-audio-y-sonido-profesional\/#primaryimage","url":"https:\/\/www.uartes.edu.ec\/sitio\/wp-content\/uploads\/2024\/08\/case-infouarte-CM1.png","contentUrl":"https:\/\/www.uartes.edu.ec\/sitio\/wp-content\/uploads\/2024\/08\/case-infouarte-CM1.png","width":2000,"height":1333},{"@type":"BreadcrumbList","@id":"https:\/\/www.uartes.edu.ec\/sitio\/fr\/blog\/2024\/07\/15\/en-case-marcelo-navia-ahondo-en-charla-sobre-los-mitos-en-audio-y-sonido-profesional\/#breadcrumb","itemListElement":[{"@type":"ListItem","position":1,"name":"Inicio","item":"https:\/\/www.uartes.edu.ec\/sitio\/"},{"@type":"ListItem","position":2,"name":"En CASE, Marcelo Navia habl\u00f3 en charla de \u201cMitos en audio y sonido profesional\u201d"}]},{"@type":"WebSite","@id":"https:\/\/www.uartes.edu.ec\/sitio\/fr\/#website","url":"https:\/\/www.uartes.edu.ec\/sitio\/fr\/","name":"Universidad de las Artes","description":"Sitio oficial de la Universidad Nacional de las Artes del Ecuador","publisher":{"@id":"https:\/\/www.uartes.edu.ec\/sitio\/fr\/#organization"},"potentialAction":[{"@type":"SearchAction","target":{"@type":"EntryPoint","urlTemplate":"https:\/\/www.uartes.edu.ec\/sitio\/fr\/?s={search_term_string}"},"query-input":{"@type":"PropertyValueSpecification","valueRequired":true,"valueName":"search_term_string"}}],"inLanguage":"fr-FR"},{"@type":"Organization","@id":"https:\/\/www.uartes.edu.ec\/sitio\/fr\/#organization","name":"Universidad de las Artes","url":"https:\/\/www.uartes.edu.ec\/sitio\/fr\/","logo":{"@type":"ImageObject","inLanguage":"fr-FR","@id":"https:\/\/www.uartes.edu.ec\/sitio\/fr\/#\/schema\/logo\/image\/","url":"https:\/\/www.uartes.edu.ec\/sitio\/wp-content\/uploads\/2022\/07\/logo-ua-horizontal.png","contentUrl":"https:\/\/www.uartes.edu.ec\/sitio\/wp-content\/uploads\/2022\/07\/logo-ua-horizontal.png","width":800,"height":276,"caption":"Universidad de las Artes"},"image":{"@id":"https:\/\/www.uartes.edu.ec\/sitio\/fr\/#\/schema\/logo\/image\/"},"sameAs":["https:\/\/www.facebook.com\/uartesec","https:\/\/x.com\/uartesec","https:\/\/www.tiktok.com\/@uartesec"]},{"@type":"Person","@id":"https:\/\/www.uartes.edu.ec\/sitio\/fr\/#\/schema\/person\/efa1b8275797664fd7f13a79ccc0b1f4","name":"ccortez","image":{"@type":"ImageObject","inLanguage":"fr-FR","@id":"https:\/\/secure.gravatar.com\/avatar\/b2a6f664a3ae8e074346ef91775736c5ec479e637ecced6842de9dc98b5da9cd?s=96&d=mm&r=g","url":"https:\/\/secure.gravatar.com\/avatar\/b2a6f664a3ae8e074346ef91775736c5ec479e637ecced6842de9dc98b5da9cd?s=96&d=mm&r=g","contentUrl":"https:\/\/secure.gravatar.com\/avatar\/b2a6f664a3ae8e074346ef91775736c5ec479e637ecced6842de9dc98b5da9cd?s=96&d=mm&r=g","caption":"ccortez"},"url":"https:\/\/www.uartes.edu.ec\/sitio\/fr\/blog\/author\/ccortez\/"}]}},"uagb_featured_image_src":{"full":["https:\/\/www.uartes.edu.ec\/sitio\/wp-content\/uploads\/2024\/08\/case-infouarte-CM1.png",2000,1333,false],"thumbnail":["https:\/\/www.uartes.edu.ec\/sitio\/wp-content\/uploads\/2024\/08\/case-infouarte-CM1-150x150.png",150,150,true],"medium":["https:\/\/www.uartes.edu.ec\/sitio\/wp-content\/uploads\/2024\/08\/case-infouarte-CM1-300x200.png",300,200,true],"medium_large":["https:\/\/www.uartes.edu.ec\/sitio\/wp-content\/uploads\/2024\/08\/case-infouarte-CM1-768x512.png",768,512,true],"large":["https:\/\/www.uartes.edu.ec\/sitio\/wp-content\/uploads\/2024\/08\/case-infouarte-CM1-644x429.png",644,429,true],"1536x1536":["https:\/\/www.uartes.edu.ec\/sitio\/wp-content\/uploads\/2024\/08\/case-infouarte-CM1-1536x1024.png",1536,1024,true],"2048x2048":["https:\/\/www.uartes.edu.ec\/sitio\/wp-content\/uploads\/2024\/08\/case-infouarte-CM1.png",2000,1333,false],"trp-custom-language-flag":["https:\/\/www.uartes.edu.ec\/sitio\/wp-content\/uploads\/2024\/08\/case-infouarte-CM1-18x12.png",18,12,true],"htmega_size_585x295":["https:\/\/www.uartes.edu.ec\/sitio\/wp-content\/uploads\/2024\/08\/case-infouarte-CM1-585x295.png",585,295,true],"htmega_size_1170x536":["https:\/\/www.uartes.edu.ec\/sitio\/wp-content\/uploads\/2024\/08\/case-infouarte-CM1-1170x536.png",1170,536,true],"htmega_size_396x360":["https:\/\/www.uartes.edu.ec\/sitio\/wp-content\/uploads\/2024\/08\/case-infouarte-CM1-396x360.png",396,360,true],"gb-block-post-grid-landscape":["https:\/\/www.uartes.edu.ec\/sitio\/wp-content\/uploads\/2024\/08\/case-infouarte-CM1.png",600,400,false],"gb-block-post-grid-square":["https:\/\/www.uartes.edu.ec\/sitio\/wp-content\/uploads\/2024\/08\/case-infouarte-CM1.png",600,400,false],"university-hub-thumb":["https:\/\/www.uartes.edu.ec\/sitio\/wp-content\/uploads\/2024\/08\/case-infouarte-CM1-400x267.png",400,267,true],"mailpoet_newsletter_max":["https:\/\/www.uartes.edu.ec\/sitio\/wp-content\/uploads\/2024\/08\/case-infouarte-CM1.png",1320,880,false]},"uagb_author_info":{"display_name":"ccortez","author_link":"https:\/\/www.uartes.edu.ec\/sitio\/fr\/blog\/author\/ccortez\/"},"uagb_comment_info":0,"uagb_excerpt":"El mundo del audio y del sonido profesional est\u00e1 plagado de mitos que pueden confundir a los productores musicales, desde novatos hasta expertos establecidos. En CASE, organizadas por la Escuela de Artes Sonoras de la UArtes, Marcelo Navia dict\u00f3 la charla \u201cMitos en audio y sonido profesional\u201d, en la que desde su experiencia laboral expuso\u2026","featured_image_src":"https:\/\/www.uartes.edu.ec\/sitio\/wp-content\/uploads\/2024\/08\/case-infouarte-CM1.png","featured_image_src_square":"https:\/\/www.uartes.edu.ec\/sitio\/wp-content\/uploads\/2024\/08\/case-infouarte-CM1.png","author_info":{"display_name":"ccortez","author_link":"https:\/\/www.uartes.edu.ec\/sitio\/fr\/blog\/author\/ccortez\/"},"publishpress_future_workflow_manual_trigger":{"enabledWorkflows":[]},"distributor_meta":false,"distributor_terms":false,"distributor_media":false,"distributor_original_site_name":"Universidad de las Artes","distributor_original_site_url":"https:\/\/www.uartes.edu.ec\/sitio\/fr","push-errors":false,"_links":{"self":[{"href":"https:\/\/www.uartes.edu.ec\/sitio\/fr\/wp-json\/wp\/v2\/posts\/60184","targetHints":{"allow":["GET"]}}],"collection":[{"href":"https:\/\/www.uartes.edu.ec\/sitio\/fr\/wp-json\/wp\/v2\/posts"}],"about":[{"href":"https:\/\/www.uartes.edu.ec\/sitio\/fr\/wp-json\/wp\/v2\/types\/post"}],"author":[{"embeddable":true,"href":"https:\/\/www.uartes.edu.ec\/sitio\/fr\/wp-json\/wp\/v2\/users\/10"}],"replies":[{"embeddable":true,"href":"https:\/\/www.uartes.edu.ec\/sitio\/fr\/wp-json\/wp\/v2\/comments?post=60184"}],"version-history":[{"count":12,"href":"https:\/\/www.uartes.edu.ec\/sitio\/fr\/wp-json\/wp\/v2\/posts\/60184\/revisions"}],"predecessor-version":[{"id":60712,"href":"https:\/\/www.uartes.edu.ec\/sitio\/fr\/wp-json\/wp\/v2\/posts\/60184\/revisions\/60712"}],"wp:featuredmedia":[{"embeddable":true,"href":"https:\/\/www.uartes.edu.ec\/sitio\/fr\/wp-json\/wp\/v2\/media\/60185"}],"wp:attachment":[{"href":"https:\/\/www.uartes.edu.ec\/sitio\/fr\/wp-json\/wp\/v2\/media?parent=60184"}],"wp:term":[{"taxonomy":"category","embeddable":true,"href":"https:\/\/www.uartes.edu.ec\/sitio\/fr\/wp-json\/wp\/v2\/categories?post=60184"},{"taxonomy":"post_tag","embeddable":true,"href":"https:\/\/www.uartes.edu.ec\/sitio\/fr\/wp-json\/wp\/v2\/tags?post=60184"},{"taxonomy":"infouartes","embeddable":true,"href":"https:\/\/www.uartes.edu.ec\/sitio\/fr\/wp-json\/wp\/v2\/infouartes?post=60184"}],"curies":[{"name":"wp","href":"https:\/\/api.w.org\/{rel}","templated":true}]}}