{"id":60358,"date":"2024-08-01T18:16:00","date_gmt":"2024-08-01T23:16:00","guid":{"rendered":"https:\/\/www.uartes.edu.ec\/sitio\/?p=60358"},"modified":"2024-08-07T18:10:31","modified_gmt":"2024-08-07T23:10:31","slug":"la-cceng-fue-en-julio-el-primer-arribo-de-antagonista-de-harry-merchan-la-obra-del-estudiante-uartes-ahora-va-a-salinas","status":"publish","type":"post","link":"https:\/\/www.uartes.edu.ec\/sitio\/fr\/blog\/2024\/08\/01\/la-cceng-fue-en-julio-el-primer-arribo-de-antagonista-de-harry-merchan-la-obra-del-estudiante-uartes-ahora-va-a-salinas\/","title":{"rendered":"La CCENG fue en julio el primer arribo de \u201cAntagonista\u201d de Harry Merch\u00e1n; la obra del estudiante UArtes ahora va a Salinas"},"content":{"rendered":"<p>\u201cAntagonista\u201d es la primera exposici\u00f3n individual de pintura, dibujo e instalaci\u00f3n que el artista Harry Merch\u00e1n Quim\u00ed, estudiante de la Escuela de Artes Visuales, inaugur\u00f3 el 11 de julio pasado en la Sala Araceli Gilbert de la Casa de la Cultura N\u00facleo del Guayas (CCENG), donde permaneci\u00f3 hasta el 26 de ese mes. Fue el primer arribo que tuvo su trabajo, puesto que el segundo ser\u00e1 en las instalaciones de la antigua Cruz Roja, en Salinas, donde se abrir\u00e1 este 3 de agosto.<\/p>\n\n\n\n<p>La muestra la componen diez obras que nacieron de un proceso de producci\u00f3n e investigaci\u00f3n que Harry Merch\u00e1n desarroll\u00f3 durante ocho meses. Ha sido un proceso lento y todas las piezas tienen una concepci\u00f3n espec\u00edfica, dijo el artista a InfoUArtes, detallando que \u201cAntagonista\u201d responde a una aproximaci\u00f3n paisaj\u00edstica desde una mirada barrial y su estudio espacial, objetual, animal y antropol\u00f3gico, dentro de su desatenci\u00f3n social.<\/p>\n\n\n<div class=\"wp-block-image\">\n<figure class=\"aligncenter size-large\"><img fetchpriority=\"high\" decoding=\"async\" width=\"644\" height=\"429\" src=\"https:\/\/www.uartes.edu.ec\/sitio\/wp-content\/uploads\/2024\/08\/05-muestra-de-Harry-Merchan-CCNG-644x429.jpg\" alt=\"\" class=\"wp-image-60360\" srcset=\"https:\/\/www.uartes.edu.ec\/sitio\/wp-content\/uploads\/2024\/08\/05-muestra-de-Harry-Merchan-CCNG-644x429.jpg 644w, https:\/\/www.uartes.edu.ec\/sitio\/wp-content\/uploads\/2024\/08\/05-muestra-de-Harry-Merchan-CCNG-300x200.jpg 300w, https:\/\/www.uartes.edu.ec\/sitio\/wp-content\/uploads\/2024\/08\/05-muestra-de-Harry-Merchan-CCNG-768x512.jpg 768w, https:\/\/www.uartes.edu.ec\/sitio\/wp-content\/uploads\/2024\/08\/05-muestra-de-Harry-Merchan-CCNG-1536x1024.jpg 1536w, https:\/\/www.uartes.edu.ec\/sitio\/wp-content\/uploads\/2024\/08\/05-muestra-de-Harry-Merchan-CCNG-18x12.jpg 18w, https:\/\/www.uartes.edu.ec\/sitio\/wp-content\/uploads\/2024\/08\/05-muestra-de-Harry-Merchan-CCNG-600x400.jpg 600w, https:\/\/www.uartes.edu.ec\/sitio\/wp-content\/uploads\/2024\/08\/05-muestra-de-Harry-Merchan-CCNG-400x267.jpg 400w, https:\/\/www.uartes.edu.ec\/sitio\/wp-content\/uploads\/2024\/08\/05-muestra-de-Harry-Merchan-CCNG-272x182.jpg 272w, https:\/\/www.uartes.edu.ec\/sitio\/wp-content\/uploads\/2024\/08\/05-muestra-de-Harry-Merchan-CCNG.jpg 2000w\" sizes=\"(max-width: 644px) 100vw, 644px\" \/><\/figure>\n<\/div>\n\n\n<p>En sus piezas, diversas de lenguajes y estilos, se analizan de forma micro y macro un sinn\u00famero de visualidades que devienen en la precariedad o en la marginalidad de las zonas rurales de una ciudad y en las experiencias geneal\u00f3gicas que lo atravesaron en su infancia, adolescencia y prejuventud. \u201cMi producci\u00f3n plantea una reflexi\u00f3n sobre los modos de habitar &#8216;lo pobre&#8217;, manteniendo la mirada de lo sustancial no solo del comportamiento humano, sino tambi\u00e9n de los animales y las narrativas que retienen los objetos en es tos espacios frecuentemente enfrentados\u201d.<\/p>\n\n\n\n<p>Es as\u00ed como Harry Merch\u00e1n se sit\u00faa desde una mirada auto etnoc\u00e9ntrica de la periferia para presentar un \u201cantagonista\u201d clim\u00e1tico, animal y antropol\u00f3gico. \u201cDesde cuestiones muy banales y comunes, estos fragmentos se construyen a partir de memorias personales y territoriales. La lluvia, como el caos disperso en mi cotidianidad, me permite cuestionar &#8216;el acondicionamiento criollo del individuo&#8217; y su enfrentamiento con los animales (el desagrado o el susto) y de la rutina del espacio en el que, en alg\u00fan momento, me posicion\u00e9 para encontrar un poco de felicidad (el juego de barrio)\u201d.<\/p>\n\n\n<div class=\"wp-block-image\">\n<figure class=\"aligncenter size-large\"><img decoding=\"async\" width=\"644\" height=\"429\" src=\"https:\/\/www.uartes.edu.ec\/sitio\/wp-content\/uploads\/2024\/08\/03-muestra-de-Harry-Merchan-CCNG-644x429.jpg\" alt=\"\" class=\"wp-image-60361\" srcset=\"https:\/\/www.uartes.edu.ec\/sitio\/wp-content\/uploads\/2024\/08\/03-muestra-de-Harry-Merchan-CCNG-644x429.jpg 644w, https:\/\/www.uartes.edu.ec\/sitio\/wp-content\/uploads\/2024\/08\/03-muestra-de-Harry-Merchan-CCNG-300x200.jpg 300w, https:\/\/www.uartes.edu.ec\/sitio\/wp-content\/uploads\/2024\/08\/03-muestra-de-Harry-Merchan-CCNG-768x512.jpg 768w, https:\/\/www.uartes.edu.ec\/sitio\/wp-content\/uploads\/2024\/08\/03-muestra-de-Harry-Merchan-CCNG-1536x1024.jpg 1536w, https:\/\/www.uartes.edu.ec\/sitio\/wp-content\/uploads\/2024\/08\/03-muestra-de-Harry-Merchan-CCNG-18x12.jpg 18w, https:\/\/www.uartes.edu.ec\/sitio\/wp-content\/uploads\/2024\/08\/03-muestra-de-Harry-Merchan-CCNG-600x400.jpg 600w, https:\/\/www.uartes.edu.ec\/sitio\/wp-content\/uploads\/2024\/08\/03-muestra-de-Harry-Merchan-CCNG-400x267.jpg 400w, https:\/\/www.uartes.edu.ec\/sitio\/wp-content\/uploads\/2024\/08\/03-muestra-de-Harry-Merchan-CCNG-272x182.jpg 272w, https:\/\/www.uartes.edu.ec\/sitio\/wp-content\/uploads\/2024\/08\/03-muestra-de-Harry-Merchan-CCNG.jpg 2000w\" sizes=\"(max-width: 644px) 100vw, 644px\" \/><\/figure>\n<\/div>\n\n\n<p>Para su muestra utiliz\u00f3 materiales diversos, como \u00f3leo, acr\u00edlico, acuarelas, l\u00e1pices de colores y grafito, asimismo, sobre diferentes medios: dibujo, pintura, instalaci\u00f3n, video y escultura, dijo el artista y reiter\u00f3 que dividi\u00f3 su proceso art\u00edstico en tres ejes: el paisaje, las condiciones clim\u00e1ticas y la experiencia personal, entonces surgi\u00f3 la inspiraci\u00f3n art\u00edstica.&nbsp;<\/p>\n\n\n\n<p>\u201cSiempre he vivido mis motivaciones en categor\u00edas y las tres que he mencionado se unen en una sola y sale este tipo de im\u00e1n. Deviene de una mirada barrial y desatendida, sobre todo de c\u00f3mo nos acondicionamos a ese lugar\u201d, expres\u00f3.<\/p>\n\n\n\n<p>\u201cDios le dio a &#8216;prosperidad&#8217; una laguna\u201d, \u201cNo es culpa de la lluvia\u201d, \u201cAntagonista II\u201d, \u201cIntento de rescate\u201d, \u201cBarco I\u201d, \u201cBarco III\u201d, \u201cLa ficci\u00f3n de los necios\u201d, \u201cEl \u00faltimo, el \u00fanico\u201d y \u201cFin del partido\u201d son algunas de las obras que componen la primera propuesta expositiva individual de Harry Merch\u00e1, quien naci\u00f3 en La Libertad, Santa Elena y se define como pintor, dibujante y creador audiovisual.<\/p>\n\n\n<div class=\"wp-block-image\">\n<figure class=\"aligncenter size-large\"><img decoding=\"async\" width=\"644\" height=\"429\" src=\"https:\/\/www.uartes.edu.ec\/sitio\/wp-content\/uploads\/2024\/08\/04-muestra-de-Harry-Merchan-CCNG-644x429.jpg\" alt=\"\" class=\"wp-image-60362\" srcset=\"https:\/\/www.uartes.edu.ec\/sitio\/wp-content\/uploads\/2024\/08\/04-muestra-de-Harry-Merchan-CCNG-644x429.jpg 644w, https:\/\/www.uartes.edu.ec\/sitio\/wp-content\/uploads\/2024\/08\/04-muestra-de-Harry-Merchan-CCNG-300x200.jpg 300w, https:\/\/www.uartes.edu.ec\/sitio\/wp-content\/uploads\/2024\/08\/04-muestra-de-Harry-Merchan-CCNG-768x512.jpg 768w, https:\/\/www.uartes.edu.ec\/sitio\/wp-content\/uploads\/2024\/08\/04-muestra-de-Harry-Merchan-CCNG-1536x1024.jpg 1536w, https:\/\/www.uartes.edu.ec\/sitio\/wp-content\/uploads\/2024\/08\/04-muestra-de-Harry-Merchan-CCNG-18x12.jpg 18w, https:\/\/www.uartes.edu.ec\/sitio\/wp-content\/uploads\/2024\/08\/04-muestra-de-Harry-Merchan-CCNG-600x400.jpg 600w, https:\/\/www.uartes.edu.ec\/sitio\/wp-content\/uploads\/2024\/08\/04-muestra-de-Harry-Merchan-CCNG-400x267.jpg 400w, https:\/\/www.uartes.edu.ec\/sitio\/wp-content\/uploads\/2024\/08\/04-muestra-de-Harry-Merchan-CCNG-272x182.jpg 272w, https:\/\/www.uartes.edu.ec\/sitio\/wp-content\/uploads\/2024\/08\/04-muestra-de-Harry-Merchan-CCNG.jpg 2000w\" sizes=\"(max-width: 644px) 100vw, 644px\" \/><\/figure>\n<\/div>\n\n\n<p>En su trayectoria constan sus intervenciones en exposiciones colectivas: \u201cTerritorio 24\u201d, en la Casa de la Cultura Ecuatoriana, Quito 2022; \u201cGeofagia. Cartograf\u00edas de lo invisible\u201d, en el MZ14 Centro de Producci\u00f3n e Innovaci\u00f3n UArtes, 2022, donde un a\u00f1o despu\u00e9s particip\u00f3 en la tercera edici\u00f3n de \u201cBit\u00e1cora\u201d; \u201cBalada Memeplex\u201d, en el edificio El Correo; \u201cIrrupciones\u201d, en el Museo Luis Noboa Naranjo en Guayaquil. Ha tomado parte en residencias art\u00edsticas, como en el espacio \u201cOnder\u201d.<\/p>\n\n\n\n<p>Merch\u00e1n, quien ha dictado talleres de pintura en instituciones p\u00fablicas y privadas y ha sido tambi\u00e9n jurado en concursos de artes pl\u00e1sticas en planteles educativos, cuenta ya con varios premios por sus obras. Obtuvo el primer lugar en el primer Sal\u00f3n Provincial de Pintura Identidad Cultural, organizado por Derechos Humanos: Ecoambientales y Culturales Mochica Sumpa, 2019; primer lugar en el Segundo Sal\u00f3n Nacional de Pintura Santa Elena, Magia y Cultura, de la Casa de la Cultura N\u00facleo de Santa Elena, 2021; y primer lugar en el Sal\u00f3n de Octubre 2022 Independencia de Guayaquil, organizado por la Casa de la Cultura N\u00facleo del Guayas.<\/p>\n\n\n<div class=\"wp-block-image\">\n<figure class=\"aligncenter size-large\"><img loading=\"lazy\" decoding=\"async\" width=\"644\" height=\"429\" src=\"https:\/\/www.uartes.edu.ec\/sitio\/wp-content\/uploads\/2024\/08\/01-muestra-de-Harry-Merchan-CCNG-644x429.jpg\" alt=\"\" class=\"wp-image-60363\" srcset=\"https:\/\/www.uartes.edu.ec\/sitio\/wp-content\/uploads\/2024\/08\/01-muestra-de-Harry-Merchan-CCNG-644x429.jpg 644w, https:\/\/www.uartes.edu.ec\/sitio\/wp-content\/uploads\/2024\/08\/01-muestra-de-Harry-Merchan-CCNG-300x200.jpg 300w, https:\/\/www.uartes.edu.ec\/sitio\/wp-content\/uploads\/2024\/08\/01-muestra-de-Harry-Merchan-CCNG-768x512.jpg 768w, https:\/\/www.uartes.edu.ec\/sitio\/wp-content\/uploads\/2024\/08\/01-muestra-de-Harry-Merchan-CCNG-1536x1024.jpg 1536w, https:\/\/www.uartes.edu.ec\/sitio\/wp-content\/uploads\/2024\/08\/01-muestra-de-Harry-Merchan-CCNG-18x12.jpg 18w, https:\/\/www.uartes.edu.ec\/sitio\/wp-content\/uploads\/2024\/08\/01-muestra-de-Harry-Merchan-CCNG-600x400.jpg 600w, https:\/\/www.uartes.edu.ec\/sitio\/wp-content\/uploads\/2024\/08\/01-muestra-de-Harry-Merchan-CCNG-400x267.jpg 400w, https:\/\/www.uartes.edu.ec\/sitio\/wp-content\/uploads\/2024\/08\/01-muestra-de-Harry-Merchan-CCNG-272x182.jpg 272w, https:\/\/www.uartes.edu.ec\/sitio\/wp-content\/uploads\/2024\/08\/01-muestra-de-Harry-Merchan-CCNG.jpg 2000w\" sizes=\"(max-width: 644px) 100vw, 644px\" \/><\/figure>\n<\/div>\n\n\n<p>Fotos: Cortes\u00eda\/Harry Merch\u00e1n. Las im\u00e1genes corresponden a la inauguraci\u00f3n de \u00abAntagonista\u00bb en la Sala Araceli Gilbert de la Casa de la Cultura N\u00facleo del Guayas; en la gr\u00e1fica principal junto al expositor est\u00e1 el artista y docente Saidel Brito.<\/p>","protected":false},"excerpt":{"rendered":"<p>\u201cAntagonista\u201d es la primera exposici\u00f3n individual de pintura, dibujo e instalaci\u00f3n que el artista Harry Merch\u00e1n, estudiante de la Escuela de Artes Visuales, inaugur\u00f3 el 11 de julio en la Sala Araceli Gilbert de la Casa de la Cultura N\u00facleo del Guayas (CCENG), donde permaneci\u00f3 hasta el 26 de ese mes. Fue el primer arribo de su trabajo; el segundo ser\u00e1 la antigua Cruz Roja de Salinas, donde se inaugurar\u00e1 el 3 de agosto. <\/p>","protected":false},"author":10,"featured_media":60359,"comment_status":"open","ping_status":"open","sticky":false,"template":"","format":"standard","meta":{"_acf_changed":false,"_uag_custom_page_level_css":"","_monsterinsights_skip_tracking":false,"_monsterinsights_sitenote_active":false,"_monsterinsights_sitenote_note":"","_monsterinsights_sitenote_category":0,"cybocfi_hide_featured_image":"","footnotes":""},"categories":[80,82,159,76,284],"tags":[517],"infouartes":[],"class_list":["post-60358","post","type-post","status-publish","format-standard","has-post-thumbnail","hentry","category-academico","category-artes","category-artes-escenicas","category-estudiantes","category-investigacion","tag-exposicion"],"acf":[],"yoast_head":"<!-- This site is optimized with the Yoast SEO plugin v27.4 - https:\/\/yoast.com\/product\/yoast-seo-wordpress\/ -->\n<title>Universidad de las Artes - La CCENG fue en julio el primer arribo de \u201cAntagonista\u201d de Harry Merch\u00e1n; la obra del estudiante UArtes ahora va a Salinas<\/title>\n<meta name=\"description\" content=\"Universidad de las Artes - La CCENG fue en julio el primer arribo de \u201cAntagonista\u201d de Harry Merch\u00e1n; la obra del estudiante UArtes ahora va a Salinas\" \/>\n<meta name=\"robots\" content=\"index, follow, max-snippet:-1, max-image-preview:large, max-video-preview:-1\" \/>\n<link rel=\"canonical\" href=\"https:\/\/www.uartes.edu.ec\/sitio\/fr\/blog\/2024\/08\/01\/la-cceng-fue-en-julio-el-primer-arribo-de-antagonista-de-harry-merchan-la-obra-del-estudiante-uartes-ahora-va-a-salinas\/\" \/>\n<meta property=\"og:locale\" content=\"fr_FR\" \/>\n<meta property=\"og:type\" content=\"article\" \/>\n<meta property=\"og:title\" content=\"Universidad de las Artes - La CCENG fue en julio el primer arribo de \u201cAntagonista\u201d de Harry Merch\u00e1n; la obra del estudiante UArtes ahora va a Salinas\" \/>\n<meta property=\"og:description\" content=\"Universidad de las Artes - La CCENG fue en julio el primer arribo de \u201cAntagonista\u201d de Harry Merch\u00e1n; la obra del estudiante UArtes ahora va a Salinas\" \/>\n<meta property=\"og:url\" content=\"https:\/\/www.uartes.edu.ec\/sitio\/fr\/blog\/2024\/08\/01\/la-cceng-fue-en-julio-el-primer-arribo-de-antagonista-de-harry-merchan-la-obra-del-estudiante-uartes-ahora-va-a-salinas\/\" \/>\n<meta property=\"og:site_name\" content=\"Universidad de las Artes\" \/>\n<meta property=\"article:publisher\" content=\"https:\/\/www.facebook.com\/uartesec\" \/>\n<meta property=\"article:published_time\" content=\"2024-08-01T23:16:00+00:00\" \/>\n<meta property=\"article:modified_time\" content=\"2024-08-07T23:10:31+00:00\" \/>\n<meta property=\"og:image\" content=\"https:\/\/www.uartes.edu.ec\/sitio\/wp-content\/uploads\/2024\/08\/02-muestra-de-Harry-Merchan-CCNG.jpg\" \/>\n\t<meta property=\"og:image:width\" content=\"2000\" \/>\n\t<meta property=\"og:image:height\" content=\"1333\" \/>\n\t<meta property=\"og:image:type\" content=\"image\/jpeg\" \/>\n<meta name=\"author\" content=\"ccortez\" \/>\n<meta name=\"twitter:card\" content=\"summary_large_image\" \/>\n<meta name=\"twitter:creator\" content=\"@uartesec\" \/>\n<meta name=\"twitter:site\" content=\"@uartesec\" \/>\n<meta name=\"twitter:label1\" content=\"\u00c9crit par\" \/>\n\t<meta name=\"twitter:data1\" content=\"ccortez\" \/>\n\t<meta name=\"twitter:label2\" content=\"Dur\u00e9e de lecture estim\u00e9e\" \/>\n\t<meta name=\"twitter:data2\" content=\"5 minutes\" \/>\n<script type=\"application\/ld+json\" class=\"yoast-schema-graph\">{\"@context\":\"https:\\\/\\\/schema.org\",\"@graph\":[{\"@type\":\"Article\",\"@id\":\"https:\\\/\\\/www.uartes.edu.ec\\\/sitio\\\/fr\\\/blog\\\/2024\\\/08\\\/01\\\/la-cceng-fue-en-julio-el-primer-arribo-de-antagonista-de-harry-merchan-la-obra-del-estudiante-uartes-ahora-va-a-salinas\\\/#article\",\"isPartOf\":{\"@id\":\"https:\\\/\\\/www.uartes.edu.ec\\\/sitio\\\/fr\\\/blog\\\/2024\\\/08\\\/01\\\/la-cceng-fue-en-julio-el-primer-arribo-de-antagonista-de-harry-merchan-la-obra-del-estudiante-uartes-ahora-va-a-salinas\\\/\"},\"author\":{\"name\":\"ccortez\",\"@id\":\"https:\\\/\\\/www.uartes.edu.ec\\\/sitio\\\/fr\\\/#\\\/schema\\\/person\\\/efa1b8275797664fd7f13a79ccc0b1f4\"},\"headline\":\"La CCENG fue en julio el primer arribo de \u201cAntagonista\u201d de Harry Merch\u00e1n; la obra del estudiante UArtes ahora va a Salinas\",\"datePublished\":\"2024-08-01T23:16:00+00:00\",\"dateModified\":\"2024-08-07T23:10:31+00:00\",\"mainEntityOfPage\":{\"@id\":\"https:\\\/\\\/www.uartes.edu.ec\\\/sitio\\\/fr\\\/blog\\\/2024\\\/08\\\/01\\\/la-cceng-fue-en-julio-el-primer-arribo-de-antagonista-de-harry-merchan-la-obra-del-estudiante-uartes-ahora-va-a-salinas\\\/\"},\"wordCount\":778,\"commentCount\":0,\"publisher\":{\"@id\":\"https:\\\/\\\/www.uartes.edu.ec\\\/sitio\\\/fr\\\/#organization\"},\"image\":{\"@id\":\"https:\\\/\\\/www.uartes.edu.ec\\\/sitio\\\/fr\\\/blog\\\/2024\\\/08\\\/01\\\/la-cceng-fue-en-julio-el-primer-arribo-de-antagonista-de-harry-merchan-la-obra-del-estudiante-uartes-ahora-va-a-salinas\\\/#primaryimage\"},\"thumbnailUrl\":\"https:\\\/\\\/www.uartes.edu.ec\\\/sitio\\\/wp-content\\\/uploads\\\/2024\\\/08\\\/02-muestra-de-Harry-Merchan-CCNG.jpg\",\"keywords\":[\"exposici\u00f3n\"],\"articleSection\":[\"Acad\u00e9mico\",\"Artes\",\"Artes Esc\u00e9nicas\",\"Estudiantes\",\"Investigaci\u00f3n\"],\"inLanguage\":\"fr-FR\",\"potentialAction\":[{\"@type\":\"CommentAction\",\"name\":\"Comment\",\"target\":[\"https:\\\/\\\/www.uartes.edu.ec\\\/sitio\\\/fr\\\/blog\\\/2024\\\/08\\\/01\\\/la-cceng-fue-en-julio-el-primer-arribo-de-antagonista-de-harry-merchan-la-obra-del-estudiante-uartes-ahora-va-a-salinas\\\/#respond\"]}]},{\"@type\":[\"WebPage\",\"ItemPage\"],\"@id\":\"https:\\\/\\\/www.uartes.edu.ec\\\/sitio\\\/fr\\\/blog\\\/2024\\\/08\\\/01\\\/la-cceng-fue-en-julio-el-primer-arribo-de-antagonista-de-harry-merchan-la-obra-del-estudiante-uartes-ahora-va-a-salinas\\\/\",\"url\":\"https:\\\/\\\/www.uartes.edu.ec\\\/sitio\\\/fr\\\/blog\\\/2024\\\/08\\\/01\\\/la-cceng-fue-en-julio-el-primer-arribo-de-antagonista-de-harry-merchan-la-obra-del-estudiante-uartes-ahora-va-a-salinas\\\/\",\"name\":\"Universidad de las Artes - La CCENG fue en julio el primer arribo de \u201cAntagonista\u201d de Harry Merch\u00e1n; la obra del estudiante UArtes ahora va a Salinas\",\"isPartOf\":{\"@id\":\"https:\\\/\\\/www.uartes.edu.ec\\\/sitio\\\/fr\\\/#website\"},\"primaryImageOfPage\":{\"@id\":\"https:\\\/\\\/www.uartes.edu.ec\\\/sitio\\\/fr\\\/blog\\\/2024\\\/08\\\/01\\\/la-cceng-fue-en-julio-el-primer-arribo-de-antagonista-de-harry-merchan-la-obra-del-estudiante-uartes-ahora-va-a-salinas\\\/#primaryimage\"},\"image\":{\"@id\":\"https:\\\/\\\/www.uartes.edu.ec\\\/sitio\\\/fr\\\/blog\\\/2024\\\/08\\\/01\\\/la-cceng-fue-en-julio-el-primer-arribo-de-antagonista-de-harry-merchan-la-obra-del-estudiante-uartes-ahora-va-a-salinas\\\/#primaryimage\"},\"thumbnailUrl\":\"https:\\\/\\\/www.uartes.edu.ec\\\/sitio\\\/wp-content\\\/uploads\\\/2024\\\/08\\\/02-muestra-de-Harry-Merchan-CCNG.jpg\",\"datePublished\":\"2024-08-01T23:16:00+00:00\",\"dateModified\":\"2024-08-07T23:10:31+00:00\",\"description\":\"Universidad de las Artes - La CCENG fue en julio el primer arribo de \u201cAntagonista\u201d de Harry Merch\u00e1n; la obra del estudiante UArtes ahora va a Salinas\",\"breadcrumb\":{\"@id\":\"https:\\\/\\\/www.uartes.edu.ec\\\/sitio\\\/fr\\\/blog\\\/2024\\\/08\\\/01\\\/la-cceng-fue-en-julio-el-primer-arribo-de-antagonista-de-harry-merchan-la-obra-del-estudiante-uartes-ahora-va-a-salinas\\\/#breadcrumb\"},\"inLanguage\":\"fr-FR\",\"potentialAction\":[{\"@type\":\"ReadAction\",\"target\":[\"https:\\\/\\\/www.uartes.edu.ec\\\/sitio\\\/fr\\\/blog\\\/2024\\\/08\\\/01\\\/la-cceng-fue-en-julio-el-primer-arribo-de-antagonista-de-harry-merchan-la-obra-del-estudiante-uartes-ahora-va-a-salinas\\\/\"]}]},{\"@type\":\"ImageObject\",\"inLanguage\":\"fr-FR\",\"@id\":\"https:\\\/\\\/www.uartes.edu.ec\\\/sitio\\\/fr\\\/blog\\\/2024\\\/08\\\/01\\\/la-cceng-fue-en-julio-el-primer-arribo-de-antagonista-de-harry-merchan-la-obra-del-estudiante-uartes-ahora-va-a-salinas\\\/#primaryimage\",\"url\":\"https:\\\/\\\/www.uartes.edu.ec\\\/sitio\\\/wp-content\\\/uploads\\\/2024\\\/08\\\/02-muestra-de-Harry-Merchan-CCNG.jpg\",\"contentUrl\":\"https:\\\/\\\/www.uartes.edu.ec\\\/sitio\\\/wp-content\\\/uploads\\\/2024\\\/08\\\/02-muestra-de-Harry-Merchan-CCNG.jpg\",\"width\":2000,\"height\":1333},{\"@type\":\"BreadcrumbList\",\"@id\":\"https:\\\/\\\/www.uartes.edu.ec\\\/sitio\\\/fr\\\/blog\\\/2024\\\/08\\\/01\\\/la-cceng-fue-en-julio-el-primer-arribo-de-antagonista-de-harry-merchan-la-obra-del-estudiante-uartes-ahora-va-a-salinas\\\/#breadcrumb\",\"itemListElement\":[{\"@type\":\"ListItem\",\"position\":1,\"name\":\"Inicio\",\"item\":\"https:\\\/\\\/www.uartes.edu.ec\\\/sitio\\\/\"},{\"@type\":\"ListItem\",\"position\":2,\"name\":\"La CCENG fue en julio el primer arribo de \u201cAntagonista\u201d de Harry Merch\u00e1n; la obra del estudiante UArtes ahora va a Salinas\"}]},{\"@type\":\"WebSite\",\"@id\":\"https:\\\/\\\/www.uartes.edu.ec\\\/sitio\\\/fr\\\/#website\",\"url\":\"https:\\\/\\\/www.uartes.edu.ec\\\/sitio\\\/fr\\\/\",\"name\":\"Universidad de las Artes\",\"description\":\"Sitio oficial de la Universidad Nacional de las Artes del Ecuador\",\"publisher\":{\"@id\":\"https:\\\/\\\/www.uartes.edu.ec\\\/sitio\\\/fr\\\/#organization\"},\"potentialAction\":[{\"@type\":\"SearchAction\",\"target\":{\"@type\":\"EntryPoint\",\"urlTemplate\":\"https:\\\/\\\/www.uartes.edu.ec\\\/sitio\\\/fr\\\/?s={search_term_string}\"},\"query-input\":{\"@type\":\"PropertyValueSpecification\",\"valueRequired\":true,\"valueName\":\"search_term_string\"}}],\"inLanguage\":\"fr-FR\"},{\"@type\":\"Organization\",\"@id\":\"https:\\\/\\\/www.uartes.edu.ec\\\/sitio\\\/fr\\\/#organization\",\"name\":\"Universidad de las Artes\",\"url\":\"https:\\\/\\\/www.uartes.edu.ec\\\/sitio\\\/fr\\\/\",\"logo\":{\"@type\":\"ImageObject\",\"inLanguage\":\"fr-FR\",\"@id\":\"https:\\\/\\\/www.uartes.edu.ec\\\/sitio\\\/fr\\\/#\\\/schema\\\/logo\\\/image\\\/\",\"url\":\"https:\\\/\\\/www.uartes.edu.ec\\\/sitio\\\/wp-content\\\/uploads\\\/2022\\\/07\\\/logo-ua-horizontal.png\",\"contentUrl\":\"https:\\\/\\\/www.uartes.edu.ec\\\/sitio\\\/wp-content\\\/uploads\\\/2022\\\/07\\\/logo-ua-horizontal.png\",\"width\":800,\"height\":276,\"caption\":\"Universidad de las Artes\"},\"image\":{\"@id\":\"https:\\\/\\\/www.uartes.edu.ec\\\/sitio\\\/fr\\\/#\\\/schema\\\/logo\\\/image\\\/\"},\"sameAs\":[\"https:\\\/\\\/www.facebook.com\\\/uartesec\",\"https:\\\/\\\/x.com\\\/uartesec\",\"https:\\\/\\\/www.tiktok.com\\\/@uartesec\"]},{\"@type\":\"Person\",\"@id\":\"https:\\\/\\\/www.uartes.edu.ec\\\/sitio\\\/fr\\\/#\\\/schema\\\/person\\\/efa1b8275797664fd7f13a79ccc0b1f4\",\"name\":\"ccortez\",\"image\":{\"@type\":\"ImageObject\",\"inLanguage\":\"fr-FR\",\"@id\":\"https:\\\/\\\/secure.gravatar.com\\\/avatar\\\/b2a6f664a3ae8e074346ef91775736c5ec479e637ecced6842de9dc98b5da9cd?s=96&d=mm&r=g\",\"url\":\"https:\\\/\\\/secure.gravatar.com\\\/avatar\\\/b2a6f664a3ae8e074346ef91775736c5ec479e637ecced6842de9dc98b5da9cd?s=96&d=mm&r=g\",\"contentUrl\":\"https:\\\/\\\/secure.gravatar.com\\\/avatar\\\/b2a6f664a3ae8e074346ef91775736c5ec479e637ecced6842de9dc98b5da9cd?s=96&d=mm&r=g\",\"caption\":\"ccortez\"},\"url\":\"https:\\\/\\\/www.uartes.edu.ec\\\/sitio\\\/fr\\\/blog\\\/author\\\/ccortez\\\/\"}]}<\/script>\n<!-- \/ Yoast SEO plugin. -->","yoast_head_json":{"title":"Universidad de las Artes - La CCENG fue en julio el primer arribo de \u201cAntagonista\u201d de Harry Merch\u00e1n; la obra del estudiante UArtes ahora va a Salinas","description":"Universidad de las Artes - La CCENG fue en julio el primer arribo de \u201cAntagonista\u201d de Harry Merch\u00e1n; la obra del estudiante UArtes ahora va a Salinas","robots":{"index":"index","follow":"follow","max-snippet":"max-snippet:-1","max-image-preview":"max-image-preview:large","max-video-preview":"max-video-preview:-1"},"canonical":"https:\/\/www.uartes.edu.ec\/sitio\/fr\/blog\/2024\/08\/01\/la-cceng-fue-en-julio-el-primer-arribo-de-antagonista-de-harry-merchan-la-obra-del-estudiante-uartes-ahora-va-a-salinas\/","og_locale":"fr_FR","og_type":"article","og_title":"Universidad de las Artes - La CCENG fue en julio el primer arribo de \u201cAntagonista\u201d de Harry Merch\u00e1n; la obra del estudiante UArtes ahora va a Salinas","og_description":"Universidad de las Artes - La CCENG fue en julio el primer arribo de \u201cAntagonista\u201d de Harry Merch\u00e1n; la obra del estudiante UArtes ahora va a Salinas","og_url":"https:\/\/www.uartes.edu.ec\/sitio\/fr\/blog\/2024\/08\/01\/la-cceng-fue-en-julio-el-primer-arribo-de-antagonista-de-harry-merchan-la-obra-del-estudiante-uartes-ahora-va-a-salinas\/","og_site_name":"Universidad de las Artes","article_publisher":"https:\/\/www.facebook.com\/uartesec","article_published_time":"2024-08-01T23:16:00+00:00","article_modified_time":"2024-08-07T23:10:31+00:00","og_image":[{"width":2000,"height":1333,"url":"https:\/\/www.uartes.edu.ec\/sitio\/wp-content\/uploads\/2024\/08\/02-muestra-de-Harry-Merchan-CCNG.jpg","type":"image\/jpeg"}],"author":"ccortez","twitter_card":"summary_large_image","twitter_creator":"@uartesec","twitter_site":"@uartesec","twitter_misc":{"\u00c9crit par":"ccortez","Dur\u00e9e de lecture estim\u00e9e":"5 minutes"},"schema":{"@context":"https:\/\/schema.org","@graph":[{"@type":"Article","@id":"https:\/\/www.uartes.edu.ec\/sitio\/fr\/blog\/2024\/08\/01\/la-cceng-fue-en-julio-el-primer-arribo-de-antagonista-de-harry-merchan-la-obra-del-estudiante-uartes-ahora-va-a-salinas\/#article","isPartOf":{"@id":"https:\/\/www.uartes.edu.ec\/sitio\/fr\/blog\/2024\/08\/01\/la-cceng-fue-en-julio-el-primer-arribo-de-antagonista-de-harry-merchan-la-obra-del-estudiante-uartes-ahora-va-a-salinas\/"},"author":{"name":"ccortez","@id":"https:\/\/www.uartes.edu.ec\/sitio\/fr\/#\/schema\/person\/efa1b8275797664fd7f13a79ccc0b1f4"},"headline":"La CCENG fue en julio el primer arribo de \u201cAntagonista\u201d de Harry Merch\u00e1n; la obra del estudiante UArtes ahora va a Salinas","datePublished":"2024-08-01T23:16:00+00:00","dateModified":"2024-08-07T23:10:31+00:00","mainEntityOfPage":{"@id":"https:\/\/www.uartes.edu.ec\/sitio\/fr\/blog\/2024\/08\/01\/la-cceng-fue-en-julio-el-primer-arribo-de-antagonista-de-harry-merchan-la-obra-del-estudiante-uartes-ahora-va-a-salinas\/"},"wordCount":778,"commentCount":0,"publisher":{"@id":"https:\/\/www.uartes.edu.ec\/sitio\/fr\/#organization"},"image":{"@id":"https:\/\/www.uartes.edu.ec\/sitio\/fr\/blog\/2024\/08\/01\/la-cceng-fue-en-julio-el-primer-arribo-de-antagonista-de-harry-merchan-la-obra-del-estudiante-uartes-ahora-va-a-salinas\/#primaryimage"},"thumbnailUrl":"https:\/\/www.uartes.edu.ec\/sitio\/wp-content\/uploads\/2024\/08\/02-muestra-de-Harry-Merchan-CCNG.jpg","keywords":["exposici\u00f3n"],"articleSection":["Acad\u00e9mico","Artes","Artes Esc\u00e9nicas","Estudiantes","Investigaci\u00f3n"],"inLanguage":"fr-FR","potentialAction":[{"@type":"CommentAction","name":"Comment","target":["https:\/\/www.uartes.edu.ec\/sitio\/fr\/blog\/2024\/08\/01\/la-cceng-fue-en-julio-el-primer-arribo-de-antagonista-de-harry-merchan-la-obra-del-estudiante-uartes-ahora-va-a-salinas\/#respond"]}]},{"@type":["WebPage","ItemPage"],"@id":"https:\/\/www.uartes.edu.ec\/sitio\/fr\/blog\/2024\/08\/01\/la-cceng-fue-en-julio-el-primer-arribo-de-antagonista-de-harry-merchan-la-obra-del-estudiante-uartes-ahora-va-a-salinas\/","url":"https:\/\/www.uartes.edu.ec\/sitio\/fr\/blog\/2024\/08\/01\/la-cceng-fue-en-julio-el-primer-arribo-de-antagonista-de-harry-merchan-la-obra-del-estudiante-uartes-ahora-va-a-salinas\/","name":"Universidad de las Artes - La CCENG fue en julio el primer arribo de \u201cAntagonista\u201d de Harry Merch\u00e1n; la obra del estudiante UArtes ahora va a Salinas","isPartOf":{"@id":"https:\/\/www.uartes.edu.ec\/sitio\/fr\/#website"},"primaryImageOfPage":{"@id":"https:\/\/www.uartes.edu.ec\/sitio\/fr\/blog\/2024\/08\/01\/la-cceng-fue-en-julio-el-primer-arribo-de-antagonista-de-harry-merchan-la-obra-del-estudiante-uartes-ahora-va-a-salinas\/#primaryimage"},"image":{"@id":"https:\/\/www.uartes.edu.ec\/sitio\/fr\/blog\/2024\/08\/01\/la-cceng-fue-en-julio-el-primer-arribo-de-antagonista-de-harry-merchan-la-obra-del-estudiante-uartes-ahora-va-a-salinas\/#primaryimage"},"thumbnailUrl":"https:\/\/www.uartes.edu.ec\/sitio\/wp-content\/uploads\/2024\/08\/02-muestra-de-Harry-Merchan-CCNG.jpg","datePublished":"2024-08-01T23:16:00+00:00","dateModified":"2024-08-07T23:10:31+00:00","description":"Universidad de las Artes - La CCENG fue en julio el primer arribo de \u201cAntagonista\u201d de Harry Merch\u00e1n; la obra del estudiante UArtes ahora va a Salinas","breadcrumb":{"@id":"https:\/\/www.uartes.edu.ec\/sitio\/fr\/blog\/2024\/08\/01\/la-cceng-fue-en-julio-el-primer-arribo-de-antagonista-de-harry-merchan-la-obra-del-estudiante-uartes-ahora-va-a-salinas\/#breadcrumb"},"inLanguage":"fr-FR","potentialAction":[{"@type":"ReadAction","target":["https:\/\/www.uartes.edu.ec\/sitio\/fr\/blog\/2024\/08\/01\/la-cceng-fue-en-julio-el-primer-arribo-de-antagonista-de-harry-merchan-la-obra-del-estudiante-uartes-ahora-va-a-salinas\/"]}]},{"@type":"ImageObject","inLanguage":"fr-FR","@id":"https:\/\/www.uartes.edu.ec\/sitio\/fr\/blog\/2024\/08\/01\/la-cceng-fue-en-julio-el-primer-arribo-de-antagonista-de-harry-merchan-la-obra-del-estudiante-uartes-ahora-va-a-salinas\/#primaryimage","url":"https:\/\/www.uartes.edu.ec\/sitio\/wp-content\/uploads\/2024\/08\/02-muestra-de-Harry-Merchan-CCNG.jpg","contentUrl":"https:\/\/www.uartes.edu.ec\/sitio\/wp-content\/uploads\/2024\/08\/02-muestra-de-Harry-Merchan-CCNG.jpg","width":2000,"height":1333},{"@type":"BreadcrumbList","@id":"https:\/\/www.uartes.edu.ec\/sitio\/fr\/blog\/2024\/08\/01\/la-cceng-fue-en-julio-el-primer-arribo-de-antagonista-de-harry-merchan-la-obra-del-estudiante-uartes-ahora-va-a-salinas\/#breadcrumb","itemListElement":[{"@type":"ListItem","position":1,"name":"Inicio","item":"https:\/\/www.uartes.edu.ec\/sitio\/"},{"@type":"ListItem","position":2,"name":"La CCENG fue en julio el primer arribo de \u201cAntagonista\u201d de Harry Merch\u00e1n; la obra del estudiante UArtes ahora va a Salinas"}]},{"@type":"WebSite","@id":"https:\/\/www.uartes.edu.ec\/sitio\/fr\/#website","url":"https:\/\/www.uartes.edu.ec\/sitio\/fr\/","name":"Universidad de las Artes","description":"Sitio oficial de la Universidad Nacional de las Artes del Ecuador","publisher":{"@id":"https:\/\/www.uartes.edu.ec\/sitio\/fr\/#organization"},"potentialAction":[{"@type":"SearchAction","target":{"@type":"EntryPoint","urlTemplate":"https:\/\/www.uartes.edu.ec\/sitio\/fr\/?s={search_term_string}"},"query-input":{"@type":"PropertyValueSpecification","valueRequired":true,"valueName":"search_term_string"}}],"inLanguage":"fr-FR"},{"@type":"Organization","@id":"https:\/\/www.uartes.edu.ec\/sitio\/fr\/#organization","name":"Universidad de las Artes","url":"https:\/\/www.uartes.edu.ec\/sitio\/fr\/","logo":{"@type":"ImageObject","inLanguage":"fr-FR","@id":"https:\/\/www.uartes.edu.ec\/sitio\/fr\/#\/schema\/logo\/image\/","url":"https:\/\/www.uartes.edu.ec\/sitio\/wp-content\/uploads\/2022\/07\/logo-ua-horizontal.png","contentUrl":"https:\/\/www.uartes.edu.ec\/sitio\/wp-content\/uploads\/2022\/07\/logo-ua-horizontal.png","width":800,"height":276,"caption":"Universidad de las Artes"},"image":{"@id":"https:\/\/www.uartes.edu.ec\/sitio\/fr\/#\/schema\/logo\/image\/"},"sameAs":["https:\/\/www.facebook.com\/uartesec","https:\/\/x.com\/uartesec","https:\/\/www.tiktok.com\/@uartesec"]},{"@type":"Person","@id":"https:\/\/www.uartes.edu.ec\/sitio\/fr\/#\/schema\/person\/efa1b8275797664fd7f13a79ccc0b1f4","name":"ccortez","image":{"@type":"ImageObject","inLanguage":"fr-FR","@id":"https:\/\/secure.gravatar.com\/avatar\/b2a6f664a3ae8e074346ef91775736c5ec479e637ecced6842de9dc98b5da9cd?s=96&d=mm&r=g","url":"https:\/\/secure.gravatar.com\/avatar\/b2a6f664a3ae8e074346ef91775736c5ec479e637ecced6842de9dc98b5da9cd?s=96&d=mm&r=g","contentUrl":"https:\/\/secure.gravatar.com\/avatar\/b2a6f664a3ae8e074346ef91775736c5ec479e637ecced6842de9dc98b5da9cd?s=96&d=mm&r=g","caption":"ccortez"},"url":"https:\/\/www.uartes.edu.ec\/sitio\/fr\/blog\/author\/ccortez\/"}]}},"uagb_featured_image_src":{"full":["https:\/\/www.uartes.edu.ec\/sitio\/wp-content\/uploads\/2024\/08\/02-muestra-de-Harry-Merchan-CCNG.jpg",2000,1333,false],"thumbnail":["https:\/\/www.uartes.edu.ec\/sitio\/wp-content\/uploads\/2024\/08\/02-muestra-de-Harry-Merchan-CCNG-150x150.jpg",150,150,true],"medium":["https:\/\/www.uartes.edu.ec\/sitio\/wp-content\/uploads\/2024\/08\/02-muestra-de-Harry-Merchan-CCNG-300x200.jpg",300,200,true],"medium_large":["https:\/\/www.uartes.edu.ec\/sitio\/wp-content\/uploads\/2024\/08\/02-muestra-de-Harry-Merchan-CCNG-768x512.jpg",768,512,true],"large":["https:\/\/www.uartes.edu.ec\/sitio\/wp-content\/uploads\/2024\/08\/02-muestra-de-Harry-Merchan-CCNG-644x429.jpg",644,429,true],"1536x1536":["https:\/\/www.uartes.edu.ec\/sitio\/wp-content\/uploads\/2024\/08\/02-muestra-de-Harry-Merchan-CCNG-1536x1024.jpg",1536,1024,true],"2048x2048":["https:\/\/www.uartes.edu.ec\/sitio\/wp-content\/uploads\/2024\/08\/02-muestra-de-Harry-Merchan-CCNG.jpg",2000,1333,false],"trp-custom-language-flag":["https:\/\/www.uartes.edu.ec\/sitio\/wp-content\/uploads\/2024\/08\/02-muestra-de-Harry-Merchan-CCNG-18x12.jpg",18,12,true],"htmega_size_585x295":["https:\/\/www.uartes.edu.ec\/sitio\/wp-content\/uploads\/2024\/08\/02-muestra-de-Harry-Merchan-CCNG-585x295.jpg",585,295,true],"htmega_size_1170x536":["https:\/\/www.uartes.edu.ec\/sitio\/wp-content\/uploads\/2024\/08\/02-muestra-de-Harry-Merchan-CCNG-1170x536.jpg",1170,536,true],"htmega_size_396x360":["https:\/\/www.uartes.edu.ec\/sitio\/wp-content\/uploads\/2024\/08\/02-muestra-de-Harry-Merchan-CCNG-396x360.jpg",396,360,true],"gb-block-post-grid-landscape":["https:\/\/www.uartes.edu.ec\/sitio\/wp-content\/uploads\/2024\/08\/02-muestra-de-Harry-Merchan-CCNG-600x400.jpg",600,400,true],"gb-block-post-grid-square":["https:\/\/www.uartes.edu.ec\/sitio\/wp-content\/uploads\/2024\/08\/02-muestra-de-Harry-Merchan-CCNG-600x600.jpg",600,600,true],"university-hub-thumb":["https:\/\/www.uartes.edu.ec\/sitio\/wp-content\/uploads\/2024\/08\/02-muestra-de-Harry-Merchan-CCNG-400x267.jpg",400,267,true],"mailpoet_newsletter_max":["https:\/\/www.uartes.edu.ec\/sitio\/wp-content\/uploads\/2024\/08\/02-muestra-de-Harry-Merchan-CCNG.jpg",1320,880,false]},"uagb_author_info":{"display_name":"ccortez","author_link":"https:\/\/www.uartes.edu.ec\/sitio\/fr\/blog\/author\/ccortez\/"},"uagb_comment_info":0,"uagb_excerpt":"\u201cAntagonista\u201d es la primera exposici\u00f3n individual de pintura, dibujo e instalaci\u00f3n que el artista Harry Merch\u00e1n, estudiante de la Escuela de Artes Visuales, inaugur\u00f3 el 11 de julio en la Sala Araceli Gilbert de la Casa de la Cultura N\u00facleo del Guayas (CCENG), donde permaneci\u00f3 hasta el 26 de ese mes. Fue el primer arribo\u2026","featured_image_src":"https:\/\/www.uartes.edu.ec\/sitio\/wp-content\/uploads\/2024\/08\/02-muestra-de-Harry-Merchan-CCNG-600x400.jpg","featured_image_src_square":"https:\/\/www.uartes.edu.ec\/sitio\/wp-content\/uploads\/2024\/08\/02-muestra-de-Harry-Merchan-CCNG-600x600.jpg","author_info":{"display_name":"ccortez","author_link":"https:\/\/www.uartes.edu.ec\/sitio\/fr\/blog\/author\/ccortez\/"},"publishpress_future_workflow_manual_trigger":{"enabledWorkflows":[]},"distributor_meta":false,"distributor_terms":false,"distributor_media":false,"distributor_original_site_name":"Universidad de las Artes","distributor_original_site_url":"https:\/\/www.uartes.edu.ec\/sitio\/fr","push-errors":false,"_links":{"self":[{"href":"https:\/\/www.uartes.edu.ec\/sitio\/fr\/wp-json\/wp\/v2\/posts\/60358","targetHints":{"allow":["GET"]}}],"collection":[{"href":"https:\/\/www.uartes.edu.ec\/sitio\/fr\/wp-json\/wp\/v2\/posts"}],"about":[{"href":"https:\/\/www.uartes.edu.ec\/sitio\/fr\/wp-json\/wp\/v2\/types\/post"}],"author":[{"embeddable":true,"href":"https:\/\/www.uartes.edu.ec\/sitio\/fr\/wp-json\/wp\/v2\/users\/10"}],"replies":[{"embeddable":true,"href":"https:\/\/www.uartes.edu.ec\/sitio\/fr\/wp-json\/wp\/v2\/comments?post=60358"}],"version-history":[{"count":6,"href":"https:\/\/www.uartes.edu.ec\/sitio\/fr\/wp-json\/wp\/v2\/posts\/60358\/revisions"}],"predecessor-version":[{"id":60372,"href":"https:\/\/www.uartes.edu.ec\/sitio\/fr\/wp-json\/wp\/v2\/posts\/60358\/revisions\/60372"}],"wp:featuredmedia":[{"embeddable":true,"href":"https:\/\/www.uartes.edu.ec\/sitio\/fr\/wp-json\/wp\/v2\/media\/60359"}],"wp:attachment":[{"href":"https:\/\/www.uartes.edu.ec\/sitio\/fr\/wp-json\/wp\/v2\/media?parent=60358"}],"wp:term":[{"taxonomy":"category","embeddable":true,"href":"https:\/\/www.uartes.edu.ec\/sitio\/fr\/wp-json\/wp\/v2\/categories?post=60358"},{"taxonomy":"post_tag","embeddable":true,"href":"https:\/\/www.uartes.edu.ec\/sitio\/fr\/wp-json\/wp\/v2\/tags?post=60358"},{"taxonomy":"infouartes","embeddable":true,"href":"https:\/\/www.uartes.edu.ec\/sitio\/fr\/wp-json\/wp\/v2\/infouartes?post=60358"}],"curies":[{"name":"wp","href":"https:\/\/api.w.org\/{rel}","templated":true}]}}