{"id":60628,"date":"2024-07-30T17:30:00","date_gmt":"2024-07-30T22:30:00","guid":{"rendered":"https:\/\/www.uartes.edu.ec\/sitio\/?p=60628"},"modified":"2024-08-14T15:10:25","modified_gmt":"2024-08-14T20:10:25","slug":"joao-robayo-con-el-colectivo-malviartes-y-nicole-olvera-con-su-arte-visual-en-sesion-solemne-por-guayaquil","status":"publish","type":"post","link":"https:\/\/www.uartes.edu.ec\/sitio\/fr\/blog\/2024\/07\/30\/joao-robayo-con-el-colectivo-malviartes-y-nicole-olvera-con-su-arte-visual-en-sesion-solemne-por-guayaquil\/","title":{"rendered":"Joao Robayo con el colectivo Malviartes y Nicole Olvera con su propuesta de arte visual, en sesi\u00f3n solemne por Guayaquil"},"content":{"rendered":"<p>El colectivo Malviartes que dirige Joao Robayo, estudiante de la Escuela de Artes Esc\u00e9nicas de la Universidad de las Artes, y que integran ocho j\u00f3venes de la comunidad Las Malvinas (al Sur de la ciudad), intervino con una danza tradicional guayaquile\u00f1a en la sesi\u00f3n solemne que por los 489 a\u00f1os de fundaci\u00f3n de Guayaquil se desarroll\u00f3 en el edificio patrimonial Casona Universitaria Pedro Carbo.<\/p>\n\n\n\n<p>Robayo es uno de los estudiantes que participan en el proyecto de vinculaci\u00f3n con la comunidad \u00c1nima, que dirige el docente Jorge Tigrero, y el colectivo Malviartes es, justamente, uno de los resultados del trabajo en territorio que se impulsa desde la UArtes.<\/p>\n\n\n<div class=\"wp-block-image\">\n<figure class=\"aligncenter size-large\"><img fetchpriority=\"high\" decoding=\"async\" width=\"644\" height=\"429\" src=\"https:\/\/www.uartes.edu.ec\/sitio\/wp-content\/uploads\/2024\/08\/03-JOAO-ROBAYO-MALVIARTES-644x429.jpg\" alt=\"\" class=\"wp-image-60630\" srcset=\"https:\/\/www.uartes.edu.ec\/sitio\/wp-content\/uploads\/2024\/08\/03-JOAO-ROBAYO-MALVIARTES-644x429.jpg 644w, https:\/\/www.uartes.edu.ec\/sitio\/wp-content\/uploads\/2024\/08\/03-JOAO-ROBAYO-MALVIARTES-300x200.jpg 300w, https:\/\/www.uartes.edu.ec\/sitio\/wp-content\/uploads\/2024\/08\/03-JOAO-ROBAYO-MALVIARTES-768x512.jpg 768w, https:\/\/www.uartes.edu.ec\/sitio\/wp-content\/uploads\/2024\/08\/03-JOAO-ROBAYO-MALVIARTES-1536x1024.jpg 1536w, https:\/\/www.uartes.edu.ec\/sitio\/wp-content\/uploads\/2024\/08\/03-JOAO-ROBAYO-MALVIARTES-18x12.jpg 18w, https:\/\/www.uartes.edu.ec\/sitio\/wp-content\/uploads\/2024\/08\/03-JOAO-ROBAYO-MALVIARTES-600x400.jpg 600w, https:\/\/www.uartes.edu.ec\/sitio\/wp-content\/uploads\/2024\/08\/03-JOAO-ROBAYO-MALVIARTES-400x267.jpg 400w, https:\/\/www.uartes.edu.ec\/sitio\/wp-content\/uploads\/2024\/08\/03-JOAO-ROBAYO-MALVIARTES-272x182.jpg 272w, https:\/\/www.uartes.edu.ec\/sitio\/wp-content\/uploads\/2024\/08\/03-JOAO-ROBAYO-MALVIARTES.jpg 2000w\" sizes=\"(max-width: 644px) 100vw, 644px\" \/><\/figure>\n<\/div>\n\n\n<p>La participaci\u00f3n del colectivo Malviartes se dio por invitaci\u00f3n del Consejo de Participaci\u00f3n Ciudadana y Control Social (CPCCS), con el cual nuestra instituci\u00f3n de educaci\u00f3n superior mantiene un convenio de cooperaci\u00f3n y que trabaja de manera conjunta con los directivos del proyecto \u00c1nima.<\/p>\n\n\n\n<p>La sesi\u00f3n conmemorativa se realiz\u00f3 el 24 de julio pasado. Cabe anotar que, para el solemne acto, la estudiante de la Escuela de Artes Visuales, Nicole Olvera, proporcion\u00f3 una obra sobre Guayaquil, la cual fue exhibida en el lugar. Por el Consejo de Participaci\u00f3n Ciudadana y Control Social participaron la abogada Diana Coello Jaramillo, coordinadora provincial de Transparencia y Lucha contra la Corrupci\u00f3n; y Viviana Garc\u00eda, especialista en Procesos en Participaci\u00f3n Ciudadana.<\/p>\n\n\n\n<p>Fotos: Proyecto de vinculaci\u00f3n con la comunidad \u00c1nima.<\/p>","protected":false},"excerpt":{"rendered":"<p>El colectivo Malviartes que dirige Joao Robayo, estudiante de la Escuela de Artes Esc\u00e9nicas de la UArtes, y que integran ocho j\u00f3venes de Las Malvinas (al Sur de la ciudad), intervino con una danza tradicional en la sesi\u00f3n solemne que por los 489 a\u00f1os de fundaci\u00f3n de Guayaquil se desarroll\u00f3 en la Casona Universitaria. En el acto tambi\u00e9n particip\u00f3 con sus obras Nicole Olvera, alumna de Artes Visuales. <\/p>","protected":false},"author":10,"featured_media":60629,"comment_status":"open","ping_status":"open","sticky":false,"template":"","format":"standard","meta":{"_acf_changed":false,"_uag_custom_page_level_css":"","_monsterinsights_skip_tracking":false,"_monsterinsights_sitenote_active":false,"_monsterinsights_sitenote_note":"","_monsterinsights_sitenote_category":0,"cybocfi_hide_featured_image":"","footnotes":""},"categories":[82,159,157,75,76,79],"tags":[533],"infouartes":[],"class_list":["post-60628","post","type-post","status-publish","format-standard","has-post-thumbnail","hentry","category-artes","category-artes-escenicas","category-artes-visuales","category-docentes","category-estudiantes","category-vinculo","tag-presentacion"],"acf":[],"yoast_head":"<!-- This site is optimized with the Yoast SEO plugin v27.4 - https:\/\/yoast.com\/product\/yoast-seo-wordpress\/ -->\n<title>Universidad de las Artes - Joao Robayo con el colectivo Malviartes y Nicole Olvera con su propuesta de arte visual, en sesi\u00f3n solemne por Guayaquil<\/title>\n<meta name=\"description\" content=\"Universidad de las Artes - Joao Robayo con el colectivo Malviartes y Nicole Olvera con su propuesta de arte visual, en sesi\u00f3n solemne por Guayaquil\" \/>\n<meta name=\"robots\" content=\"index, follow, max-snippet:-1, max-image-preview:large, max-video-preview:-1\" \/>\n<link rel=\"canonical\" href=\"https:\/\/www.uartes.edu.ec\/sitio\/fr\/blog\/2024\/07\/30\/joao-robayo-con-el-colectivo-malviartes-y-nicole-olvera-con-su-arte-visual-en-sesion-solemne-por-guayaquil\/\" \/>\n<meta property=\"og:locale\" content=\"fr_FR\" \/>\n<meta property=\"og:type\" content=\"article\" \/>\n<meta property=\"og:title\" content=\"Universidad de las Artes - Joao Robayo con el colectivo Malviartes y Nicole Olvera con su propuesta de arte visual, en sesi\u00f3n solemne por Guayaquil\" \/>\n<meta property=\"og:description\" content=\"Universidad de las Artes - Joao Robayo con el colectivo Malviartes y Nicole Olvera con su propuesta de arte visual, en sesi\u00f3n solemne por Guayaquil\" \/>\n<meta property=\"og:url\" content=\"https:\/\/www.uartes.edu.ec\/sitio\/fr\/blog\/2024\/07\/30\/joao-robayo-con-el-colectivo-malviartes-y-nicole-olvera-con-su-arte-visual-en-sesion-solemne-por-guayaquil\/\" \/>\n<meta property=\"og:site_name\" content=\"Universidad de las Artes\" \/>\n<meta property=\"article:publisher\" content=\"https:\/\/www.facebook.com\/uartesec\" \/>\n<meta property=\"article:published_time\" content=\"2024-07-30T22:30:00+00:00\" \/>\n<meta property=\"article:modified_time\" content=\"2024-08-14T20:10:25+00:00\" \/>\n<meta property=\"og:image\" content=\"https:\/\/www.uartes.edu.ec\/sitio\/wp-content\/uploads\/2024\/08\/04-JOAO-ROBAYO-MALVIARTES.jpg\" \/>\n\t<meta property=\"og:image:width\" content=\"2000\" \/>\n\t<meta property=\"og:image:height\" content=\"1333\" \/>\n\t<meta property=\"og:image:type\" content=\"image\/jpeg\" \/>\n<meta name=\"author\" content=\"ccortez\" \/>\n<meta name=\"twitter:card\" content=\"summary_large_image\" \/>\n<meta name=\"twitter:creator\" content=\"@uartesec\" \/>\n<meta name=\"twitter:site\" content=\"@uartesec\" \/>\n<meta name=\"twitter:label1\" content=\"\u00c9crit par\" \/>\n\t<meta name=\"twitter:data1\" content=\"ccortez\" \/>\n\t<meta name=\"twitter:label2\" content=\"Dur\u00e9e de lecture estim\u00e9e\" \/>\n\t<meta name=\"twitter:data2\" content=\"2 minutes\" \/>\n<script type=\"application\/ld+json\" class=\"yoast-schema-graph\">{\"@context\":\"https:\\\/\\\/schema.org\",\"@graph\":[{\"@type\":\"Article\",\"@id\":\"https:\\\/\\\/www.uartes.edu.ec\\\/sitio\\\/fr\\\/blog\\\/2024\\\/07\\\/30\\\/joao-robayo-con-el-colectivo-malviartes-y-nicole-olvera-con-su-arte-visual-en-sesion-solemne-por-guayaquil\\\/#article\",\"isPartOf\":{\"@id\":\"https:\\\/\\\/www.uartes.edu.ec\\\/sitio\\\/fr\\\/blog\\\/2024\\\/07\\\/30\\\/joao-robayo-con-el-colectivo-malviartes-y-nicole-olvera-con-su-arte-visual-en-sesion-solemne-por-guayaquil\\\/\"},\"author\":{\"name\":\"ccortez\",\"@id\":\"https:\\\/\\\/www.uartes.edu.ec\\\/sitio\\\/fr\\\/#\\\/schema\\\/person\\\/efa1b8275797664fd7f13a79ccc0b1f4\"},\"headline\":\"Joao Robayo con el colectivo Malviartes y Nicole Olvera con su propuesta de arte visual, en sesi\u00f3n solemne por Guayaquil\",\"datePublished\":\"2024-07-30T22:30:00+00:00\",\"dateModified\":\"2024-08-14T20:10:25+00:00\",\"mainEntityOfPage\":{\"@id\":\"https:\\\/\\\/www.uartes.edu.ec\\\/sitio\\\/fr\\\/blog\\\/2024\\\/07\\\/30\\\/joao-robayo-con-el-colectivo-malviartes-y-nicole-olvera-con-su-arte-visual-en-sesion-solemne-por-guayaquil\\\/\"},\"wordCount\":268,\"commentCount\":0,\"publisher\":{\"@id\":\"https:\\\/\\\/www.uartes.edu.ec\\\/sitio\\\/fr\\\/#organization\"},\"image\":{\"@id\":\"https:\\\/\\\/www.uartes.edu.ec\\\/sitio\\\/fr\\\/blog\\\/2024\\\/07\\\/30\\\/joao-robayo-con-el-colectivo-malviartes-y-nicole-olvera-con-su-arte-visual-en-sesion-solemne-por-guayaquil\\\/#primaryimage\"},\"thumbnailUrl\":\"https:\\\/\\\/www.uartes.edu.ec\\\/sitio\\\/wp-content\\\/uploads\\\/2024\\\/08\\\/04-JOAO-ROBAYO-MALVIARTES.jpg\",\"keywords\":[\"presentaci\u00f3n\"],\"articleSection\":[\"Artes\",\"Artes Esc\u00e9nicas\",\"Artes Visuales\",\"Docentes\",\"Estudiantes\",\"V\u00ednculo\"],\"inLanguage\":\"fr-FR\",\"potentialAction\":[{\"@type\":\"CommentAction\",\"name\":\"Comment\",\"target\":[\"https:\\\/\\\/www.uartes.edu.ec\\\/sitio\\\/fr\\\/blog\\\/2024\\\/07\\\/30\\\/joao-robayo-con-el-colectivo-malviartes-y-nicole-olvera-con-su-arte-visual-en-sesion-solemne-por-guayaquil\\\/#respond\"]}]},{\"@type\":[\"WebPage\",\"ItemPage\"],\"@id\":\"https:\\\/\\\/www.uartes.edu.ec\\\/sitio\\\/fr\\\/blog\\\/2024\\\/07\\\/30\\\/joao-robayo-con-el-colectivo-malviartes-y-nicole-olvera-con-su-arte-visual-en-sesion-solemne-por-guayaquil\\\/\",\"url\":\"https:\\\/\\\/www.uartes.edu.ec\\\/sitio\\\/fr\\\/blog\\\/2024\\\/07\\\/30\\\/joao-robayo-con-el-colectivo-malviartes-y-nicole-olvera-con-su-arte-visual-en-sesion-solemne-por-guayaquil\\\/\",\"name\":\"Universidad de las Artes - Joao Robayo con el colectivo Malviartes y Nicole Olvera con su propuesta de arte visual, en sesi\u00f3n solemne por Guayaquil\",\"isPartOf\":{\"@id\":\"https:\\\/\\\/www.uartes.edu.ec\\\/sitio\\\/fr\\\/#website\"},\"primaryImageOfPage\":{\"@id\":\"https:\\\/\\\/www.uartes.edu.ec\\\/sitio\\\/fr\\\/blog\\\/2024\\\/07\\\/30\\\/joao-robayo-con-el-colectivo-malviartes-y-nicole-olvera-con-su-arte-visual-en-sesion-solemne-por-guayaquil\\\/#primaryimage\"},\"image\":{\"@id\":\"https:\\\/\\\/www.uartes.edu.ec\\\/sitio\\\/fr\\\/blog\\\/2024\\\/07\\\/30\\\/joao-robayo-con-el-colectivo-malviartes-y-nicole-olvera-con-su-arte-visual-en-sesion-solemne-por-guayaquil\\\/#primaryimage\"},\"thumbnailUrl\":\"https:\\\/\\\/www.uartes.edu.ec\\\/sitio\\\/wp-content\\\/uploads\\\/2024\\\/08\\\/04-JOAO-ROBAYO-MALVIARTES.jpg\",\"datePublished\":\"2024-07-30T22:30:00+00:00\",\"dateModified\":\"2024-08-14T20:10:25+00:00\",\"description\":\"Universidad de las Artes - Joao Robayo con el colectivo Malviartes y Nicole Olvera con su propuesta de arte visual, en sesi\u00f3n solemne por Guayaquil\",\"breadcrumb\":{\"@id\":\"https:\\\/\\\/www.uartes.edu.ec\\\/sitio\\\/fr\\\/blog\\\/2024\\\/07\\\/30\\\/joao-robayo-con-el-colectivo-malviartes-y-nicole-olvera-con-su-arte-visual-en-sesion-solemne-por-guayaquil\\\/#breadcrumb\"},\"inLanguage\":\"fr-FR\",\"potentialAction\":[{\"@type\":\"ReadAction\",\"target\":[\"https:\\\/\\\/www.uartes.edu.ec\\\/sitio\\\/fr\\\/blog\\\/2024\\\/07\\\/30\\\/joao-robayo-con-el-colectivo-malviartes-y-nicole-olvera-con-su-arte-visual-en-sesion-solemne-por-guayaquil\\\/\"]}]},{\"@type\":\"ImageObject\",\"inLanguage\":\"fr-FR\",\"@id\":\"https:\\\/\\\/www.uartes.edu.ec\\\/sitio\\\/fr\\\/blog\\\/2024\\\/07\\\/30\\\/joao-robayo-con-el-colectivo-malviartes-y-nicole-olvera-con-su-arte-visual-en-sesion-solemne-por-guayaquil\\\/#primaryimage\",\"url\":\"https:\\\/\\\/www.uartes.edu.ec\\\/sitio\\\/wp-content\\\/uploads\\\/2024\\\/08\\\/04-JOAO-ROBAYO-MALVIARTES.jpg\",\"contentUrl\":\"https:\\\/\\\/www.uartes.edu.ec\\\/sitio\\\/wp-content\\\/uploads\\\/2024\\\/08\\\/04-JOAO-ROBAYO-MALVIARTES.jpg\",\"width\":2000,\"height\":1333},{\"@type\":\"BreadcrumbList\",\"@id\":\"https:\\\/\\\/www.uartes.edu.ec\\\/sitio\\\/fr\\\/blog\\\/2024\\\/07\\\/30\\\/joao-robayo-con-el-colectivo-malviartes-y-nicole-olvera-con-su-arte-visual-en-sesion-solemne-por-guayaquil\\\/#breadcrumb\",\"itemListElement\":[{\"@type\":\"ListItem\",\"position\":1,\"name\":\"Inicio\",\"item\":\"https:\\\/\\\/www.uartes.edu.ec\\\/sitio\\\/\"},{\"@type\":\"ListItem\",\"position\":2,\"name\":\"Joao Robayo con el colectivo Malviartes y Nicole Olvera con su propuesta de arte visual, en sesi\u00f3n solemne por Guayaquil\"}]},{\"@type\":\"WebSite\",\"@id\":\"https:\\\/\\\/www.uartes.edu.ec\\\/sitio\\\/fr\\\/#website\",\"url\":\"https:\\\/\\\/www.uartes.edu.ec\\\/sitio\\\/fr\\\/\",\"name\":\"Universidad de las Artes\",\"description\":\"Sitio oficial de la Universidad Nacional de las Artes del Ecuador\",\"publisher\":{\"@id\":\"https:\\\/\\\/www.uartes.edu.ec\\\/sitio\\\/fr\\\/#organization\"},\"potentialAction\":[{\"@type\":\"SearchAction\",\"target\":{\"@type\":\"EntryPoint\",\"urlTemplate\":\"https:\\\/\\\/www.uartes.edu.ec\\\/sitio\\\/fr\\\/?s={search_term_string}\"},\"query-input\":{\"@type\":\"PropertyValueSpecification\",\"valueRequired\":true,\"valueName\":\"search_term_string\"}}],\"inLanguage\":\"fr-FR\"},{\"@type\":\"Organization\",\"@id\":\"https:\\\/\\\/www.uartes.edu.ec\\\/sitio\\\/fr\\\/#organization\",\"name\":\"Universidad de las Artes\",\"url\":\"https:\\\/\\\/www.uartes.edu.ec\\\/sitio\\\/fr\\\/\",\"logo\":{\"@type\":\"ImageObject\",\"inLanguage\":\"fr-FR\",\"@id\":\"https:\\\/\\\/www.uartes.edu.ec\\\/sitio\\\/fr\\\/#\\\/schema\\\/logo\\\/image\\\/\",\"url\":\"https:\\\/\\\/www.uartes.edu.ec\\\/sitio\\\/wp-content\\\/uploads\\\/2022\\\/07\\\/logo-ua-horizontal.png\",\"contentUrl\":\"https:\\\/\\\/www.uartes.edu.ec\\\/sitio\\\/wp-content\\\/uploads\\\/2022\\\/07\\\/logo-ua-horizontal.png\",\"width\":800,\"height\":276,\"caption\":\"Universidad de las Artes\"},\"image\":{\"@id\":\"https:\\\/\\\/www.uartes.edu.ec\\\/sitio\\\/fr\\\/#\\\/schema\\\/logo\\\/image\\\/\"},\"sameAs\":[\"https:\\\/\\\/www.facebook.com\\\/uartesec\",\"https:\\\/\\\/x.com\\\/uartesec\",\"https:\\\/\\\/www.tiktok.com\\\/@uartesec\"]},{\"@type\":\"Person\",\"@id\":\"https:\\\/\\\/www.uartes.edu.ec\\\/sitio\\\/fr\\\/#\\\/schema\\\/person\\\/efa1b8275797664fd7f13a79ccc0b1f4\",\"name\":\"ccortez\",\"image\":{\"@type\":\"ImageObject\",\"inLanguage\":\"fr-FR\",\"@id\":\"https:\\\/\\\/secure.gravatar.com\\\/avatar\\\/b2a6f664a3ae8e074346ef91775736c5ec479e637ecced6842de9dc98b5da9cd?s=96&d=mm&r=g\",\"url\":\"https:\\\/\\\/secure.gravatar.com\\\/avatar\\\/b2a6f664a3ae8e074346ef91775736c5ec479e637ecced6842de9dc98b5da9cd?s=96&d=mm&r=g\",\"contentUrl\":\"https:\\\/\\\/secure.gravatar.com\\\/avatar\\\/b2a6f664a3ae8e074346ef91775736c5ec479e637ecced6842de9dc98b5da9cd?s=96&d=mm&r=g\",\"caption\":\"ccortez\"},\"url\":\"https:\\\/\\\/www.uartes.edu.ec\\\/sitio\\\/fr\\\/blog\\\/author\\\/ccortez\\\/\"}]}<\/script>\n<!-- \/ Yoast SEO plugin. -->","yoast_head_json":{"title":"Universidad de las Artes - Joao Robayo con el colectivo Malviartes y Nicole Olvera con su propuesta de arte visual, en sesi\u00f3n solemne por Guayaquil","description":"Universidad de las Artes - Joao Robayo con el colectivo Malviartes y Nicole Olvera con su propuesta de arte visual, en sesi\u00f3n solemne por Guayaquil","robots":{"index":"index","follow":"follow","max-snippet":"max-snippet:-1","max-image-preview":"max-image-preview:large","max-video-preview":"max-video-preview:-1"},"canonical":"https:\/\/www.uartes.edu.ec\/sitio\/fr\/blog\/2024\/07\/30\/joao-robayo-con-el-colectivo-malviartes-y-nicole-olvera-con-su-arte-visual-en-sesion-solemne-por-guayaquil\/","og_locale":"fr_FR","og_type":"article","og_title":"Universidad de las Artes - Joao Robayo con el colectivo Malviartes y Nicole Olvera con su propuesta de arte visual, en sesi\u00f3n solemne por Guayaquil","og_description":"Universidad de las Artes - Joao Robayo con el colectivo Malviartes y Nicole Olvera con su propuesta de arte visual, en sesi\u00f3n solemne por Guayaquil","og_url":"https:\/\/www.uartes.edu.ec\/sitio\/fr\/blog\/2024\/07\/30\/joao-robayo-con-el-colectivo-malviartes-y-nicole-olvera-con-su-arte-visual-en-sesion-solemne-por-guayaquil\/","og_site_name":"Universidad de las Artes","article_publisher":"https:\/\/www.facebook.com\/uartesec","article_published_time":"2024-07-30T22:30:00+00:00","article_modified_time":"2024-08-14T20:10:25+00:00","og_image":[{"width":2000,"height":1333,"url":"https:\/\/www.uartes.edu.ec\/sitio\/wp-content\/uploads\/2024\/08\/04-JOAO-ROBAYO-MALVIARTES.jpg","type":"image\/jpeg"}],"author":"ccortez","twitter_card":"summary_large_image","twitter_creator":"@uartesec","twitter_site":"@uartesec","twitter_misc":{"\u00c9crit par":"ccortez","Dur\u00e9e de lecture estim\u00e9e":"2 minutes"},"schema":{"@context":"https:\/\/schema.org","@graph":[{"@type":"Article","@id":"https:\/\/www.uartes.edu.ec\/sitio\/fr\/blog\/2024\/07\/30\/joao-robayo-con-el-colectivo-malviartes-y-nicole-olvera-con-su-arte-visual-en-sesion-solemne-por-guayaquil\/#article","isPartOf":{"@id":"https:\/\/www.uartes.edu.ec\/sitio\/fr\/blog\/2024\/07\/30\/joao-robayo-con-el-colectivo-malviartes-y-nicole-olvera-con-su-arte-visual-en-sesion-solemne-por-guayaquil\/"},"author":{"name":"ccortez","@id":"https:\/\/www.uartes.edu.ec\/sitio\/fr\/#\/schema\/person\/efa1b8275797664fd7f13a79ccc0b1f4"},"headline":"Joao Robayo con el colectivo Malviartes y Nicole Olvera con su propuesta de arte visual, en sesi\u00f3n solemne por Guayaquil","datePublished":"2024-07-30T22:30:00+00:00","dateModified":"2024-08-14T20:10:25+00:00","mainEntityOfPage":{"@id":"https:\/\/www.uartes.edu.ec\/sitio\/fr\/blog\/2024\/07\/30\/joao-robayo-con-el-colectivo-malviartes-y-nicole-olvera-con-su-arte-visual-en-sesion-solemne-por-guayaquil\/"},"wordCount":268,"commentCount":0,"publisher":{"@id":"https:\/\/www.uartes.edu.ec\/sitio\/fr\/#organization"},"image":{"@id":"https:\/\/www.uartes.edu.ec\/sitio\/fr\/blog\/2024\/07\/30\/joao-robayo-con-el-colectivo-malviartes-y-nicole-olvera-con-su-arte-visual-en-sesion-solemne-por-guayaquil\/#primaryimage"},"thumbnailUrl":"https:\/\/www.uartes.edu.ec\/sitio\/wp-content\/uploads\/2024\/08\/04-JOAO-ROBAYO-MALVIARTES.jpg","keywords":["presentaci\u00f3n"],"articleSection":["Artes","Artes Esc\u00e9nicas","Artes Visuales","Docentes","Estudiantes","V\u00ednculo"],"inLanguage":"fr-FR","potentialAction":[{"@type":"CommentAction","name":"Comment","target":["https:\/\/www.uartes.edu.ec\/sitio\/fr\/blog\/2024\/07\/30\/joao-robayo-con-el-colectivo-malviartes-y-nicole-olvera-con-su-arte-visual-en-sesion-solemne-por-guayaquil\/#respond"]}]},{"@type":["WebPage","ItemPage"],"@id":"https:\/\/www.uartes.edu.ec\/sitio\/fr\/blog\/2024\/07\/30\/joao-robayo-con-el-colectivo-malviartes-y-nicole-olvera-con-su-arte-visual-en-sesion-solemne-por-guayaquil\/","url":"https:\/\/www.uartes.edu.ec\/sitio\/fr\/blog\/2024\/07\/30\/joao-robayo-con-el-colectivo-malviartes-y-nicole-olvera-con-su-arte-visual-en-sesion-solemne-por-guayaquil\/","name":"Universidad de las Artes - Joao Robayo con el colectivo Malviartes y Nicole Olvera con su propuesta de arte visual, en sesi\u00f3n solemne por Guayaquil","isPartOf":{"@id":"https:\/\/www.uartes.edu.ec\/sitio\/fr\/#website"},"primaryImageOfPage":{"@id":"https:\/\/www.uartes.edu.ec\/sitio\/fr\/blog\/2024\/07\/30\/joao-robayo-con-el-colectivo-malviartes-y-nicole-olvera-con-su-arte-visual-en-sesion-solemne-por-guayaquil\/#primaryimage"},"image":{"@id":"https:\/\/www.uartes.edu.ec\/sitio\/fr\/blog\/2024\/07\/30\/joao-robayo-con-el-colectivo-malviartes-y-nicole-olvera-con-su-arte-visual-en-sesion-solemne-por-guayaquil\/#primaryimage"},"thumbnailUrl":"https:\/\/www.uartes.edu.ec\/sitio\/wp-content\/uploads\/2024\/08\/04-JOAO-ROBAYO-MALVIARTES.jpg","datePublished":"2024-07-30T22:30:00+00:00","dateModified":"2024-08-14T20:10:25+00:00","description":"Universidad de las Artes - Joao Robayo con el colectivo Malviartes y Nicole Olvera con su propuesta de arte visual, en sesi\u00f3n solemne por Guayaquil","breadcrumb":{"@id":"https:\/\/www.uartes.edu.ec\/sitio\/fr\/blog\/2024\/07\/30\/joao-robayo-con-el-colectivo-malviartes-y-nicole-olvera-con-su-arte-visual-en-sesion-solemne-por-guayaquil\/#breadcrumb"},"inLanguage":"fr-FR","potentialAction":[{"@type":"ReadAction","target":["https:\/\/www.uartes.edu.ec\/sitio\/fr\/blog\/2024\/07\/30\/joao-robayo-con-el-colectivo-malviartes-y-nicole-olvera-con-su-arte-visual-en-sesion-solemne-por-guayaquil\/"]}]},{"@type":"ImageObject","inLanguage":"fr-FR","@id":"https:\/\/www.uartes.edu.ec\/sitio\/fr\/blog\/2024\/07\/30\/joao-robayo-con-el-colectivo-malviartes-y-nicole-olvera-con-su-arte-visual-en-sesion-solemne-por-guayaquil\/#primaryimage","url":"https:\/\/www.uartes.edu.ec\/sitio\/wp-content\/uploads\/2024\/08\/04-JOAO-ROBAYO-MALVIARTES.jpg","contentUrl":"https:\/\/www.uartes.edu.ec\/sitio\/wp-content\/uploads\/2024\/08\/04-JOAO-ROBAYO-MALVIARTES.jpg","width":2000,"height":1333},{"@type":"BreadcrumbList","@id":"https:\/\/www.uartes.edu.ec\/sitio\/fr\/blog\/2024\/07\/30\/joao-robayo-con-el-colectivo-malviartes-y-nicole-olvera-con-su-arte-visual-en-sesion-solemne-por-guayaquil\/#breadcrumb","itemListElement":[{"@type":"ListItem","position":1,"name":"Inicio","item":"https:\/\/www.uartes.edu.ec\/sitio\/"},{"@type":"ListItem","position":2,"name":"Joao Robayo con el colectivo Malviartes y Nicole Olvera con su propuesta de arte visual, en sesi\u00f3n solemne por Guayaquil"}]},{"@type":"WebSite","@id":"https:\/\/www.uartes.edu.ec\/sitio\/fr\/#website","url":"https:\/\/www.uartes.edu.ec\/sitio\/fr\/","name":"Universidad de las Artes","description":"Sitio oficial de la Universidad Nacional de las Artes del Ecuador","publisher":{"@id":"https:\/\/www.uartes.edu.ec\/sitio\/fr\/#organization"},"potentialAction":[{"@type":"SearchAction","target":{"@type":"EntryPoint","urlTemplate":"https:\/\/www.uartes.edu.ec\/sitio\/fr\/?s={search_term_string}"},"query-input":{"@type":"PropertyValueSpecification","valueRequired":true,"valueName":"search_term_string"}}],"inLanguage":"fr-FR"},{"@type":"Organization","@id":"https:\/\/www.uartes.edu.ec\/sitio\/fr\/#organization","name":"Universidad de las Artes","url":"https:\/\/www.uartes.edu.ec\/sitio\/fr\/","logo":{"@type":"ImageObject","inLanguage":"fr-FR","@id":"https:\/\/www.uartes.edu.ec\/sitio\/fr\/#\/schema\/logo\/image\/","url":"https:\/\/www.uartes.edu.ec\/sitio\/wp-content\/uploads\/2022\/07\/logo-ua-horizontal.png","contentUrl":"https:\/\/www.uartes.edu.ec\/sitio\/wp-content\/uploads\/2022\/07\/logo-ua-horizontal.png","width":800,"height":276,"caption":"Universidad de las Artes"},"image":{"@id":"https:\/\/www.uartes.edu.ec\/sitio\/fr\/#\/schema\/logo\/image\/"},"sameAs":["https:\/\/www.facebook.com\/uartesec","https:\/\/x.com\/uartesec","https:\/\/www.tiktok.com\/@uartesec"]},{"@type":"Person","@id":"https:\/\/www.uartes.edu.ec\/sitio\/fr\/#\/schema\/person\/efa1b8275797664fd7f13a79ccc0b1f4","name":"ccortez","image":{"@type":"ImageObject","inLanguage":"fr-FR","@id":"https:\/\/secure.gravatar.com\/avatar\/b2a6f664a3ae8e074346ef91775736c5ec479e637ecced6842de9dc98b5da9cd?s=96&d=mm&r=g","url":"https:\/\/secure.gravatar.com\/avatar\/b2a6f664a3ae8e074346ef91775736c5ec479e637ecced6842de9dc98b5da9cd?s=96&d=mm&r=g","contentUrl":"https:\/\/secure.gravatar.com\/avatar\/b2a6f664a3ae8e074346ef91775736c5ec479e637ecced6842de9dc98b5da9cd?s=96&d=mm&r=g","caption":"ccortez"},"url":"https:\/\/www.uartes.edu.ec\/sitio\/fr\/blog\/author\/ccortez\/"}]}},"uagb_featured_image_src":{"full":["https:\/\/www.uartes.edu.ec\/sitio\/wp-content\/uploads\/2024\/08\/04-JOAO-ROBAYO-MALVIARTES.jpg",2000,1333,false],"thumbnail":["https:\/\/www.uartes.edu.ec\/sitio\/wp-content\/uploads\/2024\/08\/04-JOAO-ROBAYO-MALVIARTES-150x150.jpg",150,150,true],"medium":["https:\/\/www.uartes.edu.ec\/sitio\/wp-content\/uploads\/2024\/08\/04-JOAO-ROBAYO-MALVIARTES-300x200.jpg",300,200,true],"medium_large":["https:\/\/www.uartes.edu.ec\/sitio\/wp-content\/uploads\/2024\/08\/04-JOAO-ROBAYO-MALVIARTES-768x512.jpg",768,512,true],"large":["https:\/\/www.uartes.edu.ec\/sitio\/wp-content\/uploads\/2024\/08\/04-JOAO-ROBAYO-MALVIARTES-644x429.jpg",644,429,true],"1536x1536":["https:\/\/www.uartes.edu.ec\/sitio\/wp-content\/uploads\/2024\/08\/04-JOAO-ROBAYO-MALVIARTES-1536x1024.jpg",1536,1024,true],"2048x2048":["https:\/\/www.uartes.edu.ec\/sitio\/wp-content\/uploads\/2024\/08\/04-JOAO-ROBAYO-MALVIARTES.jpg",2000,1333,false],"trp-custom-language-flag":["https:\/\/www.uartes.edu.ec\/sitio\/wp-content\/uploads\/2024\/08\/04-JOAO-ROBAYO-MALVIARTES-18x12.jpg",18,12,true],"htmega_size_585x295":["https:\/\/www.uartes.edu.ec\/sitio\/wp-content\/uploads\/2024\/08\/04-JOAO-ROBAYO-MALVIARTES-585x295.jpg",585,295,true],"htmega_size_1170x536":["https:\/\/www.uartes.edu.ec\/sitio\/wp-content\/uploads\/2024\/08\/04-JOAO-ROBAYO-MALVIARTES-1170x536.jpg",1170,536,true],"htmega_size_396x360":["https:\/\/www.uartes.edu.ec\/sitio\/wp-content\/uploads\/2024\/08\/04-JOAO-ROBAYO-MALVIARTES-396x360.jpg",396,360,true],"gb-block-post-grid-landscape":["https:\/\/www.uartes.edu.ec\/sitio\/wp-content\/uploads\/2024\/08\/04-JOAO-ROBAYO-MALVIARTES-600x400.jpg",600,400,true],"gb-block-post-grid-square":["https:\/\/www.uartes.edu.ec\/sitio\/wp-content\/uploads\/2024\/08\/04-JOAO-ROBAYO-MALVIARTES-600x600.jpg",600,600,true],"university-hub-thumb":["https:\/\/www.uartes.edu.ec\/sitio\/wp-content\/uploads\/2024\/08\/04-JOAO-ROBAYO-MALVIARTES-400x267.jpg",400,267,true]},"uagb_author_info":{"display_name":"ccortez","author_link":"https:\/\/www.uartes.edu.ec\/sitio\/fr\/blog\/author\/ccortez\/"},"uagb_comment_info":0,"uagb_excerpt":"El colectivo Malviartes que dirige Joao Robayo, estudiante de la Escuela de Artes Esc\u00e9nicas de la UArtes, y que integran ocho j\u00f3venes de Las Malvinas (al Sur de la ciudad), intervino con una danza tradicional en la sesi\u00f3n solemne que por los 489 a\u00f1os de fundaci\u00f3n de Guayaquil se desarroll\u00f3 en la Casona Universitaria. En\u2026","featured_image_src":"https:\/\/www.uartes.edu.ec\/sitio\/wp-content\/uploads\/2024\/08\/04-JOAO-ROBAYO-MALVIARTES-600x400.jpg","featured_image_src_square":"https:\/\/www.uartes.edu.ec\/sitio\/wp-content\/uploads\/2024\/08\/04-JOAO-ROBAYO-MALVIARTES-600x600.jpg","author_info":{"display_name":"ccortez","author_link":"https:\/\/www.uartes.edu.ec\/sitio\/fr\/blog\/author\/ccortez\/"},"publishpress_future_workflow_manual_trigger":{"enabledWorkflows":[]},"distributor_meta":false,"distributor_terms":false,"distributor_media":false,"distributor_original_site_name":"Universidad de las Artes","distributor_original_site_url":"https:\/\/www.uartes.edu.ec\/sitio\/fr","push-errors":false,"_links":{"self":[{"href":"https:\/\/www.uartes.edu.ec\/sitio\/fr\/wp-json\/wp\/v2\/posts\/60628","targetHints":{"allow":["GET"]}}],"collection":[{"href":"https:\/\/www.uartes.edu.ec\/sitio\/fr\/wp-json\/wp\/v2\/posts"}],"about":[{"href":"https:\/\/www.uartes.edu.ec\/sitio\/fr\/wp-json\/wp\/v2\/types\/post"}],"author":[{"embeddable":true,"href":"https:\/\/www.uartes.edu.ec\/sitio\/fr\/wp-json\/wp\/v2\/users\/10"}],"replies":[{"embeddable":true,"href":"https:\/\/www.uartes.edu.ec\/sitio\/fr\/wp-json\/wp\/v2\/comments?post=60628"}],"version-history":[{"count":10,"href":"https:\/\/www.uartes.edu.ec\/sitio\/fr\/wp-json\/wp\/v2\/posts\/60628\/revisions"}],"predecessor-version":[{"id":60653,"href":"https:\/\/www.uartes.edu.ec\/sitio\/fr\/wp-json\/wp\/v2\/posts\/60628\/revisions\/60653"}],"wp:featuredmedia":[{"embeddable":true,"href":"https:\/\/www.uartes.edu.ec\/sitio\/fr\/wp-json\/wp\/v2\/media\/60629"}],"wp:attachment":[{"href":"https:\/\/www.uartes.edu.ec\/sitio\/fr\/wp-json\/wp\/v2\/media?parent=60628"}],"wp:term":[{"taxonomy":"category","embeddable":true,"href":"https:\/\/www.uartes.edu.ec\/sitio\/fr\/wp-json\/wp\/v2\/categories?post=60628"},{"taxonomy":"post_tag","embeddable":true,"href":"https:\/\/www.uartes.edu.ec\/sitio\/fr\/wp-json\/wp\/v2\/tags?post=60628"},{"taxonomy":"infouartes","embeddable":true,"href":"https:\/\/www.uartes.edu.ec\/sitio\/fr\/wp-json\/wp\/v2\/infouartes?post=60628"}],"curies":[{"name":"wp","href":"https:\/\/api.w.org\/{rel}","templated":true}]}}