{"id":61058,"date":"2024-08-27T15:27:00","date_gmt":"2024-08-27T20:27:00","guid":{"rendered":"https:\/\/www.uartes.edu.ec\/sitio\/?p=61058"},"modified":"2024-09-01T18:11:28","modified_gmt":"2024-09-01T23:11:28","slug":"cursos-del-programa-fortalecimiento-a-las-admisiones","status":"publish","type":"post","link":"https:\/\/www.uartes.edu.ec\/sitio\/fr\/blog\/2024\/08\/27\/cursos-del-programa-fortalecimiento-a-las-admisiones\/","title":{"rendered":"Cursos abiertos a la comunidad para el fortalecimiento a las admisiones"},"content":{"rendered":"<p>La Universidad de las Artes dio inicio este lunes 26 de agosto a&nbsp;los cursos abiertos a la comunidad del programa Fortalecimiento a las Admisiones, que tienen seis semanas de duraci\u00f3n y se desarrollan antes del proceso de Nivelaci\u00f3n. El objetivo es direccionar a los estudiantes con respecto a la carrera que cursar\u00e1n en la UArtes.<\/p>\n\n\n\n<p>Los cursos en desarrollo son de Artes Visuales, Artes Musicales y Sonoras, Producci\u00f3n Musical, Creaci\u00f3n Teatral, Danza, Literatura y Cine, y los llamados complementarios: \u201cOfim\u00e1tica 1\u201d, \u201cRumbo a la admisi\u00f3n: preparaci\u00f3n para la postulaci\u00f3n y entrevista\u201d, \u201cPreparaci\u00f3n para la postulaci\u00f3n y entrevista\u201d, \u201cT\u00e9cnicas de estudio y lectura comprensiva\u201d y \u201cDespertando la creatividad\u201d. Se dictan en todos los edificios UArtes, como en los pabellones del Pasaje Illingworth, T\u00e1bara, MZ14 Centro de Producci\u00f3n e Innovaci\u00f3n y El Tel\u00e9grafo.<\/p>\n\n\n\n<p>Sus tem\u00e1ticas son determinadas por Nivelaci\u00f3n y propuestas a la Direcci\u00f3n de Acompa\u00f1amiento al \u00c9xito Acad\u00e9mico, que a su vez las lleva ante el \u00d3rgano Colegiado Superior (OCS) para su aprobaci\u00f3n, indica Gilda S\u00e1nchez, de la Direcci\u00f3n de Formaci\u00f3n Continua.<\/p>\n\n\n\n<p>Anota tambi\u00e9n que, para la presente edici\u00f3n, se plantearon cursos presenciales y virtuales. Ocho corresponden a ese rubro, pensados para quienes est\u00e9n o habiten fuera de la ciudad. Esto porque la UArtes est\u00e1 situada en Guayaquil, pero su alcance es nacional, de all\u00ed que tenga alumnos que vienen a estudiar de otras ciudades y provincias.<\/p>\n\n\n<div class=\"wp-block-image\">\n<figure class=\"aligncenter size-large\"><img fetchpriority=\"high\" decoding=\"async\" width=\"644\" height=\"429\" src=\"https:\/\/www.uartes.edu.ec\/sitio\/wp-content\/uploads\/2024\/09\/03-FORTALECIMIENTO-NIVELACION-644x429.jpg\" alt=\"\" class=\"wp-image-61060\" srcset=\"https:\/\/www.uartes.edu.ec\/sitio\/wp-content\/uploads\/2024\/09\/03-FORTALECIMIENTO-NIVELACION-644x429.jpg 644w, https:\/\/www.uartes.edu.ec\/sitio\/wp-content\/uploads\/2024\/09\/03-FORTALECIMIENTO-NIVELACION-300x200.jpg 300w, https:\/\/www.uartes.edu.ec\/sitio\/wp-content\/uploads\/2024\/09\/03-FORTALECIMIENTO-NIVELACION-768x512.jpg 768w, https:\/\/www.uartes.edu.ec\/sitio\/wp-content\/uploads\/2024\/09\/03-FORTALECIMIENTO-NIVELACION-1536x1024.jpg 1536w, https:\/\/www.uartes.edu.ec\/sitio\/wp-content\/uploads\/2024\/09\/03-FORTALECIMIENTO-NIVELACION-18x12.jpg 18w, https:\/\/www.uartes.edu.ec\/sitio\/wp-content\/uploads\/2024\/09\/03-FORTALECIMIENTO-NIVELACION-600x400.jpg 600w, https:\/\/www.uartes.edu.ec\/sitio\/wp-content\/uploads\/2024\/09\/03-FORTALECIMIENTO-NIVELACION-400x267.jpg 400w, https:\/\/www.uartes.edu.ec\/sitio\/wp-content\/uploads\/2024\/09\/03-FORTALECIMIENTO-NIVELACION-272x182.jpg 272w, https:\/\/www.uartes.edu.ec\/sitio\/wp-content\/uploads\/2024\/09\/03-FORTALECIMIENTO-NIVELACION.jpg 2000w\" sizes=\"(max-width: 644px) 100vw, 644px\" \/><\/figure>\n<\/div>\n\n\n<p>S\u00e1nchez agrega que esta propuesta formativa nace justamente desde el Departamento de Nivelaci\u00f3n y son sus mismos docentes quienes imparten los cursos. \u201cSurgen en base a c\u00f3mo se hacen los procesos de admisi\u00f3n, responden a sus lineamientos y a c\u00f3mo preparar al estudiantado para que puedan aprobar el examen y todos los pasos para ello\u201d.<\/p>\n\n\n\n<p>Se toman en cuenta las fortalezas que el estudiante debe tener para llegar a la nivelaci\u00f3n, considerando que muchos pasan por el proceso de admisi\u00f3n, pero llegan a\u00fan con muchos vac\u00edos, lo cual hace que se ralentice el trabajo de nivelaci\u00f3n como tal. \u201cEl programa intenta fortalecer el proceso de admisi\u00f3n y a los estudiantes que siendo admitidos tengan a\u00fan que reforzar ciertas competencias que permitan su desarrollo dentro de la universidad\u201d.<\/p>\n\n\n\n<p>Hacer el registro y el proceso de admisi\u00f3n puede direccionar al estudiante al curso de fortalecimiento, que no es un requisito, es una ayuda para quienes tengan el inter\u00e9s de cursar una carrera en la UArtes, pero no conocimiento. Tampoco es obligatorio pasar los cursos, ni se toma examen, no hay una evaluaci\u00f3n. Son cursos de asistencia que tienen su rigurosidad, mas sirven para la exploraci\u00f3n acad\u00e9mica\u201d.<\/p>\n\n\n\n<p>Estos cursos abiertos del programa de Fortalecimiento a las Admisiones se dan en dos periodos. Entre marzo y abril y entre septiembre y octubre \u2013periodo al que corresponden los actuales\u2013, son abiertos a la comunidad, especialmente dirigidos a los estudiantes de tercero de bachillerato o al alumnado del r\u00e9gimen Sierra que no alcanz\u00f3 a hacer la Nivelaci\u00f3n o a quienes hicieron ese proceso, pero no fueron admitidos porque en el examen de postulaci\u00f3n tuvieron una nota baja que no les permiti\u00f3 ingresar a la UArtes.<\/p>\n\n\n<div class=\"wp-block-image\">\n<figure class=\"aligncenter size-large\"><img decoding=\"async\" width=\"644\" height=\"429\" src=\"https:\/\/www.uartes.edu.ec\/sitio\/wp-content\/uploads\/2024\/08\/02-FORTALECIMIENTO-NIVELACION-644x429.jpg\" alt=\"\" class=\"wp-image-61070\" srcset=\"https:\/\/www.uartes.edu.ec\/sitio\/wp-content\/uploads\/2024\/08\/02-FORTALECIMIENTO-NIVELACION-644x429.jpg 644w, https:\/\/www.uartes.edu.ec\/sitio\/wp-content\/uploads\/2024\/08\/02-FORTALECIMIENTO-NIVELACION-300x200.jpg 300w, https:\/\/www.uartes.edu.ec\/sitio\/wp-content\/uploads\/2024\/08\/02-FORTALECIMIENTO-NIVELACION-768x512.jpg 768w, https:\/\/www.uartes.edu.ec\/sitio\/wp-content\/uploads\/2024\/08\/02-FORTALECIMIENTO-NIVELACION-1536x1024.jpg 1536w, https:\/\/www.uartes.edu.ec\/sitio\/wp-content\/uploads\/2024\/08\/02-FORTALECIMIENTO-NIVELACION-18x12.jpg 18w, https:\/\/www.uartes.edu.ec\/sitio\/wp-content\/uploads\/2024\/08\/02-FORTALECIMIENTO-NIVELACION-600x400.jpg 600w, https:\/\/www.uartes.edu.ec\/sitio\/wp-content\/uploads\/2024\/08\/02-FORTALECIMIENTO-NIVELACION-400x267.jpg 400w, https:\/\/www.uartes.edu.ec\/sitio\/wp-content\/uploads\/2024\/08\/02-FORTALECIMIENTO-NIVELACION-272x182.jpg 272w, https:\/\/www.uartes.edu.ec\/sitio\/wp-content\/uploads\/2024\/08\/02-FORTALECIMIENTO-NIVELACION.jpg 2000w\" sizes=\"(max-width: 644px) 100vw, 644px\" \/><\/figure>\n<\/div>\n\n\n<p>Est\u00e1n tambi\u00e9n participando chicos que se han decidido por estudiar una carrera en la UArtes y est\u00e1n en esa transici\u00f3n entre el colegio y la universidad \u2013pues para los cursos se admitieron alumnos desde los 16 a\u00f1os\u2013; ellos tienen mucho acompa\u00f1amiento de sus padres, ya que son j\u00f3venes que por primera vez se enfrentan a la vida.<\/p>\n\n\n\n<p>La idea que tiene la universidad al impulsar estos cursos es que no se desanimen, sino que los tomen y logren la admisi\u00f3n requerida. De all\u00ed que entre los cursos complementarios est\u00e9n, justamente, \u201cRumbo a la admisi\u00f3n: preparaci\u00f3n para la postulaci\u00f3n y entrevista\u201d, y \u201cPreparaci\u00f3n para la postulaci\u00f3n y entrevista\u201d, que los alistar\u00e1 para pasar ese proceso.<\/p>\n\n\n\n<p>\u201cLo que les brindamos son herramientas para que puedan iniciar de mejor manera la universidad. Son cursos con un fuerte contenido acad\u00e9mico y art\u00edstico que sirven tambi\u00e9n como orientaci\u00f3n vocacional, ya que permiten esa exploraci\u00f3n. Adem\u00e1s, hay alumnos que ya est\u00e1n admitidos y cumplir\u00e1n el proceso de Nivelaci\u00f3n, que iniciar\u00e1 en octubre pr\u00f3ximo, pero que deseaban fortalecer esa preparaci\u00f3n inicial que tendr\u00e1n\u201d.<\/p>\n\n\n\n<p>Asimismo, S\u00e1nchez refiri\u00f3 que hay estudiantes UArtes que cursan carreras como Literatura que desean un acercamiento con otras pr\u00e1cticas art\u00edsticas, como \u201cT\u00e9cnicas de calentamiento, relajaci\u00f3n y acondicionamiento f\u00edsico\u201d \u2013que se imparte en Danza\u2013 u \u201cOfim\u00e1tica 1\u201d. De all\u00ed que entre los m\u00e1s de 600 inscritos a los cursos consten juntos con externos los alumnos en menci\u00f3n y personal administrativo. \u201cHay tambi\u00e9n personas de la tercera edad y con discapacidad que est\u00e1n buscando descubrir sus talentos, habilidades y potenciales. No hemos excluido a nadie\u201d.<\/p>\n\n\n\n<p>A los participantes se dio acceso al campo virtual de la universidad, a fin de que se familiaricen con ella, \u201cun acercamiento importante a todo lo que la universidad implica\u201d, dijo S\u00e1nchez y revel\u00f3 que concluido el curso formativo que puede ayudar a fortalecer las hojas de vida y\/o curr\u00edculum y, sobre todo, a incrementar el conocimiento. \u201cAl final se les entrega un certificado que no tiene peso dentro del pensum, pero s\u00ed puede ayudar al portafolio\u201d.<\/p>\n\n\n\n<p>En im\u00e1genes, dos de los cursos dictados este martes 27 de agosto por los docentes Vanessa Guam\u00e1n, de la Escuela de Artes Esc\u00e9nicas, y Luis Ram\u00edrez, de la Escuela de Artes Visuales.<\/p>\n\n\n\n<p><\/p>","protected":false},"excerpt":{"rendered":"<p>La Universidad de las Artes dio inicio este 26 de agosto a\u00a0los cursos abiertos a la comunidad del programa Fortalecimiento a las Admisiones, que tienen seis semanas de duraci\u00f3n y se desarrollan antes de la Nivelaci\u00f3n. Son de Artes Visuales, Artes Musicales, Producci\u00f3n Musical, Creaci\u00f3n Teatral, Danza, Literatura y Cine, y tambi\u00e9n  complementarios como \u201cOfim\u00e1tica 1\u201d y\u201cRumbo a la admisi\u00f3n: preparaci\u00f3n para la postulaci\u00f3n y entrevista\u201d. <\/p>","protected":false},"author":10,"featured_media":61059,"comment_status":"open","ping_status":"open","sticky":false,"template":"","format":"standard","meta":{"_acf_changed":false,"_uag_custom_page_level_css":"","_monsterinsights_skip_tracking":false,"_monsterinsights_sitenote_active":false,"_monsterinsights_sitenote_note":"","_monsterinsights_sitenote_category":0,"cybocfi_hide_featured_image":"","footnotes":""},"categories":[80,82,159,150,157,147,75,76,175,83],"tags":[1263],"infouartes":[],"class_list":["post-61058","post","type-post","status-publish","format-standard","has-post-thumbnail","hentry","category-academico","category-artes","category-artes-escenicas","category-artes-sonoras","category-artes-visuales","category-cine","category-docentes","category-estudiantes","category-literatura","category-sedes","tag-preparacion"],"acf":[],"yoast_head":"<!-- This site is optimized with the Yoast SEO plugin v27.4 - https:\/\/yoast.com\/product\/yoast-seo-wordpress\/ -->\n<title>Universidad de las Artes - Cursos abiertos a la comunidad para el fortalecimiento a las admisiones<\/title>\n<meta name=\"description\" content=\"Universidad de las Artes - Cursos abiertos a la comunidad para el fortalecimiento a las admisiones\" \/>\n<meta name=\"robots\" content=\"index, follow, max-snippet:-1, max-image-preview:large, max-video-preview:-1\" \/>\n<link rel=\"canonical\" href=\"https:\/\/www.uartes.edu.ec\/sitio\/fr\/blog\/2024\/08\/27\/cursos-del-programa-fortalecimiento-a-las-admisiones\/\" \/>\n<meta property=\"og:locale\" content=\"fr_FR\" \/>\n<meta property=\"og:type\" content=\"article\" \/>\n<meta property=\"og:title\" content=\"Universidad de las Artes - Cursos abiertos a la comunidad para el fortalecimiento a las admisiones\" \/>\n<meta property=\"og:description\" content=\"Universidad de las Artes - Cursos abiertos a la comunidad para el fortalecimiento a las admisiones\" \/>\n<meta property=\"og:url\" content=\"https:\/\/www.uartes.edu.ec\/sitio\/fr\/blog\/2024\/08\/27\/cursos-del-programa-fortalecimiento-a-las-admisiones\/\" \/>\n<meta property=\"og:site_name\" content=\"Universidad de las Artes\" \/>\n<meta property=\"article:publisher\" content=\"https:\/\/www.facebook.com\/uartesec\" \/>\n<meta property=\"article:published_time\" content=\"2024-08-27T20:27:00+00:00\" \/>\n<meta property=\"article:modified_time\" content=\"2024-09-01T23:11:28+00:00\" \/>\n<meta property=\"og:image\" content=\"https:\/\/www.uartes.edu.ec\/sitio\/wp-content\/uploads\/2024\/09\/01-FORTALECIMIENTO-NIVELACION.jpg\" \/>\n\t<meta property=\"og:image:width\" content=\"2000\" \/>\n\t<meta property=\"og:image:height\" content=\"1333\" \/>\n\t<meta property=\"og:image:type\" content=\"image\/jpeg\" \/>\n<meta name=\"author\" content=\"ccortez\" \/>\n<meta name=\"twitter:card\" content=\"summary_large_image\" \/>\n<meta name=\"twitter:creator\" content=\"@uartesec\" \/>\n<meta name=\"twitter:site\" content=\"@uartesec\" \/>\n<meta name=\"twitter:label1\" content=\"\u00c9crit par\" \/>\n\t<meta name=\"twitter:data1\" content=\"ccortez\" \/>\n\t<meta name=\"twitter:label2\" content=\"Dur\u00e9e de lecture estim\u00e9e\" \/>\n\t<meta name=\"twitter:data2\" content=\"5 minutes\" \/>\n<script type=\"application\/ld+json\" class=\"yoast-schema-graph\">{\"@context\":\"https:\\\/\\\/schema.org\",\"@graph\":[{\"@type\":\"Article\",\"@id\":\"https:\\\/\\\/www.uartes.edu.ec\\\/sitio\\\/fr\\\/blog\\\/2024\\\/08\\\/27\\\/cursos-del-programa-fortalecimiento-a-las-admisiones\\\/#article\",\"isPartOf\":{\"@id\":\"https:\\\/\\\/www.uartes.edu.ec\\\/sitio\\\/fr\\\/blog\\\/2024\\\/08\\\/27\\\/cursos-del-programa-fortalecimiento-a-las-admisiones\\\/\"},\"author\":{\"name\":\"ccortez\",\"@id\":\"https:\\\/\\\/www.uartes.edu.ec\\\/sitio\\\/fr\\\/#\\\/schema\\\/person\\\/efa1b8275797664fd7f13a79ccc0b1f4\"},\"headline\":\"Cursos abiertos a la comunidad para el fortalecimiento a las admisiones\",\"datePublished\":\"2024-08-27T20:27:00+00:00\",\"dateModified\":\"2024-09-01T23:11:28+00:00\",\"mainEntityOfPage\":{\"@id\":\"https:\\\/\\\/www.uartes.edu.ec\\\/sitio\\\/fr\\\/blog\\\/2024\\\/08\\\/27\\\/cursos-del-programa-fortalecimiento-a-las-admisiones\\\/\"},\"wordCount\":972,\"commentCount\":0,\"publisher\":{\"@id\":\"https:\\\/\\\/www.uartes.edu.ec\\\/sitio\\\/fr\\\/#organization\"},\"image\":{\"@id\":\"https:\\\/\\\/www.uartes.edu.ec\\\/sitio\\\/fr\\\/blog\\\/2024\\\/08\\\/27\\\/cursos-del-programa-fortalecimiento-a-las-admisiones\\\/#primaryimage\"},\"thumbnailUrl\":\"https:\\\/\\\/www.uartes.edu.ec\\\/sitio\\\/wp-content\\\/uploads\\\/2024\\\/09\\\/01-FORTALECIMIENTO-NIVELACION.jpg\",\"keywords\":[\"preparaci\u00f3n\"],\"articleSection\":[\"Acad\u00e9mico\",\"Artes\",\"Artes Esc\u00e9nicas\",\"Artes Sonoras\",\"Artes Visuales\",\"Cine\",\"Docentes\",\"Estudiantes\",\"Literatura\",\"Sedes\"],\"inLanguage\":\"fr-FR\",\"potentialAction\":[{\"@type\":\"CommentAction\",\"name\":\"Comment\",\"target\":[\"https:\\\/\\\/www.uartes.edu.ec\\\/sitio\\\/fr\\\/blog\\\/2024\\\/08\\\/27\\\/cursos-del-programa-fortalecimiento-a-las-admisiones\\\/#respond\"]}]},{\"@type\":[\"WebPage\",\"ItemPage\"],\"@id\":\"https:\\\/\\\/www.uartes.edu.ec\\\/sitio\\\/fr\\\/blog\\\/2024\\\/08\\\/27\\\/cursos-del-programa-fortalecimiento-a-las-admisiones\\\/\",\"url\":\"https:\\\/\\\/www.uartes.edu.ec\\\/sitio\\\/fr\\\/blog\\\/2024\\\/08\\\/27\\\/cursos-del-programa-fortalecimiento-a-las-admisiones\\\/\",\"name\":\"Universidad de las Artes - Cursos abiertos a la comunidad para el fortalecimiento a las admisiones\",\"isPartOf\":{\"@id\":\"https:\\\/\\\/www.uartes.edu.ec\\\/sitio\\\/fr\\\/#website\"},\"primaryImageOfPage\":{\"@id\":\"https:\\\/\\\/www.uartes.edu.ec\\\/sitio\\\/fr\\\/blog\\\/2024\\\/08\\\/27\\\/cursos-del-programa-fortalecimiento-a-las-admisiones\\\/#primaryimage\"},\"image\":{\"@id\":\"https:\\\/\\\/www.uartes.edu.ec\\\/sitio\\\/fr\\\/blog\\\/2024\\\/08\\\/27\\\/cursos-del-programa-fortalecimiento-a-las-admisiones\\\/#primaryimage\"},\"thumbnailUrl\":\"https:\\\/\\\/www.uartes.edu.ec\\\/sitio\\\/wp-content\\\/uploads\\\/2024\\\/09\\\/01-FORTALECIMIENTO-NIVELACION.jpg\",\"datePublished\":\"2024-08-27T20:27:00+00:00\",\"dateModified\":\"2024-09-01T23:11:28+00:00\",\"description\":\"Universidad de las Artes - Cursos abiertos a la comunidad para el fortalecimiento a las admisiones\",\"breadcrumb\":{\"@id\":\"https:\\\/\\\/www.uartes.edu.ec\\\/sitio\\\/fr\\\/blog\\\/2024\\\/08\\\/27\\\/cursos-del-programa-fortalecimiento-a-las-admisiones\\\/#breadcrumb\"},\"inLanguage\":\"fr-FR\",\"potentialAction\":[{\"@type\":\"ReadAction\",\"target\":[\"https:\\\/\\\/www.uartes.edu.ec\\\/sitio\\\/fr\\\/blog\\\/2024\\\/08\\\/27\\\/cursos-del-programa-fortalecimiento-a-las-admisiones\\\/\"]}]},{\"@type\":\"ImageObject\",\"inLanguage\":\"fr-FR\",\"@id\":\"https:\\\/\\\/www.uartes.edu.ec\\\/sitio\\\/fr\\\/blog\\\/2024\\\/08\\\/27\\\/cursos-del-programa-fortalecimiento-a-las-admisiones\\\/#primaryimage\",\"url\":\"https:\\\/\\\/www.uartes.edu.ec\\\/sitio\\\/wp-content\\\/uploads\\\/2024\\\/09\\\/01-FORTALECIMIENTO-NIVELACION.jpg\",\"contentUrl\":\"https:\\\/\\\/www.uartes.edu.ec\\\/sitio\\\/wp-content\\\/uploads\\\/2024\\\/09\\\/01-FORTALECIMIENTO-NIVELACION.jpg\",\"width\":2000,\"height\":1333},{\"@type\":\"BreadcrumbList\",\"@id\":\"https:\\\/\\\/www.uartes.edu.ec\\\/sitio\\\/fr\\\/blog\\\/2024\\\/08\\\/27\\\/cursos-del-programa-fortalecimiento-a-las-admisiones\\\/#breadcrumb\",\"itemListElement\":[{\"@type\":\"ListItem\",\"position\":1,\"name\":\"Inicio\",\"item\":\"https:\\\/\\\/www.uartes.edu.ec\\\/sitio\\\/\"},{\"@type\":\"ListItem\",\"position\":2,\"name\":\"Cursos abiertos a la comunidad para el fortalecimiento a las admisiones\"}]},{\"@type\":\"WebSite\",\"@id\":\"https:\\\/\\\/www.uartes.edu.ec\\\/sitio\\\/fr\\\/#website\",\"url\":\"https:\\\/\\\/www.uartes.edu.ec\\\/sitio\\\/fr\\\/\",\"name\":\"Universidad de las Artes\",\"description\":\"Sitio oficial de la Universidad Nacional de las Artes del Ecuador\",\"publisher\":{\"@id\":\"https:\\\/\\\/www.uartes.edu.ec\\\/sitio\\\/fr\\\/#organization\"},\"potentialAction\":[{\"@type\":\"SearchAction\",\"target\":{\"@type\":\"EntryPoint\",\"urlTemplate\":\"https:\\\/\\\/www.uartes.edu.ec\\\/sitio\\\/fr\\\/?s={search_term_string}\"},\"query-input\":{\"@type\":\"PropertyValueSpecification\",\"valueRequired\":true,\"valueName\":\"search_term_string\"}}],\"inLanguage\":\"fr-FR\"},{\"@type\":\"Organization\",\"@id\":\"https:\\\/\\\/www.uartes.edu.ec\\\/sitio\\\/fr\\\/#organization\",\"name\":\"Universidad de las Artes\",\"url\":\"https:\\\/\\\/www.uartes.edu.ec\\\/sitio\\\/fr\\\/\",\"logo\":{\"@type\":\"ImageObject\",\"inLanguage\":\"fr-FR\",\"@id\":\"https:\\\/\\\/www.uartes.edu.ec\\\/sitio\\\/fr\\\/#\\\/schema\\\/logo\\\/image\\\/\",\"url\":\"https:\\\/\\\/www.uartes.edu.ec\\\/sitio\\\/wp-content\\\/uploads\\\/2022\\\/07\\\/logo-ua-horizontal.png\",\"contentUrl\":\"https:\\\/\\\/www.uartes.edu.ec\\\/sitio\\\/wp-content\\\/uploads\\\/2022\\\/07\\\/logo-ua-horizontal.png\",\"width\":800,\"height\":276,\"caption\":\"Universidad de las Artes\"},\"image\":{\"@id\":\"https:\\\/\\\/www.uartes.edu.ec\\\/sitio\\\/fr\\\/#\\\/schema\\\/logo\\\/image\\\/\"},\"sameAs\":[\"https:\\\/\\\/www.facebook.com\\\/uartesec\",\"https:\\\/\\\/x.com\\\/uartesec\",\"https:\\\/\\\/www.tiktok.com\\\/@uartesec\"]},{\"@type\":\"Person\",\"@id\":\"https:\\\/\\\/www.uartes.edu.ec\\\/sitio\\\/fr\\\/#\\\/schema\\\/person\\\/efa1b8275797664fd7f13a79ccc0b1f4\",\"name\":\"ccortez\",\"image\":{\"@type\":\"ImageObject\",\"inLanguage\":\"fr-FR\",\"@id\":\"https:\\\/\\\/secure.gravatar.com\\\/avatar\\\/b2a6f664a3ae8e074346ef91775736c5ec479e637ecced6842de9dc98b5da9cd?s=96&d=mm&r=g\",\"url\":\"https:\\\/\\\/secure.gravatar.com\\\/avatar\\\/b2a6f664a3ae8e074346ef91775736c5ec479e637ecced6842de9dc98b5da9cd?s=96&d=mm&r=g\",\"contentUrl\":\"https:\\\/\\\/secure.gravatar.com\\\/avatar\\\/b2a6f664a3ae8e074346ef91775736c5ec479e637ecced6842de9dc98b5da9cd?s=96&d=mm&r=g\",\"caption\":\"ccortez\"},\"url\":\"https:\\\/\\\/www.uartes.edu.ec\\\/sitio\\\/fr\\\/blog\\\/author\\\/ccortez\\\/\"}]}<\/script>\n<!-- \/ Yoast SEO plugin. -->","yoast_head_json":{"title":"Universidad de las Artes - Cursos abiertos a la comunidad para el fortalecimiento a las admisiones","description":"Universidad de las Artes - Cursos abiertos a la comunidad para el fortalecimiento a las admisiones","robots":{"index":"index","follow":"follow","max-snippet":"max-snippet:-1","max-image-preview":"max-image-preview:large","max-video-preview":"max-video-preview:-1"},"canonical":"https:\/\/www.uartes.edu.ec\/sitio\/fr\/blog\/2024\/08\/27\/cursos-del-programa-fortalecimiento-a-las-admisiones\/","og_locale":"fr_FR","og_type":"article","og_title":"Universidad de las Artes - Cursos abiertos a la comunidad para el fortalecimiento a las admisiones","og_description":"Universidad de las Artes - Cursos abiertos a la comunidad para el fortalecimiento a las admisiones","og_url":"https:\/\/www.uartes.edu.ec\/sitio\/fr\/blog\/2024\/08\/27\/cursos-del-programa-fortalecimiento-a-las-admisiones\/","og_site_name":"Universidad de las Artes","article_publisher":"https:\/\/www.facebook.com\/uartesec","article_published_time":"2024-08-27T20:27:00+00:00","article_modified_time":"2024-09-01T23:11:28+00:00","og_image":[{"width":2000,"height":1333,"url":"https:\/\/www.uartes.edu.ec\/sitio\/wp-content\/uploads\/2024\/09\/01-FORTALECIMIENTO-NIVELACION.jpg","type":"image\/jpeg"}],"author":"ccortez","twitter_card":"summary_large_image","twitter_creator":"@uartesec","twitter_site":"@uartesec","twitter_misc":{"\u00c9crit par":"ccortez","Dur\u00e9e de lecture estim\u00e9e":"5 minutes"},"schema":{"@context":"https:\/\/schema.org","@graph":[{"@type":"Article","@id":"https:\/\/www.uartes.edu.ec\/sitio\/fr\/blog\/2024\/08\/27\/cursos-del-programa-fortalecimiento-a-las-admisiones\/#article","isPartOf":{"@id":"https:\/\/www.uartes.edu.ec\/sitio\/fr\/blog\/2024\/08\/27\/cursos-del-programa-fortalecimiento-a-las-admisiones\/"},"author":{"name":"ccortez","@id":"https:\/\/www.uartes.edu.ec\/sitio\/fr\/#\/schema\/person\/efa1b8275797664fd7f13a79ccc0b1f4"},"headline":"Cursos abiertos a la comunidad para el fortalecimiento a las admisiones","datePublished":"2024-08-27T20:27:00+00:00","dateModified":"2024-09-01T23:11:28+00:00","mainEntityOfPage":{"@id":"https:\/\/www.uartes.edu.ec\/sitio\/fr\/blog\/2024\/08\/27\/cursos-del-programa-fortalecimiento-a-las-admisiones\/"},"wordCount":972,"commentCount":0,"publisher":{"@id":"https:\/\/www.uartes.edu.ec\/sitio\/fr\/#organization"},"image":{"@id":"https:\/\/www.uartes.edu.ec\/sitio\/fr\/blog\/2024\/08\/27\/cursos-del-programa-fortalecimiento-a-las-admisiones\/#primaryimage"},"thumbnailUrl":"https:\/\/www.uartes.edu.ec\/sitio\/wp-content\/uploads\/2024\/09\/01-FORTALECIMIENTO-NIVELACION.jpg","keywords":["preparaci\u00f3n"],"articleSection":["Acad\u00e9mico","Artes","Artes Esc\u00e9nicas","Artes Sonoras","Artes Visuales","Cine","Docentes","Estudiantes","Literatura","Sedes"],"inLanguage":"fr-FR","potentialAction":[{"@type":"CommentAction","name":"Comment","target":["https:\/\/www.uartes.edu.ec\/sitio\/fr\/blog\/2024\/08\/27\/cursos-del-programa-fortalecimiento-a-las-admisiones\/#respond"]}]},{"@type":["WebPage","ItemPage"],"@id":"https:\/\/www.uartes.edu.ec\/sitio\/fr\/blog\/2024\/08\/27\/cursos-del-programa-fortalecimiento-a-las-admisiones\/","url":"https:\/\/www.uartes.edu.ec\/sitio\/fr\/blog\/2024\/08\/27\/cursos-del-programa-fortalecimiento-a-las-admisiones\/","name":"Universidad de las Artes - Cursos abiertos a la comunidad para el fortalecimiento a las admisiones","isPartOf":{"@id":"https:\/\/www.uartes.edu.ec\/sitio\/fr\/#website"},"primaryImageOfPage":{"@id":"https:\/\/www.uartes.edu.ec\/sitio\/fr\/blog\/2024\/08\/27\/cursos-del-programa-fortalecimiento-a-las-admisiones\/#primaryimage"},"image":{"@id":"https:\/\/www.uartes.edu.ec\/sitio\/fr\/blog\/2024\/08\/27\/cursos-del-programa-fortalecimiento-a-las-admisiones\/#primaryimage"},"thumbnailUrl":"https:\/\/www.uartes.edu.ec\/sitio\/wp-content\/uploads\/2024\/09\/01-FORTALECIMIENTO-NIVELACION.jpg","datePublished":"2024-08-27T20:27:00+00:00","dateModified":"2024-09-01T23:11:28+00:00","description":"Universidad de las Artes - Cursos abiertos a la comunidad para el fortalecimiento a las admisiones","breadcrumb":{"@id":"https:\/\/www.uartes.edu.ec\/sitio\/fr\/blog\/2024\/08\/27\/cursos-del-programa-fortalecimiento-a-las-admisiones\/#breadcrumb"},"inLanguage":"fr-FR","potentialAction":[{"@type":"ReadAction","target":["https:\/\/www.uartes.edu.ec\/sitio\/fr\/blog\/2024\/08\/27\/cursos-del-programa-fortalecimiento-a-las-admisiones\/"]}]},{"@type":"ImageObject","inLanguage":"fr-FR","@id":"https:\/\/www.uartes.edu.ec\/sitio\/fr\/blog\/2024\/08\/27\/cursos-del-programa-fortalecimiento-a-las-admisiones\/#primaryimage","url":"https:\/\/www.uartes.edu.ec\/sitio\/wp-content\/uploads\/2024\/09\/01-FORTALECIMIENTO-NIVELACION.jpg","contentUrl":"https:\/\/www.uartes.edu.ec\/sitio\/wp-content\/uploads\/2024\/09\/01-FORTALECIMIENTO-NIVELACION.jpg","width":2000,"height":1333},{"@type":"BreadcrumbList","@id":"https:\/\/www.uartes.edu.ec\/sitio\/fr\/blog\/2024\/08\/27\/cursos-del-programa-fortalecimiento-a-las-admisiones\/#breadcrumb","itemListElement":[{"@type":"ListItem","position":1,"name":"Inicio","item":"https:\/\/www.uartes.edu.ec\/sitio\/"},{"@type":"ListItem","position":2,"name":"Cursos abiertos a la comunidad para el fortalecimiento a las admisiones"}]},{"@type":"WebSite","@id":"https:\/\/www.uartes.edu.ec\/sitio\/fr\/#website","url":"https:\/\/www.uartes.edu.ec\/sitio\/fr\/","name":"Universidad de las Artes","description":"Sitio oficial de la Universidad Nacional de las Artes del Ecuador","publisher":{"@id":"https:\/\/www.uartes.edu.ec\/sitio\/fr\/#organization"},"potentialAction":[{"@type":"SearchAction","target":{"@type":"EntryPoint","urlTemplate":"https:\/\/www.uartes.edu.ec\/sitio\/fr\/?s={search_term_string}"},"query-input":{"@type":"PropertyValueSpecification","valueRequired":true,"valueName":"search_term_string"}}],"inLanguage":"fr-FR"},{"@type":"Organization","@id":"https:\/\/www.uartes.edu.ec\/sitio\/fr\/#organization","name":"Universidad de las Artes","url":"https:\/\/www.uartes.edu.ec\/sitio\/fr\/","logo":{"@type":"ImageObject","inLanguage":"fr-FR","@id":"https:\/\/www.uartes.edu.ec\/sitio\/fr\/#\/schema\/logo\/image\/","url":"https:\/\/www.uartes.edu.ec\/sitio\/wp-content\/uploads\/2022\/07\/logo-ua-horizontal.png","contentUrl":"https:\/\/www.uartes.edu.ec\/sitio\/wp-content\/uploads\/2022\/07\/logo-ua-horizontal.png","width":800,"height":276,"caption":"Universidad de las Artes"},"image":{"@id":"https:\/\/www.uartes.edu.ec\/sitio\/fr\/#\/schema\/logo\/image\/"},"sameAs":["https:\/\/www.facebook.com\/uartesec","https:\/\/x.com\/uartesec","https:\/\/www.tiktok.com\/@uartesec"]},{"@type":"Person","@id":"https:\/\/www.uartes.edu.ec\/sitio\/fr\/#\/schema\/person\/efa1b8275797664fd7f13a79ccc0b1f4","name":"ccortez","image":{"@type":"ImageObject","inLanguage":"fr-FR","@id":"https:\/\/secure.gravatar.com\/avatar\/b2a6f664a3ae8e074346ef91775736c5ec479e637ecced6842de9dc98b5da9cd?s=96&d=mm&r=g","url":"https:\/\/secure.gravatar.com\/avatar\/b2a6f664a3ae8e074346ef91775736c5ec479e637ecced6842de9dc98b5da9cd?s=96&d=mm&r=g","contentUrl":"https:\/\/secure.gravatar.com\/avatar\/b2a6f664a3ae8e074346ef91775736c5ec479e637ecced6842de9dc98b5da9cd?s=96&d=mm&r=g","caption":"ccortez"},"url":"https:\/\/www.uartes.edu.ec\/sitio\/fr\/blog\/author\/ccortez\/"}]}},"uagb_featured_image_src":{"full":["https:\/\/www.uartes.edu.ec\/sitio\/wp-content\/uploads\/2024\/09\/01-FORTALECIMIENTO-NIVELACION.jpg",2000,1333,false],"thumbnail":["https:\/\/www.uartes.edu.ec\/sitio\/wp-content\/uploads\/2024\/09\/01-FORTALECIMIENTO-NIVELACION-150x150.jpg",150,150,true],"medium":["https:\/\/www.uartes.edu.ec\/sitio\/wp-content\/uploads\/2024\/09\/01-FORTALECIMIENTO-NIVELACION-300x200.jpg",300,200,true],"medium_large":["https:\/\/www.uartes.edu.ec\/sitio\/wp-content\/uploads\/2024\/09\/01-FORTALECIMIENTO-NIVELACION-768x512.jpg",768,512,true],"large":["https:\/\/www.uartes.edu.ec\/sitio\/wp-content\/uploads\/2024\/09\/01-FORTALECIMIENTO-NIVELACION-644x429.jpg",644,429,true],"1536x1536":["https:\/\/www.uartes.edu.ec\/sitio\/wp-content\/uploads\/2024\/09\/01-FORTALECIMIENTO-NIVELACION-1536x1024.jpg",1536,1024,true],"2048x2048":["https:\/\/www.uartes.edu.ec\/sitio\/wp-content\/uploads\/2024\/09\/01-FORTALECIMIENTO-NIVELACION.jpg",2000,1333,false],"trp-custom-language-flag":["https:\/\/www.uartes.edu.ec\/sitio\/wp-content\/uploads\/2024\/09\/01-FORTALECIMIENTO-NIVELACION-18x12.jpg",18,12,true],"htmega_size_585x295":["https:\/\/www.uartes.edu.ec\/sitio\/wp-content\/uploads\/2024\/09\/01-FORTALECIMIENTO-NIVELACION-585x295.jpg",585,295,true],"htmega_size_1170x536":["https:\/\/www.uartes.edu.ec\/sitio\/wp-content\/uploads\/2024\/09\/01-FORTALECIMIENTO-NIVELACION-1170x536.jpg",1170,536,true],"htmega_size_396x360":["https:\/\/www.uartes.edu.ec\/sitio\/wp-content\/uploads\/2024\/09\/01-FORTALECIMIENTO-NIVELACION-396x360.jpg",396,360,true],"gb-block-post-grid-landscape":["https:\/\/www.uartes.edu.ec\/sitio\/wp-content\/uploads\/2024\/09\/01-FORTALECIMIENTO-NIVELACION-600x400.jpg",600,400,true],"gb-block-post-grid-square":["https:\/\/www.uartes.edu.ec\/sitio\/wp-content\/uploads\/2024\/09\/01-FORTALECIMIENTO-NIVELACION-600x600.jpg",600,600,true],"university-hub-thumb":["https:\/\/www.uartes.edu.ec\/sitio\/wp-content\/uploads\/2024\/09\/01-FORTALECIMIENTO-NIVELACION-400x267.jpg",400,267,true],"mailpoet_newsletter_max":["https:\/\/www.uartes.edu.ec\/sitio\/wp-content\/uploads\/2024\/09\/01-FORTALECIMIENTO-NIVELACION.jpg",1320,880,false]},"uagb_author_info":{"display_name":"ccortez","author_link":"https:\/\/www.uartes.edu.ec\/sitio\/fr\/blog\/author\/ccortez\/"},"uagb_comment_info":0,"uagb_excerpt":"La Universidad de las Artes dio inicio este 26 de agosto a\u00a0los cursos abiertos a la comunidad del programa Fortalecimiento a las Admisiones, que tienen seis semanas de duraci\u00f3n y se desarrollan antes de la Nivelaci\u00f3n. Son de Artes Visuales, Artes Musicales, Producci\u00f3n Musical, Creaci\u00f3n Teatral, Danza, Literatura y Cine, y tambi\u00e9n complementarios como \u201cOfim\u00e1tica\u2026","featured_image_src":"https:\/\/www.uartes.edu.ec\/sitio\/wp-content\/uploads\/2024\/09\/01-FORTALECIMIENTO-NIVELACION-600x400.jpg","featured_image_src_square":"https:\/\/www.uartes.edu.ec\/sitio\/wp-content\/uploads\/2024\/09\/01-FORTALECIMIENTO-NIVELACION-600x600.jpg","author_info":{"display_name":"ccortez","author_link":"https:\/\/www.uartes.edu.ec\/sitio\/fr\/blog\/author\/ccortez\/"},"publishpress_future_workflow_manual_trigger":{"enabledWorkflows":[]},"distributor_meta":false,"distributor_terms":false,"distributor_media":false,"distributor_original_site_name":"Universidad de las Artes","distributor_original_site_url":"https:\/\/www.uartes.edu.ec\/sitio\/fr","push-errors":false,"_links":{"self":[{"href":"https:\/\/www.uartes.edu.ec\/sitio\/fr\/wp-json\/wp\/v2\/posts\/61058","targetHints":{"allow":["GET"]}}],"collection":[{"href":"https:\/\/www.uartes.edu.ec\/sitio\/fr\/wp-json\/wp\/v2\/posts"}],"about":[{"href":"https:\/\/www.uartes.edu.ec\/sitio\/fr\/wp-json\/wp\/v2\/types\/post"}],"author":[{"embeddable":true,"href":"https:\/\/www.uartes.edu.ec\/sitio\/fr\/wp-json\/wp\/v2\/users\/10"}],"replies":[{"embeddable":true,"href":"https:\/\/www.uartes.edu.ec\/sitio\/fr\/wp-json\/wp\/v2\/comments?post=61058"}],"version-history":[{"count":14,"href":"https:\/\/www.uartes.edu.ec\/sitio\/fr\/wp-json\/wp\/v2\/posts\/61058\/revisions"}],"predecessor-version":[{"id":61080,"href":"https:\/\/www.uartes.edu.ec\/sitio\/fr\/wp-json\/wp\/v2\/posts\/61058\/revisions\/61080"}],"wp:featuredmedia":[{"embeddable":true,"href":"https:\/\/www.uartes.edu.ec\/sitio\/fr\/wp-json\/wp\/v2\/media\/61059"}],"wp:attachment":[{"href":"https:\/\/www.uartes.edu.ec\/sitio\/fr\/wp-json\/wp\/v2\/media?parent=61058"}],"wp:term":[{"taxonomy":"category","embeddable":true,"href":"https:\/\/www.uartes.edu.ec\/sitio\/fr\/wp-json\/wp\/v2\/categories?post=61058"},{"taxonomy":"post_tag","embeddable":true,"href":"https:\/\/www.uartes.edu.ec\/sitio\/fr\/wp-json\/wp\/v2\/tags?post=61058"},{"taxonomy":"infouartes","embeddable":true,"href":"https:\/\/www.uartes.edu.ec\/sitio\/fr\/wp-json\/wp\/v2\/infouartes?post=61058"}],"curies":[{"name":"wp","href":"https:\/\/api.w.org\/{rel}","templated":true}]}}