{"id":61081,"date":"2024-08-27T19:12:00","date_gmt":"2024-08-28T00:12:00","guid":{"rendered":"https:\/\/www.uartes.edu.ec\/sitio\/?p=61081"},"modified":"2024-09-01T18:44:20","modified_gmt":"2024-09-01T23:44:20","slug":"uartes-capacito-a-sus-docentes-sobre-las-adaptaciones-curriculares-y-necesidades-educativas-especiales-nee","status":"publish","type":"post","link":"https:\/\/www.uartes.edu.ec\/sitio\/fr\/blog\/2024\/08\/27\/uartes-capacito-a-sus-docentes-sobre-las-adaptaciones-curriculares-y-necesidades-educativas-especiales-nee\/","title":{"rendered":"UArtes capacit\u00f3 a sus docentes sobre las adaptaciones curriculares y Necesidades Educativas Especiales (NEE)"},"content":{"rendered":"<p>Dirigidas a los docentes de la Universidad de las Artes, el Vicerrectorado Acad\u00e9mico (VA) y la Secretar\u00eda de Bienestar Universitario (SBU) organizaron una capacitaci\u00f3n en torno a las \u201cAdaptaciones curriculares y Necesidades Educativas Especiales (NEE)\u201d. Se desarroll\u00f3 en dos jornadas, los d\u00edas 22 y 23 de agosto, en el Sal\u00f3n de Usos M\u00faltiples del Pabell\u00f3n Araceli Gilbert, en el antiguo Palacio de la Gobernaci\u00f3n, sede matriz UArtes.<\/p>\n\n\n\n<p>Juan Jos\u00e9 Rocha, titular de la Direcci\u00f3n de Acompa\u00f1amiento al \u00c9xito Acad\u00e9mico (DAEA), se\u00f1al\u00f3 que el programa se prepar\u00f3 dentro del plan de perfeccionamiento docente con el prop\u00f3sito de ir construyendo una comunidad que se preocupe por el otro, que est\u00e1 en la diversidad que tenemos en la universidad, como las personas con discapacidad.<\/p>\n\n\n\n<p>\u201cLa propuesta es ir trabajando con los docentes herramientas, estrategias y procesos para las adaptaciones curriculares; ver de qu\u00e9 forma el profesor o la profesora al tener un estudiante con alguna necesidad educativa especial asociada a una discapacidad puede hacer para que aprenda de mejor manera y alcance los resultados requeridos\u201d, anot\u00f3 Rocha y agreg\u00f3 que el tema se seguir\u00e1 tratando en estos meses, a fin de generar procesos para atender a todos.<\/p>\n\n\n\n<p>Explic\u00f3 tambi\u00e9n que en las capacitaciones se aclararon algunas terminolog\u00edas. Por ejemplo, ya no se usa asperger, sino espectro autista; se habla de neurodivergencia, la cual incluye depresi\u00f3n, problemas de atenci\u00f3n y otros. \u201cQuiz\u00e1s unos conozcan de esta informaci\u00f3n y otros no, lo interesante es tener herramientas y con el conocimiento poder ir adoptando estrategias. El arte mismo nos va a permitir idear y crear esas estrategias\u201d.&nbsp;<\/p>\n\n\n\n<figure class=\"wp-block-gallery has-nested-images columns-default is-cropped wp-block-gallery-1 is-layout-flex wp-block-gallery-is-layout-flex\">\n<figure class=\"wp-block-image size-large\"><img fetchpriority=\"high\" decoding=\"async\" width=\"644\" height=\"429\" data-id=\"61084\" src=\"https:\/\/www.uartes.edu.ec\/sitio\/wp-content\/uploads\/2024\/09\/adaptaciones7-644x429.jpg\" alt=\"\" class=\"wp-image-61084\" srcset=\"https:\/\/www.uartes.edu.ec\/sitio\/wp-content\/uploads\/2024\/09\/adaptaciones7-644x429.jpg 644w, https:\/\/www.uartes.edu.ec\/sitio\/wp-content\/uploads\/2024\/09\/adaptaciones7-300x200.jpg 300w, https:\/\/www.uartes.edu.ec\/sitio\/wp-content\/uploads\/2024\/09\/adaptaciones7-768x512.jpg 768w, https:\/\/www.uartes.edu.ec\/sitio\/wp-content\/uploads\/2024\/09\/adaptaciones7-1536x1024.jpg 1536w, https:\/\/www.uartes.edu.ec\/sitio\/wp-content\/uploads\/2024\/09\/adaptaciones7-2048x1365.jpg 2048w, https:\/\/www.uartes.edu.ec\/sitio\/wp-content\/uploads\/2024\/09\/adaptaciones7-18x12.jpg 18w, https:\/\/www.uartes.edu.ec\/sitio\/wp-content\/uploads\/2024\/09\/adaptaciones7-600x400.jpg 600w, https:\/\/www.uartes.edu.ec\/sitio\/wp-content\/uploads\/2024\/09\/adaptaciones7-400x267.jpg 400w, https:\/\/www.uartes.edu.ec\/sitio\/wp-content\/uploads\/2024\/09\/adaptaciones7-272x182.jpg 272w\" sizes=\"(max-width: 644px) 100vw, 644px\" \/><\/figure>\n\n\n\n<figure class=\"wp-block-image size-large\"><img decoding=\"async\" width=\"644\" height=\"429\" data-id=\"61083\" src=\"https:\/\/www.uartes.edu.ec\/sitio\/wp-content\/uploads\/2024\/09\/adaptaciones6-644x429.jpg\" alt=\"\" class=\"wp-image-61083\" srcset=\"https:\/\/www.uartes.edu.ec\/sitio\/wp-content\/uploads\/2024\/09\/adaptaciones6-644x429.jpg 644w, https:\/\/www.uartes.edu.ec\/sitio\/wp-content\/uploads\/2024\/09\/adaptaciones6-300x200.jpg 300w, https:\/\/www.uartes.edu.ec\/sitio\/wp-content\/uploads\/2024\/09\/adaptaciones6-768x512.jpg 768w, https:\/\/www.uartes.edu.ec\/sitio\/wp-content\/uploads\/2024\/09\/adaptaciones6-1536x1024.jpg 1536w, https:\/\/www.uartes.edu.ec\/sitio\/wp-content\/uploads\/2024\/09\/adaptaciones6-2048x1365.jpg 2048w, https:\/\/www.uartes.edu.ec\/sitio\/wp-content\/uploads\/2024\/09\/adaptaciones6-18x12.jpg 18w, https:\/\/www.uartes.edu.ec\/sitio\/wp-content\/uploads\/2024\/09\/adaptaciones6-600x400.jpg 600w, https:\/\/www.uartes.edu.ec\/sitio\/wp-content\/uploads\/2024\/09\/adaptaciones6-400x267.jpg 400w, https:\/\/www.uartes.edu.ec\/sitio\/wp-content\/uploads\/2024\/09\/adaptaciones6-272x182.jpg 272w\" sizes=\"(max-width: 644px) 100vw, 644px\" \/><\/figure>\n<\/figure>\n\n\n\n<p><\/p>\n\n\n\n<p>El tema resulta complejo, a\u00f1adi\u00f3 Rocha, pues hay alumnos que s\u00ed declaran tener alguna categor\u00eda (de discapacidad), pero otros no. De all\u00ed el trabajo conjunto para ir solventando este tipo de situaciones que continuar\u00e1n apareciendo. \u201cLa adaptaci\u00f3n curricular puede ser de tiempo, ya que si un estudiante tiene problemas se le da una tutor\u00eda, que es un protocolo de acci\u00f3n junto con el acompa\u00f1amiento\u201d. Asimismo, en la adaptaci\u00f3n curricular hay una categor\u00eda referente al m\u00e9todo, dijo. \u201cSi tengo un estudiante que presenta alguna discapacidad o tiene dificultades de aprendizaje no le voy a pedir que lea quince p\u00e1ginas, sino cinco, por ejemplo\u201d.<\/p>\n\n\n\n<p>Rocha adelant\u00f3 que para noviembre est\u00e1 previsto un conversatorio con m\u00e1s expertos \u2013pues para las jornadas recientemente desarrolladas se cont\u00f3 con especialistas externos\u2013 y abierto al p\u00fablico en general, y que se ha conformado un comit\u00e9 de NEE integrado por estudiantes, a fin de ir buscando la forma de brindar la atenci\u00f3n requerida.<\/p>\n\n\n\n<h3 class=\"wp-block-heading\">El inicio para establecer las estrategias<\/h3>\n\n\n\n<p>Junto con Rocha y el equipo de la DAEA, entre quienes est\u00e1 Giovanna Ricaurte, t\u00e9cnica de apoyo docente, en las jornadas participaron el vicerrector acad\u00e9mico Bradley Hilgert y la secretaria de Bienestar Universitario, Carolina C\u00e1rdenas. En di\u00e1logo con InfoUArtes, el vicerrector indic\u00f3 que la normativa nacional, la ley y la Constituci\u00f3n obliga a dar acceso universal a la educaci\u00f3n, pero hay malos entendidos al respecto. \u201cAlgunos piensan que es como en el sistema de educaci\u00f3n que se tienen que hacer adaptaciones para que el alumno pueda culminar sus estudios. No es el caso en la educaci\u00f3n superior. S\u00ed tenemos que hacer adaptaciones curriculares, pero no significativas, sino modificaciones\u201d.<\/p>\n\n\n\n<p>Expuso como ejemplo el tiempo de ex\u00e1menes, \u201csi un estudiante por una necesidad educativa especial, vinculada o no a la discapacidad, requiere m\u00e1s tiempo en el examen, podemos extenderlo, podemos dar m\u00e1s tiempo para las tareas y tutor\u00edas adicionales, pero no podemos cambiar los resultados de aprendizaje.&nbsp;Un estudiante que culmina sus estudios en la UArtes tiene que haber conseguido todas las competencias y resultados de aprendizaje\u201d.<\/p>\n\n\n<div class=\"wp-block-image\">\n<figure class=\"aligncenter size-large\"><img decoding=\"async\" width=\"644\" height=\"429\" src=\"https:\/\/www.uartes.edu.ec\/sitio\/wp-content\/uploads\/2024\/09\/adaptaciones2-644x429.jpg\" alt=\"\" class=\"wp-image-61085\" srcset=\"https:\/\/www.uartes.edu.ec\/sitio\/wp-content\/uploads\/2024\/09\/adaptaciones2-644x429.jpg 644w, https:\/\/www.uartes.edu.ec\/sitio\/wp-content\/uploads\/2024\/09\/adaptaciones2-300x200.jpg 300w, https:\/\/www.uartes.edu.ec\/sitio\/wp-content\/uploads\/2024\/09\/adaptaciones2-768x512.jpg 768w, https:\/\/www.uartes.edu.ec\/sitio\/wp-content\/uploads\/2024\/09\/adaptaciones2-1536x1024.jpg 1536w, https:\/\/www.uartes.edu.ec\/sitio\/wp-content\/uploads\/2024\/09\/adaptaciones2-2048x1365.jpg 2048w, https:\/\/www.uartes.edu.ec\/sitio\/wp-content\/uploads\/2024\/09\/adaptaciones2-18x12.jpg 18w, https:\/\/www.uartes.edu.ec\/sitio\/wp-content\/uploads\/2024\/09\/adaptaciones2-600x400.jpg 600w, https:\/\/www.uartes.edu.ec\/sitio\/wp-content\/uploads\/2024\/09\/adaptaciones2-400x267.jpg 400w, https:\/\/www.uartes.edu.ec\/sitio\/wp-content\/uploads\/2024\/09\/adaptaciones2-272x182.jpg 272w\" sizes=\"(max-width: 644px) 100vw, 644px\" \/><\/figure>\n<\/div>\n\n\n<p>Las capacidades desarrolladas fueron el inicio para saber c\u00f3mo; se habl\u00f3 del vasto universo de las NEE, pues puede suceder que en la misma aula se tenga a un estudiante con discapacidad visual, otro con discapacidad auditiva, un tercero con neurodivergencia y un cuarto con discapacidad f\u00edsica, entonces, \u00bfc\u00f3mo hacer una adaptaci\u00f3n curricular para todos, adem\u00e1s de los diferentes estilos de aprendizaje que se tienen en la clase? \u201cEs, por un lado, tener herramientas m\u00ednimas de c\u00f3mo enfrentar esa situaci\u00f3n \u2013porque despu\u00e9s tenemos que especializarnos\u2013 y contar tambi\u00e9n con unos acuerdos de c\u00f3mo vamos como instituci\u00f3n a evidenciar ese trabajo que va m\u00e1s all\u00e1 del informe, el cual, si bien lo muestra, requiere de un seguimiento muy detallado e Individualizado porque cada estudiante es un universo\u201d, anot\u00f3. &nbsp;<\/p>\n\n\n\n<h3 class=\"wp-block-heading\">Claves dentro de la pr\u00e1ctica art\u00edstica<\/h3>\n\n\n\n<p>A la inquietud del proceso en el \u00e1mbito de las artes, el vicerrector acad\u00e9mico responde que hay algunas claves dentro de la misma pr\u00e1ctica art\u00edstica que tienen que ver con la sensibilidad que permite existan herramientas que facilitan ese trabajo. No obstante, \u201chay un nivel de complejidad en el pensamiento art\u00edstico que tal vez no est\u00e1 tan presente en las ciencias duras. Por ejemplo, un estudiante que est\u00e1 en el espectro autista puede memorizar f\u00f3rmulas matem\u00e1ticas, pero en el campo art\u00edstico, adem\u00e1s de f\u00f3rmulas, debe pasar por el cuerpo, por las sensibilidades, por el pensamiento cr\u00edtico y por la po\u00e9tica art\u00edstica\u201d.&nbsp;<\/p>\n\n\n\n<p>\u00bfQu\u00e9 tan preparados est\u00e1n los docentes para enfrentar situaciones como las que ha descrito? \u201cUn reto tremendo\u201d, respondi\u00f3 Hilgert. \u201cEl a\u00f1o pasado el Consejo de Educaci\u00f3n Superior (CES) lanz\u00f3, de manera obligatoria, un curso de dise\u00f1o universal para la educaci\u00f3n superior. Lo debi\u00f3 hacer porque el sistema entero estaba con deuda con esa poblaci\u00f3n de estudiantes y es porque la academia no ha sido entrenada para enfrentar esas situaciones. Es un desaf\u00edo que estamos reci\u00e9n enfrentando como sistema nacional, aunque la UArtes ha llevado adelante ese proceso, pues s\u00ed hemos tenido entre nuestros graduados a estudiantes con NEE que han logrado proyectos art\u00edsticos de alto valor y alta calidad. Tenemos un trabajo interesante y el sistema ya se est\u00e1 dando cuenta, pues han venido a preguntarnos c\u00f3mo lo resolvemos y si pueden entrar en nuestros procesos para estudiar c\u00f3mo lo hacemos\u201d.<\/p>\n\n\n<div class=\"wp-block-image\">\n<figure class=\"aligncenter size-large\"><img loading=\"lazy\" decoding=\"async\" width=\"644\" height=\"429\" src=\"https:\/\/www.uartes.edu.ec\/sitio\/wp-content\/uploads\/2024\/09\/adaptaciones4-644x429.jpg\" alt=\"\" class=\"wp-image-61087\" srcset=\"https:\/\/www.uartes.edu.ec\/sitio\/wp-content\/uploads\/2024\/09\/adaptaciones4-644x429.jpg 644w, https:\/\/www.uartes.edu.ec\/sitio\/wp-content\/uploads\/2024\/09\/adaptaciones4-300x200.jpg 300w, https:\/\/www.uartes.edu.ec\/sitio\/wp-content\/uploads\/2024\/09\/adaptaciones4-768x512.jpg 768w, https:\/\/www.uartes.edu.ec\/sitio\/wp-content\/uploads\/2024\/09\/adaptaciones4-1536x1024.jpg 1536w, https:\/\/www.uartes.edu.ec\/sitio\/wp-content\/uploads\/2024\/09\/adaptaciones4-2048x1365.jpg 2048w, https:\/\/www.uartes.edu.ec\/sitio\/wp-content\/uploads\/2024\/09\/adaptaciones4-18x12.jpg 18w, https:\/\/www.uartes.edu.ec\/sitio\/wp-content\/uploads\/2024\/09\/adaptaciones4-600x400.jpg 600w, https:\/\/www.uartes.edu.ec\/sitio\/wp-content\/uploads\/2024\/09\/adaptaciones4-400x267.jpg 400w, https:\/\/www.uartes.edu.ec\/sitio\/wp-content\/uploads\/2024\/09\/adaptaciones4-272x182.jpg 272w\" sizes=\"(max-width: 644px) 100vw, 644px\" \/><\/figure>\n<\/div>\n\n\n<p>Es un desaf\u00edo imposible de enfrentar solos y es por ello que, para la capacitaci\u00f3n, se pidi\u00f3 el acompa\u00f1amiento de varias instituciones, refiri\u00f3 el vicerrector. \u201cA cargo de las jornadas esta la Direcci\u00f3n de Acompa\u00f1amiento al \u00c9xito Acad\u00e9mico, con Juan Jos\u00e9 (Rocha) y su personal de apoyo acad\u00e9mico; recientemente contratamos a una t\u00e9cnica especializada en esos temas (Giovanna Ricaurte) y conseguirlo fue una lucha en t\u00e9rminos de presupuesto y de la normativa para que se permita su contrataci\u00f3n\u201d.<\/p>\n\n\n\n<h3 class=\"wp-block-heading\">Capacitaciones son parte del modelo educativo UArtes<\/h3>\n\n\n\n<p>Las capacitaciones son parte tambi\u00e9n del nuevo Modelo Educativo y Pedag\u00f3gico de la UArtes, cuyos pilares son sentipensar, saber cuidar y saber crear. \u201cSolo con el principio de saber cuidar nos vemos en la obligaci\u00f3n de aprender a c\u00f3mo permitir que los otros ingresen en ese proceso de aprendizaje; se piensa en c\u00f3mo llegar al otro distinto en las metodolog\u00edas de aprendizaje. Solo ese principio \u00e9tico nos obliga a ver la forma de adaptarnos\u201d, expreso Hilgert.\u00a0<\/p>\n\n\n\n<p>En las capacitaciones tom\u00f3 parte Carolina C\u00e1rdenas, secretaria de Bienestar Universitario, quien en su exposici\u00f3n se refiri\u00f3 a las normativas. El art\u00edculo 1 de la Ley Org\u00e1nica de Discapacidades se\u00f1ala que se entender\u00e1 por persona con discapacidad a aquella que, como consecuencia de una o m\u00e1s deficiencias f\u00edsicas, mentales, intelectuales o sensoriales, con independencia de la causa que la hubiera originado, ve restringida permanentemente su capacidad biol\u00f3gica, psicol\u00f3gica y asociativa para ejercer una o m\u00e1s actividades esenciales de la vida diaria, en una proporci\u00f3n equivalente al 30% de discapacidad, debidamente calificada por la autoridad sanitaria nacional.<\/p>\n\n\n\n<p>Del Reglamento de R\u00e9gimen Acad\u00e9mico del CES, C\u00e1rdenas anot\u00f3 que el art\u00edculo 68, en atenci\u00f3n a estudiantes con NEE, asociadas o no a la discapacidad, las instituciones de educaci\u00f3n superior deber\u00e1n desarrollar pol\u00edticas, programas y planes de acci\u00f3n afirmativa e inclusi\u00f3n educativa, los cuales deber\u00e1n contemplar metodolog\u00edas, ambientes de ense\u00f1anza-aprendizaje, m\u00e9todos e instrumentos de evaluaci\u00f3n que propicien la educaci\u00f3n para todos.<\/p>\n\n\n\n<p>En el caso de que sea necesario realizar adaptaciones curriculares para atender requerimientos de estudiantes con NEE, asociadas o no la discapacidad, los mecanismos de adaptaci\u00f3n de los procesos de ense\u00f1anza-aprendizaje y de evaluaci\u00f3n, deber\u00e1n ser programados antes de iniciar el per\u00edodo acad\u00e9mico, comunicados oportunamente a los\/as estudiantes, entre otros.<\/p>\n\n\n<div class=\"wp-block-image\">\n<figure class=\"aligncenter size-large\"><img loading=\"lazy\" decoding=\"async\" width=\"644\" height=\"429\" src=\"https:\/\/www.uartes.edu.ec\/sitio\/wp-content\/uploads\/2024\/09\/adaptaciones1-644x429.jpg\" alt=\"\" class=\"wp-image-61089\" srcset=\"https:\/\/www.uartes.edu.ec\/sitio\/wp-content\/uploads\/2024\/09\/adaptaciones1-644x429.jpg 644w, https:\/\/www.uartes.edu.ec\/sitio\/wp-content\/uploads\/2024\/09\/adaptaciones1-300x200.jpg 300w, https:\/\/www.uartes.edu.ec\/sitio\/wp-content\/uploads\/2024\/09\/adaptaciones1-768x512.jpg 768w, https:\/\/www.uartes.edu.ec\/sitio\/wp-content\/uploads\/2024\/09\/adaptaciones1-1536x1024.jpg 1536w, https:\/\/www.uartes.edu.ec\/sitio\/wp-content\/uploads\/2024\/09\/adaptaciones1-2048x1365.jpg 2048w, https:\/\/www.uartes.edu.ec\/sitio\/wp-content\/uploads\/2024\/09\/adaptaciones1-18x12.jpg 18w, https:\/\/www.uartes.edu.ec\/sitio\/wp-content\/uploads\/2024\/09\/adaptaciones1-600x400.jpg 600w, https:\/\/www.uartes.edu.ec\/sitio\/wp-content\/uploads\/2024\/09\/adaptaciones1-400x267.jpg 400w, https:\/\/www.uartes.edu.ec\/sitio\/wp-content\/uploads\/2024\/09\/adaptaciones1-272x182.jpg 272w\" sizes=\"(max-width: 644px) 100vw, 644px\" \/><\/figure>\n<\/div>\n\n\n<p>C\u00e1rdenas tambi\u00e9n hizo menci\u00f3n de obligaciones y responsabilidades tanto del estudiante, quien debe informar de su NEE, asociada o no a una discapacidad; de la Direcci\u00f3n de Salud Universitaria, que debe abrir una ficha m\u00e9dica y validar certificados y acompa\u00f1amiento; de la SBU, que debe hacer un reporte de estudiantes a las unidades acad\u00e9micas y dar seguimiento a los casos; y de la unidad acad\u00e9mica, que debe revisar y aprobar las adaptaciones curriculares nos significativos, as\u00ed como brindar acompa\u00f1amiento a la\/el estudiante.<\/p>\n\n\n\n<h3 class=\"wp-block-heading\">Las jornadas y sus actividades<\/h3>\n\n\n\n<p>El vicerrector acad\u00e9mico, Bradley Hilgert, dio la bienvenida a los participantes de las capacitaciones. En el primer d\u00eda, Carolina C\u00e1rdenas socializ\u00f3 las pol\u00edticas de acompa\u00f1amiento para estudiantes con NEE o discapacidad; Juan Jos\u00e9 Rocha present\u00f3 al Centro Enigma e hizo referencia al tema \u201cAutismo, enfoque integral en el entorno universitario\u201d.<\/p>\n\n\n\n<p>Del Centro Enigma, la Mgtr. Mar\u00eda Fernanda Chang, su directora, habl\u00f3 de neurodiversidad y neurodivergencias, y Alexander Due\u00f1as, de estilos de ense\u00f1anza y adaptaciones curriculares.<\/p>\n\n\n\n<p>En el segundo d\u00eda, la Mgtr. Giovanna Ricaurte, de la DAEA, se refiri\u00f3 a la discapacidad auditiva, adaptaciones y estrategias metodol\u00f3gicas, abordando las NEE transitorias y permanentes, lenguaje positivo y adaptaciones curriculares no significativas para estudiantes con discapacidad auditiva.<\/p>\n\n\n\n<p>La Mgtr. Jenny Cartuche trat\u00f3 sobre el autismo, del cual detall\u00f3 los grados de adaptaciones curriculares, las caracter\u00edsticas a identificar en estudiantes TEA, el autismo en contexto de educaci\u00f3n superior, las barreras docentes, estudiantiles y f\u00edsicas, as\u00ed como las estrategias metodol\u00f3gicas en estudiantes con autismo a nivel superior.<\/p>\n\n\n\n<p>La Mgtr. Teresa Toledo expuso la discapacidad Intelectual, con los temas: pol\u00edticas para la educaci\u00f3n superior inclusiva, nacional e internacional; LOES 2018. Art\u00edculos 12, 77, 85, 86; objetivo 4 de desarrollo sostenible, marco institucional y niveles de adaptaciones curriculares; discapacidad intelectual, NEE y buenas pr\u00e1cticas de inclusi\u00f3n.<\/p>\n\n\n\n<p>El Mgtr. Alberto Ar\u00edzaga, docente con discapacidad visual, dialog\u00f3 sobre la ceguera desde su experiencia personal en su rol de estudiante universitario con profesores videntes; Braille, su historia y explicaci\u00f3n de lectura y escritura; muestra de ayudas tecnol\u00f3gicas para personas con discapacidad visual; aplicaciones y herramientas digitales; y de c\u00f3mo ense\u00f1ar m\u00fasica a un estudiante ciego.<\/p>","protected":false},"excerpt":{"rendered":"<p>Dirigidas a los docentes de la Universidad de las Artes, el Vicerrectorado Acad\u00e9mico y la Secretar\u00eda de Bienestar Universitario organizaron una capacitaci\u00f3n acerca de \u201cAdaptaciones curriculares y Necesidades Educativas Especiales (NEE)\u201d. Tuvo dos jornadas, el 22 y 23 de agosto, en el Sal\u00f3n de Usos M\u00faltiples del Pabell\u00f3n Araceli Gilbert, en el antiguo Palacio de la Gobernaci\u00f3n, nuestra sede matriz.<\/p>","protected":false},"author":10,"featured_media":61082,"comment_status":"open","ping_status":"open","sticky":false,"template":"","format":"standard","meta":{"_acf_changed":false,"_uag_custom_page_level_css":"","_monsterinsights_skip_tracking":false,"_monsterinsights_sitenote_active":false,"_monsterinsights_sitenote_note":"","_monsterinsights_sitenote_category":0,"cybocfi_hide_featured_image":"","footnotes":""},"categories":[80,159,150,157,147,75,77,175],"tags":[1264],"infouartes":[],"class_list":["post-61081","post","type-post","status-publish","format-standard","has-post-thumbnail","hentry","category-academico","category-artes-escenicas","category-artes-sonoras","category-artes-visuales","category-cine","category-docentes","category-gestion","category-literatura","tag-programa"],"acf":[],"yoast_head":"<!-- This site is optimized with the Yoast SEO plugin v27.4 - https:\/\/yoast.com\/product\/yoast-seo-wordpress\/ -->\n<title>Universidad de las Artes - UArtes capacit\u00f3 a sus docentes sobre las adaptaciones curriculares y Necesidades Educativas Especiales (NEE)<\/title>\n<meta name=\"description\" content=\"Universidad de las Artes - UArtes capacit\u00f3 a sus docentes sobre las adaptaciones curriculares y Necesidades Educativas Especiales (NEE)\" \/>\n<meta name=\"robots\" content=\"index, follow, max-snippet:-1, max-image-preview:large, max-video-preview:-1\" \/>\n<link rel=\"canonical\" href=\"https:\/\/www.uartes.edu.ec\/sitio\/fr\/blog\/2024\/08\/27\/uartes-capacito-a-sus-docentes-sobre-las-adaptaciones-curriculares-y-necesidades-educativas-especiales-nee\/\" \/>\n<meta property=\"og:locale\" content=\"fr_FR\" \/>\n<meta property=\"og:type\" content=\"article\" \/>\n<meta property=\"og:title\" content=\"Universidad de las Artes - UArtes capacit\u00f3 a sus docentes sobre las adaptaciones curriculares y Necesidades Educativas Especiales (NEE)\" \/>\n<meta property=\"og:description\" content=\"Universidad de las Artes - UArtes capacit\u00f3 a sus docentes sobre las adaptaciones curriculares y Necesidades Educativas Especiales (NEE)\" \/>\n<meta property=\"og:url\" content=\"https:\/\/www.uartes.edu.ec\/sitio\/fr\/blog\/2024\/08\/27\/uartes-capacito-a-sus-docentes-sobre-las-adaptaciones-curriculares-y-necesidades-educativas-especiales-nee\/\" \/>\n<meta property=\"og:site_name\" content=\"Universidad de las Artes\" \/>\n<meta property=\"article:publisher\" content=\"https:\/\/www.facebook.com\/uartesec\" \/>\n<meta property=\"article:published_time\" content=\"2024-08-28T00:12:00+00:00\" \/>\n<meta property=\"article:modified_time\" content=\"2024-09-01T23:44:20+00:00\" \/>\n<meta property=\"og:image\" content=\"https:\/\/www.uartes.edu.ec\/sitio\/wp-content\/uploads\/2024\/09\/adaptaciones8-scaled.jpg\" \/>\n\t<meta property=\"og:image:width\" content=\"2560\" \/>\n\t<meta property=\"og:image:height\" content=\"1707\" \/>\n\t<meta property=\"og:image:type\" content=\"image\/jpeg\" \/>\n<meta name=\"author\" content=\"ccortez\" \/>\n<meta name=\"twitter:card\" content=\"summary_large_image\" \/>\n<meta name=\"twitter:creator\" content=\"@uartesec\" \/>\n<meta name=\"twitter:site\" content=\"@uartesec\" \/>\n<meta name=\"twitter:label1\" content=\"\u00c9crit par\" \/>\n\t<meta name=\"twitter:data1\" content=\"ccortez\" \/>\n\t<meta name=\"twitter:label2\" content=\"Dur\u00e9e de lecture estim\u00e9e\" \/>\n\t<meta name=\"twitter:data2\" content=\"9 minutes\" \/>\n<script type=\"application\/ld+json\" class=\"yoast-schema-graph\">{\"@context\":\"https:\\\/\\\/schema.org\",\"@graph\":[{\"@type\":\"Article\",\"@id\":\"https:\\\/\\\/www.uartes.edu.ec\\\/sitio\\\/fr\\\/blog\\\/2024\\\/08\\\/27\\\/uartes-capacito-a-sus-docentes-sobre-las-adaptaciones-curriculares-y-necesidades-educativas-especiales-nee\\\/#article\",\"isPartOf\":{\"@id\":\"https:\\\/\\\/www.uartes.edu.ec\\\/sitio\\\/fr\\\/blog\\\/2024\\\/08\\\/27\\\/uartes-capacito-a-sus-docentes-sobre-las-adaptaciones-curriculares-y-necesidades-educativas-especiales-nee\\\/\"},\"author\":{\"name\":\"ccortez\",\"@id\":\"https:\\\/\\\/www.uartes.edu.ec\\\/sitio\\\/fr\\\/#\\\/schema\\\/person\\\/efa1b8275797664fd7f13a79ccc0b1f4\"},\"headline\":\"UArtes capacit\u00f3 a sus docentes sobre las adaptaciones curriculares y Necesidades Educativas Especiales (NEE)\",\"datePublished\":\"2024-08-28T00:12:00+00:00\",\"dateModified\":\"2024-09-01T23:44:20+00:00\",\"mainEntityOfPage\":{\"@id\":\"https:\\\/\\\/www.uartes.edu.ec\\\/sitio\\\/fr\\\/blog\\\/2024\\\/08\\\/27\\\/uartes-capacito-a-sus-docentes-sobre-las-adaptaciones-curriculares-y-necesidades-educativas-especiales-nee\\\/\"},\"wordCount\":1867,\"commentCount\":0,\"publisher\":{\"@id\":\"https:\\\/\\\/www.uartes.edu.ec\\\/sitio\\\/fr\\\/#organization\"},\"image\":{\"@id\":\"https:\\\/\\\/www.uartes.edu.ec\\\/sitio\\\/fr\\\/blog\\\/2024\\\/08\\\/27\\\/uartes-capacito-a-sus-docentes-sobre-las-adaptaciones-curriculares-y-necesidades-educativas-especiales-nee\\\/#primaryimage\"},\"thumbnailUrl\":\"https:\\\/\\\/www.uartes.edu.ec\\\/sitio\\\/wp-content\\\/uploads\\\/2024\\\/09\\\/adaptaciones8-scaled.jpg\",\"keywords\":[\"programa\"],\"articleSection\":[\"Acad\u00e9mico\",\"Artes Esc\u00e9nicas\",\"Artes Sonoras\",\"Artes Visuales\",\"Cine\",\"Docentes\",\"Gesti\u00f3n\",\"Literatura\"],\"inLanguage\":\"fr-FR\",\"potentialAction\":[{\"@type\":\"CommentAction\",\"name\":\"Comment\",\"target\":[\"https:\\\/\\\/www.uartes.edu.ec\\\/sitio\\\/fr\\\/blog\\\/2024\\\/08\\\/27\\\/uartes-capacito-a-sus-docentes-sobre-las-adaptaciones-curriculares-y-necesidades-educativas-especiales-nee\\\/#respond\"]}]},{\"@type\":[\"WebPage\",\"ItemPage\"],\"@id\":\"https:\\\/\\\/www.uartes.edu.ec\\\/sitio\\\/fr\\\/blog\\\/2024\\\/08\\\/27\\\/uartes-capacito-a-sus-docentes-sobre-las-adaptaciones-curriculares-y-necesidades-educativas-especiales-nee\\\/\",\"url\":\"https:\\\/\\\/www.uartes.edu.ec\\\/sitio\\\/fr\\\/blog\\\/2024\\\/08\\\/27\\\/uartes-capacito-a-sus-docentes-sobre-las-adaptaciones-curriculares-y-necesidades-educativas-especiales-nee\\\/\",\"name\":\"Universidad de las Artes - UArtes capacit\u00f3 a sus docentes sobre las adaptaciones curriculares y Necesidades Educativas Especiales (NEE)\",\"isPartOf\":{\"@id\":\"https:\\\/\\\/www.uartes.edu.ec\\\/sitio\\\/fr\\\/#website\"},\"primaryImageOfPage\":{\"@id\":\"https:\\\/\\\/www.uartes.edu.ec\\\/sitio\\\/fr\\\/blog\\\/2024\\\/08\\\/27\\\/uartes-capacito-a-sus-docentes-sobre-las-adaptaciones-curriculares-y-necesidades-educativas-especiales-nee\\\/#primaryimage\"},\"image\":{\"@id\":\"https:\\\/\\\/www.uartes.edu.ec\\\/sitio\\\/fr\\\/blog\\\/2024\\\/08\\\/27\\\/uartes-capacito-a-sus-docentes-sobre-las-adaptaciones-curriculares-y-necesidades-educativas-especiales-nee\\\/#primaryimage\"},\"thumbnailUrl\":\"https:\\\/\\\/www.uartes.edu.ec\\\/sitio\\\/wp-content\\\/uploads\\\/2024\\\/09\\\/adaptaciones8-scaled.jpg\",\"datePublished\":\"2024-08-28T00:12:00+00:00\",\"dateModified\":\"2024-09-01T23:44:20+00:00\",\"description\":\"Universidad de las Artes - UArtes capacit\u00f3 a sus docentes sobre las adaptaciones curriculares y Necesidades Educativas Especiales (NEE)\",\"breadcrumb\":{\"@id\":\"https:\\\/\\\/www.uartes.edu.ec\\\/sitio\\\/fr\\\/blog\\\/2024\\\/08\\\/27\\\/uartes-capacito-a-sus-docentes-sobre-las-adaptaciones-curriculares-y-necesidades-educativas-especiales-nee\\\/#breadcrumb\"},\"inLanguage\":\"fr-FR\",\"potentialAction\":[{\"@type\":\"ReadAction\",\"target\":[\"https:\\\/\\\/www.uartes.edu.ec\\\/sitio\\\/fr\\\/blog\\\/2024\\\/08\\\/27\\\/uartes-capacito-a-sus-docentes-sobre-las-adaptaciones-curriculares-y-necesidades-educativas-especiales-nee\\\/\"]}]},{\"@type\":\"ImageObject\",\"inLanguage\":\"fr-FR\",\"@id\":\"https:\\\/\\\/www.uartes.edu.ec\\\/sitio\\\/fr\\\/blog\\\/2024\\\/08\\\/27\\\/uartes-capacito-a-sus-docentes-sobre-las-adaptaciones-curriculares-y-necesidades-educativas-especiales-nee\\\/#primaryimage\",\"url\":\"https:\\\/\\\/www.uartes.edu.ec\\\/sitio\\\/wp-content\\\/uploads\\\/2024\\\/09\\\/adaptaciones8-scaled.jpg\",\"contentUrl\":\"https:\\\/\\\/www.uartes.edu.ec\\\/sitio\\\/wp-content\\\/uploads\\\/2024\\\/09\\\/adaptaciones8-scaled.jpg\",\"width\":2560,\"height\":1707},{\"@type\":\"BreadcrumbList\",\"@id\":\"https:\\\/\\\/www.uartes.edu.ec\\\/sitio\\\/fr\\\/blog\\\/2024\\\/08\\\/27\\\/uartes-capacito-a-sus-docentes-sobre-las-adaptaciones-curriculares-y-necesidades-educativas-especiales-nee\\\/#breadcrumb\",\"itemListElement\":[{\"@type\":\"ListItem\",\"position\":1,\"name\":\"Inicio\",\"item\":\"https:\\\/\\\/www.uartes.edu.ec\\\/sitio\\\/\"},{\"@type\":\"ListItem\",\"position\":2,\"name\":\"UArtes capacit\u00f3 a sus docentes sobre las adaptaciones curriculares y Necesidades Educativas Especiales (NEE)\"}]},{\"@type\":\"WebSite\",\"@id\":\"https:\\\/\\\/www.uartes.edu.ec\\\/sitio\\\/fr\\\/#website\",\"url\":\"https:\\\/\\\/www.uartes.edu.ec\\\/sitio\\\/fr\\\/\",\"name\":\"Universidad de las Artes\",\"description\":\"Sitio oficial de la Universidad Nacional de las Artes del Ecuador\",\"publisher\":{\"@id\":\"https:\\\/\\\/www.uartes.edu.ec\\\/sitio\\\/fr\\\/#organization\"},\"potentialAction\":[{\"@type\":\"SearchAction\",\"target\":{\"@type\":\"EntryPoint\",\"urlTemplate\":\"https:\\\/\\\/www.uartes.edu.ec\\\/sitio\\\/fr\\\/?s={search_term_string}\"},\"query-input\":{\"@type\":\"PropertyValueSpecification\",\"valueRequired\":true,\"valueName\":\"search_term_string\"}}],\"inLanguage\":\"fr-FR\"},{\"@type\":\"Organization\",\"@id\":\"https:\\\/\\\/www.uartes.edu.ec\\\/sitio\\\/fr\\\/#organization\",\"name\":\"Universidad de las Artes\",\"url\":\"https:\\\/\\\/www.uartes.edu.ec\\\/sitio\\\/fr\\\/\",\"logo\":{\"@type\":\"ImageObject\",\"inLanguage\":\"fr-FR\",\"@id\":\"https:\\\/\\\/www.uartes.edu.ec\\\/sitio\\\/fr\\\/#\\\/schema\\\/logo\\\/image\\\/\",\"url\":\"https:\\\/\\\/www.uartes.edu.ec\\\/sitio\\\/wp-content\\\/uploads\\\/2022\\\/07\\\/logo-ua-horizontal.png\",\"contentUrl\":\"https:\\\/\\\/www.uartes.edu.ec\\\/sitio\\\/wp-content\\\/uploads\\\/2022\\\/07\\\/logo-ua-horizontal.png\",\"width\":800,\"height\":276,\"caption\":\"Universidad de las Artes\"},\"image\":{\"@id\":\"https:\\\/\\\/www.uartes.edu.ec\\\/sitio\\\/fr\\\/#\\\/schema\\\/logo\\\/image\\\/\"},\"sameAs\":[\"https:\\\/\\\/www.facebook.com\\\/uartesec\",\"https:\\\/\\\/x.com\\\/uartesec\",\"https:\\\/\\\/www.tiktok.com\\\/@uartesec\"]},{\"@type\":\"Person\",\"@id\":\"https:\\\/\\\/www.uartes.edu.ec\\\/sitio\\\/fr\\\/#\\\/schema\\\/person\\\/efa1b8275797664fd7f13a79ccc0b1f4\",\"name\":\"ccortez\",\"image\":{\"@type\":\"ImageObject\",\"inLanguage\":\"fr-FR\",\"@id\":\"https:\\\/\\\/secure.gravatar.com\\\/avatar\\\/b2a6f664a3ae8e074346ef91775736c5ec479e637ecced6842de9dc98b5da9cd?s=96&d=mm&r=g\",\"url\":\"https:\\\/\\\/secure.gravatar.com\\\/avatar\\\/b2a6f664a3ae8e074346ef91775736c5ec479e637ecced6842de9dc98b5da9cd?s=96&d=mm&r=g\",\"contentUrl\":\"https:\\\/\\\/secure.gravatar.com\\\/avatar\\\/b2a6f664a3ae8e074346ef91775736c5ec479e637ecced6842de9dc98b5da9cd?s=96&d=mm&r=g\",\"caption\":\"ccortez\"},\"url\":\"https:\\\/\\\/www.uartes.edu.ec\\\/sitio\\\/fr\\\/blog\\\/author\\\/ccortez\\\/\"}]}<\/script>\n<!-- \/ Yoast SEO plugin. -->","yoast_head_json":{"title":"Universidad de las Artes - UArtes capacit\u00f3 a sus docentes sobre las adaptaciones curriculares y Necesidades Educativas Especiales (NEE)","description":"Universidad de las Artes - UArtes capacit\u00f3 a sus docentes sobre las adaptaciones curriculares y Necesidades Educativas Especiales (NEE)","robots":{"index":"index","follow":"follow","max-snippet":"max-snippet:-1","max-image-preview":"max-image-preview:large","max-video-preview":"max-video-preview:-1"},"canonical":"https:\/\/www.uartes.edu.ec\/sitio\/fr\/blog\/2024\/08\/27\/uartes-capacito-a-sus-docentes-sobre-las-adaptaciones-curriculares-y-necesidades-educativas-especiales-nee\/","og_locale":"fr_FR","og_type":"article","og_title":"Universidad de las Artes - UArtes capacit\u00f3 a sus docentes sobre las adaptaciones curriculares y Necesidades Educativas Especiales (NEE)","og_description":"Universidad de las Artes - UArtes capacit\u00f3 a sus docentes sobre las adaptaciones curriculares y Necesidades Educativas Especiales (NEE)","og_url":"https:\/\/www.uartes.edu.ec\/sitio\/fr\/blog\/2024\/08\/27\/uartes-capacito-a-sus-docentes-sobre-las-adaptaciones-curriculares-y-necesidades-educativas-especiales-nee\/","og_site_name":"Universidad de las Artes","article_publisher":"https:\/\/www.facebook.com\/uartesec","article_published_time":"2024-08-28T00:12:00+00:00","article_modified_time":"2024-09-01T23:44:20+00:00","og_image":[{"width":2560,"height":1707,"url":"https:\/\/www.uartes.edu.ec\/sitio\/wp-content\/uploads\/2024\/09\/adaptaciones8-scaled.jpg","type":"image\/jpeg"}],"author":"ccortez","twitter_card":"summary_large_image","twitter_creator":"@uartesec","twitter_site":"@uartesec","twitter_misc":{"\u00c9crit par":"ccortez","Dur\u00e9e de lecture estim\u00e9e":"9 minutes"},"schema":{"@context":"https:\/\/schema.org","@graph":[{"@type":"Article","@id":"https:\/\/www.uartes.edu.ec\/sitio\/fr\/blog\/2024\/08\/27\/uartes-capacito-a-sus-docentes-sobre-las-adaptaciones-curriculares-y-necesidades-educativas-especiales-nee\/#article","isPartOf":{"@id":"https:\/\/www.uartes.edu.ec\/sitio\/fr\/blog\/2024\/08\/27\/uartes-capacito-a-sus-docentes-sobre-las-adaptaciones-curriculares-y-necesidades-educativas-especiales-nee\/"},"author":{"name":"ccortez","@id":"https:\/\/www.uartes.edu.ec\/sitio\/fr\/#\/schema\/person\/efa1b8275797664fd7f13a79ccc0b1f4"},"headline":"UArtes capacit\u00f3 a sus docentes sobre las adaptaciones curriculares y Necesidades Educativas Especiales (NEE)","datePublished":"2024-08-28T00:12:00+00:00","dateModified":"2024-09-01T23:44:20+00:00","mainEntityOfPage":{"@id":"https:\/\/www.uartes.edu.ec\/sitio\/fr\/blog\/2024\/08\/27\/uartes-capacito-a-sus-docentes-sobre-las-adaptaciones-curriculares-y-necesidades-educativas-especiales-nee\/"},"wordCount":1867,"commentCount":0,"publisher":{"@id":"https:\/\/www.uartes.edu.ec\/sitio\/fr\/#organization"},"image":{"@id":"https:\/\/www.uartes.edu.ec\/sitio\/fr\/blog\/2024\/08\/27\/uartes-capacito-a-sus-docentes-sobre-las-adaptaciones-curriculares-y-necesidades-educativas-especiales-nee\/#primaryimage"},"thumbnailUrl":"https:\/\/www.uartes.edu.ec\/sitio\/wp-content\/uploads\/2024\/09\/adaptaciones8-scaled.jpg","keywords":["programa"],"articleSection":["Acad\u00e9mico","Artes Esc\u00e9nicas","Artes Sonoras","Artes Visuales","Cine","Docentes","Gesti\u00f3n","Literatura"],"inLanguage":"fr-FR","potentialAction":[{"@type":"CommentAction","name":"Comment","target":["https:\/\/www.uartes.edu.ec\/sitio\/fr\/blog\/2024\/08\/27\/uartes-capacito-a-sus-docentes-sobre-las-adaptaciones-curriculares-y-necesidades-educativas-especiales-nee\/#respond"]}]},{"@type":["WebPage","ItemPage"],"@id":"https:\/\/www.uartes.edu.ec\/sitio\/fr\/blog\/2024\/08\/27\/uartes-capacito-a-sus-docentes-sobre-las-adaptaciones-curriculares-y-necesidades-educativas-especiales-nee\/","url":"https:\/\/www.uartes.edu.ec\/sitio\/fr\/blog\/2024\/08\/27\/uartes-capacito-a-sus-docentes-sobre-las-adaptaciones-curriculares-y-necesidades-educativas-especiales-nee\/","name":"Universidad de las Artes - UArtes capacit\u00f3 a sus docentes sobre las adaptaciones curriculares y Necesidades Educativas Especiales (NEE)","isPartOf":{"@id":"https:\/\/www.uartes.edu.ec\/sitio\/fr\/#website"},"primaryImageOfPage":{"@id":"https:\/\/www.uartes.edu.ec\/sitio\/fr\/blog\/2024\/08\/27\/uartes-capacito-a-sus-docentes-sobre-las-adaptaciones-curriculares-y-necesidades-educativas-especiales-nee\/#primaryimage"},"image":{"@id":"https:\/\/www.uartes.edu.ec\/sitio\/fr\/blog\/2024\/08\/27\/uartes-capacito-a-sus-docentes-sobre-las-adaptaciones-curriculares-y-necesidades-educativas-especiales-nee\/#primaryimage"},"thumbnailUrl":"https:\/\/www.uartes.edu.ec\/sitio\/wp-content\/uploads\/2024\/09\/adaptaciones8-scaled.jpg","datePublished":"2024-08-28T00:12:00+00:00","dateModified":"2024-09-01T23:44:20+00:00","description":"Universidad de las Artes - UArtes capacit\u00f3 a sus docentes sobre las adaptaciones curriculares y Necesidades Educativas Especiales (NEE)","breadcrumb":{"@id":"https:\/\/www.uartes.edu.ec\/sitio\/fr\/blog\/2024\/08\/27\/uartes-capacito-a-sus-docentes-sobre-las-adaptaciones-curriculares-y-necesidades-educativas-especiales-nee\/#breadcrumb"},"inLanguage":"fr-FR","potentialAction":[{"@type":"ReadAction","target":["https:\/\/www.uartes.edu.ec\/sitio\/fr\/blog\/2024\/08\/27\/uartes-capacito-a-sus-docentes-sobre-las-adaptaciones-curriculares-y-necesidades-educativas-especiales-nee\/"]}]},{"@type":"ImageObject","inLanguage":"fr-FR","@id":"https:\/\/www.uartes.edu.ec\/sitio\/fr\/blog\/2024\/08\/27\/uartes-capacito-a-sus-docentes-sobre-las-adaptaciones-curriculares-y-necesidades-educativas-especiales-nee\/#primaryimage","url":"https:\/\/www.uartes.edu.ec\/sitio\/wp-content\/uploads\/2024\/09\/adaptaciones8-scaled.jpg","contentUrl":"https:\/\/www.uartes.edu.ec\/sitio\/wp-content\/uploads\/2024\/09\/adaptaciones8-scaled.jpg","width":2560,"height":1707},{"@type":"BreadcrumbList","@id":"https:\/\/www.uartes.edu.ec\/sitio\/fr\/blog\/2024\/08\/27\/uartes-capacito-a-sus-docentes-sobre-las-adaptaciones-curriculares-y-necesidades-educativas-especiales-nee\/#breadcrumb","itemListElement":[{"@type":"ListItem","position":1,"name":"Inicio","item":"https:\/\/www.uartes.edu.ec\/sitio\/"},{"@type":"ListItem","position":2,"name":"UArtes capacit\u00f3 a sus docentes sobre las adaptaciones curriculares y Necesidades Educativas Especiales (NEE)"}]},{"@type":"WebSite","@id":"https:\/\/www.uartes.edu.ec\/sitio\/fr\/#website","url":"https:\/\/www.uartes.edu.ec\/sitio\/fr\/","name":"Universidad de las Artes","description":"Sitio oficial de la Universidad Nacional de las Artes del Ecuador","publisher":{"@id":"https:\/\/www.uartes.edu.ec\/sitio\/fr\/#organization"},"potentialAction":[{"@type":"SearchAction","target":{"@type":"EntryPoint","urlTemplate":"https:\/\/www.uartes.edu.ec\/sitio\/fr\/?s={search_term_string}"},"query-input":{"@type":"PropertyValueSpecification","valueRequired":true,"valueName":"search_term_string"}}],"inLanguage":"fr-FR"},{"@type":"Organization","@id":"https:\/\/www.uartes.edu.ec\/sitio\/fr\/#organization","name":"Universidad de las Artes","url":"https:\/\/www.uartes.edu.ec\/sitio\/fr\/","logo":{"@type":"ImageObject","inLanguage":"fr-FR","@id":"https:\/\/www.uartes.edu.ec\/sitio\/fr\/#\/schema\/logo\/image\/","url":"https:\/\/www.uartes.edu.ec\/sitio\/wp-content\/uploads\/2022\/07\/logo-ua-horizontal.png","contentUrl":"https:\/\/www.uartes.edu.ec\/sitio\/wp-content\/uploads\/2022\/07\/logo-ua-horizontal.png","width":800,"height":276,"caption":"Universidad de las Artes"},"image":{"@id":"https:\/\/www.uartes.edu.ec\/sitio\/fr\/#\/schema\/logo\/image\/"},"sameAs":["https:\/\/www.facebook.com\/uartesec","https:\/\/x.com\/uartesec","https:\/\/www.tiktok.com\/@uartesec"]},{"@type":"Person","@id":"https:\/\/www.uartes.edu.ec\/sitio\/fr\/#\/schema\/person\/efa1b8275797664fd7f13a79ccc0b1f4","name":"ccortez","image":{"@type":"ImageObject","inLanguage":"fr-FR","@id":"https:\/\/secure.gravatar.com\/avatar\/b2a6f664a3ae8e074346ef91775736c5ec479e637ecced6842de9dc98b5da9cd?s=96&d=mm&r=g","url":"https:\/\/secure.gravatar.com\/avatar\/b2a6f664a3ae8e074346ef91775736c5ec479e637ecced6842de9dc98b5da9cd?s=96&d=mm&r=g","contentUrl":"https:\/\/secure.gravatar.com\/avatar\/b2a6f664a3ae8e074346ef91775736c5ec479e637ecced6842de9dc98b5da9cd?s=96&d=mm&r=g","caption":"ccortez"},"url":"https:\/\/www.uartes.edu.ec\/sitio\/fr\/blog\/author\/ccortez\/"}]}},"uagb_featured_image_src":{"full":["https:\/\/www.uartes.edu.ec\/sitio\/wp-content\/uploads\/2024\/09\/adaptaciones8-scaled.jpg",2560,1707,false],"thumbnail":["https:\/\/www.uartes.edu.ec\/sitio\/wp-content\/uploads\/2024\/09\/adaptaciones8-150x150.jpg",150,150,true],"medium":["https:\/\/www.uartes.edu.ec\/sitio\/wp-content\/uploads\/2024\/09\/adaptaciones8-300x200.jpg",300,200,true],"medium_large":["https:\/\/www.uartes.edu.ec\/sitio\/wp-content\/uploads\/2024\/09\/adaptaciones8-768x512.jpg",768,512,true],"large":["https:\/\/www.uartes.edu.ec\/sitio\/wp-content\/uploads\/2024\/09\/adaptaciones8-644x429.jpg",644,429,true],"1536x1536":["https:\/\/www.uartes.edu.ec\/sitio\/wp-content\/uploads\/2024\/09\/adaptaciones8-1536x1024.jpg",1536,1024,true],"2048x2048":["https:\/\/www.uartes.edu.ec\/sitio\/wp-content\/uploads\/2024\/09\/adaptaciones8-2048x1365.jpg",2048,1365,true],"trp-custom-language-flag":["https:\/\/www.uartes.edu.ec\/sitio\/wp-content\/uploads\/2024\/09\/adaptaciones8-18x12.jpg",18,12,true],"htmega_size_585x295":["https:\/\/www.uartes.edu.ec\/sitio\/wp-content\/uploads\/2024\/09\/adaptaciones8-585x295.jpg",585,295,true],"htmega_size_1170x536":["https:\/\/www.uartes.edu.ec\/sitio\/wp-content\/uploads\/2024\/09\/adaptaciones8-1170x536.jpg",1170,536,true],"htmega_size_396x360":["https:\/\/www.uartes.edu.ec\/sitio\/wp-content\/uploads\/2024\/09\/adaptaciones8-396x360.jpg",396,360,true],"gb-block-post-grid-landscape":["https:\/\/www.uartes.edu.ec\/sitio\/wp-content\/uploads\/2024\/09\/adaptaciones8-600x400.jpg",600,400,true],"gb-block-post-grid-square":["https:\/\/www.uartes.edu.ec\/sitio\/wp-content\/uploads\/2024\/09\/adaptaciones8-600x600.jpg",600,600,true],"university-hub-thumb":["https:\/\/www.uartes.edu.ec\/sitio\/wp-content\/uploads\/2024\/09\/adaptaciones8-400x267.jpg",400,267,true],"mailpoet_newsletter_max":["https:\/\/www.uartes.edu.ec\/sitio\/wp-content\/uploads\/2024\/09\/adaptaciones8-scaled.jpg",1320,880,false]},"uagb_author_info":{"display_name":"ccortez","author_link":"https:\/\/www.uartes.edu.ec\/sitio\/fr\/blog\/author\/ccortez\/"},"uagb_comment_info":0,"uagb_excerpt":"Dirigidas a los docentes de la Universidad de las Artes, el Vicerrectorado Acad\u00e9mico y la Secretar\u00eda de Bienestar Universitario organizaron una capacitaci\u00f3n acerca de \u201cAdaptaciones curriculares y Necesidades Educativas Especiales (NEE)\u201d. Tuvo dos jornadas, el 22 y 23 de agosto, en el Sal\u00f3n de Usos M\u00faltiples del Pabell\u00f3n Araceli Gilbert, en el antiguo Palacio de\u2026","featured_image_src":"https:\/\/www.uartes.edu.ec\/sitio\/wp-content\/uploads\/2024\/09\/adaptaciones8-600x400.jpg","featured_image_src_square":"https:\/\/www.uartes.edu.ec\/sitio\/wp-content\/uploads\/2024\/09\/adaptaciones8-600x600.jpg","author_info":{"display_name":"ccortez","author_link":"https:\/\/www.uartes.edu.ec\/sitio\/fr\/blog\/author\/ccortez\/"},"publishpress_future_workflow_manual_trigger":{"enabledWorkflows":[]},"distributor_meta":false,"distributor_terms":false,"distributor_media":false,"distributor_original_site_name":"Universidad de las Artes","distributor_original_site_url":"https:\/\/www.uartes.edu.ec\/sitio\/fr","push-errors":false,"_links":{"self":[{"href":"https:\/\/www.uartes.edu.ec\/sitio\/fr\/wp-json\/wp\/v2\/posts\/61081","targetHints":{"allow":["GET"]}}],"collection":[{"href":"https:\/\/www.uartes.edu.ec\/sitio\/fr\/wp-json\/wp\/v2\/posts"}],"about":[{"href":"https:\/\/www.uartes.edu.ec\/sitio\/fr\/wp-json\/wp\/v2\/types\/post"}],"author":[{"embeddable":true,"href":"https:\/\/www.uartes.edu.ec\/sitio\/fr\/wp-json\/wp\/v2\/users\/10"}],"replies":[{"embeddable":true,"href":"https:\/\/www.uartes.edu.ec\/sitio\/fr\/wp-json\/wp\/v2\/comments?post=61081"}],"version-history":[{"count":7,"href":"https:\/\/www.uartes.edu.ec\/sitio\/fr\/wp-json\/wp\/v2\/posts\/61081\/revisions"}],"predecessor-version":[{"id":61101,"href":"https:\/\/www.uartes.edu.ec\/sitio\/fr\/wp-json\/wp\/v2\/posts\/61081\/revisions\/61101"}],"wp:featuredmedia":[{"embeddable":true,"href":"https:\/\/www.uartes.edu.ec\/sitio\/fr\/wp-json\/wp\/v2\/media\/61082"}],"wp:attachment":[{"href":"https:\/\/www.uartes.edu.ec\/sitio\/fr\/wp-json\/wp\/v2\/media?parent=61081"}],"wp:term":[{"taxonomy":"category","embeddable":true,"href":"https:\/\/www.uartes.edu.ec\/sitio\/fr\/wp-json\/wp\/v2\/categories?post=61081"},{"taxonomy":"post_tag","embeddable":true,"href":"https:\/\/www.uartes.edu.ec\/sitio\/fr\/wp-json\/wp\/v2\/tags?post=61081"},{"taxonomy":"infouartes","embeddable":true,"href":"https:\/\/www.uartes.edu.ec\/sitio\/fr\/wp-json\/wp\/v2\/infouartes?post=61081"}],"curies":[{"name":"wp","href":"https:\/\/api.w.org\/{rel}","templated":true}]}}