{"id":61179,"date":"2024-08-30T13:10:00","date_gmt":"2024-08-30T18:10:00","guid":{"rendered":"https:\/\/www.uartes.edu.ec\/sitio\/?p=61179"},"modified":"2024-09-01T22:52:45","modified_gmt":"2024-09-02T03:52:45","slug":"festival-de-cine-documental-docslam-se-estrena-en-la-uartes-edicion-2024-rinde-homenaje-a-directoras-y-co-directoras","status":"publish","type":"post","link":"https:\/\/www.uartes.edu.ec\/sitio\/fr\/blog\/2024\/08\/30\/festival-de-cine-documental-docslam-se-estrena-en-la-uartes-edicion-2024-rinde-homenaje-a-directoras-y-co-directoras\/","title":{"rendered":"Festival de Cine Documental DocSlam se estrena en la UArtes; edici\u00f3n 2024 rinde homenaje a directoras y co-directoras"},"content":{"rendered":"<p>Del 2 al 7 de septiembre, Guayaquil podr\u00e1 disfrutar de una imperdible programaci\u00f3n de pel\u00edculas en el marco del Festival de Cine Documental DocSlam, del cual la Escuela de Cine de la Universidad de las Artes es coorganizadora y el MZ14 Centro de Producci\u00f3n e Innovaci\u00f3n UArtes la sede donde se proyectar\u00e1 una selecci\u00f3n de pel\u00edculas que abarcan desde los inicios del s\u00e9ptimo arte hasta las producciones m\u00e1s recientes.&nbsp;<\/p>\n\n\n\n<p>La presente edici\u00f3n del festival rinde homenaje a las mujeres directoras y co-directoras del cine documental y entre los t\u00edtulos destacados se encuentra \u201cMoana\u201d (1926) de Frances Flaherty, el primer documental dirigido por una mujer, junto a pel\u00edculas contempor\u00e1neas como \u201cLucy and Desi\u201d (EE. UU.), \u201cAtlantic Bar\u201d (Francia), \u201cDescendant\u201d (EE. UU.), \u201cAfter Antarctica\u201d (EE. UU.), \u201cHome Games\u201d (Ucrania), \u201cMaster of Light\u201d (EE. UU.), \u201cRelative (EE. UU.), \u201cUtop\u00eda (Colombia) y \u201cEl d\u00eda que me calle\u201d (Ecuador).<\/p>\n\n\n\n<p>El DocSlam contar\u00e1, adem\u00e1s, con una muestra competitiva de cortometrajes nacionales e internacionales. Entre los seleccionados destacan \u201cLe Bruit de l&#8217;int\u00e9rieur de moi\u201d (Francia), \u201cLes roses et les bleus\u201d (Francia), \u201cIrondy\u201d (Paraguay), \u201cAlicia y el mar\u201d (Ecuador), \u201cEl pueblo imaginado\u201d (Ecuador), \u201cMe han de recordar\u201d (Ecuador) y \u201cSacro\u201d (Ecuador).<\/p>\n\n\n<div class=\"wp-block-image\">\n<figure class=\"aligncenter size-large\"><img fetchpriority=\"high\" decoding=\"async\" width=\"644\" height=\"429\" src=\"https:\/\/www.uartes.edu.ec\/sitio\/wp-content\/uploads\/2023\/06\/MUESTRA-CINE-DOCUMENTAL-WEB-644x429.jpg\" alt=\"\" class=\"wp-image-42940\" srcset=\"https:\/\/www.uartes.edu.ec\/sitio\/wp-content\/uploads\/2023\/06\/MUESTRA-CINE-DOCUMENTAL-WEB-644x429.jpg 644w, https:\/\/www.uartes.edu.ec\/sitio\/wp-content\/uploads\/2023\/06\/MUESTRA-CINE-DOCUMENTAL-WEB-300x200.jpg 300w, https:\/\/www.uartes.edu.ec\/sitio\/wp-content\/uploads\/2023\/06\/MUESTRA-CINE-DOCUMENTAL-WEB-768x512.jpg 768w, https:\/\/www.uartes.edu.ec\/sitio\/wp-content\/uploads\/2023\/06\/MUESTRA-CINE-DOCUMENTAL-WEB-1536x1024.jpg 1536w, https:\/\/www.uartes.edu.ec\/sitio\/wp-content\/uploads\/2023\/06\/MUESTRA-CINE-DOCUMENTAL-WEB-600x400.jpg 600w, https:\/\/www.uartes.edu.ec\/sitio\/wp-content\/uploads\/2023\/06\/MUESTRA-CINE-DOCUMENTAL-WEB-400x267.jpg 400w, https:\/\/www.uartes.edu.ec\/sitio\/wp-content\/uploads\/2023\/06\/MUESTRA-CINE-DOCUMENTAL-WEB-272x182.jpg 272w, https:\/\/www.uartes.edu.ec\/sitio\/wp-content\/uploads\/2023\/06\/MUESTRA-CINE-DOCUMENTAL-WEB.jpg 2000w\" sizes=\"(max-width: 644px) 100vw, 644px\" \/><\/figure>\n<\/div>\n\n\n<p>Todas las funciones del festival ser\u00e1n presenciales y gratuitas, ofreciendo al p\u00fablico no solo la oportunidad de disfrutar de las proyecciones, sino tambi\u00e9n de participar en foros con invitados especiales y artistas del \u00e1mbito cinematogr\u00e1fico.<\/p>\n\n\n\n<p>La ceremonia inaugural tendr\u00e1 lugar este lunes 2 de septiembre, a las 18:00, y estar\u00e1n presentes junto con los organizadores del festival el Consulado y la Embajada de Estados Unidos y las autoridades de la UArtes, socios clave para la realizaci\u00f3n de este evento, anota Alejandra Carvajal, su coordinadora de producci\u00f3n. Ese primer d\u00eda se proyectar\u00e1 \u201cLucy and Desi\u201d de Amy Poehler (2022).<\/p>\n\n\n\n<p>La direcci\u00f3n del Festival de Cine Documental DocSlam est\u00e1 a cargo de Rafael Plaza y la producci\u00f3n general de Emilia Vega; ambos son graduados UArtes.<\/p>\n\n\n\n<p>De la Escuela de Cine UArtes, integrando el equipo t\u00e9cnico de la cita, participan varios de sus estudiantes: \u00c1ngel Armijos, Emilio Llerena, Erick Zambrano, Jeimy Alc\u00edvar, Juan Montenegro, Pablo Espinoza, Pablo Arellano, Jean Pierre Pomares y Yara Cepeda.<\/p>\n\n\n\n<p>Para mantenerse al tanto de las novedades y la programaci\u00f3n del festival seguir su perfil en Instagram: @docslam.ec.<\/p>\n\n\n\n<p>Las im\u00e1genes corresponden a la edici\u00f3n 2023 del Festival de Cine Documental DocSlam.<\/p>","protected":false},"excerpt":{"rendered":"<p>El DocSlam se estrenar\u00e1 este lunes 2 de septiembre y hasta el s\u00e1bado 7 presentar\u00e1 en el MZ14 de la UArtes una programaci\u00f3n con la que se rinde homenaje a directoras y co-directoras. La Universidad de las Artes coorganiza la cita; en la direcci\u00f3n y producci\u00f3n general est\u00e1n los alumni Rafael Plaza y Emilia Vega; en la coordinaci\u00f3n, Alejandra Carvajal; y en el equipo t\u00e9cnico varios estudiantes de la Escuela de Cine.<\/p>","protected":false},"author":10,"featured_media":61182,"comment_status":"open","ping_status":"open","sticky":false,"template":"","format":"standard","meta":{"_acf_changed":false,"_uag_custom_page_level_css":"","_monsterinsights_skip_tracking":false,"_monsterinsights_sitenote_active":false,"_monsterinsights_sitenote_note":"","_monsterinsights_sitenote_category":0,"cybocfi_hide_featured_image":"","footnotes":""},"categories":[147,75,76,77,83,79],"tags":[1265],"infouartes":[],"class_list":["post-61179","post","type-post","status-publish","format-standard","has-post-thumbnail","hentry","category-cine","category-docentes","category-estudiantes","category-gestion","category-sedes","category-vinculo","tag-trabajo-conjunto"],"acf":[],"yoast_head":"<!-- This site is optimized with the Yoast SEO plugin v27.4 - https:\/\/yoast.com\/product\/yoast-seo-wordpress\/ -->\n<title>Universidad de las Artes - Festival de Cine Documental DocSlam se estrena en la UArtes; edici\u00f3n 2024 rinde homenaje a directoras y co-directoras<\/title>\n<meta name=\"description\" content=\"Universidad de las Artes - Festival de Cine Documental DocSlam se estrena en la UArtes; edici\u00f3n 2024 rinde homenaje a directoras y co-directoras\" \/>\n<meta name=\"robots\" content=\"index, follow, max-snippet:-1, max-image-preview:large, max-video-preview:-1\" \/>\n<link rel=\"canonical\" href=\"https:\/\/www.uartes.edu.ec\/sitio\/fr\/blog\/2024\/08\/30\/festival-de-cine-documental-docslam-se-estrena-en-la-uartes-edicion-2024-rinde-homenaje-a-directoras-y-co-directoras\/\" \/>\n<meta property=\"og:locale\" content=\"fr_FR\" \/>\n<meta property=\"og:type\" content=\"article\" \/>\n<meta property=\"og:title\" content=\"Universidad de las Artes - Festival de Cine Documental DocSlam se estrena en la UArtes; edici\u00f3n 2024 rinde homenaje a directoras y co-directoras\" \/>\n<meta property=\"og:description\" content=\"Universidad de las Artes - Festival de Cine Documental DocSlam se estrena en la UArtes; edici\u00f3n 2024 rinde homenaje a directoras y co-directoras\" \/>\n<meta property=\"og:url\" content=\"https:\/\/www.uartes.edu.ec\/sitio\/fr\/blog\/2024\/08\/30\/festival-de-cine-documental-docslam-se-estrena-en-la-uartes-edicion-2024-rinde-homenaje-a-directoras-y-co-directoras\/\" \/>\n<meta property=\"og:site_name\" content=\"Universidad de las Artes\" \/>\n<meta property=\"article:publisher\" content=\"https:\/\/www.facebook.com\/uartesec\" \/>\n<meta property=\"article:published_time\" content=\"2024-08-30T18:10:00+00:00\" \/>\n<meta property=\"article:modified_time\" content=\"2024-09-02T03:52:45+00:00\" \/>\n<meta property=\"og:image\" content=\"https:\/\/www.uartes.edu.ec\/sitio\/wp-content\/uploads\/2024\/08\/DOC-SLAM.jpg\" \/>\n\t<meta property=\"og:image:width\" content=\"2000\" \/>\n\t<meta property=\"og:image:height\" content=\"1333\" \/>\n\t<meta property=\"og:image:type\" content=\"image\/jpeg\" \/>\n<meta name=\"author\" content=\"ccortez\" \/>\n<meta name=\"twitter:card\" content=\"summary_large_image\" \/>\n<meta name=\"twitter:creator\" content=\"@uartesec\" \/>\n<meta name=\"twitter:site\" content=\"@uartesec\" \/>\n<meta name=\"twitter:label1\" content=\"\u00c9crit par\" \/>\n\t<meta name=\"twitter:data1\" content=\"ccortez\" \/>\n\t<meta name=\"twitter:label2\" content=\"Dur\u00e9e de lecture estim\u00e9e\" \/>\n\t<meta name=\"twitter:data2\" content=\"3 minutes\" \/>\n<script type=\"application\/ld+json\" class=\"yoast-schema-graph\">{\"@context\":\"https:\\\/\\\/schema.org\",\"@graph\":[{\"@type\":\"Article\",\"@id\":\"https:\\\/\\\/www.uartes.edu.ec\\\/sitio\\\/fr\\\/blog\\\/2024\\\/08\\\/30\\\/festival-de-cine-documental-docslam-se-estrena-en-la-uartes-edicion-2024-rinde-homenaje-a-directoras-y-co-directoras\\\/#article\",\"isPartOf\":{\"@id\":\"https:\\\/\\\/www.uartes.edu.ec\\\/sitio\\\/fr\\\/blog\\\/2024\\\/08\\\/30\\\/festival-de-cine-documental-docslam-se-estrena-en-la-uartes-edicion-2024-rinde-homenaje-a-directoras-y-co-directoras\\\/\"},\"author\":{\"name\":\"ccortez\",\"@id\":\"https:\\\/\\\/www.uartes.edu.ec\\\/sitio\\\/fr\\\/#\\\/schema\\\/person\\\/efa1b8275797664fd7f13a79ccc0b1f4\"},\"headline\":\"Festival de Cine Documental DocSlam se estrena en la UArtes; edici\u00f3n 2024 rinde homenaje a directoras y co-directoras\",\"datePublished\":\"2024-08-30T18:10:00+00:00\",\"dateModified\":\"2024-09-02T03:52:45+00:00\",\"mainEntityOfPage\":{\"@id\":\"https:\\\/\\\/www.uartes.edu.ec\\\/sitio\\\/fr\\\/blog\\\/2024\\\/08\\\/30\\\/festival-de-cine-documental-docslam-se-estrena-en-la-uartes-edicion-2024-rinde-homenaje-a-directoras-y-co-directoras\\\/\"},\"wordCount\":430,\"commentCount\":0,\"publisher\":{\"@id\":\"https:\\\/\\\/www.uartes.edu.ec\\\/sitio\\\/fr\\\/#organization\"},\"image\":{\"@id\":\"https:\\\/\\\/www.uartes.edu.ec\\\/sitio\\\/fr\\\/blog\\\/2024\\\/08\\\/30\\\/festival-de-cine-documental-docslam-se-estrena-en-la-uartes-edicion-2024-rinde-homenaje-a-directoras-y-co-directoras\\\/#primaryimage\"},\"thumbnailUrl\":\"https:\\\/\\\/www.uartes.edu.ec\\\/sitio\\\/wp-content\\\/uploads\\\/2024\\\/08\\\/DOC-SLAM.jpg\",\"keywords\":[\"trabajo conjunto\"],\"articleSection\":[\"Cine\",\"Docentes\",\"Estudiantes\",\"Gesti\u00f3n\",\"Sedes\",\"V\u00ednculo\"],\"inLanguage\":\"fr-FR\",\"potentialAction\":[{\"@type\":\"CommentAction\",\"name\":\"Comment\",\"target\":[\"https:\\\/\\\/www.uartes.edu.ec\\\/sitio\\\/fr\\\/blog\\\/2024\\\/08\\\/30\\\/festival-de-cine-documental-docslam-se-estrena-en-la-uartes-edicion-2024-rinde-homenaje-a-directoras-y-co-directoras\\\/#respond\"]}]},{\"@type\":[\"WebPage\",\"ItemPage\"],\"@id\":\"https:\\\/\\\/www.uartes.edu.ec\\\/sitio\\\/fr\\\/blog\\\/2024\\\/08\\\/30\\\/festival-de-cine-documental-docslam-se-estrena-en-la-uartes-edicion-2024-rinde-homenaje-a-directoras-y-co-directoras\\\/\",\"url\":\"https:\\\/\\\/www.uartes.edu.ec\\\/sitio\\\/fr\\\/blog\\\/2024\\\/08\\\/30\\\/festival-de-cine-documental-docslam-se-estrena-en-la-uartes-edicion-2024-rinde-homenaje-a-directoras-y-co-directoras\\\/\",\"name\":\"Universidad de las Artes - Festival de Cine Documental DocSlam se estrena en la UArtes; edici\u00f3n 2024 rinde homenaje a directoras y co-directoras\",\"isPartOf\":{\"@id\":\"https:\\\/\\\/www.uartes.edu.ec\\\/sitio\\\/fr\\\/#website\"},\"primaryImageOfPage\":{\"@id\":\"https:\\\/\\\/www.uartes.edu.ec\\\/sitio\\\/fr\\\/blog\\\/2024\\\/08\\\/30\\\/festival-de-cine-documental-docslam-se-estrena-en-la-uartes-edicion-2024-rinde-homenaje-a-directoras-y-co-directoras\\\/#primaryimage\"},\"image\":{\"@id\":\"https:\\\/\\\/www.uartes.edu.ec\\\/sitio\\\/fr\\\/blog\\\/2024\\\/08\\\/30\\\/festival-de-cine-documental-docslam-se-estrena-en-la-uartes-edicion-2024-rinde-homenaje-a-directoras-y-co-directoras\\\/#primaryimage\"},\"thumbnailUrl\":\"https:\\\/\\\/www.uartes.edu.ec\\\/sitio\\\/wp-content\\\/uploads\\\/2024\\\/08\\\/DOC-SLAM.jpg\",\"datePublished\":\"2024-08-30T18:10:00+00:00\",\"dateModified\":\"2024-09-02T03:52:45+00:00\",\"description\":\"Universidad de las Artes - Festival de Cine Documental DocSlam se estrena en la UArtes; edici\u00f3n 2024 rinde homenaje a directoras y co-directoras\",\"breadcrumb\":{\"@id\":\"https:\\\/\\\/www.uartes.edu.ec\\\/sitio\\\/fr\\\/blog\\\/2024\\\/08\\\/30\\\/festival-de-cine-documental-docslam-se-estrena-en-la-uartes-edicion-2024-rinde-homenaje-a-directoras-y-co-directoras\\\/#breadcrumb\"},\"inLanguage\":\"fr-FR\",\"potentialAction\":[{\"@type\":\"ReadAction\",\"target\":[\"https:\\\/\\\/www.uartes.edu.ec\\\/sitio\\\/fr\\\/blog\\\/2024\\\/08\\\/30\\\/festival-de-cine-documental-docslam-se-estrena-en-la-uartes-edicion-2024-rinde-homenaje-a-directoras-y-co-directoras\\\/\"]}]},{\"@type\":\"ImageObject\",\"inLanguage\":\"fr-FR\",\"@id\":\"https:\\\/\\\/www.uartes.edu.ec\\\/sitio\\\/fr\\\/blog\\\/2024\\\/08\\\/30\\\/festival-de-cine-documental-docslam-se-estrena-en-la-uartes-edicion-2024-rinde-homenaje-a-directoras-y-co-directoras\\\/#primaryimage\",\"url\":\"https:\\\/\\\/www.uartes.edu.ec\\\/sitio\\\/wp-content\\\/uploads\\\/2024\\\/08\\\/DOC-SLAM.jpg\",\"contentUrl\":\"https:\\\/\\\/www.uartes.edu.ec\\\/sitio\\\/wp-content\\\/uploads\\\/2024\\\/08\\\/DOC-SLAM.jpg\",\"width\":2000,\"height\":1333},{\"@type\":\"BreadcrumbList\",\"@id\":\"https:\\\/\\\/www.uartes.edu.ec\\\/sitio\\\/fr\\\/blog\\\/2024\\\/08\\\/30\\\/festival-de-cine-documental-docslam-se-estrena-en-la-uartes-edicion-2024-rinde-homenaje-a-directoras-y-co-directoras\\\/#breadcrumb\",\"itemListElement\":[{\"@type\":\"ListItem\",\"position\":1,\"name\":\"Inicio\",\"item\":\"https:\\\/\\\/www.uartes.edu.ec\\\/sitio\\\/\"},{\"@type\":\"ListItem\",\"position\":2,\"name\":\"Festival de Cine Documental DocSlam se estrena en la UArtes; edici\u00f3n 2024 rinde homenaje a directoras y co-directoras\"}]},{\"@type\":\"WebSite\",\"@id\":\"https:\\\/\\\/www.uartes.edu.ec\\\/sitio\\\/fr\\\/#website\",\"url\":\"https:\\\/\\\/www.uartes.edu.ec\\\/sitio\\\/fr\\\/\",\"name\":\"Universidad de las Artes\",\"description\":\"Sitio oficial de la Universidad Nacional de las Artes del Ecuador\",\"publisher\":{\"@id\":\"https:\\\/\\\/www.uartes.edu.ec\\\/sitio\\\/fr\\\/#organization\"},\"potentialAction\":[{\"@type\":\"SearchAction\",\"target\":{\"@type\":\"EntryPoint\",\"urlTemplate\":\"https:\\\/\\\/www.uartes.edu.ec\\\/sitio\\\/fr\\\/?s={search_term_string}\"},\"query-input\":{\"@type\":\"PropertyValueSpecification\",\"valueRequired\":true,\"valueName\":\"search_term_string\"}}],\"inLanguage\":\"fr-FR\"},{\"@type\":\"Organization\",\"@id\":\"https:\\\/\\\/www.uartes.edu.ec\\\/sitio\\\/fr\\\/#organization\",\"name\":\"Universidad de las Artes\",\"url\":\"https:\\\/\\\/www.uartes.edu.ec\\\/sitio\\\/fr\\\/\",\"logo\":{\"@type\":\"ImageObject\",\"inLanguage\":\"fr-FR\",\"@id\":\"https:\\\/\\\/www.uartes.edu.ec\\\/sitio\\\/fr\\\/#\\\/schema\\\/logo\\\/image\\\/\",\"url\":\"https:\\\/\\\/www.uartes.edu.ec\\\/sitio\\\/wp-content\\\/uploads\\\/2022\\\/07\\\/logo-ua-horizontal.png\",\"contentUrl\":\"https:\\\/\\\/www.uartes.edu.ec\\\/sitio\\\/wp-content\\\/uploads\\\/2022\\\/07\\\/logo-ua-horizontal.png\",\"width\":800,\"height\":276,\"caption\":\"Universidad de las Artes\"},\"image\":{\"@id\":\"https:\\\/\\\/www.uartes.edu.ec\\\/sitio\\\/fr\\\/#\\\/schema\\\/logo\\\/image\\\/\"},\"sameAs\":[\"https:\\\/\\\/www.facebook.com\\\/uartesec\",\"https:\\\/\\\/x.com\\\/uartesec\",\"https:\\\/\\\/www.tiktok.com\\\/@uartesec\"]},{\"@type\":\"Person\",\"@id\":\"https:\\\/\\\/www.uartes.edu.ec\\\/sitio\\\/fr\\\/#\\\/schema\\\/person\\\/efa1b8275797664fd7f13a79ccc0b1f4\",\"name\":\"ccortez\",\"image\":{\"@type\":\"ImageObject\",\"inLanguage\":\"fr-FR\",\"@id\":\"https:\\\/\\\/secure.gravatar.com\\\/avatar\\\/b2a6f664a3ae8e074346ef91775736c5ec479e637ecced6842de9dc98b5da9cd?s=96&d=mm&r=g\",\"url\":\"https:\\\/\\\/secure.gravatar.com\\\/avatar\\\/b2a6f664a3ae8e074346ef91775736c5ec479e637ecced6842de9dc98b5da9cd?s=96&d=mm&r=g\",\"contentUrl\":\"https:\\\/\\\/secure.gravatar.com\\\/avatar\\\/b2a6f664a3ae8e074346ef91775736c5ec479e637ecced6842de9dc98b5da9cd?s=96&d=mm&r=g\",\"caption\":\"ccortez\"},\"url\":\"https:\\\/\\\/www.uartes.edu.ec\\\/sitio\\\/fr\\\/blog\\\/author\\\/ccortez\\\/\"}]}<\/script>\n<!-- \/ Yoast SEO plugin. -->","yoast_head_json":{"title":"Universidad de las Artes - Festival de Cine Documental DocSlam se estrena en la UArtes; edici\u00f3n 2024 rinde homenaje a directoras y co-directoras","description":"Universidad de las Artes - Festival de Cine Documental DocSlam se estrena en la UArtes; edici\u00f3n 2024 rinde homenaje a directoras y co-directoras","robots":{"index":"index","follow":"follow","max-snippet":"max-snippet:-1","max-image-preview":"max-image-preview:large","max-video-preview":"max-video-preview:-1"},"canonical":"https:\/\/www.uartes.edu.ec\/sitio\/fr\/blog\/2024\/08\/30\/festival-de-cine-documental-docslam-se-estrena-en-la-uartes-edicion-2024-rinde-homenaje-a-directoras-y-co-directoras\/","og_locale":"fr_FR","og_type":"article","og_title":"Universidad de las Artes - Festival de Cine Documental DocSlam se estrena en la UArtes; edici\u00f3n 2024 rinde homenaje a directoras y co-directoras","og_description":"Universidad de las Artes - Festival de Cine Documental DocSlam se estrena en la UArtes; edici\u00f3n 2024 rinde homenaje a directoras y co-directoras","og_url":"https:\/\/www.uartes.edu.ec\/sitio\/fr\/blog\/2024\/08\/30\/festival-de-cine-documental-docslam-se-estrena-en-la-uartes-edicion-2024-rinde-homenaje-a-directoras-y-co-directoras\/","og_site_name":"Universidad de las Artes","article_publisher":"https:\/\/www.facebook.com\/uartesec","article_published_time":"2024-08-30T18:10:00+00:00","article_modified_time":"2024-09-02T03:52:45+00:00","og_image":[{"width":2000,"height":1333,"url":"https:\/\/www.uartes.edu.ec\/sitio\/wp-content\/uploads\/2024\/08\/DOC-SLAM.jpg","type":"image\/jpeg"}],"author":"ccortez","twitter_card":"summary_large_image","twitter_creator":"@uartesec","twitter_site":"@uartesec","twitter_misc":{"\u00c9crit par":"ccortez","Dur\u00e9e de lecture estim\u00e9e":"3 minutes"},"schema":{"@context":"https:\/\/schema.org","@graph":[{"@type":"Article","@id":"https:\/\/www.uartes.edu.ec\/sitio\/fr\/blog\/2024\/08\/30\/festival-de-cine-documental-docslam-se-estrena-en-la-uartes-edicion-2024-rinde-homenaje-a-directoras-y-co-directoras\/#article","isPartOf":{"@id":"https:\/\/www.uartes.edu.ec\/sitio\/fr\/blog\/2024\/08\/30\/festival-de-cine-documental-docslam-se-estrena-en-la-uartes-edicion-2024-rinde-homenaje-a-directoras-y-co-directoras\/"},"author":{"name":"ccortez","@id":"https:\/\/www.uartes.edu.ec\/sitio\/fr\/#\/schema\/person\/efa1b8275797664fd7f13a79ccc0b1f4"},"headline":"Festival de Cine Documental DocSlam se estrena en la UArtes; edici\u00f3n 2024 rinde homenaje a directoras y co-directoras","datePublished":"2024-08-30T18:10:00+00:00","dateModified":"2024-09-02T03:52:45+00:00","mainEntityOfPage":{"@id":"https:\/\/www.uartes.edu.ec\/sitio\/fr\/blog\/2024\/08\/30\/festival-de-cine-documental-docslam-se-estrena-en-la-uartes-edicion-2024-rinde-homenaje-a-directoras-y-co-directoras\/"},"wordCount":430,"commentCount":0,"publisher":{"@id":"https:\/\/www.uartes.edu.ec\/sitio\/fr\/#organization"},"image":{"@id":"https:\/\/www.uartes.edu.ec\/sitio\/fr\/blog\/2024\/08\/30\/festival-de-cine-documental-docslam-se-estrena-en-la-uartes-edicion-2024-rinde-homenaje-a-directoras-y-co-directoras\/#primaryimage"},"thumbnailUrl":"https:\/\/www.uartes.edu.ec\/sitio\/wp-content\/uploads\/2024\/08\/DOC-SLAM.jpg","keywords":["trabajo conjunto"],"articleSection":["Cine","Docentes","Estudiantes","Gesti\u00f3n","Sedes","V\u00ednculo"],"inLanguage":"fr-FR","potentialAction":[{"@type":"CommentAction","name":"Comment","target":["https:\/\/www.uartes.edu.ec\/sitio\/fr\/blog\/2024\/08\/30\/festival-de-cine-documental-docslam-se-estrena-en-la-uartes-edicion-2024-rinde-homenaje-a-directoras-y-co-directoras\/#respond"]}]},{"@type":["WebPage","ItemPage"],"@id":"https:\/\/www.uartes.edu.ec\/sitio\/fr\/blog\/2024\/08\/30\/festival-de-cine-documental-docslam-se-estrena-en-la-uartes-edicion-2024-rinde-homenaje-a-directoras-y-co-directoras\/","url":"https:\/\/www.uartes.edu.ec\/sitio\/fr\/blog\/2024\/08\/30\/festival-de-cine-documental-docslam-se-estrena-en-la-uartes-edicion-2024-rinde-homenaje-a-directoras-y-co-directoras\/","name":"Universidad de las Artes - Festival de Cine Documental DocSlam se estrena en la UArtes; edici\u00f3n 2024 rinde homenaje a directoras y co-directoras","isPartOf":{"@id":"https:\/\/www.uartes.edu.ec\/sitio\/fr\/#website"},"primaryImageOfPage":{"@id":"https:\/\/www.uartes.edu.ec\/sitio\/fr\/blog\/2024\/08\/30\/festival-de-cine-documental-docslam-se-estrena-en-la-uartes-edicion-2024-rinde-homenaje-a-directoras-y-co-directoras\/#primaryimage"},"image":{"@id":"https:\/\/www.uartes.edu.ec\/sitio\/fr\/blog\/2024\/08\/30\/festival-de-cine-documental-docslam-se-estrena-en-la-uartes-edicion-2024-rinde-homenaje-a-directoras-y-co-directoras\/#primaryimage"},"thumbnailUrl":"https:\/\/www.uartes.edu.ec\/sitio\/wp-content\/uploads\/2024\/08\/DOC-SLAM.jpg","datePublished":"2024-08-30T18:10:00+00:00","dateModified":"2024-09-02T03:52:45+00:00","description":"Universidad de las Artes - Festival de Cine Documental DocSlam se estrena en la UArtes; edici\u00f3n 2024 rinde homenaje a directoras y co-directoras","breadcrumb":{"@id":"https:\/\/www.uartes.edu.ec\/sitio\/fr\/blog\/2024\/08\/30\/festival-de-cine-documental-docslam-se-estrena-en-la-uartes-edicion-2024-rinde-homenaje-a-directoras-y-co-directoras\/#breadcrumb"},"inLanguage":"fr-FR","potentialAction":[{"@type":"ReadAction","target":["https:\/\/www.uartes.edu.ec\/sitio\/fr\/blog\/2024\/08\/30\/festival-de-cine-documental-docslam-se-estrena-en-la-uartes-edicion-2024-rinde-homenaje-a-directoras-y-co-directoras\/"]}]},{"@type":"ImageObject","inLanguage":"fr-FR","@id":"https:\/\/www.uartes.edu.ec\/sitio\/fr\/blog\/2024\/08\/30\/festival-de-cine-documental-docslam-se-estrena-en-la-uartes-edicion-2024-rinde-homenaje-a-directoras-y-co-directoras\/#primaryimage","url":"https:\/\/www.uartes.edu.ec\/sitio\/wp-content\/uploads\/2024\/08\/DOC-SLAM.jpg","contentUrl":"https:\/\/www.uartes.edu.ec\/sitio\/wp-content\/uploads\/2024\/08\/DOC-SLAM.jpg","width":2000,"height":1333},{"@type":"BreadcrumbList","@id":"https:\/\/www.uartes.edu.ec\/sitio\/fr\/blog\/2024\/08\/30\/festival-de-cine-documental-docslam-se-estrena-en-la-uartes-edicion-2024-rinde-homenaje-a-directoras-y-co-directoras\/#breadcrumb","itemListElement":[{"@type":"ListItem","position":1,"name":"Inicio","item":"https:\/\/www.uartes.edu.ec\/sitio\/"},{"@type":"ListItem","position":2,"name":"Festival de Cine Documental DocSlam se estrena en la UArtes; edici\u00f3n 2024 rinde homenaje a directoras y co-directoras"}]},{"@type":"WebSite","@id":"https:\/\/www.uartes.edu.ec\/sitio\/fr\/#website","url":"https:\/\/www.uartes.edu.ec\/sitio\/fr\/","name":"Universidad de las Artes","description":"Sitio oficial de la Universidad Nacional de las Artes del Ecuador","publisher":{"@id":"https:\/\/www.uartes.edu.ec\/sitio\/fr\/#organization"},"potentialAction":[{"@type":"SearchAction","target":{"@type":"EntryPoint","urlTemplate":"https:\/\/www.uartes.edu.ec\/sitio\/fr\/?s={search_term_string}"},"query-input":{"@type":"PropertyValueSpecification","valueRequired":true,"valueName":"search_term_string"}}],"inLanguage":"fr-FR"},{"@type":"Organization","@id":"https:\/\/www.uartes.edu.ec\/sitio\/fr\/#organization","name":"Universidad de las Artes","url":"https:\/\/www.uartes.edu.ec\/sitio\/fr\/","logo":{"@type":"ImageObject","inLanguage":"fr-FR","@id":"https:\/\/www.uartes.edu.ec\/sitio\/fr\/#\/schema\/logo\/image\/","url":"https:\/\/www.uartes.edu.ec\/sitio\/wp-content\/uploads\/2022\/07\/logo-ua-horizontal.png","contentUrl":"https:\/\/www.uartes.edu.ec\/sitio\/wp-content\/uploads\/2022\/07\/logo-ua-horizontal.png","width":800,"height":276,"caption":"Universidad de las Artes"},"image":{"@id":"https:\/\/www.uartes.edu.ec\/sitio\/fr\/#\/schema\/logo\/image\/"},"sameAs":["https:\/\/www.facebook.com\/uartesec","https:\/\/x.com\/uartesec","https:\/\/www.tiktok.com\/@uartesec"]},{"@type":"Person","@id":"https:\/\/www.uartes.edu.ec\/sitio\/fr\/#\/schema\/person\/efa1b8275797664fd7f13a79ccc0b1f4","name":"ccortez","image":{"@type":"ImageObject","inLanguage":"fr-FR","@id":"https:\/\/secure.gravatar.com\/avatar\/b2a6f664a3ae8e074346ef91775736c5ec479e637ecced6842de9dc98b5da9cd?s=96&d=mm&r=g","url":"https:\/\/secure.gravatar.com\/avatar\/b2a6f664a3ae8e074346ef91775736c5ec479e637ecced6842de9dc98b5da9cd?s=96&d=mm&r=g","contentUrl":"https:\/\/secure.gravatar.com\/avatar\/b2a6f664a3ae8e074346ef91775736c5ec479e637ecced6842de9dc98b5da9cd?s=96&d=mm&r=g","caption":"ccortez"},"url":"https:\/\/www.uartes.edu.ec\/sitio\/fr\/blog\/author\/ccortez\/"}]}},"uagb_featured_image_src":{"full":["https:\/\/www.uartes.edu.ec\/sitio\/wp-content\/uploads\/2024\/08\/DOC-SLAM.jpg",2000,1333,false],"thumbnail":["https:\/\/www.uartes.edu.ec\/sitio\/wp-content\/uploads\/2024\/08\/DOC-SLAM-150x150.jpg",150,150,true],"medium":["https:\/\/www.uartes.edu.ec\/sitio\/wp-content\/uploads\/2024\/08\/DOC-SLAM-300x200.jpg",300,200,true],"medium_large":["https:\/\/www.uartes.edu.ec\/sitio\/wp-content\/uploads\/2024\/08\/DOC-SLAM-768x512.jpg",768,512,true],"large":["https:\/\/www.uartes.edu.ec\/sitio\/wp-content\/uploads\/2024\/08\/DOC-SLAM-644x429.jpg",644,429,true],"1536x1536":["https:\/\/www.uartes.edu.ec\/sitio\/wp-content\/uploads\/2024\/08\/DOC-SLAM-1536x1024.jpg",1536,1024,true],"2048x2048":["https:\/\/www.uartes.edu.ec\/sitio\/wp-content\/uploads\/2024\/08\/DOC-SLAM.jpg",2000,1333,false],"trp-custom-language-flag":["https:\/\/www.uartes.edu.ec\/sitio\/wp-content\/uploads\/2024\/08\/DOC-SLAM-18x12.jpg",18,12,true],"htmega_size_585x295":["https:\/\/www.uartes.edu.ec\/sitio\/wp-content\/uploads\/2024\/08\/DOC-SLAM-585x295.jpg",585,295,true],"htmega_size_1170x536":["https:\/\/www.uartes.edu.ec\/sitio\/wp-content\/uploads\/2024\/08\/DOC-SLAM-1170x536.jpg",1170,536,true],"htmega_size_396x360":["https:\/\/www.uartes.edu.ec\/sitio\/wp-content\/uploads\/2024\/08\/DOC-SLAM-396x360.jpg",396,360,true],"gb-block-post-grid-landscape":["https:\/\/www.uartes.edu.ec\/sitio\/wp-content\/uploads\/2024\/08\/DOC-SLAM-600x400.jpg",600,400,true],"gb-block-post-grid-square":["https:\/\/www.uartes.edu.ec\/sitio\/wp-content\/uploads\/2024\/08\/DOC-SLAM-600x600.jpg",600,600,true],"university-hub-thumb":["https:\/\/www.uartes.edu.ec\/sitio\/wp-content\/uploads\/2024\/08\/DOC-SLAM-400x267.jpg",400,267,true]},"uagb_author_info":{"display_name":"ccortez","author_link":"https:\/\/www.uartes.edu.ec\/sitio\/fr\/blog\/author\/ccortez\/"},"uagb_comment_info":0,"uagb_excerpt":"El DocSlam se estrenar\u00e1 este lunes 2 de septiembre y hasta el s\u00e1bado 7 presentar\u00e1 en el MZ14 de la UArtes una programaci\u00f3n con la que se rinde homenaje a directoras y co-directoras. La Universidad de las Artes coorganiza la cita; en la direcci\u00f3n y producci\u00f3n general est\u00e1n los alumni Rafael Plaza y Emilia Vega;\u2026","featured_image_src":"https:\/\/www.uartes.edu.ec\/sitio\/wp-content\/uploads\/2024\/08\/DOC-SLAM-600x400.jpg","featured_image_src_square":"https:\/\/www.uartes.edu.ec\/sitio\/wp-content\/uploads\/2024\/08\/DOC-SLAM-600x600.jpg","author_info":{"display_name":"ccortez","author_link":"https:\/\/www.uartes.edu.ec\/sitio\/fr\/blog\/author\/ccortez\/"},"publishpress_future_workflow_manual_trigger":{"enabledWorkflows":[]},"distributor_meta":false,"distributor_terms":false,"distributor_media":false,"distributor_original_site_name":"Universidad de las Artes","distributor_original_site_url":"https:\/\/www.uartes.edu.ec\/sitio\/fr","push-errors":false,"_links":{"self":[{"href":"https:\/\/www.uartes.edu.ec\/sitio\/fr\/wp-json\/wp\/v2\/posts\/61179","targetHints":{"allow":["GET"]}}],"collection":[{"href":"https:\/\/www.uartes.edu.ec\/sitio\/fr\/wp-json\/wp\/v2\/posts"}],"about":[{"href":"https:\/\/www.uartes.edu.ec\/sitio\/fr\/wp-json\/wp\/v2\/types\/post"}],"author":[{"embeddable":true,"href":"https:\/\/www.uartes.edu.ec\/sitio\/fr\/wp-json\/wp\/v2\/users\/10"}],"replies":[{"embeddable":true,"href":"https:\/\/www.uartes.edu.ec\/sitio\/fr\/wp-json\/wp\/v2\/comments?post=61179"}],"version-history":[{"count":8,"href":"https:\/\/www.uartes.edu.ec\/sitio\/fr\/wp-json\/wp\/v2\/posts\/61179\/revisions"}],"predecessor-version":[{"id":61194,"href":"https:\/\/www.uartes.edu.ec\/sitio\/fr\/wp-json\/wp\/v2\/posts\/61179\/revisions\/61194"}],"wp:featuredmedia":[{"embeddable":true,"href":"https:\/\/www.uartes.edu.ec\/sitio\/fr\/wp-json\/wp\/v2\/media\/61182"}],"wp:attachment":[{"href":"https:\/\/www.uartes.edu.ec\/sitio\/fr\/wp-json\/wp\/v2\/media?parent=61179"}],"wp:term":[{"taxonomy":"category","embeddable":true,"href":"https:\/\/www.uartes.edu.ec\/sitio\/fr\/wp-json\/wp\/v2\/categories?post=61179"},{"taxonomy":"post_tag","embeddable":true,"href":"https:\/\/www.uartes.edu.ec\/sitio\/fr\/wp-json\/wp\/v2\/tags?post=61179"},{"taxonomy":"infouartes","embeddable":true,"href":"https:\/\/www.uartes.edu.ec\/sitio\/fr\/wp-json\/wp\/v2\/infouartes?post=61179"}],"curies":[{"name":"wp","href":"https:\/\/api.w.org\/{rel}","templated":true}]}}