{"id":61319,"date":"2024-09-02T14:33:00","date_gmt":"2024-09-02T19:33:00","guid":{"rendered":"https:\/\/www.uartes.edu.ec\/sitio\/?p=61319"},"modified":"2024-09-26T10:21:24","modified_gmt":"2024-09-26T15:21:24","slug":"biblioteca-de-las-artes-lleva-a-la-fil-guayaquil-dos-propuestas-exploradores-de-cuentos-y-cronotopias","status":"publish","type":"post","link":"https:\/\/www.uartes.edu.ec\/sitio\/fr\/blog\/2024\/09\/02\/biblioteca-de-las-artes-lleva-a-la-fil-guayaquil-dos-propuestas-exploradores-de-cuentos-y-cronotopias\/","title":{"rendered":"La Biblioteca de las Artes lleva a la Feria Internacional del Libro Guayaquil a los Exploradores de cuentos y Cronotop\u00edas"},"content":{"rendered":"<p>La biblioteca de la Universidad de las Artes estar\u00e1 presente en la Feria Internacional del Libro Guayaquil (FIL GYE), que se realizar\u00e1 del 18 al 22 de septiembre en el Centro de Convenciones Sim\u00f3n Bol\u00edvar. Zully Ord\u00f3\u00f1ez, gestora cultural y encargada de la Sala R\u00eda del repositorio UArtes, comenta que llevar\u00e1n \u201cExploradores de cuentos\u201d, propuesta de mediaci\u00f3n lectora dirigida a ni\u00f1os y ni\u00f1as, y \u201cCronotrop\u00edas\u201d, espacio de di\u00e1logo sobre literatura y sus diferentes g\u00e9neros, dirigido a adolescentes y adultos.<\/p>\n\n\n\n<p>Ord\u00f3\u00f1ez, graduada en Literatura por la UArtes y m\u00e1ster en Literatura Espa\u00f1ola y Latinoamericana por la UNIR (Universidad Internacional de La Rioja), detalla que con \u201cExploradores de cuentos\u201d ser\u00e1n dos las participaciones que tendr\u00e1 la Biblioteca de las Artes dentro del programa que la FIL GYE ha organizado para colegios y escuelas. El s\u00e1bado 21 de septiembre, de 11:00 a 12:00, junto a Josselyn Naranjo realizar\u00e1n la lectura din\u00e1mica del libro ilustrado \u201cMax Ernest: El hombre p\u00e1jaro\u201d, de Daniela Irigi de Murgia, donde invitar\u00e1n a los presentes a expresarse a trav\u00e9s del dibujo.<\/p>\n\n\n\n<p>El objetivo de esta propuesta, que est\u00e1 dirigida a un p\u00fablico de entre 6 a 11 a\u00f1os, es llevarlos al conocimiento del surrealismo, de las im\u00e1genes on\u00edricas y sus posibilidades creadoras, explica Ord\u00f3\u00f1ez.<\/p>\n\n\n\n<p>La segunda participaci\u00f3n de \u201cExploradores de cuentos\u201d ser\u00e1 el domingo 22 de septiembre. Ord\u00f3\u00f1ez junto a Nicolas Goussas, estudiante UArtes, leer\u00e1n ante un p\u00fablico igualmente con edades entre los 6 a 11 a\u00f1os el libro ilustrado \u201cDaniela Pirata\u201d de Susanna Isern &amp; G\u00f3mez y luego animar\u00e1n a los presentes a participar en una actividad guiada de escritura. \u201cBuscamos encaminar a los ni\u00f1os y ni\u00f1as que asistan a reconocer las habilidades propias y de los otros para combatir la discriminaci\u00f3n\u201d.<\/p>\n\n\n<div class=\"wp-block-image\">\n<figure class=\"aligncenter size-large\"><img fetchpriority=\"high\" decoding=\"async\" width=\"644\" height=\"429\" src=\"https:\/\/www.uartes.edu.ec\/sitio\/wp-content\/uploads\/2024\/09\/02-FIL-UARTES-2024-644x429.jpg\" alt=\"\" class=\"wp-image-61709\" srcset=\"https:\/\/www.uartes.edu.ec\/sitio\/wp-content\/uploads\/2024\/09\/02-FIL-UARTES-2024-644x429.jpg 644w, https:\/\/www.uartes.edu.ec\/sitio\/wp-content\/uploads\/2024\/09\/02-FIL-UARTES-2024-300x200.jpg 300w, https:\/\/www.uartes.edu.ec\/sitio\/wp-content\/uploads\/2024\/09\/02-FIL-UARTES-2024-768x512.jpg 768w, https:\/\/www.uartes.edu.ec\/sitio\/wp-content\/uploads\/2024\/09\/02-FIL-UARTES-2024-1536x1024.jpg 1536w, https:\/\/www.uartes.edu.ec\/sitio\/wp-content\/uploads\/2024\/09\/02-FIL-UARTES-2024-18x12.jpg 18w, https:\/\/www.uartes.edu.ec\/sitio\/wp-content\/uploads\/2024\/09\/02-FIL-UARTES-2024-600x400.jpg 600w, https:\/\/www.uartes.edu.ec\/sitio\/wp-content\/uploads\/2024\/09\/02-FIL-UARTES-2024-400x267.jpg 400w, https:\/\/www.uartes.edu.ec\/sitio\/wp-content\/uploads\/2024\/09\/02-FIL-UARTES-2024-272x182.jpg 272w, https:\/\/www.uartes.edu.ec\/sitio\/wp-content\/uploads\/2024\/09\/02-FIL-UARTES-2024.jpg 2000w\" sizes=\"(max-width: 644px) 100vw, 644px\" \/><\/figure>\n<\/div>\n\n\n<p>A\u00f1ade que los programas de literatura para ni\u00f1os que compartir\u00e1n en la FIL GYE son los que han venido trabajando en la Sala R\u00eda desde el a\u00f1o pasado con Jacqueline Loor, tambi\u00e9n funcionaria de la Biblioteca de las Artes, propiciando la interacci\u00f3n y reflexi\u00f3n de los temas y personajes de cada una de las obras abordadas. \u201cEsto les permite incentivar su creatividad y, a la vez, analizar lo que leen\u201d.<\/p>\n\n\n\n<p>Para este 2024, Ord\u00f3\u00f1ez comenta que coincidieron con Loor y Soraya Campos, directora de la Biblioteca de las Artes, darle espacio a otros participantes, como la graduada Josselyn Naranjo y el estudiante Nicolas Goussas. \u201cAhora ellos llevar\u00e1n las experiencias obtenidas en la mediaci\u00f3n lectora a la Feria Internacional del Libro Guayaquil\u201d.<\/p>\n\n\n\n<p>La tercera participaci\u00f3n en la FIL Gye ser\u00e1 con \u201cCronotop\u00edas\u201d, que es la actividad que se viene desarrollando en la Biblioteca de las Artes de manera quincenal. Intervendr\u00e1 junto a Ord\u00f3\u00f1ez la alumnus Melanie Moreira Abad para hablar sobre \u201cChamanes el\u00e9ctricos en la fiesta del Sol\u201d, de la escritora ecuatoriana M\u00f3nica Ojeda. \u201cEl libro se public\u00f3 este a\u00f1o y ha tenido muy buena cr\u00edtica. Vamos a aprovechar que su autora vendr\u00e1 a la Feria del Libro Guayaquil\u201d. &nbsp;<\/p>\n\n\n\n<p>La charla literaria de \u201cCronotop\u00edas\u201d ser\u00e1 el 21 de septiembre, de 15:00 a 17:00, en la sala Medardo \u00c1ngel Silva del Centro de Convenciones Sim\u00f3n Bol\u00edvar. \u201cHemos tratado de proponer, como lo hacemos en la Biblioteca de las Artes, lecturas que interesen al p\u00fablico y buscamos tambi\u00e9n socializar los libros con los que contamos\u201d, anota Ord\u00f3\u00f1ez.<\/p>\n\n\n<div class=\"wp-block-image\">\n<figure class=\"aligncenter size-large\"><img decoding=\"async\" width=\"644\" height=\"429\" src=\"https:\/\/www.uartes.edu.ec\/sitio\/wp-content\/uploads\/2024\/09\/04-FIL-UARTES-2024-644x429.jpg\" alt=\"\" class=\"wp-image-61712\" srcset=\"https:\/\/www.uartes.edu.ec\/sitio\/wp-content\/uploads\/2024\/09\/04-FIL-UARTES-2024-644x429.jpg 644w, https:\/\/www.uartes.edu.ec\/sitio\/wp-content\/uploads\/2024\/09\/04-FIL-UARTES-2024-300x200.jpg 300w, https:\/\/www.uartes.edu.ec\/sitio\/wp-content\/uploads\/2024\/09\/04-FIL-UARTES-2024-768x512.jpg 768w, https:\/\/www.uartes.edu.ec\/sitio\/wp-content\/uploads\/2024\/09\/04-FIL-UARTES-2024-1536x1024.jpg 1536w, https:\/\/www.uartes.edu.ec\/sitio\/wp-content\/uploads\/2024\/09\/04-FIL-UARTES-2024-18x12.jpg 18w, https:\/\/www.uartes.edu.ec\/sitio\/wp-content\/uploads\/2024\/09\/04-FIL-UARTES-2024-600x400.jpg 600w, https:\/\/www.uartes.edu.ec\/sitio\/wp-content\/uploads\/2024\/09\/04-FIL-UARTES-2024-400x267.jpg 400w, https:\/\/www.uartes.edu.ec\/sitio\/wp-content\/uploads\/2024\/09\/04-FIL-UARTES-2024-272x182.jpg 272w, https:\/\/www.uartes.edu.ec\/sitio\/wp-content\/uploads\/2024\/09\/04-FIL-UARTES-2024.jpg 2000w\" sizes=\"(max-width: 644px) 100vw, 644px\" \/><\/figure>\n<\/div>\n\n\n<p>Revela, adem\u00e1s, que la mediaci\u00f3n lectora con \u201cExploradores de cuentos\u201d se realiza en conjunto con el Fondo de Cultura Econ\u00f3mica (FCE), instituci\u00f3n editorial mexicana que edita, produce, comercializa y promueve obras del pa\u00eds de origen, iberoamericana y universal, a trav\u00e9s de redes de distribuci\u00f3n nacional e internacional, de all\u00ed su presencia en Ecuador. Del FCE son las librer\u00edas Rita Lecumberri y Miguel Donoso Pareja, que se encuentran en la Sala R\u00eda de la Biblioteca de las Artes y el MZ14 Centro de Producci\u00f3n e Innovaci\u00f3n UArtes.<\/p>\n\n\n\n<p>Socializar los libros que se encuentran en las salas y estanter\u00edas abiertas de la Biblioteca de las Artes es uno de los prop\u00f3sitos al momento de cristalizar propuestas como \u201cExploradores de cuentos\u201d y \u201cCronotop\u00edas\u201d, aunque tambi\u00e9n se toman en consideraci\u00f3n obras que no necesariamente se tiene en existencia, como en el caso de \u201cChamanes el\u00e9ctricos en la fiesta del Sol\u201d. Ord\u00f3\u00f1ez subraya que se decidi\u00f3 leerlo en la FIL Gye porque M\u00f3nica Ojeda es una de las escritoras m\u00e1s importantes del pa\u00eds a nivel internacional.<\/p>\n\n\n\n<p>\u201cCronotop\u00edas\u201d tiene ya varias sesiones. Se viene desarrollando desde 2022 y han participado autores graduados en la UArtes, como Yuliana Ortiz, quien desde el 2016 ha publicado varios libros de poes\u00eda:&nbsp;\u201cSovoz\u201d&nbsp;(2016),&nbsp;\u201cCanciones desde el fin del mundo\u201d&nbsp;(2021) y&nbsp;\u201cCuaderno del imposible retorno a Pangea\u201d&nbsp;(2021), y en&nbsp;2022 \u201cFiebre de carnaval\u201d, su primera novela, que este a\u00f1o public\u00f3 Concreto Editorial en Argentina.<\/p>\n\n\n\n<p>En este momento \u201cCronotop\u00edas\u201d se desarrolla de manera online por arreglos que se realizan en la infraestructura de la Biblioteca de las Artes. As\u00ed, se han hecho contacto virtual desde Estados Unidos con la escritora e investigadora Andrea Torres, graduada en Literatura por la UArtes, y Mauricio Arcila (Medell\u00edn, 1985), doctor en Filosof\u00eda, catedr\u00e1tico y editor.&nbsp;<\/p>\n\n\n\n<p>Aunque Zully Ord\u00f3\u00f1ez pondera la presencialidad de las sesiones de \u201cCronotop\u00edas\u201d, haberlo hecho a trav\u00e9s de la plataforma Zoom les ha permitido contactar a autores que viven en otros pa\u00edses. \u201cEn la Feria Internacional del Libro Guayaquil retomaremos la presencialidad\u201d, expresa Ord\u00f3\u00f1ez, quien ha estado en la FIL GYE como ponente de una pasada edici\u00f3n.<\/p>\n\n\n\n<p>Cabe anotar que, el nombre de \u201cCronotop\u00edas\u201d, obedece a que las charlas no tienen la misma l\u00f3gica que un c\u00edrculo de lectura, sino que hay una noci\u00f3n te\u00f3rica en la apuesta de cada sesi\u00f3n. El t\u00edtulo hace referencia a la teor\u00eda literaria, a un centro organizador de eventos narrativos fundamentales de una novela a los cuales les pertenece el sentido que le da forma a la narrativa.<\/p>","protected":false},"excerpt":{"rendered":"<p>La biblioteca de la Universidad de las Artes estar\u00e1 presente en la Feria Internacional del Libro Guayaquil, que se realizar\u00e1 del 18 al 22 de septiembre. Zully Ord\u00f3\u00f1ez, gestora cultural y encargada de la Sala R\u00eda, da detalles de las propuestas de \u201cExploradores de cuentos\u201d, dirigidas a ni\u00f1os y ni\u00f1as, y \u201cCronotrop\u00edas\u201d, espacio de di\u00e1logo sobre literatura y sus diferentes g\u00e9neros, dirigido a adolescentes y adultos.<\/p>","protected":false},"author":10,"featured_media":61708,"comment_status":"open","ping_status":"open","sticky":false,"template":"","format":"standard","meta":{"_acf_changed":false,"_uag_custom_page_level_css":"","_monsterinsights_skip_tracking":false,"_monsterinsights_sitenote_active":false,"_monsterinsights_sitenote_note":"","_monsterinsights_sitenote_category":0,"cybocfi_hide_featured_image":"","footnotes":""},"categories":[490,76,77,175],"tags":[1267],"infouartes":[],"class_list":["post-61319","post","type-post","status-publish","format-standard","has-post-thumbnail","hentry","category-alumni","category-estudiantes","category-gestion","category-literatura","tag-propuestas-literarias"],"acf":[],"yoast_head":"<!-- This site is optimized with the Yoast SEO plugin v27.4 - https:\/\/yoast.com\/product\/yoast-seo-wordpress\/ -->\n<title>Universidad de las Artes - La Biblioteca de las Artes lleva a la Feria Internacional del Libro Guayaquil a los Exploradores de cuentos y Cronotop\u00edas<\/title>\n<meta name=\"description\" content=\"Universidad de las Artes - La Biblioteca de las Artes lleva a la Feria Internacional del Libro Guayaquil a los Exploradores de cuentos y Cronotop\u00edas\" \/>\n<meta name=\"robots\" content=\"index, follow, max-snippet:-1, max-image-preview:large, max-video-preview:-1\" \/>\n<link rel=\"canonical\" href=\"https:\/\/www.uartes.edu.ec\/sitio\/fr\/blog\/2024\/09\/02\/biblioteca-de-las-artes-lleva-a-la-fil-guayaquil-dos-propuestas-exploradores-de-cuentos-y-cronotopias\/\" \/>\n<meta property=\"og:locale\" content=\"fr_FR\" \/>\n<meta property=\"og:type\" content=\"article\" \/>\n<meta property=\"og:title\" content=\"Universidad de las Artes - La Biblioteca de las Artes lleva a la Feria Internacional del Libro Guayaquil a los Exploradores de cuentos y Cronotop\u00edas\" \/>\n<meta property=\"og:description\" content=\"Universidad de las Artes - La Biblioteca de las Artes lleva a la Feria Internacional del Libro Guayaquil a los Exploradores de cuentos y Cronotop\u00edas\" \/>\n<meta property=\"og:url\" content=\"https:\/\/www.uartes.edu.ec\/sitio\/fr\/blog\/2024\/09\/02\/biblioteca-de-las-artes-lleva-a-la-fil-guayaquil-dos-propuestas-exploradores-de-cuentos-y-cronotopias\/\" \/>\n<meta property=\"og:site_name\" content=\"Universidad de las Artes\" \/>\n<meta property=\"article:publisher\" content=\"https:\/\/www.facebook.com\/uartesec\" \/>\n<meta property=\"article:published_time\" content=\"2024-09-02T19:33:00+00:00\" \/>\n<meta property=\"article:modified_time\" content=\"2024-09-26T15:21:24+00:00\" \/>\n<meta property=\"og:image\" content=\"https:\/\/www.uartes.edu.ec\/sitio\/wp-content\/uploads\/2024\/09\/03-FIL-UARTES-2024.jpg\" \/>\n\t<meta property=\"og:image:width\" content=\"2000\" \/>\n\t<meta property=\"og:image:height\" content=\"1333\" \/>\n\t<meta property=\"og:image:type\" content=\"image\/jpeg\" \/>\n<meta name=\"author\" content=\"ccortez\" \/>\n<meta name=\"twitter:card\" content=\"summary_large_image\" \/>\n<meta name=\"twitter:creator\" content=\"@uartesec\" \/>\n<meta name=\"twitter:site\" content=\"@uartesec\" \/>\n<meta name=\"twitter:label1\" content=\"\u00c9crit par\" \/>\n\t<meta name=\"twitter:data1\" content=\"ccortez\" \/>\n\t<meta name=\"twitter:label2\" content=\"Dur\u00e9e de lecture estim\u00e9e\" \/>\n\t<meta name=\"twitter:data2\" content=\"5 minutes\" \/>\n<script type=\"application\/ld+json\" class=\"yoast-schema-graph\">{\"@context\":\"https:\\\/\\\/schema.org\",\"@graph\":[{\"@type\":\"Article\",\"@id\":\"https:\\\/\\\/www.uartes.edu.ec\\\/sitio\\\/fr\\\/blog\\\/2024\\\/09\\\/02\\\/biblioteca-de-las-artes-lleva-a-la-fil-guayaquil-dos-propuestas-exploradores-de-cuentos-y-cronotopias\\\/#article\",\"isPartOf\":{\"@id\":\"https:\\\/\\\/www.uartes.edu.ec\\\/sitio\\\/fr\\\/blog\\\/2024\\\/09\\\/02\\\/biblioteca-de-las-artes-lleva-a-la-fil-guayaquil-dos-propuestas-exploradores-de-cuentos-y-cronotopias\\\/\"},\"author\":{\"name\":\"ccortez\",\"@id\":\"https:\\\/\\\/www.uartes.edu.ec\\\/sitio\\\/fr\\\/#\\\/schema\\\/person\\\/efa1b8275797664fd7f13a79ccc0b1f4\"},\"headline\":\"La Biblioteca de las Artes lleva a la Feria Internacional del Libro Guayaquil a los Exploradores de cuentos y Cronotop\u00edas\",\"datePublished\":\"2024-09-02T19:33:00+00:00\",\"dateModified\":\"2024-09-26T15:21:24+00:00\",\"mainEntityOfPage\":{\"@id\":\"https:\\\/\\\/www.uartes.edu.ec\\\/sitio\\\/fr\\\/blog\\\/2024\\\/09\\\/02\\\/biblioteca-de-las-artes-lleva-a-la-fil-guayaquil-dos-propuestas-exploradores-de-cuentos-y-cronotopias\\\/\"},\"wordCount\":1063,\"commentCount\":0,\"publisher\":{\"@id\":\"https:\\\/\\\/www.uartes.edu.ec\\\/sitio\\\/fr\\\/#organization\"},\"image\":{\"@id\":\"https:\\\/\\\/www.uartes.edu.ec\\\/sitio\\\/fr\\\/blog\\\/2024\\\/09\\\/02\\\/biblioteca-de-las-artes-lleva-a-la-fil-guayaquil-dos-propuestas-exploradores-de-cuentos-y-cronotopias\\\/#primaryimage\"},\"thumbnailUrl\":\"https:\\\/\\\/www.uartes.edu.ec\\\/sitio\\\/wp-content\\\/uploads\\\/2024\\\/09\\\/03-FIL-UARTES-2024.jpg\",\"keywords\":[\"propuestas literarias\"],\"articleSection\":[\"Alumni\",\"Estudiantes\",\"Gesti\u00f3n\",\"Literatura\"],\"inLanguage\":\"fr-FR\",\"potentialAction\":[{\"@type\":\"CommentAction\",\"name\":\"Comment\",\"target\":[\"https:\\\/\\\/www.uartes.edu.ec\\\/sitio\\\/fr\\\/blog\\\/2024\\\/09\\\/02\\\/biblioteca-de-las-artes-lleva-a-la-fil-guayaquil-dos-propuestas-exploradores-de-cuentos-y-cronotopias\\\/#respond\"]}]},{\"@type\":[\"WebPage\",\"ItemPage\"],\"@id\":\"https:\\\/\\\/www.uartes.edu.ec\\\/sitio\\\/fr\\\/blog\\\/2024\\\/09\\\/02\\\/biblioteca-de-las-artes-lleva-a-la-fil-guayaquil-dos-propuestas-exploradores-de-cuentos-y-cronotopias\\\/\",\"url\":\"https:\\\/\\\/www.uartes.edu.ec\\\/sitio\\\/fr\\\/blog\\\/2024\\\/09\\\/02\\\/biblioteca-de-las-artes-lleva-a-la-fil-guayaquil-dos-propuestas-exploradores-de-cuentos-y-cronotopias\\\/\",\"name\":\"Universidad de las Artes - La Biblioteca de las Artes lleva a la Feria Internacional del Libro Guayaquil a los Exploradores de cuentos y Cronotop\u00edas\",\"isPartOf\":{\"@id\":\"https:\\\/\\\/www.uartes.edu.ec\\\/sitio\\\/fr\\\/#website\"},\"primaryImageOfPage\":{\"@id\":\"https:\\\/\\\/www.uartes.edu.ec\\\/sitio\\\/fr\\\/blog\\\/2024\\\/09\\\/02\\\/biblioteca-de-las-artes-lleva-a-la-fil-guayaquil-dos-propuestas-exploradores-de-cuentos-y-cronotopias\\\/#primaryimage\"},\"image\":{\"@id\":\"https:\\\/\\\/www.uartes.edu.ec\\\/sitio\\\/fr\\\/blog\\\/2024\\\/09\\\/02\\\/biblioteca-de-las-artes-lleva-a-la-fil-guayaquil-dos-propuestas-exploradores-de-cuentos-y-cronotopias\\\/#primaryimage\"},\"thumbnailUrl\":\"https:\\\/\\\/www.uartes.edu.ec\\\/sitio\\\/wp-content\\\/uploads\\\/2024\\\/09\\\/03-FIL-UARTES-2024.jpg\",\"datePublished\":\"2024-09-02T19:33:00+00:00\",\"dateModified\":\"2024-09-26T15:21:24+00:00\",\"description\":\"Universidad de las Artes - La Biblioteca de las Artes lleva a la Feria Internacional del Libro Guayaquil a los Exploradores de cuentos y Cronotop\u00edas\",\"breadcrumb\":{\"@id\":\"https:\\\/\\\/www.uartes.edu.ec\\\/sitio\\\/fr\\\/blog\\\/2024\\\/09\\\/02\\\/biblioteca-de-las-artes-lleva-a-la-fil-guayaquil-dos-propuestas-exploradores-de-cuentos-y-cronotopias\\\/#breadcrumb\"},\"inLanguage\":\"fr-FR\",\"potentialAction\":[{\"@type\":\"ReadAction\",\"target\":[\"https:\\\/\\\/www.uartes.edu.ec\\\/sitio\\\/fr\\\/blog\\\/2024\\\/09\\\/02\\\/biblioteca-de-las-artes-lleva-a-la-fil-guayaquil-dos-propuestas-exploradores-de-cuentos-y-cronotopias\\\/\"]}]},{\"@type\":\"ImageObject\",\"inLanguage\":\"fr-FR\",\"@id\":\"https:\\\/\\\/www.uartes.edu.ec\\\/sitio\\\/fr\\\/blog\\\/2024\\\/09\\\/02\\\/biblioteca-de-las-artes-lleva-a-la-fil-guayaquil-dos-propuestas-exploradores-de-cuentos-y-cronotopias\\\/#primaryimage\",\"url\":\"https:\\\/\\\/www.uartes.edu.ec\\\/sitio\\\/wp-content\\\/uploads\\\/2024\\\/09\\\/03-FIL-UARTES-2024.jpg\",\"contentUrl\":\"https:\\\/\\\/www.uartes.edu.ec\\\/sitio\\\/wp-content\\\/uploads\\\/2024\\\/09\\\/03-FIL-UARTES-2024.jpg\",\"width\":2000,\"height\":1333},{\"@type\":\"BreadcrumbList\",\"@id\":\"https:\\\/\\\/www.uartes.edu.ec\\\/sitio\\\/fr\\\/blog\\\/2024\\\/09\\\/02\\\/biblioteca-de-las-artes-lleva-a-la-fil-guayaquil-dos-propuestas-exploradores-de-cuentos-y-cronotopias\\\/#breadcrumb\",\"itemListElement\":[{\"@type\":\"ListItem\",\"position\":1,\"name\":\"Inicio\",\"item\":\"https:\\\/\\\/www.uartes.edu.ec\\\/sitio\\\/\"},{\"@type\":\"ListItem\",\"position\":2,\"name\":\"La Biblioteca de las Artes lleva a la Feria Internacional del Libro Guayaquil a los Exploradores de cuentos y Cronotop\u00edas\"}]},{\"@type\":\"WebSite\",\"@id\":\"https:\\\/\\\/www.uartes.edu.ec\\\/sitio\\\/fr\\\/#website\",\"url\":\"https:\\\/\\\/www.uartes.edu.ec\\\/sitio\\\/fr\\\/\",\"name\":\"Universidad de las Artes\",\"description\":\"Sitio oficial de la Universidad Nacional de las Artes del Ecuador\",\"publisher\":{\"@id\":\"https:\\\/\\\/www.uartes.edu.ec\\\/sitio\\\/fr\\\/#organization\"},\"potentialAction\":[{\"@type\":\"SearchAction\",\"target\":{\"@type\":\"EntryPoint\",\"urlTemplate\":\"https:\\\/\\\/www.uartes.edu.ec\\\/sitio\\\/fr\\\/?s={search_term_string}\"},\"query-input\":{\"@type\":\"PropertyValueSpecification\",\"valueRequired\":true,\"valueName\":\"search_term_string\"}}],\"inLanguage\":\"fr-FR\"},{\"@type\":\"Organization\",\"@id\":\"https:\\\/\\\/www.uartes.edu.ec\\\/sitio\\\/fr\\\/#organization\",\"name\":\"Universidad de las Artes\",\"url\":\"https:\\\/\\\/www.uartes.edu.ec\\\/sitio\\\/fr\\\/\",\"logo\":{\"@type\":\"ImageObject\",\"inLanguage\":\"fr-FR\",\"@id\":\"https:\\\/\\\/www.uartes.edu.ec\\\/sitio\\\/fr\\\/#\\\/schema\\\/logo\\\/image\\\/\",\"url\":\"https:\\\/\\\/www.uartes.edu.ec\\\/sitio\\\/wp-content\\\/uploads\\\/2022\\\/07\\\/logo-ua-horizontal.png\",\"contentUrl\":\"https:\\\/\\\/www.uartes.edu.ec\\\/sitio\\\/wp-content\\\/uploads\\\/2022\\\/07\\\/logo-ua-horizontal.png\",\"width\":800,\"height\":276,\"caption\":\"Universidad de las Artes\"},\"image\":{\"@id\":\"https:\\\/\\\/www.uartes.edu.ec\\\/sitio\\\/fr\\\/#\\\/schema\\\/logo\\\/image\\\/\"},\"sameAs\":[\"https:\\\/\\\/www.facebook.com\\\/uartesec\",\"https:\\\/\\\/x.com\\\/uartesec\",\"https:\\\/\\\/www.tiktok.com\\\/@uartesec\"]},{\"@type\":\"Person\",\"@id\":\"https:\\\/\\\/www.uartes.edu.ec\\\/sitio\\\/fr\\\/#\\\/schema\\\/person\\\/efa1b8275797664fd7f13a79ccc0b1f4\",\"name\":\"ccortez\",\"image\":{\"@type\":\"ImageObject\",\"inLanguage\":\"fr-FR\",\"@id\":\"https:\\\/\\\/secure.gravatar.com\\\/avatar\\\/b2a6f664a3ae8e074346ef91775736c5ec479e637ecced6842de9dc98b5da9cd?s=96&d=mm&r=g\",\"url\":\"https:\\\/\\\/secure.gravatar.com\\\/avatar\\\/b2a6f664a3ae8e074346ef91775736c5ec479e637ecced6842de9dc98b5da9cd?s=96&d=mm&r=g\",\"contentUrl\":\"https:\\\/\\\/secure.gravatar.com\\\/avatar\\\/b2a6f664a3ae8e074346ef91775736c5ec479e637ecced6842de9dc98b5da9cd?s=96&d=mm&r=g\",\"caption\":\"ccortez\"},\"url\":\"https:\\\/\\\/www.uartes.edu.ec\\\/sitio\\\/fr\\\/blog\\\/author\\\/ccortez\\\/\"}]}<\/script>\n<!-- \/ Yoast SEO plugin. -->","yoast_head_json":{"title":"Universidad de las Artes - La Biblioteca de las Artes lleva a la Feria Internacional del Libro Guayaquil a los Exploradores de cuentos y Cronotop\u00edas","description":"Universidad de las Artes - La Biblioteca de las Artes lleva a la Feria Internacional del Libro Guayaquil a los Exploradores de cuentos y Cronotop\u00edas","robots":{"index":"index","follow":"follow","max-snippet":"max-snippet:-1","max-image-preview":"max-image-preview:large","max-video-preview":"max-video-preview:-1"},"canonical":"https:\/\/www.uartes.edu.ec\/sitio\/fr\/blog\/2024\/09\/02\/biblioteca-de-las-artes-lleva-a-la-fil-guayaquil-dos-propuestas-exploradores-de-cuentos-y-cronotopias\/","og_locale":"fr_FR","og_type":"article","og_title":"Universidad de las Artes - La Biblioteca de las Artes lleva a la Feria Internacional del Libro Guayaquil a los Exploradores de cuentos y Cronotop\u00edas","og_description":"Universidad de las Artes - La Biblioteca de las Artes lleva a la Feria Internacional del Libro Guayaquil a los Exploradores de cuentos y Cronotop\u00edas","og_url":"https:\/\/www.uartes.edu.ec\/sitio\/fr\/blog\/2024\/09\/02\/biblioteca-de-las-artes-lleva-a-la-fil-guayaquil-dos-propuestas-exploradores-de-cuentos-y-cronotopias\/","og_site_name":"Universidad de las Artes","article_publisher":"https:\/\/www.facebook.com\/uartesec","article_published_time":"2024-09-02T19:33:00+00:00","article_modified_time":"2024-09-26T15:21:24+00:00","og_image":[{"width":2000,"height":1333,"url":"https:\/\/www.uartes.edu.ec\/sitio\/wp-content\/uploads\/2024\/09\/03-FIL-UARTES-2024.jpg","type":"image\/jpeg"}],"author":"ccortez","twitter_card":"summary_large_image","twitter_creator":"@uartesec","twitter_site":"@uartesec","twitter_misc":{"\u00c9crit par":"ccortez","Dur\u00e9e de lecture estim\u00e9e":"5 minutes"},"schema":{"@context":"https:\/\/schema.org","@graph":[{"@type":"Article","@id":"https:\/\/www.uartes.edu.ec\/sitio\/fr\/blog\/2024\/09\/02\/biblioteca-de-las-artes-lleva-a-la-fil-guayaquil-dos-propuestas-exploradores-de-cuentos-y-cronotopias\/#article","isPartOf":{"@id":"https:\/\/www.uartes.edu.ec\/sitio\/fr\/blog\/2024\/09\/02\/biblioteca-de-las-artes-lleva-a-la-fil-guayaquil-dos-propuestas-exploradores-de-cuentos-y-cronotopias\/"},"author":{"name":"ccortez","@id":"https:\/\/www.uartes.edu.ec\/sitio\/fr\/#\/schema\/person\/efa1b8275797664fd7f13a79ccc0b1f4"},"headline":"La Biblioteca de las Artes lleva a la Feria Internacional del Libro Guayaquil a los Exploradores de cuentos y Cronotop\u00edas","datePublished":"2024-09-02T19:33:00+00:00","dateModified":"2024-09-26T15:21:24+00:00","mainEntityOfPage":{"@id":"https:\/\/www.uartes.edu.ec\/sitio\/fr\/blog\/2024\/09\/02\/biblioteca-de-las-artes-lleva-a-la-fil-guayaquil-dos-propuestas-exploradores-de-cuentos-y-cronotopias\/"},"wordCount":1063,"commentCount":0,"publisher":{"@id":"https:\/\/www.uartes.edu.ec\/sitio\/fr\/#organization"},"image":{"@id":"https:\/\/www.uartes.edu.ec\/sitio\/fr\/blog\/2024\/09\/02\/biblioteca-de-las-artes-lleva-a-la-fil-guayaquil-dos-propuestas-exploradores-de-cuentos-y-cronotopias\/#primaryimage"},"thumbnailUrl":"https:\/\/www.uartes.edu.ec\/sitio\/wp-content\/uploads\/2024\/09\/03-FIL-UARTES-2024.jpg","keywords":["propuestas literarias"],"articleSection":["Alumni","Estudiantes","Gesti\u00f3n","Literatura"],"inLanguage":"fr-FR","potentialAction":[{"@type":"CommentAction","name":"Comment","target":["https:\/\/www.uartes.edu.ec\/sitio\/fr\/blog\/2024\/09\/02\/biblioteca-de-las-artes-lleva-a-la-fil-guayaquil-dos-propuestas-exploradores-de-cuentos-y-cronotopias\/#respond"]}]},{"@type":["WebPage","ItemPage"],"@id":"https:\/\/www.uartes.edu.ec\/sitio\/fr\/blog\/2024\/09\/02\/biblioteca-de-las-artes-lleva-a-la-fil-guayaquil-dos-propuestas-exploradores-de-cuentos-y-cronotopias\/","url":"https:\/\/www.uartes.edu.ec\/sitio\/fr\/blog\/2024\/09\/02\/biblioteca-de-las-artes-lleva-a-la-fil-guayaquil-dos-propuestas-exploradores-de-cuentos-y-cronotopias\/","name":"Universidad de las Artes - La Biblioteca de las Artes lleva a la Feria Internacional del Libro Guayaquil a los Exploradores de cuentos y Cronotop\u00edas","isPartOf":{"@id":"https:\/\/www.uartes.edu.ec\/sitio\/fr\/#website"},"primaryImageOfPage":{"@id":"https:\/\/www.uartes.edu.ec\/sitio\/fr\/blog\/2024\/09\/02\/biblioteca-de-las-artes-lleva-a-la-fil-guayaquil-dos-propuestas-exploradores-de-cuentos-y-cronotopias\/#primaryimage"},"image":{"@id":"https:\/\/www.uartes.edu.ec\/sitio\/fr\/blog\/2024\/09\/02\/biblioteca-de-las-artes-lleva-a-la-fil-guayaquil-dos-propuestas-exploradores-de-cuentos-y-cronotopias\/#primaryimage"},"thumbnailUrl":"https:\/\/www.uartes.edu.ec\/sitio\/wp-content\/uploads\/2024\/09\/03-FIL-UARTES-2024.jpg","datePublished":"2024-09-02T19:33:00+00:00","dateModified":"2024-09-26T15:21:24+00:00","description":"Universidad de las Artes - La Biblioteca de las Artes lleva a la Feria Internacional del Libro Guayaquil a los Exploradores de cuentos y Cronotop\u00edas","breadcrumb":{"@id":"https:\/\/www.uartes.edu.ec\/sitio\/fr\/blog\/2024\/09\/02\/biblioteca-de-las-artes-lleva-a-la-fil-guayaquil-dos-propuestas-exploradores-de-cuentos-y-cronotopias\/#breadcrumb"},"inLanguage":"fr-FR","potentialAction":[{"@type":"ReadAction","target":["https:\/\/www.uartes.edu.ec\/sitio\/fr\/blog\/2024\/09\/02\/biblioteca-de-las-artes-lleva-a-la-fil-guayaquil-dos-propuestas-exploradores-de-cuentos-y-cronotopias\/"]}]},{"@type":"ImageObject","inLanguage":"fr-FR","@id":"https:\/\/www.uartes.edu.ec\/sitio\/fr\/blog\/2024\/09\/02\/biblioteca-de-las-artes-lleva-a-la-fil-guayaquil-dos-propuestas-exploradores-de-cuentos-y-cronotopias\/#primaryimage","url":"https:\/\/www.uartes.edu.ec\/sitio\/wp-content\/uploads\/2024\/09\/03-FIL-UARTES-2024.jpg","contentUrl":"https:\/\/www.uartes.edu.ec\/sitio\/wp-content\/uploads\/2024\/09\/03-FIL-UARTES-2024.jpg","width":2000,"height":1333},{"@type":"BreadcrumbList","@id":"https:\/\/www.uartes.edu.ec\/sitio\/fr\/blog\/2024\/09\/02\/biblioteca-de-las-artes-lleva-a-la-fil-guayaquil-dos-propuestas-exploradores-de-cuentos-y-cronotopias\/#breadcrumb","itemListElement":[{"@type":"ListItem","position":1,"name":"Inicio","item":"https:\/\/www.uartes.edu.ec\/sitio\/"},{"@type":"ListItem","position":2,"name":"La Biblioteca de las Artes lleva a la Feria Internacional del Libro Guayaquil a los Exploradores de cuentos y Cronotop\u00edas"}]},{"@type":"WebSite","@id":"https:\/\/www.uartes.edu.ec\/sitio\/fr\/#website","url":"https:\/\/www.uartes.edu.ec\/sitio\/fr\/","name":"Universidad de las Artes","description":"Sitio oficial de la Universidad Nacional de las Artes del Ecuador","publisher":{"@id":"https:\/\/www.uartes.edu.ec\/sitio\/fr\/#organization"},"potentialAction":[{"@type":"SearchAction","target":{"@type":"EntryPoint","urlTemplate":"https:\/\/www.uartes.edu.ec\/sitio\/fr\/?s={search_term_string}"},"query-input":{"@type":"PropertyValueSpecification","valueRequired":true,"valueName":"search_term_string"}}],"inLanguage":"fr-FR"},{"@type":"Organization","@id":"https:\/\/www.uartes.edu.ec\/sitio\/fr\/#organization","name":"Universidad de las Artes","url":"https:\/\/www.uartes.edu.ec\/sitio\/fr\/","logo":{"@type":"ImageObject","inLanguage":"fr-FR","@id":"https:\/\/www.uartes.edu.ec\/sitio\/fr\/#\/schema\/logo\/image\/","url":"https:\/\/www.uartes.edu.ec\/sitio\/wp-content\/uploads\/2022\/07\/logo-ua-horizontal.png","contentUrl":"https:\/\/www.uartes.edu.ec\/sitio\/wp-content\/uploads\/2022\/07\/logo-ua-horizontal.png","width":800,"height":276,"caption":"Universidad de las Artes"},"image":{"@id":"https:\/\/www.uartes.edu.ec\/sitio\/fr\/#\/schema\/logo\/image\/"},"sameAs":["https:\/\/www.facebook.com\/uartesec","https:\/\/x.com\/uartesec","https:\/\/www.tiktok.com\/@uartesec"]},{"@type":"Person","@id":"https:\/\/www.uartes.edu.ec\/sitio\/fr\/#\/schema\/person\/efa1b8275797664fd7f13a79ccc0b1f4","name":"ccortez","image":{"@type":"ImageObject","inLanguage":"fr-FR","@id":"https:\/\/secure.gravatar.com\/avatar\/b2a6f664a3ae8e074346ef91775736c5ec479e637ecced6842de9dc98b5da9cd?s=96&d=mm&r=g","url":"https:\/\/secure.gravatar.com\/avatar\/b2a6f664a3ae8e074346ef91775736c5ec479e637ecced6842de9dc98b5da9cd?s=96&d=mm&r=g","contentUrl":"https:\/\/secure.gravatar.com\/avatar\/b2a6f664a3ae8e074346ef91775736c5ec479e637ecced6842de9dc98b5da9cd?s=96&d=mm&r=g","caption":"ccortez"},"url":"https:\/\/www.uartes.edu.ec\/sitio\/fr\/blog\/author\/ccortez\/"}]}},"uagb_featured_image_src":{"full":["https:\/\/www.uartes.edu.ec\/sitio\/wp-content\/uploads\/2024\/09\/03-FIL-UARTES-2024.jpg",2000,1333,false],"thumbnail":["https:\/\/www.uartes.edu.ec\/sitio\/wp-content\/uploads\/2024\/09\/03-FIL-UARTES-2024-150x150.jpg",150,150,true],"medium":["https:\/\/www.uartes.edu.ec\/sitio\/wp-content\/uploads\/2024\/09\/03-FIL-UARTES-2024-300x200.jpg",300,200,true],"medium_large":["https:\/\/www.uartes.edu.ec\/sitio\/wp-content\/uploads\/2024\/09\/03-FIL-UARTES-2024-768x512.jpg",768,512,true],"large":["https:\/\/www.uartes.edu.ec\/sitio\/wp-content\/uploads\/2024\/09\/03-FIL-UARTES-2024-644x429.jpg",644,429,true],"1536x1536":["https:\/\/www.uartes.edu.ec\/sitio\/wp-content\/uploads\/2024\/09\/03-FIL-UARTES-2024-1536x1024.jpg",1536,1024,true],"2048x2048":["https:\/\/www.uartes.edu.ec\/sitio\/wp-content\/uploads\/2024\/09\/03-FIL-UARTES-2024.jpg",2000,1333,false],"trp-custom-language-flag":["https:\/\/www.uartes.edu.ec\/sitio\/wp-content\/uploads\/2024\/09\/03-FIL-UARTES-2024-18x12.jpg",18,12,true],"htmega_size_585x295":["https:\/\/www.uartes.edu.ec\/sitio\/wp-content\/uploads\/2024\/09\/03-FIL-UARTES-2024-585x295.jpg",585,295,true],"htmega_size_1170x536":["https:\/\/www.uartes.edu.ec\/sitio\/wp-content\/uploads\/2024\/09\/03-FIL-UARTES-2024-1170x536.jpg",1170,536,true],"htmega_size_396x360":["https:\/\/www.uartes.edu.ec\/sitio\/wp-content\/uploads\/2024\/09\/03-FIL-UARTES-2024-396x360.jpg",396,360,true],"gb-block-post-grid-landscape":["https:\/\/www.uartes.edu.ec\/sitio\/wp-content\/uploads\/2024\/09\/03-FIL-UARTES-2024-600x400.jpg",600,400,true],"gb-block-post-grid-square":["https:\/\/www.uartes.edu.ec\/sitio\/wp-content\/uploads\/2024\/09\/03-FIL-UARTES-2024-600x600.jpg",600,600,true],"university-hub-thumb":["https:\/\/www.uartes.edu.ec\/sitio\/wp-content\/uploads\/2024\/09\/03-FIL-UARTES-2024-400x267.jpg",400,267,true]},"uagb_author_info":{"display_name":"ccortez","author_link":"https:\/\/www.uartes.edu.ec\/sitio\/fr\/blog\/author\/ccortez\/"},"uagb_comment_info":0,"uagb_excerpt":"La biblioteca de la Universidad de las Artes estar\u00e1 presente en la Feria Internacional del Libro Guayaquil, que se realizar\u00e1 del 18 al 22 de septiembre. Zully Ord\u00f3\u00f1ez, gestora cultural y encargada de la Sala R\u00eda, da detalles de las propuestas de \u201cExploradores de cuentos\u201d, dirigidas a ni\u00f1os y ni\u00f1as, y \u201cCronotrop\u00edas\u201d, espacio de di\u00e1logo\u2026","featured_image_src":"https:\/\/www.uartes.edu.ec\/sitio\/wp-content\/uploads\/2024\/09\/03-FIL-UARTES-2024-600x400.jpg","featured_image_src_square":"https:\/\/www.uartes.edu.ec\/sitio\/wp-content\/uploads\/2024\/09\/03-FIL-UARTES-2024-600x600.jpg","author_info":{"display_name":"ccortez","author_link":"https:\/\/www.uartes.edu.ec\/sitio\/fr\/blog\/author\/ccortez\/"},"publishpress_future_workflow_manual_trigger":{"enabledWorkflows":[]},"distributor_meta":false,"distributor_terms":false,"distributor_media":false,"distributor_original_site_name":"Universidad de las Artes","distributor_original_site_url":"https:\/\/www.uartes.edu.ec\/sitio\/fr","push-errors":false,"_links":{"self":[{"href":"https:\/\/www.uartes.edu.ec\/sitio\/fr\/wp-json\/wp\/v2\/posts\/61319","targetHints":{"allow":["GET"]}}],"collection":[{"href":"https:\/\/www.uartes.edu.ec\/sitio\/fr\/wp-json\/wp\/v2\/posts"}],"about":[{"href":"https:\/\/www.uartes.edu.ec\/sitio\/fr\/wp-json\/wp\/v2\/types\/post"}],"author":[{"embeddable":true,"href":"https:\/\/www.uartes.edu.ec\/sitio\/fr\/wp-json\/wp\/v2\/users\/10"}],"replies":[{"embeddable":true,"href":"https:\/\/www.uartes.edu.ec\/sitio\/fr\/wp-json\/wp\/v2\/comments?post=61319"}],"version-history":[{"count":10,"href":"https:\/\/www.uartes.edu.ec\/sitio\/fr\/wp-json\/wp\/v2\/posts\/61319\/revisions"}],"predecessor-version":[{"id":62257,"href":"https:\/\/www.uartes.edu.ec\/sitio\/fr\/wp-json\/wp\/v2\/posts\/61319\/revisions\/62257"}],"wp:featuredmedia":[{"embeddable":true,"href":"https:\/\/www.uartes.edu.ec\/sitio\/fr\/wp-json\/wp\/v2\/media\/61708"}],"wp:attachment":[{"href":"https:\/\/www.uartes.edu.ec\/sitio\/fr\/wp-json\/wp\/v2\/media?parent=61319"}],"wp:term":[{"taxonomy":"category","embeddable":true,"href":"https:\/\/www.uartes.edu.ec\/sitio\/fr\/wp-json\/wp\/v2\/categories?post=61319"},{"taxonomy":"post_tag","embeddable":true,"href":"https:\/\/www.uartes.edu.ec\/sitio\/fr\/wp-json\/wp\/v2\/tags?post=61319"},{"taxonomy":"infouartes","embeddable":true,"href":"https:\/\/www.uartes.edu.ec\/sitio\/fr\/wp-json\/wp\/v2\/infouartes?post=61319"}],"curies":[{"name":"wp","href":"https:\/\/api.w.org\/{rel}","templated":true}]}}