{"id":61424,"date":"2024-09-06T18:57:55","date_gmt":"2024-09-06T23:57:55","guid":{"rendered":"https:\/\/www.uartes.edu.ec\/sitio\/?p=61424"},"modified":"2024-09-13T14:39:02","modified_gmt":"2024-09-13T19:39:02","slug":"sala-inclusiva-de-la-biblioteca-de-las-artes-es-tambien-espacio-expositivo-alli-se-presenta-el-trabajo-de-grado-de-lagrufte","status":"publish","type":"post","link":"https:\/\/www.uartes.edu.ec\/sitio\/fr\/blog\/2024\/09\/06\/sala-inclusiva-de-la-biblioteca-de-las-artes-es-tambien-espacio-expositivo-alli-se-presenta-el-trabajo-de-grado-de-lagrufte\/","title":{"rendered":"Sala Inclusiva de la Biblioteca de las Artes es tambi\u00e9n espacio expositivo; all\u00ed se presenta el trabajo de grado de \u201cLagrufte\u201d"},"content":{"rendered":"<p>\u201cEl arte no solo es una forma de expresi\u00f3n, sino tambi\u00e9n una forma de sanaci\u00f3n\u201d. Es la frase del pintor mexicano Diego Rivera con la que el artista ecuatoriano Xavier Pati\u00f1o, docente de la Escuela de Artes Visuales de la Universidad de las Artes, inicia el texto que escribi\u00f3 sobre el trabajo de graduaci\u00f3n de Mar\u00eda Bel\u00e9n Wellington, del cual se desprenden tres obras que se exponen en la Sala Inclusiva de la Biblioteca de las Artes.<\/p>\n\n\n\n<p>Soraya Campos, directora del repositorio de la UArtes, indica que la Sala Inclusiva es un \u00e1rea muy importante en la Biblioteca de las Artes, \u00abun espacio vital que enriquece la experiencia educativa y cultural al integrar y empoderar a todos los usuarios sin excepciones. Estamos emocionados de que el rector William Herrera haya elegido nuestro repositorio para albergar la muestra de Mar\u00eda Bel\u00e9n Wellington\u201d.  <\/p>\n\n\n\n<p>Se\u00f1al\u00f3 que es una oportunidad \u00fanica para promover el arte y la cultura en un espacio que fomenta la creatividad y la innovaci\u00f3n. \u201cUna oportunidad para que la comunidad universitaria y el p\u00fablico en general disfruten de obras de alta calidad en un entorno que celebra la diversidad y la inclusi\u00f3n\u00bb.<\/p>\n\n\n\n<p>El t\u00edtulo de la muestra, \u201cClave de Psique. Una corta retrospectiva de vida desde la imaginaci\u00f3n\u201d, es hom\u00f3nimo de la tesis que Mar\u00eda Bel\u00e9n sustent\u00f3 entre el 12 y 16 de agosto pasado junto a otros compa\u00f1eros de la carrera de pregrado en Artes Visuales: Jessenia Sierra, Jos\u00e9 Eduardo Chila, Luis Alvarado, C\u00e9sar S\u00e1nchez, Melissa de la A y Paula \u00cd\u00f1iguez.<\/p>\n\n\n\n<h3 class=\"wp-block-heading\">Propuesta expositiva estremecedora<\/h3>\n\n\n\n<p>En su texto sobre la tesis de Mar\u00eda Bel\u00e9n, cuya tutor\u00eda estuvo a su cargo, Xavier Pati\u00f1o lo se\u00f1ala como estremecedor. \u201cAl observar sus obras, tres im\u00e1genes que retratan la reuni\u00f3n de un juego infantil, iniciamos un r\u00e1pido viaje por instancias de una vida donde la memoria se registra como un <em>flashback. <\/em>No revive las im\u00e1genes o los eventos de principio a fin, sino que sus recuerdos se asemejan a lo que vemos cuando subimos a una monta\u00f1a rusa\u201d.<\/p>\n\n\n<div class=\"wp-block-image\">\n<figure class=\"aligncenter size-large\"><img fetchpriority=\"high\" decoding=\"async\" width=\"644\" height=\"429\" src=\"https:\/\/www.uartes.edu.ec\/sitio\/wp-content\/uploads\/2024\/09\/01-MABE-WEB-644x429.jpg\" alt=\"\" class=\"wp-image-61431\" srcset=\"https:\/\/www.uartes.edu.ec\/sitio\/wp-content\/uploads\/2024\/09\/01-MABE-WEB-644x429.jpg 644w, https:\/\/www.uartes.edu.ec\/sitio\/wp-content\/uploads\/2024\/09\/01-MABE-WEB-300x200.jpg 300w, https:\/\/www.uartes.edu.ec\/sitio\/wp-content\/uploads\/2024\/09\/01-MABE-WEB-768x512.jpg 768w, https:\/\/www.uartes.edu.ec\/sitio\/wp-content\/uploads\/2024\/09\/01-MABE-WEB-1536x1024.jpg 1536w, https:\/\/www.uartes.edu.ec\/sitio\/wp-content\/uploads\/2024\/09\/01-MABE-WEB-18x12.jpg 18w, https:\/\/www.uartes.edu.ec\/sitio\/wp-content\/uploads\/2024\/09\/01-MABE-WEB-600x400.jpg 600w, https:\/\/www.uartes.edu.ec\/sitio\/wp-content\/uploads\/2024\/09\/01-MABE-WEB-400x267.jpg 400w, https:\/\/www.uartes.edu.ec\/sitio\/wp-content\/uploads\/2024\/09\/01-MABE-WEB-272x182.jpg 272w, https:\/\/www.uartes.edu.ec\/sitio\/wp-content\/uploads\/2024\/09\/01-MABE-WEB.jpg 2000w\" sizes=\"(max-width: 644px) 100vw, 644px\" \/><\/figure>\n<\/div>\n\n\n<p>Agrega que, aunque la fotograf\u00eda es un espacio de identificaci\u00f3n del tiempo, \u201cella tambi\u00e9n escribe sobre esos momentos que han quedado suspendidos o colgados en su memoria: la auto-represi\u00f3n creativa (el juego) causada por sentirse diferente y poco comprendida por otros ni\u00f1os, efecto y causa de su aislamiento. Es una observadora no participante de los juegos infantiles, de los espacios de creatividad y libertad que pertenecen al ni\u00f1o, del espacio mismo del arte\u201d.<\/p>\n\n\n\n<p>Pati\u00f1o indica que los <em>flashbacks<\/em> remiten a Mar\u00eda Bel\u00e9n a momentos muy felices de su vida, donde compartir con sus hermanos videojuegos \u201cera disfrutar verlos jugar y ella jugar en su cabeza los mismos juegos, ver las revistas juveniles que la informaban sobre su generaci\u00f3n y ser testigo de los avances tecnol\u00f3gicos a trav\u00e9s de las consolas de juegos, era all\u00ed donde estaba cambiando el tiempo. El cine y en el heavy metal representan su encuentro con el dibujo, que luego se convirti\u00f3 en pasi\u00f3n, en un viaje cargado de sensibilidad y emociones\u201d.<\/p>\n\n\n\n<h3 class=\"wp-block-heading\">La artista y la g\u00e9nesis de su obra<\/h3>\n\n\n\n<p>Mar\u00eda Bel\u00e9n, quien presenta Trastorno del Espectro Autista (TEA), expresa que su obra trata sobre recuerdos de sus primeros a\u00f1os, los cuales se mezclan con cosas, como objetos e intereses personales, que ten\u00eda en buena parte de chica y la han transformado en lo que es. Originalmente ten\u00eda pensado varias ideas que llegaron a su mente durante sus \u00faltimos cinco a\u00f1os de estudio en la UArtes. Desde una novela gr\u00e1fica hasta muestras art\u00edsticas con base en plantas o sobre el legado de la cultura&nbsp;<em>hippie<\/em>&nbsp;trasladado a la sociedad del siglo XXI.&nbsp;<\/p>\n\n\n<div class=\"wp-block-image\">\n<figure class=\"aligncenter size-large\"><img decoding=\"async\" width=\"644\" height=\"429\" src=\"https:\/\/www.uartes.edu.ec\/sitio\/wp-content\/uploads\/2024\/09\/03-MABE-WEB-644x429.jpg\" alt=\"\" class=\"wp-image-61430\" srcset=\"https:\/\/www.uartes.edu.ec\/sitio\/wp-content\/uploads\/2024\/09\/03-MABE-WEB-644x429.jpg 644w, https:\/\/www.uartes.edu.ec\/sitio\/wp-content\/uploads\/2024\/09\/03-MABE-WEB-300x200.jpg 300w, https:\/\/www.uartes.edu.ec\/sitio\/wp-content\/uploads\/2024\/09\/03-MABE-WEB-768x512.jpg 768w, https:\/\/www.uartes.edu.ec\/sitio\/wp-content\/uploads\/2024\/09\/03-MABE-WEB-1536x1024.jpg 1536w, https:\/\/www.uartes.edu.ec\/sitio\/wp-content\/uploads\/2024\/09\/03-MABE-WEB-18x12.jpg 18w, https:\/\/www.uartes.edu.ec\/sitio\/wp-content\/uploads\/2024\/09\/03-MABE-WEB-600x400.jpg 600w, https:\/\/www.uartes.edu.ec\/sitio\/wp-content\/uploads\/2024\/09\/03-MABE-WEB-400x267.jpg 400w, https:\/\/www.uartes.edu.ec\/sitio\/wp-content\/uploads\/2024\/09\/03-MABE-WEB-272x182.jpg 272w, https:\/\/www.uartes.edu.ec\/sitio\/wp-content\/uploads\/2024\/09\/03-MABE-WEB.jpg 2000w\" sizes=\"(max-width: 644px) 100vw, 644px\" \/><\/figure>\n<\/div>\n\n\n<p>\u201cEl problema es que, en esos momentos, no sab\u00eda qu\u00e9 hacer con mi vida hablando como artista, pues ten\u00eda desde siempre la pasi\u00f3n por dibujar (m\u00e1s que todo cualquier cosa relacionada a la caricatura y al mundo de la animaci\u00f3n). Viv\u00ed acomplejada por mucho tiempo (desde el colegio) sintiendo que no ten\u00eda todav\u00eda una identidad clara de m\u00ed misma por lo que fueran a decir de m\u00ed. En parte, debido a mis conflictos de infancia (los cuales se explican en la secci\u00f3n \u2018Introducci\u00f3n\u2019 de mi tesis). De hecho, durante mi tiempo en la universidad, estaba viendo que los dem\u00e1s compa\u00f1eros parec\u00edan saber qu\u00e9 hacer como artistas, mientras que yo me inclinaba todav\u00eda a contenerme ante todos con la idea de que mis intereses y manera de hacer las cosas son, en alg\u00fan sentido, reprobables para el resto de las personas. Y que, por lo consiguiente, estaba en mi responsabilidad comportarme de forma m\u00e1s \u2018normal\u2019 para no incomodar a nadie\u201d.<\/p>\n\n\n\n<p>La artista visual, quien firma sus obras como <em>Lagrufte, <\/em>manifiesta que desde peque\u00f1a gusta de todo lo relacionado a la subcultura g\u00f3tica, \u201cprefiero m\u00e1s el rock pesado que al reggaet\u00f3n y la salsa, y me gusta el anime mientras que la mayor\u00eda de la gente con la que me he topado alguna vez no tiene ni idea de qu\u00e9 significa la palabra \u2018anime\u2019 o \u2018manga\u2019&nbsp;en primer lugar\u201d.<\/p>\n\n\n\n<p>Para su muestra opt\u00f3 por hacer pinturas mostrando escenarios fant\u00e1sticos, pues, por cuesti\u00f3n de tiempo, su familia y su tutor&nbsp;la convencieron de que hablara sobre s\u00ed misma, algo de su vida. \u201cSon tres cuadros pintados en gran parte con pintura acr\u00edlica, y utilic\u00e9 varios materiales como marcadores, etc. (en mayor o menor medida). Esto fue acorde a la intencionalidad de cada cuadro. Uno, por ejemplo, es sobre una ni\u00f1a rodeada de personajes y cosas de la cultura pop para cuyo fondo us\u00e9 acr\u00edlico y para lo dem\u00e1s us\u00e9 tizas pastel y l\u00e1pices de colores. La obra, en general, contiene referencias y homenajes a la cultura popular, desde videojuegos hasta m\u00fasica\u201d.<\/p>\n\n\n\n<h3 class=\"wp-block-heading\">Artista y tutor de tesis: preparaci\u00f3n en UArtes<\/h3>\n\n\n\n<p>A su preparaci\u00f3n en la UArtes, Mar\u00eda Bel\u00e9n la describe en tres fases. Primero idealista, luego complicada y despu\u00e9s retrospectiva. \u201cMe refiero a que, desde antes de mis primeros d\u00edas de universitaria, ten\u00eda una visi\u00f3n rom\u00e1ntica de estudiar all\u00ed para formarme como artista. Con el tiempo empec\u00e9 a darme cuenta de ciertas cosas, sobre todo algo importante: ser artista no es tan sencillo como parece, y nada est\u00e1 garantizado hasta para lo que uno quiere hacer\u201d.<\/p>\n\n\n<div class=\"wp-block-image\">\n<figure class=\"aligncenter size-large\"><img decoding=\"async\" width=\"644\" height=\"483\" src=\"https:\/\/www.uartes.edu.ec\/sitio\/wp-content\/uploads\/2024\/09\/WhatsApp-Image-2024-09-06-at-18.50.16-644x483.jpeg\" alt=\"\" class=\"wp-image-61432\" srcset=\"https:\/\/www.uartes.edu.ec\/sitio\/wp-content\/uploads\/2024\/09\/WhatsApp-Image-2024-09-06-at-18.50.16-644x483.jpeg 644w, https:\/\/www.uartes.edu.ec\/sitio\/wp-content\/uploads\/2024\/09\/WhatsApp-Image-2024-09-06-at-18.50.16-300x225.jpeg 300w, https:\/\/www.uartes.edu.ec\/sitio\/wp-content\/uploads\/2024\/09\/WhatsApp-Image-2024-09-06-at-18.50.16-768x576.jpeg 768w, https:\/\/www.uartes.edu.ec\/sitio\/wp-content\/uploads\/2024\/09\/WhatsApp-Image-2024-09-06-at-18.50.16-16x12.jpeg 16w, https:\/\/www.uartes.edu.ec\/sitio\/wp-content\/uploads\/2024\/09\/WhatsApp-Image-2024-09-06-at-18.50.16-400x300.jpeg 400w, https:\/\/www.uartes.edu.ec\/sitio\/wp-content\/uploads\/2024\/09\/WhatsApp-Image-2024-09-06-at-18.50.16.jpeg 960w\" sizes=\"(max-width: 644px) 100vw, 644px\" \/><\/figure>\n<\/div>\n\n\n<p>Adem\u00e1s de ser su tutor de tesis, Xavier Pati\u00f1o fue docente de Mar\u00eda Bel\u00e9n y sigui\u00f3 de cerca su preparaci\u00f3n acad\u00e9mica, pues lograron una conexi\u00f3n amigable. Comenta que los comienzos de ella en la UArtes fueron complejos. \u201cEn realidad, a todos los j\u00f3venes les cuesta adaptarse a la universidad y m\u00e1s a\u00fan a ella que tiene un tipo de autismo\u201d.<\/p>\n\n\n\n<p>Admite que Mar\u00eda Bel\u00e9n no se entend\u00eda con los profesores ni ellos tampoco con ella y aunque la universidad est\u00e1 constantemente desarrollando talleres y dando capacitaciones \u2013para que sus docentes al tener un\/una estudiante con alguna necesidad educativa especial asociada a una discapacidad logre que aprenda de mejor manera\u2013 \u201cno somos especialistas, pues el espectro autista es de especialidad\u201d, subraya Pati\u00f1o.<\/p>\n\n\n\n<p>Revela tambi\u00e9n que fue el nexo de Mar\u00eda Bel\u00e9n con otros docentes, incluso de otras \u00e1reas. \u201cMe llamaban porque yo la tranquilizaba. La trataba como si fuera mi hija, con mucho cari\u00f1o y mucha comprensi\u00f3n; sin saber c\u00f3mo actuar en su problema, pero con cari\u00f1o y tranquilidad le explicaba que todo estaba bien y que lo tome acorde a su tiempo y circunstancias\u201d.<\/p>\n\n\n<div class=\"wp-block-image\">\n<figure class=\"aligncenter size-large\"><img loading=\"lazy\" decoding=\"async\" width=\"644\" height=\"429\" src=\"https:\/\/www.uartes.edu.ec\/sitio\/wp-content\/uploads\/2024\/09\/05-MABE-WEB-644x429.jpg\" alt=\"\" class=\"wp-image-61433\" srcset=\"https:\/\/www.uartes.edu.ec\/sitio\/wp-content\/uploads\/2024\/09\/05-MABE-WEB-644x429.jpg 644w, https:\/\/www.uartes.edu.ec\/sitio\/wp-content\/uploads\/2024\/09\/05-MABE-WEB-300x200.jpg 300w, https:\/\/www.uartes.edu.ec\/sitio\/wp-content\/uploads\/2024\/09\/05-MABE-WEB-768x512.jpg 768w, https:\/\/www.uartes.edu.ec\/sitio\/wp-content\/uploads\/2024\/09\/05-MABE-WEB-1536x1024.jpg 1536w, https:\/\/www.uartes.edu.ec\/sitio\/wp-content\/uploads\/2024\/09\/05-MABE-WEB-18x12.jpg 18w, https:\/\/www.uartes.edu.ec\/sitio\/wp-content\/uploads\/2024\/09\/05-MABE-WEB-600x400.jpg 600w, https:\/\/www.uartes.edu.ec\/sitio\/wp-content\/uploads\/2024\/09\/05-MABE-WEB-400x267.jpg 400w, https:\/\/www.uartes.edu.ec\/sitio\/wp-content\/uploads\/2024\/09\/05-MABE-WEB-272x182.jpg 272w, https:\/\/www.uartes.edu.ec\/sitio\/wp-content\/uploads\/2024\/09\/05-MABE-WEB.jpg 2000w\" sizes=\"(max-width: 644px) 100vw, 644px\" \/><\/figure>\n<\/div>\n\n\n<p>No se le hizo un curr\u00edculum especial a Mar\u00eda Bel\u00e9n, detalla Pati\u00f1o, destacando su inteligencia, posiblemente superior a la de los dem\u00e1s. \u201cNo hubo problema con ella en lo intelectual, lo que no soportaba era la presi\u00f3n de tantos deberes. Ella se ve\u00eda agobiada cuando un o una docente le mandaba deberes y que otro u otra tambi\u00e9n se los exigiera, entonces explotaba diciendo que no pod\u00eda con tantos deberes. No lo pod\u00eda manejar, pero poco a poco se fue acostumbrando y haciendo las cosas que ten\u00eda que hacer y lleg\u00f3 el momento en que tuvo que graduarse y me pidi\u00f3 que fuera su tutor\u201d.<\/p>\n\n\n\n<p>Confiesa Pati\u00f1o que en el trayecto tuvieron algunos intentos de tesis y que Mar\u00eda Bel\u00e9n se perdi\u00f3 por un a\u00f1o o a\u00f1o y medio hasta que reapareci\u00f3 y la retomaron. \u201cConversando con ella me di cuenta que lo suyo era un tema m\u00e1s personal, lo entendi\u00f3 y un d\u00eda vino con una tesis a la que le cambi\u00f3 el nombre algunas veces, un poco el contenido tambi\u00e9n para que se vaya acoplando a sus ideas, pero fue una experiencia s\u00faper ch\u00e9vere porque ella hizo su tesis sola. No es que tuve que corregirle muchas cosas porque fue una tesis muy humana, muy transparente, muy de ella. Ese viaje que hizo lo hizo al interior\u201d.<\/p>\n\n\n\n<p>El contenido del trabajo final para la titulaci\u00f3n de Mar\u00eda Bel\u00e9n es una monta\u00f1a rusa de emociones, expresa Pati\u00f1o. \u201cC\u00f3mo jugaba con sus hermanos, c\u00f3mo gozaba ella m\u00e1s que jugar con verlos jugar y verlos felices. Tuvo dos p\u00e9rdidas, dos hermanos fallecieron y eso tambi\u00e9n la marc\u00f3. Es sumamente inteligente, razona y escribe s\u00faper bien. Le cuesta relacionarse con las personas, no sabe c\u00f3mo hacerlo, tiene miedo de entablar una conversaci\u00f3n con alguien, pero ya cuando coge confianza es una adolescente como todas\u201d.<\/p>\n\n\n\n<p>En las im\u00e1genes, las piezas que componen la muestra de la artista <em>Lagrufte<\/em>, quien consta tambi\u00e9n el d\u00eda de su sustentaci\u00f3n de tesis junto a su tutor, docentes de la Escuela de Artes Visuales y el rector William Herrera.<\/p>\n\n\n\n<p>Fotos: Harold Maridue\u00f1a\/Biblioteca de las Artes y Escuela de Artes Visuales.<\/p>","protected":false},"excerpt":{"rendered":"<p>El t\u00edtulo de la muestra es \u201cClave de Psique. Una corta retrospectiva de vida desde la imaginaci\u00f3n\u201d y es hom\u00f3nimo al que su autora, Mar\u00eda Bel\u00e9n Wellington, dio a la tesis que present\u00f3 y sustent\u00f3 previa a la obtenci\u00f3n de la licenciatura en Artes Visuales. \u201cLagrufte\u201d, nombre art\u00edstico de la hoy graduada, y el docente Xavier Pati\u00f1o, su tutor, dan detalles de la obra, la primera que se expone en la Sala Inclusiva.  <\/p>","protected":false},"author":10,"featured_media":61429,"comment_status":"open","ping_status":"open","sticky":false,"template":"","format":"standard","meta":{"_acf_changed":false,"_uag_custom_page_level_css":"","_monsterinsights_skip_tracking":false,"_monsterinsights_sitenote_active":false,"_monsterinsights_sitenote_note":"","_monsterinsights_sitenote_category":0,"cybocfi_hide_featured_image":"","footnotes":""},"categories":[80,157,75,76],"tags":[1042],"infouartes":[],"class_list":["post-61424","post","type-post","status-publish","format-standard","has-post-thumbnail","hentry","category-academico","category-artes-visuales","category-docentes","category-estudiantes","tag-muestra-de-grado"],"acf":[],"yoast_head":"<!-- This site is optimized with the Yoast SEO plugin v27.4 - https:\/\/yoast.com\/product\/yoast-seo-wordpress\/ -->\n<title>Universidad de las Artes - Sala Inclusiva de la Biblioteca de las Artes es tambi\u00e9n espacio expositivo; all\u00ed se presenta el trabajo de grado de \u201cLagrufte\u201d<\/title>\n<meta name=\"description\" content=\"Universidad de las Artes - Sala Inclusiva de la Biblioteca de las Artes es tambi\u00e9n espacio expositivo; all\u00ed se presenta el trabajo de grado de \u201cLagrufte\u201d\" \/>\n<meta name=\"robots\" content=\"index, follow, max-snippet:-1, max-image-preview:large, max-video-preview:-1\" \/>\n<link rel=\"canonical\" href=\"https:\/\/www.uartes.edu.ec\/sitio\/fr\/blog\/2024\/09\/06\/sala-inclusiva-de-la-biblioteca-de-las-artes-es-tambien-espacio-expositivo-alli-se-presenta-el-trabajo-de-grado-de-lagrufte\/\" \/>\n<meta property=\"og:locale\" content=\"fr_FR\" \/>\n<meta property=\"og:type\" content=\"article\" \/>\n<meta property=\"og:title\" content=\"Universidad de las Artes - Sala Inclusiva de la Biblioteca de las Artes es tambi\u00e9n espacio expositivo; all\u00ed se presenta el trabajo de grado de \u201cLagrufte\u201d\" \/>\n<meta property=\"og:description\" content=\"Universidad de las Artes - Sala Inclusiva de la Biblioteca de las Artes es tambi\u00e9n espacio expositivo; all\u00ed se presenta el trabajo de grado de \u201cLagrufte\u201d\" \/>\n<meta property=\"og:url\" content=\"https:\/\/www.uartes.edu.ec\/sitio\/fr\/blog\/2024\/09\/06\/sala-inclusiva-de-la-biblioteca-de-las-artes-es-tambien-espacio-expositivo-alli-se-presenta-el-trabajo-de-grado-de-lagrufte\/\" \/>\n<meta property=\"og:site_name\" content=\"Universidad de las Artes\" \/>\n<meta property=\"article:publisher\" content=\"https:\/\/www.facebook.com\/uartesec\" \/>\n<meta property=\"article:published_time\" content=\"2024-09-06T23:57:55+00:00\" \/>\n<meta property=\"article:modified_time\" content=\"2024-09-13T19:39:02+00:00\" \/>\n<meta property=\"og:image\" content=\"https:\/\/www.uartes.edu.ec\/sitio\/wp-content\/uploads\/2024\/09\/02-MABE-WEB.jpg\" \/>\n\t<meta property=\"og:image:width\" content=\"2000\" \/>\n\t<meta property=\"og:image:height\" content=\"1333\" \/>\n\t<meta property=\"og:image:type\" content=\"image\/jpeg\" \/>\n<meta name=\"author\" content=\"ccortez\" \/>\n<meta name=\"twitter:card\" content=\"summary_large_image\" \/>\n<meta name=\"twitter:creator\" content=\"@uartesec\" \/>\n<meta name=\"twitter:site\" content=\"@uartesec\" \/>\n<meta name=\"twitter:label1\" content=\"\u00c9crit par\" \/>\n\t<meta name=\"twitter:data1\" content=\"ccortez\" \/>\n\t<meta name=\"twitter:label2\" content=\"Dur\u00e9e de lecture estim\u00e9e\" \/>\n\t<meta name=\"twitter:data2\" content=\"9 minutes\" \/>\n<script type=\"application\/ld+json\" class=\"yoast-schema-graph\">{\"@context\":\"https:\\\/\\\/schema.org\",\"@graph\":[{\"@type\":\"Article\",\"@id\":\"https:\\\/\\\/www.uartes.edu.ec\\\/sitio\\\/fr\\\/blog\\\/2024\\\/09\\\/06\\\/sala-inclusiva-de-la-biblioteca-de-las-artes-es-tambien-espacio-expositivo-alli-se-presenta-el-trabajo-de-grado-de-lagrufte\\\/#article\",\"isPartOf\":{\"@id\":\"https:\\\/\\\/www.uartes.edu.ec\\\/sitio\\\/fr\\\/blog\\\/2024\\\/09\\\/06\\\/sala-inclusiva-de-la-biblioteca-de-las-artes-es-tambien-espacio-expositivo-alli-se-presenta-el-trabajo-de-grado-de-lagrufte\\\/\"},\"author\":{\"name\":\"ccortez\",\"@id\":\"https:\\\/\\\/www.uartes.edu.ec\\\/sitio\\\/fr\\\/#\\\/schema\\\/person\\\/efa1b8275797664fd7f13a79ccc0b1f4\"},\"headline\":\"Sala Inclusiva de la Biblioteca de las Artes es tambi\u00e9n espacio expositivo; all\u00ed se presenta el trabajo de grado de \u201cLagrufte\u201d\",\"datePublished\":\"2024-09-06T23:57:55+00:00\",\"dateModified\":\"2024-09-13T19:39:02+00:00\",\"mainEntityOfPage\":{\"@id\":\"https:\\\/\\\/www.uartes.edu.ec\\\/sitio\\\/fr\\\/blog\\\/2024\\\/09\\\/06\\\/sala-inclusiva-de-la-biblioteca-de-las-artes-es-tambien-espacio-expositivo-alli-se-presenta-el-trabajo-de-grado-de-lagrufte\\\/\"},\"wordCount\":1736,\"commentCount\":0,\"publisher\":{\"@id\":\"https:\\\/\\\/www.uartes.edu.ec\\\/sitio\\\/fr\\\/#organization\"},\"image\":{\"@id\":\"https:\\\/\\\/www.uartes.edu.ec\\\/sitio\\\/fr\\\/blog\\\/2024\\\/09\\\/06\\\/sala-inclusiva-de-la-biblioteca-de-las-artes-es-tambien-espacio-expositivo-alli-se-presenta-el-trabajo-de-grado-de-lagrufte\\\/#primaryimage\"},\"thumbnailUrl\":\"https:\\\/\\\/www.uartes.edu.ec\\\/sitio\\\/wp-content\\\/uploads\\\/2024\\\/09\\\/02-MABE-WEB.jpg\",\"keywords\":[\"muestra de grado\"],\"articleSection\":[\"Acad\u00e9mico\",\"Artes Visuales\",\"Docentes\",\"Estudiantes\"],\"inLanguage\":\"fr-FR\",\"potentialAction\":[{\"@type\":\"CommentAction\",\"name\":\"Comment\",\"target\":[\"https:\\\/\\\/www.uartes.edu.ec\\\/sitio\\\/fr\\\/blog\\\/2024\\\/09\\\/06\\\/sala-inclusiva-de-la-biblioteca-de-las-artes-es-tambien-espacio-expositivo-alli-se-presenta-el-trabajo-de-grado-de-lagrufte\\\/#respond\"]}]},{\"@type\":[\"WebPage\",\"ItemPage\"],\"@id\":\"https:\\\/\\\/www.uartes.edu.ec\\\/sitio\\\/fr\\\/blog\\\/2024\\\/09\\\/06\\\/sala-inclusiva-de-la-biblioteca-de-las-artes-es-tambien-espacio-expositivo-alli-se-presenta-el-trabajo-de-grado-de-lagrufte\\\/\",\"url\":\"https:\\\/\\\/www.uartes.edu.ec\\\/sitio\\\/fr\\\/blog\\\/2024\\\/09\\\/06\\\/sala-inclusiva-de-la-biblioteca-de-las-artes-es-tambien-espacio-expositivo-alli-se-presenta-el-trabajo-de-grado-de-lagrufte\\\/\",\"name\":\"Universidad de las Artes - Sala Inclusiva de la Biblioteca de las Artes es tambi\u00e9n espacio expositivo; all\u00ed se presenta el trabajo de grado de \u201cLagrufte\u201d\",\"isPartOf\":{\"@id\":\"https:\\\/\\\/www.uartes.edu.ec\\\/sitio\\\/fr\\\/#website\"},\"primaryImageOfPage\":{\"@id\":\"https:\\\/\\\/www.uartes.edu.ec\\\/sitio\\\/fr\\\/blog\\\/2024\\\/09\\\/06\\\/sala-inclusiva-de-la-biblioteca-de-las-artes-es-tambien-espacio-expositivo-alli-se-presenta-el-trabajo-de-grado-de-lagrufte\\\/#primaryimage\"},\"image\":{\"@id\":\"https:\\\/\\\/www.uartes.edu.ec\\\/sitio\\\/fr\\\/blog\\\/2024\\\/09\\\/06\\\/sala-inclusiva-de-la-biblioteca-de-las-artes-es-tambien-espacio-expositivo-alli-se-presenta-el-trabajo-de-grado-de-lagrufte\\\/#primaryimage\"},\"thumbnailUrl\":\"https:\\\/\\\/www.uartes.edu.ec\\\/sitio\\\/wp-content\\\/uploads\\\/2024\\\/09\\\/02-MABE-WEB.jpg\",\"datePublished\":\"2024-09-06T23:57:55+00:00\",\"dateModified\":\"2024-09-13T19:39:02+00:00\",\"description\":\"Universidad de las Artes - Sala Inclusiva de la Biblioteca de las Artes es tambi\u00e9n espacio expositivo; all\u00ed se presenta el trabajo de grado de \u201cLagrufte\u201d\",\"breadcrumb\":{\"@id\":\"https:\\\/\\\/www.uartes.edu.ec\\\/sitio\\\/fr\\\/blog\\\/2024\\\/09\\\/06\\\/sala-inclusiva-de-la-biblioteca-de-las-artes-es-tambien-espacio-expositivo-alli-se-presenta-el-trabajo-de-grado-de-lagrufte\\\/#breadcrumb\"},\"inLanguage\":\"fr-FR\",\"potentialAction\":[{\"@type\":\"ReadAction\",\"target\":[\"https:\\\/\\\/www.uartes.edu.ec\\\/sitio\\\/fr\\\/blog\\\/2024\\\/09\\\/06\\\/sala-inclusiva-de-la-biblioteca-de-las-artes-es-tambien-espacio-expositivo-alli-se-presenta-el-trabajo-de-grado-de-lagrufte\\\/\"]}]},{\"@type\":\"ImageObject\",\"inLanguage\":\"fr-FR\",\"@id\":\"https:\\\/\\\/www.uartes.edu.ec\\\/sitio\\\/fr\\\/blog\\\/2024\\\/09\\\/06\\\/sala-inclusiva-de-la-biblioteca-de-las-artes-es-tambien-espacio-expositivo-alli-se-presenta-el-trabajo-de-grado-de-lagrufte\\\/#primaryimage\",\"url\":\"https:\\\/\\\/www.uartes.edu.ec\\\/sitio\\\/wp-content\\\/uploads\\\/2024\\\/09\\\/02-MABE-WEB.jpg\",\"contentUrl\":\"https:\\\/\\\/www.uartes.edu.ec\\\/sitio\\\/wp-content\\\/uploads\\\/2024\\\/09\\\/02-MABE-WEB.jpg\",\"width\":2000,\"height\":1333},{\"@type\":\"BreadcrumbList\",\"@id\":\"https:\\\/\\\/www.uartes.edu.ec\\\/sitio\\\/fr\\\/blog\\\/2024\\\/09\\\/06\\\/sala-inclusiva-de-la-biblioteca-de-las-artes-es-tambien-espacio-expositivo-alli-se-presenta-el-trabajo-de-grado-de-lagrufte\\\/#breadcrumb\",\"itemListElement\":[{\"@type\":\"ListItem\",\"position\":1,\"name\":\"Inicio\",\"item\":\"https:\\\/\\\/www.uartes.edu.ec\\\/sitio\\\/\"},{\"@type\":\"ListItem\",\"position\":2,\"name\":\"Sala Inclusiva de la Biblioteca de las Artes es tambi\u00e9n espacio expositivo; all\u00ed se presenta el trabajo de grado de \u201cLagrufte\u201d\"}]},{\"@type\":\"WebSite\",\"@id\":\"https:\\\/\\\/www.uartes.edu.ec\\\/sitio\\\/fr\\\/#website\",\"url\":\"https:\\\/\\\/www.uartes.edu.ec\\\/sitio\\\/fr\\\/\",\"name\":\"Universidad de las Artes\",\"description\":\"Sitio oficial de la Universidad Nacional de las Artes del Ecuador\",\"publisher\":{\"@id\":\"https:\\\/\\\/www.uartes.edu.ec\\\/sitio\\\/fr\\\/#organization\"},\"potentialAction\":[{\"@type\":\"SearchAction\",\"target\":{\"@type\":\"EntryPoint\",\"urlTemplate\":\"https:\\\/\\\/www.uartes.edu.ec\\\/sitio\\\/fr\\\/?s={search_term_string}\"},\"query-input\":{\"@type\":\"PropertyValueSpecification\",\"valueRequired\":true,\"valueName\":\"search_term_string\"}}],\"inLanguage\":\"fr-FR\"},{\"@type\":\"Organization\",\"@id\":\"https:\\\/\\\/www.uartes.edu.ec\\\/sitio\\\/fr\\\/#organization\",\"name\":\"Universidad de las Artes\",\"url\":\"https:\\\/\\\/www.uartes.edu.ec\\\/sitio\\\/fr\\\/\",\"logo\":{\"@type\":\"ImageObject\",\"inLanguage\":\"fr-FR\",\"@id\":\"https:\\\/\\\/www.uartes.edu.ec\\\/sitio\\\/fr\\\/#\\\/schema\\\/logo\\\/image\\\/\",\"url\":\"https:\\\/\\\/www.uartes.edu.ec\\\/sitio\\\/wp-content\\\/uploads\\\/2022\\\/07\\\/logo-ua-horizontal.png\",\"contentUrl\":\"https:\\\/\\\/www.uartes.edu.ec\\\/sitio\\\/wp-content\\\/uploads\\\/2022\\\/07\\\/logo-ua-horizontal.png\",\"width\":800,\"height\":276,\"caption\":\"Universidad de las Artes\"},\"image\":{\"@id\":\"https:\\\/\\\/www.uartes.edu.ec\\\/sitio\\\/fr\\\/#\\\/schema\\\/logo\\\/image\\\/\"},\"sameAs\":[\"https:\\\/\\\/www.facebook.com\\\/uartesec\",\"https:\\\/\\\/x.com\\\/uartesec\",\"https:\\\/\\\/www.tiktok.com\\\/@uartesec\"]},{\"@type\":\"Person\",\"@id\":\"https:\\\/\\\/www.uartes.edu.ec\\\/sitio\\\/fr\\\/#\\\/schema\\\/person\\\/efa1b8275797664fd7f13a79ccc0b1f4\",\"name\":\"ccortez\",\"image\":{\"@type\":\"ImageObject\",\"inLanguage\":\"fr-FR\",\"@id\":\"https:\\\/\\\/secure.gravatar.com\\\/avatar\\\/b2a6f664a3ae8e074346ef91775736c5ec479e637ecced6842de9dc98b5da9cd?s=96&d=mm&r=g\",\"url\":\"https:\\\/\\\/secure.gravatar.com\\\/avatar\\\/b2a6f664a3ae8e074346ef91775736c5ec479e637ecced6842de9dc98b5da9cd?s=96&d=mm&r=g\",\"contentUrl\":\"https:\\\/\\\/secure.gravatar.com\\\/avatar\\\/b2a6f664a3ae8e074346ef91775736c5ec479e637ecced6842de9dc98b5da9cd?s=96&d=mm&r=g\",\"caption\":\"ccortez\"},\"url\":\"https:\\\/\\\/www.uartes.edu.ec\\\/sitio\\\/fr\\\/blog\\\/author\\\/ccortez\\\/\"}]}<\/script>\n<!-- \/ Yoast SEO plugin. -->","yoast_head_json":{"title":"Universidad de las Artes - Sala Inclusiva de la Biblioteca de las Artes es tambi\u00e9n espacio expositivo; all\u00ed se presenta el trabajo de grado de \u201cLagrufte\u201d","description":"Universidad de las Artes - Sala Inclusiva de la Biblioteca de las Artes es tambi\u00e9n espacio expositivo; all\u00ed se presenta el trabajo de grado de \u201cLagrufte\u201d","robots":{"index":"index","follow":"follow","max-snippet":"max-snippet:-1","max-image-preview":"max-image-preview:large","max-video-preview":"max-video-preview:-1"},"canonical":"https:\/\/www.uartes.edu.ec\/sitio\/fr\/blog\/2024\/09\/06\/sala-inclusiva-de-la-biblioteca-de-las-artes-es-tambien-espacio-expositivo-alli-se-presenta-el-trabajo-de-grado-de-lagrufte\/","og_locale":"fr_FR","og_type":"article","og_title":"Universidad de las Artes - Sala Inclusiva de la Biblioteca de las Artes es tambi\u00e9n espacio expositivo; all\u00ed se presenta el trabajo de grado de \u201cLagrufte\u201d","og_description":"Universidad de las Artes - Sala Inclusiva de la Biblioteca de las Artes es tambi\u00e9n espacio expositivo; all\u00ed se presenta el trabajo de grado de \u201cLagrufte\u201d","og_url":"https:\/\/www.uartes.edu.ec\/sitio\/fr\/blog\/2024\/09\/06\/sala-inclusiva-de-la-biblioteca-de-las-artes-es-tambien-espacio-expositivo-alli-se-presenta-el-trabajo-de-grado-de-lagrufte\/","og_site_name":"Universidad de las Artes","article_publisher":"https:\/\/www.facebook.com\/uartesec","article_published_time":"2024-09-06T23:57:55+00:00","article_modified_time":"2024-09-13T19:39:02+00:00","og_image":[{"width":2000,"height":1333,"url":"https:\/\/www.uartes.edu.ec\/sitio\/wp-content\/uploads\/2024\/09\/02-MABE-WEB.jpg","type":"image\/jpeg"}],"author":"ccortez","twitter_card":"summary_large_image","twitter_creator":"@uartesec","twitter_site":"@uartesec","twitter_misc":{"\u00c9crit par":"ccortez","Dur\u00e9e de lecture estim\u00e9e":"9 minutes"},"schema":{"@context":"https:\/\/schema.org","@graph":[{"@type":"Article","@id":"https:\/\/www.uartes.edu.ec\/sitio\/fr\/blog\/2024\/09\/06\/sala-inclusiva-de-la-biblioteca-de-las-artes-es-tambien-espacio-expositivo-alli-se-presenta-el-trabajo-de-grado-de-lagrufte\/#article","isPartOf":{"@id":"https:\/\/www.uartes.edu.ec\/sitio\/fr\/blog\/2024\/09\/06\/sala-inclusiva-de-la-biblioteca-de-las-artes-es-tambien-espacio-expositivo-alli-se-presenta-el-trabajo-de-grado-de-lagrufte\/"},"author":{"name":"ccortez","@id":"https:\/\/www.uartes.edu.ec\/sitio\/fr\/#\/schema\/person\/efa1b8275797664fd7f13a79ccc0b1f4"},"headline":"Sala Inclusiva de la Biblioteca de las Artes es tambi\u00e9n espacio expositivo; all\u00ed se presenta el trabajo de grado de \u201cLagrufte\u201d","datePublished":"2024-09-06T23:57:55+00:00","dateModified":"2024-09-13T19:39:02+00:00","mainEntityOfPage":{"@id":"https:\/\/www.uartes.edu.ec\/sitio\/fr\/blog\/2024\/09\/06\/sala-inclusiva-de-la-biblioteca-de-las-artes-es-tambien-espacio-expositivo-alli-se-presenta-el-trabajo-de-grado-de-lagrufte\/"},"wordCount":1736,"commentCount":0,"publisher":{"@id":"https:\/\/www.uartes.edu.ec\/sitio\/fr\/#organization"},"image":{"@id":"https:\/\/www.uartes.edu.ec\/sitio\/fr\/blog\/2024\/09\/06\/sala-inclusiva-de-la-biblioteca-de-las-artes-es-tambien-espacio-expositivo-alli-se-presenta-el-trabajo-de-grado-de-lagrufte\/#primaryimage"},"thumbnailUrl":"https:\/\/www.uartes.edu.ec\/sitio\/wp-content\/uploads\/2024\/09\/02-MABE-WEB.jpg","keywords":["muestra de grado"],"articleSection":["Acad\u00e9mico","Artes Visuales","Docentes","Estudiantes"],"inLanguage":"fr-FR","potentialAction":[{"@type":"CommentAction","name":"Comment","target":["https:\/\/www.uartes.edu.ec\/sitio\/fr\/blog\/2024\/09\/06\/sala-inclusiva-de-la-biblioteca-de-las-artes-es-tambien-espacio-expositivo-alli-se-presenta-el-trabajo-de-grado-de-lagrufte\/#respond"]}]},{"@type":["WebPage","ItemPage"],"@id":"https:\/\/www.uartes.edu.ec\/sitio\/fr\/blog\/2024\/09\/06\/sala-inclusiva-de-la-biblioteca-de-las-artes-es-tambien-espacio-expositivo-alli-se-presenta-el-trabajo-de-grado-de-lagrufte\/","url":"https:\/\/www.uartes.edu.ec\/sitio\/fr\/blog\/2024\/09\/06\/sala-inclusiva-de-la-biblioteca-de-las-artes-es-tambien-espacio-expositivo-alli-se-presenta-el-trabajo-de-grado-de-lagrufte\/","name":"Universidad de las Artes - Sala Inclusiva de la Biblioteca de las Artes es tambi\u00e9n espacio expositivo; all\u00ed se presenta el trabajo de grado de \u201cLagrufte\u201d","isPartOf":{"@id":"https:\/\/www.uartes.edu.ec\/sitio\/fr\/#website"},"primaryImageOfPage":{"@id":"https:\/\/www.uartes.edu.ec\/sitio\/fr\/blog\/2024\/09\/06\/sala-inclusiva-de-la-biblioteca-de-las-artes-es-tambien-espacio-expositivo-alli-se-presenta-el-trabajo-de-grado-de-lagrufte\/#primaryimage"},"image":{"@id":"https:\/\/www.uartes.edu.ec\/sitio\/fr\/blog\/2024\/09\/06\/sala-inclusiva-de-la-biblioteca-de-las-artes-es-tambien-espacio-expositivo-alli-se-presenta-el-trabajo-de-grado-de-lagrufte\/#primaryimage"},"thumbnailUrl":"https:\/\/www.uartes.edu.ec\/sitio\/wp-content\/uploads\/2024\/09\/02-MABE-WEB.jpg","datePublished":"2024-09-06T23:57:55+00:00","dateModified":"2024-09-13T19:39:02+00:00","description":"Universidad de las Artes - Sala Inclusiva de la Biblioteca de las Artes es tambi\u00e9n espacio expositivo; all\u00ed se presenta el trabajo de grado de \u201cLagrufte\u201d","breadcrumb":{"@id":"https:\/\/www.uartes.edu.ec\/sitio\/fr\/blog\/2024\/09\/06\/sala-inclusiva-de-la-biblioteca-de-las-artes-es-tambien-espacio-expositivo-alli-se-presenta-el-trabajo-de-grado-de-lagrufte\/#breadcrumb"},"inLanguage":"fr-FR","potentialAction":[{"@type":"ReadAction","target":["https:\/\/www.uartes.edu.ec\/sitio\/fr\/blog\/2024\/09\/06\/sala-inclusiva-de-la-biblioteca-de-las-artes-es-tambien-espacio-expositivo-alli-se-presenta-el-trabajo-de-grado-de-lagrufte\/"]}]},{"@type":"ImageObject","inLanguage":"fr-FR","@id":"https:\/\/www.uartes.edu.ec\/sitio\/fr\/blog\/2024\/09\/06\/sala-inclusiva-de-la-biblioteca-de-las-artes-es-tambien-espacio-expositivo-alli-se-presenta-el-trabajo-de-grado-de-lagrufte\/#primaryimage","url":"https:\/\/www.uartes.edu.ec\/sitio\/wp-content\/uploads\/2024\/09\/02-MABE-WEB.jpg","contentUrl":"https:\/\/www.uartes.edu.ec\/sitio\/wp-content\/uploads\/2024\/09\/02-MABE-WEB.jpg","width":2000,"height":1333},{"@type":"BreadcrumbList","@id":"https:\/\/www.uartes.edu.ec\/sitio\/fr\/blog\/2024\/09\/06\/sala-inclusiva-de-la-biblioteca-de-las-artes-es-tambien-espacio-expositivo-alli-se-presenta-el-trabajo-de-grado-de-lagrufte\/#breadcrumb","itemListElement":[{"@type":"ListItem","position":1,"name":"Inicio","item":"https:\/\/www.uartes.edu.ec\/sitio\/"},{"@type":"ListItem","position":2,"name":"Sala Inclusiva de la Biblioteca de las Artes es tambi\u00e9n espacio expositivo; all\u00ed se presenta el trabajo de grado de \u201cLagrufte\u201d"}]},{"@type":"WebSite","@id":"https:\/\/www.uartes.edu.ec\/sitio\/fr\/#website","url":"https:\/\/www.uartes.edu.ec\/sitio\/fr\/","name":"Universidad de las Artes","description":"Sitio oficial de la Universidad Nacional de las Artes del Ecuador","publisher":{"@id":"https:\/\/www.uartes.edu.ec\/sitio\/fr\/#organization"},"potentialAction":[{"@type":"SearchAction","target":{"@type":"EntryPoint","urlTemplate":"https:\/\/www.uartes.edu.ec\/sitio\/fr\/?s={search_term_string}"},"query-input":{"@type":"PropertyValueSpecification","valueRequired":true,"valueName":"search_term_string"}}],"inLanguage":"fr-FR"},{"@type":"Organization","@id":"https:\/\/www.uartes.edu.ec\/sitio\/fr\/#organization","name":"Universidad de las Artes","url":"https:\/\/www.uartes.edu.ec\/sitio\/fr\/","logo":{"@type":"ImageObject","inLanguage":"fr-FR","@id":"https:\/\/www.uartes.edu.ec\/sitio\/fr\/#\/schema\/logo\/image\/","url":"https:\/\/www.uartes.edu.ec\/sitio\/wp-content\/uploads\/2022\/07\/logo-ua-horizontal.png","contentUrl":"https:\/\/www.uartes.edu.ec\/sitio\/wp-content\/uploads\/2022\/07\/logo-ua-horizontal.png","width":800,"height":276,"caption":"Universidad de las Artes"},"image":{"@id":"https:\/\/www.uartes.edu.ec\/sitio\/fr\/#\/schema\/logo\/image\/"},"sameAs":["https:\/\/www.facebook.com\/uartesec","https:\/\/x.com\/uartesec","https:\/\/www.tiktok.com\/@uartesec"]},{"@type":"Person","@id":"https:\/\/www.uartes.edu.ec\/sitio\/fr\/#\/schema\/person\/efa1b8275797664fd7f13a79ccc0b1f4","name":"ccortez","image":{"@type":"ImageObject","inLanguage":"fr-FR","@id":"https:\/\/secure.gravatar.com\/avatar\/b2a6f664a3ae8e074346ef91775736c5ec479e637ecced6842de9dc98b5da9cd?s=96&d=mm&r=g","url":"https:\/\/secure.gravatar.com\/avatar\/b2a6f664a3ae8e074346ef91775736c5ec479e637ecced6842de9dc98b5da9cd?s=96&d=mm&r=g","contentUrl":"https:\/\/secure.gravatar.com\/avatar\/b2a6f664a3ae8e074346ef91775736c5ec479e637ecced6842de9dc98b5da9cd?s=96&d=mm&r=g","caption":"ccortez"},"url":"https:\/\/www.uartes.edu.ec\/sitio\/fr\/blog\/author\/ccortez\/"}]}},"uagb_featured_image_src":{"full":["https:\/\/www.uartes.edu.ec\/sitio\/wp-content\/uploads\/2024\/09\/02-MABE-WEB.jpg",2000,1333,false],"thumbnail":["https:\/\/www.uartes.edu.ec\/sitio\/wp-content\/uploads\/2024\/09\/02-MABE-WEB-150x150.jpg",150,150,true],"medium":["https:\/\/www.uartes.edu.ec\/sitio\/wp-content\/uploads\/2024\/09\/02-MABE-WEB-300x200.jpg",300,200,true],"medium_large":["https:\/\/www.uartes.edu.ec\/sitio\/wp-content\/uploads\/2024\/09\/02-MABE-WEB-768x512.jpg",768,512,true],"large":["https:\/\/www.uartes.edu.ec\/sitio\/wp-content\/uploads\/2024\/09\/02-MABE-WEB-644x429.jpg",644,429,true],"1536x1536":["https:\/\/www.uartes.edu.ec\/sitio\/wp-content\/uploads\/2024\/09\/02-MABE-WEB-1536x1024.jpg",1536,1024,true],"2048x2048":["https:\/\/www.uartes.edu.ec\/sitio\/wp-content\/uploads\/2024\/09\/02-MABE-WEB.jpg",2000,1333,false],"trp-custom-language-flag":["https:\/\/www.uartes.edu.ec\/sitio\/wp-content\/uploads\/2024\/09\/02-MABE-WEB-18x12.jpg",18,12,true],"htmega_size_585x295":["https:\/\/www.uartes.edu.ec\/sitio\/wp-content\/uploads\/2024\/09\/02-MABE-WEB-585x295.jpg",585,295,true],"htmega_size_1170x536":["https:\/\/www.uartes.edu.ec\/sitio\/wp-content\/uploads\/2024\/09\/02-MABE-WEB-1170x536.jpg",1170,536,true],"htmega_size_396x360":["https:\/\/www.uartes.edu.ec\/sitio\/wp-content\/uploads\/2024\/09\/02-MABE-WEB-396x360.jpg",396,360,true],"gb-block-post-grid-landscape":["https:\/\/www.uartes.edu.ec\/sitio\/wp-content\/uploads\/2024\/09\/02-MABE-WEB-600x400.jpg",600,400,true],"gb-block-post-grid-square":["https:\/\/www.uartes.edu.ec\/sitio\/wp-content\/uploads\/2024\/09\/02-MABE-WEB-600x600.jpg",600,600,true],"university-hub-thumb":["https:\/\/www.uartes.edu.ec\/sitio\/wp-content\/uploads\/2024\/09\/02-MABE-WEB-400x267.jpg",400,267,true],"mailpoet_newsletter_max":["https:\/\/www.uartes.edu.ec\/sitio\/wp-content\/uploads\/2024\/09\/02-MABE-WEB.jpg",1320,880,false]},"uagb_author_info":{"display_name":"ccortez","author_link":"https:\/\/www.uartes.edu.ec\/sitio\/fr\/blog\/author\/ccortez\/"},"uagb_comment_info":0,"uagb_excerpt":"El t\u00edtulo de la muestra es \u201cClave de Psique. Una corta retrospectiva de vida desde la imaginaci\u00f3n\u201d y es hom\u00f3nimo al que su autora, Mar\u00eda Bel\u00e9n Wellington, dio a la tesis que present\u00f3 y sustent\u00f3 previa a la obtenci\u00f3n de la licenciatura en Artes Visuales. \u201cLagrufte\u201d, nombre art\u00edstico de la hoy graduada, y el docente\u2026","featured_image_src":"https:\/\/www.uartes.edu.ec\/sitio\/wp-content\/uploads\/2024\/09\/02-MABE-WEB-600x400.jpg","featured_image_src_square":"https:\/\/www.uartes.edu.ec\/sitio\/wp-content\/uploads\/2024\/09\/02-MABE-WEB-600x600.jpg","author_info":{"display_name":"ccortez","author_link":"https:\/\/www.uartes.edu.ec\/sitio\/fr\/blog\/author\/ccortez\/"},"publishpress_future_workflow_manual_trigger":{"enabledWorkflows":[]},"distributor_meta":false,"distributor_terms":false,"distributor_media":false,"distributor_original_site_name":"Universidad de las Artes","distributor_original_site_url":"https:\/\/www.uartes.edu.ec\/sitio\/fr","push-errors":false,"_links":{"self":[{"href":"https:\/\/www.uartes.edu.ec\/sitio\/fr\/wp-json\/wp\/v2\/posts\/61424","targetHints":{"allow":["GET"]}}],"collection":[{"href":"https:\/\/www.uartes.edu.ec\/sitio\/fr\/wp-json\/wp\/v2\/posts"}],"about":[{"href":"https:\/\/www.uartes.edu.ec\/sitio\/fr\/wp-json\/wp\/v2\/types\/post"}],"author":[{"embeddable":true,"href":"https:\/\/www.uartes.edu.ec\/sitio\/fr\/wp-json\/wp\/v2\/users\/10"}],"replies":[{"embeddable":true,"href":"https:\/\/www.uartes.edu.ec\/sitio\/fr\/wp-json\/wp\/v2\/comments?post=61424"}],"version-history":[{"count":8,"href":"https:\/\/www.uartes.edu.ec\/sitio\/fr\/wp-json\/wp\/v2\/posts\/61424\/revisions"}],"predecessor-version":[{"id":61707,"href":"https:\/\/www.uartes.edu.ec\/sitio\/fr\/wp-json\/wp\/v2\/posts\/61424\/revisions\/61707"}],"wp:featuredmedia":[{"embeddable":true,"href":"https:\/\/www.uartes.edu.ec\/sitio\/fr\/wp-json\/wp\/v2\/media\/61429"}],"wp:attachment":[{"href":"https:\/\/www.uartes.edu.ec\/sitio\/fr\/wp-json\/wp\/v2\/media?parent=61424"}],"wp:term":[{"taxonomy":"category","embeddable":true,"href":"https:\/\/www.uartes.edu.ec\/sitio\/fr\/wp-json\/wp\/v2\/categories?post=61424"},{"taxonomy":"post_tag","embeddable":true,"href":"https:\/\/www.uartes.edu.ec\/sitio\/fr\/wp-json\/wp\/v2\/tags?post=61424"},{"taxonomy":"infouartes","embeddable":true,"href":"https:\/\/www.uartes.edu.ec\/sitio\/fr\/wp-json\/wp\/v2\/infouartes?post=61424"}],"curies":[{"name":"wp","href":"https:\/\/api.w.org\/{rel}","templated":true}]}}