{"id":61441,"date":"2024-09-05T18:10:00","date_gmt":"2024-09-05T23:10:00","guid":{"rendered":"https:\/\/www.uartes.edu.ec\/sitio\/?p=61441"},"modified":"2024-09-06T22:41:00","modified_gmt":"2024-09-07T03:41:00","slug":"la-quimera-de-tue-miranda","status":"publish","type":"post","link":"https:\/\/www.uartes.edu.ec\/sitio\/fr\/blog\/2024\/09\/05\/la-quimera-de-tue-miranda\/","title":{"rendered":"La \u201cQuimera\u201d de Tue Miranda"},"content":{"rendered":"<p>Al entrar el Museo Nacional del Cacao una de las instalaciones que recibe a los visitantes es \u201cQuimera\u201d, una pieza que cuelga de debajo de la c\u00fapula y cae por el vac\u00edo de la escalera de caracol, generando di\u00e1logos con los espacios que habitamos y transitamos, sus elementos f\u00edsicos, simb\u00f3licos y diversas complejidades. Su autor es Josu\u00e9 Miranda Vanegas, estudiante de la Universidad de las Artes quien art\u00edsticamente se da a conocer como Tue Miranda.<\/p>\n\n\n\n<p>\u201cQuimera\u201d se inaugur\u00f3 en el Museo Nacional del Cacao de Guayaquil en las fiestas julianas y fue para Tue Miranda el premio que gan\u00f3 al responder a una convocatoria gestionada por la instituci\u00f3n que la acoge y la Fundaci\u00f3n de Arte Contempor\u00e1neo Eacheve.<\/p>\n\n\n\n<p>Al premio \u201cAxis: del museo a la c\u00fapula\u201d, propuesto con el objetivo de impulsar el arte instalativo en el medio, respondieron 19 talentosos artistas y tras una rigurosa selecci\u00f3n, el jurado determin\u00f3 como ganador al estudiante UArtes.<\/p>\n\n\n\n<p>Con su instalaci\u00f3n site specific, Tue Miranda aborda los v\u00ednculos y din\u00e1micas que la sociedad tiene con la naturaleza. La pieza que cuelga desde la c\u00fapula est\u00e1 tejida a mano y tiene ramificaciones que hacen referencia a los ecosistemas multinaturales o a los biomas representando esas ra\u00edces.<\/p>\n\n\n\n<h3 class=\"wp-block-heading\">Los cuestionamientos de \u201cQuimera\u201d<\/h3>\n\n\n\n<p>La instalaci\u00f3n de Tue Miranda estar\u00e1 en el Museo Nacional del Cacao hasta enero de 2025. Consultado por InfoUArtes acerca de la g\u00e9nesis de su propuesta, concepto y motivaciones, \u00e9l comparte un texto que da respuesta a estas y otras inquietudes planteadas, as\u00ed como los por qu\u00e9 del material que utiliz\u00f3; todo es resultado de sus procesos de investigaci\u00f3n:<\/p>\n\n\n<div class=\"wp-block-image\">\n<figure class=\"aligncenter size-large\"><img fetchpriority=\"high\" decoding=\"async\" width=\"644\" height=\"429\" src=\"https:\/\/www.uartes.edu.ec\/sitio\/wp-content\/uploads\/2024\/09\/02-TUE-MIRANDA-WEB-1-644x429.jpg\" alt=\"\" class=\"wp-image-61443\" srcset=\"https:\/\/www.uartes.edu.ec\/sitio\/wp-content\/uploads\/2024\/09\/02-TUE-MIRANDA-WEB-1-644x429.jpg 644w, https:\/\/www.uartes.edu.ec\/sitio\/wp-content\/uploads\/2024\/09\/02-TUE-MIRANDA-WEB-1-300x200.jpg 300w, https:\/\/www.uartes.edu.ec\/sitio\/wp-content\/uploads\/2024\/09\/02-TUE-MIRANDA-WEB-1-768x512.jpg 768w, https:\/\/www.uartes.edu.ec\/sitio\/wp-content\/uploads\/2024\/09\/02-TUE-MIRANDA-WEB-1-1536x1024.jpg 1536w, https:\/\/www.uartes.edu.ec\/sitio\/wp-content\/uploads\/2024\/09\/02-TUE-MIRANDA-WEB-1-18x12.jpg 18w, https:\/\/www.uartes.edu.ec\/sitio\/wp-content\/uploads\/2024\/09\/02-TUE-MIRANDA-WEB-1-600x400.jpg 600w, https:\/\/www.uartes.edu.ec\/sitio\/wp-content\/uploads\/2024\/09\/02-TUE-MIRANDA-WEB-1-400x267.jpg 400w, https:\/\/www.uartes.edu.ec\/sitio\/wp-content\/uploads\/2024\/09\/02-TUE-MIRANDA-WEB-1-272x182.jpg 272w, https:\/\/www.uartes.edu.ec\/sitio\/wp-content\/uploads\/2024\/09\/02-TUE-MIRANDA-WEB-1.jpg 2000w\" sizes=\"(max-width: 644px) 100vw, 644px\" \/><\/figure>\n<\/div>\n\n\n<p>\u201cDesde la materialidad, la \u2018Quimera\u2019 cuestiona los conceptos de econom\u00eda, libertad y ambiente habitando una casa patrimonial que antiguamente perteneci\u00f3 a una de las familias hacenderas m\u00e1s importantes del siglo pasado. As\u00ed, la pieza entreteje pisos cargados de historia del cacao y ocupa el museo como un escenario cr\u00edtico sobre la relaci\u00f3n entre econom\u00eda, poder y opresi\u00f3n\u201d.<\/p>\n\n\n\n<p>\u201cLas cadenas de hierro hidrocromadas son tejidas a mano con desechos org\u00e1nicos cubiertos de metal precioso, y nos recuerdan no solo a la opresi\u00f3n f\u00edsica de los cuerpos peonizados, sino tambi\u00e9n a los sujetos que est\u00e1n bajo el control hoy en d\u00eda a favor del capital. Estas cadenas entretejen una met\u00e1fora entre la explotaci\u00f3n de riquezas y su enraizamiento en los sistemas opresivos. La obra revisita la pr\u00e1ctica de transmutar estos materiales del capital como un ejercicio de transformaci\u00f3n simb\u00f3lica, en eco de las antiguas t\u00e9cnicas alqu\u00edmicas precolombinas\u201d.<\/p>\n\n\n\n<p>\u201cEn las culturas ancestrales, el oro y la plata no solo eran valorados por sus propiedades materiales, sino que tambi\u00e9n pose\u00edan propiedades espirituales y rituales. Las ramas argentadas provienen de los restos municipales y evidencian el descontrol de plagas y el nivel de contaminaci\u00f3n que ha devastado los \u00e1rboles de Guayaquil, un testimonio del colapso ecol\u00f3gico que acompa\u00f1a la crisis social y humana en la regi\u00f3n. Esta pieza ioniza lo descartado y contaminado a trav\u00e9s de una reducci\u00f3n qu\u00edmica de plata, generando en su superficie dep\u00f3sitos de metal y de memoria colectiva, mientras se entretejen desde estos materiales la historia que habita los pisos del museo\u201d.<\/p>\n\n\n\n<h3 class=\"wp-block-heading\">Curadur\u00eda de Ivanna Santoro<\/h3>\n\n\n\n<p>La curadur\u00eda de \u201cQuimera\u201d de Tue Miranda la hizo Ivanna Santoro, graduada UArtes. A continuaci\u00f3n, el contenido del texto curatorial que se present\u00f3 junto con la instalaci\u00f3n:<\/p>\n\n\n\n<p>\u201c\u2019Quimera\u2019\u201d, la instalaci\u00f3n de Tue Miranda (Cuenca), se presenta como una met\u00e1fora sobre el tema exploratorio de las tensiones entre los poderes pol\u00edtico-eco- n\u00f3micos y los recursos naturales. Ubicada en la emblem\u00e1tica c\u00fapula del Museo Nacional del Cacao, esta obra ofrece una lectura de las complejas relaciones entre la historia industrial guayaquile\u00f1a y su impacto en el medio ambiente\u201d.<\/p>\n\n\n\n<p>\u201cMiranda articula un discurso cr\u00edtico que combina finas cadenas de hierro y ramas tratadas qu\u00edmicamente, creando texturas que refieren tanto al material mineral e industrial como al vegetal y org\u00e1nico. En este sentido, \u2018Quimera\u2019 surge de una meticulosa investigaci\u00f3n hist\u00f3rica y una pr\u00e1ctica art\u00edstica que entrelaza lo manual con lo conceptual. Por un lado, la elecci\u00f3n de materiales y t\u00e9cnicas de tejidos reflejan la dualidad entre la permanencia del mineral ante la fugacidad de lo vegetal, la fuerza del hierro frente a la ligereza del entorno natural. Por el otro, este trabajo apunta a la pr\u00e1ctica del extractivismo y sus impactos en nuestra naturaleza, pensando en el extractivo de recursos naturales de manera irresponsable con su entorno\u201d.<\/p>\n\n\n\n<p>\u201cComo cr\u00edtica visual, esta obra es una invitaci\u00f3n a reflexionar sobre las fuerzas que moldean el desarrollo industrial y sus l\u00f3gicas econ\u00f3micas en la naturaleza ecuatoriana. Miranda nos confronta con esta realidad contempor\u00e1nea utilizando dispositivos metaf\u00f3ricos y ancestrales, como el tejido, que abogan por una concienciaci\u00f3n cr\u00edtica sobre el impacto nocivo de esos modelos econ\u00f3micos. Este tejido de elementos diversos simboliza, tambi\u00e9n la enmara\u00f1ada relaci\u00f3n entre el pasado y el presente, la tradici\u00f3n y la modernidad\u201d.<\/p>\n\n\n\n<p>\u201cEn la c\u00fapula del Museo Nacional de Cacao, \u2018Quimera\u2019 no solo se muestra, sino que se vive, integr\u00e1ndose al patrimonio arquitect\u00f3nico para crear una experiencia inmersiva y reflexiva. A trav\u00e9s de \u2018Quimera\u2019, el artista no solo teje materiales, sino narrativas e historias de nuestros problemas en torno a la conservaci\u00f3n de lo natural ante el desafuero industrial, proponiendo una reflexi\u00f3n profunda sobre el control, la historia entre industrializaci\u00f3n, modernidad, conservaci\u00f3n y protecci\u00f3n de nuestros h\u00e1bitats naturales y el estado de emergencia que atraviesa nuestra sociedad ecuatoriana\u201d.<\/p>\n\n\n\n<p>\u201cPor todo esto, esta obra se erige como un testimonio visual de las luchas actuales, e invita al espectador a cuestionar, interpretar y participar en la construcci\u00f3n de un sentido de futuro m\u00e1s consciente de las fragilidades del medio ambiente y, por ello mismo, con la urgencia de su sostenibilidad\u201d.<\/p>","protected":false},"excerpt":{"rendered":"<p>Al entrar el Museo Nacional del Cacao una de las instalaciones que recibe a los visitantes es \u201cQuimera\u201d, pieza que cuelga de debajo de la c\u00fapula y cae por el vac\u00edo de la escalera de caracol, generando di\u00e1logo con el espacio. Su autor es Josu\u00e9 Miranda, estudiante de la Universidad de las Artes que art\u00edsticamente se da a conocer como Tue Miranda. La muestra es el premio que gan\u00f3 al responder a una convocatoria gestionada por la instituci\u00f3n que la acoge y la Fundaci\u00f3n de Arte Contempor\u00e1neo Eacheve.<\/p>","protected":false},"author":10,"featured_media":61442,"comment_status":"open","ping_status":"open","sticky":false,"template":"","format":"standard","meta":{"_acf_changed":false,"_uag_custom_page_level_css":"","_monsterinsights_skip_tracking":false,"_monsterinsights_sitenote_active":false,"_monsterinsights_sitenote_note":"","_monsterinsights_sitenote_category":0,"cybocfi_hide_featured_image":"","footnotes":""},"categories":[80,82,157,284,83],"tags":[1268],"infouartes":[],"class_list":["post-61441","post","type-post","status-publish","format-standard","has-post-thumbnail","hentry","category-academico","category-artes","category-artes-visuales","category-investigacion","category-sedes","tag-premio"],"acf":[],"yoast_head":"<!-- This site is optimized with the Yoast SEO plugin v27.4 - https:\/\/yoast.com\/product\/yoast-seo-wordpress\/ -->\n<title>Universidad de las Artes - La \u201cQuimera\u201d de Tue Miranda<\/title>\n<meta name=\"description\" content=\"Universidad de las Artes - La \u201cQuimera\u201d de Tue Miranda\" \/>\n<meta name=\"robots\" content=\"index, follow, max-snippet:-1, max-image-preview:large, max-video-preview:-1\" \/>\n<link rel=\"canonical\" href=\"https:\/\/www.uartes.edu.ec\/sitio\/fr\/blog\/2024\/09\/05\/la-quimera-de-tue-miranda\/\" \/>\n<meta property=\"og:locale\" content=\"fr_FR\" \/>\n<meta property=\"og:type\" content=\"article\" \/>\n<meta property=\"og:title\" content=\"Universidad de las Artes - La \u201cQuimera\u201d de Tue Miranda\" \/>\n<meta property=\"og:description\" content=\"Universidad de las Artes - La \u201cQuimera\u201d de Tue Miranda\" \/>\n<meta property=\"og:url\" content=\"https:\/\/www.uartes.edu.ec\/sitio\/fr\/blog\/2024\/09\/05\/la-quimera-de-tue-miranda\/\" \/>\n<meta property=\"og:site_name\" content=\"Universidad de las Artes\" \/>\n<meta property=\"article:publisher\" content=\"https:\/\/www.facebook.com\/uartesec\" \/>\n<meta property=\"article:published_time\" content=\"2024-09-05T23:10:00+00:00\" \/>\n<meta property=\"article:modified_time\" content=\"2024-09-07T03:41:00+00:00\" \/>\n<meta property=\"og:image\" content=\"https:\/\/www.uartes.edu.ec\/sitio\/wp-content\/uploads\/2024\/09\/01-TUE-MIRANDA-WEB-1.jpg\" \/>\n\t<meta property=\"og:image:width\" content=\"2000\" \/>\n\t<meta property=\"og:image:height\" content=\"1333\" \/>\n\t<meta property=\"og:image:type\" content=\"image\/jpeg\" \/>\n<meta name=\"author\" content=\"ccortez\" \/>\n<meta name=\"twitter:card\" content=\"summary_large_image\" \/>\n<meta name=\"twitter:creator\" content=\"@uartesec\" \/>\n<meta name=\"twitter:site\" content=\"@uartesec\" \/>\n<meta name=\"twitter:label1\" content=\"\u00c9crit par\" \/>\n\t<meta name=\"twitter:data1\" content=\"ccortez\" \/>\n\t<meta name=\"twitter:label2\" content=\"Dur\u00e9e de lecture estim\u00e9e\" \/>\n\t<meta name=\"twitter:data2\" content=\"5 minutes\" \/>\n<script type=\"application\/ld+json\" class=\"yoast-schema-graph\">{\"@context\":\"https:\\\/\\\/schema.org\",\"@graph\":[{\"@type\":\"Article\",\"@id\":\"https:\\\/\\\/www.uartes.edu.ec\\\/sitio\\\/fr\\\/blog\\\/2024\\\/09\\\/05\\\/la-quimera-de-tue-miranda\\\/#article\",\"isPartOf\":{\"@id\":\"https:\\\/\\\/www.uartes.edu.ec\\\/sitio\\\/fr\\\/blog\\\/2024\\\/09\\\/05\\\/la-quimera-de-tue-miranda\\\/\"},\"author\":{\"name\":\"ccortez\",\"@id\":\"https:\\\/\\\/www.uartes.edu.ec\\\/sitio\\\/fr\\\/#\\\/schema\\\/person\\\/efa1b8275797664fd7f13a79ccc0b1f4\"},\"headline\":\"La \u201cQuimera\u201d de Tue Miranda\",\"datePublished\":\"2024-09-05T23:10:00+00:00\",\"dateModified\":\"2024-09-07T03:41:00+00:00\",\"mainEntityOfPage\":{\"@id\":\"https:\\\/\\\/www.uartes.edu.ec\\\/sitio\\\/fr\\\/blog\\\/2024\\\/09\\\/05\\\/la-quimera-de-tue-miranda\\\/\"},\"wordCount\":1032,\"commentCount\":0,\"publisher\":{\"@id\":\"https:\\\/\\\/www.uartes.edu.ec\\\/sitio\\\/fr\\\/#organization\"},\"image\":{\"@id\":\"https:\\\/\\\/www.uartes.edu.ec\\\/sitio\\\/fr\\\/blog\\\/2024\\\/09\\\/05\\\/la-quimera-de-tue-miranda\\\/#primaryimage\"},\"thumbnailUrl\":\"https:\\\/\\\/www.uartes.edu.ec\\\/sitio\\\/wp-content\\\/uploads\\\/2024\\\/09\\\/01-TUE-MIRANDA-WEB-1.jpg\",\"keywords\":[\"premio\"],\"articleSection\":[\"Acad\u00e9mico\",\"Artes\",\"Artes Visuales\",\"Investigaci\u00f3n\",\"Sedes\"],\"inLanguage\":\"fr-FR\",\"potentialAction\":[{\"@type\":\"CommentAction\",\"name\":\"Comment\",\"target\":[\"https:\\\/\\\/www.uartes.edu.ec\\\/sitio\\\/fr\\\/blog\\\/2024\\\/09\\\/05\\\/la-quimera-de-tue-miranda\\\/#respond\"]}]},{\"@type\":[\"WebPage\",\"ItemPage\"],\"@id\":\"https:\\\/\\\/www.uartes.edu.ec\\\/sitio\\\/fr\\\/blog\\\/2024\\\/09\\\/05\\\/la-quimera-de-tue-miranda\\\/\",\"url\":\"https:\\\/\\\/www.uartes.edu.ec\\\/sitio\\\/fr\\\/blog\\\/2024\\\/09\\\/05\\\/la-quimera-de-tue-miranda\\\/\",\"name\":\"Universidad de las Artes - La \u201cQuimera\u201d de Tue Miranda\",\"isPartOf\":{\"@id\":\"https:\\\/\\\/www.uartes.edu.ec\\\/sitio\\\/fr\\\/#website\"},\"primaryImageOfPage\":{\"@id\":\"https:\\\/\\\/www.uartes.edu.ec\\\/sitio\\\/fr\\\/blog\\\/2024\\\/09\\\/05\\\/la-quimera-de-tue-miranda\\\/#primaryimage\"},\"image\":{\"@id\":\"https:\\\/\\\/www.uartes.edu.ec\\\/sitio\\\/fr\\\/blog\\\/2024\\\/09\\\/05\\\/la-quimera-de-tue-miranda\\\/#primaryimage\"},\"thumbnailUrl\":\"https:\\\/\\\/www.uartes.edu.ec\\\/sitio\\\/wp-content\\\/uploads\\\/2024\\\/09\\\/01-TUE-MIRANDA-WEB-1.jpg\",\"datePublished\":\"2024-09-05T23:10:00+00:00\",\"dateModified\":\"2024-09-07T03:41:00+00:00\",\"description\":\"Universidad de las Artes - La \u201cQuimera\u201d de Tue Miranda\",\"breadcrumb\":{\"@id\":\"https:\\\/\\\/www.uartes.edu.ec\\\/sitio\\\/fr\\\/blog\\\/2024\\\/09\\\/05\\\/la-quimera-de-tue-miranda\\\/#breadcrumb\"},\"inLanguage\":\"fr-FR\",\"potentialAction\":[{\"@type\":\"ReadAction\",\"target\":[\"https:\\\/\\\/www.uartes.edu.ec\\\/sitio\\\/fr\\\/blog\\\/2024\\\/09\\\/05\\\/la-quimera-de-tue-miranda\\\/\"]}]},{\"@type\":\"ImageObject\",\"inLanguage\":\"fr-FR\",\"@id\":\"https:\\\/\\\/www.uartes.edu.ec\\\/sitio\\\/fr\\\/blog\\\/2024\\\/09\\\/05\\\/la-quimera-de-tue-miranda\\\/#primaryimage\",\"url\":\"https:\\\/\\\/www.uartes.edu.ec\\\/sitio\\\/wp-content\\\/uploads\\\/2024\\\/09\\\/01-TUE-MIRANDA-WEB-1.jpg\",\"contentUrl\":\"https:\\\/\\\/www.uartes.edu.ec\\\/sitio\\\/wp-content\\\/uploads\\\/2024\\\/09\\\/01-TUE-MIRANDA-WEB-1.jpg\",\"width\":2000,\"height\":1333},{\"@type\":\"BreadcrumbList\",\"@id\":\"https:\\\/\\\/www.uartes.edu.ec\\\/sitio\\\/fr\\\/blog\\\/2024\\\/09\\\/05\\\/la-quimera-de-tue-miranda\\\/#breadcrumb\",\"itemListElement\":[{\"@type\":\"ListItem\",\"position\":1,\"name\":\"Inicio\",\"item\":\"https:\\\/\\\/www.uartes.edu.ec\\\/sitio\\\/\"},{\"@type\":\"ListItem\",\"position\":2,\"name\":\"La \u201cQuimera\u201d de Tue Miranda\"}]},{\"@type\":\"WebSite\",\"@id\":\"https:\\\/\\\/www.uartes.edu.ec\\\/sitio\\\/fr\\\/#website\",\"url\":\"https:\\\/\\\/www.uartes.edu.ec\\\/sitio\\\/fr\\\/\",\"name\":\"Universidad de las Artes\",\"description\":\"Sitio oficial de la Universidad Nacional de las Artes del Ecuador\",\"publisher\":{\"@id\":\"https:\\\/\\\/www.uartes.edu.ec\\\/sitio\\\/fr\\\/#organization\"},\"potentialAction\":[{\"@type\":\"SearchAction\",\"target\":{\"@type\":\"EntryPoint\",\"urlTemplate\":\"https:\\\/\\\/www.uartes.edu.ec\\\/sitio\\\/fr\\\/?s={search_term_string}\"},\"query-input\":{\"@type\":\"PropertyValueSpecification\",\"valueRequired\":true,\"valueName\":\"search_term_string\"}}],\"inLanguage\":\"fr-FR\"},{\"@type\":\"Organization\",\"@id\":\"https:\\\/\\\/www.uartes.edu.ec\\\/sitio\\\/fr\\\/#organization\",\"name\":\"Universidad de las Artes\",\"url\":\"https:\\\/\\\/www.uartes.edu.ec\\\/sitio\\\/fr\\\/\",\"logo\":{\"@type\":\"ImageObject\",\"inLanguage\":\"fr-FR\",\"@id\":\"https:\\\/\\\/www.uartes.edu.ec\\\/sitio\\\/fr\\\/#\\\/schema\\\/logo\\\/image\\\/\",\"url\":\"https:\\\/\\\/www.uartes.edu.ec\\\/sitio\\\/wp-content\\\/uploads\\\/2022\\\/07\\\/logo-ua-horizontal.png\",\"contentUrl\":\"https:\\\/\\\/www.uartes.edu.ec\\\/sitio\\\/wp-content\\\/uploads\\\/2022\\\/07\\\/logo-ua-horizontal.png\",\"width\":800,\"height\":276,\"caption\":\"Universidad de las Artes\"},\"image\":{\"@id\":\"https:\\\/\\\/www.uartes.edu.ec\\\/sitio\\\/fr\\\/#\\\/schema\\\/logo\\\/image\\\/\"},\"sameAs\":[\"https:\\\/\\\/www.facebook.com\\\/uartesec\",\"https:\\\/\\\/x.com\\\/uartesec\",\"https:\\\/\\\/www.tiktok.com\\\/@uartesec\"]},{\"@type\":\"Person\",\"@id\":\"https:\\\/\\\/www.uartes.edu.ec\\\/sitio\\\/fr\\\/#\\\/schema\\\/person\\\/efa1b8275797664fd7f13a79ccc0b1f4\",\"name\":\"ccortez\",\"image\":{\"@type\":\"ImageObject\",\"inLanguage\":\"fr-FR\",\"@id\":\"https:\\\/\\\/secure.gravatar.com\\\/avatar\\\/b2a6f664a3ae8e074346ef91775736c5ec479e637ecced6842de9dc98b5da9cd?s=96&d=mm&r=g\",\"url\":\"https:\\\/\\\/secure.gravatar.com\\\/avatar\\\/b2a6f664a3ae8e074346ef91775736c5ec479e637ecced6842de9dc98b5da9cd?s=96&d=mm&r=g\",\"contentUrl\":\"https:\\\/\\\/secure.gravatar.com\\\/avatar\\\/b2a6f664a3ae8e074346ef91775736c5ec479e637ecced6842de9dc98b5da9cd?s=96&d=mm&r=g\",\"caption\":\"ccortez\"},\"url\":\"https:\\\/\\\/www.uartes.edu.ec\\\/sitio\\\/fr\\\/blog\\\/author\\\/ccortez\\\/\"}]}<\/script>\n<!-- \/ Yoast SEO plugin. -->","yoast_head_json":{"title":"Universidad de las Artes - La \u201cQuimera\u201d de Tue Miranda","description":"Universidad de las Artes - La \u201cQuimera\u201d de Tue Miranda","robots":{"index":"index","follow":"follow","max-snippet":"max-snippet:-1","max-image-preview":"max-image-preview:large","max-video-preview":"max-video-preview:-1"},"canonical":"https:\/\/www.uartes.edu.ec\/sitio\/fr\/blog\/2024\/09\/05\/la-quimera-de-tue-miranda\/","og_locale":"fr_FR","og_type":"article","og_title":"Universidad de las Artes - La \u201cQuimera\u201d de Tue Miranda","og_description":"Universidad de las Artes - La \u201cQuimera\u201d de Tue Miranda","og_url":"https:\/\/www.uartes.edu.ec\/sitio\/fr\/blog\/2024\/09\/05\/la-quimera-de-tue-miranda\/","og_site_name":"Universidad de las Artes","article_publisher":"https:\/\/www.facebook.com\/uartesec","article_published_time":"2024-09-05T23:10:00+00:00","article_modified_time":"2024-09-07T03:41:00+00:00","og_image":[{"width":2000,"height":1333,"url":"https:\/\/www.uartes.edu.ec\/sitio\/wp-content\/uploads\/2024\/09\/01-TUE-MIRANDA-WEB-1.jpg","type":"image\/jpeg"}],"author":"ccortez","twitter_card":"summary_large_image","twitter_creator":"@uartesec","twitter_site":"@uartesec","twitter_misc":{"\u00c9crit par":"ccortez","Dur\u00e9e de lecture estim\u00e9e":"5 minutes"},"schema":{"@context":"https:\/\/schema.org","@graph":[{"@type":"Article","@id":"https:\/\/www.uartes.edu.ec\/sitio\/fr\/blog\/2024\/09\/05\/la-quimera-de-tue-miranda\/#article","isPartOf":{"@id":"https:\/\/www.uartes.edu.ec\/sitio\/fr\/blog\/2024\/09\/05\/la-quimera-de-tue-miranda\/"},"author":{"name":"ccortez","@id":"https:\/\/www.uartes.edu.ec\/sitio\/fr\/#\/schema\/person\/efa1b8275797664fd7f13a79ccc0b1f4"},"headline":"La \u201cQuimera\u201d de Tue Miranda","datePublished":"2024-09-05T23:10:00+00:00","dateModified":"2024-09-07T03:41:00+00:00","mainEntityOfPage":{"@id":"https:\/\/www.uartes.edu.ec\/sitio\/fr\/blog\/2024\/09\/05\/la-quimera-de-tue-miranda\/"},"wordCount":1032,"commentCount":0,"publisher":{"@id":"https:\/\/www.uartes.edu.ec\/sitio\/fr\/#organization"},"image":{"@id":"https:\/\/www.uartes.edu.ec\/sitio\/fr\/blog\/2024\/09\/05\/la-quimera-de-tue-miranda\/#primaryimage"},"thumbnailUrl":"https:\/\/www.uartes.edu.ec\/sitio\/wp-content\/uploads\/2024\/09\/01-TUE-MIRANDA-WEB-1.jpg","keywords":["premio"],"articleSection":["Acad\u00e9mico","Artes","Artes Visuales","Investigaci\u00f3n","Sedes"],"inLanguage":"fr-FR","potentialAction":[{"@type":"CommentAction","name":"Comment","target":["https:\/\/www.uartes.edu.ec\/sitio\/fr\/blog\/2024\/09\/05\/la-quimera-de-tue-miranda\/#respond"]}]},{"@type":["WebPage","ItemPage"],"@id":"https:\/\/www.uartes.edu.ec\/sitio\/fr\/blog\/2024\/09\/05\/la-quimera-de-tue-miranda\/","url":"https:\/\/www.uartes.edu.ec\/sitio\/fr\/blog\/2024\/09\/05\/la-quimera-de-tue-miranda\/","name":"Universidad de las Artes - La \u201cQuimera\u201d de Tue Miranda","isPartOf":{"@id":"https:\/\/www.uartes.edu.ec\/sitio\/fr\/#website"},"primaryImageOfPage":{"@id":"https:\/\/www.uartes.edu.ec\/sitio\/fr\/blog\/2024\/09\/05\/la-quimera-de-tue-miranda\/#primaryimage"},"image":{"@id":"https:\/\/www.uartes.edu.ec\/sitio\/fr\/blog\/2024\/09\/05\/la-quimera-de-tue-miranda\/#primaryimage"},"thumbnailUrl":"https:\/\/www.uartes.edu.ec\/sitio\/wp-content\/uploads\/2024\/09\/01-TUE-MIRANDA-WEB-1.jpg","datePublished":"2024-09-05T23:10:00+00:00","dateModified":"2024-09-07T03:41:00+00:00","description":"Universidad de las Artes - La \u201cQuimera\u201d de Tue Miranda","breadcrumb":{"@id":"https:\/\/www.uartes.edu.ec\/sitio\/fr\/blog\/2024\/09\/05\/la-quimera-de-tue-miranda\/#breadcrumb"},"inLanguage":"fr-FR","potentialAction":[{"@type":"ReadAction","target":["https:\/\/www.uartes.edu.ec\/sitio\/fr\/blog\/2024\/09\/05\/la-quimera-de-tue-miranda\/"]}]},{"@type":"ImageObject","inLanguage":"fr-FR","@id":"https:\/\/www.uartes.edu.ec\/sitio\/fr\/blog\/2024\/09\/05\/la-quimera-de-tue-miranda\/#primaryimage","url":"https:\/\/www.uartes.edu.ec\/sitio\/wp-content\/uploads\/2024\/09\/01-TUE-MIRANDA-WEB-1.jpg","contentUrl":"https:\/\/www.uartes.edu.ec\/sitio\/wp-content\/uploads\/2024\/09\/01-TUE-MIRANDA-WEB-1.jpg","width":2000,"height":1333},{"@type":"BreadcrumbList","@id":"https:\/\/www.uartes.edu.ec\/sitio\/fr\/blog\/2024\/09\/05\/la-quimera-de-tue-miranda\/#breadcrumb","itemListElement":[{"@type":"ListItem","position":1,"name":"Inicio","item":"https:\/\/www.uartes.edu.ec\/sitio\/"},{"@type":"ListItem","position":2,"name":"La \u201cQuimera\u201d de Tue Miranda"}]},{"@type":"WebSite","@id":"https:\/\/www.uartes.edu.ec\/sitio\/fr\/#website","url":"https:\/\/www.uartes.edu.ec\/sitio\/fr\/","name":"Universidad de las Artes","description":"Sitio oficial de la Universidad Nacional de las Artes del Ecuador","publisher":{"@id":"https:\/\/www.uartes.edu.ec\/sitio\/fr\/#organization"},"potentialAction":[{"@type":"SearchAction","target":{"@type":"EntryPoint","urlTemplate":"https:\/\/www.uartes.edu.ec\/sitio\/fr\/?s={search_term_string}"},"query-input":{"@type":"PropertyValueSpecification","valueRequired":true,"valueName":"search_term_string"}}],"inLanguage":"fr-FR"},{"@type":"Organization","@id":"https:\/\/www.uartes.edu.ec\/sitio\/fr\/#organization","name":"Universidad de las Artes","url":"https:\/\/www.uartes.edu.ec\/sitio\/fr\/","logo":{"@type":"ImageObject","inLanguage":"fr-FR","@id":"https:\/\/www.uartes.edu.ec\/sitio\/fr\/#\/schema\/logo\/image\/","url":"https:\/\/www.uartes.edu.ec\/sitio\/wp-content\/uploads\/2022\/07\/logo-ua-horizontal.png","contentUrl":"https:\/\/www.uartes.edu.ec\/sitio\/wp-content\/uploads\/2022\/07\/logo-ua-horizontal.png","width":800,"height":276,"caption":"Universidad de las Artes"},"image":{"@id":"https:\/\/www.uartes.edu.ec\/sitio\/fr\/#\/schema\/logo\/image\/"},"sameAs":["https:\/\/www.facebook.com\/uartesec","https:\/\/x.com\/uartesec","https:\/\/www.tiktok.com\/@uartesec"]},{"@type":"Person","@id":"https:\/\/www.uartes.edu.ec\/sitio\/fr\/#\/schema\/person\/efa1b8275797664fd7f13a79ccc0b1f4","name":"ccortez","image":{"@type":"ImageObject","inLanguage":"fr-FR","@id":"https:\/\/secure.gravatar.com\/avatar\/b2a6f664a3ae8e074346ef91775736c5ec479e637ecced6842de9dc98b5da9cd?s=96&d=mm&r=g","url":"https:\/\/secure.gravatar.com\/avatar\/b2a6f664a3ae8e074346ef91775736c5ec479e637ecced6842de9dc98b5da9cd?s=96&d=mm&r=g","contentUrl":"https:\/\/secure.gravatar.com\/avatar\/b2a6f664a3ae8e074346ef91775736c5ec479e637ecced6842de9dc98b5da9cd?s=96&d=mm&r=g","caption":"ccortez"},"url":"https:\/\/www.uartes.edu.ec\/sitio\/fr\/blog\/author\/ccortez\/"}]}},"uagb_featured_image_src":{"full":["https:\/\/www.uartes.edu.ec\/sitio\/wp-content\/uploads\/2024\/09\/01-TUE-MIRANDA-WEB-1.jpg",2000,1333,false],"thumbnail":["https:\/\/www.uartes.edu.ec\/sitio\/wp-content\/uploads\/2024\/09\/01-TUE-MIRANDA-WEB-1-150x150.jpg",150,150,true],"medium":["https:\/\/www.uartes.edu.ec\/sitio\/wp-content\/uploads\/2024\/09\/01-TUE-MIRANDA-WEB-1-300x200.jpg",300,200,true],"medium_large":["https:\/\/www.uartes.edu.ec\/sitio\/wp-content\/uploads\/2024\/09\/01-TUE-MIRANDA-WEB-1-768x512.jpg",768,512,true],"large":["https:\/\/www.uartes.edu.ec\/sitio\/wp-content\/uploads\/2024\/09\/01-TUE-MIRANDA-WEB-1-644x429.jpg",644,429,true],"1536x1536":["https:\/\/www.uartes.edu.ec\/sitio\/wp-content\/uploads\/2024\/09\/01-TUE-MIRANDA-WEB-1-1536x1024.jpg",1536,1024,true],"2048x2048":["https:\/\/www.uartes.edu.ec\/sitio\/wp-content\/uploads\/2024\/09\/01-TUE-MIRANDA-WEB-1.jpg",2000,1333,false],"trp-custom-language-flag":["https:\/\/www.uartes.edu.ec\/sitio\/wp-content\/uploads\/2024\/09\/01-TUE-MIRANDA-WEB-1-18x12.jpg",18,12,true],"htmega_size_585x295":["https:\/\/www.uartes.edu.ec\/sitio\/wp-content\/uploads\/2024\/09\/01-TUE-MIRANDA-WEB-1-585x295.jpg",585,295,true],"htmega_size_1170x536":["https:\/\/www.uartes.edu.ec\/sitio\/wp-content\/uploads\/2024\/09\/01-TUE-MIRANDA-WEB-1-1170x536.jpg",1170,536,true],"htmega_size_396x360":["https:\/\/www.uartes.edu.ec\/sitio\/wp-content\/uploads\/2024\/09\/01-TUE-MIRANDA-WEB-1-396x360.jpg",396,360,true],"gb-block-post-grid-landscape":["https:\/\/www.uartes.edu.ec\/sitio\/wp-content\/uploads\/2024\/09\/01-TUE-MIRANDA-WEB-1-600x400.jpg",600,400,true],"gb-block-post-grid-square":["https:\/\/www.uartes.edu.ec\/sitio\/wp-content\/uploads\/2024\/09\/01-TUE-MIRANDA-WEB-1-600x600.jpg",600,600,true],"university-hub-thumb":["https:\/\/www.uartes.edu.ec\/sitio\/wp-content\/uploads\/2024\/09\/01-TUE-MIRANDA-WEB-1-400x267.jpg",400,267,true],"mailpoet_newsletter_max":["https:\/\/www.uartes.edu.ec\/sitio\/wp-content\/uploads\/2024\/09\/01-TUE-MIRANDA-WEB-1.jpg",1320,880,false]},"uagb_author_info":{"display_name":"ccortez","author_link":"https:\/\/www.uartes.edu.ec\/sitio\/fr\/blog\/author\/ccortez\/"},"uagb_comment_info":0,"uagb_excerpt":"Al entrar el Museo Nacional del Cacao una de las instalaciones que recibe a los visitantes es \u201cQuimera\u201d, pieza que cuelga de debajo de la c\u00fapula y cae por el vac\u00edo de la escalera de caracol, generando di\u00e1logo con el espacio. Su autor es Josu\u00e9 Miranda, estudiante de la Universidad de las Artes que art\u00edsticamente\u2026","featured_image_src":"https:\/\/www.uartes.edu.ec\/sitio\/wp-content\/uploads\/2024\/09\/01-TUE-MIRANDA-WEB-1-600x400.jpg","featured_image_src_square":"https:\/\/www.uartes.edu.ec\/sitio\/wp-content\/uploads\/2024\/09\/01-TUE-MIRANDA-WEB-1-600x600.jpg","author_info":{"display_name":"ccortez","author_link":"https:\/\/www.uartes.edu.ec\/sitio\/fr\/blog\/author\/ccortez\/"},"publishpress_future_workflow_manual_trigger":{"enabledWorkflows":[]},"distributor_meta":false,"distributor_terms":false,"distributor_media":false,"distributor_original_site_name":"Universidad de las Artes","distributor_original_site_url":"https:\/\/www.uartes.edu.ec\/sitio\/fr","push-errors":false,"_links":{"self":[{"href":"https:\/\/www.uartes.edu.ec\/sitio\/fr\/wp-json\/wp\/v2\/posts\/61441","targetHints":{"allow":["GET"]}}],"collection":[{"href":"https:\/\/www.uartes.edu.ec\/sitio\/fr\/wp-json\/wp\/v2\/posts"}],"about":[{"href":"https:\/\/www.uartes.edu.ec\/sitio\/fr\/wp-json\/wp\/v2\/types\/post"}],"author":[{"embeddable":true,"href":"https:\/\/www.uartes.edu.ec\/sitio\/fr\/wp-json\/wp\/v2\/users\/10"}],"replies":[{"embeddable":true,"href":"https:\/\/www.uartes.edu.ec\/sitio\/fr\/wp-json\/wp\/v2\/comments?post=61441"}],"version-history":[{"count":9,"href":"https:\/\/www.uartes.edu.ec\/sitio\/fr\/wp-json\/wp\/v2\/posts\/61441\/revisions"}],"predecessor-version":[{"id":61464,"href":"https:\/\/www.uartes.edu.ec\/sitio\/fr\/wp-json\/wp\/v2\/posts\/61441\/revisions\/61464"}],"wp:featuredmedia":[{"embeddable":true,"href":"https:\/\/www.uartes.edu.ec\/sitio\/fr\/wp-json\/wp\/v2\/media\/61442"}],"wp:attachment":[{"href":"https:\/\/www.uartes.edu.ec\/sitio\/fr\/wp-json\/wp\/v2\/media?parent=61441"}],"wp:term":[{"taxonomy":"category","embeddable":true,"href":"https:\/\/www.uartes.edu.ec\/sitio\/fr\/wp-json\/wp\/v2\/categories?post=61441"},{"taxonomy":"post_tag","embeddable":true,"href":"https:\/\/www.uartes.edu.ec\/sitio\/fr\/wp-json\/wp\/v2\/tags?post=61441"},{"taxonomy":"infouartes","embeddable":true,"href":"https:\/\/www.uartes.edu.ec\/sitio\/fr\/wp-json\/wp\/v2\/infouartes?post=61441"}],"curies":[{"name":"wp","href":"https:\/\/api.w.org\/{rel}","templated":true}]}}