{"id":61487,"date":"2024-09-06T16:15:00","date_gmt":"2024-09-06T21:15:00","guid":{"rendered":"https:\/\/www.uartes.edu.ec\/sitio\/?p=61487"},"modified":"2024-09-12T14:32:00","modified_gmt":"2024-09-12T19:32:00","slug":"uartes-amplia-lazos-de-cooperacion-con-ee-uu-relacionamiento-con-alari-de-la-universidad-de-harvard","status":"publish","type":"post","link":"https:\/\/www.uartes.edu.ec\/sitio\/fr\/blog\/2024\/09\/06\/uartes-amplia-lazos-de-cooperacion-con-ee-uu-relacionamiento-con-alari-de-la-universidad-de-harvard\/","title":{"rendered":"UArtes ampl\u00eda lazos de cooperaci\u00f3n con EE. UU.: Relacionamiento con el Centro ALARI de la Universidad de Harvard"},"content":{"rendered":"<p>La Universidad de las Artes recibi\u00f3 el pasado 28 de agosto a la doctora Carolina Silva Portero, coordinadora acad\u00e9mica del Instituto de Investigaci\u00f3n de Estudios Afrolatinoamericanos (ALARI) de la Universidad de Harvard. La grata visita es el resultado de los relacionamientos de la UArtes, a trav\u00e9s de la Direcci\u00f3n del Instituto Latinoamericano de Investigaci\u00f3n en Artes (ILIA) y el apoyo de la Direcci\u00f3n de Relaciones Internacionales.<\/p>\n\n\n\n<p>ALARI tiene como misi\u00f3n promover la investigaci\u00f3n sobre la experiencia afrolatinoamericana y crear un espacio donde acad\u00e9micos, intelectuales, activistas y formuladores de pol\u00edticas puedan intercambiar ideas y generar debates que enriquezcan el conocimiento.<\/p>\n\n\n\n<p>Durante su recorrido por la UArtes, la doctora Silva Portero fue recibida por un grupo de autoridades y directivos. Bradley Hilgert, vicerrector acad\u00e9mico; Alejandra Zambrano, directora de las Escuelas de Literatura y Cine; Pablo Cardoso, director del ILIA; Susan Togra D\u00edaz, directora de Relaciones Internacionales; y Byron Cevallos, coordinador de la carrera de Educaci\u00f3n Art\u00edstica Intercultural; con ellos, docentes de varias de nuestras escuelas, como Yuliana Ortiz Ruano, Luis P\u00e1ez y Camila Corral.<\/p>\n\n\n<div class=\"wp-block-image\">\n<figure class=\"aligncenter size-large\"><img fetchpriority=\"high\" decoding=\"async\" width=\"644\" height=\"429\" src=\"https:\/\/www.uartes.edu.ec\/sitio\/wp-content\/uploads\/2024\/09\/04-Visita-Carolina-Silva-ALARI-UArtes-644x429.jpg\" alt=\"\" class=\"wp-image-61489\" srcset=\"https:\/\/www.uartes.edu.ec\/sitio\/wp-content\/uploads\/2024\/09\/04-Visita-Carolina-Silva-ALARI-UArtes-644x429.jpg 644w, https:\/\/www.uartes.edu.ec\/sitio\/wp-content\/uploads\/2024\/09\/04-Visita-Carolina-Silva-ALARI-UArtes-300x200.jpg 300w, https:\/\/www.uartes.edu.ec\/sitio\/wp-content\/uploads\/2024\/09\/04-Visita-Carolina-Silva-ALARI-UArtes-768x512.jpg 768w, https:\/\/www.uartes.edu.ec\/sitio\/wp-content\/uploads\/2024\/09\/04-Visita-Carolina-Silva-ALARI-UArtes-1536x1024.jpg 1536w, https:\/\/www.uartes.edu.ec\/sitio\/wp-content\/uploads\/2024\/09\/04-Visita-Carolina-Silva-ALARI-UArtes-18x12.jpg 18w, https:\/\/www.uartes.edu.ec\/sitio\/wp-content\/uploads\/2024\/09\/04-Visita-Carolina-Silva-ALARI-UArtes-600x400.jpg 600w, https:\/\/www.uartes.edu.ec\/sitio\/wp-content\/uploads\/2024\/09\/04-Visita-Carolina-Silva-ALARI-UArtes-400x267.jpg 400w, https:\/\/www.uartes.edu.ec\/sitio\/wp-content\/uploads\/2024\/09\/04-Visita-Carolina-Silva-ALARI-UArtes-272x182.jpg 272w, https:\/\/www.uartes.edu.ec\/sitio\/wp-content\/uploads\/2024\/09\/04-Visita-Carolina-Silva-ALARI-UArtes.jpg 2000w\" sizes=\"(max-width: 644px) 100vw, 644px\" \/><\/figure>\n<\/div>\n\n\n<p>En una fruct\u00edfera reuni\u00f3n, se discutieron los proyectos de investigaci\u00f3n y vinculaci\u00f3n comunitaria que desarrolla la UArtes desde una perspectiva intercultural, as\u00ed como su Modelo Educativo y Pedag\u00f3gico, destacando su implementaci\u00f3n y evoluci\u00f3n. El di\u00e1logo permiti\u00f3 la exploraci\u00f3n de futuras colaboraciones entre la Universidad de las Artes y ALARI, basadas en los valores institucionales de interculturalidad, decolonialidad, respeto a los derechos culturales, inter y transdisciplinariedad, e inter-aprendizaje.<\/p>\n\n\n\n<p>Posteriormente, se llev\u00f3 a cabo una charla abierta para la comunidad universitaria, donde la doctora Silva Portero present\u00f3 el Certificado en Estudios Afrolatinoamericanos (CEA), programa que se desarrollar\u00e1 en modalidad virtual y abarca cursos profesionales enfocados en experiencias, historias, contribuciones y desaf\u00edos de la poblaci\u00f3n afrodescendiente en Am\u00e9rica Latina desde la \u00e9poca colonial hasta la actualidad. La coordinadora acad\u00e9mica de ALARI extendi\u00f3 una invitaci\u00f3n a quienes deseen inscribirse en este certificado, cuyo inicio est\u00e1 previsto para el 9 de septiembre de 2024.<\/p>\n\n\n\t\t\t\t\t<div\n\t\t\t\t\t\tclass=\"wp-block-uagb-image-gallery uagb-block-1f66fc67\"\n\t\t\t\t\t\tstyle=\"\"\n\t\t\t\t\t>\n\t\t\t\t\t\t\t\t\t\t\t<div class=\"spectra-image-gallery spectra-image-gallery__layout--grid spectra-image-gallery__layout--grid-col-3 spectra-image-gallery__layout--grid-col-tab-3 spectra-image-gallery__layout--grid-col-mob-2\">\n\t\t\t\t\t\t\t\t\t\t\t<div class='spectra-image-gallery__media-wrapper' data-spectra-gallery-image-id='61490' tabindex=\"0\">\n\t\t\t\t\t\t\t<div class=\"spectra-image-gallery__media spectra-image-gallery__media--grid\">\n\t\t\t\t<picture>\n\t\t\t\t\t<source media=\"(min-width: 1024px)\" srcset=\"https:\/\/www.uartes.edu.ec\/sitio\/wp-content\/uploads\/2024\/09\/05-Visita-Carolina-Silva-ALARI-UArtes-644x429.jpg\">\n\t\t\t\t\t<source media=\"(min-width: 768px)\" srcset=\"https:\/\/www.uartes.edu.ec\/sitio\/wp-content\/uploads\/2024\/09\/05-Visita-Carolina-Silva-ALARI-UArtes-644x429.jpg\">\n\t\t\t\t\t<img decoding=\"async\" class=\"spectra-image-gallery__media-thumbnail spectra-image-gallery__media-thumbnail--grid\" src=\"https:\/\/www.uartes.edu.ec\/sitio\/wp-content\/uploads\/2024\/09\/05-Visita-Carolina-Silva-ALARI-UArtes-300x200.jpg\" alt=\"\" loading=\"lazy\" \/>\n\t\t\t\t<\/picture>\n\t\t\t\t<div class=\"spectra-image-gallery__media-thumbnail-blurrer\"><\/div>\n\t\t\t\t\t\t\t\t\t\t\t<div class=\"spectra-image-gallery__media-thumbnail-caption-wrapper spectra-image-gallery__media-thumbnail-caption-wrapper--overlay\">\n\t\t\t\t\t\t\t\t\t\t\t<div class=\"spectra-image-gallery__media-thumbnail-caption spectra-image-gallery__media-thumbnail-caption--overlay\">\n\t\t\t\t\tAucune l\u00e9gende\t\t\t\t<\/div>\n\t\t\t\t\t\t\t\t\t\t<\/div>\n\t\t\t\t\t\t\t\t\t<\/div>\n\t\t\t\t\t\t<\/div>\n\t\t\t\t\t\t<div class='spectra-image-gallery__media-wrapper' data-spectra-gallery-image-id='61491' tabindex=\"0\">\n\t\t\t\t\t\t\t<div class=\"spectra-image-gallery__media spectra-image-gallery__media--grid\">\n\t\t\t\t<picture>\n\t\t\t\t\t<source media=\"(min-width: 1024px)\" srcset=\"https:\/\/www.uartes.edu.ec\/sitio\/wp-content\/uploads\/2024\/09\/03-Visita-Carolina-Silva-ALARI-UArtes-644x429.jpg\">\n\t\t\t\t\t<source media=\"(min-width: 768px)\" srcset=\"https:\/\/www.uartes.edu.ec\/sitio\/wp-content\/uploads\/2024\/09\/03-Visita-Carolina-Silva-ALARI-UArtes-644x429.jpg\">\n\t\t\t\t\t<img decoding=\"async\" class=\"spectra-image-gallery__media-thumbnail spectra-image-gallery__media-thumbnail--grid\" src=\"https:\/\/www.uartes.edu.ec\/sitio\/wp-content\/uploads\/2024\/09\/03-Visita-Carolina-Silva-ALARI-UArtes-300x200.jpg\" alt=\"\" loading=\"lazy\" \/>\n\t\t\t\t<\/picture>\n\t\t\t\t<div class=\"spectra-image-gallery__media-thumbnail-blurrer\"><\/div>\n\t\t\t\t\t\t\t\t\t\t\t<div class=\"spectra-image-gallery__media-thumbnail-caption-wrapper spectra-image-gallery__media-thumbnail-caption-wrapper--overlay\">\n\t\t\t\t\t\t\t\t\t\t\t<div class=\"spectra-image-gallery__media-thumbnail-caption spectra-image-gallery__media-thumbnail-caption--overlay\">\n\t\t\t\t\tAucune l\u00e9gende\t\t\t\t<\/div>\n\t\t\t\t\t\t\t\t\t\t<\/div>\n\t\t\t\t\t\t\t\t\t<\/div>\n\t\t\t\t\t\t<\/div>\n\t\t\t\t\t\t<div class='spectra-image-gallery__media-wrapper' data-spectra-gallery-image-id='61492' tabindex=\"0\">\n\t\t\t\t\t\t\t<div class=\"spectra-image-gallery__media spectra-image-gallery__media--grid\">\n\t\t\t\t<picture>\n\t\t\t\t\t<source media=\"(min-width: 1024px)\" srcset=\"https:\/\/www.uartes.edu.ec\/sitio\/wp-content\/uploads\/2024\/09\/02-Visita-Carolina-Silva-ALARI-UArtes-644x429.jpg\">\n\t\t\t\t\t<source media=\"(min-width: 768px)\" srcset=\"https:\/\/www.uartes.edu.ec\/sitio\/wp-content\/uploads\/2024\/09\/02-Visita-Carolina-Silva-ALARI-UArtes-644x429.jpg\">\n\t\t\t\t\t<img decoding=\"async\" class=\"spectra-image-gallery__media-thumbnail spectra-image-gallery__media-thumbnail--grid\" src=\"https:\/\/www.uartes.edu.ec\/sitio\/wp-content\/uploads\/2024\/09\/02-Visita-Carolina-Silva-ALARI-UArtes-300x200.jpg\" alt=\"\" loading=\"lazy\" \/>\n\t\t\t\t<\/picture>\n\t\t\t\t<div class=\"spectra-image-gallery__media-thumbnail-blurrer\"><\/div>\n\t\t\t\t\t\t\t\t\t\t\t<div class=\"spectra-image-gallery__media-thumbnail-caption-wrapper spectra-image-gallery__media-thumbnail-caption-wrapper--overlay\">\n\t\t\t\t\t\t\t\t\t\t\t<div class=\"spectra-image-gallery__media-thumbnail-caption spectra-image-gallery__media-thumbnail-caption--overlay\">\n\t\t\t\t\tAucune l\u00e9gende\t\t\t\t<\/div>\n\t\t\t\t\t\t\t\t\t\t<\/div>\n\t\t\t\t\t\t\t\t\t<\/div>\n\t\t\t\t\t\t<\/div>\n\t\t\t\t\t\t\t\t\t\t<\/div>\n\t\t\t\t\t\t\t\t\t\t\t\t\t\t\t\t\t\t<\/div>\n\t\t\t\t\t\t\t\t\t\n\n\n<p><\/p>\n\n\n\n<p>Como parte del relacionamiento entre la UArtes y ALARI, se ofreci\u00f3 inicialmente un 50% de descuento a las primeras diez personas de nuestra comunidad que se inscribieran y cumplieran con los requisitos del programa. No obstante, debido al alto inter\u00e9s generado, ALARI decidi\u00f3 ampliar el beneficio a diez personas adicionales, beneficiando a un total de 20 miembros de la comunidad UArtes.<\/p>\n\n\n\n<p>Esta colaboraci\u00f3n con ALARI es solo el inicio de una serie de actividades conjuntas que se llevar\u00e1n a cabo en beneficio de nuestra comunidad, fortaleciendo los lazos entre ambas instituciones y promoviendo el intercambio de conocimientos en torno a la interculturalidad y los estudios afrolatinoamericanos.<\/p>\n\n\n\n<p>Texto y fotos: Patricia Cevallos\/Direcci\u00f3n de Relaciones Internacionales UArtes.<\/p>","protected":false},"excerpt":{"rendered":"<p>La Universidad de las Artes recibi\u00f3 a la Dra. Carolina Silva Portero, coordinadora acad\u00e9mica del Instituto de Investigaci\u00f3n de Estudios Afrolatinoamericanos (ALARI) de la Universidad de Harvard. La grata visita es el resultado de los relacionamientos de la UArtes, a trav\u00e9s de la Direcci\u00f3n del Instituto Latinoamericano de Investigaci\u00f3n en Artes (ILIA) y el apoyo de la Direcci\u00f3n de Relaciones Internacionales.<\/p>","protected":false},"author":10,"featured_media":61488,"comment_status":"open","ping_status":"open","sticky":false,"template":"","format":"standard","meta":{"_acf_changed":false,"_uag_custom_page_level_css":"","_monsterinsights_skip_tracking":false,"_monsterinsights_sitenote_active":false,"_monsterinsights_sitenote_note":"","_monsterinsights_sitenote_category":0,"cybocfi_hide_featured_image":"","footnotes":""},"categories":[80,75,76,77],"tags":[279],"infouartes":[],"class_list":["post-61487","post","type-post","status-publish","format-standard","has-post-thumbnail","hentry","category-academico","category-docentes","category-estudiantes","category-gestion","tag-relaciones-internacionales"],"acf":[],"yoast_head":"<!-- This site is optimized with the Yoast SEO plugin v27.4 - https:\/\/yoast.com\/product\/yoast-seo-wordpress\/ -->\n<title>Universidad de las Artes - UArtes ampl\u00eda lazos de cooperaci\u00f3n con EE. UU.: Relacionamiento con el Centro ALARI de la Universidad de Harvard<\/title>\n<meta name=\"description\" content=\"Universidad de las Artes - UArtes ampl\u00eda lazos de cooperaci\u00f3n con EE. UU.: Relacionamiento con el Centro ALARI de la Universidad de Harvard\" \/>\n<meta name=\"robots\" content=\"index, follow, max-snippet:-1, max-image-preview:large, max-video-preview:-1\" \/>\n<link rel=\"canonical\" href=\"https:\/\/www.uartes.edu.ec\/sitio\/fr\/blog\/2024\/09\/06\/uartes-amplia-lazos-de-cooperacion-con-ee-uu-relacionamiento-con-alari-de-la-universidad-de-harvard\/\" \/>\n<meta property=\"og:locale\" content=\"fr_FR\" \/>\n<meta property=\"og:type\" content=\"article\" \/>\n<meta property=\"og:title\" content=\"Universidad de las Artes - UArtes ampl\u00eda lazos de cooperaci\u00f3n con EE. UU.: Relacionamiento con el Centro ALARI de la Universidad de Harvard\" \/>\n<meta property=\"og:description\" content=\"Universidad de las Artes - UArtes ampl\u00eda lazos de cooperaci\u00f3n con EE. UU.: Relacionamiento con el Centro ALARI de la Universidad de Harvard\" \/>\n<meta property=\"og:url\" content=\"https:\/\/www.uartes.edu.ec\/sitio\/fr\/blog\/2024\/09\/06\/uartes-amplia-lazos-de-cooperacion-con-ee-uu-relacionamiento-con-alari-de-la-universidad-de-harvard\/\" \/>\n<meta property=\"og:site_name\" content=\"Universidad de las Artes\" \/>\n<meta property=\"article:publisher\" content=\"https:\/\/www.facebook.com\/uartesec\" \/>\n<meta property=\"article:published_time\" content=\"2024-09-06T21:15:00+00:00\" \/>\n<meta property=\"article:modified_time\" content=\"2024-09-12T19:32:00+00:00\" \/>\n<meta property=\"og:image\" content=\"https:\/\/www.uartes.edu.ec\/sitio\/wp-content\/uploads\/2024\/09\/01-Visita-Carolina-Silva-ALARI-UArtes.jpg\" \/>\n\t<meta property=\"og:image:width\" content=\"2000\" \/>\n\t<meta property=\"og:image:height\" content=\"1333\" \/>\n\t<meta property=\"og:image:type\" content=\"image\/jpeg\" \/>\n<meta name=\"author\" content=\"ccortez\" \/>\n<meta name=\"twitter:card\" content=\"summary_large_image\" \/>\n<meta name=\"twitter:creator\" content=\"@uartesec\" \/>\n<meta name=\"twitter:site\" content=\"@uartesec\" \/>\n<meta name=\"twitter:label1\" content=\"\u00c9crit par\" \/>\n\t<meta name=\"twitter:data1\" content=\"ccortez\" \/>\n\t<meta name=\"twitter:label2\" content=\"Dur\u00e9e de lecture estim\u00e9e\" \/>\n\t<meta name=\"twitter:data2\" content=\"3 minutes\" \/>\n<script type=\"application\/ld+json\" class=\"yoast-schema-graph\">{\"@context\":\"https:\\\/\\\/schema.org\",\"@graph\":[{\"@type\":\"Article\",\"@id\":\"https:\\\/\\\/www.uartes.edu.ec\\\/sitio\\\/fr\\\/blog\\\/2024\\\/09\\\/06\\\/uartes-amplia-lazos-de-cooperacion-con-ee-uu-relacionamiento-con-alari-de-la-universidad-de-harvard\\\/#article\",\"isPartOf\":{\"@id\":\"https:\\\/\\\/www.uartes.edu.ec\\\/sitio\\\/fr\\\/blog\\\/2024\\\/09\\\/06\\\/uartes-amplia-lazos-de-cooperacion-con-ee-uu-relacionamiento-con-alari-de-la-universidad-de-harvard\\\/\"},\"author\":{\"name\":\"ccortez\",\"@id\":\"https:\\\/\\\/www.uartes.edu.ec\\\/sitio\\\/fr\\\/#\\\/schema\\\/person\\\/efa1b8275797664fd7f13a79ccc0b1f4\"},\"headline\":\"UArtes ampl\u00eda lazos de cooperaci\u00f3n con EE. UU.: Relacionamiento con el Centro ALARI de la Universidad de Harvard\",\"datePublished\":\"2024-09-06T21:15:00+00:00\",\"dateModified\":\"2024-09-12T19:32:00+00:00\",\"mainEntityOfPage\":{\"@id\":\"https:\\\/\\\/www.uartes.edu.ec\\\/sitio\\\/fr\\\/blog\\\/2024\\\/09\\\/06\\\/uartes-amplia-lazos-de-cooperacion-con-ee-uu-relacionamiento-con-alari-de-la-universidad-de-harvard\\\/\"},\"wordCount\":485,\"commentCount\":0,\"publisher\":{\"@id\":\"https:\\\/\\\/www.uartes.edu.ec\\\/sitio\\\/fr\\\/#organization\"},\"image\":{\"@id\":\"https:\\\/\\\/www.uartes.edu.ec\\\/sitio\\\/fr\\\/blog\\\/2024\\\/09\\\/06\\\/uartes-amplia-lazos-de-cooperacion-con-ee-uu-relacionamiento-con-alari-de-la-universidad-de-harvard\\\/#primaryimage\"},\"thumbnailUrl\":\"https:\\\/\\\/www.uartes.edu.ec\\\/sitio\\\/wp-content\\\/uploads\\\/2024\\\/09\\\/01-Visita-Carolina-Silva-ALARI-UArtes.jpg\",\"keywords\":[\"relaciones internacionales\"],\"articleSection\":[\"Acad\u00e9mico\",\"Docentes\",\"Estudiantes\",\"Gesti\u00f3n\"],\"inLanguage\":\"fr-FR\",\"potentialAction\":[{\"@type\":\"CommentAction\",\"name\":\"Comment\",\"target\":[\"https:\\\/\\\/www.uartes.edu.ec\\\/sitio\\\/fr\\\/blog\\\/2024\\\/09\\\/06\\\/uartes-amplia-lazos-de-cooperacion-con-ee-uu-relacionamiento-con-alari-de-la-universidad-de-harvard\\\/#respond\"]}]},{\"@type\":[\"WebPage\",\"ItemPage\"],\"@id\":\"https:\\\/\\\/www.uartes.edu.ec\\\/sitio\\\/fr\\\/blog\\\/2024\\\/09\\\/06\\\/uartes-amplia-lazos-de-cooperacion-con-ee-uu-relacionamiento-con-alari-de-la-universidad-de-harvard\\\/\",\"url\":\"https:\\\/\\\/www.uartes.edu.ec\\\/sitio\\\/fr\\\/blog\\\/2024\\\/09\\\/06\\\/uartes-amplia-lazos-de-cooperacion-con-ee-uu-relacionamiento-con-alari-de-la-universidad-de-harvard\\\/\",\"name\":\"Universidad de las Artes - UArtes ampl\u00eda lazos de cooperaci\u00f3n con EE. UU.: Relacionamiento con el Centro ALARI de la Universidad de Harvard\",\"isPartOf\":{\"@id\":\"https:\\\/\\\/www.uartes.edu.ec\\\/sitio\\\/fr\\\/#website\"},\"primaryImageOfPage\":{\"@id\":\"https:\\\/\\\/www.uartes.edu.ec\\\/sitio\\\/fr\\\/blog\\\/2024\\\/09\\\/06\\\/uartes-amplia-lazos-de-cooperacion-con-ee-uu-relacionamiento-con-alari-de-la-universidad-de-harvard\\\/#primaryimage\"},\"image\":{\"@id\":\"https:\\\/\\\/www.uartes.edu.ec\\\/sitio\\\/fr\\\/blog\\\/2024\\\/09\\\/06\\\/uartes-amplia-lazos-de-cooperacion-con-ee-uu-relacionamiento-con-alari-de-la-universidad-de-harvard\\\/#primaryimage\"},\"thumbnailUrl\":\"https:\\\/\\\/www.uartes.edu.ec\\\/sitio\\\/wp-content\\\/uploads\\\/2024\\\/09\\\/01-Visita-Carolina-Silva-ALARI-UArtes.jpg\",\"datePublished\":\"2024-09-06T21:15:00+00:00\",\"dateModified\":\"2024-09-12T19:32:00+00:00\",\"description\":\"Universidad de las Artes - UArtes ampl\u00eda lazos de cooperaci\u00f3n con EE. UU.: Relacionamiento con el Centro ALARI de la Universidad de Harvard\",\"breadcrumb\":{\"@id\":\"https:\\\/\\\/www.uartes.edu.ec\\\/sitio\\\/fr\\\/blog\\\/2024\\\/09\\\/06\\\/uartes-amplia-lazos-de-cooperacion-con-ee-uu-relacionamiento-con-alari-de-la-universidad-de-harvard\\\/#breadcrumb\"},\"inLanguage\":\"fr-FR\",\"potentialAction\":[{\"@type\":\"ReadAction\",\"target\":[\"https:\\\/\\\/www.uartes.edu.ec\\\/sitio\\\/fr\\\/blog\\\/2024\\\/09\\\/06\\\/uartes-amplia-lazos-de-cooperacion-con-ee-uu-relacionamiento-con-alari-de-la-universidad-de-harvard\\\/\"]}]},{\"@type\":\"ImageObject\",\"inLanguage\":\"fr-FR\",\"@id\":\"https:\\\/\\\/www.uartes.edu.ec\\\/sitio\\\/fr\\\/blog\\\/2024\\\/09\\\/06\\\/uartes-amplia-lazos-de-cooperacion-con-ee-uu-relacionamiento-con-alari-de-la-universidad-de-harvard\\\/#primaryimage\",\"url\":\"https:\\\/\\\/www.uartes.edu.ec\\\/sitio\\\/wp-content\\\/uploads\\\/2024\\\/09\\\/01-Visita-Carolina-Silva-ALARI-UArtes.jpg\",\"contentUrl\":\"https:\\\/\\\/www.uartes.edu.ec\\\/sitio\\\/wp-content\\\/uploads\\\/2024\\\/09\\\/01-Visita-Carolina-Silva-ALARI-UArtes.jpg\",\"width\":2000,\"height\":1333},{\"@type\":\"BreadcrumbList\",\"@id\":\"https:\\\/\\\/www.uartes.edu.ec\\\/sitio\\\/fr\\\/blog\\\/2024\\\/09\\\/06\\\/uartes-amplia-lazos-de-cooperacion-con-ee-uu-relacionamiento-con-alari-de-la-universidad-de-harvard\\\/#breadcrumb\",\"itemListElement\":[{\"@type\":\"ListItem\",\"position\":1,\"name\":\"Inicio\",\"item\":\"https:\\\/\\\/www.uartes.edu.ec\\\/sitio\\\/\"},{\"@type\":\"ListItem\",\"position\":2,\"name\":\"UArtes ampl\u00eda lazos de cooperaci\u00f3n con EE. UU.: Relacionamiento con el Centro ALARI de la Universidad de Harvard\"}]},{\"@type\":\"WebSite\",\"@id\":\"https:\\\/\\\/www.uartes.edu.ec\\\/sitio\\\/fr\\\/#website\",\"url\":\"https:\\\/\\\/www.uartes.edu.ec\\\/sitio\\\/fr\\\/\",\"name\":\"Universidad de las Artes\",\"description\":\"Sitio oficial de la Universidad Nacional de las Artes del Ecuador\",\"publisher\":{\"@id\":\"https:\\\/\\\/www.uartes.edu.ec\\\/sitio\\\/fr\\\/#organization\"},\"potentialAction\":[{\"@type\":\"SearchAction\",\"target\":{\"@type\":\"EntryPoint\",\"urlTemplate\":\"https:\\\/\\\/www.uartes.edu.ec\\\/sitio\\\/fr\\\/?s={search_term_string}\"},\"query-input\":{\"@type\":\"PropertyValueSpecification\",\"valueRequired\":true,\"valueName\":\"search_term_string\"}}],\"inLanguage\":\"fr-FR\"},{\"@type\":\"Organization\",\"@id\":\"https:\\\/\\\/www.uartes.edu.ec\\\/sitio\\\/fr\\\/#organization\",\"name\":\"Universidad de las Artes\",\"url\":\"https:\\\/\\\/www.uartes.edu.ec\\\/sitio\\\/fr\\\/\",\"logo\":{\"@type\":\"ImageObject\",\"inLanguage\":\"fr-FR\",\"@id\":\"https:\\\/\\\/www.uartes.edu.ec\\\/sitio\\\/fr\\\/#\\\/schema\\\/logo\\\/image\\\/\",\"url\":\"https:\\\/\\\/www.uartes.edu.ec\\\/sitio\\\/wp-content\\\/uploads\\\/2022\\\/07\\\/logo-ua-horizontal.png\",\"contentUrl\":\"https:\\\/\\\/www.uartes.edu.ec\\\/sitio\\\/wp-content\\\/uploads\\\/2022\\\/07\\\/logo-ua-horizontal.png\",\"width\":800,\"height\":276,\"caption\":\"Universidad de las Artes\"},\"image\":{\"@id\":\"https:\\\/\\\/www.uartes.edu.ec\\\/sitio\\\/fr\\\/#\\\/schema\\\/logo\\\/image\\\/\"},\"sameAs\":[\"https:\\\/\\\/www.facebook.com\\\/uartesec\",\"https:\\\/\\\/x.com\\\/uartesec\",\"https:\\\/\\\/www.tiktok.com\\\/@uartesec\"]},{\"@type\":\"Person\",\"@id\":\"https:\\\/\\\/www.uartes.edu.ec\\\/sitio\\\/fr\\\/#\\\/schema\\\/person\\\/efa1b8275797664fd7f13a79ccc0b1f4\",\"name\":\"ccortez\",\"image\":{\"@type\":\"ImageObject\",\"inLanguage\":\"fr-FR\",\"@id\":\"https:\\\/\\\/secure.gravatar.com\\\/avatar\\\/b2a6f664a3ae8e074346ef91775736c5ec479e637ecced6842de9dc98b5da9cd?s=96&d=mm&r=g\",\"url\":\"https:\\\/\\\/secure.gravatar.com\\\/avatar\\\/b2a6f664a3ae8e074346ef91775736c5ec479e637ecced6842de9dc98b5da9cd?s=96&d=mm&r=g\",\"contentUrl\":\"https:\\\/\\\/secure.gravatar.com\\\/avatar\\\/b2a6f664a3ae8e074346ef91775736c5ec479e637ecced6842de9dc98b5da9cd?s=96&d=mm&r=g\",\"caption\":\"ccortez\"},\"url\":\"https:\\\/\\\/www.uartes.edu.ec\\\/sitio\\\/fr\\\/blog\\\/author\\\/ccortez\\\/\"}]}<\/script>\n<!-- \/ Yoast SEO plugin. -->","yoast_head_json":{"title":"Universidad de las Artes - UArtes ampl\u00eda lazos de cooperaci\u00f3n con EE. UU.: Relacionamiento con el Centro ALARI de la Universidad de Harvard","description":"Universidad de las Artes - UArtes ampl\u00eda lazos de cooperaci\u00f3n con EE. UU.: Relacionamiento con el Centro ALARI de la Universidad de Harvard","robots":{"index":"index","follow":"follow","max-snippet":"max-snippet:-1","max-image-preview":"max-image-preview:large","max-video-preview":"max-video-preview:-1"},"canonical":"https:\/\/www.uartes.edu.ec\/sitio\/fr\/blog\/2024\/09\/06\/uartes-amplia-lazos-de-cooperacion-con-ee-uu-relacionamiento-con-alari-de-la-universidad-de-harvard\/","og_locale":"fr_FR","og_type":"article","og_title":"Universidad de las Artes - UArtes ampl\u00eda lazos de cooperaci\u00f3n con EE. UU.: Relacionamiento con el Centro ALARI de la Universidad de Harvard","og_description":"Universidad de las Artes - UArtes ampl\u00eda lazos de cooperaci\u00f3n con EE. UU.: Relacionamiento con el Centro ALARI de la Universidad de Harvard","og_url":"https:\/\/www.uartes.edu.ec\/sitio\/fr\/blog\/2024\/09\/06\/uartes-amplia-lazos-de-cooperacion-con-ee-uu-relacionamiento-con-alari-de-la-universidad-de-harvard\/","og_site_name":"Universidad de las Artes","article_publisher":"https:\/\/www.facebook.com\/uartesec","article_published_time":"2024-09-06T21:15:00+00:00","article_modified_time":"2024-09-12T19:32:00+00:00","og_image":[{"width":2000,"height":1333,"url":"https:\/\/www.uartes.edu.ec\/sitio\/wp-content\/uploads\/2024\/09\/01-Visita-Carolina-Silva-ALARI-UArtes.jpg","type":"image\/jpeg"}],"author":"ccortez","twitter_card":"summary_large_image","twitter_creator":"@uartesec","twitter_site":"@uartesec","twitter_misc":{"\u00c9crit par":"ccortez","Dur\u00e9e de lecture estim\u00e9e":"3 minutes"},"schema":{"@context":"https:\/\/schema.org","@graph":[{"@type":"Article","@id":"https:\/\/www.uartes.edu.ec\/sitio\/fr\/blog\/2024\/09\/06\/uartes-amplia-lazos-de-cooperacion-con-ee-uu-relacionamiento-con-alari-de-la-universidad-de-harvard\/#article","isPartOf":{"@id":"https:\/\/www.uartes.edu.ec\/sitio\/fr\/blog\/2024\/09\/06\/uartes-amplia-lazos-de-cooperacion-con-ee-uu-relacionamiento-con-alari-de-la-universidad-de-harvard\/"},"author":{"name":"ccortez","@id":"https:\/\/www.uartes.edu.ec\/sitio\/fr\/#\/schema\/person\/efa1b8275797664fd7f13a79ccc0b1f4"},"headline":"UArtes ampl\u00eda lazos de cooperaci\u00f3n con EE. UU.: Relacionamiento con el Centro ALARI de la Universidad de Harvard","datePublished":"2024-09-06T21:15:00+00:00","dateModified":"2024-09-12T19:32:00+00:00","mainEntityOfPage":{"@id":"https:\/\/www.uartes.edu.ec\/sitio\/fr\/blog\/2024\/09\/06\/uartes-amplia-lazos-de-cooperacion-con-ee-uu-relacionamiento-con-alari-de-la-universidad-de-harvard\/"},"wordCount":485,"commentCount":0,"publisher":{"@id":"https:\/\/www.uartes.edu.ec\/sitio\/fr\/#organization"},"image":{"@id":"https:\/\/www.uartes.edu.ec\/sitio\/fr\/blog\/2024\/09\/06\/uartes-amplia-lazos-de-cooperacion-con-ee-uu-relacionamiento-con-alari-de-la-universidad-de-harvard\/#primaryimage"},"thumbnailUrl":"https:\/\/www.uartes.edu.ec\/sitio\/wp-content\/uploads\/2024\/09\/01-Visita-Carolina-Silva-ALARI-UArtes.jpg","keywords":["relaciones internacionales"],"articleSection":["Acad\u00e9mico","Docentes","Estudiantes","Gesti\u00f3n"],"inLanguage":"fr-FR","potentialAction":[{"@type":"CommentAction","name":"Comment","target":["https:\/\/www.uartes.edu.ec\/sitio\/fr\/blog\/2024\/09\/06\/uartes-amplia-lazos-de-cooperacion-con-ee-uu-relacionamiento-con-alari-de-la-universidad-de-harvard\/#respond"]}]},{"@type":["WebPage","ItemPage"],"@id":"https:\/\/www.uartes.edu.ec\/sitio\/fr\/blog\/2024\/09\/06\/uartes-amplia-lazos-de-cooperacion-con-ee-uu-relacionamiento-con-alari-de-la-universidad-de-harvard\/","url":"https:\/\/www.uartes.edu.ec\/sitio\/fr\/blog\/2024\/09\/06\/uartes-amplia-lazos-de-cooperacion-con-ee-uu-relacionamiento-con-alari-de-la-universidad-de-harvard\/","name":"Universidad de las Artes - UArtes ampl\u00eda lazos de cooperaci\u00f3n con EE. UU.: Relacionamiento con el Centro ALARI de la Universidad de Harvard","isPartOf":{"@id":"https:\/\/www.uartes.edu.ec\/sitio\/fr\/#website"},"primaryImageOfPage":{"@id":"https:\/\/www.uartes.edu.ec\/sitio\/fr\/blog\/2024\/09\/06\/uartes-amplia-lazos-de-cooperacion-con-ee-uu-relacionamiento-con-alari-de-la-universidad-de-harvard\/#primaryimage"},"image":{"@id":"https:\/\/www.uartes.edu.ec\/sitio\/fr\/blog\/2024\/09\/06\/uartes-amplia-lazos-de-cooperacion-con-ee-uu-relacionamiento-con-alari-de-la-universidad-de-harvard\/#primaryimage"},"thumbnailUrl":"https:\/\/www.uartes.edu.ec\/sitio\/wp-content\/uploads\/2024\/09\/01-Visita-Carolina-Silva-ALARI-UArtes.jpg","datePublished":"2024-09-06T21:15:00+00:00","dateModified":"2024-09-12T19:32:00+00:00","description":"Universidad de las Artes - UArtes ampl\u00eda lazos de cooperaci\u00f3n con EE. UU.: Relacionamiento con el Centro ALARI de la Universidad de Harvard","breadcrumb":{"@id":"https:\/\/www.uartes.edu.ec\/sitio\/fr\/blog\/2024\/09\/06\/uartes-amplia-lazos-de-cooperacion-con-ee-uu-relacionamiento-con-alari-de-la-universidad-de-harvard\/#breadcrumb"},"inLanguage":"fr-FR","potentialAction":[{"@type":"ReadAction","target":["https:\/\/www.uartes.edu.ec\/sitio\/fr\/blog\/2024\/09\/06\/uartes-amplia-lazos-de-cooperacion-con-ee-uu-relacionamiento-con-alari-de-la-universidad-de-harvard\/"]}]},{"@type":"ImageObject","inLanguage":"fr-FR","@id":"https:\/\/www.uartes.edu.ec\/sitio\/fr\/blog\/2024\/09\/06\/uartes-amplia-lazos-de-cooperacion-con-ee-uu-relacionamiento-con-alari-de-la-universidad-de-harvard\/#primaryimage","url":"https:\/\/www.uartes.edu.ec\/sitio\/wp-content\/uploads\/2024\/09\/01-Visita-Carolina-Silva-ALARI-UArtes.jpg","contentUrl":"https:\/\/www.uartes.edu.ec\/sitio\/wp-content\/uploads\/2024\/09\/01-Visita-Carolina-Silva-ALARI-UArtes.jpg","width":2000,"height":1333},{"@type":"BreadcrumbList","@id":"https:\/\/www.uartes.edu.ec\/sitio\/fr\/blog\/2024\/09\/06\/uartes-amplia-lazos-de-cooperacion-con-ee-uu-relacionamiento-con-alari-de-la-universidad-de-harvard\/#breadcrumb","itemListElement":[{"@type":"ListItem","position":1,"name":"Inicio","item":"https:\/\/www.uartes.edu.ec\/sitio\/"},{"@type":"ListItem","position":2,"name":"UArtes ampl\u00eda lazos de cooperaci\u00f3n con EE. UU.: Relacionamiento con el Centro ALARI de la Universidad de Harvard"}]},{"@type":"WebSite","@id":"https:\/\/www.uartes.edu.ec\/sitio\/fr\/#website","url":"https:\/\/www.uartes.edu.ec\/sitio\/fr\/","name":"Universidad de las Artes","description":"Sitio oficial de la Universidad Nacional de las Artes del Ecuador","publisher":{"@id":"https:\/\/www.uartes.edu.ec\/sitio\/fr\/#organization"},"potentialAction":[{"@type":"SearchAction","target":{"@type":"EntryPoint","urlTemplate":"https:\/\/www.uartes.edu.ec\/sitio\/fr\/?s={search_term_string}"},"query-input":{"@type":"PropertyValueSpecification","valueRequired":true,"valueName":"search_term_string"}}],"inLanguage":"fr-FR"},{"@type":"Organization","@id":"https:\/\/www.uartes.edu.ec\/sitio\/fr\/#organization","name":"Universidad de las Artes","url":"https:\/\/www.uartes.edu.ec\/sitio\/fr\/","logo":{"@type":"ImageObject","inLanguage":"fr-FR","@id":"https:\/\/www.uartes.edu.ec\/sitio\/fr\/#\/schema\/logo\/image\/","url":"https:\/\/www.uartes.edu.ec\/sitio\/wp-content\/uploads\/2022\/07\/logo-ua-horizontal.png","contentUrl":"https:\/\/www.uartes.edu.ec\/sitio\/wp-content\/uploads\/2022\/07\/logo-ua-horizontal.png","width":800,"height":276,"caption":"Universidad de las Artes"},"image":{"@id":"https:\/\/www.uartes.edu.ec\/sitio\/fr\/#\/schema\/logo\/image\/"},"sameAs":["https:\/\/www.facebook.com\/uartesec","https:\/\/x.com\/uartesec","https:\/\/www.tiktok.com\/@uartesec"]},{"@type":"Person","@id":"https:\/\/www.uartes.edu.ec\/sitio\/fr\/#\/schema\/person\/efa1b8275797664fd7f13a79ccc0b1f4","name":"ccortez","image":{"@type":"ImageObject","inLanguage":"fr-FR","@id":"https:\/\/secure.gravatar.com\/avatar\/b2a6f664a3ae8e074346ef91775736c5ec479e637ecced6842de9dc98b5da9cd?s=96&d=mm&r=g","url":"https:\/\/secure.gravatar.com\/avatar\/b2a6f664a3ae8e074346ef91775736c5ec479e637ecced6842de9dc98b5da9cd?s=96&d=mm&r=g","contentUrl":"https:\/\/secure.gravatar.com\/avatar\/b2a6f664a3ae8e074346ef91775736c5ec479e637ecced6842de9dc98b5da9cd?s=96&d=mm&r=g","caption":"ccortez"},"url":"https:\/\/www.uartes.edu.ec\/sitio\/fr\/blog\/author\/ccortez\/"}]}},"uagb_featured_image_src":{"full":["https:\/\/www.uartes.edu.ec\/sitio\/wp-content\/uploads\/2024\/09\/01-Visita-Carolina-Silva-ALARI-UArtes.jpg",2000,1333,false],"thumbnail":["https:\/\/www.uartes.edu.ec\/sitio\/wp-content\/uploads\/2024\/09\/01-Visita-Carolina-Silva-ALARI-UArtes-150x150.jpg",150,150,true],"medium":["https:\/\/www.uartes.edu.ec\/sitio\/wp-content\/uploads\/2024\/09\/01-Visita-Carolina-Silva-ALARI-UArtes-300x200.jpg",300,200,true],"medium_large":["https:\/\/www.uartes.edu.ec\/sitio\/wp-content\/uploads\/2024\/09\/01-Visita-Carolina-Silva-ALARI-UArtes-768x512.jpg",768,512,true],"large":["https:\/\/www.uartes.edu.ec\/sitio\/wp-content\/uploads\/2024\/09\/01-Visita-Carolina-Silva-ALARI-UArtes-644x429.jpg",644,429,true],"1536x1536":["https:\/\/www.uartes.edu.ec\/sitio\/wp-content\/uploads\/2024\/09\/01-Visita-Carolina-Silva-ALARI-UArtes-1536x1024.jpg",1536,1024,true],"2048x2048":["https:\/\/www.uartes.edu.ec\/sitio\/wp-content\/uploads\/2024\/09\/01-Visita-Carolina-Silva-ALARI-UArtes.jpg",2000,1333,false],"trp-custom-language-flag":["https:\/\/www.uartes.edu.ec\/sitio\/wp-content\/uploads\/2024\/09\/01-Visita-Carolina-Silva-ALARI-UArtes-18x12.jpg",18,12,true],"htmega_size_585x295":["https:\/\/www.uartes.edu.ec\/sitio\/wp-content\/uploads\/2024\/09\/01-Visita-Carolina-Silva-ALARI-UArtes-585x295.jpg",585,295,true],"htmega_size_1170x536":["https:\/\/www.uartes.edu.ec\/sitio\/wp-content\/uploads\/2024\/09\/01-Visita-Carolina-Silva-ALARI-UArtes-1170x536.jpg",1170,536,true],"htmega_size_396x360":["https:\/\/www.uartes.edu.ec\/sitio\/wp-content\/uploads\/2024\/09\/01-Visita-Carolina-Silva-ALARI-UArtes-396x360.jpg",396,360,true],"gb-block-post-grid-landscape":["https:\/\/www.uartes.edu.ec\/sitio\/wp-content\/uploads\/2024\/09\/01-Visita-Carolina-Silva-ALARI-UArtes-600x400.jpg",600,400,true],"gb-block-post-grid-square":["https:\/\/www.uartes.edu.ec\/sitio\/wp-content\/uploads\/2024\/09\/01-Visita-Carolina-Silva-ALARI-UArtes-600x600.jpg",600,600,true],"university-hub-thumb":["https:\/\/www.uartes.edu.ec\/sitio\/wp-content\/uploads\/2024\/09\/01-Visita-Carolina-Silva-ALARI-UArtes-400x267.jpg",400,267,true],"mailpoet_newsletter_max":["https:\/\/www.uartes.edu.ec\/sitio\/wp-content\/uploads\/2024\/09\/01-Visita-Carolina-Silva-ALARI-UArtes.jpg",1320,880,false]},"uagb_author_info":{"display_name":"ccortez","author_link":"https:\/\/www.uartes.edu.ec\/sitio\/fr\/blog\/author\/ccortez\/"},"uagb_comment_info":0,"uagb_excerpt":"La Universidad de las Artes recibi\u00f3 a la Dra. Carolina Silva Portero, coordinadora acad\u00e9mica del Instituto de Investigaci\u00f3n de Estudios Afrolatinoamericanos (ALARI) de la Universidad de Harvard. La grata visita es el resultado de los relacionamientos de la UArtes, a trav\u00e9s de la Direcci\u00f3n del Instituto Latinoamericano de Investigaci\u00f3n en Artes (ILIA) y el apoyo\u2026","featured_image_src":"https:\/\/www.uartes.edu.ec\/sitio\/wp-content\/uploads\/2024\/09\/01-Visita-Carolina-Silva-ALARI-UArtes-600x400.jpg","featured_image_src_square":"https:\/\/www.uartes.edu.ec\/sitio\/wp-content\/uploads\/2024\/09\/01-Visita-Carolina-Silva-ALARI-UArtes-600x600.jpg","author_info":{"display_name":"ccortez","author_link":"https:\/\/www.uartes.edu.ec\/sitio\/fr\/blog\/author\/ccortez\/"},"publishpress_future_workflow_manual_trigger":{"enabledWorkflows":[]},"distributor_meta":false,"distributor_terms":false,"distributor_media":false,"distributor_original_site_name":"Universidad de las Artes","distributor_original_site_url":"https:\/\/www.uartes.edu.ec\/sitio\/fr","push-errors":false,"_links":{"self":[{"href":"https:\/\/www.uartes.edu.ec\/sitio\/fr\/wp-json\/wp\/v2\/posts\/61487","targetHints":{"allow":["GET"]}}],"collection":[{"href":"https:\/\/www.uartes.edu.ec\/sitio\/fr\/wp-json\/wp\/v2\/posts"}],"about":[{"href":"https:\/\/www.uartes.edu.ec\/sitio\/fr\/wp-json\/wp\/v2\/types\/post"}],"author":[{"embeddable":true,"href":"https:\/\/www.uartes.edu.ec\/sitio\/fr\/wp-json\/wp\/v2\/users\/10"}],"replies":[{"embeddable":true,"href":"https:\/\/www.uartes.edu.ec\/sitio\/fr\/wp-json\/wp\/v2\/comments?post=61487"}],"version-history":[{"count":5,"href":"https:\/\/www.uartes.edu.ec\/sitio\/fr\/wp-json\/wp\/v2\/posts\/61487\/revisions"}],"predecessor-version":[{"id":61500,"href":"https:\/\/www.uartes.edu.ec\/sitio\/fr\/wp-json\/wp\/v2\/posts\/61487\/revisions\/61500"}],"wp:featuredmedia":[{"embeddable":true,"href":"https:\/\/www.uartes.edu.ec\/sitio\/fr\/wp-json\/wp\/v2\/media\/61488"}],"wp:attachment":[{"href":"https:\/\/www.uartes.edu.ec\/sitio\/fr\/wp-json\/wp\/v2\/media?parent=61487"}],"wp:term":[{"taxonomy":"category","embeddable":true,"href":"https:\/\/www.uartes.edu.ec\/sitio\/fr\/wp-json\/wp\/v2\/categories?post=61487"},{"taxonomy":"post_tag","embeddable":true,"href":"https:\/\/www.uartes.edu.ec\/sitio\/fr\/wp-json\/wp\/v2\/tags?post=61487"},{"taxonomy":"infouartes","embeddable":true,"href":"https:\/\/www.uartes.edu.ec\/sitio\/fr\/wp-json\/wp\/v2\/infouartes?post=61487"}],"curies":[{"name":"wp","href":"https:\/\/api.w.org\/{rel}","templated":true}]}}