{"id":61532,"date":"2024-09-11T18:03:00","date_gmt":"2024-09-11T23:03:00","guid":{"rendered":"https:\/\/www.uartes.edu.ec\/sitio\/?p=61532"},"modified":"2024-09-12T18:41:42","modified_gmt":"2024-09-12T23:41:42","slug":"cluab-impulso-una-feria-de-clubes-para-que-se-dieran-a-conocer-y-captaran-mas-miembros","status":"publish","type":"post","link":"https:\/\/www.uartes.edu.ec\/sitio\/fr\/blog\/2024\/09\/11\/cluab-impulso-una-feria-de-clubes-para-que-se-dieran-a-conocer-y-captaran-mas-miembros\/","title":{"rendered":"El Programa CLUAB de la Secretar\u00eda de Bienestar Universitario impuls\u00f3 feria de clubes para que comunidad los conozca"},"content":{"rendered":"<p>Los dos lienzos de mediano formato que se colocaron el viernes 6 de septiembre a los costados del escenario del Malakita, en el Pasaje Illingworth, para el acto de clausura del SUB Fest fueron elaborados el d\u00eda anterior en vivo por los integrantes del naciente Club de Arte Urbano y Muralismo.<\/p>\n\n\n\n<p>En uno de los lienzos anotados se plasmaron las iniciales del Club UArtes (CLUAB), en la obra intervinieron los artistas <em>Dino, Livi, Dexs<\/em> et <em>Mors<\/em>. En el otro lienzo se plasm\u00f3 una representaci\u00f3n de una Venus de Valdivia junto a una lata de espr\u00e1is, representando la interacci\u00f3n del pasado con el presente entre estas dos manifestaciones art\u00edsticas, como lo son el <em>graffiti<\/em> y las culturas ancestrales; trabajaron la propuesta Venus &amp; Sagaz.<\/p>\n\n\n\n<p>Fue el artista urbano y estudiante UArtes William Mena quien tuvo la iniciativa de crear el club en menci\u00f3n, cuyos integrantes participaron junto a los otros clubes que tiene la Universidad de las Artes en una feria que fue parte del SUB Fest, organizado por la Secretar\u00eda de Bienestar Universitario (SUB), y que tuvo como prop\u00f3sito darlos a conocer y captar m\u00e1s miembros.<\/p>\n\n\n<div class=\"wp-block-image\">\n<figure class=\"aligncenter size-large is-resized\"><img fetchpriority=\"high\" decoding=\"async\" width=\"644\" height=\"429\" src=\"https:\/\/www.uartes.edu.ec\/sitio\/wp-content\/uploads\/2024\/09\/04-SBU-FEST-644x429.jpg\" alt=\"\" class=\"wp-image-61542\" style=\"width:644px;height:auto\" srcset=\"https:\/\/www.uartes.edu.ec\/sitio\/wp-content\/uploads\/2024\/09\/04-SBU-FEST-644x429.jpg 644w, https:\/\/www.uartes.edu.ec\/sitio\/wp-content\/uploads\/2024\/09\/04-SBU-FEST-300x200.jpg 300w, https:\/\/www.uartes.edu.ec\/sitio\/wp-content\/uploads\/2024\/09\/04-SBU-FEST-768x512.jpg 768w, https:\/\/www.uartes.edu.ec\/sitio\/wp-content\/uploads\/2024\/09\/04-SBU-FEST-1536x1024.jpg 1536w, https:\/\/www.uartes.edu.ec\/sitio\/wp-content\/uploads\/2024\/09\/04-SBU-FEST-18x12.jpg 18w, https:\/\/www.uartes.edu.ec\/sitio\/wp-content\/uploads\/2024\/09\/04-SBU-FEST-600x400.jpg 600w, https:\/\/www.uartes.edu.ec\/sitio\/wp-content\/uploads\/2024\/09\/04-SBU-FEST-400x267.jpg 400w, https:\/\/www.uartes.edu.ec\/sitio\/wp-content\/uploads\/2024\/09\/04-SBU-FEST-272x182.jpg 272w, https:\/\/www.uartes.edu.ec\/sitio\/wp-content\/uploads\/2024\/09\/04-SBU-FEST.jpg 2000w\" sizes=\"(max-width: 644px) 100vw, 644px\" \/><figcaption class=\"wp-element-caption\">A los costados del escenario del Malakita, los lienzos pintados durante la feria de clubes del SUB Fest..<\/figcaption><\/figure>\n<\/div>\n\n\t\t\t\t\t<div\n\t\t\t\t\t\tclass=\"wp-block-uagb-image-gallery uagb-block-7b802463\"\n\t\t\t\t\t\tstyle=\"\"\n\t\t\t\t\t>\n\t\t\t\t\t\t\t\t\t\t\t<div class=\"spectra-image-gallery spectra-image-gallery__layout--grid spectra-image-gallery__layout--grid-col-2 spectra-image-gallery__layout--grid-col-tab-2 spectra-image-gallery__layout--grid-col-mob-2\">\n\t\t\t\t\t\t\t\t\t\t\t<div class='spectra-image-gallery__media-wrapper' data-spectra-gallery-image-id='61544' tabindex=\"0\">\n\t\t\t\t\t\t\t<div class=\"spectra-image-gallery__media spectra-image-gallery__media--grid\">\n\t\t\t\t<picture>\n\t\t\t\t\t<source media=\"(min-width: 1024px)\" srcset=\"https:\/\/www.uartes.edu.ec\/sitio\/wp-content\/uploads\/2024\/09\/CLUAB1-644x362.jpg\">\n\t\t\t\t\t<source media=\"(min-width: 768px)\" srcset=\"https:\/\/www.uartes.edu.ec\/sitio\/wp-content\/uploads\/2024\/09\/CLUAB1-644x362.jpg\">\n\t\t\t\t\t<img decoding=\"async\" class=\"spectra-image-gallery__media-thumbnail spectra-image-gallery__media-thumbnail--grid\" src=\"https:\/\/www.uartes.edu.ec\/sitio\/wp-content\/uploads\/2024\/09\/CLUAB1-300x169.jpg\" alt=\"\" loading=\"lazy\" \/>\n\t\t\t\t<\/picture>\n\t\t\t\t<div class=\"spectra-image-gallery__media-thumbnail-blurrer\"><\/div>\n\t\t\t\t\t\t\t\t\t\t\t<div class=\"spectra-image-gallery__media-thumbnail-caption-wrapper spectra-image-gallery__media-thumbnail-caption-wrapper--overlay\">\n\t\t\t\t\t\t\t\t\t\t\t<div class=\"spectra-image-gallery__media-thumbnail-caption spectra-image-gallery__media-thumbnail-caption--overlay\">\n\t\t\t\t\tAucune l\u00e9gende\t\t\t\t<\/div>\n\t\t\t\t\t\t\t\t\t\t<\/div>\n\t\t\t\t\t\t\t\t\t<\/div>\n\t\t\t\t\t\t<\/div>\n\t\t\t\t\t\t<div class='spectra-image-gallery__media-wrapper' data-spectra-gallery-image-id='61543' tabindex=\"0\">\n\t\t\t\t\t\t\t<div class=\"spectra-image-gallery__media spectra-image-gallery__media--grid\">\n\t\t\t\t<picture>\n\t\t\t\t\t<source media=\"(min-width: 1024px)\" srcset=\"https:\/\/www.uartes.edu.ec\/sitio\/wp-content\/uploads\/2024\/09\/Sub8-644x483.jpg\">\n\t\t\t\t\t<source media=\"(min-width: 768px)\" srcset=\"https:\/\/www.uartes.edu.ec\/sitio\/wp-content\/uploads\/2024\/09\/Sub8-644x483.jpg\">\n\t\t\t\t\t<img decoding=\"async\" class=\"spectra-image-gallery__media-thumbnail spectra-image-gallery__media-thumbnail--grid\" src=\"https:\/\/www.uartes.edu.ec\/sitio\/wp-content\/uploads\/2024\/09\/Sub8-300x225.jpg\" alt=\"\" loading=\"lazy\" \/>\n\t\t\t\t<\/picture>\n\t\t\t\t<div class=\"spectra-image-gallery__media-thumbnail-blurrer\"><\/div>\n\t\t\t\t\t\t\t\t\t\t\t<div class=\"spectra-image-gallery__media-thumbnail-caption-wrapper spectra-image-gallery__media-thumbnail-caption-wrapper--overlay\">\n\t\t\t\t\t\t\t\t\t\t\t<div class=\"spectra-image-gallery__media-thumbnail-caption spectra-image-gallery__media-thumbnail-caption--overlay\">\n\t\t\t\t\tAucune l\u00e9gende\t\t\t\t<\/div>\n\t\t\t\t\t\t\t\t\t\t<\/div>\n\t\t\t\t\t\t\t\t\t<\/div>\n\t\t\t\t\t\t<\/div>\n\t\t\t\t\t\t\t\t\t\t<\/div>\n\t\t\t\t\t\t\t\t\t\t\t\t\t\t\t\t\t\t<\/div>\n\t\t\t\t\t\t\t\t\t\n\n\n<p><\/p>\n\n\n\n<p>V\u00edctor Espinosa, alumnus y funcionario UArtes cuyo nombre art\u00edstico es <em>VATIIX,<\/em> indica que la idea de la primera feria de clubes oficiales de la universidad naci\u00f3 justamente de la creaci\u00f3n que la SBU hizo del Programa CLUAB, el cual se sostiene en varios antecedentes de agrupaciones (clubes) autogestionadas por estudiantes para estudiantes. \u201cResaltamos la importancia de sus lineamientos y bases, a fin de que tengan mayor peso social\u201d.<\/p>\n\n\n\n<p>Agrega Espinosa que el Programa CLUAB va m\u00e1s all\u00e1 de enfocar y dirigir clubes solo para los estudiantes, pues ahora son universitarios, \u201cSignifica que cualquier persona que sea parte de la comunidad UArtes \u2013estudiantes, docentes y\/o administrativos\u2013 puede integrarse a uno de los clubes oficiales de la universidad\u201d.<\/p>\n\n\n\n<p>El primer club en mostrar inter\u00e9s para participar en el programa fue el de f\u00fatbol, cuyo representante es Eduardo Flores. Le sigui\u00f3 en la iniciativa el alumnus Jonathan Tacuri, quien se interes\u00f3 por crear el Club de Filosof\u00eda; Fernando Navarrete, estudiante de la Escuela de Artes Visuales, fund\u00f3 el Club de Creaci\u00f3n e Investigaci\u00f3n de Proyectos de Artes Visuales que se re\u00fane ya en el edificio T\u00e1bara o el MAAC; tambi\u00e9n de Artes Visuales, William Mena cre\u00f3 el Club de Arte Urbano y Muralismo; y, el cuarto club en oficializarse como tal fue el de ping-pong, integrado una semana antes de empezar el SBU FEST (que se desarroll\u00f3 del 26 de agosto al 6 de septiembre de 2024).<\/p>\n\n\n<div class=\"wp-block-image\">\n<figure class=\"aligncenter size-large\"><img decoding=\"async\" width=\"644\" height=\"362\" src=\"https:\/\/www.uartes.edu.ec\/sitio\/wp-content\/uploads\/2024\/09\/Sub133-644x362.jpg\" alt=\"\" class=\"wp-image-61534\" srcset=\"https:\/\/www.uartes.edu.ec\/sitio\/wp-content\/uploads\/2024\/09\/Sub133-644x362.jpg 644w, https:\/\/www.uartes.edu.ec\/sitio\/wp-content\/uploads\/2024\/09\/Sub133-300x169.jpg 300w, https:\/\/www.uartes.edu.ec\/sitio\/wp-content\/uploads\/2024\/09\/Sub133-768x432.jpg 768w, https:\/\/www.uartes.edu.ec\/sitio\/wp-content\/uploads\/2024\/09\/Sub133-1536x863.jpg 1536w, https:\/\/www.uartes.edu.ec\/sitio\/wp-content\/uploads\/2024\/09\/Sub133-18x10.jpg 18w, https:\/\/www.uartes.edu.ec\/sitio\/wp-content\/uploads\/2024\/09\/Sub133-400x225.jpg 400w, https:\/\/www.uartes.edu.ec\/sitio\/wp-content\/uploads\/2024\/09\/Sub133.jpg 2000w\" sizes=\"(max-width: 644px) 100vw, 644px\" \/><\/figure>\n<\/div>\n\n<div class=\"wp-block-image\">\n<figure class=\"aligncenter size-large\"><img decoding=\"async\" width=\"644\" height=\"362\" src=\"https:\/\/www.uartes.edu.ec\/sitio\/wp-content\/uploads\/2024\/09\/Sub18-644x362.jpg\" alt=\"\" class=\"wp-image-61535\" srcset=\"https:\/\/www.uartes.edu.ec\/sitio\/wp-content\/uploads\/2024\/09\/Sub18-644x362.jpg 644w, https:\/\/www.uartes.edu.ec\/sitio\/wp-content\/uploads\/2024\/09\/Sub18-300x169.jpg 300w, https:\/\/www.uartes.edu.ec\/sitio\/wp-content\/uploads\/2024\/09\/Sub18-768x432.jpg 768w, https:\/\/www.uartes.edu.ec\/sitio\/wp-content\/uploads\/2024\/09\/Sub18-1536x863.jpg 1536w, https:\/\/www.uartes.edu.ec\/sitio\/wp-content\/uploads\/2024\/09\/Sub18-18x10.jpg 18w, https:\/\/www.uartes.edu.ec\/sitio\/wp-content\/uploads\/2024\/09\/Sub18-400x225.jpg 400w, https:\/\/www.uartes.edu.ec\/sitio\/wp-content\/uploads\/2024\/09\/Sub18.jpg 2000w\" sizes=\"(max-width: 644px) 100vw, 644px\" \/><\/figure>\n<\/div>\n\n\n<p>\u201cLa feria de clubes y sus representantes tuvieron presencia el jueves 5 de septiembre en el Pasaje Illingworth, evidenciando que el Programa CLUAB no solo funciona, sino que sigue sembrando en la UArtes el inter\u00e9s de que m\u00e1s personas se integren. Hemos recibido ya nuevas propuestas de clubes, como los de v\u00f3leibol, de tejido, de baile y de fotograf\u00eda\u201d, revela Espinosa.<\/p>\n\n\n\n<p>De las razones que motivan a conformar e integrarse en un club, William Mena comenta que, en su caso, era un proyecto que ten\u00eda en mente desde hace bastante tiempo y se logr\u00f3 cristalizar por el inter\u00e9s de compa\u00f1eros de carrera. Sin embargo, no excluye a nadie, al contrario, est\u00e1 abierto para estudiantes de otras escuelas y carreras, docentes y personal administrativo.<\/p>\n\n\n\n<p>Mena a\u00f1ade que este a\u00f1o se han encontrado con varios artistas de Guayaquil e incluso de otras ciudades del pa\u00eds que se conocieron en las calles y ahora est\u00e1n en la universidad. \u201cAntes de existir el club ya nos reun\u00edamos para pintar en la calle y hay cada vez m\u00e1s de estos artistas urbanos estudiando en la Universidad de las Artes. Creo que hay un grupo ahora m\u00e1s s\u00f3lido, lo cual nos anim\u00f3 a concretar lo del club\u201d.<\/p>\n\n\n\t\t\t\t\t<div\n\t\t\t\t\t\tclass=\"wp-block-uagb-image-gallery uagb-block-873f9147\"\n\t\t\t\t\t\tstyle=\"\"\n\t\t\t\t\t>\n\t\t\t\t\t\t\t\t\t\t\t<div class=\"spectra-image-gallery spectra-image-gallery__layout--grid spectra-image-gallery__layout--grid-col-2 spectra-image-gallery__layout--grid-col-tab-2 spectra-image-gallery__layout--grid-col-mob-2\">\n\t\t\t\t\t\t\t\t\t\t\t<div class='spectra-image-gallery__media-wrapper' data-spectra-gallery-image-id='61538' tabindex=\"0\">\n\t\t\t\t\t\t\t<div class=\"spectra-image-gallery__media spectra-image-gallery__media--grid\">\n\t\t\t\t<picture>\n\t\t\t\t\t<source media=\"(min-width: 1024px)\" srcset=\"https:\/\/www.uartes.edu.ec\/sitio\/wp-content\/uploads\/2024\/09\/Sub11-644x362.jpg\">\n\t\t\t\t\t<source media=\"(min-width: 768px)\" srcset=\"https:\/\/www.uartes.edu.ec\/sitio\/wp-content\/uploads\/2024\/09\/Sub11-644x362.jpg\">\n\t\t\t\t\t<img decoding=\"async\" class=\"spectra-image-gallery__media-thumbnail spectra-image-gallery__media-thumbnail--grid\" src=\"https:\/\/www.uartes.edu.ec\/sitio\/wp-content\/uploads\/2024\/09\/Sub11-300x169.jpg\" alt=\"\" loading=\"lazy\" \/>\n\t\t\t\t<\/picture>\n\t\t\t\t<div class=\"spectra-image-gallery__media-thumbnail-blurrer\"><\/div>\n\t\t\t\t\t\t\t\t\t\t\t<div class=\"spectra-image-gallery__media-thumbnail-caption-wrapper spectra-image-gallery__media-thumbnail-caption-wrapper--overlay\">\n\t\t\t\t\t\t\t\t\t\t\t<div class=\"spectra-image-gallery__media-thumbnail-caption spectra-image-gallery__media-thumbnail-caption--overlay\">\n\t\t\t\t\tAucune l\u00e9gende\t\t\t\t<\/div>\n\t\t\t\t\t\t\t\t\t\t<\/div>\n\t\t\t\t\t\t\t\t\t<\/div>\n\t\t\t\t\t\t<\/div>\n\t\t\t\t\t\t<div class='spectra-image-gallery__media-wrapper' data-spectra-gallery-image-id='61536' tabindex=\"0\">\n\t\t\t\t\t\t\t<div class=\"spectra-image-gallery__media spectra-image-gallery__media--grid\">\n\t\t\t\t<picture>\n\t\t\t\t\t<source media=\"(min-width: 1024px)\" srcset=\"https:\/\/www.uartes.edu.ec\/sitio\/wp-content\/uploads\/2024\/09\/Sub122-644x483.jpg\">\n\t\t\t\t\t<source media=\"(min-width: 768px)\" srcset=\"https:\/\/www.uartes.edu.ec\/sitio\/wp-content\/uploads\/2024\/09\/Sub122-644x483.jpg\">\n\t\t\t\t\t<img decoding=\"async\" class=\"spectra-image-gallery__media-thumbnail spectra-image-gallery__media-thumbnail--grid\" src=\"https:\/\/www.uartes.edu.ec\/sitio\/wp-content\/uploads\/2024\/09\/Sub122-300x225.jpg\" alt=\"\" loading=\"lazy\" \/>\n\t\t\t\t<\/picture>\n\t\t\t\t<div class=\"spectra-image-gallery__media-thumbnail-blurrer\"><\/div>\n\t\t\t\t\t\t\t\t\t\t\t<div class=\"spectra-image-gallery__media-thumbnail-caption-wrapper spectra-image-gallery__media-thumbnail-caption-wrapper--overlay\">\n\t\t\t\t\t\t\t\t\t\t\t<div class=\"spectra-image-gallery__media-thumbnail-caption spectra-image-gallery__media-thumbnail-caption--overlay\">\n\t\t\t\t\tAucune l\u00e9gende\t\t\t\t<\/div>\n\t\t\t\t\t\t\t\t\t\t<\/div>\n\t\t\t\t\t\t\t\t\t<\/div>\n\t\t\t\t\t\t<\/div>\n\t\t\t\t\t\t\t\t\t\t<\/div>\n\t\t\t\t\t\t\t\t\t\t\t\t\t\t\t\t\t\t<\/div>\n\t\t\t\t\t\t\t\t\t\n\n\n<p><\/p>\n\n\n\n<p>El Club de Arte Urbano y Muralismo tiene 50 artistas inscritos, comenta Mena, quien revela que particip\u00f3 con 20 de ellos en una pintada a la que fueron convocados en el barrio Santa Rosa del cant\u00f3n Santa Luc\u00eda. El di\u00e1logo del artista estudiante con InfoUArtes se dio el viernes 6 de septiembre tras la clausura del Sub Fest, pues, aunque la feria de clubes fue un d\u00eda antes \u2013el jueves 5\u2013, el Club de Arte Urbano y Muralismo continu\u00f3 en el Pasaje Illingworth mostrando sus trabajos.<\/p>\n\n\n\n<h3 class=\"wp-block-heading\">Tambi\u00e9n feria de emprendimientos<\/h3>\n\n\n\n<p>Cabe anotar que, junto con la feria del Programa CLUAB, el SUB Fest organiz\u00f3 tambi\u00e9n en la sede matriz de la UArtes una feria de emprendimientos para que los estudiantes puedan compartir sus productos. Se hizo con un formato diferente, pues deb\u00eda acoplarse a las dem\u00e1s actividades que la Secretar\u00eda de Bienestar Universitario organiz\u00f3 para propiciar la integraci\u00f3n.<\/p>\n\n\n\n<p>V\u00edctor Espinosa explica que \u201cal mismo tiempo en que se realizaba el campeonato de ping-pong los emprendedores \u2013cuatro por d\u00eda\u2013 se colocaban alrededor del Pasaje Illingworth con sus art\u00edculos, complementando el objetivo de uni\u00f3n universitaria. Fueron en total 16 emprendedores y emprendedoras los que participaron\u201d.<\/p>\n\n\n\n<p>Fotos: V\u00edctor Espinosa\/Secretar\u00eda de Bienestar Universitario (SUB).<br>En la imagen principal el momento en que se pintaba uno de los lienzos ubicados en el escenario del Malakita, para el acto de clausura del SUB Fest.<\/p>","protected":false},"excerpt":{"rendered":"<p>Los dos lienzos que se colocaron el 6 de septiembre a los costados del escenario del Malakita para el acto de clausura y premiaci\u00f3n del SUB Fest los pintaron el d\u00eda anterior en vivo los integrantes del naciente Club de Arte Urbano y Muralismo. Fue uno de los clubes que particip\u00f3 en una feria que para promocionarlos organiz\u00f3 la Secretar\u00eda de Bienestar Universitario, en el marco del Programa CLUAB.<\/p>","protected":false},"author":10,"featured_media":61533,"comment_status":"open","ping_status":"open","sticky":false,"template":"","format":"standard","meta":{"_acf_changed":false,"_uag_custom_page_level_css":"","_monsterinsights_skip_tracking":false,"_monsterinsights_sitenote_active":false,"_monsterinsights_sitenote_note":"","_monsterinsights_sitenote_category":0,"cybocfi_hide_featured_image":"","footnotes":""},"categories":[438,159,150,157,265,147,75,76,175],"tags":[1264],"infouartes":[],"class_list":["post-61532","post","type-post","status-publish","format-standard","has-post-thumbnail","hentry","category-administrativos","category-artes-escenicas","category-artes-sonoras","category-artes-visuales","category-bienestar-universitario","category-cine","category-docentes","category-estudiantes","category-literatura","tag-programa"],"acf":[],"yoast_head":"<!-- This site is optimized with the Yoast SEO plugin v27.4 - https:\/\/yoast.com\/product\/yoast-seo-wordpress\/ -->\n<title>Universidad de las Artes - El Programa CLUAB de la Secretar\u00eda de Bienestar Universitario impuls\u00f3 feria de clubes para que comunidad los conozca<\/title>\n<meta name=\"description\" content=\"Universidad de las Artes - El Programa CLUAB de la Secretar\u00eda de Bienestar Universitario impuls\u00f3 feria de clubes para que comunidad los conozca\" \/>\n<meta name=\"robots\" content=\"index, follow, max-snippet:-1, max-image-preview:large, max-video-preview:-1\" \/>\n<link rel=\"canonical\" href=\"https:\/\/www.uartes.edu.ec\/sitio\/fr\/blog\/2024\/09\/11\/cluab-impulso-una-feria-de-clubes-para-que-se-dieran-a-conocer-y-captaran-mas-miembros\/\" \/>\n<meta property=\"og:locale\" content=\"fr_FR\" \/>\n<meta property=\"og:type\" content=\"article\" \/>\n<meta property=\"og:title\" content=\"Universidad de las Artes - El Programa CLUAB de la Secretar\u00eda de Bienestar Universitario impuls\u00f3 feria de clubes para que comunidad los conozca\" \/>\n<meta property=\"og:description\" content=\"Universidad de las Artes - El Programa CLUAB de la Secretar\u00eda de Bienestar Universitario impuls\u00f3 feria de clubes para que comunidad los conozca\" \/>\n<meta property=\"og:url\" content=\"https:\/\/www.uartes.edu.ec\/sitio\/fr\/blog\/2024\/09\/11\/cluab-impulso-una-feria-de-clubes-para-que-se-dieran-a-conocer-y-captaran-mas-miembros\/\" \/>\n<meta property=\"og:site_name\" content=\"Universidad de las Artes\" \/>\n<meta property=\"article:publisher\" content=\"https:\/\/www.facebook.com\/uartesec\" \/>\n<meta property=\"article:published_time\" content=\"2024-09-11T23:03:00+00:00\" \/>\n<meta property=\"article:modified_time\" content=\"2024-09-12T23:41:42+00:00\" \/>\n<meta property=\"og:image\" content=\"https:\/\/www.uartes.edu.ec\/sitio\/wp-content\/uploads\/2024\/09\/Sub166.jpg\" \/>\n\t<meta property=\"og:image:width\" content=\"2000\" \/>\n\t<meta property=\"og:image:height\" content=\"1124\" \/>\n\t<meta property=\"og:image:type\" content=\"image\/jpeg\" \/>\n<meta name=\"author\" content=\"ccortez\" \/>\n<meta name=\"twitter:card\" content=\"summary_large_image\" \/>\n<meta name=\"twitter:creator\" content=\"@uartesec\" \/>\n<meta name=\"twitter:site\" content=\"@uartesec\" \/>\n<meta name=\"twitter:label1\" content=\"\u00c9crit par\" \/>\n\t<meta name=\"twitter:data1\" content=\"ccortez\" \/>\n\t<meta name=\"twitter:label2\" content=\"Dur\u00e9e de lecture estim\u00e9e\" \/>\n\t<meta name=\"twitter:data2\" content=\"5 minutes\" \/>\n<script type=\"application\/ld+json\" class=\"yoast-schema-graph\">{\"@context\":\"https:\\\/\\\/schema.org\",\"@graph\":[{\"@type\":\"Article\",\"@id\":\"https:\\\/\\\/www.uartes.edu.ec\\\/sitio\\\/fr\\\/blog\\\/2024\\\/09\\\/11\\\/cluab-impulso-una-feria-de-clubes-para-que-se-dieran-a-conocer-y-captaran-mas-miembros\\\/#article\",\"isPartOf\":{\"@id\":\"https:\\\/\\\/www.uartes.edu.ec\\\/sitio\\\/fr\\\/blog\\\/2024\\\/09\\\/11\\\/cluab-impulso-una-feria-de-clubes-para-que-se-dieran-a-conocer-y-captaran-mas-miembros\\\/\"},\"author\":{\"name\":\"ccortez\",\"@id\":\"https:\\\/\\\/www.uartes.edu.ec\\\/sitio\\\/fr\\\/#\\\/schema\\\/person\\\/efa1b8275797664fd7f13a79ccc0b1f4\"},\"headline\":\"El Programa CLUAB de la Secretar\u00eda de Bienestar Universitario impuls\u00f3 feria de clubes para que comunidad los conozca\",\"datePublished\":\"2024-09-11T23:03:00+00:00\",\"dateModified\":\"2024-09-12T23:41:42+00:00\",\"mainEntityOfPage\":{\"@id\":\"https:\\\/\\\/www.uartes.edu.ec\\\/sitio\\\/fr\\\/blog\\\/2024\\\/09\\\/11\\\/cluab-impulso-una-feria-de-clubes-para-que-se-dieran-a-conocer-y-captaran-mas-miembros\\\/\"},\"wordCount\":930,\"commentCount\":0,\"publisher\":{\"@id\":\"https:\\\/\\\/www.uartes.edu.ec\\\/sitio\\\/fr\\\/#organization\"},\"image\":{\"@id\":\"https:\\\/\\\/www.uartes.edu.ec\\\/sitio\\\/fr\\\/blog\\\/2024\\\/09\\\/11\\\/cluab-impulso-una-feria-de-clubes-para-que-se-dieran-a-conocer-y-captaran-mas-miembros\\\/#primaryimage\"},\"thumbnailUrl\":\"https:\\\/\\\/www.uartes.edu.ec\\\/sitio\\\/wp-content\\\/uploads\\\/2024\\\/09\\\/Sub166.jpg\",\"keywords\":[\"programa\"],\"articleSection\":[\"Administrativos\",\"Artes Esc\u00e9nicas\",\"Artes Sonoras\",\"Artes Visuales\",\"Bienestar Universitario\",\"Cine\",\"Docentes\",\"Estudiantes\",\"Literatura\"],\"inLanguage\":\"fr-FR\",\"potentialAction\":[{\"@type\":\"CommentAction\",\"name\":\"Comment\",\"target\":[\"https:\\\/\\\/www.uartes.edu.ec\\\/sitio\\\/fr\\\/blog\\\/2024\\\/09\\\/11\\\/cluab-impulso-una-feria-de-clubes-para-que-se-dieran-a-conocer-y-captaran-mas-miembros\\\/#respond\"]}]},{\"@type\":[\"WebPage\",\"ItemPage\"],\"@id\":\"https:\\\/\\\/www.uartes.edu.ec\\\/sitio\\\/fr\\\/blog\\\/2024\\\/09\\\/11\\\/cluab-impulso-una-feria-de-clubes-para-que-se-dieran-a-conocer-y-captaran-mas-miembros\\\/\",\"url\":\"https:\\\/\\\/www.uartes.edu.ec\\\/sitio\\\/fr\\\/blog\\\/2024\\\/09\\\/11\\\/cluab-impulso-una-feria-de-clubes-para-que-se-dieran-a-conocer-y-captaran-mas-miembros\\\/\",\"name\":\"Universidad de las Artes - El Programa CLUAB de la Secretar\u00eda de Bienestar Universitario impuls\u00f3 feria de clubes para que comunidad los conozca\",\"isPartOf\":{\"@id\":\"https:\\\/\\\/www.uartes.edu.ec\\\/sitio\\\/fr\\\/#website\"},\"primaryImageOfPage\":{\"@id\":\"https:\\\/\\\/www.uartes.edu.ec\\\/sitio\\\/fr\\\/blog\\\/2024\\\/09\\\/11\\\/cluab-impulso-una-feria-de-clubes-para-que-se-dieran-a-conocer-y-captaran-mas-miembros\\\/#primaryimage\"},\"image\":{\"@id\":\"https:\\\/\\\/www.uartes.edu.ec\\\/sitio\\\/fr\\\/blog\\\/2024\\\/09\\\/11\\\/cluab-impulso-una-feria-de-clubes-para-que-se-dieran-a-conocer-y-captaran-mas-miembros\\\/#primaryimage\"},\"thumbnailUrl\":\"https:\\\/\\\/www.uartes.edu.ec\\\/sitio\\\/wp-content\\\/uploads\\\/2024\\\/09\\\/Sub166.jpg\",\"datePublished\":\"2024-09-11T23:03:00+00:00\",\"dateModified\":\"2024-09-12T23:41:42+00:00\",\"description\":\"Universidad de las Artes - El Programa CLUAB de la Secretar\u00eda de Bienestar Universitario impuls\u00f3 feria de clubes para que comunidad los conozca\",\"breadcrumb\":{\"@id\":\"https:\\\/\\\/www.uartes.edu.ec\\\/sitio\\\/fr\\\/blog\\\/2024\\\/09\\\/11\\\/cluab-impulso-una-feria-de-clubes-para-que-se-dieran-a-conocer-y-captaran-mas-miembros\\\/#breadcrumb\"},\"inLanguage\":\"fr-FR\",\"potentialAction\":[{\"@type\":\"ReadAction\",\"target\":[\"https:\\\/\\\/www.uartes.edu.ec\\\/sitio\\\/fr\\\/blog\\\/2024\\\/09\\\/11\\\/cluab-impulso-una-feria-de-clubes-para-que-se-dieran-a-conocer-y-captaran-mas-miembros\\\/\"]}]},{\"@type\":\"ImageObject\",\"inLanguage\":\"fr-FR\",\"@id\":\"https:\\\/\\\/www.uartes.edu.ec\\\/sitio\\\/fr\\\/blog\\\/2024\\\/09\\\/11\\\/cluab-impulso-una-feria-de-clubes-para-que-se-dieran-a-conocer-y-captaran-mas-miembros\\\/#primaryimage\",\"url\":\"https:\\\/\\\/www.uartes.edu.ec\\\/sitio\\\/wp-content\\\/uploads\\\/2024\\\/09\\\/Sub166.jpg\",\"contentUrl\":\"https:\\\/\\\/www.uartes.edu.ec\\\/sitio\\\/wp-content\\\/uploads\\\/2024\\\/09\\\/Sub166.jpg\",\"width\":2000,\"height\":1124},{\"@type\":\"BreadcrumbList\",\"@id\":\"https:\\\/\\\/www.uartes.edu.ec\\\/sitio\\\/fr\\\/blog\\\/2024\\\/09\\\/11\\\/cluab-impulso-una-feria-de-clubes-para-que-se-dieran-a-conocer-y-captaran-mas-miembros\\\/#breadcrumb\",\"itemListElement\":[{\"@type\":\"ListItem\",\"position\":1,\"name\":\"Inicio\",\"item\":\"https:\\\/\\\/www.uartes.edu.ec\\\/sitio\\\/\"},{\"@type\":\"ListItem\",\"position\":2,\"name\":\"El Programa CLUAB de la Secretar\u00eda de Bienestar Universitario impuls\u00f3 feria de clubes para que comunidad los conozca\"}]},{\"@type\":\"WebSite\",\"@id\":\"https:\\\/\\\/www.uartes.edu.ec\\\/sitio\\\/fr\\\/#website\",\"url\":\"https:\\\/\\\/www.uartes.edu.ec\\\/sitio\\\/fr\\\/\",\"name\":\"Universidad de las Artes\",\"description\":\"Sitio oficial de la Universidad Nacional de las Artes del Ecuador\",\"publisher\":{\"@id\":\"https:\\\/\\\/www.uartes.edu.ec\\\/sitio\\\/fr\\\/#organization\"},\"potentialAction\":[{\"@type\":\"SearchAction\",\"target\":{\"@type\":\"EntryPoint\",\"urlTemplate\":\"https:\\\/\\\/www.uartes.edu.ec\\\/sitio\\\/fr\\\/?s={search_term_string}\"},\"query-input\":{\"@type\":\"PropertyValueSpecification\",\"valueRequired\":true,\"valueName\":\"search_term_string\"}}],\"inLanguage\":\"fr-FR\"},{\"@type\":\"Organization\",\"@id\":\"https:\\\/\\\/www.uartes.edu.ec\\\/sitio\\\/fr\\\/#organization\",\"name\":\"Universidad de las Artes\",\"url\":\"https:\\\/\\\/www.uartes.edu.ec\\\/sitio\\\/fr\\\/\",\"logo\":{\"@type\":\"ImageObject\",\"inLanguage\":\"fr-FR\",\"@id\":\"https:\\\/\\\/www.uartes.edu.ec\\\/sitio\\\/fr\\\/#\\\/schema\\\/logo\\\/image\\\/\",\"url\":\"https:\\\/\\\/www.uartes.edu.ec\\\/sitio\\\/wp-content\\\/uploads\\\/2022\\\/07\\\/logo-ua-horizontal.png\",\"contentUrl\":\"https:\\\/\\\/www.uartes.edu.ec\\\/sitio\\\/wp-content\\\/uploads\\\/2022\\\/07\\\/logo-ua-horizontal.png\",\"width\":800,\"height\":276,\"caption\":\"Universidad de las Artes\"},\"image\":{\"@id\":\"https:\\\/\\\/www.uartes.edu.ec\\\/sitio\\\/fr\\\/#\\\/schema\\\/logo\\\/image\\\/\"},\"sameAs\":[\"https:\\\/\\\/www.facebook.com\\\/uartesec\",\"https:\\\/\\\/x.com\\\/uartesec\",\"https:\\\/\\\/www.tiktok.com\\\/@uartesec\"]},{\"@type\":\"Person\",\"@id\":\"https:\\\/\\\/www.uartes.edu.ec\\\/sitio\\\/fr\\\/#\\\/schema\\\/person\\\/efa1b8275797664fd7f13a79ccc0b1f4\",\"name\":\"ccortez\",\"image\":{\"@type\":\"ImageObject\",\"inLanguage\":\"fr-FR\",\"@id\":\"https:\\\/\\\/secure.gravatar.com\\\/avatar\\\/b2a6f664a3ae8e074346ef91775736c5ec479e637ecced6842de9dc98b5da9cd?s=96&d=mm&r=g\",\"url\":\"https:\\\/\\\/secure.gravatar.com\\\/avatar\\\/b2a6f664a3ae8e074346ef91775736c5ec479e637ecced6842de9dc98b5da9cd?s=96&d=mm&r=g\",\"contentUrl\":\"https:\\\/\\\/secure.gravatar.com\\\/avatar\\\/b2a6f664a3ae8e074346ef91775736c5ec479e637ecced6842de9dc98b5da9cd?s=96&d=mm&r=g\",\"caption\":\"ccortez\"},\"url\":\"https:\\\/\\\/www.uartes.edu.ec\\\/sitio\\\/fr\\\/blog\\\/author\\\/ccortez\\\/\"}]}<\/script>\n<!-- \/ Yoast SEO plugin. -->","yoast_head_json":{"title":"Universidad de las Artes - El Programa CLUAB de la Secretar\u00eda de Bienestar Universitario impuls\u00f3 feria de clubes para que comunidad los conozca","description":"Universidad de las Artes - El Programa CLUAB de la Secretar\u00eda de Bienestar Universitario impuls\u00f3 feria de clubes para que comunidad los conozca","robots":{"index":"index","follow":"follow","max-snippet":"max-snippet:-1","max-image-preview":"max-image-preview:large","max-video-preview":"max-video-preview:-1"},"canonical":"https:\/\/www.uartes.edu.ec\/sitio\/fr\/blog\/2024\/09\/11\/cluab-impulso-una-feria-de-clubes-para-que-se-dieran-a-conocer-y-captaran-mas-miembros\/","og_locale":"fr_FR","og_type":"article","og_title":"Universidad de las Artes - El Programa CLUAB de la Secretar\u00eda de Bienestar Universitario impuls\u00f3 feria de clubes para que comunidad los conozca","og_description":"Universidad de las Artes - El Programa CLUAB de la Secretar\u00eda de Bienestar Universitario impuls\u00f3 feria de clubes para que comunidad los conozca","og_url":"https:\/\/www.uartes.edu.ec\/sitio\/fr\/blog\/2024\/09\/11\/cluab-impulso-una-feria-de-clubes-para-que-se-dieran-a-conocer-y-captaran-mas-miembros\/","og_site_name":"Universidad de las Artes","article_publisher":"https:\/\/www.facebook.com\/uartesec","article_published_time":"2024-09-11T23:03:00+00:00","article_modified_time":"2024-09-12T23:41:42+00:00","og_image":[{"width":2000,"height":1124,"url":"https:\/\/www.uartes.edu.ec\/sitio\/wp-content\/uploads\/2024\/09\/Sub166.jpg","type":"image\/jpeg"}],"author":"ccortez","twitter_card":"summary_large_image","twitter_creator":"@uartesec","twitter_site":"@uartesec","twitter_misc":{"\u00c9crit par":"ccortez","Dur\u00e9e de lecture estim\u00e9e":"5 minutes"},"schema":{"@context":"https:\/\/schema.org","@graph":[{"@type":"Article","@id":"https:\/\/www.uartes.edu.ec\/sitio\/fr\/blog\/2024\/09\/11\/cluab-impulso-una-feria-de-clubes-para-que-se-dieran-a-conocer-y-captaran-mas-miembros\/#article","isPartOf":{"@id":"https:\/\/www.uartes.edu.ec\/sitio\/fr\/blog\/2024\/09\/11\/cluab-impulso-una-feria-de-clubes-para-que-se-dieran-a-conocer-y-captaran-mas-miembros\/"},"author":{"name":"ccortez","@id":"https:\/\/www.uartes.edu.ec\/sitio\/fr\/#\/schema\/person\/efa1b8275797664fd7f13a79ccc0b1f4"},"headline":"El Programa CLUAB de la Secretar\u00eda de Bienestar Universitario impuls\u00f3 feria de clubes para que comunidad los conozca","datePublished":"2024-09-11T23:03:00+00:00","dateModified":"2024-09-12T23:41:42+00:00","mainEntityOfPage":{"@id":"https:\/\/www.uartes.edu.ec\/sitio\/fr\/blog\/2024\/09\/11\/cluab-impulso-una-feria-de-clubes-para-que-se-dieran-a-conocer-y-captaran-mas-miembros\/"},"wordCount":930,"commentCount":0,"publisher":{"@id":"https:\/\/www.uartes.edu.ec\/sitio\/fr\/#organization"},"image":{"@id":"https:\/\/www.uartes.edu.ec\/sitio\/fr\/blog\/2024\/09\/11\/cluab-impulso-una-feria-de-clubes-para-que-se-dieran-a-conocer-y-captaran-mas-miembros\/#primaryimage"},"thumbnailUrl":"https:\/\/www.uartes.edu.ec\/sitio\/wp-content\/uploads\/2024\/09\/Sub166.jpg","keywords":["programa"],"articleSection":["Administrativos","Artes Esc\u00e9nicas","Artes Sonoras","Artes Visuales","Bienestar Universitario","Cine","Docentes","Estudiantes","Literatura"],"inLanguage":"fr-FR","potentialAction":[{"@type":"CommentAction","name":"Comment","target":["https:\/\/www.uartes.edu.ec\/sitio\/fr\/blog\/2024\/09\/11\/cluab-impulso-una-feria-de-clubes-para-que-se-dieran-a-conocer-y-captaran-mas-miembros\/#respond"]}]},{"@type":["WebPage","ItemPage"],"@id":"https:\/\/www.uartes.edu.ec\/sitio\/fr\/blog\/2024\/09\/11\/cluab-impulso-una-feria-de-clubes-para-que-se-dieran-a-conocer-y-captaran-mas-miembros\/","url":"https:\/\/www.uartes.edu.ec\/sitio\/fr\/blog\/2024\/09\/11\/cluab-impulso-una-feria-de-clubes-para-que-se-dieran-a-conocer-y-captaran-mas-miembros\/","name":"Universidad de las Artes - El Programa CLUAB de la Secretar\u00eda de Bienestar Universitario impuls\u00f3 feria de clubes para que comunidad los conozca","isPartOf":{"@id":"https:\/\/www.uartes.edu.ec\/sitio\/fr\/#website"},"primaryImageOfPage":{"@id":"https:\/\/www.uartes.edu.ec\/sitio\/fr\/blog\/2024\/09\/11\/cluab-impulso-una-feria-de-clubes-para-que-se-dieran-a-conocer-y-captaran-mas-miembros\/#primaryimage"},"image":{"@id":"https:\/\/www.uartes.edu.ec\/sitio\/fr\/blog\/2024\/09\/11\/cluab-impulso-una-feria-de-clubes-para-que-se-dieran-a-conocer-y-captaran-mas-miembros\/#primaryimage"},"thumbnailUrl":"https:\/\/www.uartes.edu.ec\/sitio\/wp-content\/uploads\/2024\/09\/Sub166.jpg","datePublished":"2024-09-11T23:03:00+00:00","dateModified":"2024-09-12T23:41:42+00:00","description":"Universidad de las Artes - El Programa CLUAB de la Secretar\u00eda de Bienestar Universitario impuls\u00f3 feria de clubes para que comunidad los conozca","breadcrumb":{"@id":"https:\/\/www.uartes.edu.ec\/sitio\/fr\/blog\/2024\/09\/11\/cluab-impulso-una-feria-de-clubes-para-que-se-dieran-a-conocer-y-captaran-mas-miembros\/#breadcrumb"},"inLanguage":"fr-FR","potentialAction":[{"@type":"ReadAction","target":["https:\/\/www.uartes.edu.ec\/sitio\/fr\/blog\/2024\/09\/11\/cluab-impulso-una-feria-de-clubes-para-que-se-dieran-a-conocer-y-captaran-mas-miembros\/"]}]},{"@type":"ImageObject","inLanguage":"fr-FR","@id":"https:\/\/www.uartes.edu.ec\/sitio\/fr\/blog\/2024\/09\/11\/cluab-impulso-una-feria-de-clubes-para-que-se-dieran-a-conocer-y-captaran-mas-miembros\/#primaryimage","url":"https:\/\/www.uartes.edu.ec\/sitio\/wp-content\/uploads\/2024\/09\/Sub166.jpg","contentUrl":"https:\/\/www.uartes.edu.ec\/sitio\/wp-content\/uploads\/2024\/09\/Sub166.jpg","width":2000,"height":1124},{"@type":"BreadcrumbList","@id":"https:\/\/www.uartes.edu.ec\/sitio\/fr\/blog\/2024\/09\/11\/cluab-impulso-una-feria-de-clubes-para-que-se-dieran-a-conocer-y-captaran-mas-miembros\/#breadcrumb","itemListElement":[{"@type":"ListItem","position":1,"name":"Inicio","item":"https:\/\/www.uartes.edu.ec\/sitio\/"},{"@type":"ListItem","position":2,"name":"El Programa CLUAB de la Secretar\u00eda de Bienestar Universitario impuls\u00f3 feria de clubes para que comunidad los conozca"}]},{"@type":"WebSite","@id":"https:\/\/www.uartes.edu.ec\/sitio\/fr\/#website","url":"https:\/\/www.uartes.edu.ec\/sitio\/fr\/","name":"Universidad de las Artes","description":"Sitio oficial de la Universidad Nacional de las Artes del Ecuador","publisher":{"@id":"https:\/\/www.uartes.edu.ec\/sitio\/fr\/#organization"},"potentialAction":[{"@type":"SearchAction","target":{"@type":"EntryPoint","urlTemplate":"https:\/\/www.uartes.edu.ec\/sitio\/fr\/?s={search_term_string}"},"query-input":{"@type":"PropertyValueSpecification","valueRequired":true,"valueName":"search_term_string"}}],"inLanguage":"fr-FR"},{"@type":"Organization","@id":"https:\/\/www.uartes.edu.ec\/sitio\/fr\/#organization","name":"Universidad de las Artes","url":"https:\/\/www.uartes.edu.ec\/sitio\/fr\/","logo":{"@type":"ImageObject","inLanguage":"fr-FR","@id":"https:\/\/www.uartes.edu.ec\/sitio\/fr\/#\/schema\/logo\/image\/","url":"https:\/\/www.uartes.edu.ec\/sitio\/wp-content\/uploads\/2022\/07\/logo-ua-horizontal.png","contentUrl":"https:\/\/www.uartes.edu.ec\/sitio\/wp-content\/uploads\/2022\/07\/logo-ua-horizontal.png","width":800,"height":276,"caption":"Universidad de las Artes"},"image":{"@id":"https:\/\/www.uartes.edu.ec\/sitio\/fr\/#\/schema\/logo\/image\/"},"sameAs":["https:\/\/www.facebook.com\/uartesec","https:\/\/x.com\/uartesec","https:\/\/www.tiktok.com\/@uartesec"]},{"@type":"Person","@id":"https:\/\/www.uartes.edu.ec\/sitio\/fr\/#\/schema\/person\/efa1b8275797664fd7f13a79ccc0b1f4","name":"ccortez","image":{"@type":"ImageObject","inLanguage":"fr-FR","@id":"https:\/\/secure.gravatar.com\/avatar\/b2a6f664a3ae8e074346ef91775736c5ec479e637ecced6842de9dc98b5da9cd?s=96&d=mm&r=g","url":"https:\/\/secure.gravatar.com\/avatar\/b2a6f664a3ae8e074346ef91775736c5ec479e637ecced6842de9dc98b5da9cd?s=96&d=mm&r=g","contentUrl":"https:\/\/secure.gravatar.com\/avatar\/b2a6f664a3ae8e074346ef91775736c5ec479e637ecced6842de9dc98b5da9cd?s=96&d=mm&r=g","caption":"ccortez"},"url":"https:\/\/www.uartes.edu.ec\/sitio\/fr\/blog\/author\/ccortez\/"}]}},"uagb_featured_image_src":{"full":["https:\/\/www.uartes.edu.ec\/sitio\/wp-content\/uploads\/2024\/09\/Sub166.jpg",2000,1124,false],"thumbnail":["https:\/\/www.uartes.edu.ec\/sitio\/wp-content\/uploads\/2024\/09\/Sub166-150x150.jpg",150,150,true],"medium":["https:\/\/www.uartes.edu.ec\/sitio\/wp-content\/uploads\/2024\/09\/Sub166-300x169.jpg",300,169,true],"medium_large":["https:\/\/www.uartes.edu.ec\/sitio\/wp-content\/uploads\/2024\/09\/Sub166-768x432.jpg",768,432,true],"large":["https:\/\/www.uartes.edu.ec\/sitio\/wp-content\/uploads\/2024\/09\/Sub166-644x362.jpg",644,362,true],"1536x1536":["https:\/\/www.uartes.edu.ec\/sitio\/wp-content\/uploads\/2024\/09\/Sub166-1536x863.jpg",1536,863,true],"2048x2048":["https:\/\/www.uartes.edu.ec\/sitio\/wp-content\/uploads\/2024\/09\/Sub166.jpg",2000,1124,false],"trp-custom-language-flag":["https:\/\/www.uartes.edu.ec\/sitio\/wp-content\/uploads\/2024\/09\/Sub166-18x10.jpg",18,10,true],"htmega_size_585x295":["https:\/\/www.uartes.edu.ec\/sitio\/wp-content\/uploads\/2024\/09\/Sub166-585x295.jpg",585,295,true],"htmega_size_1170x536":["https:\/\/www.uartes.edu.ec\/sitio\/wp-content\/uploads\/2024\/09\/Sub166-1170x536.jpg",1170,536,true],"htmega_size_396x360":["https:\/\/www.uartes.edu.ec\/sitio\/wp-content\/uploads\/2024\/09\/Sub166-396x360.jpg",396,360,true],"gb-block-post-grid-landscape":["https:\/\/www.uartes.edu.ec\/sitio\/wp-content\/uploads\/2024\/09\/Sub166-600x400.jpg",600,400,true],"gb-block-post-grid-square":["https:\/\/www.uartes.edu.ec\/sitio\/wp-content\/uploads\/2024\/09\/Sub166-600x600.jpg",600,600,true],"university-hub-thumb":["https:\/\/www.uartes.edu.ec\/sitio\/wp-content\/uploads\/2024\/09\/Sub166-400x225.jpg",400,225,true],"mailpoet_newsletter_max":["https:\/\/www.uartes.edu.ec\/sitio\/wp-content\/uploads\/2024\/09\/Sub166.jpg",1320,742,false]},"uagb_author_info":{"display_name":"ccortez","author_link":"https:\/\/www.uartes.edu.ec\/sitio\/fr\/blog\/author\/ccortez\/"},"uagb_comment_info":0,"uagb_excerpt":"Los dos lienzos que se colocaron el 6 de septiembre a los costados del escenario del Malakita para el acto de clausura y premiaci\u00f3n del SUB Fest los pintaron el d\u00eda anterior en vivo los integrantes del naciente Club de Arte Urbano y Muralismo. Fue uno de los clubes que particip\u00f3 en una feria que\u2026","featured_image_src":"https:\/\/www.uartes.edu.ec\/sitio\/wp-content\/uploads\/2024\/09\/Sub166-600x400.jpg","featured_image_src_square":"https:\/\/www.uartes.edu.ec\/sitio\/wp-content\/uploads\/2024\/09\/Sub166-600x600.jpg","author_info":{"display_name":"ccortez","author_link":"https:\/\/www.uartes.edu.ec\/sitio\/fr\/blog\/author\/ccortez\/"},"publishpress_future_workflow_manual_trigger":{"enabledWorkflows":[]},"distributor_meta":false,"distributor_terms":false,"distributor_media":false,"distributor_original_site_name":"Universidad de las Artes","distributor_original_site_url":"https:\/\/www.uartes.edu.ec\/sitio\/fr","push-errors":false,"_links":{"self":[{"href":"https:\/\/www.uartes.edu.ec\/sitio\/fr\/wp-json\/wp\/v2\/posts\/61532","targetHints":{"allow":["GET"]}}],"collection":[{"href":"https:\/\/www.uartes.edu.ec\/sitio\/fr\/wp-json\/wp\/v2\/posts"}],"about":[{"href":"https:\/\/www.uartes.edu.ec\/sitio\/fr\/wp-json\/wp\/v2\/types\/post"}],"author":[{"embeddable":true,"href":"https:\/\/www.uartes.edu.ec\/sitio\/fr\/wp-json\/wp\/v2\/users\/10"}],"replies":[{"embeddable":true,"href":"https:\/\/www.uartes.edu.ec\/sitio\/fr\/wp-json\/wp\/v2\/comments?post=61532"}],"version-history":[{"count":12,"href":"https:\/\/www.uartes.edu.ec\/sitio\/fr\/wp-json\/wp\/v2\/posts\/61532\/revisions"}],"predecessor-version":[{"id":61568,"href":"https:\/\/www.uartes.edu.ec\/sitio\/fr\/wp-json\/wp\/v2\/posts\/61532\/revisions\/61568"}],"wp:featuredmedia":[{"embeddable":true,"href":"https:\/\/www.uartes.edu.ec\/sitio\/fr\/wp-json\/wp\/v2\/media\/61533"}],"wp:attachment":[{"href":"https:\/\/www.uartes.edu.ec\/sitio\/fr\/wp-json\/wp\/v2\/media?parent=61532"}],"wp:term":[{"taxonomy":"category","embeddable":true,"href":"https:\/\/www.uartes.edu.ec\/sitio\/fr\/wp-json\/wp\/v2\/categories?post=61532"},{"taxonomy":"post_tag","embeddable":true,"href":"https:\/\/www.uartes.edu.ec\/sitio\/fr\/wp-json\/wp\/v2\/tags?post=61532"},{"taxonomy":"infouartes","embeddable":true,"href":"https:\/\/www.uartes.edu.ec\/sitio\/fr\/wp-json\/wp\/v2\/infouartes?post=61532"}],"curies":[{"name":"wp","href":"https:\/\/api.w.org\/{rel}","templated":true}]}}