{"id":61599,"date":"2024-09-06T17:10:00","date_gmt":"2024-09-06T22:10:00","guid":{"rendered":"https:\/\/www.uartes.edu.ec\/sitio\/?p=61599"},"modified":"2024-09-13T07:46:40","modified_gmt":"2024-09-13T12:46:40","slug":"dos-premios-internacionales-para-ovnis-en-el-tropico-proyecto-de-ficcion-del-que-maria-isabel-carrasco-es-productora","status":"publish","type":"post","link":"https:\/\/www.uartes.edu.ec\/sitio\/fr\/blog\/2024\/09\/06\/dos-premios-internacionales-para-ovnis-en-el-tropico-proyecto-de-ficcion-del-que-maria-isabel-carrasco-es-productora\/","title":{"rendered":"Dos premios internacionales para \u201cOvnis en el tr\u00f3pico\u201d, proyecto de ficci\u00f3n del que Mar\u00eda Isabel Carrasco es productora"},"content":{"rendered":"<p>El proyecto de ficci\u00f3n \u201cOvnis en el tr\u00f3pico\u201d de Rob Mendoza, del cual la cineasta Mar\u00eda Isabel Carrasco Escobar, docente de la Universidad de las Artes, es su productora, gan\u00f3 dos de los premios del programa Open Doors del prestigioso Festival Internacional de Cine de Locarno.<\/p>\n\n\n\n<p>Mar\u00eda Isabel Carrasco se\u00f1ala que aplicaron y fueron seleccionados para participar dentro de la secci\u00f3n del Projects Hub de Open Doors, un programa dedicado a directores y productores con proyectos de largometrajes de ficci\u00f3n en etapas de desarrollo. La selecci\u00f3n es bastante competitiva, agrega, puesto que se escogen \u00fanicamente&nbsp;ocho proyectos de Am\u00e9rica Latina y el Caribe.<\/p>\n\n\n\n<p>La secci\u00f3n Open Doors&nbsp; se efectu\u00f3 en dos fases. La primera fue en l\u00ednea durante los meses de junio y julio, y luego de manera presencial del 8 al 13 de agosto, en el marco del 77 Festival de Cine de Locarno y Locarno Pro.<\/p>\n\n\n\n<p>\u201cEl \u00faltimo d\u00eda en Locarno, como parte del programa, realizamos un pitch ante un jurado&nbsp; de profesionales de la industria cinematogr\u00e1fica que luego de deliberar otorg\u00f3 varios premios financieros y\/o en especie a algunos proyectos ganadores\u201d, precis\u00f3 Mar\u00eda Isabel Carrasco.<\/p>\n\n\n\n<figure class=\"wp-block-image size-large\"><img fetchpriority=\"high\" decoding=\"async\" width=\"644\" height=\"429\" src=\"https:\/\/www.uartes.edu.ec\/sitio\/wp-content\/uploads\/2024\/09\/01-UFOS-IN-THE-TROPIC-644x429.jpg\" alt=\"\" class=\"wp-image-61601\" srcset=\"https:\/\/www.uartes.edu.ec\/sitio\/wp-content\/uploads\/2024\/09\/01-UFOS-IN-THE-TROPIC-644x429.jpg 644w, https:\/\/www.uartes.edu.ec\/sitio\/wp-content\/uploads\/2024\/09\/01-UFOS-IN-THE-TROPIC-300x200.jpg 300w, https:\/\/www.uartes.edu.ec\/sitio\/wp-content\/uploads\/2024\/09\/01-UFOS-IN-THE-TROPIC-768x512.jpg 768w, https:\/\/www.uartes.edu.ec\/sitio\/wp-content\/uploads\/2024\/09\/01-UFOS-IN-THE-TROPIC-1536x1024.jpg 1536w, https:\/\/www.uartes.edu.ec\/sitio\/wp-content\/uploads\/2024\/09\/01-UFOS-IN-THE-TROPIC-18x12.jpg 18w, https:\/\/www.uartes.edu.ec\/sitio\/wp-content\/uploads\/2024\/09\/01-UFOS-IN-THE-TROPIC-600x400.jpg 600w, https:\/\/www.uartes.edu.ec\/sitio\/wp-content\/uploads\/2024\/09\/01-UFOS-IN-THE-TROPIC-400x267.jpg 400w, https:\/\/www.uartes.edu.ec\/sitio\/wp-content\/uploads\/2024\/09\/01-UFOS-IN-THE-TROPIC-272x182.jpg 272w, https:\/\/www.uartes.edu.ec\/sitio\/wp-content\/uploads\/2024\/09\/01-UFOS-IN-THE-TROPIC.jpg 2000w\" sizes=\"(max-width: 644px) 100vw, 644px\" \/><\/figure>\n\n\n\n<p>Agrega que con \u201cOvnis en el tr\u00f3pico\u201d ganaron dos premios. El primero es una residencia de escritura de guion para Rob Mendoza en la prestigiosa Moulin d&#8217;And\u00e9&nbsp;en Francia y el segundo es un premio de 8 mil euros para el desarrollo del proyecto, otorgado por el Centre National du Cin\u00e9ma et de l\u2019image anim\u00e9e (CNC) de Francia. \u201cLos dos son premios muy importantes para el desarrollo del proyecto de pel\u00edcula porque nos ponen en una plataforma ideal para encontrar coproductores internacionales, adem\u00e1s son reconocimientos al trabajo que Rob y yo venimos haciendo\u201d.<\/p>\n\n\n\n<p>Todo lo aprendido, sin duda, ser\u00e1 puesto en pr\u00e1ctica en mis clases con mis queridxs estudiantes, expresa la docente de la Escuela de Cine de la UArtes.<\/p>\n\n\n\n<p>\u201cOvnis&nbsp; en el tr\u00f3pico\u201d es un proyecto que cuenta la historia de Ra\u00fal, un solitario orquidiario que vive en el bosque nublado en un pueblo minero llamado Buenaventura. Luego de un enigm\u00e1tico encuentro ovni recibe un mensaje de alarma sobre las consecuencias de la miner\u00eda en la salud de la gente del pueblo, sin embargo, la presi\u00f3n de la compa\u00f1\u00eda minera y la homofobia de pueblo chico terminan por afectar su misi\u00f3n. Esta es una historia de ciencia ficci\u00f3n queer tropical.<\/p>\n\n\n\n<p>Mar\u00eda Isabel Carrasco comparte tambi\u00e9n algunos enlaces que dan cuenta de los premios obtenidos junto con Rob Mendoza y sobre la selecci\u00f3n de Open Doors:<\/p>\n\n\n\n<p><a href=\"https:\/\/www.locarnofestival.ch\/press\/press-releases\/2024\/locarno-open-doors-announces-winners-2024.html\">https:\/\/www.locarnofestival.ch\/press\/press-releases\/2024\/locarno-open-doors-announces-winners-2024.html<\/a><\/p>\n\n\n\n<p><a href=\"https:\/\/variety.com\/2024\/film\/global\/paz-encina-ernesto-bautista-rosa-maria-rodriguez-fernando-mendoza-1236104996\">https:\/\/variety.com\/2024\/film\/global\/paz-encina-ernesto-bautista-rosa-maria-rodriguez-fernando-mendoza-1236104996<\/a><\/p>\n\n\n\n<p><a href=\"https:\/\/cineuropa.org\/fr\/newsdetail\/465318\">https:\/\/cineuropa.org\/fr\/newsdetail\/465318<\/a><\/p>","protected":false},"excerpt":{"rendered":"<p>El proyecto de ficci\u00f3n \u201cOvnis en el tr\u00f3pico\u201d de Rob Mendoza, del cual la cineasta Mar\u00eda Isabel Carrasco es productora, gan\u00f3 dos de los premios del programa Open Doors del Festival Internacional de Cine de Locarno. La docente UArtes se\u00f1ala que aplicaron y fueron seleccionados para participar dentro de una secci\u00f3n dedicada a directores y productores con proyectos en etapas de desarrollo. <\/p>","protected":false},"author":10,"featured_media":61600,"comment_status":"open","ping_status":"open","sticky":false,"template":"","format":"standard","meta":{"_acf_changed":false,"_uag_custom_page_level_css":"","_monsterinsights_skip_tracking":false,"_monsterinsights_sitenote_active":false,"_monsterinsights_sitenote_note":"","_monsterinsights_sitenote_category":0,"cybocfi_hide_featured_image":"","footnotes":""},"categories":[80,82,147,75],"tags":[518],"infouartes":[],"class_list":["post-61599","post","type-post","status-publish","format-standard","has-post-thumbnail","hentry","category-academico","category-artes","category-cine","category-docentes","tag-produccion"],"acf":[],"yoast_head":"<!-- This site is optimized with the Yoast SEO plugin v27.4 - https:\/\/yoast.com\/product\/yoast-seo-wordpress\/ -->\n<title>Universidad de las Artes - Dos premios internacionales para \u201cOvnis en el tr\u00f3pico\u201d, proyecto de ficci\u00f3n del que Mar\u00eda Isabel Carrasco es productora<\/title>\n<meta name=\"description\" content=\"Universidad de las Artes - Dos premios internacionales para \u201cOvnis en el tr\u00f3pico\u201d, proyecto de ficci\u00f3n del que Mar\u00eda Isabel Carrasco es productora\" \/>\n<meta name=\"robots\" content=\"index, follow, max-snippet:-1, max-image-preview:large, max-video-preview:-1\" \/>\n<link rel=\"canonical\" href=\"https:\/\/www.uartes.edu.ec\/sitio\/fr\/blog\/2024\/09\/06\/dos-premios-internacionales-para-ovnis-en-el-tropico-proyecto-de-ficcion-del-que-maria-isabel-carrasco-es-productora\/\" \/>\n<meta property=\"og:locale\" content=\"fr_FR\" \/>\n<meta property=\"og:type\" content=\"article\" \/>\n<meta property=\"og:title\" content=\"Universidad de las Artes - Dos premios internacionales para \u201cOvnis en el tr\u00f3pico\u201d, proyecto de ficci\u00f3n del que Mar\u00eda Isabel Carrasco es productora\" \/>\n<meta property=\"og:description\" content=\"Universidad de las Artes - Dos premios internacionales para \u201cOvnis en el tr\u00f3pico\u201d, proyecto de ficci\u00f3n del que Mar\u00eda Isabel Carrasco es productora\" \/>\n<meta property=\"og:url\" content=\"https:\/\/www.uartes.edu.ec\/sitio\/fr\/blog\/2024\/09\/06\/dos-premios-internacionales-para-ovnis-en-el-tropico-proyecto-de-ficcion-del-que-maria-isabel-carrasco-es-productora\/\" \/>\n<meta property=\"og:site_name\" content=\"Universidad de las Artes\" \/>\n<meta property=\"article:publisher\" content=\"https:\/\/www.facebook.com\/uartesec\" \/>\n<meta property=\"article:published_time\" content=\"2024-09-06T22:10:00+00:00\" \/>\n<meta property=\"article:modified_time\" content=\"2024-09-13T12:46:40+00:00\" \/>\n<meta property=\"og:image\" content=\"https:\/\/www.uartes.edu.ec\/sitio\/wp-content\/uploads\/2024\/09\/02-UFOS-IN-THE-TROPIC.jpg\" \/>\n\t<meta property=\"og:image:width\" content=\"2000\" \/>\n\t<meta property=\"og:image:height\" content=\"1333\" \/>\n\t<meta property=\"og:image:type\" content=\"image\/jpeg\" \/>\n<meta name=\"author\" content=\"ccortez\" \/>\n<meta name=\"twitter:card\" content=\"summary_large_image\" \/>\n<meta name=\"twitter:creator\" content=\"@uartesec\" \/>\n<meta name=\"twitter:site\" content=\"@uartesec\" \/>\n<meta name=\"twitter:label1\" content=\"\u00c9crit par\" \/>\n\t<meta name=\"twitter:data1\" content=\"ccortez\" \/>\n\t<meta name=\"twitter:label2\" content=\"Dur\u00e9e de lecture estim\u00e9e\" \/>\n\t<meta name=\"twitter:data2\" content=\"3 minutes\" \/>\n<script type=\"application\/ld+json\" class=\"yoast-schema-graph\">{\"@context\":\"https:\\\/\\\/schema.org\",\"@graph\":[{\"@type\":\"Article\",\"@id\":\"https:\\\/\\\/www.uartes.edu.ec\\\/sitio\\\/fr\\\/blog\\\/2024\\\/09\\\/06\\\/dos-premios-internacionales-para-ovnis-en-el-tropico-proyecto-de-ficcion-del-que-maria-isabel-carrasco-es-productora\\\/#article\",\"isPartOf\":{\"@id\":\"https:\\\/\\\/www.uartes.edu.ec\\\/sitio\\\/fr\\\/blog\\\/2024\\\/09\\\/06\\\/dos-premios-internacionales-para-ovnis-en-el-tropico-proyecto-de-ficcion-del-que-maria-isabel-carrasco-es-productora\\\/\"},\"author\":{\"name\":\"ccortez\",\"@id\":\"https:\\\/\\\/www.uartes.edu.ec\\\/sitio\\\/fr\\\/#\\\/schema\\\/person\\\/efa1b8275797664fd7f13a79ccc0b1f4\"},\"headline\":\"Dos premios internacionales para \u201cOvnis en el tr\u00f3pico\u201d, proyecto de ficci\u00f3n del que Mar\u00eda Isabel Carrasco es productora\",\"datePublished\":\"2024-09-06T22:10:00+00:00\",\"dateModified\":\"2024-09-13T12:46:40+00:00\",\"mainEntityOfPage\":{\"@id\":\"https:\\\/\\\/www.uartes.edu.ec\\\/sitio\\\/fr\\\/blog\\\/2024\\\/09\\\/06\\\/dos-premios-internacionales-para-ovnis-en-el-tropico-proyecto-de-ficcion-del-que-maria-isabel-carrasco-es-productora\\\/\"},\"wordCount\":489,\"commentCount\":0,\"publisher\":{\"@id\":\"https:\\\/\\\/www.uartes.edu.ec\\\/sitio\\\/fr\\\/#organization\"},\"image\":{\"@id\":\"https:\\\/\\\/www.uartes.edu.ec\\\/sitio\\\/fr\\\/blog\\\/2024\\\/09\\\/06\\\/dos-premios-internacionales-para-ovnis-en-el-tropico-proyecto-de-ficcion-del-que-maria-isabel-carrasco-es-productora\\\/#primaryimage\"},\"thumbnailUrl\":\"https:\\\/\\\/www.uartes.edu.ec\\\/sitio\\\/wp-content\\\/uploads\\\/2024\\\/09\\\/02-UFOS-IN-THE-TROPIC.jpg\",\"keywords\":[\"producci\u00f3n\"],\"articleSection\":[\"Acad\u00e9mico\",\"Artes\",\"Cine\",\"Docentes\"],\"inLanguage\":\"fr-FR\",\"potentialAction\":[{\"@type\":\"CommentAction\",\"name\":\"Comment\",\"target\":[\"https:\\\/\\\/www.uartes.edu.ec\\\/sitio\\\/fr\\\/blog\\\/2024\\\/09\\\/06\\\/dos-premios-internacionales-para-ovnis-en-el-tropico-proyecto-de-ficcion-del-que-maria-isabel-carrasco-es-productora\\\/#respond\"]}]},{\"@type\":[\"WebPage\",\"ItemPage\"],\"@id\":\"https:\\\/\\\/www.uartes.edu.ec\\\/sitio\\\/fr\\\/blog\\\/2024\\\/09\\\/06\\\/dos-premios-internacionales-para-ovnis-en-el-tropico-proyecto-de-ficcion-del-que-maria-isabel-carrasco-es-productora\\\/\",\"url\":\"https:\\\/\\\/www.uartes.edu.ec\\\/sitio\\\/fr\\\/blog\\\/2024\\\/09\\\/06\\\/dos-premios-internacionales-para-ovnis-en-el-tropico-proyecto-de-ficcion-del-que-maria-isabel-carrasco-es-productora\\\/\",\"name\":\"Universidad de las Artes - Dos premios internacionales para \u201cOvnis en el tr\u00f3pico\u201d, proyecto de ficci\u00f3n del que Mar\u00eda Isabel Carrasco es productora\",\"isPartOf\":{\"@id\":\"https:\\\/\\\/www.uartes.edu.ec\\\/sitio\\\/fr\\\/#website\"},\"primaryImageOfPage\":{\"@id\":\"https:\\\/\\\/www.uartes.edu.ec\\\/sitio\\\/fr\\\/blog\\\/2024\\\/09\\\/06\\\/dos-premios-internacionales-para-ovnis-en-el-tropico-proyecto-de-ficcion-del-que-maria-isabel-carrasco-es-productora\\\/#primaryimage\"},\"image\":{\"@id\":\"https:\\\/\\\/www.uartes.edu.ec\\\/sitio\\\/fr\\\/blog\\\/2024\\\/09\\\/06\\\/dos-premios-internacionales-para-ovnis-en-el-tropico-proyecto-de-ficcion-del-que-maria-isabel-carrasco-es-productora\\\/#primaryimage\"},\"thumbnailUrl\":\"https:\\\/\\\/www.uartes.edu.ec\\\/sitio\\\/wp-content\\\/uploads\\\/2024\\\/09\\\/02-UFOS-IN-THE-TROPIC.jpg\",\"datePublished\":\"2024-09-06T22:10:00+00:00\",\"dateModified\":\"2024-09-13T12:46:40+00:00\",\"description\":\"Universidad de las Artes - Dos premios internacionales para \u201cOvnis en el tr\u00f3pico\u201d, proyecto de ficci\u00f3n del que Mar\u00eda Isabel Carrasco es productora\",\"breadcrumb\":{\"@id\":\"https:\\\/\\\/www.uartes.edu.ec\\\/sitio\\\/fr\\\/blog\\\/2024\\\/09\\\/06\\\/dos-premios-internacionales-para-ovnis-en-el-tropico-proyecto-de-ficcion-del-que-maria-isabel-carrasco-es-productora\\\/#breadcrumb\"},\"inLanguage\":\"fr-FR\",\"potentialAction\":[{\"@type\":\"ReadAction\",\"target\":[\"https:\\\/\\\/www.uartes.edu.ec\\\/sitio\\\/fr\\\/blog\\\/2024\\\/09\\\/06\\\/dos-premios-internacionales-para-ovnis-en-el-tropico-proyecto-de-ficcion-del-que-maria-isabel-carrasco-es-productora\\\/\"]}]},{\"@type\":\"ImageObject\",\"inLanguage\":\"fr-FR\",\"@id\":\"https:\\\/\\\/www.uartes.edu.ec\\\/sitio\\\/fr\\\/blog\\\/2024\\\/09\\\/06\\\/dos-premios-internacionales-para-ovnis-en-el-tropico-proyecto-de-ficcion-del-que-maria-isabel-carrasco-es-productora\\\/#primaryimage\",\"url\":\"https:\\\/\\\/www.uartes.edu.ec\\\/sitio\\\/wp-content\\\/uploads\\\/2024\\\/09\\\/02-UFOS-IN-THE-TROPIC.jpg\",\"contentUrl\":\"https:\\\/\\\/www.uartes.edu.ec\\\/sitio\\\/wp-content\\\/uploads\\\/2024\\\/09\\\/02-UFOS-IN-THE-TROPIC.jpg\",\"width\":2000,\"height\":1333},{\"@type\":\"BreadcrumbList\",\"@id\":\"https:\\\/\\\/www.uartes.edu.ec\\\/sitio\\\/fr\\\/blog\\\/2024\\\/09\\\/06\\\/dos-premios-internacionales-para-ovnis-en-el-tropico-proyecto-de-ficcion-del-que-maria-isabel-carrasco-es-productora\\\/#breadcrumb\",\"itemListElement\":[{\"@type\":\"ListItem\",\"position\":1,\"name\":\"Inicio\",\"item\":\"https:\\\/\\\/www.uartes.edu.ec\\\/sitio\\\/\"},{\"@type\":\"ListItem\",\"position\":2,\"name\":\"Dos premios internacionales para \u201cOvnis en el tr\u00f3pico\u201d, proyecto de ficci\u00f3n del que Mar\u00eda Isabel Carrasco es productora\"}]},{\"@type\":\"WebSite\",\"@id\":\"https:\\\/\\\/www.uartes.edu.ec\\\/sitio\\\/fr\\\/#website\",\"url\":\"https:\\\/\\\/www.uartes.edu.ec\\\/sitio\\\/fr\\\/\",\"name\":\"Universidad de las Artes\",\"description\":\"Sitio oficial de la Universidad Nacional de las Artes del Ecuador\",\"publisher\":{\"@id\":\"https:\\\/\\\/www.uartes.edu.ec\\\/sitio\\\/fr\\\/#organization\"},\"potentialAction\":[{\"@type\":\"SearchAction\",\"target\":{\"@type\":\"EntryPoint\",\"urlTemplate\":\"https:\\\/\\\/www.uartes.edu.ec\\\/sitio\\\/fr\\\/?s={search_term_string}\"},\"query-input\":{\"@type\":\"PropertyValueSpecification\",\"valueRequired\":true,\"valueName\":\"search_term_string\"}}],\"inLanguage\":\"fr-FR\"},{\"@type\":\"Organization\",\"@id\":\"https:\\\/\\\/www.uartes.edu.ec\\\/sitio\\\/fr\\\/#organization\",\"name\":\"Universidad de las Artes\",\"url\":\"https:\\\/\\\/www.uartes.edu.ec\\\/sitio\\\/fr\\\/\",\"logo\":{\"@type\":\"ImageObject\",\"inLanguage\":\"fr-FR\",\"@id\":\"https:\\\/\\\/www.uartes.edu.ec\\\/sitio\\\/fr\\\/#\\\/schema\\\/logo\\\/image\\\/\",\"url\":\"https:\\\/\\\/www.uartes.edu.ec\\\/sitio\\\/wp-content\\\/uploads\\\/2022\\\/07\\\/logo-ua-horizontal.png\",\"contentUrl\":\"https:\\\/\\\/www.uartes.edu.ec\\\/sitio\\\/wp-content\\\/uploads\\\/2022\\\/07\\\/logo-ua-horizontal.png\",\"width\":800,\"height\":276,\"caption\":\"Universidad de las Artes\"},\"image\":{\"@id\":\"https:\\\/\\\/www.uartes.edu.ec\\\/sitio\\\/fr\\\/#\\\/schema\\\/logo\\\/image\\\/\"},\"sameAs\":[\"https:\\\/\\\/www.facebook.com\\\/uartesec\",\"https:\\\/\\\/x.com\\\/uartesec\",\"https:\\\/\\\/www.tiktok.com\\\/@uartesec\"]},{\"@type\":\"Person\",\"@id\":\"https:\\\/\\\/www.uartes.edu.ec\\\/sitio\\\/fr\\\/#\\\/schema\\\/person\\\/efa1b8275797664fd7f13a79ccc0b1f4\",\"name\":\"ccortez\",\"image\":{\"@type\":\"ImageObject\",\"inLanguage\":\"fr-FR\",\"@id\":\"https:\\\/\\\/secure.gravatar.com\\\/avatar\\\/b2a6f664a3ae8e074346ef91775736c5ec479e637ecced6842de9dc98b5da9cd?s=96&d=mm&r=g\",\"url\":\"https:\\\/\\\/secure.gravatar.com\\\/avatar\\\/b2a6f664a3ae8e074346ef91775736c5ec479e637ecced6842de9dc98b5da9cd?s=96&d=mm&r=g\",\"contentUrl\":\"https:\\\/\\\/secure.gravatar.com\\\/avatar\\\/b2a6f664a3ae8e074346ef91775736c5ec479e637ecced6842de9dc98b5da9cd?s=96&d=mm&r=g\",\"caption\":\"ccortez\"},\"url\":\"https:\\\/\\\/www.uartes.edu.ec\\\/sitio\\\/fr\\\/blog\\\/author\\\/ccortez\\\/\"}]}<\/script>\n<!-- \/ Yoast SEO plugin. -->","yoast_head_json":{"title":"Universidad de las Artes - Dos premios internacionales para \u201cOvnis en el tr\u00f3pico\u201d, proyecto de ficci\u00f3n del que Mar\u00eda Isabel Carrasco es productora","description":"Universidad de las Artes - Dos premios internacionales para \u201cOvnis en el tr\u00f3pico\u201d, proyecto de ficci\u00f3n del que Mar\u00eda Isabel Carrasco es productora","robots":{"index":"index","follow":"follow","max-snippet":"max-snippet:-1","max-image-preview":"max-image-preview:large","max-video-preview":"max-video-preview:-1"},"canonical":"https:\/\/www.uartes.edu.ec\/sitio\/fr\/blog\/2024\/09\/06\/dos-premios-internacionales-para-ovnis-en-el-tropico-proyecto-de-ficcion-del-que-maria-isabel-carrasco-es-productora\/","og_locale":"fr_FR","og_type":"article","og_title":"Universidad de las Artes - Dos premios internacionales para \u201cOvnis en el tr\u00f3pico\u201d, proyecto de ficci\u00f3n del que Mar\u00eda Isabel Carrasco es productora","og_description":"Universidad de las Artes - Dos premios internacionales para \u201cOvnis en el tr\u00f3pico\u201d, proyecto de ficci\u00f3n del que Mar\u00eda Isabel Carrasco es productora","og_url":"https:\/\/www.uartes.edu.ec\/sitio\/fr\/blog\/2024\/09\/06\/dos-premios-internacionales-para-ovnis-en-el-tropico-proyecto-de-ficcion-del-que-maria-isabel-carrasco-es-productora\/","og_site_name":"Universidad de las Artes","article_publisher":"https:\/\/www.facebook.com\/uartesec","article_published_time":"2024-09-06T22:10:00+00:00","article_modified_time":"2024-09-13T12:46:40+00:00","og_image":[{"width":2000,"height":1333,"url":"https:\/\/www.uartes.edu.ec\/sitio\/wp-content\/uploads\/2024\/09\/02-UFOS-IN-THE-TROPIC.jpg","type":"image\/jpeg"}],"author":"ccortez","twitter_card":"summary_large_image","twitter_creator":"@uartesec","twitter_site":"@uartesec","twitter_misc":{"\u00c9crit par":"ccortez","Dur\u00e9e de lecture estim\u00e9e":"3 minutes"},"schema":{"@context":"https:\/\/schema.org","@graph":[{"@type":"Article","@id":"https:\/\/www.uartes.edu.ec\/sitio\/fr\/blog\/2024\/09\/06\/dos-premios-internacionales-para-ovnis-en-el-tropico-proyecto-de-ficcion-del-que-maria-isabel-carrasco-es-productora\/#article","isPartOf":{"@id":"https:\/\/www.uartes.edu.ec\/sitio\/fr\/blog\/2024\/09\/06\/dos-premios-internacionales-para-ovnis-en-el-tropico-proyecto-de-ficcion-del-que-maria-isabel-carrasco-es-productora\/"},"author":{"name":"ccortez","@id":"https:\/\/www.uartes.edu.ec\/sitio\/fr\/#\/schema\/person\/efa1b8275797664fd7f13a79ccc0b1f4"},"headline":"Dos premios internacionales para \u201cOvnis en el tr\u00f3pico\u201d, proyecto de ficci\u00f3n del que Mar\u00eda Isabel Carrasco es productora","datePublished":"2024-09-06T22:10:00+00:00","dateModified":"2024-09-13T12:46:40+00:00","mainEntityOfPage":{"@id":"https:\/\/www.uartes.edu.ec\/sitio\/fr\/blog\/2024\/09\/06\/dos-premios-internacionales-para-ovnis-en-el-tropico-proyecto-de-ficcion-del-que-maria-isabel-carrasco-es-productora\/"},"wordCount":489,"commentCount":0,"publisher":{"@id":"https:\/\/www.uartes.edu.ec\/sitio\/fr\/#organization"},"image":{"@id":"https:\/\/www.uartes.edu.ec\/sitio\/fr\/blog\/2024\/09\/06\/dos-premios-internacionales-para-ovnis-en-el-tropico-proyecto-de-ficcion-del-que-maria-isabel-carrasco-es-productora\/#primaryimage"},"thumbnailUrl":"https:\/\/www.uartes.edu.ec\/sitio\/wp-content\/uploads\/2024\/09\/02-UFOS-IN-THE-TROPIC.jpg","keywords":["producci\u00f3n"],"articleSection":["Acad\u00e9mico","Artes","Cine","Docentes"],"inLanguage":"fr-FR","potentialAction":[{"@type":"CommentAction","name":"Comment","target":["https:\/\/www.uartes.edu.ec\/sitio\/fr\/blog\/2024\/09\/06\/dos-premios-internacionales-para-ovnis-en-el-tropico-proyecto-de-ficcion-del-que-maria-isabel-carrasco-es-productora\/#respond"]}]},{"@type":["WebPage","ItemPage"],"@id":"https:\/\/www.uartes.edu.ec\/sitio\/fr\/blog\/2024\/09\/06\/dos-premios-internacionales-para-ovnis-en-el-tropico-proyecto-de-ficcion-del-que-maria-isabel-carrasco-es-productora\/","url":"https:\/\/www.uartes.edu.ec\/sitio\/fr\/blog\/2024\/09\/06\/dos-premios-internacionales-para-ovnis-en-el-tropico-proyecto-de-ficcion-del-que-maria-isabel-carrasco-es-productora\/","name":"Universidad de las Artes - Dos premios internacionales para \u201cOvnis en el tr\u00f3pico\u201d, proyecto de ficci\u00f3n del que Mar\u00eda Isabel Carrasco es productora","isPartOf":{"@id":"https:\/\/www.uartes.edu.ec\/sitio\/fr\/#website"},"primaryImageOfPage":{"@id":"https:\/\/www.uartes.edu.ec\/sitio\/fr\/blog\/2024\/09\/06\/dos-premios-internacionales-para-ovnis-en-el-tropico-proyecto-de-ficcion-del-que-maria-isabel-carrasco-es-productora\/#primaryimage"},"image":{"@id":"https:\/\/www.uartes.edu.ec\/sitio\/fr\/blog\/2024\/09\/06\/dos-premios-internacionales-para-ovnis-en-el-tropico-proyecto-de-ficcion-del-que-maria-isabel-carrasco-es-productora\/#primaryimage"},"thumbnailUrl":"https:\/\/www.uartes.edu.ec\/sitio\/wp-content\/uploads\/2024\/09\/02-UFOS-IN-THE-TROPIC.jpg","datePublished":"2024-09-06T22:10:00+00:00","dateModified":"2024-09-13T12:46:40+00:00","description":"Universidad de las Artes - Dos premios internacionales para \u201cOvnis en el tr\u00f3pico\u201d, proyecto de ficci\u00f3n del que Mar\u00eda Isabel Carrasco es productora","breadcrumb":{"@id":"https:\/\/www.uartes.edu.ec\/sitio\/fr\/blog\/2024\/09\/06\/dos-premios-internacionales-para-ovnis-en-el-tropico-proyecto-de-ficcion-del-que-maria-isabel-carrasco-es-productora\/#breadcrumb"},"inLanguage":"fr-FR","potentialAction":[{"@type":"ReadAction","target":["https:\/\/www.uartes.edu.ec\/sitio\/fr\/blog\/2024\/09\/06\/dos-premios-internacionales-para-ovnis-en-el-tropico-proyecto-de-ficcion-del-que-maria-isabel-carrasco-es-productora\/"]}]},{"@type":"ImageObject","inLanguage":"fr-FR","@id":"https:\/\/www.uartes.edu.ec\/sitio\/fr\/blog\/2024\/09\/06\/dos-premios-internacionales-para-ovnis-en-el-tropico-proyecto-de-ficcion-del-que-maria-isabel-carrasco-es-productora\/#primaryimage","url":"https:\/\/www.uartes.edu.ec\/sitio\/wp-content\/uploads\/2024\/09\/02-UFOS-IN-THE-TROPIC.jpg","contentUrl":"https:\/\/www.uartes.edu.ec\/sitio\/wp-content\/uploads\/2024\/09\/02-UFOS-IN-THE-TROPIC.jpg","width":2000,"height":1333},{"@type":"BreadcrumbList","@id":"https:\/\/www.uartes.edu.ec\/sitio\/fr\/blog\/2024\/09\/06\/dos-premios-internacionales-para-ovnis-en-el-tropico-proyecto-de-ficcion-del-que-maria-isabel-carrasco-es-productora\/#breadcrumb","itemListElement":[{"@type":"ListItem","position":1,"name":"Inicio","item":"https:\/\/www.uartes.edu.ec\/sitio\/"},{"@type":"ListItem","position":2,"name":"Dos premios internacionales para \u201cOvnis en el tr\u00f3pico\u201d, proyecto de ficci\u00f3n del que Mar\u00eda Isabel Carrasco es productora"}]},{"@type":"WebSite","@id":"https:\/\/www.uartes.edu.ec\/sitio\/fr\/#website","url":"https:\/\/www.uartes.edu.ec\/sitio\/fr\/","name":"Universidad de las Artes","description":"Sitio oficial de la Universidad Nacional de las Artes del Ecuador","publisher":{"@id":"https:\/\/www.uartes.edu.ec\/sitio\/fr\/#organization"},"potentialAction":[{"@type":"SearchAction","target":{"@type":"EntryPoint","urlTemplate":"https:\/\/www.uartes.edu.ec\/sitio\/fr\/?s={search_term_string}"},"query-input":{"@type":"PropertyValueSpecification","valueRequired":true,"valueName":"search_term_string"}}],"inLanguage":"fr-FR"},{"@type":"Organization","@id":"https:\/\/www.uartes.edu.ec\/sitio\/fr\/#organization","name":"Universidad de las Artes","url":"https:\/\/www.uartes.edu.ec\/sitio\/fr\/","logo":{"@type":"ImageObject","inLanguage":"fr-FR","@id":"https:\/\/www.uartes.edu.ec\/sitio\/fr\/#\/schema\/logo\/image\/","url":"https:\/\/www.uartes.edu.ec\/sitio\/wp-content\/uploads\/2022\/07\/logo-ua-horizontal.png","contentUrl":"https:\/\/www.uartes.edu.ec\/sitio\/wp-content\/uploads\/2022\/07\/logo-ua-horizontal.png","width":800,"height":276,"caption":"Universidad de las Artes"},"image":{"@id":"https:\/\/www.uartes.edu.ec\/sitio\/fr\/#\/schema\/logo\/image\/"},"sameAs":["https:\/\/www.facebook.com\/uartesec","https:\/\/x.com\/uartesec","https:\/\/www.tiktok.com\/@uartesec"]},{"@type":"Person","@id":"https:\/\/www.uartes.edu.ec\/sitio\/fr\/#\/schema\/person\/efa1b8275797664fd7f13a79ccc0b1f4","name":"ccortez","image":{"@type":"ImageObject","inLanguage":"fr-FR","@id":"https:\/\/secure.gravatar.com\/avatar\/b2a6f664a3ae8e074346ef91775736c5ec479e637ecced6842de9dc98b5da9cd?s=96&d=mm&r=g","url":"https:\/\/secure.gravatar.com\/avatar\/b2a6f664a3ae8e074346ef91775736c5ec479e637ecced6842de9dc98b5da9cd?s=96&d=mm&r=g","contentUrl":"https:\/\/secure.gravatar.com\/avatar\/b2a6f664a3ae8e074346ef91775736c5ec479e637ecced6842de9dc98b5da9cd?s=96&d=mm&r=g","caption":"ccortez"},"url":"https:\/\/www.uartes.edu.ec\/sitio\/fr\/blog\/author\/ccortez\/"}]}},"uagb_featured_image_src":{"full":["https:\/\/www.uartes.edu.ec\/sitio\/wp-content\/uploads\/2024\/09\/02-UFOS-IN-THE-TROPIC.jpg",2000,1333,false],"thumbnail":["https:\/\/www.uartes.edu.ec\/sitio\/wp-content\/uploads\/2024\/09\/02-UFOS-IN-THE-TROPIC-150x150.jpg",150,150,true],"medium":["https:\/\/www.uartes.edu.ec\/sitio\/wp-content\/uploads\/2024\/09\/02-UFOS-IN-THE-TROPIC-300x200.jpg",300,200,true],"medium_large":["https:\/\/www.uartes.edu.ec\/sitio\/wp-content\/uploads\/2024\/09\/02-UFOS-IN-THE-TROPIC-768x512.jpg",768,512,true],"large":["https:\/\/www.uartes.edu.ec\/sitio\/wp-content\/uploads\/2024\/09\/02-UFOS-IN-THE-TROPIC-644x429.jpg",644,429,true],"1536x1536":["https:\/\/www.uartes.edu.ec\/sitio\/wp-content\/uploads\/2024\/09\/02-UFOS-IN-THE-TROPIC-1536x1024.jpg",1536,1024,true],"2048x2048":["https:\/\/www.uartes.edu.ec\/sitio\/wp-content\/uploads\/2024\/09\/02-UFOS-IN-THE-TROPIC.jpg",2000,1333,false],"trp-custom-language-flag":["https:\/\/www.uartes.edu.ec\/sitio\/wp-content\/uploads\/2024\/09\/02-UFOS-IN-THE-TROPIC-18x12.jpg",18,12,true],"htmega_size_585x295":["https:\/\/www.uartes.edu.ec\/sitio\/wp-content\/uploads\/2024\/09\/02-UFOS-IN-THE-TROPIC-585x295.jpg",585,295,true],"htmega_size_1170x536":["https:\/\/www.uartes.edu.ec\/sitio\/wp-content\/uploads\/2024\/09\/02-UFOS-IN-THE-TROPIC-1170x536.jpg",1170,536,true],"htmega_size_396x360":["https:\/\/www.uartes.edu.ec\/sitio\/wp-content\/uploads\/2024\/09\/02-UFOS-IN-THE-TROPIC-396x360.jpg",396,360,true],"gb-block-post-grid-landscape":["https:\/\/www.uartes.edu.ec\/sitio\/wp-content\/uploads\/2024\/09\/02-UFOS-IN-THE-TROPIC-600x400.jpg",600,400,true],"gb-block-post-grid-square":["https:\/\/www.uartes.edu.ec\/sitio\/wp-content\/uploads\/2024\/09\/02-UFOS-IN-THE-TROPIC-600x600.jpg",600,600,true],"university-hub-thumb":["https:\/\/www.uartes.edu.ec\/sitio\/wp-content\/uploads\/2024\/09\/02-UFOS-IN-THE-TROPIC-400x267.jpg",400,267,true],"mailpoet_newsletter_max":["https:\/\/www.uartes.edu.ec\/sitio\/wp-content\/uploads\/2024\/09\/02-UFOS-IN-THE-TROPIC.jpg",1320,880,false]},"uagb_author_info":{"display_name":"ccortez","author_link":"https:\/\/www.uartes.edu.ec\/sitio\/fr\/blog\/author\/ccortez\/"},"uagb_comment_info":0,"uagb_excerpt":"El proyecto de ficci\u00f3n \u201cOvnis en el tr\u00f3pico\u201d de Rob Mendoza, del cual la cineasta Mar\u00eda Isabel Carrasco es productora, gan\u00f3 dos de los premios del programa Open Doors del Festival Internacional de Cine de Locarno. La docente UArtes se\u00f1ala que aplicaron y fueron seleccionados para participar dentro de una secci\u00f3n dedicada a directores y\u2026","featured_image_src":"https:\/\/www.uartes.edu.ec\/sitio\/wp-content\/uploads\/2024\/09\/02-UFOS-IN-THE-TROPIC-600x400.jpg","featured_image_src_square":"https:\/\/www.uartes.edu.ec\/sitio\/wp-content\/uploads\/2024\/09\/02-UFOS-IN-THE-TROPIC-600x600.jpg","author_info":{"display_name":"ccortez","author_link":"https:\/\/www.uartes.edu.ec\/sitio\/fr\/blog\/author\/ccortez\/"},"publishpress_future_workflow_manual_trigger":{"enabledWorkflows":[]},"distributor_meta":false,"distributor_terms":false,"distributor_media":false,"distributor_original_site_name":"Universidad de las Artes","distributor_original_site_url":"https:\/\/www.uartes.edu.ec\/sitio\/fr","push-errors":false,"_links":{"self":[{"href":"https:\/\/www.uartes.edu.ec\/sitio\/fr\/wp-json\/wp\/v2\/posts\/61599","targetHints":{"allow":["GET"]}}],"collection":[{"href":"https:\/\/www.uartes.edu.ec\/sitio\/fr\/wp-json\/wp\/v2\/posts"}],"about":[{"href":"https:\/\/www.uartes.edu.ec\/sitio\/fr\/wp-json\/wp\/v2\/types\/post"}],"author":[{"embeddable":true,"href":"https:\/\/www.uartes.edu.ec\/sitio\/fr\/wp-json\/wp\/v2\/users\/10"}],"replies":[{"embeddable":true,"href":"https:\/\/www.uartes.edu.ec\/sitio\/fr\/wp-json\/wp\/v2\/comments?post=61599"}],"version-history":[{"count":7,"href":"https:\/\/www.uartes.edu.ec\/sitio\/fr\/wp-json\/wp\/v2\/posts\/61599\/revisions"}],"predecessor-version":[{"id":61610,"href":"https:\/\/www.uartes.edu.ec\/sitio\/fr\/wp-json\/wp\/v2\/posts\/61599\/revisions\/61610"}],"wp:featuredmedia":[{"embeddable":true,"href":"https:\/\/www.uartes.edu.ec\/sitio\/fr\/wp-json\/wp\/v2\/media\/61600"}],"wp:attachment":[{"href":"https:\/\/www.uartes.edu.ec\/sitio\/fr\/wp-json\/wp\/v2\/media?parent=61599"}],"wp:term":[{"taxonomy":"category","embeddable":true,"href":"https:\/\/www.uartes.edu.ec\/sitio\/fr\/wp-json\/wp\/v2\/categories?post=61599"},{"taxonomy":"post_tag","embeddable":true,"href":"https:\/\/www.uartes.edu.ec\/sitio\/fr\/wp-json\/wp\/v2\/tags?post=61599"},{"taxonomy":"infouartes","embeddable":true,"href":"https:\/\/www.uartes.edu.ec\/sitio\/fr\/wp-json\/wp\/v2\/infouartes?post=61599"}],"curies":[{"name":"wp","href":"https:\/\/api.w.org\/{rel}","templated":true}]}}