{"id":61674,"date":"2024-09-13T12:35:28","date_gmt":"2024-09-13T17:35:28","guid":{"rendered":"https:\/\/www.uartes.edu.ec\/sitio\/?p=61674"},"modified":"2024-09-13T12:39:42","modified_gmt":"2024-09-13T17:39:42","slug":"daniela-mascaro-gano-la-beca-darmasiswa-y-un-ano-curso-estudios-en-indonesia-ya-regreso-y-comparte-la-experiencia","status":"publish","type":"post","link":"https:\/\/www.uartes.edu.ec\/sitio\/fr\/blog\/2024\/09\/13\/daniela-mascaro-gano-la-beca-darmasiswa-y-un-ano-curso-estudios-en-indonesia-ya-regreso-y-comparte-la-experiencia\/","title":{"rendered":"Daniela Mascar\u00f3 gan\u00f3 la beca Darmasiswa y durante un a\u00f1o estudi\u00f3 en Indonesia; ya regres\u00f3 a la UArtes y comparte experiencia"},"content":{"rendered":"<p>Gan\u00f3 el Programa de Becas Darmasiswa ofertado por el gobierno de Indonesia, en la edici\u00f3n 2023-2024. Daniela Mascar\u00f3 de la Vera, alumna de la Escuela de Artes Sonoras, viaj\u00f3 en agosto del a\u00f1o pasado al pa\u00eds asi\u00e1tico para cursar estudios de \u201cArt\/Culture (Traditional Dance, Karawitan, Handicraft, Pure Fine, Ethnomusicology)\u201d en el Instituto de Arte de Yogyakarta, ciudad en la que se estableci\u00f3. Ella regres\u00f3 e reincorpor\u00f3 ya a la Universidad de las Artes para continuar con su preparaci\u00f3n acad\u00e9mica.<\/p>\n\n\n\n<p>El retorno de Mascar\u00f3 coincide con la presentaci\u00f3n del Ensamble de Gamel\u00e1n UArtes en el Festival Ecuador Jazz 2024 que se realiza en Quito y a la que nuestra agrupaci\u00f3n ha sido invitada a participar gracias al valioso apoyo de la Embajada de Indonesia en Ecuador, que ha sido socio estrat\u00e9gico de la UArtes desde 2022 y cuya vinculaci\u00f3n se ha realizado desde la Direcci\u00f3n de Relaciones Internacionales y la Escuela de Artes Sonoras (EAS).<\/p>\n\n\n\n<p>La presentaci\u00f3n del Ensamble de Gamel\u00e1n UArtes ser\u00e1 este s\u00e1bado 14 de septiembre en el Teatro Nacional Sucre y Daniela Mascar\u00f3 ya se sum\u00f3 a la agrupaci\u00f3n, integrada por docentes y estudiantes. Vale recordar que el tradicional instrumento indonesio se encuentra en la Sala de Etnomusicolog\u00eda, ubicada en el MZ14 Centro de Producci\u00f3n e Innovaci\u00f3n, por el convenio que nuestra instituci\u00f3n suscribi\u00f3 con la Embajada de Indonesia en Ecuador y su ense\u00f1anza es una de las asignaturas de la Escuela de Artes Sonoras.<\/p>\n\n\n<div class=\"wp-block-image\">\n<figure class=\"aligncenter size-large\"><img fetchpriority=\"high\" decoding=\"async\" width=\"644\" height=\"429\" src=\"https:\/\/www.uartes.edu.ec\/sitio\/wp-content\/uploads\/2024\/09\/02-GAMELAN-DANIELA-MASCARO-644x429.jpg\" alt=\"\" class=\"wp-image-61676\" srcset=\"https:\/\/www.uartes.edu.ec\/sitio\/wp-content\/uploads\/2024\/09\/02-GAMELAN-DANIELA-MASCARO-644x429.jpg 644w, https:\/\/www.uartes.edu.ec\/sitio\/wp-content\/uploads\/2024\/09\/02-GAMELAN-DANIELA-MASCARO-300x200.jpg 300w, https:\/\/www.uartes.edu.ec\/sitio\/wp-content\/uploads\/2024\/09\/02-GAMELAN-DANIELA-MASCARO-768x512.jpg 768w, https:\/\/www.uartes.edu.ec\/sitio\/wp-content\/uploads\/2024\/09\/02-GAMELAN-DANIELA-MASCARO-1536x1024.jpg 1536w, https:\/\/www.uartes.edu.ec\/sitio\/wp-content\/uploads\/2024\/09\/02-GAMELAN-DANIELA-MASCARO-18x12.jpg 18w, https:\/\/www.uartes.edu.ec\/sitio\/wp-content\/uploads\/2024\/09\/02-GAMELAN-DANIELA-MASCARO-600x400.jpg 600w, https:\/\/www.uartes.edu.ec\/sitio\/wp-content\/uploads\/2024\/09\/02-GAMELAN-DANIELA-MASCARO-400x267.jpg 400w, https:\/\/www.uartes.edu.ec\/sitio\/wp-content\/uploads\/2024\/09\/02-GAMELAN-DANIELA-MASCARO-272x182.jpg 272w, https:\/\/www.uartes.edu.ec\/sitio\/wp-content\/uploads\/2024\/09\/02-GAMELAN-DANIELA-MASCARO.jpg 2000w\" sizes=\"(max-width: 644px) 100vw, 644px\" \/><\/figure>\n<\/div>\n\n\n<h3 class=\"wp-block-heading\">El intercambio acad\u00e9mico siempre fue su meta<\/h3>\n\n\n\n<p>Antes de compartir su experiencia como becaria en Indonesia y todo lo que aprendi\u00f3 con respecto al gamel\u00e1n, Mascar\u00f3 comenta que siempre tuvo como meta de vida participar en un intercambio acad\u00e9mico y al firmar la universidad un convenio con la Embajada de Indonesia y abrirse las becas Darmasiswa, lo cual la Direcci\u00f3n de Relaciones Internacionales dio a conocer a la comunidad mediante correo electr\u00f3nico, decidi\u00f3 postularse de inmediato. En busca de mayor informaci\u00f3n acudi\u00f3 a la unidad mencionada y supo de lo que cubr\u00eda y no la beca. \u201cLo \u00fanico que no cubr\u00eda era el pasaje, entonces, me lanc\u00e9 a realizar algunas actividades para recabar fondos, como rifas, y logr\u00e9 realizar el viaje\u201d.<\/p>\n\n\n\n<p>Darmasiswa es un programa de becas dirigida a ciudadanos no indonesios que tienen inter\u00e9s por estudiar programas relacionados con el idioma bahasa indonesio; arte, m\u00fasica, artesan\u00edas y otras materias espec\u00edficas en 68 instituciones de educaci\u00f3n superior. Es por un a\u00f1o y cubre un estipendio mensual para subsistencia, libros, y una cobertura de hospedaje y transporte durante el programa de orientaci\u00f3n. Es organizado por el Ministerio de Educaci\u00f3n, Cultura, Investigaci\u00f3n y Tecnolog\u00eda en colaboraci\u00f3n con el Ministerio de Relaciones Internacionales, ambos de la Rep\u00fablica de Indonesia.<\/p>\n\n\n\n<p>El principal objetivo del programa Darmasiswa es impulsar y cultivar el inter\u00e9s en el idioma y cultura de Indonesia a ciudadanos de otros pa\u00edses; aumentar la comprensi\u00f3n mutua y proporcionar lazos culturales m\u00e1s fuertes entre las diferentes naciones. Tras su a\u00f1o de permanencia en Yogyakarta, Daniela Mascar\u00f3 anota que, en efecto, aprendi\u00f3 del idioma nativo, \u201cpero solo un poco, puesto que, aunque no es dif\u00edcil, s\u00ed result\u00f3 algo complejo porque los habitantes del pa\u00eds asi\u00e1tico tienen sus propios dialectos\u201d.<\/p>\n\n\n\n<h3 class=\"wp-block-heading\">Experiencia que la llev\u00f3 al autodescubrimiento<\/h3>\n\n\n\n<p>A su experiencia la describe como fant\u00e1stica y tambi\u00e9n como un autodescubrimiento, lo cual, confiesa, la hizo chocar muchas veces contra la pared, como coloquialmente se dice. \u201cIdentitariamente fue un reto porque all\u00e1 el concepto del mestizaje no existe como tal y al ser una persona mestiza y explicarlo fue dif\u00edcil\u201d.<\/p>\n\n\n<div class=\"wp-block-image\">\n<figure class=\"aligncenter size-large\"><img decoding=\"async\" width=\"644\" height=\"429\" src=\"https:\/\/www.uartes.edu.ec\/sitio\/wp-content\/uploads\/2024\/09\/08-GAMELAN-DANIELA-MASCARO-644x429.jpg\" alt=\"\" class=\"wp-image-61677\" srcset=\"https:\/\/www.uartes.edu.ec\/sitio\/wp-content\/uploads\/2024\/09\/08-GAMELAN-DANIELA-MASCARO-644x429.jpg 644w, https:\/\/www.uartes.edu.ec\/sitio\/wp-content\/uploads\/2024\/09\/08-GAMELAN-DANIELA-MASCARO-300x200.jpg 300w, https:\/\/www.uartes.edu.ec\/sitio\/wp-content\/uploads\/2024\/09\/08-GAMELAN-DANIELA-MASCARO-768x512.jpg 768w, https:\/\/www.uartes.edu.ec\/sitio\/wp-content\/uploads\/2024\/09\/08-GAMELAN-DANIELA-MASCARO-1536x1024.jpg 1536w, https:\/\/www.uartes.edu.ec\/sitio\/wp-content\/uploads\/2024\/09\/08-GAMELAN-DANIELA-MASCARO-18x12.jpg 18w, https:\/\/www.uartes.edu.ec\/sitio\/wp-content\/uploads\/2024\/09\/08-GAMELAN-DANIELA-MASCARO-600x400.jpg 600w, https:\/\/www.uartes.edu.ec\/sitio\/wp-content\/uploads\/2024\/09\/08-GAMELAN-DANIELA-MASCARO-400x267.jpg 400w, https:\/\/www.uartes.edu.ec\/sitio\/wp-content\/uploads\/2024\/09\/08-GAMELAN-DANIELA-MASCARO-272x182.jpg 272w, https:\/\/www.uartes.edu.ec\/sitio\/wp-content\/uploads\/2024\/09\/08-GAMELAN-DANIELA-MASCARO.jpg 2000w\" sizes=\"(max-width: 644px) 100vw, 644px\" \/><\/figure>\n<\/div>\n\n\n<p>Aprendi\u00f3 a tocar el gamel\u00e1n y perfeccionarse en ese instrumento tradicional, como el sape y el kulintang. Tambi\u00e9n aprendi\u00f3 sobre otras m\u00fasicas de las diferentes partes de Indonesia, un poco de canto tradicional y danza tradicional indonesia.<\/p>\n\n\n\n<p>Mascar\u00f3 anota que vino a compartir esa experiencia con el gamel\u00e1n y sus tipos, resalta y define que el gamel\u00e1n est\u00e1 por su tradici\u00f3n ligado con lo social y toda su m\u00fasica remite y es propio de una cultura y hace referencia a la vida y c\u00f3mo se vive all\u00e1. Sus canciones, agrega, hablan mucho de la vida y de la vida en el campo. \u201cAll\u00e1 es muy importante el arroz, entonces algunas composiciones hablan sobre su proceso de cosecha y en general de las vivencias\u201d.<\/p>\n\n\n\n<h3 class=\"wp-block-heading\">El gamel\u00e1n y la diversidad \u00e9tnico-cultural<\/h3>\n\n\n\n<p>Los tipos de gamel\u00e1n hacen referencia a una diversidad \u00e9tnico-cultural, puesto que hay diferentes etnias. Hay gente que es javanesa o danesa, procedentes en ambos casos de la Isla de Java; hay personas de Sumatra y otras de Banyumas, entonces, la diferencia de gamel\u00e1n depende de la etnia y\/o cultura. Adem\u00e1s, su construcci\u00f3n incide. El de Banyumas, por ejemplo, est\u00e1 hecho con madera de bamb\u00fa y el de Java es de metal, que son los instrumentos que tenemos en la UArtes. Esto ocasiona, obviamente, que sus sonoridades y forma de interpretaci\u00f3n sean distintas. Por ejemplo, creo que el de Sonda era un poco m\u00e1s lento y es que, aunque no me adentr\u00e9 mucho en su cultura, vi que las personas que lo ejecutan eran un poco m\u00e1s serias, de all\u00ed quiz\u00e1s que lo asoci\u00e9 con un sonido un poco m\u00e1s lento.<\/p>\n\n\n\n<p>All\u00e1 hay sultanatos, es decir que hay sultanes, entonces estos gamelanes se usan mucho para la realeza, por eso tiene esa sonoridad el metal, como que se remite a los sultanatos.&nbsp;<\/p>\n\n\n<div class=\"wp-block-image\">\n<figure class=\"aligncenter size-large\"><img decoding=\"async\" src=\"https:\/\/www.uartes.edu.ec\/sitio\/wp-content\/uploads\/2024\/09\/Screenshot_20240912_224251_Gallery-2-644x483.jpg\" alt=\"\" class=\"wp-image-61680\" \/><\/figure>\n<\/div>\n\n\n<h3 class=\"wp-block-heading\">Tesis en etnomusicolog\u00eda y sobre el gamel\u00e1n<\/h3>\n\n\n\n<p>Todos los conocimientos que adquiri\u00f3 durante un a\u00f1o de estudios en Indonesia le dieron la pauta para su trabajo de tesis, que realizar\u00e1 en el marco de la Etnomusicolog\u00eda. Confiesa que desde que se postul\u00f3, gan\u00f3 la beca y estableci\u00f3 en el pa\u00eds asi\u00e1tico lo tuvo en mente. Primero direccion\u00f3 su investigaci\u00f3n hacia la historia del instrumento y c\u00f3mo lleg\u00f3 al pa\u00eds asi\u00e1tico, sus conexiones con \u00c1frica y el parentesco con la marimba, que conectaba con la marimba esmeralde\u00f1a ecuatoriana.<\/p>\n\n\n\n<p>No obstante, con el tiempo se sigui\u00f3 cuestionando sobre el tema y actualmente est\u00e1 decidida a abordarlo no desde el aspecto hist\u00f3rico, sino desde el concepto de interculturalidad, indagando y apreciando las diversidades culturales como la marimba, \u201cque es parte de una de las diversidades culturales de nuestro pa\u00eds y que es parte de una de las m\u00faltiples identidades que posee nuestro pa\u00eds\u201d.<\/p>\n\n\n\n<p>A\u00f1ade que tanto el gamel\u00e1n como la marimba son m\u00fasicas tradicionales que se fusionan con la m\u00fasica occidental, cl\u00e1sica o euroc\u00e9ntrica. \u201cA veces las m\u00fasicas tradicionales tienen otras l\u00f3gicas de pensar y de entenderse\u201d, refiere y revela que conviene m\u00e1s escribir en notaci\u00f3n musical tradicional tanto para el gamel\u00e1n como para la marimba \u201cporque escribir en notaci\u00f3n occidental no funciona o se vuelve tan complejo que no vale la pena romperse la cabeza (como coloquialmente se dice)\u201d.<\/p>\n\n\n\n<p>En su trabajo final para la obtenci\u00f3n del t\u00edtulo de pregado, Mascar\u00f3 menciona que tambi\u00e9n abordar\u00e1 la cultura indonesia que est\u00e1 ligada al instrumento y que es bastante opuesta a la cultura latina. \u201cEs una idea bastante contrastante que quiero plasmar en mi tesis y en mis obras\u201d.<\/p>\n\n\n\n<p>Fotos: la estudiante de la EAS Cindy Zambrano Cede\u00f1o es la autora de la segunda imagen. Las otras son cortes\u00eda de Daniela Mascar\u00f3 y corresponden a los ensayos con el gamel\u00e1n en Indonesia, donde estudi\u00f3 durante un a\u00f1o. <\/p>","protected":false},"excerpt":{"rendered":"<p>Gan\u00f3 el Programa de Becas Darmasiswa ofertado por el gobierno de Indonesia, en la edici\u00f3n 2023-2024. Daniela Mascar\u00f3, alumna de la Escuela de Artes Sonoras, viaj\u00f3 en agosto del a\u00f1o pasado al pa\u00eds asi\u00e1tico para estudiar en el Instituto de Arte de Yogyakarta, ciudad en la que se estableci\u00f3. Ella regres\u00f3 e reincorpor\u00f3 ya a la Universidad de las Artes para continuar con su preparaci\u00f3n acad\u00e9mica.<\/p>","protected":false},"author":10,"featured_media":61675,"comment_status":"open","ping_status":"open","sticky":false,"template":"","format":"standard","meta":{"_acf_changed":false,"_uag_custom_page_level_css":"","_monsterinsights_skip_tracking":false,"_monsterinsights_sitenote_active":false,"_monsterinsights_sitenote_note":"","_monsterinsights_sitenote_category":0,"cybocfi_hide_featured_image":"","footnotes":""},"categories":[80,150,76,77,284],"tags":[279],"infouartes":[],"class_list":["post-61674","post","type-post","status-publish","format-standard","has-post-thumbnail","hentry","category-academico","category-artes-sonoras","category-estudiantes","category-gestion","category-investigacion","tag-relaciones-internacionales"],"acf":[],"yoast_head":"<!-- This site is optimized with the Yoast SEO plugin v27.4 - https:\/\/yoast.com\/product\/yoast-seo-wordpress\/ -->\n<title>Universidad de las Artes - Daniela Mascar\u00f3 gan\u00f3 la beca Darmasiswa y durante un a\u00f1o estudi\u00f3 en Indonesia; ya regres\u00f3 a la UArtes y comparte experiencia<\/title>\n<meta name=\"description\" content=\"Universidad de las Artes - Daniela Mascar\u00f3 gan\u00f3 la beca Darmasiswa y durante un a\u00f1o estudi\u00f3 en Indonesia; ya regres\u00f3 a la UArtes y comparte experiencia\" \/>\n<meta name=\"robots\" content=\"index, follow, max-snippet:-1, max-image-preview:large, max-video-preview:-1\" \/>\n<link rel=\"canonical\" href=\"https:\/\/www.uartes.edu.ec\/sitio\/fr\/blog\/2024\/09\/13\/daniela-mascaro-gano-la-beca-darmasiswa-y-un-ano-curso-estudios-en-indonesia-ya-regreso-y-comparte-la-experiencia\/\" \/>\n<meta property=\"og:locale\" content=\"fr_FR\" \/>\n<meta property=\"og:type\" content=\"article\" \/>\n<meta property=\"og:title\" content=\"Universidad de las Artes - Daniela Mascar\u00f3 gan\u00f3 la beca Darmasiswa y durante un a\u00f1o estudi\u00f3 en Indonesia; ya regres\u00f3 a la UArtes y comparte experiencia\" \/>\n<meta property=\"og:description\" content=\"Universidad de las Artes - Daniela Mascar\u00f3 gan\u00f3 la beca Darmasiswa y durante un a\u00f1o estudi\u00f3 en Indonesia; ya regres\u00f3 a la UArtes y comparte experiencia\" \/>\n<meta property=\"og:url\" content=\"https:\/\/www.uartes.edu.ec\/sitio\/fr\/blog\/2024\/09\/13\/daniela-mascaro-gano-la-beca-darmasiswa-y-un-ano-curso-estudios-en-indonesia-ya-regreso-y-comparte-la-experiencia\/\" \/>\n<meta property=\"og:site_name\" content=\"Universidad de las Artes\" \/>\n<meta property=\"article:publisher\" content=\"https:\/\/www.facebook.com\/uartesec\" \/>\n<meta property=\"article:published_time\" content=\"2024-09-13T17:35:28+00:00\" \/>\n<meta property=\"article:modified_time\" content=\"2024-09-13T17:39:42+00:00\" \/>\n<meta property=\"og:image\" content=\"https:\/\/www.uartes.edu.ec\/sitio\/wp-content\/uploads\/2024\/09\/07-GAMELAN-DANIELA-MASCARO.jpg\" \/>\n\t<meta property=\"og:image:width\" content=\"2000\" \/>\n\t<meta property=\"og:image:height\" content=\"1333\" \/>\n\t<meta property=\"og:image:type\" content=\"image\/jpeg\" \/>\n<meta name=\"author\" content=\"ccortez\" \/>\n<meta name=\"twitter:card\" content=\"summary_large_image\" \/>\n<meta name=\"twitter:creator\" content=\"@uartesec\" \/>\n<meta name=\"twitter:site\" content=\"@uartesec\" \/>\n<meta name=\"twitter:label1\" content=\"\u00c9crit par\" \/>\n\t<meta name=\"twitter:data1\" content=\"ccortez\" \/>\n\t<meta name=\"twitter:label2\" content=\"Dur\u00e9e de lecture estim\u00e9e\" \/>\n\t<meta name=\"twitter:data2\" content=\"7 minutes\" \/>\n<script type=\"application\/ld+json\" class=\"yoast-schema-graph\">{\"@context\":\"https:\\\/\\\/schema.org\",\"@graph\":[{\"@type\":\"Article\",\"@id\":\"https:\\\/\\\/www.uartes.edu.ec\\\/sitio\\\/fr\\\/blog\\\/2024\\\/09\\\/13\\\/daniela-mascaro-gano-la-beca-darmasiswa-y-un-ano-curso-estudios-en-indonesia-ya-regreso-y-comparte-la-experiencia\\\/#article\",\"isPartOf\":{\"@id\":\"https:\\\/\\\/www.uartes.edu.ec\\\/sitio\\\/fr\\\/blog\\\/2024\\\/09\\\/13\\\/daniela-mascaro-gano-la-beca-darmasiswa-y-un-ano-curso-estudios-en-indonesia-ya-regreso-y-comparte-la-experiencia\\\/\"},\"author\":{\"name\":\"ccortez\",\"@id\":\"https:\\\/\\\/www.uartes.edu.ec\\\/sitio\\\/fr\\\/#\\\/schema\\\/person\\\/efa1b8275797664fd7f13a79ccc0b1f4\"},\"headline\":\"Daniela Mascar\u00f3 gan\u00f3 la beca Darmasiswa y durante un a\u00f1o estudi\u00f3 en Indonesia; ya regres\u00f3 a la UArtes y comparte experiencia\",\"datePublished\":\"2024-09-13T17:35:28+00:00\",\"dateModified\":\"2024-09-13T17:39:42+00:00\",\"mainEntityOfPage\":{\"@id\":\"https:\\\/\\\/www.uartes.edu.ec\\\/sitio\\\/fr\\\/blog\\\/2024\\\/09\\\/13\\\/daniela-mascaro-gano-la-beca-darmasiswa-y-un-ano-curso-estudios-en-indonesia-ya-regreso-y-comparte-la-experiencia\\\/\"},\"wordCount\":1318,\"commentCount\":0,\"publisher\":{\"@id\":\"https:\\\/\\\/www.uartes.edu.ec\\\/sitio\\\/fr\\\/#organization\"},\"image\":{\"@id\":\"https:\\\/\\\/www.uartes.edu.ec\\\/sitio\\\/fr\\\/blog\\\/2024\\\/09\\\/13\\\/daniela-mascaro-gano-la-beca-darmasiswa-y-un-ano-curso-estudios-en-indonesia-ya-regreso-y-comparte-la-experiencia\\\/#primaryimage\"},\"thumbnailUrl\":\"https:\\\/\\\/www.uartes.edu.ec\\\/sitio\\\/wp-content\\\/uploads\\\/2024\\\/09\\\/07-GAMELAN-DANIELA-MASCARO.jpg\",\"keywords\":[\"relaciones internacionales\"],\"articleSection\":[\"Acad\u00e9mico\",\"Artes Sonoras\",\"Estudiantes\",\"Gesti\u00f3n\",\"Investigaci\u00f3n\"],\"inLanguage\":\"fr-FR\",\"potentialAction\":[{\"@type\":\"CommentAction\",\"name\":\"Comment\",\"target\":[\"https:\\\/\\\/www.uartes.edu.ec\\\/sitio\\\/fr\\\/blog\\\/2024\\\/09\\\/13\\\/daniela-mascaro-gano-la-beca-darmasiswa-y-un-ano-curso-estudios-en-indonesia-ya-regreso-y-comparte-la-experiencia\\\/#respond\"]}]},{\"@type\":[\"WebPage\",\"ItemPage\"],\"@id\":\"https:\\\/\\\/www.uartes.edu.ec\\\/sitio\\\/fr\\\/blog\\\/2024\\\/09\\\/13\\\/daniela-mascaro-gano-la-beca-darmasiswa-y-un-ano-curso-estudios-en-indonesia-ya-regreso-y-comparte-la-experiencia\\\/\",\"url\":\"https:\\\/\\\/www.uartes.edu.ec\\\/sitio\\\/fr\\\/blog\\\/2024\\\/09\\\/13\\\/daniela-mascaro-gano-la-beca-darmasiswa-y-un-ano-curso-estudios-en-indonesia-ya-regreso-y-comparte-la-experiencia\\\/\",\"name\":\"Universidad de las Artes - Daniela Mascar\u00f3 gan\u00f3 la beca Darmasiswa y durante un a\u00f1o estudi\u00f3 en Indonesia; ya regres\u00f3 a la UArtes y comparte experiencia\",\"isPartOf\":{\"@id\":\"https:\\\/\\\/www.uartes.edu.ec\\\/sitio\\\/fr\\\/#website\"},\"primaryImageOfPage\":{\"@id\":\"https:\\\/\\\/www.uartes.edu.ec\\\/sitio\\\/fr\\\/blog\\\/2024\\\/09\\\/13\\\/daniela-mascaro-gano-la-beca-darmasiswa-y-un-ano-curso-estudios-en-indonesia-ya-regreso-y-comparte-la-experiencia\\\/#primaryimage\"},\"image\":{\"@id\":\"https:\\\/\\\/www.uartes.edu.ec\\\/sitio\\\/fr\\\/blog\\\/2024\\\/09\\\/13\\\/daniela-mascaro-gano-la-beca-darmasiswa-y-un-ano-curso-estudios-en-indonesia-ya-regreso-y-comparte-la-experiencia\\\/#primaryimage\"},\"thumbnailUrl\":\"https:\\\/\\\/www.uartes.edu.ec\\\/sitio\\\/wp-content\\\/uploads\\\/2024\\\/09\\\/07-GAMELAN-DANIELA-MASCARO.jpg\",\"datePublished\":\"2024-09-13T17:35:28+00:00\",\"dateModified\":\"2024-09-13T17:39:42+00:00\",\"description\":\"Universidad de las Artes - Daniela Mascar\u00f3 gan\u00f3 la beca Darmasiswa y durante un a\u00f1o estudi\u00f3 en Indonesia; ya regres\u00f3 a la UArtes y comparte experiencia\",\"breadcrumb\":{\"@id\":\"https:\\\/\\\/www.uartes.edu.ec\\\/sitio\\\/fr\\\/blog\\\/2024\\\/09\\\/13\\\/daniela-mascaro-gano-la-beca-darmasiswa-y-un-ano-curso-estudios-en-indonesia-ya-regreso-y-comparte-la-experiencia\\\/#breadcrumb\"},\"inLanguage\":\"fr-FR\",\"potentialAction\":[{\"@type\":\"ReadAction\",\"target\":[\"https:\\\/\\\/www.uartes.edu.ec\\\/sitio\\\/fr\\\/blog\\\/2024\\\/09\\\/13\\\/daniela-mascaro-gano-la-beca-darmasiswa-y-un-ano-curso-estudios-en-indonesia-ya-regreso-y-comparte-la-experiencia\\\/\"]}]},{\"@type\":\"ImageObject\",\"inLanguage\":\"fr-FR\",\"@id\":\"https:\\\/\\\/www.uartes.edu.ec\\\/sitio\\\/fr\\\/blog\\\/2024\\\/09\\\/13\\\/daniela-mascaro-gano-la-beca-darmasiswa-y-un-ano-curso-estudios-en-indonesia-ya-regreso-y-comparte-la-experiencia\\\/#primaryimage\",\"url\":\"https:\\\/\\\/www.uartes.edu.ec\\\/sitio\\\/wp-content\\\/uploads\\\/2024\\\/09\\\/07-GAMELAN-DANIELA-MASCARO.jpg\",\"contentUrl\":\"https:\\\/\\\/www.uartes.edu.ec\\\/sitio\\\/wp-content\\\/uploads\\\/2024\\\/09\\\/07-GAMELAN-DANIELA-MASCARO.jpg\",\"width\":2000,\"height\":1333},{\"@type\":\"BreadcrumbList\",\"@id\":\"https:\\\/\\\/www.uartes.edu.ec\\\/sitio\\\/fr\\\/blog\\\/2024\\\/09\\\/13\\\/daniela-mascaro-gano-la-beca-darmasiswa-y-un-ano-curso-estudios-en-indonesia-ya-regreso-y-comparte-la-experiencia\\\/#breadcrumb\",\"itemListElement\":[{\"@type\":\"ListItem\",\"position\":1,\"name\":\"Inicio\",\"item\":\"https:\\\/\\\/www.uartes.edu.ec\\\/sitio\\\/\"},{\"@type\":\"ListItem\",\"position\":2,\"name\":\"Daniela Mascar\u00f3 gan\u00f3 la beca Darmasiswa y durante un a\u00f1o estudi\u00f3 en Indonesia; ya regres\u00f3 a la UArtes y comparte experiencia\"}]},{\"@type\":\"WebSite\",\"@id\":\"https:\\\/\\\/www.uartes.edu.ec\\\/sitio\\\/fr\\\/#website\",\"url\":\"https:\\\/\\\/www.uartes.edu.ec\\\/sitio\\\/fr\\\/\",\"name\":\"Universidad de las Artes\",\"description\":\"Sitio oficial de la Universidad Nacional de las Artes del Ecuador\",\"publisher\":{\"@id\":\"https:\\\/\\\/www.uartes.edu.ec\\\/sitio\\\/fr\\\/#organization\"},\"potentialAction\":[{\"@type\":\"SearchAction\",\"target\":{\"@type\":\"EntryPoint\",\"urlTemplate\":\"https:\\\/\\\/www.uartes.edu.ec\\\/sitio\\\/fr\\\/?s={search_term_string}\"},\"query-input\":{\"@type\":\"PropertyValueSpecification\",\"valueRequired\":true,\"valueName\":\"search_term_string\"}}],\"inLanguage\":\"fr-FR\"},{\"@type\":\"Organization\",\"@id\":\"https:\\\/\\\/www.uartes.edu.ec\\\/sitio\\\/fr\\\/#organization\",\"name\":\"Universidad de las Artes\",\"url\":\"https:\\\/\\\/www.uartes.edu.ec\\\/sitio\\\/fr\\\/\",\"logo\":{\"@type\":\"ImageObject\",\"inLanguage\":\"fr-FR\",\"@id\":\"https:\\\/\\\/www.uartes.edu.ec\\\/sitio\\\/fr\\\/#\\\/schema\\\/logo\\\/image\\\/\",\"url\":\"https:\\\/\\\/www.uartes.edu.ec\\\/sitio\\\/wp-content\\\/uploads\\\/2022\\\/07\\\/logo-ua-horizontal.png\",\"contentUrl\":\"https:\\\/\\\/www.uartes.edu.ec\\\/sitio\\\/wp-content\\\/uploads\\\/2022\\\/07\\\/logo-ua-horizontal.png\",\"width\":800,\"height\":276,\"caption\":\"Universidad de las Artes\"},\"image\":{\"@id\":\"https:\\\/\\\/www.uartes.edu.ec\\\/sitio\\\/fr\\\/#\\\/schema\\\/logo\\\/image\\\/\"},\"sameAs\":[\"https:\\\/\\\/www.facebook.com\\\/uartesec\",\"https:\\\/\\\/x.com\\\/uartesec\",\"https:\\\/\\\/www.tiktok.com\\\/@uartesec\"]},{\"@type\":\"Person\",\"@id\":\"https:\\\/\\\/www.uartes.edu.ec\\\/sitio\\\/fr\\\/#\\\/schema\\\/person\\\/efa1b8275797664fd7f13a79ccc0b1f4\",\"name\":\"ccortez\",\"image\":{\"@type\":\"ImageObject\",\"inLanguage\":\"fr-FR\",\"@id\":\"https:\\\/\\\/secure.gravatar.com\\\/avatar\\\/b2a6f664a3ae8e074346ef91775736c5ec479e637ecced6842de9dc98b5da9cd?s=96&d=mm&r=g\",\"url\":\"https:\\\/\\\/secure.gravatar.com\\\/avatar\\\/b2a6f664a3ae8e074346ef91775736c5ec479e637ecced6842de9dc98b5da9cd?s=96&d=mm&r=g\",\"contentUrl\":\"https:\\\/\\\/secure.gravatar.com\\\/avatar\\\/b2a6f664a3ae8e074346ef91775736c5ec479e637ecced6842de9dc98b5da9cd?s=96&d=mm&r=g\",\"caption\":\"ccortez\"},\"url\":\"https:\\\/\\\/www.uartes.edu.ec\\\/sitio\\\/fr\\\/blog\\\/author\\\/ccortez\\\/\"}]}<\/script>\n<!-- \/ Yoast SEO plugin. -->","yoast_head_json":{"title":"Universidad de las Artes - Daniela Mascar\u00f3 gan\u00f3 la beca Darmasiswa y durante un a\u00f1o estudi\u00f3 en Indonesia; ya regres\u00f3 a la UArtes y comparte experiencia","description":"Universidad de las Artes - Daniela Mascar\u00f3 gan\u00f3 la beca Darmasiswa y durante un a\u00f1o estudi\u00f3 en Indonesia; ya regres\u00f3 a la UArtes y comparte experiencia","robots":{"index":"index","follow":"follow","max-snippet":"max-snippet:-1","max-image-preview":"max-image-preview:large","max-video-preview":"max-video-preview:-1"},"canonical":"https:\/\/www.uartes.edu.ec\/sitio\/fr\/blog\/2024\/09\/13\/daniela-mascaro-gano-la-beca-darmasiswa-y-un-ano-curso-estudios-en-indonesia-ya-regreso-y-comparte-la-experiencia\/","og_locale":"fr_FR","og_type":"article","og_title":"Universidad de las Artes - Daniela Mascar\u00f3 gan\u00f3 la beca Darmasiswa y durante un a\u00f1o estudi\u00f3 en Indonesia; ya regres\u00f3 a la UArtes y comparte experiencia","og_description":"Universidad de las Artes - Daniela Mascar\u00f3 gan\u00f3 la beca Darmasiswa y durante un a\u00f1o estudi\u00f3 en Indonesia; ya regres\u00f3 a la UArtes y comparte experiencia","og_url":"https:\/\/www.uartes.edu.ec\/sitio\/fr\/blog\/2024\/09\/13\/daniela-mascaro-gano-la-beca-darmasiswa-y-un-ano-curso-estudios-en-indonesia-ya-regreso-y-comparte-la-experiencia\/","og_site_name":"Universidad de las Artes","article_publisher":"https:\/\/www.facebook.com\/uartesec","article_published_time":"2024-09-13T17:35:28+00:00","article_modified_time":"2024-09-13T17:39:42+00:00","og_image":[{"width":2000,"height":1333,"url":"https:\/\/www.uartes.edu.ec\/sitio\/wp-content\/uploads\/2024\/09\/07-GAMELAN-DANIELA-MASCARO.jpg","type":"image\/jpeg"}],"author":"ccortez","twitter_card":"summary_large_image","twitter_creator":"@uartesec","twitter_site":"@uartesec","twitter_misc":{"\u00c9crit par":"ccortez","Dur\u00e9e de lecture estim\u00e9e":"7 minutes"},"schema":{"@context":"https:\/\/schema.org","@graph":[{"@type":"Article","@id":"https:\/\/www.uartes.edu.ec\/sitio\/fr\/blog\/2024\/09\/13\/daniela-mascaro-gano-la-beca-darmasiswa-y-un-ano-curso-estudios-en-indonesia-ya-regreso-y-comparte-la-experiencia\/#article","isPartOf":{"@id":"https:\/\/www.uartes.edu.ec\/sitio\/fr\/blog\/2024\/09\/13\/daniela-mascaro-gano-la-beca-darmasiswa-y-un-ano-curso-estudios-en-indonesia-ya-regreso-y-comparte-la-experiencia\/"},"author":{"name":"ccortez","@id":"https:\/\/www.uartes.edu.ec\/sitio\/fr\/#\/schema\/person\/efa1b8275797664fd7f13a79ccc0b1f4"},"headline":"Daniela Mascar\u00f3 gan\u00f3 la beca Darmasiswa y durante un a\u00f1o estudi\u00f3 en Indonesia; ya regres\u00f3 a la UArtes y comparte experiencia","datePublished":"2024-09-13T17:35:28+00:00","dateModified":"2024-09-13T17:39:42+00:00","mainEntityOfPage":{"@id":"https:\/\/www.uartes.edu.ec\/sitio\/fr\/blog\/2024\/09\/13\/daniela-mascaro-gano-la-beca-darmasiswa-y-un-ano-curso-estudios-en-indonesia-ya-regreso-y-comparte-la-experiencia\/"},"wordCount":1318,"commentCount":0,"publisher":{"@id":"https:\/\/www.uartes.edu.ec\/sitio\/fr\/#organization"},"image":{"@id":"https:\/\/www.uartes.edu.ec\/sitio\/fr\/blog\/2024\/09\/13\/daniela-mascaro-gano-la-beca-darmasiswa-y-un-ano-curso-estudios-en-indonesia-ya-regreso-y-comparte-la-experiencia\/#primaryimage"},"thumbnailUrl":"https:\/\/www.uartes.edu.ec\/sitio\/wp-content\/uploads\/2024\/09\/07-GAMELAN-DANIELA-MASCARO.jpg","keywords":["relaciones internacionales"],"articleSection":["Acad\u00e9mico","Artes Sonoras","Estudiantes","Gesti\u00f3n","Investigaci\u00f3n"],"inLanguage":"fr-FR","potentialAction":[{"@type":"CommentAction","name":"Comment","target":["https:\/\/www.uartes.edu.ec\/sitio\/fr\/blog\/2024\/09\/13\/daniela-mascaro-gano-la-beca-darmasiswa-y-un-ano-curso-estudios-en-indonesia-ya-regreso-y-comparte-la-experiencia\/#respond"]}]},{"@type":["WebPage","ItemPage"],"@id":"https:\/\/www.uartes.edu.ec\/sitio\/fr\/blog\/2024\/09\/13\/daniela-mascaro-gano-la-beca-darmasiswa-y-un-ano-curso-estudios-en-indonesia-ya-regreso-y-comparte-la-experiencia\/","url":"https:\/\/www.uartes.edu.ec\/sitio\/fr\/blog\/2024\/09\/13\/daniela-mascaro-gano-la-beca-darmasiswa-y-un-ano-curso-estudios-en-indonesia-ya-regreso-y-comparte-la-experiencia\/","name":"Universidad de las Artes - Daniela Mascar\u00f3 gan\u00f3 la beca Darmasiswa y durante un a\u00f1o estudi\u00f3 en Indonesia; ya regres\u00f3 a la UArtes y comparte experiencia","isPartOf":{"@id":"https:\/\/www.uartes.edu.ec\/sitio\/fr\/#website"},"primaryImageOfPage":{"@id":"https:\/\/www.uartes.edu.ec\/sitio\/fr\/blog\/2024\/09\/13\/daniela-mascaro-gano-la-beca-darmasiswa-y-un-ano-curso-estudios-en-indonesia-ya-regreso-y-comparte-la-experiencia\/#primaryimage"},"image":{"@id":"https:\/\/www.uartes.edu.ec\/sitio\/fr\/blog\/2024\/09\/13\/daniela-mascaro-gano-la-beca-darmasiswa-y-un-ano-curso-estudios-en-indonesia-ya-regreso-y-comparte-la-experiencia\/#primaryimage"},"thumbnailUrl":"https:\/\/www.uartes.edu.ec\/sitio\/wp-content\/uploads\/2024\/09\/07-GAMELAN-DANIELA-MASCARO.jpg","datePublished":"2024-09-13T17:35:28+00:00","dateModified":"2024-09-13T17:39:42+00:00","description":"Universidad de las Artes - Daniela Mascar\u00f3 gan\u00f3 la beca Darmasiswa y durante un a\u00f1o estudi\u00f3 en Indonesia; ya regres\u00f3 a la UArtes y comparte experiencia","breadcrumb":{"@id":"https:\/\/www.uartes.edu.ec\/sitio\/fr\/blog\/2024\/09\/13\/daniela-mascaro-gano-la-beca-darmasiswa-y-un-ano-curso-estudios-en-indonesia-ya-regreso-y-comparte-la-experiencia\/#breadcrumb"},"inLanguage":"fr-FR","potentialAction":[{"@type":"ReadAction","target":["https:\/\/www.uartes.edu.ec\/sitio\/fr\/blog\/2024\/09\/13\/daniela-mascaro-gano-la-beca-darmasiswa-y-un-ano-curso-estudios-en-indonesia-ya-regreso-y-comparte-la-experiencia\/"]}]},{"@type":"ImageObject","inLanguage":"fr-FR","@id":"https:\/\/www.uartes.edu.ec\/sitio\/fr\/blog\/2024\/09\/13\/daniela-mascaro-gano-la-beca-darmasiswa-y-un-ano-curso-estudios-en-indonesia-ya-regreso-y-comparte-la-experiencia\/#primaryimage","url":"https:\/\/www.uartes.edu.ec\/sitio\/wp-content\/uploads\/2024\/09\/07-GAMELAN-DANIELA-MASCARO.jpg","contentUrl":"https:\/\/www.uartes.edu.ec\/sitio\/wp-content\/uploads\/2024\/09\/07-GAMELAN-DANIELA-MASCARO.jpg","width":2000,"height":1333},{"@type":"BreadcrumbList","@id":"https:\/\/www.uartes.edu.ec\/sitio\/fr\/blog\/2024\/09\/13\/daniela-mascaro-gano-la-beca-darmasiswa-y-un-ano-curso-estudios-en-indonesia-ya-regreso-y-comparte-la-experiencia\/#breadcrumb","itemListElement":[{"@type":"ListItem","position":1,"name":"Inicio","item":"https:\/\/www.uartes.edu.ec\/sitio\/"},{"@type":"ListItem","position":2,"name":"Daniela Mascar\u00f3 gan\u00f3 la beca Darmasiswa y durante un a\u00f1o estudi\u00f3 en Indonesia; ya regres\u00f3 a la UArtes y comparte experiencia"}]},{"@type":"WebSite","@id":"https:\/\/www.uartes.edu.ec\/sitio\/fr\/#website","url":"https:\/\/www.uartes.edu.ec\/sitio\/fr\/","name":"Universidad de las Artes","description":"Sitio oficial de la Universidad Nacional de las Artes del Ecuador","publisher":{"@id":"https:\/\/www.uartes.edu.ec\/sitio\/fr\/#organization"},"potentialAction":[{"@type":"SearchAction","target":{"@type":"EntryPoint","urlTemplate":"https:\/\/www.uartes.edu.ec\/sitio\/fr\/?s={search_term_string}"},"query-input":{"@type":"PropertyValueSpecification","valueRequired":true,"valueName":"search_term_string"}}],"inLanguage":"fr-FR"},{"@type":"Organization","@id":"https:\/\/www.uartes.edu.ec\/sitio\/fr\/#organization","name":"Universidad de las Artes","url":"https:\/\/www.uartes.edu.ec\/sitio\/fr\/","logo":{"@type":"ImageObject","inLanguage":"fr-FR","@id":"https:\/\/www.uartes.edu.ec\/sitio\/fr\/#\/schema\/logo\/image\/","url":"https:\/\/www.uartes.edu.ec\/sitio\/wp-content\/uploads\/2022\/07\/logo-ua-horizontal.png","contentUrl":"https:\/\/www.uartes.edu.ec\/sitio\/wp-content\/uploads\/2022\/07\/logo-ua-horizontal.png","width":800,"height":276,"caption":"Universidad de las Artes"},"image":{"@id":"https:\/\/www.uartes.edu.ec\/sitio\/fr\/#\/schema\/logo\/image\/"},"sameAs":["https:\/\/www.facebook.com\/uartesec","https:\/\/x.com\/uartesec","https:\/\/www.tiktok.com\/@uartesec"]},{"@type":"Person","@id":"https:\/\/www.uartes.edu.ec\/sitio\/fr\/#\/schema\/person\/efa1b8275797664fd7f13a79ccc0b1f4","name":"ccortez","image":{"@type":"ImageObject","inLanguage":"fr-FR","@id":"https:\/\/secure.gravatar.com\/avatar\/b2a6f664a3ae8e074346ef91775736c5ec479e637ecced6842de9dc98b5da9cd?s=96&d=mm&r=g","url":"https:\/\/secure.gravatar.com\/avatar\/b2a6f664a3ae8e074346ef91775736c5ec479e637ecced6842de9dc98b5da9cd?s=96&d=mm&r=g","contentUrl":"https:\/\/secure.gravatar.com\/avatar\/b2a6f664a3ae8e074346ef91775736c5ec479e637ecced6842de9dc98b5da9cd?s=96&d=mm&r=g","caption":"ccortez"},"url":"https:\/\/www.uartes.edu.ec\/sitio\/fr\/blog\/author\/ccortez\/"}]}},"uagb_featured_image_src":{"full":["https:\/\/www.uartes.edu.ec\/sitio\/wp-content\/uploads\/2024\/09\/07-GAMELAN-DANIELA-MASCARO.jpg",2000,1333,false],"thumbnail":["https:\/\/www.uartes.edu.ec\/sitio\/wp-content\/uploads\/2024\/09\/07-GAMELAN-DANIELA-MASCARO-150x150.jpg",150,150,true],"medium":["https:\/\/www.uartes.edu.ec\/sitio\/wp-content\/uploads\/2024\/09\/07-GAMELAN-DANIELA-MASCARO-300x200.jpg",300,200,true],"medium_large":["https:\/\/www.uartes.edu.ec\/sitio\/wp-content\/uploads\/2024\/09\/07-GAMELAN-DANIELA-MASCARO-768x512.jpg",768,512,true],"large":["https:\/\/www.uartes.edu.ec\/sitio\/wp-content\/uploads\/2024\/09\/07-GAMELAN-DANIELA-MASCARO-644x429.jpg",644,429,true],"1536x1536":["https:\/\/www.uartes.edu.ec\/sitio\/wp-content\/uploads\/2024\/09\/07-GAMELAN-DANIELA-MASCARO-1536x1024.jpg",1536,1024,true],"2048x2048":["https:\/\/www.uartes.edu.ec\/sitio\/wp-content\/uploads\/2024\/09\/07-GAMELAN-DANIELA-MASCARO.jpg",2000,1333,false],"trp-custom-language-flag":["https:\/\/www.uartes.edu.ec\/sitio\/wp-content\/uploads\/2024\/09\/07-GAMELAN-DANIELA-MASCARO-18x12.jpg",18,12,true],"htmega_size_585x295":["https:\/\/www.uartes.edu.ec\/sitio\/wp-content\/uploads\/2024\/09\/07-GAMELAN-DANIELA-MASCARO-585x295.jpg",585,295,true],"htmega_size_1170x536":["https:\/\/www.uartes.edu.ec\/sitio\/wp-content\/uploads\/2024\/09\/07-GAMELAN-DANIELA-MASCARO-1170x536.jpg",1170,536,true],"htmega_size_396x360":["https:\/\/www.uartes.edu.ec\/sitio\/wp-content\/uploads\/2024\/09\/07-GAMELAN-DANIELA-MASCARO-396x360.jpg",396,360,true],"gb-block-post-grid-landscape":["https:\/\/www.uartes.edu.ec\/sitio\/wp-content\/uploads\/2024\/09\/07-GAMELAN-DANIELA-MASCARO-600x400.jpg",600,400,true],"gb-block-post-grid-square":["https:\/\/www.uartes.edu.ec\/sitio\/wp-content\/uploads\/2024\/09\/07-GAMELAN-DANIELA-MASCARO-600x600.jpg",600,600,true],"university-hub-thumb":["https:\/\/www.uartes.edu.ec\/sitio\/wp-content\/uploads\/2024\/09\/07-GAMELAN-DANIELA-MASCARO-400x267.jpg",400,267,true],"mailpoet_newsletter_max":["https:\/\/www.uartes.edu.ec\/sitio\/wp-content\/uploads\/2024\/09\/07-GAMELAN-DANIELA-MASCARO.jpg",1320,880,false]},"uagb_author_info":{"display_name":"ccortez","author_link":"https:\/\/www.uartes.edu.ec\/sitio\/fr\/blog\/author\/ccortez\/"},"uagb_comment_info":0,"uagb_excerpt":"Gan\u00f3 el Programa de Becas Darmasiswa ofertado por el gobierno de Indonesia, en la edici\u00f3n 2023-2024. Daniela Mascar\u00f3, alumna de la Escuela de Artes Sonoras, viaj\u00f3 en agosto del a\u00f1o pasado al pa\u00eds asi\u00e1tico para estudiar en el Instituto de Arte de Yogyakarta, ciudad en la que se estableci\u00f3. Ella regres\u00f3 e reincorpor\u00f3 ya a\u2026","featured_image_src":"https:\/\/www.uartes.edu.ec\/sitio\/wp-content\/uploads\/2024\/09\/07-GAMELAN-DANIELA-MASCARO-600x400.jpg","featured_image_src_square":"https:\/\/www.uartes.edu.ec\/sitio\/wp-content\/uploads\/2024\/09\/07-GAMELAN-DANIELA-MASCARO-600x600.jpg","author_info":{"display_name":"ccortez","author_link":"https:\/\/www.uartes.edu.ec\/sitio\/fr\/blog\/author\/ccortez\/"},"publishpress_future_workflow_manual_trigger":{"enabledWorkflows":[]},"distributor_meta":false,"distributor_terms":false,"distributor_media":false,"distributor_original_site_name":"Universidad de las Artes","distributor_original_site_url":"https:\/\/www.uartes.edu.ec\/sitio\/fr","push-errors":false,"_links":{"self":[{"href":"https:\/\/www.uartes.edu.ec\/sitio\/fr\/wp-json\/wp\/v2\/posts\/61674","targetHints":{"allow":["GET"]}}],"collection":[{"href":"https:\/\/www.uartes.edu.ec\/sitio\/fr\/wp-json\/wp\/v2\/posts"}],"about":[{"href":"https:\/\/www.uartes.edu.ec\/sitio\/fr\/wp-json\/wp\/v2\/types\/post"}],"author":[{"embeddable":true,"href":"https:\/\/www.uartes.edu.ec\/sitio\/fr\/wp-json\/wp\/v2\/users\/10"}],"replies":[{"embeddable":true,"href":"https:\/\/www.uartes.edu.ec\/sitio\/fr\/wp-json\/wp\/v2\/comments?post=61674"}],"version-history":[{"count":6,"href":"https:\/\/www.uartes.edu.ec\/sitio\/fr\/wp-json\/wp\/v2\/posts\/61674\/revisions"}],"predecessor-version":[{"id":61689,"href":"https:\/\/www.uartes.edu.ec\/sitio\/fr\/wp-json\/wp\/v2\/posts\/61674\/revisions\/61689"}],"wp:featuredmedia":[{"embeddable":true,"href":"https:\/\/www.uartes.edu.ec\/sitio\/fr\/wp-json\/wp\/v2\/media\/61675"}],"wp:attachment":[{"href":"https:\/\/www.uartes.edu.ec\/sitio\/fr\/wp-json\/wp\/v2\/media?parent=61674"}],"wp:term":[{"taxonomy":"category","embeddable":true,"href":"https:\/\/www.uartes.edu.ec\/sitio\/fr\/wp-json\/wp\/v2\/categories?post=61674"},{"taxonomy":"post_tag","embeddable":true,"href":"https:\/\/www.uartes.edu.ec\/sitio\/fr\/wp-json\/wp\/v2\/tags?post=61674"},{"taxonomy":"infouartes","embeddable":true,"href":"https:\/\/www.uartes.edu.ec\/sitio\/fr\/wp-json\/wp\/v2\/infouartes?post=61674"}],"curies":[{"name":"wp","href":"https:\/\/api.w.org\/{rel}","templated":true}]}}