{"id":61810,"date":"2024-06-03T14:07:00","date_gmt":"2024-06-03T19:07:00","guid":{"rendered":"https:\/\/www.uartes.edu.ec\/sitio\/?p=61810"},"modified":"2024-09-16T15:24:14","modified_gmt":"2024-09-16T20:24:14","slug":"una-muestra-de-dimensiones-dinamicas","status":"publish","type":"post","link":"https:\/\/www.uartes.edu.ec\/sitio\/fr\/blog\/2024\/06\/03\/una-muestra-de-dimensiones-dinamicas\/","title":{"rendered":"Una muestra de \u201cDimensiones Din\u00e1micas\u201d"},"content":{"rendered":"<p>Los resultados de la capacitaci\u00f3n profesionalizante \u201cM\u00e9todos computacional de dise\u00f1o\u201d, desarrollada de manera conjunta por el MZ14 Centro de Producci\u00f3n e Innovaci\u00f3n de la Universidad de las Artes y la Universidad de Guayaquil (UG), quedaron evidenciados en la muestra \u201cDimensiones Din\u00e1micas\u201d, realizada este 31 de mayo en el \u201cProject Room\u201d.<\/p>\n\n\n\n<p>La capacitaci\u00f3n fue concebida para promover la innovaci\u00f3n en el dise\u00f1o y la fabricaci\u00f3n digital, anot\u00f3 Jonathan Pilay, director de producci\u00f3n del MZ14. Fue dirigida a la comunidad universitaria, en especial a la planta docente. Agreg\u00f3 que quienes participaron tuvieron la oportunidad de explorar c\u00f3mo se conjuga el control interactivo de mapping mediante controlador MIDI Akai APC y leap motion, proyectado en maquetas arquitect\u00f3nicas. Las dise\u00f1aron los participantes, agreg\u00f3, permiti\u00e9ndoles experiencias \u00fanicas y vanguardistas.<\/p>\n\n\n\n<p>En la apertura de la muestra estuvieron autoridades universitarias de la UG, como el decano de la Facultad de Arquitectura, quien, al igual que Pilay, intervino en el acto y tras destacar la cooperaci\u00f3n interinstitucional existente con la UArtes explic\u00f3 la metodolog\u00eda de trabajo a cargo de los docentes investigadores de su instituci\u00f3n de educaci\u00f3n superior.<\/p>\n\n\n<div class=\"wp-block-image\">\n<figure class=\"aligncenter size-large\"><img fetchpriority=\"high\" decoding=\"async\" width=\"644\" height=\"429\" src=\"https:\/\/www.uartes.edu.ec\/sitio\/wp-content\/uploads\/2024\/09\/01-EXPODIMENSIONES-DINAMICAS-644x429.jpg\" alt=\"\" class=\"wp-image-61813\" srcset=\"https:\/\/www.uartes.edu.ec\/sitio\/wp-content\/uploads\/2024\/09\/01-EXPODIMENSIONES-DINAMICAS-644x429.jpg 644w, https:\/\/www.uartes.edu.ec\/sitio\/wp-content\/uploads\/2024\/09\/01-EXPODIMENSIONES-DINAMICAS-300x200.jpg 300w, https:\/\/www.uartes.edu.ec\/sitio\/wp-content\/uploads\/2024\/09\/01-EXPODIMENSIONES-DINAMICAS-768x512.jpg 768w, https:\/\/www.uartes.edu.ec\/sitio\/wp-content\/uploads\/2024\/09\/01-EXPODIMENSIONES-DINAMICAS-1536x1024.jpg 1536w, https:\/\/www.uartes.edu.ec\/sitio\/wp-content\/uploads\/2024\/09\/01-EXPODIMENSIONES-DINAMICAS-18x12.jpg 18w, https:\/\/www.uartes.edu.ec\/sitio\/wp-content\/uploads\/2024\/09\/01-EXPODIMENSIONES-DINAMICAS-600x400.jpg 600w, https:\/\/www.uartes.edu.ec\/sitio\/wp-content\/uploads\/2024\/09\/01-EXPODIMENSIONES-DINAMICAS-400x267.jpg 400w, https:\/\/www.uartes.edu.ec\/sitio\/wp-content\/uploads\/2024\/09\/01-EXPODIMENSIONES-DINAMICAS-272x182.jpg 272w, https:\/\/www.uartes.edu.ec\/sitio\/wp-content\/uploads\/2024\/09\/01-EXPODIMENSIONES-DINAMICAS.jpg 2000w\" sizes=\"(max-width: 644px) 100vw, 644px\" \/><\/figure>\n<\/div>\n\n\n<p>Seguidamente se hizo la presentaci\u00f3n de un video mapping que llev\u00f3 a la interacci\u00f3n con el p\u00fablico en general; en su desarrollo intervinieron Aracelly S\u00e1nchez y Remigio V\u00e1scones.<\/p>\n\n\n\n<p>En \u201cDimensiones Din\u00e1micas\u201d hubo instalaciones interactivas de proyectos de dise\u00f1o que combinaron tecnolog\u00eda digital y componentes auditivos y visuales para crear entornos digitales, as\u00ed como demostraciones pr\u00e1cticas que permitieron conocer el proceso de creaci\u00f3n utilizando m\u00e9todos computacionales.<\/p>\n\n\n\n<p>Mediante operaciones de dise\u00f1o digital, la capacitaci\u00f3n profesionalizante propuso la exploraci\u00f3n y redescubrimiento del espacio, el rastreo de posibles aplicaciones derivadas de las mismas investigaciones y la selecci\u00f3n de componentes espaciales para imaginar y desarrollar su aplicaci\u00f3n. Los resultados fueron mostrados digitalmente y en formatos impresos y fabricados.<\/p>\n\n\n<div class=\"wp-block-image\">\n<figure class=\"aligncenter size-large\"><img decoding=\"async\" width=\"644\" height=\"429\" src=\"https:\/\/www.uartes.edu.ec\/sitio\/wp-content\/uploads\/2024\/09\/02-EXPODIMENSIONES-DINAMICAS-644x429.jpg\" alt=\"\" class=\"wp-image-61812\" srcset=\"https:\/\/www.uartes.edu.ec\/sitio\/wp-content\/uploads\/2024\/09\/02-EXPODIMENSIONES-DINAMICAS-644x429.jpg 644w, https:\/\/www.uartes.edu.ec\/sitio\/wp-content\/uploads\/2024\/09\/02-EXPODIMENSIONES-DINAMICAS-300x200.jpg 300w, https:\/\/www.uartes.edu.ec\/sitio\/wp-content\/uploads\/2024\/09\/02-EXPODIMENSIONES-DINAMICAS-768x512.jpg 768w, https:\/\/www.uartes.edu.ec\/sitio\/wp-content\/uploads\/2024\/09\/02-EXPODIMENSIONES-DINAMICAS-1536x1024.jpg 1536w, https:\/\/www.uartes.edu.ec\/sitio\/wp-content\/uploads\/2024\/09\/02-EXPODIMENSIONES-DINAMICAS-18x12.jpg 18w, https:\/\/www.uartes.edu.ec\/sitio\/wp-content\/uploads\/2024\/09\/02-EXPODIMENSIONES-DINAMICAS-600x400.jpg 600w, https:\/\/www.uartes.edu.ec\/sitio\/wp-content\/uploads\/2024\/09\/02-EXPODIMENSIONES-DINAMICAS-400x267.jpg 400w, https:\/\/www.uartes.edu.ec\/sitio\/wp-content\/uploads\/2024\/09\/02-EXPODIMENSIONES-DINAMICAS-272x182.jpg 272w, https:\/\/www.uartes.edu.ec\/sitio\/wp-content\/uploads\/2024\/09\/02-EXPODIMENSIONES-DINAMICAS.jpg 2000w\" sizes=\"(max-width: 644px) 100vw, 644px\" \/><\/figure>\n<\/div>\n\n\n<p>Fotos: Cortes\u00eda MZ14 Centro de Producci\u00f3n e Innovaci\u00f3n UArtes. En las im\u00e1genes varias de las piezas expuestas en \u00abDimensiones Din\u00e1micas\u00bb. Sobre estas l\u00edneas, participantes y organizadores de la capacitaci\u00f3n efectuada  por la Universidad de las Artes y la Universidad de Guayaquil.<\/p>\n\n\n\n<p><\/p>","protected":false},"excerpt":{"rendered":"<p>Los resultados de la capacitaci\u00f3n profesionalizante \u201cM\u00e9todos computacional de dise\u00f1o\u201d, efectuada de manera conjunta por el MZ14 Centro de Producci\u00f3n e Innovaci\u00f3n UArtes y la Universidad de Guayaquil, se mostraron en \u201cDimensiones Din\u00e1micas\u201d, exposici\u00f3n realizada el 31 de mayo en el \u201cProject Room\u201d. Hubo instalaciones interactivas que combinaron tecnolog\u00eda digital y componentes auditivos y visuales para crear entornos digitales, y demostraciones pr\u00e1cticas del proceso de creaci\u00f3n con m\u00e9todos computacionales.<\/p>","protected":false},"author":10,"featured_media":61811,"comment_status":"open","ping_status":"open","sticky":false,"template":"","format":"standard","meta":{"_acf_changed":false,"_uag_custom_page_level_css":"","_monsterinsights_skip_tracking":false,"_monsterinsights_sitenote_active":false,"_monsterinsights_sitenote_note":"","_monsterinsights_sitenote_category":0,"cybocfi_hide_featured_image":"","footnotes":""},"categories":[80,438,82,75,77,79],"tags":[538],"infouartes":[],"class_list":["post-61810","post","type-post","status-publish","format-standard","has-post-thumbnail","hentry","category-academico","category-administrativos","category-artes","category-docentes","category-gestion","category-vinculo","tag-capacitacion"],"acf":[],"yoast_head":"<!-- This site is optimized with the Yoast SEO plugin v27.4 - https:\/\/yoast.com\/product\/yoast-seo-wordpress\/ -->\n<title>Universidad de las Artes - Una muestra de \u201cDimensiones Din\u00e1micas\u201d<\/title>\n<meta name=\"description\" content=\"Universidad de las Artes - Una muestra de \u201cDimensiones Din\u00e1micas\u201d\" \/>\n<meta name=\"robots\" content=\"index, follow, max-snippet:-1, max-image-preview:large, max-video-preview:-1\" \/>\n<link rel=\"canonical\" href=\"https:\/\/www.uartes.edu.ec\/sitio\/fr\/blog\/2024\/06\/03\/una-muestra-de-dimensiones-dinamicas\/\" \/>\n<meta property=\"og:locale\" content=\"fr_FR\" \/>\n<meta property=\"og:type\" content=\"article\" \/>\n<meta property=\"og:title\" content=\"Universidad de las Artes - Una muestra de \u201cDimensiones Din\u00e1micas\u201d\" \/>\n<meta property=\"og:description\" content=\"Universidad de las Artes - Una muestra de \u201cDimensiones Din\u00e1micas\u201d\" \/>\n<meta property=\"og:url\" content=\"https:\/\/www.uartes.edu.ec\/sitio\/fr\/blog\/2024\/06\/03\/una-muestra-de-dimensiones-dinamicas\/\" \/>\n<meta property=\"og:site_name\" content=\"Universidad de las Artes\" \/>\n<meta property=\"article:publisher\" content=\"https:\/\/www.facebook.com\/uartesec\" \/>\n<meta property=\"article:published_time\" content=\"2024-06-03T19:07:00+00:00\" \/>\n<meta property=\"article:modified_time\" content=\"2024-09-16T20:24:14+00:00\" \/>\n<meta property=\"og:image\" content=\"https:\/\/www.uartes.edu.ec\/sitio\/wp-content\/uploads\/2024\/09\/03-EXPODIMENSIONES-DINAMICAS.jpg\" \/>\n\t<meta property=\"og:image:width\" content=\"2000\" \/>\n\t<meta property=\"og:image:height\" content=\"1333\" \/>\n\t<meta property=\"og:image:type\" content=\"image\/jpeg\" \/>\n<meta name=\"author\" content=\"ccortez\" \/>\n<meta name=\"twitter:card\" content=\"summary_large_image\" \/>\n<meta name=\"twitter:creator\" content=\"@uartesec\" \/>\n<meta name=\"twitter:site\" content=\"@uartesec\" \/>\n<meta name=\"twitter:label1\" content=\"\u00c9crit par\" \/>\n\t<meta name=\"twitter:data1\" content=\"ccortez\" \/>\n\t<meta name=\"twitter:label2\" content=\"Dur\u00e9e de lecture estim\u00e9e\" \/>\n\t<meta name=\"twitter:data2\" content=\"3 minutes\" \/>\n<script type=\"application\/ld+json\" class=\"yoast-schema-graph\">{\"@context\":\"https:\\\/\\\/schema.org\",\"@graph\":[{\"@type\":\"Article\",\"@id\":\"https:\\\/\\\/www.uartes.edu.ec\\\/sitio\\\/fr\\\/blog\\\/2024\\\/06\\\/03\\\/una-muestra-de-dimensiones-dinamicas\\\/#article\",\"isPartOf\":{\"@id\":\"https:\\\/\\\/www.uartes.edu.ec\\\/sitio\\\/fr\\\/blog\\\/2024\\\/06\\\/03\\\/una-muestra-de-dimensiones-dinamicas\\\/\"},\"author\":{\"name\":\"ccortez\",\"@id\":\"https:\\\/\\\/www.uartes.edu.ec\\\/sitio\\\/fr\\\/#\\\/schema\\\/person\\\/efa1b8275797664fd7f13a79ccc0b1f4\"},\"headline\":\"Una muestra de \u201cDimensiones Din\u00e1micas\u201d\",\"datePublished\":\"2024-06-03T19:07:00+00:00\",\"dateModified\":\"2024-09-16T20:24:14+00:00\",\"mainEntityOfPage\":{\"@id\":\"https:\\\/\\\/www.uartes.edu.ec\\\/sitio\\\/fr\\\/blog\\\/2024\\\/06\\\/03\\\/una-muestra-de-dimensiones-dinamicas\\\/\"},\"wordCount\":381,\"commentCount\":0,\"publisher\":{\"@id\":\"https:\\\/\\\/www.uartes.edu.ec\\\/sitio\\\/fr\\\/#organization\"},\"image\":{\"@id\":\"https:\\\/\\\/www.uartes.edu.ec\\\/sitio\\\/fr\\\/blog\\\/2024\\\/06\\\/03\\\/una-muestra-de-dimensiones-dinamicas\\\/#primaryimage\"},\"thumbnailUrl\":\"https:\\\/\\\/www.uartes.edu.ec\\\/sitio\\\/wp-content\\\/uploads\\\/2024\\\/09\\\/03-EXPODIMENSIONES-DINAMICAS.jpg\",\"keywords\":[\"capacitaci\u00f3n\"],\"articleSection\":[\"Acad\u00e9mico\",\"Administrativos\",\"Artes\",\"Docentes\",\"Gesti\u00f3n\",\"V\u00ednculo\"],\"inLanguage\":\"fr-FR\",\"potentialAction\":[{\"@type\":\"CommentAction\",\"name\":\"Comment\",\"target\":[\"https:\\\/\\\/www.uartes.edu.ec\\\/sitio\\\/fr\\\/blog\\\/2024\\\/06\\\/03\\\/una-muestra-de-dimensiones-dinamicas\\\/#respond\"]}]},{\"@type\":[\"WebPage\",\"ItemPage\"],\"@id\":\"https:\\\/\\\/www.uartes.edu.ec\\\/sitio\\\/fr\\\/blog\\\/2024\\\/06\\\/03\\\/una-muestra-de-dimensiones-dinamicas\\\/\",\"url\":\"https:\\\/\\\/www.uartes.edu.ec\\\/sitio\\\/fr\\\/blog\\\/2024\\\/06\\\/03\\\/una-muestra-de-dimensiones-dinamicas\\\/\",\"name\":\"Universidad de las Artes - Una muestra de \u201cDimensiones Din\u00e1micas\u201d\",\"isPartOf\":{\"@id\":\"https:\\\/\\\/www.uartes.edu.ec\\\/sitio\\\/fr\\\/#website\"},\"primaryImageOfPage\":{\"@id\":\"https:\\\/\\\/www.uartes.edu.ec\\\/sitio\\\/fr\\\/blog\\\/2024\\\/06\\\/03\\\/una-muestra-de-dimensiones-dinamicas\\\/#primaryimage\"},\"image\":{\"@id\":\"https:\\\/\\\/www.uartes.edu.ec\\\/sitio\\\/fr\\\/blog\\\/2024\\\/06\\\/03\\\/una-muestra-de-dimensiones-dinamicas\\\/#primaryimage\"},\"thumbnailUrl\":\"https:\\\/\\\/www.uartes.edu.ec\\\/sitio\\\/wp-content\\\/uploads\\\/2024\\\/09\\\/03-EXPODIMENSIONES-DINAMICAS.jpg\",\"datePublished\":\"2024-06-03T19:07:00+00:00\",\"dateModified\":\"2024-09-16T20:24:14+00:00\",\"description\":\"Universidad de las Artes - Una muestra de \u201cDimensiones Din\u00e1micas\u201d\",\"breadcrumb\":{\"@id\":\"https:\\\/\\\/www.uartes.edu.ec\\\/sitio\\\/fr\\\/blog\\\/2024\\\/06\\\/03\\\/una-muestra-de-dimensiones-dinamicas\\\/#breadcrumb\"},\"inLanguage\":\"fr-FR\",\"potentialAction\":[{\"@type\":\"ReadAction\",\"target\":[\"https:\\\/\\\/www.uartes.edu.ec\\\/sitio\\\/fr\\\/blog\\\/2024\\\/06\\\/03\\\/una-muestra-de-dimensiones-dinamicas\\\/\"]}]},{\"@type\":\"ImageObject\",\"inLanguage\":\"fr-FR\",\"@id\":\"https:\\\/\\\/www.uartes.edu.ec\\\/sitio\\\/fr\\\/blog\\\/2024\\\/06\\\/03\\\/una-muestra-de-dimensiones-dinamicas\\\/#primaryimage\",\"url\":\"https:\\\/\\\/www.uartes.edu.ec\\\/sitio\\\/wp-content\\\/uploads\\\/2024\\\/09\\\/03-EXPODIMENSIONES-DINAMICAS.jpg\",\"contentUrl\":\"https:\\\/\\\/www.uartes.edu.ec\\\/sitio\\\/wp-content\\\/uploads\\\/2024\\\/09\\\/03-EXPODIMENSIONES-DINAMICAS.jpg\",\"width\":2000,\"height\":1333},{\"@type\":\"BreadcrumbList\",\"@id\":\"https:\\\/\\\/www.uartes.edu.ec\\\/sitio\\\/fr\\\/blog\\\/2024\\\/06\\\/03\\\/una-muestra-de-dimensiones-dinamicas\\\/#breadcrumb\",\"itemListElement\":[{\"@type\":\"ListItem\",\"position\":1,\"name\":\"Inicio\",\"item\":\"https:\\\/\\\/www.uartes.edu.ec\\\/sitio\\\/\"},{\"@type\":\"ListItem\",\"position\":2,\"name\":\"Una muestra de \u201cDimensiones Din\u00e1micas\u201d\"}]},{\"@type\":\"WebSite\",\"@id\":\"https:\\\/\\\/www.uartes.edu.ec\\\/sitio\\\/fr\\\/#website\",\"url\":\"https:\\\/\\\/www.uartes.edu.ec\\\/sitio\\\/fr\\\/\",\"name\":\"Universidad de las Artes\",\"description\":\"Sitio oficial de la Universidad Nacional de las Artes del Ecuador\",\"publisher\":{\"@id\":\"https:\\\/\\\/www.uartes.edu.ec\\\/sitio\\\/fr\\\/#organization\"},\"potentialAction\":[{\"@type\":\"SearchAction\",\"target\":{\"@type\":\"EntryPoint\",\"urlTemplate\":\"https:\\\/\\\/www.uartes.edu.ec\\\/sitio\\\/fr\\\/?s={search_term_string}\"},\"query-input\":{\"@type\":\"PropertyValueSpecification\",\"valueRequired\":true,\"valueName\":\"search_term_string\"}}],\"inLanguage\":\"fr-FR\"},{\"@type\":\"Organization\",\"@id\":\"https:\\\/\\\/www.uartes.edu.ec\\\/sitio\\\/fr\\\/#organization\",\"name\":\"Universidad de las Artes\",\"url\":\"https:\\\/\\\/www.uartes.edu.ec\\\/sitio\\\/fr\\\/\",\"logo\":{\"@type\":\"ImageObject\",\"inLanguage\":\"fr-FR\",\"@id\":\"https:\\\/\\\/www.uartes.edu.ec\\\/sitio\\\/fr\\\/#\\\/schema\\\/logo\\\/image\\\/\",\"url\":\"https:\\\/\\\/www.uartes.edu.ec\\\/sitio\\\/wp-content\\\/uploads\\\/2022\\\/07\\\/logo-ua-horizontal.png\",\"contentUrl\":\"https:\\\/\\\/www.uartes.edu.ec\\\/sitio\\\/wp-content\\\/uploads\\\/2022\\\/07\\\/logo-ua-horizontal.png\",\"width\":800,\"height\":276,\"caption\":\"Universidad de las Artes\"},\"image\":{\"@id\":\"https:\\\/\\\/www.uartes.edu.ec\\\/sitio\\\/fr\\\/#\\\/schema\\\/logo\\\/image\\\/\"},\"sameAs\":[\"https:\\\/\\\/www.facebook.com\\\/uartesec\",\"https:\\\/\\\/x.com\\\/uartesec\",\"https:\\\/\\\/www.tiktok.com\\\/@uartesec\"]},{\"@type\":\"Person\",\"@id\":\"https:\\\/\\\/www.uartes.edu.ec\\\/sitio\\\/fr\\\/#\\\/schema\\\/person\\\/efa1b8275797664fd7f13a79ccc0b1f4\",\"name\":\"ccortez\",\"image\":{\"@type\":\"ImageObject\",\"inLanguage\":\"fr-FR\",\"@id\":\"https:\\\/\\\/secure.gravatar.com\\\/avatar\\\/b2a6f664a3ae8e074346ef91775736c5ec479e637ecced6842de9dc98b5da9cd?s=96&d=mm&r=g\",\"url\":\"https:\\\/\\\/secure.gravatar.com\\\/avatar\\\/b2a6f664a3ae8e074346ef91775736c5ec479e637ecced6842de9dc98b5da9cd?s=96&d=mm&r=g\",\"contentUrl\":\"https:\\\/\\\/secure.gravatar.com\\\/avatar\\\/b2a6f664a3ae8e074346ef91775736c5ec479e637ecced6842de9dc98b5da9cd?s=96&d=mm&r=g\",\"caption\":\"ccortez\"},\"url\":\"https:\\\/\\\/www.uartes.edu.ec\\\/sitio\\\/fr\\\/blog\\\/author\\\/ccortez\\\/\"}]}<\/script>\n<!-- \/ Yoast SEO plugin. -->","yoast_head_json":{"title":"Universidad de las Artes - Una muestra de \u201cDimensiones Din\u00e1micas\u201d","description":"Universidad de las Artes - Una muestra de \u201cDimensiones Din\u00e1micas\u201d","robots":{"index":"index","follow":"follow","max-snippet":"max-snippet:-1","max-image-preview":"max-image-preview:large","max-video-preview":"max-video-preview:-1"},"canonical":"https:\/\/www.uartes.edu.ec\/sitio\/fr\/blog\/2024\/06\/03\/una-muestra-de-dimensiones-dinamicas\/","og_locale":"fr_FR","og_type":"article","og_title":"Universidad de las Artes - Una muestra de \u201cDimensiones Din\u00e1micas\u201d","og_description":"Universidad de las Artes - Una muestra de \u201cDimensiones Din\u00e1micas\u201d","og_url":"https:\/\/www.uartes.edu.ec\/sitio\/fr\/blog\/2024\/06\/03\/una-muestra-de-dimensiones-dinamicas\/","og_site_name":"Universidad de las Artes","article_publisher":"https:\/\/www.facebook.com\/uartesec","article_published_time":"2024-06-03T19:07:00+00:00","article_modified_time":"2024-09-16T20:24:14+00:00","og_image":[{"width":2000,"height":1333,"url":"https:\/\/www.uartes.edu.ec\/sitio\/wp-content\/uploads\/2024\/09\/03-EXPODIMENSIONES-DINAMICAS.jpg","type":"image\/jpeg"}],"author":"ccortez","twitter_card":"summary_large_image","twitter_creator":"@uartesec","twitter_site":"@uartesec","twitter_misc":{"\u00c9crit par":"ccortez","Dur\u00e9e de lecture estim\u00e9e":"3 minutes"},"schema":{"@context":"https:\/\/schema.org","@graph":[{"@type":"Article","@id":"https:\/\/www.uartes.edu.ec\/sitio\/fr\/blog\/2024\/06\/03\/una-muestra-de-dimensiones-dinamicas\/#article","isPartOf":{"@id":"https:\/\/www.uartes.edu.ec\/sitio\/fr\/blog\/2024\/06\/03\/una-muestra-de-dimensiones-dinamicas\/"},"author":{"name":"ccortez","@id":"https:\/\/www.uartes.edu.ec\/sitio\/fr\/#\/schema\/person\/efa1b8275797664fd7f13a79ccc0b1f4"},"headline":"Una muestra de \u201cDimensiones Din\u00e1micas\u201d","datePublished":"2024-06-03T19:07:00+00:00","dateModified":"2024-09-16T20:24:14+00:00","mainEntityOfPage":{"@id":"https:\/\/www.uartes.edu.ec\/sitio\/fr\/blog\/2024\/06\/03\/una-muestra-de-dimensiones-dinamicas\/"},"wordCount":381,"commentCount":0,"publisher":{"@id":"https:\/\/www.uartes.edu.ec\/sitio\/fr\/#organization"},"image":{"@id":"https:\/\/www.uartes.edu.ec\/sitio\/fr\/blog\/2024\/06\/03\/una-muestra-de-dimensiones-dinamicas\/#primaryimage"},"thumbnailUrl":"https:\/\/www.uartes.edu.ec\/sitio\/wp-content\/uploads\/2024\/09\/03-EXPODIMENSIONES-DINAMICAS.jpg","keywords":["capacitaci\u00f3n"],"articleSection":["Acad\u00e9mico","Administrativos","Artes","Docentes","Gesti\u00f3n","V\u00ednculo"],"inLanguage":"fr-FR","potentialAction":[{"@type":"CommentAction","name":"Comment","target":["https:\/\/www.uartes.edu.ec\/sitio\/fr\/blog\/2024\/06\/03\/una-muestra-de-dimensiones-dinamicas\/#respond"]}]},{"@type":["WebPage","ItemPage"],"@id":"https:\/\/www.uartes.edu.ec\/sitio\/fr\/blog\/2024\/06\/03\/una-muestra-de-dimensiones-dinamicas\/","url":"https:\/\/www.uartes.edu.ec\/sitio\/fr\/blog\/2024\/06\/03\/una-muestra-de-dimensiones-dinamicas\/","name":"Universidad de las Artes - Una muestra de \u201cDimensiones Din\u00e1micas\u201d","isPartOf":{"@id":"https:\/\/www.uartes.edu.ec\/sitio\/fr\/#website"},"primaryImageOfPage":{"@id":"https:\/\/www.uartes.edu.ec\/sitio\/fr\/blog\/2024\/06\/03\/una-muestra-de-dimensiones-dinamicas\/#primaryimage"},"image":{"@id":"https:\/\/www.uartes.edu.ec\/sitio\/fr\/blog\/2024\/06\/03\/una-muestra-de-dimensiones-dinamicas\/#primaryimage"},"thumbnailUrl":"https:\/\/www.uartes.edu.ec\/sitio\/wp-content\/uploads\/2024\/09\/03-EXPODIMENSIONES-DINAMICAS.jpg","datePublished":"2024-06-03T19:07:00+00:00","dateModified":"2024-09-16T20:24:14+00:00","description":"Universidad de las Artes - Una muestra de \u201cDimensiones Din\u00e1micas\u201d","breadcrumb":{"@id":"https:\/\/www.uartes.edu.ec\/sitio\/fr\/blog\/2024\/06\/03\/una-muestra-de-dimensiones-dinamicas\/#breadcrumb"},"inLanguage":"fr-FR","potentialAction":[{"@type":"ReadAction","target":["https:\/\/www.uartes.edu.ec\/sitio\/fr\/blog\/2024\/06\/03\/una-muestra-de-dimensiones-dinamicas\/"]}]},{"@type":"ImageObject","inLanguage":"fr-FR","@id":"https:\/\/www.uartes.edu.ec\/sitio\/fr\/blog\/2024\/06\/03\/una-muestra-de-dimensiones-dinamicas\/#primaryimage","url":"https:\/\/www.uartes.edu.ec\/sitio\/wp-content\/uploads\/2024\/09\/03-EXPODIMENSIONES-DINAMICAS.jpg","contentUrl":"https:\/\/www.uartes.edu.ec\/sitio\/wp-content\/uploads\/2024\/09\/03-EXPODIMENSIONES-DINAMICAS.jpg","width":2000,"height":1333},{"@type":"BreadcrumbList","@id":"https:\/\/www.uartes.edu.ec\/sitio\/fr\/blog\/2024\/06\/03\/una-muestra-de-dimensiones-dinamicas\/#breadcrumb","itemListElement":[{"@type":"ListItem","position":1,"name":"Inicio","item":"https:\/\/www.uartes.edu.ec\/sitio\/"},{"@type":"ListItem","position":2,"name":"Una muestra de \u201cDimensiones Din\u00e1micas\u201d"}]},{"@type":"WebSite","@id":"https:\/\/www.uartes.edu.ec\/sitio\/fr\/#website","url":"https:\/\/www.uartes.edu.ec\/sitio\/fr\/","name":"Universidad de las Artes","description":"Sitio oficial de la Universidad Nacional de las Artes del Ecuador","publisher":{"@id":"https:\/\/www.uartes.edu.ec\/sitio\/fr\/#organization"},"potentialAction":[{"@type":"SearchAction","target":{"@type":"EntryPoint","urlTemplate":"https:\/\/www.uartes.edu.ec\/sitio\/fr\/?s={search_term_string}"},"query-input":{"@type":"PropertyValueSpecification","valueRequired":true,"valueName":"search_term_string"}}],"inLanguage":"fr-FR"},{"@type":"Organization","@id":"https:\/\/www.uartes.edu.ec\/sitio\/fr\/#organization","name":"Universidad de las Artes","url":"https:\/\/www.uartes.edu.ec\/sitio\/fr\/","logo":{"@type":"ImageObject","inLanguage":"fr-FR","@id":"https:\/\/www.uartes.edu.ec\/sitio\/fr\/#\/schema\/logo\/image\/","url":"https:\/\/www.uartes.edu.ec\/sitio\/wp-content\/uploads\/2022\/07\/logo-ua-horizontal.png","contentUrl":"https:\/\/www.uartes.edu.ec\/sitio\/wp-content\/uploads\/2022\/07\/logo-ua-horizontal.png","width":800,"height":276,"caption":"Universidad de las Artes"},"image":{"@id":"https:\/\/www.uartes.edu.ec\/sitio\/fr\/#\/schema\/logo\/image\/"},"sameAs":["https:\/\/www.facebook.com\/uartesec","https:\/\/x.com\/uartesec","https:\/\/www.tiktok.com\/@uartesec"]},{"@type":"Person","@id":"https:\/\/www.uartes.edu.ec\/sitio\/fr\/#\/schema\/person\/efa1b8275797664fd7f13a79ccc0b1f4","name":"ccortez","image":{"@type":"ImageObject","inLanguage":"fr-FR","@id":"https:\/\/secure.gravatar.com\/avatar\/b2a6f664a3ae8e074346ef91775736c5ec479e637ecced6842de9dc98b5da9cd?s=96&d=mm&r=g","url":"https:\/\/secure.gravatar.com\/avatar\/b2a6f664a3ae8e074346ef91775736c5ec479e637ecced6842de9dc98b5da9cd?s=96&d=mm&r=g","contentUrl":"https:\/\/secure.gravatar.com\/avatar\/b2a6f664a3ae8e074346ef91775736c5ec479e637ecced6842de9dc98b5da9cd?s=96&d=mm&r=g","caption":"ccortez"},"url":"https:\/\/www.uartes.edu.ec\/sitio\/fr\/blog\/author\/ccortez\/"}]}},"uagb_featured_image_src":{"full":["https:\/\/www.uartes.edu.ec\/sitio\/wp-content\/uploads\/2024\/09\/03-EXPODIMENSIONES-DINAMICAS.jpg",2000,1333,false],"thumbnail":["https:\/\/www.uartes.edu.ec\/sitio\/wp-content\/uploads\/2024\/09\/03-EXPODIMENSIONES-DINAMICAS-150x150.jpg",150,150,true],"medium":["https:\/\/www.uartes.edu.ec\/sitio\/wp-content\/uploads\/2024\/09\/03-EXPODIMENSIONES-DINAMICAS-300x200.jpg",300,200,true],"medium_large":["https:\/\/www.uartes.edu.ec\/sitio\/wp-content\/uploads\/2024\/09\/03-EXPODIMENSIONES-DINAMICAS-768x512.jpg",768,512,true],"large":["https:\/\/www.uartes.edu.ec\/sitio\/wp-content\/uploads\/2024\/09\/03-EXPODIMENSIONES-DINAMICAS-644x429.jpg",644,429,true],"1536x1536":["https:\/\/www.uartes.edu.ec\/sitio\/wp-content\/uploads\/2024\/09\/03-EXPODIMENSIONES-DINAMICAS-1536x1024.jpg",1536,1024,true],"2048x2048":["https:\/\/www.uartes.edu.ec\/sitio\/wp-content\/uploads\/2024\/09\/03-EXPODIMENSIONES-DINAMICAS.jpg",2000,1333,false],"trp-custom-language-flag":["https:\/\/www.uartes.edu.ec\/sitio\/wp-content\/uploads\/2024\/09\/03-EXPODIMENSIONES-DINAMICAS-18x12.jpg",18,12,true],"htmega_size_585x295":["https:\/\/www.uartes.edu.ec\/sitio\/wp-content\/uploads\/2024\/09\/03-EXPODIMENSIONES-DINAMICAS-585x295.jpg",585,295,true],"htmega_size_1170x536":["https:\/\/www.uartes.edu.ec\/sitio\/wp-content\/uploads\/2024\/09\/03-EXPODIMENSIONES-DINAMICAS-1170x536.jpg",1170,536,true],"htmega_size_396x360":["https:\/\/www.uartes.edu.ec\/sitio\/wp-content\/uploads\/2024\/09\/03-EXPODIMENSIONES-DINAMICAS-396x360.jpg",396,360,true],"gb-block-post-grid-landscape":["https:\/\/www.uartes.edu.ec\/sitio\/wp-content\/uploads\/2024\/09\/03-EXPODIMENSIONES-DINAMICAS-600x400.jpg",600,400,true],"gb-block-post-grid-square":["https:\/\/www.uartes.edu.ec\/sitio\/wp-content\/uploads\/2024\/09\/03-EXPODIMENSIONES-DINAMICAS-600x600.jpg",600,600,true],"university-hub-thumb":["https:\/\/www.uartes.edu.ec\/sitio\/wp-content\/uploads\/2024\/09\/03-EXPODIMENSIONES-DINAMICAS-400x267.jpg",400,267,true]},"uagb_author_info":{"display_name":"ccortez","author_link":"https:\/\/www.uartes.edu.ec\/sitio\/fr\/blog\/author\/ccortez\/"},"uagb_comment_info":0,"uagb_excerpt":"Los resultados de la capacitaci\u00f3n profesionalizante \u201cM\u00e9todos computacional de dise\u00f1o\u201d, efectuada de manera conjunta por el MZ14 Centro de Producci\u00f3n e Innovaci\u00f3n UArtes y la Universidad de Guayaquil, se mostraron en \u201cDimensiones Din\u00e1micas\u201d, exposici\u00f3n realizada el 31 de mayo en el \u201cProject Room\u201d. Hubo instalaciones interactivas que combinaron tecnolog\u00eda digital y componentes auditivos y visuales\u2026","featured_image_src":"https:\/\/www.uartes.edu.ec\/sitio\/wp-content\/uploads\/2024\/09\/03-EXPODIMENSIONES-DINAMICAS-600x400.jpg","featured_image_src_square":"https:\/\/www.uartes.edu.ec\/sitio\/wp-content\/uploads\/2024\/09\/03-EXPODIMENSIONES-DINAMICAS-600x600.jpg","author_info":{"display_name":"ccortez","author_link":"https:\/\/www.uartes.edu.ec\/sitio\/fr\/blog\/author\/ccortez\/"},"publishpress_future_workflow_manual_trigger":{"enabledWorkflows":[]},"distributor_meta":false,"distributor_terms":false,"distributor_media":false,"distributor_original_site_name":"Universidad de las Artes","distributor_original_site_url":"https:\/\/www.uartes.edu.ec\/sitio\/fr","push-errors":false,"_links":{"self":[{"href":"https:\/\/www.uartes.edu.ec\/sitio\/fr\/wp-json\/wp\/v2\/posts\/61810","targetHints":{"allow":["GET"]}}],"collection":[{"href":"https:\/\/www.uartes.edu.ec\/sitio\/fr\/wp-json\/wp\/v2\/posts"}],"about":[{"href":"https:\/\/www.uartes.edu.ec\/sitio\/fr\/wp-json\/wp\/v2\/types\/post"}],"author":[{"embeddable":true,"href":"https:\/\/www.uartes.edu.ec\/sitio\/fr\/wp-json\/wp\/v2\/users\/10"}],"replies":[{"embeddable":true,"href":"https:\/\/www.uartes.edu.ec\/sitio\/fr\/wp-json\/wp\/v2\/comments?post=61810"}],"version-history":[{"count":9,"href":"https:\/\/www.uartes.edu.ec\/sitio\/fr\/wp-json\/wp\/v2\/posts\/61810\/revisions"}],"predecessor-version":[{"id":61850,"href":"https:\/\/www.uartes.edu.ec\/sitio\/fr\/wp-json\/wp\/v2\/posts\/61810\/revisions\/61850"}],"wp:featuredmedia":[{"embeddable":true,"href":"https:\/\/www.uartes.edu.ec\/sitio\/fr\/wp-json\/wp\/v2\/media\/61811"}],"wp:attachment":[{"href":"https:\/\/www.uartes.edu.ec\/sitio\/fr\/wp-json\/wp\/v2\/media?parent=61810"}],"wp:term":[{"taxonomy":"category","embeddable":true,"href":"https:\/\/www.uartes.edu.ec\/sitio\/fr\/wp-json\/wp\/v2\/categories?post=61810"},{"taxonomy":"post_tag","embeddable":true,"href":"https:\/\/www.uartes.edu.ec\/sitio\/fr\/wp-json\/wp\/v2\/tags?post=61810"},{"taxonomy":"infouartes","embeddable":true,"href":"https:\/\/www.uartes.edu.ec\/sitio\/fr\/wp-json\/wp\/v2\/infouartes?post=61810"}],"curies":[{"name":"wp","href":"https:\/\/api.w.org\/{rel}","templated":true}]}}