{"id":6224,"date":"2020-02-06T22:08:00","date_gmt":"2020-02-07T03:08:00","guid":{"rendered":"http:\/\/www.uartes.edu.ec\/sitio\/?p=6224"},"modified":"2024-07-04T11:48:37","modified_gmt":"2024-07-04T16:48:37","slug":"docentes-de-produccion-musical-recorrieron-las-instalaciones-que-tendra-la-eas-en-mz14","status":"publish","type":"post","link":"https:\/\/www.uartes.edu.ec\/sitio\/fr\/blog\/2020\/02\/06\/docentes-de-produccion-musical-recorrieron-las-instalaciones-que-tendra-la-eas-en-mz14\/","title":{"rendered":"Docentes de Producci\u00f3n Musical recorrieron  las instalaciones que tendr\u00e1 la EAS en MZ14"},"content":{"rendered":"<p class=\"has-text-align-right\"><em>La Escuela de Artes Sonoras de la Universidad de las Artes tendr\u00e1 en el edificio patrimonial MZ14 los mejores estudios de grabaci\u00f3n de Guayaquil. <\/em><\/p>\n\n\n\n<p>Un recorrido\npor las instalaciones de MZ14 realizaron el pasado 24 de enero los docentes de\nProducci\u00f3n Musical de la Escuela de Artes Sonoras. Previamente hubo una\nreuni\u00f3n, actividades organizadas por Andrey Astaiza, director de la escuela,\ncon el prop\u00f3sito de que se conozcan los nuevos espacios del edificio\npatrimonial recuperado por la Universidad de las Artes, los cuales se empezar\u00e1n\na utilizar tras su inauguraci\u00f3n durante la Semana Cero, que seg\u00fan el calendario\nacad\u00e9mico de la UArtes ser\u00e1 del lunes 6 al jueves 9 de abril pr\u00f3ximo.<\/p>\n\n\n\n<p>\u201cEra\nnecesario que los docentes conocieran las nuevas instalaciones, punto central\ndel desarrollo de nuestras actividades. All\u00ed los estudiantes trabajar\u00e1n sus\nproyectos y sus maestros podr\u00e1n visualizar sus avances creativos\u201d, indic\u00f3\nAndrey Astaiza.<\/p>\n\n\n\n<p>Dentro de\nlas instalaciones de MZ14, la Escuela de Artes Sonoras cuenta con dos estudios\nde grabaci\u00f3n. El Estudio A, ubicado en la segunda planta del edificio, el cual\nest\u00e1 ac\u00fasticamente equipado; sus tres cuartos de grabaci\u00f3n, junto con su Live Room\ncentral, permitir\u00e1n grabar formatos grandes de m\u00fasicos de manera simult\u00e1nea. La\nconsola adquirida para realizar estos trabajos es una Audient de 48 canales. \u201cLa\ngesti\u00f3n realizada por la Direcci\u00f3n de la Escuela y el Rectorado fue concebida\npara que los estudiantes reciban la mejor educaci\u00f3n p\u00fablica en artes y m\u00fasica\nen el Ecuador\u201d, acot\u00f3 Andrey Astaiza. <\/p>\n\n\n\n<p>Al igual que\nel Estudio A, el Estudio B posee tres cabinas de grabaci\u00f3n y equipos de alta\nfidelidad. <\/p>\n\n\n\n<div class=\"wp-block-image\"><figure class=\"aligncenter size-large\"><img fetchpriority=\"high\" decoding=\"async\" width=\"644\" height=\"429\" src=\"http:\/\/www.uartes.edu.ec\/sitio\/wp-content\/uploads\/2020\/02\/RECORRIDO-644x429.jpg\" alt=\"\" class=\"wp-image-6216\" srcset=\"https:\/\/www.uartes.edu.ec\/sitio\/wp-content\/uploads\/2020\/02\/RECORRIDO-644x429.jpg 644w, https:\/\/www.uartes.edu.ec\/sitio\/wp-content\/uploads\/2020\/02\/RECORRIDO-300x200.jpg 300w, https:\/\/www.uartes.edu.ec\/sitio\/wp-content\/uploads\/2020\/02\/RECORRIDO-768x512.jpg 768w, https:\/\/www.uartes.edu.ec\/sitio\/wp-content\/uploads\/2020\/02\/RECORRIDO-1536x1024.jpg 1536w, https:\/\/www.uartes.edu.ec\/sitio\/wp-content\/uploads\/2020\/02\/RECORRIDO-600x400.jpg 600w, https:\/\/www.uartes.edu.ec\/sitio\/wp-content\/uploads\/2020\/02\/RECORRIDO-400x267.jpg 400w, https:\/\/www.uartes.edu.ec\/sitio\/wp-content\/uploads\/2020\/02\/RECORRIDO-272x182.jpg 272w, https:\/\/www.uartes.edu.ec\/sitio\/wp-content\/uploads\/2020\/02\/RECORRIDO.jpg 2000w\" sizes=\"(max-width: 644px) 100vw, 644px\" \/><\/figure><\/div>\n\n\n\n<p>\u201cMZ14 cuenta\nactualmente con los mejores estudios de grabaci\u00f3n de Guayaquil, convirti\u00e9ndose\nen uno de los centros educativos de grabaci\u00f3n m\u00e1s importantes de\nLatinoam\u00e9rica\u201d, expres\u00f3 Diego Benalc\u00e1zar, quien enfatiz\u00f3 que dentro de la\nadquisici\u00f3n del equipamiento ac\u00fastico y t\u00e9cnico se contempl\u00f3 la instalaci\u00f3n en\nel edificio del sistema de grabaci\u00f3n DANTE. Este permite que se puedan realizar\ngrabaciones desde cualquier parte de la edificaci\u00f3n en el Estudio A.<\/p>\n\n\n\n<p>En la\nactualidad, MZ14 dispone de salas ac\u00fasticamente preparadas para que los alumnos\nde la Maestr\u00eda de Composici\u00f3n Musical puedan desarrollar sus proyectos de\ntesis. Estar\u00e1n equipadas con un piano, una computadora, parlantes e interface\npara que de esta manera la Universidad de las Artes, como instituci\u00f3n\nacad\u00e9mica, solvente las necesidades de los estudiantes tanto de pregrado como\nposgrado de la Escuela de Artes Sonoras. Tambi\u00e9n se halla&nbsp;una sala de\ncolorizaci\u00f3n, otra de experimentaci\u00f3n sonora y un taller de electroac\u00fastica,\ndonde alumnos y profesores podr\u00e1n desarrollar proyectos audiovisuales. <\/p>\n\n\n\n<p>En el edificio\npatrimonial MZ14 se cuenta, adem\u00e1s, con tres dormitorios para las residencias\nart\u00edsticas, lo cual facilita la creatividad de estudiantes y maestros de otras\nnacionalidades. \u201cLos espacios, el material y el equipamiento t\u00e9cnico son el\nresultado de dos a\u00f1os de esfuerzo y trabajo de la Escuela de Artes Sonoras, que\nas\u00ed responde al dialogo permanente con estudiantes y docentes de la Universidad\nde las Artes\u201d, sostuvo Andrey Astaiza. Es de anotar que un recorrido similar se\ncumplir\u00e1 en los siguientes d\u00edas con los docentes de M\u00fasica de la Escuela de\nArtes Sonoras. <\/p>","protected":false},"excerpt":{"rendered":"<p>La Escuela de Artes Sonoras de la Universidad de las Artes tendr\u00e1 en el edificio patrimonial MZ14 los mejores estudios de grabaci\u00f3n de Guayaquil. <\/p>","protected":false},"author":1,"featured_media":6218,"comment_status":"closed","ping_status":"closed","sticky":false,"template":"","format":"standard","meta":{"_acf_changed":false,"_uag_custom_page_level_css":"","_monsterinsights_skip_tracking":false,"_monsterinsights_sitenote_active":false,"_monsterinsights_sitenote_note":"","_monsterinsights_sitenote_category":0,"cybocfi_hide_featured_image":"","footnotes":""},"categories":[150,75],"tags":[106],"infouartes":[],"class_list":["post-6224","post","type-post","status-publish","format-standard","has-post-thumbnail","hentry","category-artes-sonoras","category-docentes","tag-mz14"],"acf":[],"yoast_head":"<!-- This site is optimized with the Yoast SEO plugin v27.4 - https:\/\/yoast.com\/product\/yoast-seo-wordpress\/ -->\n<title>Universidad de las Artes - Docentes de Producci\u00f3n Musical recorrieron las instalaciones que tendr\u00e1 la EAS en MZ14<\/title>\n<meta name=\"description\" content=\"Universidad de las Artes - Docentes de Producci\u00f3n Musical recorrieron las instalaciones que tendr\u00e1 la EAS en MZ14\" \/>\n<meta name=\"robots\" content=\"index, follow, max-snippet:-1, max-image-preview:large, max-video-preview:-1\" \/>\n<link rel=\"canonical\" href=\"https:\/\/www.uartes.edu.ec\/sitio\/fr\/blog\/2020\/02\/06\/docentes-de-produccion-musical-recorrieron-las-instalaciones-que-tendra-la-eas-en-mz14\/\" \/>\n<meta property=\"og:locale\" content=\"fr_FR\" \/>\n<meta property=\"og:type\" content=\"article\" \/>\n<meta property=\"og:title\" content=\"Universidad de las Artes - Docentes de Producci\u00f3n Musical recorrieron las instalaciones que tendr\u00e1 la EAS en MZ14\" \/>\n<meta property=\"og:description\" content=\"Universidad de las Artes - Docentes de Producci\u00f3n Musical recorrieron las instalaciones que tendr\u00e1 la EAS en MZ14\" \/>\n<meta property=\"og:url\" content=\"https:\/\/www.uartes.edu.ec\/sitio\/fr\/blog\/2020\/02\/06\/docentes-de-produccion-musical-recorrieron-las-instalaciones-que-tendra-la-eas-en-mz14\/\" \/>\n<meta property=\"og:site_name\" content=\"Universidad de las Artes\" \/>\n<meta property=\"article:publisher\" content=\"https:\/\/www.facebook.com\/uartesec\" \/>\n<meta property=\"article:published_time\" content=\"2020-02-07T03:08:00+00:00\" \/>\n<meta property=\"article:modified_time\" content=\"2024-07-04T16:48:37+00:00\" \/>\n<meta property=\"og:image\" content=\"https:\/\/www.uartes.edu.ec\/sitio\/wp-content\/uploads\/2020\/02\/EAS-MZ14-ESTUDIOS-DE-GRABACION-1.jpg\" \/>\n\t<meta property=\"og:image:width\" content=\"2000\" \/>\n\t<meta property=\"og:image:height\" content=\"1333\" \/>\n\t<meta property=\"og:image:type\" content=\"image\/jpeg\" \/>\n<meta name=\"author\" content=\"Universidad de las Artes\" \/>\n<meta name=\"twitter:card\" content=\"summary_large_image\" \/>\n<meta name=\"twitter:creator\" content=\"@uartesec\" \/>\n<meta name=\"twitter:site\" content=\"@uartesec\" \/>\n<meta name=\"twitter:label1\" content=\"\u00c9crit par\" \/>\n\t<meta name=\"twitter:data1\" content=\"Universidad de las Artes\" \/>\n\t<meta name=\"twitter:label2\" content=\"Dur\u00e9e de lecture estim\u00e9e\" \/>\n\t<meta name=\"twitter:data2\" content=\"3 minutes\" \/>\n<script type=\"application\/ld+json\" class=\"yoast-schema-graph\">{\"@context\":\"https:\\\/\\\/schema.org\",\"@graph\":[{\"@type\":\"Article\",\"@id\":\"https:\\\/\\\/www.uartes.edu.ec\\\/sitio\\\/fr\\\/blog\\\/2020\\\/02\\\/06\\\/docentes-de-produccion-musical-recorrieron-las-instalaciones-que-tendra-la-eas-en-mz14\\\/#article\",\"isPartOf\":{\"@id\":\"https:\\\/\\\/www.uartes.edu.ec\\\/sitio\\\/fr\\\/blog\\\/2020\\\/02\\\/06\\\/docentes-de-produccion-musical-recorrieron-las-instalaciones-que-tendra-la-eas-en-mz14\\\/\"},\"author\":{\"name\":\"Universidad de las Artes\",\"@id\":\"https:\\\/\\\/www.uartes.edu.ec\\\/sitio\\\/fr\\\/#\\\/schema\\\/person\\\/f33f8c1d2af0d5c80a38c8abf458184a\"},\"headline\":\"Docentes de Producci\u00f3n Musical recorrieron las instalaciones que tendr\u00e1 la EAS en MZ14\",\"datePublished\":\"2020-02-07T03:08:00+00:00\",\"dateModified\":\"2024-07-04T16:48:37+00:00\",\"mainEntityOfPage\":{\"@id\":\"https:\\\/\\\/www.uartes.edu.ec\\\/sitio\\\/fr\\\/blog\\\/2020\\\/02\\\/06\\\/docentes-de-produccion-musical-recorrieron-las-instalaciones-que-tendra-la-eas-en-mz14\\\/\"},\"wordCount\":576,\"publisher\":{\"@id\":\"https:\\\/\\\/www.uartes.edu.ec\\\/sitio\\\/fr\\\/#organization\"},\"image\":{\"@id\":\"https:\\\/\\\/www.uartes.edu.ec\\\/sitio\\\/fr\\\/blog\\\/2020\\\/02\\\/06\\\/docentes-de-produccion-musical-recorrieron-las-instalaciones-que-tendra-la-eas-en-mz14\\\/#primaryimage\"},\"thumbnailUrl\":\"https:\\\/\\\/www.uartes.edu.ec\\\/sitio\\\/wp-content\\\/uploads\\\/2020\\\/02\\\/EAS-MZ14-ESTUDIOS-DE-GRABACION-1.jpg\",\"keywords\":[\"mz14\"],\"articleSection\":[\"Artes Sonoras\",\"Docentes\"],\"inLanguage\":\"fr-FR\"},{\"@type\":[\"WebPage\",\"ItemPage\"],\"@id\":\"https:\\\/\\\/www.uartes.edu.ec\\\/sitio\\\/fr\\\/blog\\\/2020\\\/02\\\/06\\\/docentes-de-produccion-musical-recorrieron-las-instalaciones-que-tendra-la-eas-en-mz14\\\/\",\"url\":\"https:\\\/\\\/www.uartes.edu.ec\\\/sitio\\\/fr\\\/blog\\\/2020\\\/02\\\/06\\\/docentes-de-produccion-musical-recorrieron-las-instalaciones-que-tendra-la-eas-en-mz14\\\/\",\"name\":\"Universidad de las Artes - Docentes de Producci\u00f3n Musical recorrieron las instalaciones que tendr\u00e1 la EAS en MZ14\",\"isPartOf\":{\"@id\":\"https:\\\/\\\/www.uartes.edu.ec\\\/sitio\\\/fr\\\/#website\"},\"primaryImageOfPage\":{\"@id\":\"https:\\\/\\\/www.uartes.edu.ec\\\/sitio\\\/fr\\\/blog\\\/2020\\\/02\\\/06\\\/docentes-de-produccion-musical-recorrieron-las-instalaciones-que-tendra-la-eas-en-mz14\\\/#primaryimage\"},\"image\":{\"@id\":\"https:\\\/\\\/www.uartes.edu.ec\\\/sitio\\\/fr\\\/blog\\\/2020\\\/02\\\/06\\\/docentes-de-produccion-musical-recorrieron-las-instalaciones-que-tendra-la-eas-en-mz14\\\/#primaryimage\"},\"thumbnailUrl\":\"https:\\\/\\\/www.uartes.edu.ec\\\/sitio\\\/wp-content\\\/uploads\\\/2020\\\/02\\\/EAS-MZ14-ESTUDIOS-DE-GRABACION-1.jpg\",\"datePublished\":\"2020-02-07T03:08:00+00:00\",\"dateModified\":\"2024-07-04T16:48:37+00:00\",\"description\":\"Universidad de las Artes - Docentes de Producci\u00f3n Musical recorrieron las instalaciones que tendr\u00e1 la EAS en MZ14\",\"breadcrumb\":{\"@id\":\"https:\\\/\\\/www.uartes.edu.ec\\\/sitio\\\/fr\\\/blog\\\/2020\\\/02\\\/06\\\/docentes-de-produccion-musical-recorrieron-las-instalaciones-que-tendra-la-eas-en-mz14\\\/#breadcrumb\"},\"inLanguage\":\"fr-FR\",\"potentialAction\":[{\"@type\":\"ReadAction\",\"target\":[\"https:\\\/\\\/www.uartes.edu.ec\\\/sitio\\\/fr\\\/blog\\\/2020\\\/02\\\/06\\\/docentes-de-produccion-musical-recorrieron-las-instalaciones-que-tendra-la-eas-en-mz14\\\/\"]}]},{\"@type\":\"ImageObject\",\"inLanguage\":\"fr-FR\",\"@id\":\"https:\\\/\\\/www.uartes.edu.ec\\\/sitio\\\/fr\\\/blog\\\/2020\\\/02\\\/06\\\/docentes-de-produccion-musical-recorrieron-las-instalaciones-que-tendra-la-eas-en-mz14\\\/#primaryimage\",\"url\":\"https:\\\/\\\/www.uartes.edu.ec\\\/sitio\\\/wp-content\\\/uploads\\\/2020\\\/02\\\/EAS-MZ14-ESTUDIOS-DE-GRABACION-1.jpg\",\"contentUrl\":\"https:\\\/\\\/www.uartes.edu.ec\\\/sitio\\\/wp-content\\\/uploads\\\/2020\\\/02\\\/EAS-MZ14-ESTUDIOS-DE-GRABACION-1.jpg\",\"width\":2000,\"height\":1333},{\"@type\":\"BreadcrumbList\",\"@id\":\"https:\\\/\\\/www.uartes.edu.ec\\\/sitio\\\/fr\\\/blog\\\/2020\\\/02\\\/06\\\/docentes-de-produccion-musical-recorrieron-las-instalaciones-que-tendra-la-eas-en-mz14\\\/#breadcrumb\",\"itemListElement\":[{\"@type\":\"ListItem\",\"position\":1,\"name\":\"Inicio\",\"item\":\"https:\\\/\\\/www.uartes.edu.ec\\\/sitio\\\/\"},{\"@type\":\"ListItem\",\"position\":2,\"name\":\"Docentes de Producci\u00f3n Musical recorrieron las instalaciones que tendr\u00e1 la EAS en MZ14\"}]},{\"@type\":\"WebSite\",\"@id\":\"https:\\\/\\\/www.uartes.edu.ec\\\/sitio\\\/fr\\\/#website\",\"url\":\"https:\\\/\\\/www.uartes.edu.ec\\\/sitio\\\/fr\\\/\",\"name\":\"Universidad de las Artes\",\"description\":\"Sitio oficial de la Universidad Nacional de las Artes del Ecuador\",\"publisher\":{\"@id\":\"https:\\\/\\\/www.uartes.edu.ec\\\/sitio\\\/fr\\\/#organization\"},\"potentialAction\":[{\"@type\":\"SearchAction\",\"target\":{\"@type\":\"EntryPoint\",\"urlTemplate\":\"https:\\\/\\\/www.uartes.edu.ec\\\/sitio\\\/fr\\\/?s={search_term_string}\"},\"query-input\":{\"@type\":\"PropertyValueSpecification\",\"valueRequired\":true,\"valueName\":\"search_term_string\"}}],\"inLanguage\":\"fr-FR\"},{\"@type\":\"Organization\",\"@id\":\"https:\\\/\\\/www.uartes.edu.ec\\\/sitio\\\/fr\\\/#organization\",\"name\":\"Universidad de las Artes\",\"url\":\"https:\\\/\\\/www.uartes.edu.ec\\\/sitio\\\/fr\\\/\",\"logo\":{\"@type\":\"ImageObject\",\"inLanguage\":\"fr-FR\",\"@id\":\"https:\\\/\\\/www.uartes.edu.ec\\\/sitio\\\/fr\\\/#\\\/schema\\\/logo\\\/image\\\/\",\"url\":\"https:\\\/\\\/www.uartes.edu.ec\\\/sitio\\\/wp-content\\\/uploads\\\/2022\\\/07\\\/logo-ua-horizontal.png\",\"contentUrl\":\"https:\\\/\\\/www.uartes.edu.ec\\\/sitio\\\/wp-content\\\/uploads\\\/2022\\\/07\\\/logo-ua-horizontal.png\",\"width\":800,\"height\":276,\"caption\":\"Universidad de las Artes\"},\"image\":{\"@id\":\"https:\\\/\\\/www.uartes.edu.ec\\\/sitio\\\/fr\\\/#\\\/schema\\\/logo\\\/image\\\/\"},\"sameAs\":[\"https:\\\/\\\/www.facebook.com\\\/uartesec\",\"https:\\\/\\\/x.com\\\/uartesec\",\"https:\\\/\\\/www.tiktok.com\\\/@uartesec\"]},{\"@type\":\"Person\",\"@id\":\"https:\\\/\\\/www.uartes.edu.ec\\\/sitio\\\/fr\\\/#\\\/schema\\\/person\\\/f33f8c1d2af0d5c80a38c8abf458184a\",\"name\":\"Universidad de las Artes\",\"image\":{\"@type\":\"ImageObject\",\"inLanguage\":\"fr-FR\",\"@id\":\"https:\\\/\\\/secure.gravatar.com\\\/avatar\\\/52e4757902f5cfa5ac52d020e5be83cae5487519154b6c35482fe08d589f3c13?s=96&d=mm&r=g\",\"url\":\"https:\\\/\\\/secure.gravatar.com\\\/avatar\\\/52e4757902f5cfa5ac52d020e5be83cae5487519154b6c35482fe08d589f3c13?s=96&d=mm&r=g\",\"contentUrl\":\"https:\\\/\\\/secure.gravatar.com\\\/avatar\\\/52e4757902f5cfa5ac52d020e5be83cae5487519154b6c35482fe08d589f3c13?s=96&d=mm&r=g\",\"caption\":\"Universidad de las Artes\"},\"url\":\"https:\\\/\\\/www.uartes.edu.ec\\\/sitio\\\/fr\\\/blog\\\/author\\\/dircomadm\\\/\"}]}<\/script>\n<!-- \/ Yoast SEO plugin. -->","yoast_head_json":{"title":"Universidad de las Artes - Docentes de Producci\u00f3n Musical recorrieron las instalaciones que tendr\u00e1 la EAS en MZ14","description":"Universidad de las Artes - Docentes de Producci\u00f3n Musical recorrieron las instalaciones que tendr\u00e1 la EAS en MZ14","robots":{"index":"index","follow":"follow","max-snippet":"max-snippet:-1","max-image-preview":"max-image-preview:large","max-video-preview":"max-video-preview:-1"},"canonical":"https:\/\/www.uartes.edu.ec\/sitio\/fr\/blog\/2020\/02\/06\/docentes-de-produccion-musical-recorrieron-las-instalaciones-que-tendra-la-eas-en-mz14\/","og_locale":"fr_FR","og_type":"article","og_title":"Universidad de las Artes - Docentes de Producci\u00f3n Musical recorrieron las instalaciones que tendr\u00e1 la EAS en MZ14","og_description":"Universidad de las Artes - Docentes de Producci\u00f3n Musical recorrieron las instalaciones que tendr\u00e1 la EAS en MZ14","og_url":"https:\/\/www.uartes.edu.ec\/sitio\/fr\/blog\/2020\/02\/06\/docentes-de-produccion-musical-recorrieron-las-instalaciones-que-tendra-la-eas-en-mz14\/","og_site_name":"Universidad de las Artes","article_publisher":"https:\/\/www.facebook.com\/uartesec","article_published_time":"2020-02-07T03:08:00+00:00","article_modified_time":"2024-07-04T16:48:37+00:00","og_image":[{"width":2000,"height":1333,"url":"https:\/\/www.uartes.edu.ec\/sitio\/wp-content\/uploads\/2020\/02\/EAS-MZ14-ESTUDIOS-DE-GRABACION-1.jpg","type":"image\/jpeg"}],"author":"Universidad de las Artes","twitter_card":"summary_large_image","twitter_creator":"@uartesec","twitter_site":"@uartesec","twitter_misc":{"\u00c9crit par":"Universidad de las Artes","Dur\u00e9e de lecture estim\u00e9e":"3 minutes"},"schema":{"@context":"https:\/\/schema.org","@graph":[{"@type":"Article","@id":"https:\/\/www.uartes.edu.ec\/sitio\/fr\/blog\/2020\/02\/06\/docentes-de-produccion-musical-recorrieron-las-instalaciones-que-tendra-la-eas-en-mz14\/#article","isPartOf":{"@id":"https:\/\/www.uartes.edu.ec\/sitio\/fr\/blog\/2020\/02\/06\/docentes-de-produccion-musical-recorrieron-las-instalaciones-que-tendra-la-eas-en-mz14\/"},"author":{"name":"Universidad de las Artes","@id":"https:\/\/www.uartes.edu.ec\/sitio\/fr\/#\/schema\/person\/f33f8c1d2af0d5c80a38c8abf458184a"},"headline":"Docentes de Producci\u00f3n Musical recorrieron las instalaciones que tendr\u00e1 la EAS en MZ14","datePublished":"2020-02-07T03:08:00+00:00","dateModified":"2024-07-04T16:48:37+00:00","mainEntityOfPage":{"@id":"https:\/\/www.uartes.edu.ec\/sitio\/fr\/blog\/2020\/02\/06\/docentes-de-produccion-musical-recorrieron-las-instalaciones-que-tendra-la-eas-en-mz14\/"},"wordCount":576,"publisher":{"@id":"https:\/\/www.uartes.edu.ec\/sitio\/fr\/#organization"},"image":{"@id":"https:\/\/www.uartes.edu.ec\/sitio\/fr\/blog\/2020\/02\/06\/docentes-de-produccion-musical-recorrieron-las-instalaciones-que-tendra-la-eas-en-mz14\/#primaryimage"},"thumbnailUrl":"https:\/\/www.uartes.edu.ec\/sitio\/wp-content\/uploads\/2020\/02\/EAS-MZ14-ESTUDIOS-DE-GRABACION-1.jpg","keywords":["mz14"],"articleSection":["Artes Sonoras","Docentes"],"inLanguage":"fr-FR"},{"@type":["WebPage","ItemPage"],"@id":"https:\/\/www.uartes.edu.ec\/sitio\/fr\/blog\/2020\/02\/06\/docentes-de-produccion-musical-recorrieron-las-instalaciones-que-tendra-la-eas-en-mz14\/","url":"https:\/\/www.uartes.edu.ec\/sitio\/fr\/blog\/2020\/02\/06\/docentes-de-produccion-musical-recorrieron-las-instalaciones-que-tendra-la-eas-en-mz14\/","name":"Universidad de las Artes - Docentes de Producci\u00f3n Musical recorrieron las instalaciones que tendr\u00e1 la EAS en MZ14","isPartOf":{"@id":"https:\/\/www.uartes.edu.ec\/sitio\/fr\/#website"},"primaryImageOfPage":{"@id":"https:\/\/www.uartes.edu.ec\/sitio\/fr\/blog\/2020\/02\/06\/docentes-de-produccion-musical-recorrieron-las-instalaciones-que-tendra-la-eas-en-mz14\/#primaryimage"},"image":{"@id":"https:\/\/www.uartes.edu.ec\/sitio\/fr\/blog\/2020\/02\/06\/docentes-de-produccion-musical-recorrieron-las-instalaciones-que-tendra-la-eas-en-mz14\/#primaryimage"},"thumbnailUrl":"https:\/\/www.uartes.edu.ec\/sitio\/wp-content\/uploads\/2020\/02\/EAS-MZ14-ESTUDIOS-DE-GRABACION-1.jpg","datePublished":"2020-02-07T03:08:00+00:00","dateModified":"2024-07-04T16:48:37+00:00","description":"Universidad de las Artes - Docentes de Producci\u00f3n Musical recorrieron las instalaciones que tendr\u00e1 la EAS en MZ14","breadcrumb":{"@id":"https:\/\/www.uartes.edu.ec\/sitio\/fr\/blog\/2020\/02\/06\/docentes-de-produccion-musical-recorrieron-las-instalaciones-que-tendra-la-eas-en-mz14\/#breadcrumb"},"inLanguage":"fr-FR","potentialAction":[{"@type":"ReadAction","target":["https:\/\/www.uartes.edu.ec\/sitio\/fr\/blog\/2020\/02\/06\/docentes-de-produccion-musical-recorrieron-las-instalaciones-que-tendra-la-eas-en-mz14\/"]}]},{"@type":"ImageObject","inLanguage":"fr-FR","@id":"https:\/\/www.uartes.edu.ec\/sitio\/fr\/blog\/2020\/02\/06\/docentes-de-produccion-musical-recorrieron-las-instalaciones-que-tendra-la-eas-en-mz14\/#primaryimage","url":"https:\/\/www.uartes.edu.ec\/sitio\/wp-content\/uploads\/2020\/02\/EAS-MZ14-ESTUDIOS-DE-GRABACION-1.jpg","contentUrl":"https:\/\/www.uartes.edu.ec\/sitio\/wp-content\/uploads\/2020\/02\/EAS-MZ14-ESTUDIOS-DE-GRABACION-1.jpg","width":2000,"height":1333},{"@type":"BreadcrumbList","@id":"https:\/\/www.uartes.edu.ec\/sitio\/fr\/blog\/2020\/02\/06\/docentes-de-produccion-musical-recorrieron-las-instalaciones-que-tendra-la-eas-en-mz14\/#breadcrumb","itemListElement":[{"@type":"ListItem","position":1,"name":"Inicio","item":"https:\/\/www.uartes.edu.ec\/sitio\/"},{"@type":"ListItem","position":2,"name":"Docentes de Producci\u00f3n Musical recorrieron las instalaciones que tendr\u00e1 la EAS en MZ14"}]},{"@type":"WebSite","@id":"https:\/\/www.uartes.edu.ec\/sitio\/fr\/#website","url":"https:\/\/www.uartes.edu.ec\/sitio\/fr\/","name":"Universidad de las Artes","description":"Sitio oficial de la Universidad Nacional de las Artes del Ecuador","publisher":{"@id":"https:\/\/www.uartes.edu.ec\/sitio\/fr\/#organization"},"potentialAction":[{"@type":"SearchAction","target":{"@type":"EntryPoint","urlTemplate":"https:\/\/www.uartes.edu.ec\/sitio\/fr\/?s={search_term_string}"},"query-input":{"@type":"PropertyValueSpecification","valueRequired":true,"valueName":"search_term_string"}}],"inLanguage":"fr-FR"},{"@type":"Organization","@id":"https:\/\/www.uartes.edu.ec\/sitio\/fr\/#organization","name":"Universidad de las Artes","url":"https:\/\/www.uartes.edu.ec\/sitio\/fr\/","logo":{"@type":"ImageObject","inLanguage":"fr-FR","@id":"https:\/\/www.uartes.edu.ec\/sitio\/fr\/#\/schema\/logo\/image\/","url":"https:\/\/www.uartes.edu.ec\/sitio\/wp-content\/uploads\/2022\/07\/logo-ua-horizontal.png","contentUrl":"https:\/\/www.uartes.edu.ec\/sitio\/wp-content\/uploads\/2022\/07\/logo-ua-horizontal.png","width":800,"height":276,"caption":"Universidad de las Artes"},"image":{"@id":"https:\/\/www.uartes.edu.ec\/sitio\/fr\/#\/schema\/logo\/image\/"},"sameAs":["https:\/\/www.facebook.com\/uartesec","https:\/\/x.com\/uartesec","https:\/\/www.tiktok.com\/@uartesec"]},{"@type":"Person","@id":"https:\/\/www.uartes.edu.ec\/sitio\/fr\/#\/schema\/person\/f33f8c1d2af0d5c80a38c8abf458184a","name":"Universidad de las Artes","image":{"@type":"ImageObject","inLanguage":"fr-FR","@id":"https:\/\/secure.gravatar.com\/avatar\/52e4757902f5cfa5ac52d020e5be83cae5487519154b6c35482fe08d589f3c13?s=96&d=mm&r=g","url":"https:\/\/secure.gravatar.com\/avatar\/52e4757902f5cfa5ac52d020e5be83cae5487519154b6c35482fe08d589f3c13?s=96&d=mm&r=g","contentUrl":"https:\/\/secure.gravatar.com\/avatar\/52e4757902f5cfa5ac52d020e5be83cae5487519154b6c35482fe08d589f3c13?s=96&d=mm&r=g","caption":"Universidad de las Artes"},"url":"https:\/\/www.uartes.edu.ec\/sitio\/fr\/blog\/author\/dircomadm\/"}]}},"uagb_featured_image_src":{"full":["https:\/\/www.uartes.edu.ec\/sitio\/wp-content\/uploads\/2020\/02\/EAS-MZ14-ESTUDIOS-DE-GRABACION-1.jpg",2000,1333,false],"thumbnail":["https:\/\/www.uartes.edu.ec\/sitio\/wp-content\/uploads\/2020\/02\/EAS-MZ14-ESTUDIOS-DE-GRABACION-1-150x150.jpg",150,150,true],"medium":["https:\/\/www.uartes.edu.ec\/sitio\/wp-content\/uploads\/2020\/02\/EAS-MZ14-ESTUDIOS-DE-GRABACION-1-300x200.jpg",300,200,true],"medium_large":["https:\/\/www.uartes.edu.ec\/sitio\/wp-content\/uploads\/2020\/02\/EAS-MZ14-ESTUDIOS-DE-GRABACION-1-768x512.jpg",768,512,true],"large":["https:\/\/www.uartes.edu.ec\/sitio\/wp-content\/uploads\/2020\/02\/EAS-MZ14-ESTUDIOS-DE-GRABACION-1-644x429.jpg",644,429,true],"1536x1536":["https:\/\/www.uartes.edu.ec\/sitio\/wp-content\/uploads\/2020\/02\/EAS-MZ14-ESTUDIOS-DE-GRABACION-1-1536x1024.jpg",1536,1024,true],"2048x2048":["https:\/\/www.uartes.edu.ec\/sitio\/wp-content\/uploads\/2020\/02\/EAS-MZ14-ESTUDIOS-DE-GRABACION-1.jpg",2000,1333,false],"trp-custom-language-flag":["https:\/\/www.uartes.edu.ec\/sitio\/wp-content\/uploads\/2020\/02\/EAS-MZ14-ESTUDIOS-DE-GRABACION-1.jpg",18,12,false],"htmega_size_585x295":["https:\/\/www.uartes.edu.ec\/sitio\/wp-content\/uploads\/2020\/02\/EAS-MZ14-ESTUDIOS-DE-GRABACION-1.jpg",443,295,false],"htmega_size_1170x536":["https:\/\/www.uartes.edu.ec\/sitio\/wp-content\/uploads\/2020\/02\/EAS-MZ14-ESTUDIOS-DE-GRABACION-1.jpg",804,536,false],"htmega_size_396x360":["https:\/\/www.uartes.edu.ec\/sitio\/wp-content\/uploads\/2020\/02\/EAS-MZ14-ESTUDIOS-DE-GRABACION-1.jpg",396,264,false],"gb-block-post-grid-landscape":["https:\/\/www.uartes.edu.ec\/sitio\/wp-content\/uploads\/2020\/02\/EAS-MZ14-ESTUDIOS-DE-GRABACION-1.jpg",600,400,false],"gb-block-post-grid-square":["https:\/\/www.uartes.edu.ec\/sitio\/wp-content\/uploads\/2020\/02\/EAS-MZ14-ESTUDIOS-DE-GRABACION-1.jpg",600,400,false],"university-hub-thumb":["https:\/\/www.uartes.edu.ec\/sitio\/wp-content\/uploads\/2020\/02\/EAS-MZ14-ESTUDIOS-DE-GRABACION-1-400x267.jpg",400,267,true]},"uagb_author_info":{"display_name":"Universidad de las Artes","author_link":"https:\/\/www.uartes.edu.ec\/sitio\/fr\/blog\/author\/dircomadm\/"},"uagb_comment_info":0,"uagb_excerpt":"La Escuela de Artes Sonoras de la Universidad de las Artes tendr\u00e1 en el edificio patrimonial MZ14 los mejores estudios de grabaci\u00f3n de Guayaquil.","featured_image_src":"https:\/\/www.uartes.edu.ec\/sitio\/wp-content\/uploads\/2020\/02\/EAS-MZ14-ESTUDIOS-DE-GRABACION-1.jpg","featured_image_src_square":"https:\/\/www.uartes.edu.ec\/sitio\/wp-content\/uploads\/2020\/02\/EAS-MZ14-ESTUDIOS-DE-GRABACION-1.jpg","author_info":{"display_name":"Universidad de las Artes","author_link":"https:\/\/www.uartes.edu.ec\/sitio\/fr\/blog\/author\/dircomadm\/"},"publishpress_future_workflow_manual_trigger":{"enabledWorkflows":[]},"distributor_meta":false,"distributor_terms":false,"distributor_media":false,"distributor_original_site_name":"Universidad de las Artes","distributor_original_site_url":"https:\/\/www.uartes.edu.ec\/sitio\/fr","push-errors":false,"_links":{"self":[{"href":"https:\/\/www.uartes.edu.ec\/sitio\/fr\/wp-json\/wp\/v2\/posts\/6224","targetHints":{"allow":["GET"]}}],"collection":[{"href":"https:\/\/www.uartes.edu.ec\/sitio\/fr\/wp-json\/wp\/v2\/posts"}],"about":[{"href":"https:\/\/www.uartes.edu.ec\/sitio\/fr\/wp-json\/wp\/v2\/types\/post"}],"author":[{"embeddable":true,"href":"https:\/\/www.uartes.edu.ec\/sitio\/fr\/wp-json\/wp\/v2\/users\/1"}],"replies":[{"embeddable":true,"href":"https:\/\/www.uartes.edu.ec\/sitio\/fr\/wp-json\/wp\/v2\/comments?post=6224"}],"version-history":[{"count":2,"href":"https:\/\/www.uartes.edu.ec\/sitio\/fr\/wp-json\/wp\/v2\/posts\/6224\/revisions"}],"predecessor-version":[{"id":57672,"href":"https:\/\/www.uartes.edu.ec\/sitio\/fr\/wp-json\/wp\/v2\/posts\/6224\/revisions\/57672"}],"wp:featuredmedia":[{"embeddable":true,"href":"https:\/\/www.uartes.edu.ec\/sitio\/fr\/wp-json\/wp\/v2\/media\/6218"}],"wp:attachment":[{"href":"https:\/\/www.uartes.edu.ec\/sitio\/fr\/wp-json\/wp\/v2\/media?parent=6224"}],"wp:term":[{"taxonomy":"category","embeddable":true,"href":"https:\/\/www.uartes.edu.ec\/sitio\/fr\/wp-json\/wp\/v2\/categories?post=6224"},{"taxonomy":"post_tag","embeddable":true,"href":"https:\/\/www.uartes.edu.ec\/sitio\/fr\/wp-json\/wp\/v2\/tags?post=6224"},{"taxonomy":"infouartes","embeddable":true,"href":"https:\/\/www.uartes.edu.ec\/sitio\/fr\/wp-json\/wp\/v2\/infouartes?post=6224"}],"curies":[{"name":"wp","href":"https:\/\/api.w.org\/{rel}","templated":true}]}}