{"id":6226,"date":"2020-02-06T22:13:00","date_gmt":"2020-02-07T03:13:00","guid":{"rendered":"http:\/\/www.uartes.edu.ec\/sitio\/?p=6226"},"modified":"2024-07-04T11:48:37","modified_gmt":"2024-07-04T16:48:37","slug":"escuela-de-artes-sonoras-y-su-primer-video-en-youtube","status":"publish","type":"post","link":"https:\/\/www.uartes.edu.ec\/sitio\/fr\/blog\/2020\/02\/06\/escuela-de-artes-sonoras-y-su-primer-video-en-youtube\/","title":{"rendered":"Escuela de Artes Sonoras y  su primer video en YouTube"},"content":{"rendered":"<p class=\"has-text-align-right\"><em>\u201cCanci\u00f3n para los d\u00edas de la vida\u201d, de la autor\u00eda del artista argentino Luis Alberto Spinetta, es la producci\u00f3n que grab\u00f3 el Ensamble de Guitarras El\u00e9ctricas formado por el docente Andr\u00e9s Noboa e integrado por estudiantes de la EAS. <\/em><\/p>\n\n\n\n<p>El 24 de enero la Escuela de Artes\nSonoras realiz\u00f3 el lanzamiento de su primer video en YouTube. El tema\ninterpretado por el Ensamble de Guitarras El\u00e9ctricas que se aprecia en el\naudiovisual es \u201cCanci\u00f3n para los d\u00edas de la vida\u201d, de la autor\u00eda del artista argentino Luis Alberto Spinetta (la cual consta\nen el disco \u201cA 18 minutos del sol\u201d, 1977). Se grab\u00f3 en las clases de T\u00e9cnicas\nde Grabaci\u00f3n II que dicta Andr\u00e9s Bracero, la edici\u00f3n de video corri\u00f3 a cargo de\nEsteban Mena y los arreglos de Andr\u00e9s Noboa; todos docentes de la EAS.<\/p>\n\n\n\n<p>Justamente es Andr\u00e9s Noboa quien da\ndetalles del proceso de producci\u00f3n de \u201cCanci\u00f3n para los d\u00edas de la vida\u201d: \u201cEl ensamble\nfue una iniciativa de la c\u00e1tedra de Guitarra. Se escogieron a alumnos\ndestacados de la carrera de Artes Sonoras que estuvieran dispuestos a\nparticipar en \u00e9l.&nbsp; Una vez armado el grupo decidimos trabajar con la\nm\u00fasica del compositor Luis Alberto Spinetta por algunas razones, entre ellas el\nv\u00ednculo con los gustos de los miembros del ensamble y, la m\u00e1s importante, lo\nexpansiva que es su obra a lo largo de su carrera. Es m\u00fasica con profunda\npoes\u00eda y, pese a partir de un lugar intuitivo, sus elementos musicales de alta\ncomplejidad permit\u00edan abordar un trabajo junto a un ensamble de c\u00e1mara poco\nortodoxo como el que se estaba planteando\u201d.<\/p>\n\n\n\n<p>Andr\u00e9s Noboa agrega que Andr\u00e9s Bracero al verlo entusiasmado con los resultados musicales del grupo le propuso realizar una grabaci\u00f3n en colaboraci\u00f3n con su clase de T\u00e9cnicas de Grabaci\u00f3n II.\u00a0 \u201cAs\u00ed fue como llegamos a realizar esta producci\u00f3n que cont\u00f3 con la participaci\u00f3n del docente Esteban Mena en la postproducci\u00f3n de video\u201d. La Escuela de Artes Sonoras, indica, est\u00e1 generando contenido, sesiones en vivo, entrevistas y otros formatos de intercambio art\u00edstico creativo.\u00a0 \u201cEs necesario visualizar el trabajo que realiza nuestra escuela, ya que el alcance es grande por la variedad de est\u00e9ticas que manejan docentes y alumnos.\u00a0Este es el motivo principal para generar un canal de Youtube, que sigue siendo la plataforma de difusi\u00f3n m\u00e1s importante de los \u00faltimos tiempos\u201d. <\/p>\n\n\n\n<figure class=\"wp-block-embed-youtube wp-block-embed is-type-video is-provider-youtube wp-embed-aspect-16-9 wp-has-aspect-ratio\"><div class=\"wp-block-embed__wrapper\">\n<iframe title=\"Canci\u00f3n para los d\u00edas de la vida (Luis Alberto Spinetta)\/Ensamble de Guitarras El\u00e9ctricas - UArtes\" width=\"771\" height=\"434\" src=\"https:\/\/www.youtube.com\/embed\/DEgGDrvNCUQ?feature=oembed\" frameborder=\"0\" allow=\"accelerometer; autoplay; clipboard-write; encrypted-media; gyroscope; picture-in-picture\" allowfullscreen><\/iframe>\n<\/div><\/figure>","protected":false},"excerpt":{"rendered":"<p>\u201cCanci\u00f3n para los d\u00edas de la vida\u201d, de la autor\u00eda del artista argentino Luis Alberto Spinetta, es la producci\u00f3n que grab\u00f3 el Ensamble de Guitarras El\u00e9ctricas formado por el docente Andr\u00e9s Noboa e integrado por estudiantes de la EAS. <\/p>","protected":false},"author":1,"featured_media":6219,"comment_status":"closed","ping_status":"closed","sticky":false,"template":"","format":"standard","meta":{"_acf_changed":false,"_uag_custom_page_level_css":"","_monsterinsights_skip_tracking":false,"_monsterinsights_sitenote_active":false,"_monsterinsights_sitenote_note":"","_monsterinsights_sitenote_category":0,"cybocfi_hide_featured_image":"","footnotes":""},"categories":[150,75,76],"tags":[206],"infouartes":[],"class_list":["post-6226","post","type-post","status-publish","format-standard","has-post-thumbnail","hentry","category-artes-sonoras","category-docentes","category-estudiantes","tag-youtube"],"acf":[],"yoast_head":"<!-- This site is optimized with the Yoast SEO plugin v27.4 - https:\/\/yoast.com\/product\/yoast-seo-wordpress\/ -->\n<title>Universidad de las Artes - Escuela de Artes Sonoras y su primer video en YouTube<\/title>\n<meta name=\"description\" content=\"Universidad de las Artes - Escuela de Artes Sonoras y su primer video en YouTube\" \/>\n<meta name=\"robots\" content=\"index, follow, max-snippet:-1, max-image-preview:large, max-video-preview:-1\" \/>\n<link rel=\"canonical\" href=\"https:\/\/www.uartes.edu.ec\/sitio\/fr\/blog\/2020\/02\/06\/escuela-de-artes-sonoras-y-su-primer-video-en-youtube\/\" \/>\n<meta property=\"og:locale\" content=\"fr_FR\" \/>\n<meta property=\"og:type\" content=\"article\" \/>\n<meta property=\"og:title\" content=\"Universidad de las Artes - Escuela de Artes Sonoras y su primer video en YouTube\" \/>\n<meta property=\"og:description\" content=\"Universidad de las Artes - Escuela de Artes Sonoras y su primer video en YouTube\" \/>\n<meta property=\"og:url\" content=\"https:\/\/www.uartes.edu.ec\/sitio\/fr\/blog\/2020\/02\/06\/escuela-de-artes-sonoras-y-su-primer-video-en-youtube\/\" \/>\n<meta property=\"og:site_name\" content=\"Universidad de las Artes\" \/>\n<meta property=\"article:publisher\" content=\"https:\/\/www.facebook.com\/uartesec\" \/>\n<meta property=\"article:published_time\" content=\"2020-02-07T03:13:00+00:00\" \/>\n<meta property=\"article:modified_time\" content=\"2024-07-04T16:48:37+00:00\" \/>\n<meta property=\"og:image\" content=\"https:\/\/www.uartes.edu.ec\/sitio\/wp-content\/uploads\/2020\/02\/Andres-Noboa-Andres-Bracero.jpg\" \/>\n\t<meta property=\"og:image:width\" content=\"2000\" \/>\n\t<meta property=\"og:image:height\" content=\"1333\" \/>\n\t<meta property=\"og:image:type\" content=\"image\/jpeg\" \/>\n<meta name=\"author\" content=\"Universidad de las Artes\" \/>\n<meta name=\"twitter:card\" content=\"summary_large_image\" \/>\n<meta name=\"twitter:creator\" content=\"@uartesec\" \/>\n<meta name=\"twitter:site\" content=\"@uartesec\" \/>\n<meta name=\"twitter:label1\" content=\"\u00c9crit par\" \/>\n\t<meta name=\"twitter:data1\" content=\"Universidad de las Artes\" \/>\n\t<meta name=\"twitter:label2\" content=\"Dur\u00e9e de lecture estim\u00e9e\" \/>\n\t<meta name=\"twitter:data2\" content=\"2 minutes\" \/>\n<script type=\"application\/ld+json\" class=\"yoast-schema-graph\">{\"@context\":\"https:\\\/\\\/schema.org\",\"@graph\":[{\"@type\":\"Article\",\"@id\":\"https:\\\/\\\/www.uartes.edu.ec\\\/sitio\\\/fr\\\/blog\\\/2020\\\/02\\\/06\\\/escuela-de-artes-sonoras-y-su-primer-video-en-youtube\\\/#article\",\"isPartOf\":{\"@id\":\"https:\\\/\\\/www.uartes.edu.ec\\\/sitio\\\/fr\\\/blog\\\/2020\\\/02\\\/06\\\/escuela-de-artes-sonoras-y-su-primer-video-en-youtube\\\/\"},\"author\":{\"name\":\"Universidad de las Artes\",\"@id\":\"https:\\\/\\\/www.uartes.edu.ec\\\/sitio\\\/fr\\\/#\\\/schema\\\/person\\\/f33f8c1d2af0d5c80a38c8abf458184a\"},\"headline\":\"Escuela de Artes Sonoras y su primer video en YouTube\",\"datePublished\":\"2020-02-07T03:13:00+00:00\",\"dateModified\":\"2024-07-04T16:48:37+00:00\",\"mainEntityOfPage\":{\"@id\":\"https:\\\/\\\/www.uartes.edu.ec\\\/sitio\\\/fr\\\/blog\\\/2020\\\/02\\\/06\\\/escuela-de-artes-sonoras-y-su-primer-video-en-youtube\\\/\"},\"wordCount\":442,\"publisher\":{\"@id\":\"https:\\\/\\\/www.uartes.edu.ec\\\/sitio\\\/fr\\\/#organization\"},\"image\":{\"@id\":\"https:\\\/\\\/www.uartes.edu.ec\\\/sitio\\\/fr\\\/blog\\\/2020\\\/02\\\/06\\\/escuela-de-artes-sonoras-y-su-primer-video-en-youtube\\\/#primaryimage\"},\"thumbnailUrl\":\"https:\\\/\\\/www.uartes.edu.ec\\\/sitio\\\/wp-content\\\/uploads\\\/2020\\\/02\\\/Andres-Noboa-Andres-Bracero.jpg\",\"keywords\":[\"youtube\"],\"articleSection\":[\"Artes Sonoras\",\"Docentes\",\"Estudiantes\"],\"inLanguage\":\"fr-FR\"},{\"@type\":[\"WebPage\",\"ItemPage\"],\"@id\":\"https:\\\/\\\/www.uartes.edu.ec\\\/sitio\\\/fr\\\/blog\\\/2020\\\/02\\\/06\\\/escuela-de-artes-sonoras-y-su-primer-video-en-youtube\\\/\",\"url\":\"https:\\\/\\\/www.uartes.edu.ec\\\/sitio\\\/fr\\\/blog\\\/2020\\\/02\\\/06\\\/escuela-de-artes-sonoras-y-su-primer-video-en-youtube\\\/\",\"name\":\"Universidad de las Artes - Escuela de Artes Sonoras y su primer video en YouTube\",\"isPartOf\":{\"@id\":\"https:\\\/\\\/www.uartes.edu.ec\\\/sitio\\\/fr\\\/#website\"},\"primaryImageOfPage\":{\"@id\":\"https:\\\/\\\/www.uartes.edu.ec\\\/sitio\\\/fr\\\/blog\\\/2020\\\/02\\\/06\\\/escuela-de-artes-sonoras-y-su-primer-video-en-youtube\\\/#primaryimage\"},\"image\":{\"@id\":\"https:\\\/\\\/www.uartes.edu.ec\\\/sitio\\\/fr\\\/blog\\\/2020\\\/02\\\/06\\\/escuela-de-artes-sonoras-y-su-primer-video-en-youtube\\\/#primaryimage\"},\"thumbnailUrl\":\"https:\\\/\\\/www.uartes.edu.ec\\\/sitio\\\/wp-content\\\/uploads\\\/2020\\\/02\\\/Andres-Noboa-Andres-Bracero.jpg\",\"datePublished\":\"2020-02-07T03:13:00+00:00\",\"dateModified\":\"2024-07-04T16:48:37+00:00\",\"description\":\"Universidad de las Artes - Escuela de Artes Sonoras y su primer video en YouTube\",\"breadcrumb\":{\"@id\":\"https:\\\/\\\/www.uartes.edu.ec\\\/sitio\\\/fr\\\/blog\\\/2020\\\/02\\\/06\\\/escuela-de-artes-sonoras-y-su-primer-video-en-youtube\\\/#breadcrumb\"},\"inLanguage\":\"fr-FR\",\"potentialAction\":[{\"@type\":\"ReadAction\",\"target\":[\"https:\\\/\\\/www.uartes.edu.ec\\\/sitio\\\/fr\\\/blog\\\/2020\\\/02\\\/06\\\/escuela-de-artes-sonoras-y-su-primer-video-en-youtube\\\/\"]}]},{\"@type\":\"ImageObject\",\"inLanguage\":\"fr-FR\",\"@id\":\"https:\\\/\\\/www.uartes.edu.ec\\\/sitio\\\/fr\\\/blog\\\/2020\\\/02\\\/06\\\/escuela-de-artes-sonoras-y-su-primer-video-en-youtube\\\/#primaryimage\",\"url\":\"https:\\\/\\\/www.uartes.edu.ec\\\/sitio\\\/wp-content\\\/uploads\\\/2020\\\/02\\\/Andres-Noboa-Andres-Bracero.jpg\",\"contentUrl\":\"https:\\\/\\\/www.uartes.edu.ec\\\/sitio\\\/wp-content\\\/uploads\\\/2020\\\/02\\\/Andres-Noboa-Andres-Bracero.jpg\",\"width\":2000,\"height\":1333},{\"@type\":\"BreadcrumbList\",\"@id\":\"https:\\\/\\\/www.uartes.edu.ec\\\/sitio\\\/fr\\\/blog\\\/2020\\\/02\\\/06\\\/escuela-de-artes-sonoras-y-su-primer-video-en-youtube\\\/#breadcrumb\",\"itemListElement\":[{\"@type\":\"ListItem\",\"position\":1,\"name\":\"Inicio\",\"item\":\"https:\\\/\\\/www.uartes.edu.ec\\\/sitio\\\/\"},{\"@type\":\"ListItem\",\"position\":2,\"name\":\"Escuela de Artes Sonoras y su primer video en YouTube\"}]},{\"@type\":\"WebSite\",\"@id\":\"https:\\\/\\\/www.uartes.edu.ec\\\/sitio\\\/fr\\\/#website\",\"url\":\"https:\\\/\\\/www.uartes.edu.ec\\\/sitio\\\/fr\\\/\",\"name\":\"Universidad de las Artes\",\"description\":\"Sitio oficial de la Universidad Nacional de las Artes del Ecuador\",\"publisher\":{\"@id\":\"https:\\\/\\\/www.uartes.edu.ec\\\/sitio\\\/fr\\\/#organization\"},\"potentialAction\":[{\"@type\":\"SearchAction\",\"target\":{\"@type\":\"EntryPoint\",\"urlTemplate\":\"https:\\\/\\\/www.uartes.edu.ec\\\/sitio\\\/fr\\\/?s={search_term_string}\"},\"query-input\":{\"@type\":\"PropertyValueSpecification\",\"valueRequired\":true,\"valueName\":\"search_term_string\"}}],\"inLanguage\":\"fr-FR\"},{\"@type\":\"Organization\",\"@id\":\"https:\\\/\\\/www.uartes.edu.ec\\\/sitio\\\/fr\\\/#organization\",\"name\":\"Universidad de las Artes\",\"url\":\"https:\\\/\\\/www.uartes.edu.ec\\\/sitio\\\/fr\\\/\",\"logo\":{\"@type\":\"ImageObject\",\"inLanguage\":\"fr-FR\",\"@id\":\"https:\\\/\\\/www.uartes.edu.ec\\\/sitio\\\/fr\\\/#\\\/schema\\\/logo\\\/image\\\/\",\"url\":\"https:\\\/\\\/www.uartes.edu.ec\\\/sitio\\\/wp-content\\\/uploads\\\/2022\\\/07\\\/logo-ua-horizontal.png\",\"contentUrl\":\"https:\\\/\\\/www.uartes.edu.ec\\\/sitio\\\/wp-content\\\/uploads\\\/2022\\\/07\\\/logo-ua-horizontal.png\",\"width\":800,\"height\":276,\"caption\":\"Universidad de las Artes\"},\"image\":{\"@id\":\"https:\\\/\\\/www.uartes.edu.ec\\\/sitio\\\/fr\\\/#\\\/schema\\\/logo\\\/image\\\/\"},\"sameAs\":[\"https:\\\/\\\/www.facebook.com\\\/uartesec\",\"https:\\\/\\\/x.com\\\/uartesec\",\"https:\\\/\\\/www.tiktok.com\\\/@uartesec\"]},{\"@type\":\"Person\",\"@id\":\"https:\\\/\\\/www.uartes.edu.ec\\\/sitio\\\/fr\\\/#\\\/schema\\\/person\\\/f33f8c1d2af0d5c80a38c8abf458184a\",\"name\":\"Universidad de las Artes\",\"image\":{\"@type\":\"ImageObject\",\"inLanguage\":\"fr-FR\",\"@id\":\"https:\\\/\\\/secure.gravatar.com\\\/avatar\\\/52e4757902f5cfa5ac52d020e5be83cae5487519154b6c35482fe08d589f3c13?s=96&d=mm&r=g\",\"url\":\"https:\\\/\\\/secure.gravatar.com\\\/avatar\\\/52e4757902f5cfa5ac52d020e5be83cae5487519154b6c35482fe08d589f3c13?s=96&d=mm&r=g\",\"contentUrl\":\"https:\\\/\\\/secure.gravatar.com\\\/avatar\\\/52e4757902f5cfa5ac52d020e5be83cae5487519154b6c35482fe08d589f3c13?s=96&d=mm&r=g\",\"caption\":\"Universidad de las Artes\"},\"url\":\"https:\\\/\\\/www.uartes.edu.ec\\\/sitio\\\/fr\\\/blog\\\/author\\\/dircomadm\\\/\"}]}<\/script>\n<!-- \/ Yoast SEO plugin. -->","yoast_head_json":{"title":"Universidad de las Artes - Escuela de Artes Sonoras y su primer video en YouTube","description":"Universidad de las Artes - Escuela de Artes Sonoras y su primer video en YouTube","robots":{"index":"index","follow":"follow","max-snippet":"max-snippet:-1","max-image-preview":"max-image-preview:large","max-video-preview":"max-video-preview:-1"},"canonical":"https:\/\/www.uartes.edu.ec\/sitio\/fr\/blog\/2020\/02\/06\/escuela-de-artes-sonoras-y-su-primer-video-en-youtube\/","og_locale":"fr_FR","og_type":"article","og_title":"Universidad de las Artes - Escuela de Artes Sonoras y su primer video en YouTube","og_description":"Universidad de las Artes - Escuela de Artes Sonoras y su primer video en YouTube","og_url":"https:\/\/www.uartes.edu.ec\/sitio\/fr\/blog\/2020\/02\/06\/escuela-de-artes-sonoras-y-su-primer-video-en-youtube\/","og_site_name":"Universidad de las Artes","article_publisher":"https:\/\/www.facebook.com\/uartesec","article_published_time":"2020-02-07T03:13:00+00:00","article_modified_time":"2024-07-04T16:48:37+00:00","og_image":[{"width":2000,"height":1333,"url":"https:\/\/www.uartes.edu.ec\/sitio\/wp-content\/uploads\/2020\/02\/Andres-Noboa-Andres-Bracero.jpg","type":"image\/jpeg"}],"author":"Universidad de las Artes","twitter_card":"summary_large_image","twitter_creator":"@uartesec","twitter_site":"@uartesec","twitter_misc":{"\u00c9crit par":"Universidad de las Artes","Dur\u00e9e de lecture estim\u00e9e":"2 minutes"},"schema":{"@context":"https:\/\/schema.org","@graph":[{"@type":"Article","@id":"https:\/\/www.uartes.edu.ec\/sitio\/fr\/blog\/2020\/02\/06\/escuela-de-artes-sonoras-y-su-primer-video-en-youtube\/#article","isPartOf":{"@id":"https:\/\/www.uartes.edu.ec\/sitio\/fr\/blog\/2020\/02\/06\/escuela-de-artes-sonoras-y-su-primer-video-en-youtube\/"},"author":{"name":"Universidad de las Artes","@id":"https:\/\/www.uartes.edu.ec\/sitio\/fr\/#\/schema\/person\/f33f8c1d2af0d5c80a38c8abf458184a"},"headline":"Escuela de Artes Sonoras y su primer video en YouTube","datePublished":"2020-02-07T03:13:00+00:00","dateModified":"2024-07-04T16:48:37+00:00","mainEntityOfPage":{"@id":"https:\/\/www.uartes.edu.ec\/sitio\/fr\/blog\/2020\/02\/06\/escuela-de-artes-sonoras-y-su-primer-video-en-youtube\/"},"wordCount":442,"publisher":{"@id":"https:\/\/www.uartes.edu.ec\/sitio\/fr\/#organization"},"image":{"@id":"https:\/\/www.uartes.edu.ec\/sitio\/fr\/blog\/2020\/02\/06\/escuela-de-artes-sonoras-y-su-primer-video-en-youtube\/#primaryimage"},"thumbnailUrl":"https:\/\/www.uartes.edu.ec\/sitio\/wp-content\/uploads\/2020\/02\/Andres-Noboa-Andres-Bracero.jpg","keywords":["youtube"],"articleSection":["Artes Sonoras","Docentes","Estudiantes"],"inLanguage":"fr-FR"},{"@type":["WebPage","ItemPage"],"@id":"https:\/\/www.uartes.edu.ec\/sitio\/fr\/blog\/2020\/02\/06\/escuela-de-artes-sonoras-y-su-primer-video-en-youtube\/","url":"https:\/\/www.uartes.edu.ec\/sitio\/fr\/blog\/2020\/02\/06\/escuela-de-artes-sonoras-y-su-primer-video-en-youtube\/","name":"Universidad de las Artes - Escuela de Artes Sonoras y su primer video en YouTube","isPartOf":{"@id":"https:\/\/www.uartes.edu.ec\/sitio\/fr\/#website"},"primaryImageOfPage":{"@id":"https:\/\/www.uartes.edu.ec\/sitio\/fr\/blog\/2020\/02\/06\/escuela-de-artes-sonoras-y-su-primer-video-en-youtube\/#primaryimage"},"image":{"@id":"https:\/\/www.uartes.edu.ec\/sitio\/fr\/blog\/2020\/02\/06\/escuela-de-artes-sonoras-y-su-primer-video-en-youtube\/#primaryimage"},"thumbnailUrl":"https:\/\/www.uartes.edu.ec\/sitio\/wp-content\/uploads\/2020\/02\/Andres-Noboa-Andres-Bracero.jpg","datePublished":"2020-02-07T03:13:00+00:00","dateModified":"2024-07-04T16:48:37+00:00","description":"Universidad de las Artes - Escuela de Artes Sonoras y su primer video en YouTube","breadcrumb":{"@id":"https:\/\/www.uartes.edu.ec\/sitio\/fr\/blog\/2020\/02\/06\/escuela-de-artes-sonoras-y-su-primer-video-en-youtube\/#breadcrumb"},"inLanguage":"fr-FR","potentialAction":[{"@type":"ReadAction","target":["https:\/\/www.uartes.edu.ec\/sitio\/fr\/blog\/2020\/02\/06\/escuela-de-artes-sonoras-y-su-primer-video-en-youtube\/"]}]},{"@type":"ImageObject","inLanguage":"fr-FR","@id":"https:\/\/www.uartes.edu.ec\/sitio\/fr\/blog\/2020\/02\/06\/escuela-de-artes-sonoras-y-su-primer-video-en-youtube\/#primaryimage","url":"https:\/\/www.uartes.edu.ec\/sitio\/wp-content\/uploads\/2020\/02\/Andres-Noboa-Andres-Bracero.jpg","contentUrl":"https:\/\/www.uartes.edu.ec\/sitio\/wp-content\/uploads\/2020\/02\/Andres-Noboa-Andres-Bracero.jpg","width":2000,"height":1333},{"@type":"BreadcrumbList","@id":"https:\/\/www.uartes.edu.ec\/sitio\/fr\/blog\/2020\/02\/06\/escuela-de-artes-sonoras-y-su-primer-video-en-youtube\/#breadcrumb","itemListElement":[{"@type":"ListItem","position":1,"name":"Inicio","item":"https:\/\/www.uartes.edu.ec\/sitio\/"},{"@type":"ListItem","position":2,"name":"Escuela de Artes Sonoras y su primer video en YouTube"}]},{"@type":"WebSite","@id":"https:\/\/www.uartes.edu.ec\/sitio\/fr\/#website","url":"https:\/\/www.uartes.edu.ec\/sitio\/fr\/","name":"Universidad de las Artes","description":"Sitio oficial de la Universidad Nacional de las Artes del Ecuador","publisher":{"@id":"https:\/\/www.uartes.edu.ec\/sitio\/fr\/#organization"},"potentialAction":[{"@type":"SearchAction","target":{"@type":"EntryPoint","urlTemplate":"https:\/\/www.uartes.edu.ec\/sitio\/fr\/?s={search_term_string}"},"query-input":{"@type":"PropertyValueSpecification","valueRequired":true,"valueName":"search_term_string"}}],"inLanguage":"fr-FR"},{"@type":"Organization","@id":"https:\/\/www.uartes.edu.ec\/sitio\/fr\/#organization","name":"Universidad de las Artes","url":"https:\/\/www.uartes.edu.ec\/sitio\/fr\/","logo":{"@type":"ImageObject","inLanguage":"fr-FR","@id":"https:\/\/www.uartes.edu.ec\/sitio\/fr\/#\/schema\/logo\/image\/","url":"https:\/\/www.uartes.edu.ec\/sitio\/wp-content\/uploads\/2022\/07\/logo-ua-horizontal.png","contentUrl":"https:\/\/www.uartes.edu.ec\/sitio\/wp-content\/uploads\/2022\/07\/logo-ua-horizontal.png","width":800,"height":276,"caption":"Universidad de las Artes"},"image":{"@id":"https:\/\/www.uartes.edu.ec\/sitio\/fr\/#\/schema\/logo\/image\/"},"sameAs":["https:\/\/www.facebook.com\/uartesec","https:\/\/x.com\/uartesec","https:\/\/www.tiktok.com\/@uartesec"]},{"@type":"Person","@id":"https:\/\/www.uartes.edu.ec\/sitio\/fr\/#\/schema\/person\/f33f8c1d2af0d5c80a38c8abf458184a","name":"Universidad de las Artes","image":{"@type":"ImageObject","inLanguage":"fr-FR","@id":"https:\/\/secure.gravatar.com\/avatar\/52e4757902f5cfa5ac52d020e5be83cae5487519154b6c35482fe08d589f3c13?s=96&d=mm&r=g","url":"https:\/\/secure.gravatar.com\/avatar\/52e4757902f5cfa5ac52d020e5be83cae5487519154b6c35482fe08d589f3c13?s=96&d=mm&r=g","contentUrl":"https:\/\/secure.gravatar.com\/avatar\/52e4757902f5cfa5ac52d020e5be83cae5487519154b6c35482fe08d589f3c13?s=96&d=mm&r=g","caption":"Universidad de las Artes"},"url":"https:\/\/www.uartes.edu.ec\/sitio\/fr\/blog\/author\/dircomadm\/"}]}},"uagb_featured_image_src":{"full":["https:\/\/www.uartes.edu.ec\/sitio\/wp-content\/uploads\/2020\/02\/Andres-Noboa-Andres-Bracero.jpg",2000,1333,false],"thumbnail":["https:\/\/www.uartes.edu.ec\/sitio\/wp-content\/uploads\/2020\/02\/Andres-Noboa-Andres-Bracero-150x150.jpg",150,150,true],"medium":["https:\/\/www.uartes.edu.ec\/sitio\/wp-content\/uploads\/2020\/02\/Andres-Noboa-Andres-Bracero-300x200.jpg",300,200,true],"medium_large":["https:\/\/www.uartes.edu.ec\/sitio\/wp-content\/uploads\/2020\/02\/Andres-Noboa-Andres-Bracero-768x512.jpg",768,512,true],"large":["https:\/\/www.uartes.edu.ec\/sitio\/wp-content\/uploads\/2020\/02\/Andres-Noboa-Andres-Bracero-644x429.jpg",644,429,true],"1536x1536":["https:\/\/www.uartes.edu.ec\/sitio\/wp-content\/uploads\/2020\/02\/Andres-Noboa-Andres-Bracero-1536x1024.jpg",1536,1024,true],"2048x2048":["https:\/\/www.uartes.edu.ec\/sitio\/wp-content\/uploads\/2020\/02\/Andres-Noboa-Andres-Bracero.jpg",2000,1333,false],"trp-custom-language-flag":["https:\/\/www.uartes.edu.ec\/sitio\/wp-content\/uploads\/2020\/02\/Andres-Noboa-Andres-Bracero.jpg",18,12,false],"htmega_size_585x295":["https:\/\/www.uartes.edu.ec\/sitio\/wp-content\/uploads\/2020\/02\/Andres-Noboa-Andres-Bracero.jpg",443,295,false],"htmega_size_1170x536":["https:\/\/www.uartes.edu.ec\/sitio\/wp-content\/uploads\/2020\/02\/Andres-Noboa-Andres-Bracero.jpg",804,536,false],"htmega_size_396x360":["https:\/\/www.uartes.edu.ec\/sitio\/wp-content\/uploads\/2020\/02\/Andres-Noboa-Andres-Bracero.jpg",396,264,false],"gb-block-post-grid-landscape":["https:\/\/www.uartes.edu.ec\/sitio\/wp-content\/uploads\/2020\/02\/Andres-Noboa-Andres-Bracero.jpg",600,400,false],"gb-block-post-grid-square":["https:\/\/www.uartes.edu.ec\/sitio\/wp-content\/uploads\/2020\/02\/Andres-Noboa-Andres-Bracero.jpg",600,400,false],"university-hub-thumb":["https:\/\/www.uartes.edu.ec\/sitio\/wp-content\/uploads\/2020\/02\/Andres-Noboa-Andres-Bracero-400x267.jpg",400,267,true],"mailpoet_newsletter_max":["https:\/\/www.uartes.edu.ec\/sitio\/wp-content\/uploads\/2020\/02\/Andres-Noboa-Andres-Bracero.jpg",1320,880,false]},"uagb_author_info":{"display_name":"Universidad de las Artes","author_link":"https:\/\/www.uartes.edu.ec\/sitio\/fr\/blog\/author\/dircomadm\/"},"uagb_comment_info":0,"uagb_excerpt":"\u201cCanci\u00f3n para los d\u00edas de la vida\u201d, de la autor\u00eda del artista argentino Luis Alberto Spinetta, es la producci\u00f3n que grab\u00f3 el Ensamble de Guitarras El\u00e9ctricas formado por el docente Andr\u00e9s Noboa e integrado por estudiantes de la EAS.","featured_image_src":"https:\/\/www.uartes.edu.ec\/sitio\/wp-content\/uploads\/2020\/02\/Andres-Noboa-Andres-Bracero.jpg","featured_image_src_square":"https:\/\/www.uartes.edu.ec\/sitio\/wp-content\/uploads\/2020\/02\/Andres-Noboa-Andres-Bracero.jpg","author_info":{"display_name":"Universidad de las Artes","author_link":"https:\/\/www.uartes.edu.ec\/sitio\/fr\/blog\/author\/dircomadm\/"},"publishpress_future_workflow_manual_trigger":{"enabledWorkflows":[]},"distributor_meta":false,"distributor_terms":false,"distributor_media":false,"distributor_original_site_name":"Universidad de las Artes","distributor_original_site_url":"https:\/\/www.uartes.edu.ec\/sitio\/fr","push-errors":false,"_links":{"self":[{"href":"https:\/\/www.uartes.edu.ec\/sitio\/fr\/wp-json\/wp\/v2\/posts\/6226","targetHints":{"allow":["GET"]}}],"collection":[{"href":"https:\/\/www.uartes.edu.ec\/sitio\/fr\/wp-json\/wp\/v2\/posts"}],"about":[{"href":"https:\/\/www.uartes.edu.ec\/sitio\/fr\/wp-json\/wp\/v2\/types\/post"}],"author":[{"embeddable":true,"href":"https:\/\/www.uartes.edu.ec\/sitio\/fr\/wp-json\/wp\/v2\/users\/1"}],"replies":[{"embeddable":true,"href":"https:\/\/www.uartes.edu.ec\/sitio\/fr\/wp-json\/wp\/v2\/comments?post=6226"}],"version-history":[{"count":1,"href":"https:\/\/www.uartes.edu.ec\/sitio\/fr\/wp-json\/wp\/v2\/posts\/6226\/revisions"}],"predecessor-version":[{"id":6227,"href":"https:\/\/www.uartes.edu.ec\/sitio\/fr\/wp-json\/wp\/v2\/posts\/6226\/revisions\/6227"}],"wp:featuredmedia":[{"embeddable":true,"href":"https:\/\/www.uartes.edu.ec\/sitio\/fr\/wp-json\/wp\/v2\/media\/6219"}],"wp:attachment":[{"href":"https:\/\/www.uartes.edu.ec\/sitio\/fr\/wp-json\/wp\/v2\/media?parent=6226"}],"wp:term":[{"taxonomy":"category","embeddable":true,"href":"https:\/\/www.uartes.edu.ec\/sitio\/fr\/wp-json\/wp\/v2\/categories?post=6226"},{"taxonomy":"post_tag","embeddable":true,"href":"https:\/\/www.uartes.edu.ec\/sitio\/fr\/wp-json\/wp\/v2\/tags?post=6226"},{"taxonomy":"infouartes","embeddable":true,"href":"https:\/\/www.uartes.edu.ec\/sitio\/fr\/wp-json\/wp\/v2\/infouartes?post=6226"}],"curies":[{"name":"wp","href":"https:\/\/api.w.org\/{rel}","templated":true}]}}