{"id":62267,"date":"2024-09-24T17:12:00","date_gmt":"2024-09-24T22:12:00","guid":{"rendered":"https:\/\/www.uartes.edu.ec\/sitio\/?p=62267"},"modified":"2024-10-09T12:46:58","modified_gmt":"2024-10-09T17:46:58","slug":"escuela-de-literatura-dejando-huellas-en-cita-librera","status":"publish","type":"post","link":"https:\/\/www.uartes.edu.ec\/sitio\/fr\/blog\/2024\/09\/24\/escuela-de-literatura-dejando-huellas-en-cita-librera\/","title":{"rendered":"Escuela de Literatura, dejando huellas"},"content":{"rendered":"<p>Estuvieron en exposiciones, conferencias, actividades l\u00fadicas y did\u00e1cticas; protagonizaron tambi\u00e9n lanzamientos de libros e impartieron talleres literarios. Son los docentes, alumni y estudiantes de la Universidad de las Artes que, al igual que el a\u00f1o pasado, participaron en la Feria Internacional del Libro Guayaquil (FIL GYE) que en este 2024 lleg\u00f3 a su d\u00e9cima edici\u00f3n.<\/p>\n\n\n\n<p>\u201cAcudir a la FIL fue sumergirse en el mundo m\u00e1gico de \u2018El Se\u00f1or de los Anillos\u2019, tomarse fotos con Snoopy y El Principito, jugar Trivias Literarias, competir en partidas de ajedrez y comprar libros en Mr. Books, Librer\u00eda Espa\u00f1ola, Fondo de Cultura Econ\u00f3mica, entre otros. Fue tambi\u00e9n enriquecerse con los talleres y conferencias que ofrecieron nuestros docentes, fue acercarse a la literatura y sentir orgullo de tenerlos como maestros y excelentes autores ecuatorianos\u201d.<\/p>\n\n\n\n<p>Romina Ram\u00edrez, estudiante de la Escuela de Literatura, da cuenta as\u00ed de la experiencia que tuvo en la cita librera que se desarroll\u00f3 del 18 al 22 de septiembre en Expoplaza. Cita en la que coincidi\u00f3 con varios compa\u00f1eros de carrera que, as\u00ed como ella, asistieron a las actividades en las que saltaron los nombres de sus maestros como exponentes y protagonistas: Siomara Espa\u00f1a, Solange Rodr\u00edguez, Paulina Briones, Cecilia Velasco, Maritza Cino, Melanie Moreira, Jorge Tigrero y Pedro Mujica. Con ellos, estudiantes y alumni que intervinieron en actividades que la Biblioteca de las Artes llev\u00f3 a ese recinto ferial.<\/p>\n\n\n<div class=\"wp-block-image\">\n<figure class=\"aligncenter size-large\"><img fetchpriority=\"high\" decoding=\"async\" width=\"644\" height=\"483\" src=\"https:\/\/www.uartes.edu.ec\/sitio\/wp-content\/uploads\/2024\/09\/probemos1-644x483.jpg\" alt=\"\" class=\"wp-image-62279\" srcset=\"https:\/\/www.uartes.edu.ec\/sitio\/wp-content\/uploads\/2024\/09\/probemos1-644x483.jpg 644w, https:\/\/www.uartes.edu.ec\/sitio\/wp-content\/uploads\/2024\/09\/probemos1-300x225.jpg 300w, https:\/\/www.uartes.edu.ec\/sitio\/wp-content\/uploads\/2024\/09\/probemos1-768x576.jpg 768w, https:\/\/www.uartes.edu.ec\/sitio\/wp-content\/uploads\/2024\/09\/probemos1-1536x1152.jpg 1536w, https:\/\/www.uartes.edu.ec\/sitio\/wp-content\/uploads\/2024\/09\/probemos1-16x12.jpg 16w, https:\/\/www.uartes.edu.ec\/sitio\/wp-content\/uploads\/2024\/09\/probemos1-400x300.jpg 400w, https:\/\/www.uartes.edu.ec\/sitio\/wp-content\/uploads\/2024\/09\/probemos1.jpg 1777w\" sizes=\"(max-width: 644px) 100vw, 644px\" \/><\/figure>\n<\/div>\n\n\n<p>Desde el d\u00eda de su inauguraci\u00f3n, el mi\u00e9rcoles 18 de septiembre, en la FIL GYE la presencia UArtes fue notoria. Siomara Espa\u00f1a, escritora y docente de Literatura, imparti\u00f3 junto con las poetisas Aleida Quevedo y Marialuz Albuja la conferencia \u201cNombres postergados: Escritoras en voces de otras escritoras\u201d. En su desarrollo, las autoras buscaron poner la luz de los reflectores sobre aquellas mujeres que han sido olvidadas, cuyas obras han moldeado el estilo literario pero que sus nombres se encuentran entre los viejos libros de un archivo hist\u00f3rico.<\/p>\n\n\n\n<p>Igualmente, escritora y docente, Solange Rodr\u00edguez tuvo varias apariciones importantes a lo largo de la FIL GYE. El mismo mi\u00e9rcoles 18 particip\u00f3 junto a Cecilia Ansaldo y Carolina Andrade en la conferencia \u201cHacer hablar a los muertos: Libros de la literatura ecuatoriana sobre la muerte\u201d. El viernes 20 present\u00f3 en el sal\u00f3n Medardo \u00c1ngel Silva su libro \u201cEl demonio de la escritura\u201d, el cual, publicado por Editorial Planeta\/Minotaur, es una recopilaci\u00f3n de trece cuentos de fantas\u00eda y ciencia ficci\u00f3n con personajes y villanos tan variados como los temas que se plasman en la obra.<\/p>\n\n\n\n<p>El s\u00e1bado 21, Rodr\u00edguez mantuvo tambi\u00e9n dos coloquios. El primero en entrevista con la autora argentina Agustina Bazterrica y el segundo con las ecuatorianas Carolina Andrade y Liliana Miragila, ambos en el sal\u00f3n 1 Vicente Rocafuerte.<\/p>\n\n\n<div class=\"wp-block-image\">\n<figure class=\"aligncenter size-large\"><img decoding=\"async\" width=\"644\" height=\"362\" src=\"https:\/\/www.uartes.edu.ec\/sitio\/wp-content\/uploads\/2024\/09\/librosola11-644x362.jpg\" alt=\"\" class=\"wp-image-62280\" srcset=\"https:\/\/www.uartes.edu.ec\/sitio\/wp-content\/uploads\/2024\/09\/librosola11-644x362.jpg 644w, https:\/\/www.uartes.edu.ec\/sitio\/wp-content\/uploads\/2024\/09\/librosola11-300x169.jpg 300w, https:\/\/www.uartes.edu.ec\/sitio\/wp-content\/uploads\/2024\/09\/librosola11-768x432.jpg 768w, https:\/\/www.uartes.edu.ec\/sitio\/wp-content\/uploads\/2024\/09\/librosola11-1536x864.jpg 1536w, https:\/\/www.uartes.edu.ec\/sitio\/wp-content\/uploads\/2024\/09\/librosola11-18x10.jpg 18w, https:\/\/www.uartes.edu.ec\/sitio\/wp-content\/uploads\/2024\/09\/librosola11-400x225.jpg 400w, https:\/\/www.uartes.edu.ec\/sitio\/wp-content\/uploads\/2024\/09\/librosola11.jpg 2000w\" sizes=\"(max-width: 644px) 100vw, 644px\" \/><\/figure>\n<\/div>\n\n\n<p>La docente Paulina Briones estuvo al frente del stand de la editorial Cad\u00e1ver Exquisito y dict\u00f3 el jueves 19 el taller \u201cCantar y hacer poes\u00eda de lo cotidiano: Lanzamiento de la colecci\u00f3n de literatura de la Universidad Casa Grande\u201d (de 18:00 a 19:00); participaron con ella compa\u00f1eros de la mencionada instituci\u00f3n de educaci\u00f3n superior.<\/p>\n\n\n\n<p>El coloquio \u201cDe la creaci\u00f3n a la publicaci\u00f3n de \u2018Nueve en Martes\u2019\u201d, desarrollado la tarde del viernes 20 en el sal\u00f3n Medardo \u00c1ngel Silva, fue dirigido por la docente UArtes Maritza Cino y Livina Santos. La obra es el resultado de los talleres de escritura dirigidos por nuestra acad\u00e9mica, la primera emerita que tiene la universidad, donde se unen los relatos de mujeres apasionadas por la literatura, quienes hacen magia con la palabra escrita.<\/p>\n\n\n\n<p>Asimismo, de Maritza Cino se present\u00f3 al mediod\u00eda del s\u00e1bado 21 el libro \u201cZona de fuga\u201d, conjuntamente con la obra \u201cEl vino de mi sombra\u201d de Sonia Manzano. Con ellas intervinieron Solange Rodr\u00edguez y Paulina Briones. Tal fue la magnitud de la ponencia que la sala del Expoplaza donde se realiz\u00f3 complet\u00f3 su aforo y mucho p\u00fablico qued\u00f3 fuera.<\/p>\n\n\n<div class=\"wp-block-image\">\n<figure class=\"aligncenter size-large\"><img decoding=\"async\" width=\"644\" height=\"483\" src=\"https:\/\/www.uartes.edu.ec\/sitio\/wp-content\/uploads\/2024\/09\/probamos111-644x483.jpg\" alt=\"\" class=\"wp-image-62282\" srcset=\"https:\/\/www.uartes.edu.ec\/sitio\/wp-content\/uploads\/2024\/09\/probamos111-644x483.jpg 644w, https:\/\/www.uartes.edu.ec\/sitio\/wp-content\/uploads\/2024\/09\/probamos111-300x225.jpg 300w, https:\/\/www.uartes.edu.ec\/sitio\/wp-content\/uploads\/2024\/09\/probamos111-768x576.jpg 768w, https:\/\/www.uartes.edu.ec\/sitio\/wp-content\/uploads\/2024\/09\/probamos111-1536x1152.jpg 1536w, https:\/\/www.uartes.edu.ec\/sitio\/wp-content\/uploads\/2024\/09\/probamos111-16x12.jpg 16w, https:\/\/www.uartes.edu.ec\/sitio\/wp-content\/uploads\/2024\/09\/probamos111-400x300.jpg 400w, https:\/\/www.uartes.edu.ec\/sitio\/wp-content\/uploads\/2024\/09\/probamos111.jpg 1778w\" sizes=\"(max-width: 644px) 100vw, 644px\" \/><\/figure>\n<\/div>\n\n\n<p>La docente y alumnus Melanie Moreira particip\u00f3 el s\u00e1bado 21 en la FIL GYE con el coloquio \u201cCronotop\u00edas, charlas literarias desde la biblioteca de la Universidad de las Artes\u201d. En la sala Medardo \u00c1ngel Silva, la graduada propici\u00f3 con la audiencia un conversatorio acerca del libro \u201cChamanes el\u00e9ctricos en la fiesta del Sol\u201d de la escritora ecuatoriana M\u00f3nica Ojeda.<\/p>\n\n\n\n<p>Ese mismo d\u00eda, 21 de septiembre, y en el marco de \u201cExploradores de cuentos\u201d, la gestora cultural UArtes Zully Ord\u00f3\u00f1ez comparti\u00f3 junto con Josselyn Naranjo la lectura din\u00e1mica del libro ilustrado \u201cMax Ernest: El hombre p\u00e1jaro\u201d de Daniela Irigi de Murgia, invitando luego a sus peque\u00f1os participantes \u2013p\u00fablico de entre 6 a 11 a\u00f1os\u2013 a expresarse a trav\u00e9s del dibujo.<\/p>\n\n\n\n<p>Una segunda intervenci\u00f3n tuvo la propuesta de la Biblioteca de las Artes y su Sala R\u00eda con \u201cExploradores\u201d. Sucedi\u00f3 el domingo 22 con Nicolas Goussas, estudiante que hizo junto con Ord\u00f3\u00f1ez la lectura del libro ilustrado \u201cDaniela Pirata\u201d de Susanna Isern &amp; G\u00f3mez, animando seguidamente a la audiencia a participar en una actividad guiada de escritura.<\/p>\n\n\n<div class=\"wp-block-image\">\n<figure class=\"aligncenter size-large\"><img loading=\"lazy\" decoding=\"async\" width=\"644\" height=\"483\" src=\"https:\/\/www.uartes.edu.ec\/sitio\/wp-content\/uploads\/2024\/09\/BIBFIL44-644x483.jpg\" alt=\"\" class=\"wp-image-62272\" srcset=\"https:\/\/www.uartes.edu.ec\/sitio\/wp-content\/uploads\/2024\/09\/BIBFIL44-644x483.jpg 644w, https:\/\/www.uartes.edu.ec\/sitio\/wp-content\/uploads\/2024\/09\/BIBFIL44-300x225.jpg 300w, https:\/\/www.uartes.edu.ec\/sitio\/wp-content\/uploads\/2024\/09\/BIBFIL44-768x576.jpg 768w, https:\/\/www.uartes.edu.ec\/sitio\/wp-content\/uploads\/2024\/09\/BIBFIL44-1536x1152.jpg 1536w, https:\/\/www.uartes.edu.ec\/sitio\/wp-content\/uploads\/2024\/09\/BIBFIL44-16x12.jpg 16w, https:\/\/www.uartes.edu.ec\/sitio\/wp-content\/uploads\/2024\/09\/BIBFIL44-400x300.jpg 400w, https:\/\/www.uartes.edu.ec\/sitio\/wp-content\/uploads\/2024\/09\/BIBFIL44.jpg 1778w\" sizes=\"(max-width: 644px) 100vw, 644px\" \/><\/figure>\n<\/div>\n\n\n<figure class=\"wp-block-gallery has-nested-images columns-default is-cropped wp-block-gallery-1 is-layout-flex wp-block-gallery-is-layout-flex\">\n<figure class=\"wp-block-image size-large\"><img loading=\"lazy\" decoding=\"async\" width=\"644\" height=\"483\" data-id=\"62268\" src=\"https:\/\/www.uartes.edu.ec\/sitio\/wp-content\/uploads\/2024\/09\/BIBFIL100-644x483.jpg\" alt=\"\" class=\"wp-image-62268\" srcset=\"https:\/\/www.uartes.edu.ec\/sitio\/wp-content\/uploads\/2024\/09\/BIBFIL100-644x483.jpg 644w, https:\/\/www.uartes.edu.ec\/sitio\/wp-content\/uploads\/2024\/09\/BIBFIL100-300x225.jpg 300w, https:\/\/www.uartes.edu.ec\/sitio\/wp-content\/uploads\/2024\/09\/BIBFIL100-768x576.jpg 768w, https:\/\/www.uartes.edu.ec\/sitio\/wp-content\/uploads\/2024\/09\/BIBFIL100-1536x1152.jpg 1536w, https:\/\/www.uartes.edu.ec\/sitio\/wp-content\/uploads\/2024\/09\/BIBFIL100-16x12.jpg 16w, https:\/\/www.uartes.edu.ec\/sitio\/wp-content\/uploads\/2024\/09\/BIBFIL100-400x300.jpg 400w, https:\/\/www.uartes.edu.ec\/sitio\/wp-content\/uploads\/2024\/09\/BIBFIL100.jpg 1777w\" sizes=\"(max-width: 644px) 100vw, 644px\" \/><\/figure>\n\n\n\n<figure class=\"wp-block-image size-large\"><img loading=\"lazy\" decoding=\"async\" width=\"644\" height=\"483\" data-id=\"62271\" src=\"https:\/\/www.uartes.edu.ec\/sitio\/wp-content\/uploads\/2024\/09\/BIBFIL77-644x483.jpg\" alt=\"\" class=\"wp-image-62271\" srcset=\"https:\/\/www.uartes.edu.ec\/sitio\/wp-content\/uploads\/2024\/09\/BIBFIL77-644x483.jpg 644w, https:\/\/www.uartes.edu.ec\/sitio\/wp-content\/uploads\/2024\/09\/BIBFIL77-300x225.jpg 300w, https:\/\/www.uartes.edu.ec\/sitio\/wp-content\/uploads\/2024\/09\/BIBFIL77-768x576.jpg 768w, https:\/\/www.uartes.edu.ec\/sitio\/wp-content\/uploads\/2024\/09\/BIBFIL77-1536x1152.jpg 1536w, https:\/\/www.uartes.edu.ec\/sitio\/wp-content\/uploads\/2024\/09\/BIBFIL77-16x12.jpg 16w, https:\/\/www.uartes.edu.ec\/sitio\/wp-content\/uploads\/2024\/09\/BIBFIL77-400x300.jpg 400w, https:\/\/www.uartes.edu.ec\/sitio\/wp-content\/uploads\/2024\/09\/BIBFIL77.jpg 1777w\" sizes=\"(max-width: 644px) 100vw, 644px\" \/><\/figure>\n<\/figure>\n\n\n\n<p>La escritora ecuatoriana y acad\u00e9mica UArtes Cecilia Velasco, quien es tambi\u00e9n directora-editora de la revista \u201cPie de p\u00e1gina\u201d que publica nuestra casa editorial, realiz\u00f3 un \u201cHomenaje a Faulkner de Yoknatapwha a Guayaquil\u201d. La acompa\u00f1\u00f3 el escritor Marcelo B\u00e1ez.<\/p>\n\n\n\n<p>El domingo 22, en el \u00faltimo d\u00eda de la FIL GYE, se realiz\u00f3 el lanzamiento de los libros \u201cL\u00edneas Imaginarias\u201d, \u201cExperiencias en pedagog\u00eda en las artes\u201d, \u201c\u00bfDe qu\u00e9 Guayaquil?\u201d, \u201cRecursos art\u00edsticos y did\u00e1cticos Vol IV\u201d, todos a cargo de los docentes UArtes Jorge Tigrero y Pedro Mujica.<\/p>\n\n\n\n<p>Cobertura: Romina Ram\u00edrez Ortiz, estudiante de la Escuela de Literatura.<br>Fotos: Biblioteca de las Artes\/Literatura. La primera corresponden a la FIL GYE 2024 en sus inicios y las siguientes a las docentes Siomara Espa\u00f1a (izq.) y Cecilia Velasco; la portada del libro que present\u00f3 Solange Rodr\u00edguez (captura tomada de su cuenta de Facebook); los participantes de la Trivia Literaria; la graduada y docente Melanie Moreira; y Nicolas Goussas (izq.), Josselyn Naranjo y Zully Ord\u00f3\u00f1ez.  <\/p>","protected":false},"excerpt":{"rendered":"<p>Estuvieron en exposiciones, conferencias, actividades l\u00fadicas y did\u00e1cticas, protagonizaron lanzamientos de libros e impartieron talleres. Son los docentes, alumni y estudiantes de la Universidad de las Artes que participaron en la Feria Internacional del Libro Guayaquil que en este 2024 lleg\u00f3 a su d\u00e9cima edici\u00f3n. La FIL GYE se realiz\u00f3 del 18 al 22 de septiembre en Expoplaza y a la cita librera acudieron varios de nuestros estudiantes, como Romina Ram\u00edrez, de la Escuela de Literatura, quien da cuenta de la presencia UArtes en el evento.<\/p>","protected":false},"author":10,"featured_media":62283,"comment_status":"open","ping_status":"open","sticky":false,"template":"","format":"standard","meta":{"_acf_changed":false,"_uag_custom_page_level_css":"","_monsterinsights_skip_tracking":false,"_monsterinsights_sitenote_active":false,"_monsterinsights_sitenote_note":"","_monsterinsights_sitenote_category":0,"cybocfi_hide_featured_image":"","footnotes":""},"categories":[80,490,75,76,77,175],"tags":[1279],"infouartes":[],"class_list":["post-62267","post","type-post","status-publish","format-standard","has-post-thumbnail","hentry","category-academico","category-alumni","category-docentes","category-estudiantes","category-gestion","category-literatura","tag-participacion-en-feria"],"acf":[],"yoast_head":"<!-- This site is optimized with the Yoast SEO plugin v27.4 - https:\/\/yoast.com\/product\/yoast-seo-wordpress\/ -->\n<title>Universidad de las Artes - Escuela de Literatura, dejando huellas<\/title>\n<meta name=\"description\" content=\"Universidad de las Artes - Escuela de Literatura, dejando huellas\" \/>\n<meta name=\"robots\" content=\"index, follow, max-snippet:-1, max-image-preview:large, max-video-preview:-1\" \/>\n<link rel=\"canonical\" href=\"https:\/\/www.uartes.edu.ec\/sitio\/fr\/blog\/2024\/09\/24\/escuela-de-literatura-dejando-huellas-en-cita-librera\/\" \/>\n<meta property=\"og:locale\" content=\"fr_FR\" \/>\n<meta property=\"og:type\" content=\"article\" \/>\n<meta property=\"og:title\" content=\"Universidad de las Artes - Escuela de Literatura, dejando huellas\" \/>\n<meta property=\"og:description\" content=\"Universidad de las Artes - Escuela de Literatura, dejando huellas\" \/>\n<meta property=\"og:url\" content=\"https:\/\/www.uartes.edu.ec\/sitio\/fr\/blog\/2024\/09\/24\/escuela-de-literatura-dejando-huellas-en-cita-librera\/\" \/>\n<meta property=\"og:site_name\" content=\"Universidad de las Artes\" \/>\n<meta property=\"article:publisher\" content=\"https:\/\/www.facebook.com\/uartesec\" \/>\n<meta property=\"article:published_time\" content=\"2024-09-24T22:12:00+00:00\" \/>\n<meta property=\"article:modified_time\" content=\"2024-10-09T17:46:58+00:00\" \/>\n<meta property=\"og:image\" content=\"https:\/\/www.uartes.edu.ec\/sitio\/wp-content\/uploads\/2024\/09\/FIL-GYE-2024-1.jpg\" \/>\n\t<meta property=\"og:image:width\" content=\"2000\" \/>\n\t<meta property=\"og:image:height\" content=\"1333\" \/>\n\t<meta property=\"og:image:type\" content=\"image\/jpeg\" \/>\n<meta name=\"author\" content=\"ccortez\" \/>\n<meta name=\"twitter:card\" content=\"summary_large_image\" \/>\n<meta name=\"twitter:creator\" content=\"@uartesec\" \/>\n<meta name=\"twitter:site\" content=\"@uartesec\" \/>\n<meta name=\"twitter:label1\" content=\"\u00c9crit par\" \/>\n\t<meta name=\"twitter:data1\" content=\"ccortez\" \/>\n\t<meta name=\"twitter:label2\" content=\"Dur\u00e9e de lecture estim\u00e9e\" \/>\n\t<meta name=\"twitter:data2\" content=\"6 minutes\" \/>\n<script type=\"application\/ld+json\" class=\"yoast-schema-graph\">{\"@context\":\"https:\\\/\\\/schema.org\",\"@graph\":[{\"@type\":\"Article\",\"@id\":\"https:\\\/\\\/www.uartes.edu.ec\\\/sitio\\\/fr\\\/blog\\\/2024\\\/09\\\/24\\\/escuela-de-literatura-dejando-huellas-en-cita-librera\\\/#article\",\"isPartOf\":{\"@id\":\"https:\\\/\\\/www.uartes.edu.ec\\\/sitio\\\/fr\\\/blog\\\/2024\\\/09\\\/24\\\/escuela-de-literatura-dejando-huellas-en-cita-librera\\\/\"},\"author\":{\"name\":\"ccortez\",\"@id\":\"https:\\\/\\\/www.uartes.edu.ec\\\/sitio\\\/fr\\\/#\\\/schema\\\/person\\\/efa1b8275797664fd7f13a79ccc0b1f4\"},\"headline\":\"Escuela de Literatura, dejando huellas\",\"datePublished\":\"2024-09-24T22:12:00+00:00\",\"dateModified\":\"2024-10-09T17:46:58+00:00\",\"mainEntityOfPage\":{\"@id\":\"https:\\\/\\\/www.uartes.edu.ec\\\/sitio\\\/fr\\\/blog\\\/2024\\\/09\\\/24\\\/escuela-de-literatura-dejando-huellas-en-cita-librera\\\/\"},\"wordCount\":1026,\"commentCount\":0,\"publisher\":{\"@id\":\"https:\\\/\\\/www.uartes.edu.ec\\\/sitio\\\/fr\\\/#organization\"},\"image\":{\"@id\":\"https:\\\/\\\/www.uartes.edu.ec\\\/sitio\\\/fr\\\/blog\\\/2024\\\/09\\\/24\\\/escuela-de-literatura-dejando-huellas-en-cita-librera\\\/#primaryimage\"},\"thumbnailUrl\":\"https:\\\/\\\/www.uartes.edu.ec\\\/sitio\\\/wp-content\\\/uploads\\\/2024\\\/09\\\/FIL-GYE-2024-1.jpg\",\"keywords\":[\"participaci\u00f3n en feria\"],\"articleSection\":[\"Acad\u00e9mico\",\"Alumni\",\"Docentes\",\"Estudiantes\",\"Gesti\u00f3n\",\"Literatura\"],\"inLanguage\":\"fr-FR\",\"potentialAction\":[{\"@type\":\"CommentAction\",\"name\":\"Comment\",\"target\":[\"https:\\\/\\\/www.uartes.edu.ec\\\/sitio\\\/fr\\\/blog\\\/2024\\\/09\\\/24\\\/escuela-de-literatura-dejando-huellas-en-cita-librera\\\/#respond\"]}]},{\"@type\":[\"WebPage\",\"ItemPage\"],\"@id\":\"https:\\\/\\\/www.uartes.edu.ec\\\/sitio\\\/fr\\\/blog\\\/2024\\\/09\\\/24\\\/escuela-de-literatura-dejando-huellas-en-cita-librera\\\/\",\"url\":\"https:\\\/\\\/www.uartes.edu.ec\\\/sitio\\\/fr\\\/blog\\\/2024\\\/09\\\/24\\\/escuela-de-literatura-dejando-huellas-en-cita-librera\\\/\",\"name\":\"Universidad de las Artes - Escuela de Literatura, dejando huellas\",\"isPartOf\":{\"@id\":\"https:\\\/\\\/www.uartes.edu.ec\\\/sitio\\\/fr\\\/#website\"},\"primaryImageOfPage\":{\"@id\":\"https:\\\/\\\/www.uartes.edu.ec\\\/sitio\\\/fr\\\/blog\\\/2024\\\/09\\\/24\\\/escuela-de-literatura-dejando-huellas-en-cita-librera\\\/#primaryimage\"},\"image\":{\"@id\":\"https:\\\/\\\/www.uartes.edu.ec\\\/sitio\\\/fr\\\/blog\\\/2024\\\/09\\\/24\\\/escuela-de-literatura-dejando-huellas-en-cita-librera\\\/#primaryimage\"},\"thumbnailUrl\":\"https:\\\/\\\/www.uartes.edu.ec\\\/sitio\\\/wp-content\\\/uploads\\\/2024\\\/09\\\/FIL-GYE-2024-1.jpg\",\"datePublished\":\"2024-09-24T22:12:00+00:00\",\"dateModified\":\"2024-10-09T17:46:58+00:00\",\"description\":\"Universidad de las Artes - Escuela de Literatura, dejando huellas\",\"breadcrumb\":{\"@id\":\"https:\\\/\\\/www.uartes.edu.ec\\\/sitio\\\/fr\\\/blog\\\/2024\\\/09\\\/24\\\/escuela-de-literatura-dejando-huellas-en-cita-librera\\\/#breadcrumb\"},\"inLanguage\":\"fr-FR\",\"potentialAction\":[{\"@type\":\"ReadAction\",\"target\":[\"https:\\\/\\\/www.uartes.edu.ec\\\/sitio\\\/fr\\\/blog\\\/2024\\\/09\\\/24\\\/escuela-de-literatura-dejando-huellas-en-cita-librera\\\/\"]}]},{\"@type\":\"ImageObject\",\"inLanguage\":\"fr-FR\",\"@id\":\"https:\\\/\\\/www.uartes.edu.ec\\\/sitio\\\/fr\\\/blog\\\/2024\\\/09\\\/24\\\/escuela-de-literatura-dejando-huellas-en-cita-librera\\\/#primaryimage\",\"url\":\"https:\\\/\\\/www.uartes.edu.ec\\\/sitio\\\/wp-content\\\/uploads\\\/2024\\\/09\\\/FIL-GYE-2024-1.jpg\",\"contentUrl\":\"https:\\\/\\\/www.uartes.edu.ec\\\/sitio\\\/wp-content\\\/uploads\\\/2024\\\/09\\\/FIL-GYE-2024-1.jpg\",\"width\":2000,\"height\":1333},{\"@type\":\"BreadcrumbList\",\"@id\":\"https:\\\/\\\/www.uartes.edu.ec\\\/sitio\\\/fr\\\/blog\\\/2024\\\/09\\\/24\\\/escuela-de-literatura-dejando-huellas-en-cita-librera\\\/#breadcrumb\",\"itemListElement\":[{\"@type\":\"ListItem\",\"position\":1,\"name\":\"Inicio\",\"item\":\"https:\\\/\\\/www.uartes.edu.ec\\\/sitio\\\/\"},{\"@type\":\"ListItem\",\"position\":2,\"name\":\"Escuela de Literatura, dejando huellas\"}]},{\"@type\":\"WebSite\",\"@id\":\"https:\\\/\\\/www.uartes.edu.ec\\\/sitio\\\/fr\\\/#website\",\"url\":\"https:\\\/\\\/www.uartes.edu.ec\\\/sitio\\\/fr\\\/\",\"name\":\"Universidad de las Artes\",\"description\":\"Sitio oficial de la Universidad Nacional de las Artes del Ecuador\",\"publisher\":{\"@id\":\"https:\\\/\\\/www.uartes.edu.ec\\\/sitio\\\/fr\\\/#organization\"},\"potentialAction\":[{\"@type\":\"SearchAction\",\"target\":{\"@type\":\"EntryPoint\",\"urlTemplate\":\"https:\\\/\\\/www.uartes.edu.ec\\\/sitio\\\/fr\\\/?s={search_term_string}\"},\"query-input\":{\"@type\":\"PropertyValueSpecification\",\"valueRequired\":true,\"valueName\":\"search_term_string\"}}],\"inLanguage\":\"fr-FR\"},{\"@type\":\"Organization\",\"@id\":\"https:\\\/\\\/www.uartes.edu.ec\\\/sitio\\\/fr\\\/#organization\",\"name\":\"Universidad de las Artes\",\"url\":\"https:\\\/\\\/www.uartes.edu.ec\\\/sitio\\\/fr\\\/\",\"logo\":{\"@type\":\"ImageObject\",\"inLanguage\":\"fr-FR\",\"@id\":\"https:\\\/\\\/www.uartes.edu.ec\\\/sitio\\\/fr\\\/#\\\/schema\\\/logo\\\/image\\\/\",\"url\":\"https:\\\/\\\/www.uartes.edu.ec\\\/sitio\\\/wp-content\\\/uploads\\\/2022\\\/07\\\/logo-ua-horizontal.png\",\"contentUrl\":\"https:\\\/\\\/www.uartes.edu.ec\\\/sitio\\\/wp-content\\\/uploads\\\/2022\\\/07\\\/logo-ua-horizontal.png\",\"width\":800,\"height\":276,\"caption\":\"Universidad de las Artes\"},\"image\":{\"@id\":\"https:\\\/\\\/www.uartes.edu.ec\\\/sitio\\\/fr\\\/#\\\/schema\\\/logo\\\/image\\\/\"},\"sameAs\":[\"https:\\\/\\\/www.facebook.com\\\/uartesec\",\"https:\\\/\\\/x.com\\\/uartesec\",\"https:\\\/\\\/www.tiktok.com\\\/@uartesec\"]},{\"@type\":\"Person\",\"@id\":\"https:\\\/\\\/www.uartes.edu.ec\\\/sitio\\\/fr\\\/#\\\/schema\\\/person\\\/efa1b8275797664fd7f13a79ccc0b1f4\",\"name\":\"ccortez\",\"image\":{\"@type\":\"ImageObject\",\"inLanguage\":\"fr-FR\",\"@id\":\"https:\\\/\\\/secure.gravatar.com\\\/avatar\\\/b2a6f664a3ae8e074346ef91775736c5ec479e637ecced6842de9dc98b5da9cd?s=96&d=mm&r=g\",\"url\":\"https:\\\/\\\/secure.gravatar.com\\\/avatar\\\/b2a6f664a3ae8e074346ef91775736c5ec479e637ecced6842de9dc98b5da9cd?s=96&d=mm&r=g\",\"contentUrl\":\"https:\\\/\\\/secure.gravatar.com\\\/avatar\\\/b2a6f664a3ae8e074346ef91775736c5ec479e637ecced6842de9dc98b5da9cd?s=96&d=mm&r=g\",\"caption\":\"ccortez\"},\"url\":\"https:\\\/\\\/www.uartes.edu.ec\\\/sitio\\\/fr\\\/blog\\\/author\\\/ccortez\\\/\"}]}<\/script>\n<!-- \/ Yoast SEO plugin. -->","yoast_head_json":{"title":"Universidad de las Artes - Escuela de Literatura, dejando huellas","description":"Universidad de las Artes - Escuela de Literatura, dejando huellas","robots":{"index":"index","follow":"follow","max-snippet":"max-snippet:-1","max-image-preview":"max-image-preview:large","max-video-preview":"max-video-preview:-1"},"canonical":"https:\/\/www.uartes.edu.ec\/sitio\/fr\/blog\/2024\/09\/24\/escuela-de-literatura-dejando-huellas-en-cita-librera\/","og_locale":"fr_FR","og_type":"article","og_title":"Universidad de las Artes - Escuela de Literatura, dejando huellas","og_description":"Universidad de las Artes - Escuela de Literatura, dejando huellas","og_url":"https:\/\/www.uartes.edu.ec\/sitio\/fr\/blog\/2024\/09\/24\/escuela-de-literatura-dejando-huellas-en-cita-librera\/","og_site_name":"Universidad de las Artes","article_publisher":"https:\/\/www.facebook.com\/uartesec","article_published_time":"2024-09-24T22:12:00+00:00","article_modified_time":"2024-10-09T17:46:58+00:00","og_image":[{"width":2000,"height":1333,"url":"https:\/\/www.uartes.edu.ec\/sitio\/wp-content\/uploads\/2024\/09\/FIL-GYE-2024-1.jpg","type":"image\/jpeg"}],"author":"ccortez","twitter_card":"summary_large_image","twitter_creator":"@uartesec","twitter_site":"@uartesec","twitter_misc":{"\u00c9crit par":"ccortez","Dur\u00e9e de lecture estim\u00e9e":"6 minutes"},"schema":{"@context":"https:\/\/schema.org","@graph":[{"@type":"Article","@id":"https:\/\/www.uartes.edu.ec\/sitio\/fr\/blog\/2024\/09\/24\/escuela-de-literatura-dejando-huellas-en-cita-librera\/#article","isPartOf":{"@id":"https:\/\/www.uartes.edu.ec\/sitio\/fr\/blog\/2024\/09\/24\/escuela-de-literatura-dejando-huellas-en-cita-librera\/"},"author":{"name":"ccortez","@id":"https:\/\/www.uartes.edu.ec\/sitio\/fr\/#\/schema\/person\/efa1b8275797664fd7f13a79ccc0b1f4"},"headline":"Escuela de Literatura, dejando huellas","datePublished":"2024-09-24T22:12:00+00:00","dateModified":"2024-10-09T17:46:58+00:00","mainEntityOfPage":{"@id":"https:\/\/www.uartes.edu.ec\/sitio\/fr\/blog\/2024\/09\/24\/escuela-de-literatura-dejando-huellas-en-cita-librera\/"},"wordCount":1026,"commentCount":0,"publisher":{"@id":"https:\/\/www.uartes.edu.ec\/sitio\/fr\/#organization"},"image":{"@id":"https:\/\/www.uartes.edu.ec\/sitio\/fr\/blog\/2024\/09\/24\/escuela-de-literatura-dejando-huellas-en-cita-librera\/#primaryimage"},"thumbnailUrl":"https:\/\/www.uartes.edu.ec\/sitio\/wp-content\/uploads\/2024\/09\/FIL-GYE-2024-1.jpg","keywords":["participaci\u00f3n en feria"],"articleSection":["Acad\u00e9mico","Alumni","Docentes","Estudiantes","Gesti\u00f3n","Literatura"],"inLanguage":"fr-FR","potentialAction":[{"@type":"CommentAction","name":"Comment","target":["https:\/\/www.uartes.edu.ec\/sitio\/fr\/blog\/2024\/09\/24\/escuela-de-literatura-dejando-huellas-en-cita-librera\/#respond"]}]},{"@type":["WebPage","ItemPage"],"@id":"https:\/\/www.uartes.edu.ec\/sitio\/fr\/blog\/2024\/09\/24\/escuela-de-literatura-dejando-huellas-en-cita-librera\/","url":"https:\/\/www.uartes.edu.ec\/sitio\/fr\/blog\/2024\/09\/24\/escuela-de-literatura-dejando-huellas-en-cita-librera\/","name":"Universidad de las Artes - Escuela de Literatura, dejando huellas","isPartOf":{"@id":"https:\/\/www.uartes.edu.ec\/sitio\/fr\/#website"},"primaryImageOfPage":{"@id":"https:\/\/www.uartes.edu.ec\/sitio\/fr\/blog\/2024\/09\/24\/escuela-de-literatura-dejando-huellas-en-cita-librera\/#primaryimage"},"image":{"@id":"https:\/\/www.uartes.edu.ec\/sitio\/fr\/blog\/2024\/09\/24\/escuela-de-literatura-dejando-huellas-en-cita-librera\/#primaryimage"},"thumbnailUrl":"https:\/\/www.uartes.edu.ec\/sitio\/wp-content\/uploads\/2024\/09\/FIL-GYE-2024-1.jpg","datePublished":"2024-09-24T22:12:00+00:00","dateModified":"2024-10-09T17:46:58+00:00","description":"Universidad de las Artes - Escuela de Literatura, dejando huellas","breadcrumb":{"@id":"https:\/\/www.uartes.edu.ec\/sitio\/fr\/blog\/2024\/09\/24\/escuela-de-literatura-dejando-huellas-en-cita-librera\/#breadcrumb"},"inLanguage":"fr-FR","potentialAction":[{"@type":"ReadAction","target":["https:\/\/www.uartes.edu.ec\/sitio\/fr\/blog\/2024\/09\/24\/escuela-de-literatura-dejando-huellas-en-cita-librera\/"]}]},{"@type":"ImageObject","inLanguage":"fr-FR","@id":"https:\/\/www.uartes.edu.ec\/sitio\/fr\/blog\/2024\/09\/24\/escuela-de-literatura-dejando-huellas-en-cita-librera\/#primaryimage","url":"https:\/\/www.uartes.edu.ec\/sitio\/wp-content\/uploads\/2024\/09\/FIL-GYE-2024-1.jpg","contentUrl":"https:\/\/www.uartes.edu.ec\/sitio\/wp-content\/uploads\/2024\/09\/FIL-GYE-2024-1.jpg","width":2000,"height":1333},{"@type":"BreadcrumbList","@id":"https:\/\/www.uartes.edu.ec\/sitio\/fr\/blog\/2024\/09\/24\/escuela-de-literatura-dejando-huellas-en-cita-librera\/#breadcrumb","itemListElement":[{"@type":"ListItem","position":1,"name":"Inicio","item":"https:\/\/www.uartes.edu.ec\/sitio\/"},{"@type":"ListItem","position":2,"name":"Escuela de Literatura, dejando huellas"}]},{"@type":"WebSite","@id":"https:\/\/www.uartes.edu.ec\/sitio\/fr\/#website","url":"https:\/\/www.uartes.edu.ec\/sitio\/fr\/","name":"Universidad de las Artes","description":"Sitio oficial de la Universidad Nacional de las Artes del Ecuador","publisher":{"@id":"https:\/\/www.uartes.edu.ec\/sitio\/fr\/#organization"},"potentialAction":[{"@type":"SearchAction","target":{"@type":"EntryPoint","urlTemplate":"https:\/\/www.uartes.edu.ec\/sitio\/fr\/?s={search_term_string}"},"query-input":{"@type":"PropertyValueSpecification","valueRequired":true,"valueName":"search_term_string"}}],"inLanguage":"fr-FR"},{"@type":"Organization","@id":"https:\/\/www.uartes.edu.ec\/sitio\/fr\/#organization","name":"Universidad de las Artes","url":"https:\/\/www.uartes.edu.ec\/sitio\/fr\/","logo":{"@type":"ImageObject","inLanguage":"fr-FR","@id":"https:\/\/www.uartes.edu.ec\/sitio\/fr\/#\/schema\/logo\/image\/","url":"https:\/\/www.uartes.edu.ec\/sitio\/wp-content\/uploads\/2022\/07\/logo-ua-horizontal.png","contentUrl":"https:\/\/www.uartes.edu.ec\/sitio\/wp-content\/uploads\/2022\/07\/logo-ua-horizontal.png","width":800,"height":276,"caption":"Universidad de las Artes"},"image":{"@id":"https:\/\/www.uartes.edu.ec\/sitio\/fr\/#\/schema\/logo\/image\/"},"sameAs":["https:\/\/www.facebook.com\/uartesec","https:\/\/x.com\/uartesec","https:\/\/www.tiktok.com\/@uartesec"]},{"@type":"Person","@id":"https:\/\/www.uartes.edu.ec\/sitio\/fr\/#\/schema\/person\/efa1b8275797664fd7f13a79ccc0b1f4","name":"ccortez","image":{"@type":"ImageObject","inLanguage":"fr-FR","@id":"https:\/\/secure.gravatar.com\/avatar\/b2a6f664a3ae8e074346ef91775736c5ec479e637ecced6842de9dc98b5da9cd?s=96&d=mm&r=g","url":"https:\/\/secure.gravatar.com\/avatar\/b2a6f664a3ae8e074346ef91775736c5ec479e637ecced6842de9dc98b5da9cd?s=96&d=mm&r=g","contentUrl":"https:\/\/secure.gravatar.com\/avatar\/b2a6f664a3ae8e074346ef91775736c5ec479e637ecced6842de9dc98b5da9cd?s=96&d=mm&r=g","caption":"ccortez"},"url":"https:\/\/www.uartes.edu.ec\/sitio\/fr\/blog\/author\/ccortez\/"}]}},"uagb_featured_image_src":{"full":["https:\/\/www.uartes.edu.ec\/sitio\/wp-content\/uploads\/2024\/09\/FIL-GYE-2024-1.jpg",2000,1333,false],"thumbnail":["https:\/\/www.uartes.edu.ec\/sitio\/wp-content\/uploads\/2024\/09\/FIL-GYE-2024-1-150x150.jpg",150,150,true],"medium":["https:\/\/www.uartes.edu.ec\/sitio\/wp-content\/uploads\/2024\/09\/FIL-GYE-2024-1-300x200.jpg",300,200,true],"medium_large":["https:\/\/www.uartes.edu.ec\/sitio\/wp-content\/uploads\/2024\/09\/FIL-GYE-2024-1-768x512.jpg",768,512,true],"large":["https:\/\/www.uartes.edu.ec\/sitio\/wp-content\/uploads\/2024\/09\/FIL-GYE-2024-1-644x429.jpg",644,429,true],"1536x1536":["https:\/\/www.uartes.edu.ec\/sitio\/wp-content\/uploads\/2024\/09\/FIL-GYE-2024-1-1536x1024.jpg",1536,1024,true],"2048x2048":["https:\/\/www.uartes.edu.ec\/sitio\/wp-content\/uploads\/2024\/09\/FIL-GYE-2024-1.jpg",2000,1333,false],"trp-custom-language-flag":["https:\/\/www.uartes.edu.ec\/sitio\/wp-content\/uploads\/2024\/09\/FIL-GYE-2024-1-18x12.jpg",18,12,true],"htmega_size_585x295":["https:\/\/www.uartes.edu.ec\/sitio\/wp-content\/uploads\/2024\/09\/FIL-GYE-2024-1-585x295.jpg",585,295,true],"htmega_size_1170x536":["https:\/\/www.uartes.edu.ec\/sitio\/wp-content\/uploads\/2024\/09\/FIL-GYE-2024-1-1170x536.jpg",1170,536,true],"htmega_size_396x360":["https:\/\/www.uartes.edu.ec\/sitio\/wp-content\/uploads\/2024\/09\/FIL-GYE-2024-1-396x360.jpg",396,360,true],"gb-block-post-grid-landscape":["https:\/\/www.uartes.edu.ec\/sitio\/wp-content\/uploads\/2024\/09\/FIL-GYE-2024-1-600x400.jpg",600,400,true],"gb-block-post-grid-square":["https:\/\/www.uartes.edu.ec\/sitio\/wp-content\/uploads\/2024\/09\/FIL-GYE-2024-1-600x600.jpg",600,600,true],"university-hub-thumb":["https:\/\/www.uartes.edu.ec\/sitio\/wp-content\/uploads\/2024\/09\/FIL-GYE-2024-1-400x267.jpg",400,267,true],"mailpoet_newsletter_max":["https:\/\/www.uartes.edu.ec\/sitio\/wp-content\/uploads\/2024\/09\/FIL-GYE-2024-1.jpg",1320,880,false]},"uagb_author_info":{"display_name":"ccortez","author_link":"https:\/\/www.uartes.edu.ec\/sitio\/fr\/blog\/author\/ccortez\/"},"uagb_comment_info":0,"uagb_excerpt":"Estuvieron en exposiciones, conferencias, actividades l\u00fadicas y did\u00e1cticas, protagonizaron lanzamientos de libros e impartieron talleres. Son los docentes, alumni y estudiantes de la Universidad de las Artes que participaron en la Feria Internacional del Libro Guayaquil que en este 2024 lleg\u00f3 a su d\u00e9cima edici\u00f3n. La FIL GYE se realiz\u00f3 del 18 al 22 de\u2026","featured_image_src":"https:\/\/www.uartes.edu.ec\/sitio\/wp-content\/uploads\/2024\/09\/FIL-GYE-2024-1-600x400.jpg","featured_image_src_square":"https:\/\/www.uartes.edu.ec\/sitio\/wp-content\/uploads\/2024\/09\/FIL-GYE-2024-1-600x600.jpg","author_info":{"display_name":"ccortez","author_link":"https:\/\/www.uartes.edu.ec\/sitio\/fr\/blog\/author\/ccortez\/"},"publishpress_future_workflow_manual_trigger":{"enabledWorkflows":[]},"distributor_meta":false,"distributor_terms":false,"distributor_media":false,"distributor_original_site_name":"Universidad de las Artes","distributor_original_site_url":"https:\/\/www.uartes.edu.ec\/sitio\/fr","push-errors":false,"_links":{"self":[{"href":"https:\/\/www.uartes.edu.ec\/sitio\/fr\/wp-json\/wp\/v2\/posts\/62267","targetHints":{"allow":["GET"]}}],"collection":[{"href":"https:\/\/www.uartes.edu.ec\/sitio\/fr\/wp-json\/wp\/v2\/posts"}],"about":[{"href":"https:\/\/www.uartes.edu.ec\/sitio\/fr\/wp-json\/wp\/v2\/types\/post"}],"author":[{"embeddable":true,"href":"https:\/\/www.uartes.edu.ec\/sitio\/fr\/wp-json\/wp\/v2\/users\/10"}],"replies":[{"embeddable":true,"href":"https:\/\/www.uartes.edu.ec\/sitio\/fr\/wp-json\/wp\/v2\/comments?post=62267"}],"version-history":[{"count":8,"href":"https:\/\/www.uartes.edu.ec\/sitio\/fr\/wp-json\/wp\/v2\/posts\/62267\/revisions"}],"predecessor-version":[{"id":62740,"href":"https:\/\/www.uartes.edu.ec\/sitio\/fr\/wp-json\/wp\/v2\/posts\/62267\/revisions\/62740"}],"wp:featuredmedia":[{"embeddable":true,"href":"https:\/\/www.uartes.edu.ec\/sitio\/fr\/wp-json\/wp\/v2\/media\/62283"}],"wp:attachment":[{"href":"https:\/\/www.uartes.edu.ec\/sitio\/fr\/wp-json\/wp\/v2\/media?parent=62267"}],"wp:term":[{"taxonomy":"category","embeddable":true,"href":"https:\/\/www.uartes.edu.ec\/sitio\/fr\/wp-json\/wp\/v2\/categories?post=62267"},{"taxonomy":"post_tag","embeddable":true,"href":"https:\/\/www.uartes.edu.ec\/sitio\/fr\/wp-json\/wp\/v2\/tags?post=62267"},{"taxonomy":"infouartes","embeddable":true,"href":"https:\/\/www.uartes.edu.ec\/sitio\/fr\/wp-json\/wp\/v2\/infouartes?post=62267"}],"curies":[{"name":"wp","href":"https:\/\/api.w.org\/{rel}","templated":true}]}}