{"id":62389,"date":"2024-09-28T13:59:00","date_gmt":"2024-09-28T18:59:00","guid":{"rendered":"https:\/\/www.uartes.edu.ec\/sitio\/?p=62389"},"modified":"2024-10-21T14:58:06","modified_gmt":"2024-10-21T19:58:06","slug":"la-experiencia-de-la-acreditacion-a-la-uartes-nos-impulsa-al-siguiente-proceso-de-evaluacion-del-caces-recordemos-como-lo-vivimos","status":"publish","type":"post","link":"https:\/\/www.uartes.edu.ec\/sitio\/fr\/blog\/2024\/09\/28\/la-experiencia-de-la-acreditacion-a-la-uartes-nos-impulsa-al-siguiente-proceso-de-evaluacion-del-caces-recordemos-como-lo-vivimos\/","title":{"rendered":"La experiencia de la acreditaci\u00f3n lograda por la UArtes nos impulsa al siguiente proceso de evaluaci\u00f3n que har\u00e1 el CACES"},"content":{"rendered":"<p>El Consejo de Aseguramiento de la Calidad de la Educaci\u00f3n Superior (CACES) emiti\u00f3 la resoluci\u00f3n oficial que acredita a la Universidad de las Artes hasta el pr\u00f3ximo proceso de evaluaci\u00f3n. Este reconocimiento es el resultado de un riguroso procedimiento evaluativo externo que demostr\u00f3 que cumple con los m\u00e1s altos est\u00e1ndares de calidad acad\u00e9mica.<\/p>\n\n\n\n<p>Con esta acreditaci\u00f3n, la UArtes consolida su posici\u00f3n como una de las instituciones l\u00edderes en el campo de la educaci\u00f3n art\u00edstica a nivel nacional e internacional. En el InfoUArtes digital, que circul\u00f3 por correo electr\u00f3nico el viernes 13 de septiembre, el rector William Herrera expres\u00f3 su agradecimiento a toda la comunidad universitaria por el compromiso asumido para llevar a cabo este proceso trascendental para la universidad.<\/p>\n\n\n\n<p>Es en el Art\u00edculo 2 de la Resoluci\u00f3n No. 157-SO-30-CACES-2024 emitida por el CACES donde consta la acreditaci\u00f3n de la UArtes, por haber alcanzado los criterios y est\u00e1ndares determinados en el Modelo de Evaluaci\u00f3n Externa de Universidades y Escuelas Polit\u00e9cnicas.<\/p>\n\n\n<div class=\"wp-block-image\">\n<figure class=\"aligncenter size-large\"><img fetchpriority=\"high\" decoding=\"async\" width=\"644\" height=\"429\" src=\"https:\/\/www.uartes.edu.ec\/sitio\/wp-content\/uploads\/2024\/10\/47-CACES-UARTES-WEB-644x429.jpg\" alt=\"\" class=\"wp-image-62393\" srcset=\"https:\/\/www.uartes.edu.ec\/sitio\/wp-content\/uploads\/2024\/10\/47-CACES-UARTES-WEB-644x429.jpg 644w, https:\/\/www.uartes.edu.ec\/sitio\/wp-content\/uploads\/2024\/10\/47-CACES-UARTES-WEB-300x200.jpg 300w, https:\/\/www.uartes.edu.ec\/sitio\/wp-content\/uploads\/2024\/10\/47-CACES-UARTES-WEB-768x512.jpg 768w, https:\/\/www.uartes.edu.ec\/sitio\/wp-content\/uploads\/2024\/10\/47-CACES-UARTES-WEB-1536x1024.jpg 1536w, https:\/\/www.uartes.edu.ec\/sitio\/wp-content\/uploads\/2024\/10\/47-CACES-UARTES-WEB-18x12.jpg 18w, https:\/\/www.uartes.edu.ec\/sitio\/wp-content\/uploads\/2024\/10\/47-CACES-UARTES-WEB-600x400.jpg 600w, https:\/\/www.uartes.edu.ec\/sitio\/wp-content\/uploads\/2024\/10\/47-CACES-UARTES-WEB-400x267.jpg 400w, https:\/\/www.uartes.edu.ec\/sitio\/wp-content\/uploads\/2024\/10\/47-CACES-UARTES-WEB-272x182.jpg 272w, https:\/\/www.uartes.edu.ec\/sitio\/wp-content\/uploads\/2024\/10\/47-CACES-UARTES-WEB.jpg 2000w\" sizes=\"(max-width: 644px) 100vw, 644px\" \/><\/figure>\n<\/div>\n\n\n<figure class=\"wp-block-gallery has-nested-images columns-default is-cropped wp-block-gallery-1 is-layout-flex wp-block-gallery-is-layout-flex\">\n<figure class=\"wp-block-image size-large\"><img decoding=\"async\" width=\"644\" height=\"429\" data-id=\"62391\" src=\"https:\/\/www.uartes.edu.ec\/sitio\/wp-content\/uploads\/2024\/10\/46-CACES-UARTES-WEB-644x429.jpg\" alt=\"\" class=\"wp-image-62391\" srcset=\"https:\/\/www.uartes.edu.ec\/sitio\/wp-content\/uploads\/2024\/10\/46-CACES-UARTES-WEB-644x429.jpg 644w, https:\/\/www.uartes.edu.ec\/sitio\/wp-content\/uploads\/2024\/10\/46-CACES-UARTES-WEB-300x200.jpg 300w, https:\/\/www.uartes.edu.ec\/sitio\/wp-content\/uploads\/2024\/10\/46-CACES-UARTES-WEB-768x512.jpg 768w, https:\/\/www.uartes.edu.ec\/sitio\/wp-content\/uploads\/2024\/10\/46-CACES-UARTES-WEB-1536x1024.jpg 1536w, https:\/\/www.uartes.edu.ec\/sitio\/wp-content\/uploads\/2024\/10\/46-CACES-UARTES-WEB-18x12.jpg 18w, https:\/\/www.uartes.edu.ec\/sitio\/wp-content\/uploads\/2024\/10\/46-CACES-UARTES-WEB-600x400.jpg 600w, https:\/\/www.uartes.edu.ec\/sitio\/wp-content\/uploads\/2024\/10\/46-CACES-UARTES-WEB-400x267.jpg 400w, https:\/\/www.uartes.edu.ec\/sitio\/wp-content\/uploads\/2024\/10\/46-CACES-UARTES-WEB-272x182.jpg 272w, https:\/\/www.uartes.edu.ec\/sitio\/wp-content\/uploads\/2024\/10\/46-CACES-UARTES-WEB.jpg 2000w\" sizes=\"(max-width: 644px) 100vw, 644px\" \/><\/figure>\n\n\n\n<figure class=\"wp-block-image size-large\"><img decoding=\"async\" width=\"644\" height=\"429\" data-id=\"62392\" src=\"https:\/\/www.uartes.edu.ec\/sitio\/wp-content\/uploads\/2024\/10\/45-CACES-UARTES-WEB-644x429.jpg\" alt=\"\" class=\"wp-image-62392\" srcset=\"https:\/\/www.uartes.edu.ec\/sitio\/wp-content\/uploads\/2024\/10\/45-CACES-UARTES-WEB-644x429.jpg 644w, https:\/\/www.uartes.edu.ec\/sitio\/wp-content\/uploads\/2024\/10\/45-CACES-UARTES-WEB-300x200.jpg 300w, https:\/\/www.uartes.edu.ec\/sitio\/wp-content\/uploads\/2024\/10\/45-CACES-UARTES-WEB-768x512.jpg 768w, https:\/\/www.uartes.edu.ec\/sitio\/wp-content\/uploads\/2024\/10\/45-CACES-UARTES-WEB-1536x1024.jpg 1536w, https:\/\/www.uartes.edu.ec\/sitio\/wp-content\/uploads\/2024\/10\/45-CACES-UARTES-WEB-18x12.jpg 18w, https:\/\/www.uartes.edu.ec\/sitio\/wp-content\/uploads\/2024\/10\/45-CACES-UARTES-WEB-600x400.jpg 600w, https:\/\/www.uartes.edu.ec\/sitio\/wp-content\/uploads\/2024\/10\/45-CACES-UARTES-WEB-400x267.jpg 400w, https:\/\/www.uartes.edu.ec\/sitio\/wp-content\/uploads\/2024\/10\/45-CACES-UARTES-WEB-272x182.jpg 272w, https:\/\/www.uartes.edu.ec\/sitio\/wp-content\/uploads\/2024\/10\/45-CACES-UARTES-WEB.jpg 2000w\" sizes=\"(max-width: 644px) 100vw, 644px\" \/><\/figure>\n<\/figure>\n\n\n\n<p><\/p>\n\n\n\n<p>De c\u00f3mo se prepar\u00f3 y desarroll\u00f3 la comunidad universitaria para la acreditaci\u00f3n, Meining Cheung, docente que est\u00e1 al frente de la Secretar\u00eda de Aseguramiento de la Calidad de la Educaci\u00f3n (SACE) desde finales de septiembre de 2023, indic\u00f3 que el primer paso fue revisar fechas, determinando que el cronograma estaba muy apretado. \u201cTen\u00edamos que realizar una autoevaluaci\u00f3n institucional, planificar, proponer un equipo t\u00e9cnico,&nbsp;tener un plan de mejoras y el reglamento de evaluaci\u00f3n docente, el cual es parte de lo que realiza esta unidad\u201d.<\/p>\n\n\n\n<p>En octubre, y a una velocidad que hasta el momento la sorprende, Cheung se\u00f1al\u00f3 que ya se ten\u00eda el borrador del reglamento de evaluaci\u00f3n interna, la propuesta para la reforma&nbsp;del reglamento de evaluaci\u00f3n integral docente y la propuesta de autoevaluaci\u00f3n que entr\u00f3 casi inmediatamente al \u00d3rgano Colegiado Superior (OCS). En noviembre se ejecut\u00f3 la autoevaluaci\u00f3n con la ayuda de los docentes Pedro Segovia, Monserratt Mogrovejo y Yamil Lambert; del personal administrativo estuvo el equipo de SACE, integrado por Wendy Salinas, Henry Magallanes, Cindy Mena y Jos\u00e9 Aguas.<\/p>\n\n\n\n<p>\u201cEse ejercicio involucr\u00f3 encuestas y entrevistas a los estudiantes y al personal, un proceso fundamental para medir el estado de la universidad, lo cual dictar\u00eda lo que hab\u00eda que hacer, pues a fines de noviembre ven\u00eda el CACES para \u2013en el acompa\u00f1amiento institucional\u2013 realizar la revisi\u00f3n de las condiciones institucionales, lo cual involucraba una cantidad de mediciones y cuestiones muy espec\u00edficas de accesibilidad, como lo determina el modelo\u201d.<\/p>\n\n\n<div class=\"wp-block-image\">\n<figure class=\"aligncenter size-large\"><img loading=\"lazy\" decoding=\"async\" width=\"644\" height=\"429\" src=\"https:\/\/www.uartes.edu.ec\/sitio\/wp-content\/uploads\/2024\/10\/25-CACES-UARTES-WEB-644x429.jpg\" alt=\"\" class=\"wp-image-62394\" srcset=\"https:\/\/www.uartes.edu.ec\/sitio\/wp-content\/uploads\/2024\/10\/25-CACES-UARTES-WEB-644x429.jpg 644w, https:\/\/www.uartes.edu.ec\/sitio\/wp-content\/uploads\/2024\/10\/25-CACES-UARTES-WEB-300x200.jpg 300w, https:\/\/www.uartes.edu.ec\/sitio\/wp-content\/uploads\/2024\/10\/25-CACES-UARTES-WEB-768x512.jpg 768w, https:\/\/www.uartes.edu.ec\/sitio\/wp-content\/uploads\/2024\/10\/25-CACES-UARTES-WEB-1536x1024.jpg 1536w, https:\/\/www.uartes.edu.ec\/sitio\/wp-content\/uploads\/2024\/10\/25-CACES-UARTES-WEB-18x12.jpg 18w, https:\/\/www.uartes.edu.ec\/sitio\/wp-content\/uploads\/2024\/10\/25-CACES-UARTES-WEB-600x400.jpg 600w, https:\/\/www.uartes.edu.ec\/sitio\/wp-content\/uploads\/2024\/10\/25-CACES-UARTES-WEB-400x267.jpg 400w, https:\/\/www.uartes.edu.ec\/sitio\/wp-content\/uploads\/2024\/10\/25-CACES-UARTES-WEB-272x182.jpg 272w, https:\/\/www.uartes.edu.ec\/sitio\/wp-content\/uploads\/2024\/10\/25-CACES-UARTES-WEB.jpg 2000w\" sizes=\"(max-width: 644px) 100vw, 644px\" \/><\/figure>\n<\/div>\n\n\n<figure class=\"wp-block-gallery has-nested-images columns-default is-cropped wp-block-gallery-2 is-layout-flex wp-block-gallery-is-layout-flex\">\n<figure class=\"wp-block-image size-large\"><img loading=\"lazy\" decoding=\"async\" width=\"644\" height=\"429\" data-id=\"62395\" src=\"https:\/\/www.uartes.edu.ec\/sitio\/wp-content\/uploads\/2024\/10\/44-CACES-UARTES-WEB-1-644x429.jpg\" alt=\"\" class=\"wp-image-62395\" srcset=\"https:\/\/www.uartes.edu.ec\/sitio\/wp-content\/uploads\/2024\/10\/44-CACES-UARTES-WEB-1-644x429.jpg 644w, https:\/\/www.uartes.edu.ec\/sitio\/wp-content\/uploads\/2024\/10\/44-CACES-UARTES-WEB-1-300x200.jpg 300w, https:\/\/www.uartes.edu.ec\/sitio\/wp-content\/uploads\/2024\/10\/44-CACES-UARTES-WEB-1-768x512.jpg 768w, https:\/\/www.uartes.edu.ec\/sitio\/wp-content\/uploads\/2024\/10\/44-CACES-UARTES-WEB-1-1536x1024.jpg 1536w, https:\/\/www.uartes.edu.ec\/sitio\/wp-content\/uploads\/2024\/10\/44-CACES-UARTES-WEB-1-18x12.jpg 18w, https:\/\/www.uartes.edu.ec\/sitio\/wp-content\/uploads\/2024\/10\/44-CACES-UARTES-WEB-1-600x400.jpg 600w, https:\/\/www.uartes.edu.ec\/sitio\/wp-content\/uploads\/2024\/10\/44-CACES-UARTES-WEB-1-400x267.jpg 400w, https:\/\/www.uartes.edu.ec\/sitio\/wp-content\/uploads\/2024\/10\/44-CACES-UARTES-WEB-1-272x182.jpg 272w, https:\/\/www.uartes.edu.ec\/sitio\/wp-content\/uploads\/2024\/10\/44-CACES-UARTES-WEB-1.jpg 2000w\" sizes=\"(max-width: 644px) 100vw, 644px\" \/><\/figure>\n\n\n\n<figure class=\"wp-block-image size-large\"><img loading=\"lazy\" decoding=\"async\" width=\"644\" height=\"429\" data-id=\"62396\" src=\"https:\/\/www.uartes.edu.ec\/sitio\/wp-content\/uploads\/2024\/10\/43-CACES-UARTES-WEB-1-644x429.jpg\" alt=\"\" class=\"wp-image-62396\" srcset=\"https:\/\/www.uartes.edu.ec\/sitio\/wp-content\/uploads\/2024\/10\/43-CACES-UARTES-WEB-1-644x429.jpg 644w, https:\/\/www.uartes.edu.ec\/sitio\/wp-content\/uploads\/2024\/10\/43-CACES-UARTES-WEB-1-300x200.jpg 300w, https:\/\/www.uartes.edu.ec\/sitio\/wp-content\/uploads\/2024\/10\/43-CACES-UARTES-WEB-1-768x512.jpg 768w, https:\/\/www.uartes.edu.ec\/sitio\/wp-content\/uploads\/2024\/10\/43-CACES-UARTES-WEB-1-1536x1024.jpg 1536w, https:\/\/www.uartes.edu.ec\/sitio\/wp-content\/uploads\/2024\/10\/43-CACES-UARTES-WEB-1-18x12.jpg 18w, https:\/\/www.uartes.edu.ec\/sitio\/wp-content\/uploads\/2024\/10\/43-CACES-UARTES-WEB-1-600x400.jpg 600w, https:\/\/www.uartes.edu.ec\/sitio\/wp-content\/uploads\/2024\/10\/43-CACES-UARTES-WEB-1-400x267.jpg 400w, https:\/\/www.uartes.edu.ec\/sitio\/wp-content\/uploads\/2024\/10\/43-CACES-UARTES-WEB-1-272x182.jpg 272w, https:\/\/www.uartes.edu.ec\/sitio\/wp-content\/uploads\/2024\/10\/43-CACES-UARTES-WEB-1.jpg 2000w\" sizes=\"(max-width: 644px) 100vw, 644px\" \/><\/figure>\n<\/figure>\n\n\n\n<p><\/p>\n\n\n\n<p>En muy pocas semanas, expres\u00f3 Cheung, se realiz\u00f3 un arduo trabajo en coordinaci\u00f3n con las autoridades, colocando prioridades sobre las normativas y otros insumos que iban a ser necesarios para el proceso. En enero de 2024 se pudo tener el informe completo de la autoevaluaci\u00f3n con lo cual las unidades arrancaron con los planes de mejora. \u201cFuimos bastante exigentes en el informe. Pusimos la vara alta porque en estos ejercicios hay muchas variables, y no tenemos el lujo de arriesgarnos\u201d.<\/p>\n\n\n\n<p>La universidad observ\u00f3, en ciertas unidades, una concentraci\u00f3n extraordinaria y se pudo emitir informes que le permitieron conocerse un poco m\u00e1s desde el \u00e1mbito acad\u00e9mico; se levantaron procesos que fueron operativos en pocos meses y hubo mejoras desde distintos \u00e1mbitos que fueron visibles.&nbsp;<\/p>\n\n\n\n<p>El informe de acompa\u00f1amiento de la revisi\u00f3n de las condiciones institucionales del CACES lleg\u00f3 en febrero, pero las unidades ya hab\u00edan empezado a ejecutar.&nbsp;\u201cAunque el proceso de autoevaluaci\u00f3n arroj\u00f3 que hab\u00eda normativas y documentos por levantar, en dos meses se lo logr\u00f3 hacer en casi un 95% por las \u00e1reas acad\u00e9micas y administrativas\u201d. En marzo, detall\u00f3, se deb\u00eda cargar la informaci\u00f3n en la plataforma, anticipando que ser\u00eda tenaz por la cantidad de documentos en todas las \u00e1reas. \u201cFueron siete asistentes entre externos y alumni quienes nos acompa\u00f1aron para ayudar a las unidades a escanear y organizar la informaci\u00f3n, y ayudar con la plataforma\u201d.<\/p>\n\n\n<div class=\"wp-block-image\">\n<figure class=\"aligncenter size-large\"><img loading=\"lazy\" decoding=\"async\" width=\"644\" height=\"429\" src=\"https:\/\/www.uartes.edu.ec\/sitio\/wp-content\/uploads\/2024\/10\/03-CACES-SEGUNDA-PARTE-DE-ACREDITACION-644x429.jpg\" alt=\"\" class=\"wp-image-62397\" srcset=\"https:\/\/www.uartes.edu.ec\/sitio\/wp-content\/uploads\/2024\/10\/03-CACES-SEGUNDA-PARTE-DE-ACREDITACION-644x429.jpg 644w, https:\/\/www.uartes.edu.ec\/sitio\/wp-content\/uploads\/2024\/10\/03-CACES-SEGUNDA-PARTE-DE-ACREDITACION-300x200.jpg 300w, https:\/\/www.uartes.edu.ec\/sitio\/wp-content\/uploads\/2024\/10\/03-CACES-SEGUNDA-PARTE-DE-ACREDITACION-768x512.jpg 768w, https:\/\/www.uartes.edu.ec\/sitio\/wp-content\/uploads\/2024\/10\/03-CACES-SEGUNDA-PARTE-DE-ACREDITACION-1536x1024.jpg 1536w, https:\/\/www.uartes.edu.ec\/sitio\/wp-content\/uploads\/2024\/10\/03-CACES-SEGUNDA-PARTE-DE-ACREDITACION-18x12.jpg 18w, https:\/\/www.uartes.edu.ec\/sitio\/wp-content\/uploads\/2024\/10\/03-CACES-SEGUNDA-PARTE-DE-ACREDITACION-600x400.jpg 600w, https:\/\/www.uartes.edu.ec\/sitio\/wp-content\/uploads\/2024\/10\/03-CACES-SEGUNDA-PARTE-DE-ACREDITACION-400x267.jpg 400w, https:\/\/www.uartes.edu.ec\/sitio\/wp-content\/uploads\/2024\/10\/03-CACES-SEGUNDA-PARTE-DE-ACREDITACION-272x182.jpg 272w, https:\/\/www.uartes.edu.ec\/sitio\/wp-content\/uploads\/2024\/10\/03-CACES-SEGUNDA-PARTE-DE-ACREDITACION.jpg 2000w\" sizes=\"(max-width: 644px) 100vw, 644px\" \/><\/figure>\n<\/div>\n\n\n<p>Se cargaron m\u00e1s de tres mil documentos a las 22:30 del \u00faltimo d\u00eda (un viernes) para hacerlo, revel\u00f3 la secretaria de SACE, anotando que inmediatamente hab\u00eda que prepararse para la visita t\u00e9cnica del mes de mayo. Con ese prop\u00f3sito se realizaron dos simulacros en abril, que duraron de dos a tres d\u00edas cada uno para revisar las condiciones institucionales.<\/p>\n\n\n\n<p>Durante la firma del acta, los comentarios fueron interesantes por parte de los t\u00e9cnicos del CACES en relaci\u00f3n a c\u00f3mo la UArtes era flexible y utilizaba sus espacios, as\u00ed como la relaci\u00f3n con sus estudiantes. \u201cSin embargo, no hubo mayor comentario acerca del desempe\u00f1o, ni pudimos realmente medir si hab\u00eda sido un resultado positivo o negativo\u201d, dijo Cheung.<\/p>\n\n\n\n<p>Para la preparaci\u00f3n de la visita <em>in situ<\/em> se coordinaron jornadas de la calidad, a\u00f1adi\u00f3. Desde la SACE se pudo contar con las experiencias de Antonio Hern\u00e1ndez-Blanco y Mar\u00eda Elena Su\u00e1rez (Ecotec), \u201cy pudimos realizar consultas a Sof\u00eda L\u00f3pez (Espol) gracias a las gestiones del rector con la Espol\u201d. En un esfuerzo de preparaci\u00f3n, en mayo se hicieron entrevistas con todas las unidades, acad\u00e9micas y administrativas. \u201cSi bien no hab\u00eda forma de conocer las preguntas y no ten\u00edamos idea de c\u00f3mo iba a ser, al menos era una oportunidad para practicar. Invitamos a docentes a ser parte de los entrevistadores y tuvimos tambi\u00e9n entrevistas con los estudiantes, tanto con representantes estudiantiles como del \u00d3rgano Colegiado Superior\u201d.<\/p>\n\n\n\n<p>El primer d\u00eda de la visita <em>in situ<\/em> caus\u00f3 una gran impresi\u00f3n en las autoridades. Luego de observar las interacciones y el panorama, la reacci\u00f3n fue oportuna y se hicieron preparaciones adicionales. \u201cFue una semana de alto estr\u00e9s y mucha presi\u00f3n, pero creo que, finalmente, fue el segundo d\u00eda de cinco que los evaluadores vieron la luz en relaci\u00f3n al trabajo que se hace en la UArtes, tanto por la contribuci\u00f3n y los testimonios de los estudiantes, como por el trabajo desde vinculaci\u00f3n que los puso en sinton\u00eda con este proyecto y su importancia y pertinencia dentro de nuestra sociedad\u201d.<\/p>\n\n\n\n<figure class=\"wp-block-gallery has-nested-images columns-default is-cropped wp-block-gallery-3 is-layout-flex wp-block-gallery-is-layout-flex\">\n<figure class=\"wp-block-image size-large\"><img loading=\"lazy\" decoding=\"async\" width=\"644\" height=\"429\" data-id=\"62399\" src=\"https:\/\/www.uartes.edu.ec\/sitio\/wp-content\/uploads\/2024\/10\/02-CACES-SEGUNDA-PARTE-DE-ACREDITACION-644x429.jpg\" alt=\"\" class=\"wp-image-62399\" srcset=\"https:\/\/www.uartes.edu.ec\/sitio\/wp-content\/uploads\/2024\/10\/02-CACES-SEGUNDA-PARTE-DE-ACREDITACION-644x429.jpg 644w, https:\/\/www.uartes.edu.ec\/sitio\/wp-content\/uploads\/2024\/10\/02-CACES-SEGUNDA-PARTE-DE-ACREDITACION-300x200.jpg 300w, https:\/\/www.uartes.edu.ec\/sitio\/wp-content\/uploads\/2024\/10\/02-CACES-SEGUNDA-PARTE-DE-ACREDITACION-768x512.jpg 768w, https:\/\/www.uartes.edu.ec\/sitio\/wp-content\/uploads\/2024\/10\/02-CACES-SEGUNDA-PARTE-DE-ACREDITACION-1536x1024.jpg 1536w, https:\/\/www.uartes.edu.ec\/sitio\/wp-content\/uploads\/2024\/10\/02-CACES-SEGUNDA-PARTE-DE-ACREDITACION-18x12.jpg 18w, https:\/\/www.uartes.edu.ec\/sitio\/wp-content\/uploads\/2024\/10\/02-CACES-SEGUNDA-PARTE-DE-ACREDITACION-600x400.jpg 600w, https:\/\/www.uartes.edu.ec\/sitio\/wp-content\/uploads\/2024\/10\/02-CACES-SEGUNDA-PARTE-DE-ACREDITACION-400x267.jpg 400w, https:\/\/www.uartes.edu.ec\/sitio\/wp-content\/uploads\/2024\/10\/02-CACES-SEGUNDA-PARTE-DE-ACREDITACION-272x182.jpg 272w, https:\/\/www.uartes.edu.ec\/sitio\/wp-content\/uploads\/2024\/10\/02-CACES-SEGUNDA-PARTE-DE-ACREDITACION.jpg 2000w\" sizes=\"(max-width: 644px) 100vw, 644px\" \/><\/figure>\n\n\n\n<figure class=\"wp-block-image size-large\"><img loading=\"lazy\" decoding=\"async\" width=\"644\" height=\"429\" data-id=\"62398\" src=\"https:\/\/www.uartes.edu.ec\/sitio\/wp-content\/uploads\/2024\/10\/01-CACES-SEGUNDA-PARTE-DE-ACREDITACION-644x429.jpg\" alt=\"\" class=\"wp-image-62398\" srcset=\"https:\/\/www.uartes.edu.ec\/sitio\/wp-content\/uploads\/2024\/10\/01-CACES-SEGUNDA-PARTE-DE-ACREDITACION-644x429.jpg 644w, https:\/\/www.uartes.edu.ec\/sitio\/wp-content\/uploads\/2024\/10\/01-CACES-SEGUNDA-PARTE-DE-ACREDITACION-300x200.jpg 300w, https:\/\/www.uartes.edu.ec\/sitio\/wp-content\/uploads\/2024\/10\/01-CACES-SEGUNDA-PARTE-DE-ACREDITACION-768x512.jpg 768w, https:\/\/www.uartes.edu.ec\/sitio\/wp-content\/uploads\/2024\/10\/01-CACES-SEGUNDA-PARTE-DE-ACREDITACION-1536x1024.jpg 1536w, https:\/\/www.uartes.edu.ec\/sitio\/wp-content\/uploads\/2024\/10\/01-CACES-SEGUNDA-PARTE-DE-ACREDITACION-18x12.jpg 18w, https:\/\/www.uartes.edu.ec\/sitio\/wp-content\/uploads\/2024\/10\/01-CACES-SEGUNDA-PARTE-DE-ACREDITACION-600x400.jpg 600w, https:\/\/www.uartes.edu.ec\/sitio\/wp-content\/uploads\/2024\/10\/01-CACES-SEGUNDA-PARTE-DE-ACREDITACION-400x267.jpg 400w, https:\/\/www.uartes.edu.ec\/sitio\/wp-content\/uploads\/2024\/10\/01-CACES-SEGUNDA-PARTE-DE-ACREDITACION-272x182.jpg 272w, https:\/\/www.uartes.edu.ec\/sitio\/wp-content\/uploads\/2024\/10\/01-CACES-SEGUNDA-PARTE-DE-ACREDITACION.jpg 2000w\" sizes=\"(max-width: 644px) 100vw, 644px\" \/><\/figure>\n<\/figure>\n\n\n\n<p><\/p>\n\n\n\n<p>Cheung coment\u00f3 que, en la sesi\u00f3n de cierre, fue muy clara la percepci\u00f3n de los evaluadores acerca de estos aspectos de la universidad. \u201cCreo fue un jueves que nos lleg\u00f3 la noticia de que la UArtes fue acreditada. Realmente un alivio tremendo y una alegr\u00eda inmensa por todo el trabajo en grupo, enfocado y dirigido, que tuvo resultados y que se pudo lograr en ese lapso\u201d.<\/p>\n\n\n\n<p>La secretaria de SACE felicita a los estudiantes y al personal acad\u00e9mico y administrativo que labora en la universidad por todas las horas de estudio y las que llevan los informes, clases, investigaciones, proyectos de vinculaci\u00f3n, obras, procesos&#8230; \u201cHoy la universidad existe gracias a todos esos esfuerzos que quiz\u00e1s nadie nunca ver\u00e1, sin trofeos ni medallas. Y es que para tener calidad necesitas realmente pocas cosas: disposici\u00f3n, deseo de mejorar, actuar, trabajar en equipo, poner tus capacidades para encontrar puntos medios y tambi\u00e9n ver la labor diaria como una gran oportunidad de construir y aportar a algo m\u00e1s grande que todos nosotros y que cambia la vida de las comunidades y de las personas que atraviesan estas aulas\u201d.<\/p>\n\n\n\n<p>Meining Cheung agradeci\u00f3 al equipo por todo su compromiso, uno puede ser los ojos, pero ellos son el motor, el \u00e9xito es el equipo.&nbsp;\u201cQue viva la Universidad de las Artes y vamos por la acreditaci\u00f3n 2026\u201d.<\/p>\n\n\n\n<p>Im\u00e1genes: corresponden a varios de los momentos que se vivieron durante el proceso de evaluaci\u00f3n del CACES, del cual la UArtes result\u00f3 acreditada.<\/p>","protected":false},"excerpt":{"rendered":"<p>El Consejo de Aseguramiento de la Calidad de la Educaci\u00f3n Superior (CACES) emiti\u00f3 la resoluci\u00f3n oficial que acredita a la Universidad de las Artes hasta el pr\u00f3ximo proceso de evaluaci\u00f3n. Tras el riguroso procedimiento evaluativo externo qued\u00f3 demostrado que cumple con altos est\u00e1ndares de calidad acad\u00e9mica, consolidando su posici\u00f3n como una de las instituciones l\u00edderes en el campo de la educaci\u00f3n art\u00edstica a nivel nacional e internacional.<\/p>","protected":false},"author":10,"featured_media":62390,"comment_status":"open","ping_status":"open","sticky":false,"template":"","format":"standard","meta":{"_acf_changed":false,"_uag_custom_page_level_css":"","_monsterinsights_skip_tracking":false,"_monsterinsights_sitenote_active":false,"_monsterinsights_sitenote_note":"","_monsterinsights_sitenote_category":0,"cybocfi_hide_featured_image":"","footnotes":""},"categories":[80,438,159,150,157,147,75,76,77,175,83],"tags":[1109],"infouartes":[1287],"class_list":["post-62389","post","type-post","status-publish","format-standard","has-post-thumbnail","hentry","category-academico","category-administrativos","category-artes-escenicas","category-artes-sonoras","category-artes-visuales","category-cine","category-docentes","category-estudiantes","category-gestion","category-literatura","category-sedes","tag-evaluacion","infouartes-somos-uartes"],"acf":[],"yoast_head":"<!-- This site is optimized with the Yoast SEO plugin v27.4 - https:\/\/yoast.com\/product\/yoast-seo-wordpress\/ -->\n<title>Universidad de las Artes - La experiencia de la acreditaci\u00f3n lograda por la UArtes nos impulsa al siguiente proceso de evaluaci\u00f3n que har\u00e1 el CACES<\/title>\n<meta name=\"description\" content=\"Universidad de las Artes - La experiencia de la acreditaci\u00f3n lograda por la UArtes nos impulsa al siguiente proceso de evaluaci\u00f3n que har\u00e1 el CACES\" \/>\n<meta name=\"robots\" content=\"index, follow, max-snippet:-1, max-image-preview:large, max-video-preview:-1\" \/>\n<link rel=\"canonical\" href=\"https:\/\/www.uartes.edu.ec\/sitio\/fr\/blog\/2024\/09\/28\/la-experiencia-de-la-acreditacion-a-la-uartes-nos-impulsa-al-siguiente-proceso-de-evaluacion-del-caces-recordemos-como-lo-vivimos\/\" \/>\n<meta property=\"og:locale\" content=\"fr_FR\" \/>\n<meta property=\"og:type\" content=\"article\" \/>\n<meta property=\"og:title\" content=\"Universidad de las Artes - La experiencia de la acreditaci\u00f3n lograda por la UArtes nos impulsa al siguiente proceso de evaluaci\u00f3n que har\u00e1 el CACES\" \/>\n<meta property=\"og:description\" content=\"Universidad de las Artes - La experiencia de la acreditaci\u00f3n lograda por la UArtes nos impulsa al siguiente proceso de evaluaci\u00f3n que har\u00e1 el CACES\" \/>\n<meta property=\"og:url\" content=\"https:\/\/www.uartes.edu.ec\/sitio\/fr\/blog\/2024\/09\/28\/la-experiencia-de-la-acreditacion-a-la-uartes-nos-impulsa-al-siguiente-proceso-de-evaluacion-del-caces-recordemos-como-lo-vivimos\/\" \/>\n<meta property=\"og:site_name\" content=\"Universidad de las Artes\" \/>\n<meta property=\"article:publisher\" content=\"https:\/\/www.facebook.com\/uartesec\" \/>\n<meta property=\"article:published_time\" content=\"2024-09-28T18:59:00+00:00\" \/>\n<meta property=\"article:modified_time\" content=\"2024-10-21T19:58:06+00:00\" \/>\n<meta property=\"og:image\" content=\"https:\/\/www.uartes.edu.ec\/sitio\/wp-content\/uploads\/2024\/10\/FOTO-ACREDITACION-2024-WEB.jpg\" \/>\n\t<meta property=\"og:image:width\" content=\"2000\" \/>\n\t<meta property=\"og:image:height\" content=\"1333\" \/>\n\t<meta property=\"og:image:type\" content=\"image\/jpeg\" \/>\n<meta name=\"author\" content=\"ccortez\" \/>\n<meta name=\"twitter:card\" content=\"summary_large_image\" \/>\n<meta name=\"twitter:creator\" content=\"@uartesec\" \/>\n<meta name=\"twitter:site\" content=\"@uartesec\" \/>\n<meta name=\"twitter:label1\" content=\"\u00c9crit par\" \/>\n\t<meta name=\"twitter:data1\" content=\"ccortez\" \/>\n\t<meta name=\"twitter:label2\" content=\"Dur\u00e9e de lecture estim\u00e9e\" \/>\n\t<meta name=\"twitter:data2\" content=\"8 minutes\" \/>\n<script type=\"application\/ld+json\" class=\"yoast-schema-graph\">{\"@context\":\"https:\\\/\\\/schema.org\",\"@graph\":[{\"@type\":\"Article\",\"@id\":\"https:\\\/\\\/www.uartes.edu.ec\\\/sitio\\\/fr\\\/blog\\\/2024\\\/09\\\/28\\\/la-experiencia-de-la-acreditacion-a-la-uartes-nos-impulsa-al-siguiente-proceso-de-evaluacion-del-caces-recordemos-como-lo-vivimos\\\/#article\",\"isPartOf\":{\"@id\":\"https:\\\/\\\/www.uartes.edu.ec\\\/sitio\\\/fr\\\/blog\\\/2024\\\/09\\\/28\\\/la-experiencia-de-la-acreditacion-a-la-uartes-nos-impulsa-al-siguiente-proceso-de-evaluacion-del-caces-recordemos-como-lo-vivimos\\\/\"},\"author\":{\"name\":\"ccortez\",\"@id\":\"https:\\\/\\\/www.uartes.edu.ec\\\/sitio\\\/fr\\\/#\\\/schema\\\/person\\\/efa1b8275797664fd7f13a79ccc0b1f4\"},\"headline\":\"La experiencia de la acreditaci\u00f3n lograda por la UArtes nos impulsa al siguiente proceso de evaluaci\u00f3n que har\u00e1 el CACES\",\"datePublished\":\"2024-09-28T18:59:00+00:00\",\"dateModified\":\"2024-10-21T19:58:06+00:00\",\"mainEntityOfPage\":{\"@id\":\"https:\\\/\\\/www.uartes.edu.ec\\\/sitio\\\/fr\\\/blog\\\/2024\\\/09\\\/28\\\/la-experiencia-de-la-acreditacion-a-la-uartes-nos-impulsa-al-siguiente-proceso-de-evaluacion-del-caces-recordemos-como-lo-vivimos\\\/\"},\"wordCount\":1326,\"commentCount\":0,\"publisher\":{\"@id\":\"https:\\\/\\\/www.uartes.edu.ec\\\/sitio\\\/fr\\\/#organization\"},\"image\":{\"@id\":\"https:\\\/\\\/www.uartes.edu.ec\\\/sitio\\\/fr\\\/blog\\\/2024\\\/09\\\/28\\\/la-experiencia-de-la-acreditacion-a-la-uartes-nos-impulsa-al-siguiente-proceso-de-evaluacion-del-caces-recordemos-como-lo-vivimos\\\/#primaryimage\"},\"thumbnailUrl\":\"https:\\\/\\\/www.uartes.edu.ec\\\/sitio\\\/wp-content\\\/uploads\\\/2024\\\/10\\\/FOTO-ACREDITACION-2024-WEB.jpg\",\"keywords\":[\"evaluaci\u00f3n\"],\"articleSection\":[\"Acad\u00e9mico\",\"Administrativos\",\"Artes Esc\u00e9nicas\",\"Artes Sonoras\",\"Artes Visuales\",\"Cine\",\"Docentes\",\"Estudiantes\",\"Gesti\u00f3n\",\"Literatura\",\"Sedes\"],\"inLanguage\":\"fr-FR\",\"potentialAction\":[{\"@type\":\"CommentAction\",\"name\":\"Comment\",\"target\":[\"https:\\\/\\\/www.uartes.edu.ec\\\/sitio\\\/fr\\\/blog\\\/2024\\\/09\\\/28\\\/la-experiencia-de-la-acreditacion-a-la-uartes-nos-impulsa-al-siguiente-proceso-de-evaluacion-del-caces-recordemos-como-lo-vivimos\\\/#respond\"]}]},{\"@type\":[\"WebPage\",\"ItemPage\"],\"@id\":\"https:\\\/\\\/www.uartes.edu.ec\\\/sitio\\\/fr\\\/blog\\\/2024\\\/09\\\/28\\\/la-experiencia-de-la-acreditacion-a-la-uartes-nos-impulsa-al-siguiente-proceso-de-evaluacion-del-caces-recordemos-como-lo-vivimos\\\/\",\"url\":\"https:\\\/\\\/www.uartes.edu.ec\\\/sitio\\\/fr\\\/blog\\\/2024\\\/09\\\/28\\\/la-experiencia-de-la-acreditacion-a-la-uartes-nos-impulsa-al-siguiente-proceso-de-evaluacion-del-caces-recordemos-como-lo-vivimos\\\/\",\"name\":\"Universidad de las Artes - La experiencia de la acreditaci\u00f3n lograda por la UArtes nos impulsa al siguiente proceso de evaluaci\u00f3n que har\u00e1 el CACES\",\"isPartOf\":{\"@id\":\"https:\\\/\\\/www.uartes.edu.ec\\\/sitio\\\/fr\\\/#website\"},\"primaryImageOfPage\":{\"@id\":\"https:\\\/\\\/www.uartes.edu.ec\\\/sitio\\\/fr\\\/blog\\\/2024\\\/09\\\/28\\\/la-experiencia-de-la-acreditacion-a-la-uartes-nos-impulsa-al-siguiente-proceso-de-evaluacion-del-caces-recordemos-como-lo-vivimos\\\/#primaryimage\"},\"image\":{\"@id\":\"https:\\\/\\\/www.uartes.edu.ec\\\/sitio\\\/fr\\\/blog\\\/2024\\\/09\\\/28\\\/la-experiencia-de-la-acreditacion-a-la-uartes-nos-impulsa-al-siguiente-proceso-de-evaluacion-del-caces-recordemos-como-lo-vivimos\\\/#primaryimage\"},\"thumbnailUrl\":\"https:\\\/\\\/www.uartes.edu.ec\\\/sitio\\\/wp-content\\\/uploads\\\/2024\\\/10\\\/FOTO-ACREDITACION-2024-WEB.jpg\",\"datePublished\":\"2024-09-28T18:59:00+00:00\",\"dateModified\":\"2024-10-21T19:58:06+00:00\",\"description\":\"Universidad de las Artes - La experiencia de la acreditaci\u00f3n lograda por la UArtes nos impulsa al siguiente proceso de evaluaci\u00f3n que har\u00e1 el CACES\",\"breadcrumb\":{\"@id\":\"https:\\\/\\\/www.uartes.edu.ec\\\/sitio\\\/fr\\\/blog\\\/2024\\\/09\\\/28\\\/la-experiencia-de-la-acreditacion-a-la-uartes-nos-impulsa-al-siguiente-proceso-de-evaluacion-del-caces-recordemos-como-lo-vivimos\\\/#breadcrumb\"},\"inLanguage\":\"fr-FR\",\"potentialAction\":[{\"@type\":\"ReadAction\",\"target\":[\"https:\\\/\\\/www.uartes.edu.ec\\\/sitio\\\/fr\\\/blog\\\/2024\\\/09\\\/28\\\/la-experiencia-de-la-acreditacion-a-la-uartes-nos-impulsa-al-siguiente-proceso-de-evaluacion-del-caces-recordemos-como-lo-vivimos\\\/\"]}]},{\"@type\":\"ImageObject\",\"inLanguage\":\"fr-FR\",\"@id\":\"https:\\\/\\\/www.uartes.edu.ec\\\/sitio\\\/fr\\\/blog\\\/2024\\\/09\\\/28\\\/la-experiencia-de-la-acreditacion-a-la-uartes-nos-impulsa-al-siguiente-proceso-de-evaluacion-del-caces-recordemos-como-lo-vivimos\\\/#primaryimage\",\"url\":\"https:\\\/\\\/www.uartes.edu.ec\\\/sitio\\\/wp-content\\\/uploads\\\/2024\\\/10\\\/FOTO-ACREDITACION-2024-WEB.jpg\",\"contentUrl\":\"https:\\\/\\\/www.uartes.edu.ec\\\/sitio\\\/wp-content\\\/uploads\\\/2024\\\/10\\\/FOTO-ACREDITACION-2024-WEB.jpg\",\"width\":2000,\"height\":1333},{\"@type\":\"BreadcrumbList\",\"@id\":\"https:\\\/\\\/www.uartes.edu.ec\\\/sitio\\\/fr\\\/blog\\\/2024\\\/09\\\/28\\\/la-experiencia-de-la-acreditacion-a-la-uartes-nos-impulsa-al-siguiente-proceso-de-evaluacion-del-caces-recordemos-como-lo-vivimos\\\/#breadcrumb\",\"itemListElement\":[{\"@type\":\"ListItem\",\"position\":1,\"name\":\"Inicio\",\"item\":\"https:\\\/\\\/www.uartes.edu.ec\\\/sitio\\\/\"},{\"@type\":\"ListItem\",\"position\":2,\"name\":\"La experiencia de la acreditaci\u00f3n lograda por la UArtes nos impulsa al siguiente proceso de evaluaci\u00f3n que har\u00e1 el CACES\"}]},{\"@type\":\"WebSite\",\"@id\":\"https:\\\/\\\/www.uartes.edu.ec\\\/sitio\\\/fr\\\/#website\",\"url\":\"https:\\\/\\\/www.uartes.edu.ec\\\/sitio\\\/fr\\\/\",\"name\":\"Universidad de las Artes\",\"description\":\"Sitio oficial de la Universidad Nacional de las Artes del Ecuador\",\"publisher\":{\"@id\":\"https:\\\/\\\/www.uartes.edu.ec\\\/sitio\\\/fr\\\/#organization\"},\"potentialAction\":[{\"@type\":\"SearchAction\",\"target\":{\"@type\":\"EntryPoint\",\"urlTemplate\":\"https:\\\/\\\/www.uartes.edu.ec\\\/sitio\\\/fr\\\/?s={search_term_string}\"},\"query-input\":{\"@type\":\"PropertyValueSpecification\",\"valueRequired\":true,\"valueName\":\"search_term_string\"}}],\"inLanguage\":\"fr-FR\"},{\"@type\":\"Organization\",\"@id\":\"https:\\\/\\\/www.uartes.edu.ec\\\/sitio\\\/fr\\\/#organization\",\"name\":\"Universidad de las Artes\",\"url\":\"https:\\\/\\\/www.uartes.edu.ec\\\/sitio\\\/fr\\\/\",\"logo\":{\"@type\":\"ImageObject\",\"inLanguage\":\"fr-FR\",\"@id\":\"https:\\\/\\\/www.uartes.edu.ec\\\/sitio\\\/fr\\\/#\\\/schema\\\/logo\\\/image\\\/\",\"url\":\"https:\\\/\\\/www.uartes.edu.ec\\\/sitio\\\/wp-content\\\/uploads\\\/2022\\\/07\\\/logo-ua-horizontal.png\",\"contentUrl\":\"https:\\\/\\\/www.uartes.edu.ec\\\/sitio\\\/wp-content\\\/uploads\\\/2022\\\/07\\\/logo-ua-horizontal.png\",\"width\":800,\"height\":276,\"caption\":\"Universidad de las Artes\"},\"image\":{\"@id\":\"https:\\\/\\\/www.uartes.edu.ec\\\/sitio\\\/fr\\\/#\\\/schema\\\/logo\\\/image\\\/\"},\"sameAs\":[\"https:\\\/\\\/www.facebook.com\\\/uartesec\",\"https:\\\/\\\/x.com\\\/uartesec\",\"https:\\\/\\\/www.tiktok.com\\\/@uartesec\"]},{\"@type\":\"Person\",\"@id\":\"https:\\\/\\\/www.uartes.edu.ec\\\/sitio\\\/fr\\\/#\\\/schema\\\/person\\\/efa1b8275797664fd7f13a79ccc0b1f4\",\"name\":\"ccortez\",\"image\":{\"@type\":\"ImageObject\",\"inLanguage\":\"fr-FR\",\"@id\":\"https:\\\/\\\/secure.gravatar.com\\\/avatar\\\/b2a6f664a3ae8e074346ef91775736c5ec479e637ecced6842de9dc98b5da9cd?s=96&d=mm&r=g\",\"url\":\"https:\\\/\\\/secure.gravatar.com\\\/avatar\\\/b2a6f664a3ae8e074346ef91775736c5ec479e637ecced6842de9dc98b5da9cd?s=96&d=mm&r=g\",\"contentUrl\":\"https:\\\/\\\/secure.gravatar.com\\\/avatar\\\/b2a6f664a3ae8e074346ef91775736c5ec479e637ecced6842de9dc98b5da9cd?s=96&d=mm&r=g\",\"caption\":\"ccortez\"},\"url\":\"https:\\\/\\\/www.uartes.edu.ec\\\/sitio\\\/fr\\\/blog\\\/author\\\/ccortez\\\/\"}]}<\/script>\n<!-- \/ Yoast SEO plugin. -->","yoast_head_json":{"title":"Universidad de las Artes - La experiencia de la acreditaci\u00f3n lograda por la UArtes nos impulsa al siguiente proceso de evaluaci\u00f3n que har\u00e1 el CACES","description":"Universidad de las Artes - La experiencia de la acreditaci\u00f3n lograda por la UArtes nos impulsa al siguiente proceso de evaluaci\u00f3n que har\u00e1 el CACES","robots":{"index":"index","follow":"follow","max-snippet":"max-snippet:-1","max-image-preview":"max-image-preview:large","max-video-preview":"max-video-preview:-1"},"canonical":"https:\/\/www.uartes.edu.ec\/sitio\/fr\/blog\/2024\/09\/28\/la-experiencia-de-la-acreditacion-a-la-uartes-nos-impulsa-al-siguiente-proceso-de-evaluacion-del-caces-recordemos-como-lo-vivimos\/","og_locale":"fr_FR","og_type":"article","og_title":"Universidad de las Artes - La experiencia de la acreditaci\u00f3n lograda por la UArtes nos impulsa al siguiente proceso de evaluaci\u00f3n que har\u00e1 el CACES","og_description":"Universidad de las Artes - La experiencia de la acreditaci\u00f3n lograda por la UArtes nos impulsa al siguiente proceso de evaluaci\u00f3n que har\u00e1 el CACES","og_url":"https:\/\/www.uartes.edu.ec\/sitio\/fr\/blog\/2024\/09\/28\/la-experiencia-de-la-acreditacion-a-la-uartes-nos-impulsa-al-siguiente-proceso-de-evaluacion-del-caces-recordemos-como-lo-vivimos\/","og_site_name":"Universidad de las Artes","article_publisher":"https:\/\/www.facebook.com\/uartesec","article_published_time":"2024-09-28T18:59:00+00:00","article_modified_time":"2024-10-21T19:58:06+00:00","og_image":[{"width":2000,"height":1333,"url":"https:\/\/www.uartes.edu.ec\/sitio\/wp-content\/uploads\/2024\/10\/FOTO-ACREDITACION-2024-WEB.jpg","type":"image\/jpeg"}],"author":"ccortez","twitter_card":"summary_large_image","twitter_creator":"@uartesec","twitter_site":"@uartesec","twitter_misc":{"\u00c9crit par":"ccortez","Dur\u00e9e de lecture estim\u00e9e":"8 minutes"},"schema":{"@context":"https:\/\/schema.org","@graph":[{"@type":"Article","@id":"https:\/\/www.uartes.edu.ec\/sitio\/fr\/blog\/2024\/09\/28\/la-experiencia-de-la-acreditacion-a-la-uartes-nos-impulsa-al-siguiente-proceso-de-evaluacion-del-caces-recordemos-como-lo-vivimos\/#article","isPartOf":{"@id":"https:\/\/www.uartes.edu.ec\/sitio\/fr\/blog\/2024\/09\/28\/la-experiencia-de-la-acreditacion-a-la-uartes-nos-impulsa-al-siguiente-proceso-de-evaluacion-del-caces-recordemos-como-lo-vivimos\/"},"author":{"name":"ccortez","@id":"https:\/\/www.uartes.edu.ec\/sitio\/fr\/#\/schema\/person\/efa1b8275797664fd7f13a79ccc0b1f4"},"headline":"La experiencia de la acreditaci\u00f3n lograda por la UArtes nos impulsa al siguiente proceso de evaluaci\u00f3n que har\u00e1 el CACES","datePublished":"2024-09-28T18:59:00+00:00","dateModified":"2024-10-21T19:58:06+00:00","mainEntityOfPage":{"@id":"https:\/\/www.uartes.edu.ec\/sitio\/fr\/blog\/2024\/09\/28\/la-experiencia-de-la-acreditacion-a-la-uartes-nos-impulsa-al-siguiente-proceso-de-evaluacion-del-caces-recordemos-como-lo-vivimos\/"},"wordCount":1326,"commentCount":0,"publisher":{"@id":"https:\/\/www.uartes.edu.ec\/sitio\/fr\/#organization"},"image":{"@id":"https:\/\/www.uartes.edu.ec\/sitio\/fr\/blog\/2024\/09\/28\/la-experiencia-de-la-acreditacion-a-la-uartes-nos-impulsa-al-siguiente-proceso-de-evaluacion-del-caces-recordemos-como-lo-vivimos\/#primaryimage"},"thumbnailUrl":"https:\/\/www.uartes.edu.ec\/sitio\/wp-content\/uploads\/2024\/10\/FOTO-ACREDITACION-2024-WEB.jpg","keywords":["evaluaci\u00f3n"],"articleSection":["Acad\u00e9mico","Administrativos","Artes Esc\u00e9nicas","Artes Sonoras","Artes Visuales","Cine","Docentes","Estudiantes","Gesti\u00f3n","Literatura","Sedes"],"inLanguage":"fr-FR","potentialAction":[{"@type":"CommentAction","name":"Comment","target":["https:\/\/www.uartes.edu.ec\/sitio\/fr\/blog\/2024\/09\/28\/la-experiencia-de-la-acreditacion-a-la-uartes-nos-impulsa-al-siguiente-proceso-de-evaluacion-del-caces-recordemos-como-lo-vivimos\/#respond"]}]},{"@type":["WebPage","ItemPage"],"@id":"https:\/\/www.uartes.edu.ec\/sitio\/fr\/blog\/2024\/09\/28\/la-experiencia-de-la-acreditacion-a-la-uartes-nos-impulsa-al-siguiente-proceso-de-evaluacion-del-caces-recordemos-como-lo-vivimos\/","url":"https:\/\/www.uartes.edu.ec\/sitio\/fr\/blog\/2024\/09\/28\/la-experiencia-de-la-acreditacion-a-la-uartes-nos-impulsa-al-siguiente-proceso-de-evaluacion-del-caces-recordemos-como-lo-vivimos\/","name":"Universidad de las Artes - La experiencia de la acreditaci\u00f3n lograda por la UArtes nos impulsa al siguiente proceso de evaluaci\u00f3n que har\u00e1 el CACES","isPartOf":{"@id":"https:\/\/www.uartes.edu.ec\/sitio\/fr\/#website"},"primaryImageOfPage":{"@id":"https:\/\/www.uartes.edu.ec\/sitio\/fr\/blog\/2024\/09\/28\/la-experiencia-de-la-acreditacion-a-la-uartes-nos-impulsa-al-siguiente-proceso-de-evaluacion-del-caces-recordemos-como-lo-vivimos\/#primaryimage"},"image":{"@id":"https:\/\/www.uartes.edu.ec\/sitio\/fr\/blog\/2024\/09\/28\/la-experiencia-de-la-acreditacion-a-la-uartes-nos-impulsa-al-siguiente-proceso-de-evaluacion-del-caces-recordemos-como-lo-vivimos\/#primaryimage"},"thumbnailUrl":"https:\/\/www.uartes.edu.ec\/sitio\/wp-content\/uploads\/2024\/10\/FOTO-ACREDITACION-2024-WEB.jpg","datePublished":"2024-09-28T18:59:00+00:00","dateModified":"2024-10-21T19:58:06+00:00","description":"Universidad de las Artes - La experiencia de la acreditaci\u00f3n lograda por la UArtes nos impulsa al siguiente proceso de evaluaci\u00f3n que har\u00e1 el CACES","breadcrumb":{"@id":"https:\/\/www.uartes.edu.ec\/sitio\/fr\/blog\/2024\/09\/28\/la-experiencia-de-la-acreditacion-a-la-uartes-nos-impulsa-al-siguiente-proceso-de-evaluacion-del-caces-recordemos-como-lo-vivimos\/#breadcrumb"},"inLanguage":"fr-FR","potentialAction":[{"@type":"ReadAction","target":["https:\/\/www.uartes.edu.ec\/sitio\/fr\/blog\/2024\/09\/28\/la-experiencia-de-la-acreditacion-a-la-uartes-nos-impulsa-al-siguiente-proceso-de-evaluacion-del-caces-recordemos-como-lo-vivimos\/"]}]},{"@type":"ImageObject","inLanguage":"fr-FR","@id":"https:\/\/www.uartes.edu.ec\/sitio\/fr\/blog\/2024\/09\/28\/la-experiencia-de-la-acreditacion-a-la-uartes-nos-impulsa-al-siguiente-proceso-de-evaluacion-del-caces-recordemos-como-lo-vivimos\/#primaryimage","url":"https:\/\/www.uartes.edu.ec\/sitio\/wp-content\/uploads\/2024\/10\/FOTO-ACREDITACION-2024-WEB.jpg","contentUrl":"https:\/\/www.uartes.edu.ec\/sitio\/wp-content\/uploads\/2024\/10\/FOTO-ACREDITACION-2024-WEB.jpg","width":2000,"height":1333},{"@type":"BreadcrumbList","@id":"https:\/\/www.uartes.edu.ec\/sitio\/fr\/blog\/2024\/09\/28\/la-experiencia-de-la-acreditacion-a-la-uartes-nos-impulsa-al-siguiente-proceso-de-evaluacion-del-caces-recordemos-como-lo-vivimos\/#breadcrumb","itemListElement":[{"@type":"ListItem","position":1,"name":"Inicio","item":"https:\/\/www.uartes.edu.ec\/sitio\/"},{"@type":"ListItem","position":2,"name":"La experiencia de la acreditaci\u00f3n lograda por la UArtes nos impulsa al siguiente proceso de evaluaci\u00f3n que har\u00e1 el CACES"}]},{"@type":"WebSite","@id":"https:\/\/www.uartes.edu.ec\/sitio\/fr\/#website","url":"https:\/\/www.uartes.edu.ec\/sitio\/fr\/","name":"Universidad de las Artes","description":"Sitio oficial de la Universidad Nacional de las Artes del Ecuador","publisher":{"@id":"https:\/\/www.uartes.edu.ec\/sitio\/fr\/#organization"},"potentialAction":[{"@type":"SearchAction","target":{"@type":"EntryPoint","urlTemplate":"https:\/\/www.uartes.edu.ec\/sitio\/fr\/?s={search_term_string}"},"query-input":{"@type":"PropertyValueSpecification","valueRequired":true,"valueName":"search_term_string"}}],"inLanguage":"fr-FR"},{"@type":"Organization","@id":"https:\/\/www.uartes.edu.ec\/sitio\/fr\/#organization","name":"Universidad de las Artes","url":"https:\/\/www.uartes.edu.ec\/sitio\/fr\/","logo":{"@type":"ImageObject","inLanguage":"fr-FR","@id":"https:\/\/www.uartes.edu.ec\/sitio\/fr\/#\/schema\/logo\/image\/","url":"https:\/\/www.uartes.edu.ec\/sitio\/wp-content\/uploads\/2022\/07\/logo-ua-horizontal.png","contentUrl":"https:\/\/www.uartes.edu.ec\/sitio\/wp-content\/uploads\/2022\/07\/logo-ua-horizontal.png","width":800,"height":276,"caption":"Universidad de las Artes"},"image":{"@id":"https:\/\/www.uartes.edu.ec\/sitio\/fr\/#\/schema\/logo\/image\/"},"sameAs":["https:\/\/www.facebook.com\/uartesec","https:\/\/x.com\/uartesec","https:\/\/www.tiktok.com\/@uartesec"]},{"@type":"Person","@id":"https:\/\/www.uartes.edu.ec\/sitio\/fr\/#\/schema\/person\/efa1b8275797664fd7f13a79ccc0b1f4","name":"ccortez","image":{"@type":"ImageObject","inLanguage":"fr-FR","@id":"https:\/\/secure.gravatar.com\/avatar\/b2a6f664a3ae8e074346ef91775736c5ec479e637ecced6842de9dc98b5da9cd?s=96&d=mm&r=g","url":"https:\/\/secure.gravatar.com\/avatar\/b2a6f664a3ae8e074346ef91775736c5ec479e637ecced6842de9dc98b5da9cd?s=96&d=mm&r=g","contentUrl":"https:\/\/secure.gravatar.com\/avatar\/b2a6f664a3ae8e074346ef91775736c5ec479e637ecced6842de9dc98b5da9cd?s=96&d=mm&r=g","caption":"ccortez"},"url":"https:\/\/www.uartes.edu.ec\/sitio\/fr\/blog\/author\/ccortez\/"}]}},"uagb_featured_image_src":{"full":["https:\/\/www.uartes.edu.ec\/sitio\/wp-content\/uploads\/2024\/10\/FOTO-ACREDITACION-2024-WEB.jpg",2000,1333,false],"thumbnail":["https:\/\/www.uartes.edu.ec\/sitio\/wp-content\/uploads\/2024\/10\/FOTO-ACREDITACION-2024-WEB-150x150.jpg",150,150,true],"medium":["https:\/\/www.uartes.edu.ec\/sitio\/wp-content\/uploads\/2024\/10\/FOTO-ACREDITACION-2024-WEB-300x200.jpg",300,200,true],"medium_large":["https:\/\/www.uartes.edu.ec\/sitio\/wp-content\/uploads\/2024\/10\/FOTO-ACREDITACION-2024-WEB-768x512.jpg",768,512,true],"large":["https:\/\/www.uartes.edu.ec\/sitio\/wp-content\/uploads\/2024\/10\/FOTO-ACREDITACION-2024-WEB-644x429.jpg",644,429,true],"1536x1536":["https:\/\/www.uartes.edu.ec\/sitio\/wp-content\/uploads\/2024\/10\/FOTO-ACREDITACION-2024-WEB-1536x1024.jpg",1536,1024,true],"2048x2048":["https:\/\/www.uartes.edu.ec\/sitio\/wp-content\/uploads\/2024\/10\/FOTO-ACREDITACION-2024-WEB.jpg",2000,1333,false],"trp-custom-language-flag":["https:\/\/www.uartes.edu.ec\/sitio\/wp-content\/uploads\/2024\/10\/FOTO-ACREDITACION-2024-WEB-18x12.jpg",18,12,true],"htmega_size_585x295":["https:\/\/www.uartes.edu.ec\/sitio\/wp-content\/uploads\/2024\/10\/FOTO-ACREDITACION-2024-WEB-585x295.jpg",585,295,true],"htmega_size_1170x536":["https:\/\/www.uartes.edu.ec\/sitio\/wp-content\/uploads\/2024\/10\/FOTO-ACREDITACION-2024-WEB-1170x536.jpg",1170,536,true],"htmega_size_396x360":["https:\/\/www.uartes.edu.ec\/sitio\/wp-content\/uploads\/2024\/10\/FOTO-ACREDITACION-2024-WEB-396x360.jpg",396,360,true],"gb-block-post-grid-landscape":["https:\/\/www.uartes.edu.ec\/sitio\/wp-content\/uploads\/2024\/10\/FOTO-ACREDITACION-2024-WEB-600x400.jpg",600,400,true],"gb-block-post-grid-square":["https:\/\/www.uartes.edu.ec\/sitio\/wp-content\/uploads\/2024\/10\/FOTO-ACREDITACION-2024-WEB-600x600.jpg",600,600,true],"university-hub-thumb":["https:\/\/www.uartes.edu.ec\/sitio\/wp-content\/uploads\/2024\/10\/FOTO-ACREDITACION-2024-WEB-400x267.jpg",400,267,true]},"uagb_author_info":{"display_name":"ccortez","author_link":"https:\/\/www.uartes.edu.ec\/sitio\/fr\/blog\/author\/ccortez\/"},"uagb_comment_info":0,"uagb_excerpt":"El Consejo de Aseguramiento de la Calidad de la Educaci\u00f3n Superior (CACES) emiti\u00f3 la resoluci\u00f3n oficial que acredita a la Universidad de las Artes hasta el pr\u00f3ximo proceso de evaluaci\u00f3n. Tras el riguroso procedimiento evaluativo externo qued\u00f3 demostrado que cumple con altos est\u00e1ndares de calidad acad\u00e9mica, consolidando su posici\u00f3n como una de las instituciones l\u00edderes\u2026","featured_image_src":"https:\/\/www.uartes.edu.ec\/sitio\/wp-content\/uploads\/2024\/10\/FOTO-ACREDITACION-2024-WEB-600x400.jpg","featured_image_src_square":"https:\/\/www.uartes.edu.ec\/sitio\/wp-content\/uploads\/2024\/10\/FOTO-ACREDITACION-2024-WEB-600x600.jpg","author_info":{"display_name":"ccortez","author_link":"https:\/\/www.uartes.edu.ec\/sitio\/fr\/blog\/author\/ccortez\/"},"publishpress_future_workflow_manual_trigger":{"enabledWorkflows":[]},"distributor_meta":false,"distributor_terms":false,"distributor_media":false,"distributor_original_site_name":"Universidad de las Artes","distributor_original_site_url":"https:\/\/www.uartes.edu.ec\/sitio\/fr","push-errors":false,"_links":{"self":[{"href":"https:\/\/www.uartes.edu.ec\/sitio\/fr\/wp-json\/wp\/v2\/posts\/62389","targetHints":{"allow":["GET"]}}],"collection":[{"href":"https:\/\/www.uartes.edu.ec\/sitio\/fr\/wp-json\/wp\/v2\/posts"}],"about":[{"href":"https:\/\/www.uartes.edu.ec\/sitio\/fr\/wp-json\/wp\/v2\/types\/post"}],"author":[{"embeddable":true,"href":"https:\/\/www.uartes.edu.ec\/sitio\/fr\/wp-json\/wp\/v2\/users\/10"}],"replies":[{"embeddable":true,"href":"https:\/\/www.uartes.edu.ec\/sitio\/fr\/wp-json\/wp\/v2\/comments?post=62389"}],"version-history":[{"count":17,"href":"https:\/\/www.uartes.edu.ec\/sitio\/fr\/wp-json\/wp\/v2\/posts\/62389\/revisions"}],"predecessor-version":[{"id":62426,"href":"https:\/\/www.uartes.edu.ec\/sitio\/fr\/wp-json\/wp\/v2\/posts\/62389\/revisions\/62426"}],"wp:featuredmedia":[{"embeddable":true,"href":"https:\/\/www.uartes.edu.ec\/sitio\/fr\/wp-json\/wp\/v2\/media\/62390"}],"wp:attachment":[{"href":"https:\/\/www.uartes.edu.ec\/sitio\/fr\/wp-json\/wp\/v2\/media?parent=62389"}],"wp:term":[{"taxonomy":"category","embeddable":true,"href":"https:\/\/www.uartes.edu.ec\/sitio\/fr\/wp-json\/wp\/v2\/categories?post=62389"},{"taxonomy":"post_tag","embeddable":true,"href":"https:\/\/www.uartes.edu.ec\/sitio\/fr\/wp-json\/wp\/v2\/tags?post=62389"},{"taxonomy":"infouartes","embeddable":true,"href":"https:\/\/www.uartes.edu.ec\/sitio\/fr\/wp-json\/wp\/v2\/infouartes?post=62389"}],"curies":[{"name":"wp","href":"https:\/\/api.w.org\/{rel}","templated":true}]}}