{"id":62471,"date":"2024-10-01T16:13:00","date_gmt":"2024-10-01T21:13:00","guid":{"rendered":"https:\/\/www.uartes.edu.ec\/sitio\/?p=62471"},"modified":"2024-10-03T12:12:04","modified_gmt":"2024-10-03T17:12:04","slug":"inauguracion-y-primera-mesa-de-dialogo-del-4to-encuentro-de-politicas-y-economia-de-la-cultura","status":"publish","type":"post","link":"https:\/\/www.uartes.edu.ec\/sitio\/fr\/blog\/2024\/10\/01\/inauguracion-y-primera-mesa-de-dialogo-del-4to-encuentro-de-politicas-y-economia-de-la-cultura\/","title":{"rendered":"Inauguraci\u00f3n del 4to Encuentro de Pol\u00edticas y Econom\u00eda de la Cultura UArtes en Cuenca"},"content":{"rendered":"<p>En el aula magna Mario Vintimilla de la Universidad de Cuenca, se realiz\u00f3 este lunes 30 de septiembre el acto inaugural del 4to Encuentro de Pol\u00edticas y Econom\u00eda de la Cultura, una iniciativa del Observatorio de la Universidad de las Artes que se extender\u00e1 hasta el 4 de octubre y que en este 2024 fue coorganizado por la instituci\u00f3n anfitriona y la Organizaci\u00f3n de Estados Iberoamericanos para la Educaci\u00f3n, la Ciencia y la Cultura (OEI, Ecuador).<\/p>\n\n\n\n<p>La realizaci\u00f3n del encuentro en la capital azuaya, se anot\u00f3 en su apertura, ha sido posible tambi\u00e9n gracias al apoyo de la Prefectura del Azuay, la Municipalidad de Cuenca, la Universidad Polit\u00e9cnica Salesiana, la Casa de la Cultura Ecuatoriana N\u00facleo del Azuay y el Centro Interamericano de Artesan\u00edas y Artes Populares (CIDAP).<\/p>\n\n\n\n<p>El encuentro adquiere una relevancia especial en el contexto actual, en el que los desaf\u00edos globales exigen un replanteamiento de las pol\u00edticas culturales, se dijo, destacando que los cuatro ejes tem\u00e1ticos seleccionados responden a las realidades pol\u00edticas y sociales que afectan a la cultura hoy en d\u00eda, permiti\u00e9ndonos profundizar en su papel transformador.<\/p>\n\n\n\n<p>Los ejes tem\u00e1ticos en referencia son: \u201cPol\u00edticas culturales en territorios, acci\u00f3n desde gobiernos locales\u201d; \u201cDerechos y consumos culturales en Am\u00e9rica Latina, estado de situaci\u00f3n y perspectivas\u201d; \u201cModelos de gesti\u00f3n para centros culturales\u201d; y \u201cObservatorios Culturales en Am\u00e9rica Latina, trabajo en red y agendas convergentes\u201d. Estos han sido cuidadosamente escogidos para abordar los desaf\u00edos y oportunidades para el sector cultural, con el objetivo de generar un di\u00e1logo necesario y propositivo en torno a su futuro.<\/p>\n\n\n<div class=\"wp-block-image\">\n<figure class=\"aligncenter size-large\"><img fetchpriority=\"high\" decoding=\"async\" width=\"644\" height=\"429\" src=\"https:\/\/www.uartes.edu.ec\/sitio\/wp-content\/uploads\/2024\/10\/04-CUARTO-ENCUENTRO-OBSERVATORIO-CUENCA-644x429.jpg\" alt=\"\" class=\"wp-image-62476\" srcset=\"https:\/\/www.uartes.edu.ec\/sitio\/wp-content\/uploads\/2024\/10\/04-CUARTO-ENCUENTRO-OBSERVATORIO-CUENCA-644x429.jpg 644w, https:\/\/www.uartes.edu.ec\/sitio\/wp-content\/uploads\/2024\/10\/04-CUARTO-ENCUENTRO-OBSERVATORIO-CUENCA-300x200.jpg 300w, https:\/\/www.uartes.edu.ec\/sitio\/wp-content\/uploads\/2024\/10\/04-CUARTO-ENCUENTRO-OBSERVATORIO-CUENCA-768x512.jpg 768w, https:\/\/www.uartes.edu.ec\/sitio\/wp-content\/uploads\/2024\/10\/04-CUARTO-ENCUENTRO-OBSERVATORIO-CUENCA-1536x1024.jpg 1536w, https:\/\/www.uartes.edu.ec\/sitio\/wp-content\/uploads\/2024\/10\/04-CUARTO-ENCUENTRO-OBSERVATORIO-CUENCA-18x12.jpg 18w, https:\/\/www.uartes.edu.ec\/sitio\/wp-content\/uploads\/2024\/10\/04-CUARTO-ENCUENTRO-OBSERVATORIO-CUENCA-600x400.jpg 600w, https:\/\/www.uartes.edu.ec\/sitio\/wp-content\/uploads\/2024\/10\/04-CUARTO-ENCUENTRO-OBSERVATORIO-CUENCA-400x267.jpg 400w, https:\/\/www.uartes.edu.ec\/sitio\/wp-content\/uploads\/2024\/10\/04-CUARTO-ENCUENTRO-OBSERVATORIO-CUENCA-272x182.jpg 272w, https:\/\/www.uartes.edu.ec\/sitio\/wp-content\/uploads\/2024\/10\/04-CUARTO-ENCUENTRO-OBSERVATORIO-CUENCA.jpg 2000w\" sizes=\"(max-width: 644px) 100vw, 644px\" \/><\/figure>\n<\/div>\n\n\n<p>En la mesa directiva y junto al rector de la UArtes, doctor William Herrera, estuvieron las doctoras Mar\u00eda Augusta Hermida, rectora de la Universidad de Cuenca; y Sara Jaramillo Idrobo, directora de OEI Ecuador; el padre Juan C\u00e1rdenas, rector de la Universidad Polit\u00e9cnica Salesiana; y el Mst. Jhonathan Kouperman, delegado del alcalde de Cuenca, Dr. Christian Zamora Matute.<\/p>\n\n\n\n<p>En su intervenci\u00f3n, la doctora Mar\u00eda Augusta Hermida se\u00f1al\u00f3, entre otros puntos, que el arte da sentido a la vida, \u201csin el arte momentos como el que atravesamos hoy por hoy ser\u00edan intolerables. Es gracias al arte y a la cultura que podemos construir este mundo simb\u00f3lico que nos permita ser resilientes y, sobre todo, nos permite jam\u00e1s perder la esperanza\u201d.<\/p>\n\n\n\n<p>La doctora Sara Jaramillo destac\u00f3 en su discurso la relaci\u00f3n que desde hace mucho tiempo la OEI Ecuador mantiene con la Universidad de las Artes, una historia de trabajo bastante larga que ha dado muchas satisfacciones con varios proyectos conjuntos desarrollados, dijo y mencion\u00f3 como un claro ejemplos el nacimiento del Observatorio de Pol\u00edticas y Econom\u00eda de la Cultura.<\/p>\n\n\n\n<p>Como educador, el padre Juan C\u00e1rdenas, rector de la Universidad Polit\u00e9cnica Salesiana, indic\u00f3 que las universidades sin arte, sin m\u00fasica, sin literatura y sin poes\u00eda son instituciones sin alma \u201cy ese es el riesgo de terminar instrumentalizando la educaci\u00f3n, cuando se piensa que hay que sacar profesionales competentes solamente para que den respuesta a las necesidades del mercado\u201d.<\/p>\n\n\n<div class=\"wp-block-image\">\n<figure class=\"aligncenter size-large\"><img decoding=\"async\" width=\"644\" height=\"429\" src=\"https:\/\/www.uartes.edu.ec\/sitio\/wp-content\/uploads\/2024\/10\/01-CUARTO-ENCUENTRO-OBSERVATORIO-CUENCA-644x429.jpg\" alt=\"\" class=\"wp-image-62477\" srcset=\"https:\/\/www.uartes.edu.ec\/sitio\/wp-content\/uploads\/2024\/10\/01-CUARTO-ENCUENTRO-OBSERVATORIO-CUENCA-644x429.jpg 644w, https:\/\/www.uartes.edu.ec\/sitio\/wp-content\/uploads\/2024\/10\/01-CUARTO-ENCUENTRO-OBSERVATORIO-CUENCA-300x200.jpg 300w, https:\/\/www.uartes.edu.ec\/sitio\/wp-content\/uploads\/2024\/10\/01-CUARTO-ENCUENTRO-OBSERVATORIO-CUENCA-768x512.jpg 768w, https:\/\/www.uartes.edu.ec\/sitio\/wp-content\/uploads\/2024\/10\/01-CUARTO-ENCUENTRO-OBSERVATORIO-CUENCA-1536x1024.jpg 1536w, https:\/\/www.uartes.edu.ec\/sitio\/wp-content\/uploads\/2024\/10\/01-CUARTO-ENCUENTRO-OBSERVATORIO-CUENCA-18x12.jpg 18w, https:\/\/www.uartes.edu.ec\/sitio\/wp-content\/uploads\/2024\/10\/01-CUARTO-ENCUENTRO-OBSERVATORIO-CUENCA-600x400.jpg 600w, https:\/\/www.uartes.edu.ec\/sitio\/wp-content\/uploads\/2024\/10\/01-CUARTO-ENCUENTRO-OBSERVATORIO-CUENCA-400x267.jpg 400w, https:\/\/www.uartes.edu.ec\/sitio\/wp-content\/uploads\/2024\/10\/01-CUARTO-ENCUENTRO-OBSERVATORIO-CUENCA-272x182.jpg 272w, https:\/\/www.uartes.edu.ec\/sitio\/wp-content\/uploads\/2024\/10\/01-CUARTO-ENCUENTRO-OBSERVATORIO-CUENCA.jpg 2000w\" sizes=\"(max-width: 644px) 100vw, 644px\" \/><\/figure>\n<\/div>\n\n\n<p>El rector William Herrera agradeci\u00f3 el apoyo de la universidad anfitriona para la coorganizaci\u00f3n de la cita, as\u00ed como a todas las instituciones que se sumaron para su realizaci\u00f3n. En su intervenci\u00f3n trajo a la memoria que el 4to Encuentro de Pol\u00edticas y Econom\u00eda de la Cultura fue creado desde el Observatorio de la Universidad Artes para fomentar la discusi\u00f3n colectiva en torno a la formulaci\u00f3n de propuestas relacionadas con la pol\u00edtica p\u00fablica en el campo cultural, la situaci\u00f3n de los trabajadores y trabajadoras de cultura y las din\u00e1micas econ\u00f3micas, pol\u00edticas y sociales que atraviesan los sectores art\u00edsticos y culturales del pa\u00eds.<\/p>\n\n\n\n<p>El Observatorio UArtes y el encuentro son piezas fundamentales en la agenda de trabajo de nuestra instituci\u00f3n, agreg\u00f3, \u201cporque se conecta con una apuesta que estuvo presente en el momento de creaci\u00f3n de la universidad y que no podemos olvidar: la transformaci\u00f3n de la matriz productiva del pa\u00eds, a partir del desarrollo de la econom\u00eda del conocimiento y, en nuestro caso m\u00e1s espec\u00edfico, a partir del desarrollo de las econom\u00edas de la cultura, de la creaci\u00f3n y de la innovaci\u00f3n\u201d.<\/p>\n\n\n\n<p>El Mst. Jhonathan Kouperman dijo, por su parte, que las artes y la cultura son elementos vitales en el desarrollo de nuestras sociedades e invit\u00f3 a aprovechar al m\u00e1ximo la cita, puesta en marcha de la mano de los extraordinarios ponentes locales, nacionales e internacionales que compartir\u00e1n sus experiencias y conocimientos en aras de construir juntos un futuro cultural m\u00e1s educativo y pr\u00f3spero.<\/p>\n\n\n\n<p>Junto con el rector de la UArtes y las autoridades universitarias ya mencionadas, al encuentro y al acto inaugural asistieron nuestros vicerrectores Acad\u00e9mico y de Posgrado e Investigaci\u00f3n en Artes, doctores Bradley Hilgert y Olga L\u00f3pez, respectivamente; y el doctor Pablo Cardoso, director del Observatorio de Pol\u00edticas y Econom\u00eda de la Cultura.<\/p>\n\n\n\n<p>Tambi\u00e9n de la Universidad de Cuenca, los doctores Montserrat J\u00e9rves y Juan Leonardo Espinoza, vicerrectores de Investigaci\u00f3n y Acad\u00e9mico, en su orden; doctora Ximena Pe\u00f1aherrera, directora de Cultura; y arquitecto Juan Pablo Carvallo Ochoa, director de Innovaci\u00f3n y Transferencia Tecnol\u00f3gica.<\/p>\n\n\n\n<p>Con ellos, la Mst. Jenny Ar\u00edzaga, directora del GAD Provincial del Azuay; Lcdo. Mart\u00edn S\u00e1nchez Paredes, director de la Casa de la Cultura Ecuatoriana N\u00facleo del Azuay; Mst. Mar\u00eda Gabriela V\u00e1squez, directora Ejecutiva del CIDAP; y Mst. Blas Garz\u00f3n, secretario T\u00e9cnico de Gesti\u00f3n Cultural de la Universidad Polit\u00e9cnica Salesiana.<\/p>\n\n\n<div class=\"wp-block-image\">\n<figure class=\"aligncenter size-large\"><img decoding=\"async\" width=\"644\" height=\"429\" src=\"https:\/\/www.uartes.edu.ec\/sitio\/wp-content\/uploads\/2024\/10\/03-CUARTO-ENCUENTRO-OBSERVATORIO-CUENCA-644x429.jpg\" alt=\"\" class=\"wp-image-62497\" srcset=\"https:\/\/www.uartes.edu.ec\/sitio\/wp-content\/uploads\/2024\/10\/03-CUARTO-ENCUENTRO-OBSERVATORIO-CUENCA-644x429.jpg 644w, https:\/\/www.uartes.edu.ec\/sitio\/wp-content\/uploads\/2024\/10\/03-CUARTO-ENCUENTRO-OBSERVATORIO-CUENCA-300x200.jpg 300w, https:\/\/www.uartes.edu.ec\/sitio\/wp-content\/uploads\/2024\/10\/03-CUARTO-ENCUENTRO-OBSERVATORIO-CUENCA-768x512.jpg 768w, https:\/\/www.uartes.edu.ec\/sitio\/wp-content\/uploads\/2024\/10\/03-CUARTO-ENCUENTRO-OBSERVATORIO-CUENCA-1536x1024.jpg 1536w, https:\/\/www.uartes.edu.ec\/sitio\/wp-content\/uploads\/2024\/10\/03-CUARTO-ENCUENTRO-OBSERVATORIO-CUENCA-18x12.jpg 18w, https:\/\/www.uartes.edu.ec\/sitio\/wp-content\/uploads\/2024\/10\/03-CUARTO-ENCUENTRO-OBSERVATORIO-CUENCA-600x400.jpg 600w, https:\/\/www.uartes.edu.ec\/sitio\/wp-content\/uploads\/2024\/10\/03-CUARTO-ENCUENTRO-OBSERVATORIO-CUENCA-400x267.jpg 400w, https:\/\/www.uartes.edu.ec\/sitio\/wp-content\/uploads\/2024\/10\/03-CUARTO-ENCUENTRO-OBSERVATORIO-CUENCA-272x182.jpg 272w, https:\/\/www.uartes.edu.ec\/sitio\/wp-content\/uploads\/2024\/10\/03-CUARTO-ENCUENTRO-OBSERVATORIO-CUENCA.jpg 2000w\" sizes=\"(max-width: 644px) 100vw, 644px\" \/><\/figure>\n<\/div>\n\n\n<p>Para su cuarta edici\u00f3n, el Encuentro de Pol\u00edticas y Econom\u00eda de la Cultura ha programado mesas de di\u00e1logo, charlas magistrales, talleres, presentaciones art\u00edsticas y micr\u00f3fono abierto; y contar\u00e1 con la participaci\u00f3n de artistas, gestores, investigadores, acad\u00e9micos e instituciones culturales y universitarias de Ecuador y Latinoam\u00e9rica.<\/p>\n\n\n\n<p>Se cuenta con ponentes de Per\u00fa, Colombia, Brasil, Uruguay, Chile, Argentina, M\u00e9xico, Portugal y Espa\u00f1a, as\u00ed como con 30 expositores nacionales, quienes desde diversas \u00e1reas trabajan con dedicaci\u00f3n para impulsar el sector cultural ecuatoriano.<\/p>\n\n\n\n<p>Concluido el acto inaugural tuvo lugar la mesa de di\u00e1logo \u201cPol\u00edticas p\u00fablicas para la cultura en Azuay: redes y sinergias\u201d, con la participaci\u00f3n de Jhonathan Kouperman, director de cultura del GAD Municipal de Cuenca; Jenny Ar\u00edzaga, directora de Cultura del GAD Provincial del Azuay; Mart\u00edn S\u00e1nchez Paredes, director de la Casa de la Cultura Ecuatoriana N\u00facleo del Azuay; Sara Jaramillo Idrobo, directora de la OEI Ecuador; Mar\u00eda Gabriela V\u00e1squez, directora ejecutiva del CIDAP; y Sofia Cardoso, coordinadora del Epicentro Cultural.<\/p>\n\n\n\n<p>En la portada, el rector de la UArtes, William Herrera, junto a los dem\u00e1s miembros de la mesa directiva del acto inaugural: Jhonathan Kouperman, delegado del alcalde de Cuenca (izq.); Mar\u00eda Augusta Hermida, rectora de la Universidad de Cuenca; Sara Jaramillo, directora de OEI Ecuador; y padre Juan C\u00e1rdenas, rector de la Universidad Polit\u00e9cnica Salesiana. <br>Texto: Carmen Cortez. Fotos: Roc\u00edo Mart\u00ednez. <\/p>","protected":false},"excerpt":{"rendered":"<p>Creado desde el Observatorio de la Universidad Artes para, entre otros temas, fomentar la discusi\u00f3n colectiva en torno a la pol\u00edtica p\u00fablica en el campo cultural, en el aula magna Mario Vintimilla de la Universidad de Cuenca se realiz\u00f3 este lunes 30 de septiembre el acto inaugural del 4to Encuentro de Pol\u00edticas y Econom\u00eda de la Cultura; se extender\u00e1 hasta el 4 de octubre y junto con la UArtes lo coorganiza la instituci\u00f3n anfitriona y OEI Ecuador.<\/p>","protected":false},"author":10,"featured_media":62475,"comment_status":"open","ping_status":"open","sticky":false,"template":"","format":"standard","meta":{"_acf_changed":false,"_uag_custom_page_level_css":"","_monsterinsights_skip_tracking":false,"_monsterinsights_sitenote_active":false,"_monsterinsights_sitenote_note":"","_monsterinsights_sitenote_category":0,"cybocfi_hide_featured_image":"","footnotes":""},"categories":[80,82,77,284],"tags":[608],"infouartes":[],"class_list":["post-62471","post","type-post","status-publish","format-standard","has-post-thumbnail","hentry","category-academico","category-artes","category-gestion","category-investigacion","tag-observatorio"],"acf":[],"yoast_head":"<!-- This site is optimized with the Yoast SEO plugin v27.4 - https:\/\/yoast.com\/product\/yoast-seo-wordpress\/ -->\n<title>Universidad de las Artes - Inauguraci\u00f3n del 4to Encuentro de Pol\u00edticas y Econom\u00eda de la Cultura UArtes en Cuenca<\/title>\n<meta name=\"description\" content=\"Universidad de las Artes - Inauguraci\u00f3n del 4to Encuentro de Pol\u00edticas y Econom\u00eda de la Cultura UArtes en Cuenca\" \/>\n<meta name=\"robots\" content=\"index, follow, max-snippet:-1, max-image-preview:large, max-video-preview:-1\" \/>\n<link rel=\"canonical\" href=\"https:\/\/www.uartes.edu.ec\/sitio\/fr\/blog\/2024\/10\/01\/inauguracion-y-primera-mesa-de-dialogo-del-4to-encuentro-de-politicas-y-economia-de-la-cultura\/\" \/>\n<meta property=\"og:locale\" content=\"fr_FR\" \/>\n<meta property=\"og:type\" content=\"article\" \/>\n<meta property=\"og:title\" content=\"Universidad de las Artes - Inauguraci\u00f3n del 4to Encuentro de Pol\u00edticas y Econom\u00eda de la Cultura UArtes en Cuenca\" \/>\n<meta property=\"og:description\" content=\"Universidad de las Artes - Inauguraci\u00f3n del 4to Encuentro de Pol\u00edticas y Econom\u00eda de la Cultura UArtes en Cuenca\" \/>\n<meta property=\"og:url\" content=\"https:\/\/www.uartes.edu.ec\/sitio\/fr\/blog\/2024\/10\/01\/inauguracion-y-primera-mesa-de-dialogo-del-4to-encuentro-de-politicas-y-economia-de-la-cultura\/\" \/>\n<meta property=\"og:site_name\" content=\"Universidad de las Artes\" \/>\n<meta property=\"article:publisher\" content=\"https:\/\/www.facebook.com\/uartesec\" \/>\n<meta property=\"article:published_time\" content=\"2024-10-01T21:13:00+00:00\" \/>\n<meta property=\"article:modified_time\" content=\"2024-10-03T17:12:04+00:00\" \/>\n<meta property=\"og:image\" content=\"https:\/\/www.uartes.edu.ec\/sitio\/wp-content\/uploads\/2024\/10\/02-CUARTO-ENCUENTRO-OBSERVATORIO-CUENCA.jpg\" \/>\n\t<meta property=\"og:image:width\" content=\"2000\" \/>\n\t<meta property=\"og:image:height\" content=\"1333\" \/>\n\t<meta property=\"og:image:type\" content=\"image\/jpeg\" \/>\n<meta name=\"author\" content=\"ccortez\" \/>\n<meta name=\"twitter:card\" content=\"summary_large_image\" \/>\n<meta name=\"twitter:creator\" content=\"@uartesec\" \/>\n<meta name=\"twitter:site\" content=\"@uartesec\" \/>\n<meta name=\"twitter:label1\" content=\"\u00c9crit par\" \/>\n\t<meta name=\"twitter:data1\" content=\"ccortez\" \/>\n\t<meta name=\"twitter:label2\" content=\"Dur\u00e9e de lecture estim\u00e9e\" \/>\n\t<meta name=\"twitter:data2\" content=\"6 minutes\" \/>\n<script type=\"application\/ld+json\" class=\"yoast-schema-graph\">{\"@context\":\"https:\\\/\\\/schema.org\",\"@graph\":[{\"@type\":\"Article\",\"@id\":\"https:\\\/\\\/www.uartes.edu.ec\\\/sitio\\\/fr\\\/blog\\\/2024\\\/10\\\/01\\\/inauguracion-y-primera-mesa-de-dialogo-del-4to-encuentro-de-politicas-y-economia-de-la-cultura\\\/#article\",\"isPartOf\":{\"@id\":\"https:\\\/\\\/www.uartes.edu.ec\\\/sitio\\\/fr\\\/blog\\\/2024\\\/10\\\/01\\\/inauguracion-y-primera-mesa-de-dialogo-del-4to-encuentro-de-politicas-y-economia-de-la-cultura\\\/\"},\"author\":{\"name\":\"ccortez\",\"@id\":\"https:\\\/\\\/www.uartes.edu.ec\\\/sitio\\\/fr\\\/#\\\/schema\\\/person\\\/efa1b8275797664fd7f13a79ccc0b1f4\"},\"headline\":\"Inauguraci\u00f3n del 4to Encuentro de Pol\u00edticas y Econom\u00eda de la Cultura UArtes en Cuenca\",\"datePublished\":\"2024-10-01T21:13:00+00:00\",\"dateModified\":\"2024-10-03T17:12:04+00:00\",\"mainEntityOfPage\":{\"@id\":\"https:\\\/\\\/www.uartes.edu.ec\\\/sitio\\\/fr\\\/blog\\\/2024\\\/10\\\/01\\\/inauguracion-y-primera-mesa-de-dialogo-del-4to-encuentro-de-politicas-y-economia-de-la-cultura\\\/\"},\"wordCount\":1231,\"commentCount\":0,\"publisher\":{\"@id\":\"https:\\\/\\\/www.uartes.edu.ec\\\/sitio\\\/fr\\\/#organization\"},\"image\":{\"@id\":\"https:\\\/\\\/www.uartes.edu.ec\\\/sitio\\\/fr\\\/blog\\\/2024\\\/10\\\/01\\\/inauguracion-y-primera-mesa-de-dialogo-del-4to-encuentro-de-politicas-y-economia-de-la-cultura\\\/#primaryimage\"},\"thumbnailUrl\":\"https:\\\/\\\/www.uartes.edu.ec\\\/sitio\\\/wp-content\\\/uploads\\\/2024\\\/10\\\/02-CUARTO-ENCUENTRO-OBSERVATORIO-CUENCA.jpg\",\"keywords\":[\"observatorio\"],\"articleSection\":[\"Acad\u00e9mico\",\"Artes\",\"Gesti\u00f3n\",\"Investigaci\u00f3n\"],\"inLanguage\":\"fr-FR\",\"potentialAction\":[{\"@type\":\"CommentAction\",\"name\":\"Comment\",\"target\":[\"https:\\\/\\\/www.uartes.edu.ec\\\/sitio\\\/fr\\\/blog\\\/2024\\\/10\\\/01\\\/inauguracion-y-primera-mesa-de-dialogo-del-4to-encuentro-de-politicas-y-economia-de-la-cultura\\\/#respond\"]}]},{\"@type\":[\"WebPage\",\"ItemPage\"],\"@id\":\"https:\\\/\\\/www.uartes.edu.ec\\\/sitio\\\/fr\\\/blog\\\/2024\\\/10\\\/01\\\/inauguracion-y-primera-mesa-de-dialogo-del-4to-encuentro-de-politicas-y-economia-de-la-cultura\\\/\",\"url\":\"https:\\\/\\\/www.uartes.edu.ec\\\/sitio\\\/fr\\\/blog\\\/2024\\\/10\\\/01\\\/inauguracion-y-primera-mesa-de-dialogo-del-4to-encuentro-de-politicas-y-economia-de-la-cultura\\\/\",\"name\":\"Universidad de las Artes - Inauguraci\u00f3n del 4to Encuentro de Pol\u00edticas y Econom\u00eda de la Cultura UArtes en Cuenca\",\"isPartOf\":{\"@id\":\"https:\\\/\\\/www.uartes.edu.ec\\\/sitio\\\/fr\\\/#website\"},\"primaryImageOfPage\":{\"@id\":\"https:\\\/\\\/www.uartes.edu.ec\\\/sitio\\\/fr\\\/blog\\\/2024\\\/10\\\/01\\\/inauguracion-y-primera-mesa-de-dialogo-del-4to-encuentro-de-politicas-y-economia-de-la-cultura\\\/#primaryimage\"},\"image\":{\"@id\":\"https:\\\/\\\/www.uartes.edu.ec\\\/sitio\\\/fr\\\/blog\\\/2024\\\/10\\\/01\\\/inauguracion-y-primera-mesa-de-dialogo-del-4to-encuentro-de-politicas-y-economia-de-la-cultura\\\/#primaryimage\"},\"thumbnailUrl\":\"https:\\\/\\\/www.uartes.edu.ec\\\/sitio\\\/wp-content\\\/uploads\\\/2024\\\/10\\\/02-CUARTO-ENCUENTRO-OBSERVATORIO-CUENCA.jpg\",\"datePublished\":\"2024-10-01T21:13:00+00:00\",\"dateModified\":\"2024-10-03T17:12:04+00:00\",\"description\":\"Universidad de las Artes - Inauguraci\u00f3n del 4to Encuentro de Pol\u00edticas y Econom\u00eda de la Cultura UArtes en Cuenca\",\"breadcrumb\":{\"@id\":\"https:\\\/\\\/www.uartes.edu.ec\\\/sitio\\\/fr\\\/blog\\\/2024\\\/10\\\/01\\\/inauguracion-y-primera-mesa-de-dialogo-del-4to-encuentro-de-politicas-y-economia-de-la-cultura\\\/#breadcrumb\"},\"inLanguage\":\"fr-FR\",\"potentialAction\":[{\"@type\":\"ReadAction\",\"target\":[\"https:\\\/\\\/www.uartes.edu.ec\\\/sitio\\\/fr\\\/blog\\\/2024\\\/10\\\/01\\\/inauguracion-y-primera-mesa-de-dialogo-del-4to-encuentro-de-politicas-y-economia-de-la-cultura\\\/\"]}]},{\"@type\":\"ImageObject\",\"inLanguage\":\"fr-FR\",\"@id\":\"https:\\\/\\\/www.uartes.edu.ec\\\/sitio\\\/fr\\\/blog\\\/2024\\\/10\\\/01\\\/inauguracion-y-primera-mesa-de-dialogo-del-4to-encuentro-de-politicas-y-economia-de-la-cultura\\\/#primaryimage\",\"url\":\"https:\\\/\\\/www.uartes.edu.ec\\\/sitio\\\/wp-content\\\/uploads\\\/2024\\\/10\\\/02-CUARTO-ENCUENTRO-OBSERVATORIO-CUENCA.jpg\",\"contentUrl\":\"https:\\\/\\\/www.uartes.edu.ec\\\/sitio\\\/wp-content\\\/uploads\\\/2024\\\/10\\\/02-CUARTO-ENCUENTRO-OBSERVATORIO-CUENCA.jpg\",\"width\":2000,\"height\":1333},{\"@type\":\"BreadcrumbList\",\"@id\":\"https:\\\/\\\/www.uartes.edu.ec\\\/sitio\\\/fr\\\/blog\\\/2024\\\/10\\\/01\\\/inauguracion-y-primera-mesa-de-dialogo-del-4to-encuentro-de-politicas-y-economia-de-la-cultura\\\/#breadcrumb\",\"itemListElement\":[{\"@type\":\"ListItem\",\"position\":1,\"name\":\"Inicio\",\"item\":\"https:\\\/\\\/www.uartes.edu.ec\\\/sitio\\\/\"},{\"@type\":\"ListItem\",\"position\":2,\"name\":\"Inauguraci\u00f3n del 4to Encuentro de Pol\u00edticas y Econom\u00eda de la Cultura UArtes en Cuenca\"}]},{\"@type\":\"WebSite\",\"@id\":\"https:\\\/\\\/www.uartes.edu.ec\\\/sitio\\\/fr\\\/#website\",\"url\":\"https:\\\/\\\/www.uartes.edu.ec\\\/sitio\\\/fr\\\/\",\"name\":\"Universidad de las Artes\",\"description\":\"Sitio oficial de la Universidad Nacional de las Artes del Ecuador\",\"publisher\":{\"@id\":\"https:\\\/\\\/www.uartes.edu.ec\\\/sitio\\\/fr\\\/#organization\"},\"potentialAction\":[{\"@type\":\"SearchAction\",\"target\":{\"@type\":\"EntryPoint\",\"urlTemplate\":\"https:\\\/\\\/www.uartes.edu.ec\\\/sitio\\\/fr\\\/?s={search_term_string}\"},\"query-input\":{\"@type\":\"PropertyValueSpecification\",\"valueRequired\":true,\"valueName\":\"search_term_string\"}}],\"inLanguage\":\"fr-FR\"},{\"@type\":\"Organization\",\"@id\":\"https:\\\/\\\/www.uartes.edu.ec\\\/sitio\\\/fr\\\/#organization\",\"name\":\"Universidad de las Artes\",\"url\":\"https:\\\/\\\/www.uartes.edu.ec\\\/sitio\\\/fr\\\/\",\"logo\":{\"@type\":\"ImageObject\",\"inLanguage\":\"fr-FR\",\"@id\":\"https:\\\/\\\/www.uartes.edu.ec\\\/sitio\\\/fr\\\/#\\\/schema\\\/logo\\\/image\\\/\",\"url\":\"https:\\\/\\\/www.uartes.edu.ec\\\/sitio\\\/wp-content\\\/uploads\\\/2022\\\/07\\\/logo-ua-horizontal.png\",\"contentUrl\":\"https:\\\/\\\/www.uartes.edu.ec\\\/sitio\\\/wp-content\\\/uploads\\\/2022\\\/07\\\/logo-ua-horizontal.png\",\"width\":800,\"height\":276,\"caption\":\"Universidad de las Artes\"},\"image\":{\"@id\":\"https:\\\/\\\/www.uartes.edu.ec\\\/sitio\\\/fr\\\/#\\\/schema\\\/logo\\\/image\\\/\"},\"sameAs\":[\"https:\\\/\\\/www.facebook.com\\\/uartesec\",\"https:\\\/\\\/x.com\\\/uartesec\",\"https:\\\/\\\/www.tiktok.com\\\/@uartesec\"]},{\"@type\":\"Person\",\"@id\":\"https:\\\/\\\/www.uartes.edu.ec\\\/sitio\\\/fr\\\/#\\\/schema\\\/person\\\/efa1b8275797664fd7f13a79ccc0b1f4\",\"name\":\"ccortez\",\"image\":{\"@type\":\"ImageObject\",\"inLanguage\":\"fr-FR\",\"@id\":\"https:\\\/\\\/secure.gravatar.com\\\/avatar\\\/b2a6f664a3ae8e074346ef91775736c5ec479e637ecced6842de9dc98b5da9cd?s=96&d=mm&r=g\",\"url\":\"https:\\\/\\\/secure.gravatar.com\\\/avatar\\\/b2a6f664a3ae8e074346ef91775736c5ec479e637ecced6842de9dc98b5da9cd?s=96&d=mm&r=g\",\"contentUrl\":\"https:\\\/\\\/secure.gravatar.com\\\/avatar\\\/b2a6f664a3ae8e074346ef91775736c5ec479e637ecced6842de9dc98b5da9cd?s=96&d=mm&r=g\",\"caption\":\"ccortez\"},\"url\":\"https:\\\/\\\/www.uartes.edu.ec\\\/sitio\\\/fr\\\/blog\\\/author\\\/ccortez\\\/\"}]}<\/script>\n<!-- \/ Yoast SEO plugin. -->","yoast_head_json":{"title":"Universidad de las Artes - Inauguraci\u00f3n del 4to Encuentro de Pol\u00edticas y Econom\u00eda de la Cultura UArtes en Cuenca","description":"Universidad de las Artes - Inauguraci\u00f3n del 4to Encuentro de Pol\u00edticas y Econom\u00eda de la Cultura UArtes en Cuenca","robots":{"index":"index","follow":"follow","max-snippet":"max-snippet:-1","max-image-preview":"max-image-preview:large","max-video-preview":"max-video-preview:-1"},"canonical":"https:\/\/www.uartes.edu.ec\/sitio\/fr\/blog\/2024\/10\/01\/inauguracion-y-primera-mesa-de-dialogo-del-4to-encuentro-de-politicas-y-economia-de-la-cultura\/","og_locale":"fr_FR","og_type":"article","og_title":"Universidad de las Artes - Inauguraci\u00f3n del 4to Encuentro de Pol\u00edticas y Econom\u00eda de la Cultura UArtes en Cuenca","og_description":"Universidad de las Artes - Inauguraci\u00f3n del 4to Encuentro de Pol\u00edticas y Econom\u00eda de la Cultura UArtes en Cuenca","og_url":"https:\/\/www.uartes.edu.ec\/sitio\/fr\/blog\/2024\/10\/01\/inauguracion-y-primera-mesa-de-dialogo-del-4to-encuentro-de-politicas-y-economia-de-la-cultura\/","og_site_name":"Universidad de las Artes","article_publisher":"https:\/\/www.facebook.com\/uartesec","article_published_time":"2024-10-01T21:13:00+00:00","article_modified_time":"2024-10-03T17:12:04+00:00","og_image":[{"width":2000,"height":1333,"url":"https:\/\/www.uartes.edu.ec\/sitio\/wp-content\/uploads\/2024\/10\/02-CUARTO-ENCUENTRO-OBSERVATORIO-CUENCA.jpg","type":"image\/jpeg"}],"author":"ccortez","twitter_card":"summary_large_image","twitter_creator":"@uartesec","twitter_site":"@uartesec","twitter_misc":{"\u00c9crit par":"ccortez","Dur\u00e9e de lecture estim\u00e9e":"6 minutes"},"schema":{"@context":"https:\/\/schema.org","@graph":[{"@type":"Article","@id":"https:\/\/www.uartes.edu.ec\/sitio\/fr\/blog\/2024\/10\/01\/inauguracion-y-primera-mesa-de-dialogo-del-4to-encuentro-de-politicas-y-economia-de-la-cultura\/#article","isPartOf":{"@id":"https:\/\/www.uartes.edu.ec\/sitio\/fr\/blog\/2024\/10\/01\/inauguracion-y-primera-mesa-de-dialogo-del-4to-encuentro-de-politicas-y-economia-de-la-cultura\/"},"author":{"name":"ccortez","@id":"https:\/\/www.uartes.edu.ec\/sitio\/fr\/#\/schema\/person\/efa1b8275797664fd7f13a79ccc0b1f4"},"headline":"Inauguraci\u00f3n del 4to Encuentro de Pol\u00edticas y Econom\u00eda de la Cultura UArtes en Cuenca","datePublished":"2024-10-01T21:13:00+00:00","dateModified":"2024-10-03T17:12:04+00:00","mainEntityOfPage":{"@id":"https:\/\/www.uartes.edu.ec\/sitio\/fr\/blog\/2024\/10\/01\/inauguracion-y-primera-mesa-de-dialogo-del-4to-encuentro-de-politicas-y-economia-de-la-cultura\/"},"wordCount":1231,"commentCount":0,"publisher":{"@id":"https:\/\/www.uartes.edu.ec\/sitio\/fr\/#organization"},"image":{"@id":"https:\/\/www.uartes.edu.ec\/sitio\/fr\/blog\/2024\/10\/01\/inauguracion-y-primera-mesa-de-dialogo-del-4to-encuentro-de-politicas-y-economia-de-la-cultura\/#primaryimage"},"thumbnailUrl":"https:\/\/www.uartes.edu.ec\/sitio\/wp-content\/uploads\/2024\/10\/02-CUARTO-ENCUENTRO-OBSERVATORIO-CUENCA.jpg","keywords":["observatorio"],"articleSection":["Acad\u00e9mico","Artes","Gesti\u00f3n","Investigaci\u00f3n"],"inLanguage":"fr-FR","potentialAction":[{"@type":"CommentAction","name":"Comment","target":["https:\/\/www.uartes.edu.ec\/sitio\/fr\/blog\/2024\/10\/01\/inauguracion-y-primera-mesa-de-dialogo-del-4to-encuentro-de-politicas-y-economia-de-la-cultura\/#respond"]}]},{"@type":["WebPage","ItemPage"],"@id":"https:\/\/www.uartes.edu.ec\/sitio\/fr\/blog\/2024\/10\/01\/inauguracion-y-primera-mesa-de-dialogo-del-4to-encuentro-de-politicas-y-economia-de-la-cultura\/","url":"https:\/\/www.uartes.edu.ec\/sitio\/fr\/blog\/2024\/10\/01\/inauguracion-y-primera-mesa-de-dialogo-del-4to-encuentro-de-politicas-y-economia-de-la-cultura\/","name":"Universidad de las Artes - Inauguraci\u00f3n del 4to Encuentro de Pol\u00edticas y Econom\u00eda de la Cultura UArtes en Cuenca","isPartOf":{"@id":"https:\/\/www.uartes.edu.ec\/sitio\/fr\/#website"},"primaryImageOfPage":{"@id":"https:\/\/www.uartes.edu.ec\/sitio\/fr\/blog\/2024\/10\/01\/inauguracion-y-primera-mesa-de-dialogo-del-4to-encuentro-de-politicas-y-economia-de-la-cultura\/#primaryimage"},"image":{"@id":"https:\/\/www.uartes.edu.ec\/sitio\/fr\/blog\/2024\/10\/01\/inauguracion-y-primera-mesa-de-dialogo-del-4to-encuentro-de-politicas-y-economia-de-la-cultura\/#primaryimage"},"thumbnailUrl":"https:\/\/www.uartes.edu.ec\/sitio\/wp-content\/uploads\/2024\/10\/02-CUARTO-ENCUENTRO-OBSERVATORIO-CUENCA.jpg","datePublished":"2024-10-01T21:13:00+00:00","dateModified":"2024-10-03T17:12:04+00:00","description":"Universidad de las Artes - Inauguraci\u00f3n del 4to Encuentro de Pol\u00edticas y Econom\u00eda de la Cultura UArtes en Cuenca","breadcrumb":{"@id":"https:\/\/www.uartes.edu.ec\/sitio\/fr\/blog\/2024\/10\/01\/inauguracion-y-primera-mesa-de-dialogo-del-4to-encuentro-de-politicas-y-economia-de-la-cultura\/#breadcrumb"},"inLanguage":"fr-FR","potentialAction":[{"@type":"ReadAction","target":["https:\/\/www.uartes.edu.ec\/sitio\/fr\/blog\/2024\/10\/01\/inauguracion-y-primera-mesa-de-dialogo-del-4to-encuentro-de-politicas-y-economia-de-la-cultura\/"]}]},{"@type":"ImageObject","inLanguage":"fr-FR","@id":"https:\/\/www.uartes.edu.ec\/sitio\/fr\/blog\/2024\/10\/01\/inauguracion-y-primera-mesa-de-dialogo-del-4to-encuentro-de-politicas-y-economia-de-la-cultura\/#primaryimage","url":"https:\/\/www.uartes.edu.ec\/sitio\/wp-content\/uploads\/2024\/10\/02-CUARTO-ENCUENTRO-OBSERVATORIO-CUENCA.jpg","contentUrl":"https:\/\/www.uartes.edu.ec\/sitio\/wp-content\/uploads\/2024\/10\/02-CUARTO-ENCUENTRO-OBSERVATORIO-CUENCA.jpg","width":2000,"height":1333},{"@type":"BreadcrumbList","@id":"https:\/\/www.uartes.edu.ec\/sitio\/fr\/blog\/2024\/10\/01\/inauguracion-y-primera-mesa-de-dialogo-del-4to-encuentro-de-politicas-y-economia-de-la-cultura\/#breadcrumb","itemListElement":[{"@type":"ListItem","position":1,"name":"Inicio","item":"https:\/\/www.uartes.edu.ec\/sitio\/"},{"@type":"ListItem","position":2,"name":"Inauguraci\u00f3n del 4to Encuentro de Pol\u00edticas y Econom\u00eda de la Cultura UArtes en Cuenca"}]},{"@type":"WebSite","@id":"https:\/\/www.uartes.edu.ec\/sitio\/fr\/#website","url":"https:\/\/www.uartes.edu.ec\/sitio\/fr\/","name":"Universidad de las Artes","description":"Sitio oficial de la Universidad Nacional de las Artes del Ecuador","publisher":{"@id":"https:\/\/www.uartes.edu.ec\/sitio\/fr\/#organization"},"potentialAction":[{"@type":"SearchAction","target":{"@type":"EntryPoint","urlTemplate":"https:\/\/www.uartes.edu.ec\/sitio\/fr\/?s={search_term_string}"},"query-input":{"@type":"PropertyValueSpecification","valueRequired":true,"valueName":"search_term_string"}}],"inLanguage":"fr-FR"},{"@type":"Organization","@id":"https:\/\/www.uartes.edu.ec\/sitio\/fr\/#organization","name":"Universidad de las Artes","url":"https:\/\/www.uartes.edu.ec\/sitio\/fr\/","logo":{"@type":"ImageObject","inLanguage":"fr-FR","@id":"https:\/\/www.uartes.edu.ec\/sitio\/fr\/#\/schema\/logo\/image\/","url":"https:\/\/www.uartes.edu.ec\/sitio\/wp-content\/uploads\/2022\/07\/logo-ua-horizontal.png","contentUrl":"https:\/\/www.uartes.edu.ec\/sitio\/wp-content\/uploads\/2022\/07\/logo-ua-horizontal.png","width":800,"height":276,"caption":"Universidad de las Artes"},"image":{"@id":"https:\/\/www.uartes.edu.ec\/sitio\/fr\/#\/schema\/logo\/image\/"},"sameAs":["https:\/\/www.facebook.com\/uartesec","https:\/\/x.com\/uartesec","https:\/\/www.tiktok.com\/@uartesec"]},{"@type":"Person","@id":"https:\/\/www.uartes.edu.ec\/sitio\/fr\/#\/schema\/person\/efa1b8275797664fd7f13a79ccc0b1f4","name":"ccortez","image":{"@type":"ImageObject","inLanguage":"fr-FR","@id":"https:\/\/secure.gravatar.com\/avatar\/b2a6f664a3ae8e074346ef91775736c5ec479e637ecced6842de9dc98b5da9cd?s=96&d=mm&r=g","url":"https:\/\/secure.gravatar.com\/avatar\/b2a6f664a3ae8e074346ef91775736c5ec479e637ecced6842de9dc98b5da9cd?s=96&d=mm&r=g","contentUrl":"https:\/\/secure.gravatar.com\/avatar\/b2a6f664a3ae8e074346ef91775736c5ec479e637ecced6842de9dc98b5da9cd?s=96&d=mm&r=g","caption":"ccortez"},"url":"https:\/\/www.uartes.edu.ec\/sitio\/fr\/blog\/author\/ccortez\/"}]}},"uagb_featured_image_src":{"full":["https:\/\/www.uartes.edu.ec\/sitio\/wp-content\/uploads\/2024\/10\/02-CUARTO-ENCUENTRO-OBSERVATORIO-CUENCA.jpg",2000,1333,false],"thumbnail":["https:\/\/www.uartes.edu.ec\/sitio\/wp-content\/uploads\/2024\/10\/02-CUARTO-ENCUENTRO-OBSERVATORIO-CUENCA-150x150.jpg",150,150,true],"medium":["https:\/\/www.uartes.edu.ec\/sitio\/wp-content\/uploads\/2024\/10\/02-CUARTO-ENCUENTRO-OBSERVATORIO-CUENCA-300x200.jpg",300,200,true],"medium_large":["https:\/\/www.uartes.edu.ec\/sitio\/wp-content\/uploads\/2024\/10\/02-CUARTO-ENCUENTRO-OBSERVATORIO-CUENCA-768x512.jpg",768,512,true],"large":["https:\/\/www.uartes.edu.ec\/sitio\/wp-content\/uploads\/2024\/10\/02-CUARTO-ENCUENTRO-OBSERVATORIO-CUENCA-644x429.jpg",644,429,true],"1536x1536":["https:\/\/www.uartes.edu.ec\/sitio\/wp-content\/uploads\/2024\/10\/02-CUARTO-ENCUENTRO-OBSERVATORIO-CUENCA-1536x1024.jpg",1536,1024,true],"2048x2048":["https:\/\/www.uartes.edu.ec\/sitio\/wp-content\/uploads\/2024\/10\/02-CUARTO-ENCUENTRO-OBSERVATORIO-CUENCA.jpg",2000,1333,false],"trp-custom-language-flag":["https:\/\/www.uartes.edu.ec\/sitio\/wp-content\/uploads\/2024\/10\/02-CUARTO-ENCUENTRO-OBSERVATORIO-CUENCA-18x12.jpg",18,12,true],"htmega_size_585x295":["https:\/\/www.uartes.edu.ec\/sitio\/wp-content\/uploads\/2024\/10\/02-CUARTO-ENCUENTRO-OBSERVATORIO-CUENCA-585x295.jpg",585,295,true],"htmega_size_1170x536":["https:\/\/www.uartes.edu.ec\/sitio\/wp-content\/uploads\/2024\/10\/02-CUARTO-ENCUENTRO-OBSERVATORIO-CUENCA-1170x536.jpg",1170,536,true],"htmega_size_396x360":["https:\/\/www.uartes.edu.ec\/sitio\/wp-content\/uploads\/2024\/10\/02-CUARTO-ENCUENTRO-OBSERVATORIO-CUENCA-396x360.jpg",396,360,true],"gb-block-post-grid-landscape":["https:\/\/www.uartes.edu.ec\/sitio\/wp-content\/uploads\/2024\/10\/02-CUARTO-ENCUENTRO-OBSERVATORIO-CUENCA-600x400.jpg",600,400,true],"gb-block-post-grid-square":["https:\/\/www.uartes.edu.ec\/sitio\/wp-content\/uploads\/2024\/10\/02-CUARTO-ENCUENTRO-OBSERVATORIO-CUENCA-600x600.jpg",600,600,true],"university-hub-thumb":["https:\/\/www.uartes.edu.ec\/sitio\/wp-content\/uploads\/2024\/10\/02-CUARTO-ENCUENTRO-OBSERVATORIO-CUENCA-400x267.jpg",400,267,true],"mailpoet_newsletter_max":["https:\/\/www.uartes.edu.ec\/sitio\/wp-content\/uploads\/2024\/10\/02-CUARTO-ENCUENTRO-OBSERVATORIO-CUENCA.jpg",1320,880,false]},"uagb_author_info":{"display_name":"ccortez","author_link":"https:\/\/www.uartes.edu.ec\/sitio\/fr\/blog\/author\/ccortez\/"},"uagb_comment_info":0,"uagb_excerpt":"Creado desde el Observatorio de la Universidad Artes para, entre otros temas, fomentar la discusi\u00f3n colectiva en torno a la pol\u00edtica p\u00fablica en el campo cultural, en el aula magna Mario Vintimilla de la Universidad de Cuenca se realiz\u00f3 este lunes 30 de septiembre el acto inaugural del 4to Encuentro de Pol\u00edticas y Econom\u00eda de\u2026","featured_image_src":"https:\/\/www.uartes.edu.ec\/sitio\/wp-content\/uploads\/2024\/10\/02-CUARTO-ENCUENTRO-OBSERVATORIO-CUENCA-600x400.jpg","featured_image_src_square":"https:\/\/www.uartes.edu.ec\/sitio\/wp-content\/uploads\/2024\/10\/02-CUARTO-ENCUENTRO-OBSERVATORIO-CUENCA-600x600.jpg","author_info":{"display_name":"ccortez","author_link":"https:\/\/www.uartes.edu.ec\/sitio\/fr\/blog\/author\/ccortez\/"},"publishpress_future_workflow_manual_trigger":{"enabledWorkflows":[]},"distributor_meta":false,"distributor_terms":false,"distributor_media":false,"distributor_original_site_name":"Universidad de las Artes","distributor_original_site_url":"https:\/\/www.uartes.edu.ec\/sitio\/fr","push-errors":false,"_links":{"self":[{"href":"https:\/\/www.uartes.edu.ec\/sitio\/fr\/wp-json\/wp\/v2\/posts\/62471","targetHints":{"allow":["GET"]}}],"collection":[{"href":"https:\/\/www.uartes.edu.ec\/sitio\/fr\/wp-json\/wp\/v2\/posts"}],"about":[{"href":"https:\/\/www.uartes.edu.ec\/sitio\/fr\/wp-json\/wp\/v2\/types\/post"}],"author":[{"embeddable":true,"href":"https:\/\/www.uartes.edu.ec\/sitio\/fr\/wp-json\/wp\/v2\/users\/10"}],"replies":[{"embeddable":true,"href":"https:\/\/www.uartes.edu.ec\/sitio\/fr\/wp-json\/wp\/v2\/comments?post=62471"}],"version-history":[{"count":8,"href":"https:\/\/www.uartes.edu.ec\/sitio\/fr\/wp-json\/wp\/v2\/posts\/62471\/revisions"}],"predecessor-version":[{"id":62498,"href":"https:\/\/www.uartes.edu.ec\/sitio\/fr\/wp-json\/wp\/v2\/posts\/62471\/revisions\/62498"}],"wp:featuredmedia":[{"embeddable":true,"href":"https:\/\/www.uartes.edu.ec\/sitio\/fr\/wp-json\/wp\/v2\/media\/62475"}],"wp:attachment":[{"href":"https:\/\/www.uartes.edu.ec\/sitio\/fr\/wp-json\/wp\/v2\/media?parent=62471"}],"wp:term":[{"taxonomy":"category","embeddable":true,"href":"https:\/\/www.uartes.edu.ec\/sitio\/fr\/wp-json\/wp\/v2\/categories?post=62471"},{"taxonomy":"post_tag","embeddable":true,"href":"https:\/\/www.uartes.edu.ec\/sitio\/fr\/wp-json\/wp\/v2\/tags?post=62471"},{"taxonomy":"infouartes","embeddable":true,"href":"https:\/\/www.uartes.edu.ec\/sitio\/fr\/wp-json\/wp\/v2\/infouartes?post=62471"}],"curies":[{"name":"wp","href":"https:\/\/api.w.org\/{rel}","templated":true}]}}