{"id":63084,"date":"2024-10-17T17:29:00","date_gmt":"2024-10-17T22:29:00","guid":{"rendered":"https:\/\/www.uartes.edu.ec\/sitio\/?p=63084"},"modified":"2024-10-21T10:58:54","modified_gmt":"2024-10-21T15:58:54","slug":"dos-obras-de-interpretes-creadores-uartes-llegan-a-dos-espacios-de-guayaquil-muegano-teatro-y-zona-escena","status":"publish","type":"post","link":"https:\/\/www.uartes.edu.ec\/sitio\/fr\/blog\/2024\/10\/17\/dos-obras-de-interpretes-creadores-uartes-llegan-a-dos-espacios-de-guayaquil-muegano-teatro-y-zona-escena\/","title":{"rendered":"Dos propuestas de actores e int\u00e9rpretes-creadores UArtes llegan a dos espacios de Guayaquil: Mu\u00e9gano Teatro y Zona Escena"},"content":{"rendered":"<p>Llevando a la pr\u00e1ctica la preparaci\u00f3n acad\u00e9mica y art\u00edstica recibida en la Universidad de las Artes, alumni y estudiantes de las carreras de Creaci\u00f3n Teatral y Danza de la Escuela de Artes Esc\u00e9nicas presentan propuestas en dos espacios culturales de Guayaquil.<\/p>\n\n\n\n<h3 class=\"wp-block-heading\">\u201cAtentamente, \u00bfnosotrxs?\u201d<\/h3>\n\n\n\n<p>Mario Correa, Ximena Lanata e Elian Villavicencio, graduados UArtes, llevan a escena la pieza teatral \u201cAtentamente, \u00bfnosotrxs?\u201d, la cual estrenaron los d\u00edas 11, 12 y 13 de octubre en Espacio Mu\u00e9gano Teatro, donde se remontar\u00e1 este viernes 18, a las 20:00; s\u00e1bado 19, a las 18:00, y domingo 20, a las 17:00.<\/p>\n\n\n\n<p>En \u201cAtentamente, \u00bfnosotrxs?\u201d, tres actores ficcionan la realidad mientras se ven consumidos por un mundo surreal en el que uno de ellos desea irse del pa\u00eds y dejar el arte atr\u00e1s, en tanto que su compa\u00f1era se aferra a su deseo de crear en un pa\u00eds consumido por la violencia.<\/p>\n\n\n\n<p>Costro de entradas: $ 12 para p\u00fablico en general y $ 5, estudiantes, personas con discapacidad y tercera edad.<\/p>\n\n\n<div class=\"wp-block-image\">\n<figure class=\"aligncenter size-large\"><img fetchpriority=\"high\" decoding=\"async\" width=\"644\" height=\"429\" src=\"https:\/\/www.uartes.edu.ec\/sitio\/wp-content\/uploads\/2024\/10\/MIGERS-WEB-644x429.jpg\" alt=\"\" class=\"wp-image-63085\" srcset=\"https:\/\/www.uartes.edu.ec\/sitio\/wp-content\/uploads\/2024\/10\/MIGERS-WEB-644x429.jpg 644w, https:\/\/www.uartes.edu.ec\/sitio\/wp-content\/uploads\/2024\/10\/MIGERS-WEB-300x200.jpg 300w, https:\/\/www.uartes.edu.ec\/sitio\/wp-content\/uploads\/2024\/10\/MIGERS-WEB-768x512.jpg 768w, https:\/\/www.uartes.edu.ec\/sitio\/wp-content\/uploads\/2024\/10\/MIGERS-WEB-1536x1024.jpg 1536w, https:\/\/www.uartes.edu.ec\/sitio\/wp-content\/uploads\/2024\/10\/MIGERS-WEB-18x12.jpg 18w, https:\/\/www.uartes.edu.ec\/sitio\/wp-content\/uploads\/2024\/10\/MIGERS-WEB-600x400.jpg 600w, https:\/\/www.uartes.edu.ec\/sitio\/wp-content\/uploads\/2024\/10\/MIGERS-WEB-400x267.jpg 400w, https:\/\/www.uartes.edu.ec\/sitio\/wp-content\/uploads\/2024\/10\/MIGERS-WEB-272x182.jpg 272w, https:\/\/www.uartes.edu.ec\/sitio\/wp-content\/uploads\/2024\/10\/MIGERS-WEB.jpg 2000w\" sizes=\"(max-width: 644px) 100vw, 644px\" \/><\/figure>\n<\/div>\n\n\n<h3 class=\"wp-block-heading\">\u201cAs\u00ed de Uno en Otro y de Otro en Otro\u201d<\/h3>\n\n\n\n<p>Luego de un arduo trabajo del proceso de titulaci\u00f3n llega al p\u00fablico \u201cAs\u00ed de Uno en Otro y de Otro en Otro\u201d. Es una invitaci\u00f3n para realizar un viaje po\u00e9tico por los pliegues de la memoria y el tiempo, donde es posible contar historias encarnadas. De cada paisaje sus int\u00e9rpretes-creadores hacen \u201cuna caricia, de cada giro una emoci\u00f3n, la piel siente, la piel avisa, del coraz\u00f3n su canci\u00f3n\u201d.<\/p>\n\n\n\n<p>La propuesta de creaci\u00f3n art\u00edstica lleva al espectador a sumergirse desde el movimiento en la memoria de la piel, donde el abismo sin bordes ni fronteras sostiene nuestra existencia, la cual por momentos se escapa al mundo de los deseos.<\/p>\n\n\n\n<figure class=\"wp-block-gallery has-nested-images columns-default is-cropped wp-block-gallery-1 is-layout-flex wp-block-gallery-is-layout-flex\">\n<figure class=\"wp-block-image size-large\"><img decoding=\"async\" width=\"644\" height=\"429\" data-id=\"63114\" src=\"https:\/\/www.uartes.edu.ec\/sitio\/wp-content\/uploads\/2024\/10\/02-GRADUADOS-ESTUDIANTES-DANZA-WEB--644x429.jpg\" alt=\"\" class=\"wp-image-63114\" srcset=\"https:\/\/www.uartes.edu.ec\/sitio\/wp-content\/uploads\/2024\/10\/02-GRADUADOS-ESTUDIANTES-DANZA-WEB--644x429.jpg 644w, https:\/\/www.uartes.edu.ec\/sitio\/wp-content\/uploads\/2024\/10\/02-GRADUADOS-ESTUDIANTES-DANZA-WEB--300x200.jpg 300w, https:\/\/www.uartes.edu.ec\/sitio\/wp-content\/uploads\/2024\/10\/02-GRADUADOS-ESTUDIANTES-DANZA-WEB--768x512.jpg 768w, https:\/\/www.uartes.edu.ec\/sitio\/wp-content\/uploads\/2024\/10\/02-GRADUADOS-ESTUDIANTES-DANZA-WEB--1536x1024.jpg 1536w, https:\/\/www.uartes.edu.ec\/sitio\/wp-content\/uploads\/2024\/10\/02-GRADUADOS-ESTUDIANTES-DANZA-WEB--18x12.jpg 18w, https:\/\/www.uartes.edu.ec\/sitio\/wp-content\/uploads\/2024\/10\/02-GRADUADOS-ESTUDIANTES-DANZA-WEB--600x400.jpg 600w, https:\/\/www.uartes.edu.ec\/sitio\/wp-content\/uploads\/2024\/10\/02-GRADUADOS-ESTUDIANTES-DANZA-WEB--400x267.jpg 400w, https:\/\/www.uartes.edu.ec\/sitio\/wp-content\/uploads\/2024\/10\/02-GRADUADOS-ESTUDIANTES-DANZA-WEB--272x182.jpg 272w, https:\/\/www.uartes.edu.ec\/sitio\/wp-content\/uploads\/2024\/10\/02-GRADUADOS-ESTUDIANTES-DANZA-WEB-.jpg 2000w\" sizes=\"(max-width: 644px) 100vw, 644px\" \/><\/figure>\n\n\n\n<figure class=\"wp-block-image size-large\"><img decoding=\"async\" width=\"644\" height=\"429\" data-id=\"63113\" src=\"https:\/\/www.uartes.edu.ec\/sitio\/wp-content\/uploads\/2024\/10\/01-GRADUADOS-ESTUDIANTES-DANZA-WEB--644x429.jpg\" alt=\"\" class=\"wp-image-63113\" srcset=\"https:\/\/www.uartes.edu.ec\/sitio\/wp-content\/uploads\/2024\/10\/01-GRADUADOS-ESTUDIANTES-DANZA-WEB--644x429.jpg 644w, https:\/\/www.uartes.edu.ec\/sitio\/wp-content\/uploads\/2024\/10\/01-GRADUADOS-ESTUDIANTES-DANZA-WEB--300x200.jpg 300w, https:\/\/www.uartes.edu.ec\/sitio\/wp-content\/uploads\/2024\/10\/01-GRADUADOS-ESTUDIANTES-DANZA-WEB--768x512.jpg 768w, https:\/\/www.uartes.edu.ec\/sitio\/wp-content\/uploads\/2024\/10\/01-GRADUADOS-ESTUDIANTES-DANZA-WEB--1536x1024.jpg 1536w, https:\/\/www.uartes.edu.ec\/sitio\/wp-content\/uploads\/2024\/10\/01-GRADUADOS-ESTUDIANTES-DANZA-WEB--18x12.jpg 18w, https:\/\/www.uartes.edu.ec\/sitio\/wp-content\/uploads\/2024\/10\/01-GRADUADOS-ESTUDIANTES-DANZA-WEB--600x400.jpg 600w, https:\/\/www.uartes.edu.ec\/sitio\/wp-content\/uploads\/2024\/10\/01-GRADUADOS-ESTUDIANTES-DANZA-WEB--400x267.jpg 400w, https:\/\/www.uartes.edu.ec\/sitio\/wp-content\/uploads\/2024\/10\/01-GRADUADOS-ESTUDIANTES-DANZA-WEB--272x182.jpg 272w, https:\/\/www.uartes.edu.ec\/sitio\/wp-content\/uploads\/2024\/10\/01-GRADUADOS-ESTUDIANTES-DANZA-WEB-.jpg 2000w\" sizes=\"(max-width: 644px) 100vw, 644px\" \/><\/figure>\n<\/figure>\n\n\n\n<p><\/p>\n\n\n\n<p>Dirige la obra Emilia Burgos Garc\u00eda, quien la presenta en el marco de su titulaci\u00f3n para la obtenci\u00f3n de la licenciatura en Danza y tambi\u00e9n la interpreta junto a compa\u00f1eras de carrera: G\u00e9nesis Fonseca y Laising Ching. En la musicalizaci\u00f3n est\u00e1 Marcelo L\u00f3pez; en el dise\u00f1o lum\u00ednico, Ivanna Ricardo; c\u00e1mara y edici\u00f3n, Jiang Jim\u00e9nez; y dise\u00f1o de vestuario, Mar\u00eda Aspiazu.<\/p>\n\n\n\n<p>\u00danica Funci\u00f3n: s\u00e1bado 26 de octubre de 2024, a las 19:00, en Teatro Casa Zona Escena (Imbabura y Panam\u00e1). Entrada: $ 10, general, y $ 5, estudiantes, tercera edad y personas con discapacidad. Estar\u00e1n disponibles en la boleter\u00eda del teatro el d\u00eda del evento; se pueden reservar a trav\u00e9s de WhatsApp: 0993937273.<\/p>\n\n\n\n<p>Afiche: cortes\u00eda de la producci\u00f3n \u201cAtentamente, \u00bfnosotrxs?\u201d.<br>Fotos: cortes\u00eda Emilia Burgos Garc\u00eda (Instagram: @burgosemii6).<\/p>","protected":false},"excerpt":{"rendered":"<p>\u201cAtentamente, \u00bfnosotrxs?\u201d y \u201cAs\u00ed de Uno en Otro y de Otro en Otro\u201d se presentan en Espacio Mu\u00e9gano Teatro y Teatro Casa Zona Escena. Dos escenarios para dos propuestas de actores e int\u00e9rpretes-creadores que ya se graduaron, unos, y que estudian, otros, en Creaci\u00f3n Teatral y Danza de la Escuela de Artes Esc\u00e9nicas. Nos hacemos eco de sus trabajos, resultado de la preparaci\u00f3n acad\u00e9mica y art\u00edstica recibida en nuestra instituci\u00f3n.<\/p>","protected":false},"author":10,"featured_media":63112,"comment_status":"open","ping_status":"open","sticky":false,"template":"","format":"standard","meta":{"_acf_changed":false,"_uag_custom_page_level_css":"","_monsterinsights_skip_tracking":false,"_monsterinsights_sitenote_active":false,"_monsterinsights_sitenote_note":"","_monsterinsights_sitenote_category":0,"cybocfi_hide_featured_image":"","footnotes":""},"categories":[490,82,159,76,77,83],"tags":[1232],"infouartes":[1288],"class_list":["post-63084","post","type-post","status-publish","format-standard","has-post-thumbnail","hentry","category-alumni","category-artes","category-artes-escenicas","category-estudiantes","category-gestion","category-sedes","tag-producciones","infouartes-produccion-artistica"],"acf":[],"yoast_head":"<!-- This site is optimized with the Yoast SEO plugin v27.4 - https:\/\/yoast.com\/product\/yoast-seo-wordpress\/ -->\n<title>Universidad de las Artes - Dos propuestas de actores e int\u00e9rpretes-creadores UArtes llegan a dos espacios de Guayaquil: Mu\u00e9gano Teatro y Zona Escena<\/title>\n<meta name=\"description\" content=\"Universidad de las Artes - Dos propuestas de actores e int\u00e9rpretes-creadores UArtes llegan a dos espacios de Guayaquil: Mu\u00e9gano Teatro y Zona Escena\" \/>\n<meta name=\"robots\" content=\"index, follow, max-snippet:-1, max-image-preview:large, max-video-preview:-1\" \/>\n<link rel=\"canonical\" href=\"https:\/\/www.uartes.edu.ec\/sitio\/fr\/blog\/2024\/10\/17\/dos-obras-de-interpretes-creadores-uartes-llegan-a-dos-espacios-de-guayaquil-muegano-teatro-y-zona-escena\/\" \/>\n<meta property=\"og:locale\" content=\"fr_FR\" \/>\n<meta property=\"og:type\" content=\"article\" \/>\n<meta property=\"og:title\" content=\"Universidad de las Artes - Dos propuestas de actores e int\u00e9rpretes-creadores UArtes llegan a dos espacios de Guayaquil: Mu\u00e9gano Teatro y Zona Escena\" \/>\n<meta property=\"og:description\" content=\"Universidad de las Artes - Dos propuestas de actores e int\u00e9rpretes-creadores UArtes llegan a dos espacios de Guayaquil: Mu\u00e9gano Teatro y Zona Escena\" \/>\n<meta property=\"og:url\" content=\"https:\/\/www.uartes.edu.ec\/sitio\/fr\/blog\/2024\/10\/17\/dos-obras-de-interpretes-creadores-uartes-llegan-a-dos-espacios-de-guayaquil-muegano-teatro-y-zona-escena\/\" \/>\n<meta property=\"og:site_name\" content=\"Universidad de las Artes\" \/>\n<meta property=\"article:publisher\" content=\"https:\/\/www.facebook.com\/uartesec\" \/>\n<meta property=\"article:published_time\" content=\"2024-10-17T22:29:00+00:00\" \/>\n<meta property=\"article:modified_time\" content=\"2024-10-21T15:58:54+00:00\" \/>\n<meta property=\"og:image\" content=\"https:\/\/www.uartes.edu.ec\/sitio\/wp-content\/uploads\/2024\/10\/03-GRADUADOS-ESTUDIANTES-DANZA-WEB-.jpg\" \/>\n\t<meta property=\"og:image:width\" content=\"2000\" \/>\n\t<meta property=\"og:image:height\" content=\"1333\" \/>\n\t<meta property=\"og:image:type\" content=\"image\/jpeg\" \/>\n<meta name=\"author\" content=\"ccortez\" \/>\n<meta name=\"twitter:card\" content=\"summary_large_image\" \/>\n<meta name=\"twitter:creator\" content=\"@uartesec\" \/>\n<meta name=\"twitter:site\" content=\"@uartesec\" \/>\n<meta name=\"twitter:label1\" content=\"\u00c9crit par\" \/>\n\t<meta name=\"twitter:data1\" content=\"ccortez\" \/>\n\t<meta name=\"twitter:label2\" content=\"Dur\u00e9e de lecture estim\u00e9e\" \/>\n\t<meta name=\"twitter:data2\" content=\"3 minutes\" \/>\n<script type=\"application\/ld+json\" class=\"yoast-schema-graph\">{\"@context\":\"https:\\\/\\\/schema.org\",\"@graph\":[{\"@type\":\"Article\",\"@id\":\"https:\\\/\\\/www.uartes.edu.ec\\\/sitio\\\/fr\\\/blog\\\/2024\\\/10\\\/17\\\/dos-obras-de-interpretes-creadores-uartes-llegan-a-dos-espacios-de-guayaquil-muegano-teatro-y-zona-escena\\\/#article\",\"isPartOf\":{\"@id\":\"https:\\\/\\\/www.uartes.edu.ec\\\/sitio\\\/fr\\\/blog\\\/2024\\\/10\\\/17\\\/dos-obras-de-interpretes-creadores-uartes-llegan-a-dos-espacios-de-guayaquil-muegano-teatro-y-zona-escena\\\/\"},\"author\":{\"name\":\"ccortez\",\"@id\":\"https:\\\/\\\/www.uartes.edu.ec\\\/sitio\\\/fr\\\/#\\\/schema\\\/person\\\/efa1b8275797664fd7f13a79ccc0b1f4\"},\"headline\":\"Dos propuestas de actores e int\u00e9rpretes-creadores UArtes llegan a dos espacios de Guayaquil: Mu\u00e9gano Teatro y Zona Escena\",\"datePublished\":\"2024-10-17T22:29:00+00:00\",\"dateModified\":\"2024-10-21T15:58:54+00:00\",\"mainEntityOfPage\":{\"@id\":\"https:\\\/\\\/www.uartes.edu.ec\\\/sitio\\\/fr\\\/blog\\\/2024\\\/10\\\/17\\\/dos-obras-de-interpretes-creadores-uartes-llegan-a-dos-espacios-de-guayaquil-muegano-teatro-y-zona-escena\\\/\"},\"wordCount\":456,\"commentCount\":0,\"publisher\":{\"@id\":\"https:\\\/\\\/www.uartes.edu.ec\\\/sitio\\\/fr\\\/#organization\"},\"image\":{\"@id\":\"https:\\\/\\\/www.uartes.edu.ec\\\/sitio\\\/fr\\\/blog\\\/2024\\\/10\\\/17\\\/dos-obras-de-interpretes-creadores-uartes-llegan-a-dos-espacios-de-guayaquil-muegano-teatro-y-zona-escena\\\/#primaryimage\"},\"thumbnailUrl\":\"https:\\\/\\\/www.uartes.edu.ec\\\/sitio\\\/wp-content\\\/uploads\\\/2024\\\/10\\\/03-GRADUADOS-ESTUDIANTES-DANZA-WEB-.jpg\",\"keywords\":[\"producciones\"],\"articleSection\":[\"Alumni\",\"Artes\",\"Artes Esc\u00e9nicas\",\"Estudiantes\",\"Gesti\u00f3n\",\"Sedes\"],\"inLanguage\":\"fr-FR\",\"potentialAction\":[{\"@type\":\"CommentAction\",\"name\":\"Comment\",\"target\":[\"https:\\\/\\\/www.uartes.edu.ec\\\/sitio\\\/fr\\\/blog\\\/2024\\\/10\\\/17\\\/dos-obras-de-interpretes-creadores-uartes-llegan-a-dos-espacios-de-guayaquil-muegano-teatro-y-zona-escena\\\/#respond\"]}]},{\"@type\":[\"WebPage\",\"ItemPage\"],\"@id\":\"https:\\\/\\\/www.uartes.edu.ec\\\/sitio\\\/fr\\\/blog\\\/2024\\\/10\\\/17\\\/dos-obras-de-interpretes-creadores-uartes-llegan-a-dos-espacios-de-guayaquil-muegano-teatro-y-zona-escena\\\/\",\"url\":\"https:\\\/\\\/www.uartes.edu.ec\\\/sitio\\\/fr\\\/blog\\\/2024\\\/10\\\/17\\\/dos-obras-de-interpretes-creadores-uartes-llegan-a-dos-espacios-de-guayaquil-muegano-teatro-y-zona-escena\\\/\",\"name\":\"Universidad de las Artes - Dos propuestas de actores e int\u00e9rpretes-creadores UArtes llegan a dos espacios de Guayaquil: Mu\u00e9gano Teatro y Zona Escena\",\"isPartOf\":{\"@id\":\"https:\\\/\\\/www.uartes.edu.ec\\\/sitio\\\/fr\\\/#website\"},\"primaryImageOfPage\":{\"@id\":\"https:\\\/\\\/www.uartes.edu.ec\\\/sitio\\\/fr\\\/blog\\\/2024\\\/10\\\/17\\\/dos-obras-de-interpretes-creadores-uartes-llegan-a-dos-espacios-de-guayaquil-muegano-teatro-y-zona-escena\\\/#primaryimage\"},\"image\":{\"@id\":\"https:\\\/\\\/www.uartes.edu.ec\\\/sitio\\\/fr\\\/blog\\\/2024\\\/10\\\/17\\\/dos-obras-de-interpretes-creadores-uartes-llegan-a-dos-espacios-de-guayaquil-muegano-teatro-y-zona-escena\\\/#primaryimage\"},\"thumbnailUrl\":\"https:\\\/\\\/www.uartes.edu.ec\\\/sitio\\\/wp-content\\\/uploads\\\/2024\\\/10\\\/03-GRADUADOS-ESTUDIANTES-DANZA-WEB-.jpg\",\"datePublished\":\"2024-10-17T22:29:00+00:00\",\"dateModified\":\"2024-10-21T15:58:54+00:00\",\"description\":\"Universidad de las Artes - Dos propuestas de actores e int\u00e9rpretes-creadores UArtes llegan a dos espacios de Guayaquil: Mu\u00e9gano Teatro y Zona Escena\",\"breadcrumb\":{\"@id\":\"https:\\\/\\\/www.uartes.edu.ec\\\/sitio\\\/fr\\\/blog\\\/2024\\\/10\\\/17\\\/dos-obras-de-interpretes-creadores-uartes-llegan-a-dos-espacios-de-guayaquil-muegano-teatro-y-zona-escena\\\/#breadcrumb\"},\"inLanguage\":\"fr-FR\",\"potentialAction\":[{\"@type\":\"ReadAction\",\"target\":[\"https:\\\/\\\/www.uartes.edu.ec\\\/sitio\\\/fr\\\/blog\\\/2024\\\/10\\\/17\\\/dos-obras-de-interpretes-creadores-uartes-llegan-a-dos-espacios-de-guayaquil-muegano-teatro-y-zona-escena\\\/\"]}]},{\"@type\":\"ImageObject\",\"inLanguage\":\"fr-FR\",\"@id\":\"https:\\\/\\\/www.uartes.edu.ec\\\/sitio\\\/fr\\\/blog\\\/2024\\\/10\\\/17\\\/dos-obras-de-interpretes-creadores-uartes-llegan-a-dos-espacios-de-guayaquil-muegano-teatro-y-zona-escena\\\/#primaryimage\",\"url\":\"https:\\\/\\\/www.uartes.edu.ec\\\/sitio\\\/wp-content\\\/uploads\\\/2024\\\/10\\\/03-GRADUADOS-ESTUDIANTES-DANZA-WEB-.jpg\",\"contentUrl\":\"https:\\\/\\\/www.uartes.edu.ec\\\/sitio\\\/wp-content\\\/uploads\\\/2024\\\/10\\\/03-GRADUADOS-ESTUDIANTES-DANZA-WEB-.jpg\",\"width\":2000,\"height\":1333},{\"@type\":\"BreadcrumbList\",\"@id\":\"https:\\\/\\\/www.uartes.edu.ec\\\/sitio\\\/fr\\\/blog\\\/2024\\\/10\\\/17\\\/dos-obras-de-interpretes-creadores-uartes-llegan-a-dos-espacios-de-guayaquil-muegano-teatro-y-zona-escena\\\/#breadcrumb\",\"itemListElement\":[{\"@type\":\"ListItem\",\"position\":1,\"name\":\"Inicio\",\"item\":\"https:\\\/\\\/www.uartes.edu.ec\\\/sitio\\\/\"},{\"@type\":\"ListItem\",\"position\":2,\"name\":\"Dos propuestas de actores e int\u00e9rpretes-creadores UArtes llegan a dos espacios de Guayaquil: Mu\u00e9gano Teatro y Zona Escena\"}]},{\"@type\":\"WebSite\",\"@id\":\"https:\\\/\\\/www.uartes.edu.ec\\\/sitio\\\/fr\\\/#website\",\"url\":\"https:\\\/\\\/www.uartes.edu.ec\\\/sitio\\\/fr\\\/\",\"name\":\"Universidad de las Artes\",\"description\":\"Sitio oficial de la Universidad Nacional de las Artes del Ecuador\",\"publisher\":{\"@id\":\"https:\\\/\\\/www.uartes.edu.ec\\\/sitio\\\/fr\\\/#organization\"},\"potentialAction\":[{\"@type\":\"SearchAction\",\"target\":{\"@type\":\"EntryPoint\",\"urlTemplate\":\"https:\\\/\\\/www.uartes.edu.ec\\\/sitio\\\/fr\\\/?s={search_term_string}\"},\"query-input\":{\"@type\":\"PropertyValueSpecification\",\"valueRequired\":true,\"valueName\":\"search_term_string\"}}],\"inLanguage\":\"fr-FR\"},{\"@type\":\"Organization\",\"@id\":\"https:\\\/\\\/www.uartes.edu.ec\\\/sitio\\\/fr\\\/#organization\",\"name\":\"Universidad de las Artes\",\"url\":\"https:\\\/\\\/www.uartes.edu.ec\\\/sitio\\\/fr\\\/\",\"logo\":{\"@type\":\"ImageObject\",\"inLanguage\":\"fr-FR\",\"@id\":\"https:\\\/\\\/www.uartes.edu.ec\\\/sitio\\\/fr\\\/#\\\/schema\\\/logo\\\/image\\\/\",\"url\":\"https:\\\/\\\/www.uartes.edu.ec\\\/sitio\\\/wp-content\\\/uploads\\\/2022\\\/07\\\/logo-ua-horizontal.png\",\"contentUrl\":\"https:\\\/\\\/www.uartes.edu.ec\\\/sitio\\\/wp-content\\\/uploads\\\/2022\\\/07\\\/logo-ua-horizontal.png\",\"width\":800,\"height\":276,\"caption\":\"Universidad de las Artes\"},\"image\":{\"@id\":\"https:\\\/\\\/www.uartes.edu.ec\\\/sitio\\\/fr\\\/#\\\/schema\\\/logo\\\/image\\\/\"},\"sameAs\":[\"https:\\\/\\\/www.facebook.com\\\/uartesec\",\"https:\\\/\\\/x.com\\\/uartesec\",\"https:\\\/\\\/www.tiktok.com\\\/@uartesec\"]},{\"@type\":\"Person\",\"@id\":\"https:\\\/\\\/www.uartes.edu.ec\\\/sitio\\\/fr\\\/#\\\/schema\\\/person\\\/efa1b8275797664fd7f13a79ccc0b1f4\",\"name\":\"ccortez\",\"image\":{\"@type\":\"ImageObject\",\"inLanguage\":\"fr-FR\",\"@id\":\"https:\\\/\\\/secure.gravatar.com\\\/avatar\\\/b2a6f664a3ae8e074346ef91775736c5ec479e637ecced6842de9dc98b5da9cd?s=96&d=mm&r=g\",\"url\":\"https:\\\/\\\/secure.gravatar.com\\\/avatar\\\/b2a6f664a3ae8e074346ef91775736c5ec479e637ecced6842de9dc98b5da9cd?s=96&d=mm&r=g\",\"contentUrl\":\"https:\\\/\\\/secure.gravatar.com\\\/avatar\\\/b2a6f664a3ae8e074346ef91775736c5ec479e637ecced6842de9dc98b5da9cd?s=96&d=mm&r=g\",\"caption\":\"ccortez\"},\"url\":\"https:\\\/\\\/www.uartes.edu.ec\\\/sitio\\\/fr\\\/blog\\\/author\\\/ccortez\\\/\"}]}<\/script>\n<!-- \/ Yoast SEO plugin. -->","yoast_head_json":{"title":"Universidad de las Artes - Dos propuestas de actores e int\u00e9rpretes-creadores UArtes llegan a dos espacios de Guayaquil: Mu\u00e9gano Teatro y Zona Escena","description":"Universidad de las Artes - Dos propuestas de actores e int\u00e9rpretes-creadores UArtes llegan a dos espacios de Guayaquil: Mu\u00e9gano Teatro y Zona Escena","robots":{"index":"index","follow":"follow","max-snippet":"max-snippet:-1","max-image-preview":"max-image-preview:large","max-video-preview":"max-video-preview:-1"},"canonical":"https:\/\/www.uartes.edu.ec\/sitio\/fr\/blog\/2024\/10\/17\/dos-obras-de-interpretes-creadores-uartes-llegan-a-dos-espacios-de-guayaquil-muegano-teatro-y-zona-escena\/","og_locale":"fr_FR","og_type":"article","og_title":"Universidad de las Artes - Dos propuestas de actores e int\u00e9rpretes-creadores UArtes llegan a dos espacios de Guayaquil: Mu\u00e9gano Teatro y Zona Escena","og_description":"Universidad de las Artes - Dos propuestas de actores e int\u00e9rpretes-creadores UArtes llegan a dos espacios de Guayaquil: Mu\u00e9gano Teatro y Zona Escena","og_url":"https:\/\/www.uartes.edu.ec\/sitio\/fr\/blog\/2024\/10\/17\/dos-obras-de-interpretes-creadores-uartes-llegan-a-dos-espacios-de-guayaquil-muegano-teatro-y-zona-escena\/","og_site_name":"Universidad de las Artes","article_publisher":"https:\/\/www.facebook.com\/uartesec","article_published_time":"2024-10-17T22:29:00+00:00","article_modified_time":"2024-10-21T15:58:54+00:00","og_image":[{"width":2000,"height":1333,"url":"https:\/\/www.uartes.edu.ec\/sitio\/wp-content\/uploads\/2024\/10\/03-GRADUADOS-ESTUDIANTES-DANZA-WEB-.jpg","type":"image\/jpeg"}],"author":"ccortez","twitter_card":"summary_large_image","twitter_creator":"@uartesec","twitter_site":"@uartesec","twitter_misc":{"\u00c9crit par":"ccortez","Dur\u00e9e de lecture estim\u00e9e":"3 minutes"},"schema":{"@context":"https:\/\/schema.org","@graph":[{"@type":"Article","@id":"https:\/\/www.uartes.edu.ec\/sitio\/fr\/blog\/2024\/10\/17\/dos-obras-de-interpretes-creadores-uartes-llegan-a-dos-espacios-de-guayaquil-muegano-teatro-y-zona-escena\/#article","isPartOf":{"@id":"https:\/\/www.uartes.edu.ec\/sitio\/fr\/blog\/2024\/10\/17\/dos-obras-de-interpretes-creadores-uartes-llegan-a-dos-espacios-de-guayaquil-muegano-teatro-y-zona-escena\/"},"author":{"name":"ccortez","@id":"https:\/\/www.uartes.edu.ec\/sitio\/fr\/#\/schema\/person\/efa1b8275797664fd7f13a79ccc0b1f4"},"headline":"Dos propuestas de actores e int\u00e9rpretes-creadores UArtes llegan a dos espacios de Guayaquil: Mu\u00e9gano Teatro y Zona Escena","datePublished":"2024-10-17T22:29:00+00:00","dateModified":"2024-10-21T15:58:54+00:00","mainEntityOfPage":{"@id":"https:\/\/www.uartes.edu.ec\/sitio\/fr\/blog\/2024\/10\/17\/dos-obras-de-interpretes-creadores-uartes-llegan-a-dos-espacios-de-guayaquil-muegano-teatro-y-zona-escena\/"},"wordCount":456,"commentCount":0,"publisher":{"@id":"https:\/\/www.uartes.edu.ec\/sitio\/fr\/#organization"},"image":{"@id":"https:\/\/www.uartes.edu.ec\/sitio\/fr\/blog\/2024\/10\/17\/dos-obras-de-interpretes-creadores-uartes-llegan-a-dos-espacios-de-guayaquil-muegano-teatro-y-zona-escena\/#primaryimage"},"thumbnailUrl":"https:\/\/www.uartes.edu.ec\/sitio\/wp-content\/uploads\/2024\/10\/03-GRADUADOS-ESTUDIANTES-DANZA-WEB-.jpg","keywords":["producciones"],"articleSection":["Alumni","Artes","Artes Esc\u00e9nicas","Estudiantes","Gesti\u00f3n","Sedes"],"inLanguage":"fr-FR","potentialAction":[{"@type":"CommentAction","name":"Comment","target":["https:\/\/www.uartes.edu.ec\/sitio\/fr\/blog\/2024\/10\/17\/dos-obras-de-interpretes-creadores-uartes-llegan-a-dos-espacios-de-guayaquil-muegano-teatro-y-zona-escena\/#respond"]}]},{"@type":["WebPage","ItemPage"],"@id":"https:\/\/www.uartes.edu.ec\/sitio\/fr\/blog\/2024\/10\/17\/dos-obras-de-interpretes-creadores-uartes-llegan-a-dos-espacios-de-guayaquil-muegano-teatro-y-zona-escena\/","url":"https:\/\/www.uartes.edu.ec\/sitio\/fr\/blog\/2024\/10\/17\/dos-obras-de-interpretes-creadores-uartes-llegan-a-dos-espacios-de-guayaquil-muegano-teatro-y-zona-escena\/","name":"Universidad de las Artes - Dos propuestas de actores e int\u00e9rpretes-creadores UArtes llegan a dos espacios de Guayaquil: Mu\u00e9gano Teatro y Zona Escena","isPartOf":{"@id":"https:\/\/www.uartes.edu.ec\/sitio\/fr\/#website"},"primaryImageOfPage":{"@id":"https:\/\/www.uartes.edu.ec\/sitio\/fr\/blog\/2024\/10\/17\/dos-obras-de-interpretes-creadores-uartes-llegan-a-dos-espacios-de-guayaquil-muegano-teatro-y-zona-escena\/#primaryimage"},"image":{"@id":"https:\/\/www.uartes.edu.ec\/sitio\/fr\/blog\/2024\/10\/17\/dos-obras-de-interpretes-creadores-uartes-llegan-a-dos-espacios-de-guayaquil-muegano-teatro-y-zona-escena\/#primaryimage"},"thumbnailUrl":"https:\/\/www.uartes.edu.ec\/sitio\/wp-content\/uploads\/2024\/10\/03-GRADUADOS-ESTUDIANTES-DANZA-WEB-.jpg","datePublished":"2024-10-17T22:29:00+00:00","dateModified":"2024-10-21T15:58:54+00:00","description":"Universidad de las Artes - Dos propuestas de actores e int\u00e9rpretes-creadores UArtes llegan a dos espacios de Guayaquil: Mu\u00e9gano Teatro y Zona Escena","breadcrumb":{"@id":"https:\/\/www.uartes.edu.ec\/sitio\/fr\/blog\/2024\/10\/17\/dos-obras-de-interpretes-creadores-uartes-llegan-a-dos-espacios-de-guayaquil-muegano-teatro-y-zona-escena\/#breadcrumb"},"inLanguage":"fr-FR","potentialAction":[{"@type":"ReadAction","target":["https:\/\/www.uartes.edu.ec\/sitio\/fr\/blog\/2024\/10\/17\/dos-obras-de-interpretes-creadores-uartes-llegan-a-dos-espacios-de-guayaquil-muegano-teatro-y-zona-escena\/"]}]},{"@type":"ImageObject","inLanguage":"fr-FR","@id":"https:\/\/www.uartes.edu.ec\/sitio\/fr\/blog\/2024\/10\/17\/dos-obras-de-interpretes-creadores-uartes-llegan-a-dos-espacios-de-guayaquil-muegano-teatro-y-zona-escena\/#primaryimage","url":"https:\/\/www.uartes.edu.ec\/sitio\/wp-content\/uploads\/2024\/10\/03-GRADUADOS-ESTUDIANTES-DANZA-WEB-.jpg","contentUrl":"https:\/\/www.uartes.edu.ec\/sitio\/wp-content\/uploads\/2024\/10\/03-GRADUADOS-ESTUDIANTES-DANZA-WEB-.jpg","width":2000,"height":1333},{"@type":"BreadcrumbList","@id":"https:\/\/www.uartes.edu.ec\/sitio\/fr\/blog\/2024\/10\/17\/dos-obras-de-interpretes-creadores-uartes-llegan-a-dos-espacios-de-guayaquil-muegano-teatro-y-zona-escena\/#breadcrumb","itemListElement":[{"@type":"ListItem","position":1,"name":"Inicio","item":"https:\/\/www.uartes.edu.ec\/sitio\/"},{"@type":"ListItem","position":2,"name":"Dos propuestas de actores e int\u00e9rpretes-creadores UArtes llegan a dos espacios de Guayaquil: Mu\u00e9gano Teatro y Zona Escena"}]},{"@type":"WebSite","@id":"https:\/\/www.uartes.edu.ec\/sitio\/fr\/#website","url":"https:\/\/www.uartes.edu.ec\/sitio\/fr\/","name":"Universidad de las Artes","description":"Sitio oficial de la Universidad Nacional de las Artes del Ecuador","publisher":{"@id":"https:\/\/www.uartes.edu.ec\/sitio\/fr\/#organization"},"potentialAction":[{"@type":"SearchAction","target":{"@type":"EntryPoint","urlTemplate":"https:\/\/www.uartes.edu.ec\/sitio\/fr\/?s={search_term_string}"},"query-input":{"@type":"PropertyValueSpecification","valueRequired":true,"valueName":"search_term_string"}}],"inLanguage":"fr-FR"},{"@type":"Organization","@id":"https:\/\/www.uartes.edu.ec\/sitio\/fr\/#organization","name":"Universidad de las Artes","url":"https:\/\/www.uartes.edu.ec\/sitio\/fr\/","logo":{"@type":"ImageObject","inLanguage":"fr-FR","@id":"https:\/\/www.uartes.edu.ec\/sitio\/fr\/#\/schema\/logo\/image\/","url":"https:\/\/www.uartes.edu.ec\/sitio\/wp-content\/uploads\/2022\/07\/logo-ua-horizontal.png","contentUrl":"https:\/\/www.uartes.edu.ec\/sitio\/wp-content\/uploads\/2022\/07\/logo-ua-horizontal.png","width":800,"height":276,"caption":"Universidad de las Artes"},"image":{"@id":"https:\/\/www.uartes.edu.ec\/sitio\/fr\/#\/schema\/logo\/image\/"},"sameAs":["https:\/\/www.facebook.com\/uartesec","https:\/\/x.com\/uartesec","https:\/\/www.tiktok.com\/@uartesec"]},{"@type":"Person","@id":"https:\/\/www.uartes.edu.ec\/sitio\/fr\/#\/schema\/person\/efa1b8275797664fd7f13a79ccc0b1f4","name":"ccortez","image":{"@type":"ImageObject","inLanguage":"fr-FR","@id":"https:\/\/secure.gravatar.com\/avatar\/b2a6f664a3ae8e074346ef91775736c5ec479e637ecced6842de9dc98b5da9cd?s=96&d=mm&r=g","url":"https:\/\/secure.gravatar.com\/avatar\/b2a6f664a3ae8e074346ef91775736c5ec479e637ecced6842de9dc98b5da9cd?s=96&d=mm&r=g","contentUrl":"https:\/\/secure.gravatar.com\/avatar\/b2a6f664a3ae8e074346ef91775736c5ec479e637ecced6842de9dc98b5da9cd?s=96&d=mm&r=g","caption":"ccortez"},"url":"https:\/\/www.uartes.edu.ec\/sitio\/fr\/blog\/author\/ccortez\/"}]}},"uagb_featured_image_src":{"full":["https:\/\/www.uartes.edu.ec\/sitio\/wp-content\/uploads\/2024\/10\/03-GRADUADOS-ESTUDIANTES-DANZA-WEB-.jpg",2000,1333,false],"thumbnail":["https:\/\/www.uartes.edu.ec\/sitio\/wp-content\/uploads\/2024\/10\/03-GRADUADOS-ESTUDIANTES-DANZA-WEB--150x150.jpg",150,150,true],"medium":["https:\/\/www.uartes.edu.ec\/sitio\/wp-content\/uploads\/2024\/10\/03-GRADUADOS-ESTUDIANTES-DANZA-WEB--300x200.jpg",300,200,true],"medium_large":["https:\/\/www.uartes.edu.ec\/sitio\/wp-content\/uploads\/2024\/10\/03-GRADUADOS-ESTUDIANTES-DANZA-WEB--768x512.jpg",768,512,true],"large":["https:\/\/www.uartes.edu.ec\/sitio\/wp-content\/uploads\/2024\/10\/03-GRADUADOS-ESTUDIANTES-DANZA-WEB--644x429.jpg",644,429,true],"1536x1536":["https:\/\/www.uartes.edu.ec\/sitio\/wp-content\/uploads\/2024\/10\/03-GRADUADOS-ESTUDIANTES-DANZA-WEB--1536x1024.jpg",1536,1024,true],"2048x2048":["https:\/\/www.uartes.edu.ec\/sitio\/wp-content\/uploads\/2024\/10\/03-GRADUADOS-ESTUDIANTES-DANZA-WEB-.jpg",2000,1333,false],"trp-custom-language-flag":["https:\/\/www.uartes.edu.ec\/sitio\/wp-content\/uploads\/2024\/10\/03-GRADUADOS-ESTUDIANTES-DANZA-WEB--18x12.jpg",18,12,true],"htmega_size_585x295":["https:\/\/www.uartes.edu.ec\/sitio\/wp-content\/uploads\/2024\/10\/03-GRADUADOS-ESTUDIANTES-DANZA-WEB--585x295.jpg",585,295,true],"htmega_size_1170x536":["https:\/\/www.uartes.edu.ec\/sitio\/wp-content\/uploads\/2024\/10\/03-GRADUADOS-ESTUDIANTES-DANZA-WEB--1170x536.jpg",1170,536,true],"htmega_size_396x360":["https:\/\/www.uartes.edu.ec\/sitio\/wp-content\/uploads\/2024\/10\/03-GRADUADOS-ESTUDIANTES-DANZA-WEB--396x360.jpg",396,360,true],"gb-block-post-grid-landscape":["https:\/\/www.uartes.edu.ec\/sitio\/wp-content\/uploads\/2024\/10\/03-GRADUADOS-ESTUDIANTES-DANZA-WEB--600x400.jpg",600,400,true],"gb-block-post-grid-square":["https:\/\/www.uartes.edu.ec\/sitio\/wp-content\/uploads\/2024\/10\/03-GRADUADOS-ESTUDIANTES-DANZA-WEB--600x600.jpg",600,600,true],"university-hub-thumb":["https:\/\/www.uartes.edu.ec\/sitio\/wp-content\/uploads\/2024\/10\/03-GRADUADOS-ESTUDIANTES-DANZA-WEB--400x267.jpg",400,267,true],"mailpoet_newsletter_max":["https:\/\/www.uartes.edu.ec\/sitio\/wp-content\/uploads\/2024\/10\/03-GRADUADOS-ESTUDIANTES-DANZA-WEB-.jpg",1320,880,false]},"uagb_author_info":{"display_name":"ccortez","author_link":"https:\/\/www.uartes.edu.ec\/sitio\/fr\/blog\/author\/ccortez\/"},"uagb_comment_info":0,"uagb_excerpt":"\u201cAtentamente, \u00bfnosotrxs?\u201d y \u201cAs\u00ed de Uno en Otro y de Otro en Otro\u201d se presentan en Espacio Mu\u00e9gano Teatro y Teatro Casa Zona Escena. Dos escenarios para dos propuestas de actores e int\u00e9rpretes-creadores que ya se graduaron, unos, y que estudian, otros, en Creaci\u00f3n Teatral y Danza de la Escuela de Artes Esc\u00e9nicas. Nos hacemos\u2026","featured_image_src":"https:\/\/www.uartes.edu.ec\/sitio\/wp-content\/uploads\/2024\/10\/03-GRADUADOS-ESTUDIANTES-DANZA-WEB--600x400.jpg","featured_image_src_square":"https:\/\/www.uartes.edu.ec\/sitio\/wp-content\/uploads\/2024\/10\/03-GRADUADOS-ESTUDIANTES-DANZA-WEB--600x600.jpg","author_info":{"display_name":"ccortez","author_link":"https:\/\/www.uartes.edu.ec\/sitio\/fr\/blog\/author\/ccortez\/"},"publishpress_future_workflow_manual_trigger":{"enabledWorkflows":[]},"distributor_meta":false,"distributor_terms":false,"distributor_media":false,"distributor_original_site_name":"Universidad de las Artes","distributor_original_site_url":"https:\/\/www.uartes.edu.ec\/sitio\/fr","push-errors":false,"_links":{"self":[{"href":"https:\/\/www.uartes.edu.ec\/sitio\/fr\/wp-json\/wp\/v2\/posts\/63084","targetHints":{"allow":["GET"]}}],"collection":[{"href":"https:\/\/www.uartes.edu.ec\/sitio\/fr\/wp-json\/wp\/v2\/posts"}],"about":[{"href":"https:\/\/www.uartes.edu.ec\/sitio\/fr\/wp-json\/wp\/v2\/types\/post"}],"author":[{"embeddable":true,"href":"https:\/\/www.uartes.edu.ec\/sitio\/fr\/wp-json\/wp\/v2\/users\/10"}],"replies":[{"embeddable":true,"href":"https:\/\/www.uartes.edu.ec\/sitio\/fr\/wp-json\/wp\/v2\/comments?post=63084"}],"version-history":[{"count":7,"href":"https:\/\/www.uartes.edu.ec\/sitio\/fr\/wp-json\/wp\/v2\/posts\/63084\/revisions"}],"predecessor-version":[{"id":63125,"href":"https:\/\/www.uartes.edu.ec\/sitio\/fr\/wp-json\/wp\/v2\/posts\/63084\/revisions\/63125"}],"wp:featuredmedia":[{"embeddable":true,"href":"https:\/\/www.uartes.edu.ec\/sitio\/fr\/wp-json\/wp\/v2\/media\/63112"}],"wp:attachment":[{"href":"https:\/\/www.uartes.edu.ec\/sitio\/fr\/wp-json\/wp\/v2\/media?parent=63084"}],"wp:term":[{"taxonomy":"category","embeddable":true,"href":"https:\/\/www.uartes.edu.ec\/sitio\/fr\/wp-json\/wp\/v2\/categories?post=63084"},{"taxonomy":"post_tag","embeddable":true,"href":"https:\/\/www.uartes.edu.ec\/sitio\/fr\/wp-json\/wp\/v2\/tags?post=63084"},{"taxonomy":"infouartes","embeddable":true,"href":"https:\/\/www.uartes.edu.ec\/sitio\/fr\/wp-json\/wp\/v2\/infouartes?post=63084"}],"curies":[{"name":"wp","href":"https:\/\/api.w.org\/{rel}","templated":true}]}}