{"id":63260,"date":"2024-10-22T16:39:26","date_gmt":"2024-10-22T21:39:26","guid":{"rendered":"https:\/\/www.uartes.edu.ec\/sitio\/?p=63260"},"modified":"2024-10-23T10:41:59","modified_gmt":"2024-10-23T15:41:59","slug":"entrega-de-certificados-de-obra-revelante-reconoce-el-quehacer-artistico-del-personal-academico-de-la-uartes","status":"publish","type":"post","link":"https:\/\/www.uartes.edu.ec\/sitio\/fr\/blog\/2024\/10\/22\/entrega-de-certificados-de-obra-revelante-reconoce-el-quehacer-artistico-del-personal-academico-de-la-uartes\/","title":{"rendered":"Con la entrega de los certificados de Obra Relevante, la UArtes reconoce el quehacer art\u00edstico de su personal acad\u00e9mico"},"content":{"rendered":"<p>En un acto solemne y a la vez emotivo, la Universidad de las Artes, a trav\u00e9s del Vicerrectorado de Posgrados e Investigaci\u00f3n en Artes (VPIA) y de la Direcci\u00f3n de Pol\u00edticas de Investigaci\u00f3n en Artes (DPIA), hizo la entrega a su personal acad\u00e9mico de los certificados de Obra Relevante en Artes del per\u00edodo 2023-2024.<\/p>\n\n\n\n<p>El evento, que se desarroll\u00f3 el viernes 18 de octubre en la terraza de la Biblioteca de las Artes, constituy\u00f3 una oportunidad valiosa para reconocer el trabajo art\u00edstico de los docentes UArtes y celebrar su compromiso con la investigaci\u00f3n-creaci\u00f3n en artes. El proceso de Obra Relevante se enmarca en el instructivo interno de producciones art\u00edsticas y valoraci\u00f3n de obras art\u00edsticas relevantes de la Universidad de las Artes, y en las pol\u00edticas de validaci\u00f3n de producciones acad\u00e9micas del Sistema de Educaci\u00f3n Superior.<\/p>\n\n\n\n<h3 class=\"wp-block-heading\">Est\u00edmulo a la investigaci\u00f3n y a la creaci\u00f3n<\/h3>\n\n\n\n<p>En su intervenci\u00f3n, nuestra vicerrectora de Posgrados e Investigaci\u00f3n en Artes, doctora Olga L\u00f3pez, se\u00f1al\u00f3 al reconocimiento como un est\u00edmulo a la investigaci\u00f3n y a la creaci\u00f3n, y reflexion\u00f3 en que tenemos que seguir pensando en ese trabajo que se materializa en una producci\u00f3n art\u00edstica y tiene un impacto a muchas escalas: docentes, universidad y acreditaci\u00f3n. No es solo reconocer, sino entender qui\u00e9nes est\u00e1n produciendo creaci\u00f3n art\u00edstica y c\u00f3mo eso va a impactar el pa\u00eds, dijo.<\/p>\n\n\n<div class=\"wp-block-image\">\n<figure class=\"aligncenter size-large\"><img fetchpriority=\"high\" decoding=\"async\" width=\"644\" height=\"429\" src=\"https:\/\/www.uartes.edu.ec\/sitio\/wp-content\/uploads\/2024\/10\/05-WEB-OBRA-RELEVANTE-ENTREGA-CERTIFICADOS-644x429.jpg\" alt=\"\" class=\"wp-image-63265\" srcset=\"https:\/\/www.uartes.edu.ec\/sitio\/wp-content\/uploads\/2024\/10\/05-WEB-OBRA-RELEVANTE-ENTREGA-CERTIFICADOS-644x429.jpg 644w, https:\/\/www.uartes.edu.ec\/sitio\/wp-content\/uploads\/2024\/10\/05-WEB-OBRA-RELEVANTE-ENTREGA-CERTIFICADOS-300x200.jpg 300w, https:\/\/www.uartes.edu.ec\/sitio\/wp-content\/uploads\/2024\/10\/05-WEB-OBRA-RELEVANTE-ENTREGA-CERTIFICADOS-768x512.jpg 768w, https:\/\/www.uartes.edu.ec\/sitio\/wp-content\/uploads\/2024\/10\/05-WEB-OBRA-RELEVANTE-ENTREGA-CERTIFICADOS-1536x1024.jpg 1536w, https:\/\/www.uartes.edu.ec\/sitio\/wp-content\/uploads\/2024\/10\/05-WEB-OBRA-RELEVANTE-ENTREGA-CERTIFICADOS-18x12.jpg 18w, https:\/\/www.uartes.edu.ec\/sitio\/wp-content\/uploads\/2024\/10\/05-WEB-OBRA-RELEVANTE-ENTREGA-CERTIFICADOS-600x400.jpg 600w, https:\/\/www.uartes.edu.ec\/sitio\/wp-content\/uploads\/2024\/10\/05-WEB-OBRA-RELEVANTE-ENTREGA-CERTIFICADOS-400x267.jpg 400w, https:\/\/www.uartes.edu.ec\/sitio\/wp-content\/uploads\/2024\/10\/05-WEB-OBRA-RELEVANTE-ENTREGA-CERTIFICADOS-272x182.jpg 272w, https:\/\/www.uartes.edu.ec\/sitio\/wp-content\/uploads\/2024\/10\/05-WEB-OBRA-RELEVANTE-ENTREGA-CERTIFICADOS.jpg 2000w\" sizes=\"(max-width: 644px) 100vw, 644px\" \/><figcaption class=\"wp-element-caption\">Doctores Bradley Hilgert, vicerrector; Olga L\u00f3pez, vicerrectora; y William Herrera, rector de la UArtes.<\/figcaption><\/figure>\n<\/div>\n\n\n<figure class=\"wp-block-gallery has-nested-images columns-default is-cropped wp-block-gallery-1 is-layout-flex wp-block-gallery-is-layout-flex\">\n<figure class=\"wp-block-image size-large\"><img decoding=\"async\" width=\"644\" height=\"429\" data-id=\"63279\" src=\"https:\/\/www.uartes.edu.ec\/sitio\/wp-content\/uploads\/2024\/10\/04-WEB-OBRA-RELEVANTE-ENTREGA-CERTIFICADOS-644x429.jpg\" alt=\"\" class=\"wp-image-63279\" srcset=\"https:\/\/www.uartes.edu.ec\/sitio\/wp-content\/uploads\/2024\/10\/04-WEB-OBRA-RELEVANTE-ENTREGA-CERTIFICADOS-644x429.jpg 644w, https:\/\/www.uartes.edu.ec\/sitio\/wp-content\/uploads\/2024\/10\/04-WEB-OBRA-RELEVANTE-ENTREGA-CERTIFICADOS-300x200.jpg 300w, https:\/\/www.uartes.edu.ec\/sitio\/wp-content\/uploads\/2024\/10\/04-WEB-OBRA-RELEVANTE-ENTREGA-CERTIFICADOS-768x512.jpg 768w, https:\/\/www.uartes.edu.ec\/sitio\/wp-content\/uploads\/2024\/10\/04-WEB-OBRA-RELEVANTE-ENTREGA-CERTIFICADOS-1536x1024.jpg 1536w, https:\/\/www.uartes.edu.ec\/sitio\/wp-content\/uploads\/2024\/10\/04-WEB-OBRA-RELEVANTE-ENTREGA-CERTIFICADOS-18x12.jpg 18w, https:\/\/www.uartes.edu.ec\/sitio\/wp-content\/uploads\/2024\/10\/04-WEB-OBRA-RELEVANTE-ENTREGA-CERTIFICADOS-600x400.jpg 600w, https:\/\/www.uartes.edu.ec\/sitio\/wp-content\/uploads\/2024\/10\/04-WEB-OBRA-RELEVANTE-ENTREGA-CERTIFICADOS-400x267.jpg 400w, https:\/\/www.uartes.edu.ec\/sitio\/wp-content\/uploads\/2024\/10\/04-WEB-OBRA-RELEVANTE-ENTREGA-CERTIFICADOS-272x182.jpg 272w, https:\/\/www.uartes.edu.ec\/sitio\/wp-content\/uploads\/2024\/10\/04-WEB-OBRA-RELEVANTE-ENTREGA-CERTIFICADOS.jpg 2000w\" sizes=\"(max-width: 644px) 100vw, 644px\" \/><figcaption class=\"wp-element-caption\">Doctora Olga L\u00f3pez, vicerrectora UArtes.<\/figcaption><\/figure>\n\n\n\n<figure class=\"wp-block-image size-large\"><img decoding=\"async\" width=\"644\" height=\"429\" data-id=\"63280\" src=\"https:\/\/www.uartes.edu.ec\/sitio\/wp-content\/uploads\/2024\/10\/18-WEB-OBRA-RELEVANTE-ENTREGA-CERTIFICADOS-644x429.jpg\" alt=\"\" class=\"wp-image-63280\" srcset=\"https:\/\/www.uartes.edu.ec\/sitio\/wp-content\/uploads\/2024\/10\/18-WEB-OBRA-RELEVANTE-ENTREGA-CERTIFICADOS-644x429.jpg 644w, https:\/\/www.uartes.edu.ec\/sitio\/wp-content\/uploads\/2024\/10\/18-WEB-OBRA-RELEVANTE-ENTREGA-CERTIFICADOS-300x200.jpg 300w, https:\/\/www.uartes.edu.ec\/sitio\/wp-content\/uploads\/2024\/10\/18-WEB-OBRA-RELEVANTE-ENTREGA-CERTIFICADOS-768x512.jpg 768w, https:\/\/www.uartes.edu.ec\/sitio\/wp-content\/uploads\/2024\/10\/18-WEB-OBRA-RELEVANTE-ENTREGA-CERTIFICADOS-1536x1024.jpg 1536w, https:\/\/www.uartes.edu.ec\/sitio\/wp-content\/uploads\/2024\/10\/18-WEB-OBRA-RELEVANTE-ENTREGA-CERTIFICADOS-18x12.jpg 18w, https:\/\/www.uartes.edu.ec\/sitio\/wp-content\/uploads\/2024\/10\/18-WEB-OBRA-RELEVANTE-ENTREGA-CERTIFICADOS-600x400.jpg 600w, https:\/\/www.uartes.edu.ec\/sitio\/wp-content\/uploads\/2024\/10\/18-WEB-OBRA-RELEVANTE-ENTREGA-CERTIFICADOS-400x267.jpg 400w, https:\/\/www.uartes.edu.ec\/sitio\/wp-content\/uploads\/2024\/10\/18-WEB-OBRA-RELEVANTE-ENTREGA-CERTIFICADOS-272x182.jpg 272w, https:\/\/www.uartes.edu.ec\/sitio\/wp-content\/uploads\/2024\/10\/18-WEB-OBRA-RELEVANTE-ENTREGA-CERTIFICADOS.jpg 2000w\" sizes=\"(max-width: 644px) 100vw, 644px\" \/><figcaption class=\"wp-element-caption\">Yulianela P\u00e9rez, directora de la DPIA.<\/figcaption><\/figure>\n<\/figure>\n\n\n\n<p>La doctora L\u00f3pez coment\u00f3 que el evento la llev\u00f3 a pensar en la idea del cuidado y su significado. \u201cPara m\u00ed muchas cosas. El cuidado de hacer un proceso acad\u00e9mico bien hecho y una investigaci\u00f3n acad\u00e9mica con rigor. El cuidado de hacer una valoraci\u00f3n y tener todas las precauciones para que no haya conflictos de intereses. El cuidado de un equipo administrativo y acad\u00e9mico que al final lleva el proceso y logra que estos certificados se entreguen\u201d.<\/p>\n\n\n\n<p>El cuidado hace que la vida, el mundo y las relaciones afectivas existan, sostuvo. \u201cQuiero abrigar este evento en relaci\u00f3n al cuidado de un proceso realizado, tanto de ustedes como de la universidad. Agradezco a todos los que se postularon y que el proceso se haya llevado desde el equipo de la Direcci\u00f3n de Pol\u00edticas de Investigaci\u00f3n en Artes y desde los evaluadores\u201d.<\/p>\n\n\n\n<h3 class=\"wp-block-heading\">Agradecer dota de valor lo que recibimos<\/h3>\n\n\n\n<p>La directora de Pol\u00edticas de Investigaci\u00f3n en Artes, doctora Yulianela P\u00e9rez, adelant\u00f3 que interven\u00eda para agradecer a todos los involucrados en el proceso de Obra Relevante. \u201cDe adolescente en Cuba crec\u00ed con la lectura de una novela que atesoro con especial afecto: \u2018Coraz\u00f3n\u2019, del escritor italiano Edmundo de Amicis. Entre muchos mensajes, cargados de sentido human\u00edstico, la gratitud es un eje que atraviesa todo el cuerpo narrativo como el hilo invisible que une nuestros corazones y nos conecta con todo lo que nos rodea\u201d.<\/p>\n\n\n\n<p>Sus palabras estaban dirigidas a esa importante acci\u00f3n que dota de valor lo que recibimos. \u201cUn proceso tan grande como la evaluaci\u00f3n de las producciones art\u00edsticas de nuestro claustro docente y su valoraci\u00f3n como obras relevantes en artes no ser\u00eda posible sin un estrecho tejido de voluntades\u201d, precis\u00f3 y agradeci\u00f3 a los docentes que conformaron el comit\u00e9 interno de validaci\u00f3n, cuyos an\u00e1lisis, debates y reflexiones llevaron a t\u00e9rmino la primera fase. Entre ellos, Cecilia Velasco, Jorge Flores, Lorena Delgado, Jorge Tigrero, Arsenio Cadena, Miguel Aill\u00f3n, Mar\u00eda Dolores Ortiz, Roberto Moscoso, Javier Izquierdo, Pilar Gavilanes, Luis P\u00e9rez, Natalia Marcos, Lupe \u00c1lvarez, Rusl\u00e1n Torres, Xavier Pati\u00f1o y Luis Miguel Cajiao\u201d.<\/p>\n\n\n<div class=\"wp-block-image\">\n<figure class=\"aligncenter size-large\"><img loading=\"lazy\" decoding=\"async\" width=\"644\" height=\"429\" src=\"https:\/\/www.uartes.edu.ec\/sitio\/wp-content\/uploads\/2024\/10\/03-WEB-OBRA-RELEVANTE-ENTREGA-CERTIFICADOS-644x429.jpg\" alt=\"\" class=\"wp-image-63269\" srcset=\"https:\/\/www.uartes.edu.ec\/sitio\/wp-content\/uploads\/2024\/10\/03-WEB-OBRA-RELEVANTE-ENTREGA-CERTIFICADOS-644x429.jpg 644w, https:\/\/www.uartes.edu.ec\/sitio\/wp-content\/uploads\/2024\/10\/03-WEB-OBRA-RELEVANTE-ENTREGA-CERTIFICADOS-300x200.jpg 300w, https:\/\/www.uartes.edu.ec\/sitio\/wp-content\/uploads\/2024\/10\/03-WEB-OBRA-RELEVANTE-ENTREGA-CERTIFICADOS-768x512.jpg 768w, https:\/\/www.uartes.edu.ec\/sitio\/wp-content\/uploads\/2024\/10\/03-WEB-OBRA-RELEVANTE-ENTREGA-CERTIFICADOS-1536x1024.jpg 1536w, https:\/\/www.uartes.edu.ec\/sitio\/wp-content\/uploads\/2024\/10\/03-WEB-OBRA-RELEVANTE-ENTREGA-CERTIFICADOS-18x12.jpg 18w, https:\/\/www.uartes.edu.ec\/sitio\/wp-content\/uploads\/2024\/10\/03-WEB-OBRA-RELEVANTE-ENTREGA-CERTIFICADOS-600x400.jpg 600w, https:\/\/www.uartes.edu.ec\/sitio\/wp-content\/uploads\/2024\/10\/03-WEB-OBRA-RELEVANTE-ENTREGA-CERTIFICADOS-400x267.jpg 400w, https:\/\/www.uartes.edu.ec\/sitio\/wp-content\/uploads\/2024\/10\/03-WEB-OBRA-RELEVANTE-ENTREGA-CERTIFICADOS-272x182.jpg 272w, https:\/\/www.uartes.edu.ec\/sitio\/wp-content\/uploads\/2024\/10\/03-WEB-OBRA-RELEVANTE-ENTREGA-CERTIFICADOS.jpg 2000w\" sizes=\"(max-width: 644px) 100vw, 644px\" \/><figcaption class=\"wp-element-caption\">Intervenci\u00f3n musical de Joan Vance (izq.), Jenny Villafuerte y Antonio Cepeda, artistas y docentes UArtes.<\/figcaption><\/figure>\n<\/div>\n\n\n<p>En esta misma l\u00ednea, P\u00e9rez agradeci\u00f3 a los docentes UArtes delegados a integrar la Comisi\u00f3n Interinstitucional en Artes: Leslie Gonz\u00e1lez, Manuel Sarmiento, Christian Masabanda, Tatiana Ugalde, Roberto Ram\u00edrez, Fernando Montenegro, Bernarda Ubidia, Andrey Astaiza, Saidel Brito y Xavier Pati\u00f1o. \u201cTambi\u00e9n a los docentes externos en quienes nos apoyamos para llevar a buen t\u00e9rmino este proceso: Geovanny Narv\u00e1ez, Christian Hidalgo, Mar\u00eda Sol Rosero, Cristina Marchan, Juan Carlos Astudillo, Iv\u00e1n Rodrigo, Alexis Zapata, V\u00edctor Gonz\u00e1lez, Billy Soto y Alonso Veloz. Todos ellos tuvieron en sus hombros la dif\u00edcil tarea revisar con minuciosidad las evidencias, r\u00fabricas, argumentos y valorar las producciones art\u00edsticas que se postularon\u201d.<\/p>\n\n\n\n<p>P\u00e9rez hizo un detallado reconocimiento al trabajo y esfuerzos del personal administrativo de la UArtes y agradeci\u00f3 a los equipos de la DPIA, de Procesos y Calidad, de la Secretar\u00eda Administrativa y de TICs; de las direcciones de Normativa y Asesor\u00eda Jur\u00eddica, de Talento Humano, de Comunicaci\u00f3n y de Planificaci\u00f3n; de Producci\u00f3n del MZ14 Centro de Producci\u00f3n e Innovaci\u00f3n y de la Escuela de Artes Sonoras. Agradeci\u00f3 a Bienes y Mantenimiento, a la Escuela de Posgrados y a la EP, a las m\u00e1ximas autoridades UArtes por su confianza y a la Biblioteca de las Artes, que acogi\u00f3 el momento de celebraci\u00f3n en sus instalaciones.<\/p>\n\n\n\n<p>Hubo tambi\u00e9n agradecimientos para los docentes Rub\u00e9n Riera, maestro de ceremonias del acto; y Joanne Vance y To\u00f1o Cepeda, quienes brindaron interpretaciones musicales. \u201cMe uno a las felicitaciones hechas a todas y todos los docentes, cuyas producciones creativas han sido hoy validadas como Obra Relevante en Artes\u201d, concluy\u00f3 P\u00e9rez.<\/p>\n\n\n\n<h3 class=\"wp-block-heading\">Artes Literarias y Artes Esc\u00e9nicas<\/h3>\n\n\n\n<p>Seguidamente, nuestro rector, doctor William Herrera, entreg\u00f3 los certificados de obras relevantes a los docentes en el campo de Artes Literarias y de Artes Esc\u00e9nicas.<\/p>\n\n\n\n<figure class=\"wp-block-gallery has-nested-images columns-default is-cropped wp-block-gallery-2 is-layout-flex wp-block-gallery-is-layout-flex\">\n<figure class=\"wp-block-image size-large\"><img loading=\"lazy\" decoding=\"async\" width=\"644\" height=\"429\" data-id=\"63266\" src=\"https:\/\/www.uartes.edu.ec\/sitio\/wp-content\/uploads\/2024\/10\/07-WEB-OBRA-RELEVANTE-ENTREGA-CERTIFICADOS-644x429.jpg\" alt=\"\" class=\"wp-image-63266\" srcset=\"https:\/\/www.uartes.edu.ec\/sitio\/wp-content\/uploads\/2024\/10\/07-WEB-OBRA-RELEVANTE-ENTREGA-CERTIFICADOS-644x429.jpg 644w, https:\/\/www.uartes.edu.ec\/sitio\/wp-content\/uploads\/2024\/10\/07-WEB-OBRA-RELEVANTE-ENTREGA-CERTIFICADOS-300x200.jpg 300w, https:\/\/www.uartes.edu.ec\/sitio\/wp-content\/uploads\/2024\/10\/07-WEB-OBRA-RELEVANTE-ENTREGA-CERTIFICADOS-768x512.jpg 768w, https:\/\/www.uartes.edu.ec\/sitio\/wp-content\/uploads\/2024\/10\/07-WEB-OBRA-RELEVANTE-ENTREGA-CERTIFICADOS-1536x1024.jpg 1536w, https:\/\/www.uartes.edu.ec\/sitio\/wp-content\/uploads\/2024\/10\/07-WEB-OBRA-RELEVANTE-ENTREGA-CERTIFICADOS-18x12.jpg 18w, https:\/\/www.uartes.edu.ec\/sitio\/wp-content\/uploads\/2024\/10\/07-WEB-OBRA-RELEVANTE-ENTREGA-CERTIFICADOS-600x400.jpg 600w, https:\/\/www.uartes.edu.ec\/sitio\/wp-content\/uploads\/2024\/10\/07-WEB-OBRA-RELEVANTE-ENTREGA-CERTIFICADOS-400x267.jpg 400w, https:\/\/www.uartes.edu.ec\/sitio\/wp-content\/uploads\/2024\/10\/07-WEB-OBRA-RELEVANTE-ENTREGA-CERTIFICADOS-272x182.jpg 272w, https:\/\/www.uartes.edu.ec\/sitio\/wp-content\/uploads\/2024\/10\/07-WEB-OBRA-RELEVANTE-ENTREGA-CERTIFICADOS.jpg 2000w\" sizes=\"(max-width: 644px) 100vw, 644px\" \/><figcaption class=\"wp-element-caption\">Mar\u00eda de Pilar Gavilanes con el rector William Herrera.<\/figcaption><\/figure>\n\n\n\n<figure class=\"wp-block-image size-large\"><img loading=\"lazy\" decoding=\"async\" width=\"644\" height=\"429\" data-id=\"63267\" src=\"https:\/\/www.uartes.edu.ec\/sitio\/wp-content\/uploads\/2024\/10\/06-WEB-OBRA-RELEVANTE-ENTREGA-CERTIFICADOS-644x429.jpg\" alt=\"\" class=\"wp-image-63267\" srcset=\"https:\/\/www.uartes.edu.ec\/sitio\/wp-content\/uploads\/2024\/10\/06-WEB-OBRA-RELEVANTE-ENTREGA-CERTIFICADOS-644x429.jpg 644w, https:\/\/www.uartes.edu.ec\/sitio\/wp-content\/uploads\/2024\/10\/06-WEB-OBRA-RELEVANTE-ENTREGA-CERTIFICADOS-300x200.jpg 300w, https:\/\/www.uartes.edu.ec\/sitio\/wp-content\/uploads\/2024\/10\/06-WEB-OBRA-RELEVANTE-ENTREGA-CERTIFICADOS-768x512.jpg 768w, https:\/\/www.uartes.edu.ec\/sitio\/wp-content\/uploads\/2024\/10\/06-WEB-OBRA-RELEVANTE-ENTREGA-CERTIFICADOS-1536x1024.jpg 1536w, https:\/\/www.uartes.edu.ec\/sitio\/wp-content\/uploads\/2024\/10\/06-WEB-OBRA-RELEVANTE-ENTREGA-CERTIFICADOS-18x12.jpg 18w, https:\/\/www.uartes.edu.ec\/sitio\/wp-content\/uploads\/2024\/10\/06-WEB-OBRA-RELEVANTE-ENTREGA-CERTIFICADOS-600x400.jpg 600w, https:\/\/www.uartes.edu.ec\/sitio\/wp-content\/uploads\/2024\/10\/06-WEB-OBRA-RELEVANTE-ENTREGA-CERTIFICADOS-400x267.jpg 400w, https:\/\/www.uartes.edu.ec\/sitio\/wp-content\/uploads\/2024\/10\/06-WEB-OBRA-RELEVANTE-ENTREGA-CERTIFICADOS-272x182.jpg 272w, https:\/\/www.uartes.edu.ec\/sitio\/wp-content\/uploads\/2024\/10\/06-WEB-OBRA-RELEVANTE-ENTREGA-CERTIFICADOS.jpg 2000w\" sizes=\"(max-width: 644px) 100vw, 644px\" \/><figcaption class=\"wp-element-caption\">Andr\u00e9s Land\u00e1zuri (izq.) y rector William Herrera.<\/figcaption><\/figure>\n<\/figure>\n\n\n\n<p><\/p>\n\n\n\n<p>De Artes Literarias: Solange Rodr\u00edguez, por \u201cDe un mundo raro\u201d y \u201cLa primera vez que vi un fantasma\u201d; Siomara Espa\u00f1a, por \u201cCuerpo presente\u201d; Mar\u00eda del Pilar Gavilanes, por \u201cViernes\/00\u201d; Cecilia Velasco, por \u201cPerlita Tropical y otros cuentos\u201d, \u201cHostal para mariposas\u201d y \u201cTony\u201d; Andr\u00e9s Land\u00e1zuri, por \u201cDiario de piedras\u201d; Mar\u00eda Dolores Ortiz, por \u201cCuerpo siam\u00e9s\u201d; Leslie Daniela Gonz\u00e1lez, por \u201cPrimer borrador: Cr\u00f3nicas\u201d; Roberto Ram\u00edrez, por \u201cNo somos tu clase de gente\u201d, \u201cEvangelio del detective formidable\u201d y \u201cTamia, el universo\u201d.<\/p>\n\n\n\n<p>De Artes Esc\u00e9nicas: An\u00edbal P\u00e1ez y Marcelo Leyton, por \u201cCeleste\u201d; Mar\u00eda Dolores Ortiz, por \u201cTazas rosas de t\u00e9\u201d; Mar\u00eda Grecia Alb\u00e1n, por \u201cTemporada de mosquitos\u201d; Jos\u00e9 Juli\u00e1n Mart\u00ednez, por \u201cLa casa de Bernarda Alba\u201d, \u201cLa soledad de los mu\u00f1ecos inflables\u201d y \u201cLa casa del perro\u201d, est\u00e1 \u00faltima en colaboraci\u00f3n con Benjam\u00edn Cort\u00e9s; y Sof\u00eda Mera, Roberto Moscoso, Diego Uyana, Cindy Cantos y MC Clure Foster, por \u201cFocus\u201d.<\/p>\n\n\n\n<p>Lorena Delgado obtuvo certificaci\u00f3n de Obra Relevante por \u201cCom\u00fan vac\u00edo\u201d y junto a Sof\u00eda Mera, Cindy Cantos, MC Clure Foster y Aracelly S\u00e1nchez, por \u201cUbicaciones Transitorias\u201d. Elizabeth Medina, por \u201cPuertas al laberinto\u201d. Juan Jos\u00e9 Ripalda, por \u201cLas Albas\u201d y \u201cAmarillo\u201d, y en trabajo conjunto con Benjam\u00edn Cort\u00e9s, Vanessa Guam\u00e1n y Paula Gonz\u00e1lez, por \u201cCosta Pac\u00edfico\u201d. Rafael Santi Le\u00f3n por \u201cSue\u00f1o Rush\u201d y con Lorena Toro por \u201cPop Art Porn\u201d y \u201cArchivo Romero en un r\u00edo\u201d.<\/p>\n\n\n\n<figure class=\"wp-block-gallery has-nested-images columns-default is-cropped wp-block-gallery-3 is-layout-flex wp-block-gallery-is-layout-flex\">\n<figure class=\"wp-block-image size-large\"><img loading=\"lazy\" decoding=\"async\" width=\"644\" height=\"429\" data-id=\"63268\" src=\"https:\/\/www.uartes.edu.ec\/sitio\/wp-content\/uploads\/2024\/10\/17-WEB-OBRA-RELEVANTE-ENTREGA-CERTIFICADOS-644x429.jpg\" alt=\"\" class=\"wp-image-63268\" srcset=\"https:\/\/www.uartes.edu.ec\/sitio\/wp-content\/uploads\/2024\/10\/17-WEB-OBRA-RELEVANTE-ENTREGA-CERTIFICADOS-644x429.jpg 644w, https:\/\/www.uartes.edu.ec\/sitio\/wp-content\/uploads\/2024\/10\/17-WEB-OBRA-RELEVANTE-ENTREGA-CERTIFICADOS-300x200.jpg 300w, https:\/\/www.uartes.edu.ec\/sitio\/wp-content\/uploads\/2024\/10\/17-WEB-OBRA-RELEVANTE-ENTREGA-CERTIFICADOS-768x512.jpg 768w, https:\/\/www.uartes.edu.ec\/sitio\/wp-content\/uploads\/2024\/10\/17-WEB-OBRA-RELEVANTE-ENTREGA-CERTIFICADOS-1536x1024.jpg 1536w, https:\/\/www.uartes.edu.ec\/sitio\/wp-content\/uploads\/2024\/10\/17-WEB-OBRA-RELEVANTE-ENTREGA-CERTIFICADOS-18x12.jpg 18w, https:\/\/www.uartes.edu.ec\/sitio\/wp-content\/uploads\/2024\/10\/17-WEB-OBRA-RELEVANTE-ENTREGA-CERTIFICADOS-600x400.jpg 600w, https:\/\/www.uartes.edu.ec\/sitio\/wp-content\/uploads\/2024\/10\/17-WEB-OBRA-RELEVANTE-ENTREGA-CERTIFICADOS-400x267.jpg 400w, https:\/\/www.uartes.edu.ec\/sitio\/wp-content\/uploads\/2024\/10\/17-WEB-OBRA-RELEVANTE-ENTREGA-CERTIFICADOS-272x182.jpg 272w, https:\/\/www.uartes.edu.ec\/sitio\/wp-content\/uploads\/2024\/10\/17-WEB-OBRA-RELEVANTE-ENTREGA-CERTIFICADOS.jpg 2000w\" sizes=\"(max-width: 644px) 100vw, 644px\" \/><figcaption class=\"wp-element-caption\">Eduardo Santi, Lorena Delgado, Elizabeth Medina, Sof\u00eda Mera, Carolina Pepper y Marcelo Leyton, docentes UArtes.<\/figcaption><\/figure>\n<\/figure>\n\n\n\n<h3 class=\"wp-block-heading\">Arts Musicaux et Sonores<\/h3>\n\n\n\n<p>La vicerrectora de Posgrados e Investigaci\u00f3n en Artes, Olga L\u00f3pez, hizo la entrega de los certificados de Obra Relevante en el campo de Artes Musicales y Sonoras a los docentes: Luis P\u00e9rez-Valero, por \u201cYacare\u201d, \u201cCuadernos de Buenos Aires\u201d y \u201cGgye Pandemic\u201d; Mar\u00eda Grecia Alb\u00e1n, por \u201cMamahuaco\u201d; Diego Uyana, por \u201cBig Band Suite\u201d, \u201cInvocaci\u00f3n\u201d y \u201cBonsoir Stephanie (pasillos para piano)\u201d; Adina Izarra, Meining Cheung, \u00c1ngela Arboleda, Carolina Pepper, Rub\u00e9n Riera y Pedro Segovia Gonz\u00e1lez, por \u201cCuentos de Posorha\u201d.<\/p>\n\n\n\n<p>Igualmente, en un trabajo colectivo e interdisciplinar fueron certificados Adina Izarra, Meining Cheung, Carolina Pepper y Rub\u00e9n Riera, por \u201cGerminar, verbo intransitivo (video)\u201d.<\/p>\n\n\n\n<p>Izarra y Riera, por \u201cGuinguiringongo, para guitarra, electr\u00f3nicos y visuales\u201d. Izarra tambi\u00e9n recibi\u00f3 la certificaci\u00f3n Obra Relevante por \u201cNo me pidan atender a tantas voces\u201d, \u201cRitmos de vuelo\u201d y \u201cBow\u201d. Antonio Cepeda, por \u201cSin muertos no hay carnaval\u201d y \u201cWe are Gal\u00e1pagos\u201d. Jenny Villafuerte, por \u201cDesintox\u00edcame\u201d. Joanne Vance, por \u201cFosforecer\u201d. Andrey Astaiza, por \u201cChonta madre\u201d. Y Fredy Vallejos, por \u201cAproximaciones para una geograf\u00eda num\u00e9rica\u201d, \u201cFragments\u201d y \u201cP.A.R.T.S.\u201d.<\/p>\n\n\n\n<p>De su disco \u201cFosforecer\u201d, Joanne Vance brind\u00f3 una presentaci\u00f3n, acompa\u00f1ada por Antonio Cepeda. Los temas que interpret\u00f3 fueron \u201cCaiga quien caiga\u201d y \u201cLejos\u201d, dos de los ocho que integran la producci\u00f3n de rock\/pop alternativo y jazz.<\/p>\n\n\n<div class=\"wp-block-image\">\n<figure class=\"aligncenter size-large\"><img loading=\"lazy\" decoding=\"async\" width=\"644\" height=\"429\" src=\"https:\/\/www.uartes.edu.ec\/sitio\/wp-content\/uploads\/2024\/10\/15-WEB-OBRA-RELEVANTE-ENTREGA-CERTIFICADOS-644x429.jpg\" alt=\"\" class=\"wp-image-63274\" srcset=\"https:\/\/www.uartes.edu.ec\/sitio\/wp-content\/uploads\/2024\/10\/15-WEB-OBRA-RELEVANTE-ENTREGA-CERTIFICADOS-644x429.jpg 644w, https:\/\/www.uartes.edu.ec\/sitio\/wp-content\/uploads\/2024\/10\/15-WEB-OBRA-RELEVANTE-ENTREGA-CERTIFICADOS-300x200.jpg 300w, https:\/\/www.uartes.edu.ec\/sitio\/wp-content\/uploads\/2024\/10\/15-WEB-OBRA-RELEVANTE-ENTREGA-CERTIFICADOS-768x512.jpg 768w, https:\/\/www.uartes.edu.ec\/sitio\/wp-content\/uploads\/2024\/10\/15-WEB-OBRA-RELEVANTE-ENTREGA-CERTIFICADOS-1536x1024.jpg 1536w, https:\/\/www.uartes.edu.ec\/sitio\/wp-content\/uploads\/2024\/10\/15-WEB-OBRA-RELEVANTE-ENTREGA-CERTIFICADOS-18x12.jpg 18w, https:\/\/www.uartes.edu.ec\/sitio\/wp-content\/uploads\/2024\/10\/15-WEB-OBRA-RELEVANTE-ENTREGA-CERTIFICADOS-600x400.jpg 600w, https:\/\/www.uartes.edu.ec\/sitio\/wp-content\/uploads\/2024\/10\/15-WEB-OBRA-RELEVANTE-ENTREGA-CERTIFICADOS-400x267.jpg 400w, https:\/\/www.uartes.edu.ec\/sitio\/wp-content\/uploads\/2024\/10\/15-WEB-OBRA-RELEVANTE-ENTREGA-CERTIFICADOS-272x182.jpg 272w, https:\/\/www.uartes.edu.ec\/sitio\/wp-content\/uploads\/2024\/10\/15-WEB-OBRA-RELEVANTE-ENTREGA-CERTIFICADOS.jpg 2000w\" sizes=\"(max-width: 644px) 100vw, 644px\" \/><figcaption class=\"wp-element-caption\">Docentes Pedro Segovia (izq.), Adina Izarra, Carolina Pepper y Rub\u00e9n Riera.<\/figcaption><\/figure>\n<\/div>\n\n\n<h3 class=\"wp-block-heading\">Artes Audiovisuales y Cinematogr\u00e1ficas<\/h3>\n\n\n\n<p>Al vicerrector acad\u00e9mico, doctor Bradley Hilgert, le correspondi\u00f3 hacer la entrega de los certificados de Obra Relevante a los docentes en el campo de las Artes Audiovisuales y Cinematogr\u00e1ficas: Javier Izquierdo, por \u201cCr\u00edmenes del futuro\u201d, \u201cBarajas\u201d y \u201cPanam\u00e1\u201d; Carlos Ter\u00e1n, por \u201cVac\u00edo\u201d; Javier Andrade, por \u201cLo invisible\u201d y \u201c52 segundos documental\u201d; Jorge Flores, por \u201cFire\u201d; y Mar\u00eda Isabel Carrasco, por \u201cGafas amarillas\u201d.<\/p>\n\n\n\n<p>Tambi\u00e9n a Leslie Daniela Gonz\u00e1lez y Raimy Morales, por \u201cNi s\u00ed, ni no\u201d. Gonz\u00e1lez tambi\u00e9n recibi\u00f3 reconocimiento por \u201cHermanos\u201d, \u201cComo pez fuera del agua\u201d y \u201cDulce espera\u201d, est\u00e1 \u00faltima producci\u00f3n trabajada en conjunto con Morales, Mar\u00eda Dolores Ortiz, y Fredy Vallejos.<\/p>\n\n\n\n<p>La directora de Pol\u00edticas de Investigaci\u00f3n en Artes, Yulianela P\u00e9rez, entreg\u00f3 los certificados en el campo de las Artes Visuales a los docentes: Saidel Brito, por \u201cHabeas Corpus # 16\u201d, \u201cEl Hermano Pueblo III (Monta\u00f1a de Cabeza Blanca)\u201d, \u201cJulio de mil ochocientos veinte y uno (a Sim\u00f3n)\u201d, \u201cMayo de mil ochocientos veinte y tres # 1 (a Sim\u00f3n)\u201d, \u201cFlorencia (Matar\u00f3)\u201d, \u201cSeptiembre de mil novecientos diez y ocho # 2 (a Barradas)\u201d, \u201cEl hermano pueblo VI (Viva)\u201d, \u201cEl hermano pueblo IV\u201d, \u201cLluvia que ciega los cristales\u201d, \u201cLos tejados de siempre y el Sol nublado de las seis\u201d, \u201cMayo de mil ochocientos veinte y tres # 4 (a Sim\u00f3n)\u201d y \u201cQue la multitud conviva\u201d.<\/p>\n\n\n\n<figure class=\"wp-block-gallery has-nested-images columns-default is-cropped wp-block-gallery-4 is-layout-flex wp-block-gallery-is-layout-flex\">\n<figure class=\"wp-block-image size-large\"><img loading=\"lazy\" decoding=\"async\" width=\"644\" height=\"429\" data-id=\"63271\" src=\"https:\/\/www.uartes.edu.ec\/sitio\/wp-content\/uploads\/2024\/10\/13-WEB-OBRA-RELEVANTE-ENTREGA-CERTIFICADOS-644x429.jpg\" alt=\"\" class=\"wp-image-63271\" srcset=\"https:\/\/www.uartes.edu.ec\/sitio\/wp-content\/uploads\/2024\/10\/13-WEB-OBRA-RELEVANTE-ENTREGA-CERTIFICADOS-644x429.jpg 644w, https:\/\/www.uartes.edu.ec\/sitio\/wp-content\/uploads\/2024\/10\/13-WEB-OBRA-RELEVANTE-ENTREGA-CERTIFICADOS-300x200.jpg 300w, https:\/\/www.uartes.edu.ec\/sitio\/wp-content\/uploads\/2024\/10\/13-WEB-OBRA-RELEVANTE-ENTREGA-CERTIFICADOS-768x512.jpg 768w, https:\/\/www.uartes.edu.ec\/sitio\/wp-content\/uploads\/2024\/10\/13-WEB-OBRA-RELEVANTE-ENTREGA-CERTIFICADOS-1536x1024.jpg 1536w, https:\/\/www.uartes.edu.ec\/sitio\/wp-content\/uploads\/2024\/10\/13-WEB-OBRA-RELEVANTE-ENTREGA-CERTIFICADOS-18x12.jpg 18w, https:\/\/www.uartes.edu.ec\/sitio\/wp-content\/uploads\/2024\/10\/13-WEB-OBRA-RELEVANTE-ENTREGA-CERTIFICADOS-600x400.jpg 600w, https:\/\/www.uartes.edu.ec\/sitio\/wp-content\/uploads\/2024\/10\/13-WEB-OBRA-RELEVANTE-ENTREGA-CERTIFICADOS-400x267.jpg 400w, https:\/\/www.uartes.edu.ec\/sitio\/wp-content\/uploads\/2024\/10\/13-WEB-OBRA-RELEVANTE-ENTREGA-CERTIFICADOS-272x182.jpg 272w, https:\/\/www.uartes.edu.ec\/sitio\/wp-content\/uploads\/2024\/10\/13-WEB-OBRA-RELEVANTE-ENTREGA-CERTIFICADOS.jpg 2000w\" sizes=\"(max-width: 644px) 100vw, 644px\" \/><figcaption class=\"wp-element-caption\">Saidel Brito y Yulianela P\u00e9rez, directora de la DPIA. <\/figcaption><\/figure>\n\n\n\n<figure class=\"wp-block-image size-large\"><img loading=\"lazy\" decoding=\"async\" width=\"644\" height=\"429\" data-id=\"63272\" src=\"https:\/\/www.uartes.edu.ec\/sitio\/wp-content\/uploads\/2024\/10\/12-WEB-OBRA-RELEVANTE-ENTREGA-CERTIFICADOS-644x429.jpg\" alt=\"\" class=\"wp-image-63272\" srcset=\"https:\/\/www.uartes.edu.ec\/sitio\/wp-content\/uploads\/2024\/10\/12-WEB-OBRA-RELEVANTE-ENTREGA-CERTIFICADOS-644x429.jpg 644w, https:\/\/www.uartes.edu.ec\/sitio\/wp-content\/uploads\/2024\/10\/12-WEB-OBRA-RELEVANTE-ENTREGA-CERTIFICADOS-300x200.jpg 300w, https:\/\/www.uartes.edu.ec\/sitio\/wp-content\/uploads\/2024\/10\/12-WEB-OBRA-RELEVANTE-ENTREGA-CERTIFICADOS-768x512.jpg 768w, https:\/\/www.uartes.edu.ec\/sitio\/wp-content\/uploads\/2024\/10\/12-WEB-OBRA-RELEVANTE-ENTREGA-CERTIFICADOS-1536x1024.jpg 1536w, https:\/\/www.uartes.edu.ec\/sitio\/wp-content\/uploads\/2024\/10\/12-WEB-OBRA-RELEVANTE-ENTREGA-CERTIFICADOS-18x12.jpg 18w, https:\/\/www.uartes.edu.ec\/sitio\/wp-content\/uploads\/2024\/10\/12-WEB-OBRA-RELEVANTE-ENTREGA-CERTIFICADOS-600x400.jpg 600w, https:\/\/www.uartes.edu.ec\/sitio\/wp-content\/uploads\/2024\/10\/12-WEB-OBRA-RELEVANTE-ENTREGA-CERTIFICADOS-400x267.jpg 400w, https:\/\/www.uartes.edu.ec\/sitio\/wp-content\/uploads\/2024\/10\/12-WEB-OBRA-RELEVANTE-ENTREGA-CERTIFICADOS-272x182.jpg 272w, https:\/\/www.uartes.edu.ec\/sitio\/wp-content\/uploads\/2024\/10\/12-WEB-OBRA-RELEVANTE-ENTREGA-CERTIFICADOS.jpg 2000w\" sizes=\"(max-width: 644px) 100vw, 644px\" \/><figcaption class=\"wp-element-caption\">Carlos Ter\u00e1n y Bradley Hilgert, vicerrector acad\u00e9mico.<\/figcaption><\/figure>\n<\/figure>\n\n\n\n<p><\/p>\n\n\n\n<p>Ilich Castillo, por \u201cArchivo, piedra &amp; hacha\u201d, \u201cRelativos\u201d, \u201cConductual\u201d y \u201cSerie set\u201d. Julio Rusl\u00e1n, por \u201cEcro 00008 Vanessa F. Guasch\/Serie momentos cognitivos (Ecro)\u201d, \u201cEcro 00022 Abel Barreto\/Serie momentos cognitivos (Ecro)\u201d y \u201cDe la serie estudio del comportamiento 2019\u201d. Cristian Villavicencio, por \u201cSelecciones\u201d, \u201cSilbato\u201d, \u201cTecnolog\u00edas de la experiencia (v\u00eddeo)\u201d, \u201cResonar\/excavar\u201d, \u201cEspejo sonoro\u201d, \u201cJard\u00edn\u201d, \u201cEspec\u00edmenes\u201d, \u201cMegatherium\u201d y \u201cFlowing Cartography\u201d. Y Jos\u00e9 Antonio Andrade, por \u201cFlood\u201d.<\/p>\n\n\n\n<p>Mar\u00eda Gabriela Fabre, por la serie de Mobiliario para el consuelo: \u201cMueble para Mariana; \u201cHombro\u201d; \u201cMueble para no bajar la mirada\u201d; \u201cMueble para pensar\u201d; \u201cMueble para buscar lagartijas (dise\u00f1o interior para observar alima\u00f1as)\u201d. Juan Carlos Fern\u00e1ndez, por \u201cCamuflaje\u201d. Juan Caguana Reino, por \u201cClean\u201d, \u201cBruma y Resplandor. Y Michelle Ulloa Land\u00edvar, por \u201c(2017 \/ 2021), Guayaquil\/Huntsville\u201d.<\/p>\n\n\n\n<p>La ceremonia de entrega de los certificados de Obra Relevante concluy\u00f3 con una segunda presentaci\u00f3n de Joanne Vance y Antonio Cepeda; con ellos tambi\u00e9n intervino Jenny Villafuerte. Los temas interpretados fueron: \u201cAsfalto y papel\u201d, \u201cAl agua\u201d y \u201cPerra inofensiva\u201d.<\/p>","protected":false},"excerpt":{"rendered":"<p>En un acto solemne y emotivo, la UArtes, a trav\u00e9s del Vicerrectorado de Posgrados e Investigaci\u00f3n en Artes y de la Direcci\u00f3n de Pol\u00edticas de Investigaci\u00f3n en Artes, hizo la entrega a su personal acad\u00e9mico de los certificados de Obra Relevante en Artes 2023-2024. El evento constituy\u00f3 una oportunidad valiosa para reconocer el trabajo art\u00edstico de los docentes UArtes y celebrar su compromiso con la investigaci\u00f3n-creaci\u00f3n.<\/p>","protected":false},"author":10,"featured_media":63261,"comment_status":"open","ping_status":"open","sticky":false,"template":"","format":"standard","meta":{"_acf_changed":false,"_uag_custom_page_level_css":"","_monsterinsights_skip_tracking":false,"_monsterinsights_sitenote_active":false,"_monsterinsights_sitenote_note":"","_monsterinsights_sitenote_category":0,"cybocfi_hide_featured_image":"","footnotes":""},"categories":[80,159,150,157,147,75,77,284,175,83],"tags":[871],"infouartes":[1288],"class_list":["post-63260","post","type-post","status-publish","format-standard","has-post-thumbnail","hentry","category-academico","category-artes-escenicas","category-artes-sonoras","category-artes-visuales","category-cine","category-docentes","category-gestion","category-investigacion","category-literatura","category-sedes","tag-reconocimientos","infouartes-produccion-artistica"],"acf":[],"yoast_head":"<!-- This site is optimized with the Yoast SEO plugin v27.4 - https:\/\/yoast.com\/product\/yoast-seo-wordpress\/ -->\n<title>Universidad de las Artes - Con la entrega de los certificados de Obra Relevante, la UArtes reconoce el quehacer art\u00edstico de su personal acad\u00e9mico<\/title>\n<meta name=\"description\" content=\"Universidad de las Artes - Con la entrega de los certificados de Obra Relevante, la UArtes reconoce el quehacer art\u00edstico de su personal acad\u00e9mico\" \/>\n<meta name=\"robots\" content=\"index, follow, max-snippet:-1, max-image-preview:large, max-video-preview:-1\" \/>\n<link rel=\"canonical\" href=\"https:\/\/www.uartes.edu.ec\/sitio\/fr\/blog\/2024\/10\/22\/entrega-de-certificados-de-obra-revelante-reconoce-el-quehacer-artistico-del-personal-academico-de-la-uartes\/\" \/>\n<meta property=\"og:locale\" content=\"fr_FR\" \/>\n<meta property=\"og:type\" content=\"article\" \/>\n<meta property=\"og:title\" content=\"Universidad de las Artes - Con la entrega de los certificados de Obra Relevante, la UArtes reconoce el quehacer art\u00edstico de su personal acad\u00e9mico\" \/>\n<meta property=\"og:description\" content=\"Universidad de las Artes - Con la entrega de los certificados de Obra Relevante, la UArtes reconoce el quehacer art\u00edstico de su personal acad\u00e9mico\" \/>\n<meta property=\"og:url\" content=\"https:\/\/www.uartes.edu.ec\/sitio\/fr\/blog\/2024\/10\/22\/entrega-de-certificados-de-obra-revelante-reconoce-el-quehacer-artistico-del-personal-academico-de-la-uartes\/\" \/>\n<meta property=\"og:site_name\" content=\"Universidad de las Artes\" \/>\n<meta property=\"article:publisher\" content=\"https:\/\/www.facebook.com\/uartesec\" \/>\n<meta property=\"article:published_time\" content=\"2024-10-22T21:39:26+00:00\" \/>\n<meta property=\"article:modified_time\" content=\"2024-10-23T15:41:59+00:00\" \/>\n<meta property=\"og:image\" content=\"https:\/\/www.uartes.edu.ec\/sitio\/wp-content\/uploads\/2024\/10\/01-WEB-OBRA-RELEVANTE-ENTREGA-CERTIFICADOS.jpg\" \/>\n\t<meta property=\"og:image:width\" content=\"2000\" \/>\n\t<meta property=\"og:image:height\" content=\"1333\" \/>\n\t<meta property=\"og:image:type\" content=\"image\/jpeg\" \/>\n<meta name=\"author\" content=\"ccortez\" \/>\n<meta name=\"twitter:card\" content=\"summary_large_image\" \/>\n<meta name=\"twitter:creator\" content=\"@uartesec\" \/>\n<meta name=\"twitter:site\" content=\"@uartesec\" \/>\n<meta name=\"twitter:label1\" content=\"\u00c9crit par\" \/>\n\t<meta name=\"twitter:data1\" content=\"ccortez\" \/>\n\t<meta name=\"twitter:label2\" content=\"Dur\u00e9e de lecture estim\u00e9e\" \/>\n\t<meta name=\"twitter:data2\" content=\"11 minutes\" \/>\n<script type=\"application\/ld+json\" class=\"yoast-schema-graph\">{\"@context\":\"https:\\\/\\\/schema.org\",\"@graph\":[{\"@type\":\"Article\",\"@id\":\"https:\\\/\\\/www.uartes.edu.ec\\\/sitio\\\/fr\\\/blog\\\/2024\\\/10\\\/22\\\/entrega-de-certificados-de-obra-revelante-reconoce-el-quehacer-artistico-del-personal-academico-de-la-uartes\\\/#article\",\"isPartOf\":{\"@id\":\"https:\\\/\\\/www.uartes.edu.ec\\\/sitio\\\/fr\\\/blog\\\/2024\\\/10\\\/22\\\/entrega-de-certificados-de-obra-revelante-reconoce-el-quehacer-artistico-del-personal-academico-de-la-uartes\\\/\"},\"author\":{\"name\":\"ccortez\",\"@id\":\"https:\\\/\\\/www.uartes.edu.ec\\\/sitio\\\/fr\\\/#\\\/schema\\\/person\\\/efa1b8275797664fd7f13a79ccc0b1f4\"},\"headline\":\"Con la entrega de los certificados de Obra Relevante, la UArtes reconoce el quehacer art\u00edstico de su personal acad\u00e9mico\",\"datePublished\":\"2024-10-22T21:39:26+00:00\",\"dateModified\":\"2024-10-23T15:41:59+00:00\",\"mainEntityOfPage\":{\"@id\":\"https:\\\/\\\/www.uartes.edu.ec\\\/sitio\\\/fr\\\/blog\\\/2024\\\/10\\\/22\\\/entrega-de-certificados-de-obra-revelante-reconoce-el-quehacer-artistico-del-personal-academico-de-la-uartes\\\/\"},\"wordCount\":1955,\"commentCount\":0,\"publisher\":{\"@id\":\"https:\\\/\\\/www.uartes.edu.ec\\\/sitio\\\/fr\\\/#organization\"},\"image\":{\"@id\":\"https:\\\/\\\/www.uartes.edu.ec\\\/sitio\\\/fr\\\/blog\\\/2024\\\/10\\\/22\\\/entrega-de-certificados-de-obra-revelante-reconoce-el-quehacer-artistico-del-personal-academico-de-la-uartes\\\/#primaryimage\"},\"thumbnailUrl\":\"https:\\\/\\\/www.uartes.edu.ec\\\/sitio\\\/wp-content\\\/uploads\\\/2024\\\/10\\\/01-WEB-OBRA-RELEVANTE-ENTREGA-CERTIFICADOS.jpg\",\"keywords\":[\"reconocimientos\"],\"articleSection\":[\"Acad\u00e9mico\",\"Artes Esc\u00e9nicas\",\"Artes Sonoras\",\"Artes Visuales\",\"Cine\",\"Docentes\",\"Gesti\u00f3n\",\"Investigaci\u00f3n\",\"Literatura\",\"Sedes\"],\"inLanguage\":\"fr-FR\",\"potentialAction\":[{\"@type\":\"CommentAction\",\"name\":\"Comment\",\"target\":[\"https:\\\/\\\/www.uartes.edu.ec\\\/sitio\\\/fr\\\/blog\\\/2024\\\/10\\\/22\\\/entrega-de-certificados-de-obra-revelante-reconoce-el-quehacer-artistico-del-personal-academico-de-la-uartes\\\/#respond\"]}]},{\"@type\":[\"WebPage\",\"ItemPage\"],\"@id\":\"https:\\\/\\\/www.uartes.edu.ec\\\/sitio\\\/fr\\\/blog\\\/2024\\\/10\\\/22\\\/entrega-de-certificados-de-obra-revelante-reconoce-el-quehacer-artistico-del-personal-academico-de-la-uartes\\\/\",\"url\":\"https:\\\/\\\/www.uartes.edu.ec\\\/sitio\\\/fr\\\/blog\\\/2024\\\/10\\\/22\\\/entrega-de-certificados-de-obra-revelante-reconoce-el-quehacer-artistico-del-personal-academico-de-la-uartes\\\/\",\"name\":\"Universidad de las Artes - Con la entrega de los certificados de Obra Relevante, la UArtes reconoce el quehacer art\u00edstico de su personal acad\u00e9mico\",\"isPartOf\":{\"@id\":\"https:\\\/\\\/www.uartes.edu.ec\\\/sitio\\\/fr\\\/#website\"},\"primaryImageOfPage\":{\"@id\":\"https:\\\/\\\/www.uartes.edu.ec\\\/sitio\\\/fr\\\/blog\\\/2024\\\/10\\\/22\\\/entrega-de-certificados-de-obra-revelante-reconoce-el-quehacer-artistico-del-personal-academico-de-la-uartes\\\/#primaryimage\"},\"image\":{\"@id\":\"https:\\\/\\\/www.uartes.edu.ec\\\/sitio\\\/fr\\\/blog\\\/2024\\\/10\\\/22\\\/entrega-de-certificados-de-obra-revelante-reconoce-el-quehacer-artistico-del-personal-academico-de-la-uartes\\\/#primaryimage\"},\"thumbnailUrl\":\"https:\\\/\\\/www.uartes.edu.ec\\\/sitio\\\/wp-content\\\/uploads\\\/2024\\\/10\\\/01-WEB-OBRA-RELEVANTE-ENTREGA-CERTIFICADOS.jpg\",\"datePublished\":\"2024-10-22T21:39:26+00:00\",\"dateModified\":\"2024-10-23T15:41:59+00:00\",\"description\":\"Universidad de las Artes - Con la entrega de los certificados de Obra Relevante, la UArtes reconoce el quehacer art\u00edstico de su personal acad\u00e9mico\",\"breadcrumb\":{\"@id\":\"https:\\\/\\\/www.uartes.edu.ec\\\/sitio\\\/fr\\\/blog\\\/2024\\\/10\\\/22\\\/entrega-de-certificados-de-obra-revelante-reconoce-el-quehacer-artistico-del-personal-academico-de-la-uartes\\\/#breadcrumb\"},\"inLanguage\":\"fr-FR\",\"potentialAction\":[{\"@type\":\"ReadAction\",\"target\":[\"https:\\\/\\\/www.uartes.edu.ec\\\/sitio\\\/fr\\\/blog\\\/2024\\\/10\\\/22\\\/entrega-de-certificados-de-obra-revelante-reconoce-el-quehacer-artistico-del-personal-academico-de-la-uartes\\\/\"]}]},{\"@type\":\"ImageObject\",\"inLanguage\":\"fr-FR\",\"@id\":\"https:\\\/\\\/www.uartes.edu.ec\\\/sitio\\\/fr\\\/blog\\\/2024\\\/10\\\/22\\\/entrega-de-certificados-de-obra-revelante-reconoce-el-quehacer-artistico-del-personal-academico-de-la-uartes\\\/#primaryimage\",\"url\":\"https:\\\/\\\/www.uartes.edu.ec\\\/sitio\\\/wp-content\\\/uploads\\\/2024\\\/10\\\/01-WEB-OBRA-RELEVANTE-ENTREGA-CERTIFICADOS.jpg\",\"contentUrl\":\"https:\\\/\\\/www.uartes.edu.ec\\\/sitio\\\/wp-content\\\/uploads\\\/2024\\\/10\\\/01-WEB-OBRA-RELEVANTE-ENTREGA-CERTIFICADOS.jpg\",\"width\":2000,\"height\":1333},{\"@type\":\"BreadcrumbList\",\"@id\":\"https:\\\/\\\/www.uartes.edu.ec\\\/sitio\\\/fr\\\/blog\\\/2024\\\/10\\\/22\\\/entrega-de-certificados-de-obra-revelante-reconoce-el-quehacer-artistico-del-personal-academico-de-la-uartes\\\/#breadcrumb\",\"itemListElement\":[{\"@type\":\"ListItem\",\"position\":1,\"name\":\"Inicio\",\"item\":\"https:\\\/\\\/www.uartes.edu.ec\\\/sitio\\\/\"},{\"@type\":\"ListItem\",\"position\":2,\"name\":\"Con la entrega de los certificados de Obra Relevante, la UArtes reconoce el quehacer art\u00edstico de su personal acad\u00e9mico\"}]},{\"@type\":\"WebSite\",\"@id\":\"https:\\\/\\\/www.uartes.edu.ec\\\/sitio\\\/fr\\\/#website\",\"url\":\"https:\\\/\\\/www.uartes.edu.ec\\\/sitio\\\/fr\\\/\",\"name\":\"Universidad de las Artes\",\"description\":\"Sitio oficial de la Universidad Nacional de las Artes del Ecuador\",\"publisher\":{\"@id\":\"https:\\\/\\\/www.uartes.edu.ec\\\/sitio\\\/fr\\\/#organization\"},\"potentialAction\":[{\"@type\":\"SearchAction\",\"target\":{\"@type\":\"EntryPoint\",\"urlTemplate\":\"https:\\\/\\\/www.uartes.edu.ec\\\/sitio\\\/fr\\\/?s={search_term_string}\"},\"query-input\":{\"@type\":\"PropertyValueSpecification\",\"valueRequired\":true,\"valueName\":\"search_term_string\"}}],\"inLanguage\":\"fr-FR\"},{\"@type\":\"Organization\",\"@id\":\"https:\\\/\\\/www.uartes.edu.ec\\\/sitio\\\/fr\\\/#organization\",\"name\":\"Universidad de las Artes\",\"url\":\"https:\\\/\\\/www.uartes.edu.ec\\\/sitio\\\/fr\\\/\",\"logo\":{\"@type\":\"ImageObject\",\"inLanguage\":\"fr-FR\",\"@id\":\"https:\\\/\\\/www.uartes.edu.ec\\\/sitio\\\/fr\\\/#\\\/schema\\\/logo\\\/image\\\/\",\"url\":\"https:\\\/\\\/www.uartes.edu.ec\\\/sitio\\\/wp-content\\\/uploads\\\/2022\\\/07\\\/logo-ua-horizontal.png\",\"contentUrl\":\"https:\\\/\\\/www.uartes.edu.ec\\\/sitio\\\/wp-content\\\/uploads\\\/2022\\\/07\\\/logo-ua-horizontal.png\",\"width\":800,\"height\":276,\"caption\":\"Universidad de las Artes\"},\"image\":{\"@id\":\"https:\\\/\\\/www.uartes.edu.ec\\\/sitio\\\/fr\\\/#\\\/schema\\\/logo\\\/image\\\/\"},\"sameAs\":[\"https:\\\/\\\/www.facebook.com\\\/uartesec\",\"https:\\\/\\\/x.com\\\/uartesec\",\"https:\\\/\\\/www.tiktok.com\\\/@uartesec\"]},{\"@type\":\"Person\",\"@id\":\"https:\\\/\\\/www.uartes.edu.ec\\\/sitio\\\/fr\\\/#\\\/schema\\\/person\\\/efa1b8275797664fd7f13a79ccc0b1f4\",\"name\":\"ccortez\",\"image\":{\"@type\":\"ImageObject\",\"inLanguage\":\"fr-FR\",\"@id\":\"https:\\\/\\\/secure.gravatar.com\\\/avatar\\\/b2a6f664a3ae8e074346ef91775736c5ec479e637ecced6842de9dc98b5da9cd?s=96&d=mm&r=g\",\"url\":\"https:\\\/\\\/secure.gravatar.com\\\/avatar\\\/b2a6f664a3ae8e074346ef91775736c5ec479e637ecced6842de9dc98b5da9cd?s=96&d=mm&r=g\",\"contentUrl\":\"https:\\\/\\\/secure.gravatar.com\\\/avatar\\\/b2a6f664a3ae8e074346ef91775736c5ec479e637ecced6842de9dc98b5da9cd?s=96&d=mm&r=g\",\"caption\":\"ccortez\"},\"url\":\"https:\\\/\\\/www.uartes.edu.ec\\\/sitio\\\/fr\\\/blog\\\/author\\\/ccortez\\\/\"}]}<\/script>\n<!-- \/ Yoast SEO plugin. -->","yoast_head_json":{"title":"Universidad de las Artes - Con la entrega de los certificados de Obra Relevante, la UArtes reconoce el quehacer art\u00edstico de su personal acad\u00e9mico","description":"Universidad de las Artes - Con la entrega de los certificados de Obra Relevante, la UArtes reconoce el quehacer art\u00edstico de su personal acad\u00e9mico","robots":{"index":"index","follow":"follow","max-snippet":"max-snippet:-1","max-image-preview":"max-image-preview:large","max-video-preview":"max-video-preview:-1"},"canonical":"https:\/\/www.uartes.edu.ec\/sitio\/fr\/blog\/2024\/10\/22\/entrega-de-certificados-de-obra-revelante-reconoce-el-quehacer-artistico-del-personal-academico-de-la-uartes\/","og_locale":"fr_FR","og_type":"article","og_title":"Universidad de las Artes - Con la entrega de los certificados de Obra Relevante, la UArtes reconoce el quehacer art\u00edstico de su personal acad\u00e9mico","og_description":"Universidad de las Artes - Con la entrega de los certificados de Obra Relevante, la UArtes reconoce el quehacer art\u00edstico de su personal acad\u00e9mico","og_url":"https:\/\/www.uartes.edu.ec\/sitio\/fr\/blog\/2024\/10\/22\/entrega-de-certificados-de-obra-revelante-reconoce-el-quehacer-artistico-del-personal-academico-de-la-uartes\/","og_site_name":"Universidad de las Artes","article_publisher":"https:\/\/www.facebook.com\/uartesec","article_published_time":"2024-10-22T21:39:26+00:00","article_modified_time":"2024-10-23T15:41:59+00:00","og_image":[{"width":2000,"height":1333,"url":"https:\/\/www.uartes.edu.ec\/sitio\/wp-content\/uploads\/2024\/10\/01-WEB-OBRA-RELEVANTE-ENTREGA-CERTIFICADOS.jpg","type":"image\/jpeg"}],"author":"ccortez","twitter_card":"summary_large_image","twitter_creator":"@uartesec","twitter_site":"@uartesec","twitter_misc":{"\u00c9crit par":"ccortez","Dur\u00e9e de lecture estim\u00e9e":"11 minutes"},"schema":{"@context":"https:\/\/schema.org","@graph":[{"@type":"Article","@id":"https:\/\/www.uartes.edu.ec\/sitio\/fr\/blog\/2024\/10\/22\/entrega-de-certificados-de-obra-revelante-reconoce-el-quehacer-artistico-del-personal-academico-de-la-uartes\/#article","isPartOf":{"@id":"https:\/\/www.uartes.edu.ec\/sitio\/fr\/blog\/2024\/10\/22\/entrega-de-certificados-de-obra-revelante-reconoce-el-quehacer-artistico-del-personal-academico-de-la-uartes\/"},"author":{"name":"ccortez","@id":"https:\/\/www.uartes.edu.ec\/sitio\/fr\/#\/schema\/person\/efa1b8275797664fd7f13a79ccc0b1f4"},"headline":"Con la entrega de los certificados de Obra Relevante, la UArtes reconoce el quehacer art\u00edstico de su personal acad\u00e9mico","datePublished":"2024-10-22T21:39:26+00:00","dateModified":"2024-10-23T15:41:59+00:00","mainEntityOfPage":{"@id":"https:\/\/www.uartes.edu.ec\/sitio\/fr\/blog\/2024\/10\/22\/entrega-de-certificados-de-obra-revelante-reconoce-el-quehacer-artistico-del-personal-academico-de-la-uartes\/"},"wordCount":1955,"commentCount":0,"publisher":{"@id":"https:\/\/www.uartes.edu.ec\/sitio\/fr\/#organization"},"image":{"@id":"https:\/\/www.uartes.edu.ec\/sitio\/fr\/blog\/2024\/10\/22\/entrega-de-certificados-de-obra-revelante-reconoce-el-quehacer-artistico-del-personal-academico-de-la-uartes\/#primaryimage"},"thumbnailUrl":"https:\/\/www.uartes.edu.ec\/sitio\/wp-content\/uploads\/2024\/10\/01-WEB-OBRA-RELEVANTE-ENTREGA-CERTIFICADOS.jpg","keywords":["reconocimientos"],"articleSection":["Acad\u00e9mico","Artes Esc\u00e9nicas","Artes Sonoras","Artes Visuales","Cine","Docentes","Gesti\u00f3n","Investigaci\u00f3n","Literatura","Sedes"],"inLanguage":"fr-FR","potentialAction":[{"@type":"CommentAction","name":"Comment","target":["https:\/\/www.uartes.edu.ec\/sitio\/fr\/blog\/2024\/10\/22\/entrega-de-certificados-de-obra-revelante-reconoce-el-quehacer-artistico-del-personal-academico-de-la-uartes\/#respond"]}]},{"@type":["WebPage","ItemPage"],"@id":"https:\/\/www.uartes.edu.ec\/sitio\/fr\/blog\/2024\/10\/22\/entrega-de-certificados-de-obra-revelante-reconoce-el-quehacer-artistico-del-personal-academico-de-la-uartes\/","url":"https:\/\/www.uartes.edu.ec\/sitio\/fr\/blog\/2024\/10\/22\/entrega-de-certificados-de-obra-revelante-reconoce-el-quehacer-artistico-del-personal-academico-de-la-uartes\/","name":"Universidad de las Artes - Con la entrega de los certificados de Obra Relevante, la UArtes reconoce el quehacer art\u00edstico de su personal acad\u00e9mico","isPartOf":{"@id":"https:\/\/www.uartes.edu.ec\/sitio\/fr\/#website"},"primaryImageOfPage":{"@id":"https:\/\/www.uartes.edu.ec\/sitio\/fr\/blog\/2024\/10\/22\/entrega-de-certificados-de-obra-revelante-reconoce-el-quehacer-artistico-del-personal-academico-de-la-uartes\/#primaryimage"},"image":{"@id":"https:\/\/www.uartes.edu.ec\/sitio\/fr\/blog\/2024\/10\/22\/entrega-de-certificados-de-obra-revelante-reconoce-el-quehacer-artistico-del-personal-academico-de-la-uartes\/#primaryimage"},"thumbnailUrl":"https:\/\/www.uartes.edu.ec\/sitio\/wp-content\/uploads\/2024\/10\/01-WEB-OBRA-RELEVANTE-ENTREGA-CERTIFICADOS.jpg","datePublished":"2024-10-22T21:39:26+00:00","dateModified":"2024-10-23T15:41:59+00:00","description":"Universidad de las Artes - Con la entrega de los certificados de Obra Relevante, la UArtes reconoce el quehacer art\u00edstico de su personal acad\u00e9mico","breadcrumb":{"@id":"https:\/\/www.uartes.edu.ec\/sitio\/fr\/blog\/2024\/10\/22\/entrega-de-certificados-de-obra-revelante-reconoce-el-quehacer-artistico-del-personal-academico-de-la-uartes\/#breadcrumb"},"inLanguage":"fr-FR","potentialAction":[{"@type":"ReadAction","target":["https:\/\/www.uartes.edu.ec\/sitio\/fr\/blog\/2024\/10\/22\/entrega-de-certificados-de-obra-revelante-reconoce-el-quehacer-artistico-del-personal-academico-de-la-uartes\/"]}]},{"@type":"ImageObject","inLanguage":"fr-FR","@id":"https:\/\/www.uartes.edu.ec\/sitio\/fr\/blog\/2024\/10\/22\/entrega-de-certificados-de-obra-revelante-reconoce-el-quehacer-artistico-del-personal-academico-de-la-uartes\/#primaryimage","url":"https:\/\/www.uartes.edu.ec\/sitio\/wp-content\/uploads\/2024\/10\/01-WEB-OBRA-RELEVANTE-ENTREGA-CERTIFICADOS.jpg","contentUrl":"https:\/\/www.uartes.edu.ec\/sitio\/wp-content\/uploads\/2024\/10\/01-WEB-OBRA-RELEVANTE-ENTREGA-CERTIFICADOS.jpg","width":2000,"height":1333},{"@type":"BreadcrumbList","@id":"https:\/\/www.uartes.edu.ec\/sitio\/fr\/blog\/2024\/10\/22\/entrega-de-certificados-de-obra-revelante-reconoce-el-quehacer-artistico-del-personal-academico-de-la-uartes\/#breadcrumb","itemListElement":[{"@type":"ListItem","position":1,"name":"Inicio","item":"https:\/\/www.uartes.edu.ec\/sitio\/"},{"@type":"ListItem","position":2,"name":"Con la entrega de los certificados de Obra Relevante, la UArtes reconoce el quehacer art\u00edstico de su personal acad\u00e9mico"}]},{"@type":"WebSite","@id":"https:\/\/www.uartes.edu.ec\/sitio\/fr\/#website","url":"https:\/\/www.uartes.edu.ec\/sitio\/fr\/","name":"Universidad de las Artes","description":"Sitio oficial de la Universidad Nacional de las Artes del Ecuador","publisher":{"@id":"https:\/\/www.uartes.edu.ec\/sitio\/fr\/#organization"},"potentialAction":[{"@type":"SearchAction","target":{"@type":"EntryPoint","urlTemplate":"https:\/\/www.uartes.edu.ec\/sitio\/fr\/?s={search_term_string}"},"query-input":{"@type":"PropertyValueSpecification","valueRequired":true,"valueName":"search_term_string"}}],"inLanguage":"fr-FR"},{"@type":"Organization","@id":"https:\/\/www.uartes.edu.ec\/sitio\/fr\/#organization","name":"Universidad de las Artes","url":"https:\/\/www.uartes.edu.ec\/sitio\/fr\/","logo":{"@type":"ImageObject","inLanguage":"fr-FR","@id":"https:\/\/www.uartes.edu.ec\/sitio\/fr\/#\/schema\/logo\/image\/","url":"https:\/\/www.uartes.edu.ec\/sitio\/wp-content\/uploads\/2022\/07\/logo-ua-horizontal.png","contentUrl":"https:\/\/www.uartes.edu.ec\/sitio\/wp-content\/uploads\/2022\/07\/logo-ua-horizontal.png","width":800,"height":276,"caption":"Universidad de las Artes"},"image":{"@id":"https:\/\/www.uartes.edu.ec\/sitio\/fr\/#\/schema\/logo\/image\/"},"sameAs":["https:\/\/www.facebook.com\/uartesec","https:\/\/x.com\/uartesec","https:\/\/www.tiktok.com\/@uartesec"]},{"@type":"Person","@id":"https:\/\/www.uartes.edu.ec\/sitio\/fr\/#\/schema\/person\/efa1b8275797664fd7f13a79ccc0b1f4","name":"ccortez","image":{"@type":"ImageObject","inLanguage":"fr-FR","@id":"https:\/\/secure.gravatar.com\/avatar\/b2a6f664a3ae8e074346ef91775736c5ec479e637ecced6842de9dc98b5da9cd?s=96&d=mm&r=g","url":"https:\/\/secure.gravatar.com\/avatar\/b2a6f664a3ae8e074346ef91775736c5ec479e637ecced6842de9dc98b5da9cd?s=96&d=mm&r=g","contentUrl":"https:\/\/secure.gravatar.com\/avatar\/b2a6f664a3ae8e074346ef91775736c5ec479e637ecced6842de9dc98b5da9cd?s=96&d=mm&r=g","caption":"ccortez"},"url":"https:\/\/www.uartes.edu.ec\/sitio\/fr\/blog\/author\/ccortez\/"}]}},"uagb_featured_image_src":{"full":["https:\/\/www.uartes.edu.ec\/sitio\/wp-content\/uploads\/2024\/10\/01-WEB-OBRA-RELEVANTE-ENTREGA-CERTIFICADOS.jpg",2000,1333,false],"thumbnail":["https:\/\/www.uartes.edu.ec\/sitio\/wp-content\/uploads\/2024\/10\/01-WEB-OBRA-RELEVANTE-ENTREGA-CERTIFICADOS-150x150.jpg",150,150,true],"medium":["https:\/\/www.uartes.edu.ec\/sitio\/wp-content\/uploads\/2024\/10\/01-WEB-OBRA-RELEVANTE-ENTREGA-CERTIFICADOS-300x200.jpg",300,200,true],"medium_large":["https:\/\/www.uartes.edu.ec\/sitio\/wp-content\/uploads\/2024\/10\/01-WEB-OBRA-RELEVANTE-ENTREGA-CERTIFICADOS-768x512.jpg",768,512,true],"large":["https:\/\/www.uartes.edu.ec\/sitio\/wp-content\/uploads\/2024\/10\/01-WEB-OBRA-RELEVANTE-ENTREGA-CERTIFICADOS-644x429.jpg",644,429,true],"1536x1536":["https:\/\/www.uartes.edu.ec\/sitio\/wp-content\/uploads\/2024\/10\/01-WEB-OBRA-RELEVANTE-ENTREGA-CERTIFICADOS-1536x1024.jpg",1536,1024,true],"2048x2048":["https:\/\/www.uartes.edu.ec\/sitio\/wp-content\/uploads\/2024\/10\/01-WEB-OBRA-RELEVANTE-ENTREGA-CERTIFICADOS.jpg",2000,1333,false],"trp-custom-language-flag":["https:\/\/www.uartes.edu.ec\/sitio\/wp-content\/uploads\/2024\/10\/01-WEB-OBRA-RELEVANTE-ENTREGA-CERTIFICADOS-18x12.jpg",18,12,true],"htmega_size_585x295":["https:\/\/www.uartes.edu.ec\/sitio\/wp-content\/uploads\/2024\/10\/01-WEB-OBRA-RELEVANTE-ENTREGA-CERTIFICADOS-585x295.jpg",585,295,true],"htmega_size_1170x536":["https:\/\/www.uartes.edu.ec\/sitio\/wp-content\/uploads\/2024\/10\/01-WEB-OBRA-RELEVANTE-ENTREGA-CERTIFICADOS-1170x536.jpg",1170,536,true],"htmega_size_396x360":["https:\/\/www.uartes.edu.ec\/sitio\/wp-content\/uploads\/2024\/10\/01-WEB-OBRA-RELEVANTE-ENTREGA-CERTIFICADOS-396x360.jpg",396,360,true],"gb-block-post-grid-landscape":["https:\/\/www.uartes.edu.ec\/sitio\/wp-content\/uploads\/2024\/10\/01-WEB-OBRA-RELEVANTE-ENTREGA-CERTIFICADOS-600x400.jpg",600,400,true],"gb-block-post-grid-square":["https:\/\/www.uartes.edu.ec\/sitio\/wp-content\/uploads\/2024\/10\/01-WEB-OBRA-RELEVANTE-ENTREGA-CERTIFICADOS-600x600.jpg",600,600,true],"university-hub-thumb":["https:\/\/www.uartes.edu.ec\/sitio\/wp-content\/uploads\/2024\/10\/01-WEB-OBRA-RELEVANTE-ENTREGA-CERTIFICADOS-400x267.jpg",400,267,true],"mailpoet_newsletter_max":["https:\/\/www.uartes.edu.ec\/sitio\/wp-content\/uploads\/2024\/10\/01-WEB-OBRA-RELEVANTE-ENTREGA-CERTIFICADOS.jpg",1320,880,false]},"uagb_author_info":{"display_name":"ccortez","author_link":"https:\/\/www.uartes.edu.ec\/sitio\/fr\/blog\/author\/ccortez\/"},"uagb_comment_info":0,"uagb_excerpt":"En un acto solemne y emotivo, la UArtes, a trav\u00e9s del Vicerrectorado de Posgrados e Investigaci\u00f3n en Artes y de la Direcci\u00f3n de Pol\u00edticas de Investigaci\u00f3n en Artes, hizo la entrega a su personal acad\u00e9mico de los certificados de Obra Relevante en Artes 2023-2024. El evento constituy\u00f3 una oportunidad valiosa para reconocer el trabajo art\u00edstico\u2026","featured_image_src":"https:\/\/www.uartes.edu.ec\/sitio\/wp-content\/uploads\/2024\/10\/01-WEB-OBRA-RELEVANTE-ENTREGA-CERTIFICADOS-600x400.jpg","featured_image_src_square":"https:\/\/www.uartes.edu.ec\/sitio\/wp-content\/uploads\/2024\/10\/01-WEB-OBRA-RELEVANTE-ENTREGA-CERTIFICADOS-600x600.jpg","author_info":{"display_name":"ccortez","author_link":"https:\/\/www.uartes.edu.ec\/sitio\/fr\/blog\/author\/ccortez\/"},"publishpress_future_workflow_manual_trigger":{"enabledWorkflows":[]},"distributor_meta":false,"distributor_terms":false,"distributor_media":false,"distributor_original_site_name":"Universidad de las Artes","distributor_original_site_url":"https:\/\/www.uartes.edu.ec\/sitio\/fr","push-errors":false,"_links":{"self":[{"href":"https:\/\/www.uartes.edu.ec\/sitio\/fr\/wp-json\/wp\/v2\/posts\/63260","targetHints":{"allow":["GET"]}}],"collection":[{"href":"https:\/\/www.uartes.edu.ec\/sitio\/fr\/wp-json\/wp\/v2\/posts"}],"about":[{"href":"https:\/\/www.uartes.edu.ec\/sitio\/fr\/wp-json\/wp\/v2\/types\/post"}],"author":[{"embeddable":true,"href":"https:\/\/www.uartes.edu.ec\/sitio\/fr\/wp-json\/wp\/v2\/users\/10"}],"replies":[{"embeddable":true,"href":"https:\/\/www.uartes.edu.ec\/sitio\/fr\/wp-json\/wp\/v2\/comments?post=63260"}],"version-history":[{"count":10,"href":"https:\/\/www.uartes.edu.ec\/sitio\/fr\/wp-json\/wp\/v2\/posts\/63260\/revisions"}],"predecessor-version":[{"id":63315,"href":"https:\/\/www.uartes.edu.ec\/sitio\/fr\/wp-json\/wp\/v2\/posts\/63260\/revisions\/63315"}],"wp:featuredmedia":[{"embeddable":true,"href":"https:\/\/www.uartes.edu.ec\/sitio\/fr\/wp-json\/wp\/v2\/media\/63261"}],"wp:attachment":[{"href":"https:\/\/www.uartes.edu.ec\/sitio\/fr\/wp-json\/wp\/v2\/media?parent=63260"}],"wp:term":[{"taxonomy":"category","embeddable":true,"href":"https:\/\/www.uartes.edu.ec\/sitio\/fr\/wp-json\/wp\/v2\/categories?post=63260"},{"taxonomy":"post_tag","embeddable":true,"href":"https:\/\/www.uartes.edu.ec\/sitio\/fr\/wp-json\/wp\/v2\/tags?post=63260"},{"taxonomy":"infouartes","embeddable":true,"href":"https:\/\/www.uartes.edu.ec\/sitio\/fr\/wp-json\/wp\/v2\/infouartes?post=63260"}],"curies":[{"name":"wp","href":"https:\/\/api.w.org\/{rel}","templated":true}]}}