{"id":64987,"date":"2024-11-21T11:44:00","date_gmt":"2024-11-21T16:44:00","guid":{"rendered":"https:\/\/www.uartes.edu.ec\/sitio\/?p=64987"},"modified":"2024-11-23T17:56:49","modified_gmt":"2024-11-23T22:56:49","slug":"arte-educacion-y-pedagogia-critica-charla-magistral-del-pedagogo-cubano-ramon-cabrera-en-el-congreso-de-redu","status":"publish","type":"post","link":"https:\/\/www.uartes.edu.ec\/sitio\/fr\/blog\/2024\/11\/21\/arte-educacion-y-pedagogia-critica-charla-magistral-del-pedagogo-cubano-ramon-cabrera-en-el-congreso-de-redu\/","title":{"rendered":"\u201cArte, Educaci\u00f3n y Pedagog\u00eda Cr\u00edtica\u201d, charla magistral del pedagogo cubano Ram\u00f3n Cabrera en el congreso de REDU"},"content":{"rendered":"<p>\u201cArte, Educaci\u00f3n y Pedagog\u00eda Cr\u00edtica: el fuego de la vida\u201d. Es el t\u00edtulo de la charla magistral que el pedagogo cubano Ram\u00f3n Cabrera Salort mantuvo en el segundo d\u00eda del XI Congreso Internacional de Investigaci\u00f3n de REDU, que el martes 19 de noviembre se inaugur\u00f3 en la UArtes y mantendr\u00e1 hasta este viernes 22. La intervenci\u00f3n del tambi\u00e9n investigador en temas sobre arte y educaci\u00f3n art\u00edstica fue una mirada decolonial en la que invit\u00f3 a reflexionar sobre el rol transformador de la pedagog\u00eda y las artes en contextos de desigualdad.<\/p>\n\n\n\n<p>La pedagog\u00eda, dijo, no puede ser tratada como un conjunto fijo de principios y pr\u00e1cticas para cualquier contexto. Tampoco es simplemente la competencia o la ense\u00f1anza de conocimientos, habilidades y valores. Debe, por el contrario, definirse como un proyecto indeterminado, abierto, sometido a revisiones y en di\u00e1logo permanente con sus supuestos, relacionada con la posibilidad de intervenci\u00f3n en el mundo como un acto de transformaci\u00f3n.<\/p>\n\n\n\n<p>En su exposici\u00f3n, Ram\u00f3n Cabrera, cuya formaci\u00f3n pedag\u00f3gica dijo fue similar a la de un aprendiz con un maestro, enfatiz\u00f3 la importancia de la sensibilidad en la pedagog\u00eda y comparti\u00f3 con la audiencia varios abordajes, mencionando tambi\u00e9n la influencia de Paulo Freire y la pedagog\u00eda freiriana en su pensamiento. Destac\u00f3 la importancia de la experiencia, la vivencia y el di\u00e1logo en el proceso educativo; de la pedagog\u00eda cr\u00edtica y la libertad en la educaci\u00f3n art\u00edstica; y la necesidad de reflexionar cr\u00edticamente sobre nuestros puntos de partida y la importancia de leer y operar en nuestro mundo.<\/p>\n\n\n<div class=\"wp-block-image\">\n<figure class=\"aligncenter size-large\"><img fetchpriority=\"high\" decoding=\"async\" width=\"644\" height=\"429\" src=\"https:\/\/www.uartes.edu.ec\/sitio\/wp-content\/uploads\/2024\/11\/05-RAMON-REDU-644x429.jpg\" alt=\"\" class=\"wp-image-64992\" srcset=\"https:\/\/www.uartes.edu.ec\/sitio\/wp-content\/uploads\/2024\/11\/05-RAMON-REDU-644x429.jpg 644w, https:\/\/www.uartes.edu.ec\/sitio\/wp-content\/uploads\/2024\/11\/05-RAMON-REDU-300x200.jpg 300w, https:\/\/www.uartes.edu.ec\/sitio\/wp-content\/uploads\/2024\/11\/05-RAMON-REDU-768x512.jpg 768w, https:\/\/www.uartes.edu.ec\/sitio\/wp-content\/uploads\/2024\/11\/05-RAMON-REDU-1536x1024.jpg 1536w, https:\/\/www.uartes.edu.ec\/sitio\/wp-content\/uploads\/2024\/11\/05-RAMON-REDU-18x12.jpg 18w, https:\/\/www.uartes.edu.ec\/sitio\/wp-content\/uploads\/2024\/11\/05-RAMON-REDU-600x400.jpg 600w, https:\/\/www.uartes.edu.ec\/sitio\/wp-content\/uploads\/2024\/11\/05-RAMON-REDU-400x267.jpg 400w, https:\/\/www.uartes.edu.ec\/sitio\/wp-content\/uploads\/2024\/11\/05-RAMON-REDU-272x182.jpg 272w, https:\/\/www.uartes.edu.ec\/sitio\/wp-content\/uploads\/2024\/11\/05-RAMON-REDU.jpg 2000w\" sizes=\"(max-width: 644px) 100vw, 644px\" \/><\/figure>\n<\/div>\n\n\n<p>En el concepto de la \u201ccompetencia\u201d en la educaci\u00f3n, el ponente argument\u00f3 que es limitativo y no abarca la totalidad de la experiencia educativa. Anot\u00f3 la importancia del aula como espacio de comunicaci\u00f3n en los procesos de creaci\u00f3n art\u00edstica y c\u00f3mo la did\u00e1ctica de las artes debe partir de la pr\u00e1ctica art\u00edstica misma; consider\u00f3 perspectivas de g\u00e9nero y decoloniales en la educaci\u00f3n; y la necesidad de incluir voces marginadas en el discurso educativo.<\/p>\n\n\n\n<p>En el concepto de pedagog\u00eda decolonial, Cabrea cuestion\u00f3 las estructuras de poder colonial en la educaci\u00f3n y explic\u00f3 c\u00f3mo esta pedagog\u00eda se relaciona con teor\u00edas cr\u00edticas sociales y culturales, as\u00ed como con filosof\u00edas de liberaci\u00f3n y posiciones ind\u00edgenas de buen vivir.<\/p>\n\n\n\n<p>Expuso, asimismo, c\u00f3mo el arte puede contribuir a la pedagog\u00eda cr\u00edtica y decolonial, y proporcion\u00f3 ejemplos de artistas latinoamericanos que han trabajado en esta direcci\u00f3n, como Fernando Bayozun y Luis Camnitzer, artistas que cuestionan las narrativas dominantes y proponen nuevas formas de entender el arte y la educaci\u00f3n.<\/p>\n\n\n\n<p>El conferencista se\u00f1al\u00f3 que la pedagog\u00eda normativa y tecnocr\u00e1tica, enfocada en competencias y resultados instrumentales, limita el potencial transformador de la educaci\u00f3n. En contraste, abog\u00f3 por una pedagog\u00eda cr\u00edtica que fomente el pensamiento independiente y reflexivo, enraizada en las experiencias individuales y colectivas de los estudiantes.<\/p>\n\n\n<div class=\"wp-block-image\">\n<figure class=\"aligncenter size-large\"><img decoding=\"async\" width=\"644\" height=\"429\" src=\"https:\/\/www.uartes.edu.ec\/sitio\/wp-content\/uploads\/2024\/11\/03-RAMON-REDU-644x429.jpg\" alt=\"\" class=\"wp-image-64993\" srcset=\"https:\/\/www.uartes.edu.ec\/sitio\/wp-content\/uploads\/2024\/11\/03-RAMON-REDU-644x429.jpg 644w, https:\/\/www.uartes.edu.ec\/sitio\/wp-content\/uploads\/2024\/11\/03-RAMON-REDU-300x200.jpg 300w, https:\/\/www.uartes.edu.ec\/sitio\/wp-content\/uploads\/2024\/11\/03-RAMON-REDU-768x512.jpg 768w, https:\/\/www.uartes.edu.ec\/sitio\/wp-content\/uploads\/2024\/11\/03-RAMON-REDU-1536x1024.jpg 1536w, https:\/\/www.uartes.edu.ec\/sitio\/wp-content\/uploads\/2024\/11\/03-RAMON-REDU-18x12.jpg 18w, https:\/\/www.uartes.edu.ec\/sitio\/wp-content\/uploads\/2024\/11\/03-RAMON-REDU-600x400.jpg 600w, https:\/\/www.uartes.edu.ec\/sitio\/wp-content\/uploads\/2024\/11\/03-RAMON-REDU-400x267.jpg 400w, https:\/\/www.uartes.edu.ec\/sitio\/wp-content\/uploads\/2024\/11\/03-RAMON-REDU-272x182.jpg 272w, https:\/\/www.uartes.edu.ec\/sitio\/wp-content\/uploads\/2024\/11\/03-RAMON-REDU.jpg 2000w\" sizes=\"(max-width: 644px) 100vw, 644px\" \/><\/figure>\n<\/div>\n\n\n<p>\u201cLa escuela, en lugar de ser un espacio para reflexionar cr\u00edticamente, se convierte muchas veces en un mecanismo que impone valores hegem\u00f3nicos y perpet\u00faa sistemas de exclusi\u00f3n\u201d, dijo en una cr\u00edtica directa a la educaci\u00f3n tradicional, se\u00f1alando su rol en la reproducci\u00f3n de desigualdades.<\/p>\n\n\n\n<p>En un llamado a la acci\u00f3n educativa, Cabrera cit\u00f3 a Freinet, de quien destac\u00f3 que <em>\u201cla pedagog\u00eda no debe perpetuar la certidumbre que brinda el criterio de autoridad, sino responder a las necesidades reales de la escuela y de los estudiantes\u201d. <\/em>Freinet abogaba por una escuela que se alejara del intelectualismo r\u00edgido y se centrara en m\u00e9todos vivenciales y participativos, expres\u00f3 Cabrera. <em>\u201cConceb\u00eda la pedagog\u00eda como una ciencia de tanteo experimental. Esto significa que la experiencia es esencial, y la ausencia de di\u00e1logo o interacci\u00f3n destruye el proceso de aprendizaje\u00bb.<\/em><em><\/em><\/p>\n\n\n\n<p>En cuanto a la educaci\u00f3n art\u00edstica, Cabrera enfatiz\u00f3 la importancia de contextualizarla y cit\u00f3 el trabajo de Ana Mae Barbosa, cuyo enfoque triangular de hacer arte, leer obras y contextualizar, puede contribuir a una educaci\u00f3n art\u00edstica m\u00e1s cr\u00edtica y relevante. En su intervenci\u00f3n invit\u00f3 a repensar las pr\u00e1cticas pedag\u00f3gicas desde una mirada integradora y cr\u00edtica, capaz de responder a los desaf\u00edos de un mundo cada vez m\u00e1s globalizado y desigual.<\/p>\n\n\n\n<p>Hizo tambi\u00e9n sugerencias a la Universidad de las Artes, como implementar una pedagog\u00eda basada en la experiencia y la sensibilidad en la educaci\u00f3n art\u00edstica, integrar el arte como herramienta para la pedagog\u00eda cr\u00edtica y decolonial, y cuestionar y desafiar la pedagog\u00eda normativa y colonial de las instituciones educativa. Su exposici\u00f3n concluy\u00f3 con una sesi\u00f3n de preguntas y respuestas del p\u00fablico, en su mayor\u00eda acad\u00e9micos e investigadores.<\/p>\n\n\n<div class=\"wp-block-image\">\n<figure class=\"aligncenter size-large\"><img decoding=\"async\" width=\"644\" height=\"429\" src=\"https:\/\/www.uartes.edu.ec\/sitio\/wp-content\/uploads\/2024\/11\/02-RAMON-REDU-644x429.jpg\" alt=\"\" class=\"wp-image-64994\" srcset=\"https:\/\/www.uartes.edu.ec\/sitio\/wp-content\/uploads\/2024\/11\/02-RAMON-REDU-644x429.jpg 644w, https:\/\/www.uartes.edu.ec\/sitio\/wp-content\/uploads\/2024\/11\/02-RAMON-REDU-300x200.jpg 300w, https:\/\/www.uartes.edu.ec\/sitio\/wp-content\/uploads\/2024\/11\/02-RAMON-REDU-768x512.jpg 768w, https:\/\/www.uartes.edu.ec\/sitio\/wp-content\/uploads\/2024\/11\/02-RAMON-REDU-1536x1024.jpg 1536w, https:\/\/www.uartes.edu.ec\/sitio\/wp-content\/uploads\/2024\/11\/02-RAMON-REDU-18x12.jpg 18w, https:\/\/www.uartes.edu.ec\/sitio\/wp-content\/uploads\/2024\/11\/02-RAMON-REDU-600x400.jpg 600w, https:\/\/www.uartes.edu.ec\/sitio\/wp-content\/uploads\/2024\/11\/02-RAMON-REDU-400x267.jpg 400w, https:\/\/www.uartes.edu.ec\/sitio\/wp-content\/uploads\/2024\/11\/02-RAMON-REDU-272x182.jpg 272w, https:\/\/www.uartes.edu.ec\/sitio\/wp-content\/uploads\/2024\/11\/02-RAMON-REDU.jpg 2000w\" sizes=\"(max-width: 644px) 100vw, 644px\" \/><\/figure>\n<\/div>\n\n\n<h3 class=\"wp-block-heading\"><strong>\u201cProblematizar es un reto extraordinario\u201d<\/strong><\/h3>\n\n\n\n<p>En di\u00e1logo con InfoUArtes, Ram\u00f3n Cabrera anot\u00f3 que aquella educaci\u00f3n de conceptos, teor\u00eda y memoria, la cual no se ha desterrado totalmente de las instituciones educativas no solo de Ecuador sino del mundo, es una postura acomodaticia. \u201cProblematizar siempre es un reto extraordinario. Asumir el mundo tal cual est\u00e1 y aprend\u00e9rselo de memoria es simple. Hay un esfuerzo, pero un esfuerzo menor. El esfuerzo de problematizar y de ver de qu\u00e9 manera la problematizaci\u00f3n te conduce a caminos dif\u00edciles\u201d.<\/p>\n\n\n\n<p>Es ir en contra de la corriente, pero a favor de una autenticidad, de ser, de conocer, de autenticidad, de saber, de liberarte de los modos y modelos, de construirte y de perder el miedo porque todav\u00eda vivimos en represi\u00f3n, a\u00f1adi\u00f3.&nbsp;<\/p>\n\n\n\n<p>Por eso es que Freire hablaba de introyecci\u00f3n, concepto que lo toma de Sigmund Freud \u201cy que tiene que ver con el hecho de que el dominado est\u00e1 pose\u00eddo por el dominador. Piensa tal cual \u00e9l y considera que debe estar donde est\u00e1. Eso es lo que le corresponde, estar abajo\u201d.<\/p>\n\n\n\n<p>Cabrera sostuvo que hay un concepto que se utiliza mucho en los \u00faltimos tiempos y que, particularmente a \u00e9l en el campo de la sociolog\u00eda, le parece extraordinariamente perverso: \u201cel de resiliencia, el cual es totalmente adaptativo y todo concepto adaptativo es un concepto retardatario y retr\u00f3grado porque trata de buscar la complacencia en las condiciones que tiene. Es decir, aqui\u00e9tate, estate abajo, si\u00e9ntete bien estando abajo, te corresponde estar abajo\u201d.&nbsp;<\/p>\n\n\n\n<p>Es un concepto que se alaba, pero la resiliencia es perversa, reiter\u00f3. \u201c\u00bfC\u00f3mo que voy a ser resiliente?, \u00bfc\u00f3mo puede ser un m\u00e9rito serlo? No, yo no soy resiliente. Yo estoy en contra de estar abajo. Yo estoy en contra de que las cosas sean como son. Estoy en contra\u201d.<\/p>\n\n\n\n<p>Frente a los modelos educativos y pedag\u00f3gicos, el pedagogo e investigador Ram\u00f3n Cabrera opin\u00f3 que tiene que estos deben ser instituyentes y no instituidos, tienen que estar en proceso y ser constantes, abiertos e ininterrumpidos.&nbsp;\u201cCuando la configuraci\u00f3n es siempre un proceso de construcci\u00f3n, pero t\u00fa no participas ah\u00ed en la construcci\u00f3n, te conviertes en un ente previamente construido.&nbsp;Toda esa estructura permite que el que no conoce, que el que no sabe pueda dirigir. No sabe del arte, pero sabe de la partitura, es decir, sabe de la norma y se rige por la norma. No saben del contenido, pero saben de la metodolog\u00eda como un proceso de algoritmizaci\u00f3n del pensamiento\u201d.<\/p>\n\n\n\n<p>Texto: Carmen Cortez\/Dircom y Eleinn Rivera, estudiante de la Escuela de Literatura.&nbsp;<\/p>","protected":false},"excerpt":{"rendered":"<p>El encuentro con el pedagogo cubano Ram\u00f3n Cabrera Salort en el XI Congreso Internacional de Investigaci\u00f3n de REDU se dio el segundo d\u00eda de su inauguraci\u00f3n, registrada el martes 19 de noviembre en la UArtes. La intervenci\u00f3n del tambi\u00e9n investigador en temas sobre arte y educaci\u00f3n art\u00edstica fue una mirada decolonial en la que invit\u00f3 a reflexionar sobre el rol transformador de la pedagog\u00eda y las artes en contextos de desigualdad.<\/p>","protected":false},"author":10,"featured_media":64991,"comment_status":"open","ping_status":"open","sticky":false,"template":"","format":"standard","meta":{"_acf_changed":false,"_uag_custom_page_level_css":"","_monsterinsights_skip_tracking":false,"_monsterinsights_sitenote_active":false,"_monsterinsights_sitenote_note":"","_monsterinsights_sitenote_category":0,"cybocfi_hide_featured_image":"","footnotes":""},"categories":[80,490,82,75,76,77,284,83],"tags":[622],"infouartes":[],"class_list":["post-64987","post","type-post","status-publish","format-standard","has-post-thumbnail","hentry","category-academico","category-alumni","category-artes","category-docentes","category-estudiantes","category-gestion","category-investigacion","category-sedes","tag-congreso"],"acf":[],"yoast_head":"<!-- This site is optimized with the Yoast SEO plugin v27.4 - https:\/\/yoast.com\/product\/yoast-seo-wordpress\/ -->\n<title>Universidad de las Artes - \u201cArte, Educaci\u00f3n y Pedagog\u00eda Cr\u00edtica\u201d, charla magistral del pedagogo cubano Ram\u00f3n Cabrera en el congreso de REDU<\/title>\n<meta name=\"description\" content=\"Universidad de las Artes - \u201cArte, Educaci\u00f3n y Pedagog\u00eda Cr\u00edtica\u201d, charla magistral del pedagogo cubano Ram\u00f3n Cabrera en el congreso de REDU\" \/>\n<meta name=\"robots\" content=\"index, follow, max-snippet:-1, max-image-preview:large, max-video-preview:-1\" \/>\n<link rel=\"canonical\" href=\"https:\/\/www.uartes.edu.ec\/sitio\/fr\/blog\/2024\/11\/21\/arte-educacion-y-pedagogia-critica-charla-magistral-del-pedagogo-cubano-ramon-cabrera-en-el-congreso-de-redu\/\" \/>\n<meta property=\"og:locale\" content=\"fr_FR\" \/>\n<meta property=\"og:type\" content=\"article\" \/>\n<meta property=\"og:title\" content=\"Universidad de las Artes - \u201cArte, Educaci\u00f3n y Pedagog\u00eda Cr\u00edtica\u201d, charla magistral del pedagogo cubano Ram\u00f3n Cabrera en el congreso de REDU\" \/>\n<meta property=\"og:description\" content=\"Universidad de las Artes - \u201cArte, Educaci\u00f3n y Pedagog\u00eda Cr\u00edtica\u201d, charla magistral del pedagogo cubano Ram\u00f3n Cabrera en el congreso de REDU\" \/>\n<meta property=\"og:url\" content=\"https:\/\/www.uartes.edu.ec\/sitio\/fr\/blog\/2024\/11\/21\/arte-educacion-y-pedagogia-critica-charla-magistral-del-pedagogo-cubano-ramon-cabrera-en-el-congreso-de-redu\/\" \/>\n<meta property=\"og:site_name\" content=\"Universidad de las Artes\" \/>\n<meta property=\"article:publisher\" content=\"https:\/\/www.facebook.com\/uartesec\" \/>\n<meta property=\"article:published_time\" content=\"2024-11-21T16:44:00+00:00\" \/>\n<meta property=\"article:modified_time\" content=\"2024-11-23T22:56:49+00:00\" \/>\n<meta property=\"og:image\" content=\"https:\/\/www.uartes.edu.ec\/sitio\/wp-content\/uploads\/2024\/11\/06-RAMON-REDU.jpg\" \/>\n\t<meta property=\"og:image:width\" content=\"2000\" \/>\n\t<meta property=\"og:image:height\" content=\"1333\" \/>\n\t<meta property=\"og:image:type\" content=\"image\/jpeg\" \/>\n<meta name=\"author\" content=\"ccortez\" \/>\n<meta name=\"twitter:card\" content=\"summary_large_image\" \/>\n<meta name=\"twitter:creator\" content=\"@uartesec\" \/>\n<meta name=\"twitter:site\" content=\"@uartesec\" \/>\n<meta name=\"twitter:label1\" content=\"\u00c9crit par\" \/>\n\t<meta name=\"twitter:data1\" content=\"ccortez\" \/>\n\t<meta name=\"twitter:label2\" content=\"Dur\u00e9e de lecture estim\u00e9e\" \/>\n\t<meta name=\"twitter:data2\" content=\"7 minutes\" \/>\n<script type=\"application\/ld+json\" class=\"yoast-schema-graph\">{\"@context\":\"https:\\\/\\\/schema.org\",\"@graph\":[{\"@type\":\"Article\",\"@id\":\"https:\\\/\\\/www.uartes.edu.ec\\\/sitio\\\/fr\\\/blog\\\/2024\\\/11\\\/21\\\/arte-educacion-y-pedagogia-critica-charla-magistral-del-pedagogo-cubano-ramon-cabrera-en-el-congreso-de-redu\\\/#article\",\"isPartOf\":{\"@id\":\"https:\\\/\\\/www.uartes.edu.ec\\\/sitio\\\/fr\\\/blog\\\/2024\\\/11\\\/21\\\/arte-educacion-y-pedagogia-critica-charla-magistral-del-pedagogo-cubano-ramon-cabrera-en-el-congreso-de-redu\\\/\"},\"author\":{\"name\":\"ccortez\",\"@id\":\"https:\\\/\\\/www.uartes.edu.ec\\\/sitio\\\/fr\\\/#\\\/schema\\\/person\\\/efa1b8275797664fd7f13a79ccc0b1f4\"},\"headline\":\"\u201cArte, Educaci\u00f3n y Pedagog\u00eda Cr\u00edtica\u201d, charla magistral del pedagogo cubano Ram\u00f3n Cabrera en el congreso de REDU\",\"datePublished\":\"2024-11-21T16:44:00+00:00\",\"dateModified\":\"2024-11-23T22:56:49+00:00\",\"mainEntityOfPage\":{\"@id\":\"https:\\\/\\\/www.uartes.edu.ec\\\/sitio\\\/fr\\\/blog\\\/2024\\\/11\\\/21\\\/arte-educacion-y-pedagogia-critica-charla-magistral-del-pedagogo-cubano-ramon-cabrera-en-el-congreso-de-redu\\\/\"},\"wordCount\":1302,\"commentCount\":0,\"publisher\":{\"@id\":\"https:\\\/\\\/www.uartes.edu.ec\\\/sitio\\\/fr\\\/#organization\"},\"image\":{\"@id\":\"https:\\\/\\\/www.uartes.edu.ec\\\/sitio\\\/fr\\\/blog\\\/2024\\\/11\\\/21\\\/arte-educacion-y-pedagogia-critica-charla-magistral-del-pedagogo-cubano-ramon-cabrera-en-el-congreso-de-redu\\\/#primaryimage\"},\"thumbnailUrl\":\"https:\\\/\\\/www.uartes.edu.ec\\\/sitio\\\/wp-content\\\/uploads\\\/2024\\\/11\\\/06-RAMON-REDU.jpg\",\"keywords\":[\"congreso\"],\"articleSection\":[\"Acad\u00e9mico\",\"Alumni\",\"Artes\",\"Docentes\",\"Estudiantes\",\"Gesti\u00f3n\",\"Investigaci\u00f3n\",\"Sedes\"],\"inLanguage\":\"fr-FR\",\"potentialAction\":[{\"@type\":\"CommentAction\",\"name\":\"Comment\",\"target\":[\"https:\\\/\\\/www.uartes.edu.ec\\\/sitio\\\/fr\\\/blog\\\/2024\\\/11\\\/21\\\/arte-educacion-y-pedagogia-critica-charla-magistral-del-pedagogo-cubano-ramon-cabrera-en-el-congreso-de-redu\\\/#respond\"]}]},{\"@type\":[\"WebPage\",\"ItemPage\"],\"@id\":\"https:\\\/\\\/www.uartes.edu.ec\\\/sitio\\\/fr\\\/blog\\\/2024\\\/11\\\/21\\\/arte-educacion-y-pedagogia-critica-charla-magistral-del-pedagogo-cubano-ramon-cabrera-en-el-congreso-de-redu\\\/\",\"url\":\"https:\\\/\\\/www.uartes.edu.ec\\\/sitio\\\/fr\\\/blog\\\/2024\\\/11\\\/21\\\/arte-educacion-y-pedagogia-critica-charla-magistral-del-pedagogo-cubano-ramon-cabrera-en-el-congreso-de-redu\\\/\",\"name\":\"Universidad de las Artes - \u201cArte, Educaci\u00f3n y Pedagog\u00eda Cr\u00edtica\u201d, charla magistral del pedagogo cubano Ram\u00f3n Cabrera en el congreso de REDU\",\"isPartOf\":{\"@id\":\"https:\\\/\\\/www.uartes.edu.ec\\\/sitio\\\/fr\\\/#website\"},\"primaryImageOfPage\":{\"@id\":\"https:\\\/\\\/www.uartes.edu.ec\\\/sitio\\\/fr\\\/blog\\\/2024\\\/11\\\/21\\\/arte-educacion-y-pedagogia-critica-charla-magistral-del-pedagogo-cubano-ramon-cabrera-en-el-congreso-de-redu\\\/#primaryimage\"},\"image\":{\"@id\":\"https:\\\/\\\/www.uartes.edu.ec\\\/sitio\\\/fr\\\/blog\\\/2024\\\/11\\\/21\\\/arte-educacion-y-pedagogia-critica-charla-magistral-del-pedagogo-cubano-ramon-cabrera-en-el-congreso-de-redu\\\/#primaryimage\"},\"thumbnailUrl\":\"https:\\\/\\\/www.uartes.edu.ec\\\/sitio\\\/wp-content\\\/uploads\\\/2024\\\/11\\\/06-RAMON-REDU.jpg\",\"datePublished\":\"2024-11-21T16:44:00+00:00\",\"dateModified\":\"2024-11-23T22:56:49+00:00\",\"description\":\"Universidad de las Artes - \u201cArte, Educaci\u00f3n y Pedagog\u00eda Cr\u00edtica\u201d, charla magistral del pedagogo cubano Ram\u00f3n Cabrera en el congreso de REDU\",\"breadcrumb\":{\"@id\":\"https:\\\/\\\/www.uartes.edu.ec\\\/sitio\\\/fr\\\/blog\\\/2024\\\/11\\\/21\\\/arte-educacion-y-pedagogia-critica-charla-magistral-del-pedagogo-cubano-ramon-cabrera-en-el-congreso-de-redu\\\/#breadcrumb\"},\"inLanguage\":\"fr-FR\",\"potentialAction\":[{\"@type\":\"ReadAction\",\"target\":[\"https:\\\/\\\/www.uartes.edu.ec\\\/sitio\\\/fr\\\/blog\\\/2024\\\/11\\\/21\\\/arte-educacion-y-pedagogia-critica-charla-magistral-del-pedagogo-cubano-ramon-cabrera-en-el-congreso-de-redu\\\/\"]}]},{\"@type\":\"ImageObject\",\"inLanguage\":\"fr-FR\",\"@id\":\"https:\\\/\\\/www.uartes.edu.ec\\\/sitio\\\/fr\\\/blog\\\/2024\\\/11\\\/21\\\/arte-educacion-y-pedagogia-critica-charla-magistral-del-pedagogo-cubano-ramon-cabrera-en-el-congreso-de-redu\\\/#primaryimage\",\"url\":\"https:\\\/\\\/www.uartes.edu.ec\\\/sitio\\\/wp-content\\\/uploads\\\/2024\\\/11\\\/06-RAMON-REDU.jpg\",\"contentUrl\":\"https:\\\/\\\/www.uartes.edu.ec\\\/sitio\\\/wp-content\\\/uploads\\\/2024\\\/11\\\/06-RAMON-REDU.jpg\",\"width\":2000,\"height\":1333},{\"@type\":\"BreadcrumbList\",\"@id\":\"https:\\\/\\\/www.uartes.edu.ec\\\/sitio\\\/fr\\\/blog\\\/2024\\\/11\\\/21\\\/arte-educacion-y-pedagogia-critica-charla-magistral-del-pedagogo-cubano-ramon-cabrera-en-el-congreso-de-redu\\\/#breadcrumb\",\"itemListElement\":[{\"@type\":\"ListItem\",\"position\":1,\"name\":\"Inicio\",\"item\":\"https:\\\/\\\/www.uartes.edu.ec\\\/sitio\\\/\"},{\"@type\":\"ListItem\",\"position\":2,\"name\":\"\u201cArte, Educaci\u00f3n y Pedagog\u00eda Cr\u00edtica\u201d, charla magistral del pedagogo cubano Ram\u00f3n Cabrera en el congreso de REDU\"}]},{\"@type\":\"WebSite\",\"@id\":\"https:\\\/\\\/www.uartes.edu.ec\\\/sitio\\\/fr\\\/#website\",\"url\":\"https:\\\/\\\/www.uartes.edu.ec\\\/sitio\\\/fr\\\/\",\"name\":\"Universidad de las Artes\",\"description\":\"Sitio oficial de la Universidad Nacional de las Artes del Ecuador\",\"publisher\":{\"@id\":\"https:\\\/\\\/www.uartes.edu.ec\\\/sitio\\\/fr\\\/#organization\"},\"potentialAction\":[{\"@type\":\"SearchAction\",\"target\":{\"@type\":\"EntryPoint\",\"urlTemplate\":\"https:\\\/\\\/www.uartes.edu.ec\\\/sitio\\\/fr\\\/?s={search_term_string}\"},\"query-input\":{\"@type\":\"PropertyValueSpecification\",\"valueRequired\":true,\"valueName\":\"search_term_string\"}}],\"inLanguage\":\"fr-FR\"},{\"@type\":\"Organization\",\"@id\":\"https:\\\/\\\/www.uartes.edu.ec\\\/sitio\\\/fr\\\/#organization\",\"name\":\"Universidad de las Artes\",\"url\":\"https:\\\/\\\/www.uartes.edu.ec\\\/sitio\\\/fr\\\/\",\"logo\":{\"@type\":\"ImageObject\",\"inLanguage\":\"fr-FR\",\"@id\":\"https:\\\/\\\/www.uartes.edu.ec\\\/sitio\\\/fr\\\/#\\\/schema\\\/logo\\\/image\\\/\",\"url\":\"https:\\\/\\\/www.uartes.edu.ec\\\/sitio\\\/wp-content\\\/uploads\\\/2022\\\/07\\\/logo-ua-horizontal.png\",\"contentUrl\":\"https:\\\/\\\/www.uartes.edu.ec\\\/sitio\\\/wp-content\\\/uploads\\\/2022\\\/07\\\/logo-ua-horizontal.png\",\"width\":800,\"height\":276,\"caption\":\"Universidad de las Artes\"},\"image\":{\"@id\":\"https:\\\/\\\/www.uartes.edu.ec\\\/sitio\\\/fr\\\/#\\\/schema\\\/logo\\\/image\\\/\"},\"sameAs\":[\"https:\\\/\\\/www.facebook.com\\\/uartesec\",\"https:\\\/\\\/x.com\\\/uartesec\",\"https:\\\/\\\/www.tiktok.com\\\/@uartesec\"]},{\"@type\":\"Person\",\"@id\":\"https:\\\/\\\/www.uartes.edu.ec\\\/sitio\\\/fr\\\/#\\\/schema\\\/person\\\/efa1b8275797664fd7f13a79ccc0b1f4\",\"name\":\"ccortez\",\"image\":{\"@type\":\"ImageObject\",\"inLanguage\":\"fr-FR\",\"@id\":\"https:\\\/\\\/secure.gravatar.com\\\/avatar\\\/b2a6f664a3ae8e074346ef91775736c5ec479e637ecced6842de9dc98b5da9cd?s=96&d=mm&r=g\",\"url\":\"https:\\\/\\\/secure.gravatar.com\\\/avatar\\\/b2a6f664a3ae8e074346ef91775736c5ec479e637ecced6842de9dc98b5da9cd?s=96&d=mm&r=g\",\"contentUrl\":\"https:\\\/\\\/secure.gravatar.com\\\/avatar\\\/b2a6f664a3ae8e074346ef91775736c5ec479e637ecced6842de9dc98b5da9cd?s=96&d=mm&r=g\",\"caption\":\"ccortez\"},\"url\":\"https:\\\/\\\/www.uartes.edu.ec\\\/sitio\\\/fr\\\/blog\\\/author\\\/ccortez\\\/\"}]}<\/script>\n<!-- \/ Yoast SEO plugin. -->","yoast_head_json":{"title":"Universidad de las Artes - \u201cArte, Educaci\u00f3n y Pedagog\u00eda Cr\u00edtica\u201d, charla magistral del pedagogo cubano Ram\u00f3n Cabrera en el congreso de REDU","description":"Universidad de las Artes - \u201cArte, Educaci\u00f3n y Pedagog\u00eda Cr\u00edtica\u201d, charla magistral del pedagogo cubano Ram\u00f3n Cabrera en el congreso de REDU","robots":{"index":"index","follow":"follow","max-snippet":"max-snippet:-1","max-image-preview":"max-image-preview:large","max-video-preview":"max-video-preview:-1"},"canonical":"https:\/\/www.uartes.edu.ec\/sitio\/fr\/blog\/2024\/11\/21\/arte-educacion-y-pedagogia-critica-charla-magistral-del-pedagogo-cubano-ramon-cabrera-en-el-congreso-de-redu\/","og_locale":"fr_FR","og_type":"article","og_title":"Universidad de las Artes - \u201cArte, Educaci\u00f3n y Pedagog\u00eda Cr\u00edtica\u201d, charla magistral del pedagogo cubano Ram\u00f3n Cabrera en el congreso de REDU","og_description":"Universidad de las Artes - \u201cArte, Educaci\u00f3n y Pedagog\u00eda Cr\u00edtica\u201d, charla magistral del pedagogo cubano Ram\u00f3n Cabrera en el congreso de REDU","og_url":"https:\/\/www.uartes.edu.ec\/sitio\/fr\/blog\/2024\/11\/21\/arte-educacion-y-pedagogia-critica-charla-magistral-del-pedagogo-cubano-ramon-cabrera-en-el-congreso-de-redu\/","og_site_name":"Universidad de las Artes","article_publisher":"https:\/\/www.facebook.com\/uartesec","article_published_time":"2024-11-21T16:44:00+00:00","article_modified_time":"2024-11-23T22:56:49+00:00","og_image":[{"width":2000,"height":1333,"url":"https:\/\/www.uartes.edu.ec\/sitio\/wp-content\/uploads\/2024\/11\/06-RAMON-REDU.jpg","type":"image\/jpeg"}],"author":"ccortez","twitter_card":"summary_large_image","twitter_creator":"@uartesec","twitter_site":"@uartesec","twitter_misc":{"\u00c9crit par":"ccortez","Dur\u00e9e de lecture estim\u00e9e":"7 minutes"},"schema":{"@context":"https:\/\/schema.org","@graph":[{"@type":"Article","@id":"https:\/\/www.uartes.edu.ec\/sitio\/fr\/blog\/2024\/11\/21\/arte-educacion-y-pedagogia-critica-charla-magistral-del-pedagogo-cubano-ramon-cabrera-en-el-congreso-de-redu\/#article","isPartOf":{"@id":"https:\/\/www.uartes.edu.ec\/sitio\/fr\/blog\/2024\/11\/21\/arte-educacion-y-pedagogia-critica-charla-magistral-del-pedagogo-cubano-ramon-cabrera-en-el-congreso-de-redu\/"},"author":{"name":"ccortez","@id":"https:\/\/www.uartes.edu.ec\/sitio\/fr\/#\/schema\/person\/efa1b8275797664fd7f13a79ccc0b1f4"},"headline":"\u201cArte, Educaci\u00f3n y Pedagog\u00eda Cr\u00edtica\u201d, charla magistral del pedagogo cubano Ram\u00f3n Cabrera en el congreso de REDU","datePublished":"2024-11-21T16:44:00+00:00","dateModified":"2024-11-23T22:56:49+00:00","mainEntityOfPage":{"@id":"https:\/\/www.uartes.edu.ec\/sitio\/fr\/blog\/2024\/11\/21\/arte-educacion-y-pedagogia-critica-charla-magistral-del-pedagogo-cubano-ramon-cabrera-en-el-congreso-de-redu\/"},"wordCount":1302,"commentCount":0,"publisher":{"@id":"https:\/\/www.uartes.edu.ec\/sitio\/fr\/#organization"},"image":{"@id":"https:\/\/www.uartes.edu.ec\/sitio\/fr\/blog\/2024\/11\/21\/arte-educacion-y-pedagogia-critica-charla-magistral-del-pedagogo-cubano-ramon-cabrera-en-el-congreso-de-redu\/#primaryimage"},"thumbnailUrl":"https:\/\/www.uartes.edu.ec\/sitio\/wp-content\/uploads\/2024\/11\/06-RAMON-REDU.jpg","keywords":["congreso"],"articleSection":["Acad\u00e9mico","Alumni","Artes","Docentes","Estudiantes","Gesti\u00f3n","Investigaci\u00f3n","Sedes"],"inLanguage":"fr-FR","potentialAction":[{"@type":"CommentAction","name":"Comment","target":["https:\/\/www.uartes.edu.ec\/sitio\/fr\/blog\/2024\/11\/21\/arte-educacion-y-pedagogia-critica-charla-magistral-del-pedagogo-cubano-ramon-cabrera-en-el-congreso-de-redu\/#respond"]}]},{"@type":["WebPage","ItemPage"],"@id":"https:\/\/www.uartes.edu.ec\/sitio\/fr\/blog\/2024\/11\/21\/arte-educacion-y-pedagogia-critica-charla-magistral-del-pedagogo-cubano-ramon-cabrera-en-el-congreso-de-redu\/","url":"https:\/\/www.uartes.edu.ec\/sitio\/fr\/blog\/2024\/11\/21\/arte-educacion-y-pedagogia-critica-charla-magistral-del-pedagogo-cubano-ramon-cabrera-en-el-congreso-de-redu\/","name":"Universidad de las Artes - \u201cArte, Educaci\u00f3n y Pedagog\u00eda Cr\u00edtica\u201d, charla magistral del pedagogo cubano Ram\u00f3n Cabrera en el congreso de REDU","isPartOf":{"@id":"https:\/\/www.uartes.edu.ec\/sitio\/fr\/#website"},"primaryImageOfPage":{"@id":"https:\/\/www.uartes.edu.ec\/sitio\/fr\/blog\/2024\/11\/21\/arte-educacion-y-pedagogia-critica-charla-magistral-del-pedagogo-cubano-ramon-cabrera-en-el-congreso-de-redu\/#primaryimage"},"image":{"@id":"https:\/\/www.uartes.edu.ec\/sitio\/fr\/blog\/2024\/11\/21\/arte-educacion-y-pedagogia-critica-charla-magistral-del-pedagogo-cubano-ramon-cabrera-en-el-congreso-de-redu\/#primaryimage"},"thumbnailUrl":"https:\/\/www.uartes.edu.ec\/sitio\/wp-content\/uploads\/2024\/11\/06-RAMON-REDU.jpg","datePublished":"2024-11-21T16:44:00+00:00","dateModified":"2024-11-23T22:56:49+00:00","description":"Universidad de las Artes - \u201cArte, Educaci\u00f3n y Pedagog\u00eda Cr\u00edtica\u201d, charla magistral del pedagogo cubano Ram\u00f3n Cabrera en el congreso de REDU","breadcrumb":{"@id":"https:\/\/www.uartes.edu.ec\/sitio\/fr\/blog\/2024\/11\/21\/arte-educacion-y-pedagogia-critica-charla-magistral-del-pedagogo-cubano-ramon-cabrera-en-el-congreso-de-redu\/#breadcrumb"},"inLanguage":"fr-FR","potentialAction":[{"@type":"ReadAction","target":["https:\/\/www.uartes.edu.ec\/sitio\/fr\/blog\/2024\/11\/21\/arte-educacion-y-pedagogia-critica-charla-magistral-del-pedagogo-cubano-ramon-cabrera-en-el-congreso-de-redu\/"]}]},{"@type":"ImageObject","inLanguage":"fr-FR","@id":"https:\/\/www.uartes.edu.ec\/sitio\/fr\/blog\/2024\/11\/21\/arte-educacion-y-pedagogia-critica-charla-magistral-del-pedagogo-cubano-ramon-cabrera-en-el-congreso-de-redu\/#primaryimage","url":"https:\/\/www.uartes.edu.ec\/sitio\/wp-content\/uploads\/2024\/11\/06-RAMON-REDU.jpg","contentUrl":"https:\/\/www.uartes.edu.ec\/sitio\/wp-content\/uploads\/2024\/11\/06-RAMON-REDU.jpg","width":2000,"height":1333},{"@type":"BreadcrumbList","@id":"https:\/\/www.uartes.edu.ec\/sitio\/fr\/blog\/2024\/11\/21\/arte-educacion-y-pedagogia-critica-charla-magistral-del-pedagogo-cubano-ramon-cabrera-en-el-congreso-de-redu\/#breadcrumb","itemListElement":[{"@type":"ListItem","position":1,"name":"Inicio","item":"https:\/\/www.uartes.edu.ec\/sitio\/"},{"@type":"ListItem","position":2,"name":"\u201cArte, Educaci\u00f3n y Pedagog\u00eda Cr\u00edtica\u201d, charla magistral del pedagogo cubano Ram\u00f3n Cabrera en el congreso de REDU"}]},{"@type":"WebSite","@id":"https:\/\/www.uartes.edu.ec\/sitio\/fr\/#website","url":"https:\/\/www.uartes.edu.ec\/sitio\/fr\/","name":"Universidad de las Artes","description":"Sitio oficial de la Universidad Nacional de las Artes del Ecuador","publisher":{"@id":"https:\/\/www.uartes.edu.ec\/sitio\/fr\/#organization"},"potentialAction":[{"@type":"SearchAction","target":{"@type":"EntryPoint","urlTemplate":"https:\/\/www.uartes.edu.ec\/sitio\/fr\/?s={search_term_string}"},"query-input":{"@type":"PropertyValueSpecification","valueRequired":true,"valueName":"search_term_string"}}],"inLanguage":"fr-FR"},{"@type":"Organization","@id":"https:\/\/www.uartes.edu.ec\/sitio\/fr\/#organization","name":"Universidad de las Artes","url":"https:\/\/www.uartes.edu.ec\/sitio\/fr\/","logo":{"@type":"ImageObject","inLanguage":"fr-FR","@id":"https:\/\/www.uartes.edu.ec\/sitio\/fr\/#\/schema\/logo\/image\/","url":"https:\/\/www.uartes.edu.ec\/sitio\/wp-content\/uploads\/2022\/07\/logo-ua-horizontal.png","contentUrl":"https:\/\/www.uartes.edu.ec\/sitio\/wp-content\/uploads\/2022\/07\/logo-ua-horizontal.png","width":800,"height":276,"caption":"Universidad de las Artes"},"image":{"@id":"https:\/\/www.uartes.edu.ec\/sitio\/fr\/#\/schema\/logo\/image\/"},"sameAs":["https:\/\/www.facebook.com\/uartesec","https:\/\/x.com\/uartesec","https:\/\/www.tiktok.com\/@uartesec"]},{"@type":"Person","@id":"https:\/\/www.uartes.edu.ec\/sitio\/fr\/#\/schema\/person\/efa1b8275797664fd7f13a79ccc0b1f4","name":"ccortez","image":{"@type":"ImageObject","inLanguage":"fr-FR","@id":"https:\/\/secure.gravatar.com\/avatar\/b2a6f664a3ae8e074346ef91775736c5ec479e637ecced6842de9dc98b5da9cd?s=96&d=mm&r=g","url":"https:\/\/secure.gravatar.com\/avatar\/b2a6f664a3ae8e074346ef91775736c5ec479e637ecced6842de9dc98b5da9cd?s=96&d=mm&r=g","contentUrl":"https:\/\/secure.gravatar.com\/avatar\/b2a6f664a3ae8e074346ef91775736c5ec479e637ecced6842de9dc98b5da9cd?s=96&d=mm&r=g","caption":"ccortez"},"url":"https:\/\/www.uartes.edu.ec\/sitio\/fr\/blog\/author\/ccortez\/"}]}},"uagb_featured_image_src":{"full":["https:\/\/www.uartes.edu.ec\/sitio\/wp-content\/uploads\/2024\/11\/06-RAMON-REDU.jpg",2000,1333,false],"thumbnail":["https:\/\/www.uartes.edu.ec\/sitio\/wp-content\/uploads\/2024\/11\/06-RAMON-REDU-150x150.jpg",150,150,true],"medium":["https:\/\/www.uartes.edu.ec\/sitio\/wp-content\/uploads\/2024\/11\/06-RAMON-REDU-300x200.jpg",300,200,true],"medium_large":["https:\/\/www.uartes.edu.ec\/sitio\/wp-content\/uploads\/2024\/11\/06-RAMON-REDU-768x512.jpg",768,512,true],"large":["https:\/\/www.uartes.edu.ec\/sitio\/wp-content\/uploads\/2024\/11\/06-RAMON-REDU-644x429.jpg",644,429,true],"1536x1536":["https:\/\/www.uartes.edu.ec\/sitio\/wp-content\/uploads\/2024\/11\/06-RAMON-REDU-1536x1024.jpg",1536,1024,true],"2048x2048":["https:\/\/www.uartes.edu.ec\/sitio\/wp-content\/uploads\/2024\/11\/06-RAMON-REDU.jpg",2000,1333,false],"trp-custom-language-flag":["https:\/\/www.uartes.edu.ec\/sitio\/wp-content\/uploads\/2024\/11\/06-RAMON-REDU-18x12.jpg",18,12,true],"htmega_size_585x295":["https:\/\/www.uartes.edu.ec\/sitio\/wp-content\/uploads\/2024\/11\/06-RAMON-REDU-585x295.jpg",585,295,true],"htmega_size_1170x536":["https:\/\/www.uartes.edu.ec\/sitio\/wp-content\/uploads\/2024\/11\/06-RAMON-REDU-1170x536.jpg",1170,536,true],"htmega_size_396x360":["https:\/\/www.uartes.edu.ec\/sitio\/wp-content\/uploads\/2024\/11\/06-RAMON-REDU-396x360.jpg",396,360,true],"gb-block-post-grid-landscape":["https:\/\/www.uartes.edu.ec\/sitio\/wp-content\/uploads\/2024\/11\/06-RAMON-REDU-600x400.jpg",600,400,true],"gb-block-post-grid-square":["https:\/\/www.uartes.edu.ec\/sitio\/wp-content\/uploads\/2024\/11\/06-RAMON-REDU-600x600.jpg",600,600,true],"university-hub-thumb":["https:\/\/www.uartes.edu.ec\/sitio\/wp-content\/uploads\/2024\/11\/06-RAMON-REDU-400x267.jpg",400,267,true],"mailpoet_newsletter_max":["https:\/\/www.uartes.edu.ec\/sitio\/wp-content\/uploads\/2024\/11\/06-RAMON-REDU.jpg",1320,880,false]},"uagb_author_info":{"display_name":"ccortez","author_link":"https:\/\/www.uartes.edu.ec\/sitio\/fr\/blog\/author\/ccortez\/"},"uagb_comment_info":0,"uagb_excerpt":"El encuentro con el pedagogo cubano Ram\u00f3n Cabrera Salort en el XI Congreso Internacional de Investigaci\u00f3n de REDU se dio el segundo d\u00eda de su inauguraci\u00f3n, registrada el martes 19 de noviembre en la UArtes. La intervenci\u00f3n del tambi\u00e9n investigador en temas sobre arte y educaci\u00f3n art\u00edstica fue una mirada decolonial en la que invit\u00f3\u2026","featured_image_src":"https:\/\/www.uartes.edu.ec\/sitio\/wp-content\/uploads\/2024\/11\/06-RAMON-REDU-600x400.jpg","featured_image_src_square":"https:\/\/www.uartes.edu.ec\/sitio\/wp-content\/uploads\/2024\/11\/06-RAMON-REDU-600x600.jpg","author_info":{"display_name":"ccortez","author_link":"https:\/\/www.uartes.edu.ec\/sitio\/fr\/blog\/author\/ccortez\/"},"publishpress_future_workflow_manual_trigger":{"enabledWorkflows":[]},"distributor_meta":false,"distributor_terms":false,"distributor_media":false,"distributor_original_site_name":"Universidad de las Artes","distributor_original_site_url":"https:\/\/www.uartes.edu.ec\/sitio\/fr","push-errors":false,"_links":{"self":[{"href":"https:\/\/www.uartes.edu.ec\/sitio\/fr\/wp-json\/wp\/v2\/posts\/64987","targetHints":{"allow":["GET"]}}],"collection":[{"href":"https:\/\/www.uartes.edu.ec\/sitio\/fr\/wp-json\/wp\/v2\/posts"}],"about":[{"href":"https:\/\/www.uartes.edu.ec\/sitio\/fr\/wp-json\/wp\/v2\/types\/post"}],"author":[{"embeddable":true,"href":"https:\/\/www.uartes.edu.ec\/sitio\/fr\/wp-json\/wp\/v2\/users\/10"}],"replies":[{"embeddable":true,"href":"https:\/\/www.uartes.edu.ec\/sitio\/fr\/wp-json\/wp\/v2\/comments?post=64987"}],"version-history":[{"count":4,"href":"https:\/\/www.uartes.edu.ec\/sitio\/fr\/wp-json\/wp\/v2\/posts\/64987\/revisions"}],"predecessor-version":[{"id":64999,"href":"https:\/\/www.uartes.edu.ec\/sitio\/fr\/wp-json\/wp\/v2\/posts\/64987\/revisions\/64999"}],"wp:featuredmedia":[{"embeddable":true,"href":"https:\/\/www.uartes.edu.ec\/sitio\/fr\/wp-json\/wp\/v2\/media\/64991"}],"wp:attachment":[{"href":"https:\/\/www.uartes.edu.ec\/sitio\/fr\/wp-json\/wp\/v2\/media?parent=64987"}],"wp:term":[{"taxonomy":"category","embeddable":true,"href":"https:\/\/www.uartes.edu.ec\/sitio\/fr\/wp-json\/wp\/v2\/categories?post=64987"},{"taxonomy":"post_tag","embeddable":true,"href":"https:\/\/www.uartes.edu.ec\/sitio\/fr\/wp-json\/wp\/v2\/tags?post=64987"},{"taxonomy":"infouartes","embeddable":true,"href":"https:\/\/www.uartes.edu.ec\/sitio\/fr\/wp-json\/wp\/v2\/infouartes?post=64987"}],"curies":[{"name":"wp","href":"https:\/\/api.w.org\/{rel}","templated":true}]}}