{"id":65110,"date":"2024-11-23T16:14:00","date_gmt":"2024-11-23T21:14:00","guid":{"rendered":"https:\/\/www.uartes.edu.ec\/sitio\/?p=65110"},"modified":"2024-11-26T11:28:48","modified_gmt":"2024-11-26T16:28:48","slug":"un-recorrido-por-las-muestras-de-los-proyectos-son-sazon-y-arrullos-y-paisaje-desdoblamiento","status":"publish","type":"post","link":"https:\/\/www.uartes.edu.ec\/sitio\/fr\/blog\/2024\/11\/23\/un-recorrido-por-las-muestras-de-los-proyectos-son-sazon-y-arrullos-y-paisaje-desdoblamiento\/","title":{"rendered":"Visitas guiadas a las muestras \u201cSon, saz\u00f3n y arrullos\u201d y \u201cPaisaje-desdoblamiento\u201d"},"content":{"rendered":"<p>Las visitas guiadas tambi\u00e9n constaron en la agenda del XI Congreso Internacional de Investigaci\u00f3n de la Red Ecuatoriana de Universidades y Escuelas Polit\u00e9cnicas para Investigaci\u00f3n y Posgrados (REDU), del cual la UArtes fue su anfitriona. Hubo dos, una programada el mi\u00e9rcoles 20 de noviembre en la Galer\u00eda de CIF, donde se encuentra \u201cSon, saz\u00f3n y arrullos\u201d, muestra resultado de un proyecto de vinculaci\u00f3n con la sociedad hom\u00f3nimo; la segunda se realiz\u00f3 ayer, viernes 22, y correspondieron a las exposiciones del proyecto \u201cPaisaje-desdoblamiento: El desmembramiento de Acte\u00f3n\u201d que est\u00e1n en el Museo Municipal y el Museo Antropol\u00f3gico y de Arte Contempor\u00e1neo (MAAC).<\/p>\n\n\n\n<p>\u201cSon, saz\u00f3n y arrullos\u201d est\u00e1 en la galer\u00eda del MZ14 Centro de Producci\u00f3n e Innovaci\u00f3n UArtes desde la reciente edici\u00f3n 2024 de Libre Libro, Encuentro de Editoriales Independientes que realiz\u00f3 nuestra Escuela de Literatura. Al igual que en su inauguraci\u00f3n, la gu\u00eda por el espacio expositivo la hizo la docente Mar\u00eda Alejandra Zambrano, quien detall\u00f3 las im\u00e1genes, recetas, mesa con condimentos y especias, una pantalla en la que rota el documental \u201cSon, saz\u00f3n y arrullos, cocina afroecuatoriana por j\u00f3venes cineastas\u201d y textos en grandes formatos de autores que, justamente, hacen referencia a preparaciones culinarias de nuestros afrodescendientes.<\/p>\n\n\n<div class=\"wp-block-image\">\n<figure class=\"aligncenter size-large\"><img fetchpriority=\"high\" decoding=\"async\" width=\"644\" height=\"429\" src=\"https:\/\/www.uartes.edu.ec\/sitio\/wp-content\/uploads\/2024\/11\/35-EXPOSICION-LOIBRE-LIBRO-2024-644x429.jpg\" alt=\"\" class=\"wp-image-64208\" srcset=\"https:\/\/www.uartes.edu.ec\/sitio\/wp-content\/uploads\/2024\/11\/35-EXPOSICION-LOIBRE-LIBRO-2024-644x429.jpg 644w, https:\/\/www.uartes.edu.ec\/sitio\/wp-content\/uploads\/2024\/11\/35-EXPOSICION-LOIBRE-LIBRO-2024-300x200.jpg 300w, https:\/\/www.uartes.edu.ec\/sitio\/wp-content\/uploads\/2024\/11\/35-EXPOSICION-LOIBRE-LIBRO-2024-768x512.jpg 768w, https:\/\/www.uartes.edu.ec\/sitio\/wp-content\/uploads\/2024\/11\/35-EXPOSICION-LOIBRE-LIBRO-2024-1536x1024.jpg 1536w, https:\/\/www.uartes.edu.ec\/sitio\/wp-content\/uploads\/2024\/11\/35-EXPOSICION-LOIBRE-LIBRO-2024-18x12.jpg 18w, https:\/\/www.uartes.edu.ec\/sitio\/wp-content\/uploads\/2024\/11\/35-EXPOSICION-LOIBRE-LIBRO-2024-600x400.jpg 600w, https:\/\/www.uartes.edu.ec\/sitio\/wp-content\/uploads\/2024\/11\/35-EXPOSICION-LOIBRE-LIBRO-2024-400x267.jpg 400w, https:\/\/www.uartes.edu.ec\/sitio\/wp-content\/uploads\/2024\/11\/35-EXPOSICION-LOIBRE-LIBRO-2024-272x182.jpg 272w, https:\/\/www.uartes.edu.ec\/sitio\/wp-content\/uploads\/2024\/11\/35-EXPOSICION-LOIBRE-LIBRO-2024.jpg 2000w\" sizes=\"(max-width: 644px) 100vw, 644px\" \/><\/figure>\n<\/div>\n\n\n<figure class=\"wp-block-gallery has-nested-images columns-default is-cropped wp-block-gallery-1 is-layout-flex wp-block-gallery-is-layout-flex\">\n<figure class=\"wp-block-image size-large\"><img decoding=\"async\" width=\"644\" height=\"429\" data-id=\"64210\" src=\"https:\/\/www.uartes.edu.ec\/sitio\/wp-content\/uploads\/2024\/11\/33-EXPOSICION-LOIBRE-LIBRO-2024-644x429.jpg\" alt=\"\" class=\"wp-image-64210\" srcset=\"https:\/\/www.uartes.edu.ec\/sitio\/wp-content\/uploads\/2024\/11\/33-EXPOSICION-LOIBRE-LIBRO-2024-644x429.jpg 644w, https:\/\/www.uartes.edu.ec\/sitio\/wp-content\/uploads\/2024\/11\/33-EXPOSICION-LOIBRE-LIBRO-2024-300x200.jpg 300w, https:\/\/www.uartes.edu.ec\/sitio\/wp-content\/uploads\/2024\/11\/33-EXPOSICION-LOIBRE-LIBRO-2024-768x512.jpg 768w, https:\/\/www.uartes.edu.ec\/sitio\/wp-content\/uploads\/2024\/11\/33-EXPOSICION-LOIBRE-LIBRO-2024-1536x1024.jpg 1536w, https:\/\/www.uartes.edu.ec\/sitio\/wp-content\/uploads\/2024\/11\/33-EXPOSICION-LOIBRE-LIBRO-2024-18x12.jpg 18w, https:\/\/www.uartes.edu.ec\/sitio\/wp-content\/uploads\/2024\/11\/33-EXPOSICION-LOIBRE-LIBRO-2024-600x400.jpg 600w, https:\/\/www.uartes.edu.ec\/sitio\/wp-content\/uploads\/2024\/11\/33-EXPOSICION-LOIBRE-LIBRO-2024-400x267.jpg 400w, https:\/\/www.uartes.edu.ec\/sitio\/wp-content\/uploads\/2024\/11\/33-EXPOSICION-LOIBRE-LIBRO-2024-272x182.jpg 272w, https:\/\/www.uartes.edu.ec\/sitio\/wp-content\/uploads\/2024\/11\/33-EXPOSICION-LOIBRE-LIBRO-2024.jpg 2000w\" sizes=\"(max-width: 644px) 100vw, 644px\" \/><\/figure>\n\n\n\n<figure class=\"wp-block-image size-large\"><img decoding=\"async\" width=\"644\" height=\"429\" data-id=\"64209\" src=\"https:\/\/www.uartes.edu.ec\/sitio\/wp-content\/uploads\/2024\/11\/30-EXPOSICION-LOIBRE-LIBRO-2024-644x429.jpg\" alt=\"\" class=\"wp-image-64209\" srcset=\"https:\/\/www.uartes.edu.ec\/sitio\/wp-content\/uploads\/2024\/11\/30-EXPOSICION-LOIBRE-LIBRO-2024-644x429.jpg 644w, https:\/\/www.uartes.edu.ec\/sitio\/wp-content\/uploads\/2024\/11\/30-EXPOSICION-LOIBRE-LIBRO-2024-300x200.jpg 300w, https:\/\/www.uartes.edu.ec\/sitio\/wp-content\/uploads\/2024\/11\/30-EXPOSICION-LOIBRE-LIBRO-2024-768x512.jpg 768w, https:\/\/www.uartes.edu.ec\/sitio\/wp-content\/uploads\/2024\/11\/30-EXPOSICION-LOIBRE-LIBRO-2024-1536x1024.jpg 1536w, https:\/\/www.uartes.edu.ec\/sitio\/wp-content\/uploads\/2024\/11\/30-EXPOSICION-LOIBRE-LIBRO-2024-18x12.jpg 18w, https:\/\/www.uartes.edu.ec\/sitio\/wp-content\/uploads\/2024\/11\/30-EXPOSICION-LOIBRE-LIBRO-2024-600x400.jpg 600w, https:\/\/www.uartes.edu.ec\/sitio\/wp-content\/uploads\/2024\/11\/30-EXPOSICION-LOIBRE-LIBRO-2024-400x267.jpg 400w, https:\/\/www.uartes.edu.ec\/sitio\/wp-content\/uploads\/2024\/11\/30-EXPOSICION-LOIBRE-LIBRO-2024-272x182.jpg 272w, https:\/\/www.uartes.edu.ec\/sitio\/wp-content\/uploads\/2024\/11\/30-EXPOSICION-LOIBRE-LIBRO-2024.jpg 2000w\" sizes=\"(max-width: 644px) 100vw, 644px\" \/><\/figure>\n<\/figure>\n\n\n\n<p><\/p>\n\n\n\n<p>El recorrido por \u201cPaisaje-desdoblamiento: El desmembramiento de Acte\u00f3n\u201d corri\u00f3 a cargo de los artistas que intervienen en el proyecto Saidel Brito, Jorge Aycart y Armando Busquets. El trayecto lo realizaron los invitados internacionales al congreso de REDU, as\u00ed como docentes y estudiantes de las universidades del pa\u00eds que integran con la UArtes la red.<\/p>\n\n\n\n<p>La exposici\u00f3n de Saidel Brito es una cr\u00edtica contundente a la tortura y la violaci\u00f3n de derechos humanos, combinando medios como el dibujo, la escultura y la instalaci\u00f3n. Se organiza en torno a tres proyectos clave: \u201cHabeas Corpus, una reflexi\u00f3n sobre la fragilidad de las garant\u00edas legales frente a la violencia\u201d; \u201cT\u00e9cnicas de interrogatorio mejoradas, que aborda el uso sistem\u00e1tico de la tortura en contextos represivos\u201d; y \u201cSensaciones secundarias de capital hereditario, una exploraci\u00f3n de las marcas del sufrimiento que persisten a nivel individual y colectivo\u201d.<\/p>\n\n\n\n<p>Jorge Aycart, por su parte, ofrece una mirada fascinante sobre la relaci\u00f3n entre lo fugaz y lo permanente. Inspirado en los conceptos de lo transitorio (fl\u00fcchtig) y las din\u00e1micas complejas del pensamiento err\u00e1tico (fus\u00e9e), su muestra desaf\u00eda las nociones tradicionales del tiempo. A trav\u00e9s de instalaciones que rompen con la linealidad temporal, el artista crea un espacio que evoca inquietud y reflexi\u00f3n sobre lo mec\u00e1nico y lo ef\u00edmero.<\/p>\n\n\n\n<p>Estas exposiciones prometen ser un di\u00e1logo potente sobre temas de memoria, tiempo y derechos humanos, posicionando a ambos artistas como figuras clave en el panorama art\u00edstico contempor\u00e1neo.<\/p>\n\n\n<div class=\"wp-block-image\">\n<figure class=\"aligncenter size-large\"><img loading=\"lazy\" decoding=\"async\" width=\"644\" height=\"429\" src=\"https:\/\/www.uartes.edu.ec\/sitio\/wp-content\/uploads\/2024\/11\/Y1-644x429.png\" alt=\"\" class=\"wp-image-65112\" srcset=\"https:\/\/www.uartes.edu.ec\/sitio\/wp-content\/uploads\/2024\/11\/Y1-644x429.png 644w, https:\/\/www.uartes.edu.ec\/sitio\/wp-content\/uploads\/2024\/11\/Y1-300x200.png 300w, https:\/\/www.uartes.edu.ec\/sitio\/wp-content\/uploads\/2024\/11\/Y1-768x512.png 768w, https:\/\/www.uartes.edu.ec\/sitio\/wp-content\/uploads\/2024\/11\/Y1-1536x1024.png 1536w, https:\/\/www.uartes.edu.ec\/sitio\/wp-content\/uploads\/2024\/11\/Y1-18x12.png 18w, https:\/\/www.uartes.edu.ec\/sitio\/wp-content\/uploads\/2024\/11\/Y1-600x400.png 600w, https:\/\/www.uartes.edu.ec\/sitio\/wp-content\/uploads\/2024\/11\/Y1-400x267.png 400w, https:\/\/www.uartes.edu.ec\/sitio\/wp-content\/uploads\/2024\/11\/Y1-272x182.png 272w, https:\/\/www.uartes.edu.ec\/sitio\/wp-content\/uploads\/2024\/11\/Y1.png 2000w\" sizes=\"(max-width: 644px) 100vw, 644px\" \/><\/figure>\n<\/div>\n\n\n<p>Texto: Eleinn Rivera, estudiante de la Escuela de Literatura\/Carmen Cortez, Dircom.<br>Fotos: Eleinn Rivera y archivo. Principal: Saidel Brito en el MAAC. Las siguientes corresponden a la muestra \u00abSon, saz\u00f3n y arrullos\u00bb y \u201cPaisaje-desdoblamiento: El desmembramiento de Acte\u00f3n\u201d.<\/p>\n\n\n\n<p><\/p>","protected":false},"excerpt":{"rendered":"<p>Las visitas guiadas tambi\u00e9n constaron en la agenda del XI Congreso Internacional de Investigaci\u00f3n de REDU, del cual la UArtes fue sede. Hubo dos, una programada el mi\u00e9rcoles 20 de noviembre en la Galer\u00eda de CIF, donde se encuentra \u201cSon, saz\u00f3n y arrullos\u201d, muestra resultado de un proyecto de vinculaci\u00f3n con la sociedad hom\u00f3nimo; la segunda se realiz\u00f3 ayer a las exposiciones del proyecto \u201cPaisaje-desdoblamiento: El desmembramiento de Acte\u00f3n\u201d que est\u00e1n en el Museo Municipal y el MAAC.<\/p>","protected":false},"author":10,"featured_media":65111,"comment_status":"open","ping_status":"open","sticky":false,"template":"","format":"standard","meta":{"_acf_changed":false,"_uag_custom_page_level_css":"","_monsterinsights_skip_tracking":false,"_monsterinsights_sitenote_active":false,"_monsterinsights_sitenote_note":"","_monsterinsights_sitenote_category":0,"cybocfi_hide_featured_image":"","footnotes":""},"categories":[80,82,75,76,77,284,83],"tags":[622],"infouartes":[],"class_list":["post-65110","post","type-post","status-publish","format-standard","has-post-thumbnail","hentry","category-academico","category-artes","category-docentes","category-estudiantes","category-gestion","category-investigacion","category-sedes","tag-congreso"],"acf":[],"yoast_head":"<!-- This site is optimized with the Yoast SEO plugin v27.4 - https:\/\/yoast.com\/product\/yoast-seo-wordpress\/ -->\n<title>Universidad de las Artes - Visitas guiadas a las muestras \u201cSon, saz\u00f3n y arrullos\u201d y \u201cPaisaje-desdoblamiento\u201d<\/title>\n<meta name=\"description\" content=\"Universidad de las Artes - Visitas guiadas a las muestras \u201cSon, saz\u00f3n y arrullos\u201d y \u201cPaisaje-desdoblamiento\u201d\" \/>\n<meta name=\"robots\" content=\"index, follow, max-snippet:-1, max-image-preview:large, max-video-preview:-1\" \/>\n<link rel=\"canonical\" href=\"https:\/\/www.uartes.edu.ec\/sitio\/fr\/blog\/2024\/11\/23\/un-recorrido-por-las-muestras-de-los-proyectos-son-sazon-y-arrullos-y-paisaje-desdoblamiento\/\" \/>\n<meta property=\"og:locale\" content=\"fr_FR\" \/>\n<meta property=\"og:type\" content=\"article\" \/>\n<meta property=\"og:title\" content=\"Universidad de las Artes - Visitas guiadas a las muestras \u201cSon, saz\u00f3n y arrullos\u201d y \u201cPaisaje-desdoblamiento\u201d\" \/>\n<meta property=\"og:description\" content=\"Universidad de las Artes - Visitas guiadas a las muestras \u201cSon, saz\u00f3n y arrullos\u201d y \u201cPaisaje-desdoblamiento\u201d\" \/>\n<meta property=\"og:url\" content=\"https:\/\/www.uartes.edu.ec\/sitio\/fr\/blog\/2024\/11\/23\/un-recorrido-por-las-muestras-de-los-proyectos-son-sazon-y-arrullos-y-paisaje-desdoblamiento\/\" \/>\n<meta property=\"og:site_name\" content=\"Universidad de las Artes\" \/>\n<meta property=\"article:publisher\" content=\"https:\/\/www.facebook.com\/uartesec\" \/>\n<meta property=\"article:published_time\" content=\"2024-11-23T21:14:00+00:00\" \/>\n<meta property=\"article:modified_time\" content=\"2024-11-26T16:28:48+00:00\" \/>\n<meta property=\"og:image\" content=\"https:\/\/www.uartes.edu.ec\/sitio\/wp-content\/uploads\/2024\/11\/Y2-644x429.png\" \/>\n\t<meta property=\"og:image:width\" content=\"644\" \/>\n\t<meta property=\"og:image:height\" content=\"429\" \/>\n\t<meta property=\"og:image:type\" content=\"image\/png\" \/>\n<meta name=\"author\" content=\"ccortez\" \/>\n<meta name=\"twitter:card\" content=\"summary_large_image\" \/>\n<meta name=\"twitter:creator\" content=\"@uartesec\" \/>\n<meta name=\"twitter:site\" content=\"@uartesec\" \/>\n<meta name=\"twitter:label1\" content=\"\u00c9crit par\" \/>\n\t<meta name=\"twitter:data1\" content=\"ccortez\" \/>\n\t<meta name=\"twitter:label2\" content=\"Dur\u00e9e de lecture estim\u00e9e\" \/>\n\t<meta name=\"twitter:data2\" content=\"4 minutes\" \/>\n<script type=\"application\/ld+json\" class=\"yoast-schema-graph\">{\"@context\":\"https:\\\/\\\/schema.org\",\"@graph\":[{\"@type\":\"Article\",\"@id\":\"https:\\\/\\\/www.uartes.edu.ec\\\/sitio\\\/fr\\\/blog\\\/2024\\\/11\\\/23\\\/un-recorrido-por-las-muestras-de-los-proyectos-son-sazon-y-arrullos-y-paisaje-desdoblamiento\\\/#article\",\"isPartOf\":{\"@id\":\"https:\\\/\\\/www.uartes.edu.ec\\\/sitio\\\/fr\\\/blog\\\/2024\\\/11\\\/23\\\/un-recorrido-por-las-muestras-de-los-proyectos-son-sazon-y-arrullos-y-paisaje-desdoblamiento\\\/\"},\"author\":{\"name\":\"ccortez\",\"@id\":\"https:\\\/\\\/www.uartes.edu.ec\\\/sitio\\\/fr\\\/#\\\/schema\\\/person\\\/efa1b8275797664fd7f13a79ccc0b1f4\"},\"headline\":\"Visitas guiadas a las muestras \u201cSon, saz\u00f3n y arrullos\u201d y \u201cPaisaje-desdoblamiento\u201d\",\"datePublished\":\"2024-11-23T21:14:00+00:00\",\"dateModified\":\"2024-11-26T16:28:48+00:00\",\"mainEntityOfPage\":{\"@id\":\"https:\\\/\\\/www.uartes.edu.ec\\\/sitio\\\/fr\\\/blog\\\/2024\\\/11\\\/23\\\/un-recorrido-por-las-muestras-de-los-proyectos-son-sazon-y-arrullos-y-paisaje-desdoblamiento\\\/\"},\"wordCount\":531,\"commentCount\":0,\"publisher\":{\"@id\":\"https:\\\/\\\/www.uartes.edu.ec\\\/sitio\\\/fr\\\/#organization\"},\"image\":{\"@id\":\"https:\\\/\\\/www.uartes.edu.ec\\\/sitio\\\/fr\\\/blog\\\/2024\\\/11\\\/23\\\/un-recorrido-por-las-muestras-de-los-proyectos-son-sazon-y-arrullos-y-paisaje-desdoblamiento\\\/#primaryimage\"},\"thumbnailUrl\":\"https:\\\/\\\/www.uartes.edu.ec\\\/sitio\\\/wp-content\\\/uploads\\\/2024\\\/11\\\/Y2.png\",\"keywords\":[\"congreso\"],\"articleSection\":[\"Acad\u00e9mico\",\"Artes\",\"Docentes\",\"Estudiantes\",\"Gesti\u00f3n\",\"Investigaci\u00f3n\",\"Sedes\"],\"inLanguage\":\"fr-FR\",\"potentialAction\":[{\"@type\":\"CommentAction\",\"name\":\"Comment\",\"target\":[\"https:\\\/\\\/www.uartes.edu.ec\\\/sitio\\\/fr\\\/blog\\\/2024\\\/11\\\/23\\\/un-recorrido-por-las-muestras-de-los-proyectos-son-sazon-y-arrullos-y-paisaje-desdoblamiento\\\/#respond\"]}]},{\"@type\":[\"WebPage\",\"ItemPage\"],\"@id\":\"https:\\\/\\\/www.uartes.edu.ec\\\/sitio\\\/fr\\\/blog\\\/2024\\\/11\\\/23\\\/un-recorrido-por-las-muestras-de-los-proyectos-son-sazon-y-arrullos-y-paisaje-desdoblamiento\\\/\",\"url\":\"https:\\\/\\\/www.uartes.edu.ec\\\/sitio\\\/fr\\\/blog\\\/2024\\\/11\\\/23\\\/un-recorrido-por-las-muestras-de-los-proyectos-son-sazon-y-arrullos-y-paisaje-desdoblamiento\\\/\",\"name\":\"Universidad de las Artes - Visitas guiadas a las muestras \u201cSon, saz\u00f3n y arrullos\u201d y \u201cPaisaje-desdoblamiento\u201d\",\"isPartOf\":{\"@id\":\"https:\\\/\\\/www.uartes.edu.ec\\\/sitio\\\/fr\\\/#website\"},\"primaryImageOfPage\":{\"@id\":\"https:\\\/\\\/www.uartes.edu.ec\\\/sitio\\\/fr\\\/blog\\\/2024\\\/11\\\/23\\\/un-recorrido-por-las-muestras-de-los-proyectos-son-sazon-y-arrullos-y-paisaje-desdoblamiento\\\/#primaryimage\"},\"image\":{\"@id\":\"https:\\\/\\\/www.uartes.edu.ec\\\/sitio\\\/fr\\\/blog\\\/2024\\\/11\\\/23\\\/un-recorrido-por-las-muestras-de-los-proyectos-son-sazon-y-arrullos-y-paisaje-desdoblamiento\\\/#primaryimage\"},\"thumbnailUrl\":\"https:\\\/\\\/www.uartes.edu.ec\\\/sitio\\\/wp-content\\\/uploads\\\/2024\\\/11\\\/Y2.png\",\"datePublished\":\"2024-11-23T21:14:00+00:00\",\"dateModified\":\"2024-11-26T16:28:48+00:00\",\"description\":\"Universidad de las Artes - Visitas guiadas a las muestras \u201cSon, saz\u00f3n y arrullos\u201d y \u201cPaisaje-desdoblamiento\u201d\",\"breadcrumb\":{\"@id\":\"https:\\\/\\\/www.uartes.edu.ec\\\/sitio\\\/fr\\\/blog\\\/2024\\\/11\\\/23\\\/un-recorrido-por-las-muestras-de-los-proyectos-son-sazon-y-arrullos-y-paisaje-desdoblamiento\\\/#breadcrumb\"},\"inLanguage\":\"fr-FR\",\"potentialAction\":[{\"@type\":\"ReadAction\",\"target\":[\"https:\\\/\\\/www.uartes.edu.ec\\\/sitio\\\/fr\\\/blog\\\/2024\\\/11\\\/23\\\/un-recorrido-por-las-muestras-de-los-proyectos-son-sazon-y-arrullos-y-paisaje-desdoblamiento\\\/\"]}]},{\"@type\":\"ImageObject\",\"inLanguage\":\"fr-FR\",\"@id\":\"https:\\\/\\\/www.uartes.edu.ec\\\/sitio\\\/fr\\\/blog\\\/2024\\\/11\\\/23\\\/un-recorrido-por-las-muestras-de-los-proyectos-son-sazon-y-arrullos-y-paisaje-desdoblamiento\\\/#primaryimage\",\"url\":\"https:\\\/\\\/www.uartes.edu.ec\\\/sitio\\\/wp-content\\\/uploads\\\/2024\\\/11\\\/Y2.png\",\"contentUrl\":\"https:\\\/\\\/www.uartes.edu.ec\\\/sitio\\\/wp-content\\\/uploads\\\/2024\\\/11\\\/Y2.png\",\"width\":2000,\"height\":1333},{\"@type\":\"BreadcrumbList\",\"@id\":\"https:\\\/\\\/www.uartes.edu.ec\\\/sitio\\\/fr\\\/blog\\\/2024\\\/11\\\/23\\\/un-recorrido-por-las-muestras-de-los-proyectos-son-sazon-y-arrullos-y-paisaje-desdoblamiento\\\/#breadcrumb\",\"itemListElement\":[{\"@type\":\"ListItem\",\"position\":1,\"name\":\"Inicio\",\"item\":\"https:\\\/\\\/www.uartes.edu.ec\\\/sitio\\\/\"},{\"@type\":\"ListItem\",\"position\":2,\"name\":\"Visitas guiadas a las muestras \u201cSon, saz\u00f3n y arrullos\u201d y \u201cPaisaje-desdoblamiento\u201d\"}]},{\"@type\":\"WebSite\",\"@id\":\"https:\\\/\\\/www.uartes.edu.ec\\\/sitio\\\/fr\\\/#website\",\"url\":\"https:\\\/\\\/www.uartes.edu.ec\\\/sitio\\\/fr\\\/\",\"name\":\"Universidad de las Artes\",\"description\":\"Sitio oficial de la Universidad Nacional de las Artes del Ecuador\",\"publisher\":{\"@id\":\"https:\\\/\\\/www.uartes.edu.ec\\\/sitio\\\/fr\\\/#organization\"},\"potentialAction\":[{\"@type\":\"SearchAction\",\"target\":{\"@type\":\"EntryPoint\",\"urlTemplate\":\"https:\\\/\\\/www.uartes.edu.ec\\\/sitio\\\/fr\\\/?s={search_term_string}\"},\"query-input\":{\"@type\":\"PropertyValueSpecification\",\"valueRequired\":true,\"valueName\":\"search_term_string\"}}],\"inLanguage\":\"fr-FR\"},{\"@type\":\"Organization\",\"@id\":\"https:\\\/\\\/www.uartes.edu.ec\\\/sitio\\\/fr\\\/#organization\",\"name\":\"Universidad de las Artes\",\"url\":\"https:\\\/\\\/www.uartes.edu.ec\\\/sitio\\\/fr\\\/\",\"logo\":{\"@type\":\"ImageObject\",\"inLanguage\":\"fr-FR\",\"@id\":\"https:\\\/\\\/www.uartes.edu.ec\\\/sitio\\\/fr\\\/#\\\/schema\\\/logo\\\/image\\\/\",\"url\":\"https:\\\/\\\/www.uartes.edu.ec\\\/sitio\\\/wp-content\\\/uploads\\\/2022\\\/07\\\/logo-ua-horizontal.png\",\"contentUrl\":\"https:\\\/\\\/www.uartes.edu.ec\\\/sitio\\\/wp-content\\\/uploads\\\/2022\\\/07\\\/logo-ua-horizontal.png\",\"width\":800,\"height\":276,\"caption\":\"Universidad de las Artes\"},\"image\":{\"@id\":\"https:\\\/\\\/www.uartes.edu.ec\\\/sitio\\\/fr\\\/#\\\/schema\\\/logo\\\/image\\\/\"},\"sameAs\":[\"https:\\\/\\\/www.facebook.com\\\/uartesec\",\"https:\\\/\\\/x.com\\\/uartesec\",\"https:\\\/\\\/www.tiktok.com\\\/@uartesec\"]},{\"@type\":\"Person\",\"@id\":\"https:\\\/\\\/www.uartes.edu.ec\\\/sitio\\\/fr\\\/#\\\/schema\\\/person\\\/efa1b8275797664fd7f13a79ccc0b1f4\",\"name\":\"ccortez\",\"image\":{\"@type\":\"ImageObject\",\"inLanguage\":\"fr-FR\",\"@id\":\"https:\\\/\\\/secure.gravatar.com\\\/avatar\\\/b2a6f664a3ae8e074346ef91775736c5ec479e637ecced6842de9dc98b5da9cd?s=96&d=mm&r=g\",\"url\":\"https:\\\/\\\/secure.gravatar.com\\\/avatar\\\/b2a6f664a3ae8e074346ef91775736c5ec479e637ecced6842de9dc98b5da9cd?s=96&d=mm&r=g\",\"contentUrl\":\"https:\\\/\\\/secure.gravatar.com\\\/avatar\\\/b2a6f664a3ae8e074346ef91775736c5ec479e637ecced6842de9dc98b5da9cd?s=96&d=mm&r=g\",\"caption\":\"ccortez\"},\"url\":\"https:\\\/\\\/www.uartes.edu.ec\\\/sitio\\\/fr\\\/blog\\\/author\\\/ccortez\\\/\"}]}<\/script>\n<!-- \/ Yoast SEO plugin. -->","yoast_head_json":{"title":"Universidad de las Artes - Visitas guiadas a las muestras \u201cSon, saz\u00f3n y arrullos\u201d y \u201cPaisaje-desdoblamiento\u201d","description":"Universidad de las Artes - Visitas guiadas a las muestras \u201cSon, saz\u00f3n y arrullos\u201d y \u201cPaisaje-desdoblamiento\u201d","robots":{"index":"index","follow":"follow","max-snippet":"max-snippet:-1","max-image-preview":"max-image-preview:large","max-video-preview":"max-video-preview:-1"},"canonical":"https:\/\/www.uartes.edu.ec\/sitio\/fr\/blog\/2024\/11\/23\/un-recorrido-por-las-muestras-de-los-proyectos-son-sazon-y-arrullos-y-paisaje-desdoblamiento\/","og_locale":"fr_FR","og_type":"article","og_title":"Universidad de las Artes - Visitas guiadas a las muestras \u201cSon, saz\u00f3n y arrullos\u201d y \u201cPaisaje-desdoblamiento\u201d","og_description":"Universidad de las Artes - Visitas guiadas a las muestras \u201cSon, saz\u00f3n y arrullos\u201d y \u201cPaisaje-desdoblamiento\u201d","og_url":"https:\/\/www.uartes.edu.ec\/sitio\/fr\/blog\/2024\/11\/23\/un-recorrido-por-las-muestras-de-los-proyectos-son-sazon-y-arrullos-y-paisaje-desdoblamiento\/","og_site_name":"Universidad de las Artes","article_publisher":"https:\/\/www.facebook.com\/uartesec","article_published_time":"2024-11-23T21:14:00+00:00","article_modified_time":"2024-11-26T16:28:48+00:00","og_image":[{"width":644,"height":429,"url":"https:\/\/www.uartes.edu.ec\/sitio\/wp-content\/uploads\/2024\/11\/Y2-644x429.png","type":"image\/png"}],"author":"ccortez","twitter_card":"summary_large_image","twitter_creator":"@uartesec","twitter_site":"@uartesec","twitter_misc":{"\u00c9crit par":"ccortez","Dur\u00e9e de lecture estim\u00e9e":"4 minutes"},"schema":{"@context":"https:\/\/schema.org","@graph":[{"@type":"Article","@id":"https:\/\/www.uartes.edu.ec\/sitio\/fr\/blog\/2024\/11\/23\/un-recorrido-por-las-muestras-de-los-proyectos-son-sazon-y-arrullos-y-paisaje-desdoblamiento\/#article","isPartOf":{"@id":"https:\/\/www.uartes.edu.ec\/sitio\/fr\/blog\/2024\/11\/23\/un-recorrido-por-las-muestras-de-los-proyectos-son-sazon-y-arrullos-y-paisaje-desdoblamiento\/"},"author":{"name":"ccortez","@id":"https:\/\/www.uartes.edu.ec\/sitio\/fr\/#\/schema\/person\/efa1b8275797664fd7f13a79ccc0b1f4"},"headline":"Visitas guiadas a las muestras \u201cSon, saz\u00f3n y arrullos\u201d y \u201cPaisaje-desdoblamiento\u201d","datePublished":"2024-11-23T21:14:00+00:00","dateModified":"2024-11-26T16:28:48+00:00","mainEntityOfPage":{"@id":"https:\/\/www.uartes.edu.ec\/sitio\/fr\/blog\/2024\/11\/23\/un-recorrido-por-las-muestras-de-los-proyectos-son-sazon-y-arrullos-y-paisaje-desdoblamiento\/"},"wordCount":531,"commentCount":0,"publisher":{"@id":"https:\/\/www.uartes.edu.ec\/sitio\/fr\/#organization"},"image":{"@id":"https:\/\/www.uartes.edu.ec\/sitio\/fr\/blog\/2024\/11\/23\/un-recorrido-por-las-muestras-de-los-proyectos-son-sazon-y-arrullos-y-paisaje-desdoblamiento\/#primaryimage"},"thumbnailUrl":"https:\/\/www.uartes.edu.ec\/sitio\/wp-content\/uploads\/2024\/11\/Y2.png","keywords":["congreso"],"articleSection":["Acad\u00e9mico","Artes","Docentes","Estudiantes","Gesti\u00f3n","Investigaci\u00f3n","Sedes"],"inLanguage":"fr-FR","potentialAction":[{"@type":"CommentAction","name":"Comment","target":["https:\/\/www.uartes.edu.ec\/sitio\/fr\/blog\/2024\/11\/23\/un-recorrido-por-las-muestras-de-los-proyectos-son-sazon-y-arrullos-y-paisaje-desdoblamiento\/#respond"]}]},{"@type":["WebPage","ItemPage"],"@id":"https:\/\/www.uartes.edu.ec\/sitio\/fr\/blog\/2024\/11\/23\/un-recorrido-por-las-muestras-de-los-proyectos-son-sazon-y-arrullos-y-paisaje-desdoblamiento\/","url":"https:\/\/www.uartes.edu.ec\/sitio\/fr\/blog\/2024\/11\/23\/un-recorrido-por-las-muestras-de-los-proyectos-son-sazon-y-arrullos-y-paisaje-desdoblamiento\/","name":"Universidad de las Artes - Visitas guiadas a las muestras \u201cSon, saz\u00f3n y arrullos\u201d y \u201cPaisaje-desdoblamiento\u201d","isPartOf":{"@id":"https:\/\/www.uartes.edu.ec\/sitio\/fr\/#website"},"primaryImageOfPage":{"@id":"https:\/\/www.uartes.edu.ec\/sitio\/fr\/blog\/2024\/11\/23\/un-recorrido-por-las-muestras-de-los-proyectos-son-sazon-y-arrullos-y-paisaje-desdoblamiento\/#primaryimage"},"image":{"@id":"https:\/\/www.uartes.edu.ec\/sitio\/fr\/blog\/2024\/11\/23\/un-recorrido-por-las-muestras-de-los-proyectos-son-sazon-y-arrullos-y-paisaje-desdoblamiento\/#primaryimage"},"thumbnailUrl":"https:\/\/www.uartes.edu.ec\/sitio\/wp-content\/uploads\/2024\/11\/Y2.png","datePublished":"2024-11-23T21:14:00+00:00","dateModified":"2024-11-26T16:28:48+00:00","description":"Universidad de las Artes - Visitas guiadas a las muestras \u201cSon, saz\u00f3n y arrullos\u201d y \u201cPaisaje-desdoblamiento\u201d","breadcrumb":{"@id":"https:\/\/www.uartes.edu.ec\/sitio\/fr\/blog\/2024\/11\/23\/un-recorrido-por-las-muestras-de-los-proyectos-son-sazon-y-arrullos-y-paisaje-desdoblamiento\/#breadcrumb"},"inLanguage":"fr-FR","potentialAction":[{"@type":"ReadAction","target":["https:\/\/www.uartes.edu.ec\/sitio\/fr\/blog\/2024\/11\/23\/un-recorrido-por-las-muestras-de-los-proyectos-son-sazon-y-arrullos-y-paisaje-desdoblamiento\/"]}]},{"@type":"ImageObject","inLanguage":"fr-FR","@id":"https:\/\/www.uartes.edu.ec\/sitio\/fr\/blog\/2024\/11\/23\/un-recorrido-por-las-muestras-de-los-proyectos-son-sazon-y-arrullos-y-paisaje-desdoblamiento\/#primaryimage","url":"https:\/\/www.uartes.edu.ec\/sitio\/wp-content\/uploads\/2024\/11\/Y2.png","contentUrl":"https:\/\/www.uartes.edu.ec\/sitio\/wp-content\/uploads\/2024\/11\/Y2.png","width":2000,"height":1333},{"@type":"BreadcrumbList","@id":"https:\/\/www.uartes.edu.ec\/sitio\/fr\/blog\/2024\/11\/23\/un-recorrido-por-las-muestras-de-los-proyectos-son-sazon-y-arrullos-y-paisaje-desdoblamiento\/#breadcrumb","itemListElement":[{"@type":"ListItem","position":1,"name":"Inicio","item":"https:\/\/www.uartes.edu.ec\/sitio\/"},{"@type":"ListItem","position":2,"name":"Visitas guiadas a las muestras \u201cSon, saz\u00f3n y arrullos\u201d y \u201cPaisaje-desdoblamiento\u201d"}]},{"@type":"WebSite","@id":"https:\/\/www.uartes.edu.ec\/sitio\/fr\/#website","url":"https:\/\/www.uartes.edu.ec\/sitio\/fr\/","name":"Universidad de las Artes","description":"Sitio oficial de la Universidad Nacional de las Artes del Ecuador","publisher":{"@id":"https:\/\/www.uartes.edu.ec\/sitio\/fr\/#organization"},"potentialAction":[{"@type":"SearchAction","target":{"@type":"EntryPoint","urlTemplate":"https:\/\/www.uartes.edu.ec\/sitio\/fr\/?s={search_term_string}"},"query-input":{"@type":"PropertyValueSpecification","valueRequired":true,"valueName":"search_term_string"}}],"inLanguage":"fr-FR"},{"@type":"Organization","@id":"https:\/\/www.uartes.edu.ec\/sitio\/fr\/#organization","name":"Universidad de las Artes","url":"https:\/\/www.uartes.edu.ec\/sitio\/fr\/","logo":{"@type":"ImageObject","inLanguage":"fr-FR","@id":"https:\/\/www.uartes.edu.ec\/sitio\/fr\/#\/schema\/logo\/image\/","url":"https:\/\/www.uartes.edu.ec\/sitio\/wp-content\/uploads\/2022\/07\/logo-ua-horizontal.png","contentUrl":"https:\/\/www.uartes.edu.ec\/sitio\/wp-content\/uploads\/2022\/07\/logo-ua-horizontal.png","width":800,"height":276,"caption":"Universidad de las Artes"},"image":{"@id":"https:\/\/www.uartes.edu.ec\/sitio\/fr\/#\/schema\/logo\/image\/"},"sameAs":["https:\/\/www.facebook.com\/uartesec","https:\/\/x.com\/uartesec","https:\/\/www.tiktok.com\/@uartesec"]},{"@type":"Person","@id":"https:\/\/www.uartes.edu.ec\/sitio\/fr\/#\/schema\/person\/efa1b8275797664fd7f13a79ccc0b1f4","name":"ccortez","image":{"@type":"ImageObject","inLanguage":"fr-FR","@id":"https:\/\/secure.gravatar.com\/avatar\/b2a6f664a3ae8e074346ef91775736c5ec479e637ecced6842de9dc98b5da9cd?s=96&d=mm&r=g","url":"https:\/\/secure.gravatar.com\/avatar\/b2a6f664a3ae8e074346ef91775736c5ec479e637ecced6842de9dc98b5da9cd?s=96&d=mm&r=g","contentUrl":"https:\/\/secure.gravatar.com\/avatar\/b2a6f664a3ae8e074346ef91775736c5ec479e637ecced6842de9dc98b5da9cd?s=96&d=mm&r=g","caption":"ccortez"},"url":"https:\/\/www.uartes.edu.ec\/sitio\/fr\/blog\/author\/ccortez\/"}]}},"uagb_featured_image_src":{"full":["https:\/\/www.uartes.edu.ec\/sitio\/wp-content\/uploads\/2024\/11\/Y2.png",2000,1333,false],"thumbnail":["https:\/\/www.uartes.edu.ec\/sitio\/wp-content\/uploads\/2024\/11\/Y2-150x150.png",150,150,true],"medium":["https:\/\/www.uartes.edu.ec\/sitio\/wp-content\/uploads\/2024\/11\/Y2-300x200.png",300,200,true],"medium_large":["https:\/\/www.uartes.edu.ec\/sitio\/wp-content\/uploads\/2024\/11\/Y2-768x512.png",768,512,true],"large":["https:\/\/www.uartes.edu.ec\/sitio\/wp-content\/uploads\/2024\/11\/Y2-644x429.png",644,429,true],"1536x1536":["https:\/\/www.uartes.edu.ec\/sitio\/wp-content\/uploads\/2024\/11\/Y2-1536x1024.png",1536,1024,true],"2048x2048":["https:\/\/www.uartes.edu.ec\/sitio\/wp-content\/uploads\/2024\/11\/Y2.png",2000,1333,false],"trp-custom-language-flag":["https:\/\/www.uartes.edu.ec\/sitio\/wp-content\/uploads\/2024\/11\/Y2-18x12.png",18,12,true],"htmega_size_585x295":["https:\/\/www.uartes.edu.ec\/sitio\/wp-content\/uploads\/2024\/11\/Y2-585x295.png",585,295,true],"htmega_size_1170x536":["https:\/\/www.uartes.edu.ec\/sitio\/wp-content\/uploads\/2024\/11\/Y2-1170x536.png",1170,536,true],"htmega_size_396x360":["https:\/\/www.uartes.edu.ec\/sitio\/wp-content\/uploads\/2024\/11\/Y2-396x360.png",396,360,true],"gb-block-post-grid-landscape":["https:\/\/www.uartes.edu.ec\/sitio\/wp-content\/uploads\/2024\/11\/Y2-600x400.png",600,400,true],"gb-block-post-grid-square":["https:\/\/www.uartes.edu.ec\/sitio\/wp-content\/uploads\/2024\/11\/Y2-600x600.png",600,600,true],"university-hub-thumb":["https:\/\/www.uartes.edu.ec\/sitio\/wp-content\/uploads\/2024\/11\/Y2-400x267.png",400,267,true]},"uagb_author_info":{"display_name":"ccortez","author_link":"https:\/\/www.uartes.edu.ec\/sitio\/fr\/blog\/author\/ccortez\/"},"uagb_comment_info":0,"uagb_excerpt":"Las visitas guiadas tambi\u00e9n constaron en la agenda del XI Congreso Internacional de Investigaci\u00f3n de REDU, del cual la UArtes fue sede. Hubo dos, una programada el mi\u00e9rcoles 20 de noviembre en la Galer\u00eda de CIF, donde se encuentra \u201cSon, saz\u00f3n y arrullos\u201d, muestra resultado de un proyecto de vinculaci\u00f3n con la sociedad hom\u00f3nimo; la\u2026","featured_image_src":"https:\/\/www.uartes.edu.ec\/sitio\/wp-content\/uploads\/2024\/11\/Y2-600x400.png","featured_image_src_square":"https:\/\/www.uartes.edu.ec\/sitio\/wp-content\/uploads\/2024\/11\/Y2-600x600.png","author_info":{"display_name":"ccortez","author_link":"https:\/\/www.uartes.edu.ec\/sitio\/fr\/blog\/author\/ccortez\/"},"publishpress_future_workflow_manual_trigger":{"enabledWorkflows":[]},"distributor_meta":false,"distributor_terms":false,"distributor_media":false,"distributor_original_site_name":"Universidad de las Artes","distributor_original_site_url":"https:\/\/www.uartes.edu.ec\/sitio\/fr","push-errors":false,"_links":{"self":[{"href":"https:\/\/www.uartes.edu.ec\/sitio\/fr\/wp-json\/wp\/v2\/posts\/65110","targetHints":{"allow":["GET"]}}],"collection":[{"href":"https:\/\/www.uartes.edu.ec\/sitio\/fr\/wp-json\/wp\/v2\/posts"}],"about":[{"href":"https:\/\/www.uartes.edu.ec\/sitio\/fr\/wp-json\/wp\/v2\/types\/post"}],"author":[{"embeddable":true,"href":"https:\/\/www.uartes.edu.ec\/sitio\/fr\/wp-json\/wp\/v2\/users\/10"}],"replies":[{"embeddable":true,"href":"https:\/\/www.uartes.edu.ec\/sitio\/fr\/wp-json\/wp\/v2\/comments?post=65110"}],"version-history":[{"count":6,"href":"https:\/\/www.uartes.edu.ec\/sitio\/fr\/wp-json\/wp\/v2\/posts\/65110\/revisions"}],"predecessor-version":[{"id":65126,"href":"https:\/\/www.uartes.edu.ec\/sitio\/fr\/wp-json\/wp\/v2\/posts\/65110\/revisions\/65126"}],"wp:featuredmedia":[{"embeddable":true,"href":"https:\/\/www.uartes.edu.ec\/sitio\/fr\/wp-json\/wp\/v2\/media\/65111"}],"wp:attachment":[{"href":"https:\/\/www.uartes.edu.ec\/sitio\/fr\/wp-json\/wp\/v2\/media?parent=65110"}],"wp:term":[{"taxonomy":"category","embeddable":true,"href":"https:\/\/www.uartes.edu.ec\/sitio\/fr\/wp-json\/wp\/v2\/categories?post=65110"},{"taxonomy":"post_tag","embeddable":true,"href":"https:\/\/www.uartes.edu.ec\/sitio\/fr\/wp-json\/wp\/v2\/tags?post=65110"},{"taxonomy":"infouartes","embeddable":true,"href":"https:\/\/www.uartes.edu.ec\/sitio\/fr\/wp-json\/wp\/v2\/infouartes?post=65110"}],"curies":[{"name":"wp","href":"https:\/\/api.w.org\/{rel}","templated":true}]}}