{"id":65164,"date":"2024-11-12T11:16:00","date_gmt":"2024-11-12T16:16:00","guid":{"rendered":"https:\/\/www.uartes.edu.ec\/sitio\/?p=65164"},"modified":"2024-11-25T19:07:57","modified_gmt":"2024-11-26T00:07:57","slug":"identidad-de-guayaquil-entre-memoria-y-arquitectura","status":"publish","type":"post","link":"https:\/\/www.uartes.edu.ec\/sitio\/fr\/blog\/2024\/11\/12\/identidad-de-guayaquil-entre-memoria-y-arquitectura\/","title":{"rendered":"Identidad de Guayaquil, arquitectura y memoria; di\u00e1logo y presentaci\u00f3n de obra"},"content":{"rendered":"<p>La historia y el desarrollo urbano de Guayaquil fue la tem\u00e1tica que el jueves 7 de noviembre congreg\u00f3 en el Pasaje Illingworth del antiguo Palacio de la Gobernaci\u00f3n, sede matriz de la Universidad de las Artes, a acad\u00e9micos, gestores culturales y ciudadan\u00eda en general para dialogarla junto a Florencio Compte, arquitecto, m\u00e1ster en Pensamiento Estrat\u00e9gico y Prospectiva para la Educaci\u00f3n Superior y docente universitario.<\/p>\n\n\n\n<p>La cita, denominada \u201cForma y Paz: \u00bfC\u00f3mo deconstruir la ciudad?\u201d, se propici\u00f3 en la X edici\u00f3n de Libre Libro y dio marco a la presentaci\u00f3n de la obra \u201cDeconstruyendo a Guayaquil\u201d, de la autor\u00eda del ponente, quien coment\u00f3 que le tom\u00f3 cerca de cinco a\u00f1os desarrollarla, un tiempo necesario para entender a fondo las din\u00e1micas urbanas y plantear alternativas de planificaci\u00f3n que respondan a los requerimientos de la urbe.<\/p>\n\n\n\n<p>Junto con otros colaboradores, Florencio Compte se\u00f1al\u00f3 que el libro examina y cuestiona las \u201cmacronarrativas\u201d que rodean la construcci\u00f3n de Guayaquil, la cual no es \u00fanicamente un conjunto de edificaciones y monumentos, sino una serie de historias y relaciones que se construyen a trav\u00e9s de las experiencias de sus habitantes. Entre los temas abordados, destac\u00f3 la conversi\u00f3n de antiguos cines de barrio en iglesias evang\u00e9licas, el descuido del Cementerio de los Extranjeros y la problem\u00e1tica de conservar la Isla Santay como pulm\u00f3n natural.<\/p>\n\n\n\n<p>Durante el conversatorio, se hizo tambi\u00e9n menci\u00f3n de la riqueza y multiplicidad de narrativas que conviven en Guayaquil, contrastando con el olvido y p\u00e9rdida de documentos y memorias que han sido eliminados o deteriorados, muchas veces intencionadamente. Asimismo, Florencio Compte habl\u00f3 sobre el r\u00edo Guayas y su potencial como v\u00eda de transporte urbano, proponiendo una alternativa de movilidad que podr\u00eda beneficiar a la ciudad.<\/p>\n\n\n<div class=\"wp-block-image\">\n<figure class=\"aligncenter size-large is-resized\"><img fetchpriority=\"high\" decoding=\"async\" width=\"644\" height=\"483\" src=\"https:\/\/www.uartes.edu.ec\/sitio\/wp-content\/uploads\/2024\/11\/Florencio33-644x483.jpg\" alt=\"\" class=\"wp-image-65165\" style=\"width:535px;height:auto\" srcset=\"https:\/\/www.uartes.edu.ec\/sitio\/wp-content\/uploads\/2024\/11\/Florencio33-644x483.jpg 644w, https:\/\/www.uartes.edu.ec\/sitio\/wp-content\/uploads\/2024\/11\/Florencio33-300x225.jpg 300w, https:\/\/www.uartes.edu.ec\/sitio\/wp-content\/uploads\/2024\/11\/Florencio33-768x576.jpg 768w, https:\/\/www.uartes.edu.ec\/sitio\/wp-content\/uploads\/2024\/11\/Florencio33-1536x1152.jpg 1536w, https:\/\/www.uartes.edu.ec\/sitio\/wp-content\/uploads\/2024\/11\/Florencio33-16x12.jpg 16w, https:\/\/www.uartes.edu.ec\/sitio\/wp-content\/uploads\/2024\/11\/Florencio33-400x300.jpg 400w, https:\/\/www.uartes.edu.ec\/sitio\/wp-content\/uploads\/2024\/11\/Florencio33.jpg 1777w\" sizes=\"(max-width: 644px) 100vw, 644px\" \/><\/figure>\n<\/div>\n\n\n<p>La participaci\u00f3n del p\u00fablico fue un elemento clave. Los asistentes plantearon preguntas sobre el estado del r\u00edo Guayas, el deterioro de edificaciones hist\u00f3ricas y las posibilidades de una Guayaquil equitativa e inclusiva. El expositor expres\u00f3 su escepticismo ante un cambio real sin una voluntad transformadora, haciendo eco de una frase de Plat\u00f3n que reson\u00f3 entre los asistentes: \u201cEl fin de la injusticia ser\u00e1 cuando los pol\u00edticos sean fil\u00f3sofos y los fil\u00f3sofos sean pol\u00edticos\u201d.<\/p>\n\n\n\n<p>La transformaci\u00f3n de espacios antiguos, como los cines de barrio que en muchos casos se han convertido en iglesias evang\u00e9licas o simplemente han desaparecido, entr\u00f3 en el an\u00e1lisis. Compte explic\u00f3 que la historia de una ciudad se cuenta a trav\u00e9s de los lugares que permanecen en la memoria colectiva. Si estos son destruidos o convertidos sin reflexi\u00f3n, se pierde parte de la identidad. Esta reflexi\u00f3n llev\u00f3 a un acalorado debate entre los asistentes, quienes se\u00f1alaron la importancia de preservar la memoria de estos lugares como s\u00edmbolos de una Guayaquil que resiste el paso del tiempo.<\/p>\n\n\n\n<p>De entre el p\u00fablico, una de las invitadas hizo referencia a la diversidad social y cultural en Guayaquil, destacando la importancia de los obreros mestizos, ind\u00edgenas y afroecuatorianos en su construcci\u00f3n y resalt\u00f3 c\u00f3mo estos grupos han sido fundamentales en el desarrollo urbano, pero a menudo marginados en los procesos de toma de decisiones y planificaci\u00f3n.<\/p>\n\n\n\n<p>\u201cLos obreros mestizos, ind\u00edgenas y afroecuatorianos son los pilares invisibles de la ciudad. Son ellos quienes, en su gran mayor\u00eda, construyen las infraestructuras que despu\u00e9s disfrutamos todos, pero sus condiciones de vida y trabajo no han sido mejoradas de manera proporcional al crecimiento urbano\u00bb.<\/p>\n\n\n\n<p>El autor abon\u00f3 se\u00f1alando c\u00f3mo a lo largo de la historia de Guayaquil la contribuci\u00f3n de estos grupos ha sido crucial en la construcci\u00f3n de la ciudad, desde las grandes obras de infraestructura como la catedral hasta los detalles m\u00e1s peque\u00f1os de la vida cotidiana. Sin embargo, muchas veces estos trabajadores no han sido reconocidos adecuadamente ni en t\u00e9rminos econ\u00f3micos ni sociales, incluso hay fotos donde estas etnias son borradas de los negativos de la vieja ciudad.<\/p>\n\n\n<div class=\"wp-block-image\">\n<figure class=\"aligncenter size-large is-resized\"><img decoding=\"async\" width=\"644\" height=\"483\" src=\"https:\/\/www.uartes.edu.ec\/sitio\/wp-content\/uploads\/2024\/11\/Florencio11-644x483.jpeg\" alt=\"\" class=\"wp-image-65167\" style=\"width:559px;height:auto\" srcset=\"https:\/\/www.uartes.edu.ec\/sitio\/wp-content\/uploads\/2024\/11\/Florencio11-644x483.jpeg 644w, https:\/\/www.uartes.edu.ec\/sitio\/wp-content\/uploads\/2024\/11\/Florencio11-300x225.jpeg 300w, https:\/\/www.uartes.edu.ec\/sitio\/wp-content\/uploads\/2024\/11\/Florencio11-768x576.jpeg 768w, https:\/\/www.uartes.edu.ec\/sitio\/wp-content\/uploads\/2024\/11\/Florencio11-16x12.jpeg 16w, https:\/\/www.uartes.edu.ec\/sitio\/wp-content\/uploads\/2024\/11\/Florencio11-400x300.jpeg 400w, https:\/\/www.uartes.edu.ec\/sitio\/wp-content\/uploads\/2024\/11\/Florencio11.jpeg 1200w\" sizes=\"(max-width: 644px) 100vw, 644px\" \/><\/figure>\n<\/div>\n\n\n<p>Con respecto a las islas Mocol\u00ed y Santay, Florencio Compte se\u00f1al\u00f3 que ambos lugares ilustran bien los retos y contradicciones de la expansi\u00f3n urbana en Guayaquil. Mocol\u00ed, una isla exclusiva desarrollada con complejos residenciales de alto costo, representa un modelo de crecimiento urbano que no incluye a toda la poblaci\u00f3n. \u201cEst\u00e1 dise\u00f1ada para quienes pueden pagar, mientras que otros sectores de la ciudad permanecen en el abandono\u201d, dijo. En contraste, la isla Santay se ha mantenido m\u00e1s protegida, aunque no exenta de presiones urban\u00edsticas, y ofrece un ejemplo de c\u00f3mo la conservaci\u00f3n de \u00e1reas naturales podr\u00eda integrarse en el crecimiento urbano sin desplazar la naturaleza.<\/p>\n\n\n\n<p>Otro tema relevante fue la relaci\u00f3n entre el r\u00edo Guayas y el desarrollo urbano. Compte plante\u00f3 una visi\u00f3n alternativa: \u201cPodr\u00eda ser nuestra avenida principal si logr\u00e1ramos verlo como una v\u00eda de transporte urbano en vez de un obst\u00e1culo\u201d, sugiri\u00f3 y visiblemente emocionado cuestion\u00f3: \u201c\u00bfQu\u00e9 pasar\u00eda si pens\u00e1ramos el r\u00edo como un espacio de encuentro y no solo como una frontera natural?\u201d.<\/p>\n\n\n\n<p>La charla tambi\u00e9n toc\u00f3 el descuido del Cementerio de los Extranjeros, s\u00edmbolo del pasado multicultural de Guayaquil. Compte expres\u00f3 su frustraci\u00f3n al respecto: \u201c\u00bfPor qu\u00e9 olvidamos a aquellos que ayudaron a construir esta ciudad? En cada rinc\u00f3n de Guayaquil hay una historia que merece ser contada\u201d. Estas palabras resonaron entre los asistentes, muchos de los cuales comentaron sobre la p\u00e9rdida constante de sitios hist\u00f3ricos en la ciudad.<\/p>\n\n\n\n<p>\u201cEs fundamental realizar construcciones organizadas y con planificaci\u00f3n a largo plazo para evitar estas invasiones\u201d, destac\u00f3, agregando que una ciudad equilibrada en infraestructura y servicios puede reducir la necesidad de asentamientos informales. En su libro, expres\u00f3, plantea que una planificaci\u00f3n organizada debe incluir no solo un enfoque en la expansi\u00f3n de la ciudad, sino tambi\u00e9n en la rehabilitaci\u00f3n de zonas ya habitadas para garantizar que los habitantes tengan acceso a servicios b\u00e1sicos y espacios p\u00fablicos.<\/p>\n\n\n\n<p>Al cierre de la cita se anunci\u00f3 la venta del libro de Florencio Compte y as\u00ed tambi\u00e9n que para quienes no dispon\u00edan de los recursos para adquirirlo hab\u00eda un c\u00f3digo QR para descargarlo de manera libre y gratuita, solo para fines educativos y de difusi\u00f3n de la obra.<\/p>\n\n\n\n<p>Texto: Eleinn Rivera, estudiante de la Escuela de Literatura.<\/p>","protected":false},"excerpt":{"rendered":"<p>La historia y el desarrollo urbano de Guayaquil fue la tem\u00e1tica que el jueves 7 de noviembre congreg\u00f3 en el Pasaje Illingworth de la UArtes a acad\u00e9micos, gestores culturales y ciudadan\u00eda en general para dialogarla junto a Florencio Compte, arquitecto y docente universitario. La cita se propici\u00f3 en la X edici\u00f3n de Libre Libro y dio marco al lanzamiento de la publicaci\u00f3n \u201cDeconstruyendo a Guayaquil\u201d, de la autor\u00eda del ponente.<\/p>","protected":false},"author":10,"featured_media":65268,"comment_status":"open","ping_status":"open","sticky":false,"template":"","format":"standard","meta":{"_acf_changed":false,"_uag_custom_page_level_css":"","_monsterinsights_skip_tracking":false,"_monsterinsights_sitenote_active":false,"_monsterinsights_sitenote_note":"","_monsterinsights_sitenote_category":0,"cybocfi_hide_featured_image":"","footnotes":""},"categories":[80,490,82,75,76,175,83],"tags":[547],"infouartes":[],"class_list":["post-65164","post","type-post","status-publish","format-standard","has-post-thumbnail","hentry","category-academico","category-alumni","category-artes","category-docentes","category-estudiantes","category-literatura","category-sedes","tag-libre-libro"],"acf":[],"yoast_head":"<!-- This site is optimized with the Yoast SEO plugin v27.4 - https:\/\/yoast.com\/product\/yoast-seo-wordpress\/ -->\n<title>Universidad de las Artes - Identidad de Guayaquil, arquitectura y memoria; di\u00e1logo y presentaci\u00f3n de obra<\/title>\n<meta name=\"description\" content=\"Universidad de las Artes - Identidad de Guayaquil, arquitectura y memoria; di\u00e1logo y presentaci\u00f3n de obra\" \/>\n<meta name=\"robots\" content=\"index, follow, max-snippet:-1, max-image-preview:large, max-video-preview:-1\" \/>\n<link rel=\"canonical\" href=\"https:\/\/www.uartes.edu.ec\/sitio\/fr\/blog\/2024\/11\/12\/identidad-de-guayaquil-entre-memoria-y-arquitectura\/\" \/>\n<meta property=\"og:locale\" content=\"fr_FR\" \/>\n<meta property=\"og:type\" content=\"article\" \/>\n<meta property=\"og:title\" content=\"Universidad de las Artes - Identidad de Guayaquil, arquitectura y memoria; di\u00e1logo y presentaci\u00f3n de obra\" \/>\n<meta property=\"og:description\" content=\"Universidad de las Artes - Identidad de Guayaquil, arquitectura y memoria; di\u00e1logo y presentaci\u00f3n de obra\" \/>\n<meta property=\"og:url\" content=\"https:\/\/www.uartes.edu.ec\/sitio\/fr\/blog\/2024\/11\/12\/identidad-de-guayaquil-entre-memoria-y-arquitectura\/\" \/>\n<meta property=\"og:site_name\" content=\"Universidad de las Artes\" \/>\n<meta property=\"article:publisher\" content=\"https:\/\/www.facebook.com\/uartesec\" \/>\n<meta property=\"article:published_time\" content=\"2024-11-12T16:16:00+00:00\" \/>\n<meta property=\"article:modified_time\" content=\"2024-11-26T00:07:57+00:00\" \/>\n<meta property=\"og:image\" content=\"https:\/\/www.uartes.edu.ec\/sitio\/wp-content\/uploads\/2024\/11\/Florencio12222-1.jpg\" \/>\n\t<meta property=\"og:image:width\" content=\"2000\" \/>\n\t<meta property=\"og:image:height\" content=\"1333\" \/>\n\t<meta property=\"og:image:type\" content=\"image\/jpeg\" \/>\n<meta name=\"author\" content=\"ccortez\" \/>\n<meta name=\"twitter:card\" content=\"summary_large_image\" \/>\n<meta name=\"twitter:creator\" content=\"@uartesec\" \/>\n<meta name=\"twitter:site\" content=\"@uartesec\" \/>\n<meta name=\"twitter:label1\" content=\"\u00c9crit par\" \/>\n\t<meta name=\"twitter:data1\" content=\"ccortez\" \/>\n\t<meta name=\"twitter:label2\" content=\"Dur\u00e9e de lecture estim\u00e9e\" \/>\n\t<meta name=\"twitter:data2\" content=\"6 minutes\" \/>\n<script type=\"application\/ld+json\" class=\"yoast-schema-graph\">{\"@context\":\"https:\\\/\\\/schema.org\",\"@graph\":[{\"@type\":\"Article\",\"@id\":\"https:\\\/\\\/www.uartes.edu.ec\\\/sitio\\\/fr\\\/blog\\\/2024\\\/11\\\/12\\\/identidad-de-guayaquil-entre-memoria-y-arquitectura\\\/#article\",\"isPartOf\":{\"@id\":\"https:\\\/\\\/www.uartes.edu.ec\\\/sitio\\\/fr\\\/blog\\\/2024\\\/11\\\/12\\\/identidad-de-guayaquil-entre-memoria-y-arquitectura\\\/\"},\"author\":{\"name\":\"ccortez\",\"@id\":\"https:\\\/\\\/www.uartes.edu.ec\\\/sitio\\\/fr\\\/#\\\/schema\\\/person\\\/efa1b8275797664fd7f13a79ccc0b1f4\"},\"headline\":\"Identidad de Guayaquil, arquitectura y memoria; di\u00e1logo y presentaci\u00f3n de obra\",\"datePublished\":\"2024-11-12T16:16:00+00:00\",\"dateModified\":\"2024-11-26T00:07:57+00:00\",\"mainEntityOfPage\":{\"@id\":\"https:\\\/\\\/www.uartes.edu.ec\\\/sitio\\\/fr\\\/blog\\\/2024\\\/11\\\/12\\\/identidad-de-guayaquil-entre-memoria-y-arquitectura\\\/\"},\"wordCount\":1099,\"commentCount\":0,\"publisher\":{\"@id\":\"https:\\\/\\\/www.uartes.edu.ec\\\/sitio\\\/fr\\\/#organization\"},\"image\":{\"@id\":\"https:\\\/\\\/www.uartes.edu.ec\\\/sitio\\\/fr\\\/blog\\\/2024\\\/11\\\/12\\\/identidad-de-guayaquil-entre-memoria-y-arquitectura\\\/#primaryimage\"},\"thumbnailUrl\":\"https:\\\/\\\/www.uartes.edu.ec\\\/sitio\\\/wp-content\\\/uploads\\\/2024\\\/11\\\/Florencio12222-1.jpg\",\"keywords\":[\"Libre Libro\"],\"articleSection\":[\"Acad\u00e9mico\",\"Alumni\",\"Artes\",\"Docentes\",\"Estudiantes\",\"Literatura\",\"Sedes\"],\"inLanguage\":\"fr-FR\",\"potentialAction\":[{\"@type\":\"CommentAction\",\"name\":\"Comment\",\"target\":[\"https:\\\/\\\/www.uartes.edu.ec\\\/sitio\\\/fr\\\/blog\\\/2024\\\/11\\\/12\\\/identidad-de-guayaquil-entre-memoria-y-arquitectura\\\/#respond\"]}]},{\"@type\":[\"WebPage\",\"ItemPage\"],\"@id\":\"https:\\\/\\\/www.uartes.edu.ec\\\/sitio\\\/fr\\\/blog\\\/2024\\\/11\\\/12\\\/identidad-de-guayaquil-entre-memoria-y-arquitectura\\\/\",\"url\":\"https:\\\/\\\/www.uartes.edu.ec\\\/sitio\\\/fr\\\/blog\\\/2024\\\/11\\\/12\\\/identidad-de-guayaquil-entre-memoria-y-arquitectura\\\/\",\"name\":\"Universidad de las Artes - Identidad de Guayaquil, arquitectura y memoria; di\u00e1logo y presentaci\u00f3n de obra\",\"isPartOf\":{\"@id\":\"https:\\\/\\\/www.uartes.edu.ec\\\/sitio\\\/fr\\\/#website\"},\"primaryImageOfPage\":{\"@id\":\"https:\\\/\\\/www.uartes.edu.ec\\\/sitio\\\/fr\\\/blog\\\/2024\\\/11\\\/12\\\/identidad-de-guayaquil-entre-memoria-y-arquitectura\\\/#primaryimage\"},\"image\":{\"@id\":\"https:\\\/\\\/www.uartes.edu.ec\\\/sitio\\\/fr\\\/blog\\\/2024\\\/11\\\/12\\\/identidad-de-guayaquil-entre-memoria-y-arquitectura\\\/#primaryimage\"},\"thumbnailUrl\":\"https:\\\/\\\/www.uartes.edu.ec\\\/sitio\\\/wp-content\\\/uploads\\\/2024\\\/11\\\/Florencio12222-1.jpg\",\"datePublished\":\"2024-11-12T16:16:00+00:00\",\"dateModified\":\"2024-11-26T00:07:57+00:00\",\"description\":\"Universidad de las Artes - Identidad de Guayaquil, arquitectura y memoria; di\u00e1logo y presentaci\u00f3n de obra\",\"breadcrumb\":{\"@id\":\"https:\\\/\\\/www.uartes.edu.ec\\\/sitio\\\/fr\\\/blog\\\/2024\\\/11\\\/12\\\/identidad-de-guayaquil-entre-memoria-y-arquitectura\\\/#breadcrumb\"},\"inLanguage\":\"fr-FR\",\"potentialAction\":[{\"@type\":\"ReadAction\",\"target\":[\"https:\\\/\\\/www.uartes.edu.ec\\\/sitio\\\/fr\\\/blog\\\/2024\\\/11\\\/12\\\/identidad-de-guayaquil-entre-memoria-y-arquitectura\\\/\"]}]},{\"@type\":\"ImageObject\",\"inLanguage\":\"fr-FR\",\"@id\":\"https:\\\/\\\/www.uartes.edu.ec\\\/sitio\\\/fr\\\/blog\\\/2024\\\/11\\\/12\\\/identidad-de-guayaquil-entre-memoria-y-arquitectura\\\/#primaryimage\",\"url\":\"https:\\\/\\\/www.uartes.edu.ec\\\/sitio\\\/wp-content\\\/uploads\\\/2024\\\/11\\\/Florencio12222-1.jpg\",\"contentUrl\":\"https:\\\/\\\/www.uartes.edu.ec\\\/sitio\\\/wp-content\\\/uploads\\\/2024\\\/11\\\/Florencio12222-1.jpg\",\"width\":2000,\"height\":1333},{\"@type\":\"BreadcrumbList\",\"@id\":\"https:\\\/\\\/www.uartes.edu.ec\\\/sitio\\\/fr\\\/blog\\\/2024\\\/11\\\/12\\\/identidad-de-guayaquil-entre-memoria-y-arquitectura\\\/#breadcrumb\",\"itemListElement\":[{\"@type\":\"ListItem\",\"position\":1,\"name\":\"Inicio\",\"item\":\"https:\\\/\\\/www.uartes.edu.ec\\\/sitio\\\/\"},{\"@type\":\"ListItem\",\"position\":2,\"name\":\"Identidad de Guayaquil, arquitectura y memoria; di\u00e1logo y presentaci\u00f3n de obra\"}]},{\"@type\":\"WebSite\",\"@id\":\"https:\\\/\\\/www.uartes.edu.ec\\\/sitio\\\/fr\\\/#website\",\"url\":\"https:\\\/\\\/www.uartes.edu.ec\\\/sitio\\\/fr\\\/\",\"name\":\"Universidad de las Artes\",\"description\":\"Sitio oficial de la Universidad Nacional de las Artes del Ecuador\",\"publisher\":{\"@id\":\"https:\\\/\\\/www.uartes.edu.ec\\\/sitio\\\/fr\\\/#organization\"},\"potentialAction\":[{\"@type\":\"SearchAction\",\"target\":{\"@type\":\"EntryPoint\",\"urlTemplate\":\"https:\\\/\\\/www.uartes.edu.ec\\\/sitio\\\/fr\\\/?s={search_term_string}\"},\"query-input\":{\"@type\":\"PropertyValueSpecification\",\"valueRequired\":true,\"valueName\":\"search_term_string\"}}],\"inLanguage\":\"fr-FR\"},{\"@type\":\"Organization\",\"@id\":\"https:\\\/\\\/www.uartes.edu.ec\\\/sitio\\\/fr\\\/#organization\",\"name\":\"Universidad de las Artes\",\"url\":\"https:\\\/\\\/www.uartes.edu.ec\\\/sitio\\\/fr\\\/\",\"logo\":{\"@type\":\"ImageObject\",\"inLanguage\":\"fr-FR\",\"@id\":\"https:\\\/\\\/www.uartes.edu.ec\\\/sitio\\\/fr\\\/#\\\/schema\\\/logo\\\/image\\\/\",\"url\":\"https:\\\/\\\/www.uartes.edu.ec\\\/sitio\\\/wp-content\\\/uploads\\\/2022\\\/07\\\/logo-ua-horizontal.png\",\"contentUrl\":\"https:\\\/\\\/www.uartes.edu.ec\\\/sitio\\\/wp-content\\\/uploads\\\/2022\\\/07\\\/logo-ua-horizontal.png\",\"width\":800,\"height\":276,\"caption\":\"Universidad de las Artes\"},\"image\":{\"@id\":\"https:\\\/\\\/www.uartes.edu.ec\\\/sitio\\\/fr\\\/#\\\/schema\\\/logo\\\/image\\\/\"},\"sameAs\":[\"https:\\\/\\\/www.facebook.com\\\/uartesec\",\"https:\\\/\\\/x.com\\\/uartesec\",\"https:\\\/\\\/www.tiktok.com\\\/@uartesec\"]},{\"@type\":\"Person\",\"@id\":\"https:\\\/\\\/www.uartes.edu.ec\\\/sitio\\\/fr\\\/#\\\/schema\\\/person\\\/efa1b8275797664fd7f13a79ccc0b1f4\",\"name\":\"ccortez\",\"image\":{\"@type\":\"ImageObject\",\"inLanguage\":\"fr-FR\",\"@id\":\"https:\\\/\\\/secure.gravatar.com\\\/avatar\\\/b2a6f664a3ae8e074346ef91775736c5ec479e637ecced6842de9dc98b5da9cd?s=96&d=mm&r=g\",\"url\":\"https:\\\/\\\/secure.gravatar.com\\\/avatar\\\/b2a6f664a3ae8e074346ef91775736c5ec479e637ecced6842de9dc98b5da9cd?s=96&d=mm&r=g\",\"contentUrl\":\"https:\\\/\\\/secure.gravatar.com\\\/avatar\\\/b2a6f664a3ae8e074346ef91775736c5ec479e637ecced6842de9dc98b5da9cd?s=96&d=mm&r=g\",\"caption\":\"ccortez\"},\"url\":\"https:\\\/\\\/www.uartes.edu.ec\\\/sitio\\\/fr\\\/blog\\\/author\\\/ccortez\\\/\"}]}<\/script>\n<!-- \/ Yoast SEO plugin. -->","yoast_head_json":{"title":"Universidad de las Artes - Identidad de Guayaquil, arquitectura y memoria; di\u00e1logo y presentaci\u00f3n de obra","description":"Universidad de las Artes - Identidad de Guayaquil, arquitectura y memoria; di\u00e1logo y presentaci\u00f3n de obra","robots":{"index":"index","follow":"follow","max-snippet":"max-snippet:-1","max-image-preview":"max-image-preview:large","max-video-preview":"max-video-preview:-1"},"canonical":"https:\/\/www.uartes.edu.ec\/sitio\/fr\/blog\/2024\/11\/12\/identidad-de-guayaquil-entre-memoria-y-arquitectura\/","og_locale":"fr_FR","og_type":"article","og_title":"Universidad de las Artes - Identidad de Guayaquil, arquitectura y memoria; di\u00e1logo y presentaci\u00f3n de obra","og_description":"Universidad de las Artes - Identidad de Guayaquil, arquitectura y memoria; di\u00e1logo y presentaci\u00f3n de obra","og_url":"https:\/\/www.uartes.edu.ec\/sitio\/fr\/blog\/2024\/11\/12\/identidad-de-guayaquil-entre-memoria-y-arquitectura\/","og_site_name":"Universidad de las Artes","article_publisher":"https:\/\/www.facebook.com\/uartesec","article_published_time":"2024-11-12T16:16:00+00:00","article_modified_time":"2024-11-26T00:07:57+00:00","og_image":[{"width":2000,"height":1333,"url":"https:\/\/www.uartes.edu.ec\/sitio\/wp-content\/uploads\/2024\/11\/Florencio12222-1.jpg","type":"image\/jpeg"}],"author":"ccortez","twitter_card":"summary_large_image","twitter_creator":"@uartesec","twitter_site":"@uartesec","twitter_misc":{"\u00c9crit par":"ccortez","Dur\u00e9e de lecture estim\u00e9e":"6 minutes"},"schema":{"@context":"https:\/\/schema.org","@graph":[{"@type":"Article","@id":"https:\/\/www.uartes.edu.ec\/sitio\/fr\/blog\/2024\/11\/12\/identidad-de-guayaquil-entre-memoria-y-arquitectura\/#article","isPartOf":{"@id":"https:\/\/www.uartes.edu.ec\/sitio\/fr\/blog\/2024\/11\/12\/identidad-de-guayaquil-entre-memoria-y-arquitectura\/"},"author":{"name":"ccortez","@id":"https:\/\/www.uartes.edu.ec\/sitio\/fr\/#\/schema\/person\/efa1b8275797664fd7f13a79ccc0b1f4"},"headline":"Identidad de Guayaquil, arquitectura y memoria; di\u00e1logo y presentaci\u00f3n de obra","datePublished":"2024-11-12T16:16:00+00:00","dateModified":"2024-11-26T00:07:57+00:00","mainEntityOfPage":{"@id":"https:\/\/www.uartes.edu.ec\/sitio\/fr\/blog\/2024\/11\/12\/identidad-de-guayaquil-entre-memoria-y-arquitectura\/"},"wordCount":1099,"commentCount":0,"publisher":{"@id":"https:\/\/www.uartes.edu.ec\/sitio\/fr\/#organization"},"image":{"@id":"https:\/\/www.uartes.edu.ec\/sitio\/fr\/blog\/2024\/11\/12\/identidad-de-guayaquil-entre-memoria-y-arquitectura\/#primaryimage"},"thumbnailUrl":"https:\/\/www.uartes.edu.ec\/sitio\/wp-content\/uploads\/2024\/11\/Florencio12222-1.jpg","keywords":["Libre Libro"],"articleSection":["Acad\u00e9mico","Alumni","Artes","Docentes","Estudiantes","Literatura","Sedes"],"inLanguage":"fr-FR","potentialAction":[{"@type":"CommentAction","name":"Comment","target":["https:\/\/www.uartes.edu.ec\/sitio\/fr\/blog\/2024\/11\/12\/identidad-de-guayaquil-entre-memoria-y-arquitectura\/#respond"]}]},{"@type":["WebPage","ItemPage"],"@id":"https:\/\/www.uartes.edu.ec\/sitio\/fr\/blog\/2024\/11\/12\/identidad-de-guayaquil-entre-memoria-y-arquitectura\/","url":"https:\/\/www.uartes.edu.ec\/sitio\/fr\/blog\/2024\/11\/12\/identidad-de-guayaquil-entre-memoria-y-arquitectura\/","name":"Universidad de las Artes - Identidad de Guayaquil, arquitectura y memoria; di\u00e1logo y presentaci\u00f3n de obra","isPartOf":{"@id":"https:\/\/www.uartes.edu.ec\/sitio\/fr\/#website"},"primaryImageOfPage":{"@id":"https:\/\/www.uartes.edu.ec\/sitio\/fr\/blog\/2024\/11\/12\/identidad-de-guayaquil-entre-memoria-y-arquitectura\/#primaryimage"},"image":{"@id":"https:\/\/www.uartes.edu.ec\/sitio\/fr\/blog\/2024\/11\/12\/identidad-de-guayaquil-entre-memoria-y-arquitectura\/#primaryimage"},"thumbnailUrl":"https:\/\/www.uartes.edu.ec\/sitio\/wp-content\/uploads\/2024\/11\/Florencio12222-1.jpg","datePublished":"2024-11-12T16:16:00+00:00","dateModified":"2024-11-26T00:07:57+00:00","description":"Universidad de las Artes - Identidad de Guayaquil, arquitectura y memoria; di\u00e1logo y presentaci\u00f3n de obra","breadcrumb":{"@id":"https:\/\/www.uartes.edu.ec\/sitio\/fr\/blog\/2024\/11\/12\/identidad-de-guayaquil-entre-memoria-y-arquitectura\/#breadcrumb"},"inLanguage":"fr-FR","potentialAction":[{"@type":"ReadAction","target":["https:\/\/www.uartes.edu.ec\/sitio\/fr\/blog\/2024\/11\/12\/identidad-de-guayaquil-entre-memoria-y-arquitectura\/"]}]},{"@type":"ImageObject","inLanguage":"fr-FR","@id":"https:\/\/www.uartes.edu.ec\/sitio\/fr\/blog\/2024\/11\/12\/identidad-de-guayaquil-entre-memoria-y-arquitectura\/#primaryimage","url":"https:\/\/www.uartes.edu.ec\/sitio\/wp-content\/uploads\/2024\/11\/Florencio12222-1.jpg","contentUrl":"https:\/\/www.uartes.edu.ec\/sitio\/wp-content\/uploads\/2024\/11\/Florencio12222-1.jpg","width":2000,"height":1333},{"@type":"BreadcrumbList","@id":"https:\/\/www.uartes.edu.ec\/sitio\/fr\/blog\/2024\/11\/12\/identidad-de-guayaquil-entre-memoria-y-arquitectura\/#breadcrumb","itemListElement":[{"@type":"ListItem","position":1,"name":"Inicio","item":"https:\/\/www.uartes.edu.ec\/sitio\/"},{"@type":"ListItem","position":2,"name":"Identidad de Guayaquil, arquitectura y memoria; di\u00e1logo y presentaci\u00f3n de obra"}]},{"@type":"WebSite","@id":"https:\/\/www.uartes.edu.ec\/sitio\/fr\/#website","url":"https:\/\/www.uartes.edu.ec\/sitio\/fr\/","name":"Universidad de las Artes","description":"Sitio oficial de la Universidad Nacional de las Artes del Ecuador","publisher":{"@id":"https:\/\/www.uartes.edu.ec\/sitio\/fr\/#organization"},"potentialAction":[{"@type":"SearchAction","target":{"@type":"EntryPoint","urlTemplate":"https:\/\/www.uartes.edu.ec\/sitio\/fr\/?s={search_term_string}"},"query-input":{"@type":"PropertyValueSpecification","valueRequired":true,"valueName":"search_term_string"}}],"inLanguage":"fr-FR"},{"@type":"Organization","@id":"https:\/\/www.uartes.edu.ec\/sitio\/fr\/#organization","name":"Universidad de las Artes","url":"https:\/\/www.uartes.edu.ec\/sitio\/fr\/","logo":{"@type":"ImageObject","inLanguage":"fr-FR","@id":"https:\/\/www.uartes.edu.ec\/sitio\/fr\/#\/schema\/logo\/image\/","url":"https:\/\/www.uartes.edu.ec\/sitio\/wp-content\/uploads\/2022\/07\/logo-ua-horizontal.png","contentUrl":"https:\/\/www.uartes.edu.ec\/sitio\/wp-content\/uploads\/2022\/07\/logo-ua-horizontal.png","width":800,"height":276,"caption":"Universidad de las Artes"},"image":{"@id":"https:\/\/www.uartes.edu.ec\/sitio\/fr\/#\/schema\/logo\/image\/"},"sameAs":["https:\/\/www.facebook.com\/uartesec","https:\/\/x.com\/uartesec","https:\/\/www.tiktok.com\/@uartesec"]},{"@type":"Person","@id":"https:\/\/www.uartes.edu.ec\/sitio\/fr\/#\/schema\/person\/efa1b8275797664fd7f13a79ccc0b1f4","name":"ccortez","image":{"@type":"ImageObject","inLanguage":"fr-FR","@id":"https:\/\/secure.gravatar.com\/avatar\/b2a6f664a3ae8e074346ef91775736c5ec479e637ecced6842de9dc98b5da9cd?s=96&d=mm&r=g","url":"https:\/\/secure.gravatar.com\/avatar\/b2a6f664a3ae8e074346ef91775736c5ec479e637ecced6842de9dc98b5da9cd?s=96&d=mm&r=g","contentUrl":"https:\/\/secure.gravatar.com\/avatar\/b2a6f664a3ae8e074346ef91775736c5ec479e637ecced6842de9dc98b5da9cd?s=96&d=mm&r=g","caption":"ccortez"},"url":"https:\/\/www.uartes.edu.ec\/sitio\/fr\/blog\/author\/ccortez\/"}]}},"uagb_featured_image_src":{"full":["https:\/\/www.uartes.edu.ec\/sitio\/wp-content\/uploads\/2024\/11\/Florencio12222-1.jpg",2000,1333,false],"thumbnail":["https:\/\/www.uartes.edu.ec\/sitio\/wp-content\/uploads\/2024\/11\/Florencio12222-1-150x150.jpg",150,150,true],"medium":["https:\/\/www.uartes.edu.ec\/sitio\/wp-content\/uploads\/2024\/11\/Florencio12222-1-300x200.jpg",300,200,true],"medium_large":["https:\/\/www.uartes.edu.ec\/sitio\/wp-content\/uploads\/2024\/11\/Florencio12222-1-768x512.jpg",768,512,true],"large":["https:\/\/www.uartes.edu.ec\/sitio\/wp-content\/uploads\/2024\/11\/Florencio12222-1-644x429.jpg",644,429,true],"1536x1536":["https:\/\/www.uartes.edu.ec\/sitio\/wp-content\/uploads\/2024\/11\/Florencio12222-1-1536x1024.jpg",1536,1024,true],"2048x2048":["https:\/\/www.uartes.edu.ec\/sitio\/wp-content\/uploads\/2024\/11\/Florencio12222-1.jpg",2000,1333,false],"trp-custom-language-flag":["https:\/\/www.uartes.edu.ec\/sitio\/wp-content\/uploads\/2024\/11\/Florencio12222-1-18x12.jpg",18,12,true],"htmega_size_585x295":["https:\/\/www.uartes.edu.ec\/sitio\/wp-content\/uploads\/2024\/11\/Florencio12222-1-585x295.jpg",585,295,true],"htmega_size_1170x536":["https:\/\/www.uartes.edu.ec\/sitio\/wp-content\/uploads\/2024\/11\/Florencio12222-1-1170x536.jpg",1170,536,true],"htmega_size_396x360":["https:\/\/www.uartes.edu.ec\/sitio\/wp-content\/uploads\/2024\/11\/Florencio12222-1-396x360.jpg",396,360,true],"gb-block-post-grid-landscape":["https:\/\/www.uartes.edu.ec\/sitio\/wp-content\/uploads\/2024\/11\/Florencio12222-1-600x400.jpg",600,400,true],"gb-block-post-grid-square":["https:\/\/www.uartes.edu.ec\/sitio\/wp-content\/uploads\/2024\/11\/Florencio12222-1-600x600.jpg",600,600,true],"university-hub-thumb":["https:\/\/www.uartes.edu.ec\/sitio\/wp-content\/uploads\/2024\/11\/Florencio12222-1-400x267.jpg",400,267,true]},"uagb_author_info":{"display_name":"ccortez","author_link":"https:\/\/www.uartes.edu.ec\/sitio\/fr\/blog\/author\/ccortez\/"},"uagb_comment_info":0,"uagb_excerpt":"La historia y el desarrollo urbano de Guayaquil fue la tem\u00e1tica que el jueves 7 de noviembre congreg\u00f3 en el Pasaje Illingworth de la UArtes a acad\u00e9micos, gestores culturales y ciudadan\u00eda en general para dialogarla junto a Florencio Compte, arquitecto y docente universitario. La cita se propici\u00f3 en la X edici\u00f3n de Libre Libro y\u2026","featured_image_src":"https:\/\/www.uartes.edu.ec\/sitio\/wp-content\/uploads\/2024\/11\/Florencio12222-1-600x400.jpg","featured_image_src_square":"https:\/\/www.uartes.edu.ec\/sitio\/wp-content\/uploads\/2024\/11\/Florencio12222-1-600x600.jpg","author_info":{"display_name":"ccortez","author_link":"https:\/\/www.uartes.edu.ec\/sitio\/fr\/blog\/author\/ccortez\/"},"publishpress_future_workflow_manual_trigger":{"enabledWorkflows":[]},"distributor_meta":false,"distributor_terms":false,"distributor_media":false,"distributor_original_site_name":"Universidad de las Artes","distributor_original_site_url":"https:\/\/www.uartes.edu.ec\/sitio\/fr","push-errors":false,"_links":{"self":[{"href":"https:\/\/www.uartes.edu.ec\/sitio\/fr\/wp-json\/wp\/v2\/posts\/65164","targetHints":{"allow":["GET"]}}],"collection":[{"href":"https:\/\/www.uartes.edu.ec\/sitio\/fr\/wp-json\/wp\/v2\/posts"}],"about":[{"href":"https:\/\/www.uartes.edu.ec\/sitio\/fr\/wp-json\/wp\/v2\/types\/post"}],"author":[{"embeddable":true,"href":"https:\/\/www.uartes.edu.ec\/sitio\/fr\/wp-json\/wp\/v2\/users\/10"}],"replies":[{"embeddable":true,"href":"https:\/\/www.uartes.edu.ec\/sitio\/fr\/wp-json\/wp\/v2\/comments?post=65164"}],"version-history":[{"count":7,"href":"https:\/\/www.uartes.edu.ec\/sitio\/fr\/wp-json\/wp\/v2\/posts\/65164\/revisions"}],"predecessor-version":[{"id":65266,"href":"https:\/\/www.uartes.edu.ec\/sitio\/fr\/wp-json\/wp\/v2\/posts\/65164\/revisions\/65266"}],"wp:featuredmedia":[{"embeddable":true,"href":"https:\/\/www.uartes.edu.ec\/sitio\/fr\/wp-json\/wp\/v2\/media\/65268"}],"wp:attachment":[{"href":"https:\/\/www.uartes.edu.ec\/sitio\/fr\/wp-json\/wp\/v2\/media?parent=65164"}],"wp:term":[{"taxonomy":"category","embeddable":true,"href":"https:\/\/www.uartes.edu.ec\/sitio\/fr\/wp-json\/wp\/v2\/categories?post=65164"},{"taxonomy":"post_tag","embeddable":true,"href":"https:\/\/www.uartes.edu.ec\/sitio\/fr\/wp-json\/wp\/v2\/tags?post=65164"},{"taxonomy":"infouartes","embeddable":true,"href":"https:\/\/www.uartes.edu.ec\/sitio\/fr\/wp-json\/wp\/v2\/infouartes?post=65164"}],"curies":[{"name":"wp","href":"https:\/\/api.w.org\/{rel}","templated":true}]}}