{"id":65170,"date":"2024-11-14T11:05:00","date_gmt":"2024-11-14T16:05:00","guid":{"rendered":"https:\/\/www.uartes.edu.ec\/sitio\/?p=65170"},"modified":"2024-11-25T20:50:42","modified_gmt":"2024-11-26T01:50:42","slug":"entre-criaturas-salvajes-un-viaje-interdisciplinario-a-traves-de-la-narracion-la-musica-y-la-imaginacion","status":"publish","type":"post","link":"https:\/\/www.uartes.edu.ec\/sitio\/fr\/blog\/2024\/11\/14\/entre-criaturas-salvajes-un-viaje-interdisciplinario-a-traves-de-la-narracion-la-musica-y-la-imaginacion\/","title":{"rendered":"\u201cEntre criaturas salvajes\u201d, la propuesta de un viaje interdisciplinario a trav\u00e9s de la narraci\u00f3n, la m\u00fasica y la imaginaci\u00f3n"},"content":{"rendered":"<p>La d\u00e9cima edici\u00f3n de Libre Libro, Encuentro de Editoriales Independientes, fue escenario para la presentaci\u00f3n de una propuesta que fusion\u00f3 la narrativa literaria con la m\u00fasica y el sonido en vivo. Tuvo lugar el viernes 8 de noviembre en la Sala R\u00eda de la Biblioteca de las Artes y el proponente fue Fernando Garc\u00e9s Medina, alumnus UArtes conocido art\u00edsticamente como <em>Demian,<\/em> quien en una charla interactiva present\u00f3 la narraci\u00f3n interdisciplinaria \u201cEntre criaturas salvajes\u201d, una reinterpretaci\u00f3n del famoso cuento de Maurice Sendak \u201cWhere the Wild Things Are\u201d (\u201cDonde viven los monstruos\u201d).<\/p>\n\n\n\n<p>Durante la presentaci\u00f3n, <em>Demian<\/em> no solo narr\u00f3 la historia, sino que la acompa\u00f1\u00f3 de una atm\u00f3sfera sonora en vivo, creando una experiencia multisensorial que cautiv\u00f3 a los asistentes.<\/p>\n\n\n\n<p>Este proyecto surgi\u00f3 en 2022, cuando el hoy licenciado en Literatura hizo sus Pr\u00e1cticas PreProfesionales en el repositorio de la Universidad de las Artes. Junto a las estudiantes Daniela Mascar\u00f3 y Emilia Isabel Mart\u00ednez, de la Escuela de Artes Sonoras, idearon una serie de actividades para la Sala R\u00eda, donde la lectura de cuentos cortos que realizaban fueron combinados con m\u00fasica y efectos sonoros en vivo.<\/p>\n\n\n\n<p>\u201cLo que comenz\u00f3 como un ejercicio creativo en torno a la narraci\u00f3n y la m\u00fasica se transform\u00f3 en algo mucho m\u00e1s grande cuando decidimos trabajar sobre el cuento de Sendak\u201d, explic\u00f3 <em>Demian.<\/em> Agreg\u00f3 que la historia de \u201cWhere the Wild Things Are\u201d, con su ambig\u00fcedad y final abierto, ofreci\u00f3 un desaf\u00edo interesante en cuanto a la elecci\u00f3n de la m\u00fasica adecuada para acompa\u00f1ar la narrativa. La presentamos por primera vez en la Sala R\u00eda el a\u00f1o pasado, como parte de los talleres \u2018El sonido de los cuentos\u2019\u201d.<\/p>\n\n\n<div class=\"wp-block-image\">\n<figure class=\"aligncenter size-large\"><img fetchpriority=\"high\" decoding=\"async\" width=\"644\" height=\"429\" src=\"https:\/\/www.uartes.edu.ec\/sitio\/wp-content\/uploads\/2024\/11\/02-RIA-LIBRE-LIBRO-2024-644x429.jpg\" alt=\"\" class=\"wp-image-65270\" srcset=\"https:\/\/www.uartes.edu.ec\/sitio\/wp-content\/uploads\/2024\/11\/02-RIA-LIBRE-LIBRO-2024-644x429.jpg 644w, https:\/\/www.uartes.edu.ec\/sitio\/wp-content\/uploads\/2024\/11\/02-RIA-LIBRE-LIBRO-2024-300x200.jpg 300w, https:\/\/www.uartes.edu.ec\/sitio\/wp-content\/uploads\/2024\/11\/02-RIA-LIBRE-LIBRO-2024-768x512.jpg 768w, https:\/\/www.uartes.edu.ec\/sitio\/wp-content\/uploads\/2024\/11\/02-RIA-LIBRE-LIBRO-2024-1536x1024.jpg 1536w, https:\/\/www.uartes.edu.ec\/sitio\/wp-content\/uploads\/2024\/11\/02-RIA-LIBRE-LIBRO-2024-18x12.jpg 18w, https:\/\/www.uartes.edu.ec\/sitio\/wp-content\/uploads\/2024\/11\/02-RIA-LIBRE-LIBRO-2024-600x400.jpg 600w, https:\/\/www.uartes.edu.ec\/sitio\/wp-content\/uploads\/2024\/11\/02-RIA-LIBRE-LIBRO-2024-400x267.jpg 400w, https:\/\/www.uartes.edu.ec\/sitio\/wp-content\/uploads\/2024\/11\/02-RIA-LIBRE-LIBRO-2024-272x182.jpg 272w, https:\/\/www.uartes.edu.ec\/sitio\/wp-content\/uploads\/2024\/11\/02-RIA-LIBRE-LIBRO-2024.jpg 2000w\" sizes=\"(max-width: 644px) 100vw, 644px\" \/><\/figure>\n<\/div>\n\n\n<p>Para la presentaci\u00f3n de este a\u00f1o, <em>Demian<\/em> cont\u00f3 que decidi\u00f3 ir un paso m\u00e1s all\u00e1, incorporando un elemento de mediaci\u00f3n lectora. \u201cQuer\u00eda conocer el impacto de la historia en los asistentes, saber qu\u00e9 les inquietaba o qu\u00e9 reflexiones surg\u00edan despu\u00e9s de escuchar el relato y ver las im\u00e1genes. Al final obtuvimos respuestas gratificantes que muestran c\u00f3mo una historia puede tener m\u00faltiples interpretaciones seg\u00fan cada espectador, quer\u00edamos que el p\u00fablico pudiera experimentar la historia a trav\u00e9s de una combinaci\u00f3n de narraci\u00f3n, im\u00e1genes proyectadas y m\u00fasica, permitiendo que las emociones de cada escena resonaran con mayor profundidad\u201d.<\/p>\n\n\n\n<p>La colaboraci\u00f3n entre <em>Demian<\/em> y Daniela Mascar\u00f3 fue esencial para dar vida a la obra. En la pr\u00e1ctica, mientras <em>Demian<\/em> se encargaba de la narraci\u00f3n, ella se ocupaba de la creaci\u00f3n y sincronizaci\u00f3n de los efectos sonoros. \u201cElegir los fragmentos musicales adecuados y coordinar los sonidos en vivo fue un desaf\u00edo en el que Daniela tuvo un rol fundamental\u201d, recuerda el alumnus. El trabajo en equipo culmin\u00f3 en una presentaci\u00f3n que no solo recreaba el cuento, sino que lo transformaba en una experiencia inmersiva.<\/p>\n\n\n\n<p>Para la reciente presentaci\u00f3n, y ante la falta de Daniela Mascar\u00f3, <em>Demian<\/em> cont\u00f3 con el apoyo de Zam Simba\u00f1a, estudiante de la Escuela de Cine, quien se encarg\u00f3 de la consola y el sonido en vivo. \u201cHizo un trabajo incre\u00edble manteniendo la misma calidad que hab\u00edamos logrado con Daniela, lo que permiti\u00f3 mantener el imaginario\u201d, expres\u00f3 <em>Demian<\/em> con gratitud.<\/p>\n\n\n<div class=\"wp-block-image\">\n<figure class=\"aligncenter size-large\"><img decoding=\"async\" width=\"644\" height=\"429\" src=\"https:\/\/www.uartes.edu.ec\/sitio\/wp-content\/uploads\/2024\/11\/04-RIA-LIBRE-LIBRO-2024-644x429.jpg\" alt=\"\" class=\"wp-image-65271\" srcset=\"https:\/\/www.uartes.edu.ec\/sitio\/wp-content\/uploads\/2024\/11\/04-RIA-LIBRE-LIBRO-2024-644x429.jpg 644w, https:\/\/www.uartes.edu.ec\/sitio\/wp-content\/uploads\/2024\/11\/04-RIA-LIBRE-LIBRO-2024-300x200.jpg 300w, https:\/\/www.uartes.edu.ec\/sitio\/wp-content\/uploads\/2024\/11\/04-RIA-LIBRE-LIBRO-2024-768x512.jpg 768w, https:\/\/www.uartes.edu.ec\/sitio\/wp-content\/uploads\/2024\/11\/04-RIA-LIBRE-LIBRO-2024-1536x1024.jpg 1536w, https:\/\/www.uartes.edu.ec\/sitio\/wp-content\/uploads\/2024\/11\/04-RIA-LIBRE-LIBRO-2024-18x12.jpg 18w, https:\/\/www.uartes.edu.ec\/sitio\/wp-content\/uploads\/2024\/11\/04-RIA-LIBRE-LIBRO-2024-600x400.jpg 600w, https:\/\/www.uartes.edu.ec\/sitio\/wp-content\/uploads\/2024\/11\/04-RIA-LIBRE-LIBRO-2024-400x267.jpg 400w, https:\/\/www.uartes.edu.ec\/sitio\/wp-content\/uploads\/2024\/11\/04-RIA-LIBRE-LIBRO-2024-272x182.jpg 272w, https:\/\/www.uartes.edu.ec\/sitio\/wp-content\/uploads\/2024\/11\/04-RIA-LIBRE-LIBRO-2024.jpg 2000w\" sizes=\"(max-width: 644px) 100vw, 644px\" \/><\/figure>\n<\/div>\n\n\n<p>Adem\u00e1s de la narraci\u00f3n y el componente sonoro, <em>Demian<\/em> incorpor\u00f3 una mediaci\u00f3n lectora, especialmente dise\u00f1ada para interactuar con el p\u00fablico, en su mayor\u00eda adolescentes de la Unidad Educativa C\u00e9sar Borja Lavayen. Durante la charla interactiva, los j\u00f3venes no solo discutieron las posibles interpretaciones de la historia, sino que tambi\u00e9n compartieron experiencias personales sobre la relaci\u00f3n con la imaginaci\u00f3n y la figura materna, temas presentes en el cuento.<\/p>\n\n\n\n<p>\u201cEs fascinante ver c\u00f3mo los j\u00f3venes se conectan tan profundamente con una historia aparentemente simple, pero llena de capas de significado\u201d, reflexion\u00f3 <em>Demian<\/em>. Los colegiales incluso compartieron teor\u00edas alternativas sobre los eventos del cuento y propusieron finales alternativos que exploraban las inquietudes del personaje principal, Max.<\/p>\n\n\n\n<p>Para <em>Demian,<\/em> la interdisciplinariedad en la narraci\u00f3n no es solo una t\u00e9cnica, sino una identidad. \u201cCreo que todos somos narradores por naturaleza. La interdisciplinariedad enriquece la historia, le da nuevas dimensiones\u201d, afirm\u00f3. En su visi\u00f3n, la incorporaci\u00f3n de la m\u00fasica, el sonido y otros elementos sensoriales enriquece la comprensi\u00f3n del relato, creando una experiencia m\u00e1s profunda y compleja para el espectador. La narraci\u00f3n no se limita al texto, sino que se expande para involucrar otros sentidos y emociones.<\/p>\n\n\n\n<p>El resultado de la actividad fue rotundamente positivo. A pesar de que la presentaci\u00f3n no super\u00f3 los 10 minutos, el foro de discusi\u00f3n y el taller creativo de escritura se extendieron durante una hora y media. <em>Demian <\/em>se mostr\u00f3 impresionado por la creatividad de los asistentes, quienes no solo reflexionaron sobre la historia, sino que tambi\u00e9n produjeron sus propios relatos inspirados en Max y las criaturas salvajes. \u201cVer c\u00f3mo los estudiantes creaban sus propios <em>fan fictions<\/em> sobre Max, algunos ilustrados con gran talento, fue uno de los momentos m\u00e1s gratificantes\u201d, expres\u00f3 el expositor.<\/p>\n\n\n<div class=\"wp-block-image\">\n<figure class=\"aligncenter size-large\"><img decoding=\"async\" width=\"644\" height=\"429\" src=\"https:\/\/www.uartes.edu.ec\/sitio\/wp-content\/uploads\/2024\/11\/03-RIA-LIBRE-LIBRO-2024-644x429.jpg\" alt=\"\" class=\"wp-image-65273\" srcset=\"https:\/\/www.uartes.edu.ec\/sitio\/wp-content\/uploads\/2024\/11\/03-RIA-LIBRE-LIBRO-2024-644x429.jpg 644w, https:\/\/www.uartes.edu.ec\/sitio\/wp-content\/uploads\/2024\/11\/03-RIA-LIBRE-LIBRO-2024-300x200.jpg 300w, https:\/\/www.uartes.edu.ec\/sitio\/wp-content\/uploads\/2024\/11\/03-RIA-LIBRE-LIBRO-2024-768x512.jpg 768w, https:\/\/www.uartes.edu.ec\/sitio\/wp-content\/uploads\/2024\/11\/03-RIA-LIBRE-LIBRO-2024-1536x1024.jpg 1536w, https:\/\/www.uartes.edu.ec\/sitio\/wp-content\/uploads\/2024\/11\/03-RIA-LIBRE-LIBRO-2024-18x12.jpg 18w, https:\/\/www.uartes.edu.ec\/sitio\/wp-content\/uploads\/2024\/11\/03-RIA-LIBRE-LIBRO-2024-600x400.jpg 600w, https:\/\/www.uartes.edu.ec\/sitio\/wp-content\/uploads\/2024\/11\/03-RIA-LIBRE-LIBRO-2024-400x267.jpg 400w, https:\/\/www.uartes.edu.ec\/sitio\/wp-content\/uploads\/2024\/11\/03-RIA-LIBRE-LIBRO-2024-272x182.jpg 272w, https:\/\/www.uartes.edu.ec\/sitio\/wp-content\/uploads\/2024\/11\/03-RIA-LIBRE-LIBRO-2024.jpg 2000w\" sizes=\"(max-width: 644px) 100vw, 644px\" \/><\/figure>\n<\/div>\n\n\n<p>En cuanto a futuros proyectos, <em>Demian<\/em> revel\u00f3 tener la mirada puesta en continuar explorando la narraci\u00f3n interdisciplinaria con nuevas historias. \u201cMe gustar\u00eda trabajar m\u00e1s con historias de terror y fantas\u00eda que permitan a los j\u00f3venes reflexionar y discutir sobre lo que se presenta en el relato\u201d, dijo. Tambi\u00e9n tiene planes de expandir las actividades que involucran tanto la mediaci\u00f3n lectora como la creaci\u00f3n escrita, lo que permitir\u00eda a los asistentes no solo escuchar una historia, sino tambi\u00e9n reinterpretarla a trav\u00e9s de su propia creatividad.<\/p>\n\n\n\n<p>Para aquellos que no pudieron asistir al evento, <em>Demian<\/em> recomienda sumergirse en la historia de Sendak a trav\u00e9s de su sitio web oficial, ya que el cuento y la pel\u00edcula no est\u00e1n f\u00e1cilmente disponibles en el pa\u00eds. \u201cEs fundamental conocer esta obra y entender su enfoque hacia la imaginaci\u00f3n y la relaci\u00f3n madre-hijo, aspectos que muchos a\u00fan no valoran en su justa medida\u201d, concluy\u00f3.<\/p>\n\n\n\n<p>Con proyectos como \u201cEntre criaturas salvajes\u201d, <em>Demian<\/em> y su equipo no solo est\u00e1n revitalizando la narraci\u00f3n tradicional, sino que est\u00e1n creando nuevas formas de interacci\u00f3n entre los espectadores y las historias que consumen, invitando a los participantes a sumergirse en mundos fant\u00e1sticos, pero profundamente humanos.<\/p>\n\n\n\n<p>Text: Eleinn Rivera, estudiante de la Escuela de Literatura. Fotos: cortes\u00eda de Jacky Loor, Zam Simba\u00f1a y Cristian Alvarado.<\/p>","protected":false},"excerpt":{"rendered":"<p>Fernando Garc\u00e9s Medina, quien art\u00edsticamente se da a conocer como Demian, es licenciado en Literatura por la UArtes y en la d\u00e9cima edici\u00f3n de Libre Libro present\u00f3 un proyecto multidisciplinario sobre el cuento de Maurice Sendak, \u201cWhere the Wild Things Are\u201d (\u201cDonde viven los monstruos\u201d). A su reinterpretaci\u00f3n del texto la denomin\u00f3 \u201cEntre criaturas salvajes\u201d y fusion\u00f3 m\u00fasica y sonido en vivo; brind\u00f3 tambi\u00e9n una charla interactiva.  <\/p>","protected":false},"author":10,"featured_media":65272,"comment_status":"open","ping_status":"open","sticky":false,"template":"","format":"standard","meta":{"_acf_changed":false,"_uag_custom_page_level_css":"","_monsterinsights_skip_tracking":false,"_monsterinsights_sitenote_active":false,"_monsterinsights_sitenote_note":"","_monsterinsights_sitenote_category":0,"cybocfi_hide_featured_image":"","footnotes":""},"categories":[80,490,82,76,77,284,175],"tags":[547],"infouartes":[],"class_list":["post-65170","post","type-post","status-publish","format-standard","has-post-thumbnail","hentry","category-academico","category-alumni","category-artes","category-estudiantes","category-gestion","category-investigacion","category-literatura","tag-libre-libro"],"acf":[],"yoast_head":"<!-- This site is optimized with the Yoast SEO plugin v27.4 - https:\/\/yoast.com\/product\/yoast-seo-wordpress\/ -->\n<title>Universidad de las Artes - \u201cEntre criaturas salvajes\u201d, la propuesta de un viaje interdisciplinario a trav\u00e9s de la narraci\u00f3n, la m\u00fasica y la imaginaci\u00f3n<\/title>\n<meta name=\"description\" content=\"Universidad de las Artes - \u201cEntre criaturas salvajes\u201d, la propuesta de un viaje interdisciplinario a trav\u00e9s de la narraci\u00f3n, la m\u00fasica y la imaginaci\u00f3n\" \/>\n<meta name=\"robots\" content=\"index, follow, max-snippet:-1, max-image-preview:large, max-video-preview:-1\" \/>\n<link rel=\"canonical\" href=\"https:\/\/www.uartes.edu.ec\/sitio\/fr\/blog\/2024\/11\/14\/entre-criaturas-salvajes-un-viaje-interdisciplinario-a-traves-de-la-narracion-la-musica-y-la-imaginacion\/\" \/>\n<meta property=\"og:locale\" content=\"fr_FR\" \/>\n<meta property=\"og:type\" content=\"article\" \/>\n<meta property=\"og:title\" content=\"Universidad de las Artes - \u201cEntre criaturas salvajes\u201d, la propuesta de un viaje interdisciplinario a trav\u00e9s de la narraci\u00f3n, la m\u00fasica y la imaginaci\u00f3n\" \/>\n<meta property=\"og:description\" content=\"Universidad de las Artes - \u201cEntre criaturas salvajes\u201d, la propuesta de un viaje interdisciplinario a trav\u00e9s de la narraci\u00f3n, la m\u00fasica y la imaginaci\u00f3n\" \/>\n<meta property=\"og:url\" content=\"https:\/\/www.uartes.edu.ec\/sitio\/fr\/blog\/2024\/11\/14\/entre-criaturas-salvajes-un-viaje-interdisciplinario-a-traves-de-la-narracion-la-musica-y-la-imaginacion\/\" \/>\n<meta property=\"og:site_name\" content=\"Universidad de las Artes\" \/>\n<meta property=\"article:publisher\" content=\"https:\/\/www.facebook.com\/uartesec\" \/>\n<meta property=\"article:published_time\" content=\"2024-11-14T16:05:00+00:00\" \/>\n<meta property=\"article:modified_time\" content=\"2024-11-26T01:50:42+00:00\" \/>\n<meta property=\"og:image\" content=\"https:\/\/www.uartes.edu.ec\/sitio\/wp-content\/uploads\/2024\/11\/01-RIA-LIBRE-LIBRO-2024.jpg\" \/>\n\t<meta property=\"og:image:width\" content=\"2000\" \/>\n\t<meta property=\"og:image:height\" content=\"1333\" \/>\n\t<meta property=\"og:image:type\" content=\"image\/jpeg\" \/>\n<meta name=\"author\" content=\"ccortez\" \/>\n<meta name=\"twitter:card\" content=\"summary_large_image\" \/>\n<meta name=\"twitter:creator\" content=\"@uartesec\" \/>\n<meta name=\"twitter:site\" content=\"@uartesec\" \/>\n<meta name=\"twitter:label1\" content=\"\u00c9crit par\" \/>\n\t<meta name=\"twitter:data1\" content=\"ccortez\" \/>\n\t<meta name=\"twitter:label2\" content=\"Dur\u00e9e de lecture estim\u00e9e\" \/>\n\t<meta name=\"twitter:data2\" content=\"6 minutes\" \/>\n<script type=\"application\/ld+json\" class=\"yoast-schema-graph\">{\"@context\":\"https:\\\/\\\/schema.org\",\"@graph\":[{\"@type\":\"Article\",\"@id\":\"https:\\\/\\\/www.uartes.edu.ec\\\/sitio\\\/fr\\\/blog\\\/2024\\\/11\\\/14\\\/entre-criaturas-salvajes-un-viaje-interdisciplinario-a-traves-de-la-narracion-la-musica-y-la-imaginacion\\\/#article\",\"isPartOf\":{\"@id\":\"https:\\\/\\\/www.uartes.edu.ec\\\/sitio\\\/fr\\\/blog\\\/2024\\\/11\\\/14\\\/entre-criaturas-salvajes-un-viaje-interdisciplinario-a-traves-de-la-narracion-la-musica-y-la-imaginacion\\\/\"},\"author\":{\"name\":\"ccortez\",\"@id\":\"https:\\\/\\\/www.uartes.edu.ec\\\/sitio\\\/fr\\\/#\\\/schema\\\/person\\\/efa1b8275797664fd7f13a79ccc0b1f4\"},\"headline\":\"\u201cEntre criaturas salvajes\u201d, la propuesta de un viaje interdisciplinario a trav\u00e9s de la narraci\u00f3n, la m\u00fasica y la imaginaci\u00f3n\",\"datePublished\":\"2024-11-14T16:05:00+00:00\",\"dateModified\":\"2024-11-26T01:50:42+00:00\",\"mainEntityOfPage\":{\"@id\":\"https:\\\/\\\/www.uartes.edu.ec\\\/sitio\\\/fr\\\/blog\\\/2024\\\/11\\\/14\\\/entre-criaturas-salvajes-un-viaje-interdisciplinario-a-traves-de-la-narracion-la-musica-y-la-imaginacion\\\/\"},\"wordCount\":1132,\"commentCount\":0,\"publisher\":{\"@id\":\"https:\\\/\\\/www.uartes.edu.ec\\\/sitio\\\/fr\\\/#organization\"},\"image\":{\"@id\":\"https:\\\/\\\/www.uartes.edu.ec\\\/sitio\\\/fr\\\/blog\\\/2024\\\/11\\\/14\\\/entre-criaturas-salvajes-un-viaje-interdisciplinario-a-traves-de-la-narracion-la-musica-y-la-imaginacion\\\/#primaryimage\"},\"thumbnailUrl\":\"https:\\\/\\\/www.uartes.edu.ec\\\/sitio\\\/wp-content\\\/uploads\\\/2024\\\/11\\\/01-RIA-LIBRE-LIBRO-2024.jpg\",\"keywords\":[\"Libre Libro\"],\"articleSection\":[\"Acad\u00e9mico\",\"Alumni\",\"Artes\",\"Estudiantes\",\"Gesti\u00f3n\",\"Investigaci\u00f3n\",\"Literatura\"],\"inLanguage\":\"fr-FR\",\"potentialAction\":[{\"@type\":\"CommentAction\",\"name\":\"Comment\",\"target\":[\"https:\\\/\\\/www.uartes.edu.ec\\\/sitio\\\/fr\\\/blog\\\/2024\\\/11\\\/14\\\/entre-criaturas-salvajes-un-viaje-interdisciplinario-a-traves-de-la-narracion-la-musica-y-la-imaginacion\\\/#respond\"]}]},{\"@type\":[\"WebPage\",\"ItemPage\"],\"@id\":\"https:\\\/\\\/www.uartes.edu.ec\\\/sitio\\\/fr\\\/blog\\\/2024\\\/11\\\/14\\\/entre-criaturas-salvajes-un-viaje-interdisciplinario-a-traves-de-la-narracion-la-musica-y-la-imaginacion\\\/\",\"url\":\"https:\\\/\\\/www.uartes.edu.ec\\\/sitio\\\/fr\\\/blog\\\/2024\\\/11\\\/14\\\/entre-criaturas-salvajes-un-viaje-interdisciplinario-a-traves-de-la-narracion-la-musica-y-la-imaginacion\\\/\",\"name\":\"Universidad de las Artes - \u201cEntre criaturas salvajes\u201d, la propuesta de un viaje interdisciplinario a trav\u00e9s de la narraci\u00f3n, la m\u00fasica y la imaginaci\u00f3n\",\"isPartOf\":{\"@id\":\"https:\\\/\\\/www.uartes.edu.ec\\\/sitio\\\/fr\\\/#website\"},\"primaryImageOfPage\":{\"@id\":\"https:\\\/\\\/www.uartes.edu.ec\\\/sitio\\\/fr\\\/blog\\\/2024\\\/11\\\/14\\\/entre-criaturas-salvajes-un-viaje-interdisciplinario-a-traves-de-la-narracion-la-musica-y-la-imaginacion\\\/#primaryimage\"},\"image\":{\"@id\":\"https:\\\/\\\/www.uartes.edu.ec\\\/sitio\\\/fr\\\/blog\\\/2024\\\/11\\\/14\\\/entre-criaturas-salvajes-un-viaje-interdisciplinario-a-traves-de-la-narracion-la-musica-y-la-imaginacion\\\/#primaryimage\"},\"thumbnailUrl\":\"https:\\\/\\\/www.uartes.edu.ec\\\/sitio\\\/wp-content\\\/uploads\\\/2024\\\/11\\\/01-RIA-LIBRE-LIBRO-2024.jpg\",\"datePublished\":\"2024-11-14T16:05:00+00:00\",\"dateModified\":\"2024-11-26T01:50:42+00:00\",\"description\":\"Universidad de las Artes - \u201cEntre criaturas salvajes\u201d, la propuesta de un viaje interdisciplinario a trav\u00e9s de la narraci\u00f3n, la m\u00fasica y la imaginaci\u00f3n\",\"breadcrumb\":{\"@id\":\"https:\\\/\\\/www.uartes.edu.ec\\\/sitio\\\/fr\\\/blog\\\/2024\\\/11\\\/14\\\/entre-criaturas-salvajes-un-viaje-interdisciplinario-a-traves-de-la-narracion-la-musica-y-la-imaginacion\\\/#breadcrumb\"},\"inLanguage\":\"fr-FR\",\"potentialAction\":[{\"@type\":\"ReadAction\",\"target\":[\"https:\\\/\\\/www.uartes.edu.ec\\\/sitio\\\/fr\\\/blog\\\/2024\\\/11\\\/14\\\/entre-criaturas-salvajes-un-viaje-interdisciplinario-a-traves-de-la-narracion-la-musica-y-la-imaginacion\\\/\"]}]},{\"@type\":\"ImageObject\",\"inLanguage\":\"fr-FR\",\"@id\":\"https:\\\/\\\/www.uartes.edu.ec\\\/sitio\\\/fr\\\/blog\\\/2024\\\/11\\\/14\\\/entre-criaturas-salvajes-un-viaje-interdisciplinario-a-traves-de-la-narracion-la-musica-y-la-imaginacion\\\/#primaryimage\",\"url\":\"https:\\\/\\\/www.uartes.edu.ec\\\/sitio\\\/wp-content\\\/uploads\\\/2024\\\/11\\\/01-RIA-LIBRE-LIBRO-2024.jpg\",\"contentUrl\":\"https:\\\/\\\/www.uartes.edu.ec\\\/sitio\\\/wp-content\\\/uploads\\\/2024\\\/11\\\/01-RIA-LIBRE-LIBRO-2024.jpg\",\"width\":2000,\"height\":1333},{\"@type\":\"BreadcrumbList\",\"@id\":\"https:\\\/\\\/www.uartes.edu.ec\\\/sitio\\\/fr\\\/blog\\\/2024\\\/11\\\/14\\\/entre-criaturas-salvajes-un-viaje-interdisciplinario-a-traves-de-la-narracion-la-musica-y-la-imaginacion\\\/#breadcrumb\",\"itemListElement\":[{\"@type\":\"ListItem\",\"position\":1,\"name\":\"Inicio\",\"item\":\"https:\\\/\\\/www.uartes.edu.ec\\\/sitio\\\/\"},{\"@type\":\"ListItem\",\"position\":2,\"name\":\"\u201cEntre criaturas salvajes\u201d, la propuesta de un viaje interdisciplinario a trav\u00e9s de la narraci\u00f3n, la m\u00fasica y la imaginaci\u00f3n\"}]},{\"@type\":\"WebSite\",\"@id\":\"https:\\\/\\\/www.uartes.edu.ec\\\/sitio\\\/fr\\\/#website\",\"url\":\"https:\\\/\\\/www.uartes.edu.ec\\\/sitio\\\/fr\\\/\",\"name\":\"Universidad de las Artes\",\"description\":\"Sitio oficial de la Universidad Nacional de las Artes del Ecuador\",\"publisher\":{\"@id\":\"https:\\\/\\\/www.uartes.edu.ec\\\/sitio\\\/fr\\\/#organization\"},\"potentialAction\":[{\"@type\":\"SearchAction\",\"target\":{\"@type\":\"EntryPoint\",\"urlTemplate\":\"https:\\\/\\\/www.uartes.edu.ec\\\/sitio\\\/fr\\\/?s={search_term_string}\"},\"query-input\":{\"@type\":\"PropertyValueSpecification\",\"valueRequired\":true,\"valueName\":\"search_term_string\"}}],\"inLanguage\":\"fr-FR\"},{\"@type\":\"Organization\",\"@id\":\"https:\\\/\\\/www.uartes.edu.ec\\\/sitio\\\/fr\\\/#organization\",\"name\":\"Universidad de las Artes\",\"url\":\"https:\\\/\\\/www.uartes.edu.ec\\\/sitio\\\/fr\\\/\",\"logo\":{\"@type\":\"ImageObject\",\"inLanguage\":\"fr-FR\",\"@id\":\"https:\\\/\\\/www.uartes.edu.ec\\\/sitio\\\/fr\\\/#\\\/schema\\\/logo\\\/image\\\/\",\"url\":\"https:\\\/\\\/www.uartes.edu.ec\\\/sitio\\\/wp-content\\\/uploads\\\/2022\\\/07\\\/logo-ua-horizontal.png\",\"contentUrl\":\"https:\\\/\\\/www.uartes.edu.ec\\\/sitio\\\/wp-content\\\/uploads\\\/2022\\\/07\\\/logo-ua-horizontal.png\",\"width\":800,\"height\":276,\"caption\":\"Universidad de las Artes\"},\"image\":{\"@id\":\"https:\\\/\\\/www.uartes.edu.ec\\\/sitio\\\/fr\\\/#\\\/schema\\\/logo\\\/image\\\/\"},\"sameAs\":[\"https:\\\/\\\/www.facebook.com\\\/uartesec\",\"https:\\\/\\\/x.com\\\/uartesec\",\"https:\\\/\\\/www.tiktok.com\\\/@uartesec\"]},{\"@type\":\"Person\",\"@id\":\"https:\\\/\\\/www.uartes.edu.ec\\\/sitio\\\/fr\\\/#\\\/schema\\\/person\\\/efa1b8275797664fd7f13a79ccc0b1f4\",\"name\":\"ccortez\",\"image\":{\"@type\":\"ImageObject\",\"inLanguage\":\"fr-FR\",\"@id\":\"https:\\\/\\\/secure.gravatar.com\\\/avatar\\\/b2a6f664a3ae8e074346ef91775736c5ec479e637ecced6842de9dc98b5da9cd?s=96&d=mm&r=g\",\"url\":\"https:\\\/\\\/secure.gravatar.com\\\/avatar\\\/b2a6f664a3ae8e074346ef91775736c5ec479e637ecced6842de9dc98b5da9cd?s=96&d=mm&r=g\",\"contentUrl\":\"https:\\\/\\\/secure.gravatar.com\\\/avatar\\\/b2a6f664a3ae8e074346ef91775736c5ec479e637ecced6842de9dc98b5da9cd?s=96&d=mm&r=g\",\"caption\":\"ccortez\"},\"url\":\"https:\\\/\\\/www.uartes.edu.ec\\\/sitio\\\/fr\\\/blog\\\/author\\\/ccortez\\\/\"}]}<\/script>\n<!-- \/ Yoast SEO plugin. -->","yoast_head_json":{"title":"Universidad de las Artes - \u201cEntre criaturas salvajes\u201d, la propuesta de un viaje interdisciplinario a trav\u00e9s de la narraci\u00f3n, la m\u00fasica y la imaginaci\u00f3n","description":"Universidad de las Artes - \u201cEntre criaturas salvajes\u201d, la propuesta de un viaje interdisciplinario a trav\u00e9s de la narraci\u00f3n, la m\u00fasica y la imaginaci\u00f3n","robots":{"index":"index","follow":"follow","max-snippet":"max-snippet:-1","max-image-preview":"max-image-preview:large","max-video-preview":"max-video-preview:-1"},"canonical":"https:\/\/www.uartes.edu.ec\/sitio\/fr\/blog\/2024\/11\/14\/entre-criaturas-salvajes-un-viaje-interdisciplinario-a-traves-de-la-narracion-la-musica-y-la-imaginacion\/","og_locale":"fr_FR","og_type":"article","og_title":"Universidad de las Artes - \u201cEntre criaturas salvajes\u201d, la propuesta de un viaje interdisciplinario a trav\u00e9s de la narraci\u00f3n, la m\u00fasica y la imaginaci\u00f3n","og_description":"Universidad de las Artes - \u201cEntre criaturas salvajes\u201d, la propuesta de un viaje interdisciplinario a trav\u00e9s de la narraci\u00f3n, la m\u00fasica y la imaginaci\u00f3n","og_url":"https:\/\/www.uartes.edu.ec\/sitio\/fr\/blog\/2024\/11\/14\/entre-criaturas-salvajes-un-viaje-interdisciplinario-a-traves-de-la-narracion-la-musica-y-la-imaginacion\/","og_site_name":"Universidad de las Artes","article_publisher":"https:\/\/www.facebook.com\/uartesec","article_published_time":"2024-11-14T16:05:00+00:00","article_modified_time":"2024-11-26T01:50:42+00:00","og_image":[{"width":2000,"height":1333,"url":"https:\/\/www.uartes.edu.ec\/sitio\/wp-content\/uploads\/2024\/11\/01-RIA-LIBRE-LIBRO-2024.jpg","type":"image\/jpeg"}],"author":"ccortez","twitter_card":"summary_large_image","twitter_creator":"@uartesec","twitter_site":"@uartesec","twitter_misc":{"\u00c9crit par":"ccortez","Dur\u00e9e de lecture estim\u00e9e":"6 minutes"},"schema":{"@context":"https:\/\/schema.org","@graph":[{"@type":"Article","@id":"https:\/\/www.uartes.edu.ec\/sitio\/fr\/blog\/2024\/11\/14\/entre-criaturas-salvajes-un-viaje-interdisciplinario-a-traves-de-la-narracion-la-musica-y-la-imaginacion\/#article","isPartOf":{"@id":"https:\/\/www.uartes.edu.ec\/sitio\/fr\/blog\/2024\/11\/14\/entre-criaturas-salvajes-un-viaje-interdisciplinario-a-traves-de-la-narracion-la-musica-y-la-imaginacion\/"},"author":{"name":"ccortez","@id":"https:\/\/www.uartes.edu.ec\/sitio\/fr\/#\/schema\/person\/efa1b8275797664fd7f13a79ccc0b1f4"},"headline":"\u201cEntre criaturas salvajes\u201d, la propuesta de un viaje interdisciplinario a trav\u00e9s de la narraci\u00f3n, la m\u00fasica y la imaginaci\u00f3n","datePublished":"2024-11-14T16:05:00+00:00","dateModified":"2024-11-26T01:50:42+00:00","mainEntityOfPage":{"@id":"https:\/\/www.uartes.edu.ec\/sitio\/fr\/blog\/2024\/11\/14\/entre-criaturas-salvajes-un-viaje-interdisciplinario-a-traves-de-la-narracion-la-musica-y-la-imaginacion\/"},"wordCount":1132,"commentCount":0,"publisher":{"@id":"https:\/\/www.uartes.edu.ec\/sitio\/fr\/#organization"},"image":{"@id":"https:\/\/www.uartes.edu.ec\/sitio\/fr\/blog\/2024\/11\/14\/entre-criaturas-salvajes-un-viaje-interdisciplinario-a-traves-de-la-narracion-la-musica-y-la-imaginacion\/#primaryimage"},"thumbnailUrl":"https:\/\/www.uartes.edu.ec\/sitio\/wp-content\/uploads\/2024\/11\/01-RIA-LIBRE-LIBRO-2024.jpg","keywords":["Libre Libro"],"articleSection":["Acad\u00e9mico","Alumni","Artes","Estudiantes","Gesti\u00f3n","Investigaci\u00f3n","Literatura"],"inLanguage":"fr-FR","potentialAction":[{"@type":"CommentAction","name":"Comment","target":["https:\/\/www.uartes.edu.ec\/sitio\/fr\/blog\/2024\/11\/14\/entre-criaturas-salvajes-un-viaje-interdisciplinario-a-traves-de-la-narracion-la-musica-y-la-imaginacion\/#respond"]}]},{"@type":["WebPage","ItemPage"],"@id":"https:\/\/www.uartes.edu.ec\/sitio\/fr\/blog\/2024\/11\/14\/entre-criaturas-salvajes-un-viaje-interdisciplinario-a-traves-de-la-narracion-la-musica-y-la-imaginacion\/","url":"https:\/\/www.uartes.edu.ec\/sitio\/fr\/blog\/2024\/11\/14\/entre-criaturas-salvajes-un-viaje-interdisciplinario-a-traves-de-la-narracion-la-musica-y-la-imaginacion\/","name":"Universidad de las Artes - \u201cEntre criaturas salvajes\u201d, la propuesta de un viaje interdisciplinario a trav\u00e9s de la narraci\u00f3n, la m\u00fasica y la imaginaci\u00f3n","isPartOf":{"@id":"https:\/\/www.uartes.edu.ec\/sitio\/fr\/#website"},"primaryImageOfPage":{"@id":"https:\/\/www.uartes.edu.ec\/sitio\/fr\/blog\/2024\/11\/14\/entre-criaturas-salvajes-un-viaje-interdisciplinario-a-traves-de-la-narracion-la-musica-y-la-imaginacion\/#primaryimage"},"image":{"@id":"https:\/\/www.uartes.edu.ec\/sitio\/fr\/blog\/2024\/11\/14\/entre-criaturas-salvajes-un-viaje-interdisciplinario-a-traves-de-la-narracion-la-musica-y-la-imaginacion\/#primaryimage"},"thumbnailUrl":"https:\/\/www.uartes.edu.ec\/sitio\/wp-content\/uploads\/2024\/11\/01-RIA-LIBRE-LIBRO-2024.jpg","datePublished":"2024-11-14T16:05:00+00:00","dateModified":"2024-11-26T01:50:42+00:00","description":"Universidad de las Artes - \u201cEntre criaturas salvajes\u201d, la propuesta de un viaje interdisciplinario a trav\u00e9s de la narraci\u00f3n, la m\u00fasica y la imaginaci\u00f3n","breadcrumb":{"@id":"https:\/\/www.uartes.edu.ec\/sitio\/fr\/blog\/2024\/11\/14\/entre-criaturas-salvajes-un-viaje-interdisciplinario-a-traves-de-la-narracion-la-musica-y-la-imaginacion\/#breadcrumb"},"inLanguage":"fr-FR","potentialAction":[{"@type":"ReadAction","target":["https:\/\/www.uartes.edu.ec\/sitio\/fr\/blog\/2024\/11\/14\/entre-criaturas-salvajes-un-viaje-interdisciplinario-a-traves-de-la-narracion-la-musica-y-la-imaginacion\/"]}]},{"@type":"ImageObject","inLanguage":"fr-FR","@id":"https:\/\/www.uartes.edu.ec\/sitio\/fr\/blog\/2024\/11\/14\/entre-criaturas-salvajes-un-viaje-interdisciplinario-a-traves-de-la-narracion-la-musica-y-la-imaginacion\/#primaryimage","url":"https:\/\/www.uartes.edu.ec\/sitio\/wp-content\/uploads\/2024\/11\/01-RIA-LIBRE-LIBRO-2024.jpg","contentUrl":"https:\/\/www.uartes.edu.ec\/sitio\/wp-content\/uploads\/2024\/11\/01-RIA-LIBRE-LIBRO-2024.jpg","width":2000,"height":1333},{"@type":"BreadcrumbList","@id":"https:\/\/www.uartes.edu.ec\/sitio\/fr\/blog\/2024\/11\/14\/entre-criaturas-salvajes-un-viaje-interdisciplinario-a-traves-de-la-narracion-la-musica-y-la-imaginacion\/#breadcrumb","itemListElement":[{"@type":"ListItem","position":1,"name":"Inicio","item":"https:\/\/www.uartes.edu.ec\/sitio\/"},{"@type":"ListItem","position":2,"name":"\u201cEntre criaturas salvajes\u201d, la propuesta de un viaje interdisciplinario a trav\u00e9s de la narraci\u00f3n, la m\u00fasica y la imaginaci\u00f3n"}]},{"@type":"WebSite","@id":"https:\/\/www.uartes.edu.ec\/sitio\/fr\/#website","url":"https:\/\/www.uartes.edu.ec\/sitio\/fr\/","name":"Universidad de las Artes","description":"Sitio oficial de la Universidad Nacional de las Artes del Ecuador","publisher":{"@id":"https:\/\/www.uartes.edu.ec\/sitio\/fr\/#organization"},"potentialAction":[{"@type":"SearchAction","target":{"@type":"EntryPoint","urlTemplate":"https:\/\/www.uartes.edu.ec\/sitio\/fr\/?s={search_term_string}"},"query-input":{"@type":"PropertyValueSpecification","valueRequired":true,"valueName":"search_term_string"}}],"inLanguage":"fr-FR"},{"@type":"Organization","@id":"https:\/\/www.uartes.edu.ec\/sitio\/fr\/#organization","name":"Universidad de las Artes","url":"https:\/\/www.uartes.edu.ec\/sitio\/fr\/","logo":{"@type":"ImageObject","inLanguage":"fr-FR","@id":"https:\/\/www.uartes.edu.ec\/sitio\/fr\/#\/schema\/logo\/image\/","url":"https:\/\/www.uartes.edu.ec\/sitio\/wp-content\/uploads\/2022\/07\/logo-ua-horizontal.png","contentUrl":"https:\/\/www.uartes.edu.ec\/sitio\/wp-content\/uploads\/2022\/07\/logo-ua-horizontal.png","width":800,"height":276,"caption":"Universidad de las Artes"},"image":{"@id":"https:\/\/www.uartes.edu.ec\/sitio\/fr\/#\/schema\/logo\/image\/"},"sameAs":["https:\/\/www.facebook.com\/uartesec","https:\/\/x.com\/uartesec","https:\/\/www.tiktok.com\/@uartesec"]},{"@type":"Person","@id":"https:\/\/www.uartes.edu.ec\/sitio\/fr\/#\/schema\/person\/efa1b8275797664fd7f13a79ccc0b1f4","name":"ccortez","image":{"@type":"ImageObject","inLanguage":"fr-FR","@id":"https:\/\/secure.gravatar.com\/avatar\/b2a6f664a3ae8e074346ef91775736c5ec479e637ecced6842de9dc98b5da9cd?s=96&d=mm&r=g","url":"https:\/\/secure.gravatar.com\/avatar\/b2a6f664a3ae8e074346ef91775736c5ec479e637ecced6842de9dc98b5da9cd?s=96&d=mm&r=g","contentUrl":"https:\/\/secure.gravatar.com\/avatar\/b2a6f664a3ae8e074346ef91775736c5ec479e637ecced6842de9dc98b5da9cd?s=96&d=mm&r=g","caption":"ccortez"},"url":"https:\/\/www.uartes.edu.ec\/sitio\/fr\/blog\/author\/ccortez\/"}]}},"uagb_featured_image_src":{"full":["https:\/\/www.uartes.edu.ec\/sitio\/wp-content\/uploads\/2024\/11\/01-RIA-LIBRE-LIBRO-2024.jpg",2000,1333,false],"thumbnail":["https:\/\/www.uartes.edu.ec\/sitio\/wp-content\/uploads\/2024\/11\/01-RIA-LIBRE-LIBRO-2024-150x150.jpg",150,150,true],"medium":["https:\/\/www.uartes.edu.ec\/sitio\/wp-content\/uploads\/2024\/11\/01-RIA-LIBRE-LIBRO-2024-300x200.jpg",300,200,true],"medium_large":["https:\/\/www.uartes.edu.ec\/sitio\/wp-content\/uploads\/2024\/11\/01-RIA-LIBRE-LIBRO-2024-768x512.jpg",768,512,true],"large":["https:\/\/www.uartes.edu.ec\/sitio\/wp-content\/uploads\/2024\/11\/01-RIA-LIBRE-LIBRO-2024-644x429.jpg",644,429,true],"1536x1536":["https:\/\/www.uartes.edu.ec\/sitio\/wp-content\/uploads\/2024\/11\/01-RIA-LIBRE-LIBRO-2024-1536x1024.jpg",1536,1024,true],"2048x2048":["https:\/\/www.uartes.edu.ec\/sitio\/wp-content\/uploads\/2024\/11\/01-RIA-LIBRE-LIBRO-2024.jpg",2000,1333,false],"trp-custom-language-flag":["https:\/\/www.uartes.edu.ec\/sitio\/wp-content\/uploads\/2024\/11\/01-RIA-LIBRE-LIBRO-2024-18x12.jpg",18,12,true],"htmega_size_585x295":["https:\/\/www.uartes.edu.ec\/sitio\/wp-content\/uploads\/2024\/11\/01-RIA-LIBRE-LIBRO-2024-585x295.jpg",585,295,true],"htmega_size_1170x536":["https:\/\/www.uartes.edu.ec\/sitio\/wp-content\/uploads\/2024\/11\/01-RIA-LIBRE-LIBRO-2024-1170x536.jpg",1170,536,true],"htmega_size_396x360":["https:\/\/www.uartes.edu.ec\/sitio\/wp-content\/uploads\/2024\/11\/01-RIA-LIBRE-LIBRO-2024-396x360.jpg",396,360,true],"gb-block-post-grid-landscape":["https:\/\/www.uartes.edu.ec\/sitio\/wp-content\/uploads\/2024\/11\/01-RIA-LIBRE-LIBRO-2024-600x400.jpg",600,400,true],"gb-block-post-grid-square":["https:\/\/www.uartes.edu.ec\/sitio\/wp-content\/uploads\/2024\/11\/01-RIA-LIBRE-LIBRO-2024-600x600.jpg",600,600,true],"university-hub-thumb":["https:\/\/www.uartes.edu.ec\/sitio\/wp-content\/uploads\/2024\/11\/01-RIA-LIBRE-LIBRO-2024-400x267.jpg",400,267,true]},"uagb_author_info":{"display_name":"ccortez","author_link":"https:\/\/www.uartes.edu.ec\/sitio\/fr\/blog\/author\/ccortez\/"},"uagb_comment_info":0,"uagb_excerpt":"Fernando Garc\u00e9s Medina, quien art\u00edsticamente se da a conocer como Demian, es licenciado en Literatura por la UArtes y en la d\u00e9cima edici\u00f3n de Libre Libro present\u00f3 un proyecto multidisciplinario sobre el cuento de Maurice Sendak, \u201cWhere the Wild Things Are\u201d (\u201cDonde viven los monstruos\u201d). A su reinterpretaci\u00f3n del texto la denomin\u00f3 \u201cEntre criaturas salvajes\u201d\u2026","featured_image_src":"https:\/\/www.uartes.edu.ec\/sitio\/wp-content\/uploads\/2024\/11\/01-RIA-LIBRE-LIBRO-2024-600x400.jpg","featured_image_src_square":"https:\/\/www.uartes.edu.ec\/sitio\/wp-content\/uploads\/2024\/11\/01-RIA-LIBRE-LIBRO-2024-600x600.jpg","author_info":{"display_name":"ccortez","author_link":"https:\/\/www.uartes.edu.ec\/sitio\/fr\/blog\/author\/ccortez\/"},"publishpress_future_workflow_manual_trigger":{"enabledWorkflows":[]},"distributor_meta":false,"distributor_terms":false,"distributor_media":false,"distributor_original_site_name":"Universidad de las Artes","distributor_original_site_url":"https:\/\/www.uartes.edu.ec\/sitio\/fr","push-errors":false,"_links":{"self":[{"href":"https:\/\/www.uartes.edu.ec\/sitio\/fr\/wp-json\/wp\/v2\/posts\/65170","targetHints":{"allow":["GET"]}}],"collection":[{"href":"https:\/\/www.uartes.edu.ec\/sitio\/fr\/wp-json\/wp\/v2\/posts"}],"about":[{"href":"https:\/\/www.uartes.edu.ec\/sitio\/fr\/wp-json\/wp\/v2\/types\/post"}],"author":[{"embeddable":true,"href":"https:\/\/www.uartes.edu.ec\/sitio\/fr\/wp-json\/wp\/v2\/users\/10"}],"replies":[{"embeddable":true,"href":"https:\/\/www.uartes.edu.ec\/sitio\/fr\/wp-json\/wp\/v2\/comments?post=65170"}],"version-history":[{"count":5,"href":"https:\/\/www.uartes.edu.ec\/sitio\/fr\/wp-json\/wp\/v2\/posts\/65170\/revisions"}],"predecessor-version":[{"id":65280,"href":"https:\/\/www.uartes.edu.ec\/sitio\/fr\/wp-json\/wp\/v2\/posts\/65170\/revisions\/65280"}],"wp:featuredmedia":[{"embeddable":true,"href":"https:\/\/www.uartes.edu.ec\/sitio\/fr\/wp-json\/wp\/v2\/media\/65272"}],"wp:attachment":[{"href":"https:\/\/www.uartes.edu.ec\/sitio\/fr\/wp-json\/wp\/v2\/media?parent=65170"}],"wp:term":[{"taxonomy":"category","embeddable":true,"href":"https:\/\/www.uartes.edu.ec\/sitio\/fr\/wp-json\/wp\/v2\/categories?post=65170"},{"taxonomy":"post_tag","embeddable":true,"href":"https:\/\/www.uartes.edu.ec\/sitio\/fr\/wp-json\/wp\/v2\/tags?post=65170"},{"taxonomy":"infouartes","embeddable":true,"href":"https:\/\/www.uartes.edu.ec\/sitio\/fr\/wp-json\/wp\/v2\/infouartes?post=65170"}],"curies":[{"name":"wp","href":"https:\/\/api.w.org\/{rel}","templated":true}]}}