{"id":65543,"date":"2024-09-24T16:18:00","date_gmt":"2024-09-24T21:18:00","guid":{"rendered":"https:\/\/www.uartes.edu.ec\/sitio\/?p=65543"},"modified":"2024-12-03T18:44:40","modified_gmt":"2024-12-03T23:44:40","slug":"escuela-de-artes-escenicas-tendra-su-primer-concurso-de-dramaturgia","status":"publish","type":"post","link":"https:\/\/www.uartes.edu.ec\/sitio\/fr\/blog\/2024\/09\/24\/escuela-de-artes-escenicas-tendra-su-primer-concurso-de-dramaturgia\/","title":{"rendered":"Carrera de Creaci\u00f3n Teatral de la UArtes tendr\u00e1 su primer concurso de dramaturgia"},"content":{"rendered":"<p>Incentivar la escritura de obras teatrales dentro de la comunidad estudiantil, as\u00ed como difundir y poner en valor las distintas propuestas dramat\u00fargicas de las y los alumnos de la Universidad de las Artes. Son los objetivos del primer concurso de dramaturgia UArtes, una propuesta conjunta de la carrera de Creaci\u00f3n Teatral de la Escuela de Artes Esc\u00e9nicas y la Secretar\u00eda de Bienestar Universitario (SBU).<\/p>\n\n\n\n<p>La convocatoria se abri\u00f3 el 10 de septiembre y cerrar\u00e1 el 6 de noviembre. Quienes deseen intervenir pueden revisar las bases y conocer todo sobre el concurso (el link al final del texto), anota el docente Diego Ortega, quien es parte del equipo organizador del certamen.<\/p>\n\n\n\n<p>Ortega es profesor de dramaturgia y se integr\u00f3 a la UArtes hace casi tres a\u00f1os; antes ejerci\u00f3 la docencia en la Universidad de Cuenca. Licenciado en Creaci\u00f3n Teatral, especializado en dramaturgia, escritura de guion y creaci\u00f3n, el docente coment\u00f3 que la c\u00e1tedra que dicta tiene tres niveles de dramaturgia: tradicional, contempor\u00e1nea y experimental, se concibi\u00f3 para el concurso dos categor\u00edas: \u201cYo todav\u00eda represento\u201d, que es la tradicional y representacional; y \u201cEl futuro es hoy\u201d, que hace referencia a los nuevos tipos de escritura experimental y espacial que se estudia mucho en la carrera de Creaci\u00f3n Teatral.<\/p>\n\n\n\n<p>En la Escuela de Artes Esc\u00e9nicas, confes\u00f3 Daniel Ortega, no son fan\u00e1ticos de los concursos porque es muy subjetivo, est\u00e1 m\u00e1s ligado a los gustos y gana el que m\u00e1s les guste al jurado. No quiere decir que sean los mejores o peores escritores, sino que hay diferentes formas de hacerlo y p\u00fablico para todas las propuestas.<\/p>\n\n\n<div class=\"wp-block-image\">\n<figure class=\"aligncenter size-large\"><img fetchpriority=\"high\" decoding=\"async\" width=\"644\" height=\"429\" src=\"https:\/\/www.uartes.edu.ec\/sitio\/wp-content\/uploads\/2024\/12\/02-CONCURSO-DE-DRAMATURGIA-1-644x429.jpg\" alt=\"\" class=\"wp-image-65545\" srcset=\"https:\/\/www.uartes.edu.ec\/sitio\/wp-content\/uploads\/2024\/12\/02-CONCURSO-DE-DRAMATURGIA-1-644x429.jpg 644w, https:\/\/www.uartes.edu.ec\/sitio\/wp-content\/uploads\/2024\/12\/02-CONCURSO-DE-DRAMATURGIA-1-300x200.jpg 300w, https:\/\/www.uartes.edu.ec\/sitio\/wp-content\/uploads\/2024\/12\/02-CONCURSO-DE-DRAMATURGIA-1-768x512.jpg 768w, https:\/\/www.uartes.edu.ec\/sitio\/wp-content\/uploads\/2024\/12\/02-CONCURSO-DE-DRAMATURGIA-1-1536x1024.jpg 1536w, https:\/\/www.uartes.edu.ec\/sitio\/wp-content\/uploads\/2024\/12\/02-CONCURSO-DE-DRAMATURGIA-1-18x12.jpg 18w, https:\/\/www.uartes.edu.ec\/sitio\/wp-content\/uploads\/2024\/12\/02-CONCURSO-DE-DRAMATURGIA-1-600x400.jpg 600w, https:\/\/www.uartes.edu.ec\/sitio\/wp-content\/uploads\/2024\/12\/02-CONCURSO-DE-DRAMATURGIA-1-400x267.jpg 400w, https:\/\/www.uartes.edu.ec\/sitio\/wp-content\/uploads\/2024\/12\/02-CONCURSO-DE-DRAMATURGIA-1-272x182.jpg 272w, https:\/\/www.uartes.edu.ec\/sitio\/wp-content\/uploads\/2024\/12\/02-CONCURSO-DE-DRAMATURGIA-1.jpg 2000w\" sizes=\"(max-width: 644px) 100vw, 644px\" \/><\/figure>\n<\/div>\n\n\n<p>La dramaturgia nace del teatro, se escribe mucho, pero no hay espacios para leer, compartir y mover desde la parte de la escritura, aunque s\u00ed para mostrar. De all\u00ed que al interior de Artes Esc\u00e9nicas, desde la anterior direcci\u00f3n \u2013a cargo de Bertha D\u00edaz, actualmente est\u00e1 al frente el docente Benjam\u00edn Cort\u00e9s\u2013, \u201cuna discusi\u00f3n que siempre se ha tenido es la necesidad de contar con espacios para mostrar\u201d.<\/p>\n\n\n\n<p>Hacerlo desde la dramaturgia es diferente, indic\u00f3 el docente, porque no se hace un evento para mostrar lo que se escribe. \u201cEs incluso diferente a la de Literatura, que tiene plataformas como Libre Libro, el Encuentro de Editoriales Independientes. En teatro es un poco m\u00e1s complejo, tiene unas particularidades\u201d.<\/p>\n\n\n\n<p>A Diego Ortega el equipo que se conform\u00f3 para realizar el concurso le dio la comisi\u00f3n de producirlo; se decidi\u00f3 hacerlo porque, adem\u00e1s, estaba en el plan de la escuela. Hubo entonces los di\u00e1logos con la coordinadora de la carrera, Dolores, y tambi\u00e9n con el Consejo Estudiantil. Esto con el prop\u00f3sito de que los alumnos estuvieran informados y contar con mucha participaci\u00f3n.<\/p>\n\n\n\n<p>\u201cEstamos tratando, adem\u00e1s, de que escuela gan\u00e9 un poco m\u00e1s de espacio. Tenemos el Encuentro Esc\u00e9nico y el Festival Intercolegial de las Artes Esc\u00e9nicas (FIESTA) y ahora el concurso que por ahora sea interno, para luego saltar a que sea tambi\u00e9n para los alumni, que sea universitario y a nivel nacional, que se vaya ampliando\u201d, cont\u00f3 Diego Ortega.<\/p>\n\n\n\n<p>Agreg\u00f3 que siempre ha habido la necesidad de tener m\u00e1s espacios y mostrar y que la gente no deje los trabajos de dramaturgia no solo en la tarea de fin de semestre, sino que mostremos que se pueden generar espacios y que la gente quiera escribir.<\/p>\n\n\n<div class=\"wp-block-image\">\n<figure class=\"aligncenter size-large\"><img decoding=\"async\" width=\"644\" height=\"429\" src=\"https:\/\/www.uartes.edu.ec\/sitio\/wp-content\/uploads\/2024\/12\/01-CONCURSO-DE-DRAMATURGIA-1-644x429.jpg\" alt=\"\" class=\"wp-image-65546\" srcset=\"https:\/\/www.uartes.edu.ec\/sitio\/wp-content\/uploads\/2024\/12\/01-CONCURSO-DE-DRAMATURGIA-1-644x429.jpg 644w, https:\/\/www.uartes.edu.ec\/sitio\/wp-content\/uploads\/2024\/12\/01-CONCURSO-DE-DRAMATURGIA-1-300x200.jpg 300w, https:\/\/www.uartes.edu.ec\/sitio\/wp-content\/uploads\/2024\/12\/01-CONCURSO-DE-DRAMATURGIA-1-768x512.jpg 768w, https:\/\/www.uartes.edu.ec\/sitio\/wp-content\/uploads\/2024\/12\/01-CONCURSO-DE-DRAMATURGIA-1-1536x1024.jpg 1536w, https:\/\/www.uartes.edu.ec\/sitio\/wp-content\/uploads\/2024\/12\/01-CONCURSO-DE-DRAMATURGIA-1-18x12.jpg 18w, https:\/\/www.uartes.edu.ec\/sitio\/wp-content\/uploads\/2024\/12\/01-CONCURSO-DE-DRAMATURGIA-1-600x400.jpg 600w, https:\/\/www.uartes.edu.ec\/sitio\/wp-content\/uploads\/2024\/12\/01-CONCURSO-DE-DRAMATURGIA-1-400x267.jpg 400w, https:\/\/www.uartes.edu.ec\/sitio\/wp-content\/uploads\/2024\/12\/01-CONCURSO-DE-DRAMATURGIA-1-272x182.jpg 272w, https:\/\/www.uartes.edu.ec\/sitio\/wp-content\/uploads\/2024\/12\/01-CONCURSO-DE-DRAMATURGIA-1.jpg 2000w\" sizes=\"(max-width: 644px) 100vw, 644px\" \/><\/figure>\n<\/div>\n\n\n<p>Probablemente esta primera edici\u00f3n resulte una prueba, admiti\u00f3 Ortega y mencion\u00f3 que el prop\u00f3sito es, adem\u00e1s, incentivar a los j\u00f3venes a escribir. \u201cEl objetivo al escribir dramaturgia es que el producto llegue al escenario, de all\u00ed que no haya tantas obras escritas, sino m\u00e1s presentadas, pero tambi\u00e9n se lee. De la historia del teatro no tendr\u00edamos registros, sino no fuera por las obras que han quedado, lo cual tambi\u00e9n es enga\u00f1osa porque es muy diferente lo llevado a escena que el texto\u201d.<\/p>\n\n\n\n<p>No mucho de lo que se escribe de la c\u00e1tedra siempre llega a la escena. Son pocos los casos. No es tanto premiar la mejor obra, sino que la gente se mueva. \u201cLos estudiantes est\u00e1n demostrando inter\u00e9s para postular al concurso. La carrera de Creaci\u00f3n Teatral tuvo una parte del proceso, que implic\u00f3 establecer bases y dem\u00e1s, pero la organizaci\u00f3n del certamen est\u00e1n el Consejo Estudiantil y la Secretar\u00eda de Bienestar Universitario\u201d.<\/p>\n\n\n\n<p>Que intervengan estudiantes de primero a octavo semestre de cualquier carrera y escuela, puesto que solo tienen que estar matriculados, que surjan inquietudes entre s\u00ed y se compartan los escritos son varias de las aspiraciones con el concurso, como tambi\u00e9n que las obras se leen y para aquello se imprimir\u00eda una peque\u00f1a antolog\u00eda.<\/p>\n\n\n\n<p>El jurado para este primer concurso de dramaturgia lo integrar\u00e1 un grupo de docentes de Creaci\u00f3n Teatral y probablemente alumni. La premiaci\u00f3n se har\u00e1 en una actividad que programa realizar el Consejo Estudiantil.<\/p>\n\n\n\n<p>Link para conocer las bases y m\u00e1s informaci\u00f3n del concurso de dramaturgia:&nbsp;<a rel=\"noreferrer noopener\" target=\"_blank\" href=\"https:\/\/uartesec-my.sharepoint.com\/:b:\/g\/personal\/bienestar_universitario_uartes_edu_ec\/EbfIUpmGWONIrel6fxh5kbgB1-oq_b-bZi3PWe5QyXjAHQ?e=6H1w47\">https:\/\/uartesec-my.sharepoint.com\/:b:\/g\/personal\/bienestar_universitario_uartes_edu_ec\/EbfIUpmGWONIrel6fxh5kbgB1-oq_b-bZi3PWe5QyXjAHQ?e=6H1w47<\/a><\/p>","protected":false},"excerpt":{"rendered":"<p>Incentivar la escritura de obras teatrales dentro de la comunidad estudiantil, as\u00ed como difundir y poner en valor las distintas propuestas dramat\u00fargicas de las y los alumnos de la Universidad de las Artes. Son los objetivos del primer concurso de dramaturgia UArtes, una propuesta conjunta de la carrera de Creaci\u00f3n Teatral de la Escuela de Artes Esc\u00e9nicas y la Secretar\u00eda de Bienestar Universitario (SBU). La convocatoria se abri\u00f3 el 10 de septiembre y cerrar\u00e1 el 6 de noviembre. <\/p>","protected":false},"author":10,"featured_media":65544,"comment_status":"open","ping_status":"open","sticky":false,"template":"","format":"standard","meta":{"_acf_changed":false,"_uag_custom_page_level_css":"","_monsterinsights_skip_tracking":false,"_monsterinsights_sitenote_active":false,"_monsterinsights_sitenote_note":"","_monsterinsights_sitenote_category":0,"cybocfi_hide_featured_image":"","footnotes":""},"categories":[80,82,159,75,76,77,83],"tags":[1055],"infouartes":[],"class_list":["post-65543","post","type-post","status-publish","format-standard","has-post-thumbnail","hentry","category-academico","category-artes","category-artes-escenicas","category-docentes","category-estudiantes","category-gestion","category-sedes","tag-participacion"],"acf":[],"yoast_head":"<!-- This site is optimized with the Yoast SEO plugin v27.4 - https:\/\/yoast.com\/product\/yoast-seo-wordpress\/ -->\n<title>Universidad de las Artes - Carrera de Creaci\u00f3n Teatral de la UArtes tendr\u00e1 su primer concurso de dramaturgia<\/title>\n<meta name=\"description\" content=\"Universidad de las Artes - Carrera de Creaci\u00f3n Teatral de la UArtes tendr\u00e1 su primer concurso de dramaturgia\" \/>\n<meta name=\"robots\" content=\"index, follow, max-snippet:-1, max-image-preview:large, max-video-preview:-1\" \/>\n<link rel=\"canonical\" href=\"https:\/\/www.uartes.edu.ec\/sitio\/fr\/blog\/2024\/09\/24\/escuela-de-artes-escenicas-tendra-su-primer-concurso-de-dramaturgia\/\" \/>\n<meta property=\"og:locale\" content=\"fr_FR\" \/>\n<meta property=\"og:type\" content=\"article\" \/>\n<meta property=\"og:title\" content=\"Universidad de las Artes - Carrera de Creaci\u00f3n Teatral de la UArtes tendr\u00e1 su primer concurso de dramaturgia\" \/>\n<meta property=\"og:description\" content=\"Universidad de las Artes - Carrera de Creaci\u00f3n Teatral de la UArtes tendr\u00e1 su primer concurso de dramaturgia\" \/>\n<meta property=\"og:url\" content=\"https:\/\/www.uartes.edu.ec\/sitio\/fr\/blog\/2024\/09\/24\/escuela-de-artes-escenicas-tendra-su-primer-concurso-de-dramaturgia\/\" \/>\n<meta property=\"og:site_name\" content=\"Universidad de las Artes\" \/>\n<meta property=\"article:publisher\" content=\"https:\/\/www.facebook.com\/uartesec\" \/>\n<meta property=\"article:published_time\" content=\"2024-09-24T21:18:00+00:00\" \/>\n<meta property=\"article:modified_time\" content=\"2024-12-03T23:44:40+00:00\" \/>\n<meta property=\"og:image\" content=\"https:\/\/www.uartes.edu.ec\/sitio\/wp-content\/uploads\/2024\/12\/03-CONCURSO-DE-DRAMATURGIA-1.jpg\" \/>\n\t<meta property=\"og:image:width\" content=\"2000\" \/>\n\t<meta property=\"og:image:height\" content=\"1333\" \/>\n\t<meta property=\"og:image:type\" content=\"image\/jpeg\" \/>\n<meta name=\"author\" content=\"ccortez\" \/>\n<meta name=\"twitter:card\" content=\"summary_large_image\" \/>\n<meta name=\"twitter:creator\" content=\"@uartesec\" \/>\n<meta name=\"twitter:site\" content=\"@uartesec\" \/>\n<meta name=\"twitter:label1\" content=\"\u00c9crit par\" \/>\n\t<meta name=\"twitter:data1\" content=\"ccortez\" \/>\n\t<meta name=\"twitter:label2\" content=\"Dur\u00e9e de lecture estim\u00e9e\" \/>\n\t<meta name=\"twitter:data2\" content=\"5 minutes\" \/>\n<script type=\"application\/ld+json\" class=\"yoast-schema-graph\">{\"@context\":\"https:\\\/\\\/schema.org\",\"@graph\":[{\"@type\":\"Article\",\"@id\":\"https:\\\/\\\/www.uartes.edu.ec\\\/sitio\\\/fr\\\/blog\\\/2024\\\/09\\\/24\\\/escuela-de-artes-escenicas-tendra-su-primer-concurso-de-dramaturgia\\\/#article\",\"isPartOf\":{\"@id\":\"https:\\\/\\\/www.uartes.edu.ec\\\/sitio\\\/fr\\\/blog\\\/2024\\\/09\\\/24\\\/escuela-de-artes-escenicas-tendra-su-primer-concurso-de-dramaturgia\\\/\"},\"author\":{\"name\":\"ccortez\",\"@id\":\"https:\\\/\\\/www.uartes.edu.ec\\\/sitio\\\/fr\\\/#\\\/schema\\\/person\\\/efa1b8275797664fd7f13a79ccc0b1f4\"},\"headline\":\"Carrera de Creaci\u00f3n Teatral de la UArtes tendr\u00e1 su primer concurso de dramaturgia\",\"datePublished\":\"2024-09-24T21:18:00+00:00\",\"dateModified\":\"2024-12-03T23:44:40+00:00\",\"mainEntityOfPage\":{\"@id\":\"https:\\\/\\\/www.uartes.edu.ec\\\/sitio\\\/fr\\\/blog\\\/2024\\\/09\\\/24\\\/escuela-de-artes-escenicas-tendra-su-primer-concurso-de-dramaturgia\\\/\"},\"wordCount\":894,\"commentCount\":0,\"publisher\":{\"@id\":\"https:\\\/\\\/www.uartes.edu.ec\\\/sitio\\\/fr\\\/#organization\"},\"image\":{\"@id\":\"https:\\\/\\\/www.uartes.edu.ec\\\/sitio\\\/fr\\\/blog\\\/2024\\\/09\\\/24\\\/escuela-de-artes-escenicas-tendra-su-primer-concurso-de-dramaturgia\\\/#primaryimage\"},\"thumbnailUrl\":\"https:\\\/\\\/www.uartes.edu.ec\\\/sitio\\\/wp-content\\\/uploads\\\/2024\\\/12\\\/03-CONCURSO-DE-DRAMATURGIA-1.jpg\",\"keywords\":[\"participaci\u00f3n\"],\"articleSection\":[\"Acad\u00e9mico\",\"Artes\",\"Artes Esc\u00e9nicas\",\"Docentes\",\"Estudiantes\",\"Gesti\u00f3n\",\"Sedes\"],\"inLanguage\":\"fr-FR\",\"potentialAction\":[{\"@type\":\"CommentAction\",\"name\":\"Comment\",\"target\":[\"https:\\\/\\\/www.uartes.edu.ec\\\/sitio\\\/fr\\\/blog\\\/2024\\\/09\\\/24\\\/escuela-de-artes-escenicas-tendra-su-primer-concurso-de-dramaturgia\\\/#respond\"]}]},{\"@type\":[\"WebPage\",\"ItemPage\"],\"@id\":\"https:\\\/\\\/www.uartes.edu.ec\\\/sitio\\\/fr\\\/blog\\\/2024\\\/09\\\/24\\\/escuela-de-artes-escenicas-tendra-su-primer-concurso-de-dramaturgia\\\/\",\"url\":\"https:\\\/\\\/www.uartes.edu.ec\\\/sitio\\\/fr\\\/blog\\\/2024\\\/09\\\/24\\\/escuela-de-artes-escenicas-tendra-su-primer-concurso-de-dramaturgia\\\/\",\"name\":\"Universidad de las Artes - Carrera de Creaci\u00f3n Teatral de la UArtes tendr\u00e1 su primer concurso de dramaturgia\",\"isPartOf\":{\"@id\":\"https:\\\/\\\/www.uartes.edu.ec\\\/sitio\\\/fr\\\/#website\"},\"primaryImageOfPage\":{\"@id\":\"https:\\\/\\\/www.uartes.edu.ec\\\/sitio\\\/fr\\\/blog\\\/2024\\\/09\\\/24\\\/escuela-de-artes-escenicas-tendra-su-primer-concurso-de-dramaturgia\\\/#primaryimage\"},\"image\":{\"@id\":\"https:\\\/\\\/www.uartes.edu.ec\\\/sitio\\\/fr\\\/blog\\\/2024\\\/09\\\/24\\\/escuela-de-artes-escenicas-tendra-su-primer-concurso-de-dramaturgia\\\/#primaryimage\"},\"thumbnailUrl\":\"https:\\\/\\\/www.uartes.edu.ec\\\/sitio\\\/wp-content\\\/uploads\\\/2024\\\/12\\\/03-CONCURSO-DE-DRAMATURGIA-1.jpg\",\"datePublished\":\"2024-09-24T21:18:00+00:00\",\"dateModified\":\"2024-12-03T23:44:40+00:00\",\"description\":\"Universidad de las Artes - Carrera de Creaci\u00f3n Teatral de la UArtes tendr\u00e1 su primer concurso de dramaturgia\",\"breadcrumb\":{\"@id\":\"https:\\\/\\\/www.uartes.edu.ec\\\/sitio\\\/fr\\\/blog\\\/2024\\\/09\\\/24\\\/escuela-de-artes-escenicas-tendra-su-primer-concurso-de-dramaturgia\\\/#breadcrumb\"},\"inLanguage\":\"fr-FR\",\"potentialAction\":[{\"@type\":\"ReadAction\",\"target\":[\"https:\\\/\\\/www.uartes.edu.ec\\\/sitio\\\/fr\\\/blog\\\/2024\\\/09\\\/24\\\/escuela-de-artes-escenicas-tendra-su-primer-concurso-de-dramaturgia\\\/\"]}]},{\"@type\":\"ImageObject\",\"inLanguage\":\"fr-FR\",\"@id\":\"https:\\\/\\\/www.uartes.edu.ec\\\/sitio\\\/fr\\\/blog\\\/2024\\\/09\\\/24\\\/escuela-de-artes-escenicas-tendra-su-primer-concurso-de-dramaturgia\\\/#primaryimage\",\"url\":\"https:\\\/\\\/www.uartes.edu.ec\\\/sitio\\\/wp-content\\\/uploads\\\/2024\\\/12\\\/03-CONCURSO-DE-DRAMATURGIA-1.jpg\",\"contentUrl\":\"https:\\\/\\\/www.uartes.edu.ec\\\/sitio\\\/wp-content\\\/uploads\\\/2024\\\/12\\\/03-CONCURSO-DE-DRAMATURGIA-1.jpg\",\"width\":2000,\"height\":1333},{\"@type\":\"BreadcrumbList\",\"@id\":\"https:\\\/\\\/www.uartes.edu.ec\\\/sitio\\\/fr\\\/blog\\\/2024\\\/09\\\/24\\\/escuela-de-artes-escenicas-tendra-su-primer-concurso-de-dramaturgia\\\/#breadcrumb\",\"itemListElement\":[{\"@type\":\"ListItem\",\"position\":1,\"name\":\"Inicio\",\"item\":\"https:\\\/\\\/www.uartes.edu.ec\\\/sitio\\\/\"},{\"@type\":\"ListItem\",\"position\":2,\"name\":\"Carrera de Creaci\u00f3n Teatral de la UArtes tendr\u00e1 su primer concurso de dramaturgia\"}]},{\"@type\":\"WebSite\",\"@id\":\"https:\\\/\\\/www.uartes.edu.ec\\\/sitio\\\/fr\\\/#website\",\"url\":\"https:\\\/\\\/www.uartes.edu.ec\\\/sitio\\\/fr\\\/\",\"name\":\"Universidad de las Artes\",\"description\":\"Sitio oficial de la Universidad Nacional de las Artes del Ecuador\",\"publisher\":{\"@id\":\"https:\\\/\\\/www.uartes.edu.ec\\\/sitio\\\/fr\\\/#organization\"},\"potentialAction\":[{\"@type\":\"SearchAction\",\"target\":{\"@type\":\"EntryPoint\",\"urlTemplate\":\"https:\\\/\\\/www.uartes.edu.ec\\\/sitio\\\/fr\\\/?s={search_term_string}\"},\"query-input\":{\"@type\":\"PropertyValueSpecification\",\"valueRequired\":true,\"valueName\":\"search_term_string\"}}],\"inLanguage\":\"fr-FR\"},{\"@type\":\"Organization\",\"@id\":\"https:\\\/\\\/www.uartes.edu.ec\\\/sitio\\\/fr\\\/#organization\",\"name\":\"Universidad de las Artes\",\"url\":\"https:\\\/\\\/www.uartes.edu.ec\\\/sitio\\\/fr\\\/\",\"logo\":{\"@type\":\"ImageObject\",\"inLanguage\":\"fr-FR\",\"@id\":\"https:\\\/\\\/www.uartes.edu.ec\\\/sitio\\\/fr\\\/#\\\/schema\\\/logo\\\/image\\\/\",\"url\":\"https:\\\/\\\/www.uartes.edu.ec\\\/sitio\\\/wp-content\\\/uploads\\\/2022\\\/07\\\/logo-ua-horizontal.png\",\"contentUrl\":\"https:\\\/\\\/www.uartes.edu.ec\\\/sitio\\\/wp-content\\\/uploads\\\/2022\\\/07\\\/logo-ua-horizontal.png\",\"width\":800,\"height\":276,\"caption\":\"Universidad de las Artes\"},\"image\":{\"@id\":\"https:\\\/\\\/www.uartes.edu.ec\\\/sitio\\\/fr\\\/#\\\/schema\\\/logo\\\/image\\\/\"},\"sameAs\":[\"https:\\\/\\\/www.facebook.com\\\/uartesec\",\"https:\\\/\\\/x.com\\\/uartesec\",\"https:\\\/\\\/www.tiktok.com\\\/@uartesec\"]},{\"@type\":\"Person\",\"@id\":\"https:\\\/\\\/www.uartes.edu.ec\\\/sitio\\\/fr\\\/#\\\/schema\\\/person\\\/efa1b8275797664fd7f13a79ccc0b1f4\",\"name\":\"ccortez\",\"image\":{\"@type\":\"ImageObject\",\"inLanguage\":\"fr-FR\",\"@id\":\"https:\\\/\\\/secure.gravatar.com\\\/avatar\\\/b2a6f664a3ae8e074346ef91775736c5ec479e637ecced6842de9dc98b5da9cd?s=96&d=mm&r=g\",\"url\":\"https:\\\/\\\/secure.gravatar.com\\\/avatar\\\/b2a6f664a3ae8e074346ef91775736c5ec479e637ecced6842de9dc98b5da9cd?s=96&d=mm&r=g\",\"contentUrl\":\"https:\\\/\\\/secure.gravatar.com\\\/avatar\\\/b2a6f664a3ae8e074346ef91775736c5ec479e637ecced6842de9dc98b5da9cd?s=96&d=mm&r=g\",\"caption\":\"ccortez\"},\"url\":\"https:\\\/\\\/www.uartes.edu.ec\\\/sitio\\\/fr\\\/blog\\\/author\\\/ccortez\\\/\"}]}<\/script>\n<!-- \/ Yoast SEO plugin. -->","yoast_head_json":{"title":"Universidad de las Artes - Carrera de Creaci\u00f3n Teatral de la UArtes tendr\u00e1 su primer concurso de dramaturgia","description":"Universidad de las Artes - Carrera de Creaci\u00f3n Teatral de la UArtes tendr\u00e1 su primer concurso de dramaturgia","robots":{"index":"index","follow":"follow","max-snippet":"max-snippet:-1","max-image-preview":"max-image-preview:large","max-video-preview":"max-video-preview:-1"},"canonical":"https:\/\/www.uartes.edu.ec\/sitio\/fr\/blog\/2024\/09\/24\/escuela-de-artes-escenicas-tendra-su-primer-concurso-de-dramaturgia\/","og_locale":"fr_FR","og_type":"article","og_title":"Universidad de las Artes - Carrera de Creaci\u00f3n Teatral de la UArtes tendr\u00e1 su primer concurso de dramaturgia","og_description":"Universidad de las Artes - Carrera de Creaci\u00f3n Teatral de la UArtes tendr\u00e1 su primer concurso de dramaturgia","og_url":"https:\/\/www.uartes.edu.ec\/sitio\/fr\/blog\/2024\/09\/24\/escuela-de-artes-escenicas-tendra-su-primer-concurso-de-dramaturgia\/","og_site_name":"Universidad de las Artes","article_publisher":"https:\/\/www.facebook.com\/uartesec","article_published_time":"2024-09-24T21:18:00+00:00","article_modified_time":"2024-12-03T23:44:40+00:00","og_image":[{"width":2000,"height":1333,"url":"https:\/\/www.uartes.edu.ec\/sitio\/wp-content\/uploads\/2024\/12\/03-CONCURSO-DE-DRAMATURGIA-1.jpg","type":"image\/jpeg"}],"author":"ccortez","twitter_card":"summary_large_image","twitter_creator":"@uartesec","twitter_site":"@uartesec","twitter_misc":{"\u00c9crit par":"ccortez","Dur\u00e9e de lecture estim\u00e9e":"5 minutes"},"schema":{"@context":"https:\/\/schema.org","@graph":[{"@type":"Article","@id":"https:\/\/www.uartes.edu.ec\/sitio\/fr\/blog\/2024\/09\/24\/escuela-de-artes-escenicas-tendra-su-primer-concurso-de-dramaturgia\/#article","isPartOf":{"@id":"https:\/\/www.uartes.edu.ec\/sitio\/fr\/blog\/2024\/09\/24\/escuela-de-artes-escenicas-tendra-su-primer-concurso-de-dramaturgia\/"},"author":{"name":"ccortez","@id":"https:\/\/www.uartes.edu.ec\/sitio\/fr\/#\/schema\/person\/efa1b8275797664fd7f13a79ccc0b1f4"},"headline":"Carrera de Creaci\u00f3n Teatral de la UArtes tendr\u00e1 su primer concurso de dramaturgia","datePublished":"2024-09-24T21:18:00+00:00","dateModified":"2024-12-03T23:44:40+00:00","mainEntityOfPage":{"@id":"https:\/\/www.uartes.edu.ec\/sitio\/fr\/blog\/2024\/09\/24\/escuela-de-artes-escenicas-tendra-su-primer-concurso-de-dramaturgia\/"},"wordCount":894,"commentCount":0,"publisher":{"@id":"https:\/\/www.uartes.edu.ec\/sitio\/fr\/#organization"},"image":{"@id":"https:\/\/www.uartes.edu.ec\/sitio\/fr\/blog\/2024\/09\/24\/escuela-de-artes-escenicas-tendra-su-primer-concurso-de-dramaturgia\/#primaryimage"},"thumbnailUrl":"https:\/\/www.uartes.edu.ec\/sitio\/wp-content\/uploads\/2024\/12\/03-CONCURSO-DE-DRAMATURGIA-1.jpg","keywords":["participaci\u00f3n"],"articleSection":["Acad\u00e9mico","Artes","Artes Esc\u00e9nicas","Docentes","Estudiantes","Gesti\u00f3n","Sedes"],"inLanguage":"fr-FR","potentialAction":[{"@type":"CommentAction","name":"Comment","target":["https:\/\/www.uartes.edu.ec\/sitio\/fr\/blog\/2024\/09\/24\/escuela-de-artes-escenicas-tendra-su-primer-concurso-de-dramaturgia\/#respond"]}]},{"@type":["WebPage","ItemPage"],"@id":"https:\/\/www.uartes.edu.ec\/sitio\/fr\/blog\/2024\/09\/24\/escuela-de-artes-escenicas-tendra-su-primer-concurso-de-dramaturgia\/","url":"https:\/\/www.uartes.edu.ec\/sitio\/fr\/blog\/2024\/09\/24\/escuela-de-artes-escenicas-tendra-su-primer-concurso-de-dramaturgia\/","name":"Universidad de las Artes - Carrera de Creaci\u00f3n Teatral de la UArtes tendr\u00e1 su primer concurso de dramaturgia","isPartOf":{"@id":"https:\/\/www.uartes.edu.ec\/sitio\/fr\/#website"},"primaryImageOfPage":{"@id":"https:\/\/www.uartes.edu.ec\/sitio\/fr\/blog\/2024\/09\/24\/escuela-de-artes-escenicas-tendra-su-primer-concurso-de-dramaturgia\/#primaryimage"},"image":{"@id":"https:\/\/www.uartes.edu.ec\/sitio\/fr\/blog\/2024\/09\/24\/escuela-de-artes-escenicas-tendra-su-primer-concurso-de-dramaturgia\/#primaryimage"},"thumbnailUrl":"https:\/\/www.uartes.edu.ec\/sitio\/wp-content\/uploads\/2024\/12\/03-CONCURSO-DE-DRAMATURGIA-1.jpg","datePublished":"2024-09-24T21:18:00+00:00","dateModified":"2024-12-03T23:44:40+00:00","description":"Universidad de las Artes - Carrera de Creaci\u00f3n Teatral de la UArtes tendr\u00e1 su primer concurso de dramaturgia","breadcrumb":{"@id":"https:\/\/www.uartes.edu.ec\/sitio\/fr\/blog\/2024\/09\/24\/escuela-de-artes-escenicas-tendra-su-primer-concurso-de-dramaturgia\/#breadcrumb"},"inLanguage":"fr-FR","potentialAction":[{"@type":"ReadAction","target":["https:\/\/www.uartes.edu.ec\/sitio\/fr\/blog\/2024\/09\/24\/escuela-de-artes-escenicas-tendra-su-primer-concurso-de-dramaturgia\/"]}]},{"@type":"ImageObject","inLanguage":"fr-FR","@id":"https:\/\/www.uartes.edu.ec\/sitio\/fr\/blog\/2024\/09\/24\/escuela-de-artes-escenicas-tendra-su-primer-concurso-de-dramaturgia\/#primaryimage","url":"https:\/\/www.uartes.edu.ec\/sitio\/wp-content\/uploads\/2024\/12\/03-CONCURSO-DE-DRAMATURGIA-1.jpg","contentUrl":"https:\/\/www.uartes.edu.ec\/sitio\/wp-content\/uploads\/2024\/12\/03-CONCURSO-DE-DRAMATURGIA-1.jpg","width":2000,"height":1333},{"@type":"BreadcrumbList","@id":"https:\/\/www.uartes.edu.ec\/sitio\/fr\/blog\/2024\/09\/24\/escuela-de-artes-escenicas-tendra-su-primer-concurso-de-dramaturgia\/#breadcrumb","itemListElement":[{"@type":"ListItem","position":1,"name":"Inicio","item":"https:\/\/www.uartes.edu.ec\/sitio\/"},{"@type":"ListItem","position":2,"name":"Carrera de Creaci\u00f3n Teatral de la UArtes tendr\u00e1 su primer concurso de dramaturgia"}]},{"@type":"WebSite","@id":"https:\/\/www.uartes.edu.ec\/sitio\/fr\/#website","url":"https:\/\/www.uartes.edu.ec\/sitio\/fr\/","name":"Universidad de las Artes","description":"Sitio oficial de la Universidad Nacional de las Artes del Ecuador","publisher":{"@id":"https:\/\/www.uartes.edu.ec\/sitio\/fr\/#organization"},"potentialAction":[{"@type":"SearchAction","target":{"@type":"EntryPoint","urlTemplate":"https:\/\/www.uartes.edu.ec\/sitio\/fr\/?s={search_term_string}"},"query-input":{"@type":"PropertyValueSpecification","valueRequired":true,"valueName":"search_term_string"}}],"inLanguage":"fr-FR"},{"@type":"Organization","@id":"https:\/\/www.uartes.edu.ec\/sitio\/fr\/#organization","name":"Universidad de las Artes","url":"https:\/\/www.uartes.edu.ec\/sitio\/fr\/","logo":{"@type":"ImageObject","inLanguage":"fr-FR","@id":"https:\/\/www.uartes.edu.ec\/sitio\/fr\/#\/schema\/logo\/image\/","url":"https:\/\/www.uartes.edu.ec\/sitio\/wp-content\/uploads\/2022\/07\/logo-ua-horizontal.png","contentUrl":"https:\/\/www.uartes.edu.ec\/sitio\/wp-content\/uploads\/2022\/07\/logo-ua-horizontal.png","width":800,"height":276,"caption":"Universidad de las Artes"},"image":{"@id":"https:\/\/www.uartes.edu.ec\/sitio\/fr\/#\/schema\/logo\/image\/"},"sameAs":["https:\/\/www.facebook.com\/uartesec","https:\/\/x.com\/uartesec","https:\/\/www.tiktok.com\/@uartesec"]},{"@type":"Person","@id":"https:\/\/www.uartes.edu.ec\/sitio\/fr\/#\/schema\/person\/efa1b8275797664fd7f13a79ccc0b1f4","name":"ccortez","image":{"@type":"ImageObject","inLanguage":"fr-FR","@id":"https:\/\/secure.gravatar.com\/avatar\/b2a6f664a3ae8e074346ef91775736c5ec479e637ecced6842de9dc98b5da9cd?s=96&d=mm&r=g","url":"https:\/\/secure.gravatar.com\/avatar\/b2a6f664a3ae8e074346ef91775736c5ec479e637ecced6842de9dc98b5da9cd?s=96&d=mm&r=g","contentUrl":"https:\/\/secure.gravatar.com\/avatar\/b2a6f664a3ae8e074346ef91775736c5ec479e637ecced6842de9dc98b5da9cd?s=96&d=mm&r=g","caption":"ccortez"},"url":"https:\/\/www.uartes.edu.ec\/sitio\/fr\/blog\/author\/ccortez\/"}]}},"uagb_featured_image_src":{"full":["https:\/\/www.uartes.edu.ec\/sitio\/wp-content\/uploads\/2024\/12\/03-CONCURSO-DE-DRAMATURGIA-1.jpg",2000,1333,false],"thumbnail":["https:\/\/www.uartes.edu.ec\/sitio\/wp-content\/uploads\/2024\/12\/03-CONCURSO-DE-DRAMATURGIA-1-150x150.jpg",150,150,true],"medium":["https:\/\/www.uartes.edu.ec\/sitio\/wp-content\/uploads\/2024\/12\/03-CONCURSO-DE-DRAMATURGIA-1-300x200.jpg",300,200,true],"medium_large":["https:\/\/www.uartes.edu.ec\/sitio\/wp-content\/uploads\/2024\/12\/03-CONCURSO-DE-DRAMATURGIA-1-768x512.jpg",768,512,true],"large":["https:\/\/www.uartes.edu.ec\/sitio\/wp-content\/uploads\/2024\/12\/03-CONCURSO-DE-DRAMATURGIA-1-644x429.jpg",644,429,true],"1536x1536":["https:\/\/www.uartes.edu.ec\/sitio\/wp-content\/uploads\/2024\/12\/03-CONCURSO-DE-DRAMATURGIA-1-1536x1024.jpg",1536,1024,true],"2048x2048":["https:\/\/www.uartes.edu.ec\/sitio\/wp-content\/uploads\/2024\/12\/03-CONCURSO-DE-DRAMATURGIA-1.jpg",2000,1333,false],"trp-custom-language-flag":["https:\/\/www.uartes.edu.ec\/sitio\/wp-content\/uploads\/2024\/12\/03-CONCURSO-DE-DRAMATURGIA-1-18x12.jpg",18,12,true],"htmega_size_585x295":["https:\/\/www.uartes.edu.ec\/sitio\/wp-content\/uploads\/2024\/12\/03-CONCURSO-DE-DRAMATURGIA-1-585x295.jpg",585,295,true],"htmega_size_1170x536":["https:\/\/www.uartes.edu.ec\/sitio\/wp-content\/uploads\/2024\/12\/03-CONCURSO-DE-DRAMATURGIA-1-1170x536.jpg",1170,536,true],"htmega_size_396x360":["https:\/\/www.uartes.edu.ec\/sitio\/wp-content\/uploads\/2024\/12\/03-CONCURSO-DE-DRAMATURGIA-1-396x360.jpg",396,360,true],"gb-block-post-grid-landscape":["https:\/\/www.uartes.edu.ec\/sitio\/wp-content\/uploads\/2024\/12\/03-CONCURSO-DE-DRAMATURGIA-1-600x400.jpg",600,400,true],"gb-block-post-grid-square":["https:\/\/www.uartes.edu.ec\/sitio\/wp-content\/uploads\/2024\/12\/03-CONCURSO-DE-DRAMATURGIA-1-600x600.jpg",600,600,true],"university-hub-thumb":["https:\/\/www.uartes.edu.ec\/sitio\/wp-content\/uploads\/2024\/12\/03-CONCURSO-DE-DRAMATURGIA-1-400x267.jpg",400,267,true],"mailpoet_newsletter_max":["https:\/\/www.uartes.edu.ec\/sitio\/wp-content\/uploads\/2024\/12\/03-CONCURSO-DE-DRAMATURGIA-1.jpg",1320,880,false]},"uagb_author_info":{"display_name":"ccortez","author_link":"https:\/\/www.uartes.edu.ec\/sitio\/fr\/blog\/author\/ccortez\/"},"uagb_comment_info":0,"uagb_excerpt":"Incentivar la escritura de obras teatrales dentro de la comunidad estudiantil, as\u00ed como difundir y poner en valor las distintas propuestas dramat\u00fargicas de las y los alumnos de la Universidad de las Artes. Son los objetivos del primer concurso de dramaturgia UArtes, una propuesta conjunta de la carrera de Creaci\u00f3n Teatral de la Escuela de\u2026","featured_image_src":"https:\/\/www.uartes.edu.ec\/sitio\/wp-content\/uploads\/2024\/12\/03-CONCURSO-DE-DRAMATURGIA-1-600x400.jpg","featured_image_src_square":"https:\/\/www.uartes.edu.ec\/sitio\/wp-content\/uploads\/2024\/12\/03-CONCURSO-DE-DRAMATURGIA-1-600x600.jpg","author_info":{"display_name":"ccortez","author_link":"https:\/\/www.uartes.edu.ec\/sitio\/fr\/blog\/author\/ccortez\/"},"publishpress_future_workflow_manual_trigger":{"enabledWorkflows":[]},"distributor_meta":false,"distributor_terms":false,"distributor_media":false,"distributor_original_site_name":"Universidad de las Artes","distributor_original_site_url":"https:\/\/www.uartes.edu.ec\/sitio\/fr","push-errors":false,"_links":{"self":[{"href":"https:\/\/www.uartes.edu.ec\/sitio\/fr\/wp-json\/wp\/v2\/posts\/65543","targetHints":{"allow":["GET"]}}],"collection":[{"href":"https:\/\/www.uartes.edu.ec\/sitio\/fr\/wp-json\/wp\/v2\/posts"}],"about":[{"href":"https:\/\/www.uartes.edu.ec\/sitio\/fr\/wp-json\/wp\/v2\/types\/post"}],"author":[{"embeddable":true,"href":"https:\/\/www.uartes.edu.ec\/sitio\/fr\/wp-json\/wp\/v2\/users\/10"}],"replies":[{"embeddable":true,"href":"https:\/\/www.uartes.edu.ec\/sitio\/fr\/wp-json\/wp\/v2\/comments?post=65543"}],"version-history":[{"count":8,"href":"https:\/\/www.uartes.edu.ec\/sitio\/fr\/wp-json\/wp\/v2\/posts\/65543\/revisions"}],"predecessor-version":[{"id":65578,"href":"https:\/\/www.uartes.edu.ec\/sitio\/fr\/wp-json\/wp\/v2\/posts\/65543\/revisions\/65578"}],"wp:featuredmedia":[{"embeddable":true,"href":"https:\/\/www.uartes.edu.ec\/sitio\/fr\/wp-json\/wp\/v2\/media\/65544"}],"wp:attachment":[{"href":"https:\/\/www.uartes.edu.ec\/sitio\/fr\/wp-json\/wp\/v2\/media?parent=65543"}],"wp:term":[{"taxonomy":"category","embeddable":true,"href":"https:\/\/www.uartes.edu.ec\/sitio\/fr\/wp-json\/wp\/v2\/categories?post=65543"},{"taxonomy":"post_tag","embeddable":true,"href":"https:\/\/www.uartes.edu.ec\/sitio\/fr\/wp-json\/wp\/v2\/tags?post=65543"},{"taxonomy":"infouartes","embeddable":true,"href":"https:\/\/www.uartes.edu.ec\/sitio\/fr\/wp-json\/wp\/v2\/infouartes?post=65543"}],"curies":[{"name":"wp","href":"https:\/\/api.w.org\/{rel}","templated":true}]}}