{"id":66250,"date":"2024-12-06T16:46:00","date_gmt":"2024-12-06T21:46:00","guid":{"rendered":"https:\/\/www.uartes.edu.ec\/sitio\/?p=66250"},"modified":"2024-12-19T11:01:51","modified_gmt":"2024-12-19T16:01:51","slug":"docente-luis-perez-valero-aproxima-a-ciudad-de-mexico-y-guayaquil-en-una-conferencia-magistral","status":"publish","type":"post","link":"https:\/\/www.uartes.edu.ec\/sitio\/fr\/blog\/2024\/12\/06\/docente-luis-perez-valero-aproxima-a-ciudad-de-mexico-y-guayaquil-en-una-conferencia-magistral\/","title":{"rendered":"Docente e investigador Luis P\u00e9rez-Valero aproxima a Ciudad de M\u00e9xico y Guayaquil en conferencia del encuentro de ciudades"},"content":{"rendered":"<p>La m\u00fasica popular como medio de vinculaci\u00f3n entre Ciudad de M\u00e9xico y Guayaquil fue la presentaci\u00f3n que realiz\u00f3 el Dr. Luis P\u00e9rez-Valero en el marco del Encuentro de Ciudades. La conferencia titulada \u201cNarrativas de resistencia: m\u00fasica y cultura popular en Guayaquil y Ciudad de M\u00e9xico\u201d, se llev\u00f3 a cabo el viernes 6 de diciembre a las 10:00, en el tercer piso de la Biblioteca de la Universidad de las Artes y cont\u00f3 con la moderaci\u00f3n de la docente Cecilia Velasco, de la Escuela de Literatura de la UArtes.<\/p>\n\n\n\n<p>En la conferencia, el Dr. P\u00e9rez-Valero abord\u00f3 c\u00f3mo desde el cine mexicano, espec\u00edficamente las pel\u00edculas del cine de rumberas, se integr\u00f3 al imaginario guayaquile\u00f1o de los a\u00f1os cincuenta y sesenta. La rumba y el son cubano fueron expuestos en salas como el cine 9 de Octubre, donde brillaron estrellas del g\u00e9nero como Nin\u00f3n Sevilla y Mariantonieta Pons. Destac\u00f3, adem\u00e1s, la presencia de Julio Jaramillo en M\u00e9xico, sus producciones discogr\u00e1ficas, espacios de circulaci\u00f3n y la apropiaci\u00f3n de la m\u00fasica mexicana que hizo el cantante guayaquile\u00f1o.<\/p>\n\n\n\n<p>Para el Dr. P\u00e9rez-Valero esta conferencia es un homenaje a dos ciudades que le han abierto oportunidades como artista y acad\u00e9mico: \u201cEn el a\u00f1o 2005, mi primer trabajo como artista titulado fue en Ciudad de M\u00e9xico, en donde realic\u00e9 una residencia art\u00edstica y escrib\u00ed un oratorio titulado \u2018Cantares del Antiguo M\u00e9xico, para solistas, coro y orquesta\u2019. Luego, en 2016, Guayaquil me dio la oportunidad de hacer carrera como acad\u00e9mico e investigador cuando ingres\u00e9 a la Universidad de las Artes\u201d, coment\u00f3 el docente con mucha emoci\u00f3n. \u201cEsta conferencia, m\u00e1s que una disertaci\u00f3n, es un acto de agradecimiento a estas dos ciudades\u201d, puntualiz\u00f3.<\/p>\n\n\n<div class=\"wp-block-image\">\n<figure class=\"aligncenter size-large\"><img fetchpriority=\"high\" decoding=\"async\" width=\"644\" height=\"429\" src=\"https:\/\/www.uartes.edu.ec\/sitio\/wp-content\/uploads\/2024\/12\/09-LUIS-PEREZ-VALERO-644x429.jpg\" alt=\"\" class=\"wp-image-66252\" srcset=\"https:\/\/www.uartes.edu.ec\/sitio\/wp-content\/uploads\/2024\/12\/09-LUIS-PEREZ-VALERO-644x429.jpg 644w, https:\/\/www.uartes.edu.ec\/sitio\/wp-content\/uploads\/2024\/12\/09-LUIS-PEREZ-VALERO-300x200.jpg 300w, https:\/\/www.uartes.edu.ec\/sitio\/wp-content\/uploads\/2024\/12\/09-LUIS-PEREZ-VALERO-768x512.jpg 768w, https:\/\/www.uartes.edu.ec\/sitio\/wp-content\/uploads\/2024\/12\/09-LUIS-PEREZ-VALERO-1536x1024.jpg 1536w, https:\/\/www.uartes.edu.ec\/sitio\/wp-content\/uploads\/2024\/12\/09-LUIS-PEREZ-VALERO-18x12.jpg 18w, https:\/\/www.uartes.edu.ec\/sitio\/wp-content\/uploads\/2024\/12\/09-LUIS-PEREZ-VALERO-600x400.jpg 600w, https:\/\/www.uartes.edu.ec\/sitio\/wp-content\/uploads\/2024\/12\/09-LUIS-PEREZ-VALERO-400x267.jpg 400w, https:\/\/www.uartes.edu.ec\/sitio\/wp-content\/uploads\/2024\/12\/09-LUIS-PEREZ-VALERO-272x182.jpg 272w, https:\/\/www.uartes.edu.ec\/sitio\/wp-content\/uploads\/2024\/12\/09-LUIS-PEREZ-VALERO.jpg 2000w\" sizes=\"(max-width: 644px) 100vw, 644px\" \/><\/figure>\n<\/div>\n\n\n<p>Hay que destacar, que el Dr. P\u00e9rez-Valero ha tenido una amplia agenda de conferencias nacionales e internacionales. Destacan su participaci\u00f3n en el VI Congreso Internacional de la Asociaci\u00f3n Regional para Am\u00e9rica Latina y el Caribe de la Sociedad Internacional de Musicolog\u00eda, celebrado en agosto pasado en M\u00e9xico. All\u00ed present\u00f3 dos ponencias y coordin\u00f3 una mesa de edici\u00f3n cr\u00edtica musical conformado por los m\u00e1s exigentes acad\u00e9micos latinoamericanos.<\/p>\n\n\n\n<p>En septiembre, estuvo en Brasil en el XVI Congreso Internacional de la Asociaci\u00f3n para el Estudio de la M\u00fasica Popular, IASPM-AL, en la ciudad de Recife, donde present\u00f3 un trabajo sobre la interrelaci\u00f3n de los productores musicales en Argentina, Ecuador y Venezuela. En octubre, present\u00f3 una conferencia magistral en el Conservatorio de M\u00fasica de San Juan, en Puerto Rico, el tema gir\u00f3 alrededor de la Producci\u00f3n Musical, la Inteligencia Artificial y el Turismo. Por \u00faltimo, estuvo presente en el III Simposio de Investigaci\u00f3n Cient\u00edfica realizado en la Universidad Nacional de Loja, en donde fue invitado a dictar una conferencia magistral y participar en una mesa de debates. Es de destacar que, en todos estos eventos ha participado por invitaci\u00f3n de las m\u00e1ximas autoridades.<\/p>\n\n\n\n<p>Estas actividades forman parte de la tarea de divulgaci\u00f3n del proyecto inscrito en la UArtes del Grupo S\/Z: \u201c(Inter)subjetividades y (de)construcci\u00f3n sonora. Estudios sobre s\u00edntesis, ac\u00fastica y la musicolog\u00eda de la grabaci\u00f3n y la performance\u201d. En ese sentido, P\u00e9rez-Valero tiene ya la agenda copada para el 2025 con invitaciones de universidades de Espa\u00f1a, Estados Unidos, Brasil y Per\u00fa. En todas expondr\u00e1 los avances en torno a la investigaci\u00f3n art\u00edstica en Ecuador y el Modelo Educativo y Pedag\u00f3gico que se ha consolidado en la Universidad de las Artes.<\/p>\n\n\n\n<p><\/p>","protected":false},"excerpt":{"rendered":"<p>En el marco del Encuentro de ciudades a trav\u00e9s de las artes, el doctor Luis P\u00e9rez-Valero, docente de la Universidad de las Artes, disert\u00f3 acerca de las \u201cNarrativas de resistencia: m\u00fasica y cultura popular en Guayaquil y Ciudad de M\u00e9xico\u201d. Su exposici\u00f3n es resultado de un trabajo investigativo y, a su vez, un homenaje que decidi\u00f3 rendir a dos urbes que le han abierto oportunidades como artista y acad\u00e9mico.<\/p>","protected":false},"author":10,"featured_media":66251,"comment_status":"open","ping_status":"open","sticky":false,"template":"","format":"standard","meta":{"_acf_changed":false,"_uag_custom_page_level_css":"","_monsterinsights_skip_tracking":false,"_monsterinsights_sitenote_active":false,"_monsterinsights_sitenote_note":"","_monsterinsights_sitenote_category":0,"cybocfi_hide_featured_image":"","footnotes":""},"categories":[80,490,82,75,76,77,284,83],"tags":[521],"infouartes":[1289],"class_list":["post-66250","post","type-post","status-publish","format-standard","has-post-thumbnail","hentry","category-academico","category-alumni","category-artes","category-docentes","category-estudiantes","category-gestion","category-investigacion","category-sedes","tag-encuentro","infouartes-investigar-las-artes"],"acf":[],"yoast_head":"<!-- This site is optimized with the Yoast SEO plugin v27.4 - https:\/\/yoast.com\/product\/yoast-seo-wordpress\/ -->\n<title>Universidad de las Artes - Docente e investigador Luis P\u00e9rez-Valero aproxima a Ciudad de M\u00e9xico y Guayaquil en conferencia del encuentro de ciudades<\/title>\n<meta name=\"description\" content=\"Universidad de las Artes - Docente e investigador Luis P\u00e9rez-Valero aproxima a Ciudad de M\u00e9xico y Guayaquil en conferencia del encuentro de ciudades\" \/>\n<meta name=\"robots\" content=\"index, follow, max-snippet:-1, max-image-preview:large, max-video-preview:-1\" \/>\n<link rel=\"canonical\" href=\"https:\/\/www.uartes.edu.ec\/sitio\/fr\/blog\/2024\/12\/06\/docente-luis-perez-valero-aproxima-a-ciudad-de-mexico-y-guayaquil-en-una-conferencia-magistral\/\" \/>\n<meta property=\"og:locale\" content=\"fr_FR\" \/>\n<meta property=\"og:type\" content=\"article\" \/>\n<meta property=\"og:title\" content=\"Universidad de las Artes - Docente e investigador Luis P\u00e9rez-Valero aproxima a Ciudad de M\u00e9xico y Guayaquil en conferencia del encuentro de ciudades\" \/>\n<meta property=\"og:description\" content=\"Universidad de las Artes - Docente e investigador Luis P\u00e9rez-Valero aproxima a Ciudad de M\u00e9xico y Guayaquil en conferencia del encuentro de ciudades\" \/>\n<meta property=\"og:url\" content=\"https:\/\/www.uartes.edu.ec\/sitio\/fr\/blog\/2024\/12\/06\/docente-luis-perez-valero-aproxima-a-ciudad-de-mexico-y-guayaquil-en-una-conferencia-magistral\/\" \/>\n<meta property=\"og:site_name\" content=\"Universidad de las Artes\" \/>\n<meta property=\"article:publisher\" content=\"https:\/\/www.facebook.com\/uartesec\" \/>\n<meta property=\"article:published_time\" content=\"2024-12-06T21:46:00+00:00\" \/>\n<meta property=\"article:modified_time\" content=\"2024-12-19T16:01:51+00:00\" \/>\n<meta property=\"og:image\" content=\"https:\/\/www.uartes.edu.ec\/sitio\/wp-content\/uploads\/2024\/12\/10-LUIS-PEREZ-VALERO.jpg\" \/>\n\t<meta property=\"og:image:width\" content=\"2000\" \/>\n\t<meta property=\"og:image:height\" content=\"1333\" \/>\n\t<meta property=\"og:image:type\" content=\"image\/jpeg\" \/>\n<meta name=\"author\" content=\"ccortez\" \/>\n<meta name=\"twitter:card\" content=\"summary_large_image\" \/>\n<meta name=\"twitter:creator\" content=\"@uartesec\" \/>\n<meta name=\"twitter:site\" content=\"@uartesec\" \/>\n<meta name=\"twitter:label1\" content=\"\u00c9crit par\" \/>\n\t<meta name=\"twitter:data1\" content=\"ccortez\" \/>\n\t<meta name=\"twitter:label2\" content=\"Dur\u00e9e de lecture estim\u00e9e\" \/>\n\t<meta name=\"twitter:data2\" content=\"3 minutes\" \/>\n<script type=\"application\/ld+json\" class=\"yoast-schema-graph\">{\"@context\":\"https:\\\/\\\/schema.org\",\"@graph\":[{\"@type\":\"Article\",\"@id\":\"https:\\\/\\\/www.uartes.edu.ec\\\/sitio\\\/fr\\\/blog\\\/2024\\\/12\\\/06\\\/docente-luis-perez-valero-aproxima-a-ciudad-de-mexico-y-guayaquil-en-una-conferencia-magistral\\\/#article\",\"isPartOf\":{\"@id\":\"https:\\\/\\\/www.uartes.edu.ec\\\/sitio\\\/fr\\\/blog\\\/2024\\\/12\\\/06\\\/docente-luis-perez-valero-aproxima-a-ciudad-de-mexico-y-guayaquil-en-una-conferencia-magistral\\\/\"},\"author\":{\"name\":\"ccortez\",\"@id\":\"https:\\\/\\\/www.uartes.edu.ec\\\/sitio\\\/fr\\\/#\\\/schema\\\/person\\\/efa1b8275797664fd7f13a79ccc0b1f4\"},\"headline\":\"Docente e investigador Luis P\u00e9rez-Valero aproxima a Ciudad de M\u00e9xico y Guayaquil en conferencia del encuentro de ciudades\",\"datePublished\":\"2024-12-06T21:46:00+00:00\",\"dateModified\":\"2024-12-19T16:01:51+00:00\",\"mainEntityOfPage\":{\"@id\":\"https:\\\/\\\/www.uartes.edu.ec\\\/sitio\\\/fr\\\/blog\\\/2024\\\/12\\\/06\\\/docente-luis-perez-valero-aproxima-a-ciudad-de-mexico-y-guayaquil-en-una-conferencia-magistral\\\/\"},\"wordCount\":629,\"commentCount\":0,\"publisher\":{\"@id\":\"https:\\\/\\\/www.uartes.edu.ec\\\/sitio\\\/fr\\\/#organization\"},\"image\":{\"@id\":\"https:\\\/\\\/www.uartes.edu.ec\\\/sitio\\\/fr\\\/blog\\\/2024\\\/12\\\/06\\\/docente-luis-perez-valero-aproxima-a-ciudad-de-mexico-y-guayaquil-en-una-conferencia-magistral\\\/#primaryimage\"},\"thumbnailUrl\":\"https:\\\/\\\/www.uartes.edu.ec\\\/sitio\\\/wp-content\\\/uploads\\\/2024\\\/12\\\/10-LUIS-PEREZ-VALERO.jpg\",\"keywords\":[\"encuentro\"],\"articleSection\":[\"Acad\u00e9mico\",\"Alumni\",\"Artes\",\"Docentes\",\"Estudiantes\",\"Gesti\u00f3n\",\"Investigaci\u00f3n\",\"Sedes\"],\"inLanguage\":\"fr-FR\",\"potentialAction\":[{\"@type\":\"CommentAction\",\"name\":\"Comment\",\"target\":[\"https:\\\/\\\/www.uartes.edu.ec\\\/sitio\\\/fr\\\/blog\\\/2024\\\/12\\\/06\\\/docente-luis-perez-valero-aproxima-a-ciudad-de-mexico-y-guayaquil-en-una-conferencia-magistral\\\/#respond\"]}]},{\"@type\":[\"WebPage\",\"ItemPage\"],\"@id\":\"https:\\\/\\\/www.uartes.edu.ec\\\/sitio\\\/fr\\\/blog\\\/2024\\\/12\\\/06\\\/docente-luis-perez-valero-aproxima-a-ciudad-de-mexico-y-guayaquil-en-una-conferencia-magistral\\\/\",\"url\":\"https:\\\/\\\/www.uartes.edu.ec\\\/sitio\\\/fr\\\/blog\\\/2024\\\/12\\\/06\\\/docente-luis-perez-valero-aproxima-a-ciudad-de-mexico-y-guayaquil-en-una-conferencia-magistral\\\/\",\"name\":\"Universidad de las Artes - Docente e investigador Luis P\u00e9rez-Valero aproxima a Ciudad de M\u00e9xico y Guayaquil en conferencia del encuentro de ciudades\",\"isPartOf\":{\"@id\":\"https:\\\/\\\/www.uartes.edu.ec\\\/sitio\\\/fr\\\/#website\"},\"primaryImageOfPage\":{\"@id\":\"https:\\\/\\\/www.uartes.edu.ec\\\/sitio\\\/fr\\\/blog\\\/2024\\\/12\\\/06\\\/docente-luis-perez-valero-aproxima-a-ciudad-de-mexico-y-guayaquil-en-una-conferencia-magistral\\\/#primaryimage\"},\"image\":{\"@id\":\"https:\\\/\\\/www.uartes.edu.ec\\\/sitio\\\/fr\\\/blog\\\/2024\\\/12\\\/06\\\/docente-luis-perez-valero-aproxima-a-ciudad-de-mexico-y-guayaquil-en-una-conferencia-magistral\\\/#primaryimage\"},\"thumbnailUrl\":\"https:\\\/\\\/www.uartes.edu.ec\\\/sitio\\\/wp-content\\\/uploads\\\/2024\\\/12\\\/10-LUIS-PEREZ-VALERO.jpg\",\"datePublished\":\"2024-12-06T21:46:00+00:00\",\"dateModified\":\"2024-12-19T16:01:51+00:00\",\"description\":\"Universidad de las Artes - Docente e investigador Luis P\u00e9rez-Valero aproxima a Ciudad de M\u00e9xico y Guayaquil en conferencia del encuentro de ciudades\",\"breadcrumb\":{\"@id\":\"https:\\\/\\\/www.uartes.edu.ec\\\/sitio\\\/fr\\\/blog\\\/2024\\\/12\\\/06\\\/docente-luis-perez-valero-aproxima-a-ciudad-de-mexico-y-guayaquil-en-una-conferencia-magistral\\\/#breadcrumb\"},\"inLanguage\":\"fr-FR\",\"potentialAction\":[{\"@type\":\"ReadAction\",\"target\":[\"https:\\\/\\\/www.uartes.edu.ec\\\/sitio\\\/fr\\\/blog\\\/2024\\\/12\\\/06\\\/docente-luis-perez-valero-aproxima-a-ciudad-de-mexico-y-guayaquil-en-una-conferencia-magistral\\\/\"]}]},{\"@type\":\"ImageObject\",\"inLanguage\":\"fr-FR\",\"@id\":\"https:\\\/\\\/www.uartes.edu.ec\\\/sitio\\\/fr\\\/blog\\\/2024\\\/12\\\/06\\\/docente-luis-perez-valero-aproxima-a-ciudad-de-mexico-y-guayaquil-en-una-conferencia-magistral\\\/#primaryimage\",\"url\":\"https:\\\/\\\/www.uartes.edu.ec\\\/sitio\\\/wp-content\\\/uploads\\\/2024\\\/12\\\/10-LUIS-PEREZ-VALERO.jpg\",\"contentUrl\":\"https:\\\/\\\/www.uartes.edu.ec\\\/sitio\\\/wp-content\\\/uploads\\\/2024\\\/12\\\/10-LUIS-PEREZ-VALERO.jpg\",\"width\":2000,\"height\":1333},{\"@type\":\"BreadcrumbList\",\"@id\":\"https:\\\/\\\/www.uartes.edu.ec\\\/sitio\\\/fr\\\/blog\\\/2024\\\/12\\\/06\\\/docente-luis-perez-valero-aproxima-a-ciudad-de-mexico-y-guayaquil-en-una-conferencia-magistral\\\/#breadcrumb\",\"itemListElement\":[{\"@type\":\"ListItem\",\"position\":1,\"name\":\"Inicio\",\"item\":\"https:\\\/\\\/www.uartes.edu.ec\\\/sitio\\\/\"},{\"@type\":\"ListItem\",\"position\":2,\"name\":\"Docente e investigador Luis P\u00e9rez-Valero aproxima a Ciudad de M\u00e9xico y Guayaquil en conferencia del encuentro de ciudades\"}]},{\"@type\":\"WebSite\",\"@id\":\"https:\\\/\\\/www.uartes.edu.ec\\\/sitio\\\/fr\\\/#website\",\"url\":\"https:\\\/\\\/www.uartes.edu.ec\\\/sitio\\\/fr\\\/\",\"name\":\"Universidad de las Artes\",\"description\":\"Sitio oficial de la Universidad Nacional de las Artes del Ecuador\",\"publisher\":{\"@id\":\"https:\\\/\\\/www.uartes.edu.ec\\\/sitio\\\/fr\\\/#organization\"},\"potentialAction\":[{\"@type\":\"SearchAction\",\"target\":{\"@type\":\"EntryPoint\",\"urlTemplate\":\"https:\\\/\\\/www.uartes.edu.ec\\\/sitio\\\/fr\\\/?s={search_term_string}\"},\"query-input\":{\"@type\":\"PropertyValueSpecification\",\"valueRequired\":true,\"valueName\":\"search_term_string\"}}],\"inLanguage\":\"fr-FR\"},{\"@type\":\"Organization\",\"@id\":\"https:\\\/\\\/www.uartes.edu.ec\\\/sitio\\\/fr\\\/#organization\",\"name\":\"Universidad de las Artes\",\"url\":\"https:\\\/\\\/www.uartes.edu.ec\\\/sitio\\\/fr\\\/\",\"logo\":{\"@type\":\"ImageObject\",\"inLanguage\":\"fr-FR\",\"@id\":\"https:\\\/\\\/www.uartes.edu.ec\\\/sitio\\\/fr\\\/#\\\/schema\\\/logo\\\/image\\\/\",\"url\":\"https:\\\/\\\/www.uartes.edu.ec\\\/sitio\\\/wp-content\\\/uploads\\\/2022\\\/07\\\/logo-ua-horizontal.png\",\"contentUrl\":\"https:\\\/\\\/www.uartes.edu.ec\\\/sitio\\\/wp-content\\\/uploads\\\/2022\\\/07\\\/logo-ua-horizontal.png\",\"width\":800,\"height\":276,\"caption\":\"Universidad de las Artes\"},\"image\":{\"@id\":\"https:\\\/\\\/www.uartes.edu.ec\\\/sitio\\\/fr\\\/#\\\/schema\\\/logo\\\/image\\\/\"},\"sameAs\":[\"https:\\\/\\\/www.facebook.com\\\/uartesec\",\"https:\\\/\\\/x.com\\\/uartesec\",\"https:\\\/\\\/www.tiktok.com\\\/@uartesec\"]},{\"@type\":\"Person\",\"@id\":\"https:\\\/\\\/www.uartes.edu.ec\\\/sitio\\\/fr\\\/#\\\/schema\\\/person\\\/efa1b8275797664fd7f13a79ccc0b1f4\",\"name\":\"ccortez\",\"image\":{\"@type\":\"ImageObject\",\"inLanguage\":\"fr-FR\",\"@id\":\"https:\\\/\\\/secure.gravatar.com\\\/avatar\\\/b2a6f664a3ae8e074346ef91775736c5ec479e637ecced6842de9dc98b5da9cd?s=96&d=mm&r=g\",\"url\":\"https:\\\/\\\/secure.gravatar.com\\\/avatar\\\/b2a6f664a3ae8e074346ef91775736c5ec479e637ecced6842de9dc98b5da9cd?s=96&d=mm&r=g\",\"contentUrl\":\"https:\\\/\\\/secure.gravatar.com\\\/avatar\\\/b2a6f664a3ae8e074346ef91775736c5ec479e637ecced6842de9dc98b5da9cd?s=96&d=mm&r=g\",\"caption\":\"ccortez\"},\"url\":\"https:\\\/\\\/www.uartes.edu.ec\\\/sitio\\\/fr\\\/blog\\\/author\\\/ccortez\\\/\"}]}<\/script>\n<!-- \/ Yoast SEO plugin. -->","yoast_head_json":{"title":"Universidad de las Artes - Docente e investigador Luis P\u00e9rez-Valero aproxima a Ciudad de M\u00e9xico y Guayaquil en conferencia del encuentro de ciudades","description":"Universidad de las Artes - Docente e investigador Luis P\u00e9rez-Valero aproxima a Ciudad de M\u00e9xico y Guayaquil en conferencia del encuentro de ciudades","robots":{"index":"index","follow":"follow","max-snippet":"max-snippet:-1","max-image-preview":"max-image-preview:large","max-video-preview":"max-video-preview:-1"},"canonical":"https:\/\/www.uartes.edu.ec\/sitio\/fr\/blog\/2024\/12\/06\/docente-luis-perez-valero-aproxima-a-ciudad-de-mexico-y-guayaquil-en-una-conferencia-magistral\/","og_locale":"fr_FR","og_type":"article","og_title":"Universidad de las Artes - Docente e investigador Luis P\u00e9rez-Valero aproxima a Ciudad de M\u00e9xico y Guayaquil en conferencia del encuentro de ciudades","og_description":"Universidad de las Artes - Docente e investigador Luis P\u00e9rez-Valero aproxima a Ciudad de M\u00e9xico y Guayaquil en conferencia del encuentro de ciudades","og_url":"https:\/\/www.uartes.edu.ec\/sitio\/fr\/blog\/2024\/12\/06\/docente-luis-perez-valero-aproxima-a-ciudad-de-mexico-y-guayaquil-en-una-conferencia-magistral\/","og_site_name":"Universidad de las Artes","article_publisher":"https:\/\/www.facebook.com\/uartesec","article_published_time":"2024-12-06T21:46:00+00:00","article_modified_time":"2024-12-19T16:01:51+00:00","og_image":[{"width":2000,"height":1333,"url":"https:\/\/www.uartes.edu.ec\/sitio\/wp-content\/uploads\/2024\/12\/10-LUIS-PEREZ-VALERO.jpg","type":"image\/jpeg"}],"author":"ccortez","twitter_card":"summary_large_image","twitter_creator":"@uartesec","twitter_site":"@uartesec","twitter_misc":{"\u00c9crit par":"ccortez","Dur\u00e9e de lecture estim\u00e9e":"3 minutes"},"schema":{"@context":"https:\/\/schema.org","@graph":[{"@type":"Article","@id":"https:\/\/www.uartes.edu.ec\/sitio\/fr\/blog\/2024\/12\/06\/docente-luis-perez-valero-aproxima-a-ciudad-de-mexico-y-guayaquil-en-una-conferencia-magistral\/#article","isPartOf":{"@id":"https:\/\/www.uartes.edu.ec\/sitio\/fr\/blog\/2024\/12\/06\/docente-luis-perez-valero-aproxima-a-ciudad-de-mexico-y-guayaquil-en-una-conferencia-magistral\/"},"author":{"name":"ccortez","@id":"https:\/\/www.uartes.edu.ec\/sitio\/fr\/#\/schema\/person\/efa1b8275797664fd7f13a79ccc0b1f4"},"headline":"Docente e investigador Luis P\u00e9rez-Valero aproxima a Ciudad de M\u00e9xico y Guayaquil en conferencia del encuentro de ciudades","datePublished":"2024-12-06T21:46:00+00:00","dateModified":"2024-12-19T16:01:51+00:00","mainEntityOfPage":{"@id":"https:\/\/www.uartes.edu.ec\/sitio\/fr\/blog\/2024\/12\/06\/docente-luis-perez-valero-aproxima-a-ciudad-de-mexico-y-guayaquil-en-una-conferencia-magistral\/"},"wordCount":629,"commentCount":0,"publisher":{"@id":"https:\/\/www.uartes.edu.ec\/sitio\/fr\/#organization"},"image":{"@id":"https:\/\/www.uartes.edu.ec\/sitio\/fr\/blog\/2024\/12\/06\/docente-luis-perez-valero-aproxima-a-ciudad-de-mexico-y-guayaquil-en-una-conferencia-magistral\/#primaryimage"},"thumbnailUrl":"https:\/\/www.uartes.edu.ec\/sitio\/wp-content\/uploads\/2024\/12\/10-LUIS-PEREZ-VALERO.jpg","keywords":["encuentro"],"articleSection":["Acad\u00e9mico","Alumni","Artes","Docentes","Estudiantes","Gesti\u00f3n","Investigaci\u00f3n","Sedes"],"inLanguage":"fr-FR","potentialAction":[{"@type":"CommentAction","name":"Comment","target":["https:\/\/www.uartes.edu.ec\/sitio\/fr\/blog\/2024\/12\/06\/docente-luis-perez-valero-aproxima-a-ciudad-de-mexico-y-guayaquil-en-una-conferencia-magistral\/#respond"]}]},{"@type":["WebPage","ItemPage"],"@id":"https:\/\/www.uartes.edu.ec\/sitio\/fr\/blog\/2024\/12\/06\/docente-luis-perez-valero-aproxima-a-ciudad-de-mexico-y-guayaquil-en-una-conferencia-magistral\/","url":"https:\/\/www.uartes.edu.ec\/sitio\/fr\/blog\/2024\/12\/06\/docente-luis-perez-valero-aproxima-a-ciudad-de-mexico-y-guayaquil-en-una-conferencia-magistral\/","name":"Universidad de las Artes - Docente e investigador Luis P\u00e9rez-Valero aproxima a Ciudad de M\u00e9xico y Guayaquil en conferencia del encuentro de ciudades","isPartOf":{"@id":"https:\/\/www.uartes.edu.ec\/sitio\/fr\/#website"},"primaryImageOfPage":{"@id":"https:\/\/www.uartes.edu.ec\/sitio\/fr\/blog\/2024\/12\/06\/docente-luis-perez-valero-aproxima-a-ciudad-de-mexico-y-guayaquil-en-una-conferencia-magistral\/#primaryimage"},"image":{"@id":"https:\/\/www.uartes.edu.ec\/sitio\/fr\/blog\/2024\/12\/06\/docente-luis-perez-valero-aproxima-a-ciudad-de-mexico-y-guayaquil-en-una-conferencia-magistral\/#primaryimage"},"thumbnailUrl":"https:\/\/www.uartes.edu.ec\/sitio\/wp-content\/uploads\/2024\/12\/10-LUIS-PEREZ-VALERO.jpg","datePublished":"2024-12-06T21:46:00+00:00","dateModified":"2024-12-19T16:01:51+00:00","description":"Universidad de las Artes - Docente e investigador Luis P\u00e9rez-Valero aproxima a Ciudad de M\u00e9xico y Guayaquil en conferencia del encuentro de ciudades","breadcrumb":{"@id":"https:\/\/www.uartes.edu.ec\/sitio\/fr\/blog\/2024\/12\/06\/docente-luis-perez-valero-aproxima-a-ciudad-de-mexico-y-guayaquil-en-una-conferencia-magistral\/#breadcrumb"},"inLanguage":"fr-FR","potentialAction":[{"@type":"ReadAction","target":["https:\/\/www.uartes.edu.ec\/sitio\/fr\/blog\/2024\/12\/06\/docente-luis-perez-valero-aproxima-a-ciudad-de-mexico-y-guayaquil-en-una-conferencia-magistral\/"]}]},{"@type":"ImageObject","inLanguage":"fr-FR","@id":"https:\/\/www.uartes.edu.ec\/sitio\/fr\/blog\/2024\/12\/06\/docente-luis-perez-valero-aproxima-a-ciudad-de-mexico-y-guayaquil-en-una-conferencia-magistral\/#primaryimage","url":"https:\/\/www.uartes.edu.ec\/sitio\/wp-content\/uploads\/2024\/12\/10-LUIS-PEREZ-VALERO.jpg","contentUrl":"https:\/\/www.uartes.edu.ec\/sitio\/wp-content\/uploads\/2024\/12\/10-LUIS-PEREZ-VALERO.jpg","width":2000,"height":1333},{"@type":"BreadcrumbList","@id":"https:\/\/www.uartes.edu.ec\/sitio\/fr\/blog\/2024\/12\/06\/docente-luis-perez-valero-aproxima-a-ciudad-de-mexico-y-guayaquil-en-una-conferencia-magistral\/#breadcrumb","itemListElement":[{"@type":"ListItem","position":1,"name":"Inicio","item":"https:\/\/www.uartes.edu.ec\/sitio\/"},{"@type":"ListItem","position":2,"name":"Docente e investigador Luis P\u00e9rez-Valero aproxima a Ciudad de M\u00e9xico y Guayaquil en conferencia del encuentro de ciudades"}]},{"@type":"WebSite","@id":"https:\/\/www.uartes.edu.ec\/sitio\/fr\/#website","url":"https:\/\/www.uartes.edu.ec\/sitio\/fr\/","name":"Universidad de las Artes","description":"Sitio oficial de la Universidad Nacional de las Artes del Ecuador","publisher":{"@id":"https:\/\/www.uartes.edu.ec\/sitio\/fr\/#organization"},"potentialAction":[{"@type":"SearchAction","target":{"@type":"EntryPoint","urlTemplate":"https:\/\/www.uartes.edu.ec\/sitio\/fr\/?s={search_term_string}"},"query-input":{"@type":"PropertyValueSpecification","valueRequired":true,"valueName":"search_term_string"}}],"inLanguage":"fr-FR"},{"@type":"Organization","@id":"https:\/\/www.uartes.edu.ec\/sitio\/fr\/#organization","name":"Universidad de las Artes","url":"https:\/\/www.uartes.edu.ec\/sitio\/fr\/","logo":{"@type":"ImageObject","inLanguage":"fr-FR","@id":"https:\/\/www.uartes.edu.ec\/sitio\/fr\/#\/schema\/logo\/image\/","url":"https:\/\/www.uartes.edu.ec\/sitio\/wp-content\/uploads\/2022\/07\/logo-ua-horizontal.png","contentUrl":"https:\/\/www.uartes.edu.ec\/sitio\/wp-content\/uploads\/2022\/07\/logo-ua-horizontal.png","width":800,"height":276,"caption":"Universidad de las Artes"},"image":{"@id":"https:\/\/www.uartes.edu.ec\/sitio\/fr\/#\/schema\/logo\/image\/"},"sameAs":["https:\/\/www.facebook.com\/uartesec","https:\/\/x.com\/uartesec","https:\/\/www.tiktok.com\/@uartesec"]},{"@type":"Person","@id":"https:\/\/www.uartes.edu.ec\/sitio\/fr\/#\/schema\/person\/efa1b8275797664fd7f13a79ccc0b1f4","name":"ccortez","image":{"@type":"ImageObject","inLanguage":"fr-FR","@id":"https:\/\/secure.gravatar.com\/avatar\/b2a6f664a3ae8e074346ef91775736c5ec479e637ecced6842de9dc98b5da9cd?s=96&d=mm&r=g","url":"https:\/\/secure.gravatar.com\/avatar\/b2a6f664a3ae8e074346ef91775736c5ec479e637ecced6842de9dc98b5da9cd?s=96&d=mm&r=g","contentUrl":"https:\/\/secure.gravatar.com\/avatar\/b2a6f664a3ae8e074346ef91775736c5ec479e637ecced6842de9dc98b5da9cd?s=96&d=mm&r=g","caption":"ccortez"},"url":"https:\/\/www.uartes.edu.ec\/sitio\/fr\/blog\/author\/ccortez\/"}]}},"uagb_featured_image_src":{"full":["https:\/\/www.uartes.edu.ec\/sitio\/wp-content\/uploads\/2024\/12\/10-LUIS-PEREZ-VALERO.jpg",2000,1333,false],"thumbnail":["https:\/\/www.uartes.edu.ec\/sitio\/wp-content\/uploads\/2024\/12\/10-LUIS-PEREZ-VALERO-150x150.jpg",150,150,true],"medium":["https:\/\/www.uartes.edu.ec\/sitio\/wp-content\/uploads\/2024\/12\/10-LUIS-PEREZ-VALERO-300x200.jpg",300,200,true],"medium_large":["https:\/\/www.uartes.edu.ec\/sitio\/wp-content\/uploads\/2024\/12\/10-LUIS-PEREZ-VALERO-768x512.jpg",768,512,true],"large":["https:\/\/www.uartes.edu.ec\/sitio\/wp-content\/uploads\/2024\/12\/10-LUIS-PEREZ-VALERO-644x429.jpg",644,429,true],"1536x1536":["https:\/\/www.uartes.edu.ec\/sitio\/wp-content\/uploads\/2024\/12\/10-LUIS-PEREZ-VALERO-1536x1024.jpg",1536,1024,true],"2048x2048":["https:\/\/www.uartes.edu.ec\/sitio\/wp-content\/uploads\/2024\/12\/10-LUIS-PEREZ-VALERO.jpg",2000,1333,false],"trp-custom-language-flag":["https:\/\/www.uartes.edu.ec\/sitio\/wp-content\/uploads\/2024\/12\/10-LUIS-PEREZ-VALERO-18x12.jpg",18,12,true],"htmega_size_585x295":["https:\/\/www.uartes.edu.ec\/sitio\/wp-content\/uploads\/2024\/12\/10-LUIS-PEREZ-VALERO-585x295.jpg",585,295,true],"htmega_size_1170x536":["https:\/\/www.uartes.edu.ec\/sitio\/wp-content\/uploads\/2024\/12\/10-LUIS-PEREZ-VALERO-1170x536.jpg",1170,536,true],"htmega_size_396x360":["https:\/\/www.uartes.edu.ec\/sitio\/wp-content\/uploads\/2024\/12\/10-LUIS-PEREZ-VALERO-396x360.jpg",396,360,true],"gb-block-post-grid-landscape":["https:\/\/www.uartes.edu.ec\/sitio\/wp-content\/uploads\/2024\/12\/10-LUIS-PEREZ-VALERO-600x400.jpg",600,400,true],"gb-block-post-grid-square":["https:\/\/www.uartes.edu.ec\/sitio\/wp-content\/uploads\/2024\/12\/10-LUIS-PEREZ-VALERO-600x600.jpg",600,600,true],"university-hub-thumb":["https:\/\/www.uartes.edu.ec\/sitio\/wp-content\/uploads\/2024\/12\/10-LUIS-PEREZ-VALERO-400x267.jpg",400,267,true]},"uagb_author_info":{"display_name":"ccortez","author_link":"https:\/\/www.uartes.edu.ec\/sitio\/fr\/blog\/author\/ccortez\/"},"uagb_comment_info":0,"uagb_excerpt":"En el marco del Encuentro de ciudades a trav\u00e9s de las artes, el doctor Luis P\u00e9rez-Valero, docente de la Universidad de las Artes, disert\u00f3 acerca de las \u201cNarrativas de resistencia: m\u00fasica y cultura popular en Guayaquil y Ciudad de M\u00e9xico\u201d. Su exposici\u00f3n es resultado de un trabajo investigativo y, a su vez, un homenaje que\u2026","featured_image_src":"https:\/\/www.uartes.edu.ec\/sitio\/wp-content\/uploads\/2024\/12\/10-LUIS-PEREZ-VALERO-600x400.jpg","featured_image_src_square":"https:\/\/www.uartes.edu.ec\/sitio\/wp-content\/uploads\/2024\/12\/10-LUIS-PEREZ-VALERO-600x600.jpg","author_info":{"display_name":"ccortez","author_link":"https:\/\/www.uartes.edu.ec\/sitio\/fr\/blog\/author\/ccortez\/"},"publishpress_future_workflow_manual_trigger":{"enabledWorkflows":[]},"distributor_meta":false,"distributor_terms":false,"distributor_media":false,"distributor_original_site_name":"Universidad de las Artes","distributor_original_site_url":"https:\/\/www.uartes.edu.ec\/sitio\/fr","push-errors":false,"_links":{"self":[{"href":"https:\/\/www.uartes.edu.ec\/sitio\/fr\/wp-json\/wp\/v2\/posts\/66250","targetHints":{"allow":["GET"]}}],"collection":[{"href":"https:\/\/www.uartes.edu.ec\/sitio\/fr\/wp-json\/wp\/v2\/posts"}],"about":[{"href":"https:\/\/www.uartes.edu.ec\/sitio\/fr\/wp-json\/wp\/v2\/types\/post"}],"author":[{"embeddable":true,"href":"https:\/\/www.uartes.edu.ec\/sitio\/fr\/wp-json\/wp\/v2\/users\/10"}],"replies":[{"embeddable":true,"href":"https:\/\/www.uartes.edu.ec\/sitio\/fr\/wp-json\/wp\/v2\/comments?post=66250"}],"version-history":[{"count":6,"href":"https:\/\/www.uartes.edu.ec\/sitio\/fr\/wp-json\/wp\/v2\/posts\/66250\/revisions"}],"predecessor-version":[{"id":66274,"href":"https:\/\/www.uartes.edu.ec\/sitio\/fr\/wp-json\/wp\/v2\/posts\/66250\/revisions\/66274"}],"wp:featuredmedia":[{"embeddable":true,"href":"https:\/\/www.uartes.edu.ec\/sitio\/fr\/wp-json\/wp\/v2\/media\/66251"}],"wp:attachment":[{"href":"https:\/\/www.uartes.edu.ec\/sitio\/fr\/wp-json\/wp\/v2\/media?parent=66250"}],"wp:term":[{"taxonomy":"category","embeddable":true,"href":"https:\/\/www.uartes.edu.ec\/sitio\/fr\/wp-json\/wp\/v2\/categories?post=66250"},{"taxonomy":"post_tag","embeddable":true,"href":"https:\/\/www.uartes.edu.ec\/sitio\/fr\/wp-json\/wp\/v2\/tags?post=66250"},{"taxonomy":"infouartes","embeddable":true,"href":"https:\/\/www.uartes.edu.ec\/sitio\/fr\/wp-json\/wp\/v2\/infouartes?post=66250"}],"curies":[{"name":"wp","href":"https:\/\/api.w.org\/{rel}","templated":true}]}}