{"id":66476,"date":"2024-12-14T11:12:00","date_gmt":"2024-12-14T16:12:00","guid":{"rendered":"https:\/\/www.uartes.edu.ec\/sitio\/?p=66476"},"modified":"2024-12-19T10:57:39","modified_gmt":"2024-12-19T15:57:39","slug":"vinculacion-con-la-sociedad-uartes-en-dialogo-con-ies-de-manabi-y-santa-elena-para-acciones-conjuntas","status":"publish","type":"post","link":"https:\/\/www.uartes.edu.ec\/sitio\/fr\/blog\/2024\/12\/14\/vinculacion-con-la-sociedad-uartes-en-dialogo-con-ies-de-manabi-y-santa-elena-para-acciones-conjuntas\/","title":{"rendered":"Vinculaci\u00f3n con la Sociedad UArtes, en di\u00e1logo con IES de Manab\u00ed y Santa Elena para acciones conjuntas en territorio"},"content":{"rendered":"<p>Una delegaci\u00f3n de la Direcci\u00f3n de Vinculaci\u00f3n con la Sociedad de la Universidad de las Artes visit\u00f3 Manab\u00ed y Santa Elena, entre el 2 y 3 de diciembre, para un intercambio de experiencias con representantes de instituciones de educaci\u00f3n superior de las referidas provincias sobre procesos comunes para el aprendizaje e implementaci\u00f3n de cambios que permitan mejorar la calidad de gesti\u00f3n.<\/p>\n\n\n\n<p>La delegaci\u00f3n UArtes la conformaron Patricio S\u00e1nchez y Ronny Ramos, especialista en seguimiento a proyectos y analista de convenios nacionales, respectivamente, quienes se reunieron con directores y jefes de vinculaci\u00f3n con la sociedad de la Universidad San Gregorio de Portoviejo (USGP), de la Universidad T\u00e9cnica de Manab\u00ed (UTM) y de la Universidad Polit\u00e9cnica de Santa Elena (UPSE), as\u00ed como con el GAD Parroquial de Manglaralto.<\/p>\n\n\n\n<figure class=\"wp-block-gallery has-nested-images columns-default is-cropped wp-block-gallery-1 is-layout-flex wp-block-gallery-is-layout-flex\">\n<figure class=\"wp-block-image size-large\"><img fetchpriority=\"high\" decoding=\"async\" width=\"644\" height=\"429\" data-id=\"66478\" src=\"https:\/\/www.uartes.edu.ec\/sitio\/wp-content\/uploads\/2024\/12\/06-VISITA-VINCULO-CON-LA-SOCIEDAD-644x429.jpg\" alt=\"\" class=\"wp-image-66478\" srcset=\"https:\/\/www.uartes.edu.ec\/sitio\/wp-content\/uploads\/2024\/12\/06-VISITA-VINCULO-CON-LA-SOCIEDAD-644x429.jpg 644w, https:\/\/www.uartes.edu.ec\/sitio\/wp-content\/uploads\/2024\/12\/06-VISITA-VINCULO-CON-LA-SOCIEDAD-300x200.jpg 300w, https:\/\/www.uartes.edu.ec\/sitio\/wp-content\/uploads\/2024\/12\/06-VISITA-VINCULO-CON-LA-SOCIEDAD-768x512.jpg 768w, https:\/\/www.uartes.edu.ec\/sitio\/wp-content\/uploads\/2024\/12\/06-VISITA-VINCULO-CON-LA-SOCIEDAD-1536x1024.jpg 1536w, https:\/\/www.uartes.edu.ec\/sitio\/wp-content\/uploads\/2024\/12\/06-VISITA-VINCULO-CON-LA-SOCIEDAD-18x12.jpg 18w, https:\/\/www.uartes.edu.ec\/sitio\/wp-content\/uploads\/2024\/12\/06-VISITA-VINCULO-CON-LA-SOCIEDAD-600x400.jpg 600w, https:\/\/www.uartes.edu.ec\/sitio\/wp-content\/uploads\/2024\/12\/06-VISITA-VINCULO-CON-LA-SOCIEDAD-400x267.jpg 400w, https:\/\/www.uartes.edu.ec\/sitio\/wp-content\/uploads\/2024\/12\/06-VISITA-VINCULO-CON-LA-SOCIEDAD-272x182.jpg 272w, https:\/\/www.uartes.edu.ec\/sitio\/wp-content\/uploads\/2024\/12\/06-VISITA-VINCULO-CON-LA-SOCIEDAD.jpg 2000w\" sizes=\"(max-width: 644px) 100vw, 644px\" \/><\/figure>\n\n\n\n<figure class=\"wp-block-image size-large\"><img decoding=\"async\" width=\"644\" height=\"429\" data-id=\"66479\" src=\"https:\/\/www.uartes.edu.ec\/sitio\/wp-content\/uploads\/2024\/12\/02-VISITA-VINCULO-CON-LA-SOCIEDAD-644x429.jpg\" alt=\"\" class=\"wp-image-66479\" srcset=\"https:\/\/www.uartes.edu.ec\/sitio\/wp-content\/uploads\/2024\/12\/02-VISITA-VINCULO-CON-LA-SOCIEDAD-644x429.jpg 644w, https:\/\/www.uartes.edu.ec\/sitio\/wp-content\/uploads\/2024\/12\/02-VISITA-VINCULO-CON-LA-SOCIEDAD-300x200.jpg 300w, https:\/\/www.uartes.edu.ec\/sitio\/wp-content\/uploads\/2024\/12\/02-VISITA-VINCULO-CON-LA-SOCIEDAD-768x512.jpg 768w, https:\/\/www.uartes.edu.ec\/sitio\/wp-content\/uploads\/2024\/12\/02-VISITA-VINCULO-CON-LA-SOCIEDAD-1536x1024.jpg 1536w, https:\/\/www.uartes.edu.ec\/sitio\/wp-content\/uploads\/2024\/12\/02-VISITA-VINCULO-CON-LA-SOCIEDAD-18x12.jpg 18w, https:\/\/www.uartes.edu.ec\/sitio\/wp-content\/uploads\/2024\/12\/02-VISITA-VINCULO-CON-LA-SOCIEDAD-600x400.jpg 600w, https:\/\/www.uartes.edu.ec\/sitio\/wp-content\/uploads\/2024\/12\/02-VISITA-VINCULO-CON-LA-SOCIEDAD-400x267.jpg 400w, https:\/\/www.uartes.edu.ec\/sitio\/wp-content\/uploads\/2024\/12\/02-VISITA-VINCULO-CON-LA-SOCIEDAD-272x182.jpg 272w, https:\/\/www.uartes.edu.ec\/sitio\/wp-content\/uploads\/2024\/12\/02-VISITA-VINCULO-CON-LA-SOCIEDAD.jpg 2000w\" sizes=\"(max-width: 644px) 100vw, 644px\" \/><\/figure>\n<\/figure>\n\n\n\n<p>En la USGP, el di\u00e1logo lo mantuvieron con su jefa de vinculaci\u00f3n con la sociedad, Tania Zambrano. En la UTM, con Nila Plaza, directora de vinculaci\u00f3n con la sociedad; Ver\u00f3nica Lazo, coordinadora de arte y cultura; y Rub\u00e9n Escobar, analista de desarrollo. En la UPSE, con Alexandra Jara, tambi\u00e9n directora de vinculaci\u00f3n con la sociedad, y la docente Cynthia Esp\u00edndola. En el GAD Parroquial de Manglaralto, la reuni\u00f3n fue con Melissa Lemus, su presidenta, y An\u00edbal Tumbaco, su vicepresidente.<\/p>\n\n\n\n<p>Las reuniones con las unidades de vinculaci\u00f3n con la sociedad de la USGP y UTM tuvieron como prop\u00f3sito conocer el modelo de esta gesti\u00f3n sustantiva para las instituciones de educaci\u00f3n de superior, se precis\u00f3.<\/p>\n\n\n\n<p>Con respecto a la reuni\u00f3n entre el GAD de Manglaralto y la Universidad Polit\u00e9cnica de Santa Elena, esta tuvo como prop\u00f3sito escuchar las demandas y necesidades de la parroquia rural en temas de arte y cultura, a fin de contemplar posibles acciones desde los nuevos proyectos de vinculaci\u00f3n con la sociedad de nuestra instituci\u00f3n y de la IES santaelenense, en concordancia con el esp\u00edritu de trabajo conjunto promovido por la Red Ecuatoriana Universitaria de Vinculaci\u00f3n con la Colectividad (Reuvic).<\/p>\n\n\n\n<p>Fotos: Ronny Ramos\/Direcci\u00f3n de Vinculaci\u00f3n con la Sociedad UArtes,<\/p>\n\n\n\n<p><\/p>","protected":false},"excerpt":{"rendered":"<p>La delegaci\u00f3n UArtes la conformaron Patricio S\u00e1nchez y Ronny Ramos, especialista en seguimiento a proyectos y analista de convenios nacionales, respectivamente, quienes se reunieron con directores y jefes de vinculaci\u00f3n con la sociedad de la Universidad San Gregorio de Portoviejo, de la Universidad T\u00e9cnica de Manab\u00ed y de la Universidad Polit\u00e9cnica de Santa Elena, as\u00ed como con el GAD Parroquial de Manglaralto.<\/p>","protected":false},"author":10,"featured_media":66477,"comment_status":"open","ping_status":"open","sticky":false,"template":"","format":"standard","meta":{"_acf_changed":false,"_uag_custom_page_level_css":"","_monsterinsights_skip_tracking":false,"_monsterinsights_sitenote_active":false,"_monsterinsights_sitenote_note":"","_monsterinsights_sitenote_category":0,"cybocfi_hide_featured_image":"","footnotes":""},"categories":[77,79],"tags":[521],"infouartes":[1290],"class_list":["post-66476","post","type-post","status-publish","format-standard","has-post-thumbnail","hentry","category-gestion","category-vinculo","tag-encuentro","infouartes-para-la-comunidad"],"acf":[],"yoast_head":"<!-- This site is optimized with the Yoast SEO plugin v27.4 - https:\/\/yoast.com\/product\/yoast-seo-wordpress\/ -->\n<title>Universidad de las Artes - Vinculaci\u00f3n con la Sociedad UArtes, en di\u00e1logo con IES de Manab\u00ed y Santa Elena para acciones conjuntas en territorio<\/title>\n<meta name=\"description\" content=\"Universidad de las Artes - Vinculaci\u00f3n con la Sociedad UArtes, en di\u00e1logo con IES de Manab\u00ed y Santa Elena para acciones conjuntas en territorio\" \/>\n<meta name=\"robots\" content=\"index, follow, max-snippet:-1, max-image-preview:large, max-video-preview:-1\" \/>\n<link rel=\"canonical\" href=\"https:\/\/www.uartes.edu.ec\/sitio\/fr\/blog\/2024\/12\/14\/vinculacion-con-la-sociedad-uartes-en-dialogo-con-ies-de-manabi-y-santa-elena-para-acciones-conjuntas\/\" \/>\n<meta property=\"og:locale\" content=\"fr_FR\" \/>\n<meta property=\"og:type\" content=\"article\" \/>\n<meta property=\"og:title\" content=\"Universidad de las Artes - Vinculaci\u00f3n con la Sociedad UArtes, en di\u00e1logo con IES de Manab\u00ed y Santa Elena para acciones conjuntas en territorio\" \/>\n<meta property=\"og:description\" content=\"Universidad de las Artes - Vinculaci\u00f3n con la Sociedad UArtes, en di\u00e1logo con IES de Manab\u00ed y Santa Elena para acciones conjuntas en territorio\" \/>\n<meta property=\"og:url\" content=\"https:\/\/www.uartes.edu.ec\/sitio\/fr\/blog\/2024\/12\/14\/vinculacion-con-la-sociedad-uartes-en-dialogo-con-ies-de-manabi-y-santa-elena-para-acciones-conjuntas\/\" \/>\n<meta property=\"og:site_name\" content=\"Universidad de las Artes\" \/>\n<meta property=\"article:publisher\" content=\"https:\/\/www.facebook.com\/uartesec\" \/>\n<meta property=\"article:published_time\" content=\"2024-12-14T16:12:00+00:00\" \/>\n<meta property=\"article:modified_time\" content=\"2024-12-19T15:57:39+00:00\" \/>\n<meta property=\"og:image\" content=\"https:\/\/www.uartes.edu.ec\/sitio\/wp-content\/uploads\/2024\/12\/01-VISITA-VINCULO-CON-LA-SOCIEDAD.jpg\" \/>\n\t<meta property=\"og:image:width\" content=\"2000\" \/>\n\t<meta property=\"og:image:height\" content=\"1333\" \/>\n\t<meta property=\"og:image:type\" content=\"image\/jpeg\" \/>\n<meta name=\"author\" content=\"ccortez\" \/>\n<meta name=\"twitter:card\" content=\"summary_large_image\" \/>\n<meta name=\"twitter:creator\" content=\"@uartesec\" \/>\n<meta name=\"twitter:site\" content=\"@uartesec\" \/>\n<meta name=\"twitter:label1\" content=\"\u00c9crit par\" \/>\n\t<meta name=\"twitter:data1\" content=\"ccortez\" \/>\n\t<meta name=\"twitter:label2\" content=\"Dur\u00e9e de lecture estim\u00e9e\" \/>\n\t<meta name=\"twitter:data2\" content=\"3 minutes\" \/>\n<script type=\"application\/ld+json\" class=\"yoast-schema-graph\">{\"@context\":\"https:\\\/\\\/schema.org\",\"@graph\":[{\"@type\":\"Article\",\"@id\":\"https:\\\/\\\/www.uartes.edu.ec\\\/sitio\\\/fr\\\/blog\\\/2024\\\/12\\\/14\\\/vinculacion-con-la-sociedad-uartes-en-dialogo-con-ies-de-manabi-y-santa-elena-para-acciones-conjuntas\\\/#article\",\"isPartOf\":{\"@id\":\"https:\\\/\\\/www.uartes.edu.ec\\\/sitio\\\/fr\\\/blog\\\/2024\\\/12\\\/14\\\/vinculacion-con-la-sociedad-uartes-en-dialogo-con-ies-de-manabi-y-santa-elena-para-acciones-conjuntas\\\/\"},\"author\":{\"name\":\"ccortez\",\"@id\":\"https:\\\/\\\/www.uartes.edu.ec\\\/sitio\\\/fr\\\/#\\\/schema\\\/person\\\/efa1b8275797664fd7f13a79ccc0b1f4\"},\"headline\":\"Vinculaci\u00f3n con la Sociedad UArtes, en di\u00e1logo con IES de Manab\u00ed y Santa Elena para acciones conjuntas en territorio\",\"datePublished\":\"2024-12-14T16:12:00+00:00\",\"dateModified\":\"2024-12-19T15:57:39+00:00\",\"mainEntityOfPage\":{\"@id\":\"https:\\\/\\\/www.uartes.edu.ec\\\/sitio\\\/fr\\\/blog\\\/2024\\\/12\\\/14\\\/vinculacion-con-la-sociedad-uartes-en-dialogo-con-ies-de-manabi-y-santa-elena-para-acciones-conjuntas\\\/\"},\"wordCount\":381,\"commentCount\":0,\"publisher\":{\"@id\":\"https:\\\/\\\/www.uartes.edu.ec\\\/sitio\\\/fr\\\/#organization\"},\"image\":{\"@id\":\"https:\\\/\\\/www.uartes.edu.ec\\\/sitio\\\/fr\\\/blog\\\/2024\\\/12\\\/14\\\/vinculacion-con-la-sociedad-uartes-en-dialogo-con-ies-de-manabi-y-santa-elena-para-acciones-conjuntas\\\/#primaryimage\"},\"thumbnailUrl\":\"https:\\\/\\\/www.uartes.edu.ec\\\/sitio\\\/wp-content\\\/uploads\\\/2024\\\/12\\\/01-VISITA-VINCULO-CON-LA-SOCIEDAD.jpg\",\"keywords\":[\"encuentro\"],\"articleSection\":[\"Gesti\u00f3n\",\"V\u00ednculo\"],\"inLanguage\":\"fr-FR\",\"potentialAction\":[{\"@type\":\"CommentAction\",\"name\":\"Comment\",\"target\":[\"https:\\\/\\\/www.uartes.edu.ec\\\/sitio\\\/fr\\\/blog\\\/2024\\\/12\\\/14\\\/vinculacion-con-la-sociedad-uartes-en-dialogo-con-ies-de-manabi-y-santa-elena-para-acciones-conjuntas\\\/#respond\"]}]},{\"@type\":[\"WebPage\",\"ItemPage\"],\"@id\":\"https:\\\/\\\/www.uartes.edu.ec\\\/sitio\\\/fr\\\/blog\\\/2024\\\/12\\\/14\\\/vinculacion-con-la-sociedad-uartes-en-dialogo-con-ies-de-manabi-y-santa-elena-para-acciones-conjuntas\\\/\",\"url\":\"https:\\\/\\\/www.uartes.edu.ec\\\/sitio\\\/fr\\\/blog\\\/2024\\\/12\\\/14\\\/vinculacion-con-la-sociedad-uartes-en-dialogo-con-ies-de-manabi-y-santa-elena-para-acciones-conjuntas\\\/\",\"name\":\"Universidad de las Artes - Vinculaci\u00f3n con la Sociedad UArtes, en di\u00e1logo con IES de Manab\u00ed y Santa Elena para acciones conjuntas en territorio\",\"isPartOf\":{\"@id\":\"https:\\\/\\\/www.uartes.edu.ec\\\/sitio\\\/fr\\\/#website\"},\"primaryImageOfPage\":{\"@id\":\"https:\\\/\\\/www.uartes.edu.ec\\\/sitio\\\/fr\\\/blog\\\/2024\\\/12\\\/14\\\/vinculacion-con-la-sociedad-uartes-en-dialogo-con-ies-de-manabi-y-santa-elena-para-acciones-conjuntas\\\/#primaryimage\"},\"image\":{\"@id\":\"https:\\\/\\\/www.uartes.edu.ec\\\/sitio\\\/fr\\\/blog\\\/2024\\\/12\\\/14\\\/vinculacion-con-la-sociedad-uartes-en-dialogo-con-ies-de-manabi-y-santa-elena-para-acciones-conjuntas\\\/#primaryimage\"},\"thumbnailUrl\":\"https:\\\/\\\/www.uartes.edu.ec\\\/sitio\\\/wp-content\\\/uploads\\\/2024\\\/12\\\/01-VISITA-VINCULO-CON-LA-SOCIEDAD.jpg\",\"datePublished\":\"2024-12-14T16:12:00+00:00\",\"dateModified\":\"2024-12-19T15:57:39+00:00\",\"description\":\"Universidad de las Artes - Vinculaci\u00f3n con la Sociedad UArtes, en di\u00e1logo con IES de Manab\u00ed y Santa Elena para acciones conjuntas en territorio\",\"breadcrumb\":{\"@id\":\"https:\\\/\\\/www.uartes.edu.ec\\\/sitio\\\/fr\\\/blog\\\/2024\\\/12\\\/14\\\/vinculacion-con-la-sociedad-uartes-en-dialogo-con-ies-de-manabi-y-santa-elena-para-acciones-conjuntas\\\/#breadcrumb\"},\"inLanguage\":\"fr-FR\",\"potentialAction\":[{\"@type\":\"ReadAction\",\"target\":[\"https:\\\/\\\/www.uartes.edu.ec\\\/sitio\\\/fr\\\/blog\\\/2024\\\/12\\\/14\\\/vinculacion-con-la-sociedad-uartes-en-dialogo-con-ies-de-manabi-y-santa-elena-para-acciones-conjuntas\\\/\"]}]},{\"@type\":\"ImageObject\",\"inLanguage\":\"fr-FR\",\"@id\":\"https:\\\/\\\/www.uartes.edu.ec\\\/sitio\\\/fr\\\/blog\\\/2024\\\/12\\\/14\\\/vinculacion-con-la-sociedad-uartes-en-dialogo-con-ies-de-manabi-y-santa-elena-para-acciones-conjuntas\\\/#primaryimage\",\"url\":\"https:\\\/\\\/www.uartes.edu.ec\\\/sitio\\\/wp-content\\\/uploads\\\/2024\\\/12\\\/01-VISITA-VINCULO-CON-LA-SOCIEDAD.jpg\",\"contentUrl\":\"https:\\\/\\\/www.uartes.edu.ec\\\/sitio\\\/wp-content\\\/uploads\\\/2024\\\/12\\\/01-VISITA-VINCULO-CON-LA-SOCIEDAD.jpg\",\"width\":2000,\"height\":1333},{\"@type\":\"BreadcrumbList\",\"@id\":\"https:\\\/\\\/www.uartes.edu.ec\\\/sitio\\\/fr\\\/blog\\\/2024\\\/12\\\/14\\\/vinculacion-con-la-sociedad-uartes-en-dialogo-con-ies-de-manabi-y-santa-elena-para-acciones-conjuntas\\\/#breadcrumb\",\"itemListElement\":[{\"@type\":\"ListItem\",\"position\":1,\"name\":\"Inicio\",\"item\":\"https:\\\/\\\/www.uartes.edu.ec\\\/sitio\\\/\"},{\"@type\":\"ListItem\",\"position\":2,\"name\":\"Vinculaci\u00f3n con la Sociedad UArtes, en di\u00e1logo con IES de Manab\u00ed y Santa Elena para acciones conjuntas en territorio\"}]},{\"@type\":\"WebSite\",\"@id\":\"https:\\\/\\\/www.uartes.edu.ec\\\/sitio\\\/fr\\\/#website\",\"url\":\"https:\\\/\\\/www.uartes.edu.ec\\\/sitio\\\/fr\\\/\",\"name\":\"Universidad de las Artes\",\"description\":\"Sitio oficial de la Universidad Nacional de las Artes del Ecuador\",\"publisher\":{\"@id\":\"https:\\\/\\\/www.uartes.edu.ec\\\/sitio\\\/fr\\\/#organization\"},\"potentialAction\":[{\"@type\":\"SearchAction\",\"target\":{\"@type\":\"EntryPoint\",\"urlTemplate\":\"https:\\\/\\\/www.uartes.edu.ec\\\/sitio\\\/fr\\\/?s={search_term_string}\"},\"query-input\":{\"@type\":\"PropertyValueSpecification\",\"valueRequired\":true,\"valueName\":\"search_term_string\"}}],\"inLanguage\":\"fr-FR\"},{\"@type\":\"Organization\",\"@id\":\"https:\\\/\\\/www.uartes.edu.ec\\\/sitio\\\/fr\\\/#organization\",\"name\":\"Universidad de las Artes\",\"url\":\"https:\\\/\\\/www.uartes.edu.ec\\\/sitio\\\/fr\\\/\",\"logo\":{\"@type\":\"ImageObject\",\"inLanguage\":\"fr-FR\",\"@id\":\"https:\\\/\\\/www.uartes.edu.ec\\\/sitio\\\/fr\\\/#\\\/schema\\\/logo\\\/image\\\/\",\"url\":\"https:\\\/\\\/www.uartes.edu.ec\\\/sitio\\\/wp-content\\\/uploads\\\/2022\\\/07\\\/logo-ua-horizontal.png\",\"contentUrl\":\"https:\\\/\\\/www.uartes.edu.ec\\\/sitio\\\/wp-content\\\/uploads\\\/2022\\\/07\\\/logo-ua-horizontal.png\",\"width\":800,\"height\":276,\"caption\":\"Universidad de las Artes\"},\"image\":{\"@id\":\"https:\\\/\\\/www.uartes.edu.ec\\\/sitio\\\/fr\\\/#\\\/schema\\\/logo\\\/image\\\/\"},\"sameAs\":[\"https:\\\/\\\/www.facebook.com\\\/uartesec\",\"https:\\\/\\\/x.com\\\/uartesec\",\"https:\\\/\\\/www.tiktok.com\\\/@uartesec\"]},{\"@type\":\"Person\",\"@id\":\"https:\\\/\\\/www.uartes.edu.ec\\\/sitio\\\/fr\\\/#\\\/schema\\\/person\\\/efa1b8275797664fd7f13a79ccc0b1f4\",\"name\":\"ccortez\",\"image\":{\"@type\":\"ImageObject\",\"inLanguage\":\"fr-FR\",\"@id\":\"https:\\\/\\\/secure.gravatar.com\\\/avatar\\\/b2a6f664a3ae8e074346ef91775736c5ec479e637ecced6842de9dc98b5da9cd?s=96&d=mm&r=g\",\"url\":\"https:\\\/\\\/secure.gravatar.com\\\/avatar\\\/b2a6f664a3ae8e074346ef91775736c5ec479e637ecced6842de9dc98b5da9cd?s=96&d=mm&r=g\",\"contentUrl\":\"https:\\\/\\\/secure.gravatar.com\\\/avatar\\\/b2a6f664a3ae8e074346ef91775736c5ec479e637ecced6842de9dc98b5da9cd?s=96&d=mm&r=g\",\"caption\":\"ccortez\"},\"url\":\"https:\\\/\\\/www.uartes.edu.ec\\\/sitio\\\/fr\\\/blog\\\/author\\\/ccortez\\\/\"}]}<\/script>\n<!-- \/ Yoast SEO plugin. -->","yoast_head_json":{"title":"Universidad de las Artes - Vinculaci\u00f3n con la Sociedad UArtes, en di\u00e1logo con IES de Manab\u00ed y Santa Elena para acciones conjuntas en territorio","description":"Universidad de las Artes - Vinculaci\u00f3n con la Sociedad UArtes, en di\u00e1logo con IES de Manab\u00ed y Santa Elena para acciones conjuntas en territorio","robots":{"index":"index","follow":"follow","max-snippet":"max-snippet:-1","max-image-preview":"max-image-preview:large","max-video-preview":"max-video-preview:-1"},"canonical":"https:\/\/www.uartes.edu.ec\/sitio\/fr\/blog\/2024\/12\/14\/vinculacion-con-la-sociedad-uartes-en-dialogo-con-ies-de-manabi-y-santa-elena-para-acciones-conjuntas\/","og_locale":"fr_FR","og_type":"article","og_title":"Universidad de las Artes - Vinculaci\u00f3n con la Sociedad UArtes, en di\u00e1logo con IES de Manab\u00ed y Santa Elena para acciones conjuntas en territorio","og_description":"Universidad de las Artes - Vinculaci\u00f3n con la Sociedad UArtes, en di\u00e1logo con IES de Manab\u00ed y Santa Elena para acciones conjuntas en territorio","og_url":"https:\/\/www.uartes.edu.ec\/sitio\/fr\/blog\/2024\/12\/14\/vinculacion-con-la-sociedad-uartes-en-dialogo-con-ies-de-manabi-y-santa-elena-para-acciones-conjuntas\/","og_site_name":"Universidad de las Artes","article_publisher":"https:\/\/www.facebook.com\/uartesec","article_published_time":"2024-12-14T16:12:00+00:00","article_modified_time":"2024-12-19T15:57:39+00:00","og_image":[{"width":2000,"height":1333,"url":"https:\/\/www.uartes.edu.ec\/sitio\/wp-content\/uploads\/2024\/12\/01-VISITA-VINCULO-CON-LA-SOCIEDAD.jpg","type":"image\/jpeg"}],"author":"ccortez","twitter_card":"summary_large_image","twitter_creator":"@uartesec","twitter_site":"@uartesec","twitter_misc":{"\u00c9crit par":"ccortez","Dur\u00e9e de lecture estim\u00e9e":"3 minutes"},"schema":{"@context":"https:\/\/schema.org","@graph":[{"@type":"Article","@id":"https:\/\/www.uartes.edu.ec\/sitio\/fr\/blog\/2024\/12\/14\/vinculacion-con-la-sociedad-uartes-en-dialogo-con-ies-de-manabi-y-santa-elena-para-acciones-conjuntas\/#article","isPartOf":{"@id":"https:\/\/www.uartes.edu.ec\/sitio\/fr\/blog\/2024\/12\/14\/vinculacion-con-la-sociedad-uartes-en-dialogo-con-ies-de-manabi-y-santa-elena-para-acciones-conjuntas\/"},"author":{"name":"ccortez","@id":"https:\/\/www.uartes.edu.ec\/sitio\/fr\/#\/schema\/person\/efa1b8275797664fd7f13a79ccc0b1f4"},"headline":"Vinculaci\u00f3n con la Sociedad UArtes, en di\u00e1logo con IES de Manab\u00ed y Santa Elena para acciones conjuntas en territorio","datePublished":"2024-12-14T16:12:00+00:00","dateModified":"2024-12-19T15:57:39+00:00","mainEntityOfPage":{"@id":"https:\/\/www.uartes.edu.ec\/sitio\/fr\/blog\/2024\/12\/14\/vinculacion-con-la-sociedad-uartes-en-dialogo-con-ies-de-manabi-y-santa-elena-para-acciones-conjuntas\/"},"wordCount":381,"commentCount":0,"publisher":{"@id":"https:\/\/www.uartes.edu.ec\/sitio\/fr\/#organization"},"image":{"@id":"https:\/\/www.uartes.edu.ec\/sitio\/fr\/blog\/2024\/12\/14\/vinculacion-con-la-sociedad-uartes-en-dialogo-con-ies-de-manabi-y-santa-elena-para-acciones-conjuntas\/#primaryimage"},"thumbnailUrl":"https:\/\/www.uartes.edu.ec\/sitio\/wp-content\/uploads\/2024\/12\/01-VISITA-VINCULO-CON-LA-SOCIEDAD.jpg","keywords":["encuentro"],"articleSection":["Gesti\u00f3n","V\u00ednculo"],"inLanguage":"fr-FR","potentialAction":[{"@type":"CommentAction","name":"Comment","target":["https:\/\/www.uartes.edu.ec\/sitio\/fr\/blog\/2024\/12\/14\/vinculacion-con-la-sociedad-uartes-en-dialogo-con-ies-de-manabi-y-santa-elena-para-acciones-conjuntas\/#respond"]}]},{"@type":["WebPage","ItemPage"],"@id":"https:\/\/www.uartes.edu.ec\/sitio\/fr\/blog\/2024\/12\/14\/vinculacion-con-la-sociedad-uartes-en-dialogo-con-ies-de-manabi-y-santa-elena-para-acciones-conjuntas\/","url":"https:\/\/www.uartes.edu.ec\/sitio\/fr\/blog\/2024\/12\/14\/vinculacion-con-la-sociedad-uartes-en-dialogo-con-ies-de-manabi-y-santa-elena-para-acciones-conjuntas\/","name":"Universidad de las Artes - Vinculaci\u00f3n con la Sociedad UArtes, en di\u00e1logo con IES de Manab\u00ed y Santa Elena para acciones conjuntas en territorio","isPartOf":{"@id":"https:\/\/www.uartes.edu.ec\/sitio\/fr\/#website"},"primaryImageOfPage":{"@id":"https:\/\/www.uartes.edu.ec\/sitio\/fr\/blog\/2024\/12\/14\/vinculacion-con-la-sociedad-uartes-en-dialogo-con-ies-de-manabi-y-santa-elena-para-acciones-conjuntas\/#primaryimage"},"image":{"@id":"https:\/\/www.uartes.edu.ec\/sitio\/fr\/blog\/2024\/12\/14\/vinculacion-con-la-sociedad-uartes-en-dialogo-con-ies-de-manabi-y-santa-elena-para-acciones-conjuntas\/#primaryimage"},"thumbnailUrl":"https:\/\/www.uartes.edu.ec\/sitio\/wp-content\/uploads\/2024\/12\/01-VISITA-VINCULO-CON-LA-SOCIEDAD.jpg","datePublished":"2024-12-14T16:12:00+00:00","dateModified":"2024-12-19T15:57:39+00:00","description":"Universidad de las Artes - Vinculaci\u00f3n con la Sociedad UArtes, en di\u00e1logo con IES de Manab\u00ed y Santa Elena para acciones conjuntas en territorio","breadcrumb":{"@id":"https:\/\/www.uartes.edu.ec\/sitio\/fr\/blog\/2024\/12\/14\/vinculacion-con-la-sociedad-uartes-en-dialogo-con-ies-de-manabi-y-santa-elena-para-acciones-conjuntas\/#breadcrumb"},"inLanguage":"fr-FR","potentialAction":[{"@type":"ReadAction","target":["https:\/\/www.uartes.edu.ec\/sitio\/fr\/blog\/2024\/12\/14\/vinculacion-con-la-sociedad-uartes-en-dialogo-con-ies-de-manabi-y-santa-elena-para-acciones-conjuntas\/"]}]},{"@type":"ImageObject","inLanguage":"fr-FR","@id":"https:\/\/www.uartes.edu.ec\/sitio\/fr\/blog\/2024\/12\/14\/vinculacion-con-la-sociedad-uartes-en-dialogo-con-ies-de-manabi-y-santa-elena-para-acciones-conjuntas\/#primaryimage","url":"https:\/\/www.uartes.edu.ec\/sitio\/wp-content\/uploads\/2024\/12\/01-VISITA-VINCULO-CON-LA-SOCIEDAD.jpg","contentUrl":"https:\/\/www.uartes.edu.ec\/sitio\/wp-content\/uploads\/2024\/12\/01-VISITA-VINCULO-CON-LA-SOCIEDAD.jpg","width":2000,"height":1333},{"@type":"BreadcrumbList","@id":"https:\/\/www.uartes.edu.ec\/sitio\/fr\/blog\/2024\/12\/14\/vinculacion-con-la-sociedad-uartes-en-dialogo-con-ies-de-manabi-y-santa-elena-para-acciones-conjuntas\/#breadcrumb","itemListElement":[{"@type":"ListItem","position":1,"name":"Inicio","item":"https:\/\/www.uartes.edu.ec\/sitio\/"},{"@type":"ListItem","position":2,"name":"Vinculaci\u00f3n con la Sociedad UArtes, en di\u00e1logo con IES de Manab\u00ed y Santa Elena para acciones conjuntas en territorio"}]},{"@type":"WebSite","@id":"https:\/\/www.uartes.edu.ec\/sitio\/fr\/#website","url":"https:\/\/www.uartes.edu.ec\/sitio\/fr\/","name":"Universidad de las Artes","description":"Sitio oficial de la Universidad Nacional de las Artes del Ecuador","publisher":{"@id":"https:\/\/www.uartes.edu.ec\/sitio\/fr\/#organization"},"potentialAction":[{"@type":"SearchAction","target":{"@type":"EntryPoint","urlTemplate":"https:\/\/www.uartes.edu.ec\/sitio\/fr\/?s={search_term_string}"},"query-input":{"@type":"PropertyValueSpecification","valueRequired":true,"valueName":"search_term_string"}}],"inLanguage":"fr-FR"},{"@type":"Organization","@id":"https:\/\/www.uartes.edu.ec\/sitio\/fr\/#organization","name":"Universidad de las Artes","url":"https:\/\/www.uartes.edu.ec\/sitio\/fr\/","logo":{"@type":"ImageObject","inLanguage":"fr-FR","@id":"https:\/\/www.uartes.edu.ec\/sitio\/fr\/#\/schema\/logo\/image\/","url":"https:\/\/www.uartes.edu.ec\/sitio\/wp-content\/uploads\/2022\/07\/logo-ua-horizontal.png","contentUrl":"https:\/\/www.uartes.edu.ec\/sitio\/wp-content\/uploads\/2022\/07\/logo-ua-horizontal.png","width":800,"height":276,"caption":"Universidad de las Artes"},"image":{"@id":"https:\/\/www.uartes.edu.ec\/sitio\/fr\/#\/schema\/logo\/image\/"},"sameAs":["https:\/\/www.facebook.com\/uartesec","https:\/\/x.com\/uartesec","https:\/\/www.tiktok.com\/@uartesec"]},{"@type":"Person","@id":"https:\/\/www.uartes.edu.ec\/sitio\/fr\/#\/schema\/person\/efa1b8275797664fd7f13a79ccc0b1f4","name":"ccortez","image":{"@type":"ImageObject","inLanguage":"fr-FR","@id":"https:\/\/secure.gravatar.com\/avatar\/b2a6f664a3ae8e074346ef91775736c5ec479e637ecced6842de9dc98b5da9cd?s=96&d=mm&r=g","url":"https:\/\/secure.gravatar.com\/avatar\/b2a6f664a3ae8e074346ef91775736c5ec479e637ecced6842de9dc98b5da9cd?s=96&d=mm&r=g","contentUrl":"https:\/\/secure.gravatar.com\/avatar\/b2a6f664a3ae8e074346ef91775736c5ec479e637ecced6842de9dc98b5da9cd?s=96&d=mm&r=g","caption":"ccortez"},"url":"https:\/\/www.uartes.edu.ec\/sitio\/fr\/blog\/author\/ccortez\/"}]}},"uagb_featured_image_src":{"full":["https:\/\/www.uartes.edu.ec\/sitio\/wp-content\/uploads\/2024\/12\/01-VISITA-VINCULO-CON-LA-SOCIEDAD.jpg",2000,1333,false],"thumbnail":["https:\/\/www.uartes.edu.ec\/sitio\/wp-content\/uploads\/2024\/12\/01-VISITA-VINCULO-CON-LA-SOCIEDAD-150x150.jpg",150,150,true],"medium":["https:\/\/www.uartes.edu.ec\/sitio\/wp-content\/uploads\/2024\/12\/01-VISITA-VINCULO-CON-LA-SOCIEDAD-300x200.jpg",300,200,true],"medium_large":["https:\/\/www.uartes.edu.ec\/sitio\/wp-content\/uploads\/2024\/12\/01-VISITA-VINCULO-CON-LA-SOCIEDAD-768x512.jpg",768,512,true],"large":["https:\/\/www.uartes.edu.ec\/sitio\/wp-content\/uploads\/2024\/12\/01-VISITA-VINCULO-CON-LA-SOCIEDAD-644x429.jpg",644,429,true],"1536x1536":["https:\/\/www.uartes.edu.ec\/sitio\/wp-content\/uploads\/2024\/12\/01-VISITA-VINCULO-CON-LA-SOCIEDAD-1536x1024.jpg",1536,1024,true],"2048x2048":["https:\/\/www.uartes.edu.ec\/sitio\/wp-content\/uploads\/2024\/12\/01-VISITA-VINCULO-CON-LA-SOCIEDAD.jpg",2000,1333,false],"trp-custom-language-flag":["https:\/\/www.uartes.edu.ec\/sitio\/wp-content\/uploads\/2024\/12\/01-VISITA-VINCULO-CON-LA-SOCIEDAD-18x12.jpg",18,12,true],"htmega_size_585x295":["https:\/\/www.uartes.edu.ec\/sitio\/wp-content\/uploads\/2024\/12\/01-VISITA-VINCULO-CON-LA-SOCIEDAD-585x295.jpg",585,295,true],"htmega_size_1170x536":["https:\/\/www.uartes.edu.ec\/sitio\/wp-content\/uploads\/2024\/12\/01-VISITA-VINCULO-CON-LA-SOCIEDAD-1170x536.jpg",1170,536,true],"htmega_size_396x360":["https:\/\/www.uartes.edu.ec\/sitio\/wp-content\/uploads\/2024\/12\/01-VISITA-VINCULO-CON-LA-SOCIEDAD-396x360.jpg",396,360,true],"gb-block-post-grid-landscape":["https:\/\/www.uartes.edu.ec\/sitio\/wp-content\/uploads\/2024\/12\/01-VISITA-VINCULO-CON-LA-SOCIEDAD-600x400.jpg",600,400,true],"gb-block-post-grid-square":["https:\/\/www.uartes.edu.ec\/sitio\/wp-content\/uploads\/2024\/12\/01-VISITA-VINCULO-CON-LA-SOCIEDAD-600x600.jpg",600,600,true],"university-hub-thumb":["https:\/\/www.uartes.edu.ec\/sitio\/wp-content\/uploads\/2024\/12\/01-VISITA-VINCULO-CON-LA-SOCIEDAD-400x267.jpg",400,267,true]},"uagb_author_info":{"display_name":"ccortez","author_link":"https:\/\/www.uartes.edu.ec\/sitio\/fr\/blog\/author\/ccortez\/"},"uagb_comment_info":0,"uagb_excerpt":"La delegaci\u00f3n UArtes la conformaron Patricio S\u00e1nchez y Ronny Ramos, especialista en seguimiento a proyectos y analista de convenios nacionales, respectivamente, quienes se reunieron con directores y jefes de vinculaci\u00f3n con la sociedad de la Universidad San Gregorio de Portoviejo, de la Universidad T\u00e9cnica de Manab\u00ed y de la Universidad Polit\u00e9cnica de Santa Elena, as\u00ed\u2026","featured_image_src":"https:\/\/www.uartes.edu.ec\/sitio\/wp-content\/uploads\/2024\/12\/01-VISITA-VINCULO-CON-LA-SOCIEDAD-600x400.jpg","featured_image_src_square":"https:\/\/www.uartes.edu.ec\/sitio\/wp-content\/uploads\/2024\/12\/01-VISITA-VINCULO-CON-LA-SOCIEDAD-600x600.jpg","author_info":{"display_name":"ccortez","author_link":"https:\/\/www.uartes.edu.ec\/sitio\/fr\/blog\/author\/ccortez\/"},"publishpress_future_workflow_manual_trigger":{"enabledWorkflows":[]},"distributor_meta":false,"distributor_terms":false,"distributor_media":false,"distributor_original_site_name":"Universidad de las Artes","distributor_original_site_url":"https:\/\/www.uartes.edu.ec\/sitio\/fr","push-errors":false,"_links":{"self":[{"href":"https:\/\/www.uartes.edu.ec\/sitio\/fr\/wp-json\/wp\/v2\/posts\/66476","targetHints":{"allow":["GET"]}}],"collection":[{"href":"https:\/\/www.uartes.edu.ec\/sitio\/fr\/wp-json\/wp\/v2\/posts"}],"about":[{"href":"https:\/\/www.uartes.edu.ec\/sitio\/fr\/wp-json\/wp\/v2\/types\/post"}],"author":[{"embeddable":true,"href":"https:\/\/www.uartes.edu.ec\/sitio\/fr\/wp-json\/wp\/v2\/users\/10"}],"replies":[{"embeddable":true,"href":"https:\/\/www.uartes.edu.ec\/sitio\/fr\/wp-json\/wp\/v2\/comments?post=66476"}],"version-history":[{"count":4,"href":"https:\/\/www.uartes.edu.ec\/sitio\/fr\/wp-json\/wp\/v2\/posts\/66476\/revisions"}],"predecessor-version":[{"id":66490,"href":"https:\/\/www.uartes.edu.ec\/sitio\/fr\/wp-json\/wp\/v2\/posts\/66476\/revisions\/66490"}],"wp:featuredmedia":[{"embeddable":true,"href":"https:\/\/www.uartes.edu.ec\/sitio\/fr\/wp-json\/wp\/v2\/media\/66477"}],"wp:attachment":[{"href":"https:\/\/www.uartes.edu.ec\/sitio\/fr\/wp-json\/wp\/v2\/media?parent=66476"}],"wp:term":[{"taxonomy":"category","embeddable":true,"href":"https:\/\/www.uartes.edu.ec\/sitio\/fr\/wp-json\/wp\/v2\/categories?post=66476"},{"taxonomy":"post_tag","embeddable":true,"href":"https:\/\/www.uartes.edu.ec\/sitio\/fr\/wp-json\/wp\/v2\/tags?post=66476"},{"taxonomy":"infouartes","embeddable":true,"href":"https:\/\/www.uartes.edu.ec\/sitio\/fr\/wp-json\/wp\/v2\/infouartes?post=66476"}],"curies":[{"name":"wp","href":"https:\/\/api.w.org\/{rel}","templated":true}]}}