{"id":6680,"date":"2020-04-14T22:08:18","date_gmt":"2020-04-15T03:08:18","guid":{"rendered":"http:\/\/www.uartes.edu.ec\/sitio\/?p=6680"},"modified":"2024-07-04T11:48:12","modified_gmt":"2024-07-04T16:48:12","slug":"cine-de-autor-y-cine-comercial-fusionados-en-guion-que-santos-daniel-escribio-para-su-proyecto-de-tesis","status":"publish","type":"post","link":"https:\/\/www.uartes.edu.ec\/sitio\/fr\/blog\/2020\/04\/14\/cine-de-autor-y-cine-comercial-fusionados-en-guion-que-santos-daniel-escribio-para-su-proyecto-de-tesis\/","title":{"rendered":"Cine de autor y cine comercial, fusionados en guion  que Santos Daniel escribi\u00f3 para su proyecto de tesis"},"content":{"rendered":"<p>A los 12 a\u00f1os de edad realiz\u00f3 su primera\ngrabaci\u00f3n casera y supo entonces que lo suyo era hacer cine y para evitar el\nhom\u00f3nimo con el cantante puertorrique\u00f1o Daniel Santos, quien &nbsp;populariz\u00f3\nel bolero, la guaracha y la guajira, el hoy egresado de la Escuela de Cine\ndecidi\u00f3 darse a conocer como Santos Daniel. El 10 de abril de 2020 defendi\u00f3 en\nvideoconferencia su tesis de grado a la que titul\u00f3: \u00abLas caracter\u00edsticas\nestructurales y narrativas que&nbsp;fusionan el cine de autor y el cine\ncomercial, en el guion&nbsp;del largometraje <em>Almendro<\/em>\u00ab.<\/p>\n\n\n\n<p>Su trabajo final consisti\u00f3 en la escritura del\nguion de esta pel\u00edcula \u2013<em>Almendro<\/em>\u2013, la\ncual cuenta la historia de tres gastr\u00f3nomos que son acusados de un crimen que\nno cometieron. Su objetivo, detalla Santos Daniel, fue presentar una propuesta\nque mezclara tanto el cine de autor como el cine comercial desde la escritura\nde ese guion. <\/p>\n\n\n\n<p>El cine comercial tiene un objetivo monetario\ne intenta llegar a la mayor cantidad de espectadores posibles teniendo a su\ndisposici\u00f3n el contenido. El cine de autor, en cambio, consiste en una obra\ndonde el realizar es la causa y efecto del proyecto, es decir, contiene\nestructuras y fines netamente propios del autor. Este tipo de cine no suele ser\ncomercial y no tiene respuesta masiva de los espectadores.&nbsp;<\/p>\n\n\n\n<p>Santos Daniel decidi\u00f3 la tem\u00e1tica porque considera\nha sido uno de los puntos m\u00e1s d\u00e9biles dentro de la industria cinematogr\u00e1fica en\nel Ecuador. No son sus palabras, aclara, sino la de cineastas y cr\u00edticos quienes\nrecalcan que las falencias parten de la escritura del guion, es por ello que se\npropuso escribir una historia que se afianzara con los espectadores y que\ntuviera un futuro comercial y mantuviera, a su vez, elementos de autor. <\/p>\n\n\n\n<p>Desarrollar la tesis le tom\u00f3 unos seis meses.\nAdem\u00e1s de las 90 p\u00e1ginas del guion, escribi\u00f3 la investigaci\u00f3n para sustentar su\ntesis: unas 40 p\u00e1ginas m\u00e1s. Utiliz\u00f3 como recursos una laptop y una pizarra, y\nlo comenta porque se trat\u00f3 \u201cde una pelea de uno contra uno\u201d. Durante la defensa\nde su proyecto v\u00eda online habl\u00f3 de los procesos de escritura y creativo y de sus\nobjetivos. \u201cPara la videoconferencia me capacit\u00e9 en el uso del software de\nZoom, ver c\u00f3mo se interactuaba, c\u00f3mo se compart\u00eda el archivo y c\u00f3mo se pod\u00eda\npasar de un archivo a otro\u201d.<\/p>\n\n\n\n<p>De los miembros del jurado de tesis recibi\u00f3\nvarias inquietudes. Le pidieron ahondar sobre la po\u00e9tica, la simbolog\u00eda, el rol\nde la distribuci\u00f3n y exhibici\u00f3n de una pel\u00edcula de autor y comercial a la vez.\nTrat\u00f3 de responder todas las inquietudes, indica, aunque debi\u00f3 recordarles que su\ninvestigaci\u00f3n se limitaba a la estructura y parte te\u00f3rica, lo cual constaba en el\ntrabajo final; sin embargo, expuso su punto de vista desde lo simb\u00f3lico del\nguion, del rol de la industria en exhibir y distribuir para conseguir el objetivo\nplanteado. <\/p>\n\n\n\n<p>Le preguntaron si una vez creado el guion\nten\u00eda pensado hacer la pel\u00edcula, Santos Daniel respondi\u00f3 que est\u00e1 entre sus\nplanes. Lo frenaron las protestas de octubre pasado y la declaratoria de\nemergencia sanitaria por la COVID-19, aun as\u00ed no pierde la esperanza de rodarla\nentre este y el pr\u00f3ximo a\u00f1o. \u201cEs un plan ambicioso, pero el guion tiene\npotencial y puede aportar a la industria\u201d.<\/p>\n\n\n\n<p>\u00bfQu\u00e9 viene despu\u00e9s?, el futuro es prometedor,\nafirma Santos Daniel y comenta que a sus redes sociales subi\u00f3 un resumen de los\ncuatro a\u00f1os de preparaci\u00f3n acad\u00e9mica en la Universidad de las Artes. Constan,\nentre otros, los doce cortometrajes que rod\u00f3 y varios de los videos musicales producidos.\nCon la satisfacci\u00f3n de haber obtenido importantes resultados menciona que sus\nproyectos han sido seleccionados en 16 festivales nacionales e internacionales.\nEntre estos <em>Good Boy, <\/em>corto ganador\nen el Canine Films Festival de USA y en el Festival&nbsp;Tepoztl\u00e1n de M\u00e9xico,\nambos en 2019. Tambi\u00e9n lleg\u00f3, en 2018, a la final del Festival de Cine de la\nOrqu\u00eddea y qued\u00f3 segundo en el Festival FACIUNI.<\/p>\n\n\n\n<figure class=\"wp-block-image size-large\"><img fetchpriority=\"high\" decoding=\"async\" width=\"644\" height=\"586\" src=\"http:\/\/www.uartes.edu.ec\/sitio\/wp-content\/uploads\/2020\/04\/Laureles-644x586.jpg\" alt=\"\" class=\"wp-image-6681\" srcset=\"https:\/\/www.uartes.edu.ec\/sitio\/wp-content\/uploads\/2020\/04\/Laureles-644x586.jpg 644w, https:\/\/www.uartes.edu.ec\/sitio\/wp-content\/uploads\/2020\/04\/Laureles-300x273.jpg 300w, https:\/\/www.uartes.edu.ec\/sitio\/wp-content\/uploads\/2020\/04\/Laureles-768x698.jpg 768w, https:\/\/www.uartes.edu.ec\/sitio\/wp-content\/uploads\/2020\/04\/Laureles-330x300.jpg 330w, https:\/\/www.uartes.edu.ec\/sitio\/wp-content\/uploads\/2020\/04\/Laureles.jpg 1080w\" sizes=\"(max-width: 644px) 100vw, 644px\" \/><\/figure>\n\n\n\n<p>Actualmente, Santos Daniel desarrolla con la productora\nLightsOFF dos pel\u00edculas. Cuenta, adem\u00e1s, con la productora HATTORI, dedicada a\nla publicidad y producci\u00f3n de v\u00eddeos musicales y spots para peque\u00f1as marcas. Tambi\u00e9n\nha realizado videos para la Universidad Polit\u00e9cnica Salesiana y aspira a\nproducir series web.\n\nOtros de los festivales nacionales e internacionales a\nlos que Santos Daniel lleg\u00f3 con sus producciones: Kuntur\u00f1ahui Film Festival\n2020 y 2019, Guayaquil International Film Festival 2019, Lift\u2013off Global\nNetwork Sessions 2019, Cinestesia Fest 2019, Dadasaheb Phalke International\nFilm Festival 2019, Piri\u00e1polis de Pel\u00edcula 16 2019, LTUE Film Festival 2019, INCORTO\nFilm Festival 2018 y The World Festival of Emerging Cinema 2018.<br><br><\/p>","protected":false},"excerpt":{"rendered":"<p>A los 12 a\u00f1os de edad realiz\u00f3 su primera grabaci\u00f3n casera y supo entonces que lo suyo era hacer cine y para evitar el hom\u00f3nimo con el cantante puertorrique\u00f1o Daniel Santos, quien  populariz\u00f3 el bolero, la guaracha y la guajira, el hoy egresado de la Escuela de Cine decidi\u00f3 darse a conocer como Santos Daniel. <\/p>","protected":false},"author":1,"featured_media":6683,"comment_status":"closed","ping_status":"closed","sticky":false,"template":"","format":"standard","meta":{"_acf_changed":false,"_uag_custom_page_level_css":"","_monsterinsights_skip_tracking":false,"_monsterinsights_sitenote_active":false,"_monsterinsights_sitenote_note":"","_monsterinsights_sitenote_category":0,"cybocfi_hide_featured_image":"","footnotes":""},"categories":[147,76],"tags":[],"infouartes":[],"class_list":["post-6680","post","type-post","status-publish","format-standard","has-post-thumbnail","hentry","category-cine","category-estudiantes"],"acf":[],"yoast_head":"<!-- This site is optimized with the Yoast SEO plugin v27.4 - https:\/\/yoast.com\/product\/yoast-seo-wordpress\/ -->\n<title>Universidad de las Artes - Cine de autor y cine comercial, fusionados en guion que Santos Daniel escribi\u00f3 para su proyecto de tesis<\/title>\n<meta name=\"description\" content=\"Universidad de las Artes - Cine de autor y cine comercial, fusionados en guion que Santos Daniel escribi\u00f3 para su proyecto de tesis\" \/>\n<meta name=\"robots\" content=\"index, follow, max-snippet:-1, max-image-preview:large, max-video-preview:-1\" \/>\n<link rel=\"canonical\" href=\"https:\/\/www.uartes.edu.ec\/sitio\/fr\/blog\/2020\/04\/14\/cine-de-autor-y-cine-comercial-fusionados-en-guion-que-santos-daniel-escribio-para-su-proyecto-de-tesis\/\" \/>\n<meta property=\"og:locale\" content=\"fr_FR\" \/>\n<meta property=\"og:type\" content=\"article\" \/>\n<meta property=\"og:title\" content=\"Universidad de las Artes - Cine de autor y cine comercial, fusionados en guion que Santos Daniel escribi\u00f3 para su proyecto de tesis\" \/>\n<meta property=\"og:description\" content=\"Universidad de las Artes - Cine de autor y cine comercial, fusionados en guion que Santos Daniel escribi\u00f3 para su proyecto de tesis\" \/>\n<meta property=\"og:url\" content=\"https:\/\/www.uartes.edu.ec\/sitio\/fr\/blog\/2020\/04\/14\/cine-de-autor-y-cine-comercial-fusionados-en-guion-que-santos-daniel-escribio-para-su-proyecto-de-tesis\/\" \/>\n<meta property=\"og:site_name\" content=\"Universidad de las Artes\" \/>\n<meta property=\"article:publisher\" content=\"https:\/\/www.facebook.com\/uartesec\" \/>\n<meta property=\"article:published_time\" content=\"2020-04-15T03:08:18+00:00\" \/>\n<meta property=\"article:modified_time\" content=\"2024-07-04T16:48:12+00:00\" \/>\n<meta property=\"og:image\" content=\"https:\/\/www.uartes.edu.ec\/sitio\/wp-content\/uploads\/2020\/04\/DANIEL-SANTOS-FRAMES.jpg\" \/>\n\t<meta property=\"og:image:width\" content=\"1080\" \/>\n\t<meta property=\"og:image:height\" content=\"720\" \/>\n\t<meta property=\"og:image:type\" content=\"image\/jpeg\" \/>\n<meta name=\"author\" content=\"Universidad de las Artes\" \/>\n<meta name=\"twitter:card\" content=\"summary_large_image\" \/>\n<meta name=\"twitter:creator\" content=\"@uartesec\" \/>\n<meta name=\"twitter:site\" content=\"@uartesec\" \/>\n<meta name=\"twitter:label1\" content=\"\u00c9crit par\" \/>\n\t<meta name=\"twitter:data1\" content=\"Universidad de las Artes\" \/>\n\t<meta name=\"twitter:label2\" content=\"Dur\u00e9e de lecture estim\u00e9e\" \/>\n\t<meta name=\"twitter:data2\" content=\"4 minutes\" \/>\n<script type=\"application\/ld+json\" class=\"yoast-schema-graph\">{\"@context\":\"https:\\\/\\\/schema.org\",\"@graph\":[{\"@type\":\"Article\",\"@id\":\"https:\\\/\\\/www.uartes.edu.ec\\\/sitio\\\/fr\\\/blog\\\/2020\\\/04\\\/14\\\/cine-de-autor-y-cine-comercial-fusionados-en-guion-que-santos-daniel-escribio-para-su-proyecto-de-tesis\\\/#article\",\"isPartOf\":{\"@id\":\"https:\\\/\\\/www.uartes.edu.ec\\\/sitio\\\/fr\\\/blog\\\/2020\\\/04\\\/14\\\/cine-de-autor-y-cine-comercial-fusionados-en-guion-que-santos-daniel-escribio-para-su-proyecto-de-tesis\\\/\"},\"author\":{\"name\":\"Universidad de las Artes\",\"@id\":\"https:\\\/\\\/www.uartes.edu.ec\\\/sitio\\\/fr\\\/#\\\/schema\\\/person\\\/f33f8c1d2af0d5c80a38c8abf458184a\"},\"headline\":\"Cine de autor y cine comercial, fusionados en guion que Santos Daniel escribi\u00f3 para su proyecto de tesis\",\"datePublished\":\"2020-04-15T03:08:18+00:00\",\"dateModified\":\"2024-07-04T16:48:12+00:00\",\"mainEntityOfPage\":{\"@id\":\"https:\\\/\\\/www.uartes.edu.ec\\\/sitio\\\/fr\\\/blog\\\/2020\\\/04\\\/14\\\/cine-de-autor-y-cine-comercial-fusionados-en-guion-que-santos-daniel-escribio-para-su-proyecto-de-tesis\\\/\"},\"wordCount\":825,\"publisher\":{\"@id\":\"https:\\\/\\\/www.uartes.edu.ec\\\/sitio\\\/fr\\\/#organization\"},\"image\":{\"@id\":\"https:\\\/\\\/www.uartes.edu.ec\\\/sitio\\\/fr\\\/blog\\\/2020\\\/04\\\/14\\\/cine-de-autor-y-cine-comercial-fusionados-en-guion-que-santos-daniel-escribio-para-su-proyecto-de-tesis\\\/#primaryimage\"},\"thumbnailUrl\":\"https:\\\/\\\/www.uartes.edu.ec\\\/sitio\\\/wp-content\\\/uploads\\\/2020\\\/04\\\/DANIEL-SANTOS-FRAMES.jpg\",\"articleSection\":[\"Cine\",\"Estudiantes\"],\"inLanguage\":\"fr-FR\"},{\"@type\":[\"WebPage\",\"ItemPage\"],\"@id\":\"https:\\\/\\\/www.uartes.edu.ec\\\/sitio\\\/fr\\\/blog\\\/2020\\\/04\\\/14\\\/cine-de-autor-y-cine-comercial-fusionados-en-guion-que-santos-daniel-escribio-para-su-proyecto-de-tesis\\\/\",\"url\":\"https:\\\/\\\/www.uartes.edu.ec\\\/sitio\\\/fr\\\/blog\\\/2020\\\/04\\\/14\\\/cine-de-autor-y-cine-comercial-fusionados-en-guion-que-santos-daniel-escribio-para-su-proyecto-de-tesis\\\/\",\"name\":\"Universidad de las Artes - Cine de autor y cine comercial, fusionados en guion que Santos Daniel escribi\u00f3 para su proyecto de tesis\",\"isPartOf\":{\"@id\":\"https:\\\/\\\/www.uartes.edu.ec\\\/sitio\\\/fr\\\/#website\"},\"primaryImageOfPage\":{\"@id\":\"https:\\\/\\\/www.uartes.edu.ec\\\/sitio\\\/fr\\\/blog\\\/2020\\\/04\\\/14\\\/cine-de-autor-y-cine-comercial-fusionados-en-guion-que-santos-daniel-escribio-para-su-proyecto-de-tesis\\\/#primaryimage\"},\"image\":{\"@id\":\"https:\\\/\\\/www.uartes.edu.ec\\\/sitio\\\/fr\\\/blog\\\/2020\\\/04\\\/14\\\/cine-de-autor-y-cine-comercial-fusionados-en-guion-que-santos-daniel-escribio-para-su-proyecto-de-tesis\\\/#primaryimage\"},\"thumbnailUrl\":\"https:\\\/\\\/www.uartes.edu.ec\\\/sitio\\\/wp-content\\\/uploads\\\/2020\\\/04\\\/DANIEL-SANTOS-FRAMES.jpg\",\"datePublished\":\"2020-04-15T03:08:18+00:00\",\"dateModified\":\"2024-07-04T16:48:12+00:00\",\"description\":\"Universidad de las Artes - Cine de autor y cine comercial, fusionados en guion que Santos Daniel escribi\u00f3 para su proyecto de tesis\",\"breadcrumb\":{\"@id\":\"https:\\\/\\\/www.uartes.edu.ec\\\/sitio\\\/fr\\\/blog\\\/2020\\\/04\\\/14\\\/cine-de-autor-y-cine-comercial-fusionados-en-guion-que-santos-daniel-escribio-para-su-proyecto-de-tesis\\\/#breadcrumb\"},\"inLanguage\":\"fr-FR\",\"potentialAction\":[{\"@type\":\"ReadAction\",\"target\":[\"https:\\\/\\\/www.uartes.edu.ec\\\/sitio\\\/fr\\\/blog\\\/2020\\\/04\\\/14\\\/cine-de-autor-y-cine-comercial-fusionados-en-guion-que-santos-daniel-escribio-para-su-proyecto-de-tesis\\\/\"]}]},{\"@type\":\"ImageObject\",\"inLanguage\":\"fr-FR\",\"@id\":\"https:\\\/\\\/www.uartes.edu.ec\\\/sitio\\\/fr\\\/blog\\\/2020\\\/04\\\/14\\\/cine-de-autor-y-cine-comercial-fusionados-en-guion-que-santos-daniel-escribio-para-su-proyecto-de-tesis\\\/#primaryimage\",\"url\":\"https:\\\/\\\/www.uartes.edu.ec\\\/sitio\\\/wp-content\\\/uploads\\\/2020\\\/04\\\/DANIEL-SANTOS-FRAMES.jpg\",\"contentUrl\":\"https:\\\/\\\/www.uartes.edu.ec\\\/sitio\\\/wp-content\\\/uploads\\\/2020\\\/04\\\/DANIEL-SANTOS-FRAMES.jpg\",\"width\":1080,\"height\":720},{\"@type\":\"BreadcrumbList\",\"@id\":\"https:\\\/\\\/www.uartes.edu.ec\\\/sitio\\\/fr\\\/blog\\\/2020\\\/04\\\/14\\\/cine-de-autor-y-cine-comercial-fusionados-en-guion-que-santos-daniel-escribio-para-su-proyecto-de-tesis\\\/#breadcrumb\",\"itemListElement\":[{\"@type\":\"ListItem\",\"position\":1,\"name\":\"Inicio\",\"item\":\"https:\\\/\\\/www.uartes.edu.ec\\\/sitio\\\/\"},{\"@type\":\"ListItem\",\"position\":2,\"name\":\"Cine de autor y cine comercial, fusionados en guion que Santos Daniel escribi\u00f3 para su proyecto de tesis\"}]},{\"@type\":\"WebSite\",\"@id\":\"https:\\\/\\\/www.uartes.edu.ec\\\/sitio\\\/fr\\\/#website\",\"url\":\"https:\\\/\\\/www.uartes.edu.ec\\\/sitio\\\/fr\\\/\",\"name\":\"Universidad de las Artes\",\"description\":\"Sitio oficial de la Universidad Nacional de las Artes del Ecuador\",\"publisher\":{\"@id\":\"https:\\\/\\\/www.uartes.edu.ec\\\/sitio\\\/fr\\\/#organization\"},\"potentialAction\":[{\"@type\":\"SearchAction\",\"target\":{\"@type\":\"EntryPoint\",\"urlTemplate\":\"https:\\\/\\\/www.uartes.edu.ec\\\/sitio\\\/fr\\\/?s={search_term_string}\"},\"query-input\":{\"@type\":\"PropertyValueSpecification\",\"valueRequired\":true,\"valueName\":\"search_term_string\"}}],\"inLanguage\":\"fr-FR\"},{\"@type\":\"Organization\",\"@id\":\"https:\\\/\\\/www.uartes.edu.ec\\\/sitio\\\/fr\\\/#organization\",\"name\":\"Universidad de las Artes\",\"url\":\"https:\\\/\\\/www.uartes.edu.ec\\\/sitio\\\/fr\\\/\",\"logo\":{\"@type\":\"ImageObject\",\"inLanguage\":\"fr-FR\",\"@id\":\"https:\\\/\\\/www.uartes.edu.ec\\\/sitio\\\/fr\\\/#\\\/schema\\\/logo\\\/image\\\/\",\"url\":\"https:\\\/\\\/www.uartes.edu.ec\\\/sitio\\\/wp-content\\\/uploads\\\/2022\\\/07\\\/logo-ua-horizontal.png\",\"contentUrl\":\"https:\\\/\\\/www.uartes.edu.ec\\\/sitio\\\/wp-content\\\/uploads\\\/2022\\\/07\\\/logo-ua-horizontal.png\",\"width\":800,\"height\":276,\"caption\":\"Universidad de las Artes\"},\"image\":{\"@id\":\"https:\\\/\\\/www.uartes.edu.ec\\\/sitio\\\/fr\\\/#\\\/schema\\\/logo\\\/image\\\/\"},\"sameAs\":[\"https:\\\/\\\/www.facebook.com\\\/uartesec\",\"https:\\\/\\\/x.com\\\/uartesec\",\"https:\\\/\\\/www.tiktok.com\\\/@uartesec\"]},{\"@type\":\"Person\",\"@id\":\"https:\\\/\\\/www.uartes.edu.ec\\\/sitio\\\/fr\\\/#\\\/schema\\\/person\\\/f33f8c1d2af0d5c80a38c8abf458184a\",\"name\":\"Universidad de las Artes\",\"image\":{\"@type\":\"ImageObject\",\"inLanguage\":\"fr-FR\",\"@id\":\"https:\\\/\\\/secure.gravatar.com\\\/avatar\\\/52e4757902f5cfa5ac52d020e5be83cae5487519154b6c35482fe08d589f3c13?s=96&d=mm&r=g\",\"url\":\"https:\\\/\\\/secure.gravatar.com\\\/avatar\\\/52e4757902f5cfa5ac52d020e5be83cae5487519154b6c35482fe08d589f3c13?s=96&d=mm&r=g\",\"contentUrl\":\"https:\\\/\\\/secure.gravatar.com\\\/avatar\\\/52e4757902f5cfa5ac52d020e5be83cae5487519154b6c35482fe08d589f3c13?s=96&d=mm&r=g\",\"caption\":\"Universidad de las Artes\"},\"url\":\"https:\\\/\\\/www.uartes.edu.ec\\\/sitio\\\/fr\\\/blog\\\/author\\\/dircomadm\\\/\"}]}<\/script>\n<!-- \/ Yoast SEO plugin. -->","yoast_head_json":{"title":"Universidad de las Artes - Cine de autor y cine comercial, fusionados en guion que Santos Daniel escribi\u00f3 para su proyecto de tesis","description":"Universidad de las Artes - Cine de autor y cine comercial, fusionados en guion que Santos Daniel escribi\u00f3 para su proyecto de tesis","robots":{"index":"index","follow":"follow","max-snippet":"max-snippet:-1","max-image-preview":"max-image-preview:large","max-video-preview":"max-video-preview:-1"},"canonical":"https:\/\/www.uartes.edu.ec\/sitio\/fr\/blog\/2020\/04\/14\/cine-de-autor-y-cine-comercial-fusionados-en-guion-que-santos-daniel-escribio-para-su-proyecto-de-tesis\/","og_locale":"fr_FR","og_type":"article","og_title":"Universidad de las Artes - Cine de autor y cine comercial, fusionados en guion que Santos Daniel escribi\u00f3 para su proyecto de tesis","og_description":"Universidad de las Artes - Cine de autor y cine comercial, fusionados en guion que Santos Daniel escribi\u00f3 para su proyecto de tesis","og_url":"https:\/\/www.uartes.edu.ec\/sitio\/fr\/blog\/2020\/04\/14\/cine-de-autor-y-cine-comercial-fusionados-en-guion-que-santos-daniel-escribio-para-su-proyecto-de-tesis\/","og_site_name":"Universidad de las Artes","article_publisher":"https:\/\/www.facebook.com\/uartesec","article_published_time":"2020-04-15T03:08:18+00:00","article_modified_time":"2024-07-04T16:48:12+00:00","og_image":[{"width":1080,"height":720,"url":"https:\/\/www.uartes.edu.ec\/sitio\/wp-content\/uploads\/2020\/04\/DANIEL-SANTOS-FRAMES.jpg","type":"image\/jpeg"}],"author":"Universidad de las Artes","twitter_card":"summary_large_image","twitter_creator":"@uartesec","twitter_site":"@uartesec","twitter_misc":{"\u00c9crit par":"Universidad de las Artes","Dur\u00e9e de lecture estim\u00e9e":"4 minutes"},"schema":{"@context":"https:\/\/schema.org","@graph":[{"@type":"Article","@id":"https:\/\/www.uartes.edu.ec\/sitio\/fr\/blog\/2020\/04\/14\/cine-de-autor-y-cine-comercial-fusionados-en-guion-que-santos-daniel-escribio-para-su-proyecto-de-tesis\/#article","isPartOf":{"@id":"https:\/\/www.uartes.edu.ec\/sitio\/fr\/blog\/2020\/04\/14\/cine-de-autor-y-cine-comercial-fusionados-en-guion-que-santos-daniel-escribio-para-su-proyecto-de-tesis\/"},"author":{"name":"Universidad de las Artes","@id":"https:\/\/www.uartes.edu.ec\/sitio\/fr\/#\/schema\/person\/f33f8c1d2af0d5c80a38c8abf458184a"},"headline":"Cine de autor y cine comercial, fusionados en guion que Santos Daniel escribi\u00f3 para su proyecto de tesis","datePublished":"2020-04-15T03:08:18+00:00","dateModified":"2024-07-04T16:48:12+00:00","mainEntityOfPage":{"@id":"https:\/\/www.uartes.edu.ec\/sitio\/fr\/blog\/2020\/04\/14\/cine-de-autor-y-cine-comercial-fusionados-en-guion-que-santos-daniel-escribio-para-su-proyecto-de-tesis\/"},"wordCount":825,"publisher":{"@id":"https:\/\/www.uartes.edu.ec\/sitio\/fr\/#organization"},"image":{"@id":"https:\/\/www.uartes.edu.ec\/sitio\/fr\/blog\/2020\/04\/14\/cine-de-autor-y-cine-comercial-fusionados-en-guion-que-santos-daniel-escribio-para-su-proyecto-de-tesis\/#primaryimage"},"thumbnailUrl":"https:\/\/www.uartes.edu.ec\/sitio\/wp-content\/uploads\/2020\/04\/DANIEL-SANTOS-FRAMES.jpg","articleSection":["Cine","Estudiantes"],"inLanguage":"fr-FR"},{"@type":["WebPage","ItemPage"],"@id":"https:\/\/www.uartes.edu.ec\/sitio\/fr\/blog\/2020\/04\/14\/cine-de-autor-y-cine-comercial-fusionados-en-guion-que-santos-daniel-escribio-para-su-proyecto-de-tesis\/","url":"https:\/\/www.uartes.edu.ec\/sitio\/fr\/blog\/2020\/04\/14\/cine-de-autor-y-cine-comercial-fusionados-en-guion-que-santos-daniel-escribio-para-su-proyecto-de-tesis\/","name":"Universidad de las Artes - Cine de autor y cine comercial, fusionados en guion que Santos Daniel escribi\u00f3 para su proyecto de tesis","isPartOf":{"@id":"https:\/\/www.uartes.edu.ec\/sitio\/fr\/#website"},"primaryImageOfPage":{"@id":"https:\/\/www.uartes.edu.ec\/sitio\/fr\/blog\/2020\/04\/14\/cine-de-autor-y-cine-comercial-fusionados-en-guion-que-santos-daniel-escribio-para-su-proyecto-de-tesis\/#primaryimage"},"image":{"@id":"https:\/\/www.uartes.edu.ec\/sitio\/fr\/blog\/2020\/04\/14\/cine-de-autor-y-cine-comercial-fusionados-en-guion-que-santos-daniel-escribio-para-su-proyecto-de-tesis\/#primaryimage"},"thumbnailUrl":"https:\/\/www.uartes.edu.ec\/sitio\/wp-content\/uploads\/2020\/04\/DANIEL-SANTOS-FRAMES.jpg","datePublished":"2020-04-15T03:08:18+00:00","dateModified":"2024-07-04T16:48:12+00:00","description":"Universidad de las Artes - Cine de autor y cine comercial, fusionados en guion que Santos Daniel escribi\u00f3 para su proyecto de tesis","breadcrumb":{"@id":"https:\/\/www.uartes.edu.ec\/sitio\/fr\/blog\/2020\/04\/14\/cine-de-autor-y-cine-comercial-fusionados-en-guion-que-santos-daniel-escribio-para-su-proyecto-de-tesis\/#breadcrumb"},"inLanguage":"fr-FR","potentialAction":[{"@type":"ReadAction","target":["https:\/\/www.uartes.edu.ec\/sitio\/fr\/blog\/2020\/04\/14\/cine-de-autor-y-cine-comercial-fusionados-en-guion-que-santos-daniel-escribio-para-su-proyecto-de-tesis\/"]}]},{"@type":"ImageObject","inLanguage":"fr-FR","@id":"https:\/\/www.uartes.edu.ec\/sitio\/fr\/blog\/2020\/04\/14\/cine-de-autor-y-cine-comercial-fusionados-en-guion-que-santos-daniel-escribio-para-su-proyecto-de-tesis\/#primaryimage","url":"https:\/\/www.uartes.edu.ec\/sitio\/wp-content\/uploads\/2020\/04\/DANIEL-SANTOS-FRAMES.jpg","contentUrl":"https:\/\/www.uartes.edu.ec\/sitio\/wp-content\/uploads\/2020\/04\/DANIEL-SANTOS-FRAMES.jpg","width":1080,"height":720},{"@type":"BreadcrumbList","@id":"https:\/\/www.uartes.edu.ec\/sitio\/fr\/blog\/2020\/04\/14\/cine-de-autor-y-cine-comercial-fusionados-en-guion-que-santos-daniel-escribio-para-su-proyecto-de-tesis\/#breadcrumb","itemListElement":[{"@type":"ListItem","position":1,"name":"Inicio","item":"https:\/\/www.uartes.edu.ec\/sitio\/"},{"@type":"ListItem","position":2,"name":"Cine de autor y cine comercial, fusionados en guion que Santos Daniel escribi\u00f3 para su proyecto de tesis"}]},{"@type":"WebSite","@id":"https:\/\/www.uartes.edu.ec\/sitio\/fr\/#website","url":"https:\/\/www.uartes.edu.ec\/sitio\/fr\/","name":"Universidad de las Artes","description":"Sitio oficial de la Universidad Nacional de las Artes del Ecuador","publisher":{"@id":"https:\/\/www.uartes.edu.ec\/sitio\/fr\/#organization"},"potentialAction":[{"@type":"SearchAction","target":{"@type":"EntryPoint","urlTemplate":"https:\/\/www.uartes.edu.ec\/sitio\/fr\/?s={search_term_string}"},"query-input":{"@type":"PropertyValueSpecification","valueRequired":true,"valueName":"search_term_string"}}],"inLanguage":"fr-FR"},{"@type":"Organization","@id":"https:\/\/www.uartes.edu.ec\/sitio\/fr\/#organization","name":"Universidad de las Artes","url":"https:\/\/www.uartes.edu.ec\/sitio\/fr\/","logo":{"@type":"ImageObject","inLanguage":"fr-FR","@id":"https:\/\/www.uartes.edu.ec\/sitio\/fr\/#\/schema\/logo\/image\/","url":"https:\/\/www.uartes.edu.ec\/sitio\/wp-content\/uploads\/2022\/07\/logo-ua-horizontal.png","contentUrl":"https:\/\/www.uartes.edu.ec\/sitio\/wp-content\/uploads\/2022\/07\/logo-ua-horizontal.png","width":800,"height":276,"caption":"Universidad de las Artes"},"image":{"@id":"https:\/\/www.uartes.edu.ec\/sitio\/fr\/#\/schema\/logo\/image\/"},"sameAs":["https:\/\/www.facebook.com\/uartesec","https:\/\/x.com\/uartesec","https:\/\/www.tiktok.com\/@uartesec"]},{"@type":"Person","@id":"https:\/\/www.uartes.edu.ec\/sitio\/fr\/#\/schema\/person\/f33f8c1d2af0d5c80a38c8abf458184a","name":"Universidad de las Artes","image":{"@type":"ImageObject","inLanguage":"fr-FR","@id":"https:\/\/secure.gravatar.com\/avatar\/52e4757902f5cfa5ac52d020e5be83cae5487519154b6c35482fe08d589f3c13?s=96&d=mm&r=g","url":"https:\/\/secure.gravatar.com\/avatar\/52e4757902f5cfa5ac52d020e5be83cae5487519154b6c35482fe08d589f3c13?s=96&d=mm&r=g","contentUrl":"https:\/\/secure.gravatar.com\/avatar\/52e4757902f5cfa5ac52d020e5be83cae5487519154b6c35482fe08d589f3c13?s=96&d=mm&r=g","caption":"Universidad de las Artes"},"url":"https:\/\/www.uartes.edu.ec\/sitio\/fr\/blog\/author\/dircomadm\/"}]}},"uagb_featured_image_src":{"full":["https:\/\/www.uartes.edu.ec\/sitio\/wp-content\/uploads\/2020\/04\/DANIEL-SANTOS-FRAMES.jpg",1080,720,false],"thumbnail":["https:\/\/www.uartes.edu.ec\/sitio\/wp-content\/uploads\/2020\/04\/DANIEL-SANTOS-FRAMES-150x150.jpg",150,150,true],"medium":["https:\/\/www.uartes.edu.ec\/sitio\/wp-content\/uploads\/2020\/04\/DANIEL-SANTOS-FRAMES-300x200.jpg",300,200,true],"medium_large":["https:\/\/www.uartes.edu.ec\/sitio\/wp-content\/uploads\/2020\/04\/DANIEL-SANTOS-FRAMES-768x512.jpg",768,512,true],"large":["https:\/\/www.uartes.edu.ec\/sitio\/wp-content\/uploads\/2020\/04\/DANIEL-SANTOS-FRAMES-644x429.jpg",644,429,true],"1536x1536":["https:\/\/www.uartes.edu.ec\/sitio\/wp-content\/uploads\/2020\/04\/DANIEL-SANTOS-FRAMES.jpg",1080,720,false],"2048x2048":["https:\/\/www.uartes.edu.ec\/sitio\/wp-content\/uploads\/2020\/04\/DANIEL-SANTOS-FRAMES.jpg",1080,720,false],"trp-custom-language-flag":["https:\/\/www.uartes.edu.ec\/sitio\/wp-content\/uploads\/2020\/04\/DANIEL-SANTOS-FRAMES.jpg",18,12,false],"htmega_size_585x295":["https:\/\/www.uartes.edu.ec\/sitio\/wp-content\/uploads\/2020\/04\/DANIEL-SANTOS-FRAMES.jpg",443,295,false],"htmega_size_1170x536":["https:\/\/www.uartes.edu.ec\/sitio\/wp-content\/uploads\/2020\/04\/DANIEL-SANTOS-FRAMES.jpg",804,536,false],"htmega_size_396x360":["https:\/\/www.uartes.edu.ec\/sitio\/wp-content\/uploads\/2020\/04\/DANIEL-SANTOS-FRAMES.jpg",396,264,false],"gb-block-post-grid-landscape":["https:\/\/www.uartes.edu.ec\/sitio\/wp-content\/uploads\/2020\/04\/DANIEL-SANTOS-FRAMES.jpg",600,400,false],"gb-block-post-grid-square":["https:\/\/www.uartes.edu.ec\/sitio\/wp-content\/uploads\/2020\/04\/DANIEL-SANTOS-FRAMES.jpg",600,400,false],"university-hub-thumb":["https:\/\/www.uartes.edu.ec\/sitio\/wp-content\/uploads\/2020\/04\/DANIEL-SANTOS-FRAMES-400x267.jpg",400,267,true]},"uagb_author_info":{"display_name":"Universidad de las Artes","author_link":"https:\/\/www.uartes.edu.ec\/sitio\/fr\/blog\/author\/dircomadm\/"},"uagb_comment_info":0,"uagb_excerpt":"A los 12 a\u00f1os de edad realiz\u00f3 su primera grabaci\u00f3n casera y supo entonces que lo suyo era hacer cine y para evitar el hom\u00f3nimo con el cantante puertorrique\u00f1o Daniel Santos, quien populariz\u00f3 el bolero, la guaracha y la guajira, el hoy egresado de la Escuela de Cine decidi\u00f3 darse a conocer como Santos Daniel.","featured_image_src":"https:\/\/www.uartes.edu.ec\/sitio\/wp-content\/uploads\/2020\/04\/DANIEL-SANTOS-FRAMES.jpg","featured_image_src_square":"https:\/\/www.uartes.edu.ec\/sitio\/wp-content\/uploads\/2020\/04\/DANIEL-SANTOS-FRAMES.jpg","author_info":{"display_name":"Universidad de las Artes","author_link":"https:\/\/www.uartes.edu.ec\/sitio\/fr\/blog\/author\/dircomadm\/"},"publishpress_future_workflow_manual_trigger":{"enabledWorkflows":[]},"distributor_meta":false,"distributor_terms":false,"distributor_media":false,"distributor_original_site_name":"Universidad de las Artes","distributor_original_site_url":"https:\/\/www.uartes.edu.ec\/sitio\/fr","push-errors":false,"_links":{"self":[{"href":"https:\/\/www.uartes.edu.ec\/sitio\/fr\/wp-json\/wp\/v2\/posts\/6680","targetHints":{"allow":["GET"]}}],"collection":[{"href":"https:\/\/www.uartes.edu.ec\/sitio\/fr\/wp-json\/wp\/v2\/posts"}],"about":[{"href":"https:\/\/www.uartes.edu.ec\/sitio\/fr\/wp-json\/wp\/v2\/types\/post"}],"author":[{"embeddable":true,"href":"https:\/\/www.uartes.edu.ec\/sitio\/fr\/wp-json\/wp\/v2\/users\/1"}],"replies":[{"embeddable":true,"href":"https:\/\/www.uartes.edu.ec\/sitio\/fr\/wp-json\/wp\/v2\/comments?post=6680"}],"version-history":[{"count":2,"href":"https:\/\/www.uartes.edu.ec\/sitio\/fr\/wp-json\/wp\/v2\/posts\/6680\/revisions"}],"predecessor-version":[{"id":57655,"href":"https:\/\/www.uartes.edu.ec\/sitio\/fr\/wp-json\/wp\/v2\/posts\/6680\/revisions\/57655"}],"wp:featuredmedia":[{"embeddable":true,"href":"https:\/\/www.uartes.edu.ec\/sitio\/fr\/wp-json\/wp\/v2\/media\/6683"}],"wp:attachment":[{"href":"https:\/\/www.uartes.edu.ec\/sitio\/fr\/wp-json\/wp\/v2\/media?parent=6680"}],"wp:term":[{"taxonomy":"category","embeddable":true,"href":"https:\/\/www.uartes.edu.ec\/sitio\/fr\/wp-json\/wp\/v2\/categories?post=6680"},{"taxonomy":"post_tag","embeddable":true,"href":"https:\/\/www.uartes.edu.ec\/sitio\/fr\/wp-json\/wp\/v2\/tags?post=6680"},{"taxonomy":"infouartes","embeddable":true,"href":"https:\/\/www.uartes.edu.ec\/sitio\/fr\/wp-json\/wp\/v2\/infouartes?post=6680"}],"curies":[{"name":"wp","href":"https:\/\/api.w.org\/{rel}","templated":true}]}}