{"id":67060,"date":"2024-10-23T18:45:00","date_gmt":"2024-10-23T23:45:00","guid":{"rendered":"https:\/\/www.uartes.edu.ec\/sitio\/?p=67060"},"modified":"2024-12-20T19:09:28","modified_gmt":"2024-12-21T00:09:28","slug":"universidad-de-las-artes-recibe-acreditacion-del-caces","status":"publish","type":"post","link":"https:\/\/www.uartes.edu.ec\/sitio\/fr\/blog\/2024\/10\/23\/universidad-de-las-artes-recibe-acreditacion-del-caces\/","title":{"rendered":"UArtes recibe acreditaci\u00f3n del CACES"},"content":{"rendered":"<p>Oficialmente acreditada. En solemne acto, la Universidad de las Artes recibi\u00f3 de las autoridades del Consejo de Aseguramiento de la Calidad de la Educaci\u00f3n Superior el documento que se\u00f1ala su acreditaci\u00f3n tras cumplir con los altos est\u00e1ndares de calidad en educaci\u00f3n superior establecidos por el CACES.<\/p>\n\n\n\n<p>Organizado por el CACES, en el acto recibieron tambi\u00e9n sus respectivas acreditaciones la Universidad Regional Amaz\u00f3nica Ikiam, la Universidad de Cuenca y la Universidad YachayTech. El documento de acreditaci\u00f3n lo recibi\u00f3 nuestro rector, doctor William Herrera; lo acompa\u00f1aron los vicerrectores, doctores Olga L\u00f3pez y Bradley Hilgert, y la secretaria de Aseguramiento de la Calidad de la Educaci\u00f3n (SACE), Meining Cheung.<\/p>\n\n\n\n<p>Mediante resoluci\u00f3n No. 157-SO-30-CACES-2024 emitida por el CACES, la acreditaci\u00f3n recibida es un reconocimiento al trabajo y compromiso de la comunidad UArtes, consolidando nuestra instituci\u00f3n como una de las l\u00edderes en el campo de la educaci\u00f3n art\u00edstica a nivel nacional e internacional.<\/p>\n\n\n<div class=\"wp-block-image\">\n<figure class=\"aligncenter size-large\"><img fetchpriority=\"high\" decoding=\"async\" width=\"644\" height=\"429\" src=\"https:\/\/www.uartes.edu.ec\/sitio\/wp-content\/uploads\/2024\/12\/04-acreditacion-certificado-uartes-1-644x429.jpg\" alt=\"\" class=\"wp-image-67063\" srcset=\"https:\/\/www.uartes.edu.ec\/sitio\/wp-content\/uploads\/2024\/12\/04-acreditacion-certificado-uartes-1-644x429.jpg 644w, https:\/\/www.uartes.edu.ec\/sitio\/wp-content\/uploads\/2024\/12\/04-acreditacion-certificado-uartes-1-300x200.jpg 300w, https:\/\/www.uartes.edu.ec\/sitio\/wp-content\/uploads\/2024\/12\/04-acreditacion-certificado-uartes-1-768x512.jpg 768w, https:\/\/www.uartes.edu.ec\/sitio\/wp-content\/uploads\/2024\/12\/04-acreditacion-certificado-uartes-1-1536x1024.jpg 1536w, https:\/\/www.uartes.edu.ec\/sitio\/wp-content\/uploads\/2024\/12\/04-acreditacion-certificado-uartes-1-18x12.jpg 18w, https:\/\/www.uartes.edu.ec\/sitio\/wp-content\/uploads\/2024\/12\/04-acreditacion-certificado-uartes-1-600x400.jpg 600w, https:\/\/www.uartes.edu.ec\/sitio\/wp-content\/uploads\/2024\/12\/04-acreditacion-certificado-uartes-1-400x267.jpg 400w, https:\/\/www.uartes.edu.ec\/sitio\/wp-content\/uploads\/2024\/12\/04-acreditacion-certificado-uartes-1-272x182.jpg 272w, https:\/\/www.uartes.edu.ec\/sitio\/wp-content\/uploads\/2024\/12\/04-acreditacion-certificado-uartes-1.jpg 2000w\" sizes=\"(max-width: 644px) 100vw, 644px\" \/><\/figure>\n<\/div>\n\n\n<p>La entrega de la acreditaci\u00f3n materializa el esfuerzo de toda la comunidad UArtes, lo cual consolida a nuestra instituci\u00f3n como una universidad ecuatoriana especializada en artes.<\/p>\n\n\n\n<p>En el acto, que tuvo lugar este 22 de octubre en la Universidad Andina Sim\u00f3n Bol\u00edvar, sede Ecuador, en Quito, la presidenta del CACES, Ximena C\u00f3rdova, destac\u00f3 en su intervenci\u00f3n que el cien por ciento de las instituciones de educaci\u00f3n superior que deben estar acreditadas lo est\u00e1n, lo cual representa un avance hist\u00f3rico para Ecuador.<\/p>\n\n\n\n<p>Junto con la presidenta del CACES, en el acto participaron los consejeros Martha Mac\u00edas, Diego P\u00e9rez y Tangya Tandazo, as\u00ed como el rector de la instituci\u00f3n de educaci\u00f3n superior anfitriona, C\u00e9sar Monta\u00f1o.<\/p>\n\n\n\n<p>El presidente de la Comisi\u00f3n de Universidades y Escuelas Polit\u00e9cnicas, Diego P\u00e9rez, manifest\u00f3 que el proceso de acreditaci\u00f3n no solo ha sido un ejercicio de cumplimiento, sino un compromiso profundo y responsable con la excelencia acad\u00e9mica y el mejoramiento continuo de la educaci\u00f3n superior.<\/p>\n\n\n<div class=\"wp-block-image\">\n<figure class=\"aligncenter size-large\"><img decoding=\"async\" width=\"644\" height=\"429\" src=\"https:\/\/www.uartes.edu.ec\/sitio\/wp-content\/uploads\/2024\/12\/05-acreditacion-certificado-uartes-644x429.jpg\" alt=\"\" class=\"wp-image-67064\" srcset=\"https:\/\/www.uartes.edu.ec\/sitio\/wp-content\/uploads\/2024\/12\/05-acreditacion-certificado-uartes-644x429.jpg 644w, https:\/\/www.uartes.edu.ec\/sitio\/wp-content\/uploads\/2024\/12\/05-acreditacion-certificado-uartes-300x200.jpg 300w, https:\/\/www.uartes.edu.ec\/sitio\/wp-content\/uploads\/2024\/12\/05-acreditacion-certificado-uartes-768x512.jpg 768w, https:\/\/www.uartes.edu.ec\/sitio\/wp-content\/uploads\/2024\/12\/05-acreditacion-certificado-uartes-1536x1024.jpg 1536w, https:\/\/www.uartes.edu.ec\/sitio\/wp-content\/uploads\/2024\/12\/05-acreditacion-certificado-uartes-18x12.jpg 18w, https:\/\/www.uartes.edu.ec\/sitio\/wp-content\/uploads\/2024\/12\/05-acreditacion-certificado-uartes-600x400.jpg 600w, https:\/\/www.uartes.edu.ec\/sitio\/wp-content\/uploads\/2024\/12\/05-acreditacion-certificado-uartes-400x267.jpg 400w, https:\/\/www.uartes.edu.ec\/sitio\/wp-content\/uploads\/2024\/12\/05-acreditacion-certificado-uartes-272x182.jpg 272w, https:\/\/www.uartes.edu.ec\/sitio\/wp-content\/uploads\/2024\/12\/05-acreditacion-certificado-uartes.jpg 2000w\" sizes=\"(max-width: 644px) 100vw, 644px\" \/><\/figure>\n<\/div>","protected":false},"excerpt":{"rendered":"<p>Oficialmente acreditada. En solemne acto, la Universidad de las Artes, representada por el rector William Herrera, recibi\u00f3 de las autoridades del Consejo de Aseguramiento de la Calidad de la Educaci\u00f3n Superior el documento que se\u00f1ala su acreditaci\u00f3n tras cumplir altos est\u00e1ndares de calidad en educaci\u00f3n superior establecidos por el CACES. En la ceremonia, que tuvo lugar en la Universidad Andina Sim\u00f3n Bol\u00edvar, recibieron tambi\u00e9n sus respectivas acreditaciones la Universidad Regional Amaz\u00f3nica Ikiam, la Universidad de Cuenca y la Universidad YachayTech. <\/p>","protected":false},"author":10,"featured_media":67062,"comment_status":"open","ping_status":"open","sticky":false,"template":"","format":"standard","meta":{"_acf_changed":false,"_uag_custom_page_level_css":"","_monsterinsights_skip_tracking":false,"_monsterinsights_sitenote_active":false,"_monsterinsights_sitenote_note":"","_monsterinsights_sitenote_category":0,"cybocfi_hide_featured_image":"","footnotes":""},"categories":[80,159,150,157,147,75,76,77,175],"tags":[1186],"infouartes":[],"class_list":["post-67060","post","type-post","status-publish","format-standard","has-post-thumbnail","hentry","category-academico","category-artes-escenicas","category-artes-sonoras","category-artes-visuales","category-cine","category-docentes","category-estudiantes","category-gestion","category-literatura","tag-acreditacion"],"acf":[],"yoast_head":"<!-- This site is optimized with the Yoast SEO plugin v27.4 - https:\/\/yoast.com\/product\/yoast-seo-wordpress\/ -->\n<title>Universidad de las Artes - UArtes recibe acreditaci\u00f3n del CACES<\/title>\n<meta name=\"description\" content=\"Universidad de las Artes - UArtes recibe acreditaci\u00f3n del CACES\" \/>\n<meta name=\"robots\" content=\"index, follow, max-snippet:-1, max-image-preview:large, max-video-preview:-1\" \/>\n<link rel=\"canonical\" href=\"https:\/\/www.uartes.edu.ec\/sitio\/fr\/blog\/2024\/10\/23\/universidad-de-las-artes-recibe-acreditacion-del-caces\/\" \/>\n<meta property=\"og:locale\" content=\"fr_FR\" \/>\n<meta property=\"og:type\" content=\"article\" \/>\n<meta property=\"og:title\" content=\"Universidad de las Artes - UArtes recibe acreditaci\u00f3n del CACES\" \/>\n<meta property=\"og:description\" content=\"Universidad de las Artes - UArtes recibe acreditaci\u00f3n del CACES\" \/>\n<meta property=\"og:url\" content=\"https:\/\/www.uartes.edu.ec\/sitio\/fr\/blog\/2024\/10\/23\/universidad-de-las-artes-recibe-acreditacion-del-caces\/\" \/>\n<meta property=\"og:site_name\" content=\"Universidad de las Artes\" \/>\n<meta property=\"article:publisher\" content=\"https:\/\/www.facebook.com\/uartesec\" \/>\n<meta property=\"article:published_time\" content=\"2024-10-23T23:45:00+00:00\" \/>\n<meta property=\"article:modified_time\" content=\"2024-12-21T00:09:28+00:00\" \/>\n<meta property=\"og:image\" content=\"https:\/\/www.uartes.edu.ec\/sitio\/wp-content\/uploads\/2024\/12\/06-acreditacion-certificado-uartes.jpg\" \/>\n\t<meta property=\"og:image:width\" content=\"2000\" \/>\n\t<meta property=\"og:image:height\" content=\"1333\" \/>\n\t<meta property=\"og:image:type\" content=\"image\/jpeg\" \/>\n<meta name=\"author\" content=\"ccortez\" \/>\n<meta name=\"twitter:card\" content=\"summary_large_image\" \/>\n<meta name=\"twitter:creator\" content=\"@uartesec\" \/>\n<meta name=\"twitter:site\" content=\"@uartesec\" \/>\n<meta name=\"twitter:label1\" content=\"\u00c9crit par\" \/>\n\t<meta name=\"twitter:data1\" content=\"ccortez\" \/>\n\t<meta name=\"twitter:label2\" content=\"Dur\u00e9e de lecture estim\u00e9e\" \/>\n\t<meta name=\"twitter:data2\" content=\"2 minutes\" \/>\n<script type=\"application\/ld+json\" class=\"yoast-schema-graph\">{\"@context\":\"https:\\\/\\\/schema.org\",\"@graph\":[{\"@type\":\"Article\",\"@id\":\"https:\\\/\\\/www.uartes.edu.ec\\\/sitio\\\/fr\\\/blog\\\/2024\\\/10\\\/23\\\/universidad-de-las-artes-recibe-acreditacion-del-caces\\\/#article\",\"isPartOf\":{\"@id\":\"https:\\\/\\\/www.uartes.edu.ec\\\/sitio\\\/fr\\\/blog\\\/2024\\\/10\\\/23\\\/universidad-de-las-artes-recibe-acreditacion-del-caces\\\/\"},\"author\":{\"name\":\"ccortez\",\"@id\":\"https:\\\/\\\/www.uartes.edu.ec\\\/sitio\\\/fr\\\/#\\\/schema\\\/person\\\/efa1b8275797664fd7f13a79ccc0b1f4\"},\"headline\":\"UArtes recibe acreditaci\u00f3n del CACES\",\"datePublished\":\"2024-10-23T23:45:00+00:00\",\"dateModified\":\"2024-12-21T00:09:28+00:00\",\"mainEntityOfPage\":{\"@id\":\"https:\\\/\\\/www.uartes.edu.ec\\\/sitio\\\/fr\\\/blog\\\/2024\\\/10\\\/23\\\/universidad-de-las-artes-recibe-acreditacion-del-caces\\\/\"},\"wordCount\":349,\"commentCount\":0,\"publisher\":{\"@id\":\"https:\\\/\\\/www.uartes.edu.ec\\\/sitio\\\/fr\\\/#organization\"},\"image\":{\"@id\":\"https:\\\/\\\/www.uartes.edu.ec\\\/sitio\\\/fr\\\/blog\\\/2024\\\/10\\\/23\\\/universidad-de-las-artes-recibe-acreditacion-del-caces\\\/#primaryimage\"},\"thumbnailUrl\":\"https:\\\/\\\/www.uartes.edu.ec\\\/sitio\\\/wp-content\\\/uploads\\\/2024\\\/12\\\/06-acreditacion-certificado-uartes.jpg\",\"keywords\":[\"acreditaci\u00f3n\"],\"articleSection\":[\"Acad\u00e9mico\",\"Artes Esc\u00e9nicas\",\"Artes Sonoras\",\"Artes Visuales\",\"Cine\",\"Docentes\",\"Estudiantes\",\"Gesti\u00f3n\",\"Literatura\"],\"inLanguage\":\"fr-FR\",\"potentialAction\":[{\"@type\":\"CommentAction\",\"name\":\"Comment\",\"target\":[\"https:\\\/\\\/www.uartes.edu.ec\\\/sitio\\\/fr\\\/blog\\\/2024\\\/10\\\/23\\\/universidad-de-las-artes-recibe-acreditacion-del-caces\\\/#respond\"]}]},{\"@type\":[\"WebPage\",\"ItemPage\"],\"@id\":\"https:\\\/\\\/www.uartes.edu.ec\\\/sitio\\\/fr\\\/blog\\\/2024\\\/10\\\/23\\\/universidad-de-las-artes-recibe-acreditacion-del-caces\\\/\",\"url\":\"https:\\\/\\\/www.uartes.edu.ec\\\/sitio\\\/fr\\\/blog\\\/2024\\\/10\\\/23\\\/universidad-de-las-artes-recibe-acreditacion-del-caces\\\/\",\"name\":\"Universidad de las Artes - UArtes recibe acreditaci\u00f3n del CACES\",\"isPartOf\":{\"@id\":\"https:\\\/\\\/www.uartes.edu.ec\\\/sitio\\\/fr\\\/#website\"},\"primaryImageOfPage\":{\"@id\":\"https:\\\/\\\/www.uartes.edu.ec\\\/sitio\\\/fr\\\/blog\\\/2024\\\/10\\\/23\\\/universidad-de-las-artes-recibe-acreditacion-del-caces\\\/#primaryimage\"},\"image\":{\"@id\":\"https:\\\/\\\/www.uartes.edu.ec\\\/sitio\\\/fr\\\/blog\\\/2024\\\/10\\\/23\\\/universidad-de-las-artes-recibe-acreditacion-del-caces\\\/#primaryimage\"},\"thumbnailUrl\":\"https:\\\/\\\/www.uartes.edu.ec\\\/sitio\\\/wp-content\\\/uploads\\\/2024\\\/12\\\/06-acreditacion-certificado-uartes.jpg\",\"datePublished\":\"2024-10-23T23:45:00+00:00\",\"dateModified\":\"2024-12-21T00:09:28+00:00\",\"description\":\"Universidad de las Artes - UArtes recibe acreditaci\u00f3n del CACES\",\"breadcrumb\":{\"@id\":\"https:\\\/\\\/www.uartes.edu.ec\\\/sitio\\\/fr\\\/blog\\\/2024\\\/10\\\/23\\\/universidad-de-las-artes-recibe-acreditacion-del-caces\\\/#breadcrumb\"},\"inLanguage\":\"fr-FR\",\"potentialAction\":[{\"@type\":\"ReadAction\",\"target\":[\"https:\\\/\\\/www.uartes.edu.ec\\\/sitio\\\/fr\\\/blog\\\/2024\\\/10\\\/23\\\/universidad-de-las-artes-recibe-acreditacion-del-caces\\\/\"]}]},{\"@type\":\"ImageObject\",\"inLanguage\":\"fr-FR\",\"@id\":\"https:\\\/\\\/www.uartes.edu.ec\\\/sitio\\\/fr\\\/blog\\\/2024\\\/10\\\/23\\\/universidad-de-las-artes-recibe-acreditacion-del-caces\\\/#primaryimage\",\"url\":\"https:\\\/\\\/www.uartes.edu.ec\\\/sitio\\\/wp-content\\\/uploads\\\/2024\\\/12\\\/06-acreditacion-certificado-uartes.jpg\",\"contentUrl\":\"https:\\\/\\\/www.uartes.edu.ec\\\/sitio\\\/wp-content\\\/uploads\\\/2024\\\/12\\\/06-acreditacion-certificado-uartes.jpg\",\"width\":2000,\"height\":1333},{\"@type\":\"BreadcrumbList\",\"@id\":\"https:\\\/\\\/www.uartes.edu.ec\\\/sitio\\\/fr\\\/blog\\\/2024\\\/10\\\/23\\\/universidad-de-las-artes-recibe-acreditacion-del-caces\\\/#breadcrumb\",\"itemListElement\":[{\"@type\":\"ListItem\",\"position\":1,\"name\":\"Inicio\",\"item\":\"https:\\\/\\\/www.uartes.edu.ec\\\/sitio\\\/\"},{\"@type\":\"ListItem\",\"position\":2,\"name\":\"UArtes recibe acreditaci\u00f3n del CACES\"}]},{\"@type\":\"WebSite\",\"@id\":\"https:\\\/\\\/www.uartes.edu.ec\\\/sitio\\\/fr\\\/#website\",\"url\":\"https:\\\/\\\/www.uartes.edu.ec\\\/sitio\\\/fr\\\/\",\"name\":\"Universidad de las Artes\",\"description\":\"Sitio oficial de la Universidad Nacional de las Artes del Ecuador\",\"publisher\":{\"@id\":\"https:\\\/\\\/www.uartes.edu.ec\\\/sitio\\\/fr\\\/#organization\"},\"potentialAction\":[{\"@type\":\"SearchAction\",\"target\":{\"@type\":\"EntryPoint\",\"urlTemplate\":\"https:\\\/\\\/www.uartes.edu.ec\\\/sitio\\\/fr\\\/?s={search_term_string}\"},\"query-input\":{\"@type\":\"PropertyValueSpecification\",\"valueRequired\":true,\"valueName\":\"search_term_string\"}}],\"inLanguage\":\"fr-FR\"},{\"@type\":\"Organization\",\"@id\":\"https:\\\/\\\/www.uartes.edu.ec\\\/sitio\\\/fr\\\/#organization\",\"name\":\"Universidad de las Artes\",\"url\":\"https:\\\/\\\/www.uartes.edu.ec\\\/sitio\\\/fr\\\/\",\"logo\":{\"@type\":\"ImageObject\",\"inLanguage\":\"fr-FR\",\"@id\":\"https:\\\/\\\/www.uartes.edu.ec\\\/sitio\\\/fr\\\/#\\\/schema\\\/logo\\\/image\\\/\",\"url\":\"https:\\\/\\\/www.uartes.edu.ec\\\/sitio\\\/wp-content\\\/uploads\\\/2022\\\/07\\\/logo-ua-horizontal.png\",\"contentUrl\":\"https:\\\/\\\/www.uartes.edu.ec\\\/sitio\\\/wp-content\\\/uploads\\\/2022\\\/07\\\/logo-ua-horizontal.png\",\"width\":800,\"height\":276,\"caption\":\"Universidad de las Artes\"},\"image\":{\"@id\":\"https:\\\/\\\/www.uartes.edu.ec\\\/sitio\\\/fr\\\/#\\\/schema\\\/logo\\\/image\\\/\"},\"sameAs\":[\"https:\\\/\\\/www.facebook.com\\\/uartesec\",\"https:\\\/\\\/x.com\\\/uartesec\",\"https:\\\/\\\/www.tiktok.com\\\/@uartesec\"]},{\"@type\":\"Person\",\"@id\":\"https:\\\/\\\/www.uartes.edu.ec\\\/sitio\\\/fr\\\/#\\\/schema\\\/person\\\/efa1b8275797664fd7f13a79ccc0b1f4\",\"name\":\"ccortez\",\"image\":{\"@type\":\"ImageObject\",\"inLanguage\":\"fr-FR\",\"@id\":\"https:\\\/\\\/secure.gravatar.com\\\/avatar\\\/b2a6f664a3ae8e074346ef91775736c5ec479e637ecced6842de9dc98b5da9cd?s=96&d=mm&r=g\",\"url\":\"https:\\\/\\\/secure.gravatar.com\\\/avatar\\\/b2a6f664a3ae8e074346ef91775736c5ec479e637ecced6842de9dc98b5da9cd?s=96&d=mm&r=g\",\"contentUrl\":\"https:\\\/\\\/secure.gravatar.com\\\/avatar\\\/b2a6f664a3ae8e074346ef91775736c5ec479e637ecced6842de9dc98b5da9cd?s=96&d=mm&r=g\",\"caption\":\"ccortez\"},\"url\":\"https:\\\/\\\/www.uartes.edu.ec\\\/sitio\\\/fr\\\/blog\\\/author\\\/ccortez\\\/\"}]}<\/script>\n<!-- \/ Yoast SEO plugin. -->","yoast_head_json":{"title":"Universidad de las Artes - UArtes recibe acreditaci\u00f3n del CACES","description":"Universidad de las Artes - UArtes recibe acreditaci\u00f3n del CACES","robots":{"index":"index","follow":"follow","max-snippet":"max-snippet:-1","max-image-preview":"max-image-preview:large","max-video-preview":"max-video-preview:-1"},"canonical":"https:\/\/www.uartes.edu.ec\/sitio\/fr\/blog\/2024\/10\/23\/universidad-de-las-artes-recibe-acreditacion-del-caces\/","og_locale":"fr_FR","og_type":"article","og_title":"Universidad de las Artes - UArtes recibe acreditaci\u00f3n del CACES","og_description":"Universidad de las Artes - UArtes recibe acreditaci\u00f3n del CACES","og_url":"https:\/\/www.uartes.edu.ec\/sitio\/fr\/blog\/2024\/10\/23\/universidad-de-las-artes-recibe-acreditacion-del-caces\/","og_site_name":"Universidad de las Artes","article_publisher":"https:\/\/www.facebook.com\/uartesec","article_published_time":"2024-10-23T23:45:00+00:00","article_modified_time":"2024-12-21T00:09:28+00:00","og_image":[{"width":2000,"height":1333,"url":"https:\/\/www.uartes.edu.ec\/sitio\/wp-content\/uploads\/2024\/12\/06-acreditacion-certificado-uartes.jpg","type":"image\/jpeg"}],"author":"ccortez","twitter_card":"summary_large_image","twitter_creator":"@uartesec","twitter_site":"@uartesec","twitter_misc":{"\u00c9crit par":"ccortez","Dur\u00e9e de lecture estim\u00e9e":"2 minutes"},"schema":{"@context":"https:\/\/schema.org","@graph":[{"@type":"Article","@id":"https:\/\/www.uartes.edu.ec\/sitio\/fr\/blog\/2024\/10\/23\/universidad-de-las-artes-recibe-acreditacion-del-caces\/#article","isPartOf":{"@id":"https:\/\/www.uartes.edu.ec\/sitio\/fr\/blog\/2024\/10\/23\/universidad-de-las-artes-recibe-acreditacion-del-caces\/"},"author":{"name":"ccortez","@id":"https:\/\/www.uartes.edu.ec\/sitio\/fr\/#\/schema\/person\/efa1b8275797664fd7f13a79ccc0b1f4"},"headline":"UArtes recibe acreditaci\u00f3n del CACES","datePublished":"2024-10-23T23:45:00+00:00","dateModified":"2024-12-21T00:09:28+00:00","mainEntityOfPage":{"@id":"https:\/\/www.uartes.edu.ec\/sitio\/fr\/blog\/2024\/10\/23\/universidad-de-las-artes-recibe-acreditacion-del-caces\/"},"wordCount":349,"commentCount":0,"publisher":{"@id":"https:\/\/www.uartes.edu.ec\/sitio\/fr\/#organization"},"image":{"@id":"https:\/\/www.uartes.edu.ec\/sitio\/fr\/blog\/2024\/10\/23\/universidad-de-las-artes-recibe-acreditacion-del-caces\/#primaryimage"},"thumbnailUrl":"https:\/\/www.uartes.edu.ec\/sitio\/wp-content\/uploads\/2024\/12\/06-acreditacion-certificado-uartes.jpg","keywords":["acreditaci\u00f3n"],"articleSection":["Acad\u00e9mico","Artes Esc\u00e9nicas","Artes Sonoras","Artes Visuales","Cine","Docentes","Estudiantes","Gesti\u00f3n","Literatura"],"inLanguage":"fr-FR","potentialAction":[{"@type":"CommentAction","name":"Comment","target":["https:\/\/www.uartes.edu.ec\/sitio\/fr\/blog\/2024\/10\/23\/universidad-de-las-artes-recibe-acreditacion-del-caces\/#respond"]}]},{"@type":["WebPage","ItemPage"],"@id":"https:\/\/www.uartes.edu.ec\/sitio\/fr\/blog\/2024\/10\/23\/universidad-de-las-artes-recibe-acreditacion-del-caces\/","url":"https:\/\/www.uartes.edu.ec\/sitio\/fr\/blog\/2024\/10\/23\/universidad-de-las-artes-recibe-acreditacion-del-caces\/","name":"Universidad de las Artes - UArtes recibe acreditaci\u00f3n del CACES","isPartOf":{"@id":"https:\/\/www.uartes.edu.ec\/sitio\/fr\/#website"},"primaryImageOfPage":{"@id":"https:\/\/www.uartes.edu.ec\/sitio\/fr\/blog\/2024\/10\/23\/universidad-de-las-artes-recibe-acreditacion-del-caces\/#primaryimage"},"image":{"@id":"https:\/\/www.uartes.edu.ec\/sitio\/fr\/blog\/2024\/10\/23\/universidad-de-las-artes-recibe-acreditacion-del-caces\/#primaryimage"},"thumbnailUrl":"https:\/\/www.uartes.edu.ec\/sitio\/wp-content\/uploads\/2024\/12\/06-acreditacion-certificado-uartes.jpg","datePublished":"2024-10-23T23:45:00+00:00","dateModified":"2024-12-21T00:09:28+00:00","description":"Universidad de las Artes - UArtes recibe acreditaci\u00f3n del CACES","breadcrumb":{"@id":"https:\/\/www.uartes.edu.ec\/sitio\/fr\/blog\/2024\/10\/23\/universidad-de-las-artes-recibe-acreditacion-del-caces\/#breadcrumb"},"inLanguage":"fr-FR","potentialAction":[{"@type":"ReadAction","target":["https:\/\/www.uartes.edu.ec\/sitio\/fr\/blog\/2024\/10\/23\/universidad-de-las-artes-recibe-acreditacion-del-caces\/"]}]},{"@type":"ImageObject","inLanguage":"fr-FR","@id":"https:\/\/www.uartes.edu.ec\/sitio\/fr\/blog\/2024\/10\/23\/universidad-de-las-artes-recibe-acreditacion-del-caces\/#primaryimage","url":"https:\/\/www.uartes.edu.ec\/sitio\/wp-content\/uploads\/2024\/12\/06-acreditacion-certificado-uartes.jpg","contentUrl":"https:\/\/www.uartes.edu.ec\/sitio\/wp-content\/uploads\/2024\/12\/06-acreditacion-certificado-uartes.jpg","width":2000,"height":1333},{"@type":"BreadcrumbList","@id":"https:\/\/www.uartes.edu.ec\/sitio\/fr\/blog\/2024\/10\/23\/universidad-de-las-artes-recibe-acreditacion-del-caces\/#breadcrumb","itemListElement":[{"@type":"ListItem","position":1,"name":"Inicio","item":"https:\/\/www.uartes.edu.ec\/sitio\/"},{"@type":"ListItem","position":2,"name":"UArtes recibe acreditaci\u00f3n del CACES"}]},{"@type":"WebSite","@id":"https:\/\/www.uartes.edu.ec\/sitio\/fr\/#website","url":"https:\/\/www.uartes.edu.ec\/sitio\/fr\/","name":"Universidad de las Artes","description":"Sitio oficial de la Universidad Nacional de las Artes del Ecuador","publisher":{"@id":"https:\/\/www.uartes.edu.ec\/sitio\/fr\/#organization"},"potentialAction":[{"@type":"SearchAction","target":{"@type":"EntryPoint","urlTemplate":"https:\/\/www.uartes.edu.ec\/sitio\/fr\/?s={search_term_string}"},"query-input":{"@type":"PropertyValueSpecification","valueRequired":true,"valueName":"search_term_string"}}],"inLanguage":"fr-FR"},{"@type":"Organization","@id":"https:\/\/www.uartes.edu.ec\/sitio\/fr\/#organization","name":"Universidad de las Artes","url":"https:\/\/www.uartes.edu.ec\/sitio\/fr\/","logo":{"@type":"ImageObject","inLanguage":"fr-FR","@id":"https:\/\/www.uartes.edu.ec\/sitio\/fr\/#\/schema\/logo\/image\/","url":"https:\/\/www.uartes.edu.ec\/sitio\/wp-content\/uploads\/2022\/07\/logo-ua-horizontal.png","contentUrl":"https:\/\/www.uartes.edu.ec\/sitio\/wp-content\/uploads\/2022\/07\/logo-ua-horizontal.png","width":800,"height":276,"caption":"Universidad de las Artes"},"image":{"@id":"https:\/\/www.uartes.edu.ec\/sitio\/fr\/#\/schema\/logo\/image\/"},"sameAs":["https:\/\/www.facebook.com\/uartesec","https:\/\/x.com\/uartesec","https:\/\/www.tiktok.com\/@uartesec"]},{"@type":"Person","@id":"https:\/\/www.uartes.edu.ec\/sitio\/fr\/#\/schema\/person\/efa1b8275797664fd7f13a79ccc0b1f4","name":"ccortez","image":{"@type":"ImageObject","inLanguage":"fr-FR","@id":"https:\/\/secure.gravatar.com\/avatar\/b2a6f664a3ae8e074346ef91775736c5ec479e637ecced6842de9dc98b5da9cd?s=96&d=mm&r=g","url":"https:\/\/secure.gravatar.com\/avatar\/b2a6f664a3ae8e074346ef91775736c5ec479e637ecced6842de9dc98b5da9cd?s=96&d=mm&r=g","contentUrl":"https:\/\/secure.gravatar.com\/avatar\/b2a6f664a3ae8e074346ef91775736c5ec479e637ecced6842de9dc98b5da9cd?s=96&d=mm&r=g","caption":"ccortez"},"url":"https:\/\/www.uartes.edu.ec\/sitio\/fr\/blog\/author\/ccortez\/"}]}},"uagb_featured_image_src":{"full":["https:\/\/www.uartes.edu.ec\/sitio\/wp-content\/uploads\/2024\/12\/06-acreditacion-certificado-uartes.jpg",2000,1333,false],"thumbnail":["https:\/\/www.uartes.edu.ec\/sitio\/wp-content\/uploads\/2024\/12\/06-acreditacion-certificado-uartes-150x150.jpg",150,150,true],"medium":["https:\/\/www.uartes.edu.ec\/sitio\/wp-content\/uploads\/2024\/12\/06-acreditacion-certificado-uartes-300x200.jpg",300,200,true],"medium_large":["https:\/\/www.uartes.edu.ec\/sitio\/wp-content\/uploads\/2024\/12\/06-acreditacion-certificado-uartes-768x512.jpg",768,512,true],"large":["https:\/\/www.uartes.edu.ec\/sitio\/wp-content\/uploads\/2024\/12\/06-acreditacion-certificado-uartes-644x429.jpg",644,429,true],"1536x1536":["https:\/\/www.uartes.edu.ec\/sitio\/wp-content\/uploads\/2024\/12\/06-acreditacion-certificado-uartes-1536x1024.jpg",1536,1024,true],"2048x2048":["https:\/\/www.uartes.edu.ec\/sitio\/wp-content\/uploads\/2024\/12\/06-acreditacion-certificado-uartes.jpg",2000,1333,false],"trp-custom-language-flag":["https:\/\/www.uartes.edu.ec\/sitio\/wp-content\/uploads\/2024\/12\/06-acreditacion-certificado-uartes-18x12.jpg",18,12,true],"htmega_size_585x295":["https:\/\/www.uartes.edu.ec\/sitio\/wp-content\/uploads\/2024\/12\/06-acreditacion-certificado-uartes-585x295.jpg",585,295,true],"htmega_size_1170x536":["https:\/\/www.uartes.edu.ec\/sitio\/wp-content\/uploads\/2024\/12\/06-acreditacion-certificado-uartes-1170x536.jpg",1170,536,true],"htmega_size_396x360":["https:\/\/www.uartes.edu.ec\/sitio\/wp-content\/uploads\/2024\/12\/06-acreditacion-certificado-uartes-396x360.jpg",396,360,true],"gb-block-post-grid-landscape":["https:\/\/www.uartes.edu.ec\/sitio\/wp-content\/uploads\/2024\/12\/06-acreditacion-certificado-uartes-600x400.jpg",600,400,true],"gb-block-post-grid-square":["https:\/\/www.uartes.edu.ec\/sitio\/wp-content\/uploads\/2024\/12\/06-acreditacion-certificado-uartes-600x600.jpg",600,600,true],"university-hub-thumb":["https:\/\/www.uartes.edu.ec\/sitio\/wp-content\/uploads\/2024\/12\/06-acreditacion-certificado-uartes-400x267.jpg",400,267,true],"mailpoet_newsletter_max":["https:\/\/www.uartes.edu.ec\/sitio\/wp-content\/uploads\/2024\/12\/06-acreditacion-certificado-uartes.jpg",1320,880,false]},"uagb_author_info":{"display_name":"ccortez","author_link":"https:\/\/www.uartes.edu.ec\/sitio\/fr\/blog\/author\/ccortez\/"},"uagb_comment_info":0,"uagb_excerpt":"Oficialmente acreditada. En solemne acto, la Universidad de las Artes, representada por el rector William Herrera, recibi\u00f3 de las autoridades del Consejo de Aseguramiento de la Calidad de la Educaci\u00f3n Superior el documento que se\u00f1ala su acreditaci\u00f3n tras cumplir altos est\u00e1ndares de calidad en educaci\u00f3n superior establecidos por el CACES. En la ceremonia, que tuvo\u2026","featured_image_src":"https:\/\/www.uartes.edu.ec\/sitio\/wp-content\/uploads\/2024\/12\/06-acreditacion-certificado-uartes-600x400.jpg","featured_image_src_square":"https:\/\/www.uartes.edu.ec\/sitio\/wp-content\/uploads\/2024\/12\/06-acreditacion-certificado-uartes-600x600.jpg","author_info":{"display_name":"ccortez","author_link":"https:\/\/www.uartes.edu.ec\/sitio\/fr\/blog\/author\/ccortez\/"},"publishpress_future_workflow_manual_trigger":{"enabledWorkflows":[]},"distributor_meta":false,"distributor_terms":false,"distributor_media":false,"distributor_original_site_name":"Universidad de las Artes","distributor_original_site_url":"https:\/\/www.uartes.edu.ec\/sitio\/fr","push-errors":false,"_links":{"self":[{"href":"https:\/\/www.uartes.edu.ec\/sitio\/fr\/wp-json\/wp\/v2\/posts\/67060","targetHints":{"allow":["GET"]}}],"collection":[{"href":"https:\/\/www.uartes.edu.ec\/sitio\/fr\/wp-json\/wp\/v2\/posts"}],"about":[{"href":"https:\/\/www.uartes.edu.ec\/sitio\/fr\/wp-json\/wp\/v2\/types\/post"}],"author":[{"embeddable":true,"href":"https:\/\/www.uartes.edu.ec\/sitio\/fr\/wp-json\/wp\/v2\/users\/10"}],"replies":[{"embeddable":true,"href":"https:\/\/www.uartes.edu.ec\/sitio\/fr\/wp-json\/wp\/v2\/comments?post=67060"}],"version-history":[{"count":5,"href":"https:\/\/www.uartes.edu.ec\/sitio\/fr\/wp-json\/wp\/v2\/posts\/67060\/revisions"}],"predecessor-version":[{"id":67078,"href":"https:\/\/www.uartes.edu.ec\/sitio\/fr\/wp-json\/wp\/v2\/posts\/67060\/revisions\/67078"}],"wp:featuredmedia":[{"embeddable":true,"href":"https:\/\/www.uartes.edu.ec\/sitio\/fr\/wp-json\/wp\/v2\/media\/67062"}],"wp:attachment":[{"href":"https:\/\/www.uartes.edu.ec\/sitio\/fr\/wp-json\/wp\/v2\/media?parent=67060"}],"wp:term":[{"taxonomy":"category","embeddable":true,"href":"https:\/\/www.uartes.edu.ec\/sitio\/fr\/wp-json\/wp\/v2\/categories?post=67060"},{"taxonomy":"post_tag","embeddable":true,"href":"https:\/\/www.uartes.edu.ec\/sitio\/fr\/wp-json\/wp\/v2\/tags?post=67060"},{"taxonomy":"infouartes","embeddable":true,"href":"https:\/\/www.uartes.edu.ec\/sitio\/fr\/wp-json\/wp\/v2\/infouartes?post=67060"}],"curies":[{"name":"wp","href":"https:\/\/api.w.org\/{rel}","templated":true}]}}