{"id":67296,"date":"2025-01-15T15:52:00","date_gmt":"2025-01-15T20:52:00","guid":{"rendered":"https:\/\/www.uartes.edu.ec\/sitio\/?p=67296"},"modified":"2025-01-16T18:17:59","modified_gmt":"2025-01-16T23:17:59","slug":"proyeccion-de-con-mi-corazon-en-yambo-y-foro-sobre-desaparicion-forzada-de-hermanos-restrepo-y-los-cuatro-de-las-malvinas","status":"publish","type":"post","link":"https:\/\/www.uartes.edu.ec\/sitio\/fr\/blog\/2025\/01\/15\/proyeccion-de-con-mi-corazon-en-yambo-y-foro-sobre-desaparicion-forzada-de-hermanos-restrepo-y-los-cuatro-de-las-malvinas\/","title":{"rendered":"Proyecci\u00f3n de \u201cCon mi coraz\u00f3n en Yambo\u201d y foro sobre desaparici\u00f3n forzada de Hnos. Restrepo y los cuatro de las Malvinas"},"content":{"rendered":"<p>Una proyecci\u00f3n especial realiz\u00f3 la Universidad de las Artes en la Sala de Cine del MZ14 Centro de Producci\u00f3n e Innovaci\u00f3n del documental \u201cCon mi coraz\u00f3n en Yambo\u201d, dirigido por Mar\u00eda Fernanda Restrepo. Sucedi\u00f3 el pasado 10 de enero para recordar los 37 a\u00f1os de la desaparici\u00f3n de los j\u00f3venes colombianos Carlos Santiago y Pedro Andr\u00e9s Restrepo Arismendi por parte de la Polic\u00eda ecuatoriana.<\/p>\n\n\n\n<p>El documental es una producci\u00f3n personal de Mar\u00eda Fernanda Restrepo, quien expone en \u201cCon mi coraz\u00f3n en Yambo\u201d todos los hechos que llevaron a la desaparici\u00f3n de sus hermanos, registrada el 8 de enero de 1988, y una b\u00fasqueda sin respuesta sobre su paradero.<\/p>\n\n\n\n<p>El d\u00eda de la proyecci\u00f3n, el Cine del MZ14 complet\u00f3 su aforo, debi\u00e9ndose habilitar una segunda sala para la presentaci\u00f3n. Junto con las autoridades de la Universidad de las Artes y su comunidad, asistieron los familiares de los cuatro de las Malvinas de Guayaquil: Ismael y Josu\u00e9 Arroyo Bustos, de 15 y 14 a\u00f1os; Steven Gerald Medina Lajones, de 11; y Nehem\u00edas Sa\u00fal Arboleda Portocarrero, de 15, quienes fueron desaparecidos de manera forzada. &nbsp;<\/p>\n\n\n\n<figure class=\"wp-block-gallery has-nested-images columns-default is-cropped wp-block-gallery-1 is-layout-flex wp-block-gallery-is-layout-flex\">\n<figure class=\"wp-block-image size-large\"><img fetchpriority=\"high\" decoding=\"async\" width=\"644\" height=\"429\" data-id=\"67305\" src=\"https:\/\/www.uartes.edu.ec\/sitio\/wp-content\/uploads\/2025\/01\/11-CINE-MZ14-CON-MI-CORAZON-EN-YAMBO-644x429.jpg\" alt=\"\" class=\"wp-image-67305\" srcset=\"https:\/\/www.uartes.edu.ec\/sitio\/wp-content\/uploads\/2025\/01\/11-CINE-MZ14-CON-MI-CORAZON-EN-YAMBO-644x429.jpg 644w, https:\/\/www.uartes.edu.ec\/sitio\/wp-content\/uploads\/2025\/01\/11-CINE-MZ14-CON-MI-CORAZON-EN-YAMBO-300x200.jpg 300w, https:\/\/www.uartes.edu.ec\/sitio\/wp-content\/uploads\/2025\/01\/11-CINE-MZ14-CON-MI-CORAZON-EN-YAMBO-768x512.jpg 768w, https:\/\/www.uartes.edu.ec\/sitio\/wp-content\/uploads\/2025\/01\/11-CINE-MZ14-CON-MI-CORAZON-EN-YAMBO-1536x1024.jpg 1536w, https:\/\/www.uartes.edu.ec\/sitio\/wp-content\/uploads\/2025\/01\/11-CINE-MZ14-CON-MI-CORAZON-EN-YAMBO-18x12.jpg 18w, https:\/\/www.uartes.edu.ec\/sitio\/wp-content\/uploads\/2025\/01\/11-CINE-MZ14-CON-MI-CORAZON-EN-YAMBO-600x400.jpg 600w, https:\/\/www.uartes.edu.ec\/sitio\/wp-content\/uploads\/2025\/01\/11-CINE-MZ14-CON-MI-CORAZON-EN-YAMBO-400x267.jpg 400w, https:\/\/www.uartes.edu.ec\/sitio\/wp-content\/uploads\/2025\/01\/11-CINE-MZ14-CON-MI-CORAZON-EN-YAMBO-272x182.jpg 272w, https:\/\/www.uartes.edu.ec\/sitio\/wp-content\/uploads\/2025\/01\/11-CINE-MZ14-CON-MI-CORAZON-EN-YAMBO.jpg 2000w\" sizes=\"(max-width: 644px) 100vw, 644px\" \/><\/figure>\n\n\n\n<figure class=\"wp-block-image size-large\"><img decoding=\"async\" width=\"644\" height=\"429\" data-id=\"67304\" src=\"https:\/\/www.uartes.edu.ec\/sitio\/wp-content\/uploads\/2025\/01\/12-CINE-MZ14-CON-MI-CORAZON-EN-YAMBO-644x429.jpg\" alt=\"\" class=\"wp-image-67304\" srcset=\"https:\/\/www.uartes.edu.ec\/sitio\/wp-content\/uploads\/2025\/01\/12-CINE-MZ14-CON-MI-CORAZON-EN-YAMBO-644x429.jpg 644w, https:\/\/www.uartes.edu.ec\/sitio\/wp-content\/uploads\/2025\/01\/12-CINE-MZ14-CON-MI-CORAZON-EN-YAMBO-300x200.jpg 300w, https:\/\/www.uartes.edu.ec\/sitio\/wp-content\/uploads\/2025\/01\/12-CINE-MZ14-CON-MI-CORAZON-EN-YAMBO-768x512.jpg 768w, https:\/\/www.uartes.edu.ec\/sitio\/wp-content\/uploads\/2025\/01\/12-CINE-MZ14-CON-MI-CORAZON-EN-YAMBO-1536x1024.jpg 1536w, https:\/\/www.uartes.edu.ec\/sitio\/wp-content\/uploads\/2025\/01\/12-CINE-MZ14-CON-MI-CORAZON-EN-YAMBO-18x12.jpg 18w, https:\/\/www.uartes.edu.ec\/sitio\/wp-content\/uploads\/2025\/01\/12-CINE-MZ14-CON-MI-CORAZON-EN-YAMBO-600x400.jpg 600w, https:\/\/www.uartes.edu.ec\/sitio\/wp-content\/uploads\/2025\/01\/12-CINE-MZ14-CON-MI-CORAZON-EN-YAMBO-400x267.jpg 400w, https:\/\/www.uartes.edu.ec\/sitio\/wp-content\/uploads\/2025\/01\/12-CINE-MZ14-CON-MI-CORAZON-EN-YAMBO-272x182.jpg 272w, https:\/\/www.uartes.edu.ec\/sitio\/wp-content\/uploads\/2025\/01\/12-CINE-MZ14-CON-MI-CORAZON-EN-YAMBO.jpg 2000w\" sizes=\"(max-width: 644px) 100vw, 644px\" \/><\/figure>\n<\/figure>\n\n\n\n<figure class=\"wp-block-gallery has-nested-images columns-default is-cropped wp-block-gallery-2 is-layout-flex wp-block-gallery-is-layout-flex\">\n<figure class=\"wp-block-image size-large\"><img decoding=\"async\" width=\"644\" height=\"429\" data-id=\"67309\" src=\"https:\/\/www.uartes.edu.ec\/sitio\/wp-content\/uploads\/2025\/01\/06-CINE-MZ14-CON-MI-CORAZON-EN-YAMBO-644x429.jpg\" alt=\"\" class=\"wp-image-67309\" srcset=\"https:\/\/www.uartes.edu.ec\/sitio\/wp-content\/uploads\/2025\/01\/06-CINE-MZ14-CON-MI-CORAZON-EN-YAMBO-644x429.jpg 644w, https:\/\/www.uartes.edu.ec\/sitio\/wp-content\/uploads\/2025\/01\/06-CINE-MZ14-CON-MI-CORAZON-EN-YAMBO-300x200.jpg 300w, https:\/\/www.uartes.edu.ec\/sitio\/wp-content\/uploads\/2025\/01\/06-CINE-MZ14-CON-MI-CORAZON-EN-YAMBO-768x512.jpg 768w, https:\/\/www.uartes.edu.ec\/sitio\/wp-content\/uploads\/2025\/01\/06-CINE-MZ14-CON-MI-CORAZON-EN-YAMBO-1536x1024.jpg 1536w, https:\/\/www.uartes.edu.ec\/sitio\/wp-content\/uploads\/2025\/01\/06-CINE-MZ14-CON-MI-CORAZON-EN-YAMBO-18x12.jpg 18w, https:\/\/www.uartes.edu.ec\/sitio\/wp-content\/uploads\/2025\/01\/06-CINE-MZ14-CON-MI-CORAZON-EN-YAMBO-600x400.jpg 600w, https:\/\/www.uartes.edu.ec\/sitio\/wp-content\/uploads\/2025\/01\/06-CINE-MZ14-CON-MI-CORAZON-EN-YAMBO-400x267.jpg 400w, https:\/\/www.uartes.edu.ec\/sitio\/wp-content\/uploads\/2025\/01\/06-CINE-MZ14-CON-MI-CORAZON-EN-YAMBO-272x182.jpg 272w, https:\/\/www.uartes.edu.ec\/sitio\/wp-content\/uploads\/2025\/01\/06-CINE-MZ14-CON-MI-CORAZON-EN-YAMBO.jpg 2000w\" sizes=\"(max-width: 644px) 100vw, 644px\" \/><\/figure>\n\n\n\n<figure class=\"wp-block-image size-large\"><img loading=\"lazy\" decoding=\"async\" width=\"644\" height=\"429\" data-id=\"67303\" src=\"https:\/\/www.uartes.edu.ec\/sitio\/wp-content\/uploads\/2025\/01\/13-CINE-MZ14-CON-MI-CORAZON-EN-YAMBO-644x429.jpg\" alt=\"\" class=\"wp-image-67303\" srcset=\"https:\/\/www.uartes.edu.ec\/sitio\/wp-content\/uploads\/2025\/01\/13-CINE-MZ14-CON-MI-CORAZON-EN-YAMBO-644x429.jpg 644w, https:\/\/www.uartes.edu.ec\/sitio\/wp-content\/uploads\/2025\/01\/13-CINE-MZ14-CON-MI-CORAZON-EN-YAMBO-300x200.jpg 300w, https:\/\/www.uartes.edu.ec\/sitio\/wp-content\/uploads\/2025\/01\/13-CINE-MZ14-CON-MI-CORAZON-EN-YAMBO-768x512.jpg 768w, https:\/\/www.uartes.edu.ec\/sitio\/wp-content\/uploads\/2025\/01\/13-CINE-MZ14-CON-MI-CORAZON-EN-YAMBO-1536x1024.jpg 1536w, https:\/\/www.uartes.edu.ec\/sitio\/wp-content\/uploads\/2025\/01\/13-CINE-MZ14-CON-MI-CORAZON-EN-YAMBO-18x12.jpg 18w, https:\/\/www.uartes.edu.ec\/sitio\/wp-content\/uploads\/2025\/01\/13-CINE-MZ14-CON-MI-CORAZON-EN-YAMBO-600x400.jpg 600w, https:\/\/www.uartes.edu.ec\/sitio\/wp-content\/uploads\/2025\/01\/13-CINE-MZ14-CON-MI-CORAZON-EN-YAMBO-400x267.jpg 400w, https:\/\/www.uartes.edu.ec\/sitio\/wp-content\/uploads\/2025\/01\/13-CINE-MZ14-CON-MI-CORAZON-EN-YAMBO-272x182.jpg 272w, https:\/\/www.uartes.edu.ec\/sitio\/wp-content\/uploads\/2025\/01\/13-CINE-MZ14-CON-MI-CORAZON-EN-YAMBO.jpg 2000w\" sizes=\"(max-width: 644px) 100vw, 644px\" \/><\/figure>\n<\/figure>\n\n\n\n<p><\/p>\n\n\n\n<p>El rector William Herrera les dio la bienvenida, as\u00ed como a los colectivos y organizaciones sociales que tambi\u00e9n acudieron para acompa\u00f1arlos. \u201cQueremos expresar nuestra solidaridad con los familiares y sumarnos al reclamo por justicia, verdad y reparaci\u00f3n integral. Nos los arrebataron y si bien eso no los va a traer de vuelta, queremos transmitir la solidaridad, el apoyo y el compromiso de toda la comunidad de la Universidad de las Artes\u201d, refiri\u00f3.<\/p>\n\n\n\n<p>Como lo hab\u00eda anunciado el docente de la Escuela de Cine, Javier Izquierdo, antes de la intervenci\u00f3n del rector, la cual dio paso a la proyecci\u00f3n del documental, al final se realiz\u00f3 un foro con la directora de \u201cCon mi coraz\u00f3n en Yambo\u201d. Ella hizo referencia al fat\u00eddico d\u00eda de la desaparici\u00f3n de sus hermanos y la lucha de su padre, Pedro Restrepo, recientemente fallecido (24 de diciembre de 2024), quien desde 1988 lider\u00f3 una cruzada que incluy\u00f3 plantones frente al Palacio de Carondelet, reuniones con autoridades y denuncias en foros internacionales.<\/p>\n\n\n\n<p>Pedro Restrepo dedic\u00f3 m\u00e1s de tres d\u00e9cadas a exigir justicia y verdad; su insistencia logr\u00f3 mantener vivo el reclamo por sus hijos y por las v\u00edctimas de desapariciones forzadas, convirti\u00e9ndose en un referente para el movimiento de derechos humanos. &nbsp;<\/p>\n\n\n<div class=\"wp-block-image\">\n<figure class=\"aligncenter size-large\"><img loading=\"lazy\" decoding=\"async\" width=\"644\" height=\"429\" src=\"https:\/\/www.uartes.edu.ec\/sitio\/wp-content\/uploads\/2025\/01\/07-CINE-MZ14-CON-MI-CORAZON-EN-YAMBO-644x429.jpg\" alt=\"\" class=\"wp-image-67308\" srcset=\"https:\/\/www.uartes.edu.ec\/sitio\/wp-content\/uploads\/2025\/01\/07-CINE-MZ14-CON-MI-CORAZON-EN-YAMBO-644x429.jpg 644w, https:\/\/www.uartes.edu.ec\/sitio\/wp-content\/uploads\/2025\/01\/07-CINE-MZ14-CON-MI-CORAZON-EN-YAMBO-300x200.jpg 300w, https:\/\/www.uartes.edu.ec\/sitio\/wp-content\/uploads\/2025\/01\/07-CINE-MZ14-CON-MI-CORAZON-EN-YAMBO-768x512.jpg 768w, https:\/\/www.uartes.edu.ec\/sitio\/wp-content\/uploads\/2025\/01\/07-CINE-MZ14-CON-MI-CORAZON-EN-YAMBO-1536x1024.jpg 1536w, https:\/\/www.uartes.edu.ec\/sitio\/wp-content\/uploads\/2025\/01\/07-CINE-MZ14-CON-MI-CORAZON-EN-YAMBO-18x12.jpg 18w, https:\/\/www.uartes.edu.ec\/sitio\/wp-content\/uploads\/2025\/01\/07-CINE-MZ14-CON-MI-CORAZON-EN-YAMBO-600x400.jpg 600w, https:\/\/www.uartes.edu.ec\/sitio\/wp-content\/uploads\/2025\/01\/07-CINE-MZ14-CON-MI-CORAZON-EN-YAMBO-400x267.jpg 400w, https:\/\/www.uartes.edu.ec\/sitio\/wp-content\/uploads\/2025\/01\/07-CINE-MZ14-CON-MI-CORAZON-EN-YAMBO-272x182.jpg 272w, https:\/\/www.uartes.edu.ec\/sitio\/wp-content\/uploads\/2025\/01\/07-CINE-MZ14-CON-MI-CORAZON-EN-YAMBO.jpg 2000w\" sizes=\"(max-width: 644px) 100vw, 644px\" \/><\/figure>\n<\/div>\n\n\n<figure class=\"wp-block-gallery has-nested-images columns-default is-cropped wp-block-gallery-3 is-layout-flex wp-block-gallery-is-layout-flex\">\n<figure class=\"wp-block-image size-large\"><img loading=\"lazy\" decoding=\"async\" width=\"644\" height=\"429\" data-id=\"67306\" src=\"https:\/\/www.uartes.edu.ec\/sitio\/wp-content\/uploads\/2025\/01\/09-CINE-MZ14-CON-MI-CORAZON-EN-YAMBO-644x429.jpg\" alt=\"\" class=\"wp-image-67306\" srcset=\"https:\/\/www.uartes.edu.ec\/sitio\/wp-content\/uploads\/2025\/01\/09-CINE-MZ14-CON-MI-CORAZON-EN-YAMBO-644x429.jpg 644w, https:\/\/www.uartes.edu.ec\/sitio\/wp-content\/uploads\/2025\/01\/09-CINE-MZ14-CON-MI-CORAZON-EN-YAMBO-300x200.jpg 300w, https:\/\/www.uartes.edu.ec\/sitio\/wp-content\/uploads\/2025\/01\/09-CINE-MZ14-CON-MI-CORAZON-EN-YAMBO-768x512.jpg 768w, https:\/\/www.uartes.edu.ec\/sitio\/wp-content\/uploads\/2025\/01\/09-CINE-MZ14-CON-MI-CORAZON-EN-YAMBO-1536x1024.jpg 1536w, https:\/\/www.uartes.edu.ec\/sitio\/wp-content\/uploads\/2025\/01\/09-CINE-MZ14-CON-MI-CORAZON-EN-YAMBO-18x12.jpg 18w, https:\/\/www.uartes.edu.ec\/sitio\/wp-content\/uploads\/2025\/01\/09-CINE-MZ14-CON-MI-CORAZON-EN-YAMBO-600x400.jpg 600w, https:\/\/www.uartes.edu.ec\/sitio\/wp-content\/uploads\/2025\/01\/09-CINE-MZ14-CON-MI-CORAZON-EN-YAMBO-400x267.jpg 400w, https:\/\/www.uartes.edu.ec\/sitio\/wp-content\/uploads\/2025\/01\/09-CINE-MZ14-CON-MI-CORAZON-EN-YAMBO-272x182.jpg 272w, https:\/\/www.uartes.edu.ec\/sitio\/wp-content\/uploads\/2025\/01\/09-CINE-MZ14-CON-MI-CORAZON-EN-YAMBO.jpg 2000w\" sizes=\"(max-width: 644px) 100vw, 644px\" \/><\/figure>\n\n\n\n<figure class=\"wp-block-image size-large\"><img loading=\"lazy\" decoding=\"async\" width=\"644\" height=\"429\" data-id=\"67314\" src=\"https:\/\/www.uartes.edu.ec\/sitio\/wp-content\/uploads\/2025\/01\/01-CINE-MZ14-CON-MI-CORAZON-EN-YAMBO-644x429.jpg\" alt=\"\" class=\"wp-image-67314\" srcset=\"https:\/\/www.uartes.edu.ec\/sitio\/wp-content\/uploads\/2025\/01\/01-CINE-MZ14-CON-MI-CORAZON-EN-YAMBO-644x429.jpg 644w, https:\/\/www.uartes.edu.ec\/sitio\/wp-content\/uploads\/2025\/01\/01-CINE-MZ14-CON-MI-CORAZON-EN-YAMBO-300x200.jpg 300w, https:\/\/www.uartes.edu.ec\/sitio\/wp-content\/uploads\/2025\/01\/01-CINE-MZ14-CON-MI-CORAZON-EN-YAMBO-768x512.jpg 768w, https:\/\/www.uartes.edu.ec\/sitio\/wp-content\/uploads\/2025\/01\/01-CINE-MZ14-CON-MI-CORAZON-EN-YAMBO-1536x1024.jpg 1536w, https:\/\/www.uartes.edu.ec\/sitio\/wp-content\/uploads\/2025\/01\/01-CINE-MZ14-CON-MI-CORAZON-EN-YAMBO-18x12.jpg 18w, https:\/\/www.uartes.edu.ec\/sitio\/wp-content\/uploads\/2025\/01\/01-CINE-MZ14-CON-MI-CORAZON-EN-YAMBO-600x400.jpg 600w, https:\/\/www.uartes.edu.ec\/sitio\/wp-content\/uploads\/2025\/01\/01-CINE-MZ14-CON-MI-CORAZON-EN-YAMBO-400x267.jpg 400w, https:\/\/www.uartes.edu.ec\/sitio\/wp-content\/uploads\/2025\/01\/01-CINE-MZ14-CON-MI-CORAZON-EN-YAMBO-272x182.jpg 272w, https:\/\/www.uartes.edu.ec\/sitio\/wp-content\/uploads\/2025\/01\/01-CINE-MZ14-CON-MI-CORAZON-EN-YAMBO.jpg 2000w\" sizes=\"(max-width: 644px) 100vw, 644px\" \/><\/figure>\n<\/figure>\n\n\n\n<p>El di\u00e1logo con Mar\u00eda Fernanda Restrepo evidenci\u00f3 c\u00f3mo los hechos del pasado estaban tr\u00e1gicamente encadenados con el presente. \u201cNo nos vamos a cansar de demostrar que la desaparici\u00f3n de Steven, Josu\u00e9, Nehem\u00edas e Ismael fue forzada. El Estado se tiene que hacer cargo. Mi coraz\u00f3n est\u00e1 con ustedes\u201d, dijo la cineasta a la familia de los cuatro de las Malvinas.<\/p>\n\n\n\n<p>Hubo en el foro intervenciones del p\u00fablico, de familiares y amigos. Se compartieron experiencias en el tema de desapariciones forzadas e incluso se dieron a conocer los resultados de una encuesta acerca de qu\u00e9 tan importante es para la ciudadan\u00eda el caso de los cuatro de las Malvinas. A nivel nacional, un 89% de los encuestados coincidieron en que el tema es de alta y muy alta importancia; un porcentaje similar se registr\u00f3 en el sondeo a la pregunta de que si se deb\u00eda seguir hablando de lo ocurrido.<\/p>\n\n\n\n<p>Ismael, Josu\u00e9, Steven y Nehem\u00edas fueron detenidos por 16 militares de la Fuerza A\u00e9rea Ecuatoriana (FAE) durante un operativo a\u00fan bajo investigaci\u00f3n. Desaparecieron en Taura el 8 de diciembre de 2024 y el 31 de ese mes la Fiscal\u00eda confirm\u00f3 que de los cuatro menores eran los cuerpos incinerados halados en el sitio. El 8 de enero, al cumplirse un mes de sus forzadas desapariciones, familiares y colectivos realizaron un recorrido en&nbsp;Guayaquil&nbsp;como homenaje y en reclamo de justicia por el caso.<\/p>\n\n\n\n<figure class=\"wp-block-gallery has-nested-images columns-default is-cropped wp-block-gallery-4 is-layout-flex wp-block-gallery-is-layout-flex\">\n<figure class=\"wp-block-image size-large\"><img loading=\"lazy\" decoding=\"async\" width=\"644\" height=\"429\" data-id=\"67297\" src=\"https:\/\/www.uartes.edu.ec\/sitio\/wp-content\/uploads\/2025\/01\/19-CINE-MZ14-CON-MI-CORAZON-EN-YAMBO-644x429.jpg\" alt=\"\" class=\"wp-image-67297\" srcset=\"https:\/\/www.uartes.edu.ec\/sitio\/wp-content\/uploads\/2025\/01\/19-CINE-MZ14-CON-MI-CORAZON-EN-YAMBO-644x429.jpg 644w, https:\/\/www.uartes.edu.ec\/sitio\/wp-content\/uploads\/2025\/01\/19-CINE-MZ14-CON-MI-CORAZON-EN-YAMBO-300x200.jpg 300w, https:\/\/www.uartes.edu.ec\/sitio\/wp-content\/uploads\/2025\/01\/19-CINE-MZ14-CON-MI-CORAZON-EN-YAMBO-768x512.jpg 768w, https:\/\/www.uartes.edu.ec\/sitio\/wp-content\/uploads\/2025\/01\/19-CINE-MZ14-CON-MI-CORAZON-EN-YAMBO-1536x1024.jpg 1536w, https:\/\/www.uartes.edu.ec\/sitio\/wp-content\/uploads\/2025\/01\/19-CINE-MZ14-CON-MI-CORAZON-EN-YAMBO-18x12.jpg 18w, https:\/\/www.uartes.edu.ec\/sitio\/wp-content\/uploads\/2025\/01\/19-CINE-MZ14-CON-MI-CORAZON-EN-YAMBO-600x400.jpg 600w, https:\/\/www.uartes.edu.ec\/sitio\/wp-content\/uploads\/2025\/01\/19-CINE-MZ14-CON-MI-CORAZON-EN-YAMBO-400x267.jpg 400w, https:\/\/www.uartes.edu.ec\/sitio\/wp-content\/uploads\/2025\/01\/19-CINE-MZ14-CON-MI-CORAZON-EN-YAMBO-272x182.jpg 272w, https:\/\/www.uartes.edu.ec\/sitio\/wp-content\/uploads\/2025\/01\/19-CINE-MZ14-CON-MI-CORAZON-EN-YAMBO.jpg 2000w\" sizes=\"(max-width: 644px) 100vw, 644px\" \/><\/figure>\n\n\n\n<figure class=\"wp-block-image size-large\"><img loading=\"lazy\" decoding=\"async\" width=\"644\" height=\"429\" data-id=\"67299\" src=\"https:\/\/www.uartes.edu.ec\/sitio\/wp-content\/uploads\/2025\/01\/17-CINE-MZ14-CON-MI-CORAZON-EN-YAMBO-644x429.jpg\" alt=\"\" class=\"wp-image-67299\" srcset=\"https:\/\/www.uartes.edu.ec\/sitio\/wp-content\/uploads\/2025\/01\/17-CINE-MZ14-CON-MI-CORAZON-EN-YAMBO-644x429.jpg 644w, https:\/\/www.uartes.edu.ec\/sitio\/wp-content\/uploads\/2025\/01\/17-CINE-MZ14-CON-MI-CORAZON-EN-YAMBO-300x200.jpg 300w, https:\/\/www.uartes.edu.ec\/sitio\/wp-content\/uploads\/2025\/01\/17-CINE-MZ14-CON-MI-CORAZON-EN-YAMBO-768x512.jpg 768w, https:\/\/www.uartes.edu.ec\/sitio\/wp-content\/uploads\/2025\/01\/17-CINE-MZ14-CON-MI-CORAZON-EN-YAMBO-1536x1024.jpg 1536w, https:\/\/www.uartes.edu.ec\/sitio\/wp-content\/uploads\/2025\/01\/17-CINE-MZ14-CON-MI-CORAZON-EN-YAMBO-18x12.jpg 18w, https:\/\/www.uartes.edu.ec\/sitio\/wp-content\/uploads\/2025\/01\/17-CINE-MZ14-CON-MI-CORAZON-EN-YAMBO-600x400.jpg 600w, https:\/\/www.uartes.edu.ec\/sitio\/wp-content\/uploads\/2025\/01\/17-CINE-MZ14-CON-MI-CORAZON-EN-YAMBO-400x267.jpg 400w, https:\/\/www.uartes.edu.ec\/sitio\/wp-content\/uploads\/2025\/01\/17-CINE-MZ14-CON-MI-CORAZON-EN-YAMBO-272x182.jpg 272w, https:\/\/www.uartes.edu.ec\/sitio\/wp-content\/uploads\/2025\/01\/17-CINE-MZ14-CON-MI-CORAZON-EN-YAMBO.jpg 2000w\" sizes=\"(max-width: 644px) 100vw, 644px\" \/><\/figure>\n<\/figure>","protected":false},"excerpt":{"rendered":"<p>Con la proyecci\u00f3n del documental \u201cCon mi coraz\u00f3n en Yambo\u201d, la Universidad de las Artes record\u00f3 los 37 a\u00f1os de la desaparici\u00f3n de los Hnos. Restrepo. Hubo un foro con su directora, Mar\u00eda Fernanda Restrepo. Asistieron los familiares de Ismael, Josu\u00e9, Steven y Nehem\u00edas, los cuatro de las Malvinas de Guayaquil desaparecidos de manera forzada. La UArtes se suma al reclamo de justicia, verdad y reparaci\u00f3n integral, dijo el rector William Herrera, transmitiendo la solidaridad, el apoyo y el compromiso de nuestra comunidad.<\/p>","protected":false},"author":10,"featured_media":67307,"comment_status":"open","ping_status":"open","sticky":false,"template":"","format":"standard","meta":{"_acf_changed":false,"_uag_custom_page_level_css":"","_monsterinsights_skip_tracking":false,"_monsterinsights_sitenote_active":false,"_monsterinsights_sitenote_note":"","_monsterinsights_sitenote_category":0,"cybocfi_hide_featured_image":"","footnotes":""},"categories":[438,82,147,75,76,83],"tags":[1175],"infouartes":[],"class_list":["post-67296","post","type-post","status-publish","format-standard","has-post-thumbnail","hentry","category-administrativos","category-artes","category-cine","category-docentes","category-estudiantes","category-sedes","tag-foro"],"acf":[],"yoast_head":"<!-- This site is optimized with the Yoast SEO plugin v27.4 - https:\/\/yoast.com\/product\/yoast-seo-wordpress\/ -->\n<title>Universidad de las Artes - Proyecci\u00f3n de \u201cCon mi coraz\u00f3n en Yambo\u201d y foro sobre desaparici\u00f3n forzada de Hnos. Restrepo y los cuatro de las Malvinas<\/title>\n<meta name=\"description\" content=\"Universidad de las Artes - Proyecci\u00f3n de \u201cCon mi coraz\u00f3n en Yambo\u201d y foro sobre desaparici\u00f3n forzada de Hnos. Restrepo y los cuatro de las Malvinas\" \/>\n<meta name=\"robots\" content=\"index, follow, max-snippet:-1, max-image-preview:large, max-video-preview:-1\" \/>\n<link rel=\"canonical\" href=\"https:\/\/www.uartes.edu.ec\/sitio\/fr\/blog\/2025\/01\/15\/proyeccion-de-con-mi-corazon-en-yambo-y-foro-sobre-desaparicion-forzada-de-hermanos-restrepo-y-los-cuatro-de-las-malvinas\/\" \/>\n<meta property=\"og:locale\" content=\"fr_FR\" \/>\n<meta property=\"og:type\" content=\"article\" \/>\n<meta property=\"og:title\" content=\"Universidad de las Artes - Proyecci\u00f3n de \u201cCon mi coraz\u00f3n en Yambo\u201d y foro sobre desaparici\u00f3n forzada de Hnos. Restrepo y los cuatro de las Malvinas\" \/>\n<meta property=\"og:description\" content=\"Universidad de las Artes - Proyecci\u00f3n de \u201cCon mi coraz\u00f3n en Yambo\u201d y foro sobre desaparici\u00f3n forzada de Hnos. Restrepo y los cuatro de las Malvinas\" \/>\n<meta property=\"og:url\" content=\"https:\/\/www.uartes.edu.ec\/sitio\/fr\/blog\/2025\/01\/15\/proyeccion-de-con-mi-corazon-en-yambo-y-foro-sobre-desaparicion-forzada-de-hermanos-restrepo-y-los-cuatro-de-las-malvinas\/\" \/>\n<meta property=\"og:site_name\" content=\"Universidad de las Artes\" \/>\n<meta property=\"article:publisher\" content=\"https:\/\/www.facebook.com\/uartesec\" \/>\n<meta property=\"article:published_time\" content=\"2025-01-15T20:52:00+00:00\" \/>\n<meta property=\"article:modified_time\" content=\"2025-01-16T23:17:59+00:00\" \/>\n<meta property=\"og:image\" content=\"https:\/\/www.uartes.edu.ec\/sitio\/wp-content\/uploads\/2025\/01\/08-CINE-MZ14-CON-MI-CORAZON-EN-YAMBO.jpg\" \/>\n\t<meta property=\"og:image:width\" content=\"2000\" \/>\n\t<meta property=\"og:image:height\" content=\"1333\" \/>\n\t<meta property=\"og:image:type\" content=\"image\/jpeg\" \/>\n<meta name=\"author\" content=\"ccortez\" \/>\n<meta name=\"twitter:card\" content=\"summary_large_image\" \/>\n<meta name=\"twitter:creator\" content=\"@uartesec\" \/>\n<meta name=\"twitter:site\" content=\"@uartesec\" \/>\n<meta name=\"twitter:label1\" content=\"\u00c9crit par\" \/>\n\t<meta name=\"twitter:data1\" content=\"ccortez\" \/>\n\t<meta name=\"twitter:label2\" content=\"Dur\u00e9e de lecture estim\u00e9e\" \/>\n\t<meta name=\"twitter:data2\" content=\"5 minutes\" \/>\n<script type=\"application\/ld+json\" class=\"yoast-schema-graph\">{\"@context\":\"https:\\\/\\\/schema.org\",\"@graph\":[{\"@type\":\"Article\",\"@id\":\"https:\\\/\\\/www.uartes.edu.ec\\\/sitio\\\/fr\\\/blog\\\/2025\\\/01\\\/15\\\/proyeccion-de-con-mi-corazon-en-yambo-y-foro-sobre-desaparicion-forzada-de-hermanos-restrepo-y-los-cuatro-de-las-malvinas\\\/#article\",\"isPartOf\":{\"@id\":\"https:\\\/\\\/www.uartes.edu.ec\\\/sitio\\\/fr\\\/blog\\\/2025\\\/01\\\/15\\\/proyeccion-de-con-mi-corazon-en-yambo-y-foro-sobre-desaparicion-forzada-de-hermanos-restrepo-y-los-cuatro-de-las-malvinas\\\/\"},\"author\":{\"name\":\"ccortez\",\"@id\":\"https:\\\/\\\/www.uartes.edu.ec\\\/sitio\\\/fr\\\/#\\\/schema\\\/person\\\/efa1b8275797664fd7f13a79ccc0b1f4\"},\"headline\":\"Proyecci\u00f3n de \u201cCon mi coraz\u00f3n en Yambo\u201d y foro sobre desaparici\u00f3n forzada de Hnos. Restrepo y los cuatro de las Malvinas\",\"datePublished\":\"2025-01-15T20:52:00+00:00\",\"dateModified\":\"2025-01-16T23:17:59+00:00\",\"mainEntityOfPage\":{\"@id\":\"https:\\\/\\\/www.uartes.edu.ec\\\/sitio\\\/fr\\\/blog\\\/2025\\\/01\\\/15\\\/proyeccion-de-con-mi-corazon-en-yambo-y-foro-sobre-desaparicion-forzada-de-hermanos-restrepo-y-los-cuatro-de-las-malvinas\\\/\"},\"wordCount\":678,\"commentCount\":0,\"publisher\":{\"@id\":\"https:\\\/\\\/www.uartes.edu.ec\\\/sitio\\\/fr\\\/#organization\"},\"image\":{\"@id\":\"https:\\\/\\\/www.uartes.edu.ec\\\/sitio\\\/fr\\\/blog\\\/2025\\\/01\\\/15\\\/proyeccion-de-con-mi-corazon-en-yambo-y-foro-sobre-desaparicion-forzada-de-hermanos-restrepo-y-los-cuatro-de-las-malvinas\\\/#primaryimage\"},\"thumbnailUrl\":\"https:\\\/\\\/www.uartes.edu.ec\\\/sitio\\\/wp-content\\\/uploads\\\/2025\\\/01\\\/08-CINE-MZ14-CON-MI-CORAZON-EN-YAMBO.jpg\",\"keywords\":[\"foro\"],\"articleSection\":[\"Administrativos\",\"Artes\",\"Cine\",\"Docentes\",\"Estudiantes\",\"Sedes\"],\"inLanguage\":\"fr-FR\",\"potentialAction\":[{\"@type\":\"CommentAction\",\"name\":\"Comment\",\"target\":[\"https:\\\/\\\/www.uartes.edu.ec\\\/sitio\\\/fr\\\/blog\\\/2025\\\/01\\\/15\\\/proyeccion-de-con-mi-corazon-en-yambo-y-foro-sobre-desaparicion-forzada-de-hermanos-restrepo-y-los-cuatro-de-las-malvinas\\\/#respond\"]}]},{\"@type\":[\"WebPage\",\"ItemPage\"],\"@id\":\"https:\\\/\\\/www.uartes.edu.ec\\\/sitio\\\/fr\\\/blog\\\/2025\\\/01\\\/15\\\/proyeccion-de-con-mi-corazon-en-yambo-y-foro-sobre-desaparicion-forzada-de-hermanos-restrepo-y-los-cuatro-de-las-malvinas\\\/\",\"url\":\"https:\\\/\\\/www.uartes.edu.ec\\\/sitio\\\/fr\\\/blog\\\/2025\\\/01\\\/15\\\/proyeccion-de-con-mi-corazon-en-yambo-y-foro-sobre-desaparicion-forzada-de-hermanos-restrepo-y-los-cuatro-de-las-malvinas\\\/\",\"name\":\"Universidad de las Artes - Proyecci\u00f3n de \u201cCon mi coraz\u00f3n en Yambo\u201d y foro sobre desaparici\u00f3n forzada de Hnos. Restrepo y los cuatro de las Malvinas\",\"isPartOf\":{\"@id\":\"https:\\\/\\\/www.uartes.edu.ec\\\/sitio\\\/fr\\\/#website\"},\"primaryImageOfPage\":{\"@id\":\"https:\\\/\\\/www.uartes.edu.ec\\\/sitio\\\/fr\\\/blog\\\/2025\\\/01\\\/15\\\/proyeccion-de-con-mi-corazon-en-yambo-y-foro-sobre-desaparicion-forzada-de-hermanos-restrepo-y-los-cuatro-de-las-malvinas\\\/#primaryimage\"},\"image\":{\"@id\":\"https:\\\/\\\/www.uartes.edu.ec\\\/sitio\\\/fr\\\/blog\\\/2025\\\/01\\\/15\\\/proyeccion-de-con-mi-corazon-en-yambo-y-foro-sobre-desaparicion-forzada-de-hermanos-restrepo-y-los-cuatro-de-las-malvinas\\\/#primaryimage\"},\"thumbnailUrl\":\"https:\\\/\\\/www.uartes.edu.ec\\\/sitio\\\/wp-content\\\/uploads\\\/2025\\\/01\\\/08-CINE-MZ14-CON-MI-CORAZON-EN-YAMBO.jpg\",\"datePublished\":\"2025-01-15T20:52:00+00:00\",\"dateModified\":\"2025-01-16T23:17:59+00:00\",\"description\":\"Universidad de las Artes - Proyecci\u00f3n de \u201cCon mi coraz\u00f3n en Yambo\u201d y foro sobre desaparici\u00f3n forzada de Hnos. Restrepo y los cuatro de las Malvinas\",\"breadcrumb\":{\"@id\":\"https:\\\/\\\/www.uartes.edu.ec\\\/sitio\\\/fr\\\/blog\\\/2025\\\/01\\\/15\\\/proyeccion-de-con-mi-corazon-en-yambo-y-foro-sobre-desaparicion-forzada-de-hermanos-restrepo-y-los-cuatro-de-las-malvinas\\\/#breadcrumb\"},\"inLanguage\":\"fr-FR\",\"potentialAction\":[{\"@type\":\"ReadAction\",\"target\":[\"https:\\\/\\\/www.uartes.edu.ec\\\/sitio\\\/fr\\\/blog\\\/2025\\\/01\\\/15\\\/proyeccion-de-con-mi-corazon-en-yambo-y-foro-sobre-desaparicion-forzada-de-hermanos-restrepo-y-los-cuatro-de-las-malvinas\\\/\"]}]},{\"@type\":\"ImageObject\",\"inLanguage\":\"fr-FR\",\"@id\":\"https:\\\/\\\/www.uartes.edu.ec\\\/sitio\\\/fr\\\/blog\\\/2025\\\/01\\\/15\\\/proyeccion-de-con-mi-corazon-en-yambo-y-foro-sobre-desaparicion-forzada-de-hermanos-restrepo-y-los-cuatro-de-las-malvinas\\\/#primaryimage\",\"url\":\"https:\\\/\\\/www.uartes.edu.ec\\\/sitio\\\/wp-content\\\/uploads\\\/2025\\\/01\\\/08-CINE-MZ14-CON-MI-CORAZON-EN-YAMBO.jpg\",\"contentUrl\":\"https:\\\/\\\/www.uartes.edu.ec\\\/sitio\\\/wp-content\\\/uploads\\\/2025\\\/01\\\/08-CINE-MZ14-CON-MI-CORAZON-EN-YAMBO.jpg\",\"width\":2000,\"height\":1333},{\"@type\":\"BreadcrumbList\",\"@id\":\"https:\\\/\\\/www.uartes.edu.ec\\\/sitio\\\/fr\\\/blog\\\/2025\\\/01\\\/15\\\/proyeccion-de-con-mi-corazon-en-yambo-y-foro-sobre-desaparicion-forzada-de-hermanos-restrepo-y-los-cuatro-de-las-malvinas\\\/#breadcrumb\",\"itemListElement\":[{\"@type\":\"ListItem\",\"position\":1,\"name\":\"Inicio\",\"item\":\"https:\\\/\\\/www.uartes.edu.ec\\\/sitio\\\/\"},{\"@type\":\"ListItem\",\"position\":2,\"name\":\"Proyecci\u00f3n de \u201cCon mi coraz\u00f3n en Yambo\u201d y foro sobre desaparici\u00f3n forzada de Hnos. Restrepo y los cuatro de las Malvinas\"}]},{\"@type\":\"WebSite\",\"@id\":\"https:\\\/\\\/www.uartes.edu.ec\\\/sitio\\\/fr\\\/#website\",\"url\":\"https:\\\/\\\/www.uartes.edu.ec\\\/sitio\\\/fr\\\/\",\"name\":\"Universidad de las Artes\",\"description\":\"Sitio oficial de la Universidad Nacional de las Artes del Ecuador\",\"publisher\":{\"@id\":\"https:\\\/\\\/www.uartes.edu.ec\\\/sitio\\\/fr\\\/#organization\"},\"potentialAction\":[{\"@type\":\"SearchAction\",\"target\":{\"@type\":\"EntryPoint\",\"urlTemplate\":\"https:\\\/\\\/www.uartes.edu.ec\\\/sitio\\\/fr\\\/?s={search_term_string}\"},\"query-input\":{\"@type\":\"PropertyValueSpecification\",\"valueRequired\":true,\"valueName\":\"search_term_string\"}}],\"inLanguage\":\"fr-FR\"},{\"@type\":\"Organization\",\"@id\":\"https:\\\/\\\/www.uartes.edu.ec\\\/sitio\\\/fr\\\/#organization\",\"name\":\"Universidad de las Artes\",\"url\":\"https:\\\/\\\/www.uartes.edu.ec\\\/sitio\\\/fr\\\/\",\"logo\":{\"@type\":\"ImageObject\",\"inLanguage\":\"fr-FR\",\"@id\":\"https:\\\/\\\/www.uartes.edu.ec\\\/sitio\\\/fr\\\/#\\\/schema\\\/logo\\\/image\\\/\",\"url\":\"https:\\\/\\\/www.uartes.edu.ec\\\/sitio\\\/wp-content\\\/uploads\\\/2022\\\/07\\\/logo-ua-horizontal.png\",\"contentUrl\":\"https:\\\/\\\/www.uartes.edu.ec\\\/sitio\\\/wp-content\\\/uploads\\\/2022\\\/07\\\/logo-ua-horizontal.png\",\"width\":800,\"height\":276,\"caption\":\"Universidad de las Artes\"},\"image\":{\"@id\":\"https:\\\/\\\/www.uartes.edu.ec\\\/sitio\\\/fr\\\/#\\\/schema\\\/logo\\\/image\\\/\"},\"sameAs\":[\"https:\\\/\\\/www.facebook.com\\\/uartesec\",\"https:\\\/\\\/x.com\\\/uartesec\",\"https:\\\/\\\/www.tiktok.com\\\/@uartesec\"]},{\"@type\":\"Person\",\"@id\":\"https:\\\/\\\/www.uartes.edu.ec\\\/sitio\\\/fr\\\/#\\\/schema\\\/person\\\/efa1b8275797664fd7f13a79ccc0b1f4\",\"name\":\"ccortez\",\"image\":{\"@type\":\"ImageObject\",\"inLanguage\":\"fr-FR\",\"@id\":\"https:\\\/\\\/secure.gravatar.com\\\/avatar\\\/b2a6f664a3ae8e074346ef91775736c5ec479e637ecced6842de9dc98b5da9cd?s=96&d=mm&r=g\",\"url\":\"https:\\\/\\\/secure.gravatar.com\\\/avatar\\\/b2a6f664a3ae8e074346ef91775736c5ec479e637ecced6842de9dc98b5da9cd?s=96&d=mm&r=g\",\"contentUrl\":\"https:\\\/\\\/secure.gravatar.com\\\/avatar\\\/b2a6f664a3ae8e074346ef91775736c5ec479e637ecced6842de9dc98b5da9cd?s=96&d=mm&r=g\",\"caption\":\"ccortez\"},\"url\":\"https:\\\/\\\/www.uartes.edu.ec\\\/sitio\\\/fr\\\/blog\\\/author\\\/ccortez\\\/\"}]}<\/script>\n<!-- \/ Yoast SEO plugin. -->","yoast_head_json":{"title":"Universidad de las Artes - Proyecci\u00f3n de \u201cCon mi coraz\u00f3n en Yambo\u201d y foro sobre desaparici\u00f3n forzada de Hnos. Restrepo y los cuatro de las Malvinas","description":"Universidad de las Artes - Proyecci\u00f3n de \u201cCon mi coraz\u00f3n en Yambo\u201d y foro sobre desaparici\u00f3n forzada de Hnos. Restrepo y los cuatro de las Malvinas","robots":{"index":"index","follow":"follow","max-snippet":"max-snippet:-1","max-image-preview":"max-image-preview:large","max-video-preview":"max-video-preview:-1"},"canonical":"https:\/\/www.uartes.edu.ec\/sitio\/fr\/blog\/2025\/01\/15\/proyeccion-de-con-mi-corazon-en-yambo-y-foro-sobre-desaparicion-forzada-de-hermanos-restrepo-y-los-cuatro-de-las-malvinas\/","og_locale":"fr_FR","og_type":"article","og_title":"Universidad de las Artes - Proyecci\u00f3n de \u201cCon mi coraz\u00f3n en Yambo\u201d y foro sobre desaparici\u00f3n forzada de Hnos. Restrepo y los cuatro de las Malvinas","og_description":"Universidad de las Artes - Proyecci\u00f3n de \u201cCon mi coraz\u00f3n en Yambo\u201d y foro sobre desaparici\u00f3n forzada de Hnos. Restrepo y los cuatro de las Malvinas","og_url":"https:\/\/www.uartes.edu.ec\/sitio\/fr\/blog\/2025\/01\/15\/proyeccion-de-con-mi-corazon-en-yambo-y-foro-sobre-desaparicion-forzada-de-hermanos-restrepo-y-los-cuatro-de-las-malvinas\/","og_site_name":"Universidad de las Artes","article_publisher":"https:\/\/www.facebook.com\/uartesec","article_published_time":"2025-01-15T20:52:00+00:00","article_modified_time":"2025-01-16T23:17:59+00:00","og_image":[{"width":2000,"height":1333,"url":"https:\/\/www.uartes.edu.ec\/sitio\/wp-content\/uploads\/2025\/01\/08-CINE-MZ14-CON-MI-CORAZON-EN-YAMBO.jpg","type":"image\/jpeg"}],"author":"ccortez","twitter_card":"summary_large_image","twitter_creator":"@uartesec","twitter_site":"@uartesec","twitter_misc":{"\u00c9crit par":"ccortez","Dur\u00e9e de lecture estim\u00e9e":"5 minutes"},"schema":{"@context":"https:\/\/schema.org","@graph":[{"@type":"Article","@id":"https:\/\/www.uartes.edu.ec\/sitio\/fr\/blog\/2025\/01\/15\/proyeccion-de-con-mi-corazon-en-yambo-y-foro-sobre-desaparicion-forzada-de-hermanos-restrepo-y-los-cuatro-de-las-malvinas\/#article","isPartOf":{"@id":"https:\/\/www.uartes.edu.ec\/sitio\/fr\/blog\/2025\/01\/15\/proyeccion-de-con-mi-corazon-en-yambo-y-foro-sobre-desaparicion-forzada-de-hermanos-restrepo-y-los-cuatro-de-las-malvinas\/"},"author":{"name":"ccortez","@id":"https:\/\/www.uartes.edu.ec\/sitio\/fr\/#\/schema\/person\/efa1b8275797664fd7f13a79ccc0b1f4"},"headline":"Proyecci\u00f3n de \u201cCon mi coraz\u00f3n en Yambo\u201d y foro sobre desaparici\u00f3n forzada de Hnos. Restrepo y los cuatro de las Malvinas","datePublished":"2025-01-15T20:52:00+00:00","dateModified":"2025-01-16T23:17:59+00:00","mainEntityOfPage":{"@id":"https:\/\/www.uartes.edu.ec\/sitio\/fr\/blog\/2025\/01\/15\/proyeccion-de-con-mi-corazon-en-yambo-y-foro-sobre-desaparicion-forzada-de-hermanos-restrepo-y-los-cuatro-de-las-malvinas\/"},"wordCount":678,"commentCount":0,"publisher":{"@id":"https:\/\/www.uartes.edu.ec\/sitio\/fr\/#organization"},"image":{"@id":"https:\/\/www.uartes.edu.ec\/sitio\/fr\/blog\/2025\/01\/15\/proyeccion-de-con-mi-corazon-en-yambo-y-foro-sobre-desaparicion-forzada-de-hermanos-restrepo-y-los-cuatro-de-las-malvinas\/#primaryimage"},"thumbnailUrl":"https:\/\/www.uartes.edu.ec\/sitio\/wp-content\/uploads\/2025\/01\/08-CINE-MZ14-CON-MI-CORAZON-EN-YAMBO.jpg","keywords":["foro"],"articleSection":["Administrativos","Artes","Cine","Docentes","Estudiantes","Sedes"],"inLanguage":"fr-FR","potentialAction":[{"@type":"CommentAction","name":"Comment","target":["https:\/\/www.uartes.edu.ec\/sitio\/fr\/blog\/2025\/01\/15\/proyeccion-de-con-mi-corazon-en-yambo-y-foro-sobre-desaparicion-forzada-de-hermanos-restrepo-y-los-cuatro-de-las-malvinas\/#respond"]}]},{"@type":["WebPage","ItemPage"],"@id":"https:\/\/www.uartes.edu.ec\/sitio\/fr\/blog\/2025\/01\/15\/proyeccion-de-con-mi-corazon-en-yambo-y-foro-sobre-desaparicion-forzada-de-hermanos-restrepo-y-los-cuatro-de-las-malvinas\/","url":"https:\/\/www.uartes.edu.ec\/sitio\/fr\/blog\/2025\/01\/15\/proyeccion-de-con-mi-corazon-en-yambo-y-foro-sobre-desaparicion-forzada-de-hermanos-restrepo-y-los-cuatro-de-las-malvinas\/","name":"Universidad de las Artes - Proyecci\u00f3n de \u201cCon mi coraz\u00f3n en Yambo\u201d y foro sobre desaparici\u00f3n forzada de Hnos. Restrepo y los cuatro de las Malvinas","isPartOf":{"@id":"https:\/\/www.uartes.edu.ec\/sitio\/fr\/#website"},"primaryImageOfPage":{"@id":"https:\/\/www.uartes.edu.ec\/sitio\/fr\/blog\/2025\/01\/15\/proyeccion-de-con-mi-corazon-en-yambo-y-foro-sobre-desaparicion-forzada-de-hermanos-restrepo-y-los-cuatro-de-las-malvinas\/#primaryimage"},"image":{"@id":"https:\/\/www.uartes.edu.ec\/sitio\/fr\/blog\/2025\/01\/15\/proyeccion-de-con-mi-corazon-en-yambo-y-foro-sobre-desaparicion-forzada-de-hermanos-restrepo-y-los-cuatro-de-las-malvinas\/#primaryimage"},"thumbnailUrl":"https:\/\/www.uartes.edu.ec\/sitio\/wp-content\/uploads\/2025\/01\/08-CINE-MZ14-CON-MI-CORAZON-EN-YAMBO.jpg","datePublished":"2025-01-15T20:52:00+00:00","dateModified":"2025-01-16T23:17:59+00:00","description":"Universidad de las Artes - Proyecci\u00f3n de \u201cCon mi coraz\u00f3n en Yambo\u201d y foro sobre desaparici\u00f3n forzada de Hnos. Restrepo y los cuatro de las Malvinas","breadcrumb":{"@id":"https:\/\/www.uartes.edu.ec\/sitio\/fr\/blog\/2025\/01\/15\/proyeccion-de-con-mi-corazon-en-yambo-y-foro-sobre-desaparicion-forzada-de-hermanos-restrepo-y-los-cuatro-de-las-malvinas\/#breadcrumb"},"inLanguage":"fr-FR","potentialAction":[{"@type":"ReadAction","target":["https:\/\/www.uartes.edu.ec\/sitio\/fr\/blog\/2025\/01\/15\/proyeccion-de-con-mi-corazon-en-yambo-y-foro-sobre-desaparicion-forzada-de-hermanos-restrepo-y-los-cuatro-de-las-malvinas\/"]}]},{"@type":"ImageObject","inLanguage":"fr-FR","@id":"https:\/\/www.uartes.edu.ec\/sitio\/fr\/blog\/2025\/01\/15\/proyeccion-de-con-mi-corazon-en-yambo-y-foro-sobre-desaparicion-forzada-de-hermanos-restrepo-y-los-cuatro-de-las-malvinas\/#primaryimage","url":"https:\/\/www.uartes.edu.ec\/sitio\/wp-content\/uploads\/2025\/01\/08-CINE-MZ14-CON-MI-CORAZON-EN-YAMBO.jpg","contentUrl":"https:\/\/www.uartes.edu.ec\/sitio\/wp-content\/uploads\/2025\/01\/08-CINE-MZ14-CON-MI-CORAZON-EN-YAMBO.jpg","width":2000,"height":1333},{"@type":"BreadcrumbList","@id":"https:\/\/www.uartes.edu.ec\/sitio\/fr\/blog\/2025\/01\/15\/proyeccion-de-con-mi-corazon-en-yambo-y-foro-sobre-desaparicion-forzada-de-hermanos-restrepo-y-los-cuatro-de-las-malvinas\/#breadcrumb","itemListElement":[{"@type":"ListItem","position":1,"name":"Inicio","item":"https:\/\/www.uartes.edu.ec\/sitio\/"},{"@type":"ListItem","position":2,"name":"Proyecci\u00f3n de \u201cCon mi coraz\u00f3n en Yambo\u201d y foro sobre desaparici\u00f3n forzada de Hnos. Restrepo y los cuatro de las Malvinas"}]},{"@type":"WebSite","@id":"https:\/\/www.uartes.edu.ec\/sitio\/fr\/#website","url":"https:\/\/www.uartes.edu.ec\/sitio\/fr\/","name":"Universidad de las Artes","description":"Sitio oficial de la Universidad Nacional de las Artes del Ecuador","publisher":{"@id":"https:\/\/www.uartes.edu.ec\/sitio\/fr\/#organization"},"potentialAction":[{"@type":"SearchAction","target":{"@type":"EntryPoint","urlTemplate":"https:\/\/www.uartes.edu.ec\/sitio\/fr\/?s={search_term_string}"},"query-input":{"@type":"PropertyValueSpecification","valueRequired":true,"valueName":"search_term_string"}}],"inLanguage":"fr-FR"},{"@type":"Organization","@id":"https:\/\/www.uartes.edu.ec\/sitio\/fr\/#organization","name":"Universidad de las Artes","url":"https:\/\/www.uartes.edu.ec\/sitio\/fr\/","logo":{"@type":"ImageObject","inLanguage":"fr-FR","@id":"https:\/\/www.uartes.edu.ec\/sitio\/fr\/#\/schema\/logo\/image\/","url":"https:\/\/www.uartes.edu.ec\/sitio\/wp-content\/uploads\/2022\/07\/logo-ua-horizontal.png","contentUrl":"https:\/\/www.uartes.edu.ec\/sitio\/wp-content\/uploads\/2022\/07\/logo-ua-horizontal.png","width":800,"height":276,"caption":"Universidad de las Artes"},"image":{"@id":"https:\/\/www.uartes.edu.ec\/sitio\/fr\/#\/schema\/logo\/image\/"},"sameAs":["https:\/\/www.facebook.com\/uartesec","https:\/\/x.com\/uartesec","https:\/\/www.tiktok.com\/@uartesec"]},{"@type":"Person","@id":"https:\/\/www.uartes.edu.ec\/sitio\/fr\/#\/schema\/person\/efa1b8275797664fd7f13a79ccc0b1f4","name":"ccortez","image":{"@type":"ImageObject","inLanguage":"fr-FR","@id":"https:\/\/secure.gravatar.com\/avatar\/b2a6f664a3ae8e074346ef91775736c5ec479e637ecced6842de9dc98b5da9cd?s=96&d=mm&r=g","url":"https:\/\/secure.gravatar.com\/avatar\/b2a6f664a3ae8e074346ef91775736c5ec479e637ecced6842de9dc98b5da9cd?s=96&d=mm&r=g","contentUrl":"https:\/\/secure.gravatar.com\/avatar\/b2a6f664a3ae8e074346ef91775736c5ec479e637ecced6842de9dc98b5da9cd?s=96&d=mm&r=g","caption":"ccortez"},"url":"https:\/\/www.uartes.edu.ec\/sitio\/fr\/blog\/author\/ccortez\/"}]}},"uagb_featured_image_src":{"full":["https:\/\/www.uartes.edu.ec\/sitio\/wp-content\/uploads\/2025\/01\/08-CINE-MZ14-CON-MI-CORAZON-EN-YAMBO.jpg",2000,1333,false],"thumbnail":["https:\/\/www.uartes.edu.ec\/sitio\/wp-content\/uploads\/2025\/01\/08-CINE-MZ14-CON-MI-CORAZON-EN-YAMBO-150x150.jpg",150,150,true],"medium":["https:\/\/www.uartes.edu.ec\/sitio\/wp-content\/uploads\/2025\/01\/08-CINE-MZ14-CON-MI-CORAZON-EN-YAMBO-300x200.jpg",300,200,true],"medium_large":["https:\/\/www.uartes.edu.ec\/sitio\/wp-content\/uploads\/2025\/01\/08-CINE-MZ14-CON-MI-CORAZON-EN-YAMBO-768x512.jpg",768,512,true],"large":["https:\/\/www.uartes.edu.ec\/sitio\/wp-content\/uploads\/2025\/01\/08-CINE-MZ14-CON-MI-CORAZON-EN-YAMBO-644x429.jpg",644,429,true],"1536x1536":["https:\/\/www.uartes.edu.ec\/sitio\/wp-content\/uploads\/2025\/01\/08-CINE-MZ14-CON-MI-CORAZON-EN-YAMBO-1536x1024.jpg",1536,1024,true],"2048x2048":["https:\/\/www.uartes.edu.ec\/sitio\/wp-content\/uploads\/2025\/01\/08-CINE-MZ14-CON-MI-CORAZON-EN-YAMBO.jpg",2000,1333,false],"trp-custom-language-flag":["https:\/\/www.uartes.edu.ec\/sitio\/wp-content\/uploads\/2025\/01\/08-CINE-MZ14-CON-MI-CORAZON-EN-YAMBO-18x12.jpg",18,12,true],"htmega_size_585x295":["https:\/\/www.uartes.edu.ec\/sitio\/wp-content\/uploads\/2025\/01\/08-CINE-MZ14-CON-MI-CORAZON-EN-YAMBO-585x295.jpg",585,295,true],"htmega_size_1170x536":["https:\/\/www.uartes.edu.ec\/sitio\/wp-content\/uploads\/2025\/01\/08-CINE-MZ14-CON-MI-CORAZON-EN-YAMBO-1170x536.jpg",1170,536,true],"htmega_size_396x360":["https:\/\/www.uartes.edu.ec\/sitio\/wp-content\/uploads\/2025\/01\/08-CINE-MZ14-CON-MI-CORAZON-EN-YAMBO-396x360.jpg",396,360,true],"gb-block-post-grid-landscape":["https:\/\/www.uartes.edu.ec\/sitio\/wp-content\/uploads\/2025\/01\/08-CINE-MZ14-CON-MI-CORAZON-EN-YAMBO-600x400.jpg",600,400,true],"gb-block-post-grid-square":["https:\/\/www.uartes.edu.ec\/sitio\/wp-content\/uploads\/2025\/01\/08-CINE-MZ14-CON-MI-CORAZON-EN-YAMBO-600x600.jpg",600,600,true],"university-hub-thumb":["https:\/\/www.uartes.edu.ec\/sitio\/wp-content\/uploads\/2025\/01\/08-CINE-MZ14-CON-MI-CORAZON-EN-YAMBO-400x267.jpg",400,267,true]},"uagb_author_info":{"display_name":"ccortez","author_link":"https:\/\/www.uartes.edu.ec\/sitio\/fr\/blog\/author\/ccortez\/"},"uagb_comment_info":0,"uagb_excerpt":"Con la proyecci\u00f3n del documental \u201cCon mi coraz\u00f3n en Yambo\u201d, la Universidad de las Artes record\u00f3 los 37 a\u00f1os de la desaparici\u00f3n de los Hnos. Restrepo. Hubo un foro con su directora, Mar\u00eda Fernanda Restrepo. Asistieron los familiares de Ismael, Josu\u00e9, Steven y Nehem\u00edas, los cuatro de las Malvinas de Guayaquil desaparecidos de manera forzada.\u2026","featured_image_src":"https:\/\/www.uartes.edu.ec\/sitio\/wp-content\/uploads\/2025\/01\/08-CINE-MZ14-CON-MI-CORAZON-EN-YAMBO-600x400.jpg","featured_image_src_square":"https:\/\/www.uartes.edu.ec\/sitio\/wp-content\/uploads\/2025\/01\/08-CINE-MZ14-CON-MI-CORAZON-EN-YAMBO-600x600.jpg","author_info":{"display_name":"ccortez","author_link":"https:\/\/www.uartes.edu.ec\/sitio\/fr\/blog\/author\/ccortez\/"},"publishpress_future_workflow_manual_trigger":{"enabledWorkflows":[]},"distributor_meta":false,"distributor_terms":false,"distributor_media":false,"distributor_original_site_name":"Universidad de las Artes","distributor_original_site_url":"https:\/\/www.uartes.edu.ec\/sitio\/fr","push-errors":false,"_links":{"self":[{"href":"https:\/\/www.uartes.edu.ec\/sitio\/fr\/wp-json\/wp\/v2\/posts\/67296","targetHints":{"allow":["GET"]}}],"collection":[{"href":"https:\/\/www.uartes.edu.ec\/sitio\/fr\/wp-json\/wp\/v2\/posts"}],"about":[{"href":"https:\/\/www.uartes.edu.ec\/sitio\/fr\/wp-json\/wp\/v2\/types\/post"}],"author":[{"embeddable":true,"href":"https:\/\/www.uartes.edu.ec\/sitio\/fr\/wp-json\/wp\/v2\/users\/10"}],"replies":[{"embeddable":true,"href":"https:\/\/www.uartes.edu.ec\/sitio\/fr\/wp-json\/wp\/v2\/comments?post=67296"}],"version-history":[{"count":5,"href":"https:\/\/www.uartes.edu.ec\/sitio\/fr\/wp-json\/wp\/v2\/posts\/67296\/revisions"}],"predecessor-version":[{"id":67347,"href":"https:\/\/www.uartes.edu.ec\/sitio\/fr\/wp-json\/wp\/v2\/posts\/67296\/revisions\/67347"}],"wp:featuredmedia":[{"embeddable":true,"href":"https:\/\/www.uartes.edu.ec\/sitio\/fr\/wp-json\/wp\/v2\/media\/67307"}],"wp:attachment":[{"href":"https:\/\/www.uartes.edu.ec\/sitio\/fr\/wp-json\/wp\/v2\/media?parent=67296"}],"wp:term":[{"taxonomy":"category","embeddable":true,"href":"https:\/\/www.uartes.edu.ec\/sitio\/fr\/wp-json\/wp\/v2\/categories?post=67296"},{"taxonomy":"post_tag","embeddable":true,"href":"https:\/\/www.uartes.edu.ec\/sitio\/fr\/wp-json\/wp\/v2\/tags?post=67296"},{"taxonomy":"infouartes","embeddable":true,"href":"https:\/\/www.uartes.edu.ec\/sitio\/fr\/wp-json\/wp\/v2\/infouartes?post=67296"}],"curies":[{"name":"wp","href":"https:\/\/api.w.org\/{rel}","templated":true}]}}