{"id":67419,"date":"2025-01-20T15:26:00","date_gmt":"2025-01-20T20:26:00","guid":{"rendered":"https:\/\/www.uartes.edu.ec\/sitio\/?p=67419"},"modified":"2025-01-23T12:28:41","modified_gmt":"2025-01-23T17:28:41","slug":"estimulos-y-reconocimientos-especiales-para-el-personal-academico-de-la-uartes","status":"publish","type":"post","link":"https:\/\/www.uartes.edu.ec\/sitio\/fr\/blog\/2025\/01\/20\/estimulos-y-reconocimientos-especiales-para-el-personal-academico-de-la-uartes\/","title":{"rendered":"Est\u00edmulos y Reconocimientos Especiales para el personal acad\u00e9mico de la UArtes"},"content":{"rendered":"<p>En sesi\u00f3n solemne, y con la presencia de las autoridades universitarias y de los miembros del \u00d3rgano Colegiado Superior (OCS), la Universidad de las Artes entreg\u00f3 el viernes 17 de enero de 2025 certificados de Est\u00edmulos y Reconocimientos Especiales a su personal acad\u00e9mico, por los resultados generados en torno a la docencia, investigaci\u00f3n, innovaci\u00f3n, vinculaci\u00f3n con la sociedad y gesti\u00f3n institucional.<\/p>\n\n\n\n<p>La abogada Patricia Ayala, secretaria ad hoc del OCS, se\u00f1al\u00f3 como orden del d\u00eda las entregas mencionadas y la intervenci\u00f3n de nuestro rector, doctor William Herrera, quien tras las respectivas bienvenidas revel\u00f3 que era la primera vez que la UArtes realizaba un ejercicio de esa naturaleza, enmarcado en el Reglamento de Carrera y Escalaf\u00f3n del personal acad\u00e9mico y del Consejo de Educaci\u00f3n Superior.<\/p>\n\n\n\n<p>Es un ejercicio que tiene como objetivo identificar los procesos que, impulsados por el personal acad\u00e9mico, han destacado en el transcurso de estos \u00faltimos dos y tres a\u00f1os, agreg\u00f3 el rector y subray\u00f3 que, a partir de los resultados, ha sido posible identificar el gran compromiso de casi la totalidad del personal acad\u00e9mico en la consolidaci\u00f3n y el fortalecimiento de los procesos de docencia, vinculaci\u00f3n e investigaci\u00f3n.&nbsp;<\/p>\n\n\n<div class=\"wp-block-image\">\n<figure class=\"aligncenter size-large\"><img fetchpriority=\"high\" decoding=\"async\" width=\"644\" height=\"429\" src=\"https:\/\/www.uartes.edu.ec\/sitio\/wp-content\/uploads\/2025\/01\/06-CERTIFICADOS-ESTIMULO-DOCENTES-644x429.jpg\" alt=\"\" class=\"wp-image-67423\" srcset=\"https:\/\/www.uartes.edu.ec\/sitio\/wp-content\/uploads\/2025\/01\/06-CERTIFICADOS-ESTIMULO-DOCENTES-644x429.jpg 644w, https:\/\/www.uartes.edu.ec\/sitio\/wp-content\/uploads\/2025\/01\/06-CERTIFICADOS-ESTIMULO-DOCENTES-300x200.jpg 300w, https:\/\/www.uartes.edu.ec\/sitio\/wp-content\/uploads\/2025\/01\/06-CERTIFICADOS-ESTIMULO-DOCENTES-768x512.jpg 768w, https:\/\/www.uartes.edu.ec\/sitio\/wp-content\/uploads\/2025\/01\/06-CERTIFICADOS-ESTIMULO-DOCENTES-1536x1024.jpg 1536w, https:\/\/www.uartes.edu.ec\/sitio\/wp-content\/uploads\/2025\/01\/06-CERTIFICADOS-ESTIMULO-DOCENTES-18x12.jpg 18w, https:\/\/www.uartes.edu.ec\/sitio\/wp-content\/uploads\/2025\/01\/06-CERTIFICADOS-ESTIMULO-DOCENTES-600x400.jpg 600w, https:\/\/www.uartes.edu.ec\/sitio\/wp-content\/uploads\/2025\/01\/06-CERTIFICADOS-ESTIMULO-DOCENTES-400x267.jpg 400w, https:\/\/www.uartes.edu.ec\/sitio\/wp-content\/uploads\/2025\/01\/06-CERTIFICADOS-ESTIMULO-DOCENTES-272x182.jpg 272w, https:\/\/www.uartes.edu.ec\/sitio\/wp-content\/uploads\/2025\/01\/06-CERTIFICADOS-ESTIMULO-DOCENTES.jpg 2000w\" sizes=\"(max-width: 644px) 100vw, 644px\" \/><\/figure>\n<\/div>\n\n\n<figure class=\"wp-block-gallery has-nested-images columns-default is-cropped wp-block-gallery-1 is-layout-flex wp-block-gallery-is-layout-flex\">\n<figure class=\"wp-block-image size-large\"><img decoding=\"async\" width=\"644\" height=\"429\" data-id=\"67421\" src=\"https:\/\/www.uartes.edu.ec\/sitio\/wp-content\/uploads\/2025\/01\/07-CERTIFICADOS-ESTIMULO-DOCENTES-644x429.jpg\" alt=\"\" class=\"wp-image-67421\" srcset=\"https:\/\/www.uartes.edu.ec\/sitio\/wp-content\/uploads\/2025\/01\/07-CERTIFICADOS-ESTIMULO-DOCENTES-644x429.jpg 644w, https:\/\/www.uartes.edu.ec\/sitio\/wp-content\/uploads\/2025\/01\/07-CERTIFICADOS-ESTIMULO-DOCENTES-300x200.jpg 300w, https:\/\/www.uartes.edu.ec\/sitio\/wp-content\/uploads\/2025\/01\/07-CERTIFICADOS-ESTIMULO-DOCENTES-768x512.jpg 768w, https:\/\/www.uartes.edu.ec\/sitio\/wp-content\/uploads\/2025\/01\/07-CERTIFICADOS-ESTIMULO-DOCENTES-1536x1024.jpg 1536w, https:\/\/www.uartes.edu.ec\/sitio\/wp-content\/uploads\/2025\/01\/07-CERTIFICADOS-ESTIMULO-DOCENTES-18x12.jpg 18w, https:\/\/www.uartes.edu.ec\/sitio\/wp-content\/uploads\/2025\/01\/07-CERTIFICADOS-ESTIMULO-DOCENTES-600x400.jpg 600w, https:\/\/www.uartes.edu.ec\/sitio\/wp-content\/uploads\/2025\/01\/07-CERTIFICADOS-ESTIMULO-DOCENTES-400x267.jpg 400w, https:\/\/www.uartes.edu.ec\/sitio\/wp-content\/uploads\/2025\/01\/07-CERTIFICADOS-ESTIMULO-DOCENTES-272x182.jpg 272w, https:\/\/www.uartes.edu.ec\/sitio\/wp-content\/uploads\/2025\/01\/07-CERTIFICADOS-ESTIMULO-DOCENTES.jpg 2000w\" sizes=\"(max-width: 644px) 100vw, 644px\" \/><\/figure>\n\n\n\n<figure class=\"wp-block-image size-large\"><img decoding=\"async\" width=\"644\" height=\"429\" data-id=\"67422\" src=\"https:\/\/www.uartes.edu.ec\/sitio\/wp-content\/uploads\/2025\/01\/08-CERTIFICADOS-ESTIMULO-DOCENTES-644x429.jpg\" alt=\"\" class=\"wp-image-67422\" srcset=\"https:\/\/www.uartes.edu.ec\/sitio\/wp-content\/uploads\/2025\/01\/08-CERTIFICADOS-ESTIMULO-DOCENTES-644x429.jpg 644w, https:\/\/www.uartes.edu.ec\/sitio\/wp-content\/uploads\/2025\/01\/08-CERTIFICADOS-ESTIMULO-DOCENTES-300x200.jpg 300w, https:\/\/www.uartes.edu.ec\/sitio\/wp-content\/uploads\/2025\/01\/08-CERTIFICADOS-ESTIMULO-DOCENTES-768x512.jpg 768w, https:\/\/www.uartes.edu.ec\/sitio\/wp-content\/uploads\/2025\/01\/08-CERTIFICADOS-ESTIMULO-DOCENTES-1536x1024.jpg 1536w, https:\/\/www.uartes.edu.ec\/sitio\/wp-content\/uploads\/2025\/01\/08-CERTIFICADOS-ESTIMULO-DOCENTES-18x12.jpg 18w, https:\/\/www.uartes.edu.ec\/sitio\/wp-content\/uploads\/2025\/01\/08-CERTIFICADOS-ESTIMULO-DOCENTES-600x400.jpg 600w, https:\/\/www.uartes.edu.ec\/sitio\/wp-content\/uploads\/2025\/01\/08-CERTIFICADOS-ESTIMULO-DOCENTES-400x267.jpg 400w, https:\/\/www.uartes.edu.ec\/sitio\/wp-content\/uploads\/2025\/01\/08-CERTIFICADOS-ESTIMULO-DOCENTES-272x182.jpg 272w, https:\/\/www.uartes.edu.ec\/sitio\/wp-content\/uploads\/2025\/01\/08-CERTIFICADOS-ESTIMULO-DOCENTES.jpg 2000w\" sizes=\"(max-width: 644px) 100vw, 644px\" \/><\/figure>\n<\/figure>\n\n\n\n<p>Adelant\u00f3 el doctor William Herrera que, por esa raz\u00f3n, en la sesi\u00f3n solemne iban a ser numerosos los docentes que recibir\u00edan est\u00edmulos y reconocimientos, una muestra de su compromiso con los procesos que impulsan la Universidad de las Artes, para la que el 2025 es un a\u00f1o atravesado por momentos importantes.<\/p>\n\n\n\n<p>Mencion\u00f3 el nuevo concurso p\u00fablico de merecimientos y oposici\u00f3n cuyas postulaciones arrancar\u00edan la siguiente semana (que iniciamos hoy) y para el que esperaba la participaci\u00f3n de quienes forman parte del personal acad\u00e9mico y que, sobre todo, una vez culminado el proceso integren la planta docente titular, la cual es fundamental para la construcci\u00f3n de la UArtes.<\/p>\n\n\n\n<p>Tambi\u00e9n en este 2025, la UArtes enfrenta un desaf\u00edo que tendr\u00e1 lugar el \u00faltimo trimestre del a\u00f1o: un nuevo proceso de elecciones para elegir a sus m\u00e1ximas autoridades, que estar\u00e1n a cargo de la instituci\u00f3n durante el periodo 2026-2030. \u201cEsto implica una participaci\u00f3n muy importante de toda la comunidad universitaria, participaci\u00f3n que se inscribe en un sentido de responsabilidad y compromiso\u201d.<\/p>\n\n\n\n<figure class=\"wp-block-gallery has-nested-images columns-default is-cropped wp-block-gallery-2 is-layout-flex wp-block-gallery-is-layout-flex\">\n<figure class=\"wp-block-image size-large\"><img loading=\"lazy\" decoding=\"async\" width=\"644\" height=\"429\" data-id=\"67425\" src=\"https:\/\/www.uartes.edu.ec\/sitio\/wp-content\/uploads\/2025\/01\/24-CERTIFICADOS-ESTIMULO-DOCENTES-644x429.jpg\" alt=\"\" class=\"wp-image-67425\" srcset=\"https:\/\/www.uartes.edu.ec\/sitio\/wp-content\/uploads\/2025\/01\/24-CERTIFICADOS-ESTIMULO-DOCENTES-644x429.jpg 644w, https:\/\/www.uartes.edu.ec\/sitio\/wp-content\/uploads\/2025\/01\/24-CERTIFICADOS-ESTIMULO-DOCENTES-300x200.jpg 300w, https:\/\/www.uartes.edu.ec\/sitio\/wp-content\/uploads\/2025\/01\/24-CERTIFICADOS-ESTIMULO-DOCENTES-768x512.jpg 768w, https:\/\/www.uartes.edu.ec\/sitio\/wp-content\/uploads\/2025\/01\/24-CERTIFICADOS-ESTIMULO-DOCENTES-1536x1024.jpg 1536w, https:\/\/www.uartes.edu.ec\/sitio\/wp-content\/uploads\/2025\/01\/24-CERTIFICADOS-ESTIMULO-DOCENTES-18x12.jpg 18w, https:\/\/www.uartes.edu.ec\/sitio\/wp-content\/uploads\/2025\/01\/24-CERTIFICADOS-ESTIMULO-DOCENTES-600x400.jpg 600w, https:\/\/www.uartes.edu.ec\/sitio\/wp-content\/uploads\/2025\/01\/24-CERTIFICADOS-ESTIMULO-DOCENTES-400x267.jpg 400w, https:\/\/www.uartes.edu.ec\/sitio\/wp-content\/uploads\/2025\/01\/24-CERTIFICADOS-ESTIMULO-DOCENTES-272x182.jpg 272w, https:\/\/www.uartes.edu.ec\/sitio\/wp-content\/uploads\/2025\/01\/24-CERTIFICADOS-ESTIMULO-DOCENTES.jpg 2000w\" sizes=\"(max-width: 644px) 100vw, 644px\" \/><\/figure>\n\n\n\n<figure class=\"wp-block-image size-large\"><img loading=\"lazy\" decoding=\"async\" width=\"644\" height=\"429\" data-id=\"67426\" src=\"https:\/\/www.uartes.edu.ec\/sitio\/wp-content\/uploads\/2025\/01\/22-CERTIFICADOS-ESTIMULO-DOCENTES-644x429.jpg\" alt=\"\" class=\"wp-image-67426\" srcset=\"https:\/\/www.uartes.edu.ec\/sitio\/wp-content\/uploads\/2025\/01\/22-CERTIFICADOS-ESTIMULO-DOCENTES-644x429.jpg 644w, https:\/\/www.uartes.edu.ec\/sitio\/wp-content\/uploads\/2025\/01\/22-CERTIFICADOS-ESTIMULO-DOCENTES-300x200.jpg 300w, https:\/\/www.uartes.edu.ec\/sitio\/wp-content\/uploads\/2025\/01\/22-CERTIFICADOS-ESTIMULO-DOCENTES-768x512.jpg 768w, https:\/\/www.uartes.edu.ec\/sitio\/wp-content\/uploads\/2025\/01\/22-CERTIFICADOS-ESTIMULO-DOCENTES-1536x1024.jpg 1536w, https:\/\/www.uartes.edu.ec\/sitio\/wp-content\/uploads\/2025\/01\/22-CERTIFICADOS-ESTIMULO-DOCENTES-18x12.jpg 18w, https:\/\/www.uartes.edu.ec\/sitio\/wp-content\/uploads\/2025\/01\/22-CERTIFICADOS-ESTIMULO-DOCENTES-600x400.jpg 600w, https:\/\/www.uartes.edu.ec\/sitio\/wp-content\/uploads\/2025\/01\/22-CERTIFICADOS-ESTIMULO-DOCENTES-400x267.jpg 400w, https:\/\/www.uartes.edu.ec\/sitio\/wp-content\/uploads\/2025\/01\/22-CERTIFICADOS-ESTIMULO-DOCENTES-272x182.jpg 272w, https:\/\/www.uartes.edu.ec\/sitio\/wp-content\/uploads\/2025\/01\/22-CERTIFICADOS-ESTIMULO-DOCENTES.jpg 2000w\" sizes=\"(max-width: 644px) 100vw, 644px\" \/><\/figure>\n\n\n\n<figure class=\"wp-block-image size-large\"><img loading=\"lazy\" decoding=\"async\" width=\"644\" height=\"429\" data-id=\"67424\" src=\"https:\/\/www.uartes.edu.ec\/sitio\/wp-content\/uploads\/2025\/01\/21-CERTIFICADOS-ESTIMULO-DOCENTES-644x429.jpg\" alt=\"\" class=\"wp-image-67424\" srcset=\"https:\/\/www.uartes.edu.ec\/sitio\/wp-content\/uploads\/2025\/01\/21-CERTIFICADOS-ESTIMULO-DOCENTES-644x429.jpg 644w, https:\/\/www.uartes.edu.ec\/sitio\/wp-content\/uploads\/2025\/01\/21-CERTIFICADOS-ESTIMULO-DOCENTES-300x200.jpg 300w, https:\/\/www.uartes.edu.ec\/sitio\/wp-content\/uploads\/2025\/01\/21-CERTIFICADOS-ESTIMULO-DOCENTES-768x512.jpg 768w, https:\/\/www.uartes.edu.ec\/sitio\/wp-content\/uploads\/2025\/01\/21-CERTIFICADOS-ESTIMULO-DOCENTES-1536x1024.jpg 1536w, https:\/\/www.uartes.edu.ec\/sitio\/wp-content\/uploads\/2025\/01\/21-CERTIFICADOS-ESTIMULO-DOCENTES-18x12.jpg 18w, https:\/\/www.uartes.edu.ec\/sitio\/wp-content\/uploads\/2025\/01\/21-CERTIFICADOS-ESTIMULO-DOCENTES-600x400.jpg 600w, https:\/\/www.uartes.edu.ec\/sitio\/wp-content\/uploads\/2025\/01\/21-CERTIFICADOS-ESTIMULO-DOCENTES-400x267.jpg 400w, https:\/\/www.uartes.edu.ec\/sitio\/wp-content\/uploads\/2025\/01\/21-CERTIFICADOS-ESTIMULO-DOCENTES-272x182.jpg 272w, https:\/\/www.uartes.edu.ec\/sitio\/wp-content\/uploads\/2025\/01\/21-CERTIFICADOS-ESTIMULO-DOCENTES.jpg 2000w\" sizes=\"(max-width: 644px) 100vw, 644px\" \/><\/figure>\n<\/figure>\n\n\n\n<figure class=\"wp-block-gallery has-nested-images columns-default is-cropped wp-block-gallery-3 is-layout-flex wp-block-gallery-is-layout-flex\">\n<figure class=\"wp-block-image size-large\"><img loading=\"lazy\" decoding=\"async\" width=\"644\" height=\"429\" data-id=\"67428\" src=\"https:\/\/www.uartes.edu.ec\/sitio\/wp-content\/uploads\/2025\/01\/20-CERTIFICADOS-ESTIMULO-DOCENTES-644x429.jpg\" alt=\"\" class=\"wp-image-67428\" srcset=\"https:\/\/www.uartes.edu.ec\/sitio\/wp-content\/uploads\/2025\/01\/20-CERTIFICADOS-ESTIMULO-DOCENTES-644x429.jpg 644w, https:\/\/www.uartes.edu.ec\/sitio\/wp-content\/uploads\/2025\/01\/20-CERTIFICADOS-ESTIMULO-DOCENTES-300x200.jpg 300w, https:\/\/www.uartes.edu.ec\/sitio\/wp-content\/uploads\/2025\/01\/20-CERTIFICADOS-ESTIMULO-DOCENTES-768x512.jpg 768w, https:\/\/www.uartes.edu.ec\/sitio\/wp-content\/uploads\/2025\/01\/20-CERTIFICADOS-ESTIMULO-DOCENTES-1536x1024.jpg 1536w, https:\/\/www.uartes.edu.ec\/sitio\/wp-content\/uploads\/2025\/01\/20-CERTIFICADOS-ESTIMULO-DOCENTES-18x12.jpg 18w, https:\/\/www.uartes.edu.ec\/sitio\/wp-content\/uploads\/2025\/01\/20-CERTIFICADOS-ESTIMULO-DOCENTES-600x400.jpg 600w, https:\/\/www.uartes.edu.ec\/sitio\/wp-content\/uploads\/2025\/01\/20-CERTIFICADOS-ESTIMULO-DOCENTES-400x267.jpg 400w, https:\/\/www.uartes.edu.ec\/sitio\/wp-content\/uploads\/2025\/01\/20-CERTIFICADOS-ESTIMULO-DOCENTES-272x182.jpg 272w, https:\/\/www.uartes.edu.ec\/sitio\/wp-content\/uploads\/2025\/01\/20-CERTIFICADOS-ESTIMULO-DOCENTES.jpg 2000w\" sizes=\"(max-width: 644px) 100vw, 644px\" \/><\/figure>\n\n\n\n<figure class=\"wp-block-image size-large\"><img loading=\"lazy\" decoding=\"async\" width=\"644\" height=\"429\" data-id=\"67427\" src=\"https:\/\/www.uartes.edu.ec\/sitio\/wp-content\/uploads\/2025\/01\/23-CERTIFICADOS-ESTIMULO-DOCENTES-644x429.jpg\" alt=\"\" class=\"wp-image-67427\" srcset=\"https:\/\/www.uartes.edu.ec\/sitio\/wp-content\/uploads\/2025\/01\/23-CERTIFICADOS-ESTIMULO-DOCENTES-644x429.jpg 644w, https:\/\/www.uartes.edu.ec\/sitio\/wp-content\/uploads\/2025\/01\/23-CERTIFICADOS-ESTIMULO-DOCENTES-300x200.jpg 300w, https:\/\/www.uartes.edu.ec\/sitio\/wp-content\/uploads\/2025\/01\/23-CERTIFICADOS-ESTIMULO-DOCENTES-768x512.jpg 768w, https:\/\/www.uartes.edu.ec\/sitio\/wp-content\/uploads\/2025\/01\/23-CERTIFICADOS-ESTIMULO-DOCENTES-1536x1024.jpg 1536w, https:\/\/www.uartes.edu.ec\/sitio\/wp-content\/uploads\/2025\/01\/23-CERTIFICADOS-ESTIMULO-DOCENTES-18x12.jpg 18w, https:\/\/www.uartes.edu.ec\/sitio\/wp-content\/uploads\/2025\/01\/23-CERTIFICADOS-ESTIMULO-DOCENTES-600x400.jpg 600w, https:\/\/www.uartes.edu.ec\/sitio\/wp-content\/uploads\/2025\/01\/23-CERTIFICADOS-ESTIMULO-DOCENTES-400x267.jpg 400w, https:\/\/www.uartes.edu.ec\/sitio\/wp-content\/uploads\/2025\/01\/23-CERTIFICADOS-ESTIMULO-DOCENTES-272x182.jpg 272w, https:\/\/www.uartes.edu.ec\/sitio\/wp-content\/uploads\/2025\/01\/23-CERTIFICADOS-ESTIMULO-DOCENTES.jpg 2000w\" sizes=\"(max-width: 644px) 100vw, 644px\" \/><\/figure>\n\n\n\n<figure class=\"wp-block-image size-large\"><img loading=\"lazy\" decoding=\"async\" width=\"644\" height=\"429\" data-id=\"67429\" src=\"https:\/\/www.uartes.edu.ec\/sitio\/wp-content\/uploads\/2025\/01\/19-CERTIFICADOS-ESTIMULO-DOCENTES-644x429.jpg\" alt=\"\" class=\"wp-image-67429\" srcset=\"https:\/\/www.uartes.edu.ec\/sitio\/wp-content\/uploads\/2025\/01\/19-CERTIFICADOS-ESTIMULO-DOCENTES-644x429.jpg 644w, https:\/\/www.uartes.edu.ec\/sitio\/wp-content\/uploads\/2025\/01\/19-CERTIFICADOS-ESTIMULO-DOCENTES-300x200.jpg 300w, https:\/\/www.uartes.edu.ec\/sitio\/wp-content\/uploads\/2025\/01\/19-CERTIFICADOS-ESTIMULO-DOCENTES-768x512.jpg 768w, https:\/\/www.uartes.edu.ec\/sitio\/wp-content\/uploads\/2025\/01\/19-CERTIFICADOS-ESTIMULO-DOCENTES-1536x1024.jpg 1536w, https:\/\/www.uartes.edu.ec\/sitio\/wp-content\/uploads\/2025\/01\/19-CERTIFICADOS-ESTIMULO-DOCENTES-18x12.jpg 18w, https:\/\/www.uartes.edu.ec\/sitio\/wp-content\/uploads\/2025\/01\/19-CERTIFICADOS-ESTIMULO-DOCENTES-600x400.jpg 600w, https:\/\/www.uartes.edu.ec\/sitio\/wp-content\/uploads\/2025\/01\/19-CERTIFICADOS-ESTIMULO-DOCENTES-400x267.jpg 400w, https:\/\/www.uartes.edu.ec\/sitio\/wp-content\/uploads\/2025\/01\/19-CERTIFICADOS-ESTIMULO-DOCENTES-272x182.jpg 272w, https:\/\/www.uartes.edu.ec\/sitio\/wp-content\/uploads\/2025\/01\/19-CERTIFICADOS-ESTIMULO-DOCENTES.jpg 2000w\" sizes=\"(max-width: 644px) 100vw, 644px\" \/><\/figure>\n<\/figure>\n\n\n\n<p>Record\u00f3 que, a nivel de pa\u00eds, el 2025 es tambi\u00e9n un a\u00f1o electoral, \u201ccon probablemente un cambio de Gobierno o tal vez la continuaci\u00f3n del mismo. Lamentablemente, la situaci\u00f3n con la que ha arrancado la UArtes este a\u00f1o, y que ha caracterizado los \u00faltimos a\u00f1os de gesti\u00f3n, ha sido de gobiernos que no han tenido un compromiso firme con la educaci\u00f3n p\u00fablica. Nuestra instituci\u00f3n ha sido un referente en diversos espacios de discusi\u00f3n para hablar cada vez m\u00e1s de la importancia de apoyar, impulsar y consolidar la educaci\u00f3n p\u00fablica, en especial la educaci\u00f3n superior p\u00fablica en artes\u201d.<\/p>\n\n\n\n<p>El rector William Herrera precis\u00f3 que el vicerrector Bradley Hilgert, en su calidad de presidente de la Comisi\u00f3n de Est\u00edmulos Acad\u00e9micos, asumi\u00f3 el proceso para la entrega de los certificados de Est\u00edmulos y Reconocimientos Especiales al personal acad\u00e9mico, labor que desarroll\u00f3 junto a las directoras de Pol\u00edticas de Investigaci\u00f3n en Artes (DPIA), Yulianela P\u00e9rez, y de Vinculaci\u00f3n con la Sociedad, Mar\u00eda Jos\u00e9 Icaza.<\/p>\n\n\n\n<p>Justamente, como siguiente punto de la sesi\u00f3n solemne, la abogada Patricia Ayala anunci\u00f3 la intervenci\u00f3n del doctor Bradley Hilgert, quien reiter\u00f3 lo expresado por el rector de que era el primer proceso que realizaba la universidad y destac\u00f3 la importancia de \u201cpasar de cero est\u00edmulos y reconocimientos especiales a los casi 300 que se entregar\u00e1n en este acto solemne, lo cual evidencia el buen trabajo del cuerpo docente y de apoyo acad\u00e9mico de la UArtes\u201d.<\/p>\n\n\n\n<figure class=\"wp-block-gallery has-nested-images columns-default is-cropped wp-block-gallery-4 is-layout-flex wp-block-gallery-is-layout-flex\">\n<figure class=\"wp-block-image size-large\"><img loading=\"lazy\" decoding=\"async\" width=\"644\" height=\"429\" data-id=\"67430\" src=\"https:\/\/www.uartes.edu.ec\/sitio\/wp-content\/uploads\/2025\/01\/18-CERTIFICADOS-ESTIMULO-DOCENTES-644x429.jpg\" alt=\"\" class=\"wp-image-67430\" srcset=\"https:\/\/www.uartes.edu.ec\/sitio\/wp-content\/uploads\/2025\/01\/18-CERTIFICADOS-ESTIMULO-DOCENTES-644x429.jpg 644w, https:\/\/www.uartes.edu.ec\/sitio\/wp-content\/uploads\/2025\/01\/18-CERTIFICADOS-ESTIMULO-DOCENTES-300x200.jpg 300w, https:\/\/www.uartes.edu.ec\/sitio\/wp-content\/uploads\/2025\/01\/18-CERTIFICADOS-ESTIMULO-DOCENTES-768x512.jpg 768w, https:\/\/www.uartes.edu.ec\/sitio\/wp-content\/uploads\/2025\/01\/18-CERTIFICADOS-ESTIMULO-DOCENTES-1536x1024.jpg 1536w, https:\/\/www.uartes.edu.ec\/sitio\/wp-content\/uploads\/2025\/01\/18-CERTIFICADOS-ESTIMULO-DOCENTES-18x12.jpg 18w, https:\/\/www.uartes.edu.ec\/sitio\/wp-content\/uploads\/2025\/01\/18-CERTIFICADOS-ESTIMULO-DOCENTES-600x400.jpg 600w, https:\/\/www.uartes.edu.ec\/sitio\/wp-content\/uploads\/2025\/01\/18-CERTIFICADOS-ESTIMULO-DOCENTES-400x267.jpg 400w, https:\/\/www.uartes.edu.ec\/sitio\/wp-content\/uploads\/2025\/01\/18-CERTIFICADOS-ESTIMULO-DOCENTES-272x182.jpg 272w, https:\/\/www.uartes.edu.ec\/sitio\/wp-content\/uploads\/2025\/01\/18-CERTIFICADOS-ESTIMULO-DOCENTES.jpg 2000w\" sizes=\"(max-width: 644px) 100vw, 644px\" \/><\/figure>\n\n\n\n<figure class=\"wp-block-image size-large\"><img loading=\"lazy\" decoding=\"async\" width=\"644\" height=\"429\" data-id=\"67431\" src=\"https:\/\/www.uartes.edu.ec\/sitio\/wp-content\/uploads\/2025\/01\/17-CERTIFICADOS-ESTIMULO-DOCENTES-644x429.jpg\" alt=\"\" class=\"wp-image-67431\" srcset=\"https:\/\/www.uartes.edu.ec\/sitio\/wp-content\/uploads\/2025\/01\/17-CERTIFICADOS-ESTIMULO-DOCENTES-644x429.jpg 644w, https:\/\/www.uartes.edu.ec\/sitio\/wp-content\/uploads\/2025\/01\/17-CERTIFICADOS-ESTIMULO-DOCENTES-300x200.jpg 300w, https:\/\/www.uartes.edu.ec\/sitio\/wp-content\/uploads\/2025\/01\/17-CERTIFICADOS-ESTIMULO-DOCENTES-768x512.jpg 768w, https:\/\/www.uartes.edu.ec\/sitio\/wp-content\/uploads\/2025\/01\/17-CERTIFICADOS-ESTIMULO-DOCENTES-1536x1024.jpg 1536w, https:\/\/www.uartes.edu.ec\/sitio\/wp-content\/uploads\/2025\/01\/17-CERTIFICADOS-ESTIMULO-DOCENTES-18x12.jpg 18w, https:\/\/www.uartes.edu.ec\/sitio\/wp-content\/uploads\/2025\/01\/17-CERTIFICADOS-ESTIMULO-DOCENTES-600x400.jpg 600w, https:\/\/www.uartes.edu.ec\/sitio\/wp-content\/uploads\/2025\/01\/17-CERTIFICADOS-ESTIMULO-DOCENTES-400x267.jpg 400w, https:\/\/www.uartes.edu.ec\/sitio\/wp-content\/uploads\/2025\/01\/17-CERTIFICADOS-ESTIMULO-DOCENTES-272x182.jpg 272w, https:\/\/www.uartes.edu.ec\/sitio\/wp-content\/uploads\/2025\/01\/17-CERTIFICADOS-ESTIMULO-DOCENTES.jpg 2000w\" sizes=\"(max-width: 644px) 100vw, 644px\" \/><\/figure>\n\n\n\n<figure class=\"wp-block-image size-large\"><img loading=\"lazy\" decoding=\"async\" width=\"644\" height=\"429\" data-id=\"67432\" src=\"https:\/\/www.uartes.edu.ec\/sitio\/wp-content\/uploads\/2025\/01\/16-CERTIFICADOS-ESTIMULO-DOCENTES-644x429.jpg\" alt=\"\" class=\"wp-image-67432\" srcset=\"https:\/\/www.uartes.edu.ec\/sitio\/wp-content\/uploads\/2025\/01\/16-CERTIFICADOS-ESTIMULO-DOCENTES-644x429.jpg 644w, https:\/\/www.uartes.edu.ec\/sitio\/wp-content\/uploads\/2025\/01\/16-CERTIFICADOS-ESTIMULO-DOCENTES-300x200.jpg 300w, https:\/\/www.uartes.edu.ec\/sitio\/wp-content\/uploads\/2025\/01\/16-CERTIFICADOS-ESTIMULO-DOCENTES-768x512.jpg 768w, https:\/\/www.uartes.edu.ec\/sitio\/wp-content\/uploads\/2025\/01\/16-CERTIFICADOS-ESTIMULO-DOCENTES-1536x1024.jpg 1536w, https:\/\/www.uartes.edu.ec\/sitio\/wp-content\/uploads\/2025\/01\/16-CERTIFICADOS-ESTIMULO-DOCENTES-18x12.jpg 18w, https:\/\/www.uartes.edu.ec\/sitio\/wp-content\/uploads\/2025\/01\/16-CERTIFICADOS-ESTIMULO-DOCENTES-600x400.jpg 600w, https:\/\/www.uartes.edu.ec\/sitio\/wp-content\/uploads\/2025\/01\/16-CERTIFICADOS-ESTIMULO-DOCENTES-400x267.jpg 400w, https:\/\/www.uartes.edu.ec\/sitio\/wp-content\/uploads\/2025\/01\/16-CERTIFICADOS-ESTIMULO-DOCENTES-272x182.jpg 272w, https:\/\/www.uartes.edu.ec\/sitio\/wp-content\/uploads\/2025\/01\/16-CERTIFICADOS-ESTIMULO-DOCENTES.jpg 2000w\" sizes=\"(max-width: 644px) 100vw, 644px\" \/><\/figure>\n<\/figure>\n\n\n\n<figure class=\"wp-block-gallery has-nested-images columns-default is-cropped wp-block-gallery-5 is-layout-flex wp-block-gallery-is-layout-flex\">\n<figure class=\"wp-block-image size-large\"><img loading=\"lazy\" decoding=\"async\" width=\"644\" height=\"429\" data-id=\"67435\" src=\"https:\/\/www.uartes.edu.ec\/sitio\/wp-content\/uploads\/2025\/01\/15-CERTIFICADOS-ESTIMULO-DOCENTES-644x429.jpg\" alt=\"\" class=\"wp-image-67435\" srcset=\"https:\/\/www.uartes.edu.ec\/sitio\/wp-content\/uploads\/2025\/01\/15-CERTIFICADOS-ESTIMULO-DOCENTES-644x429.jpg 644w, https:\/\/www.uartes.edu.ec\/sitio\/wp-content\/uploads\/2025\/01\/15-CERTIFICADOS-ESTIMULO-DOCENTES-300x200.jpg 300w, https:\/\/www.uartes.edu.ec\/sitio\/wp-content\/uploads\/2025\/01\/15-CERTIFICADOS-ESTIMULO-DOCENTES-768x512.jpg 768w, https:\/\/www.uartes.edu.ec\/sitio\/wp-content\/uploads\/2025\/01\/15-CERTIFICADOS-ESTIMULO-DOCENTES-1536x1024.jpg 1536w, https:\/\/www.uartes.edu.ec\/sitio\/wp-content\/uploads\/2025\/01\/15-CERTIFICADOS-ESTIMULO-DOCENTES-18x12.jpg 18w, https:\/\/www.uartes.edu.ec\/sitio\/wp-content\/uploads\/2025\/01\/15-CERTIFICADOS-ESTIMULO-DOCENTES-600x400.jpg 600w, https:\/\/www.uartes.edu.ec\/sitio\/wp-content\/uploads\/2025\/01\/15-CERTIFICADOS-ESTIMULO-DOCENTES-400x267.jpg 400w, https:\/\/www.uartes.edu.ec\/sitio\/wp-content\/uploads\/2025\/01\/15-CERTIFICADOS-ESTIMULO-DOCENTES-272x182.jpg 272w, https:\/\/www.uartes.edu.ec\/sitio\/wp-content\/uploads\/2025\/01\/15-CERTIFICADOS-ESTIMULO-DOCENTES.jpg 2000w\" sizes=\"(max-width: 644px) 100vw, 644px\" \/><\/figure>\n\n\n\n<figure class=\"wp-block-image size-large\"><img loading=\"lazy\" decoding=\"async\" width=\"644\" height=\"429\" data-id=\"67433\" src=\"https:\/\/www.uartes.edu.ec\/sitio\/wp-content\/uploads\/2025\/01\/14-CERTIFICADOS-ESTIMULO-DOCENTES-644x429.jpg\" alt=\"\" class=\"wp-image-67433\" srcset=\"https:\/\/www.uartes.edu.ec\/sitio\/wp-content\/uploads\/2025\/01\/14-CERTIFICADOS-ESTIMULO-DOCENTES-644x429.jpg 644w, https:\/\/www.uartes.edu.ec\/sitio\/wp-content\/uploads\/2025\/01\/14-CERTIFICADOS-ESTIMULO-DOCENTES-300x200.jpg 300w, https:\/\/www.uartes.edu.ec\/sitio\/wp-content\/uploads\/2025\/01\/14-CERTIFICADOS-ESTIMULO-DOCENTES-768x512.jpg 768w, https:\/\/www.uartes.edu.ec\/sitio\/wp-content\/uploads\/2025\/01\/14-CERTIFICADOS-ESTIMULO-DOCENTES-1536x1024.jpg 1536w, https:\/\/www.uartes.edu.ec\/sitio\/wp-content\/uploads\/2025\/01\/14-CERTIFICADOS-ESTIMULO-DOCENTES-18x12.jpg 18w, https:\/\/www.uartes.edu.ec\/sitio\/wp-content\/uploads\/2025\/01\/14-CERTIFICADOS-ESTIMULO-DOCENTES-600x400.jpg 600w, https:\/\/www.uartes.edu.ec\/sitio\/wp-content\/uploads\/2025\/01\/14-CERTIFICADOS-ESTIMULO-DOCENTES-400x267.jpg 400w, https:\/\/www.uartes.edu.ec\/sitio\/wp-content\/uploads\/2025\/01\/14-CERTIFICADOS-ESTIMULO-DOCENTES-272x182.jpg 272w, https:\/\/www.uartes.edu.ec\/sitio\/wp-content\/uploads\/2025\/01\/14-CERTIFICADOS-ESTIMULO-DOCENTES.jpg 2000w\" sizes=\"(max-width: 644px) 100vw, 644px\" \/><\/figure>\n\n\n\n<figure class=\"wp-block-image size-large\"><img loading=\"lazy\" decoding=\"async\" width=\"644\" height=\"429\" data-id=\"67434\" src=\"https:\/\/www.uartes.edu.ec\/sitio\/wp-content\/uploads\/2025\/01\/13-CERTIFICADOS-ESTIMULO-DOCENTES-644x429.jpg\" alt=\"\" class=\"wp-image-67434\" srcset=\"https:\/\/www.uartes.edu.ec\/sitio\/wp-content\/uploads\/2025\/01\/13-CERTIFICADOS-ESTIMULO-DOCENTES-644x429.jpg 644w, https:\/\/www.uartes.edu.ec\/sitio\/wp-content\/uploads\/2025\/01\/13-CERTIFICADOS-ESTIMULO-DOCENTES-300x200.jpg 300w, https:\/\/www.uartes.edu.ec\/sitio\/wp-content\/uploads\/2025\/01\/13-CERTIFICADOS-ESTIMULO-DOCENTES-768x512.jpg 768w, https:\/\/www.uartes.edu.ec\/sitio\/wp-content\/uploads\/2025\/01\/13-CERTIFICADOS-ESTIMULO-DOCENTES-1536x1024.jpg 1536w, https:\/\/www.uartes.edu.ec\/sitio\/wp-content\/uploads\/2025\/01\/13-CERTIFICADOS-ESTIMULO-DOCENTES-18x12.jpg 18w, https:\/\/www.uartes.edu.ec\/sitio\/wp-content\/uploads\/2025\/01\/13-CERTIFICADOS-ESTIMULO-DOCENTES-600x400.jpg 600w, https:\/\/www.uartes.edu.ec\/sitio\/wp-content\/uploads\/2025\/01\/13-CERTIFICADOS-ESTIMULO-DOCENTES-400x267.jpg 400w, https:\/\/www.uartes.edu.ec\/sitio\/wp-content\/uploads\/2025\/01\/13-CERTIFICADOS-ESTIMULO-DOCENTES-272x182.jpg 272w, https:\/\/www.uartes.edu.ec\/sitio\/wp-content\/uploads\/2025\/01\/13-CERTIFICADOS-ESTIMULO-DOCENTES.jpg 2000w\" sizes=\"(max-width: 644px) 100vw, 644px\" \/><\/figure>\n<\/figure>\n\n\n\n<p>Hilgert explic\u00f3 que, en la comisi\u00f3n lo primero que se hizo fue una revisi\u00f3n de lo que se se\u00f1ala el Reglamento de Carrera y Escalaf\u00f3n y la normativa interna, a fin de determinar cu\u00e1les eran los Est\u00edmulos y Reconocimientos Especiales que se pod\u00edan otorgar. \u201cTambi\u00e9n se determin\u00f3 el periodo y lo que estamos otorgando hoy, que corresponde a los procesos activos del per\u00edodo A y B de 2023. Se lanz\u00f3 un proceso de nominaciones y de all\u00ed se registraron categor\u00edas. Hubo nominaciones y se recibi\u00f3 informaci\u00f3n de las unidades y lo que hizo la comisi\u00f3n fue avalar\u201d.<\/p>\n\n\n\n<p>El vicerrector acad\u00e9mico a\u00f1adi\u00f3 que no solo se trataba de un reconocimiento formal al trabajo desarrollado, sino el compromiso colectivo y solidario que tenemos de formar activistas y ciudadanos en el campo de las artes. \u201cLos certificados son numerosos porque, justamente, est\u00e1n haciendo un buen trabajo\u201d, dijo, destacando la implementaci\u00f3n del Modelo Educativo y Pedag\u00f3gico de la UArtes en muchos sentidos; se refiri\u00f3 a ir institucionalizando los proyectos en los siguientes a\u00f1os y al redise\u00f1o curricular; y mencion\u00f3 a los equipos que participaron en el proceso.<\/p>\n\n\n\n<p>Lourdes Padilla, directora subrogante de Talento Humano, intervino tambi\u00e9n para explicar c\u00f3mo se realiz\u00f3 el proceso en menci\u00f3n. La comisi\u00f3n presidida por Hilgert tuvo dos sesiones, indic\u00f3. Una ordinaria, del 7 al 9 de enero, en la que se resolvi\u00f3 otorgar est\u00edmulos para desarrollar habilidades en la ense\u00f1anza a personas con discapacidad y disponer su inclusi\u00f3n en capacitaciones en el plan de perfeccionamiento; avalar el estado de proyectos de investigaci\u00f3n entregado por la DPIA para el otorgamiento de est\u00edmulos y reconocimientos en las categor\u00edas aplicables, de conformidad con la normativa vigente; resolver otorgar el reconocimiento a proyectos de alto impacto; y avalar el memorando de la informaci\u00f3n entregada por la Secretar\u00eda de Aseguramiento de la Calidad en la Educaci\u00f3n para otorgar los reconocimientos a los docentes.<\/p>\n\n\n\n<figure class=\"wp-block-gallery has-nested-images columns-default is-cropped wp-block-gallery-6 is-layout-flex wp-block-gallery-is-layout-flex\">\n<figure class=\"wp-block-image size-large\"><img loading=\"lazy\" decoding=\"async\" width=\"644\" height=\"429\" data-id=\"67436\" src=\"https:\/\/www.uartes.edu.ec\/sitio\/wp-content\/uploads\/2025\/01\/11-CERTIFICADOS-ESTIMULO-DOCENTES-644x429.jpg\" alt=\"\" class=\"wp-image-67436\" srcset=\"https:\/\/www.uartes.edu.ec\/sitio\/wp-content\/uploads\/2025\/01\/11-CERTIFICADOS-ESTIMULO-DOCENTES-644x429.jpg 644w, https:\/\/www.uartes.edu.ec\/sitio\/wp-content\/uploads\/2025\/01\/11-CERTIFICADOS-ESTIMULO-DOCENTES-300x200.jpg 300w, https:\/\/www.uartes.edu.ec\/sitio\/wp-content\/uploads\/2025\/01\/11-CERTIFICADOS-ESTIMULO-DOCENTES-768x512.jpg 768w, https:\/\/www.uartes.edu.ec\/sitio\/wp-content\/uploads\/2025\/01\/11-CERTIFICADOS-ESTIMULO-DOCENTES-1536x1024.jpg 1536w, https:\/\/www.uartes.edu.ec\/sitio\/wp-content\/uploads\/2025\/01\/11-CERTIFICADOS-ESTIMULO-DOCENTES-18x12.jpg 18w, https:\/\/www.uartes.edu.ec\/sitio\/wp-content\/uploads\/2025\/01\/11-CERTIFICADOS-ESTIMULO-DOCENTES-600x400.jpg 600w, https:\/\/www.uartes.edu.ec\/sitio\/wp-content\/uploads\/2025\/01\/11-CERTIFICADOS-ESTIMULO-DOCENTES-400x267.jpg 400w, https:\/\/www.uartes.edu.ec\/sitio\/wp-content\/uploads\/2025\/01\/11-CERTIFICADOS-ESTIMULO-DOCENTES-272x182.jpg 272w, https:\/\/www.uartes.edu.ec\/sitio\/wp-content\/uploads\/2025\/01\/11-CERTIFICADOS-ESTIMULO-DOCENTES.jpg 2000w\" sizes=\"(max-width: 644px) 100vw, 644px\" \/><\/figure>\n\n\n\n<figure class=\"wp-block-image size-large\"><img loading=\"lazy\" decoding=\"async\" width=\"644\" height=\"429\" data-id=\"67437\" src=\"https:\/\/www.uartes.edu.ec\/sitio\/wp-content\/uploads\/2025\/01\/10-CERTIFICADOS-ESTIMULO-DOCENTES-644x429.jpg\" alt=\"\" class=\"wp-image-67437\" srcset=\"https:\/\/www.uartes.edu.ec\/sitio\/wp-content\/uploads\/2025\/01\/10-CERTIFICADOS-ESTIMULO-DOCENTES-644x429.jpg 644w, https:\/\/www.uartes.edu.ec\/sitio\/wp-content\/uploads\/2025\/01\/10-CERTIFICADOS-ESTIMULO-DOCENTES-300x200.jpg 300w, https:\/\/www.uartes.edu.ec\/sitio\/wp-content\/uploads\/2025\/01\/10-CERTIFICADOS-ESTIMULO-DOCENTES-768x512.jpg 768w, https:\/\/www.uartes.edu.ec\/sitio\/wp-content\/uploads\/2025\/01\/10-CERTIFICADOS-ESTIMULO-DOCENTES-1536x1024.jpg 1536w, https:\/\/www.uartes.edu.ec\/sitio\/wp-content\/uploads\/2025\/01\/10-CERTIFICADOS-ESTIMULO-DOCENTES-18x12.jpg 18w, https:\/\/www.uartes.edu.ec\/sitio\/wp-content\/uploads\/2025\/01\/10-CERTIFICADOS-ESTIMULO-DOCENTES-600x400.jpg 600w, https:\/\/www.uartes.edu.ec\/sitio\/wp-content\/uploads\/2025\/01\/10-CERTIFICADOS-ESTIMULO-DOCENTES-400x267.jpg 400w, https:\/\/www.uartes.edu.ec\/sitio\/wp-content\/uploads\/2025\/01\/10-CERTIFICADOS-ESTIMULO-DOCENTES-272x182.jpg 272w, https:\/\/www.uartes.edu.ec\/sitio\/wp-content\/uploads\/2025\/01\/10-CERTIFICADOS-ESTIMULO-DOCENTES.jpg 2000w\" sizes=\"(max-width: 644px) 100vw, 644px\" \/><\/figure>\n\n\n\n<figure class=\"wp-block-image size-large\"><img loading=\"lazy\" decoding=\"async\" width=\"644\" height=\"429\" data-id=\"67438\" src=\"https:\/\/www.uartes.edu.ec\/sitio\/wp-content\/uploads\/2025\/01\/09-CERTIFICADOS-ESTIMULO-DOCENTES-644x429.jpg\" alt=\"\" class=\"wp-image-67438\" srcset=\"https:\/\/www.uartes.edu.ec\/sitio\/wp-content\/uploads\/2025\/01\/09-CERTIFICADOS-ESTIMULO-DOCENTES-644x429.jpg 644w, https:\/\/www.uartes.edu.ec\/sitio\/wp-content\/uploads\/2025\/01\/09-CERTIFICADOS-ESTIMULO-DOCENTES-300x200.jpg 300w, https:\/\/www.uartes.edu.ec\/sitio\/wp-content\/uploads\/2025\/01\/09-CERTIFICADOS-ESTIMULO-DOCENTES-768x512.jpg 768w, https:\/\/www.uartes.edu.ec\/sitio\/wp-content\/uploads\/2025\/01\/09-CERTIFICADOS-ESTIMULO-DOCENTES-1536x1024.jpg 1536w, https:\/\/www.uartes.edu.ec\/sitio\/wp-content\/uploads\/2025\/01\/09-CERTIFICADOS-ESTIMULO-DOCENTES-18x12.jpg 18w, https:\/\/www.uartes.edu.ec\/sitio\/wp-content\/uploads\/2025\/01\/09-CERTIFICADOS-ESTIMULO-DOCENTES-600x400.jpg 600w, https:\/\/www.uartes.edu.ec\/sitio\/wp-content\/uploads\/2025\/01\/09-CERTIFICADOS-ESTIMULO-DOCENTES-400x267.jpg 400w, https:\/\/www.uartes.edu.ec\/sitio\/wp-content\/uploads\/2025\/01\/09-CERTIFICADOS-ESTIMULO-DOCENTES-272x182.jpg 272w, https:\/\/www.uartes.edu.ec\/sitio\/wp-content\/uploads\/2025\/01\/09-CERTIFICADOS-ESTIMULO-DOCENTES.jpg 2000w\" sizes=\"(max-width: 644px) 100vw, 644px\" \/><\/figure>\n<\/figure>\n\n\n\n<figure class=\"wp-block-gallery has-nested-images columns-default is-cropped wp-block-gallery-7 is-layout-flex wp-block-gallery-is-layout-flex\">\n<figure class=\"wp-block-image size-large\"><img loading=\"lazy\" decoding=\"async\" width=\"644\" height=\"429\" data-id=\"67439\" src=\"https:\/\/www.uartes.edu.ec\/sitio\/wp-content\/uploads\/2025\/01\/05-CERTIFICADOS-ESTIMULO-DOCENTES-644x429.jpg\" alt=\"\" class=\"wp-image-67439\" srcset=\"https:\/\/www.uartes.edu.ec\/sitio\/wp-content\/uploads\/2025\/01\/05-CERTIFICADOS-ESTIMULO-DOCENTES-644x429.jpg 644w, https:\/\/www.uartes.edu.ec\/sitio\/wp-content\/uploads\/2025\/01\/05-CERTIFICADOS-ESTIMULO-DOCENTES-300x200.jpg 300w, https:\/\/www.uartes.edu.ec\/sitio\/wp-content\/uploads\/2025\/01\/05-CERTIFICADOS-ESTIMULO-DOCENTES-768x512.jpg 768w, https:\/\/www.uartes.edu.ec\/sitio\/wp-content\/uploads\/2025\/01\/05-CERTIFICADOS-ESTIMULO-DOCENTES-1536x1024.jpg 1536w, https:\/\/www.uartes.edu.ec\/sitio\/wp-content\/uploads\/2025\/01\/05-CERTIFICADOS-ESTIMULO-DOCENTES-18x12.jpg 18w, https:\/\/www.uartes.edu.ec\/sitio\/wp-content\/uploads\/2025\/01\/05-CERTIFICADOS-ESTIMULO-DOCENTES-600x400.jpg 600w, https:\/\/www.uartes.edu.ec\/sitio\/wp-content\/uploads\/2025\/01\/05-CERTIFICADOS-ESTIMULO-DOCENTES-400x267.jpg 400w, https:\/\/www.uartes.edu.ec\/sitio\/wp-content\/uploads\/2025\/01\/05-CERTIFICADOS-ESTIMULO-DOCENTES-272x182.jpg 272w, https:\/\/www.uartes.edu.ec\/sitio\/wp-content\/uploads\/2025\/01\/05-CERTIFICADOS-ESTIMULO-DOCENTES.jpg 2000w\" sizes=\"(max-width: 644px) 100vw, 644px\" \/><\/figure>\n\n\n\n<figure class=\"wp-block-image size-large\"><img loading=\"lazy\" decoding=\"async\" width=\"644\" height=\"429\" data-id=\"67440\" src=\"https:\/\/www.uartes.edu.ec\/sitio\/wp-content\/uploads\/2025\/01\/03-CERTIFICADOS-ESTIMULO-DOCENTES-644x429.jpg\" alt=\"\" class=\"wp-image-67440\" srcset=\"https:\/\/www.uartes.edu.ec\/sitio\/wp-content\/uploads\/2025\/01\/03-CERTIFICADOS-ESTIMULO-DOCENTES-644x429.jpg 644w, https:\/\/www.uartes.edu.ec\/sitio\/wp-content\/uploads\/2025\/01\/03-CERTIFICADOS-ESTIMULO-DOCENTES-300x200.jpg 300w, https:\/\/www.uartes.edu.ec\/sitio\/wp-content\/uploads\/2025\/01\/03-CERTIFICADOS-ESTIMULO-DOCENTES-768x512.jpg 768w, https:\/\/www.uartes.edu.ec\/sitio\/wp-content\/uploads\/2025\/01\/03-CERTIFICADOS-ESTIMULO-DOCENTES-1536x1024.jpg 1536w, https:\/\/www.uartes.edu.ec\/sitio\/wp-content\/uploads\/2025\/01\/03-CERTIFICADOS-ESTIMULO-DOCENTES-18x12.jpg 18w, https:\/\/www.uartes.edu.ec\/sitio\/wp-content\/uploads\/2025\/01\/03-CERTIFICADOS-ESTIMULO-DOCENTES-600x400.jpg 600w, https:\/\/www.uartes.edu.ec\/sitio\/wp-content\/uploads\/2025\/01\/03-CERTIFICADOS-ESTIMULO-DOCENTES-400x267.jpg 400w, https:\/\/www.uartes.edu.ec\/sitio\/wp-content\/uploads\/2025\/01\/03-CERTIFICADOS-ESTIMULO-DOCENTES-272x182.jpg 272w, https:\/\/www.uartes.edu.ec\/sitio\/wp-content\/uploads\/2025\/01\/03-CERTIFICADOS-ESTIMULO-DOCENTES.jpg 2000w\" sizes=\"(max-width: 644px) 100vw, 644px\" \/><\/figure>\n\n\n\n<figure class=\"wp-block-image size-large\"><img loading=\"lazy\" decoding=\"async\" width=\"644\" height=\"429\" data-id=\"67441\" src=\"https:\/\/www.uartes.edu.ec\/sitio\/wp-content\/uploads\/2025\/01\/02-CERTIFICADOS-ESTIMULO-DOCENTES-644x429.jpg\" alt=\"\" class=\"wp-image-67441\" srcset=\"https:\/\/www.uartes.edu.ec\/sitio\/wp-content\/uploads\/2025\/01\/02-CERTIFICADOS-ESTIMULO-DOCENTES-644x429.jpg 644w, https:\/\/www.uartes.edu.ec\/sitio\/wp-content\/uploads\/2025\/01\/02-CERTIFICADOS-ESTIMULO-DOCENTES-300x200.jpg 300w, https:\/\/www.uartes.edu.ec\/sitio\/wp-content\/uploads\/2025\/01\/02-CERTIFICADOS-ESTIMULO-DOCENTES-768x512.jpg 768w, https:\/\/www.uartes.edu.ec\/sitio\/wp-content\/uploads\/2025\/01\/02-CERTIFICADOS-ESTIMULO-DOCENTES-1536x1024.jpg 1536w, https:\/\/www.uartes.edu.ec\/sitio\/wp-content\/uploads\/2025\/01\/02-CERTIFICADOS-ESTIMULO-DOCENTES-18x12.jpg 18w, https:\/\/www.uartes.edu.ec\/sitio\/wp-content\/uploads\/2025\/01\/02-CERTIFICADOS-ESTIMULO-DOCENTES-600x400.jpg 600w, https:\/\/www.uartes.edu.ec\/sitio\/wp-content\/uploads\/2025\/01\/02-CERTIFICADOS-ESTIMULO-DOCENTES-400x267.jpg 400w, https:\/\/www.uartes.edu.ec\/sitio\/wp-content\/uploads\/2025\/01\/02-CERTIFICADOS-ESTIMULO-DOCENTES-272x182.jpg 272w, https:\/\/www.uartes.edu.ec\/sitio\/wp-content\/uploads\/2025\/01\/02-CERTIFICADOS-ESTIMULO-DOCENTES.jpg 2000w\" sizes=\"(max-width: 644px) 100vw, 644px\" \/><\/figure>\n<\/figure>\n\n\n\n<p>La segunda sesi\u00f3n fue extraordinaria, se efectu\u00f3 el 16 de enero y se decidi\u00f3: avalar el estado de proyectos de investigaci\u00f3n entregado por la DPIA para el otorgamiento de est\u00edmulos y reconocimientos en las categor\u00edas aplicables, de conformidad con la normativa vigente, e incorporar estos proyectos en el acta final. Tambi\u00e9n se determin\u00f3 que todos los certificados ser\u00e1n v\u00e1lidos a partir de su emisi\u00f3n y entrega, tanto los del acta de la sesi\u00f3n ordinaria como de la extraordinaria.<\/p>\n\n\n\n<p>A la directora de Comunicaci\u00f3n, Susan Romero, le correspondi\u00f3 anunciar a los docentes que recibir\u00edan los certificados en las categor\u00edas Estimulo y Reconocimiento Especial, se\u00f1alando tambi\u00e9n los nombres de los proyectos, enmarcados estos en las funciones sustantivas de investigaci\u00f3n, vinculaci\u00f3n con la sociedad y docencia.<\/p>","protected":false},"excerpt":{"rendered":"<p>Como un reconocimiento a los esfuerzos y aportes en la construcci\u00f3n, consolidaci\u00f3n y fortalecimiento de la educaci\u00f3n superior en artes, la Universidad de las Artes entreg\u00f3 en una solemne y emotiva sesi\u00f3n Est\u00edmulos y Reconocimientos Especiales a su personal acad\u00e9mico por los resultados generados en torno a la docencia, investigaci\u00f3n, innovaci\u00f3n, vinculaci\u00f3n con la sociedad y gesti\u00f3n institucional. Tuvo lugar el viernes 17 de enero, en la Biblioteca de las Artes, con la presencia de las autoridades universitarias y miembros del OCS.<\/p>","protected":false},"author":10,"featured_media":67420,"comment_status":"open","ping_status":"open","sticky":false,"template":"","format":"standard","meta":{"_acf_changed":false,"_uag_custom_page_level_css":"","_monsterinsights_skip_tracking":false,"_monsterinsights_sitenote_active":false,"_monsterinsights_sitenote_note":"","_monsterinsights_sitenote_category":0,"cybocfi_hide_featured_image":"","footnotes":""},"categories":[80,159,150,157,147,75,284,154,175,465,84,174,79],"tags":[709],"infouartes":[],"class_list":["post-67419","post","type-post","status-publish","format-standard","has-post-thumbnail","hentry","category-academico","category-artes-escenicas","category-artes-sonoras","category-artes-visuales","category-cine","category-docentes","category-investigacion","category-lenguas-extranjeras","category-literatura","category-ocs","category-rectorado","category-transversal","category-vinculo","tag-reconocimiento"],"acf":[],"yoast_head":"<!-- This site is optimized with the Yoast SEO plugin v27.4 - https:\/\/yoast.com\/product\/yoast-seo-wordpress\/ -->\n<title>Universidad de las Artes - Est\u00edmulos y Reconocimientos Especiales para el personal acad\u00e9mico de la UArtes<\/title>\n<meta name=\"description\" content=\"Universidad de las Artes - Est\u00edmulos y Reconocimientos Especiales para el personal acad\u00e9mico de la UArtes\" \/>\n<meta name=\"robots\" content=\"index, follow, max-snippet:-1, max-image-preview:large, max-video-preview:-1\" \/>\n<link rel=\"canonical\" href=\"https:\/\/www.uartes.edu.ec\/sitio\/fr\/blog\/2025\/01\/20\/estimulos-y-reconocimientos-especiales-para-el-personal-academico-de-la-uartes\/\" \/>\n<meta property=\"og:locale\" content=\"fr_FR\" \/>\n<meta property=\"og:type\" content=\"article\" \/>\n<meta property=\"og:title\" content=\"Universidad de las Artes - Est\u00edmulos y Reconocimientos Especiales para el personal acad\u00e9mico de la UArtes\" \/>\n<meta property=\"og:description\" content=\"Universidad de las Artes - Est\u00edmulos y Reconocimientos Especiales para el personal acad\u00e9mico de la UArtes\" \/>\n<meta property=\"og:url\" content=\"https:\/\/www.uartes.edu.ec\/sitio\/fr\/blog\/2025\/01\/20\/estimulos-y-reconocimientos-especiales-para-el-personal-academico-de-la-uartes\/\" \/>\n<meta property=\"og:site_name\" content=\"Universidad de las Artes\" \/>\n<meta property=\"article:publisher\" content=\"https:\/\/www.facebook.com\/uartesec\" \/>\n<meta property=\"article:published_time\" content=\"2025-01-20T20:26:00+00:00\" \/>\n<meta property=\"article:modified_time\" content=\"2025-01-23T17:28:41+00:00\" \/>\n<meta property=\"og:image\" content=\"https:\/\/www.uartes.edu.ec\/sitio\/wp-content\/uploads\/2025\/01\/01-CERTIFICADOS-ESTIMULO-DOCENTES.jpg\" \/>\n\t<meta property=\"og:image:width\" content=\"2000\" \/>\n\t<meta property=\"og:image:height\" content=\"1333\" \/>\n\t<meta property=\"og:image:type\" content=\"image\/jpeg\" \/>\n<meta name=\"author\" content=\"ccortez\" \/>\n<meta name=\"twitter:card\" content=\"summary_large_image\" \/>\n<meta name=\"twitter:creator\" content=\"@uartesec\" \/>\n<meta name=\"twitter:site\" content=\"@uartesec\" \/>\n<meta name=\"twitter:label1\" content=\"\u00c9crit par\" \/>\n\t<meta name=\"twitter:data1\" content=\"ccortez\" \/>\n\t<meta name=\"twitter:label2\" content=\"Dur\u00e9e de lecture estim\u00e9e\" \/>\n\t<meta name=\"twitter:data2\" content=\"10 minutes\" \/>\n<script type=\"application\/ld+json\" class=\"yoast-schema-graph\">{\"@context\":\"https:\\\/\\\/schema.org\",\"@graph\":[{\"@type\":\"Article\",\"@id\":\"https:\\\/\\\/www.uartes.edu.ec\\\/sitio\\\/fr\\\/blog\\\/2025\\\/01\\\/20\\\/estimulos-y-reconocimientos-especiales-para-el-personal-academico-de-la-uartes\\\/#article\",\"isPartOf\":{\"@id\":\"https:\\\/\\\/www.uartes.edu.ec\\\/sitio\\\/fr\\\/blog\\\/2025\\\/01\\\/20\\\/estimulos-y-reconocimientos-especiales-para-el-personal-academico-de-la-uartes\\\/\"},\"author\":{\"name\":\"ccortez\",\"@id\":\"https:\\\/\\\/www.uartes.edu.ec\\\/sitio\\\/fr\\\/#\\\/schema\\\/person\\\/efa1b8275797664fd7f13a79ccc0b1f4\"},\"headline\":\"Est\u00edmulos y Reconocimientos Especiales para el personal acad\u00e9mico de la UArtes\",\"datePublished\":\"2025-01-20T20:26:00+00:00\",\"dateModified\":\"2025-01-23T17:28:41+00:00\",\"mainEntityOfPage\":{\"@id\":\"https:\\\/\\\/www.uartes.edu.ec\\\/sitio\\\/fr\\\/blog\\\/2025\\\/01\\\/20\\\/estimulos-y-reconocimientos-especiales-para-el-personal-academico-de-la-uartes\\\/\"},\"wordCount\":1148,\"commentCount\":0,\"publisher\":{\"@id\":\"https:\\\/\\\/www.uartes.edu.ec\\\/sitio\\\/fr\\\/#organization\"},\"image\":{\"@id\":\"https:\\\/\\\/www.uartes.edu.ec\\\/sitio\\\/fr\\\/blog\\\/2025\\\/01\\\/20\\\/estimulos-y-reconocimientos-especiales-para-el-personal-academico-de-la-uartes\\\/#primaryimage\"},\"thumbnailUrl\":\"https:\\\/\\\/www.uartes.edu.ec\\\/sitio\\\/wp-content\\\/uploads\\\/2025\\\/01\\\/01-CERTIFICADOS-ESTIMULO-DOCENTES.jpg\",\"keywords\":[\"reconocimiento\"],\"articleSection\":[\"Acad\u00e9mico\",\"Artes Esc\u00e9nicas\",\"Artes Sonoras\",\"Artes Visuales\",\"Cine\",\"Docentes\",\"Investigaci\u00f3n\",\"Lenguas Extranjeras\",\"Literatura\",\"\u00d3rgano Colegiado Superior\",\"Rectorado\",\"Transversal\",\"V\u00ednculo\"],\"inLanguage\":\"fr-FR\",\"potentialAction\":[{\"@type\":\"CommentAction\",\"name\":\"Comment\",\"target\":[\"https:\\\/\\\/www.uartes.edu.ec\\\/sitio\\\/fr\\\/blog\\\/2025\\\/01\\\/20\\\/estimulos-y-reconocimientos-especiales-para-el-personal-academico-de-la-uartes\\\/#respond\"]}]},{\"@type\":[\"WebPage\",\"ItemPage\"],\"@id\":\"https:\\\/\\\/www.uartes.edu.ec\\\/sitio\\\/fr\\\/blog\\\/2025\\\/01\\\/20\\\/estimulos-y-reconocimientos-especiales-para-el-personal-academico-de-la-uartes\\\/\",\"url\":\"https:\\\/\\\/www.uartes.edu.ec\\\/sitio\\\/fr\\\/blog\\\/2025\\\/01\\\/20\\\/estimulos-y-reconocimientos-especiales-para-el-personal-academico-de-la-uartes\\\/\",\"name\":\"Universidad de las Artes - Est\u00edmulos y Reconocimientos Especiales para el personal acad\u00e9mico de la UArtes\",\"isPartOf\":{\"@id\":\"https:\\\/\\\/www.uartes.edu.ec\\\/sitio\\\/fr\\\/#website\"},\"primaryImageOfPage\":{\"@id\":\"https:\\\/\\\/www.uartes.edu.ec\\\/sitio\\\/fr\\\/blog\\\/2025\\\/01\\\/20\\\/estimulos-y-reconocimientos-especiales-para-el-personal-academico-de-la-uartes\\\/#primaryimage\"},\"image\":{\"@id\":\"https:\\\/\\\/www.uartes.edu.ec\\\/sitio\\\/fr\\\/blog\\\/2025\\\/01\\\/20\\\/estimulos-y-reconocimientos-especiales-para-el-personal-academico-de-la-uartes\\\/#primaryimage\"},\"thumbnailUrl\":\"https:\\\/\\\/www.uartes.edu.ec\\\/sitio\\\/wp-content\\\/uploads\\\/2025\\\/01\\\/01-CERTIFICADOS-ESTIMULO-DOCENTES.jpg\",\"datePublished\":\"2025-01-20T20:26:00+00:00\",\"dateModified\":\"2025-01-23T17:28:41+00:00\",\"description\":\"Universidad de las Artes - Est\u00edmulos y Reconocimientos Especiales para el personal acad\u00e9mico de la UArtes\",\"breadcrumb\":{\"@id\":\"https:\\\/\\\/www.uartes.edu.ec\\\/sitio\\\/fr\\\/blog\\\/2025\\\/01\\\/20\\\/estimulos-y-reconocimientos-especiales-para-el-personal-academico-de-la-uartes\\\/#breadcrumb\"},\"inLanguage\":\"fr-FR\",\"potentialAction\":[{\"@type\":\"ReadAction\",\"target\":[\"https:\\\/\\\/www.uartes.edu.ec\\\/sitio\\\/fr\\\/blog\\\/2025\\\/01\\\/20\\\/estimulos-y-reconocimientos-especiales-para-el-personal-academico-de-la-uartes\\\/\"]}]},{\"@type\":\"ImageObject\",\"inLanguage\":\"fr-FR\",\"@id\":\"https:\\\/\\\/www.uartes.edu.ec\\\/sitio\\\/fr\\\/blog\\\/2025\\\/01\\\/20\\\/estimulos-y-reconocimientos-especiales-para-el-personal-academico-de-la-uartes\\\/#primaryimage\",\"url\":\"https:\\\/\\\/www.uartes.edu.ec\\\/sitio\\\/wp-content\\\/uploads\\\/2025\\\/01\\\/01-CERTIFICADOS-ESTIMULO-DOCENTES.jpg\",\"contentUrl\":\"https:\\\/\\\/www.uartes.edu.ec\\\/sitio\\\/wp-content\\\/uploads\\\/2025\\\/01\\\/01-CERTIFICADOS-ESTIMULO-DOCENTES.jpg\",\"width\":2000,\"height\":1333},{\"@type\":\"BreadcrumbList\",\"@id\":\"https:\\\/\\\/www.uartes.edu.ec\\\/sitio\\\/fr\\\/blog\\\/2025\\\/01\\\/20\\\/estimulos-y-reconocimientos-especiales-para-el-personal-academico-de-la-uartes\\\/#breadcrumb\",\"itemListElement\":[{\"@type\":\"ListItem\",\"position\":1,\"name\":\"Inicio\",\"item\":\"https:\\\/\\\/www.uartes.edu.ec\\\/sitio\\\/\"},{\"@type\":\"ListItem\",\"position\":2,\"name\":\"Est\u00edmulos y Reconocimientos Especiales para el personal acad\u00e9mico de la UArtes\"}]},{\"@type\":\"WebSite\",\"@id\":\"https:\\\/\\\/www.uartes.edu.ec\\\/sitio\\\/fr\\\/#website\",\"url\":\"https:\\\/\\\/www.uartes.edu.ec\\\/sitio\\\/fr\\\/\",\"name\":\"Universidad de las Artes\",\"description\":\"Sitio oficial de la Universidad Nacional de las Artes del Ecuador\",\"publisher\":{\"@id\":\"https:\\\/\\\/www.uartes.edu.ec\\\/sitio\\\/fr\\\/#organization\"},\"potentialAction\":[{\"@type\":\"SearchAction\",\"target\":{\"@type\":\"EntryPoint\",\"urlTemplate\":\"https:\\\/\\\/www.uartes.edu.ec\\\/sitio\\\/fr\\\/?s={search_term_string}\"},\"query-input\":{\"@type\":\"PropertyValueSpecification\",\"valueRequired\":true,\"valueName\":\"search_term_string\"}}],\"inLanguage\":\"fr-FR\"},{\"@type\":\"Organization\",\"@id\":\"https:\\\/\\\/www.uartes.edu.ec\\\/sitio\\\/fr\\\/#organization\",\"name\":\"Universidad de las Artes\",\"url\":\"https:\\\/\\\/www.uartes.edu.ec\\\/sitio\\\/fr\\\/\",\"logo\":{\"@type\":\"ImageObject\",\"inLanguage\":\"fr-FR\",\"@id\":\"https:\\\/\\\/www.uartes.edu.ec\\\/sitio\\\/fr\\\/#\\\/schema\\\/logo\\\/image\\\/\",\"url\":\"https:\\\/\\\/www.uartes.edu.ec\\\/sitio\\\/wp-content\\\/uploads\\\/2022\\\/07\\\/logo-ua-horizontal.png\",\"contentUrl\":\"https:\\\/\\\/www.uartes.edu.ec\\\/sitio\\\/wp-content\\\/uploads\\\/2022\\\/07\\\/logo-ua-horizontal.png\",\"width\":800,\"height\":276,\"caption\":\"Universidad de las Artes\"},\"image\":{\"@id\":\"https:\\\/\\\/www.uartes.edu.ec\\\/sitio\\\/fr\\\/#\\\/schema\\\/logo\\\/image\\\/\"},\"sameAs\":[\"https:\\\/\\\/www.facebook.com\\\/uartesec\",\"https:\\\/\\\/x.com\\\/uartesec\",\"https:\\\/\\\/www.tiktok.com\\\/@uartesec\"]},{\"@type\":\"Person\",\"@id\":\"https:\\\/\\\/www.uartes.edu.ec\\\/sitio\\\/fr\\\/#\\\/schema\\\/person\\\/efa1b8275797664fd7f13a79ccc0b1f4\",\"name\":\"ccortez\",\"image\":{\"@type\":\"ImageObject\",\"inLanguage\":\"fr-FR\",\"@id\":\"https:\\\/\\\/secure.gravatar.com\\\/avatar\\\/b2a6f664a3ae8e074346ef91775736c5ec479e637ecced6842de9dc98b5da9cd?s=96&d=mm&r=g\",\"url\":\"https:\\\/\\\/secure.gravatar.com\\\/avatar\\\/b2a6f664a3ae8e074346ef91775736c5ec479e637ecced6842de9dc98b5da9cd?s=96&d=mm&r=g\",\"contentUrl\":\"https:\\\/\\\/secure.gravatar.com\\\/avatar\\\/b2a6f664a3ae8e074346ef91775736c5ec479e637ecced6842de9dc98b5da9cd?s=96&d=mm&r=g\",\"caption\":\"ccortez\"},\"url\":\"https:\\\/\\\/www.uartes.edu.ec\\\/sitio\\\/fr\\\/blog\\\/author\\\/ccortez\\\/\"}]}<\/script>\n<!-- \/ Yoast SEO plugin. -->","yoast_head_json":{"title":"Universidad de las Artes - Est\u00edmulos y Reconocimientos Especiales para el personal acad\u00e9mico de la UArtes","description":"Universidad de las Artes - Est\u00edmulos y Reconocimientos Especiales para el personal acad\u00e9mico de la UArtes","robots":{"index":"index","follow":"follow","max-snippet":"max-snippet:-1","max-image-preview":"max-image-preview:large","max-video-preview":"max-video-preview:-1"},"canonical":"https:\/\/www.uartes.edu.ec\/sitio\/fr\/blog\/2025\/01\/20\/estimulos-y-reconocimientos-especiales-para-el-personal-academico-de-la-uartes\/","og_locale":"fr_FR","og_type":"article","og_title":"Universidad de las Artes - Est\u00edmulos y Reconocimientos Especiales para el personal acad\u00e9mico de la UArtes","og_description":"Universidad de las Artes - Est\u00edmulos y Reconocimientos Especiales para el personal acad\u00e9mico de la UArtes","og_url":"https:\/\/www.uartes.edu.ec\/sitio\/fr\/blog\/2025\/01\/20\/estimulos-y-reconocimientos-especiales-para-el-personal-academico-de-la-uartes\/","og_site_name":"Universidad de las Artes","article_publisher":"https:\/\/www.facebook.com\/uartesec","article_published_time":"2025-01-20T20:26:00+00:00","article_modified_time":"2025-01-23T17:28:41+00:00","og_image":[{"width":2000,"height":1333,"url":"https:\/\/www.uartes.edu.ec\/sitio\/wp-content\/uploads\/2025\/01\/01-CERTIFICADOS-ESTIMULO-DOCENTES.jpg","type":"image\/jpeg"}],"author":"ccortez","twitter_card":"summary_large_image","twitter_creator":"@uartesec","twitter_site":"@uartesec","twitter_misc":{"\u00c9crit par":"ccortez","Dur\u00e9e de lecture estim\u00e9e":"10 minutes"},"schema":{"@context":"https:\/\/schema.org","@graph":[{"@type":"Article","@id":"https:\/\/www.uartes.edu.ec\/sitio\/fr\/blog\/2025\/01\/20\/estimulos-y-reconocimientos-especiales-para-el-personal-academico-de-la-uartes\/#article","isPartOf":{"@id":"https:\/\/www.uartes.edu.ec\/sitio\/fr\/blog\/2025\/01\/20\/estimulos-y-reconocimientos-especiales-para-el-personal-academico-de-la-uartes\/"},"author":{"name":"ccortez","@id":"https:\/\/www.uartes.edu.ec\/sitio\/fr\/#\/schema\/person\/efa1b8275797664fd7f13a79ccc0b1f4"},"headline":"Est\u00edmulos y Reconocimientos Especiales para el personal acad\u00e9mico de la UArtes","datePublished":"2025-01-20T20:26:00+00:00","dateModified":"2025-01-23T17:28:41+00:00","mainEntityOfPage":{"@id":"https:\/\/www.uartes.edu.ec\/sitio\/fr\/blog\/2025\/01\/20\/estimulos-y-reconocimientos-especiales-para-el-personal-academico-de-la-uartes\/"},"wordCount":1148,"commentCount":0,"publisher":{"@id":"https:\/\/www.uartes.edu.ec\/sitio\/fr\/#organization"},"image":{"@id":"https:\/\/www.uartes.edu.ec\/sitio\/fr\/blog\/2025\/01\/20\/estimulos-y-reconocimientos-especiales-para-el-personal-academico-de-la-uartes\/#primaryimage"},"thumbnailUrl":"https:\/\/www.uartes.edu.ec\/sitio\/wp-content\/uploads\/2025\/01\/01-CERTIFICADOS-ESTIMULO-DOCENTES.jpg","keywords":["reconocimiento"],"articleSection":["Acad\u00e9mico","Artes Esc\u00e9nicas","Artes Sonoras","Artes Visuales","Cine","Docentes","Investigaci\u00f3n","Lenguas Extranjeras","Literatura","\u00d3rgano Colegiado Superior","Rectorado","Transversal","V\u00ednculo"],"inLanguage":"fr-FR","potentialAction":[{"@type":"CommentAction","name":"Comment","target":["https:\/\/www.uartes.edu.ec\/sitio\/fr\/blog\/2025\/01\/20\/estimulos-y-reconocimientos-especiales-para-el-personal-academico-de-la-uartes\/#respond"]}]},{"@type":["WebPage","ItemPage"],"@id":"https:\/\/www.uartes.edu.ec\/sitio\/fr\/blog\/2025\/01\/20\/estimulos-y-reconocimientos-especiales-para-el-personal-academico-de-la-uartes\/","url":"https:\/\/www.uartes.edu.ec\/sitio\/fr\/blog\/2025\/01\/20\/estimulos-y-reconocimientos-especiales-para-el-personal-academico-de-la-uartes\/","name":"Universidad de las Artes - Est\u00edmulos y Reconocimientos Especiales para el personal acad\u00e9mico de la UArtes","isPartOf":{"@id":"https:\/\/www.uartes.edu.ec\/sitio\/fr\/#website"},"primaryImageOfPage":{"@id":"https:\/\/www.uartes.edu.ec\/sitio\/fr\/blog\/2025\/01\/20\/estimulos-y-reconocimientos-especiales-para-el-personal-academico-de-la-uartes\/#primaryimage"},"image":{"@id":"https:\/\/www.uartes.edu.ec\/sitio\/fr\/blog\/2025\/01\/20\/estimulos-y-reconocimientos-especiales-para-el-personal-academico-de-la-uartes\/#primaryimage"},"thumbnailUrl":"https:\/\/www.uartes.edu.ec\/sitio\/wp-content\/uploads\/2025\/01\/01-CERTIFICADOS-ESTIMULO-DOCENTES.jpg","datePublished":"2025-01-20T20:26:00+00:00","dateModified":"2025-01-23T17:28:41+00:00","description":"Universidad de las Artes - Est\u00edmulos y Reconocimientos Especiales para el personal acad\u00e9mico de la UArtes","breadcrumb":{"@id":"https:\/\/www.uartes.edu.ec\/sitio\/fr\/blog\/2025\/01\/20\/estimulos-y-reconocimientos-especiales-para-el-personal-academico-de-la-uartes\/#breadcrumb"},"inLanguage":"fr-FR","potentialAction":[{"@type":"ReadAction","target":["https:\/\/www.uartes.edu.ec\/sitio\/fr\/blog\/2025\/01\/20\/estimulos-y-reconocimientos-especiales-para-el-personal-academico-de-la-uartes\/"]}]},{"@type":"ImageObject","inLanguage":"fr-FR","@id":"https:\/\/www.uartes.edu.ec\/sitio\/fr\/blog\/2025\/01\/20\/estimulos-y-reconocimientos-especiales-para-el-personal-academico-de-la-uartes\/#primaryimage","url":"https:\/\/www.uartes.edu.ec\/sitio\/wp-content\/uploads\/2025\/01\/01-CERTIFICADOS-ESTIMULO-DOCENTES.jpg","contentUrl":"https:\/\/www.uartes.edu.ec\/sitio\/wp-content\/uploads\/2025\/01\/01-CERTIFICADOS-ESTIMULO-DOCENTES.jpg","width":2000,"height":1333},{"@type":"BreadcrumbList","@id":"https:\/\/www.uartes.edu.ec\/sitio\/fr\/blog\/2025\/01\/20\/estimulos-y-reconocimientos-especiales-para-el-personal-academico-de-la-uartes\/#breadcrumb","itemListElement":[{"@type":"ListItem","position":1,"name":"Inicio","item":"https:\/\/www.uartes.edu.ec\/sitio\/"},{"@type":"ListItem","position":2,"name":"Est\u00edmulos y Reconocimientos Especiales para el personal acad\u00e9mico de la UArtes"}]},{"@type":"WebSite","@id":"https:\/\/www.uartes.edu.ec\/sitio\/fr\/#website","url":"https:\/\/www.uartes.edu.ec\/sitio\/fr\/","name":"Universidad de las Artes","description":"Sitio oficial de la Universidad Nacional de las Artes del Ecuador","publisher":{"@id":"https:\/\/www.uartes.edu.ec\/sitio\/fr\/#organization"},"potentialAction":[{"@type":"SearchAction","target":{"@type":"EntryPoint","urlTemplate":"https:\/\/www.uartes.edu.ec\/sitio\/fr\/?s={search_term_string}"},"query-input":{"@type":"PropertyValueSpecification","valueRequired":true,"valueName":"search_term_string"}}],"inLanguage":"fr-FR"},{"@type":"Organization","@id":"https:\/\/www.uartes.edu.ec\/sitio\/fr\/#organization","name":"Universidad de las Artes","url":"https:\/\/www.uartes.edu.ec\/sitio\/fr\/","logo":{"@type":"ImageObject","inLanguage":"fr-FR","@id":"https:\/\/www.uartes.edu.ec\/sitio\/fr\/#\/schema\/logo\/image\/","url":"https:\/\/www.uartes.edu.ec\/sitio\/wp-content\/uploads\/2022\/07\/logo-ua-horizontal.png","contentUrl":"https:\/\/www.uartes.edu.ec\/sitio\/wp-content\/uploads\/2022\/07\/logo-ua-horizontal.png","width":800,"height":276,"caption":"Universidad de las Artes"},"image":{"@id":"https:\/\/www.uartes.edu.ec\/sitio\/fr\/#\/schema\/logo\/image\/"},"sameAs":["https:\/\/www.facebook.com\/uartesec","https:\/\/x.com\/uartesec","https:\/\/www.tiktok.com\/@uartesec"]},{"@type":"Person","@id":"https:\/\/www.uartes.edu.ec\/sitio\/fr\/#\/schema\/person\/efa1b8275797664fd7f13a79ccc0b1f4","name":"ccortez","image":{"@type":"ImageObject","inLanguage":"fr-FR","@id":"https:\/\/secure.gravatar.com\/avatar\/b2a6f664a3ae8e074346ef91775736c5ec479e637ecced6842de9dc98b5da9cd?s=96&d=mm&r=g","url":"https:\/\/secure.gravatar.com\/avatar\/b2a6f664a3ae8e074346ef91775736c5ec479e637ecced6842de9dc98b5da9cd?s=96&d=mm&r=g","contentUrl":"https:\/\/secure.gravatar.com\/avatar\/b2a6f664a3ae8e074346ef91775736c5ec479e637ecced6842de9dc98b5da9cd?s=96&d=mm&r=g","caption":"ccortez"},"url":"https:\/\/www.uartes.edu.ec\/sitio\/fr\/blog\/author\/ccortez\/"}]}},"uagb_featured_image_src":{"full":["https:\/\/www.uartes.edu.ec\/sitio\/wp-content\/uploads\/2025\/01\/01-CERTIFICADOS-ESTIMULO-DOCENTES.jpg",2000,1333,false],"thumbnail":["https:\/\/www.uartes.edu.ec\/sitio\/wp-content\/uploads\/2025\/01\/01-CERTIFICADOS-ESTIMULO-DOCENTES-150x150.jpg",150,150,true],"medium":["https:\/\/www.uartes.edu.ec\/sitio\/wp-content\/uploads\/2025\/01\/01-CERTIFICADOS-ESTIMULO-DOCENTES-300x200.jpg",300,200,true],"medium_large":["https:\/\/www.uartes.edu.ec\/sitio\/wp-content\/uploads\/2025\/01\/01-CERTIFICADOS-ESTIMULO-DOCENTES-768x512.jpg",768,512,true],"large":["https:\/\/www.uartes.edu.ec\/sitio\/wp-content\/uploads\/2025\/01\/01-CERTIFICADOS-ESTIMULO-DOCENTES-644x429.jpg",644,429,true],"1536x1536":["https:\/\/www.uartes.edu.ec\/sitio\/wp-content\/uploads\/2025\/01\/01-CERTIFICADOS-ESTIMULO-DOCENTES-1536x1024.jpg",1536,1024,true],"2048x2048":["https:\/\/www.uartes.edu.ec\/sitio\/wp-content\/uploads\/2025\/01\/01-CERTIFICADOS-ESTIMULO-DOCENTES.jpg",2000,1333,false],"trp-custom-language-flag":["https:\/\/www.uartes.edu.ec\/sitio\/wp-content\/uploads\/2025\/01\/01-CERTIFICADOS-ESTIMULO-DOCENTES-18x12.jpg",18,12,true],"htmega_size_585x295":["https:\/\/www.uartes.edu.ec\/sitio\/wp-content\/uploads\/2025\/01\/01-CERTIFICADOS-ESTIMULO-DOCENTES-585x295.jpg",585,295,true],"htmega_size_1170x536":["https:\/\/www.uartes.edu.ec\/sitio\/wp-content\/uploads\/2025\/01\/01-CERTIFICADOS-ESTIMULO-DOCENTES-1170x536.jpg",1170,536,true],"htmega_size_396x360":["https:\/\/www.uartes.edu.ec\/sitio\/wp-content\/uploads\/2025\/01\/01-CERTIFICADOS-ESTIMULO-DOCENTES-396x360.jpg",396,360,true],"gb-block-post-grid-landscape":["https:\/\/www.uartes.edu.ec\/sitio\/wp-content\/uploads\/2025\/01\/01-CERTIFICADOS-ESTIMULO-DOCENTES-600x400.jpg",600,400,true],"gb-block-post-grid-square":["https:\/\/www.uartes.edu.ec\/sitio\/wp-content\/uploads\/2025\/01\/01-CERTIFICADOS-ESTIMULO-DOCENTES-600x600.jpg",600,600,true],"university-hub-thumb":["https:\/\/www.uartes.edu.ec\/sitio\/wp-content\/uploads\/2025\/01\/01-CERTIFICADOS-ESTIMULO-DOCENTES-400x267.jpg",400,267,true]},"uagb_author_info":{"display_name":"ccortez","author_link":"https:\/\/www.uartes.edu.ec\/sitio\/fr\/blog\/author\/ccortez\/"},"uagb_comment_info":0,"uagb_excerpt":"Como un reconocimiento a los esfuerzos y aportes en la construcci\u00f3n, consolidaci\u00f3n y fortalecimiento de la educaci\u00f3n superior en artes, la Universidad de las Artes entreg\u00f3 en una solemne y emotiva sesi\u00f3n Est\u00edmulos y Reconocimientos Especiales a su personal acad\u00e9mico por los resultados generados en torno a la docencia, investigaci\u00f3n, innovaci\u00f3n, vinculaci\u00f3n con la sociedad\u2026","featured_image_src":"https:\/\/www.uartes.edu.ec\/sitio\/wp-content\/uploads\/2025\/01\/01-CERTIFICADOS-ESTIMULO-DOCENTES-600x400.jpg","featured_image_src_square":"https:\/\/www.uartes.edu.ec\/sitio\/wp-content\/uploads\/2025\/01\/01-CERTIFICADOS-ESTIMULO-DOCENTES-600x600.jpg","author_info":{"display_name":"ccortez","author_link":"https:\/\/www.uartes.edu.ec\/sitio\/fr\/blog\/author\/ccortez\/"},"publishpress_future_workflow_manual_trigger":{"enabledWorkflows":[]},"distributor_meta":false,"distributor_terms":false,"distributor_media":false,"distributor_original_site_name":"Universidad de las Artes","distributor_original_site_url":"https:\/\/www.uartes.edu.ec\/sitio\/fr","push-errors":false,"_links":{"self":[{"href":"https:\/\/www.uartes.edu.ec\/sitio\/fr\/wp-json\/wp\/v2\/posts\/67419","targetHints":{"allow":["GET"]}}],"collection":[{"href":"https:\/\/www.uartes.edu.ec\/sitio\/fr\/wp-json\/wp\/v2\/posts"}],"about":[{"href":"https:\/\/www.uartes.edu.ec\/sitio\/fr\/wp-json\/wp\/v2\/types\/post"}],"author":[{"embeddable":true,"href":"https:\/\/www.uartes.edu.ec\/sitio\/fr\/wp-json\/wp\/v2\/users\/10"}],"replies":[{"embeddable":true,"href":"https:\/\/www.uartes.edu.ec\/sitio\/fr\/wp-json\/wp\/v2\/comments?post=67419"}],"version-history":[{"count":1,"href":"https:\/\/www.uartes.edu.ec\/sitio\/fr\/wp-json\/wp\/v2\/posts\/67419\/revisions"}],"predecessor-version":[{"id":67443,"href":"https:\/\/www.uartes.edu.ec\/sitio\/fr\/wp-json\/wp\/v2\/posts\/67419\/revisions\/67443"}],"wp:featuredmedia":[{"embeddable":true,"href":"https:\/\/www.uartes.edu.ec\/sitio\/fr\/wp-json\/wp\/v2\/media\/67420"}],"wp:attachment":[{"href":"https:\/\/www.uartes.edu.ec\/sitio\/fr\/wp-json\/wp\/v2\/media?parent=67419"}],"wp:term":[{"taxonomy":"category","embeddable":true,"href":"https:\/\/www.uartes.edu.ec\/sitio\/fr\/wp-json\/wp\/v2\/categories?post=67419"},{"taxonomy":"post_tag","embeddable":true,"href":"https:\/\/www.uartes.edu.ec\/sitio\/fr\/wp-json\/wp\/v2\/tags?post=67419"},{"taxonomy":"infouartes","embeddable":true,"href":"https:\/\/www.uartes.edu.ec\/sitio\/fr\/wp-json\/wp\/v2\/infouartes?post=67419"}],"curies":[{"name":"wp","href":"https:\/\/api.w.org\/{rel}","templated":true}]}}