{"id":67508,"date":"2025-01-20T16:42:00","date_gmt":"2025-01-20T21:42:00","guid":{"rendered":"https:\/\/www.uartes.edu.ec\/sitio\/?p=67508"},"modified":"2025-01-23T13:51:48","modified_gmt":"2025-01-23T18:51:48","slug":"convocatoria-de-la-biblioteca-de-las-artes","status":"publish","type":"post","link":"https:\/\/www.uartes.edu.ec\/sitio\/fr\/blog\/2025\/01\/20\/convocatoria-de-la-biblioteca-de-las-artes\/","title":{"rendered":"En febrero enam\u00f3rate de esta convocatoria"},"content":{"rendered":"<p>Del 1 al 15 de febrero pr\u00f3ximo, la Biblioteca de las Artes mantendr\u00e1 abierta la Convocatoria Voluntariado Alumni 2025, dirigida a los graduados de todas las carreras UArtes que tengan propuestas de talleres que quieran desarrollar con ni\u00f1os, j\u00f3venes y personas de la tercera edad.<\/p>\n\n\n\n<p>Es el p\u00fablico que recibe la biblioteca, anota Soraya Campos, su directora, agregando que quienes decidan responder a la convocatoria Voluntariado Alumni 2025 recibir\u00e1n un certificado de participaci\u00f3n y obtendr\u00e1n, adem\u00e1s, un puntaje agregado para la pr\u00f3xima Convocatoria Alumni, esto significa que cuando postulen para ese llamado ya contar\u00e1n con un puntaje para quedar entre los seleccionados.<\/p>\n\n\n\n<p>En suma, son dos las convocatorias que el repositorio de la Universidad de las Artes hace para sus graduados. La de Voluntariado Alumni, los talleristas no perciben ingresos y por ello la duraci\u00f3n e incluso frecuencia de los talleres est\u00e1n sujetas a los postulantes. La convocatoria Alumni, asimismo para la presentaci\u00f3n de proyectos que tambi\u00e9n deber\u00e1n ser evaluados y seleccionados, sus talleristas perciben un ingreso econ\u00f3mico. Esto se realiza acorde a un presupuesto establecido y trabajado en conjunto con la EP UArtes, refiri\u00f3 Campos.<\/p>\n\n\n\n<p>Agreg\u00f3 que estas convocatorias brindan tanto a los talleristas como a sus participantes experiencias \u00fanicas, pues los aprendizajes son de doble v\u00eda. Los alumni llegan con una propuesta y la predisposici\u00f3n y el deseo de compartir un conocimiento y tambi\u00e9n aprenden de quienes deciden tomar parte, ganan pr\u00e1ctica y desenvolvimiento.<\/p>\n\n\n\n<p>Los alumni que quieran responder a la convocatoria que arrancar\u00e1 el 1 de febrero deber\u00e1n enviar la propuesta del taller a ejecutar. Se seleccionar\u00e1n alrededor de diez proyectos, los cuales podr\u00edan desarrollarse durante el a\u00f1o, pero como son voluntariados la Biblioteca de las Artes se acoger\u00e1 a los tiempos que los postulantes se\u00f1alen.<\/p>\n\n\n\n<p>En las bases de la Convocatoria Voluntariado Alumni, se especifica que el repositorio de la UArtes no se responsabiliza por los proyectos que se presenten, que cada postulante se har\u00e1 responsable de su propuesta y que tendr\u00e1 que responder ante cualquier objeci\u00f3n que surgiera. Adem\u00e1s, la biblioteca podr\u00e1 prescindir en cualquier momento de los proyectos que considere no pertinentes por conflictos legales.<\/p>\n\n\n\n<p>Los alumni que sean elegidos para ser talleristas voluntarios deber\u00e1n acogerse a los c\u00f3digos de \u00e9tica de la Universidad de las Artes, as\u00ed como a los valores de la instituci\u00f3n. Cualquier acto de violencia o discriminaci\u00f3n por parte de los alumni voluntarios ser\u00e1 motivo de suspensi\u00f3n del taller, por lo que no se podr\u00e1 emitir un certificado de participaci\u00f3n.<\/p>\n\n\n\n<p>Se debe tener en cuenta tambi\u00e9n que solo se tomar\u00e1n en cuenta las postulaciones realizadas en el tiempo establecido. Quienes presenten un proyecto de taller, pertinente para biblioteca, ser\u00e1n contactados v\u00eda correo electr\u00f3nico, a fin de que asista a una entrevista en la Direcci\u00f3n de Servicios Bibliotecarios.<\/p>","protected":false},"excerpt":{"rendered":"<p>La Biblioteca de las Artes arrancar\u00e1 el 1 de febrero con la convocatoria Voluntariado Alumni 2025. Se mantendr\u00e1 hasta el 15 del pr\u00f3ximo mes y est\u00e1 dirigida a los graduados de todas las carreras Universidad de las Artes que tengan propuestas de talleres que quieran desarrollar con ni\u00f1os, j\u00f3venes y personas de la tercera edad. Quienes decidan postularse y con su proyecto estar entre los seleccionados recibir\u00e1n un certificado de participaci\u00f3n y un puntaje agregado para la pr\u00f3xima Convocatoria Alumni.<\/p>","protected":false},"author":10,"featured_media":67509,"comment_status":"open","ping_status":"open","sticky":false,"template":"","format":"standard","meta":{"_acf_changed":false,"_uag_custom_page_level_css":"","_monsterinsights_skip_tracking":false,"_monsterinsights_sitenote_active":false,"_monsterinsights_sitenote_note":"","_monsterinsights_sitenote_category":0,"cybocfi_hide_featured_image":"","footnotes":""},"categories":[80,490,77,83],"tags":[661],"infouartes":[],"class_list":["post-67508","post","type-post","status-publish","format-standard","has-post-thumbnail","hentry","category-academico","category-alumni","category-gestion","category-sedes","tag-proyectos"],"acf":[],"yoast_head":"<!-- This site is optimized with the Yoast SEO plugin v27.4 - https:\/\/yoast.com\/product\/yoast-seo-wordpress\/ -->\n<title>Universidad de las Artes - En febrero enam\u00f3rate de esta convocatoria<\/title>\n<meta name=\"description\" content=\"Universidad de las Artes - En febrero enam\u00f3rate de esta convocatoria\" \/>\n<meta name=\"robots\" content=\"index, follow, max-snippet:-1, max-image-preview:large, max-video-preview:-1\" \/>\n<link rel=\"canonical\" href=\"https:\/\/www.uartes.edu.ec\/sitio\/fr\/blog\/2025\/01\/20\/convocatoria-de-la-biblioteca-de-las-artes\/\" \/>\n<meta property=\"og:locale\" content=\"fr_FR\" \/>\n<meta property=\"og:type\" content=\"article\" \/>\n<meta property=\"og:title\" content=\"Universidad de las Artes - En febrero enam\u00f3rate de esta convocatoria\" \/>\n<meta property=\"og:description\" content=\"Universidad de las Artes - En febrero enam\u00f3rate de esta convocatoria\" \/>\n<meta property=\"og:url\" content=\"https:\/\/www.uartes.edu.ec\/sitio\/fr\/blog\/2025\/01\/20\/convocatoria-de-la-biblioteca-de-las-artes\/\" \/>\n<meta property=\"og:site_name\" content=\"Universidad de las Artes\" \/>\n<meta property=\"article:publisher\" content=\"https:\/\/www.facebook.com\/uartesec\" \/>\n<meta property=\"article:published_time\" content=\"2025-01-20T21:42:00+00:00\" \/>\n<meta property=\"article:modified_time\" content=\"2025-01-23T18:51:48+00:00\" \/>\n<meta property=\"og:image\" content=\"https:\/\/www.uartes.edu.ec\/sitio\/wp-content\/uploads\/2025\/01\/voluntariado-Alumni-Biblioteca-de-las-Artes.jpg\" \/>\n\t<meta property=\"og:image:width\" content=\"2000\" \/>\n\t<meta property=\"og:image:height\" content=\"1333\" \/>\n\t<meta property=\"og:image:type\" content=\"image\/jpeg\" \/>\n<meta name=\"author\" content=\"ccortez\" \/>\n<meta name=\"twitter:card\" content=\"summary_large_image\" \/>\n<meta name=\"twitter:creator\" content=\"@uartesec\" \/>\n<meta name=\"twitter:site\" content=\"@uartesec\" \/>\n<meta name=\"twitter:label1\" content=\"\u00c9crit par\" \/>\n\t<meta name=\"twitter:data1\" content=\"ccortez\" \/>\n\t<meta name=\"twitter:label2\" content=\"Dur\u00e9e de lecture estim\u00e9e\" \/>\n\t<meta name=\"twitter:data2\" content=\"3 minutes\" \/>\n<script type=\"application\/ld+json\" class=\"yoast-schema-graph\">{\"@context\":\"https:\\\/\\\/schema.org\",\"@graph\":[{\"@type\":\"Article\",\"@id\":\"https:\\\/\\\/www.uartes.edu.ec\\\/sitio\\\/fr\\\/blog\\\/2025\\\/01\\\/20\\\/convocatoria-de-la-biblioteca-de-las-artes\\\/#article\",\"isPartOf\":{\"@id\":\"https:\\\/\\\/www.uartes.edu.ec\\\/sitio\\\/fr\\\/blog\\\/2025\\\/01\\\/20\\\/convocatoria-de-la-biblioteca-de-las-artes\\\/\"},\"author\":{\"name\":\"ccortez\",\"@id\":\"https:\\\/\\\/www.uartes.edu.ec\\\/sitio\\\/fr\\\/#\\\/schema\\\/person\\\/efa1b8275797664fd7f13a79ccc0b1f4\"},\"headline\":\"En febrero enam\u00f3rate de esta convocatoria\",\"datePublished\":\"2025-01-20T21:42:00+00:00\",\"dateModified\":\"2025-01-23T18:51:48+00:00\",\"mainEntityOfPage\":{\"@id\":\"https:\\\/\\\/www.uartes.edu.ec\\\/sitio\\\/fr\\\/blog\\\/2025\\\/01\\\/20\\\/convocatoria-de-la-biblioteca-de-las-artes\\\/\"},\"wordCount\":498,\"commentCount\":0,\"publisher\":{\"@id\":\"https:\\\/\\\/www.uartes.edu.ec\\\/sitio\\\/fr\\\/#organization\"},\"image\":{\"@id\":\"https:\\\/\\\/www.uartes.edu.ec\\\/sitio\\\/fr\\\/blog\\\/2025\\\/01\\\/20\\\/convocatoria-de-la-biblioteca-de-las-artes\\\/#primaryimage\"},\"thumbnailUrl\":\"https:\\\/\\\/www.uartes.edu.ec\\\/sitio\\\/wp-content\\\/uploads\\\/2025\\\/01\\\/voluntariado-Alumni-Biblioteca-de-las-Artes.jpg\",\"keywords\":[\"proyectos\"],\"articleSection\":[\"Acad\u00e9mico\",\"Alumni\",\"Gesti\u00f3n\",\"Sedes\"],\"inLanguage\":\"fr-FR\",\"potentialAction\":[{\"@type\":\"CommentAction\",\"name\":\"Comment\",\"target\":[\"https:\\\/\\\/www.uartes.edu.ec\\\/sitio\\\/fr\\\/blog\\\/2025\\\/01\\\/20\\\/convocatoria-de-la-biblioteca-de-las-artes\\\/#respond\"]}]},{\"@type\":[\"WebPage\",\"ItemPage\"],\"@id\":\"https:\\\/\\\/www.uartes.edu.ec\\\/sitio\\\/fr\\\/blog\\\/2025\\\/01\\\/20\\\/convocatoria-de-la-biblioteca-de-las-artes\\\/\",\"url\":\"https:\\\/\\\/www.uartes.edu.ec\\\/sitio\\\/fr\\\/blog\\\/2025\\\/01\\\/20\\\/convocatoria-de-la-biblioteca-de-las-artes\\\/\",\"name\":\"Universidad de las Artes - En febrero enam\u00f3rate de esta convocatoria\",\"isPartOf\":{\"@id\":\"https:\\\/\\\/www.uartes.edu.ec\\\/sitio\\\/fr\\\/#website\"},\"primaryImageOfPage\":{\"@id\":\"https:\\\/\\\/www.uartes.edu.ec\\\/sitio\\\/fr\\\/blog\\\/2025\\\/01\\\/20\\\/convocatoria-de-la-biblioteca-de-las-artes\\\/#primaryimage\"},\"image\":{\"@id\":\"https:\\\/\\\/www.uartes.edu.ec\\\/sitio\\\/fr\\\/blog\\\/2025\\\/01\\\/20\\\/convocatoria-de-la-biblioteca-de-las-artes\\\/#primaryimage\"},\"thumbnailUrl\":\"https:\\\/\\\/www.uartes.edu.ec\\\/sitio\\\/wp-content\\\/uploads\\\/2025\\\/01\\\/voluntariado-Alumni-Biblioteca-de-las-Artes.jpg\",\"datePublished\":\"2025-01-20T21:42:00+00:00\",\"dateModified\":\"2025-01-23T18:51:48+00:00\",\"description\":\"Universidad de las Artes - En febrero enam\u00f3rate de esta convocatoria\",\"breadcrumb\":{\"@id\":\"https:\\\/\\\/www.uartes.edu.ec\\\/sitio\\\/fr\\\/blog\\\/2025\\\/01\\\/20\\\/convocatoria-de-la-biblioteca-de-las-artes\\\/#breadcrumb\"},\"inLanguage\":\"fr-FR\",\"potentialAction\":[{\"@type\":\"ReadAction\",\"target\":[\"https:\\\/\\\/www.uartes.edu.ec\\\/sitio\\\/fr\\\/blog\\\/2025\\\/01\\\/20\\\/convocatoria-de-la-biblioteca-de-las-artes\\\/\"]}]},{\"@type\":\"ImageObject\",\"inLanguage\":\"fr-FR\",\"@id\":\"https:\\\/\\\/www.uartes.edu.ec\\\/sitio\\\/fr\\\/blog\\\/2025\\\/01\\\/20\\\/convocatoria-de-la-biblioteca-de-las-artes\\\/#primaryimage\",\"url\":\"https:\\\/\\\/www.uartes.edu.ec\\\/sitio\\\/wp-content\\\/uploads\\\/2025\\\/01\\\/voluntariado-Alumni-Biblioteca-de-las-Artes.jpg\",\"contentUrl\":\"https:\\\/\\\/www.uartes.edu.ec\\\/sitio\\\/wp-content\\\/uploads\\\/2025\\\/01\\\/voluntariado-Alumni-Biblioteca-de-las-Artes.jpg\",\"width\":2000,\"height\":1333},{\"@type\":\"BreadcrumbList\",\"@id\":\"https:\\\/\\\/www.uartes.edu.ec\\\/sitio\\\/fr\\\/blog\\\/2025\\\/01\\\/20\\\/convocatoria-de-la-biblioteca-de-las-artes\\\/#breadcrumb\",\"itemListElement\":[{\"@type\":\"ListItem\",\"position\":1,\"name\":\"Inicio\",\"item\":\"https:\\\/\\\/www.uartes.edu.ec\\\/sitio\\\/\"},{\"@type\":\"ListItem\",\"position\":2,\"name\":\"En febrero enam\u00f3rate de esta convocatoria\"}]},{\"@type\":\"WebSite\",\"@id\":\"https:\\\/\\\/www.uartes.edu.ec\\\/sitio\\\/fr\\\/#website\",\"url\":\"https:\\\/\\\/www.uartes.edu.ec\\\/sitio\\\/fr\\\/\",\"name\":\"Universidad de las Artes\",\"description\":\"Sitio oficial de la Universidad Nacional de las Artes del Ecuador\",\"publisher\":{\"@id\":\"https:\\\/\\\/www.uartes.edu.ec\\\/sitio\\\/fr\\\/#organization\"},\"potentialAction\":[{\"@type\":\"SearchAction\",\"target\":{\"@type\":\"EntryPoint\",\"urlTemplate\":\"https:\\\/\\\/www.uartes.edu.ec\\\/sitio\\\/fr\\\/?s={search_term_string}\"},\"query-input\":{\"@type\":\"PropertyValueSpecification\",\"valueRequired\":true,\"valueName\":\"search_term_string\"}}],\"inLanguage\":\"fr-FR\"},{\"@type\":\"Organization\",\"@id\":\"https:\\\/\\\/www.uartes.edu.ec\\\/sitio\\\/fr\\\/#organization\",\"name\":\"Universidad de las Artes\",\"url\":\"https:\\\/\\\/www.uartes.edu.ec\\\/sitio\\\/fr\\\/\",\"logo\":{\"@type\":\"ImageObject\",\"inLanguage\":\"fr-FR\",\"@id\":\"https:\\\/\\\/www.uartes.edu.ec\\\/sitio\\\/fr\\\/#\\\/schema\\\/logo\\\/image\\\/\",\"url\":\"https:\\\/\\\/www.uartes.edu.ec\\\/sitio\\\/wp-content\\\/uploads\\\/2022\\\/07\\\/logo-ua-horizontal.png\",\"contentUrl\":\"https:\\\/\\\/www.uartes.edu.ec\\\/sitio\\\/wp-content\\\/uploads\\\/2022\\\/07\\\/logo-ua-horizontal.png\",\"width\":800,\"height\":276,\"caption\":\"Universidad de las Artes\"},\"image\":{\"@id\":\"https:\\\/\\\/www.uartes.edu.ec\\\/sitio\\\/fr\\\/#\\\/schema\\\/logo\\\/image\\\/\"},\"sameAs\":[\"https:\\\/\\\/www.facebook.com\\\/uartesec\",\"https:\\\/\\\/x.com\\\/uartesec\",\"https:\\\/\\\/www.tiktok.com\\\/@uartesec\"]},{\"@type\":\"Person\",\"@id\":\"https:\\\/\\\/www.uartes.edu.ec\\\/sitio\\\/fr\\\/#\\\/schema\\\/person\\\/efa1b8275797664fd7f13a79ccc0b1f4\",\"name\":\"ccortez\",\"image\":{\"@type\":\"ImageObject\",\"inLanguage\":\"fr-FR\",\"@id\":\"https:\\\/\\\/secure.gravatar.com\\\/avatar\\\/b2a6f664a3ae8e074346ef91775736c5ec479e637ecced6842de9dc98b5da9cd?s=96&d=mm&r=g\",\"url\":\"https:\\\/\\\/secure.gravatar.com\\\/avatar\\\/b2a6f664a3ae8e074346ef91775736c5ec479e637ecced6842de9dc98b5da9cd?s=96&d=mm&r=g\",\"contentUrl\":\"https:\\\/\\\/secure.gravatar.com\\\/avatar\\\/b2a6f664a3ae8e074346ef91775736c5ec479e637ecced6842de9dc98b5da9cd?s=96&d=mm&r=g\",\"caption\":\"ccortez\"},\"url\":\"https:\\\/\\\/www.uartes.edu.ec\\\/sitio\\\/fr\\\/blog\\\/author\\\/ccortez\\\/\"}]}<\/script>\n<!-- \/ Yoast SEO plugin. -->","yoast_head_json":{"title":"Universidad de las Artes - En febrero enam\u00f3rate de esta convocatoria","description":"Universidad de las Artes - En febrero enam\u00f3rate de esta convocatoria","robots":{"index":"index","follow":"follow","max-snippet":"max-snippet:-1","max-image-preview":"max-image-preview:large","max-video-preview":"max-video-preview:-1"},"canonical":"https:\/\/www.uartes.edu.ec\/sitio\/fr\/blog\/2025\/01\/20\/convocatoria-de-la-biblioteca-de-las-artes\/","og_locale":"fr_FR","og_type":"article","og_title":"Universidad de las Artes - En febrero enam\u00f3rate de esta convocatoria","og_description":"Universidad de las Artes - En febrero enam\u00f3rate de esta convocatoria","og_url":"https:\/\/www.uartes.edu.ec\/sitio\/fr\/blog\/2025\/01\/20\/convocatoria-de-la-biblioteca-de-las-artes\/","og_site_name":"Universidad de las Artes","article_publisher":"https:\/\/www.facebook.com\/uartesec","article_published_time":"2025-01-20T21:42:00+00:00","article_modified_time":"2025-01-23T18:51:48+00:00","og_image":[{"width":2000,"height":1333,"url":"https:\/\/www.uartes.edu.ec\/sitio\/wp-content\/uploads\/2025\/01\/voluntariado-Alumni-Biblioteca-de-las-Artes.jpg","type":"image\/jpeg"}],"author":"ccortez","twitter_card":"summary_large_image","twitter_creator":"@uartesec","twitter_site":"@uartesec","twitter_misc":{"\u00c9crit par":"ccortez","Dur\u00e9e de lecture estim\u00e9e":"3 minutes"},"schema":{"@context":"https:\/\/schema.org","@graph":[{"@type":"Article","@id":"https:\/\/www.uartes.edu.ec\/sitio\/fr\/blog\/2025\/01\/20\/convocatoria-de-la-biblioteca-de-las-artes\/#article","isPartOf":{"@id":"https:\/\/www.uartes.edu.ec\/sitio\/fr\/blog\/2025\/01\/20\/convocatoria-de-la-biblioteca-de-las-artes\/"},"author":{"name":"ccortez","@id":"https:\/\/www.uartes.edu.ec\/sitio\/fr\/#\/schema\/person\/efa1b8275797664fd7f13a79ccc0b1f4"},"headline":"En febrero enam\u00f3rate de esta convocatoria","datePublished":"2025-01-20T21:42:00+00:00","dateModified":"2025-01-23T18:51:48+00:00","mainEntityOfPage":{"@id":"https:\/\/www.uartes.edu.ec\/sitio\/fr\/blog\/2025\/01\/20\/convocatoria-de-la-biblioteca-de-las-artes\/"},"wordCount":498,"commentCount":0,"publisher":{"@id":"https:\/\/www.uartes.edu.ec\/sitio\/fr\/#organization"},"image":{"@id":"https:\/\/www.uartes.edu.ec\/sitio\/fr\/blog\/2025\/01\/20\/convocatoria-de-la-biblioteca-de-las-artes\/#primaryimage"},"thumbnailUrl":"https:\/\/www.uartes.edu.ec\/sitio\/wp-content\/uploads\/2025\/01\/voluntariado-Alumni-Biblioteca-de-las-Artes.jpg","keywords":["proyectos"],"articleSection":["Acad\u00e9mico","Alumni","Gesti\u00f3n","Sedes"],"inLanguage":"fr-FR","potentialAction":[{"@type":"CommentAction","name":"Comment","target":["https:\/\/www.uartes.edu.ec\/sitio\/fr\/blog\/2025\/01\/20\/convocatoria-de-la-biblioteca-de-las-artes\/#respond"]}]},{"@type":["WebPage","ItemPage"],"@id":"https:\/\/www.uartes.edu.ec\/sitio\/fr\/blog\/2025\/01\/20\/convocatoria-de-la-biblioteca-de-las-artes\/","url":"https:\/\/www.uartes.edu.ec\/sitio\/fr\/blog\/2025\/01\/20\/convocatoria-de-la-biblioteca-de-las-artes\/","name":"Universidad de las Artes - En febrero enam\u00f3rate de esta convocatoria","isPartOf":{"@id":"https:\/\/www.uartes.edu.ec\/sitio\/fr\/#website"},"primaryImageOfPage":{"@id":"https:\/\/www.uartes.edu.ec\/sitio\/fr\/blog\/2025\/01\/20\/convocatoria-de-la-biblioteca-de-las-artes\/#primaryimage"},"image":{"@id":"https:\/\/www.uartes.edu.ec\/sitio\/fr\/blog\/2025\/01\/20\/convocatoria-de-la-biblioteca-de-las-artes\/#primaryimage"},"thumbnailUrl":"https:\/\/www.uartes.edu.ec\/sitio\/wp-content\/uploads\/2025\/01\/voluntariado-Alumni-Biblioteca-de-las-Artes.jpg","datePublished":"2025-01-20T21:42:00+00:00","dateModified":"2025-01-23T18:51:48+00:00","description":"Universidad de las Artes - En febrero enam\u00f3rate de esta convocatoria","breadcrumb":{"@id":"https:\/\/www.uartes.edu.ec\/sitio\/fr\/blog\/2025\/01\/20\/convocatoria-de-la-biblioteca-de-las-artes\/#breadcrumb"},"inLanguage":"fr-FR","potentialAction":[{"@type":"ReadAction","target":["https:\/\/www.uartes.edu.ec\/sitio\/fr\/blog\/2025\/01\/20\/convocatoria-de-la-biblioteca-de-las-artes\/"]}]},{"@type":"ImageObject","inLanguage":"fr-FR","@id":"https:\/\/www.uartes.edu.ec\/sitio\/fr\/blog\/2025\/01\/20\/convocatoria-de-la-biblioteca-de-las-artes\/#primaryimage","url":"https:\/\/www.uartes.edu.ec\/sitio\/wp-content\/uploads\/2025\/01\/voluntariado-Alumni-Biblioteca-de-las-Artes.jpg","contentUrl":"https:\/\/www.uartes.edu.ec\/sitio\/wp-content\/uploads\/2025\/01\/voluntariado-Alumni-Biblioteca-de-las-Artes.jpg","width":2000,"height":1333},{"@type":"BreadcrumbList","@id":"https:\/\/www.uartes.edu.ec\/sitio\/fr\/blog\/2025\/01\/20\/convocatoria-de-la-biblioteca-de-las-artes\/#breadcrumb","itemListElement":[{"@type":"ListItem","position":1,"name":"Inicio","item":"https:\/\/www.uartes.edu.ec\/sitio\/"},{"@type":"ListItem","position":2,"name":"En febrero enam\u00f3rate de esta convocatoria"}]},{"@type":"WebSite","@id":"https:\/\/www.uartes.edu.ec\/sitio\/fr\/#website","url":"https:\/\/www.uartes.edu.ec\/sitio\/fr\/","name":"Universidad de las Artes","description":"Sitio oficial de la Universidad Nacional de las Artes del Ecuador","publisher":{"@id":"https:\/\/www.uartes.edu.ec\/sitio\/fr\/#organization"},"potentialAction":[{"@type":"SearchAction","target":{"@type":"EntryPoint","urlTemplate":"https:\/\/www.uartes.edu.ec\/sitio\/fr\/?s={search_term_string}"},"query-input":{"@type":"PropertyValueSpecification","valueRequired":true,"valueName":"search_term_string"}}],"inLanguage":"fr-FR"},{"@type":"Organization","@id":"https:\/\/www.uartes.edu.ec\/sitio\/fr\/#organization","name":"Universidad de las Artes","url":"https:\/\/www.uartes.edu.ec\/sitio\/fr\/","logo":{"@type":"ImageObject","inLanguage":"fr-FR","@id":"https:\/\/www.uartes.edu.ec\/sitio\/fr\/#\/schema\/logo\/image\/","url":"https:\/\/www.uartes.edu.ec\/sitio\/wp-content\/uploads\/2022\/07\/logo-ua-horizontal.png","contentUrl":"https:\/\/www.uartes.edu.ec\/sitio\/wp-content\/uploads\/2022\/07\/logo-ua-horizontal.png","width":800,"height":276,"caption":"Universidad de las Artes"},"image":{"@id":"https:\/\/www.uartes.edu.ec\/sitio\/fr\/#\/schema\/logo\/image\/"},"sameAs":["https:\/\/www.facebook.com\/uartesec","https:\/\/x.com\/uartesec","https:\/\/www.tiktok.com\/@uartesec"]},{"@type":"Person","@id":"https:\/\/www.uartes.edu.ec\/sitio\/fr\/#\/schema\/person\/efa1b8275797664fd7f13a79ccc0b1f4","name":"ccortez","image":{"@type":"ImageObject","inLanguage":"fr-FR","@id":"https:\/\/secure.gravatar.com\/avatar\/b2a6f664a3ae8e074346ef91775736c5ec479e637ecced6842de9dc98b5da9cd?s=96&d=mm&r=g","url":"https:\/\/secure.gravatar.com\/avatar\/b2a6f664a3ae8e074346ef91775736c5ec479e637ecced6842de9dc98b5da9cd?s=96&d=mm&r=g","contentUrl":"https:\/\/secure.gravatar.com\/avatar\/b2a6f664a3ae8e074346ef91775736c5ec479e637ecced6842de9dc98b5da9cd?s=96&d=mm&r=g","caption":"ccortez"},"url":"https:\/\/www.uartes.edu.ec\/sitio\/fr\/blog\/author\/ccortez\/"}]}},"uagb_featured_image_src":{"full":["https:\/\/www.uartes.edu.ec\/sitio\/wp-content\/uploads\/2025\/01\/voluntariado-Alumni-Biblioteca-de-las-Artes.jpg",2000,1333,false],"thumbnail":["https:\/\/www.uartes.edu.ec\/sitio\/wp-content\/uploads\/2025\/01\/voluntariado-Alumni-Biblioteca-de-las-Artes-150x150.jpg",150,150,true],"medium":["https:\/\/www.uartes.edu.ec\/sitio\/wp-content\/uploads\/2025\/01\/voluntariado-Alumni-Biblioteca-de-las-Artes-300x200.jpg",300,200,true],"medium_large":["https:\/\/www.uartes.edu.ec\/sitio\/wp-content\/uploads\/2025\/01\/voluntariado-Alumni-Biblioteca-de-las-Artes-768x512.jpg",768,512,true],"large":["https:\/\/www.uartes.edu.ec\/sitio\/wp-content\/uploads\/2025\/01\/voluntariado-Alumni-Biblioteca-de-las-Artes-644x429.jpg",644,429,true],"1536x1536":["https:\/\/www.uartes.edu.ec\/sitio\/wp-content\/uploads\/2025\/01\/voluntariado-Alumni-Biblioteca-de-las-Artes-1536x1024.jpg",1536,1024,true],"2048x2048":["https:\/\/www.uartes.edu.ec\/sitio\/wp-content\/uploads\/2025\/01\/voluntariado-Alumni-Biblioteca-de-las-Artes.jpg",2000,1333,false],"trp-custom-language-flag":["https:\/\/www.uartes.edu.ec\/sitio\/wp-content\/uploads\/2025\/01\/voluntariado-Alumni-Biblioteca-de-las-Artes-18x12.jpg",18,12,true],"htmega_size_585x295":["https:\/\/www.uartes.edu.ec\/sitio\/wp-content\/uploads\/2025\/01\/voluntariado-Alumni-Biblioteca-de-las-Artes-585x295.jpg",585,295,true],"htmega_size_1170x536":["https:\/\/www.uartes.edu.ec\/sitio\/wp-content\/uploads\/2025\/01\/voluntariado-Alumni-Biblioteca-de-las-Artes-1170x536.jpg",1170,536,true],"htmega_size_396x360":["https:\/\/www.uartes.edu.ec\/sitio\/wp-content\/uploads\/2025\/01\/voluntariado-Alumni-Biblioteca-de-las-Artes-396x360.jpg",396,360,true],"gb-block-post-grid-landscape":["https:\/\/www.uartes.edu.ec\/sitio\/wp-content\/uploads\/2025\/01\/voluntariado-Alumni-Biblioteca-de-las-Artes-600x400.jpg",600,400,true],"gb-block-post-grid-square":["https:\/\/www.uartes.edu.ec\/sitio\/wp-content\/uploads\/2025\/01\/voluntariado-Alumni-Biblioteca-de-las-Artes-600x600.jpg",600,600,true],"university-hub-thumb":["https:\/\/www.uartes.edu.ec\/sitio\/wp-content\/uploads\/2025\/01\/voluntariado-Alumni-Biblioteca-de-las-Artes-400x267.jpg",400,267,true],"mailpoet_newsletter_max":["https:\/\/www.uartes.edu.ec\/sitio\/wp-content\/uploads\/2025\/01\/voluntariado-Alumni-Biblioteca-de-las-Artes.jpg",1320,880,false]},"uagb_author_info":{"display_name":"ccortez","author_link":"https:\/\/www.uartes.edu.ec\/sitio\/fr\/blog\/author\/ccortez\/"},"uagb_comment_info":0,"uagb_excerpt":"La Biblioteca de las Artes arrancar\u00e1 el 1 de febrero con la convocatoria Voluntariado Alumni 2025. Se mantendr\u00e1 hasta el 15 del pr\u00f3ximo mes y est\u00e1 dirigida a los graduados de todas las carreras Universidad de las Artes que tengan propuestas de talleres que quieran desarrollar con ni\u00f1os, j\u00f3venes y personas de la tercera edad.\u2026","featured_image_src":"https:\/\/www.uartes.edu.ec\/sitio\/wp-content\/uploads\/2025\/01\/voluntariado-Alumni-Biblioteca-de-las-Artes-600x400.jpg","featured_image_src_square":"https:\/\/www.uartes.edu.ec\/sitio\/wp-content\/uploads\/2025\/01\/voluntariado-Alumni-Biblioteca-de-las-Artes-600x600.jpg","author_info":{"display_name":"ccortez","author_link":"https:\/\/www.uartes.edu.ec\/sitio\/fr\/blog\/author\/ccortez\/"},"publishpress_future_workflow_manual_trigger":{"enabledWorkflows":[]},"distributor_meta":false,"distributor_terms":false,"distributor_media":false,"distributor_original_site_name":"Universidad de las Artes","distributor_original_site_url":"https:\/\/www.uartes.edu.ec\/sitio\/fr","push-errors":false,"_links":{"self":[{"href":"https:\/\/www.uartes.edu.ec\/sitio\/fr\/wp-json\/wp\/v2\/posts\/67508","targetHints":{"allow":["GET"]}}],"collection":[{"href":"https:\/\/www.uartes.edu.ec\/sitio\/fr\/wp-json\/wp\/v2\/posts"}],"about":[{"href":"https:\/\/www.uartes.edu.ec\/sitio\/fr\/wp-json\/wp\/v2\/types\/post"}],"author":[{"embeddable":true,"href":"https:\/\/www.uartes.edu.ec\/sitio\/fr\/wp-json\/wp\/v2\/users\/10"}],"replies":[{"embeddable":true,"href":"https:\/\/www.uartes.edu.ec\/sitio\/fr\/wp-json\/wp\/v2\/comments?post=67508"}],"version-history":[{"count":2,"href":"https:\/\/www.uartes.edu.ec\/sitio\/fr\/wp-json\/wp\/v2\/posts\/67508\/revisions"}],"predecessor-version":[{"id":67516,"href":"https:\/\/www.uartes.edu.ec\/sitio\/fr\/wp-json\/wp\/v2\/posts\/67508\/revisions\/67516"}],"wp:featuredmedia":[{"embeddable":true,"href":"https:\/\/www.uartes.edu.ec\/sitio\/fr\/wp-json\/wp\/v2\/media\/67509"}],"wp:attachment":[{"href":"https:\/\/www.uartes.edu.ec\/sitio\/fr\/wp-json\/wp\/v2\/media?parent=67508"}],"wp:term":[{"taxonomy":"category","embeddable":true,"href":"https:\/\/www.uartes.edu.ec\/sitio\/fr\/wp-json\/wp\/v2\/categories?post=67508"},{"taxonomy":"post_tag","embeddable":true,"href":"https:\/\/www.uartes.edu.ec\/sitio\/fr\/wp-json\/wp\/v2\/tags?post=67508"},{"taxonomy":"infouartes","embeddable":true,"href":"https:\/\/www.uartes.edu.ec\/sitio\/fr\/wp-json\/wp\/v2\/infouartes?post=67508"}],"curies":[{"name":"wp","href":"https:\/\/api.w.org\/{rel}","templated":true}]}}