{"id":6756,"date":"2020-04-24T22:55:38","date_gmt":"2020-04-25T03:55:38","guid":{"rendered":"http:\/\/www.uartes.edu.ec\/sitio\/?p=6756"},"modified":"2024-07-04T11:48:10","modified_gmt":"2024-07-04T16:48:10","slug":"vinculacion-con-la-sociedad-de-la-uartes-invita-a-registrar-propuestas-para-desarrollar-acciones-en-el-entorno-virtual","status":"publish","type":"post","link":"https:\/\/www.uartes.edu.ec\/sitio\/fr\/blog\/2020\/04\/24\/vinculacion-con-la-sociedad-de-la-uartes-invita-a-registrar-propuestas-para-desarrollar-acciones-en-el-entorno-virtual\/","title":{"rendered":"Vinculaci\u00f3n con la Sociedad invita a registrar propuestas para desarrollar acciones en el entorno virtual"},"content":{"rendered":"<p>Talleres y laboratorios art\u00edsticos, actividades de creaci\u00f3n y circulaci\u00f3n de pr\u00e1cticas art\u00edsticas constan en el programa que la Direcci\u00f3n de Vinculaci\u00f3n con la Sociedad de la Universidad de las Artes ha creado para desarrollar acciones en el entorno virtual y para activar redes de solidaridad con las comunidades participantes en proyectos institucionales que se encuentran en zonas de mayor vulnerabilidad y con miembros de nuestra comunidad universitaria.<\/p>\n\n\n\n<p>Pensamos que nuestros aportes desde las artes ser\u00e1n valiosos para imaginar nuevas maneras en las que construiremos el futuro, tendiendo puentes sensibles, cr\u00edticos y solidarios que nos acerquen en las maneras en las que nos sea posible. Por ello, invitamos a toda la comunidad universitaria a participar y registrar sus propuestas en los links que hemos creado para el efecto, se\u00f1ala Mar\u00eda Jos\u00e9 Icaza, directora de Vinculaci\u00f3n con la Sociedad.<\/p>\n\n\n\n<p>Para los talleres y laboratorios art\u00edsticos para p\u00fablico diverso (con \u00e9nfasis en ni\u00f1ez y adolescencia, en entornos virtuales): http:\/\/tiny.cc\/talleresonlineuartes<\/p>\n\n\n\n<p>Para actividades de creaci\u00f3n y circulaci\u00f3n de pr\u00e1cticas art\u00edsticas y saberes se organizar\u00e1n entornos de trabajo para la producci\u00f3n y circulaci\u00f3n de pr\u00e1cticas art\u00edsticas y saberes generados por la comunidad de la UArtes. En esta l\u00ednea se pueden incluir nuevas actividades o propuestas de ajustes a proyectos existentes: http:\/\/tiny.cc\/actvinculacionuartes<\/p>\n\n\n\n<p>La Direcci\u00f3n de Vinculaci\u00f3n con la Sociedad estar\u00e1 atenta a sus aportes y ofrecer\u00e1 todo el acompa\u00f1amiento posible para poder realizar estas iniciativas, se\u00f1ala Mar\u00eda Jos\u00e9 Icaza; y, agrega, estas plataformas que proponemos ser\u00e1n entornos valiosos para experimentar y reflexionar sobre nuevas perspectivas para el desarrollo de proyectos de vinculaci\u00f3n con la sociedad y el cumplimiento de las pr\u00e1cticas preprofesionales.<\/p>\n\n\n<div class=\"wp-block-image\">\n<figure class=\"aligncenter size-large\"><img fetchpriority=\"high\" decoding=\"async\" width=\"644\" height=\"429\" src=\"http:\/\/www.uartes.edu.ec\/sitio\/wp-content\/uploads\/2020\/04\/Curso-de-invierno-28-644x429.jpg\" alt=\"\" class=\"wp-image-6757\" srcset=\"https:\/\/www.uartes.edu.ec\/sitio\/wp-content\/uploads\/2020\/04\/Curso-de-invierno-28-644x429.jpg 644w, https:\/\/www.uartes.edu.ec\/sitio\/wp-content\/uploads\/2020\/04\/Curso-de-invierno-28-300x200.jpg 300w, https:\/\/www.uartes.edu.ec\/sitio\/wp-content\/uploads\/2020\/04\/Curso-de-invierno-28-768x512.jpg 768w, https:\/\/www.uartes.edu.ec\/sitio\/wp-content\/uploads\/2020\/04\/Curso-de-invierno-28-1536x1024.jpg 1536w, https:\/\/www.uartes.edu.ec\/sitio\/wp-content\/uploads\/2020\/04\/Curso-de-invierno-28-600x400.jpg 600w, https:\/\/www.uartes.edu.ec\/sitio\/wp-content\/uploads\/2020\/04\/Curso-de-invierno-28-400x267.jpg 400w, https:\/\/www.uartes.edu.ec\/sitio\/wp-content\/uploads\/2020\/04\/Curso-de-invierno-28-272x182.jpg 272w, https:\/\/www.uartes.edu.ec\/sitio\/wp-content\/uploads\/2020\/04\/Curso-de-invierno-28.jpg 2000w\" sizes=\"(max-width: 644px) 100vw, 644px\" \/><\/figure>\n<\/div>\n\n\n<p>Enfatiza que la emergencia sanitaria y el momento de crisis mundial que atravesamos nos interpela sobre nuestras prioridades, sobre las maneras en las que nos relacionamos con nosotros mismos y con el mundo, y nos obliga a pensar en la importancia del trabajo colectivo y en las posibilidades para mantener vivos los espacios de encuentro, cuidar de la vida y tambi\u00e9n los afectos. Sabemos que enfrentamos a esta pandemia de maneras distintas y creemos que, desde la individualidad y de manera colectiva, estamos imaginando maneras de aproximarnos, expresarnos, registrar lo que ocurre y ser solidarias y solidarios. En este momento, se vuelve indispensable situar el valor de la educaci\u00f3n p\u00fablica y nuestro rol desde la educaci\u00f3n superior p\u00fablica en artes.<\/p>","protected":false},"excerpt":{"rendered":"<p>Talleres y laboratorios art\u00edsticos, actividades de creaci\u00f3n y circulaci\u00f3n de pr\u00e1cticas art\u00edsticas constan en el programa que la Direcci\u00f3n de Vinculaci\u00f3n con la Sociedad de la Universidad de las Artes ha creado para desarrollar acciones en el entorno virtual.<\/p>","protected":false},"author":1,"featured_media":6758,"comment_status":"closed","ping_status":"closed","sticky":false,"template":"","format":"standard","meta":{"_acf_changed":false,"_uag_custom_page_level_css":"","_monsterinsights_skip_tracking":false,"_monsterinsights_sitenote_active":false,"_monsterinsights_sitenote_note":"","_monsterinsights_sitenote_category":0,"cybocfi_hide_featured_image":"","footnotes":""},"categories":[79],"tags":[211],"infouartes":[],"class_list":["post-6756","post","type-post","status-publish","format-standard","has-post-thumbnail","hentry","category-vinculo","tag-covid19"],"acf":[],"yoast_head":"<!-- This site is optimized with the Yoast SEO plugin v27.4 - https:\/\/yoast.com\/product\/yoast-seo-wordpress\/ -->\n<title>Universidad de las Artes - Vinculaci\u00f3n con la Sociedad invita a registrar propuestas para desarrollar acciones en el entorno virtual<\/title>\n<meta name=\"description\" content=\"Universidad de las Artes - Vinculaci\u00f3n con la Sociedad invita a registrar propuestas para desarrollar acciones en el entorno virtual\" \/>\n<meta name=\"robots\" content=\"index, follow, max-snippet:-1, max-image-preview:large, max-video-preview:-1\" \/>\n<link rel=\"canonical\" href=\"https:\/\/www.uartes.edu.ec\/sitio\/fr\/blog\/2020\/04\/24\/vinculacion-con-la-sociedad-de-la-uartes-invita-a-registrar-propuestas-para-desarrollar-acciones-en-el-entorno-virtual\/\" \/>\n<meta property=\"og:locale\" content=\"fr_FR\" \/>\n<meta property=\"og:type\" content=\"article\" \/>\n<meta property=\"og:title\" content=\"Universidad de las Artes - Vinculaci\u00f3n con la Sociedad invita a registrar propuestas para desarrollar acciones en el entorno virtual\" \/>\n<meta property=\"og:description\" content=\"Universidad de las Artes - Vinculaci\u00f3n con la Sociedad invita a registrar propuestas para desarrollar acciones en el entorno virtual\" \/>\n<meta property=\"og:url\" content=\"https:\/\/www.uartes.edu.ec\/sitio\/fr\/blog\/2020\/04\/24\/vinculacion-con-la-sociedad-de-la-uartes-invita-a-registrar-propuestas-para-desarrollar-acciones-en-el-entorno-virtual\/\" \/>\n<meta property=\"og:site_name\" content=\"Universidad de las Artes\" \/>\n<meta property=\"article:publisher\" content=\"https:\/\/www.facebook.com\/uartesec\" \/>\n<meta property=\"article:published_time\" content=\"2020-04-25T03:55:38+00:00\" \/>\n<meta property=\"article:modified_time\" content=\"2024-07-04T16:48:10+00:00\" \/>\n<meta property=\"og:image\" content=\"https:\/\/www.uartes.edu.ec\/sitio\/wp-content\/uploads\/2020\/04\/Curso-de-invierno2.jpg\" \/>\n\t<meta property=\"og:image:width\" content=\"2000\" \/>\n\t<meta property=\"og:image:height\" content=\"1333\" \/>\n\t<meta property=\"og:image:type\" content=\"image\/jpeg\" \/>\n<meta name=\"author\" content=\"Universidad de las Artes\" \/>\n<meta name=\"twitter:card\" content=\"summary_large_image\" \/>\n<meta name=\"twitter:creator\" content=\"@uartesec\" \/>\n<meta name=\"twitter:site\" content=\"@uartesec\" \/>\n<meta name=\"twitter:label1\" content=\"\u00c9crit par\" \/>\n\t<meta name=\"twitter:data1\" content=\"Universidad de las Artes\" \/>\n\t<meta name=\"twitter:label2\" content=\"Dur\u00e9e de lecture estim\u00e9e\" \/>\n\t<meta name=\"twitter:data2\" content=\"2 minutes\" \/>\n<script type=\"application\/ld+json\" class=\"yoast-schema-graph\">{\"@context\":\"https:\\\/\\\/schema.org\",\"@graph\":[{\"@type\":\"Article\",\"@id\":\"https:\\\/\\\/www.uartes.edu.ec\\\/sitio\\\/fr\\\/blog\\\/2020\\\/04\\\/24\\\/vinculacion-con-la-sociedad-de-la-uartes-invita-a-registrar-propuestas-para-desarrollar-acciones-en-el-entorno-virtual\\\/#article\",\"isPartOf\":{\"@id\":\"https:\\\/\\\/www.uartes.edu.ec\\\/sitio\\\/fr\\\/blog\\\/2020\\\/04\\\/24\\\/vinculacion-con-la-sociedad-de-la-uartes-invita-a-registrar-propuestas-para-desarrollar-acciones-en-el-entorno-virtual\\\/\"},\"author\":{\"name\":\"Universidad de las Artes\",\"@id\":\"https:\\\/\\\/www.uartes.edu.ec\\\/sitio\\\/fr\\\/#\\\/schema\\\/person\\\/f33f8c1d2af0d5c80a38c8abf458184a\"},\"headline\":\"Vinculaci\u00f3n con la Sociedad invita a registrar propuestas para desarrollar acciones en el entorno virtual\",\"datePublished\":\"2020-04-25T03:55:38+00:00\",\"dateModified\":\"2024-07-04T16:48:10+00:00\",\"mainEntityOfPage\":{\"@id\":\"https:\\\/\\\/www.uartes.edu.ec\\\/sitio\\\/fr\\\/blog\\\/2020\\\/04\\\/24\\\/vinculacion-con-la-sociedad-de-la-uartes-invita-a-registrar-propuestas-para-desarrollar-acciones-en-el-entorno-virtual\\\/\"},\"wordCount\":445,\"publisher\":{\"@id\":\"https:\\\/\\\/www.uartes.edu.ec\\\/sitio\\\/fr\\\/#organization\"},\"image\":{\"@id\":\"https:\\\/\\\/www.uartes.edu.ec\\\/sitio\\\/fr\\\/blog\\\/2020\\\/04\\\/24\\\/vinculacion-con-la-sociedad-de-la-uartes-invita-a-registrar-propuestas-para-desarrollar-acciones-en-el-entorno-virtual\\\/#primaryimage\"},\"thumbnailUrl\":\"https:\\\/\\\/www.uartes.edu.ec\\\/sitio\\\/wp-content\\\/uploads\\\/2020\\\/04\\\/Curso-de-invierno2.jpg\",\"keywords\":[\"covid19\"],\"articleSection\":[\"V\u00ednculo\"],\"inLanguage\":\"fr-FR\"},{\"@type\":[\"WebPage\",\"ItemPage\"],\"@id\":\"https:\\\/\\\/www.uartes.edu.ec\\\/sitio\\\/fr\\\/blog\\\/2020\\\/04\\\/24\\\/vinculacion-con-la-sociedad-de-la-uartes-invita-a-registrar-propuestas-para-desarrollar-acciones-en-el-entorno-virtual\\\/\",\"url\":\"https:\\\/\\\/www.uartes.edu.ec\\\/sitio\\\/fr\\\/blog\\\/2020\\\/04\\\/24\\\/vinculacion-con-la-sociedad-de-la-uartes-invita-a-registrar-propuestas-para-desarrollar-acciones-en-el-entorno-virtual\\\/\",\"name\":\"Universidad de las Artes - Vinculaci\u00f3n con la Sociedad invita a registrar propuestas para desarrollar acciones en el entorno virtual\",\"isPartOf\":{\"@id\":\"https:\\\/\\\/www.uartes.edu.ec\\\/sitio\\\/fr\\\/#website\"},\"primaryImageOfPage\":{\"@id\":\"https:\\\/\\\/www.uartes.edu.ec\\\/sitio\\\/fr\\\/blog\\\/2020\\\/04\\\/24\\\/vinculacion-con-la-sociedad-de-la-uartes-invita-a-registrar-propuestas-para-desarrollar-acciones-en-el-entorno-virtual\\\/#primaryimage\"},\"image\":{\"@id\":\"https:\\\/\\\/www.uartes.edu.ec\\\/sitio\\\/fr\\\/blog\\\/2020\\\/04\\\/24\\\/vinculacion-con-la-sociedad-de-la-uartes-invita-a-registrar-propuestas-para-desarrollar-acciones-en-el-entorno-virtual\\\/#primaryimage\"},\"thumbnailUrl\":\"https:\\\/\\\/www.uartes.edu.ec\\\/sitio\\\/wp-content\\\/uploads\\\/2020\\\/04\\\/Curso-de-invierno2.jpg\",\"datePublished\":\"2020-04-25T03:55:38+00:00\",\"dateModified\":\"2024-07-04T16:48:10+00:00\",\"description\":\"Universidad de las Artes - Vinculaci\u00f3n con la Sociedad invita a registrar propuestas para desarrollar acciones en el entorno virtual\",\"breadcrumb\":{\"@id\":\"https:\\\/\\\/www.uartes.edu.ec\\\/sitio\\\/fr\\\/blog\\\/2020\\\/04\\\/24\\\/vinculacion-con-la-sociedad-de-la-uartes-invita-a-registrar-propuestas-para-desarrollar-acciones-en-el-entorno-virtual\\\/#breadcrumb\"},\"inLanguage\":\"fr-FR\",\"potentialAction\":[{\"@type\":\"ReadAction\",\"target\":[\"https:\\\/\\\/www.uartes.edu.ec\\\/sitio\\\/fr\\\/blog\\\/2020\\\/04\\\/24\\\/vinculacion-con-la-sociedad-de-la-uartes-invita-a-registrar-propuestas-para-desarrollar-acciones-en-el-entorno-virtual\\\/\"]}]},{\"@type\":\"ImageObject\",\"inLanguage\":\"fr-FR\",\"@id\":\"https:\\\/\\\/www.uartes.edu.ec\\\/sitio\\\/fr\\\/blog\\\/2020\\\/04\\\/24\\\/vinculacion-con-la-sociedad-de-la-uartes-invita-a-registrar-propuestas-para-desarrollar-acciones-en-el-entorno-virtual\\\/#primaryimage\",\"url\":\"https:\\\/\\\/www.uartes.edu.ec\\\/sitio\\\/wp-content\\\/uploads\\\/2020\\\/04\\\/Curso-de-invierno2.jpg\",\"contentUrl\":\"https:\\\/\\\/www.uartes.edu.ec\\\/sitio\\\/wp-content\\\/uploads\\\/2020\\\/04\\\/Curso-de-invierno2.jpg\",\"width\":2000,\"height\":1333},{\"@type\":\"BreadcrumbList\",\"@id\":\"https:\\\/\\\/www.uartes.edu.ec\\\/sitio\\\/fr\\\/blog\\\/2020\\\/04\\\/24\\\/vinculacion-con-la-sociedad-de-la-uartes-invita-a-registrar-propuestas-para-desarrollar-acciones-en-el-entorno-virtual\\\/#breadcrumb\",\"itemListElement\":[{\"@type\":\"ListItem\",\"position\":1,\"name\":\"Inicio\",\"item\":\"https:\\\/\\\/www.uartes.edu.ec\\\/sitio\\\/\"},{\"@type\":\"ListItem\",\"position\":2,\"name\":\"Vinculaci\u00f3n con la Sociedad invita a registrar propuestas para desarrollar acciones en el entorno virtual\"}]},{\"@type\":\"WebSite\",\"@id\":\"https:\\\/\\\/www.uartes.edu.ec\\\/sitio\\\/fr\\\/#website\",\"url\":\"https:\\\/\\\/www.uartes.edu.ec\\\/sitio\\\/fr\\\/\",\"name\":\"Universidad de las Artes\",\"description\":\"Sitio oficial de la Universidad Nacional de las Artes del Ecuador\",\"publisher\":{\"@id\":\"https:\\\/\\\/www.uartes.edu.ec\\\/sitio\\\/fr\\\/#organization\"},\"potentialAction\":[{\"@type\":\"SearchAction\",\"target\":{\"@type\":\"EntryPoint\",\"urlTemplate\":\"https:\\\/\\\/www.uartes.edu.ec\\\/sitio\\\/fr\\\/?s={search_term_string}\"},\"query-input\":{\"@type\":\"PropertyValueSpecification\",\"valueRequired\":true,\"valueName\":\"search_term_string\"}}],\"inLanguage\":\"fr-FR\"},{\"@type\":\"Organization\",\"@id\":\"https:\\\/\\\/www.uartes.edu.ec\\\/sitio\\\/fr\\\/#organization\",\"name\":\"Universidad de las Artes\",\"url\":\"https:\\\/\\\/www.uartes.edu.ec\\\/sitio\\\/fr\\\/\",\"logo\":{\"@type\":\"ImageObject\",\"inLanguage\":\"fr-FR\",\"@id\":\"https:\\\/\\\/www.uartes.edu.ec\\\/sitio\\\/fr\\\/#\\\/schema\\\/logo\\\/image\\\/\",\"url\":\"https:\\\/\\\/www.uartes.edu.ec\\\/sitio\\\/wp-content\\\/uploads\\\/2022\\\/07\\\/logo-ua-horizontal.png\",\"contentUrl\":\"https:\\\/\\\/www.uartes.edu.ec\\\/sitio\\\/wp-content\\\/uploads\\\/2022\\\/07\\\/logo-ua-horizontal.png\",\"width\":800,\"height\":276,\"caption\":\"Universidad de las Artes\"},\"image\":{\"@id\":\"https:\\\/\\\/www.uartes.edu.ec\\\/sitio\\\/fr\\\/#\\\/schema\\\/logo\\\/image\\\/\"},\"sameAs\":[\"https:\\\/\\\/www.facebook.com\\\/uartesec\",\"https:\\\/\\\/x.com\\\/uartesec\",\"https:\\\/\\\/www.tiktok.com\\\/@uartesec\"]},{\"@type\":\"Person\",\"@id\":\"https:\\\/\\\/www.uartes.edu.ec\\\/sitio\\\/fr\\\/#\\\/schema\\\/person\\\/f33f8c1d2af0d5c80a38c8abf458184a\",\"name\":\"Universidad de las Artes\",\"image\":{\"@type\":\"ImageObject\",\"inLanguage\":\"fr-FR\",\"@id\":\"https:\\\/\\\/secure.gravatar.com\\\/avatar\\\/52e4757902f5cfa5ac52d020e5be83cae5487519154b6c35482fe08d589f3c13?s=96&d=mm&r=g\",\"url\":\"https:\\\/\\\/secure.gravatar.com\\\/avatar\\\/52e4757902f5cfa5ac52d020e5be83cae5487519154b6c35482fe08d589f3c13?s=96&d=mm&r=g\",\"contentUrl\":\"https:\\\/\\\/secure.gravatar.com\\\/avatar\\\/52e4757902f5cfa5ac52d020e5be83cae5487519154b6c35482fe08d589f3c13?s=96&d=mm&r=g\",\"caption\":\"Universidad de las Artes\"},\"url\":\"https:\\\/\\\/www.uartes.edu.ec\\\/sitio\\\/fr\\\/blog\\\/author\\\/dircomadm\\\/\"}]}<\/script>\n<!-- \/ Yoast SEO plugin. -->","yoast_head_json":{"title":"Universidad de las Artes - Vinculaci\u00f3n con la Sociedad invita a registrar propuestas para desarrollar acciones en el entorno virtual","description":"Universidad de las Artes - Vinculaci\u00f3n con la Sociedad invita a registrar propuestas para desarrollar acciones en el entorno virtual","robots":{"index":"index","follow":"follow","max-snippet":"max-snippet:-1","max-image-preview":"max-image-preview:large","max-video-preview":"max-video-preview:-1"},"canonical":"https:\/\/www.uartes.edu.ec\/sitio\/fr\/blog\/2020\/04\/24\/vinculacion-con-la-sociedad-de-la-uartes-invita-a-registrar-propuestas-para-desarrollar-acciones-en-el-entorno-virtual\/","og_locale":"fr_FR","og_type":"article","og_title":"Universidad de las Artes - Vinculaci\u00f3n con la Sociedad invita a registrar propuestas para desarrollar acciones en el entorno virtual","og_description":"Universidad de las Artes - Vinculaci\u00f3n con la Sociedad invita a registrar propuestas para desarrollar acciones en el entorno virtual","og_url":"https:\/\/www.uartes.edu.ec\/sitio\/fr\/blog\/2020\/04\/24\/vinculacion-con-la-sociedad-de-la-uartes-invita-a-registrar-propuestas-para-desarrollar-acciones-en-el-entorno-virtual\/","og_site_name":"Universidad de las Artes","article_publisher":"https:\/\/www.facebook.com\/uartesec","article_published_time":"2020-04-25T03:55:38+00:00","article_modified_time":"2024-07-04T16:48:10+00:00","og_image":[{"width":2000,"height":1333,"url":"https:\/\/www.uartes.edu.ec\/sitio\/wp-content\/uploads\/2020\/04\/Curso-de-invierno2.jpg","type":"image\/jpeg"}],"author":"Universidad de las Artes","twitter_card":"summary_large_image","twitter_creator":"@uartesec","twitter_site":"@uartesec","twitter_misc":{"\u00c9crit par":"Universidad de las Artes","Dur\u00e9e de lecture estim\u00e9e":"2 minutes"},"schema":{"@context":"https:\/\/schema.org","@graph":[{"@type":"Article","@id":"https:\/\/www.uartes.edu.ec\/sitio\/fr\/blog\/2020\/04\/24\/vinculacion-con-la-sociedad-de-la-uartes-invita-a-registrar-propuestas-para-desarrollar-acciones-en-el-entorno-virtual\/#article","isPartOf":{"@id":"https:\/\/www.uartes.edu.ec\/sitio\/fr\/blog\/2020\/04\/24\/vinculacion-con-la-sociedad-de-la-uartes-invita-a-registrar-propuestas-para-desarrollar-acciones-en-el-entorno-virtual\/"},"author":{"name":"Universidad de las Artes","@id":"https:\/\/www.uartes.edu.ec\/sitio\/fr\/#\/schema\/person\/f33f8c1d2af0d5c80a38c8abf458184a"},"headline":"Vinculaci\u00f3n con la Sociedad invita a registrar propuestas para desarrollar acciones en el entorno virtual","datePublished":"2020-04-25T03:55:38+00:00","dateModified":"2024-07-04T16:48:10+00:00","mainEntityOfPage":{"@id":"https:\/\/www.uartes.edu.ec\/sitio\/fr\/blog\/2020\/04\/24\/vinculacion-con-la-sociedad-de-la-uartes-invita-a-registrar-propuestas-para-desarrollar-acciones-en-el-entorno-virtual\/"},"wordCount":445,"publisher":{"@id":"https:\/\/www.uartes.edu.ec\/sitio\/fr\/#organization"},"image":{"@id":"https:\/\/www.uartes.edu.ec\/sitio\/fr\/blog\/2020\/04\/24\/vinculacion-con-la-sociedad-de-la-uartes-invita-a-registrar-propuestas-para-desarrollar-acciones-en-el-entorno-virtual\/#primaryimage"},"thumbnailUrl":"https:\/\/www.uartes.edu.ec\/sitio\/wp-content\/uploads\/2020\/04\/Curso-de-invierno2.jpg","keywords":["covid19"],"articleSection":["V\u00ednculo"],"inLanguage":"fr-FR"},{"@type":["WebPage","ItemPage"],"@id":"https:\/\/www.uartes.edu.ec\/sitio\/fr\/blog\/2020\/04\/24\/vinculacion-con-la-sociedad-de-la-uartes-invita-a-registrar-propuestas-para-desarrollar-acciones-en-el-entorno-virtual\/","url":"https:\/\/www.uartes.edu.ec\/sitio\/fr\/blog\/2020\/04\/24\/vinculacion-con-la-sociedad-de-la-uartes-invita-a-registrar-propuestas-para-desarrollar-acciones-en-el-entorno-virtual\/","name":"Universidad de las Artes - Vinculaci\u00f3n con la Sociedad invita a registrar propuestas para desarrollar acciones en el entorno virtual","isPartOf":{"@id":"https:\/\/www.uartes.edu.ec\/sitio\/fr\/#website"},"primaryImageOfPage":{"@id":"https:\/\/www.uartes.edu.ec\/sitio\/fr\/blog\/2020\/04\/24\/vinculacion-con-la-sociedad-de-la-uartes-invita-a-registrar-propuestas-para-desarrollar-acciones-en-el-entorno-virtual\/#primaryimage"},"image":{"@id":"https:\/\/www.uartes.edu.ec\/sitio\/fr\/blog\/2020\/04\/24\/vinculacion-con-la-sociedad-de-la-uartes-invita-a-registrar-propuestas-para-desarrollar-acciones-en-el-entorno-virtual\/#primaryimage"},"thumbnailUrl":"https:\/\/www.uartes.edu.ec\/sitio\/wp-content\/uploads\/2020\/04\/Curso-de-invierno2.jpg","datePublished":"2020-04-25T03:55:38+00:00","dateModified":"2024-07-04T16:48:10+00:00","description":"Universidad de las Artes - Vinculaci\u00f3n con la Sociedad invita a registrar propuestas para desarrollar acciones en el entorno virtual","breadcrumb":{"@id":"https:\/\/www.uartes.edu.ec\/sitio\/fr\/blog\/2020\/04\/24\/vinculacion-con-la-sociedad-de-la-uartes-invita-a-registrar-propuestas-para-desarrollar-acciones-en-el-entorno-virtual\/#breadcrumb"},"inLanguage":"fr-FR","potentialAction":[{"@type":"ReadAction","target":["https:\/\/www.uartes.edu.ec\/sitio\/fr\/blog\/2020\/04\/24\/vinculacion-con-la-sociedad-de-la-uartes-invita-a-registrar-propuestas-para-desarrollar-acciones-en-el-entorno-virtual\/"]}]},{"@type":"ImageObject","inLanguage":"fr-FR","@id":"https:\/\/www.uartes.edu.ec\/sitio\/fr\/blog\/2020\/04\/24\/vinculacion-con-la-sociedad-de-la-uartes-invita-a-registrar-propuestas-para-desarrollar-acciones-en-el-entorno-virtual\/#primaryimage","url":"https:\/\/www.uartes.edu.ec\/sitio\/wp-content\/uploads\/2020\/04\/Curso-de-invierno2.jpg","contentUrl":"https:\/\/www.uartes.edu.ec\/sitio\/wp-content\/uploads\/2020\/04\/Curso-de-invierno2.jpg","width":2000,"height":1333},{"@type":"BreadcrumbList","@id":"https:\/\/www.uartes.edu.ec\/sitio\/fr\/blog\/2020\/04\/24\/vinculacion-con-la-sociedad-de-la-uartes-invita-a-registrar-propuestas-para-desarrollar-acciones-en-el-entorno-virtual\/#breadcrumb","itemListElement":[{"@type":"ListItem","position":1,"name":"Inicio","item":"https:\/\/www.uartes.edu.ec\/sitio\/"},{"@type":"ListItem","position":2,"name":"Vinculaci\u00f3n con la Sociedad invita a registrar propuestas para desarrollar acciones en el entorno virtual"}]},{"@type":"WebSite","@id":"https:\/\/www.uartes.edu.ec\/sitio\/fr\/#website","url":"https:\/\/www.uartes.edu.ec\/sitio\/fr\/","name":"Universidad de las Artes","description":"Sitio oficial de la Universidad Nacional de las Artes del Ecuador","publisher":{"@id":"https:\/\/www.uartes.edu.ec\/sitio\/fr\/#organization"},"potentialAction":[{"@type":"SearchAction","target":{"@type":"EntryPoint","urlTemplate":"https:\/\/www.uartes.edu.ec\/sitio\/fr\/?s={search_term_string}"},"query-input":{"@type":"PropertyValueSpecification","valueRequired":true,"valueName":"search_term_string"}}],"inLanguage":"fr-FR"},{"@type":"Organization","@id":"https:\/\/www.uartes.edu.ec\/sitio\/fr\/#organization","name":"Universidad de las Artes","url":"https:\/\/www.uartes.edu.ec\/sitio\/fr\/","logo":{"@type":"ImageObject","inLanguage":"fr-FR","@id":"https:\/\/www.uartes.edu.ec\/sitio\/fr\/#\/schema\/logo\/image\/","url":"https:\/\/www.uartes.edu.ec\/sitio\/wp-content\/uploads\/2022\/07\/logo-ua-horizontal.png","contentUrl":"https:\/\/www.uartes.edu.ec\/sitio\/wp-content\/uploads\/2022\/07\/logo-ua-horizontal.png","width":800,"height":276,"caption":"Universidad de las Artes"},"image":{"@id":"https:\/\/www.uartes.edu.ec\/sitio\/fr\/#\/schema\/logo\/image\/"},"sameAs":["https:\/\/www.facebook.com\/uartesec","https:\/\/x.com\/uartesec","https:\/\/www.tiktok.com\/@uartesec"]},{"@type":"Person","@id":"https:\/\/www.uartes.edu.ec\/sitio\/fr\/#\/schema\/person\/f33f8c1d2af0d5c80a38c8abf458184a","name":"Universidad de las Artes","image":{"@type":"ImageObject","inLanguage":"fr-FR","@id":"https:\/\/secure.gravatar.com\/avatar\/52e4757902f5cfa5ac52d020e5be83cae5487519154b6c35482fe08d589f3c13?s=96&d=mm&r=g","url":"https:\/\/secure.gravatar.com\/avatar\/52e4757902f5cfa5ac52d020e5be83cae5487519154b6c35482fe08d589f3c13?s=96&d=mm&r=g","contentUrl":"https:\/\/secure.gravatar.com\/avatar\/52e4757902f5cfa5ac52d020e5be83cae5487519154b6c35482fe08d589f3c13?s=96&d=mm&r=g","caption":"Universidad de las Artes"},"url":"https:\/\/www.uartes.edu.ec\/sitio\/fr\/blog\/author\/dircomadm\/"}]}},"uagb_featured_image_src":{"full":["https:\/\/www.uartes.edu.ec\/sitio\/wp-content\/uploads\/2020\/04\/Curso-de-invierno2.jpg",2000,1333,false],"thumbnail":["https:\/\/www.uartes.edu.ec\/sitio\/wp-content\/uploads\/2020\/04\/Curso-de-invierno2-150x150.jpg",150,150,true],"medium":["https:\/\/www.uartes.edu.ec\/sitio\/wp-content\/uploads\/2020\/04\/Curso-de-invierno2-300x200.jpg",300,200,true],"medium_large":["https:\/\/www.uartes.edu.ec\/sitio\/wp-content\/uploads\/2020\/04\/Curso-de-invierno2-768x512.jpg",768,512,true],"large":["https:\/\/www.uartes.edu.ec\/sitio\/wp-content\/uploads\/2020\/04\/Curso-de-invierno2-644x429.jpg",644,429,true],"1536x1536":["https:\/\/www.uartes.edu.ec\/sitio\/wp-content\/uploads\/2020\/04\/Curso-de-invierno2-1536x1024.jpg",1536,1024,true],"2048x2048":["https:\/\/www.uartes.edu.ec\/sitio\/wp-content\/uploads\/2020\/04\/Curso-de-invierno2.jpg",2000,1333,false],"trp-custom-language-flag":["https:\/\/www.uartes.edu.ec\/sitio\/wp-content\/uploads\/2020\/04\/Curso-de-invierno2.jpg",18,12,false],"htmega_size_585x295":["https:\/\/www.uartes.edu.ec\/sitio\/wp-content\/uploads\/2020\/04\/Curso-de-invierno2.jpg",443,295,false],"htmega_size_1170x536":["https:\/\/www.uartes.edu.ec\/sitio\/wp-content\/uploads\/2020\/04\/Curso-de-invierno2.jpg",804,536,false],"htmega_size_396x360":["https:\/\/www.uartes.edu.ec\/sitio\/wp-content\/uploads\/2020\/04\/Curso-de-invierno2.jpg",396,264,false],"gb-block-post-grid-landscape":["https:\/\/www.uartes.edu.ec\/sitio\/wp-content\/uploads\/2020\/04\/Curso-de-invierno2.jpg",600,400,false],"gb-block-post-grid-square":["https:\/\/www.uartes.edu.ec\/sitio\/wp-content\/uploads\/2020\/04\/Curso-de-invierno2.jpg",600,400,false],"university-hub-thumb":["https:\/\/www.uartes.edu.ec\/sitio\/wp-content\/uploads\/2020\/04\/Curso-de-invierno2-400x267.jpg",400,267,true]},"uagb_author_info":{"display_name":"Universidad de las Artes","author_link":"https:\/\/www.uartes.edu.ec\/sitio\/fr\/blog\/author\/dircomadm\/"},"uagb_comment_info":0,"uagb_excerpt":"Talleres y laboratorios art\u00edsticos, actividades de creaci\u00f3n y circulaci\u00f3n de pr\u00e1cticas art\u00edsticas constan en el programa que la Direcci\u00f3n de Vinculaci\u00f3n con la Sociedad de la Universidad de las Artes ha creado para desarrollar acciones en el entorno virtual.","featured_image_src":"https:\/\/www.uartes.edu.ec\/sitio\/wp-content\/uploads\/2020\/04\/Curso-de-invierno2.jpg","featured_image_src_square":"https:\/\/www.uartes.edu.ec\/sitio\/wp-content\/uploads\/2020\/04\/Curso-de-invierno2.jpg","author_info":{"display_name":"Universidad de las Artes","author_link":"https:\/\/www.uartes.edu.ec\/sitio\/fr\/blog\/author\/dircomadm\/"},"publishpress_future_workflow_manual_trigger":{"enabledWorkflows":[]},"distributor_meta":false,"distributor_terms":false,"distributor_media":false,"distributor_original_site_name":"Universidad de las Artes","distributor_original_site_url":"https:\/\/www.uartes.edu.ec\/sitio\/fr","push-errors":false,"_links":{"self":[{"href":"https:\/\/www.uartes.edu.ec\/sitio\/fr\/wp-json\/wp\/v2\/posts\/6756","targetHints":{"allow":["GET"]}}],"collection":[{"href":"https:\/\/www.uartes.edu.ec\/sitio\/fr\/wp-json\/wp\/v2\/posts"}],"about":[{"href":"https:\/\/www.uartes.edu.ec\/sitio\/fr\/wp-json\/wp\/v2\/types\/post"}],"author":[{"embeddable":true,"href":"https:\/\/www.uartes.edu.ec\/sitio\/fr\/wp-json\/wp\/v2\/users\/1"}],"replies":[{"embeddable":true,"href":"https:\/\/www.uartes.edu.ec\/sitio\/fr\/wp-json\/wp\/v2\/comments?post=6756"}],"version-history":[{"count":2,"href":"https:\/\/www.uartes.edu.ec\/sitio\/fr\/wp-json\/wp\/v2\/posts\/6756\/revisions"}],"predecessor-version":[{"id":35211,"href":"https:\/\/www.uartes.edu.ec\/sitio\/fr\/wp-json\/wp\/v2\/posts\/6756\/revisions\/35211"}],"wp:featuredmedia":[{"embeddable":true,"href":"https:\/\/www.uartes.edu.ec\/sitio\/fr\/wp-json\/wp\/v2\/media\/6758"}],"wp:attachment":[{"href":"https:\/\/www.uartes.edu.ec\/sitio\/fr\/wp-json\/wp\/v2\/media?parent=6756"}],"wp:term":[{"taxonomy":"category","embeddable":true,"href":"https:\/\/www.uartes.edu.ec\/sitio\/fr\/wp-json\/wp\/v2\/categories?post=6756"},{"taxonomy":"post_tag","embeddable":true,"href":"https:\/\/www.uartes.edu.ec\/sitio\/fr\/wp-json\/wp\/v2\/tags?post=6756"},{"taxonomy":"infouartes","embeddable":true,"href":"https:\/\/www.uartes.edu.ec\/sitio\/fr\/wp-json\/wp\/v2\/infouartes?post=6756"}],"curies":[{"name":"wp","href":"https:\/\/api.w.org\/{rel}","templated":true}]}}