{"id":6764,"date":"2020-04-24T23:26:41","date_gmt":"2020-04-25T04:26:41","guid":{"rendered":"http:\/\/www.uartes.edu.ec\/sitio\/?p=6764"},"modified":"2024-07-04T11:48:10","modified_gmt":"2024-07-04T16:48:10","slug":"fredy-vallejos-y-jose-david-barberan-al-festival-esteticas-expandidas-de-colombia","status":"publish","type":"post","link":"https:\/\/www.uartes.edu.ec\/sitio\/fr\/blog\/2020\/04\/24\/fredy-vallejos-y-jose-david-barberan-al-festival-esteticas-expandidas-de-colombia\/","title":{"rendered":"Fredy Vallejos y Jos\u00e9 David Barber\u00e1n, en el primer compilado del Festival Est\u00e9ticas Expandidas de Colombia"},"content":{"rendered":"<p>El docente Fredy Vallejos y el estudiante egresado Jos\u00e9 David Barber\u00e1n, ambos de la Escuela de Artes Sonoras de la Universidad de las Artes, constan con sus trabajos en el primer compilado sonoro Est\u00e9ticas Expandidas COMP 1. Se trata de un volumen que recoge todas las obras presentadas por los artistas latinoamericanos que han intervenido en el Festival Est\u00e9ticas Expandidas que se realiza anualmente en Pasto, Colombia, desde el a\u00f1o 2018.<\/p>\n\n\n\n<p>El Festival Est\u00e9ticas Expandidas es un espacio de exhibici\u00f3n, educaci\u00f3n y di\u00e1logo para po\u00e9ticas del arte contempor\u00e1neo que surjan del sonido para expandirse a la visi\u00f3n y el espacio. Su objetivo es generar un contexto de creaci\u00f3n, experimentaci\u00f3n e innovaci\u00f3n transdisciplinar, que favorezca el enriquecimiento colaborativo de las pr\u00e1cticas art\u00edsticas, tecnol\u00f3gicas, cient\u00edficas y de dise\u00f1o.<\/p>\n\n\n\n<p>Fredy Vallejos ha participado en dos ediciones del festival en calidad de invitado. Jos\u00e9 David Barber\u00e1n lo hizo en agosto de 2019 tras responder a una convocatoria y ser seleccionado.&nbsp; Al respecto, en una entrevista con InfoUArtes y luego de conocer de su selecci\u00f3n, indic\u00f3 que desde peque\u00f1o demostr\u00f3 inter\u00e9s por los n\u00fameros, la matem\u00e1tica y la f\u00edsica, lo cual fusion\u00f3 luego con su pasi\u00f3n por la m\u00fasica y las nuevas tecnolog\u00edas.<\/p>\n\n\n\n<div class=\"wp-block-image\"><figure class=\"aligncenter size-large\"><img fetchpriority=\"high\" decoding=\"async\" width=\"644\" height=\"429\" src=\"http:\/\/www.uartes.edu.ec\/sitio\/wp-content\/uploads\/2020\/04\/Fredy-Vallejos-644x429.jpg\" alt=\"\" class=\"wp-image-6766\" srcset=\"https:\/\/www.uartes.edu.ec\/sitio\/wp-content\/uploads\/2020\/04\/Fredy-Vallejos-644x429.jpg 644w, https:\/\/www.uartes.edu.ec\/sitio\/wp-content\/uploads\/2020\/04\/Fredy-Vallejos-300x200.jpg 300w, https:\/\/www.uartes.edu.ec\/sitio\/wp-content\/uploads\/2020\/04\/Fredy-Vallejos-768x512.jpg 768w, https:\/\/www.uartes.edu.ec\/sitio\/wp-content\/uploads\/2020\/04\/Fredy-Vallejos-1536x1023.jpg 1536w, https:\/\/www.uartes.edu.ec\/sitio\/wp-content\/uploads\/2020\/04\/Fredy-Vallejos-600x400.jpg 600w, https:\/\/www.uartes.edu.ec\/sitio\/wp-content\/uploads\/2020\/04\/Fredy-Vallejos-400x267.jpg 400w, https:\/\/www.uartes.edu.ec\/sitio\/wp-content\/uploads\/2020\/04\/Fredy-Vallejos-272x182.jpg 272w, https:\/\/www.uartes.edu.ec\/sitio\/wp-content\/uploads\/2020\/04\/Fredy-Vallejos.jpg 1843w\" sizes=\"(max-width: 644px) 100vw, 644px\" \/><\/figure><\/div>\n\n\n\n<p>El docente de la EAS revela, adem\u00e1s, que existe un trabajo en conjunto y en alianza entre el Festival de Est\u00e9ticas Expandidas y la Minga de Multimedia de Arte y Tecnolog\u00eda (mMAT) que anualmente organiza la Universidad de las Artes. Al mMAT han venido artistas de Alemania, Francia, Argentina y Colombia que tambi\u00e9n han tenido presencia en el festival; hemos compartido y la idea es seguir colaborando, precisa.<\/p>\n\n\n\n<figure class=\"wp-block-embed-youtube aligncenter wp-block-embed is-type-video is-provider-youtube wp-embed-aspect-16-9 wp-has-aspect-ratio\"><div class=\"wp-block-embed__wrapper\">\n<iframe title=\"EE 2018 - Fredy Vallejos (Colombia) - Fragments 02\" width=\"771\" height=\"434\" src=\"https:\/\/www.youtube.com\/embed\/99U2--7E6qI?feature=oembed\" frameborder=\"0\" allow=\"accelerometer; autoplay; clipboard-write; encrypted-media; gyroscope; picture-in-picture\" allowfullscreen><\/iframe>\n<\/div><\/figure>\n\n\n\n<div style=\"height:50px\" aria-hidden=\"true\" class=\"wp-block-spacer\"><\/div>\n\n\n\n<figure class=\"wp-block-embed-youtube wp-block-embed is-type-video is-provider-youtube wp-embed-aspect-16-9 wp-has-aspect-ratio\"><div class=\"wp-block-embed__wrapper\">\n<iframe title=\"Qu\u00e9 es  FEE\" width=\"771\" height=\"434\" src=\"https:\/\/www.youtube.com\/embed\/pFsZWGpzjVY?feature=oembed\" frameborder=\"0\" allow=\"accelerometer; autoplay; clipboard-write; encrypted-media; gyroscope; picture-in-picture\" allowfullscreen><\/iframe>\n<\/div><\/figure>","protected":false},"excerpt":{"rendered":"<p>El docente Fredy Vallejos y el estudiante egresado Jos\u00e9 David Barber\u00e1n, ambos de la Escuela de Artes Sonoras de la Universidad de las Artes, constan con sus trabajos en el primer compilado sonoro Est\u00e9ticas Expandidas COMP 1. <\/p>","protected":false},"author":1,"featured_media":6765,"comment_status":"closed","ping_status":"closed","sticky":false,"template":"","format":"standard","meta":{"_acf_changed":false,"_uag_custom_page_level_css":"","_monsterinsights_skip_tracking":false,"_monsterinsights_sitenote_active":false,"_monsterinsights_sitenote_note":"","_monsterinsights_sitenote_category":0,"cybocfi_hide_featured_image":"","footnotes":""},"categories":[82,150,75,76],"tags":[],"infouartes":[],"class_list":["post-6764","post","type-post","status-publish","format-standard","has-post-thumbnail","hentry","category-artes","category-artes-sonoras","category-docentes","category-estudiantes"],"acf":[],"yoast_head":"<!-- This site is optimized with the Yoast SEO plugin v27.4 - https:\/\/yoast.com\/product\/yoast-seo-wordpress\/ -->\n<title>Universidad de las Artes - Fredy Vallejos y Jos\u00e9 David Barber\u00e1n, en el primer compilado del Festival Est\u00e9ticas Expandidas de Colombia<\/title>\n<meta name=\"description\" content=\"Universidad de las Artes - Fredy Vallejos y Jos\u00e9 David Barber\u00e1n, en el primer compilado del Festival Est\u00e9ticas Expandidas de Colombia\" \/>\n<meta name=\"robots\" content=\"index, follow, max-snippet:-1, max-image-preview:large, max-video-preview:-1\" \/>\n<link rel=\"canonical\" href=\"https:\/\/www.uartes.edu.ec\/sitio\/fr\/blog\/2020\/04\/24\/fredy-vallejos-y-jose-david-barberan-al-festival-esteticas-expandidas-de-colombia\/\" \/>\n<meta property=\"og:locale\" content=\"fr_FR\" \/>\n<meta property=\"og:type\" content=\"article\" \/>\n<meta property=\"og:title\" content=\"Universidad de las Artes - Fredy Vallejos y Jos\u00e9 David Barber\u00e1n, en el primer compilado del Festival Est\u00e9ticas Expandidas de Colombia\" \/>\n<meta property=\"og:description\" content=\"Universidad de las Artes - Fredy Vallejos y Jos\u00e9 David Barber\u00e1n, en el primer compilado del Festival Est\u00e9ticas Expandidas de Colombia\" \/>\n<meta property=\"og:url\" content=\"https:\/\/www.uartes.edu.ec\/sitio\/fr\/blog\/2020\/04\/24\/fredy-vallejos-y-jose-david-barberan-al-festival-esteticas-expandidas-de-colombia\/\" \/>\n<meta property=\"og:site_name\" content=\"Universidad de las Artes\" \/>\n<meta property=\"article:publisher\" content=\"https:\/\/www.facebook.com\/uartesec\" \/>\n<meta property=\"article:published_time\" content=\"2020-04-25T04:26:41+00:00\" \/>\n<meta property=\"article:modified_time\" content=\"2024-07-04T16:48:10+00:00\" \/>\n<meta property=\"og:image\" content=\"https:\/\/www.uartes.edu.ec\/sitio\/wp-content\/uploads\/2020\/04\/JOSE-DAVID-BARBERAN-OK.jpg\" \/>\n\t<meta property=\"og:image:width\" content=\"1152\" \/>\n\t<meta property=\"og:image:height\" content=\"768\" \/>\n\t<meta property=\"og:image:type\" content=\"image\/jpeg\" \/>\n<meta name=\"author\" content=\"Universidad de las Artes\" \/>\n<meta name=\"twitter:card\" content=\"summary_large_image\" \/>\n<meta name=\"twitter:creator\" content=\"@uartesec\" \/>\n<meta name=\"twitter:site\" content=\"@uartesec\" \/>\n<meta name=\"twitter:label1\" content=\"\u00c9crit par\" \/>\n\t<meta name=\"twitter:data1\" content=\"Universidad de las Artes\" \/>\n\t<meta name=\"twitter:label2\" content=\"Dur\u00e9e de lecture estim\u00e9e\" \/>\n\t<meta name=\"twitter:data2\" content=\"2 minutes\" \/>\n<script type=\"application\/ld+json\" class=\"yoast-schema-graph\">{\"@context\":\"https:\\\/\\\/schema.org\",\"@graph\":[{\"@type\":\"Article\",\"@id\":\"https:\\\/\\\/www.uartes.edu.ec\\\/sitio\\\/fr\\\/blog\\\/2020\\\/04\\\/24\\\/fredy-vallejos-y-jose-david-barberan-al-festival-esteticas-expandidas-de-colombia\\\/#article\",\"isPartOf\":{\"@id\":\"https:\\\/\\\/www.uartes.edu.ec\\\/sitio\\\/fr\\\/blog\\\/2020\\\/04\\\/24\\\/fredy-vallejos-y-jose-david-barberan-al-festival-esteticas-expandidas-de-colombia\\\/\"},\"author\":{\"name\":\"Universidad de las Artes\",\"@id\":\"https:\\\/\\\/www.uartes.edu.ec\\\/sitio\\\/fr\\\/#\\\/schema\\\/person\\\/f33f8c1d2af0d5c80a38c8abf458184a\"},\"headline\":\"Fredy Vallejos y Jos\u00e9 David Barber\u00e1n, en el primer compilado del Festival Est\u00e9ticas Expandidas de Colombia\",\"datePublished\":\"2020-04-25T04:26:41+00:00\",\"dateModified\":\"2024-07-04T16:48:10+00:00\",\"mainEntityOfPage\":{\"@id\":\"https:\\\/\\\/www.uartes.edu.ec\\\/sitio\\\/fr\\\/blog\\\/2020\\\/04\\\/24\\\/fredy-vallejos-y-jose-david-barberan-al-festival-esteticas-expandidas-de-colombia\\\/\"},\"wordCount\":332,\"publisher\":{\"@id\":\"https:\\\/\\\/www.uartes.edu.ec\\\/sitio\\\/fr\\\/#organization\"},\"image\":{\"@id\":\"https:\\\/\\\/www.uartes.edu.ec\\\/sitio\\\/fr\\\/blog\\\/2020\\\/04\\\/24\\\/fredy-vallejos-y-jose-david-barberan-al-festival-esteticas-expandidas-de-colombia\\\/#primaryimage\"},\"thumbnailUrl\":\"https:\\\/\\\/www.uartes.edu.ec\\\/sitio\\\/wp-content\\\/uploads\\\/2020\\\/04\\\/JOSE-DAVID-BARBERAN-OK.jpg\",\"articleSection\":[\"Artes\",\"Artes Sonoras\",\"Docentes\",\"Estudiantes\"],\"inLanguage\":\"fr-FR\"},{\"@type\":[\"WebPage\",\"ItemPage\"],\"@id\":\"https:\\\/\\\/www.uartes.edu.ec\\\/sitio\\\/fr\\\/blog\\\/2020\\\/04\\\/24\\\/fredy-vallejos-y-jose-david-barberan-al-festival-esteticas-expandidas-de-colombia\\\/\",\"url\":\"https:\\\/\\\/www.uartes.edu.ec\\\/sitio\\\/fr\\\/blog\\\/2020\\\/04\\\/24\\\/fredy-vallejos-y-jose-david-barberan-al-festival-esteticas-expandidas-de-colombia\\\/\",\"name\":\"Universidad de las Artes - Fredy Vallejos y Jos\u00e9 David Barber\u00e1n, en el primer compilado del Festival Est\u00e9ticas Expandidas de Colombia\",\"isPartOf\":{\"@id\":\"https:\\\/\\\/www.uartes.edu.ec\\\/sitio\\\/fr\\\/#website\"},\"primaryImageOfPage\":{\"@id\":\"https:\\\/\\\/www.uartes.edu.ec\\\/sitio\\\/fr\\\/blog\\\/2020\\\/04\\\/24\\\/fredy-vallejos-y-jose-david-barberan-al-festival-esteticas-expandidas-de-colombia\\\/#primaryimage\"},\"image\":{\"@id\":\"https:\\\/\\\/www.uartes.edu.ec\\\/sitio\\\/fr\\\/blog\\\/2020\\\/04\\\/24\\\/fredy-vallejos-y-jose-david-barberan-al-festival-esteticas-expandidas-de-colombia\\\/#primaryimage\"},\"thumbnailUrl\":\"https:\\\/\\\/www.uartes.edu.ec\\\/sitio\\\/wp-content\\\/uploads\\\/2020\\\/04\\\/JOSE-DAVID-BARBERAN-OK.jpg\",\"datePublished\":\"2020-04-25T04:26:41+00:00\",\"dateModified\":\"2024-07-04T16:48:10+00:00\",\"description\":\"Universidad de las Artes - Fredy Vallejos y Jos\u00e9 David Barber\u00e1n, en el primer compilado del Festival Est\u00e9ticas Expandidas de Colombia\",\"breadcrumb\":{\"@id\":\"https:\\\/\\\/www.uartes.edu.ec\\\/sitio\\\/fr\\\/blog\\\/2020\\\/04\\\/24\\\/fredy-vallejos-y-jose-david-barberan-al-festival-esteticas-expandidas-de-colombia\\\/#breadcrumb\"},\"inLanguage\":\"fr-FR\",\"potentialAction\":[{\"@type\":\"ReadAction\",\"target\":[\"https:\\\/\\\/www.uartes.edu.ec\\\/sitio\\\/fr\\\/blog\\\/2020\\\/04\\\/24\\\/fredy-vallejos-y-jose-david-barberan-al-festival-esteticas-expandidas-de-colombia\\\/\"]}]},{\"@type\":\"ImageObject\",\"inLanguage\":\"fr-FR\",\"@id\":\"https:\\\/\\\/www.uartes.edu.ec\\\/sitio\\\/fr\\\/blog\\\/2020\\\/04\\\/24\\\/fredy-vallejos-y-jose-david-barberan-al-festival-esteticas-expandidas-de-colombia\\\/#primaryimage\",\"url\":\"https:\\\/\\\/www.uartes.edu.ec\\\/sitio\\\/wp-content\\\/uploads\\\/2020\\\/04\\\/JOSE-DAVID-BARBERAN-OK.jpg\",\"contentUrl\":\"https:\\\/\\\/www.uartes.edu.ec\\\/sitio\\\/wp-content\\\/uploads\\\/2020\\\/04\\\/JOSE-DAVID-BARBERAN-OK.jpg\",\"width\":1152,\"height\":768},{\"@type\":\"BreadcrumbList\",\"@id\":\"https:\\\/\\\/www.uartes.edu.ec\\\/sitio\\\/fr\\\/blog\\\/2020\\\/04\\\/24\\\/fredy-vallejos-y-jose-david-barberan-al-festival-esteticas-expandidas-de-colombia\\\/#breadcrumb\",\"itemListElement\":[{\"@type\":\"ListItem\",\"position\":1,\"name\":\"Inicio\",\"item\":\"https:\\\/\\\/www.uartes.edu.ec\\\/sitio\\\/\"},{\"@type\":\"ListItem\",\"position\":2,\"name\":\"Fredy Vallejos y Jos\u00e9 David Barber\u00e1n, en el primer compilado del Festival Est\u00e9ticas Expandidas de Colombia\"}]},{\"@type\":\"WebSite\",\"@id\":\"https:\\\/\\\/www.uartes.edu.ec\\\/sitio\\\/fr\\\/#website\",\"url\":\"https:\\\/\\\/www.uartes.edu.ec\\\/sitio\\\/fr\\\/\",\"name\":\"Universidad de las Artes\",\"description\":\"Sitio oficial de la Universidad Nacional de las Artes del Ecuador\",\"publisher\":{\"@id\":\"https:\\\/\\\/www.uartes.edu.ec\\\/sitio\\\/fr\\\/#organization\"},\"potentialAction\":[{\"@type\":\"SearchAction\",\"target\":{\"@type\":\"EntryPoint\",\"urlTemplate\":\"https:\\\/\\\/www.uartes.edu.ec\\\/sitio\\\/fr\\\/?s={search_term_string}\"},\"query-input\":{\"@type\":\"PropertyValueSpecification\",\"valueRequired\":true,\"valueName\":\"search_term_string\"}}],\"inLanguage\":\"fr-FR\"},{\"@type\":\"Organization\",\"@id\":\"https:\\\/\\\/www.uartes.edu.ec\\\/sitio\\\/fr\\\/#organization\",\"name\":\"Universidad de las Artes\",\"url\":\"https:\\\/\\\/www.uartes.edu.ec\\\/sitio\\\/fr\\\/\",\"logo\":{\"@type\":\"ImageObject\",\"inLanguage\":\"fr-FR\",\"@id\":\"https:\\\/\\\/www.uartes.edu.ec\\\/sitio\\\/fr\\\/#\\\/schema\\\/logo\\\/image\\\/\",\"url\":\"https:\\\/\\\/www.uartes.edu.ec\\\/sitio\\\/wp-content\\\/uploads\\\/2022\\\/07\\\/logo-ua-horizontal.png\",\"contentUrl\":\"https:\\\/\\\/www.uartes.edu.ec\\\/sitio\\\/wp-content\\\/uploads\\\/2022\\\/07\\\/logo-ua-horizontal.png\",\"width\":800,\"height\":276,\"caption\":\"Universidad de las Artes\"},\"image\":{\"@id\":\"https:\\\/\\\/www.uartes.edu.ec\\\/sitio\\\/fr\\\/#\\\/schema\\\/logo\\\/image\\\/\"},\"sameAs\":[\"https:\\\/\\\/www.facebook.com\\\/uartesec\",\"https:\\\/\\\/x.com\\\/uartesec\",\"https:\\\/\\\/www.tiktok.com\\\/@uartesec\"]},{\"@type\":\"Person\",\"@id\":\"https:\\\/\\\/www.uartes.edu.ec\\\/sitio\\\/fr\\\/#\\\/schema\\\/person\\\/f33f8c1d2af0d5c80a38c8abf458184a\",\"name\":\"Universidad de las Artes\",\"image\":{\"@type\":\"ImageObject\",\"inLanguage\":\"fr-FR\",\"@id\":\"https:\\\/\\\/secure.gravatar.com\\\/avatar\\\/52e4757902f5cfa5ac52d020e5be83cae5487519154b6c35482fe08d589f3c13?s=96&d=mm&r=g\",\"url\":\"https:\\\/\\\/secure.gravatar.com\\\/avatar\\\/52e4757902f5cfa5ac52d020e5be83cae5487519154b6c35482fe08d589f3c13?s=96&d=mm&r=g\",\"contentUrl\":\"https:\\\/\\\/secure.gravatar.com\\\/avatar\\\/52e4757902f5cfa5ac52d020e5be83cae5487519154b6c35482fe08d589f3c13?s=96&d=mm&r=g\",\"caption\":\"Universidad de las Artes\"},\"url\":\"https:\\\/\\\/www.uartes.edu.ec\\\/sitio\\\/fr\\\/blog\\\/author\\\/dircomadm\\\/\"}]}<\/script>\n<!-- \/ Yoast SEO plugin. -->","yoast_head_json":{"title":"Universidad de las Artes - Fredy Vallejos y Jos\u00e9 David Barber\u00e1n, en el primer compilado del Festival Est\u00e9ticas Expandidas de Colombia","description":"Universidad de las Artes - Fredy Vallejos y Jos\u00e9 David Barber\u00e1n, en el primer compilado del Festival Est\u00e9ticas Expandidas de Colombia","robots":{"index":"index","follow":"follow","max-snippet":"max-snippet:-1","max-image-preview":"max-image-preview:large","max-video-preview":"max-video-preview:-1"},"canonical":"https:\/\/www.uartes.edu.ec\/sitio\/fr\/blog\/2020\/04\/24\/fredy-vallejos-y-jose-david-barberan-al-festival-esteticas-expandidas-de-colombia\/","og_locale":"fr_FR","og_type":"article","og_title":"Universidad de las Artes - Fredy Vallejos y Jos\u00e9 David Barber\u00e1n, en el primer compilado del Festival Est\u00e9ticas Expandidas de Colombia","og_description":"Universidad de las Artes - Fredy Vallejos y Jos\u00e9 David Barber\u00e1n, en el primer compilado del Festival Est\u00e9ticas Expandidas de Colombia","og_url":"https:\/\/www.uartes.edu.ec\/sitio\/fr\/blog\/2020\/04\/24\/fredy-vallejos-y-jose-david-barberan-al-festival-esteticas-expandidas-de-colombia\/","og_site_name":"Universidad de las Artes","article_publisher":"https:\/\/www.facebook.com\/uartesec","article_published_time":"2020-04-25T04:26:41+00:00","article_modified_time":"2024-07-04T16:48:10+00:00","og_image":[{"width":1152,"height":768,"url":"https:\/\/www.uartes.edu.ec\/sitio\/wp-content\/uploads\/2020\/04\/JOSE-DAVID-BARBERAN-OK.jpg","type":"image\/jpeg"}],"author":"Universidad de las Artes","twitter_card":"summary_large_image","twitter_creator":"@uartesec","twitter_site":"@uartesec","twitter_misc":{"\u00c9crit par":"Universidad de las Artes","Dur\u00e9e de lecture estim\u00e9e":"2 minutes"},"schema":{"@context":"https:\/\/schema.org","@graph":[{"@type":"Article","@id":"https:\/\/www.uartes.edu.ec\/sitio\/fr\/blog\/2020\/04\/24\/fredy-vallejos-y-jose-david-barberan-al-festival-esteticas-expandidas-de-colombia\/#article","isPartOf":{"@id":"https:\/\/www.uartes.edu.ec\/sitio\/fr\/blog\/2020\/04\/24\/fredy-vallejos-y-jose-david-barberan-al-festival-esteticas-expandidas-de-colombia\/"},"author":{"name":"Universidad de las Artes","@id":"https:\/\/www.uartes.edu.ec\/sitio\/fr\/#\/schema\/person\/f33f8c1d2af0d5c80a38c8abf458184a"},"headline":"Fredy Vallejos y Jos\u00e9 David Barber\u00e1n, en el primer compilado del Festival Est\u00e9ticas Expandidas de Colombia","datePublished":"2020-04-25T04:26:41+00:00","dateModified":"2024-07-04T16:48:10+00:00","mainEntityOfPage":{"@id":"https:\/\/www.uartes.edu.ec\/sitio\/fr\/blog\/2020\/04\/24\/fredy-vallejos-y-jose-david-barberan-al-festival-esteticas-expandidas-de-colombia\/"},"wordCount":332,"publisher":{"@id":"https:\/\/www.uartes.edu.ec\/sitio\/fr\/#organization"},"image":{"@id":"https:\/\/www.uartes.edu.ec\/sitio\/fr\/blog\/2020\/04\/24\/fredy-vallejos-y-jose-david-barberan-al-festival-esteticas-expandidas-de-colombia\/#primaryimage"},"thumbnailUrl":"https:\/\/www.uartes.edu.ec\/sitio\/wp-content\/uploads\/2020\/04\/JOSE-DAVID-BARBERAN-OK.jpg","articleSection":["Artes","Artes Sonoras","Docentes","Estudiantes"],"inLanguage":"fr-FR"},{"@type":["WebPage","ItemPage"],"@id":"https:\/\/www.uartes.edu.ec\/sitio\/fr\/blog\/2020\/04\/24\/fredy-vallejos-y-jose-david-barberan-al-festival-esteticas-expandidas-de-colombia\/","url":"https:\/\/www.uartes.edu.ec\/sitio\/fr\/blog\/2020\/04\/24\/fredy-vallejos-y-jose-david-barberan-al-festival-esteticas-expandidas-de-colombia\/","name":"Universidad de las Artes - Fredy Vallejos y Jos\u00e9 David Barber\u00e1n, en el primer compilado del Festival Est\u00e9ticas Expandidas de Colombia","isPartOf":{"@id":"https:\/\/www.uartes.edu.ec\/sitio\/fr\/#website"},"primaryImageOfPage":{"@id":"https:\/\/www.uartes.edu.ec\/sitio\/fr\/blog\/2020\/04\/24\/fredy-vallejos-y-jose-david-barberan-al-festival-esteticas-expandidas-de-colombia\/#primaryimage"},"image":{"@id":"https:\/\/www.uartes.edu.ec\/sitio\/fr\/blog\/2020\/04\/24\/fredy-vallejos-y-jose-david-barberan-al-festival-esteticas-expandidas-de-colombia\/#primaryimage"},"thumbnailUrl":"https:\/\/www.uartes.edu.ec\/sitio\/wp-content\/uploads\/2020\/04\/JOSE-DAVID-BARBERAN-OK.jpg","datePublished":"2020-04-25T04:26:41+00:00","dateModified":"2024-07-04T16:48:10+00:00","description":"Universidad de las Artes - Fredy Vallejos y Jos\u00e9 David Barber\u00e1n, en el primer compilado del Festival Est\u00e9ticas Expandidas de Colombia","breadcrumb":{"@id":"https:\/\/www.uartes.edu.ec\/sitio\/fr\/blog\/2020\/04\/24\/fredy-vallejos-y-jose-david-barberan-al-festival-esteticas-expandidas-de-colombia\/#breadcrumb"},"inLanguage":"fr-FR","potentialAction":[{"@type":"ReadAction","target":["https:\/\/www.uartes.edu.ec\/sitio\/fr\/blog\/2020\/04\/24\/fredy-vallejos-y-jose-david-barberan-al-festival-esteticas-expandidas-de-colombia\/"]}]},{"@type":"ImageObject","inLanguage":"fr-FR","@id":"https:\/\/www.uartes.edu.ec\/sitio\/fr\/blog\/2020\/04\/24\/fredy-vallejos-y-jose-david-barberan-al-festival-esteticas-expandidas-de-colombia\/#primaryimage","url":"https:\/\/www.uartes.edu.ec\/sitio\/wp-content\/uploads\/2020\/04\/JOSE-DAVID-BARBERAN-OK.jpg","contentUrl":"https:\/\/www.uartes.edu.ec\/sitio\/wp-content\/uploads\/2020\/04\/JOSE-DAVID-BARBERAN-OK.jpg","width":1152,"height":768},{"@type":"BreadcrumbList","@id":"https:\/\/www.uartes.edu.ec\/sitio\/fr\/blog\/2020\/04\/24\/fredy-vallejos-y-jose-david-barberan-al-festival-esteticas-expandidas-de-colombia\/#breadcrumb","itemListElement":[{"@type":"ListItem","position":1,"name":"Inicio","item":"https:\/\/www.uartes.edu.ec\/sitio\/"},{"@type":"ListItem","position":2,"name":"Fredy Vallejos y Jos\u00e9 David Barber\u00e1n, en el primer compilado del Festival Est\u00e9ticas Expandidas de Colombia"}]},{"@type":"WebSite","@id":"https:\/\/www.uartes.edu.ec\/sitio\/fr\/#website","url":"https:\/\/www.uartes.edu.ec\/sitio\/fr\/","name":"Universidad de las Artes","description":"Sitio oficial de la Universidad Nacional de las Artes del Ecuador","publisher":{"@id":"https:\/\/www.uartes.edu.ec\/sitio\/fr\/#organization"},"potentialAction":[{"@type":"SearchAction","target":{"@type":"EntryPoint","urlTemplate":"https:\/\/www.uartes.edu.ec\/sitio\/fr\/?s={search_term_string}"},"query-input":{"@type":"PropertyValueSpecification","valueRequired":true,"valueName":"search_term_string"}}],"inLanguage":"fr-FR"},{"@type":"Organization","@id":"https:\/\/www.uartes.edu.ec\/sitio\/fr\/#organization","name":"Universidad de las Artes","url":"https:\/\/www.uartes.edu.ec\/sitio\/fr\/","logo":{"@type":"ImageObject","inLanguage":"fr-FR","@id":"https:\/\/www.uartes.edu.ec\/sitio\/fr\/#\/schema\/logo\/image\/","url":"https:\/\/www.uartes.edu.ec\/sitio\/wp-content\/uploads\/2022\/07\/logo-ua-horizontal.png","contentUrl":"https:\/\/www.uartes.edu.ec\/sitio\/wp-content\/uploads\/2022\/07\/logo-ua-horizontal.png","width":800,"height":276,"caption":"Universidad de las Artes"},"image":{"@id":"https:\/\/www.uartes.edu.ec\/sitio\/fr\/#\/schema\/logo\/image\/"},"sameAs":["https:\/\/www.facebook.com\/uartesec","https:\/\/x.com\/uartesec","https:\/\/www.tiktok.com\/@uartesec"]},{"@type":"Person","@id":"https:\/\/www.uartes.edu.ec\/sitio\/fr\/#\/schema\/person\/f33f8c1d2af0d5c80a38c8abf458184a","name":"Universidad de las Artes","image":{"@type":"ImageObject","inLanguage":"fr-FR","@id":"https:\/\/secure.gravatar.com\/avatar\/52e4757902f5cfa5ac52d020e5be83cae5487519154b6c35482fe08d589f3c13?s=96&d=mm&r=g","url":"https:\/\/secure.gravatar.com\/avatar\/52e4757902f5cfa5ac52d020e5be83cae5487519154b6c35482fe08d589f3c13?s=96&d=mm&r=g","contentUrl":"https:\/\/secure.gravatar.com\/avatar\/52e4757902f5cfa5ac52d020e5be83cae5487519154b6c35482fe08d589f3c13?s=96&d=mm&r=g","caption":"Universidad de las Artes"},"url":"https:\/\/www.uartes.edu.ec\/sitio\/fr\/blog\/author\/dircomadm\/"}]}},"uagb_featured_image_src":{"full":["https:\/\/www.uartes.edu.ec\/sitio\/wp-content\/uploads\/2020\/04\/JOSE-DAVID-BARBERAN-OK.jpg",1152,768,false],"thumbnail":["https:\/\/www.uartes.edu.ec\/sitio\/wp-content\/uploads\/2020\/04\/JOSE-DAVID-BARBERAN-OK-150x150.jpg",150,150,true],"medium":["https:\/\/www.uartes.edu.ec\/sitio\/wp-content\/uploads\/2020\/04\/JOSE-DAVID-BARBERAN-OK-300x200.jpg",300,200,true],"medium_large":["https:\/\/www.uartes.edu.ec\/sitio\/wp-content\/uploads\/2020\/04\/JOSE-DAVID-BARBERAN-OK-768x512.jpg",768,512,true],"large":["https:\/\/www.uartes.edu.ec\/sitio\/wp-content\/uploads\/2020\/04\/JOSE-DAVID-BARBERAN-OK-644x429.jpg",644,429,true],"1536x1536":["https:\/\/www.uartes.edu.ec\/sitio\/wp-content\/uploads\/2020\/04\/JOSE-DAVID-BARBERAN-OK.jpg",1152,768,false],"2048x2048":["https:\/\/www.uartes.edu.ec\/sitio\/wp-content\/uploads\/2020\/04\/JOSE-DAVID-BARBERAN-OK.jpg",1152,768,false],"trp-custom-language-flag":["https:\/\/www.uartes.edu.ec\/sitio\/wp-content\/uploads\/2020\/04\/JOSE-DAVID-BARBERAN-OK.jpg",18,12,false],"htmega_size_585x295":["https:\/\/www.uartes.edu.ec\/sitio\/wp-content\/uploads\/2020\/04\/JOSE-DAVID-BARBERAN-OK.jpg",443,295,false],"htmega_size_1170x536":["https:\/\/www.uartes.edu.ec\/sitio\/wp-content\/uploads\/2020\/04\/JOSE-DAVID-BARBERAN-OK.jpg",804,536,false],"htmega_size_396x360":["https:\/\/www.uartes.edu.ec\/sitio\/wp-content\/uploads\/2020\/04\/JOSE-DAVID-BARBERAN-OK.jpg",396,264,false],"gb-block-post-grid-landscape":["https:\/\/www.uartes.edu.ec\/sitio\/wp-content\/uploads\/2020\/04\/JOSE-DAVID-BARBERAN-OK.jpg",600,400,false],"gb-block-post-grid-square":["https:\/\/www.uartes.edu.ec\/sitio\/wp-content\/uploads\/2020\/04\/JOSE-DAVID-BARBERAN-OK.jpg",600,400,false],"university-hub-thumb":["https:\/\/www.uartes.edu.ec\/sitio\/wp-content\/uploads\/2020\/04\/JOSE-DAVID-BARBERAN-OK-400x267.jpg",400,267,true]},"uagb_author_info":{"display_name":"Universidad de las Artes","author_link":"https:\/\/www.uartes.edu.ec\/sitio\/fr\/blog\/author\/dircomadm\/"},"uagb_comment_info":0,"uagb_excerpt":"El docente Fredy Vallejos y el estudiante egresado Jos\u00e9 David Barber\u00e1n, ambos de la Escuela de Artes Sonoras de la Universidad de las Artes, constan con sus trabajos en el primer compilado sonoro Est\u00e9ticas Expandidas COMP 1.","featured_image_src":"https:\/\/www.uartes.edu.ec\/sitio\/wp-content\/uploads\/2020\/04\/JOSE-DAVID-BARBERAN-OK.jpg","featured_image_src_square":"https:\/\/www.uartes.edu.ec\/sitio\/wp-content\/uploads\/2020\/04\/JOSE-DAVID-BARBERAN-OK.jpg","author_info":{"display_name":"Universidad de las Artes","author_link":"https:\/\/www.uartes.edu.ec\/sitio\/fr\/blog\/author\/dircomadm\/"},"publishpress_future_workflow_manual_trigger":{"enabledWorkflows":[]},"distributor_meta":false,"distributor_terms":false,"distributor_media":false,"distributor_original_site_name":"Universidad de las Artes","distributor_original_site_url":"https:\/\/www.uartes.edu.ec\/sitio\/fr","push-errors":false,"_links":{"self":[{"href":"https:\/\/www.uartes.edu.ec\/sitio\/fr\/wp-json\/wp\/v2\/posts\/6764","targetHints":{"allow":["GET"]}}],"collection":[{"href":"https:\/\/www.uartes.edu.ec\/sitio\/fr\/wp-json\/wp\/v2\/posts"}],"about":[{"href":"https:\/\/www.uartes.edu.ec\/sitio\/fr\/wp-json\/wp\/v2\/types\/post"}],"author":[{"embeddable":true,"href":"https:\/\/www.uartes.edu.ec\/sitio\/fr\/wp-json\/wp\/v2\/users\/1"}],"replies":[{"embeddable":true,"href":"https:\/\/www.uartes.edu.ec\/sitio\/fr\/wp-json\/wp\/v2\/comments?post=6764"}],"version-history":[{"count":3,"href":"https:\/\/www.uartes.edu.ec\/sitio\/fr\/wp-json\/wp\/v2\/posts\/6764\/revisions"}],"predecessor-version":[{"id":57650,"href":"https:\/\/www.uartes.edu.ec\/sitio\/fr\/wp-json\/wp\/v2\/posts\/6764\/revisions\/57650"}],"wp:featuredmedia":[{"embeddable":true,"href":"https:\/\/www.uartes.edu.ec\/sitio\/fr\/wp-json\/wp\/v2\/media\/6765"}],"wp:attachment":[{"href":"https:\/\/www.uartes.edu.ec\/sitio\/fr\/wp-json\/wp\/v2\/media?parent=6764"}],"wp:term":[{"taxonomy":"category","embeddable":true,"href":"https:\/\/www.uartes.edu.ec\/sitio\/fr\/wp-json\/wp\/v2\/categories?post=6764"},{"taxonomy":"post_tag","embeddable":true,"href":"https:\/\/www.uartes.edu.ec\/sitio\/fr\/wp-json\/wp\/v2\/tags?post=6764"},{"taxonomy":"infouartes","embeddable":true,"href":"https:\/\/www.uartes.edu.ec\/sitio\/fr\/wp-json\/wp\/v2\/infouartes?post=6764"}],"curies":[{"name":"wp","href":"https:\/\/api.w.org\/{rel}","templated":true}]}}