{"id":67773,"date":"2025-01-29T14:24:00","date_gmt":"2025-01-29T19:24:00","guid":{"rendered":"https:\/\/www.uartes.edu.ec\/sitio\/?p=67773"},"modified":"2025-02-04T14:47:48","modified_gmt":"2025-02-04T19:47:48","slug":"la-busqueda-de-conexion-de-52-hz-en-el-oceano-llevo-a-alumnus-julianne-allen-a-crear-un-corto-de-animacion","status":"publish","type":"post","link":"https:\/\/www.uartes.edu.ec\/sitio\/fr\/blog\/2025\/01\/29\/la-busqueda-de-conexion-de-52-hz-en-el-oceano-llevo-a-alumnus-julianne-allen-a-crear-un-corto-de-animacion\/","title":{"rendered":"La b\u00fasqueda de conexi\u00f3n de 52 Hz en el oc\u00e9ano llev\u00f3 a alumnus Julianne Allen a crear un cortometraje de animaci\u00f3n"},"content":{"rendered":"<p>\u201c52 Hz\u201d fue uno de los cortometrajes de titulaci\u00f3n que se present\u00f3 en una muestra que convoc\u00f3, el pasado 23 de enero, a la comunidad UArtes en la Sala de Cine del MZ14 Centro de Producci\u00f3n e Innovaci\u00f3n. Su directora es Julianne Allen, quien en diciembre del 2024 obtuvo no solo su t\u00edtulo como licenciada en Cine, sino tambi\u00e9n el reconocimiento Magna Cum Laude por sus altos promedios durante su preparaci\u00f3n acad\u00e9mica.<\/p>\n\n\n\n<p>Junto con \u201c52 Hz\u201d de Julianne Allen, se proyectaron los tambi\u00e9n cortometrajes de titulaci\u00f3n de Brigitte Arreaga: \u201cA veces t\u00e9 de miedo, y otras, t\u00e9 de manzanilla\u201d (2024); de Ricky Salazar: \u201cEl rey a su gente no ve\u201d (2024); y de Jorge Bola\u00f1os: \u201cLas aburridas aventuras de una persona com\u00fan\u201d (2025).<\/p>\n\n\n\n<p>Acerca del cortometraje \u201c52 Hz\u201d, desde su concepci\u00f3n hasta la realizaci\u00f3n del proyecto, InfoUArtes contact\u00f3 a Julianne Allen, quien respondi\u00f3 algunas inquietudes:<strong><\/strong><\/p>\n\n\n\n<p><strong>\u00bfPor qu\u00e9 el t\u00edtulo de <em>52 Hz <\/em>pour<em> el <\/em>cortometraje y qu\u00e9 significa? <\/strong>Hace referencia a la ballena de 52 Hz, una ballena solitaria detectada desde 1989, que emite un canto en una frecuencia \u00fanica que otras ballenas no pueden percibir. Es tambi\u00e9n una met\u00e1fora de desconexi\u00f3n y b\u00fasqueda de pertenencia, explorando la comunicaci\u00f3n y el aislamiento tanto en el mundo natural como en el humano.<\/p>\n\n\n<div class=\"wp-block-image\">\n<figure class=\"aligncenter size-large\"><img fetchpriority=\"high\" decoding=\"async\" width=\"644\" height=\"429\" src=\"https:\/\/www.uartes.edu.ec\/sitio\/wp-content\/uploads\/2025\/02\/01-JA-52HZ-644x429.jpg\" alt=\"\" class=\"wp-image-67779\" srcset=\"https:\/\/www.uartes.edu.ec\/sitio\/wp-content\/uploads\/2025\/02\/01-JA-52HZ-644x429.jpg 644w, https:\/\/www.uartes.edu.ec\/sitio\/wp-content\/uploads\/2025\/02\/01-JA-52HZ-300x200.jpg 300w, https:\/\/www.uartes.edu.ec\/sitio\/wp-content\/uploads\/2025\/02\/01-JA-52HZ-768x512.jpg 768w, https:\/\/www.uartes.edu.ec\/sitio\/wp-content\/uploads\/2025\/02\/01-JA-52HZ-1536x1024.jpg 1536w, https:\/\/www.uartes.edu.ec\/sitio\/wp-content\/uploads\/2025\/02\/01-JA-52HZ-18x12.jpg 18w, https:\/\/www.uartes.edu.ec\/sitio\/wp-content\/uploads\/2025\/02\/01-JA-52HZ-600x400.jpg 600w, https:\/\/www.uartes.edu.ec\/sitio\/wp-content\/uploads\/2025\/02\/01-JA-52HZ-400x267.jpg 400w, https:\/\/www.uartes.edu.ec\/sitio\/wp-content\/uploads\/2025\/02\/01-JA-52HZ-272x182.jpg 272w, https:\/\/www.uartes.edu.ec\/sitio\/wp-content\/uploads\/2025\/02\/01-JA-52HZ.jpg 2000w\" sizes=\"(max-width: 644px) 100vw, 644px\" \/><\/figure>\n<\/div>\n\n\n<p><strong>\u00bfDe qu\u00e9 trata&nbsp;<em>52 Hz<\/em>? <\/strong>Es un cortometraje de animaci\u00f3n que sigue a una ballena solitaria en su b\u00fasqueda de conexi\u00f3n mientras nada en el oc\u00e9ano. A lo largo de su viaje, esta se encuentra con desaf\u00edos como la contaminaci\u00f3n y el impacto humano en su entorno. Finalmente, un investigador marino la estudia, pero este encuentro le plantea una nueva interrogante: \u00bfla conexi\u00f3n verdadera implicar\u00eda perder nuestra libertad? La historia explora temas como la soledad y la aceptaci\u00f3n hacia uno mismo.<\/p>\n\n\n\n<p><strong>\u00bfC\u00f3mo surgi\u00f3 la idea de&nbsp;<em>52 Hz<\/em>?<\/strong> De una fascinaci\u00f3n personal con la ballena de 52 Hz y su simbolismo en torno a la comunicaci\u00f3n y el aislamiento. M\u00e1s que nada, es un resultado de una investigaci\u00f3n que responde a una exploraci\u00f3n sobre la relaci\u00f3n entre arte y tecnolog\u00eda, y c\u00f3mo la inteligencia artificial puede contribuir o no en la animaci\u00f3n, positiva y negativamente. Tambi\u00e9n las implicaciones \u00e9ticas de la inteligencia artificial en el arte y su efecto en la creatividad humana.<\/p>\n\n\n\n<p>Al tratarse de un cortometraje de animaci\u00f3n, la producci\u00f3n se realiz\u00f3 \u00edntegramente en entornos digitales, utilizando diversas herramientas y en su casa, anot\u00f3 Julianne Allen. Hizo \u00e9nfasis en la indagaci\u00f3n te\u00f3rica sobre la ballena y la intersecci\u00f3n del arte con la tecnolog\u00eda, como tambi\u00e9n de las implicaciones \u00e9ticas de la misma en la creatividad humana \u201cy qu\u00e9 tan complicado puede ser desarrollar un proyecto sin fondos o equipo, solo utilizando herramientas digitales como la inteligencia artificial. El guion se desarroll\u00f3 a partir de la historia. El proceso pas\u00f3 por varias etapas de experimentaci\u00f3n con herramientas digitales para lograr la est\u00e9tica que se ve. Termin\u00e9 animando cuadro por cuadro de todas maneras\u201d.<\/p>\n\n\n\n<p><em>52 Hz<\/em>, en suma, esresultado de la investigaci\u00f3n, experimentaci\u00f3n art\u00edstica y cinematogr\u00e1fica de un cortometraje como tal, expres\u00f3 Jualinne Allen, quien, ante la inquietud de que se pudiera o no convertir en un largometraje, revel\u00f3 no tener planes de extenderlo.<\/p>\n\n\n<div class=\"wp-block-image\">\n<figure class=\"aligncenter size-large\"><img decoding=\"async\" width=\"644\" height=\"429\" src=\"https:\/\/www.uartes.edu.ec\/sitio\/wp-content\/uploads\/2025\/02\/03-JA-52HZ-644x429.jpg\" alt=\"\" class=\"wp-image-67780\" srcset=\"https:\/\/www.uartes.edu.ec\/sitio\/wp-content\/uploads\/2025\/02\/03-JA-52HZ-644x429.jpg 644w, https:\/\/www.uartes.edu.ec\/sitio\/wp-content\/uploads\/2025\/02\/03-JA-52HZ-300x200.jpg 300w, https:\/\/www.uartes.edu.ec\/sitio\/wp-content\/uploads\/2025\/02\/03-JA-52HZ-768x512.jpg 768w, https:\/\/www.uartes.edu.ec\/sitio\/wp-content\/uploads\/2025\/02\/03-JA-52HZ-1536x1024.jpg 1536w, https:\/\/www.uartes.edu.ec\/sitio\/wp-content\/uploads\/2025\/02\/03-JA-52HZ-18x12.jpg 18w, https:\/\/www.uartes.edu.ec\/sitio\/wp-content\/uploads\/2025\/02\/03-JA-52HZ-600x400.jpg 600w, https:\/\/www.uartes.edu.ec\/sitio\/wp-content\/uploads\/2025\/02\/03-JA-52HZ-400x267.jpg 400w, https:\/\/www.uartes.edu.ec\/sitio\/wp-content\/uploads\/2025\/02\/03-JA-52HZ-272x182.jpg 272w, https:\/\/www.uartes.edu.ec\/sitio\/wp-content\/uploads\/2025\/02\/03-JA-52HZ.jpg 2000w\" sizes=\"(max-width: 644px) 100vw, 644px\" \/><\/figure>\n<\/div>\n\n\n<p>En cuanto a los tiempos y las distintas etapas que en su realizaci\u00f3n tuvo el corto, su directora sostuvo que la preproducci\u00f3n implic\u00f3 una fase de investigaci\u00f3n m\u00e1s larga y un desarrollo del guion desde antes de la titulaci\u00f3n. \u201cLa animaci\u00f3n y el montaje tomaron alrededor de dos meses, dado el car\u00e1cter experimental del proyecto y la integraci\u00f3n de herramientas digitales\u201d.<\/p>\n\n\n\n<p>El proyecto fue, principalmente,individual. Julianne Allen asumi\u00f3 la investigaci\u00f3n, direcci\u00f3n, guion, animaci\u00f3n y el montaje. Sin embargo, hubo colaboraciones. Enrique Land\u00edvar, alumnus de la carrera de Producci\u00f3n Musical, en la parte sonora del cortometraje. \u201cTambi\u00e9n de Agust\u00edn Garcells como mi tutor de tesis y Juan Jos\u00e9 Ripalda como mi co-tutor. Amigos y profesores que me impulsaron a realizar un tema como este y fomentar mi inter\u00e9s por el uso de las nuevas tecnolog\u00edas en el arte\u201d.<\/p>\n\n\n\n<p>Adem\u00e1s de <em>52 Hz,<\/em> Julianne Allen ha participado en cortometrajes desarrollados en los Laboratorios de Rodaje. \u201cEn Laboratorio de Rodaje 1 dirig\u00ed un cortometraje y ah\u00ed me di cuenta de que no era lo m\u00edo, sino que me gustaba m\u00e1s escribir, investigar y experimentar. En Laboratorio de Rodaje 2, form\u00e9 parte de un cortometraje incre\u00edble de Jennifer Dumes, llamado \u2018Domingo\u2019, donde fui cabeza del equipo de sonido\u201d.<\/p>\n\n\n\n<p><strong>\u00bfQu\u00e9 viene despu\u00e9s de <em>52 Hz<\/em>? <\/strong>Espero seguir escribiendo art\u00edculos de cine m\u00e1s que nada. La investigaci\u00f3n en artes y la escritura de ensayos acad\u00e9micos es lo que m\u00e1s me gusta. Hasta ahora he publicado dos: <em>La ci\u00e9naga: sonido y l\u00edquidos<\/em>&nbsp;para la revista <em>Casapa\u00eds<\/em> de Uruguay; y <em>La autoetnograf\u00eda y el cine-ensayo como experimentaci\u00f3n cinematogr\u00e1fica<\/em>&nbsp;para la revista <em>Inm\u00f3vil del Incine.<\/em> Tambi\u00e9n, quisiera adentrarme m\u00e1s en la pedagog\u00eda en las artes, raz\u00f3n por la cual estoy pronta a culminar mi maestr\u00eda en Educaci\u00f3n en Literatura y Ling\u00fc\u00edstica y as\u00ed complementar mi conocimiento previo en cine con la escritura.<\/p>\n\n\n<div class=\"wp-block-image\">\n<figure class=\"aligncenter size-large\"><img decoding=\"async\" width=\"644\" height=\"429\" src=\"https:\/\/www.uartes.edu.ec\/sitio\/wp-content\/uploads\/2025\/02\/03-JAS-644x429.jpg\" alt=\"\" class=\"wp-image-67777\" srcset=\"https:\/\/www.uartes.edu.ec\/sitio\/wp-content\/uploads\/2025\/02\/03-JAS-644x429.jpg 644w, https:\/\/www.uartes.edu.ec\/sitio\/wp-content\/uploads\/2025\/02\/03-JAS-300x200.jpg 300w, https:\/\/www.uartes.edu.ec\/sitio\/wp-content\/uploads\/2025\/02\/03-JAS-768x512.jpg 768w, https:\/\/www.uartes.edu.ec\/sitio\/wp-content\/uploads\/2025\/02\/03-JAS-1536x1024.jpg 1536w, https:\/\/www.uartes.edu.ec\/sitio\/wp-content\/uploads\/2025\/02\/03-JAS-18x12.jpg 18w, https:\/\/www.uartes.edu.ec\/sitio\/wp-content\/uploads\/2025\/02\/03-JAS-600x400.jpg 600w, https:\/\/www.uartes.edu.ec\/sitio\/wp-content\/uploads\/2025\/02\/03-JAS-400x267.jpg 400w, https:\/\/www.uartes.edu.ec\/sitio\/wp-content\/uploads\/2025\/02\/03-JAS-272x182.jpg 272w, https:\/\/www.uartes.edu.ec\/sitio\/wp-content\/uploads\/2025\/02\/03-JAS.jpg 2000w\" sizes=\"(max-width: 644px) 100vw, 644px\" \/><\/figure>\n<\/div>\n\n\n<h3 class=\"wp-block-heading\">Sobre la directora<\/h3>\n\n\n\n<p>Vale anotar que, Julianne Allen obtuvo una beca completa para una maestr\u00eda online tras postular y ganar junto a otros dos participantes un concurso propuesto por el Consejo de Educaci\u00f3n Superior (CES) y dirigido a los estudiantes de todas las universidades del pa\u00eds. Particip\u00f3 con el ensayo \u201cTransformaci\u00f3n de realidades a trav\u00e9s de la educaci\u00f3n superior: Descolonizaci\u00f3n, reforma universitaria y el cine en Am\u00e9rica Latina\u201d.<\/p>\n\n\n\n<p>La premiaci\u00f3n del concurso se realiz\u00f3, en marzo de 2024, durante la rendici\u00f3n de cuentas que el Consejo de Educaci\u00f3n Superior (CES) hizo en el Centro Cultural de la Pontificia Universidad Cat\u00f3lica del Ecuador (PUCE), donde se dieron cita autoridades de varias universidades del pa\u00eds, como nuestros rector y vicerrector acad\u00e9mico, William Herrera y Bradley Hilgert, respectivamente.<\/p>\n\n\n\n<p>Fotos: cortes\u00eda Julianne Allen, licenciada en Cine.<\/p>\n\n\n\n<p><\/p>","protected":false},"excerpt":{"rendered":"<p>\u201c52 Hz\u201d fue uno de los cortos de titulaci\u00f3n<br \/>\npresentados en una muestra que congreg\u00f3 a la comunidad UArtes en la Sala de Cine del Centro de Producci\u00f3n e Innovaci\u00f3n MZ14. Su directora es Julianne Allen, quien en diciembre del 2024 obtuvo su t\u00edtulo como licenciada en Cine y el magna cum laude por sus altos promedios durante su preparaci\u00f3n acad\u00e9mica. Aqu\u00ed el detalle de la producci\u00f3n y los proyectos profesionales siguientes de la alumnus.<\/p>","protected":false},"author":10,"featured_media":67778,"comment_status":"open","ping_status":"open","sticky":false,"template":"","format":"standard","meta":{"_acf_changed":false,"_uag_custom_page_level_css":"","_monsterinsights_skip_tracking":false,"_monsterinsights_sitenote_active":false,"_monsterinsights_sitenote_note":"","_monsterinsights_sitenote_category":0,"cybocfi_hide_featured_image":"","footnotes":""},"categories":[1],"tags":[],"infouartes":[],"class_list":["post-67773","post","type-post","status-publish","format-standard","has-post-thumbnail","hentry","category-sin-categoria"],"acf":[],"yoast_head":"<!-- This site is optimized with the Yoast SEO plugin v27.4 - https:\/\/yoast.com\/product\/yoast-seo-wordpress\/ -->\n<title>Universidad de las Artes - La b\u00fasqueda de conexi\u00f3n de 52 Hz en el oc\u00e9ano llev\u00f3 a alumnus Julianne Allen a crear un cortometraje de animaci\u00f3n<\/title>\n<meta name=\"description\" content=\"Universidad de las Artes - La b\u00fasqueda de conexi\u00f3n de 52 Hz en el oc\u00e9ano llev\u00f3 a alumnus Julianne Allen a crear un cortometraje de animaci\u00f3n\" \/>\n<meta name=\"robots\" content=\"index, follow, max-snippet:-1, max-image-preview:large, max-video-preview:-1\" \/>\n<link rel=\"canonical\" href=\"https:\/\/www.uartes.edu.ec\/sitio\/fr\/blog\/2025\/01\/29\/la-busqueda-de-conexion-de-52-hz-en-el-oceano-llevo-a-alumnus-julianne-allen-a-crear-un-corto-de-animacion\/\" \/>\n<meta property=\"og:locale\" content=\"fr_FR\" \/>\n<meta property=\"og:type\" content=\"article\" \/>\n<meta property=\"og:title\" content=\"Universidad de las Artes - La b\u00fasqueda de conexi\u00f3n de 52 Hz en el oc\u00e9ano llev\u00f3 a alumnus Julianne Allen a crear un cortometraje de animaci\u00f3n\" \/>\n<meta property=\"og:description\" content=\"Universidad de las Artes - La b\u00fasqueda de conexi\u00f3n de 52 Hz en el oc\u00e9ano llev\u00f3 a alumnus Julianne Allen a crear un cortometraje de animaci\u00f3n\" \/>\n<meta property=\"og:url\" content=\"https:\/\/www.uartes.edu.ec\/sitio\/fr\/blog\/2025\/01\/29\/la-busqueda-de-conexion-de-52-hz-en-el-oceano-llevo-a-alumnus-julianne-allen-a-crear-un-corto-de-animacion\/\" \/>\n<meta property=\"og:site_name\" content=\"Universidad de las Artes\" \/>\n<meta property=\"article:publisher\" content=\"https:\/\/www.facebook.com\/uartesec\" \/>\n<meta property=\"article:published_time\" content=\"2025-01-29T19:24:00+00:00\" \/>\n<meta property=\"article:modified_time\" content=\"2025-02-04T19:47:48+00:00\" \/>\n<meta property=\"og:image\" content=\"https:\/\/www.uartes.edu.ec\/sitio\/wp-content\/uploads\/2025\/02\/02-JA-52HZ.jpg\" \/>\n\t<meta property=\"og:image:width\" content=\"2000\" \/>\n\t<meta property=\"og:image:height\" content=\"1333\" \/>\n\t<meta property=\"og:image:type\" content=\"image\/jpeg\" \/>\n<meta name=\"author\" content=\"ccortez\" \/>\n<meta name=\"twitter:card\" content=\"summary_large_image\" \/>\n<meta name=\"twitter:creator\" content=\"@uartesec\" \/>\n<meta name=\"twitter:site\" content=\"@uartesec\" \/>\n<meta name=\"twitter:label1\" content=\"\u00c9crit par\" \/>\n\t<meta name=\"twitter:data1\" content=\"ccortez\" \/>\n\t<meta name=\"twitter:label2\" content=\"Dur\u00e9e de lecture estim\u00e9e\" \/>\n\t<meta name=\"twitter:data2\" content=\"6 minutes\" \/>\n<script type=\"application\/ld+json\" class=\"yoast-schema-graph\">{\"@context\":\"https:\\\/\\\/schema.org\",\"@graph\":[{\"@type\":\"Article\",\"@id\":\"https:\\\/\\\/www.uartes.edu.ec\\\/sitio\\\/fr\\\/blog\\\/2025\\\/01\\\/29\\\/la-busqueda-de-conexion-de-52-hz-en-el-oceano-llevo-a-alumnus-julianne-allen-a-crear-un-corto-de-animacion\\\/#article\",\"isPartOf\":{\"@id\":\"https:\\\/\\\/www.uartes.edu.ec\\\/sitio\\\/fr\\\/blog\\\/2025\\\/01\\\/29\\\/la-busqueda-de-conexion-de-52-hz-en-el-oceano-llevo-a-alumnus-julianne-allen-a-crear-un-corto-de-animacion\\\/\"},\"author\":{\"name\":\"ccortez\",\"@id\":\"https:\\\/\\\/www.uartes.edu.ec\\\/sitio\\\/fr\\\/#\\\/schema\\\/person\\\/efa1b8275797664fd7f13a79ccc0b1f4\"},\"headline\":\"La b\u00fasqueda de conexi\u00f3n de 52 Hz en el oc\u00e9ano llev\u00f3 a alumnus Julianne Allen a crear un cortometraje de animaci\u00f3n\",\"datePublished\":\"2025-01-29T19:24:00+00:00\",\"dateModified\":\"2025-02-04T19:47:48+00:00\",\"mainEntityOfPage\":{\"@id\":\"https:\\\/\\\/www.uartes.edu.ec\\\/sitio\\\/fr\\\/blog\\\/2025\\\/01\\\/29\\\/la-busqueda-de-conexion-de-52-hz-en-el-oceano-llevo-a-alumnus-julianne-allen-a-crear-un-corto-de-animacion\\\/\"},\"wordCount\":1077,\"commentCount\":0,\"publisher\":{\"@id\":\"https:\\\/\\\/www.uartes.edu.ec\\\/sitio\\\/fr\\\/#organization\"},\"image\":{\"@id\":\"https:\\\/\\\/www.uartes.edu.ec\\\/sitio\\\/fr\\\/blog\\\/2025\\\/01\\\/29\\\/la-busqueda-de-conexion-de-52-hz-en-el-oceano-llevo-a-alumnus-julianne-allen-a-crear-un-corto-de-animacion\\\/#primaryimage\"},\"thumbnailUrl\":\"https:\\\/\\\/www.uartes.edu.ec\\\/sitio\\\/wp-content\\\/uploads\\\/2025\\\/02\\\/02-JA-52HZ.jpg\",\"articleSection\":[\"Sin categor\u00eda\"],\"inLanguage\":\"fr-FR\",\"potentialAction\":[{\"@type\":\"CommentAction\",\"name\":\"Comment\",\"target\":[\"https:\\\/\\\/www.uartes.edu.ec\\\/sitio\\\/fr\\\/blog\\\/2025\\\/01\\\/29\\\/la-busqueda-de-conexion-de-52-hz-en-el-oceano-llevo-a-alumnus-julianne-allen-a-crear-un-corto-de-animacion\\\/#respond\"]}]},{\"@type\":[\"WebPage\",\"ItemPage\"],\"@id\":\"https:\\\/\\\/www.uartes.edu.ec\\\/sitio\\\/fr\\\/blog\\\/2025\\\/01\\\/29\\\/la-busqueda-de-conexion-de-52-hz-en-el-oceano-llevo-a-alumnus-julianne-allen-a-crear-un-corto-de-animacion\\\/\",\"url\":\"https:\\\/\\\/www.uartes.edu.ec\\\/sitio\\\/fr\\\/blog\\\/2025\\\/01\\\/29\\\/la-busqueda-de-conexion-de-52-hz-en-el-oceano-llevo-a-alumnus-julianne-allen-a-crear-un-corto-de-animacion\\\/\",\"name\":\"Universidad de las Artes - La b\u00fasqueda de conexi\u00f3n de 52 Hz en el oc\u00e9ano llev\u00f3 a alumnus Julianne Allen a crear un cortometraje de animaci\u00f3n\",\"isPartOf\":{\"@id\":\"https:\\\/\\\/www.uartes.edu.ec\\\/sitio\\\/fr\\\/#website\"},\"primaryImageOfPage\":{\"@id\":\"https:\\\/\\\/www.uartes.edu.ec\\\/sitio\\\/fr\\\/blog\\\/2025\\\/01\\\/29\\\/la-busqueda-de-conexion-de-52-hz-en-el-oceano-llevo-a-alumnus-julianne-allen-a-crear-un-corto-de-animacion\\\/#primaryimage\"},\"image\":{\"@id\":\"https:\\\/\\\/www.uartes.edu.ec\\\/sitio\\\/fr\\\/blog\\\/2025\\\/01\\\/29\\\/la-busqueda-de-conexion-de-52-hz-en-el-oceano-llevo-a-alumnus-julianne-allen-a-crear-un-corto-de-animacion\\\/#primaryimage\"},\"thumbnailUrl\":\"https:\\\/\\\/www.uartes.edu.ec\\\/sitio\\\/wp-content\\\/uploads\\\/2025\\\/02\\\/02-JA-52HZ.jpg\",\"datePublished\":\"2025-01-29T19:24:00+00:00\",\"dateModified\":\"2025-02-04T19:47:48+00:00\",\"description\":\"Universidad de las Artes - La b\u00fasqueda de conexi\u00f3n de 52 Hz en el oc\u00e9ano llev\u00f3 a alumnus Julianne Allen a crear un cortometraje de animaci\u00f3n\",\"breadcrumb\":{\"@id\":\"https:\\\/\\\/www.uartes.edu.ec\\\/sitio\\\/fr\\\/blog\\\/2025\\\/01\\\/29\\\/la-busqueda-de-conexion-de-52-hz-en-el-oceano-llevo-a-alumnus-julianne-allen-a-crear-un-corto-de-animacion\\\/#breadcrumb\"},\"inLanguage\":\"fr-FR\",\"potentialAction\":[{\"@type\":\"ReadAction\",\"target\":[\"https:\\\/\\\/www.uartes.edu.ec\\\/sitio\\\/fr\\\/blog\\\/2025\\\/01\\\/29\\\/la-busqueda-de-conexion-de-52-hz-en-el-oceano-llevo-a-alumnus-julianne-allen-a-crear-un-corto-de-animacion\\\/\"]}]},{\"@type\":\"ImageObject\",\"inLanguage\":\"fr-FR\",\"@id\":\"https:\\\/\\\/www.uartes.edu.ec\\\/sitio\\\/fr\\\/blog\\\/2025\\\/01\\\/29\\\/la-busqueda-de-conexion-de-52-hz-en-el-oceano-llevo-a-alumnus-julianne-allen-a-crear-un-corto-de-animacion\\\/#primaryimage\",\"url\":\"https:\\\/\\\/www.uartes.edu.ec\\\/sitio\\\/wp-content\\\/uploads\\\/2025\\\/02\\\/02-JA-52HZ.jpg\",\"contentUrl\":\"https:\\\/\\\/www.uartes.edu.ec\\\/sitio\\\/wp-content\\\/uploads\\\/2025\\\/02\\\/02-JA-52HZ.jpg\",\"width\":2000,\"height\":1333},{\"@type\":\"BreadcrumbList\",\"@id\":\"https:\\\/\\\/www.uartes.edu.ec\\\/sitio\\\/fr\\\/blog\\\/2025\\\/01\\\/29\\\/la-busqueda-de-conexion-de-52-hz-en-el-oceano-llevo-a-alumnus-julianne-allen-a-crear-un-corto-de-animacion\\\/#breadcrumb\",\"itemListElement\":[{\"@type\":\"ListItem\",\"position\":1,\"name\":\"Inicio\",\"item\":\"https:\\\/\\\/www.uartes.edu.ec\\\/sitio\\\/\"},{\"@type\":\"ListItem\",\"position\":2,\"name\":\"La b\u00fasqueda de conexi\u00f3n de 52 Hz en el oc\u00e9ano llev\u00f3 a alumnus Julianne Allen a crear un cortometraje de animaci\u00f3n\"}]},{\"@type\":\"WebSite\",\"@id\":\"https:\\\/\\\/www.uartes.edu.ec\\\/sitio\\\/fr\\\/#website\",\"url\":\"https:\\\/\\\/www.uartes.edu.ec\\\/sitio\\\/fr\\\/\",\"name\":\"Universidad de las Artes\",\"description\":\"Sitio oficial de la Universidad Nacional de las Artes del Ecuador\",\"publisher\":{\"@id\":\"https:\\\/\\\/www.uartes.edu.ec\\\/sitio\\\/fr\\\/#organization\"},\"potentialAction\":[{\"@type\":\"SearchAction\",\"target\":{\"@type\":\"EntryPoint\",\"urlTemplate\":\"https:\\\/\\\/www.uartes.edu.ec\\\/sitio\\\/fr\\\/?s={search_term_string}\"},\"query-input\":{\"@type\":\"PropertyValueSpecification\",\"valueRequired\":true,\"valueName\":\"search_term_string\"}}],\"inLanguage\":\"fr-FR\"},{\"@type\":\"Organization\",\"@id\":\"https:\\\/\\\/www.uartes.edu.ec\\\/sitio\\\/fr\\\/#organization\",\"name\":\"Universidad de las Artes\",\"url\":\"https:\\\/\\\/www.uartes.edu.ec\\\/sitio\\\/fr\\\/\",\"logo\":{\"@type\":\"ImageObject\",\"inLanguage\":\"fr-FR\",\"@id\":\"https:\\\/\\\/www.uartes.edu.ec\\\/sitio\\\/fr\\\/#\\\/schema\\\/logo\\\/image\\\/\",\"url\":\"https:\\\/\\\/www.uartes.edu.ec\\\/sitio\\\/wp-content\\\/uploads\\\/2022\\\/07\\\/logo-ua-horizontal.png\",\"contentUrl\":\"https:\\\/\\\/www.uartes.edu.ec\\\/sitio\\\/wp-content\\\/uploads\\\/2022\\\/07\\\/logo-ua-horizontal.png\",\"width\":800,\"height\":276,\"caption\":\"Universidad de las Artes\"},\"image\":{\"@id\":\"https:\\\/\\\/www.uartes.edu.ec\\\/sitio\\\/fr\\\/#\\\/schema\\\/logo\\\/image\\\/\"},\"sameAs\":[\"https:\\\/\\\/www.facebook.com\\\/uartesec\",\"https:\\\/\\\/x.com\\\/uartesec\",\"https:\\\/\\\/www.tiktok.com\\\/@uartesec\"]},{\"@type\":\"Person\",\"@id\":\"https:\\\/\\\/www.uartes.edu.ec\\\/sitio\\\/fr\\\/#\\\/schema\\\/person\\\/efa1b8275797664fd7f13a79ccc0b1f4\",\"name\":\"ccortez\",\"image\":{\"@type\":\"ImageObject\",\"inLanguage\":\"fr-FR\",\"@id\":\"https:\\\/\\\/secure.gravatar.com\\\/avatar\\\/b2a6f664a3ae8e074346ef91775736c5ec479e637ecced6842de9dc98b5da9cd?s=96&d=mm&r=g\",\"url\":\"https:\\\/\\\/secure.gravatar.com\\\/avatar\\\/b2a6f664a3ae8e074346ef91775736c5ec479e637ecced6842de9dc98b5da9cd?s=96&d=mm&r=g\",\"contentUrl\":\"https:\\\/\\\/secure.gravatar.com\\\/avatar\\\/b2a6f664a3ae8e074346ef91775736c5ec479e637ecced6842de9dc98b5da9cd?s=96&d=mm&r=g\",\"caption\":\"ccortez\"},\"url\":\"https:\\\/\\\/www.uartes.edu.ec\\\/sitio\\\/fr\\\/blog\\\/author\\\/ccortez\\\/\"}]}<\/script>\n<!-- \/ Yoast SEO plugin. -->","yoast_head_json":{"title":"Universidad de las Artes - La b\u00fasqueda de conexi\u00f3n de 52 Hz en el oc\u00e9ano llev\u00f3 a alumnus Julianne Allen a crear un cortometraje de animaci\u00f3n","description":"Universidad de las Artes - La b\u00fasqueda de conexi\u00f3n de 52 Hz en el oc\u00e9ano llev\u00f3 a alumnus Julianne Allen a crear un cortometraje de animaci\u00f3n","robots":{"index":"index","follow":"follow","max-snippet":"max-snippet:-1","max-image-preview":"max-image-preview:large","max-video-preview":"max-video-preview:-1"},"canonical":"https:\/\/www.uartes.edu.ec\/sitio\/fr\/blog\/2025\/01\/29\/la-busqueda-de-conexion-de-52-hz-en-el-oceano-llevo-a-alumnus-julianne-allen-a-crear-un-corto-de-animacion\/","og_locale":"fr_FR","og_type":"article","og_title":"Universidad de las Artes - La b\u00fasqueda de conexi\u00f3n de 52 Hz en el oc\u00e9ano llev\u00f3 a alumnus Julianne Allen a crear un cortometraje de animaci\u00f3n","og_description":"Universidad de las Artes - La b\u00fasqueda de conexi\u00f3n de 52 Hz en el oc\u00e9ano llev\u00f3 a alumnus Julianne Allen a crear un cortometraje de animaci\u00f3n","og_url":"https:\/\/www.uartes.edu.ec\/sitio\/fr\/blog\/2025\/01\/29\/la-busqueda-de-conexion-de-52-hz-en-el-oceano-llevo-a-alumnus-julianne-allen-a-crear-un-corto-de-animacion\/","og_site_name":"Universidad de las Artes","article_publisher":"https:\/\/www.facebook.com\/uartesec","article_published_time":"2025-01-29T19:24:00+00:00","article_modified_time":"2025-02-04T19:47:48+00:00","og_image":[{"width":2000,"height":1333,"url":"https:\/\/www.uartes.edu.ec\/sitio\/wp-content\/uploads\/2025\/02\/02-JA-52HZ.jpg","type":"image\/jpeg"}],"author":"ccortez","twitter_card":"summary_large_image","twitter_creator":"@uartesec","twitter_site":"@uartesec","twitter_misc":{"\u00c9crit par":"ccortez","Dur\u00e9e de lecture estim\u00e9e":"6 minutes"},"schema":{"@context":"https:\/\/schema.org","@graph":[{"@type":"Article","@id":"https:\/\/www.uartes.edu.ec\/sitio\/fr\/blog\/2025\/01\/29\/la-busqueda-de-conexion-de-52-hz-en-el-oceano-llevo-a-alumnus-julianne-allen-a-crear-un-corto-de-animacion\/#article","isPartOf":{"@id":"https:\/\/www.uartes.edu.ec\/sitio\/fr\/blog\/2025\/01\/29\/la-busqueda-de-conexion-de-52-hz-en-el-oceano-llevo-a-alumnus-julianne-allen-a-crear-un-corto-de-animacion\/"},"author":{"name":"ccortez","@id":"https:\/\/www.uartes.edu.ec\/sitio\/fr\/#\/schema\/person\/efa1b8275797664fd7f13a79ccc0b1f4"},"headline":"La b\u00fasqueda de conexi\u00f3n de 52 Hz en el oc\u00e9ano llev\u00f3 a alumnus Julianne Allen a crear un cortometraje de animaci\u00f3n","datePublished":"2025-01-29T19:24:00+00:00","dateModified":"2025-02-04T19:47:48+00:00","mainEntityOfPage":{"@id":"https:\/\/www.uartes.edu.ec\/sitio\/fr\/blog\/2025\/01\/29\/la-busqueda-de-conexion-de-52-hz-en-el-oceano-llevo-a-alumnus-julianne-allen-a-crear-un-corto-de-animacion\/"},"wordCount":1077,"commentCount":0,"publisher":{"@id":"https:\/\/www.uartes.edu.ec\/sitio\/fr\/#organization"},"image":{"@id":"https:\/\/www.uartes.edu.ec\/sitio\/fr\/blog\/2025\/01\/29\/la-busqueda-de-conexion-de-52-hz-en-el-oceano-llevo-a-alumnus-julianne-allen-a-crear-un-corto-de-animacion\/#primaryimage"},"thumbnailUrl":"https:\/\/www.uartes.edu.ec\/sitio\/wp-content\/uploads\/2025\/02\/02-JA-52HZ.jpg","articleSection":["Sin categor\u00eda"],"inLanguage":"fr-FR","potentialAction":[{"@type":"CommentAction","name":"Comment","target":["https:\/\/www.uartes.edu.ec\/sitio\/fr\/blog\/2025\/01\/29\/la-busqueda-de-conexion-de-52-hz-en-el-oceano-llevo-a-alumnus-julianne-allen-a-crear-un-corto-de-animacion\/#respond"]}]},{"@type":["WebPage","ItemPage"],"@id":"https:\/\/www.uartes.edu.ec\/sitio\/fr\/blog\/2025\/01\/29\/la-busqueda-de-conexion-de-52-hz-en-el-oceano-llevo-a-alumnus-julianne-allen-a-crear-un-corto-de-animacion\/","url":"https:\/\/www.uartes.edu.ec\/sitio\/fr\/blog\/2025\/01\/29\/la-busqueda-de-conexion-de-52-hz-en-el-oceano-llevo-a-alumnus-julianne-allen-a-crear-un-corto-de-animacion\/","name":"Universidad de las Artes - La b\u00fasqueda de conexi\u00f3n de 52 Hz en el oc\u00e9ano llev\u00f3 a alumnus Julianne Allen a crear un cortometraje de animaci\u00f3n","isPartOf":{"@id":"https:\/\/www.uartes.edu.ec\/sitio\/fr\/#website"},"primaryImageOfPage":{"@id":"https:\/\/www.uartes.edu.ec\/sitio\/fr\/blog\/2025\/01\/29\/la-busqueda-de-conexion-de-52-hz-en-el-oceano-llevo-a-alumnus-julianne-allen-a-crear-un-corto-de-animacion\/#primaryimage"},"image":{"@id":"https:\/\/www.uartes.edu.ec\/sitio\/fr\/blog\/2025\/01\/29\/la-busqueda-de-conexion-de-52-hz-en-el-oceano-llevo-a-alumnus-julianne-allen-a-crear-un-corto-de-animacion\/#primaryimage"},"thumbnailUrl":"https:\/\/www.uartes.edu.ec\/sitio\/wp-content\/uploads\/2025\/02\/02-JA-52HZ.jpg","datePublished":"2025-01-29T19:24:00+00:00","dateModified":"2025-02-04T19:47:48+00:00","description":"Universidad de las Artes - La b\u00fasqueda de conexi\u00f3n de 52 Hz en el oc\u00e9ano llev\u00f3 a alumnus Julianne Allen a crear un cortometraje de animaci\u00f3n","breadcrumb":{"@id":"https:\/\/www.uartes.edu.ec\/sitio\/fr\/blog\/2025\/01\/29\/la-busqueda-de-conexion-de-52-hz-en-el-oceano-llevo-a-alumnus-julianne-allen-a-crear-un-corto-de-animacion\/#breadcrumb"},"inLanguage":"fr-FR","potentialAction":[{"@type":"ReadAction","target":["https:\/\/www.uartes.edu.ec\/sitio\/fr\/blog\/2025\/01\/29\/la-busqueda-de-conexion-de-52-hz-en-el-oceano-llevo-a-alumnus-julianne-allen-a-crear-un-corto-de-animacion\/"]}]},{"@type":"ImageObject","inLanguage":"fr-FR","@id":"https:\/\/www.uartes.edu.ec\/sitio\/fr\/blog\/2025\/01\/29\/la-busqueda-de-conexion-de-52-hz-en-el-oceano-llevo-a-alumnus-julianne-allen-a-crear-un-corto-de-animacion\/#primaryimage","url":"https:\/\/www.uartes.edu.ec\/sitio\/wp-content\/uploads\/2025\/02\/02-JA-52HZ.jpg","contentUrl":"https:\/\/www.uartes.edu.ec\/sitio\/wp-content\/uploads\/2025\/02\/02-JA-52HZ.jpg","width":2000,"height":1333},{"@type":"BreadcrumbList","@id":"https:\/\/www.uartes.edu.ec\/sitio\/fr\/blog\/2025\/01\/29\/la-busqueda-de-conexion-de-52-hz-en-el-oceano-llevo-a-alumnus-julianne-allen-a-crear-un-corto-de-animacion\/#breadcrumb","itemListElement":[{"@type":"ListItem","position":1,"name":"Inicio","item":"https:\/\/www.uartes.edu.ec\/sitio\/"},{"@type":"ListItem","position":2,"name":"La b\u00fasqueda de conexi\u00f3n de 52 Hz en el oc\u00e9ano llev\u00f3 a alumnus Julianne Allen a crear un cortometraje de animaci\u00f3n"}]},{"@type":"WebSite","@id":"https:\/\/www.uartes.edu.ec\/sitio\/fr\/#website","url":"https:\/\/www.uartes.edu.ec\/sitio\/fr\/","name":"Universidad de las Artes","description":"Sitio oficial de la Universidad Nacional de las Artes del Ecuador","publisher":{"@id":"https:\/\/www.uartes.edu.ec\/sitio\/fr\/#organization"},"potentialAction":[{"@type":"SearchAction","target":{"@type":"EntryPoint","urlTemplate":"https:\/\/www.uartes.edu.ec\/sitio\/fr\/?s={search_term_string}"},"query-input":{"@type":"PropertyValueSpecification","valueRequired":true,"valueName":"search_term_string"}}],"inLanguage":"fr-FR"},{"@type":"Organization","@id":"https:\/\/www.uartes.edu.ec\/sitio\/fr\/#organization","name":"Universidad de las Artes","url":"https:\/\/www.uartes.edu.ec\/sitio\/fr\/","logo":{"@type":"ImageObject","inLanguage":"fr-FR","@id":"https:\/\/www.uartes.edu.ec\/sitio\/fr\/#\/schema\/logo\/image\/","url":"https:\/\/www.uartes.edu.ec\/sitio\/wp-content\/uploads\/2022\/07\/logo-ua-horizontal.png","contentUrl":"https:\/\/www.uartes.edu.ec\/sitio\/wp-content\/uploads\/2022\/07\/logo-ua-horizontal.png","width":800,"height":276,"caption":"Universidad de las Artes"},"image":{"@id":"https:\/\/www.uartes.edu.ec\/sitio\/fr\/#\/schema\/logo\/image\/"},"sameAs":["https:\/\/www.facebook.com\/uartesec","https:\/\/x.com\/uartesec","https:\/\/www.tiktok.com\/@uartesec"]},{"@type":"Person","@id":"https:\/\/www.uartes.edu.ec\/sitio\/fr\/#\/schema\/person\/efa1b8275797664fd7f13a79ccc0b1f4","name":"ccortez","image":{"@type":"ImageObject","inLanguage":"fr-FR","@id":"https:\/\/secure.gravatar.com\/avatar\/b2a6f664a3ae8e074346ef91775736c5ec479e637ecced6842de9dc98b5da9cd?s=96&d=mm&r=g","url":"https:\/\/secure.gravatar.com\/avatar\/b2a6f664a3ae8e074346ef91775736c5ec479e637ecced6842de9dc98b5da9cd?s=96&d=mm&r=g","contentUrl":"https:\/\/secure.gravatar.com\/avatar\/b2a6f664a3ae8e074346ef91775736c5ec479e637ecced6842de9dc98b5da9cd?s=96&d=mm&r=g","caption":"ccortez"},"url":"https:\/\/www.uartes.edu.ec\/sitio\/fr\/blog\/author\/ccortez\/"}]}},"uagb_featured_image_src":{"full":["https:\/\/www.uartes.edu.ec\/sitio\/wp-content\/uploads\/2025\/02\/02-JA-52HZ.jpg",2000,1333,false],"thumbnail":["https:\/\/www.uartes.edu.ec\/sitio\/wp-content\/uploads\/2025\/02\/02-JA-52HZ-150x150.jpg",150,150,true],"medium":["https:\/\/www.uartes.edu.ec\/sitio\/wp-content\/uploads\/2025\/02\/02-JA-52HZ-300x200.jpg",300,200,true],"medium_large":["https:\/\/www.uartes.edu.ec\/sitio\/wp-content\/uploads\/2025\/02\/02-JA-52HZ-768x512.jpg",768,512,true],"large":["https:\/\/www.uartes.edu.ec\/sitio\/wp-content\/uploads\/2025\/02\/02-JA-52HZ-644x429.jpg",644,429,true],"1536x1536":["https:\/\/www.uartes.edu.ec\/sitio\/wp-content\/uploads\/2025\/02\/02-JA-52HZ-1536x1024.jpg",1536,1024,true],"2048x2048":["https:\/\/www.uartes.edu.ec\/sitio\/wp-content\/uploads\/2025\/02\/02-JA-52HZ.jpg",2000,1333,false],"trp-custom-language-flag":["https:\/\/www.uartes.edu.ec\/sitio\/wp-content\/uploads\/2025\/02\/02-JA-52HZ-18x12.jpg",18,12,true],"htmega_size_585x295":["https:\/\/www.uartes.edu.ec\/sitio\/wp-content\/uploads\/2025\/02\/02-JA-52HZ-585x295.jpg",585,295,true],"htmega_size_1170x536":["https:\/\/www.uartes.edu.ec\/sitio\/wp-content\/uploads\/2025\/02\/02-JA-52HZ-1170x536.jpg",1170,536,true],"htmega_size_396x360":["https:\/\/www.uartes.edu.ec\/sitio\/wp-content\/uploads\/2025\/02\/02-JA-52HZ-396x360.jpg",396,360,true],"gb-block-post-grid-landscape":["https:\/\/www.uartes.edu.ec\/sitio\/wp-content\/uploads\/2025\/02\/02-JA-52HZ-600x400.jpg",600,400,true],"gb-block-post-grid-square":["https:\/\/www.uartes.edu.ec\/sitio\/wp-content\/uploads\/2025\/02\/02-JA-52HZ-600x600.jpg",600,600,true],"university-hub-thumb":["https:\/\/www.uartes.edu.ec\/sitio\/wp-content\/uploads\/2025\/02\/02-JA-52HZ-400x267.jpg",400,267,true]},"uagb_author_info":{"display_name":"ccortez","author_link":"https:\/\/www.uartes.edu.ec\/sitio\/fr\/blog\/author\/ccortez\/"},"uagb_comment_info":0,"uagb_excerpt":"\u201c52 Hz\u201d fue uno de los cortos de titulaci\u00f3n presentados en una muestra que congreg\u00f3 a la comunidad UArtes en la Sala de Cine del Centro de Producci\u00f3n e Innovaci\u00f3n MZ14. Su directora es Julianne Allen, quien en diciembre del 2024 obtuvo su t\u00edtulo como licenciada en Cine y el magna cum laude por sus\u2026","featured_image_src":"https:\/\/www.uartes.edu.ec\/sitio\/wp-content\/uploads\/2025\/02\/02-JA-52HZ-600x400.jpg","featured_image_src_square":"https:\/\/www.uartes.edu.ec\/sitio\/wp-content\/uploads\/2025\/02\/02-JA-52HZ-600x600.jpg","author_info":{"display_name":"ccortez","author_link":"https:\/\/www.uartes.edu.ec\/sitio\/fr\/blog\/author\/ccortez\/"},"publishpress_future_workflow_manual_trigger":{"enabledWorkflows":[]},"distributor_meta":false,"distributor_terms":false,"distributor_media":false,"distributor_original_site_name":"Universidad de las Artes","distributor_original_site_url":"https:\/\/www.uartes.edu.ec\/sitio\/fr","push-errors":false,"_links":{"self":[{"href":"https:\/\/www.uartes.edu.ec\/sitio\/fr\/wp-json\/wp\/v2\/posts\/67773","targetHints":{"allow":["GET"]}}],"collection":[{"href":"https:\/\/www.uartes.edu.ec\/sitio\/fr\/wp-json\/wp\/v2\/posts"}],"about":[{"href":"https:\/\/www.uartes.edu.ec\/sitio\/fr\/wp-json\/wp\/v2\/types\/post"}],"author":[{"embeddable":true,"href":"https:\/\/www.uartes.edu.ec\/sitio\/fr\/wp-json\/wp\/v2\/users\/10"}],"replies":[{"embeddable":true,"href":"https:\/\/www.uartes.edu.ec\/sitio\/fr\/wp-json\/wp\/v2\/comments?post=67773"}],"version-history":[{"count":6,"href":"https:\/\/www.uartes.edu.ec\/sitio\/fr\/wp-json\/wp\/v2\/posts\/67773\/revisions"}],"predecessor-version":[{"id":67802,"href":"https:\/\/www.uartes.edu.ec\/sitio\/fr\/wp-json\/wp\/v2\/posts\/67773\/revisions\/67802"}],"wp:featuredmedia":[{"embeddable":true,"href":"https:\/\/www.uartes.edu.ec\/sitio\/fr\/wp-json\/wp\/v2\/media\/67778"}],"wp:attachment":[{"href":"https:\/\/www.uartes.edu.ec\/sitio\/fr\/wp-json\/wp\/v2\/media?parent=67773"}],"wp:term":[{"taxonomy":"category","embeddable":true,"href":"https:\/\/www.uartes.edu.ec\/sitio\/fr\/wp-json\/wp\/v2\/categories?post=67773"},{"taxonomy":"post_tag","embeddable":true,"href":"https:\/\/www.uartes.edu.ec\/sitio\/fr\/wp-json\/wp\/v2\/tags?post=67773"},{"taxonomy":"infouartes","embeddable":true,"href":"https:\/\/www.uartes.edu.ec\/sitio\/fr\/wp-json\/wp\/v2\/infouartes?post=67773"}],"curies":[{"name":"wp","href":"https:\/\/api.w.org\/{rel}","templated":true}]}}