{"id":67852,"date":"2025-01-31T17:56:00","date_gmt":"2025-01-31T22:56:00","guid":{"rendered":"https:\/\/www.uartes.edu.ec\/sitio\/?p=67852"},"modified":"2025-02-06T13:31:40","modified_gmt":"2025-02-06T18:31:40","slug":"dialogo-en-manabi-con-autoridades-de-ies-gads-y-cce-provincial-por-trabajo-conjunto-y-v-encuentro","status":"publish","type":"post","link":"https:\/\/www.uartes.edu.ec\/sitio\/fr\/blog\/2025\/01\/31\/dialogo-en-manabi-con-autoridades-de-ies-gads-y-cce-provincial-por-trabajo-conjunto-y-v-encuentro\/","title":{"rendered":"Di\u00e1logo en Manab\u00ed con autoridades de IES, GADs y CCE provincial por trabajo conjunto y encuentro del Observatorio de la UArtes"},"content":{"rendered":"<p>Con el prop\u00f3sito de abordar acuerdos de cooperaci\u00f3n interinstitucional, as\u00ed como la organizaci\u00f3n del V Encuentro de Pol\u00edticas y Econom\u00eda de la Cultura de la Universidad de las Artes que tendr\u00e1 lugar en Manab\u00ed, en mayo pr\u00f3ximo, el rector William Herrera cumpli\u00f3 una agenda de trabajo en Manta y Portoviejo junto a Mar\u00eda Jos\u00e9 Icaza, directora de Vinculaci\u00f3n con la Sociedad, y Pablo Cardoso, director del Instituto Latinoamericano de Investigaci\u00f3n en Artes (ILIA).<\/p>\n\n\n\n<p>Los primeros di\u00e1logos fueron, el 28 de enero, con Marco Tulio Zambrano, rector de Universidad Laica Eloy Alfaro de Manta (ULEAM); la alcaldesa de Manta, Marciana Valdivieso; el director provincial de la Casa de la Cultura N\u00facleo de Manab\u00ed, Fidel Intriago; y el equipo de turismo, cultura y patronato.<\/p>\n\n\n<div class=\"wp-block-image\">\n<figure class=\"aligncenter size-large is-resized\"><img fetchpriority=\"high\" decoding=\"async\" width=\"644\" height=\"429\" src=\"https:\/\/www.uartes.edu.ec\/sitio\/wp-content\/uploads\/2025\/01\/03-UARTES-ALCALDESA-MANTA-644x429.jpg\" alt=\"\" class=\"wp-image-67929\" style=\"width:622px;height:auto\" srcset=\"https:\/\/www.uartes.edu.ec\/sitio\/wp-content\/uploads\/2025\/01\/03-UARTES-ALCALDESA-MANTA-644x429.jpg 644w, https:\/\/www.uartes.edu.ec\/sitio\/wp-content\/uploads\/2025\/01\/03-UARTES-ALCALDESA-MANTA-300x200.jpg 300w, https:\/\/www.uartes.edu.ec\/sitio\/wp-content\/uploads\/2025\/01\/03-UARTES-ALCALDESA-MANTA-768x512.jpg 768w, https:\/\/www.uartes.edu.ec\/sitio\/wp-content\/uploads\/2025\/01\/03-UARTES-ALCALDESA-MANTA-1536x1024.jpg 1536w, https:\/\/www.uartes.edu.ec\/sitio\/wp-content\/uploads\/2025\/01\/03-UARTES-ALCALDESA-MANTA-18x12.jpg 18w, https:\/\/www.uartes.edu.ec\/sitio\/wp-content\/uploads\/2025\/01\/03-UARTES-ALCALDESA-MANTA-600x400.jpg 600w, https:\/\/www.uartes.edu.ec\/sitio\/wp-content\/uploads\/2025\/01\/03-UARTES-ALCALDESA-MANTA-400x267.jpg 400w, https:\/\/www.uartes.edu.ec\/sitio\/wp-content\/uploads\/2025\/01\/03-UARTES-ALCALDESA-MANTA-272x182.jpg 272w, https:\/\/www.uartes.edu.ec\/sitio\/wp-content\/uploads\/2025\/01\/03-UARTES-ALCALDESA-MANTA.jpg 2000w\" sizes=\"(max-width: 644px) 100vw, 644px\" \/><\/figure>\n<\/div>\n\n\n<p>En las reuniones mencionadas, desarrolladas en el marco de <a>la articulaci\u00f3n de la educaci\u00f3n superior en artes, <\/a>se habl\u00f3 de las posibilidades de apoyo desde la Universidad de las Artes a la gesti\u00f3n de la cultura de los GADs. Se invit\u00f3, adem\u00e1s, al GAD Municipal de Manta a participar en el V Encuentro de Pol\u00edticas y Econom\u00eda de la Cultura que se realizar\u00e1 en Manab\u00ed.<\/p>\n\n\n\n<p>El 29 de enero, el rector y los directores de Vinculaci\u00f3n con la Sociedad y del ILIA, se reunieron con los rectores de la Universidad San Gregorio de Portoviejo (USGP), Jaime Alarc\u00f3n; y de la Universidad T\u00e9cnica de Manab\u00ed (UTM), Santiago Quiroz.<\/p>\n\n\n\n<p>Con ambas universidades, la UArtes abord\u00f3, entre otros temas, la coordinaci\u00f3n y desarrollo de actividades y proyectos conjuntos, as\u00ed como el fortalecimiento de capacidades en articulaci\u00f3n con la educaci\u00f3n superior en artes. Con la UTM, nuestra universidad suscribir\u00e1 un convenio de cooperaci\u00f3n interinstitucional y con la USGP se renov\u00f3 el que ya manten\u00edan.<\/p>\n\n\n<div class=\"wp-block-image\">\n<figure class=\"aligncenter size-large is-resized\"><img decoding=\"async\" width=\"644\" height=\"429\" src=\"https:\/\/www.uartes.edu.ec\/sitio\/wp-content\/uploads\/2025\/01\/05-USGP-UARTES-644x429.jpg\" alt=\"\" class=\"wp-image-67930\" style=\"width:623px;height:auto\" srcset=\"https:\/\/www.uartes.edu.ec\/sitio\/wp-content\/uploads\/2025\/01\/05-USGP-UARTES-644x429.jpg 644w, https:\/\/www.uartes.edu.ec\/sitio\/wp-content\/uploads\/2025\/01\/05-USGP-UARTES-300x200.jpg 300w, https:\/\/www.uartes.edu.ec\/sitio\/wp-content\/uploads\/2025\/01\/05-USGP-UARTES-768x512.jpg 768w, https:\/\/www.uartes.edu.ec\/sitio\/wp-content\/uploads\/2025\/01\/05-USGP-UARTES-1536x1024.jpg 1536w, https:\/\/www.uartes.edu.ec\/sitio\/wp-content\/uploads\/2025\/01\/05-USGP-UARTES-18x12.jpg 18w, https:\/\/www.uartes.edu.ec\/sitio\/wp-content\/uploads\/2025\/01\/05-USGP-UARTES-600x400.jpg 600w, https:\/\/www.uartes.edu.ec\/sitio\/wp-content\/uploads\/2025\/01\/05-USGP-UARTES-400x267.jpg 400w, https:\/\/www.uartes.edu.ec\/sitio\/wp-content\/uploads\/2025\/01\/05-USGP-UARTES-272x182.jpg 272w, https:\/\/www.uartes.edu.ec\/sitio\/wp-content\/uploads\/2025\/01\/05-USGP-UARTES.jpg 2000w\" sizes=\"(max-width: 644px) 100vw, 644px\" \/><\/figure>\n<\/div>\n\n<div class=\"wp-block-image\">\n<figure class=\"aligncenter size-large is-resized\"><img decoding=\"async\" width=\"644\" height=\"429\" src=\"https:\/\/www.uartes.edu.ec\/sitio\/wp-content\/uploads\/2025\/01\/07-UARTES-UNIVERSIDAD-TECNICA-DE-MANABI-644x429.jpg\" alt=\"\" class=\"wp-image-67931\" style=\"width:624px;height:auto\" srcset=\"https:\/\/www.uartes.edu.ec\/sitio\/wp-content\/uploads\/2025\/01\/07-UARTES-UNIVERSIDAD-TECNICA-DE-MANABI-644x429.jpg 644w, https:\/\/www.uartes.edu.ec\/sitio\/wp-content\/uploads\/2025\/01\/07-UARTES-UNIVERSIDAD-TECNICA-DE-MANABI-300x200.jpg 300w, https:\/\/www.uartes.edu.ec\/sitio\/wp-content\/uploads\/2025\/01\/07-UARTES-UNIVERSIDAD-TECNICA-DE-MANABI-768x512.jpg 768w, https:\/\/www.uartes.edu.ec\/sitio\/wp-content\/uploads\/2025\/01\/07-UARTES-UNIVERSIDAD-TECNICA-DE-MANABI-1536x1024.jpg 1536w, https:\/\/www.uartes.edu.ec\/sitio\/wp-content\/uploads\/2025\/01\/07-UARTES-UNIVERSIDAD-TECNICA-DE-MANABI-18x12.jpg 18w, https:\/\/www.uartes.edu.ec\/sitio\/wp-content\/uploads\/2025\/01\/07-UARTES-UNIVERSIDAD-TECNICA-DE-MANABI-600x400.jpg 600w, https:\/\/www.uartes.edu.ec\/sitio\/wp-content\/uploads\/2025\/01\/07-UARTES-UNIVERSIDAD-TECNICA-DE-MANABI-400x267.jpg 400w, https:\/\/www.uartes.edu.ec\/sitio\/wp-content\/uploads\/2025\/01\/07-UARTES-UNIVERSIDAD-TECNICA-DE-MANABI-272x182.jpg 272w, https:\/\/www.uartes.edu.ec\/sitio\/wp-content\/uploads\/2025\/01\/07-UARTES-UNIVERSIDAD-TECNICA-DE-MANABI.jpg 2000w\" sizes=\"(max-width: 644px) 100vw, 644px\" \/><\/figure>\n<\/div>\n\n\n<p>En la foto de portada, el rector William Herrera, la directora de Vinculaci\u00f3n con Sociedad, Mar\u00eda Jos\u00e9 Icaza; y Pablo Cardoso, director del ILIA, junto con las autoridades de la Universidad Laica Eloy Alfaro de Manta (ULEAM), rector Marco Tulio Zambrano; y de la Casa de la Cultura Ecuatoriana N\u00facleo de Manab\u00ed (CCENM), director Fidel Intriago. En la siguiente imagen, la reuni\u00f3n de trabajo con la alcaldesa de Manta, Marciana Valdivieso. Y sobre estas l\u00edneas im\u00e1genes de los di\u00e1logos mantenidos con los rectores de la Universidad San Gregorio de Portoviejo (USGP), Jaime Alarc\u00f3n; y de la Universidad T\u00e9cnica de Manab\u00ed (UTM), Santiago Quiroz.  <\/p>\n\n\n\n<p><\/p>","protected":false},"excerpt":{"rendered":"<p>En el marco de la articulaci\u00f3n de la educaci\u00f3n superior en artes, nuestro rector William Herrera cumpli\u00f3 agenda de trabajo en Manab\u00ed. Lo acompa\u00f1aron Mar\u00eda Jos\u00e9 Icaza, directora de Vinculaci\u00f3n con la Sociedad, y Pablo Cardoso, director del ILIA, y se mantuvieron reuniones con los rectores de la ULEAM, USGP y UTM, as\u00ed como con la alcaldesa de Manta, Marciana Valdivieso, y el director provincial de la Casa de la Cultura manabita.  <\/p>","protected":false},"author":10,"featured_media":67928,"comment_status":"open","ping_status":"open","sticky":false,"template":"","format":"standard","meta":{"_acf_changed":false,"_uag_custom_page_level_css":"","_monsterinsights_skip_tracking":false,"_monsterinsights_sitenote_active":false,"_monsterinsights_sitenote_note":"","_monsterinsights_sitenote_category":0,"cybocfi_hide_featured_image":"","footnotes":""},"categories":[80,82,77,284,79],"tags":[1315],"infouartes":[],"class_list":["post-67852","post","type-post","status-publish","format-standard","has-post-thumbnail","hentry","category-academico","category-artes","category-gestion","category-investigacion","category-vinculo","tag-agenda-de-trabajo"],"acf":[],"yoast_head":"<!-- This site is optimized with the Yoast SEO plugin v27.4 - https:\/\/yoast.com\/product\/yoast-seo-wordpress\/ -->\n<title>Universidad de las Artes - Di\u00e1logo en Manab\u00ed con autoridades de IES, GADs y CCE provincial por trabajo conjunto y encuentro del Observatorio de la UArtes<\/title>\n<meta name=\"description\" content=\"Universidad de las Artes - Di\u00e1logo en Manab\u00ed con autoridades de IES, GADs y CCE provincial por trabajo conjunto y encuentro del Observatorio de la UArtes\" \/>\n<meta name=\"robots\" content=\"index, follow, max-snippet:-1, max-image-preview:large, max-video-preview:-1\" \/>\n<link rel=\"canonical\" href=\"https:\/\/www.uartes.edu.ec\/sitio\/fr\/blog\/2025\/01\/31\/dialogo-en-manabi-con-autoridades-de-ies-gads-y-cce-provincial-por-trabajo-conjunto-y-v-encuentro\/\" \/>\n<meta property=\"og:locale\" content=\"fr_FR\" \/>\n<meta property=\"og:type\" content=\"article\" \/>\n<meta property=\"og:title\" content=\"Universidad de las Artes - Di\u00e1logo en Manab\u00ed con autoridades de IES, GADs y CCE provincial por trabajo conjunto y encuentro del Observatorio de la UArtes\" \/>\n<meta property=\"og:description\" content=\"Universidad de las Artes - Di\u00e1logo en Manab\u00ed con autoridades de IES, GADs y CCE provincial por trabajo conjunto y encuentro del Observatorio de la UArtes\" \/>\n<meta property=\"og:url\" content=\"https:\/\/www.uartes.edu.ec\/sitio\/fr\/blog\/2025\/01\/31\/dialogo-en-manabi-con-autoridades-de-ies-gads-y-cce-provincial-por-trabajo-conjunto-y-v-encuentro\/\" \/>\n<meta property=\"og:site_name\" content=\"Universidad de las Artes\" \/>\n<meta property=\"article:publisher\" content=\"https:\/\/www.facebook.com\/uartesec\" \/>\n<meta property=\"article:published_time\" content=\"2025-01-31T22:56:00+00:00\" \/>\n<meta property=\"article:modified_time\" content=\"2025-02-06T18:31:40+00:00\" \/>\n<meta property=\"og:image\" content=\"https:\/\/www.uartes.edu.ec\/sitio\/wp-content\/uploads\/2025\/01\/01-REUNION-RECTORES-ULEAM-UTM-USGP-UARTES-CCE-MANABI.jpg\" \/>\n\t<meta property=\"og:image:width\" content=\"2000\" \/>\n\t<meta property=\"og:image:height\" content=\"1333\" \/>\n\t<meta property=\"og:image:type\" content=\"image\/jpeg\" \/>\n<meta name=\"author\" content=\"ccortez\" \/>\n<meta name=\"twitter:card\" content=\"summary_large_image\" \/>\n<meta name=\"twitter:creator\" content=\"@uartesec\" \/>\n<meta name=\"twitter:site\" content=\"@uartesec\" \/>\n<meta name=\"twitter:label1\" content=\"\u00c9crit par\" \/>\n\t<meta name=\"twitter:data1\" content=\"ccortez\" \/>\n\t<meta name=\"twitter:label2\" content=\"Dur\u00e9e de lecture estim\u00e9e\" \/>\n\t<meta name=\"twitter:data2\" content=\"3 minutes\" \/>\n<script type=\"application\/ld+json\" class=\"yoast-schema-graph\">{\"@context\":\"https:\\\/\\\/schema.org\",\"@graph\":[{\"@type\":\"Article\",\"@id\":\"https:\\\/\\\/www.uartes.edu.ec\\\/sitio\\\/fr\\\/blog\\\/2025\\\/01\\\/31\\\/dialogo-en-manabi-con-autoridades-de-ies-gads-y-cce-provincial-por-trabajo-conjunto-y-v-encuentro\\\/#article\",\"isPartOf\":{\"@id\":\"https:\\\/\\\/www.uartes.edu.ec\\\/sitio\\\/fr\\\/blog\\\/2025\\\/01\\\/31\\\/dialogo-en-manabi-con-autoridades-de-ies-gads-y-cce-provincial-por-trabajo-conjunto-y-v-encuentro\\\/\"},\"author\":{\"name\":\"ccortez\",\"@id\":\"https:\\\/\\\/www.uartes.edu.ec\\\/sitio\\\/fr\\\/#\\\/schema\\\/person\\\/efa1b8275797664fd7f13a79ccc0b1f4\"},\"headline\":\"Di\u00e1logo en Manab\u00ed con autoridades de IES, GADs y CCE provincial por trabajo conjunto y encuentro del Observatorio de la UArtes\",\"datePublished\":\"2025-01-31T22:56:00+00:00\",\"dateModified\":\"2025-02-06T18:31:40+00:00\",\"mainEntityOfPage\":{\"@id\":\"https:\\\/\\\/www.uartes.edu.ec\\\/sitio\\\/fr\\\/blog\\\/2025\\\/01\\\/31\\\/dialogo-en-manabi-con-autoridades-de-ies-gads-y-cce-provincial-por-trabajo-conjunto-y-v-encuentro\\\/\"},\"wordCount\":439,\"commentCount\":0,\"publisher\":{\"@id\":\"https:\\\/\\\/www.uartes.edu.ec\\\/sitio\\\/fr\\\/#organization\"},\"image\":{\"@id\":\"https:\\\/\\\/www.uartes.edu.ec\\\/sitio\\\/fr\\\/blog\\\/2025\\\/01\\\/31\\\/dialogo-en-manabi-con-autoridades-de-ies-gads-y-cce-provincial-por-trabajo-conjunto-y-v-encuentro\\\/#primaryimage\"},\"thumbnailUrl\":\"https:\\\/\\\/www.uartes.edu.ec\\\/sitio\\\/wp-content\\\/uploads\\\/2025\\\/01\\\/01-REUNION-RECTORES-ULEAM-UTM-USGP-UARTES-CCE-MANABI.jpg\",\"keywords\":[\"agenda de trabajo\"],\"articleSection\":[\"Acad\u00e9mico\",\"Artes\",\"Gesti\u00f3n\",\"Investigaci\u00f3n\",\"V\u00ednculo\"],\"inLanguage\":\"fr-FR\",\"potentialAction\":[{\"@type\":\"CommentAction\",\"name\":\"Comment\",\"target\":[\"https:\\\/\\\/www.uartes.edu.ec\\\/sitio\\\/fr\\\/blog\\\/2025\\\/01\\\/31\\\/dialogo-en-manabi-con-autoridades-de-ies-gads-y-cce-provincial-por-trabajo-conjunto-y-v-encuentro\\\/#respond\"]}]},{\"@type\":[\"WebPage\",\"ItemPage\"],\"@id\":\"https:\\\/\\\/www.uartes.edu.ec\\\/sitio\\\/fr\\\/blog\\\/2025\\\/01\\\/31\\\/dialogo-en-manabi-con-autoridades-de-ies-gads-y-cce-provincial-por-trabajo-conjunto-y-v-encuentro\\\/\",\"url\":\"https:\\\/\\\/www.uartes.edu.ec\\\/sitio\\\/fr\\\/blog\\\/2025\\\/01\\\/31\\\/dialogo-en-manabi-con-autoridades-de-ies-gads-y-cce-provincial-por-trabajo-conjunto-y-v-encuentro\\\/\",\"name\":\"Universidad de las Artes - Di\u00e1logo en Manab\u00ed con autoridades de IES, GADs y CCE provincial por trabajo conjunto y encuentro del Observatorio de la UArtes\",\"isPartOf\":{\"@id\":\"https:\\\/\\\/www.uartes.edu.ec\\\/sitio\\\/fr\\\/#website\"},\"primaryImageOfPage\":{\"@id\":\"https:\\\/\\\/www.uartes.edu.ec\\\/sitio\\\/fr\\\/blog\\\/2025\\\/01\\\/31\\\/dialogo-en-manabi-con-autoridades-de-ies-gads-y-cce-provincial-por-trabajo-conjunto-y-v-encuentro\\\/#primaryimage\"},\"image\":{\"@id\":\"https:\\\/\\\/www.uartes.edu.ec\\\/sitio\\\/fr\\\/blog\\\/2025\\\/01\\\/31\\\/dialogo-en-manabi-con-autoridades-de-ies-gads-y-cce-provincial-por-trabajo-conjunto-y-v-encuentro\\\/#primaryimage\"},\"thumbnailUrl\":\"https:\\\/\\\/www.uartes.edu.ec\\\/sitio\\\/wp-content\\\/uploads\\\/2025\\\/01\\\/01-REUNION-RECTORES-ULEAM-UTM-USGP-UARTES-CCE-MANABI.jpg\",\"datePublished\":\"2025-01-31T22:56:00+00:00\",\"dateModified\":\"2025-02-06T18:31:40+00:00\",\"description\":\"Universidad de las Artes - Di\u00e1logo en Manab\u00ed con autoridades de IES, GADs y CCE provincial por trabajo conjunto y encuentro del Observatorio de la UArtes\",\"breadcrumb\":{\"@id\":\"https:\\\/\\\/www.uartes.edu.ec\\\/sitio\\\/fr\\\/blog\\\/2025\\\/01\\\/31\\\/dialogo-en-manabi-con-autoridades-de-ies-gads-y-cce-provincial-por-trabajo-conjunto-y-v-encuentro\\\/#breadcrumb\"},\"inLanguage\":\"fr-FR\",\"potentialAction\":[{\"@type\":\"ReadAction\",\"target\":[\"https:\\\/\\\/www.uartes.edu.ec\\\/sitio\\\/fr\\\/blog\\\/2025\\\/01\\\/31\\\/dialogo-en-manabi-con-autoridades-de-ies-gads-y-cce-provincial-por-trabajo-conjunto-y-v-encuentro\\\/\"]}]},{\"@type\":\"ImageObject\",\"inLanguage\":\"fr-FR\",\"@id\":\"https:\\\/\\\/www.uartes.edu.ec\\\/sitio\\\/fr\\\/blog\\\/2025\\\/01\\\/31\\\/dialogo-en-manabi-con-autoridades-de-ies-gads-y-cce-provincial-por-trabajo-conjunto-y-v-encuentro\\\/#primaryimage\",\"url\":\"https:\\\/\\\/www.uartes.edu.ec\\\/sitio\\\/wp-content\\\/uploads\\\/2025\\\/01\\\/01-REUNION-RECTORES-ULEAM-UTM-USGP-UARTES-CCE-MANABI.jpg\",\"contentUrl\":\"https:\\\/\\\/www.uartes.edu.ec\\\/sitio\\\/wp-content\\\/uploads\\\/2025\\\/01\\\/01-REUNION-RECTORES-ULEAM-UTM-USGP-UARTES-CCE-MANABI.jpg\",\"width\":2000,\"height\":1333},{\"@type\":\"BreadcrumbList\",\"@id\":\"https:\\\/\\\/www.uartes.edu.ec\\\/sitio\\\/fr\\\/blog\\\/2025\\\/01\\\/31\\\/dialogo-en-manabi-con-autoridades-de-ies-gads-y-cce-provincial-por-trabajo-conjunto-y-v-encuentro\\\/#breadcrumb\",\"itemListElement\":[{\"@type\":\"ListItem\",\"position\":1,\"name\":\"Inicio\",\"item\":\"https:\\\/\\\/www.uartes.edu.ec\\\/sitio\\\/\"},{\"@type\":\"ListItem\",\"position\":2,\"name\":\"Di\u00e1logo en Manab\u00ed con autoridades de IES, GADs y CCE provincial por trabajo conjunto y encuentro del Observatorio de la UArtes\"}]},{\"@type\":\"WebSite\",\"@id\":\"https:\\\/\\\/www.uartes.edu.ec\\\/sitio\\\/fr\\\/#website\",\"url\":\"https:\\\/\\\/www.uartes.edu.ec\\\/sitio\\\/fr\\\/\",\"name\":\"Universidad de las Artes\",\"description\":\"Sitio oficial de la Universidad Nacional de las Artes del Ecuador\",\"publisher\":{\"@id\":\"https:\\\/\\\/www.uartes.edu.ec\\\/sitio\\\/fr\\\/#organization\"},\"potentialAction\":[{\"@type\":\"SearchAction\",\"target\":{\"@type\":\"EntryPoint\",\"urlTemplate\":\"https:\\\/\\\/www.uartes.edu.ec\\\/sitio\\\/fr\\\/?s={search_term_string}\"},\"query-input\":{\"@type\":\"PropertyValueSpecification\",\"valueRequired\":true,\"valueName\":\"search_term_string\"}}],\"inLanguage\":\"fr-FR\"},{\"@type\":\"Organization\",\"@id\":\"https:\\\/\\\/www.uartes.edu.ec\\\/sitio\\\/fr\\\/#organization\",\"name\":\"Universidad de las Artes\",\"url\":\"https:\\\/\\\/www.uartes.edu.ec\\\/sitio\\\/fr\\\/\",\"logo\":{\"@type\":\"ImageObject\",\"inLanguage\":\"fr-FR\",\"@id\":\"https:\\\/\\\/www.uartes.edu.ec\\\/sitio\\\/fr\\\/#\\\/schema\\\/logo\\\/image\\\/\",\"url\":\"https:\\\/\\\/www.uartes.edu.ec\\\/sitio\\\/wp-content\\\/uploads\\\/2022\\\/07\\\/logo-ua-horizontal.png\",\"contentUrl\":\"https:\\\/\\\/www.uartes.edu.ec\\\/sitio\\\/wp-content\\\/uploads\\\/2022\\\/07\\\/logo-ua-horizontal.png\",\"width\":800,\"height\":276,\"caption\":\"Universidad de las Artes\"},\"image\":{\"@id\":\"https:\\\/\\\/www.uartes.edu.ec\\\/sitio\\\/fr\\\/#\\\/schema\\\/logo\\\/image\\\/\"},\"sameAs\":[\"https:\\\/\\\/www.facebook.com\\\/uartesec\",\"https:\\\/\\\/x.com\\\/uartesec\",\"https:\\\/\\\/www.tiktok.com\\\/@uartesec\"]},{\"@type\":\"Person\",\"@id\":\"https:\\\/\\\/www.uartes.edu.ec\\\/sitio\\\/fr\\\/#\\\/schema\\\/person\\\/efa1b8275797664fd7f13a79ccc0b1f4\",\"name\":\"ccortez\",\"image\":{\"@type\":\"ImageObject\",\"inLanguage\":\"fr-FR\",\"@id\":\"https:\\\/\\\/secure.gravatar.com\\\/avatar\\\/b2a6f664a3ae8e074346ef91775736c5ec479e637ecced6842de9dc98b5da9cd?s=96&d=mm&r=g\",\"url\":\"https:\\\/\\\/secure.gravatar.com\\\/avatar\\\/b2a6f664a3ae8e074346ef91775736c5ec479e637ecced6842de9dc98b5da9cd?s=96&d=mm&r=g\",\"contentUrl\":\"https:\\\/\\\/secure.gravatar.com\\\/avatar\\\/b2a6f664a3ae8e074346ef91775736c5ec479e637ecced6842de9dc98b5da9cd?s=96&d=mm&r=g\",\"caption\":\"ccortez\"},\"url\":\"https:\\\/\\\/www.uartes.edu.ec\\\/sitio\\\/fr\\\/blog\\\/author\\\/ccortez\\\/\"}]}<\/script>\n<!-- \/ Yoast SEO plugin. -->","yoast_head_json":{"title":"Universidad de las Artes - Di\u00e1logo en Manab\u00ed con autoridades de IES, GADs y CCE provincial por trabajo conjunto y encuentro del Observatorio de la UArtes","description":"Universidad de las Artes - Di\u00e1logo en Manab\u00ed con autoridades de IES, GADs y CCE provincial por trabajo conjunto y encuentro del Observatorio de la UArtes","robots":{"index":"index","follow":"follow","max-snippet":"max-snippet:-1","max-image-preview":"max-image-preview:large","max-video-preview":"max-video-preview:-1"},"canonical":"https:\/\/www.uartes.edu.ec\/sitio\/fr\/blog\/2025\/01\/31\/dialogo-en-manabi-con-autoridades-de-ies-gads-y-cce-provincial-por-trabajo-conjunto-y-v-encuentro\/","og_locale":"fr_FR","og_type":"article","og_title":"Universidad de las Artes - Di\u00e1logo en Manab\u00ed con autoridades de IES, GADs y CCE provincial por trabajo conjunto y encuentro del Observatorio de la UArtes","og_description":"Universidad de las Artes - Di\u00e1logo en Manab\u00ed con autoridades de IES, GADs y CCE provincial por trabajo conjunto y encuentro del Observatorio de la UArtes","og_url":"https:\/\/www.uartes.edu.ec\/sitio\/fr\/blog\/2025\/01\/31\/dialogo-en-manabi-con-autoridades-de-ies-gads-y-cce-provincial-por-trabajo-conjunto-y-v-encuentro\/","og_site_name":"Universidad de las Artes","article_publisher":"https:\/\/www.facebook.com\/uartesec","article_published_time":"2025-01-31T22:56:00+00:00","article_modified_time":"2025-02-06T18:31:40+00:00","og_image":[{"width":2000,"height":1333,"url":"https:\/\/www.uartes.edu.ec\/sitio\/wp-content\/uploads\/2025\/01\/01-REUNION-RECTORES-ULEAM-UTM-USGP-UARTES-CCE-MANABI.jpg","type":"image\/jpeg"}],"author":"ccortez","twitter_card":"summary_large_image","twitter_creator":"@uartesec","twitter_site":"@uartesec","twitter_misc":{"\u00c9crit par":"ccortez","Dur\u00e9e de lecture estim\u00e9e":"3 minutes"},"schema":{"@context":"https:\/\/schema.org","@graph":[{"@type":"Article","@id":"https:\/\/www.uartes.edu.ec\/sitio\/fr\/blog\/2025\/01\/31\/dialogo-en-manabi-con-autoridades-de-ies-gads-y-cce-provincial-por-trabajo-conjunto-y-v-encuentro\/#article","isPartOf":{"@id":"https:\/\/www.uartes.edu.ec\/sitio\/fr\/blog\/2025\/01\/31\/dialogo-en-manabi-con-autoridades-de-ies-gads-y-cce-provincial-por-trabajo-conjunto-y-v-encuentro\/"},"author":{"name":"ccortez","@id":"https:\/\/www.uartes.edu.ec\/sitio\/fr\/#\/schema\/person\/efa1b8275797664fd7f13a79ccc0b1f4"},"headline":"Di\u00e1logo en Manab\u00ed con autoridades de IES, GADs y CCE provincial por trabajo conjunto y encuentro del Observatorio de la UArtes","datePublished":"2025-01-31T22:56:00+00:00","dateModified":"2025-02-06T18:31:40+00:00","mainEntityOfPage":{"@id":"https:\/\/www.uartes.edu.ec\/sitio\/fr\/blog\/2025\/01\/31\/dialogo-en-manabi-con-autoridades-de-ies-gads-y-cce-provincial-por-trabajo-conjunto-y-v-encuentro\/"},"wordCount":439,"commentCount":0,"publisher":{"@id":"https:\/\/www.uartes.edu.ec\/sitio\/fr\/#organization"},"image":{"@id":"https:\/\/www.uartes.edu.ec\/sitio\/fr\/blog\/2025\/01\/31\/dialogo-en-manabi-con-autoridades-de-ies-gads-y-cce-provincial-por-trabajo-conjunto-y-v-encuentro\/#primaryimage"},"thumbnailUrl":"https:\/\/www.uartes.edu.ec\/sitio\/wp-content\/uploads\/2025\/01\/01-REUNION-RECTORES-ULEAM-UTM-USGP-UARTES-CCE-MANABI.jpg","keywords":["agenda de trabajo"],"articleSection":["Acad\u00e9mico","Artes","Gesti\u00f3n","Investigaci\u00f3n","V\u00ednculo"],"inLanguage":"fr-FR","potentialAction":[{"@type":"CommentAction","name":"Comment","target":["https:\/\/www.uartes.edu.ec\/sitio\/fr\/blog\/2025\/01\/31\/dialogo-en-manabi-con-autoridades-de-ies-gads-y-cce-provincial-por-trabajo-conjunto-y-v-encuentro\/#respond"]}]},{"@type":["WebPage","ItemPage"],"@id":"https:\/\/www.uartes.edu.ec\/sitio\/fr\/blog\/2025\/01\/31\/dialogo-en-manabi-con-autoridades-de-ies-gads-y-cce-provincial-por-trabajo-conjunto-y-v-encuentro\/","url":"https:\/\/www.uartes.edu.ec\/sitio\/fr\/blog\/2025\/01\/31\/dialogo-en-manabi-con-autoridades-de-ies-gads-y-cce-provincial-por-trabajo-conjunto-y-v-encuentro\/","name":"Universidad de las Artes - Di\u00e1logo en Manab\u00ed con autoridades de IES, GADs y CCE provincial por trabajo conjunto y encuentro del Observatorio de la UArtes","isPartOf":{"@id":"https:\/\/www.uartes.edu.ec\/sitio\/fr\/#website"},"primaryImageOfPage":{"@id":"https:\/\/www.uartes.edu.ec\/sitio\/fr\/blog\/2025\/01\/31\/dialogo-en-manabi-con-autoridades-de-ies-gads-y-cce-provincial-por-trabajo-conjunto-y-v-encuentro\/#primaryimage"},"image":{"@id":"https:\/\/www.uartes.edu.ec\/sitio\/fr\/blog\/2025\/01\/31\/dialogo-en-manabi-con-autoridades-de-ies-gads-y-cce-provincial-por-trabajo-conjunto-y-v-encuentro\/#primaryimage"},"thumbnailUrl":"https:\/\/www.uartes.edu.ec\/sitio\/wp-content\/uploads\/2025\/01\/01-REUNION-RECTORES-ULEAM-UTM-USGP-UARTES-CCE-MANABI.jpg","datePublished":"2025-01-31T22:56:00+00:00","dateModified":"2025-02-06T18:31:40+00:00","description":"Universidad de las Artes - Di\u00e1logo en Manab\u00ed con autoridades de IES, GADs y CCE provincial por trabajo conjunto y encuentro del Observatorio de la UArtes","breadcrumb":{"@id":"https:\/\/www.uartes.edu.ec\/sitio\/fr\/blog\/2025\/01\/31\/dialogo-en-manabi-con-autoridades-de-ies-gads-y-cce-provincial-por-trabajo-conjunto-y-v-encuentro\/#breadcrumb"},"inLanguage":"fr-FR","potentialAction":[{"@type":"ReadAction","target":["https:\/\/www.uartes.edu.ec\/sitio\/fr\/blog\/2025\/01\/31\/dialogo-en-manabi-con-autoridades-de-ies-gads-y-cce-provincial-por-trabajo-conjunto-y-v-encuentro\/"]}]},{"@type":"ImageObject","inLanguage":"fr-FR","@id":"https:\/\/www.uartes.edu.ec\/sitio\/fr\/blog\/2025\/01\/31\/dialogo-en-manabi-con-autoridades-de-ies-gads-y-cce-provincial-por-trabajo-conjunto-y-v-encuentro\/#primaryimage","url":"https:\/\/www.uartes.edu.ec\/sitio\/wp-content\/uploads\/2025\/01\/01-REUNION-RECTORES-ULEAM-UTM-USGP-UARTES-CCE-MANABI.jpg","contentUrl":"https:\/\/www.uartes.edu.ec\/sitio\/wp-content\/uploads\/2025\/01\/01-REUNION-RECTORES-ULEAM-UTM-USGP-UARTES-CCE-MANABI.jpg","width":2000,"height":1333},{"@type":"BreadcrumbList","@id":"https:\/\/www.uartes.edu.ec\/sitio\/fr\/blog\/2025\/01\/31\/dialogo-en-manabi-con-autoridades-de-ies-gads-y-cce-provincial-por-trabajo-conjunto-y-v-encuentro\/#breadcrumb","itemListElement":[{"@type":"ListItem","position":1,"name":"Inicio","item":"https:\/\/www.uartes.edu.ec\/sitio\/"},{"@type":"ListItem","position":2,"name":"Di\u00e1logo en Manab\u00ed con autoridades de IES, GADs y CCE provincial por trabajo conjunto y encuentro del Observatorio de la UArtes"}]},{"@type":"WebSite","@id":"https:\/\/www.uartes.edu.ec\/sitio\/fr\/#website","url":"https:\/\/www.uartes.edu.ec\/sitio\/fr\/","name":"Universidad de las Artes","description":"Sitio oficial de la Universidad Nacional de las Artes del Ecuador","publisher":{"@id":"https:\/\/www.uartes.edu.ec\/sitio\/fr\/#organization"},"potentialAction":[{"@type":"SearchAction","target":{"@type":"EntryPoint","urlTemplate":"https:\/\/www.uartes.edu.ec\/sitio\/fr\/?s={search_term_string}"},"query-input":{"@type":"PropertyValueSpecification","valueRequired":true,"valueName":"search_term_string"}}],"inLanguage":"fr-FR"},{"@type":"Organization","@id":"https:\/\/www.uartes.edu.ec\/sitio\/fr\/#organization","name":"Universidad de las Artes","url":"https:\/\/www.uartes.edu.ec\/sitio\/fr\/","logo":{"@type":"ImageObject","inLanguage":"fr-FR","@id":"https:\/\/www.uartes.edu.ec\/sitio\/fr\/#\/schema\/logo\/image\/","url":"https:\/\/www.uartes.edu.ec\/sitio\/wp-content\/uploads\/2022\/07\/logo-ua-horizontal.png","contentUrl":"https:\/\/www.uartes.edu.ec\/sitio\/wp-content\/uploads\/2022\/07\/logo-ua-horizontal.png","width":800,"height":276,"caption":"Universidad de las Artes"},"image":{"@id":"https:\/\/www.uartes.edu.ec\/sitio\/fr\/#\/schema\/logo\/image\/"},"sameAs":["https:\/\/www.facebook.com\/uartesec","https:\/\/x.com\/uartesec","https:\/\/www.tiktok.com\/@uartesec"]},{"@type":"Person","@id":"https:\/\/www.uartes.edu.ec\/sitio\/fr\/#\/schema\/person\/efa1b8275797664fd7f13a79ccc0b1f4","name":"ccortez","image":{"@type":"ImageObject","inLanguage":"fr-FR","@id":"https:\/\/secure.gravatar.com\/avatar\/b2a6f664a3ae8e074346ef91775736c5ec479e637ecced6842de9dc98b5da9cd?s=96&d=mm&r=g","url":"https:\/\/secure.gravatar.com\/avatar\/b2a6f664a3ae8e074346ef91775736c5ec479e637ecced6842de9dc98b5da9cd?s=96&d=mm&r=g","contentUrl":"https:\/\/secure.gravatar.com\/avatar\/b2a6f664a3ae8e074346ef91775736c5ec479e637ecced6842de9dc98b5da9cd?s=96&d=mm&r=g","caption":"ccortez"},"url":"https:\/\/www.uartes.edu.ec\/sitio\/fr\/blog\/author\/ccortez\/"}]}},"uagb_featured_image_src":{"full":["https:\/\/www.uartes.edu.ec\/sitio\/wp-content\/uploads\/2025\/01\/01-REUNION-RECTORES-ULEAM-UTM-USGP-UARTES-CCE-MANABI.jpg",2000,1333,false],"thumbnail":["https:\/\/www.uartes.edu.ec\/sitio\/wp-content\/uploads\/2025\/01\/01-REUNION-RECTORES-ULEAM-UTM-USGP-UARTES-CCE-MANABI-150x150.jpg",150,150,true],"medium":["https:\/\/www.uartes.edu.ec\/sitio\/wp-content\/uploads\/2025\/01\/01-REUNION-RECTORES-ULEAM-UTM-USGP-UARTES-CCE-MANABI-300x200.jpg",300,200,true],"medium_large":["https:\/\/www.uartes.edu.ec\/sitio\/wp-content\/uploads\/2025\/01\/01-REUNION-RECTORES-ULEAM-UTM-USGP-UARTES-CCE-MANABI-768x512.jpg",768,512,true],"large":["https:\/\/www.uartes.edu.ec\/sitio\/wp-content\/uploads\/2025\/01\/01-REUNION-RECTORES-ULEAM-UTM-USGP-UARTES-CCE-MANABI-644x429.jpg",644,429,true],"1536x1536":["https:\/\/www.uartes.edu.ec\/sitio\/wp-content\/uploads\/2025\/01\/01-REUNION-RECTORES-ULEAM-UTM-USGP-UARTES-CCE-MANABI-1536x1024.jpg",1536,1024,true],"2048x2048":["https:\/\/www.uartes.edu.ec\/sitio\/wp-content\/uploads\/2025\/01\/01-REUNION-RECTORES-ULEAM-UTM-USGP-UARTES-CCE-MANABI.jpg",2000,1333,false],"trp-custom-language-flag":["https:\/\/www.uartes.edu.ec\/sitio\/wp-content\/uploads\/2025\/01\/01-REUNION-RECTORES-ULEAM-UTM-USGP-UARTES-CCE-MANABI-18x12.jpg",18,12,true],"htmega_size_585x295":["https:\/\/www.uartes.edu.ec\/sitio\/wp-content\/uploads\/2025\/01\/01-REUNION-RECTORES-ULEAM-UTM-USGP-UARTES-CCE-MANABI-585x295.jpg",585,295,true],"htmega_size_1170x536":["https:\/\/www.uartes.edu.ec\/sitio\/wp-content\/uploads\/2025\/01\/01-REUNION-RECTORES-ULEAM-UTM-USGP-UARTES-CCE-MANABI-1170x536.jpg",1170,536,true],"htmega_size_396x360":["https:\/\/www.uartes.edu.ec\/sitio\/wp-content\/uploads\/2025\/01\/01-REUNION-RECTORES-ULEAM-UTM-USGP-UARTES-CCE-MANABI-396x360.jpg",396,360,true],"gb-block-post-grid-landscape":["https:\/\/www.uartes.edu.ec\/sitio\/wp-content\/uploads\/2025\/01\/01-REUNION-RECTORES-ULEAM-UTM-USGP-UARTES-CCE-MANABI-600x400.jpg",600,400,true],"gb-block-post-grid-square":["https:\/\/www.uartes.edu.ec\/sitio\/wp-content\/uploads\/2025\/01\/01-REUNION-RECTORES-ULEAM-UTM-USGP-UARTES-CCE-MANABI-600x600.jpg",600,600,true],"university-hub-thumb":["https:\/\/www.uartes.edu.ec\/sitio\/wp-content\/uploads\/2025\/01\/01-REUNION-RECTORES-ULEAM-UTM-USGP-UARTES-CCE-MANABI-400x267.jpg",400,267,true]},"uagb_author_info":{"display_name":"ccortez","author_link":"https:\/\/www.uartes.edu.ec\/sitio\/fr\/blog\/author\/ccortez\/"},"uagb_comment_info":0,"uagb_excerpt":"En el marco de la articulaci\u00f3n de la educaci\u00f3n superior en artes, nuestro rector William Herrera cumpli\u00f3 agenda de trabajo en Manab\u00ed. Lo acompa\u00f1aron Mar\u00eda Jos\u00e9 Icaza, directora de Vinculaci\u00f3n con la Sociedad, y Pablo Cardoso, director del ILIA, y se mantuvieron reuniones con los rectores de la ULEAM, USGP y UTM, as\u00ed como con\u2026","featured_image_src":"https:\/\/www.uartes.edu.ec\/sitio\/wp-content\/uploads\/2025\/01\/01-REUNION-RECTORES-ULEAM-UTM-USGP-UARTES-CCE-MANABI-600x400.jpg","featured_image_src_square":"https:\/\/www.uartes.edu.ec\/sitio\/wp-content\/uploads\/2025\/01\/01-REUNION-RECTORES-ULEAM-UTM-USGP-UARTES-CCE-MANABI-600x600.jpg","author_info":{"display_name":"ccortez","author_link":"https:\/\/www.uartes.edu.ec\/sitio\/fr\/blog\/author\/ccortez\/"},"publishpress_future_workflow_manual_trigger":{"enabledWorkflows":[]},"distributor_meta":false,"distributor_terms":false,"distributor_media":false,"distributor_original_site_name":"Universidad de las Artes","distributor_original_site_url":"https:\/\/www.uartes.edu.ec\/sitio\/fr","push-errors":false,"_links":{"self":[{"href":"https:\/\/www.uartes.edu.ec\/sitio\/fr\/wp-json\/wp\/v2\/posts\/67852","targetHints":{"allow":["GET"]}}],"collection":[{"href":"https:\/\/www.uartes.edu.ec\/sitio\/fr\/wp-json\/wp\/v2\/posts"}],"about":[{"href":"https:\/\/www.uartes.edu.ec\/sitio\/fr\/wp-json\/wp\/v2\/types\/post"}],"author":[{"embeddable":true,"href":"https:\/\/www.uartes.edu.ec\/sitio\/fr\/wp-json\/wp\/v2\/users\/10"}],"replies":[{"embeddable":true,"href":"https:\/\/www.uartes.edu.ec\/sitio\/fr\/wp-json\/wp\/v2\/comments?post=67852"}],"version-history":[{"count":4,"href":"https:\/\/www.uartes.edu.ec\/sitio\/fr\/wp-json\/wp\/v2\/posts\/67852\/revisions"}],"predecessor-version":[{"id":67936,"href":"https:\/\/www.uartes.edu.ec\/sitio\/fr\/wp-json\/wp\/v2\/posts\/67852\/revisions\/67936"}],"wp:featuredmedia":[{"embeddable":true,"href":"https:\/\/www.uartes.edu.ec\/sitio\/fr\/wp-json\/wp\/v2\/media\/67928"}],"wp:attachment":[{"href":"https:\/\/www.uartes.edu.ec\/sitio\/fr\/wp-json\/wp\/v2\/media?parent=67852"}],"wp:term":[{"taxonomy":"category","embeddable":true,"href":"https:\/\/www.uartes.edu.ec\/sitio\/fr\/wp-json\/wp\/v2\/categories?post=67852"},{"taxonomy":"post_tag","embeddable":true,"href":"https:\/\/www.uartes.edu.ec\/sitio\/fr\/wp-json\/wp\/v2\/tags?post=67852"},{"taxonomy":"infouartes","embeddable":true,"href":"https:\/\/www.uartes.edu.ec\/sitio\/fr\/wp-json\/wp\/v2\/infouartes?post=67852"}],"curies":[{"name":"wp","href":"https:\/\/api.w.org\/{rel}","templated":true}]}}