{"id":67864,"date":"2025-02-05T16:22:00","date_gmt":"2025-02-05T21:22:00","guid":{"rendered":"https:\/\/www.uartes.edu.ec\/sitio\/?p=67864"},"modified":"2025-02-06T14:29:09","modified_gmt":"2025-02-06T19:29:09","slug":"a-veces-te-de-miedo-y-otras-te-de-manzanilla-el-corto-de-briggitte-arreaga-que-nacio-de-un-poema","status":"publish","type":"post","link":"https:\/\/www.uartes.edu.ec\/sitio\/fr\/blog\/2025\/02\/05\/a-veces-te-de-miedo-y-otras-te-de-manzanilla-el-corto-de-briggitte-arreaga-que-nacio-de-un-poema\/","title":{"rendered":"\u201cA veces t\u00e9 de miedo, y otras, t\u00e9 de manzanilla\u201d, el cortometraje de la alumnus Briggitte Arreaga que naci\u00f3 de un poema"},"content":{"rendered":"<p>El t\u00edtulo de su cortometraje de titulaci\u00f3n \u2013\u201cA veces t\u00e9 de miedo, y otras, t\u00e9 de manzanilla\u201d\u2013 naci\u00f3 de un poema en prosa que escribi\u00f3 en 2022 en respuesta a una situaci\u00f3n para comprender el duelo. Sus t\u00edos Jos\u00e9 y Danilo hab\u00edan fallecido y Briggitte Arreaga Mart\u00ednez, graduada de la Escuela de Cine UArtes, experimentaba un vac\u00edo emocional y f\u00edsico, no solo por las ausencias, sino por la relaci\u00f3n con el espacio que la llevaba a recordarlos. Ese territorio, anota, era la casa de su abuela, donde tambi\u00e9n habit\u00f3 durante dieciocho a\u00f1os de su vida hasta que un d\u00eda decidi\u00f3 irse, as\u00ed como lo hab\u00edan hecho ellos, aunque de una forma diferente.<\/p>\n\n\n\n<p>Cada d\u00eda en que visitaba a su abuela, Briggitte revela que manten\u00eda tambi\u00e9n un encuentro con ese espacio cargado de ausencias f\u00edsicas, pero que, a su vez, le recordaba que su abuela segu\u00eda y sigue all\u00ed, tanto f\u00edsica como simb\u00f3licamente. \u201cYo la vinculo con el t\u00e9 de manzanilla porque era lo que generalmente me daba cuando me dol\u00eda la panza. Ese \u2018gloriado de manzanilla\u2019 lo relaciono con el cuidado y la longevidad, su longevidad\u201d, expresa.<\/p>\n\n\n\n<p>Para entender el contenido de su audiovisual de titulaci\u00f3n, la alumnus UArtes comparte el poema g\u00e9nesis de su producci\u00f3n: \u201cAl cerrar mis aletargados ojos todav\u00eda hay un mapa exacto del viejo rinc\u00f3n en el que exist\u00ed. A\u00fan a oscuras mis sentidos tantean paredes, escuchan el crujir de las tablas y perciben el color \u00e1mbar que enternec\u00eda todas las tardes a la peque\u00f1a ventana que daba a la calle de atr\u00e1s. La mudanza ya lleva un par de a\u00f1os y un par de p\u00e9rdidas. Por eso endulzo el camino de mi memoria con tres cucharadas de certidumbre. Y a diario me pregunto sobre la impermanencia de los sabores en mi boca y del cabalgamiento agresivo de los d\u00edas. Si bien es cierto que, rendida, recuesto mi cuerpo sobre una fuerte llama, tambi\u00e9n me deleito por el ahora apacible sonido del tragar saliva, admitiendo que, a veces soy t\u00e9 de miedo, y otras, t\u00e9 de manzanilla\u201d.<\/p>\n\n\n<div class=\"wp-block-image\">\n<figure class=\"aligncenter size-large\"><img fetchpriority=\"high\" decoding=\"async\" width=\"644\" height=\"429\" src=\"https:\/\/www.uartes.edu.ec\/sitio\/wp-content\/uploads\/2025\/02\/03-BA-ESCUELA-DE-CINE-CORTOMETRAJE-644x429.jpg\" alt=\"\" class=\"wp-image-67866\" srcset=\"https:\/\/www.uartes.edu.ec\/sitio\/wp-content\/uploads\/2025\/02\/03-BA-ESCUELA-DE-CINE-CORTOMETRAJE-644x429.jpg 644w, https:\/\/www.uartes.edu.ec\/sitio\/wp-content\/uploads\/2025\/02\/03-BA-ESCUELA-DE-CINE-CORTOMETRAJE-300x200.jpg 300w, https:\/\/www.uartes.edu.ec\/sitio\/wp-content\/uploads\/2025\/02\/03-BA-ESCUELA-DE-CINE-CORTOMETRAJE-768x512.jpg 768w, https:\/\/www.uartes.edu.ec\/sitio\/wp-content\/uploads\/2025\/02\/03-BA-ESCUELA-DE-CINE-CORTOMETRAJE-1536x1024.jpg 1536w, https:\/\/www.uartes.edu.ec\/sitio\/wp-content\/uploads\/2025\/02\/03-BA-ESCUELA-DE-CINE-CORTOMETRAJE-18x12.jpg 18w, https:\/\/www.uartes.edu.ec\/sitio\/wp-content\/uploads\/2025\/02\/03-BA-ESCUELA-DE-CINE-CORTOMETRAJE-600x400.jpg 600w, https:\/\/www.uartes.edu.ec\/sitio\/wp-content\/uploads\/2025\/02\/03-BA-ESCUELA-DE-CINE-CORTOMETRAJE-400x267.jpg 400w, https:\/\/www.uartes.edu.ec\/sitio\/wp-content\/uploads\/2025\/02\/03-BA-ESCUELA-DE-CINE-CORTOMETRAJE-272x182.jpg 272w, https:\/\/www.uartes.edu.ec\/sitio\/wp-content\/uploads\/2025\/02\/03-BA-ESCUELA-DE-CINE-CORTOMETRAJE.jpg 2000w\" sizes=\"(max-width: 644px) 100vw, 644px\" \/><\/figure>\n<\/div>\n\n\n<p>Del cortometraje, la autora tambi\u00e9n comparte la sinopsis: \u201cEntre el trinar de las aves y la brisa de las hojas, Alba est\u00e1 por celebrar su fiesta de quince a\u00f1os, mientras comprende su propio proceso de duelo. En el transcurso de su preparaci\u00f3n para la ceremonia ir\u00e1 descubriendo el hartazgo que siente, mediante la presi\u00f3n de su madre, para que todo luzca aparentemente perfecto en la fiesta. Pero un peque\u00f1o secreto saldr\u00e1 a flote, colocando a la quincea\u00f1era frente a frente con el cad\u00e1ver de su abuela\u201d.<\/p>\n\n\n\n<p>\u201cAl inicio todo parti\u00f3 del poema que termina con el nombre que, posteriormente, le ser\u00eda dado al cortometraje. Fue un proceso creativo de comprender qu\u00e9 era exactamente lo que quer\u00eda contar a partir de estos s\u00edmbolos que ya ten\u00eda inicialmente: longevidad, duelo y cuidado. Fue de este modo que comenc\u00e9 a repensarme a m\u00ed y mi territorio, la periferia\u201d, comenta Briggitte.<\/p>\n\n\n\n<p>Agrega que su familia est\u00e1 compuesta en su mayor\u00eda por mujeres que habitan en un territorio rural, lejos de ciertas din\u00e1micas y ordenanzas que se manifiestan en las grandes ciudades. \u201cAh\u00ed naci\u00f3 el primer hilo conductor, pues quer\u00eda entender la significancia de lo que es ser mujer rural. M\u00e1s adelante lo vincular\u00eda con mi trabajo informal, el de grabar y fotografiar quincea\u00f1eras. De ah\u00ed naci\u00f3 Brisa, la amiga que documentar\u00eda a Alba y quien a trav\u00e9s de ella ir\u00eda tejiendo el entendimiento de lo que significa ser mujer en la ruralidad mediante un simbolismo bastante evidente, como lo es el ritual de los quince a\u00f1os\u201d.<\/p>\n\n\n<div class=\"wp-block-image\">\n<figure class=\"aligncenter size-large\"><img decoding=\"async\" width=\"644\" height=\"429\" src=\"https:\/\/www.uartes.edu.ec\/sitio\/wp-content\/uploads\/2025\/02\/02-BA-ESCUELA-DE-CINE-CORTOMETRAJE-644x429.jpg\" alt=\"\" class=\"wp-image-67867\" srcset=\"https:\/\/www.uartes.edu.ec\/sitio\/wp-content\/uploads\/2025\/02\/02-BA-ESCUELA-DE-CINE-CORTOMETRAJE-644x429.jpg 644w, https:\/\/www.uartes.edu.ec\/sitio\/wp-content\/uploads\/2025\/02\/02-BA-ESCUELA-DE-CINE-CORTOMETRAJE-300x200.jpg 300w, https:\/\/www.uartes.edu.ec\/sitio\/wp-content\/uploads\/2025\/02\/02-BA-ESCUELA-DE-CINE-CORTOMETRAJE-768x512.jpg 768w, https:\/\/www.uartes.edu.ec\/sitio\/wp-content\/uploads\/2025\/02\/02-BA-ESCUELA-DE-CINE-CORTOMETRAJE-1536x1024.jpg 1536w, https:\/\/www.uartes.edu.ec\/sitio\/wp-content\/uploads\/2025\/02\/02-BA-ESCUELA-DE-CINE-CORTOMETRAJE-18x12.jpg 18w, https:\/\/www.uartes.edu.ec\/sitio\/wp-content\/uploads\/2025\/02\/02-BA-ESCUELA-DE-CINE-CORTOMETRAJE-600x400.jpg 600w, https:\/\/www.uartes.edu.ec\/sitio\/wp-content\/uploads\/2025\/02\/02-BA-ESCUELA-DE-CINE-CORTOMETRAJE-400x267.jpg 400w, https:\/\/www.uartes.edu.ec\/sitio\/wp-content\/uploads\/2025\/02\/02-BA-ESCUELA-DE-CINE-CORTOMETRAJE-272x182.jpg 272w, https:\/\/www.uartes.edu.ec\/sitio\/wp-content\/uploads\/2025\/02\/02-BA-ESCUELA-DE-CINE-CORTOMETRAJE.jpg 2000w\" sizes=\"(max-width: 644px) 100vw, 644px\" \/><\/figure>\n<\/div>\n\n\n<p>Para abordar y ahondar un poco m\u00e1s la conceptualizaci\u00f3n inicial de su cortometraje, Briggitte deb\u00eda crear un personaje que estuviera f\u00edsicamente representando el ritual y es as\u00ed como naci\u00f3 M\u00f3nica, la mam\u00e1 de Alba. \u201cElla surge un poco de este proceso investigativo y de observaci\u00f3n personal sobre las quincea\u00f1eras\u201d.<\/p>\n\n\n\n<p>Se fueron sumando luego temas que le interesaba abordar: la feminidad y el contexto social. \u201cEl cortometraje navega por la significaci\u00f3n de crecer siendo mujer en un ambiente hostil y no necesariamente por una violencia expl\u00edcita, sino por esas \u2018inofensivas\u2019 din\u00e1micas que se sit\u00faan frente a nosotras(os) con crudeza, pero que pasamos por desapercibido por el proceso de normalizaci\u00f3n que estas han llevado\u201d.<\/p>\n\n\n\n<p>Briggitte sostiene que la ceremonia de la quincea\u00f1era le resulta interesante por la connotaci\u00f3n que presenta: simb\u00f3licamente, el \u201ccambio\u201d de ni\u00f1a a mujer ante la sociedad. Considera que en la actualidad ha tomado otro rumbo, pues hay una carga de exhibicionismo monetario en torno a qu\u00e9 tan grande y ostentoso es el evento para los invitados y as\u00ed generar buenas impresiones o comentarios. \u201cY entre l\u00edneas, paralelamente, se aborda la violencia sistem\u00e1tica hacia el estatus social bajo, tomando como referencia este concepto de \u2018libertad parad\u00f3jica\u2019 propuesto por Byung-Chul Han\u201d.<\/p>\n\n\n\n<p>La elecci\u00f3n de la locaci\u00f3n para el rodaje de \u201cA veces t\u00e9 de miedo, y otras, t\u00e9 de manzanilla\u201d fue un proceso casi po\u00e9tico, comenta Briggitte y explica que mientras buscaba el espacio repar\u00f3 en todo el tiempo que estuvo en el lugar donde se grabar\u00eda y termin\u00f3 grabando: \u201cla casa de mi abuelita, con ella interpretando el personaje de la abuela de Alba, el cad\u00e1ver\u201d.<\/p>\n\n\n<div class=\"wp-block-image\">\n<figure class=\"aligncenter size-large\"><img decoding=\"async\" width=\"644\" height=\"429\" src=\"https:\/\/www.uartes.edu.ec\/sitio\/wp-content\/uploads\/2025\/02\/04-BA-ESCUELA-DE-CINE-CORTOMETRAJE-644x429.jpg\" alt=\"\" class=\"wp-image-67868\" srcset=\"https:\/\/www.uartes.edu.ec\/sitio\/wp-content\/uploads\/2025\/02\/04-BA-ESCUELA-DE-CINE-CORTOMETRAJE-644x429.jpg 644w, https:\/\/www.uartes.edu.ec\/sitio\/wp-content\/uploads\/2025\/02\/04-BA-ESCUELA-DE-CINE-CORTOMETRAJE-300x200.jpg 300w, https:\/\/www.uartes.edu.ec\/sitio\/wp-content\/uploads\/2025\/02\/04-BA-ESCUELA-DE-CINE-CORTOMETRAJE-768x512.jpg 768w, https:\/\/www.uartes.edu.ec\/sitio\/wp-content\/uploads\/2025\/02\/04-BA-ESCUELA-DE-CINE-CORTOMETRAJE-1536x1024.jpg 1536w, https:\/\/www.uartes.edu.ec\/sitio\/wp-content\/uploads\/2025\/02\/04-BA-ESCUELA-DE-CINE-CORTOMETRAJE-18x12.jpg 18w, https:\/\/www.uartes.edu.ec\/sitio\/wp-content\/uploads\/2025\/02\/04-BA-ESCUELA-DE-CINE-CORTOMETRAJE-600x400.jpg 600w, https:\/\/www.uartes.edu.ec\/sitio\/wp-content\/uploads\/2025\/02\/04-BA-ESCUELA-DE-CINE-CORTOMETRAJE-400x267.jpg 400w, https:\/\/www.uartes.edu.ec\/sitio\/wp-content\/uploads\/2025\/02\/04-BA-ESCUELA-DE-CINE-CORTOMETRAJE-272x182.jpg 272w, https:\/\/www.uartes.edu.ec\/sitio\/wp-content\/uploads\/2025\/02\/04-BA-ESCUELA-DE-CINE-CORTOMETRAJE.jpg 2000w\" sizes=\"(max-width: 644px) 100vw, 644px\" \/><\/figure>\n<\/div>\n\n\n<p>Su cortometraje de titulaci\u00f3n fue siempre concebido como una obra cinematogr\u00e1fica corta. Su proceso de creaci\u00f3n le tom\u00f3 alrededor de ocho meses, desde que concibi\u00f3 la idea hasta la posproducci\u00f3n. \u201cActualmente seguimos en festivales, esperando ser seleccionados. Ya tuvimos varias selecciones y una fue internacional, pues el cortometraje viaj\u00f3 hasta Polonia. Dentro del pa\u00eds gan\u00f3 a Mejor Actriz en el festival El Farol de Cuenca y Mejor Cortometraje Estudiantil en un festival online de Imbabura\u201d.<\/p>\n\n\n\n<p>Para su producci\u00f3n, Briggitte cont\u00f3 con la colaboraci\u00f3n de Milena, su novia, quien estuvo desde el primer esbozo de la idea hasta en la b\u00fasqueda de la crew. \u201cMi mam\u00e1, Zoila Mart\u00ednez, tambi\u00e9n form\u00f3 parte de todo el proceso y termin\u00f3 convirti\u00e9ndose en productora junto a Milena y, a su vez, en productora ejecutiva porque aport\u00f3 con gran parte del presupuesto para realizar el cortometraje\u201d.<\/p>\n\n\n\n<p>El equipo, a\u00f1ade, lo integraron personas muy cercanas a ellas y algunas muy interesadas en ser parte desde antes de empezar a conformarlo, \u201cGracias infinitas a quienes estuvieron desde el d\u00eda uno predispuestas y dispuestas a poner su creatividad, tiempo y coraz\u00f3n en esta idea. Les recuerdo con mucho aprecio porque sin ellas y ellos el corto no hubiera terminado siendo lo que se convirti\u00f3. Me parece incre\u00edble c\u00f3mo funciona el cine, un mont\u00f3n de cabezas coincidiendo en una misma idea y materializ\u00e1ndola\u201d.<\/p>\n\n\n\n<p>Briggitte agradece al equipo y menciona a quienes lo conformaron: \u201cDome Jim\u00e9nez mi AD, a su segunda asistente de direcci\u00f3n Valentina L\u00f3pez, quien tambi\u00e9n har\u00eda conmigo el montaje; a las asistentes de producci\u00f3n, Karla Guevara y Keren Torres; a la directora de arte, Karla S\u00e1nchez y todo su departamento\u201d. Indica que la utiler\u00eda y escenograf\u00eda estuvo a cargo de Ariatna Giraldo; vestuario, Lady Naranjo; maquillaje, Emily Rivera; DF, Sebasti\u00e1n C\u00e9lleri y todo su equipo: primero de c\u00e1mara, Daniel Gonz\u00e1lez, y segundo de c\u00e1mara, Marcelo L\u00f3pez; gaffer, Mario Pichel; grip, Nahomi Andrade y Julio Intriago; data y continuista, Dayanara Saltos; sonido y mezcla, Gabriel Valverde y su equipo; microfonista, Santiago Flores; dise\u00f1o sonoro, Fernando C. Yanchapaxi. \u201cGracias a todos y quiero mencionar otra vez a Marcelo L\u00f3pez porque sin \u00e9l y su percepci\u00f3n sensible no hubiera existido \u2018Manzanillas\u2019 tema original del corto\u201d.<\/p>\n\n\n\n<p>Fotos: cortes\u00eda Briggitte Arreaga Mart\u00ednez, licenciada en Cine UArtes.<\/p>\n\n\n\n<p><\/p>","protected":false},"excerpt":{"rendered":"<p>En 2022, Briggitte Arreaga escribi\u00f3 un poema en prosa al que titul\u00f3 \u201cA veces t\u00e9 de miedo, y otras, t\u00e9 de manzanilla\u201d, el cual result\u00f3 una fuente de inspiraci\u00f3n para el cortometraje que present\u00f3 para su titulaci\u00f3n como licenciada en Cine. La alumnus de la Universidad de las Artes comparte los procesos de su producci\u00f3n audiovisual con la cual ha participado ya en varios festivales a nivel nacional e internacional. <\/p>","protected":false},"author":10,"featured_media":67865,"comment_status":"open","ping_status":"open","sticky":false,"template":"","format":"standard","meta":{"_acf_changed":false,"_uag_custom_page_level_css":"","_monsterinsights_skip_tracking":false,"_monsterinsights_sitenote_active":false,"_monsterinsights_sitenote_note":"","_monsterinsights_sitenote_category":0,"cybocfi_hide_featured_image":"","footnotes":""},"categories":[490,147,284],"tags":[518],"infouartes":[],"class_list":["post-67864","post","type-post","status-publish","format-standard","has-post-thumbnail","hentry","category-alumni","category-cine","category-investigacion","tag-produccion"],"acf":[],"yoast_head":"<!-- This site is optimized with the Yoast SEO plugin v27.4 - https:\/\/yoast.com\/product\/yoast-seo-wordpress\/ -->\n<title>Universidad de las Artes - \u201cA veces t\u00e9 de miedo, y otras, t\u00e9 de manzanilla\u201d, el cortometraje de la alumnus Briggitte Arreaga que naci\u00f3 de un poema<\/title>\n<meta name=\"description\" content=\"Universidad de las Artes - \u201cA veces t\u00e9 de miedo, y otras, t\u00e9 de manzanilla\u201d, el cortometraje de la alumnus Briggitte Arreaga que naci\u00f3 de un poema\" \/>\n<meta name=\"robots\" content=\"index, follow, max-snippet:-1, max-image-preview:large, max-video-preview:-1\" \/>\n<link rel=\"canonical\" href=\"https:\/\/www.uartes.edu.ec\/sitio\/fr\/blog\/2025\/02\/05\/a-veces-te-de-miedo-y-otras-te-de-manzanilla-el-corto-de-briggitte-arreaga-que-nacio-de-un-poema\/\" \/>\n<meta property=\"og:locale\" content=\"fr_FR\" \/>\n<meta property=\"og:type\" content=\"article\" \/>\n<meta property=\"og:title\" content=\"Universidad de las Artes - \u201cA veces t\u00e9 de miedo, y otras, t\u00e9 de manzanilla\u201d, el cortometraje de la alumnus Briggitte Arreaga que naci\u00f3 de un poema\" \/>\n<meta property=\"og:description\" content=\"Universidad de las Artes - \u201cA veces t\u00e9 de miedo, y otras, t\u00e9 de manzanilla\u201d, el cortometraje de la alumnus Briggitte Arreaga que naci\u00f3 de un poema\" \/>\n<meta property=\"og:url\" content=\"https:\/\/www.uartes.edu.ec\/sitio\/fr\/blog\/2025\/02\/05\/a-veces-te-de-miedo-y-otras-te-de-manzanilla-el-corto-de-briggitte-arreaga-que-nacio-de-un-poema\/\" \/>\n<meta property=\"og:site_name\" content=\"Universidad de las Artes\" \/>\n<meta property=\"article:publisher\" content=\"https:\/\/www.facebook.com\/uartesec\" \/>\n<meta property=\"article:published_time\" content=\"2025-02-05T21:22:00+00:00\" \/>\n<meta property=\"article:modified_time\" content=\"2025-02-06T19:29:09+00:00\" \/>\n<meta property=\"og:image\" content=\"https:\/\/www.uartes.edu.ec\/sitio\/wp-content\/uploads\/2025\/02\/01-BA-ESCUELA-DE-CINE-CORTOMETRAJE.jpg\" \/>\n\t<meta property=\"og:image:width\" content=\"2000\" \/>\n\t<meta property=\"og:image:height\" content=\"1333\" \/>\n\t<meta property=\"og:image:type\" content=\"image\/jpeg\" \/>\n<meta name=\"author\" content=\"ccortez\" \/>\n<meta name=\"twitter:card\" content=\"summary_large_image\" \/>\n<meta name=\"twitter:creator\" content=\"@uartesec\" \/>\n<meta name=\"twitter:site\" content=\"@uartesec\" \/>\n<meta name=\"twitter:label1\" content=\"\u00c9crit par\" \/>\n\t<meta name=\"twitter:data1\" content=\"ccortez\" \/>\n\t<meta name=\"twitter:label2\" content=\"Dur\u00e9e de lecture estim\u00e9e\" \/>\n\t<meta name=\"twitter:data2\" content=\"7 minutes\" \/>\n<script type=\"application\/ld+json\" class=\"yoast-schema-graph\">{\"@context\":\"https:\\\/\\\/schema.org\",\"@graph\":[{\"@type\":\"Article\",\"@id\":\"https:\\\/\\\/www.uartes.edu.ec\\\/sitio\\\/fr\\\/blog\\\/2025\\\/02\\\/05\\\/a-veces-te-de-miedo-y-otras-te-de-manzanilla-el-corto-de-briggitte-arreaga-que-nacio-de-un-poema\\\/#article\",\"isPartOf\":{\"@id\":\"https:\\\/\\\/www.uartes.edu.ec\\\/sitio\\\/fr\\\/blog\\\/2025\\\/02\\\/05\\\/a-veces-te-de-miedo-y-otras-te-de-manzanilla-el-corto-de-briggitte-arreaga-que-nacio-de-un-poema\\\/\"},\"author\":{\"name\":\"ccortez\",\"@id\":\"https:\\\/\\\/www.uartes.edu.ec\\\/sitio\\\/fr\\\/#\\\/schema\\\/person\\\/efa1b8275797664fd7f13a79ccc0b1f4\"},\"headline\":\"\u201cA veces t\u00e9 de miedo, y otras, t\u00e9 de manzanilla\u201d, el cortometraje de la alumnus Briggitte Arreaga que naci\u00f3 de un poema\",\"datePublished\":\"2025-02-05T21:22:00+00:00\",\"dateModified\":\"2025-02-06T19:29:09+00:00\",\"mainEntityOfPage\":{\"@id\":\"https:\\\/\\\/www.uartes.edu.ec\\\/sitio\\\/fr\\\/blog\\\/2025\\\/02\\\/05\\\/a-veces-te-de-miedo-y-otras-te-de-manzanilla-el-corto-de-briggitte-arreaga-que-nacio-de-un-poema\\\/\"},\"wordCount\":1372,\"commentCount\":0,\"publisher\":{\"@id\":\"https:\\\/\\\/www.uartes.edu.ec\\\/sitio\\\/fr\\\/#organization\"},\"image\":{\"@id\":\"https:\\\/\\\/www.uartes.edu.ec\\\/sitio\\\/fr\\\/blog\\\/2025\\\/02\\\/05\\\/a-veces-te-de-miedo-y-otras-te-de-manzanilla-el-corto-de-briggitte-arreaga-que-nacio-de-un-poema\\\/#primaryimage\"},\"thumbnailUrl\":\"https:\\\/\\\/www.uartes.edu.ec\\\/sitio\\\/wp-content\\\/uploads\\\/2025\\\/02\\\/01-BA-ESCUELA-DE-CINE-CORTOMETRAJE.jpg\",\"keywords\":[\"producci\u00f3n\"],\"articleSection\":[\"Alumni\",\"Cine\",\"Investigaci\u00f3n\"],\"inLanguage\":\"fr-FR\",\"potentialAction\":[{\"@type\":\"CommentAction\",\"name\":\"Comment\",\"target\":[\"https:\\\/\\\/www.uartes.edu.ec\\\/sitio\\\/fr\\\/blog\\\/2025\\\/02\\\/05\\\/a-veces-te-de-miedo-y-otras-te-de-manzanilla-el-corto-de-briggitte-arreaga-que-nacio-de-un-poema\\\/#respond\"]}]},{\"@type\":[\"WebPage\",\"ItemPage\"],\"@id\":\"https:\\\/\\\/www.uartes.edu.ec\\\/sitio\\\/fr\\\/blog\\\/2025\\\/02\\\/05\\\/a-veces-te-de-miedo-y-otras-te-de-manzanilla-el-corto-de-briggitte-arreaga-que-nacio-de-un-poema\\\/\",\"url\":\"https:\\\/\\\/www.uartes.edu.ec\\\/sitio\\\/fr\\\/blog\\\/2025\\\/02\\\/05\\\/a-veces-te-de-miedo-y-otras-te-de-manzanilla-el-corto-de-briggitte-arreaga-que-nacio-de-un-poema\\\/\",\"name\":\"Universidad de las Artes - \u201cA veces t\u00e9 de miedo, y otras, t\u00e9 de manzanilla\u201d, el cortometraje de la alumnus Briggitte Arreaga que naci\u00f3 de un poema\",\"isPartOf\":{\"@id\":\"https:\\\/\\\/www.uartes.edu.ec\\\/sitio\\\/fr\\\/#website\"},\"primaryImageOfPage\":{\"@id\":\"https:\\\/\\\/www.uartes.edu.ec\\\/sitio\\\/fr\\\/blog\\\/2025\\\/02\\\/05\\\/a-veces-te-de-miedo-y-otras-te-de-manzanilla-el-corto-de-briggitte-arreaga-que-nacio-de-un-poema\\\/#primaryimage\"},\"image\":{\"@id\":\"https:\\\/\\\/www.uartes.edu.ec\\\/sitio\\\/fr\\\/blog\\\/2025\\\/02\\\/05\\\/a-veces-te-de-miedo-y-otras-te-de-manzanilla-el-corto-de-briggitte-arreaga-que-nacio-de-un-poema\\\/#primaryimage\"},\"thumbnailUrl\":\"https:\\\/\\\/www.uartes.edu.ec\\\/sitio\\\/wp-content\\\/uploads\\\/2025\\\/02\\\/01-BA-ESCUELA-DE-CINE-CORTOMETRAJE.jpg\",\"datePublished\":\"2025-02-05T21:22:00+00:00\",\"dateModified\":\"2025-02-06T19:29:09+00:00\",\"description\":\"Universidad de las Artes - \u201cA veces t\u00e9 de miedo, y otras, t\u00e9 de manzanilla\u201d, el cortometraje de la alumnus Briggitte Arreaga que naci\u00f3 de un poema\",\"breadcrumb\":{\"@id\":\"https:\\\/\\\/www.uartes.edu.ec\\\/sitio\\\/fr\\\/blog\\\/2025\\\/02\\\/05\\\/a-veces-te-de-miedo-y-otras-te-de-manzanilla-el-corto-de-briggitte-arreaga-que-nacio-de-un-poema\\\/#breadcrumb\"},\"inLanguage\":\"fr-FR\",\"potentialAction\":[{\"@type\":\"ReadAction\",\"target\":[\"https:\\\/\\\/www.uartes.edu.ec\\\/sitio\\\/fr\\\/blog\\\/2025\\\/02\\\/05\\\/a-veces-te-de-miedo-y-otras-te-de-manzanilla-el-corto-de-briggitte-arreaga-que-nacio-de-un-poema\\\/\"]}]},{\"@type\":\"ImageObject\",\"inLanguage\":\"fr-FR\",\"@id\":\"https:\\\/\\\/www.uartes.edu.ec\\\/sitio\\\/fr\\\/blog\\\/2025\\\/02\\\/05\\\/a-veces-te-de-miedo-y-otras-te-de-manzanilla-el-corto-de-briggitte-arreaga-que-nacio-de-un-poema\\\/#primaryimage\",\"url\":\"https:\\\/\\\/www.uartes.edu.ec\\\/sitio\\\/wp-content\\\/uploads\\\/2025\\\/02\\\/01-BA-ESCUELA-DE-CINE-CORTOMETRAJE.jpg\",\"contentUrl\":\"https:\\\/\\\/www.uartes.edu.ec\\\/sitio\\\/wp-content\\\/uploads\\\/2025\\\/02\\\/01-BA-ESCUELA-DE-CINE-CORTOMETRAJE.jpg\",\"width\":2000,\"height\":1333},{\"@type\":\"BreadcrumbList\",\"@id\":\"https:\\\/\\\/www.uartes.edu.ec\\\/sitio\\\/fr\\\/blog\\\/2025\\\/02\\\/05\\\/a-veces-te-de-miedo-y-otras-te-de-manzanilla-el-corto-de-briggitte-arreaga-que-nacio-de-un-poema\\\/#breadcrumb\",\"itemListElement\":[{\"@type\":\"ListItem\",\"position\":1,\"name\":\"Inicio\",\"item\":\"https:\\\/\\\/www.uartes.edu.ec\\\/sitio\\\/\"},{\"@type\":\"ListItem\",\"position\":2,\"name\":\"\u201cA veces t\u00e9 de miedo, y otras, t\u00e9 de manzanilla\u201d, el cortometraje de la alumnus Briggitte Arreaga que naci\u00f3 de un poema\"}]},{\"@type\":\"WebSite\",\"@id\":\"https:\\\/\\\/www.uartes.edu.ec\\\/sitio\\\/fr\\\/#website\",\"url\":\"https:\\\/\\\/www.uartes.edu.ec\\\/sitio\\\/fr\\\/\",\"name\":\"Universidad de las Artes\",\"description\":\"Sitio oficial de la Universidad Nacional de las Artes del Ecuador\",\"publisher\":{\"@id\":\"https:\\\/\\\/www.uartes.edu.ec\\\/sitio\\\/fr\\\/#organization\"},\"potentialAction\":[{\"@type\":\"SearchAction\",\"target\":{\"@type\":\"EntryPoint\",\"urlTemplate\":\"https:\\\/\\\/www.uartes.edu.ec\\\/sitio\\\/fr\\\/?s={search_term_string}\"},\"query-input\":{\"@type\":\"PropertyValueSpecification\",\"valueRequired\":true,\"valueName\":\"search_term_string\"}}],\"inLanguage\":\"fr-FR\"},{\"@type\":\"Organization\",\"@id\":\"https:\\\/\\\/www.uartes.edu.ec\\\/sitio\\\/fr\\\/#organization\",\"name\":\"Universidad de las Artes\",\"url\":\"https:\\\/\\\/www.uartes.edu.ec\\\/sitio\\\/fr\\\/\",\"logo\":{\"@type\":\"ImageObject\",\"inLanguage\":\"fr-FR\",\"@id\":\"https:\\\/\\\/www.uartes.edu.ec\\\/sitio\\\/fr\\\/#\\\/schema\\\/logo\\\/image\\\/\",\"url\":\"https:\\\/\\\/www.uartes.edu.ec\\\/sitio\\\/wp-content\\\/uploads\\\/2022\\\/07\\\/logo-ua-horizontal.png\",\"contentUrl\":\"https:\\\/\\\/www.uartes.edu.ec\\\/sitio\\\/wp-content\\\/uploads\\\/2022\\\/07\\\/logo-ua-horizontal.png\",\"width\":800,\"height\":276,\"caption\":\"Universidad de las Artes\"},\"image\":{\"@id\":\"https:\\\/\\\/www.uartes.edu.ec\\\/sitio\\\/fr\\\/#\\\/schema\\\/logo\\\/image\\\/\"},\"sameAs\":[\"https:\\\/\\\/www.facebook.com\\\/uartesec\",\"https:\\\/\\\/x.com\\\/uartesec\",\"https:\\\/\\\/www.tiktok.com\\\/@uartesec\"]},{\"@type\":\"Person\",\"@id\":\"https:\\\/\\\/www.uartes.edu.ec\\\/sitio\\\/fr\\\/#\\\/schema\\\/person\\\/efa1b8275797664fd7f13a79ccc0b1f4\",\"name\":\"ccortez\",\"image\":{\"@type\":\"ImageObject\",\"inLanguage\":\"fr-FR\",\"@id\":\"https:\\\/\\\/secure.gravatar.com\\\/avatar\\\/b2a6f664a3ae8e074346ef91775736c5ec479e637ecced6842de9dc98b5da9cd?s=96&d=mm&r=g\",\"url\":\"https:\\\/\\\/secure.gravatar.com\\\/avatar\\\/b2a6f664a3ae8e074346ef91775736c5ec479e637ecced6842de9dc98b5da9cd?s=96&d=mm&r=g\",\"contentUrl\":\"https:\\\/\\\/secure.gravatar.com\\\/avatar\\\/b2a6f664a3ae8e074346ef91775736c5ec479e637ecced6842de9dc98b5da9cd?s=96&d=mm&r=g\",\"caption\":\"ccortez\"},\"url\":\"https:\\\/\\\/www.uartes.edu.ec\\\/sitio\\\/fr\\\/blog\\\/author\\\/ccortez\\\/\"}]}<\/script>\n<!-- \/ Yoast SEO plugin. -->","yoast_head_json":{"title":"Universidad de las Artes - \u201cA veces t\u00e9 de miedo, y otras, t\u00e9 de manzanilla\u201d, el cortometraje de la alumnus Briggitte Arreaga que naci\u00f3 de un poema","description":"Universidad de las Artes - \u201cA veces t\u00e9 de miedo, y otras, t\u00e9 de manzanilla\u201d, el cortometraje de la alumnus Briggitte Arreaga que naci\u00f3 de un poema","robots":{"index":"index","follow":"follow","max-snippet":"max-snippet:-1","max-image-preview":"max-image-preview:large","max-video-preview":"max-video-preview:-1"},"canonical":"https:\/\/www.uartes.edu.ec\/sitio\/fr\/blog\/2025\/02\/05\/a-veces-te-de-miedo-y-otras-te-de-manzanilla-el-corto-de-briggitte-arreaga-que-nacio-de-un-poema\/","og_locale":"fr_FR","og_type":"article","og_title":"Universidad de las Artes - \u201cA veces t\u00e9 de miedo, y otras, t\u00e9 de manzanilla\u201d, el cortometraje de la alumnus Briggitte Arreaga que naci\u00f3 de un poema","og_description":"Universidad de las Artes - \u201cA veces t\u00e9 de miedo, y otras, t\u00e9 de manzanilla\u201d, el cortometraje de la alumnus Briggitte Arreaga que naci\u00f3 de un poema","og_url":"https:\/\/www.uartes.edu.ec\/sitio\/fr\/blog\/2025\/02\/05\/a-veces-te-de-miedo-y-otras-te-de-manzanilla-el-corto-de-briggitte-arreaga-que-nacio-de-un-poema\/","og_site_name":"Universidad de las Artes","article_publisher":"https:\/\/www.facebook.com\/uartesec","article_published_time":"2025-02-05T21:22:00+00:00","article_modified_time":"2025-02-06T19:29:09+00:00","og_image":[{"width":2000,"height":1333,"url":"https:\/\/www.uartes.edu.ec\/sitio\/wp-content\/uploads\/2025\/02\/01-BA-ESCUELA-DE-CINE-CORTOMETRAJE.jpg","type":"image\/jpeg"}],"author":"ccortez","twitter_card":"summary_large_image","twitter_creator":"@uartesec","twitter_site":"@uartesec","twitter_misc":{"\u00c9crit par":"ccortez","Dur\u00e9e de lecture estim\u00e9e":"7 minutes"},"schema":{"@context":"https:\/\/schema.org","@graph":[{"@type":"Article","@id":"https:\/\/www.uartes.edu.ec\/sitio\/fr\/blog\/2025\/02\/05\/a-veces-te-de-miedo-y-otras-te-de-manzanilla-el-corto-de-briggitte-arreaga-que-nacio-de-un-poema\/#article","isPartOf":{"@id":"https:\/\/www.uartes.edu.ec\/sitio\/fr\/blog\/2025\/02\/05\/a-veces-te-de-miedo-y-otras-te-de-manzanilla-el-corto-de-briggitte-arreaga-que-nacio-de-un-poema\/"},"author":{"name":"ccortez","@id":"https:\/\/www.uartes.edu.ec\/sitio\/fr\/#\/schema\/person\/efa1b8275797664fd7f13a79ccc0b1f4"},"headline":"\u201cA veces t\u00e9 de miedo, y otras, t\u00e9 de manzanilla\u201d, el cortometraje de la alumnus Briggitte Arreaga que naci\u00f3 de un poema","datePublished":"2025-02-05T21:22:00+00:00","dateModified":"2025-02-06T19:29:09+00:00","mainEntityOfPage":{"@id":"https:\/\/www.uartes.edu.ec\/sitio\/fr\/blog\/2025\/02\/05\/a-veces-te-de-miedo-y-otras-te-de-manzanilla-el-corto-de-briggitte-arreaga-que-nacio-de-un-poema\/"},"wordCount":1372,"commentCount":0,"publisher":{"@id":"https:\/\/www.uartes.edu.ec\/sitio\/fr\/#organization"},"image":{"@id":"https:\/\/www.uartes.edu.ec\/sitio\/fr\/blog\/2025\/02\/05\/a-veces-te-de-miedo-y-otras-te-de-manzanilla-el-corto-de-briggitte-arreaga-que-nacio-de-un-poema\/#primaryimage"},"thumbnailUrl":"https:\/\/www.uartes.edu.ec\/sitio\/wp-content\/uploads\/2025\/02\/01-BA-ESCUELA-DE-CINE-CORTOMETRAJE.jpg","keywords":["producci\u00f3n"],"articleSection":["Alumni","Cine","Investigaci\u00f3n"],"inLanguage":"fr-FR","potentialAction":[{"@type":"CommentAction","name":"Comment","target":["https:\/\/www.uartes.edu.ec\/sitio\/fr\/blog\/2025\/02\/05\/a-veces-te-de-miedo-y-otras-te-de-manzanilla-el-corto-de-briggitte-arreaga-que-nacio-de-un-poema\/#respond"]}]},{"@type":["WebPage","ItemPage"],"@id":"https:\/\/www.uartes.edu.ec\/sitio\/fr\/blog\/2025\/02\/05\/a-veces-te-de-miedo-y-otras-te-de-manzanilla-el-corto-de-briggitte-arreaga-que-nacio-de-un-poema\/","url":"https:\/\/www.uartes.edu.ec\/sitio\/fr\/blog\/2025\/02\/05\/a-veces-te-de-miedo-y-otras-te-de-manzanilla-el-corto-de-briggitte-arreaga-que-nacio-de-un-poema\/","name":"Universidad de las Artes - \u201cA veces t\u00e9 de miedo, y otras, t\u00e9 de manzanilla\u201d, el cortometraje de la alumnus Briggitte Arreaga que naci\u00f3 de un poema","isPartOf":{"@id":"https:\/\/www.uartes.edu.ec\/sitio\/fr\/#website"},"primaryImageOfPage":{"@id":"https:\/\/www.uartes.edu.ec\/sitio\/fr\/blog\/2025\/02\/05\/a-veces-te-de-miedo-y-otras-te-de-manzanilla-el-corto-de-briggitte-arreaga-que-nacio-de-un-poema\/#primaryimage"},"image":{"@id":"https:\/\/www.uartes.edu.ec\/sitio\/fr\/blog\/2025\/02\/05\/a-veces-te-de-miedo-y-otras-te-de-manzanilla-el-corto-de-briggitte-arreaga-que-nacio-de-un-poema\/#primaryimage"},"thumbnailUrl":"https:\/\/www.uartes.edu.ec\/sitio\/wp-content\/uploads\/2025\/02\/01-BA-ESCUELA-DE-CINE-CORTOMETRAJE.jpg","datePublished":"2025-02-05T21:22:00+00:00","dateModified":"2025-02-06T19:29:09+00:00","description":"Universidad de las Artes - \u201cA veces t\u00e9 de miedo, y otras, t\u00e9 de manzanilla\u201d, el cortometraje de la alumnus Briggitte Arreaga que naci\u00f3 de un poema","breadcrumb":{"@id":"https:\/\/www.uartes.edu.ec\/sitio\/fr\/blog\/2025\/02\/05\/a-veces-te-de-miedo-y-otras-te-de-manzanilla-el-corto-de-briggitte-arreaga-que-nacio-de-un-poema\/#breadcrumb"},"inLanguage":"fr-FR","potentialAction":[{"@type":"ReadAction","target":["https:\/\/www.uartes.edu.ec\/sitio\/fr\/blog\/2025\/02\/05\/a-veces-te-de-miedo-y-otras-te-de-manzanilla-el-corto-de-briggitte-arreaga-que-nacio-de-un-poema\/"]}]},{"@type":"ImageObject","inLanguage":"fr-FR","@id":"https:\/\/www.uartes.edu.ec\/sitio\/fr\/blog\/2025\/02\/05\/a-veces-te-de-miedo-y-otras-te-de-manzanilla-el-corto-de-briggitte-arreaga-que-nacio-de-un-poema\/#primaryimage","url":"https:\/\/www.uartes.edu.ec\/sitio\/wp-content\/uploads\/2025\/02\/01-BA-ESCUELA-DE-CINE-CORTOMETRAJE.jpg","contentUrl":"https:\/\/www.uartes.edu.ec\/sitio\/wp-content\/uploads\/2025\/02\/01-BA-ESCUELA-DE-CINE-CORTOMETRAJE.jpg","width":2000,"height":1333},{"@type":"BreadcrumbList","@id":"https:\/\/www.uartes.edu.ec\/sitio\/fr\/blog\/2025\/02\/05\/a-veces-te-de-miedo-y-otras-te-de-manzanilla-el-corto-de-briggitte-arreaga-que-nacio-de-un-poema\/#breadcrumb","itemListElement":[{"@type":"ListItem","position":1,"name":"Inicio","item":"https:\/\/www.uartes.edu.ec\/sitio\/"},{"@type":"ListItem","position":2,"name":"\u201cA veces t\u00e9 de miedo, y otras, t\u00e9 de manzanilla\u201d, el cortometraje de la alumnus Briggitte Arreaga que naci\u00f3 de un poema"}]},{"@type":"WebSite","@id":"https:\/\/www.uartes.edu.ec\/sitio\/fr\/#website","url":"https:\/\/www.uartes.edu.ec\/sitio\/fr\/","name":"Universidad de las Artes","description":"Sitio oficial de la Universidad Nacional de las Artes del Ecuador","publisher":{"@id":"https:\/\/www.uartes.edu.ec\/sitio\/fr\/#organization"},"potentialAction":[{"@type":"SearchAction","target":{"@type":"EntryPoint","urlTemplate":"https:\/\/www.uartes.edu.ec\/sitio\/fr\/?s={search_term_string}"},"query-input":{"@type":"PropertyValueSpecification","valueRequired":true,"valueName":"search_term_string"}}],"inLanguage":"fr-FR"},{"@type":"Organization","@id":"https:\/\/www.uartes.edu.ec\/sitio\/fr\/#organization","name":"Universidad de las Artes","url":"https:\/\/www.uartes.edu.ec\/sitio\/fr\/","logo":{"@type":"ImageObject","inLanguage":"fr-FR","@id":"https:\/\/www.uartes.edu.ec\/sitio\/fr\/#\/schema\/logo\/image\/","url":"https:\/\/www.uartes.edu.ec\/sitio\/wp-content\/uploads\/2022\/07\/logo-ua-horizontal.png","contentUrl":"https:\/\/www.uartes.edu.ec\/sitio\/wp-content\/uploads\/2022\/07\/logo-ua-horizontal.png","width":800,"height":276,"caption":"Universidad de las Artes"},"image":{"@id":"https:\/\/www.uartes.edu.ec\/sitio\/fr\/#\/schema\/logo\/image\/"},"sameAs":["https:\/\/www.facebook.com\/uartesec","https:\/\/x.com\/uartesec","https:\/\/www.tiktok.com\/@uartesec"]},{"@type":"Person","@id":"https:\/\/www.uartes.edu.ec\/sitio\/fr\/#\/schema\/person\/efa1b8275797664fd7f13a79ccc0b1f4","name":"ccortez","image":{"@type":"ImageObject","inLanguage":"fr-FR","@id":"https:\/\/secure.gravatar.com\/avatar\/b2a6f664a3ae8e074346ef91775736c5ec479e637ecced6842de9dc98b5da9cd?s=96&d=mm&r=g","url":"https:\/\/secure.gravatar.com\/avatar\/b2a6f664a3ae8e074346ef91775736c5ec479e637ecced6842de9dc98b5da9cd?s=96&d=mm&r=g","contentUrl":"https:\/\/secure.gravatar.com\/avatar\/b2a6f664a3ae8e074346ef91775736c5ec479e637ecced6842de9dc98b5da9cd?s=96&d=mm&r=g","caption":"ccortez"},"url":"https:\/\/www.uartes.edu.ec\/sitio\/fr\/blog\/author\/ccortez\/"}]}},"uagb_featured_image_src":{"full":["https:\/\/www.uartes.edu.ec\/sitio\/wp-content\/uploads\/2025\/02\/01-BA-ESCUELA-DE-CINE-CORTOMETRAJE.jpg",2000,1333,false],"thumbnail":["https:\/\/www.uartes.edu.ec\/sitio\/wp-content\/uploads\/2025\/02\/01-BA-ESCUELA-DE-CINE-CORTOMETRAJE-150x150.jpg",150,150,true],"medium":["https:\/\/www.uartes.edu.ec\/sitio\/wp-content\/uploads\/2025\/02\/01-BA-ESCUELA-DE-CINE-CORTOMETRAJE-300x200.jpg",300,200,true],"medium_large":["https:\/\/www.uartes.edu.ec\/sitio\/wp-content\/uploads\/2025\/02\/01-BA-ESCUELA-DE-CINE-CORTOMETRAJE-768x512.jpg",768,512,true],"large":["https:\/\/www.uartes.edu.ec\/sitio\/wp-content\/uploads\/2025\/02\/01-BA-ESCUELA-DE-CINE-CORTOMETRAJE-644x429.jpg",644,429,true],"1536x1536":["https:\/\/www.uartes.edu.ec\/sitio\/wp-content\/uploads\/2025\/02\/01-BA-ESCUELA-DE-CINE-CORTOMETRAJE-1536x1024.jpg",1536,1024,true],"2048x2048":["https:\/\/www.uartes.edu.ec\/sitio\/wp-content\/uploads\/2025\/02\/01-BA-ESCUELA-DE-CINE-CORTOMETRAJE.jpg",2000,1333,false],"trp-custom-language-flag":["https:\/\/www.uartes.edu.ec\/sitio\/wp-content\/uploads\/2025\/02\/01-BA-ESCUELA-DE-CINE-CORTOMETRAJE-18x12.jpg",18,12,true],"htmega_size_585x295":["https:\/\/www.uartes.edu.ec\/sitio\/wp-content\/uploads\/2025\/02\/01-BA-ESCUELA-DE-CINE-CORTOMETRAJE-585x295.jpg",585,295,true],"htmega_size_1170x536":["https:\/\/www.uartes.edu.ec\/sitio\/wp-content\/uploads\/2025\/02\/01-BA-ESCUELA-DE-CINE-CORTOMETRAJE-1170x536.jpg",1170,536,true],"htmega_size_396x360":["https:\/\/www.uartes.edu.ec\/sitio\/wp-content\/uploads\/2025\/02\/01-BA-ESCUELA-DE-CINE-CORTOMETRAJE-396x360.jpg",396,360,true],"gb-block-post-grid-landscape":["https:\/\/www.uartes.edu.ec\/sitio\/wp-content\/uploads\/2025\/02\/01-BA-ESCUELA-DE-CINE-CORTOMETRAJE-600x400.jpg",600,400,true],"gb-block-post-grid-square":["https:\/\/www.uartes.edu.ec\/sitio\/wp-content\/uploads\/2025\/02\/01-BA-ESCUELA-DE-CINE-CORTOMETRAJE-600x600.jpg",600,600,true],"university-hub-thumb":["https:\/\/www.uartes.edu.ec\/sitio\/wp-content\/uploads\/2025\/02\/01-BA-ESCUELA-DE-CINE-CORTOMETRAJE-400x267.jpg",400,267,true]},"uagb_author_info":{"display_name":"ccortez","author_link":"https:\/\/www.uartes.edu.ec\/sitio\/fr\/blog\/author\/ccortez\/"},"uagb_comment_info":0,"uagb_excerpt":"En 2022, Briggitte Arreaga escribi\u00f3 un poema en prosa al que titul\u00f3 \u201cA veces t\u00e9 de miedo, y otras, t\u00e9 de manzanilla\u201d, el cual result\u00f3 una fuente de inspiraci\u00f3n para el cortometraje que present\u00f3 para su titulaci\u00f3n como licenciada en Cine. La alumnus de la Universidad de las Artes comparte los procesos de su producci\u00f3n\u2026","featured_image_src":"https:\/\/www.uartes.edu.ec\/sitio\/wp-content\/uploads\/2025\/02\/01-BA-ESCUELA-DE-CINE-CORTOMETRAJE-600x400.jpg","featured_image_src_square":"https:\/\/www.uartes.edu.ec\/sitio\/wp-content\/uploads\/2025\/02\/01-BA-ESCUELA-DE-CINE-CORTOMETRAJE-600x600.jpg","author_info":{"display_name":"ccortez","author_link":"https:\/\/www.uartes.edu.ec\/sitio\/fr\/blog\/author\/ccortez\/"},"publishpress_future_workflow_manual_trigger":{"enabledWorkflows":[]},"distributor_meta":false,"distributor_terms":false,"distributor_media":false,"distributor_original_site_name":"Universidad de las Artes","distributor_original_site_url":"https:\/\/www.uartes.edu.ec\/sitio\/fr","push-errors":false,"_links":{"self":[{"href":"https:\/\/www.uartes.edu.ec\/sitio\/fr\/wp-json\/wp\/v2\/posts\/67864","targetHints":{"allow":["GET"]}}],"collection":[{"href":"https:\/\/www.uartes.edu.ec\/sitio\/fr\/wp-json\/wp\/v2\/posts"}],"about":[{"href":"https:\/\/www.uartes.edu.ec\/sitio\/fr\/wp-json\/wp\/v2\/types\/post"}],"author":[{"embeddable":true,"href":"https:\/\/www.uartes.edu.ec\/sitio\/fr\/wp-json\/wp\/v2\/users\/10"}],"replies":[{"embeddable":true,"href":"https:\/\/www.uartes.edu.ec\/sitio\/fr\/wp-json\/wp\/v2\/comments?post=67864"}],"version-history":[{"count":3,"href":"https:\/\/www.uartes.edu.ec\/sitio\/fr\/wp-json\/wp\/v2\/posts\/67864\/revisions"}],"predecessor-version":[{"id":67982,"href":"https:\/\/www.uartes.edu.ec\/sitio\/fr\/wp-json\/wp\/v2\/posts\/67864\/revisions\/67982"}],"wp:featuredmedia":[{"embeddable":true,"href":"https:\/\/www.uartes.edu.ec\/sitio\/fr\/wp-json\/wp\/v2\/media\/67865"}],"wp:attachment":[{"href":"https:\/\/www.uartes.edu.ec\/sitio\/fr\/wp-json\/wp\/v2\/media?parent=67864"}],"wp:term":[{"taxonomy":"category","embeddable":true,"href":"https:\/\/www.uartes.edu.ec\/sitio\/fr\/wp-json\/wp\/v2\/categories?post=67864"},{"taxonomy":"post_tag","embeddable":true,"href":"https:\/\/www.uartes.edu.ec\/sitio\/fr\/wp-json\/wp\/v2\/tags?post=67864"},{"taxonomy":"infouartes","embeddable":true,"href":"https:\/\/www.uartes.edu.ec\/sitio\/fr\/wp-json\/wp\/v2\/infouartes?post=67864"}],"curies":[{"name":"wp","href":"https:\/\/api.w.org\/{rel}","templated":true}]}}