{"id":67951,"date":"2025-02-04T13:38:34","date_gmt":"2025-02-04T18:38:34","guid":{"rendered":"https:\/\/www.uartes.edu.ec\/sitio\/?p=67951"},"modified":"2025-02-13T09:46:05","modified_gmt":"2025-02-13T14:46:05","slug":"la-sbu-impulsa-el-programa-orientarte","status":"publish","type":"post","link":"https:\/\/www.uartes.edu.ec\/sitio\/fr\/blog\/2025\/02\/04\/la-sbu-impulsa-el-programa-orientarte\/","title":{"rendered":"La SBU impulsa el programa OrientArte"},"content":{"rendered":"<p>La Secretar\u00eda de Bienestar Universitario (SBU) ha puesto en marcha el Programa OrientArte, con el objetivo de brindar asesor\u00eda y orientaci\u00f3n a las y los estudiantes de la Universidad de las Artes para guiarlos hacia el desarrollo y la potencializaci\u00f3n de sus talentos y competencias para la construcci\u00f3n de sus proyectos de vida.<\/p>\n\n\n\n<p>El programa se enmarca en los servicios de orientaci\u00f3n vocacional y profesional que siempre han estado y se mantienen vigentes, sin embargo, ante la importancia de que la comunidad estudiantil tenga presente que puede recurrir a ellos para cuando tenga inquietudes en torno a la carrera que cursa y\/o el horizonte que tendr\u00e1 al culminar los estudios acad\u00e9micos es que se impulsa OrientArte. &nbsp;<\/p>\n\n\n\n<p>La psic\u00f3loga y mag\u00edster Ingrid Andrade, quien brinda atenci\u00f3n en el Dispensario de Salud UArtes, explica que el programa OrientArte responde a lo que indica la LOES (Ley Org\u00e1nica de Educaci\u00f3n Superior) en su art\u00edculo 86 con respecto a que debe existir orientaci\u00f3n vocacional y profesional para los estudiantes.<\/p>\n\n\n<div class=\"wp-block-image\">\n<figure class=\"aligncenter size-large\"><img fetchpriority=\"high\" decoding=\"async\" width=\"644\" height=\"429\" src=\"https:\/\/www.uartes.edu.ec\/sitio\/wp-content\/uploads\/2025\/02\/05-SBU-644x429.jpg\" alt=\"\" class=\"wp-image-68142\" srcset=\"https:\/\/www.uartes.edu.ec\/sitio\/wp-content\/uploads\/2025\/02\/05-SBU-644x429.jpg 644w, https:\/\/www.uartes.edu.ec\/sitio\/wp-content\/uploads\/2025\/02\/05-SBU-300x200.jpg 300w, https:\/\/www.uartes.edu.ec\/sitio\/wp-content\/uploads\/2025\/02\/05-SBU-768x512.jpg 768w, https:\/\/www.uartes.edu.ec\/sitio\/wp-content\/uploads\/2025\/02\/05-SBU-1536x1024.jpg 1536w, https:\/\/www.uartes.edu.ec\/sitio\/wp-content\/uploads\/2025\/02\/05-SBU-18x12.jpg 18w, https:\/\/www.uartes.edu.ec\/sitio\/wp-content\/uploads\/2025\/02\/05-SBU-600x400.jpg 600w, https:\/\/www.uartes.edu.ec\/sitio\/wp-content\/uploads\/2025\/02\/05-SBU-400x267.jpg 400w, https:\/\/www.uartes.edu.ec\/sitio\/wp-content\/uploads\/2025\/02\/05-SBU.jpg 2000w\" sizes=\"(max-width: 644px) 100vw, 644px\" \/><\/figure>\n<\/div>\n\n\n<p>Lo que se ofrece, agrega, es una gu\u00eda para su proyecto de vida. \u201cY es una gu\u00eda que los estudiantes debieron tenerla desde su etapa escolar, porque se tiene que comenzar a formar desde que est\u00e1n en la escuela\u201d. Es por eso, se\u00f1ala Andrade como ejemplo, que los bomberos u otros profesionales visitan los planteles y los educandos son tambi\u00e9n llevados a empresas y f\u00e1bricas. Es una forma de ir orient\u00e1ndolos mediante esa experiencia sobre los oficios y profesiones que existen\u201d.<\/p>\n\n\n\n<p>En el colegio debe existir un acompa\u00f1amiento de los orientadores vocacionales para ayudar a los chicos a decidir en lo que se quieren especializar. \u201cHay un bachillerato unificado y tambi\u00e9n colegios que tienen especialidades o menciones. Quienes escogieron, por ejemplo, fisicomatem\u00e1tico les dan m\u00e1s sobre f\u00edsica general y f\u00edsica superior. De esa forma se van sesgando los intereses y al momento de graduarse, se supone que el joven tendr\u00e1 ya una carrera escogida\u201d.<\/p>\n\n\n\n<p>Los chicos que tienen habilidades art\u00edsticas en las diferentes ramas deciden postular a la UArtes y tras cumplir con el proceso de matriculaci\u00f3n, nivelaci\u00f3n e incluso cursar varios semestres determinan en un momento dado que quieren cambiarse de carrera. Es el momento en que se aplica el programa OrientArte.<\/p>\n\n\n\n<figure class=\"wp-block-gallery has-nested-images columns-default is-cropped wp-block-gallery-1 is-layout-flex wp-block-gallery-is-layout-flex\">\n<figure class=\"wp-block-image size-large\"><img decoding=\"async\" width=\"644\" height=\"429\" data-id=\"67954\" src=\"https:\/\/www.uartes.edu.ec\/sitio\/wp-content\/uploads\/2025\/02\/04-SBU-PING-PONG-644x429.jpg\" alt=\"\" class=\"wp-image-67954\" srcset=\"https:\/\/www.uartes.edu.ec\/sitio\/wp-content\/uploads\/2025\/02\/04-SBU-PING-PONG-644x429.jpg 644w, https:\/\/www.uartes.edu.ec\/sitio\/wp-content\/uploads\/2025\/02\/04-SBU-PING-PONG-300x200.jpg 300w, https:\/\/www.uartes.edu.ec\/sitio\/wp-content\/uploads\/2025\/02\/04-SBU-PING-PONG-768x512.jpg 768w, https:\/\/www.uartes.edu.ec\/sitio\/wp-content\/uploads\/2025\/02\/04-SBU-PING-PONG-1536x1024.jpg 1536w, https:\/\/www.uartes.edu.ec\/sitio\/wp-content\/uploads\/2025\/02\/04-SBU-PING-PONG-18x12.jpg 18w, https:\/\/www.uartes.edu.ec\/sitio\/wp-content\/uploads\/2025\/02\/04-SBU-PING-PONG-600x400.jpg 600w, https:\/\/www.uartes.edu.ec\/sitio\/wp-content\/uploads\/2025\/02\/04-SBU-PING-PONG-400x267.jpg 400w, https:\/\/www.uartes.edu.ec\/sitio\/wp-content\/uploads\/2025\/02\/04-SBU-PING-PONG-272x182.jpg 272w, https:\/\/www.uartes.edu.ec\/sitio\/wp-content\/uploads\/2025\/02\/04-SBU-PING-PONG.jpg 2000w\" sizes=\"(max-width: 644px) 100vw, 644px\" \/><\/figure>\n\n\n\n<figure class=\"wp-block-image size-large\"><img decoding=\"async\" width=\"644\" height=\"429\" data-id=\"67955\" src=\"https:\/\/www.uartes.edu.ec\/sitio\/wp-content\/uploads\/2025\/02\/09-SBU-FEST-1-644x429.jpg\" alt=\"\" class=\"wp-image-67955\" srcset=\"https:\/\/www.uartes.edu.ec\/sitio\/wp-content\/uploads\/2025\/02\/09-SBU-FEST-1-644x429.jpg 644w, https:\/\/www.uartes.edu.ec\/sitio\/wp-content\/uploads\/2025\/02\/09-SBU-FEST-1-300x200.jpg 300w, https:\/\/www.uartes.edu.ec\/sitio\/wp-content\/uploads\/2025\/02\/09-SBU-FEST-1-768x512.jpg 768w, https:\/\/www.uartes.edu.ec\/sitio\/wp-content\/uploads\/2025\/02\/09-SBU-FEST-1-1536x1024.jpg 1536w, https:\/\/www.uartes.edu.ec\/sitio\/wp-content\/uploads\/2025\/02\/09-SBU-FEST-1-18x12.jpg 18w, https:\/\/www.uartes.edu.ec\/sitio\/wp-content\/uploads\/2025\/02\/09-SBU-FEST-1-600x400.jpg 600w, https:\/\/www.uartes.edu.ec\/sitio\/wp-content\/uploads\/2025\/02\/09-SBU-FEST-1-400x267.jpg 400w, https:\/\/www.uartes.edu.ec\/sitio\/wp-content\/uploads\/2025\/02\/09-SBU-FEST-1-272x182.jpg 272w, https:\/\/www.uartes.edu.ec\/sitio\/wp-content\/uploads\/2025\/02\/09-SBU-FEST-1.jpg 2000w\" sizes=\"(max-width: 644px) 100vw, 644px\" \/><\/figure>\n<\/figure>\n\n\n\n<p><\/p>\n\n\n\n<p>No obstante, en el acompa\u00f1amiento psicol\u00f3gico que se brinda siempre hay una orientaci\u00f3n vocacional, menciona Andrade. Esto porque hay ocasiones en que los problemas personales o acad\u00e9micos que est\u00e9 enfrentando el alumnado puede interferir en el deseo de continuar estudiando \u201cy cuando van a la asistencia psicol\u00f3gica se los motiva a descubrir sus habilidades y competencias y anima a seguir con su proyecto de vida\u201d.<\/p>\n\n\n\n<p>Cambiar de carrera no es una solicitud frecuente, pues quien se decide por el arte es porque les gusta y, adem\u00e1s, hay un trabajo conjunto con las direcciones de escuelas y los docentes, ya que es importante que el estudiante tenga a la mano informaci\u00f3n sobre las carreras.<\/p>\n\n\n\n<p>El objetivo del programa es, por tanto, ayudar a que los estudiantes aclaren las dudas y se d\u00e9 el cambio si realmente amerita. Por experiencia, Andrade cita que familiares o amistades pueden animar el cambio, que la\/el enamorada\/o se cambi\u00f3 de carrera y ya no le interesa estar all\u00ed o considera que en la carrera por la que se decidi\u00f3 no va a conseguir nada y que en otra podr\u00eda tener mejores oportunidades de trabajo. \u201cLa intenci\u00f3n del cambio puede generarse por diversos factores y no precisamente porque se tiene el inter\u00e9s, las habilidades y, sobre todo, la vocaci\u00f3n\u201d. Es donde interviene el docente consejero, a quien el estudiante debe asistir en primer lugar, reitera Andrade, para que lo oriente en cuanto al proceso. Le dir\u00e1 que tiene que ingresar una solicitud para pedir cambio de carrera y cuando ya es aprobada, le indicar\u00e1 que debe acudir a la asistencia psicol\u00f3gica\u201d.<\/p>\n\n\n\n<figure class=\"wp-block-gallery has-nested-images columns-default is-cropped wp-block-gallery-2 is-layout-flex wp-block-gallery-is-layout-flex\">\n<figure class=\"wp-block-image size-large\"><img loading=\"lazy\" decoding=\"async\" width=\"644\" height=\"429\" data-id=\"67959\" src=\"https:\/\/www.uartes.edu.ec\/sitio\/wp-content\/uploads\/2025\/02\/19-FERIA-DE-UNIVERSIDADES-PASAJE-ILLINGWORTH-1-644x429.jpg\" alt=\"\" class=\"wp-image-67959\" srcset=\"https:\/\/www.uartes.edu.ec\/sitio\/wp-content\/uploads\/2025\/02\/19-FERIA-DE-UNIVERSIDADES-PASAJE-ILLINGWORTH-1-644x429.jpg 644w, https:\/\/www.uartes.edu.ec\/sitio\/wp-content\/uploads\/2025\/02\/19-FERIA-DE-UNIVERSIDADES-PASAJE-ILLINGWORTH-1-300x200.jpg 300w, https:\/\/www.uartes.edu.ec\/sitio\/wp-content\/uploads\/2025\/02\/19-FERIA-DE-UNIVERSIDADES-PASAJE-ILLINGWORTH-1-768x512.jpg 768w, https:\/\/www.uartes.edu.ec\/sitio\/wp-content\/uploads\/2025\/02\/19-FERIA-DE-UNIVERSIDADES-PASAJE-ILLINGWORTH-1-1536x1024.jpg 1536w, https:\/\/www.uartes.edu.ec\/sitio\/wp-content\/uploads\/2025\/02\/19-FERIA-DE-UNIVERSIDADES-PASAJE-ILLINGWORTH-1-18x12.jpg 18w, https:\/\/www.uartes.edu.ec\/sitio\/wp-content\/uploads\/2025\/02\/19-FERIA-DE-UNIVERSIDADES-PASAJE-ILLINGWORTH-1-600x400.jpg 600w, https:\/\/www.uartes.edu.ec\/sitio\/wp-content\/uploads\/2025\/02\/19-FERIA-DE-UNIVERSIDADES-PASAJE-ILLINGWORTH-1-400x267.jpg 400w, https:\/\/www.uartes.edu.ec\/sitio\/wp-content\/uploads\/2025\/02\/19-FERIA-DE-UNIVERSIDADES-PASAJE-ILLINGWORTH-1-272x182.jpg 272w, https:\/\/www.uartes.edu.ec\/sitio\/wp-content\/uploads\/2025\/02\/19-FERIA-DE-UNIVERSIDADES-PASAJE-ILLINGWORTH-1.jpg 2000w\" sizes=\"(max-width: 644px) 100vw, 644px\" \/><\/figure>\n\n\n\n<figure class=\"wp-block-image size-large\"><img loading=\"lazy\" decoding=\"async\" width=\"644\" height=\"429\" data-id=\"67958\" src=\"https:\/\/www.uartes.edu.ec\/sitio\/wp-content\/uploads\/2025\/02\/06-SBU-FEST-1-1-644x429.jpg\" alt=\"\" class=\"wp-image-67958\" srcset=\"https:\/\/www.uartes.edu.ec\/sitio\/wp-content\/uploads\/2025\/02\/06-SBU-FEST-1-1-644x429.jpg 644w, https:\/\/www.uartes.edu.ec\/sitio\/wp-content\/uploads\/2025\/02\/06-SBU-FEST-1-1-300x200.jpg 300w, https:\/\/www.uartes.edu.ec\/sitio\/wp-content\/uploads\/2025\/02\/06-SBU-FEST-1-1-768x512.jpg 768w, https:\/\/www.uartes.edu.ec\/sitio\/wp-content\/uploads\/2025\/02\/06-SBU-FEST-1-1-1536x1024.jpg 1536w, https:\/\/www.uartes.edu.ec\/sitio\/wp-content\/uploads\/2025\/02\/06-SBU-FEST-1-1-18x12.jpg 18w, https:\/\/www.uartes.edu.ec\/sitio\/wp-content\/uploads\/2025\/02\/06-SBU-FEST-1-1-600x400.jpg 600w, https:\/\/www.uartes.edu.ec\/sitio\/wp-content\/uploads\/2025\/02\/06-SBU-FEST-1-1-400x267.jpg 400w, https:\/\/www.uartes.edu.ec\/sitio\/wp-content\/uploads\/2025\/02\/06-SBU-FEST-1-1-272x182.jpg 272w, https:\/\/www.uartes.edu.ec\/sitio\/wp-content\/uploads\/2025\/02\/06-SBU-FEST-1-1.jpg 2000w\" sizes=\"(max-width: 644px) 100vw, 644px\" \/><\/figure>\n<\/figure>\n\n\n\n<p><\/p>\n\n\n\n<p>\u00bfY cu\u00e1les son las alertas de las dudas que se puedan tener en cuanto a continuar o no con la carrera? A la pregunta Andrade responde, en primer lugar, el sentir del estudiante. \u201cEs normal que al inicio se sientan algo perdidos, pues es la primera decisi\u00f3n que toman como adultos; generalmente, antes de los 18 a\u00f1os todo lo que hagan es culpa de los padres y una vez que empiezan a estudiar se dan cuenta de que les gusta, obtienen buenas notas y consiguen objetivos. Sin embargo, las dudas pueden surgir y all\u00ed es fundamental la presencia del docente para fortalecer la decisi\u00f3n tomada\u201d. El siguiente paso, manifiesta Andrade, es buscar directamente ayuda psicol\u00f3gica o compartir las inquietudes con el docente consejero, quien direccionar\u00e1 al estudiante a la Secretar\u00eda Acad\u00e9mica o la ayuda psicol\u00f3gica.<\/p>\n\n\n\n<p>Son tambi\u00e9n de mucha ayuda las Pr\u00e1cticas PreProfesionales, las horas de vinculaci\u00f3n con la comunidad y los proyectos de investigaci\u00f3n en los que participen, puesto que les permiten a los estudiantes conocer la profesi\u00f3n en el d\u00eda a d\u00eda. La psic\u00f3loga de la UArtes anota que no hay un tiempo espec\u00edfico para recibir el apoyo del Programa OrientArte.<\/p>\n\n\n<div class=\"wp-block-image\">\n<figure class=\"aligncenter size-large\"><img loading=\"lazy\" decoding=\"async\" width=\"644\" height=\"429\" src=\"https:\/\/www.uartes.edu.ec\/sitio\/wp-content\/uploads\/2025\/02\/03-SBU-1-644x429.jpg\" alt=\"\" class=\"wp-image-67960\" srcset=\"https:\/\/www.uartes.edu.ec\/sitio\/wp-content\/uploads\/2025\/02\/03-SBU-1-644x429.jpg 644w, https:\/\/www.uartes.edu.ec\/sitio\/wp-content\/uploads\/2025\/02\/03-SBU-1-300x200.jpg 300w, https:\/\/www.uartes.edu.ec\/sitio\/wp-content\/uploads\/2025\/02\/03-SBU-1-768x512.jpg 768w, https:\/\/www.uartes.edu.ec\/sitio\/wp-content\/uploads\/2025\/02\/03-SBU-1-1536x1024.jpg 1536w, https:\/\/www.uartes.edu.ec\/sitio\/wp-content\/uploads\/2025\/02\/03-SBU-1-18x12.jpg 18w, https:\/\/www.uartes.edu.ec\/sitio\/wp-content\/uploads\/2025\/02\/03-SBU-1-600x400.jpg 600w, https:\/\/www.uartes.edu.ec\/sitio\/wp-content\/uploads\/2025\/02\/03-SBU-1-400x267.jpg 400w, https:\/\/www.uartes.edu.ec\/sitio\/wp-content\/uploads\/2025\/02\/03-SBU-1-272x182.jpg 272w, https:\/\/www.uartes.edu.ec\/sitio\/wp-content\/uploads\/2025\/02\/03-SBU-1.jpg 2000w\" sizes=\"(max-width: 644px) 100vw, 644px\" \/><\/figure>\n<\/div>\n\n\n<p>Carolina C\u00e1rdenas, secretaria de Bienestar Universitario, destaca el fortaleciendo del trabajo mancomunado que se est\u00e1 realizando. \u201cEs trabajar de la mano con las escuelas y otras unidades, as\u00ed como con Secretar\u00eda Acad\u00e9mica, jefaturas de Nivelaci\u00f3n y PPP, Direcci\u00f3n de Acompa\u00f1amiento al \u00c9xito Acad\u00e9mico, Vinculaci\u00f3n con la Sociedad, Investigaci\u00f3n, Vicerrectorado. Es un acompa\u00f1amiento integral que queremos materializar en el d\u00eda a d\u00eda de los estudiantes para que sepan qu\u00e9 hacer, c\u00f3mo resolver y a qui\u00e9n acudir\u201d.<\/p>\n\n\n\n<p>Importante es tambi\u00e9n considerar que se trata de un tema de voluntades de los estudiantes, el programa no es impositivo. \u201cSi (el estudiante) tiene el sentir que menciona Ingrid y decide buscar ayuda, lo cual puede ser desde el primero hasta el \u00faltimo semestre, nos corresponde darle los servicios que permitan que la permanencia universitaria sea exitosa\u201d, concluye C\u00e1rdenas.<\/p>\n\n\n\n<p>Fotos: las im\u00e1genes de esta publicaci\u00f3n rese\u00f1an las varias actividades desarrolladas por la Secretar\u00eda de Bienestar Universitario (SBU) en los espacios del antiguo Palacio de la Gobernaci\u00f3n, sede matriz de la UArtes. En la portada, la Feria de Universidades. Le siguen, Carolina C\u00e1rdenas e Ingrid Andrade, secretaria de la SBU y la psic\u00f3loga del Dispensario de Salud, respectivamente, en el di\u00e1logo con InfoUArtes; presentaci\u00f3n de estudiantes en el Malakita, tambi\u00e9n en el marco de la Feria de Universidades; las competencias y premiaciones del SUB Fest y los funcionarios que integran la SUB. <\/p>","protected":false},"excerpt":{"rendered":"<p>El programa se enmarca en los servicios de orientaci\u00f3n vocacional y profesional que la UArtes siempre ha proporcionado y mantenido vigentes, sin embargo, ante la importancia de que la comunidad estudiantil tenga presente que puede recurrir a ellos para cuando tenga inquietudes en torno a la carrera que cursa y\/o el horizonte que tendr\u00e1 al culminar los estudios acad\u00e9micos es que la Secretar\u00eda de Bienestar Universitario (SBU) impulsa OrientArte. Aqu\u00ed un di\u00e1logo sobre el tema con la psic\u00f3loga Ingrid Andrade. <\/p>","protected":false},"author":10,"featured_media":67952,"comment_status":"open","ping_status":"open","sticky":false,"template":"","format":"standard","meta":{"_acf_changed":false,"_uag_custom_page_level_css":"","_monsterinsights_skip_tracking":false,"_monsterinsights_sitenote_active":false,"_monsterinsights_sitenote_note":"","_monsterinsights_sitenote_category":0,"cybocfi_hide_featured_image":"","footnotes":""},"categories":[80,159,150,157,265,147,75,76,175],"tags":[1316],"infouartes":[],"class_list":["post-67951","post","type-post","status-publish","format-standard","has-post-thumbnail","hentry","category-academico","category-artes-escenicas","category-artes-sonoras","category-artes-visuales","category-bienestar-universitario","category-cine","category-docentes","category-estudiantes","category-literatura","tag-campana"],"acf":[],"yoast_head":"<!-- This site is optimized with the Yoast SEO plugin v27.4 - https:\/\/yoast.com\/product\/yoast-seo-wordpress\/ -->\n<title>Universidad de las Artes - La SBU impulsa el programa OrientArte<\/title>\n<meta name=\"description\" content=\"Universidad de las Artes - La SBU impulsa el programa OrientArte\" \/>\n<meta name=\"robots\" content=\"index, follow, max-snippet:-1, max-image-preview:large, max-video-preview:-1\" \/>\n<link rel=\"canonical\" href=\"https:\/\/www.uartes.edu.ec\/sitio\/fr\/blog\/2025\/02\/04\/la-sbu-impulsa-el-programa-orientarte\/\" \/>\n<meta property=\"og:locale\" content=\"fr_FR\" \/>\n<meta property=\"og:type\" content=\"article\" \/>\n<meta property=\"og:title\" content=\"Universidad de las Artes - La SBU impulsa el programa OrientArte\" \/>\n<meta property=\"og:description\" content=\"Universidad de las Artes - La SBU impulsa el programa OrientArte\" \/>\n<meta property=\"og:url\" content=\"https:\/\/www.uartes.edu.ec\/sitio\/fr\/blog\/2025\/02\/04\/la-sbu-impulsa-el-programa-orientarte\/\" \/>\n<meta property=\"og:site_name\" content=\"Universidad de las Artes\" \/>\n<meta property=\"article:publisher\" content=\"https:\/\/www.facebook.com\/uartesec\" \/>\n<meta property=\"article:published_time\" content=\"2025-02-04T18:38:34+00:00\" \/>\n<meta property=\"article:modified_time\" content=\"2025-02-13T14:46:05+00:00\" \/>\n<meta property=\"og:image\" content=\"https:\/\/www.uartes.edu.ec\/sitio\/wp-content\/uploads\/2025\/02\/12-FERIA-DE-UNIVERSIDADES-PASAJE-ILLINGWORTH-1.jpg\" \/>\n\t<meta property=\"og:image:width\" content=\"2000\" \/>\n\t<meta property=\"og:image:height\" content=\"1333\" \/>\n\t<meta property=\"og:image:type\" content=\"image\/jpeg\" \/>\n<meta name=\"author\" content=\"ccortez\" \/>\n<meta name=\"twitter:card\" content=\"summary_large_image\" \/>\n<meta name=\"twitter:creator\" content=\"@uartesec\" \/>\n<meta name=\"twitter:site\" content=\"@uartesec\" \/>\n<meta name=\"twitter:label1\" content=\"\u00c9crit par\" \/>\n\t<meta name=\"twitter:data1\" content=\"ccortez\" \/>\n\t<meta name=\"twitter:label2\" content=\"Dur\u00e9e de lecture estim\u00e9e\" \/>\n\t<meta name=\"twitter:data2\" content=\"7 minutes\" \/>\n<script type=\"application\/ld+json\" class=\"yoast-schema-graph\">{\"@context\":\"https:\\\/\\\/schema.org\",\"@graph\":[{\"@type\":\"Article\",\"@id\":\"https:\\\/\\\/www.uartes.edu.ec\\\/sitio\\\/fr\\\/blog\\\/2025\\\/02\\\/04\\\/la-sbu-impulsa-el-programa-orientarte\\\/#article\",\"isPartOf\":{\"@id\":\"https:\\\/\\\/www.uartes.edu.ec\\\/sitio\\\/fr\\\/blog\\\/2025\\\/02\\\/04\\\/la-sbu-impulsa-el-programa-orientarte\\\/\"},\"author\":{\"name\":\"ccortez\",\"@id\":\"https:\\\/\\\/www.uartes.edu.ec\\\/sitio\\\/fr\\\/#\\\/schema\\\/person\\\/efa1b8275797664fd7f13a79ccc0b1f4\"},\"headline\":\"La SBU impulsa el programa OrientArte\",\"datePublished\":\"2025-02-04T18:38:34+00:00\",\"dateModified\":\"2025-02-13T14:46:05+00:00\",\"mainEntityOfPage\":{\"@id\":\"https:\\\/\\\/www.uartes.edu.ec\\\/sitio\\\/fr\\\/blog\\\/2025\\\/02\\\/04\\\/la-sbu-impulsa-el-programa-orientarte\\\/\"},\"wordCount\":1144,\"commentCount\":0,\"publisher\":{\"@id\":\"https:\\\/\\\/www.uartes.edu.ec\\\/sitio\\\/fr\\\/#organization\"},\"image\":{\"@id\":\"https:\\\/\\\/www.uartes.edu.ec\\\/sitio\\\/fr\\\/blog\\\/2025\\\/02\\\/04\\\/la-sbu-impulsa-el-programa-orientarte\\\/#primaryimage\"},\"thumbnailUrl\":\"https:\\\/\\\/www.uartes.edu.ec\\\/sitio\\\/wp-content\\\/uploads\\\/2025\\\/02\\\/12-FERIA-DE-UNIVERSIDADES-PASAJE-ILLINGWORTH-1.jpg\",\"keywords\":[\"campa\u00f1a\"],\"articleSection\":[\"Acad\u00e9mico\",\"Artes Esc\u00e9nicas\",\"Artes Sonoras\",\"Artes Visuales\",\"Bienestar Universitario\",\"Cine\",\"Docentes\",\"Estudiantes\",\"Literatura\"],\"inLanguage\":\"fr-FR\",\"potentialAction\":[{\"@type\":\"CommentAction\",\"name\":\"Comment\",\"target\":[\"https:\\\/\\\/www.uartes.edu.ec\\\/sitio\\\/fr\\\/blog\\\/2025\\\/02\\\/04\\\/la-sbu-impulsa-el-programa-orientarte\\\/#respond\"]}]},{\"@type\":[\"WebPage\",\"ItemPage\"],\"@id\":\"https:\\\/\\\/www.uartes.edu.ec\\\/sitio\\\/fr\\\/blog\\\/2025\\\/02\\\/04\\\/la-sbu-impulsa-el-programa-orientarte\\\/\",\"url\":\"https:\\\/\\\/www.uartes.edu.ec\\\/sitio\\\/fr\\\/blog\\\/2025\\\/02\\\/04\\\/la-sbu-impulsa-el-programa-orientarte\\\/\",\"name\":\"Universidad de las Artes - La SBU impulsa el programa OrientArte\",\"isPartOf\":{\"@id\":\"https:\\\/\\\/www.uartes.edu.ec\\\/sitio\\\/fr\\\/#website\"},\"primaryImageOfPage\":{\"@id\":\"https:\\\/\\\/www.uartes.edu.ec\\\/sitio\\\/fr\\\/blog\\\/2025\\\/02\\\/04\\\/la-sbu-impulsa-el-programa-orientarte\\\/#primaryimage\"},\"image\":{\"@id\":\"https:\\\/\\\/www.uartes.edu.ec\\\/sitio\\\/fr\\\/blog\\\/2025\\\/02\\\/04\\\/la-sbu-impulsa-el-programa-orientarte\\\/#primaryimage\"},\"thumbnailUrl\":\"https:\\\/\\\/www.uartes.edu.ec\\\/sitio\\\/wp-content\\\/uploads\\\/2025\\\/02\\\/12-FERIA-DE-UNIVERSIDADES-PASAJE-ILLINGWORTH-1.jpg\",\"datePublished\":\"2025-02-04T18:38:34+00:00\",\"dateModified\":\"2025-02-13T14:46:05+00:00\",\"description\":\"Universidad de las Artes - La SBU impulsa el programa OrientArte\",\"breadcrumb\":{\"@id\":\"https:\\\/\\\/www.uartes.edu.ec\\\/sitio\\\/fr\\\/blog\\\/2025\\\/02\\\/04\\\/la-sbu-impulsa-el-programa-orientarte\\\/#breadcrumb\"},\"inLanguage\":\"fr-FR\",\"potentialAction\":[{\"@type\":\"ReadAction\",\"target\":[\"https:\\\/\\\/www.uartes.edu.ec\\\/sitio\\\/fr\\\/blog\\\/2025\\\/02\\\/04\\\/la-sbu-impulsa-el-programa-orientarte\\\/\"]}]},{\"@type\":\"ImageObject\",\"inLanguage\":\"fr-FR\",\"@id\":\"https:\\\/\\\/www.uartes.edu.ec\\\/sitio\\\/fr\\\/blog\\\/2025\\\/02\\\/04\\\/la-sbu-impulsa-el-programa-orientarte\\\/#primaryimage\",\"url\":\"https:\\\/\\\/www.uartes.edu.ec\\\/sitio\\\/wp-content\\\/uploads\\\/2025\\\/02\\\/12-FERIA-DE-UNIVERSIDADES-PASAJE-ILLINGWORTH-1.jpg\",\"contentUrl\":\"https:\\\/\\\/www.uartes.edu.ec\\\/sitio\\\/wp-content\\\/uploads\\\/2025\\\/02\\\/12-FERIA-DE-UNIVERSIDADES-PASAJE-ILLINGWORTH-1.jpg\",\"width\":2000,\"height\":1333},{\"@type\":\"BreadcrumbList\",\"@id\":\"https:\\\/\\\/www.uartes.edu.ec\\\/sitio\\\/fr\\\/blog\\\/2025\\\/02\\\/04\\\/la-sbu-impulsa-el-programa-orientarte\\\/#breadcrumb\",\"itemListElement\":[{\"@type\":\"ListItem\",\"position\":1,\"name\":\"Inicio\",\"item\":\"https:\\\/\\\/www.uartes.edu.ec\\\/sitio\\\/\"},{\"@type\":\"ListItem\",\"position\":2,\"name\":\"La SBU impulsa el programa OrientArte\"}]},{\"@type\":\"WebSite\",\"@id\":\"https:\\\/\\\/www.uartes.edu.ec\\\/sitio\\\/fr\\\/#website\",\"url\":\"https:\\\/\\\/www.uartes.edu.ec\\\/sitio\\\/fr\\\/\",\"name\":\"Universidad de las Artes\",\"description\":\"Sitio oficial de la Universidad Nacional de las Artes del Ecuador\",\"publisher\":{\"@id\":\"https:\\\/\\\/www.uartes.edu.ec\\\/sitio\\\/fr\\\/#organization\"},\"potentialAction\":[{\"@type\":\"SearchAction\",\"target\":{\"@type\":\"EntryPoint\",\"urlTemplate\":\"https:\\\/\\\/www.uartes.edu.ec\\\/sitio\\\/fr\\\/?s={search_term_string}\"},\"query-input\":{\"@type\":\"PropertyValueSpecification\",\"valueRequired\":true,\"valueName\":\"search_term_string\"}}],\"inLanguage\":\"fr-FR\"},{\"@type\":\"Organization\",\"@id\":\"https:\\\/\\\/www.uartes.edu.ec\\\/sitio\\\/fr\\\/#organization\",\"name\":\"Universidad de las Artes\",\"url\":\"https:\\\/\\\/www.uartes.edu.ec\\\/sitio\\\/fr\\\/\",\"logo\":{\"@type\":\"ImageObject\",\"inLanguage\":\"fr-FR\",\"@id\":\"https:\\\/\\\/www.uartes.edu.ec\\\/sitio\\\/fr\\\/#\\\/schema\\\/logo\\\/image\\\/\",\"url\":\"https:\\\/\\\/www.uartes.edu.ec\\\/sitio\\\/wp-content\\\/uploads\\\/2022\\\/07\\\/logo-ua-horizontal.png\",\"contentUrl\":\"https:\\\/\\\/www.uartes.edu.ec\\\/sitio\\\/wp-content\\\/uploads\\\/2022\\\/07\\\/logo-ua-horizontal.png\",\"width\":800,\"height\":276,\"caption\":\"Universidad de las Artes\"},\"image\":{\"@id\":\"https:\\\/\\\/www.uartes.edu.ec\\\/sitio\\\/fr\\\/#\\\/schema\\\/logo\\\/image\\\/\"},\"sameAs\":[\"https:\\\/\\\/www.facebook.com\\\/uartesec\",\"https:\\\/\\\/x.com\\\/uartesec\",\"https:\\\/\\\/www.tiktok.com\\\/@uartesec\"]},{\"@type\":\"Person\",\"@id\":\"https:\\\/\\\/www.uartes.edu.ec\\\/sitio\\\/fr\\\/#\\\/schema\\\/person\\\/efa1b8275797664fd7f13a79ccc0b1f4\",\"name\":\"ccortez\",\"image\":{\"@type\":\"ImageObject\",\"inLanguage\":\"fr-FR\",\"@id\":\"https:\\\/\\\/secure.gravatar.com\\\/avatar\\\/b2a6f664a3ae8e074346ef91775736c5ec479e637ecced6842de9dc98b5da9cd?s=96&d=mm&r=g\",\"url\":\"https:\\\/\\\/secure.gravatar.com\\\/avatar\\\/b2a6f664a3ae8e074346ef91775736c5ec479e637ecced6842de9dc98b5da9cd?s=96&d=mm&r=g\",\"contentUrl\":\"https:\\\/\\\/secure.gravatar.com\\\/avatar\\\/b2a6f664a3ae8e074346ef91775736c5ec479e637ecced6842de9dc98b5da9cd?s=96&d=mm&r=g\",\"caption\":\"ccortez\"},\"url\":\"https:\\\/\\\/www.uartes.edu.ec\\\/sitio\\\/fr\\\/blog\\\/author\\\/ccortez\\\/\"}]}<\/script>\n<!-- \/ Yoast SEO plugin. -->","yoast_head_json":{"title":"Universidad de las Artes - La SBU impulsa el programa OrientArte","description":"Universidad de las Artes - La SBU impulsa el programa OrientArte","robots":{"index":"index","follow":"follow","max-snippet":"max-snippet:-1","max-image-preview":"max-image-preview:large","max-video-preview":"max-video-preview:-1"},"canonical":"https:\/\/www.uartes.edu.ec\/sitio\/fr\/blog\/2025\/02\/04\/la-sbu-impulsa-el-programa-orientarte\/","og_locale":"fr_FR","og_type":"article","og_title":"Universidad de las Artes - La SBU impulsa el programa OrientArte","og_description":"Universidad de las Artes - La SBU impulsa el programa OrientArte","og_url":"https:\/\/www.uartes.edu.ec\/sitio\/fr\/blog\/2025\/02\/04\/la-sbu-impulsa-el-programa-orientarte\/","og_site_name":"Universidad de las Artes","article_publisher":"https:\/\/www.facebook.com\/uartesec","article_published_time":"2025-02-04T18:38:34+00:00","article_modified_time":"2025-02-13T14:46:05+00:00","og_image":[{"width":2000,"height":1333,"url":"https:\/\/www.uartes.edu.ec\/sitio\/wp-content\/uploads\/2025\/02\/12-FERIA-DE-UNIVERSIDADES-PASAJE-ILLINGWORTH-1.jpg","type":"image\/jpeg"}],"author":"ccortez","twitter_card":"summary_large_image","twitter_creator":"@uartesec","twitter_site":"@uartesec","twitter_misc":{"\u00c9crit par":"ccortez","Dur\u00e9e de lecture estim\u00e9e":"7 minutes"},"schema":{"@context":"https:\/\/schema.org","@graph":[{"@type":"Article","@id":"https:\/\/www.uartes.edu.ec\/sitio\/fr\/blog\/2025\/02\/04\/la-sbu-impulsa-el-programa-orientarte\/#article","isPartOf":{"@id":"https:\/\/www.uartes.edu.ec\/sitio\/fr\/blog\/2025\/02\/04\/la-sbu-impulsa-el-programa-orientarte\/"},"author":{"name":"ccortez","@id":"https:\/\/www.uartes.edu.ec\/sitio\/fr\/#\/schema\/person\/efa1b8275797664fd7f13a79ccc0b1f4"},"headline":"La SBU impulsa el programa OrientArte","datePublished":"2025-02-04T18:38:34+00:00","dateModified":"2025-02-13T14:46:05+00:00","mainEntityOfPage":{"@id":"https:\/\/www.uartes.edu.ec\/sitio\/fr\/blog\/2025\/02\/04\/la-sbu-impulsa-el-programa-orientarte\/"},"wordCount":1144,"commentCount":0,"publisher":{"@id":"https:\/\/www.uartes.edu.ec\/sitio\/fr\/#organization"},"image":{"@id":"https:\/\/www.uartes.edu.ec\/sitio\/fr\/blog\/2025\/02\/04\/la-sbu-impulsa-el-programa-orientarte\/#primaryimage"},"thumbnailUrl":"https:\/\/www.uartes.edu.ec\/sitio\/wp-content\/uploads\/2025\/02\/12-FERIA-DE-UNIVERSIDADES-PASAJE-ILLINGWORTH-1.jpg","keywords":["campa\u00f1a"],"articleSection":["Acad\u00e9mico","Artes Esc\u00e9nicas","Artes Sonoras","Artes Visuales","Bienestar Universitario","Cine","Docentes","Estudiantes","Literatura"],"inLanguage":"fr-FR","potentialAction":[{"@type":"CommentAction","name":"Comment","target":["https:\/\/www.uartes.edu.ec\/sitio\/fr\/blog\/2025\/02\/04\/la-sbu-impulsa-el-programa-orientarte\/#respond"]}]},{"@type":["WebPage","ItemPage"],"@id":"https:\/\/www.uartes.edu.ec\/sitio\/fr\/blog\/2025\/02\/04\/la-sbu-impulsa-el-programa-orientarte\/","url":"https:\/\/www.uartes.edu.ec\/sitio\/fr\/blog\/2025\/02\/04\/la-sbu-impulsa-el-programa-orientarte\/","name":"Universidad de las Artes - La SBU impulsa el programa OrientArte","isPartOf":{"@id":"https:\/\/www.uartes.edu.ec\/sitio\/fr\/#website"},"primaryImageOfPage":{"@id":"https:\/\/www.uartes.edu.ec\/sitio\/fr\/blog\/2025\/02\/04\/la-sbu-impulsa-el-programa-orientarte\/#primaryimage"},"image":{"@id":"https:\/\/www.uartes.edu.ec\/sitio\/fr\/blog\/2025\/02\/04\/la-sbu-impulsa-el-programa-orientarte\/#primaryimage"},"thumbnailUrl":"https:\/\/www.uartes.edu.ec\/sitio\/wp-content\/uploads\/2025\/02\/12-FERIA-DE-UNIVERSIDADES-PASAJE-ILLINGWORTH-1.jpg","datePublished":"2025-02-04T18:38:34+00:00","dateModified":"2025-02-13T14:46:05+00:00","description":"Universidad de las Artes - La SBU impulsa el programa OrientArte","breadcrumb":{"@id":"https:\/\/www.uartes.edu.ec\/sitio\/fr\/blog\/2025\/02\/04\/la-sbu-impulsa-el-programa-orientarte\/#breadcrumb"},"inLanguage":"fr-FR","potentialAction":[{"@type":"ReadAction","target":["https:\/\/www.uartes.edu.ec\/sitio\/fr\/blog\/2025\/02\/04\/la-sbu-impulsa-el-programa-orientarte\/"]}]},{"@type":"ImageObject","inLanguage":"fr-FR","@id":"https:\/\/www.uartes.edu.ec\/sitio\/fr\/blog\/2025\/02\/04\/la-sbu-impulsa-el-programa-orientarte\/#primaryimage","url":"https:\/\/www.uartes.edu.ec\/sitio\/wp-content\/uploads\/2025\/02\/12-FERIA-DE-UNIVERSIDADES-PASAJE-ILLINGWORTH-1.jpg","contentUrl":"https:\/\/www.uartes.edu.ec\/sitio\/wp-content\/uploads\/2025\/02\/12-FERIA-DE-UNIVERSIDADES-PASAJE-ILLINGWORTH-1.jpg","width":2000,"height":1333},{"@type":"BreadcrumbList","@id":"https:\/\/www.uartes.edu.ec\/sitio\/fr\/blog\/2025\/02\/04\/la-sbu-impulsa-el-programa-orientarte\/#breadcrumb","itemListElement":[{"@type":"ListItem","position":1,"name":"Inicio","item":"https:\/\/www.uartes.edu.ec\/sitio\/"},{"@type":"ListItem","position":2,"name":"La SBU impulsa el programa OrientArte"}]},{"@type":"WebSite","@id":"https:\/\/www.uartes.edu.ec\/sitio\/fr\/#website","url":"https:\/\/www.uartes.edu.ec\/sitio\/fr\/","name":"Universidad de las Artes","description":"Sitio oficial de la Universidad Nacional de las Artes del Ecuador","publisher":{"@id":"https:\/\/www.uartes.edu.ec\/sitio\/fr\/#organization"},"potentialAction":[{"@type":"SearchAction","target":{"@type":"EntryPoint","urlTemplate":"https:\/\/www.uartes.edu.ec\/sitio\/fr\/?s={search_term_string}"},"query-input":{"@type":"PropertyValueSpecification","valueRequired":true,"valueName":"search_term_string"}}],"inLanguage":"fr-FR"},{"@type":"Organization","@id":"https:\/\/www.uartes.edu.ec\/sitio\/fr\/#organization","name":"Universidad de las Artes","url":"https:\/\/www.uartes.edu.ec\/sitio\/fr\/","logo":{"@type":"ImageObject","inLanguage":"fr-FR","@id":"https:\/\/www.uartes.edu.ec\/sitio\/fr\/#\/schema\/logo\/image\/","url":"https:\/\/www.uartes.edu.ec\/sitio\/wp-content\/uploads\/2022\/07\/logo-ua-horizontal.png","contentUrl":"https:\/\/www.uartes.edu.ec\/sitio\/wp-content\/uploads\/2022\/07\/logo-ua-horizontal.png","width":800,"height":276,"caption":"Universidad de las Artes"},"image":{"@id":"https:\/\/www.uartes.edu.ec\/sitio\/fr\/#\/schema\/logo\/image\/"},"sameAs":["https:\/\/www.facebook.com\/uartesec","https:\/\/x.com\/uartesec","https:\/\/www.tiktok.com\/@uartesec"]},{"@type":"Person","@id":"https:\/\/www.uartes.edu.ec\/sitio\/fr\/#\/schema\/person\/efa1b8275797664fd7f13a79ccc0b1f4","name":"ccortez","image":{"@type":"ImageObject","inLanguage":"fr-FR","@id":"https:\/\/secure.gravatar.com\/avatar\/b2a6f664a3ae8e074346ef91775736c5ec479e637ecced6842de9dc98b5da9cd?s=96&d=mm&r=g","url":"https:\/\/secure.gravatar.com\/avatar\/b2a6f664a3ae8e074346ef91775736c5ec479e637ecced6842de9dc98b5da9cd?s=96&d=mm&r=g","contentUrl":"https:\/\/secure.gravatar.com\/avatar\/b2a6f664a3ae8e074346ef91775736c5ec479e637ecced6842de9dc98b5da9cd?s=96&d=mm&r=g","caption":"ccortez"},"url":"https:\/\/www.uartes.edu.ec\/sitio\/fr\/blog\/author\/ccortez\/"}]}},"uagb_featured_image_src":{"full":["https:\/\/www.uartes.edu.ec\/sitio\/wp-content\/uploads\/2025\/02\/12-FERIA-DE-UNIVERSIDADES-PASAJE-ILLINGWORTH-1.jpg",2000,1333,false],"thumbnail":["https:\/\/www.uartes.edu.ec\/sitio\/wp-content\/uploads\/2025\/02\/12-FERIA-DE-UNIVERSIDADES-PASAJE-ILLINGWORTH-1-150x150.jpg",150,150,true],"medium":["https:\/\/www.uartes.edu.ec\/sitio\/wp-content\/uploads\/2025\/02\/12-FERIA-DE-UNIVERSIDADES-PASAJE-ILLINGWORTH-1-300x200.jpg",300,200,true],"medium_large":["https:\/\/www.uartes.edu.ec\/sitio\/wp-content\/uploads\/2025\/02\/12-FERIA-DE-UNIVERSIDADES-PASAJE-ILLINGWORTH-1-768x512.jpg",768,512,true],"large":["https:\/\/www.uartes.edu.ec\/sitio\/wp-content\/uploads\/2025\/02\/12-FERIA-DE-UNIVERSIDADES-PASAJE-ILLINGWORTH-1-644x429.jpg",644,429,true],"1536x1536":["https:\/\/www.uartes.edu.ec\/sitio\/wp-content\/uploads\/2025\/02\/12-FERIA-DE-UNIVERSIDADES-PASAJE-ILLINGWORTH-1-1536x1024.jpg",1536,1024,true],"2048x2048":["https:\/\/www.uartes.edu.ec\/sitio\/wp-content\/uploads\/2025\/02\/12-FERIA-DE-UNIVERSIDADES-PASAJE-ILLINGWORTH-1.jpg",2000,1333,false],"trp-custom-language-flag":["https:\/\/www.uartes.edu.ec\/sitio\/wp-content\/uploads\/2025\/02\/12-FERIA-DE-UNIVERSIDADES-PASAJE-ILLINGWORTH-1-18x12.jpg",18,12,true],"htmega_size_585x295":["https:\/\/www.uartes.edu.ec\/sitio\/wp-content\/uploads\/2025\/02\/12-FERIA-DE-UNIVERSIDADES-PASAJE-ILLINGWORTH-1-585x295.jpg",585,295,true],"htmega_size_1170x536":["https:\/\/www.uartes.edu.ec\/sitio\/wp-content\/uploads\/2025\/02\/12-FERIA-DE-UNIVERSIDADES-PASAJE-ILLINGWORTH-1-1170x536.jpg",1170,536,true],"htmega_size_396x360":["https:\/\/www.uartes.edu.ec\/sitio\/wp-content\/uploads\/2025\/02\/12-FERIA-DE-UNIVERSIDADES-PASAJE-ILLINGWORTH-1-396x360.jpg",396,360,true],"gb-block-post-grid-landscape":["https:\/\/www.uartes.edu.ec\/sitio\/wp-content\/uploads\/2025\/02\/12-FERIA-DE-UNIVERSIDADES-PASAJE-ILLINGWORTH-1-600x400.jpg",600,400,true],"gb-block-post-grid-square":["https:\/\/www.uartes.edu.ec\/sitio\/wp-content\/uploads\/2025\/02\/12-FERIA-DE-UNIVERSIDADES-PASAJE-ILLINGWORTH-1-600x600.jpg",600,600,true],"university-hub-thumb":["https:\/\/www.uartes.edu.ec\/sitio\/wp-content\/uploads\/2025\/02\/12-FERIA-DE-UNIVERSIDADES-PASAJE-ILLINGWORTH-1-400x267.jpg",400,267,true]},"uagb_author_info":{"display_name":"ccortez","author_link":"https:\/\/www.uartes.edu.ec\/sitio\/fr\/blog\/author\/ccortez\/"},"uagb_comment_info":0,"uagb_excerpt":"El programa se enmarca en los servicios de orientaci\u00f3n vocacional y profesional que la UArtes siempre ha proporcionado y mantenido vigentes, sin embargo, ante la importancia de que la comunidad estudiantil tenga presente que puede recurrir a ellos para cuando tenga inquietudes en torno a la carrera que cursa y\/o el horizonte que tendr\u00e1 al\u2026","featured_image_src":"https:\/\/www.uartes.edu.ec\/sitio\/wp-content\/uploads\/2025\/02\/12-FERIA-DE-UNIVERSIDADES-PASAJE-ILLINGWORTH-1-600x400.jpg","featured_image_src_square":"https:\/\/www.uartes.edu.ec\/sitio\/wp-content\/uploads\/2025\/02\/12-FERIA-DE-UNIVERSIDADES-PASAJE-ILLINGWORTH-1-600x600.jpg","author_info":{"display_name":"ccortez","author_link":"https:\/\/www.uartes.edu.ec\/sitio\/fr\/blog\/author\/ccortez\/"},"publishpress_future_workflow_manual_trigger":{"enabledWorkflows":[]},"distributor_meta":false,"distributor_terms":false,"distributor_media":false,"distributor_original_site_name":"Universidad de las Artes","distributor_original_site_url":"https:\/\/www.uartes.edu.ec\/sitio\/fr","push-errors":false,"_links":{"self":[{"href":"https:\/\/www.uartes.edu.ec\/sitio\/fr\/wp-json\/wp\/v2\/posts\/67951","targetHints":{"allow":["GET"]}}],"collection":[{"href":"https:\/\/www.uartes.edu.ec\/sitio\/fr\/wp-json\/wp\/v2\/posts"}],"about":[{"href":"https:\/\/www.uartes.edu.ec\/sitio\/fr\/wp-json\/wp\/v2\/types\/post"}],"author":[{"embeddable":true,"href":"https:\/\/www.uartes.edu.ec\/sitio\/fr\/wp-json\/wp\/v2\/users\/10"}],"replies":[{"embeddable":true,"href":"https:\/\/www.uartes.edu.ec\/sitio\/fr\/wp-json\/wp\/v2\/comments?post=67951"}],"version-history":[{"count":4,"href":"https:\/\/www.uartes.edu.ec\/sitio\/fr\/wp-json\/wp\/v2\/posts\/67951\/revisions"}],"predecessor-version":[{"id":68144,"href":"https:\/\/www.uartes.edu.ec\/sitio\/fr\/wp-json\/wp\/v2\/posts\/67951\/revisions\/68144"}],"wp:featuredmedia":[{"embeddable":true,"href":"https:\/\/www.uartes.edu.ec\/sitio\/fr\/wp-json\/wp\/v2\/media\/67952"}],"wp:attachment":[{"href":"https:\/\/www.uartes.edu.ec\/sitio\/fr\/wp-json\/wp\/v2\/media?parent=67951"}],"wp:term":[{"taxonomy":"category","embeddable":true,"href":"https:\/\/www.uartes.edu.ec\/sitio\/fr\/wp-json\/wp\/v2\/categories?post=67951"},{"taxonomy":"post_tag","embeddable":true,"href":"https:\/\/www.uartes.edu.ec\/sitio\/fr\/wp-json\/wp\/v2\/tags?post=67951"},{"taxonomy":"infouartes","embeddable":true,"href":"https:\/\/www.uartes.edu.ec\/sitio\/fr\/wp-json\/wp\/v2\/infouartes?post=67951"}],"curies":[{"name":"wp","href":"https:\/\/api.w.org\/{rel}","templated":true}]}}