{"id":67986,"date":"2025-02-04T16:30:00","date_gmt":"2025-02-04T21:30:00","guid":{"rendered":"https:\/\/www.uartes.edu.ec\/sitio\/?p=67986"},"modified":"2025-02-14T15:10:54","modified_gmt":"2025-02-14T20:10:54","slug":"presentacion-y-muestra-en-el-cierre-del-proyecto-de-vinculacion-escena-corpoludica","status":"publish","type":"post","link":"https:\/\/www.uartes.edu.ec\/sitio\/fr\/blog\/2025\/02\/04\/presentacion-y-muestra-en-el-cierre-del-proyecto-de-vinculacion-escena-corpoludica\/","title":{"rendered":"Presentaci\u00f3n y muestra, en el cierre del proyecto UArtes \u201cEscena Corpol\u00fadica\u201d"},"content":{"rendered":"<p>El sal\u00f3n 305 del edificio T\u00e1bara fue, el 31 de enero pasado, el escenario donde el proyecto de vinculaci\u00f3n con la comunidad \u201cEscena Corpol\u00fadica\u201d de la Universidad de las Artes realiz\u00f3 la presentaci\u00f3n del cierre de un proceso creativo que se desarroll\u00f3 en la Casa Hogar Infanto Femenino del MIES (Ministerio de Inclusi\u00f3n Econ\u00f3mica y Social).<\/p>\n\n\n\n<p>El proyecto estuvo dirigido a las ni\u00f1as y adolescentes que all\u00ed se encuentran y en su desarrollo participaron junto a sus docentes-directores Lorena Toro y Diego Ortega, de Artes Esc\u00e9nicas, los estudiantes de esta escuela y de las escuelas de Artes Visuales y Cine, formando un equipo multidisciplinario que indag\u00f3 en la expresi\u00f3n corporal, escritura e imagen como herramientas de autoconocimiento y fortalecimiento personal.<\/p>\n\n\n\n<p>Siete ni\u00f1as de la Casa Hogar participaron en los dos ejercicios visuales llevados a escena y que fueron escritos y dirigidos por dos de ellas. En la realizaci\u00f3n, producci\u00f3n y actuaci\u00f3n intervinieron tambi\u00e9n diez estudiantes y una alumnus UArtes. La culminaci\u00f3n del proyecto \u201cEscena Corpol\u00fadica\u201d, anotaron los docentes-directores, representa la materializaci\u00f3n de un a\u00f1o de encuentros donde el arte y el juego han sido los principales medios de creaci\u00f3n y aprendizaje.<\/p>\n\n\n<div class=\"wp-block-image\">\n<figure class=\"aligncenter size-large\"><img fetchpriority=\"high\" decoding=\"async\" width=\"644\" height=\"429\" src=\"https:\/\/www.uartes.edu.ec\/sitio\/wp-content\/uploads\/2025\/02\/03-EL-644x429.jpg\" alt=\"\" class=\"wp-image-67987\" srcset=\"https:\/\/www.uartes.edu.ec\/sitio\/wp-content\/uploads\/2025\/02\/03-EL-644x429.jpg 644w, https:\/\/www.uartes.edu.ec\/sitio\/wp-content\/uploads\/2025\/02\/03-EL-300x200.jpg 300w, https:\/\/www.uartes.edu.ec\/sitio\/wp-content\/uploads\/2025\/02\/03-EL-768x512.jpg 768w, https:\/\/www.uartes.edu.ec\/sitio\/wp-content\/uploads\/2025\/02\/03-EL-1536x1024.jpg 1536w, https:\/\/www.uartes.edu.ec\/sitio\/wp-content\/uploads\/2025\/02\/03-EL-18x12.jpg 18w, https:\/\/www.uartes.edu.ec\/sitio\/wp-content\/uploads\/2025\/02\/03-EL-600x400.jpg 600w, https:\/\/www.uartes.edu.ec\/sitio\/wp-content\/uploads\/2025\/02\/03-EL-400x267.jpg 400w, https:\/\/www.uartes.edu.ec\/sitio\/wp-content\/uploads\/2025\/02\/03-EL-272x182.jpg 272w, https:\/\/www.uartes.edu.ec\/sitio\/wp-content\/uploads\/2025\/02\/03-EL.jpg 2000w\" sizes=\"(max-width: 644px) 100vw, 644px\" \/><\/figure>\n<\/div>\n\n\n<p>Lorena Toro y Diego Ortega hicieron el anuncio de la puesta en escena, que tuvo entre su p\u00fablico a miembros de la comunidad universitaria y sus autoridades: el rector William Herrera y el vicerrector acad\u00e9mico Bradley Hilgert. Lo que veremos en el cierre de \u201cEscena Corpol\u00fadica\u201d es el resultado de un c\u00famulo de encuentros donde el juego fue la herramienta constante de exploraci\u00f3n y creaci\u00f3n entre un grupo de adolescentes y estudiantes de Artes Esc\u00e9nicas, Visuales y Cine, se indic\u00f3, destacando tambi\u00e9n la antesala donde se expusieron fotograf\u00edas del proceso.<\/p>\n\n\n\n<p>Y es que el objetivo de cada uno de los encuentros mencionados fue reconocer saberes propios a trav\u00e9s del manejo corporal, del dibujo, del sonido, de lo visual y la escritura, generando con las ni\u00f1as de la Casa Hogar espacios de sensibilidad y cuidados para fortalecer su autoestima.<\/p>\n\n\n<div class=\"wp-block-image\">\n<figure class=\"aligncenter size-large\"><img decoding=\"async\" width=\"644\" height=\"429\" src=\"https:\/\/www.uartes.edu.ec\/sitio\/wp-content\/uploads\/2025\/02\/01-EL-644x429.jpg\" alt=\"\" class=\"wp-image-67988\" srcset=\"https:\/\/www.uartes.edu.ec\/sitio\/wp-content\/uploads\/2025\/02\/01-EL-644x429.jpg 644w, https:\/\/www.uartes.edu.ec\/sitio\/wp-content\/uploads\/2025\/02\/01-EL-300x200.jpg 300w, https:\/\/www.uartes.edu.ec\/sitio\/wp-content\/uploads\/2025\/02\/01-EL-768x512.jpg 768w, https:\/\/www.uartes.edu.ec\/sitio\/wp-content\/uploads\/2025\/02\/01-EL-1536x1024.jpg 1536w, https:\/\/www.uartes.edu.ec\/sitio\/wp-content\/uploads\/2025\/02\/01-EL-18x12.jpg 18w, https:\/\/www.uartes.edu.ec\/sitio\/wp-content\/uploads\/2025\/02\/01-EL-600x400.jpg 600w, https:\/\/www.uartes.edu.ec\/sitio\/wp-content\/uploads\/2025\/02\/01-EL-400x267.jpg 400w, https:\/\/www.uartes.edu.ec\/sitio\/wp-content\/uploads\/2025\/02\/01-EL-272x182.jpg 272w, https:\/\/www.uartes.edu.ec\/sitio\/wp-content\/uploads\/2025\/02\/01-EL.jpg 2000w\" sizes=\"(max-width: 644px) 100vw, 644px\" \/><\/figure>\n<\/div>\n\n\n<p>Sin mayores pre\u00e1mbulos, Lorena Toro y Diego Ortega dieron paso a la presentaci\u00f3n, la cual, al concluir, evidenci\u00f3 la emoci\u00f3n no solo de sus protagonistas y de las estudiantes UArtes que actuaron con ellas \u2013demostrando el sentido de acompa\u00f1amiento que prim\u00f3 durante el desarrollo del proyecto\u2013, sino a quienes asistieron. Al final, se hizo la entrega de un certificado de participaci\u00f3n de las ni\u00f1as de la Casa Hogar en el proyecto. &nbsp;<\/p>\n\n\n\n<p>Previa a la presentaci\u00f3n, InfoUArtes dialog\u00f3 con Lorena Toro y Diego Ortega acerca de \u201cEscena Corpol\u00fadica\u201d. Este proyecto de vinculaci\u00f3n con la comunidad, se\u00f1alaron, naci\u00f3 en 2024 y en mayo de ese a\u00f1o entraron a la Casa Hogar Infanto Femenino del MIES.<\/p>\n\n\n\n<p>Lo plantearon en dos etapas. En la primera, talleres para las ni\u00f1as y adolescentes de la Casa Hogar en los que intervinieron estudiantes y alumni de las Escuelas de Artes Esc\u00e9nicas, Artes Visuales, Artes Sonoras y Cine. Les dieron, comenta Toro, talleres puntuales de sus pr\u00e1cticas pedag\u00f3gicas porque el proyecto se plante\u00f3 a partir de la pedagog\u00eda en artes interdisciplinar y de proveer herramientas para fortalecer su autoestima en un contexto de encierro y vulnerabilidad en el que se hallan.<\/p>\n\n\n<div class=\"wp-block-image\">\n<figure class=\"aligncenter size-large\"><img decoding=\"async\" width=\"644\" height=\"429\" src=\"https:\/\/www.uartes.edu.ec\/sitio\/wp-content\/uploads\/2025\/02\/05-EL-644x429.jpg\" alt=\"\" class=\"wp-image-67989\" srcset=\"https:\/\/www.uartes.edu.ec\/sitio\/wp-content\/uploads\/2025\/02\/05-EL-644x429.jpg 644w, https:\/\/www.uartes.edu.ec\/sitio\/wp-content\/uploads\/2025\/02\/05-EL-300x200.jpg 300w, https:\/\/www.uartes.edu.ec\/sitio\/wp-content\/uploads\/2025\/02\/05-EL-768x512.jpg 768w, https:\/\/www.uartes.edu.ec\/sitio\/wp-content\/uploads\/2025\/02\/05-EL-1536x1024.jpg 1536w, https:\/\/www.uartes.edu.ec\/sitio\/wp-content\/uploads\/2025\/02\/05-EL-18x12.jpg 18w, https:\/\/www.uartes.edu.ec\/sitio\/wp-content\/uploads\/2025\/02\/05-EL-600x400.jpg 600w, https:\/\/www.uartes.edu.ec\/sitio\/wp-content\/uploads\/2025\/02\/05-EL-400x267.jpg 400w, https:\/\/www.uartes.edu.ec\/sitio\/wp-content\/uploads\/2025\/02\/05-EL-272x182.jpg 272w, https:\/\/www.uartes.edu.ec\/sitio\/wp-content\/uploads\/2025\/02\/05-EL.jpg 2000w\" sizes=\"(max-width: 644px) 100vw, 644px\" \/><\/figure>\n<\/div>\n\n\n<p>Se los plantearon a alumni que tienen subproyectos de investigaci\u00f3n personal en torno a la pedagog\u00eda desde las Artes Esc\u00e9nicas, Visuales, Sonoras y el Cine. Dieron talleres donde lo vertebral era el cuerpo y el juego y, a partir de eso, c\u00f3mo se relaciona con el dibujo, la sonoridad, la imagen.<\/p>\n\n\n\n<p>Adem\u00e1s de puntuales, los talleres fueron transversales, ya que los estudiantes de las carreras mencionadas armaron peque\u00f1as actividades, en tanto que Toro y Ortega organizaron las propuestas. Entre estas: \u201cCuerpo, objeto y movimiento\u201d, en el que particip\u00f3 Visuales; luego, \u201cCuerpo, imagen y movimiento\u201d, con la intervenci\u00f3n de Cine; y \u201cCuerpo, escena y sonido\u201d, en la que tom\u00f3 parte un alumno de Sonoras.<\/p>\n\n\n\n<p>Plantearon una estructura, anota Ortega y destaca lo interdisciplinario, teniendo como base el cuerpo y el juego. \u201cLa idea no era abrir un taller solo de Visuales, por ejemplo, sino que los talleres se desarrollar\u00e1n mediante el di\u00e1logo entre dos carreras\u201d. Y as\u00ed, participaron estudiantes de Sonoras con Creaci\u00f3n Teatral, de Danza con Visuales.<\/p>\n\n\n<div class=\"wp-block-image\">\n<figure class=\"aligncenter size-large\"><img loading=\"lazy\" decoding=\"async\" width=\"644\" height=\"429\" src=\"https:\/\/www.uartes.edu.ec\/sitio\/wp-content\/uploads\/2025\/02\/06-EL-644x429.jpg\" alt=\"\" class=\"wp-image-67991\" srcset=\"https:\/\/www.uartes.edu.ec\/sitio\/wp-content\/uploads\/2025\/02\/06-EL-644x429.jpg 644w, https:\/\/www.uartes.edu.ec\/sitio\/wp-content\/uploads\/2025\/02\/06-EL-300x200.jpg 300w, https:\/\/www.uartes.edu.ec\/sitio\/wp-content\/uploads\/2025\/02\/06-EL-768x512.jpg 768w, https:\/\/www.uartes.edu.ec\/sitio\/wp-content\/uploads\/2025\/02\/06-EL-1536x1024.jpg 1536w, https:\/\/www.uartes.edu.ec\/sitio\/wp-content\/uploads\/2025\/02\/06-EL-18x12.jpg 18w, https:\/\/www.uartes.edu.ec\/sitio\/wp-content\/uploads\/2025\/02\/06-EL-600x400.jpg 600w, https:\/\/www.uartes.edu.ec\/sitio\/wp-content\/uploads\/2025\/02\/06-EL-400x267.jpg 400w, https:\/\/www.uartes.edu.ec\/sitio\/wp-content\/uploads\/2025\/02\/06-EL-272x182.jpg 272w, https:\/\/www.uartes.edu.ec\/sitio\/wp-content\/uploads\/2025\/02\/06-EL.jpg 2000w\" sizes=\"(max-width: 644px) 100vw, 644px\" \/><\/figure>\n<\/div>\n\n\n<p>A los alumni que invitaron les plantearon c\u00f3mo pensar su iniciativa desde la corporalidad, dice Toro y menciona entre quienes respondieron a Juan Carlos Vargas, cuyo proyecto, \u201cLa fiesta del dibujo\u201d, implicaba cuerpo, movimiento y juego, gener\u00e1ndose dibujos de acuerdo a consignas que \u00e9l fue planteando para animar a quienes nunca trabajaron dibujos a hacerlo e incluso, mediante esta herramienta, expresarse. \u201cSalieron cosas muy lindas y reflexivas\u201d, comenta la docente.<\/p>\n\n\n\n<p>Menciona tambi\u00e9n a otra estudiante de Artes Esc\u00e9nicas, Gabriela Orellana, quien trabaj\u00f3 el uso del cuerpo a partir de herramientas que ella tiene en su pr\u00e1ctica desde el yoga, pero que lo traslad\u00f3 a lo l\u00fadico; desde all\u00ed fueron trabajando escenas desde lo que iban sintiendo, donde no estaba la palabra, pero s\u00ed el cuerpo.<\/p>\n\n\n\n<p>Lorena Toro revela que a la segunda etapa del proyecto se sum\u00f3 una alumna de Artes Sonoras, quien trabaj\u00f3 todo sobre el ritmo. \u201cUn poco complejo porque dado el estado de vulnerabilidad de las ni\u00f1as y j\u00f3venes de la Casa Hogar \u2013puesto que, aunque est\u00e1n all\u00ed bien cuidadas, se mantienen en encierro, medicadas y con problemas neuronal, psicol\u00f3gico y emocional\u2013 hubo momentos en que no quer\u00edan participar en las actividades. Al inicio logramos que 20 de ellas intervinieran, pero al final nos quedamos con siete. Ha sido, adem\u00e1s, un trabajo personalizado\u201d.<\/p>\n\n\n<div class=\"wp-block-image\">\n<figure class=\"aligncenter size-large\"><img loading=\"lazy\" decoding=\"async\" width=\"644\" height=\"429\" src=\"https:\/\/www.uartes.edu.ec\/sitio\/wp-content\/uploads\/2025\/02\/02-EL-644x429.jpg\" alt=\"\" class=\"wp-image-67990\" srcset=\"https:\/\/www.uartes.edu.ec\/sitio\/wp-content\/uploads\/2025\/02\/02-EL-644x429.jpg 644w, https:\/\/www.uartes.edu.ec\/sitio\/wp-content\/uploads\/2025\/02\/02-EL-300x200.jpg 300w, https:\/\/www.uartes.edu.ec\/sitio\/wp-content\/uploads\/2025\/02\/02-EL-768x512.jpg 768w, https:\/\/www.uartes.edu.ec\/sitio\/wp-content\/uploads\/2025\/02\/02-EL-1536x1024.jpg 1536w, https:\/\/www.uartes.edu.ec\/sitio\/wp-content\/uploads\/2025\/02\/02-EL-18x12.jpg 18w, https:\/\/www.uartes.edu.ec\/sitio\/wp-content\/uploads\/2025\/02\/02-EL-600x400.jpg 600w, https:\/\/www.uartes.edu.ec\/sitio\/wp-content\/uploads\/2025\/02\/02-EL-400x267.jpg 400w, https:\/\/www.uartes.edu.ec\/sitio\/wp-content\/uploads\/2025\/02\/02-EL-272x182.jpg 272w, https:\/\/www.uartes.edu.ec\/sitio\/wp-content\/uploads\/2025\/02\/02-EL.jpg 2000w\" sizes=\"(max-width: 644px) 100vw, 644px\" \/><\/figure>\n<\/div>\n\n\n<p>Texto: Carmen Cortez\/Dircom. Fotos: Tyronne Maridue\u00f1a\/Dircom.<br>Las im\u00e1genes recogen momentos de la presentaci\u00f3n, una exposici\u00f3n de lo trabajado con las ni\u00f1as y adolescentes de la Casa Hogar Infanto Femenino del MIES y la entrega de certificados donde constan junto con los docentes de la Escuela de Artes Esc\u00e9nicas, Lorena Toro y Diego Ortega, directores del proyecto, el rector William Herrera, el vicerrector acad\u00e9mico Bradley Hilgert y una funcionaria del Ministerio de Inclusi\u00f3n Econ\u00f3mica y Social.<\/p>","protected":false},"excerpt":{"rendered":"<p>El sal\u00f3n 305 del T\u00e1bara fue escenario del cierre del proyecto de v\u00ednculo \u201cEscena Corpol\u00fadica\u201d, desarrollado en la Casa Hogar Infanto Femenino del MIES. Estuvo dirigido a las ni\u00f1as y adolescentes que all\u00ed se encuentran. Participaron con sus docentes-directores, Lorena Toro y Diego Ortega, estudiantes de Esc\u00e9nicas, Visuales, Cine y Sonoras, equipo multidisciplinario que indag\u00f3 en la expresi\u00f3n corporal, escritura e imagen como herramientas de autoconocimiento.<\/p>","protected":false},"author":10,"featured_media":68021,"comment_status":"open","ping_status":"open","sticky":false,"template":"","format":"standard","meta":{"_acf_changed":false,"_uag_custom_page_level_css":"","_monsterinsights_skip_tracking":false,"_monsterinsights_sitenote_active":false,"_monsterinsights_sitenote_note":"","_monsterinsights_sitenote_category":0,"cybocfi_hide_featured_image":"","footnotes":""},"categories":[80,490,159,150,157,147,75,76,284,79],"tags":[518],"infouartes":[],"class_list":["post-67986","post","type-post","status-publish","format-standard","has-post-thumbnail","hentry","category-academico","category-alumni","category-artes-escenicas","category-artes-sonoras","category-artes-visuales","category-cine","category-docentes","category-estudiantes","category-investigacion","category-vinculo","tag-produccion"],"acf":[],"yoast_head":"<!-- This site is optimized with the Yoast SEO plugin v27.4 - https:\/\/yoast.com\/product\/yoast-seo-wordpress\/ -->\n<title>Universidad de las Artes - Presentaci\u00f3n y muestra, en el cierre del proyecto UArtes \u201cEscena Corpol\u00fadica\u201d<\/title>\n<meta name=\"description\" content=\"Universidad de las Artes - Presentaci\u00f3n y muestra, en el cierre del proyecto UArtes \u201cEscena Corpol\u00fadica\u201d\" \/>\n<meta name=\"robots\" content=\"index, follow, max-snippet:-1, max-image-preview:large, max-video-preview:-1\" \/>\n<link rel=\"canonical\" href=\"https:\/\/www.uartes.edu.ec\/sitio\/fr\/blog\/2025\/02\/04\/presentacion-y-muestra-en-el-cierre-del-proyecto-de-vinculacion-escena-corpoludica\/\" \/>\n<meta property=\"og:locale\" content=\"fr_FR\" \/>\n<meta property=\"og:type\" content=\"article\" \/>\n<meta property=\"og:title\" content=\"Universidad de las Artes - Presentaci\u00f3n y muestra, en el cierre del proyecto UArtes \u201cEscena Corpol\u00fadica\u201d\" \/>\n<meta property=\"og:description\" content=\"Universidad de las Artes - Presentaci\u00f3n y muestra, en el cierre del proyecto UArtes \u201cEscena Corpol\u00fadica\u201d\" \/>\n<meta property=\"og:url\" content=\"https:\/\/www.uartes.edu.ec\/sitio\/fr\/blog\/2025\/02\/04\/presentacion-y-muestra-en-el-cierre-del-proyecto-de-vinculacion-escena-corpoludica\/\" \/>\n<meta property=\"og:site_name\" content=\"Universidad de las Artes\" \/>\n<meta property=\"article:publisher\" content=\"https:\/\/www.facebook.com\/uartesec\" \/>\n<meta property=\"article:published_time\" content=\"2025-02-04T21:30:00+00:00\" \/>\n<meta property=\"article:modified_time\" content=\"2025-02-14T20:10:54+00:00\" \/>\n<meta property=\"og:image\" content=\"https:\/\/www.uartes.edu.ec\/sitio\/wp-content\/uploads\/2025\/02\/04-EL.jpg\" \/>\n\t<meta property=\"og:image:width\" content=\"2000\" \/>\n\t<meta property=\"og:image:height\" content=\"1333\" \/>\n\t<meta property=\"og:image:type\" content=\"image\/jpeg\" \/>\n<meta name=\"author\" content=\"ccortez\" \/>\n<meta name=\"twitter:card\" content=\"summary_large_image\" \/>\n<meta name=\"twitter:creator\" content=\"@uartesec\" \/>\n<meta name=\"twitter:site\" content=\"@uartesec\" \/>\n<meta name=\"twitter:label1\" content=\"\u00c9crit par\" \/>\n\t<meta name=\"twitter:data1\" content=\"ccortez\" \/>\n\t<meta name=\"twitter:label2\" content=\"Dur\u00e9e de lecture estim\u00e9e\" \/>\n\t<meta name=\"twitter:data2\" content=\"6 minutes\" \/>\n<script type=\"application\/ld+json\" class=\"yoast-schema-graph\">{\"@context\":\"https:\\\/\\\/schema.org\",\"@graph\":[{\"@type\":\"Article\",\"@id\":\"https:\\\/\\\/www.uartes.edu.ec\\\/sitio\\\/fr\\\/blog\\\/2025\\\/02\\\/04\\\/presentacion-y-muestra-en-el-cierre-del-proyecto-de-vinculacion-escena-corpoludica\\\/#article\",\"isPartOf\":{\"@id\":\"https:\\\/\\\/www.uartes.edu.ec\\\/sitio\\\/fr\\\/blog\\\/2025\\\/02\\\/04\\\/presentacion-y-muestra-en-el-cierre-del-proyecto-de-vinculacion-escena-corpoludica\\\/\"},\"author\":{\"name\":\"ccortez\",\"@id\":\"https:\\\/\\\/www.uartes.edu.ec\\\/sitio\\\/fr\\\/#\\\/schema\\\/person\\\/efa1b8275797664fd7f13a79ccc0b1f4\"},\"headline\":\"Presentaci\u00f3n y muestra, en el cierre del proyecto UArtes \u201cEscena Corpol\u00fadica\u201d\",\"datePublished\":\"2025-02-04T21:30:00+00:00\",\"dateModified\":\"2025-02-14T20:10:54+00:00\",\"mainEntityOfPage\":{\"@id\":\"https:\\\/\\\/www.uartes.edu.ec\\\/sitio\\\/fr\\\/blog\\\/2025\\\/02\\\/04\\\/presentacion-y-muestra-en-el-cierre-del-proyecto-de-vinculacion-escena-corpoludica\\\/\"},\"wordCount\":1070,\"commentCount\":0,\"publisher\":{\"@id\":\"https:\\\/\\\/www.uartes.edu.ec\\\/sitio\\\/fr\\\/#organization\"},\"image\":{\"@id\":\"https:\\\/\\\/www.uartes.edu.ec\\\/sitio\\\/fr\\\/blog\\\/2025\\\/02\\\/04\\\/presentacion-y-muestra-en-el-cierre-del-proyecto-de-vinculacion-escena-corpoludica\\\/#primaryimage\"},\"thumbnailUrl\":\"https:\\\/\\\/www.uartes.edu.ec\\\/sitio\\\/wp-content\\\/uploads\\\/2025\\\/02\\\/04-EL.jpg\",\"keywords\":[\"producci\u00f3n\"],\"articleSection\":[\"Acad\u00e9mico\",\"Alumni\",\"Artes Esc\u00e9nicas\",\"Artes Sonoras\",\"Artes Visuales\",\"Cine\",\"Docentes\",\"Estudiantes\",\"Investigaci\u00f3n\",\"V\u00ednculo\"],\"inLanguage\":\"fr-FR\",\"potentialAction\":[{\"@type\":\"CommentAction\",\"name\":\"Comment\",\"target\":[\"https:\\\/\\\/www.uartes.edu.ec\\\/sitio\\\/fr\\\/blog\\\/2025\\\/02\\\/04\\\/presentacion-y-muestra-en-el-cierre-del-proyecto-de-vinculacion-escena-corpoludica\\\/#respond\"]}]},{\"@type\":[\"WebPage\",\"ItemPage\"],\"@id\":\"https:\\\/\\\/www.uartes.edu.ec\\\/sitio\\\/fr\\\/blog\\\/2025\\\/02\\\/04\\\/presentacion-y-muestra-en-el-cierre-del-proyecto-de-vinculacion-escena-corpoludica\\\/\",\"url\":\"https:\\\/\\\/www.uartes.edu.ec\\\/sitio\\\/fr\\\/blog\\\/2025\\\/02\\\/04\\\/presentacion-y-muestra-en-el-cierre-del-proyecto-de-vinculacion-escena-corpoludica\\\/\",\"name\":\"Universidad de las Artes - Presentaci\u00f3n y muestra, en el cierre del proyecto UArtes \u201cEscena Corpol\u00fadica\u201d\",\"isPartOf\":{\"@id\":\"https:\\\/\\\/www.uartes.edu.ec\\\/sitio\\\/fr\\\/#website\"},\"primaryImageOfPage\":{\"@id\":\"https:\\\/\\\/www.uartes.edu.ec\\\/sitio\\\/fr\\\/blog\\\/2025\\\/02\\\/04\\\/presentacion-y-muestra-en-el-cierre-del-proyecto-de-vinculacion-escena-corpoludica\\\/#primaryimage\"},\"image\":{\"@id\":\"https:\\\/\\\/www.uartes.edu.ec\\\/sitio\\\/fr\\\/blog\\\/2025\\\/02\\\/04\\\/presentacion-y-muestra-en-el-cierre-del-proyecto-de-vinculacion-escena-corpoludica\\\/#primaryimage\"},\"thumbnailUrl\":\"https:\\\/\\\/www.uartes.edu.ec\\\/sitio\\\/wp-content\\\/uploads\\\/2025\\\/02\\\/04-EL.jpg\",\"datePublished\":\"2025-02-04T21:30:00+00:00\",\"dateModified\":\"2025-02-14T20:10:54+00:00\",\"description\":\"Universidad de las Artes - Presentaci\u00f3n y muestra, en el cierre del proyecto UArtes \u201cEscena Corpol\u00fadica\u201d\",\"breadcrumb\":{\"@id\":\"https:\\\/\\\/www.uartes.edu.ec\\\/sitio\\\/fr\\\/blog\\\/2025\\\/02\\\/04\\\/presentacion-y-muestra-en-el-cierre-del-proyecto-de-vinculacion-escena-corpoludica\\\/#breadcrumb\"},\"inLanguage\":\"fr-FR\",\"potentialAction\":[{\"@type\":\"ReadAction\",\"target\":[\"https:\\\/\\\/www.uartes.edu.ec\\\/sitio\\\/fr\\\/blog\\\/2025\\\/02\\\/04\\\/presentacion-y-muestra-en-el-cierre-del-proyecto-de-vinculacion-escena-corpoludica\\\/\"]}]},{\"@type\":\"ImageObject\",\"inLanguage\":\"fr-FR\",\"@id\":\"https:\\\/\\\/www.uartes.edu.ec\\\/sitio\\\/fr\\\/blog\\\/2025\\\/02\\\/04\\\/presentacion-y-muestra-en-el-cierre-del-proyecto-de-vinculacion-escena-corpoludica\\\/#primaryimage\",\"url\":\"https:\\\/\\\/www.uartes.edu.ec\\\/sitio\\\/wp-content\\\/uploads\\\/2025\\\/02\\\/04-EL.jpg\",\"contentUrl\":\"https:\\\/\\\/www.uartes.edu.ec\\\/sitio\\\/wp-content\\\/uploads\\\/2025\\\/02\\\/04-EL.jpg\",\"width\":2000,\"height\":1333},{\"@type\":\"BreadcrumbList\",\"@id\":\"https:\\\/\\\/www.uartes.edu.ec\\\/sitio\\\/fr\\\/blog\\\/2025\\\/02\\\/04\\\/presentacion-y-muestra-en-el-cierre-del-proyecto-de-vinculacion-escena-corpoludica\\\/#breadcrumb\",\"itemListElement\":[{\"@type\":\"ListItem\",\"position\":1,\"name\":\"Inicio\",\"item\":\"https:\\\/\\\/www.uartes.edu.ec\\\/sitio\\\/\"},{\"@type\":\"ListItem\",\"position\":2,\"name\":\"Presentaci\u00f3n y muestra, en el cierre del proyecto UArtes \u201cEscena Corpol\u00fadica\u201d\"}]},{\"@type\":\"WebSite\",\"@id\":\"https:\\\/\\\/www.uartes.edu.ec\\\/sitio\\\/fr\\\/#website\",\"url\":\"https:\\\/\\\/www.uartes.edu.ec\\\/sitio\\\/fr\\\/\",\"name\":\"Universidad de las Artes\",\"description\":\"Sitio oficial de la Universidad Nacional de las Artes del Ecuador\",\"publisher\":{\"@id\":\"https:\\\/\\\/www.uartes.edu.ec\\\/sitio\\\/fr\\\/#organization\"},\"potentialAction\":[{\"@type\":\"SearchAction\",\"target\":{\"@type\":\"EntryPoint\",\"urlTemplate\":\"https:\\\/\\\/www.uartes.edu.ec\\\/sitio\\\/fr\\\/?s={search_term_string}\"},\"query-input\":{\"@type\":\"PropertyValueSpecification\",\"valueRequired\":true,\"valueName\":\"search_term_string\"}}],\"inLanguage\":\"fr-FR\"},{\"@type\":\"Organization\",\"@id\":\"https:\\\/\\\/www.uartes.edu.ec\\\/sitio\\\/fr\\\/#organization\",\"name\":\"Universidad de las Artes\",\"url\":\"https:\\\/\\\/www.uartes.edu.ec\\\/sitio\\\/fr\\\/\",\"logo\":{\"@type\":\"ImageObject\",\"inLanguage\":\"fr-FR\",\"@id\":\"https:\\\/\\\/www.uartes.edu.ec\\\/sitio\\\/fr\\\/#\\\/schema\\\/logo\\\/image\\\/\",\"url\":\"https:\\\/\\\/www.uartes.edu.ec\\\/sitio\\\/wp-content\\\/uploads\\\/2022\\\/07\\\/logo-ua-horizontal.png\",\"contentUrl\":\"https:\\\/\\\/www.uartes.edu.ec\\\/sitio\\\/wp-content\\\/uploads\\\/2022\\\/07\\\/logo-ua-horizontal.png\",\"width\":800,\"height\":276,\"caption\":\"Universidad de las Artes\"},\"image\":{\"@id\":\"https:\\\/\\\/www.uartes.edu.ec\\\/sitio\\\/fr\\\/#\\\/schema\\\/logo\\\/image\\\/\"},\"sameAs\":[\"https:\\\/\\\/www.facebook.com\\\/uartesec\",\"https:\\\/\\\/x.com\\\/uartesec\",\"https:\\\/\\\/www.tiktok.com\\\/@uartesec\"]},{\"@type\":\"Person\",\"@id\":\"https:\\\/\\\/www.uartes.edu.ec\\\/sitio\\\/fr\\\/#\\\/schema\\\/person\\\/efa1b8275797664fd7f13a79ccc0b1f4\",\"name\":\"ccortez\",\"image\":{\"@type\":\"ImageObject\",\"inLanguage\":\"fr-FR\",\"@id\":\"https:\\\/\\\/secure.gravatar.com\\\/avatar\\\/b2a6f664a3ae8e074346ef91775736c5ec479e637ecced6842de9dc98b5da9cd?s=96&d=mm&r=g\",\"url\":\"https:\\\/\\\/secure.gravatar.com\\\/avatar\\\/b2a6f664a3ae8e074346ef91775736c5ec479e637ecced6842de9dc98b5da9cd?s=96&d=mm&r=g\",\"contentUrl\":\"https:\\\/\\\/secure.gravatar.com\\\/avatar\\\/b2a6f664a3ae8e074346ef91775736c5ec479e637ecced6842de9dc98b5da9cd?s=96&d=mm&r=g\",\"caption\":\"ccortez\"},\"url\":\"https:\\\/\\\/www.uartes.edu.ec\\\/sitio\\\/fr\\\/blog\\\/author\\\/ccortez\\\/\"}]}<\/script>\n<!-- \/ Yoast SEO plugin. -->","yoast_head_json":{"title":"Universidad de las Artes - Presentaci\u00f3n y muestra, en el cierre del proyecto UArtes \u201cEscena Corpol\u00fadica\u201d","description":"Universidad de las Artes - Presentaci\u00f3n y muestra, en el cierre del proyecto UArtes \u201cEscena Corpol\u00fadica\u201d","robots":{"index":"index","follow":"follow","max-snippet":"max-snippet:-1","max-image-preview":"max-image-preview:large","max-video-preview":"max-video-preview:-1"},"canonical":"https:\/\/www.uartes.edu.ec\/sitio\/fr\/blog\/2025\/02\/04\/presentacion-y-muestra-en-el-cierre-del-proyecto-de-vinculacion-escena-corpoludica\/","og_locale":"fr_FR","og_type":"article","og_title":"Universidad de las Artes - Presentaci\u00f3n y muestra, en el cierre del proyecto UArtes \u201cEscena Corpol\u00fadica\u201d","og_description":"Universidad de las Artes - Presentaci\u00f3n y muestra, en el cierre del proyecto UArtes \u201cEscena Corpol\u00fadica\u201d","og_url":"https:\/\/www.uartes.edu.ec\/sitio\/fr\/blog\/2025\/02\/04\/presentacion-y-muestra-en-el-cierre-del-proyecto-de-vinculacion-escena-corpoludica\/","og_site_name":"Universidad de las Artes","article_publisher":"https:\/\/www.facebook.com\/uartesec","article_published_time":"2025-02-04T21:30:00+00:00","article_modified_time":"2025-02-14T20:10:54+00:00","og_image":[{"width":2000,"height":1333,"url":"https:\/\/www.uartes.edu.ec\/sitio\/wp-content\/uploads\/2025\/02\/04-EL.jpg","type":"image\/jpeg"}],"author":"ccortez","twitter_card":"summary_large_image","twitter_creator":"@uartesec","twitter_site":"@uartesec","twitter_misc":{"\u00c9crit par":"ccortez","Dur\u00e9e de lecture estim\u00e9e":"6 minutes"},"schema":{"@context":"https:\/\/schema.org","@graph":[{"@type":"Article","@id":"https:\/\/www.uartes.edu.ec\/sitio\/fr\/blog\/2025\/02\/04\/presentacion-y-muestra-en-el-cierre-del-proyecto-de-vinculacion-escena-corpoludica\/#article","isPartOf":{"@id":"https:\/\/www.uartes.edu.ec\/sitio\/fr\/blog\/2025\/02\/04\/presentacion-y-muestra-en-el-cierre-del-proyecto-de-vinculacion-escena-corpoludica\/"},"author":{"name":"ccortez","@id":"https:\/\/www.uartes.edu.ec\/sitio\/fr\/#\/schema\/person\/efa1b8275797664fd7f13a79ccc0b1f4"},"headline":"Presentaci\u00f3n y muestra, en el cierre del proyecto UArtes \u201cEscena Corpol\u00fadica\u201d","datePublished":"2025-02-04T21:30:00+00:00","dateModified":"2025-02-14T20:10:54+00:00","mainEntityOfPage":{"@id":"https:\/\/www.uartes.edu.ec\/sitio\/fr\/blog\/2025\/02\/04\/presentacion-y-muestra-en-el-cierre-del-proyecto-de-vinculacion-escena-corpoludica\/"},"wordCount":1070,"commentCount":0,"publisher":{"@id":"https:\/\/www.uartes.edu.ec\/sitio\/fr\/#organization"},"image":{"@id":"https:\/\/www.uartes.edu.ec\/sitio\/fr\/blog\/2025\/02\/04\/presentacion-y-muestra-en-el-cierre-del-proyecto-de-vinculacion-escena-corpoludica\/#primaryimage"},"thumbnailUrl":"https:\/\/www.uartes.edu.ec\/sitio\/wp-content\/uploads\/2025\/02\/04-EL.jpg","keywords":["producci\u00f3n"],"articleSection":["Acad\u00e9mico","Alumni","Artes Esc\u00e9nicas","Artes Sonoras","Artes Visuales","Cine","Docentes","Estudiantes","Investigaci\u00f3n","V\u00ednculo"],"inLanguage":"fr-FR","potentialAction":[{"@type":"CommentAction","name":"Comment","target":["https:\/\/www.uartes.edu.ec\/sitio\/fr\/blog\/2025\/02\/04\/presentacion-y-muestra-en-el-cierre-del-proyecto-de-vinculacion-escena-corpoludica\/#respond"]}]},{"@type":["WebPage","ItemPage"],"@id":"https:\/\/www.uartes.edu.ec\/sitio\/fr\/blog\/2025\/02\/04\/presentacion-y-muestra-en-el-cierre-del-proyecto-de-vinculacion-escena-corpoludica\/","url":"https:\/\/www.uartes.edu.ec\/sitio\/fr\/blog\/2025\/02\/04\/presentacion-y-muestra-en-el-cierre-del-proyecto-de-vinculacion-escena-corpoludica\/","name":"Universidad de las Artes - Presentaci\u00f3n y muestra, en el cierre del proyecto UArtes \u201cEscena Corpol\u00fadica\u201d","isPartOf":{"@id":"https:\/\/www.uartes.edu.ec\/sitio\/fr\/#website"},"primaryImageOfPage":{"@id":"https:\/\/www.uartes.edu.ec\/sitio\/fr\/blog\/2025\/02\/04\/presentacion-y-muestra-en-el-cierre-del-proyecto-de-vinculacion-escena-corpoludica\/#primaryimage"},"image":{"@id":"https:\/\/www.uartes.edu.ec\/sitio\/fr\/blog\/2025\/02\/04\/presentacion-y-muestra-en-el-cierre-del-proyecto-de-vinculacion-escena-corpoludica\/#primaryimage"},"thumbnailUrl":"https:\/\/www.uartes.edu.ec\/sitio\/wp-content\/uploads\/2025\/02\/04-EL.jpg","datePublished":"2025-02-04T21:30:00+00:00","dateModified":"2025-02-14T20:10:54+00:00","description":"Universidad de las Artes - Presentaci\u00f3n y muestra, en el cierre del proyecto UArtes \u201cEscena Corpol\u00fadica\u201d","breadcrumb":{"@id":"https:\/\/www.uartes.edu.ec\/sitio\/fr\/blog\/2025\/02\/04\/presentacion-y-muestra-en-el-cierre-del-proyecto-de-vinculacion-escena-corpoludica\/#breadcrumb"},"inLanguage":"fr-FR","potentialAction":[{"@type":"ReadAction","target":["https:\/\/www.uartes.edu.ec\/sitio\/fr\/blog\/2025\/02\/04\/presentacion-y-muestra-en-el-cierre-del-proyecto-de-vinculacion-escena-corpoludica\/"]}]},{"@type":"ImageObject","inLanguage":"fr-FR","@id":"https:\/\/www.uartes.edu.ec\/sitio\/fr\/blog\/2025\/02\/04\/presentacion-y-muestra-en-el-cierre-del-proyecto-de-vinculacion-escena-corpoludica\/#primaryimage","url":"https:\/\/www.uartes.edu.ec\/sitio\/wp-content\/uploads\/2025\/02\/04-EL.jpg","contentUrl":"https:\/\/www.uartes.edu.ec\/sitio\/wp-content\/uploads\/2025\/02\/04-EL.jpg","width":2000,"height":1333},{"@type":"BreadcrumbList","@id":"https:\/\/www.uartes.edu.ec\/sitio\/fr\/blog\/2025\/02\/04\/presentacion-y-muestra-en-el-cierre-del-proyecto-de-vinculacion-escena-corpoludica\/#breadcrumb","itemListElement":[{"@type":"ListItem","position":1,"name":"Inicio","item":"https:\/\/www.uartes.edu.ec\/sitio\/"},{"@type":"ListItem","position":2,"name":"Presentaci\u00f3n y muestra, en el cierre del proyecto UArtes \u201cEscena Corpol\u00fadica\u201d"}]},{"@type":"WebSite","@id":"https:\/\/www.uartes.edu.ec\/sitio\/fr\/#website","url":"https:\/\/www.uartes.edu.ec\/sitio\/fr\/","name":"Universidad de las Artes","description":"Sitio oficial de la Universidad Nacional de las Artes del Ecuador","publisher":{"@id":"https:\/\/www.uartes.edu.ec\/sitio\/fr\/#organization"},"potentialAction":[{"@type":"SearchAction","target":{"@type":"EntryPoint","urlTemplate":"https:\/\/www.uartes.edu.ec\/sitio\/fr\/?s={search_term_string}"},"query-input":{"@type":"PropertyValueSpecification","valueRequired":true,"valueName":"search_term_string"}}],"inLanguage":"fr-FR"},{"@type":"Organization","@id":"https:\/\/www.uartes.edu.ec\/sitio\/fr\/#organization","name":"Universidad de las Artes","url":"https:\/\/www.uartes.edu.ec\/sitio\/fr\/","logo":{"@type":"ImageObject","inLanguage":"fr-FR","@id":"https:\/\/www.uartes.edu.ec\/sitio\/fr\/#\/schema\/logo\/image\/","url":"https:\/\/www.uartes.edu.ec\/sitio\/wp-content\/uploads\/2022\/07\/logo-ua-horizontal.png","contentUrl":"https:\/\/www.uartes.edu.ec\/sitio\/wp-content\/uploads\/2022\/07\/logo-ua-horizontal.png","width":800,"height":276,"caption":"Universidad de las Artes"},"image":{"@id":"https:\/\/www.uartes.edu.ec\/sitio\/fr\/#\/schema\/logo\/image\/"},"sameAs":["https:\/\/www.facebook.com\/uartesec","https:\/\/x.com\/uartesec","https:\/\/www.tiktok.com\/@uartesec"]},{"@type":"Person","@id":"https:\/\/www.uartes.edu.ec\/sitio\/fr\/#\/schema\/person\/efa1b8275797664fd7f13a79ccc0b1f4","name":"ccortez","image":{"@type":"ImageObject","inLanguage":"fr-FR","@id":"https:\/\/secure.gravatar.com\/avatar\/b2a6f664a3ae8e074346ef91775736c5ec479e637ecced6842de9dc98b5da9cd?s=96&d=mm&r=g","url":"https:\/\/secure.gravatar.com\/avatar\/b2a6f664a3ae8e074346ef91775736c5ec479e637ecced6842de9dc98b5da9cd?s=96&d=mm&r=g","contentUrl":"https:\/\/secure.gravatar.com\/avatar\/b2a6f664a3ae8e074346ef91775736c5ec479e637ecced6842de9dc98b5da9cd?s=96&d=mm&r=g","caption":"ccortez"},"url":"https:\/\/www.uartes.edu.ec\/sitio\/fr\/blog\/author\/ccortez\/"}]}},"uagb_featured_image_src":{"full":["https:\/\/www.uartes.edu.ec\/sitio\/wp-content\/uploads\/2025\/02\/04-EL.jpg",2000,1333,false],"thumbnail":["https:\/\/www.uartes.edu.ec\/sitio\/wp-content\/uploads\/2025\/02\/04-EL-150x150.jpg",150,150,true],"medium":["https:\/\/www.uartes.edu.ec\/sitio\/wp-content\/uploads\/2025\/02\/04-EL-300x200.jpg",300,200,true],"medium_large":["https:\/\/www.uartes.edu.ec\/sitio\/wp-content\/uploads\/2025\/02\/04-EL-768x512.jpg",768,512,true],"large":["https:\/\/www.uartes.edu.ec\/sitio\/wp-content\/uploads\/2025\/02\/04-EL-644x429.jpg",644,429,true],"1536x1536":["https:\/\/www.uartes.edu.ec\/sitio\/wp-content\/uploads\/2025\/02\/04-EL-1536x1024.jpg",1536,1024,true],"2048x2048":["https:\/\/www.uartes.edu.ec\/sitio\/wp-content\/uploads\/2025\/02\/04-EL.jpg",2000,1333,false],"trp-custom-language-flag":["https:\/\/www.uartes.edu.ec\/sitio\/wp-content\/uploads\/2025\/02\/04-EL-18x12.jpg",18,12,true],"htmega_size_585x295":["https:\/\/www.uartes.edu.ec\/sitio\/wp-content\/uploads\/2025\/02\/04-EL-585x295.jpg",585,295,true],"htmega_size_1170x536":["https:\/\/www.uartes.edu.ec\/sitio\/wp-content\/uploads\/2025\/02\/04-EL-1170x536.jpg",1170,536,true],"htmega_size_396x360":["https:\/\/www.uartes.edu.ec\/sitio\/wp-content\/uploads\/2025\/02\/04-EL-396x360.jpg",396,360,true],"gb-block-post-grid-landscape":["https:\/\/www.uartes.edu.ec\/sitio\/wp-content\/uploads\/2025\/02\/04-EL-600x400.jpg",600,400,true],"gb-block-post-grid-square":["https:\/\/www.uartes.edu.ec\/sitio\/wp-content\/uploads\/2025\/02\/04-EL-600x600.jpg",600,600,true],"university-hub-thumb":["https:\/\/www.uartes.edu.ec\/sitio\/wp-content\/uploads\/2025\/02\/04-EL-400x267.jpg",400,267,true]},"uagb_author_info":{"display_name":"ccortez","author_link":"https:\/\/www.uartes.edu.ec\/sitio\/fr\/blog\/author\/ccortez\/"},"uagb_comment_info":0,"uagb_excerpt":"El sal\u00f3n 305 del T\u00e1bara fue escenario del cierre del proyecto de v\u00ednculo \u201cEscena Corpol\u00fadica\u201d, desarrollado en la Casa Hogar Infanto Femenino del MIES. Estuvo dirigido a las ni\u00f1as y adolescentes que all\u00ed se encuentran. Participaron con sus docentes-directores, Lorena Toro y Diego Ortega, estudiantes de Esc\u00e9nicas, Visuales, Cine y Sonoras, equipo multidisciplinario que indag\u00f3\u2026","featured_image_src":"https:\/\/www.uartes.edu.ec\/sitio\/wp-content\/uploads\/2025\/02\/04-EL-600x400.jpg","featured_image_src_square":"https:\/\/www.uartes.edu.ec\/sitio\/wp-content\/uploads\/2025\/02\/04-EL-600x600.jpg","author_info":{"display_name":"ccortez","author_link":"https:\/\/www.uartes.edu.ec\/sitio\/fr\/blog\/author\/ccortez\/"},"publishpress_future_workflow_manual_trigger":{"enabledWorkflows":[]},"distributor_meta":false,"distributor_terms":false,"distributor_media":false,"distributor_original_site_name":"Universidad de las Artes","distributor_original_site_url":"https:\/\/www.uartes.edu.ec\/sitio\/fr","push-errors":false,"_links":{"self":[{"href":"https:\/\/www.uartes.edu.ec\/sitio\/fr\/wp-json\/wp\/v2\/posts\/67986","targetHints":{"allow":["GET"]}}],"collection":[{"href":"https:\/\/www.uartes.edu.ec\/sitio\/fr\/wp-json\/wp\/v2\/posts"}],"about":[{"href":"https:\/\/www.uartes.edu.ec\/sitio\/fr\/wp-json\/wp\/v2\/types\/post"}],"author":[{"embeddable":true,"href":"https:\/\/www.uartes.edu.ec\/sitio\/fr\/wp-json\/wp\/v2\/users\/10"}],"replies":[{"embeddable":true,"href":"https:\/\/www.uartes.edu.ec\/sitio\/fr\/wp-json\/wp\/v2\/comments?post=67986"}],"version-history":[{"count":12,"href":"https:\/\/www.uartes.edu.ec\/sitio\/fr\/wp-json\/wp\/v2\/posts\/67986\/revisions"}],"predecessor-version":[{"id":68297,"href":"https:\/\/www.uartes.edu.ec\/sitio\/fr\/wp-json\/wp\/v2\/posts\/67986\/revisions\/68297"}],"wp:featuredmedia":[{"embeddable":true,"href":"https:\/\/www.uartes.edu.ec\/sitio\/fr\/wp-json\/wp\/v2\/media\/68021"}],"wp:attachment":[{"href":"https:\/\/www.uartes.edu.ec\/sitio\/fr\/wp-json\/wp\/v2\/media?parent=67986"}],"wp:term":[{"taxonomy":"category","embeddable":true,"href":"https:\/\/www.uartes.edu.ec\/sitio\/fr\/wp-json\/wp\/v2\/categories?post=67986"},{"taxonomy":"post_tag","embeddable":true,"href":"https:\/\/www.uartes.edu.ec\/sitio\/fr\/wp-json\/wp\/v2\/tags?post=67986"},{"taxonomy":"infouartes","embeddable":true,"href":"https:\/\/www.uartes.edu.ec\/sitio\/fr\/wp-json\/wp\/v2\/infouartes?post=67986"}],"curies":[{"name":"wp","href":"https:\/\/api.w.org\/{rel}","templated":true}]}}