{"id":68152,"date":"2025-02-10T16:35:25","date_gmt":"2025-02-10T21:35:25","guid":{"rendered":"https:\/\/www.uartes.edu.ec\/sitio\/?p=68152"},"modified":"2025-02-14T09:38:52","modified_gmt":"2025-02-14T14:38:52","slug":"maestria-de-artes-escenicas-presenta-las-obras-de-titulacion-de-su-primera-cohorte","status":"publish","type":"post","link":"https:\/\/www.uartes.edu.ec\/sitio\/fr\/blog\/2025\/02\/10\/maestria-de-artes-escenicas-presenta-las-obras-de-titulacion-de-su-primera-cohorte\/","title":{"rendered":"Maestr\u00eda de Artes Esc\u00e9nicas presenta las obras de titulaci\u00f3n de su primera cohorte"},"content":{"rendered":"<p>La maestr\u00eda de Artes Esc\u00e9nicas de la Escuela de Posgrados de la Universidad de las Artes dio inicio el pasado viernes 7 de febrero a la presentaci\u00f3n de los trabajos de titulaci\u00f3n de su primera cohorte, constituy\u00e9ndose en una oportunidad \u00fanica para presenciar un despliegue de talento, creatividad y nuevas perspectivas sobre la escena contempor\u00e1nea.<\/p>\n\n\n\n<p>As\u00ed se anot\u00f3 desde la coordinaci\u00f3n de la carrera de cuarto nivel UArtes, que est\u00e1 a cargo de la docente Tatiana Ugalde. La invitaci\u00f3n que se extendi\u00f3 v\u00eda correo electr\u00f3nico a la comunidad universitaria para que asista a las presentaciones \u2013mismas que se extender\u00e1n hasta el pr\u00f3ximo s\u00e1bado 15\u2013 tuvo como complemento una agenda con informaci\u00f3n sobre las obras, sus t\u00edtulos, los artistas maestrandos y el equipo t\u00e9cnico que los acompa\u00f1an en las puestas en escena.<\/p>\n\n\n\n<h3 class=\"wp-block-heading\">\u201cEn la cancha, dispositivo esc\u00e9nico en el espacio p\u00fablico\u201d<\/h3>\n\n\n\n<p>Se resalt\u00f3 tambi\u00e9n que las presentaciones ofrecen una mirada profunda al trabajo desarrollado en el programa y a los procesos creativos e investigativos de los maestrandos. En el primer d\u00eda de la muestra se presentaron dos obras: \u201cEn la cancha, dispositivo esc\u00e9nico en el espacio p\u00fablico\u201d, de Sandra G\u00f3mez.<\/p>\n\n\n<div class=\"wp-block-image\">\n<figure class=\"aligncenter size-large is-resized\"><img fetchpriority=\"high\" decoding=\"async\" width=\"644\" height=\"483\" src=\"https:\/\/www.uartes.edu.ec\/sitio\/wp-content\/uploads\/2025\/02\/Sandra1-644x483.jpg\" alt=\"\" class=\"wp-image-68154\" style=\"width:604px;height:auto\" srcset=\"https:\/\/www.uartes.edu.ec\/sitio\/wp-content\/uploads\/2025\/02\/Sandra1-644x483.jpg 644w, https:\/\/www.uartes.edu.ec\/sitio\/wp-content\/uploads\/2025\/02\/Sandra1-300x225.jpg 300w, https:\/\/www.uartes.edu.ec\/sitio\/wp-content\/uploads\/2025\/02\/Sandra1-768x576.jpg 768w, https:\/\/www.uartes.edu.ec\/sitio\/wp-content\/uploads\/2025\/02\/Sandra1-16x12.jpg 16w, https:\/\/www.uartes.edu.ec\/sitio\/wp-content\/uploads\/2025\/02\/Sandra1-400x300.jpg 400w, https:\/\/www.uartes.edu.ec\/sitio\/wp-content\/uploads\/2025\/02\/Sandra1.jpg 1440w\" sizes=\"(max-width: 644px) 100vw, 644px\" \/><\/figure>\n<\/div>\n\n\n<p>\u201c\u00bfC\u00f3mo es el parque de tu barrio? \u00bfTiene cancha, juegos? \u00bfVas all\u00ed? \u00bfQu\u00e9 te gusta hacer? \u00bfC\u00f3mo te gustar\u00eda que sea? \u00bfQu\u00e9 recuerdos tienes cuando eras ni\u00f1o e ibas al parque?\u201d fueron los cuestionamientos que llevaron a la reflexi\u00f3n de que \u201cal colocar la mirada, el cuerpo y la danza en estos lugares es posible encontrar varias conexiones que inician en la infancia. Las diversas canchas que existen contienen memorias que son parte de nuestro cotidiano\u201d.<\/p>\n\n\n\n<p>Los bailarines conviven y crean la propuesta <em>in situ,<\/em> proponiendo luego un dispositivo esc\u00e9nico que establece di\u00e1logos entre cuerpo, espacio y comunidad. Operan en una escucha a doble tiempo a la vez, en el pasado y el presente; de esta manera se hacen vivas las memorias, as\u00ed como las arquitecturas, las sonoridades, el paisaje, entre otros.<\/p>\n\n\n\n<p>De su trabajo, G\u00f3mez indica en su sinopsis la convocatoria que \u201cEn la cancha, dispositivo esc\u00e9nico en el espacio p\u00fablico\u201d hace a los presentes, habitantes y transe\u00fantes a vivir la experiencia esc\u00e9nica en la calle, para pensar los espacios de disfrute y encuentro. \u201cActivando juntos la ciudad como un escenario vivo. Proponer el encuentro para escucharnos, para conocernos, entendernos y avanzar juntos\u201d.<\/p>\n\n\n\n<p>G\u00f3mez asumi\u00f3 la direcci\u00f3n de su trabajo de titulaci\u00f3n y en la puesta en escena intervinieron con ella como bailarines-creadores Heidy Garc\u00eda, Andy Cambisaca y Steven Rivera; en la composici\u00f3n sonora, Roberto Moscoso; vestuario, objetos y producci\u00f3n: Danza en la Calle. Fue su tutor el docente Christian Masabanda.<\/p>\n\n\n<div class=\"wp-block-image\">\n<figure class=\"aligncenter size-large\"><img decoding=\"async\" width=\"644\" height=\"429\" src=\"https:\/\/www.uartes.edu.ec\/sitio\/wp-content\/uploads\/2025\/02\/14-HECHIZOS-REPARAR-CUERPO-ROTO-1-644x429.jpg\" alt=\"\" class=\"wp-image-68156\" srcset=\"https:\/\/www.uartes.edu.ec\/sitio\/wp-content\/uploads\/2025\/02\/14-HECHIZOS-REPARAR-CUERPO-ROTO-1-644x429.jpg 644w, https:\/\/www.uartes.edu.ec\/sitio\/wp-content\/uploads\/2025\/02\/14-HECHIZOS-REPARAR-CUERPO-ROTO-1-300x200.jpg 300w, https:\/\/www.uartes.edu.ec\/sitio\/wp-content\/uploads\/2025\/02\/14-HECHIZOS-REPARAR-CUERPO-ROTO-1-768x512.jpg 768w, https:\/\/www.uartes.edu.ec\/sitio\/wp-content\/uploads\/2025\/02\/14-HECHIZOS-REPARAR-CUERPO-ROTO-1-1536x1024.jpg 1536w, https:\/\/www.uartes.edu.ec\/sitio\/wp-content\/uploads\/2025\/02\/14-HECHIZOS-REPARAR-CUERPO-ROTO-1-18x12.jpg 18w, https:\/\/www.uartes.edu.ec\/sitio\/wp-content\/uploads\/2025\/02\/14-HECHIZOS-REPARAR-CUERPO-ROTO-1-600x400.jpg 600w, https:\/\/www.uartes.edu.ec\/sitio\/wp-content\/uploads\/2025\/02\/14-HECHIZOS-REPARAR-CUERPO-ROTO-1-400x267.jpg 400w, https:\/\/www.uartes.edu.ec\/sitio\/wp-content\/uploads\/2025\/02\/14-HECHIZOS-REPARAR-CUERPO-ROTO-1.jpg 2000w\" sizes=\"(max-width: 644px) 100vw, 644px\" \/><\/figure>\n<\/div>\n\n\n<h3 class=\"wp-block-heading\">\u201cHechizos para reparar un cuerpo roto\u201d<\/h3>\n\n\n\n<p>El siguiente trabajo de titulaci\u00f3n que se present\u00f3 en el primer d\u00eda de la jornada fue \u201cHechizos para reparar un cuerpo roto\u201d, de la artista Anna J\u00e1come, fue. El escenario fue la Galer\u00eda del CIF del MZ14. All\u00ed estuvo Tyrone Maridue\u00f1a, de la Direcci\u00f3n de Comunicaci\u00f3n, quien comparte la siguiente rese\u00f1a:<\/p>\n\n\n\n<p>No soy el m\u00e1s adecuado para narrar esto, siempre estoy corriendo de un lado a otro y no puedo quedarme en un lugar por m\u00e1s de una hora debido a mi trabajo. Pero considero sano, para m\u00ed y todas las heridas que me forman, compartir ciertos ecos de luminiscencia que se hicieron presentes mientras cubr\u00eda la obra \u2018Hechizos para reparar un cuerpo roto\u2019, un trabajo de Anna J\u00e1come, pr\u00f3xima a graduarse de la maestr\u00eda de Artes Esc\u00e9nicas de la UArtes.<\/p>\n\n\n\n<p>Varias personas de diferentes edades, intereses y creencias se dieron cita afuera del CIF, lugar expositivo de MZ14 Centro de Producci\u00f3n e Innovaci\u00f3n UArtes. Muchos eran conocidos y tambi\u00e9n hab\u00eda rostros nuevos, esto siempre es bueno. Tatiana Ugalde, coordinadora de la maestr\u00eda de Artes Esc\u00e9nicas, le dio la bienvenida al p\u00fablico, los invit\u00f3 a inscribirse y unos cuantos recibieron un papel escrito con algo particular para ellos. Luego, la gente comenz\u00f3 a ingresar y dos personas con dos recipientes estaban al pie de la entrada, la oscuridad no me dej\u00f3 ver qu\u00e9 era lo que hab\u00eda en los vasos, pero cada persona que ingresaba introduc\u00eda sus dedos ah\u00ed.<\/p>\n\n\n\n<figure class=\"wp-block-gallery has-nested-images columns-default is-cropped wp-block-gallery-1 is-layout-flex wp-block-gallery-is-layout-flex\">\n<figure class=\"wp-block-image size-large\"><img decoding=\"async\" width=\"644\" height=\"429\" data-id=\"68158\" src=\"https:\/\/www.uartes.edu.ec\/sitio\/wp-content\/uploads\/2025\/02\/07-HECHIZOS-REPARAR-CUERPO-ROTO-644x429.jpg\" alt=\"\" class=\"wp-image-68158\" srcset=\"https:\/\/www.uartes.edu.ec\/sitio\/wp-content\/uploads\/2025\/02\/07-HECHIZOS-REPARAR-CUERPO-ROTO-644x429.jpg 644w, https:\/\/www.uartes.edu.ec\/sitio\/wp-content\/uploads\/2025\/02\/07-HECHIZOS-REPARAR-CUERPO-ROTO-300x200.jpg 300w, https:\/\/www.uartes.edu.ec\/sitio\/wp-content\/uploads\/2025\/02\/07-HECHIZOS-REPARAR-CUERPO-ROTO-768x512.jpg 768w, https:\/\/www.uartes.edu.ec\/sitio\/wp-content\/uploads\/2025\/02\/07-HECHIZOS-REPARAR-CUERPO-ROTO-1536x1024.jpg 1536w, https:\/\/www.uartes.edu.ec\/sitio\/wp-content\/uploads\/2025\/02\/07-HECHIZOS-REPARAR-CUERPO-ROTO-18x12.jpg 18w, https:\/\/www.uartes.edu.ec\/sitio\/wp-content\/uploads\/2025\/02\/07-HECHIZOS-REPARAR-CUERPO-ROTO-600x400.jpg 600w, https:\/\/www.uartes.edu.ec\/sitio\/wp-content\/uploads\/2025\/02\/07-HECHIZOS-REPARAR-CUERPO-ROTO-400x267.jpg 400w, https:\/\/www.uartes.edu.ec\/sitio\/wp-content\/uploads\/2025\/02\/07-HECHIZOS-REPARAR-CUERPO-ROTO.jpg 2000w\" sizes=\"(max-width: 644px) 100vw, 644px\" \/><\/figure>\n\n\n\n<figure class=\"wp-block-image size-large\"><img loading=\"lazy\" decoding=\"async\" width=\"644\" height=\"429\" data-id=\"68157\" src=\"https:\/\/www.uartes.edu.ec\/sitio\/wp-content\/uploads\/2025\/02\/01-HECHIZOS-REPARAR-CUERPO-ROTO-644x429.jpg\" alt=\"\" class=\"wp-image-68157\" srcset=\"https:\/\/www.uartes.edu.ec\/sitio\/wp-content\/uploads\/2025\/02\/01-HECHIZOS-REPARAR-CUERPO-ROTO-644x429.jpg 644w, https:\/\/www.uartes.edu.ec\/sitio\/wp-content\/uploads\/2025\/02\/01-HECHIZOS-REPARAR-CUERPO-ROTO-300x200.jpg 300w, https:\/\/www.uartes.edu.ec\/sitio\/wp-content\/uploads\/2025\/02\/01-HECHIZOS-REPARAR-CUERPO-ROTO-768x512.jpg 768w, https:\/\/www.uartes.edu.ec\/sitio\/wp-content\/uploads\/2025\/02\/01-HECHIZOS-REPARAR-CUERPO-ROTO-1536x1024.jpg 1536w, https:\/\/www.uartes.edu.ec\/sitio\/wp-content\/uploads\/2025\/02\/01-HECHIZOS-REPARAR-CUERPO-ROTO-18x12.jpg 18w, https:\/\/www.uartes.edu.ec\/sitio\/wp-content\/uploads\/2025\/02\/01-HECHIZOS-REPARAR-CUERPO-ROTO-600x400.jpg 600w, https:\/\/www.uartes.edu.ec\/sitio\/wp-content\/uploads\/2025\/02\/01-HECHIZOS-REPARAR-CUERPO-ROTO-400x267.jpg 400w, https:\/\/www.uartes.edu.ec\/sitio\/wp-content\/uploads\/2025\/02\/01-HECHIZOS-REPARAR-CUERPO-ROTO.jpg 2000w\" sizes=\"(max-width: 644px) 100vw, 644px\" \/><\/figure>\n<\/figure>\n\n\n\n<p><\/p>\n\n\n\n<p>Una proyecci\u00f3n blanca golpeaba de pronto el rostro de los que est\u00e1bamos habituando nuestra mirada a la poca luz. Fueron los datos de Feminicidios en el 2019 y el 2020 lo que en verdad silenci\u00f3 el lugar. Los datos desprend\u00edan esa violencia necesaria para abrir los ojos y grabarte las estad\u00edsticas, para luego aprender que las estad\u00edsticas no son solo n\u00fameros, sino hijas, madres, abuelas y hermanas.<\/p>\n\n\n\n<p>Al voltear, la mirada, una serie de palabras denunciantes cubr\u00edan toda una pared. La frase que m\u00e1s qued\u00f3 en mi cabeza fue Cuerpo-Denuncia. \u00bfTodos los que est\u00e1bamos ah\u00ed \u00e9ramos esa denuncia? \u00bfEse cuerpo? \u00bfLa culpa? Un cuerpo comenz\u00f3 a moverse entre los cortados rasgos de luz, lentamente comenz\u00f3 a invocar la memoria de quienes estaban cerca cuando de repente el sonido con m\u00e1s pasado del mundo me atraves\u00f3.<\/p>\n\n\n\n<p>Una m\u00e1quina de coser comenz\u00f3 a tejer, una m\u00e1quina de coser como la que usaba mi abuelita Olga. \u00bfUsted entiende?, una m\u00e1quina como la de mi abuela que renunci\u00f3 a sus sue\u00f1os por cuidar a la familia, la que rechaz\u00f3 una beca completa para estudiar afuera porque deb\u00eda cuidar a su sobrina pol\u00edtica, que era mi madre, ahora transformada en su nueva hija, porque mi abuela de sangre muri\u00f3 al dar a luz. Cuerpo-Denuncia, que fuerte me parece esa frase.<\/p>\n\n\n\n<figure class=\"wp-block-gallery has-nested-images columns-default is-cropped wp-block-gallery-2 is-layout-flex wp-block-gallery-is-layout-flex\">\n<figure class=\"wp-block-image size-large\"><img loading=\"lazy\" decoding=\"async\" width=\"644\" height=\"429\" data-id=\"68160\" src=\"https:\/\/www.uartes.edu.ec\/sitio\/wp-content\/uploads\/2025\/02\/10-HECHIZOS-REPARAR-CUERPO-ROTO-644x429.jpg\" alt=\"\" class=\"wp-image-68160\" srcset=\"https:\/\/www.uartes.edu.ec\/sitio\/wp-content\/uploads\/2025\/02\/10-HECHIZOS-REPARAR-CUERPO-ROTO-644x429.jpg 644w, https:\/\/www.uartes.edu.ec\/sitio\/wp-content\/uploads\/2025\/02\/10-HECHIZOS-REPARAR-CUERPO-ROTO-300x200.jpg 300w, https:\/\/www.uartes.edu.ec\/sitio\/wp-content\/uploads\/2025\/02\/10-HECHIZOS-REPARAR-CUERPO-ROTO-768x512.jpg 768w, https:\/\/www.uartes.edu.ec\/sitio\/wp-content\/uploads\/2025\/02\/10-HECHIZOS-REPARAR-CUERPO-ROTO-1536x1024.jpg 1536w, https:\/\/www.uartes.edu.ec\/sitio\/wp-content\/uploads\/2025\/02\/10-HECHIZOS-REPARAR-CUERPO-ROTO-18x12.jpg 18w, https:\/\/www.uartes.edu.ec\/sitio\/wp-content\/uploads\/2025\/02\/10-HECHIZOS-REPARAR-CUERPO-ROTO-600x400.jpg 600w, https:\/\/www.uartes.edu.ec\/sitio\/wp-content\/uploads\/2025\/02\/10-HECHIZOS-REPARAR-CUERPO-ROTO-400x267.jpg 400w, https:\/\/www.uartes.edu.ec\/sitio\/wp-content\/uploads\/2025\/02\/10-HECHIZOS-REPARAR-CUERPO-ROTO.jpg 2000w\" sizes=\"(max-width: 644px) 100vw, 644px\" \/><\/figure>\n\n\n\n<figure class=\"wp-block-image size-large\"><img loading=\"lazy\" decoding=\"async\" width=\"644\" height=\"429\" data-id=\"68159\" src=\"https:\/\/www.uartes.edu.ec\/sitio\/wp-content\/uploads\/2025\/02\/09-HECHIZOS-REPARAR-CUERPO-ROTO-644x429.jpg\" alt=\"\" class=\"wp-image-68159\" srcset=\"https:\/\/www.uartes.edu.ec\/sitio\/wp-content\/uploads\/2025\/02\/09-HECHIZOS-REPARAR-CUERPO-ROTO-644x429.jpg 644w, https:\/\/www.uartes.edu.ec\/sitio\/wp-content\/uploads\/2025\/02\/09-HECHIZOS-REPARAR-CUERPO-ROTO-300x200.jpg 300w, https:\/\/www.uartes.edu.ec\/sitio\/wp-content\/uploads\/2025\/02\/09-HECHIZOS-REPARAR-CUERPO-ROTO-768x512.jpg 768w, https:\/\/www.uartes.edu.ec\/sitio\/wp-content\/uploads\/2025\/02\/09-HECHIZOS-REPARAR-CUERPO-ROTO-1536x1024.jpg 1536w, https:\/\/www.uartes.edu.ec\/sitio\/wp-content\/uploads\/2025\/02\/09-HECHIZOS-REPARAR-CUERPO-ROTO-18x12.jpg 18w, https:\/\/www.uartes.edu.ec\/sitio\/wp-content\/uploads\/2025\/02\/09-HECHIZOS-REPARAR-CUERPO-ROTO-600x400.jpg 600w, https:\/\/www.uartes.edu.ec\/sitio\/wp-content\/uploads\/2025\/02\/09-HECHIZOS-REPARAR-CUERPO-ROTO-400x267.jpg 400w, https:\/\/www.uartes.edu.ec\/sitio\/wp-content\/uploads\/2025\/02\/09-HECHIZOS-REPARAR-CUERPO-ROTO.jpg 2000w\" sizes=\"(max-width: 644px) 100vw, 644px\" \/><\/figure>\n<\/figure>\n\n\n\n<p><\/p>\n\n\n\n<p>La luz pertenece a todos, hasta a quienes no desean sanar. Anna camin\u00f3 por la \u00fanica fuente de luz que hab\u00eda y su paso lento triangulaba los movimientos de sus manos hasta que acariciaba a las personas que observaban todo en silencio, respirando despacio, sin interrumpir al proceso. Mientras tanto, una caja en el piso guardaba una forma de ternura y embrujo. Pens\u00e9 que alguien se animar\u00eda a abrirla, pero no fue as\u00ed. De ella un hilo rojo comenz\u00f3 a envolver la mirada de todos, a tejer el alma de todos. Anna movi\u00f3 la tensi\u00f3n del hilo, y lo ve\u00eda con la seriedad de una hoja esperando la siguiente l\u00e1grima del cielo para ser eternidad, es decir, solicitando que suceda una transformaci\u00f3n.<\/p>\n\n\n\n<p>Muchas veces percib\u00ed a Anna como una gigante. A pesar de que caminaba despacio sent\u00eda que sus pasos atravesaban el piso y saltaban de un lado a otro en la sala. Al terminar de pensar sobre esto, vi que Anna se dirigi\u00f3 hacia una de las paredes apretando fuertemente la caja que ten\u00eda hilos dentro, encima y alrededor de ella; seis lunares blancos simulaban puertas de emergencia.<\/p>\n\n\n\n<p>En las fotos, tal vez se vean como manchas blancas, pero hab\u00eda algo que se escapaba de ah\u00ed. En la siguiente estaci\u00f3n hab\u00eda un vestido y dos im\u00e1genes que sosten\u00edan un coraz\u00f3n hecho de hilo rojo. El movimiento-danza entre Anna y las fotograf\u00edas intervenidas, hizo que me quedara quieto, respir\u00e9 profundamente y puedo jurar que escuch\u00e9 c\u00f3mo se romp\u00eda un hilo en alg\u00fan lugar de la ciudad\u201d.<\/p>\n\n\n\n<figure class=\"wp-block-gallery has-nested-images columns-default is-cropped wp-block-gallery-3 is-layout-flex wp-block-gallery-is-layout-flex\">\n<figure class=\"wp-block-image size-large\"><img loading=\"lazy\" decoding=\"async\" width=\"644\" height=\"429\" data-id=\"68162\" src=\"https:\/\/www.uartes.edu.ec\/sitio\/wp-content\/uploads\/2025\/02\/13-HECHIZOS-REPARAR-CUERPO-ROTO-644x429.jpg\" alt=\"\" class=\"wp-image-68162\" srcset=\"https:\/\/www.uartes.edu.ec\/sitio\/wp-content\/uploads\/2025\/02\/13-HECHIZOS-REPARAR-CUERPO-ROTO-644x429.jpg 644w, https:\/\/www.uartes.edu.ec\/sitio\/wp-content\/uploads\/2025\/02\/13-HECHIZOS-REPARAR-CUERPO-ROTO-300x200.jpg 300w, https:\/\/www.uartes.edu.ec\/sitio\/wp-content\/uploads\/2025\/02\/13-HECHIZOS-REPARAR-CUERPO-ROTO-768x512.jpg 768w, https:\/\/www.uartes.edu.ec\/sitio\/wp-content\/uploads\/2025\/02\/13-HECHIZOS-REPARAR-CUERPO-ROTO-1536x1024.jpg 1536w, https:\/\/www.uartes.edu.ec\/sitio\/wp-content\/uploads\/2025\/02\/13-HECHIZOS-REPARAR-CUERPO-ROTO-18x12.jpg 18w, https:\/\/www.uartes.edu.ec\/sitio\/wp-content\/uploads\/2025\/02\/13-HECHIZOS-REPARAR-CUERPO-ROTO-600x400.jpg 600w, https:\/\/www.uartes.edu.ec\/sitio\/wp-content\/uploads\/2025\/02\/13-HECHIZOS-REPARAR-CUERPO-ROTO-400x267.jpg 400w, https:\/\/www.uartes.edu.ec\/sitio\/wp-content\/uploads\/2025\/02\/13-HECHIZOS-REPARAR-CUERPO-ROTO.jpg 2000w\" sizes=\"(max-width: 644px) 100vw, 644px\" \/><\/figure>\n\n\n\n<figure class=\"wp-block-image size-large\"><img loading=\"lazy\" decoding=\"async\" width=\"644\" height=\"429\" data-id=\"68234\" src=\"https:\/\/www.uartes.edu.ec\/sitio\/wp-content\/uploads\/2025\/02\/16-HECHIZOS-REPARAR-CUERPO-ROTO-644x429.jpg\" alt=\"\" class=\"wp-image-68234\" srcset=\"https:\/\/www.uartes.edu.ec\/sitio\/wp-content\/uploads\/2025\/02\/16-HECHIZOS-REPARAR-CUERPO-ROTO-644x429.jpg 644w, https:\/\/www.uartes.edu.ec\/sitio\/wp-content\/uploads\/2025\/02\/16-HECHIZOS-REPARAR-CUERPO-ROTO-300x200.jpg 300w, https:\/\/www.uartes.edu.ec\/sitio\/wp-content\/uploads\/2025\/02\/16-HECHIZOS-REPARAR-CUERPO-ROTO-768x512.jpg 768w, https:\/\/www.uartes.edu.ec\/sitio\/wp-content\/uploads\/2025\/02\/16-HECHIZOS-REPARAR-CUERPO-ROTO-1536x1024.jpg 1536w, https:\/\/www.uartes.edu.ec\/sitio\/wp-content\/uploads\/2025\/02\/16-HECHIZOS-REPARAR-CUERPO-ROTO-18x12.jpg 18w, https:\/\/www.uartes.edu.ec\/sitio\/wp-content\/uploads\/2025\/02\/16-HECHIZOS-REPARAR-CUERPO-ROTO-600x400.jpg 600w, https:\/\/www.uartes.edu.ec\/sitio\/wp-content\/uploads\/2025\/02\/16-HECHIZOS-REPARAR-CUERPO-ROTO-400x267.jpg 400w, https:\/\/www.uartes.edu.ec\/sitio\/wp-content\/uploads\/2025\/02\/16-HECHIZOS-REPARAR-CUERPO-ROTO.jpg 2000w\" sizes=\"(max-width: 644px) 100vw, 644px\" \/><\/figure>\n<\/figure>\n\n\n\n<p><\/p>\n\n\n\n<p>En las bodegas del CIF se expon\u00edan diferentes matices emocionales y diversas formas de contemplar al otro desde las heridas abiertas. En uno de esos espacios me encontr\u00e9 con un disparador de afectos, un ramo de manzanilla que colgaba desde el techo atraves\u00f3 mi infancia y mi presente. Sanar y recordar siempre ser\u00e1 un proceso complicado. Record\u00e9 los 25 centavos de manzanilla que compr\u00e9 para poner en las fotos durante el sepelio de mi madre, y despu\u00e9s en su tumba. Me gusta mucho el olor de la manzanilla. No pude continuar tomando fotos y decid\u00ed regresar a mi oficina, entonces le\u00ed el papel que me entregaron durante el recorrido: <\/p>\n\n\n\n<p class=\"has-text-align-left\">\u00bfEn qu\u00e9 paisaje, casa transcurri\u00f3 <br>tu ni\u00f1ez, hab\u00eda un jard\u00edn, <br>ten\u00edas tu propia habitaci\u00f3n?<\/p>\n\n\n\n<p>Tal vez sanar es invocar y aprender otras formas de arrullar las pesadillas, pero hoy es diferente, ver a una madre siempre repara un poco el coraz\u00f3n. Sonr\u00edo por dentro.<\/p>","protected":false},"excerpt":{"rendered":"<p>La maestr\u00eda de Artes Esc\u00e9nicas de la Escuela de Posgrados de la Universidad de las Artes dio inicio el 7 de febrero a la presentaci\u00f3n de los trabajos de titulaci\u00f3n de su primera cohorte, constituyendo una oportunidad \u00fanica para presenciar un despliegue de talento, creatividad y nuevas perspectivas sobre la escena contempor\u00e1nea. En esa primera jornada se presentaron las obras \u201cEn la cancha, dispositivo esc\u00e9nico en el espacio p\u00fablico\u201d, de Sandra G\u00f3mez, y \u201cHechizos para reparar un cuerpo roto\u201d, de Anna J\u00e1come.<\/p>","protected":false},"author":10,"featured_media":68153,"comment_status":"open","ping_status":"open","sticky":false,"template":"","format":"standard","meta":{"_acf_changed":false,"_uag_custom_page_level_css":"","_monsterinsights_skip_tracking":false,"_monsterinsights_sitenote_active":false,"_monsterinsights_sitenote_note":"","_monsterinsights_sitenote_category":0,"cybocfi_hide_featured_image":"","footnotes":""},"categories":[80,75,76,284,264,83],"tags":[518],"infouartes":[],"class_list":["post-68152","post","type-post","status-publish","format-standard","has-post-thumbnail","hentry","category-academico","category-docentes","category-estudiantes","category-investigacion","category-maestrias","category-sedes","tag-produccion"],"acf":[],"yoast_head":"<!-- This site is optimized with the Yoast SEO plugin v27.4 - https:\/\/yoast.com\/product\/yoast-seo-wordpress\/ -->\n<title>Universidad de las Artes - Maestr\u00eda de Artes Esc\u00e9nicas presenta las obras de titulaci\u00f3n de su primera cohorte<\/title>\n<meta name=\"description\" content=\"Universidad de las Artes - Maestr\u00eda de Artes Esc\u00e9nicas presenta las obras de titulaci\u00f3n de su primera cohorte\" \/>\n<meta name=\"robots\" content=\"index, follow, max-snippet:-1, max-image-preview:large, max-video-preview:-1\" \/>\n<link rel=\"canonical\" href=\"https:\/\/www.uartes.edu.ec\/sitio\/fr\/blog\/2025\/02\/10\/maestria-de-artes-escenicas-presenta-las-obras-de-titulacion-de-su-primera-cohorte\/\" \/>\n<meta property=\"og:locale\" content=\"fr_FR\" \/>\n<meta property=\"og:type\" content=\"article\" \/>\n<meta property=\"og:title\" content=\"Universidad de las Artes - Maestr\u00eda de Artes Esc\u00e9nicas presenta las obras de titulaci\u00f3n de su primera cohorte\" \/>\n<meta property=\"og:description\" content=\"Universidad de las Artes - Maestr\u00eda de Artes Esc\u00e9nicas presenta las obras de titulaci\u00f3n de su primera cohorte\" \/>\n<meta property=\"og:url\" content=\"https:\/\/www.uartes.edu.ec\/sitio\/fr\/blog\/2025\/02\/10\/maestria-de-artes-escenicas-presenta-las-obras-de-titulacion-de-su-primera-cohorte\/\" \/>\n<meta property=\"og:site_name\" content=\"Universidad de las Artes\" \/>\n<meta property=\"article:publisher\" content=\"https:\/\/www.facebook.com\/uartesec\" \/>\n<meta property=\"article:published_time\" content=\"2025-02-10T21:35:25+00:00\" \/>\n<meta property=\"article:modified_time\" content=\"2025-02-14T14:38:52+00:00\" \/>\n<meta property=\"og:image\" content=\"https:\/\/www.uartes.edu.ec\/sitio\/wp-content\/uploads\/2025\/02\/11-HECHIZOS-REPARAR-CUERPO-ROTO.jpg\" \/>\n\t<meta property=\"og:image:width\" content=\"2000\" \/>\n\t<meta property=\"og:image:height\" content=\"1333\" \/>\n\t<meta property=\"og:image:type\" content=\"image\/jpeg\" \/>\n<meta name=\"author\" content=\"ccortez\" \/>\n<meta name=\"twitter:card\" content=\"summary_large_image\" \/>\n<meta name=\"twitter:creator\" content=\"@uartesec\" \/>\n<meta name=\"twitter:site\" content=\"@uartesec\" \/>\n<meta name=\"twitter:label1\" content=\"\u00c9crit par\" \/>\n\t<meta name=\"twitter:data1\" content=\"ccortez\" \/>\n\t<meta name=\"twitter:label2\" content=\"Dur\u00e9e de lecture estim\u00e9e\" \/>\n\t<meta name=\"twitter:data2\" content=\"8 minutes\" \/>\n<script type=\"application\/ld+json\" class=\"yoast-schema-graph\">{\"@context\":\"https:\\\/\\\/schema.org\",\"@graph\":[{\"@type\":\"Article\",\"@id\":\"https:\\\/\\\/www.uartes.edu.ec\\\/sitio\\\/fr\\\/blog\\\/2025\\\/02\\\/10\\\/maestria-de-artes-escenicas-presenta-las-obras-de-titulacion-de-su-primera-cohorte\\\/#article\",\"isPartOf\":{\"@id\":\"https:\\\/\\\/www.uartes.edu.ec\\\/sitio\\\/fr\\\/blog\\\/2025\\\/02\\\/10\\\/maestria-de-artes-escenicas-presenta-las-obras-de-titulacion-de-su-primera-cohorte\\\/\"},\"author\":{\"name\":\"ccortez\",\"@id\":\"https:\\\/\\\/www.uartes.edu.ec\\\/sitio\\\/fr\\\/#\\\/schema\\\/person\\\/efa1b8275797664fd7f13a79ccc0b1f4\"},\"headline\":\"Maestr\u00eda de Artes Esc\u00e9nicas presenta las obras de titulaci\u00f3n de su primera cohorte\",\"datePublished\":\"2025-02-10T21:35:25+00:00\",\"dateModified\":\"2025-02-14T14:38:52+00:00\",\"mainEntityOfPage\":{\"@id\":\"https:\\\/\\\/www.uartes.edu.ec\\\/sitio\\\/fr\\\/blog\\\/2025\\\/02\\\/10\\\/maestria-de-artes-escenicas-presenta-las-obras-de-titulacion-de-su-primera-cohorte\\\/\"},\"wordCount\":1420,\"commentCount\":0,\"publisher\":{\"@id\":\"https:\\\/\\\/www.uartes.edu.ec\\\/sitio\\\/fr\\\/#organization\"},\"image\":{\"@id\":\"https:\\\/\\\/www.uartes.edu.ec\\\/sitio\\\/fr\\\/blog\\\/2025\\\/02\\\/10\\\/maestria-de-artes-escenicas-presenta-las-obras-de-titulacion-de-su-primera-cohorte\\\/#primaryimage\"},\"thumbnailUrl\":\"https:\\\/\\\/www.uartes.edu.ec\\\/sitio\\\/wp-content\\\/uploads\\\/2025\\\/02\\\/11-HECHIZOS-REPARAR-CUERPO-ROTO.jpg\",\"keywords\":[\"producci\u00f3n\"],\"articleSection\":[\"Acad\u00e9mico\",\"Docentes\",\"Estudiantes\",\"Investigaci\u00f3n\",\"Maestr\u00edas\",\"Sedes\"],\"inLanguage\":\"fr-FR\",\"potentialAction\":[{\"@type\":\"CommentAction\",\"name\":\"Comment\",\"target\":[\"https:\\\/\\\/www.uartes.edu.ec\\\/sitio\\\/fr\\\/blog\\\/2025\\\/02\\\/10\\\/maestria-de-artes-escenicas-presenta-las-obras-de-titulacion-de-su-primera-cohorte\\\/#respond\"]}]},{\"@type\":[\"WebPage\",\"ItemPage\"],\"@id\":\"https:\\\/\\\/www.uartes.edu.ec\\\/sitio\\\/fr\\\/blog\\\/2025\\\/02\\\/10\\\/maestria-de-artes-escenicas-presenta-las-obras-de-titulacion-de-su-primera-cohorte\\\/\",\"url\":\"https:\\\/\\\/www.uartes.edu.ec\\\/sitio\\\/fr\\\/blog\\\/2025\\\/02\\\/10\\\/maestria-de-artes-escenicas-presenta-las-obras-de-titulacion-de-su-primera-cohorte\\\/\",\"name\":\"Universidad de las Artes - Maestr\u00eda de Artes Esc\u00e9nicas presenta las obras de titulaci\u00f3n de su primera cohorte\",\"isPartOf\":{\"@id\":\"https:\\\/\\\/www.uartes.edu.ec\\\/sitio\\\/fr\\\/#website\"},\"primaryImageOfPage\":{\"@id\":\"https:\\\/\\\/www.uartes.edu.ec\\\/sitio\\\/fr\\\/blog\\\/2025\\\/02\\\/10\\\/maestria-de-artes-escenicas-presenta-las-obras-de-titulacion-de-su-primera-cohorte\\\/#primaryimage\"},\"image\":{\"@id\":\"https:\\\/\\\/www.uartes.edu.ec\\\/sitio\\\/fr\\\/blog\\\/2025\\\/02\\\/10\\\/maestria-de-artes-escenicas-presenta-las-obras-de-titulacion-de-su-primera-cohorte\\\/#primaryimage\"},\"thumbnailUrl\":\"https:\\\/\\\/www.uartes.edu.ec\\\/sitio\\\/wp-content\\\/uploads\\\/2025\\\/02\\\/11-HECHIZOS-REPARAR-CUERPO-ROTO.jpg\",\"datePublished\":\"2025-02-10T21:35:25+00:00\",\"dateModified\":\"2025-02-14T14:38:52+00:00\",\"description\":\"Universidad de las Artes - Maestr\u00eda de Artes Esc\u00e9nicas presenta las obras de titulaci\u00f3n de su primera cohorte\",\"breadcrumb\":{\"@id\":\"https:\\\/\\\/www.uartes.edu.ec\\\/sitio\\\/fr\\\/blog\\\/2025\\\/02\\\/10\\\/maestria-de-artes-escenicas-presenta-las-obras-de-titulacion-de-su-primera-cohorte\\\/#breadcrumb\"},\"inLanguage\":\"fr-FR\",\"potentialAction\":[{\"@type\":\"ReadAction\",\"target\":[\"https:\\\/\\\/www.uartes.edu.ec\\\/sitio\\\/fr\\\/blog\\\/2025\\\/02\\\/10\\\/maestria-de-artes-escenicas-presenta-las-obras-de-titulacion-de-su-primera-cohorte\\\/\"]}]},{\"@type\":\"ImageObject\",\"inLanguage\":\"fr-FR\",\"@id\":\"https:\\\/\\\/www.uartes.edu.ec\\\/sitio\\\/fr\\\/blog\\\/2025\\\/02\\\/10\\\/maestria-de-artes-escenicas-presenta-las-obras-de-titulacion-de-su-primera-cohorte\\\/#primaryimage\",\"url\":\"https:\\\/\\\/www.uartes.edu.ec\\\/sitio\\\/wp-content\\\/uploads\\\/2025\\\/02\\\/11-HECHIZOS-REPARAR-CUERPO-ROTO.jpg\",\"contentUrl\":\"https:\\\/\\\/www.uartes.edu.ec\\\/sitio\\\/wp-content\\\/uploads\\\/2025\\\/02\\\/11-HECHIZOS-REPARAR-CUERPO-ROTO.jpg\",\"width\":2000,\"height\":1333},{\"@type\":\"BreadcrumbList\",\"@id\":\"https:\\\/\\\/www.uartes.edu.ec\\\/sitio\\\/fr\\\/blog\\\/2025\\\/02\\\/10\\\/maestria-de-artes-escenicas-presenta-las-obras-de-titulacion-de-su-primera-cohorte\\\/#breadcrumb\",\"itemListElement\":[{\"@type\":\"ListItem\",\"position\":1,\"name\":\"Inicio\",\"item\":\"https:\\\/\\\/www.uartes.edu.ec\\\/sitio\\\/\"},{\"@type\":\"ListItem\",\"position\":2,\"name\":\"Maestr\u00eda de Artes Esc\u00e9nicas presenta las obras de titulaci\u00f3n de su primera cohorte\"}]},{\"@type\":\"WebSite\",\"@id\":\"https:\\\/\\\/www.uartes.edu.ec\\\/sitio\\\/fr\\\/#website\",\"url\":\"https:\\\/\\\/www.uartes.edu.ec\\\/sitio\\\/fr\\\/\",\"name\":\"Universidad de las Artes\",\"description\":\"Sitio oficial de la Universidad Nacional de las Artes del Ecuador\",\"publisher\":{\"@id\":\"https:\\\/\\\/www.uartes.edu.ec\\\/sitio\\\/fr\\\/#organization\"},\"potentialAction\":[{\"@type\":\"SearchAction\",\"target\":{\"@type\":\"EntryPoint\",\"urlTemplate\":\"https:\\\/\\\/www.uartes.edu.ec\\\/sitio\\\/fr\\\/?s={search_term_string}\"},\"query-input\":{\"@type\":\"PropertyValueSpecification\",\"valueRequired\":true,\"valueName\":\"search_term_string\"}}],\"inLanguage\":\"fr-FR\"},{\"@type\":\"Organization\",\"@id\":\"https:\\\/\\\/www.uartes.edu.ec\\\/sitio\\\/fr\\\/#organization\",\"name\":\"Universidad de las Artes\",\"url\":\"https:\\\/\\\/www.uartes.edu.ec\\\/sitio\\\/fr\\\/\",\"logo\":{\"@type\":\"ImageObject\",\"inLanguage\":\"fr-FR\",\"@id\":\"https:\\\/\\\/www.uartes.edu.ec\\\/sitio\\\/fr\\\/#\\\/schema\\\/logo\\\/image\\\/\",\"url\":\"https:\\\/\\\/www.uartes.edu.ec\\\/sitio\\\/wp-content\\\/uploads\\\/2022\\\/07\\\/logo-ua-horizontal.png\",\"contentUrl\":\"https:\\\/\\\/www.uartes.edu.ec\\\/sitio\\\/wp-content\\\/uploads\\\/2022\\\/07\\\/logo-ua-horizontal.png\",\"width\":800,\"height\":276,\"caption\":\"Universidad de las Artes\"},\"image\":{\"@id\":\"https:\\\/\\\/www.uartes.edu.ec\\\/sitio\\\/fr\\\/#\\\/schema\\\/logo\\\/image\\\/\"},\"sameAs\":[\"https:\\\/\\\/www.facebook.com\\\/uartesec\",\"https:\\\/\\\/x.com\\\/uartesec\",\"https:\\\/\\\/www.tiktok.com\\\/@uartesec\"]},{\"@type\":\"Person\",\"@id\":\"https:\\\/\\\/www.uartes.edu.ec\\\/sitio\\\/fr\\\/#\\\/schema\\\/person\\\/efa1b8275797664fd7f13a79ccc0b1f4\",\"name\":\"ccortez\",\"image\":{\"@type\":\"ImageObject\",\"inLanguage\":\"fr-FR\",\"@id\":\"https:\\\/\\\/secure.gravatar.com\\\/avatar\\\/b2a6f664a3ae8e074346ef91775736c5ec479e637ecced6842de9dc98b5da9cd?s=96&d=mm&r=g\",\"url\":\"https:\\\/\\\/secure.gravatar.com\\\/avatar\\\/b2a6f664a3ae8e074346ef91775736c5ec479e637ecced6842de9dc98b5da9cd?s=96&d=mm&r=g\",\"contentUrl\":\"https:\\\/\\\/secure.gravatar.com\\\/avatar\\\/b2a6f664a3ae8e074346ef91775736c5ec479e637ecced6842de9dc98b5da9cd?s=96&d=mm&r=g\",\"caption\":\"ccortez\"},\"url\":\"https:\\\/\\\/www.uartes.edu.ec\\\/sitio\\\/fr\\\/blog\\\/author\\\/ccortez\\\/\"}]}<\/script>\n<!-- \/ Yoast SEO plugin. -->","yoast_head_json":{"title":"Universidad de las Artes - Maestr\u00eda de Artes Esc\u00e9nicas presenta las obras de titulaci\u00f3n de su primera cohorte","description":"Universidad de las Artes - Maestr\u00eda de Artes Esc\u00e9nicas presenta las obras de titulaci\u00f3n de su primera cohorte","robots":{"index":"index","follow":"follow","max-snippet":"max-snippet:-1","max-image-preview":"max-image-preview:large","max-video-preview":"max-video-preview:-1"},"canonical":"https:\/\/www.uartes.edu.ec\/sitio\/fr\/blog\/2025\/02\/10\/maestria-de-artes-escenicas-presenta-las-obras-de-titulacion-de-su-primera-cohorte\/","og_locale":"fr_FR","og_type":"article","og_title":"Universidad de las Artes - Maestr\u00eda de Artes Esc\u00e9nicas presenta las obras de titulaci\u00f3n de su primera cohorte","og_description":"Universidad de las Artes - Maestr\u00eda de Artes Esc\u00e9nicas presenta las obras de titulaci\u00f3n de su primera cohorte","og_url":"https:\/\/www.uartes.edu.ec\/sitio\/fr\/blog\/2025\/02\/10\/maestria-de-artes-escenicas-presenta-las-obras-de-titulacion-de-su-primera-cohorte\/","og_site_name":"Universidad de las Artes","article_publisher":"https:\/\/www.facebook.com\/uartesec","article_published_time":"2025-02-10T21:35:25+00:00","article_modified_time":"2025-02-14T14:38:52+00:00","og_image":[{"width":2000,"height":1333,"url":"https:\/\/www.uartes.edu.ec\/sitio\/wp-content\/uploads\/2025\/02\/11-HECHIZOS-REPARAR-CUERPO-ROTO.jpg","type":"image\/jpeg"}],"author":"ccortez","twitter_card":"summary_large_image","twitter_creator":"@uartesec","twitter_site":"@uartesec","twitter_misc":{"\u00c9crit par":"ccortez","Dur\u00e9e de lecture estim\u00e9e":"8 minutes"},"schema":{"@context":"https:\/\/schema.org","@graph":[{"@type":"Article","@id":"https:\/\/www.uartes.edu.ec\/sitio\/fr\/blog\/2025\/02\/10\/maestria-de-artes-escenicas-presenta-las-obras-de-titulacion-de-su-primera-cohorte\/#article","isPartOf":{"@id":"https:\/\/www.uartes.edu.ec\/sitio\/fr\/blog\/2025\/02\/10\/maestria-de-artes-escenicas-presenta-las-obras-de-titulacion-de-su-primera-cohorte\/"},"author":{"name":"ccortez","@id":"https:\/\/www.uartes.edu.ec\/sitio\/fr\/#\/schema\/person\/efa1b8275797664fd7f13a79ccc0b1f4"},"headline":"Maestr\u00eda de Artes Esc\u00e9nicas presenta las obras de titulaci\u00f3n de su primera cohorte","datePublished":"2025-02-10T21:35:25+00:00","dateModified":"2025-02-14T14:38:52+00:00","mainEntityOfPage":{"@id":"https:\/\/www.uartes.edu.ec\/sitio\/fr\/blog\/2025\/02\/10\/maestria-de-artes-escenicas-presenta-las-obras-de-titulacion-de-su-primera-cohorte\/"},"wordCount":1420,"commentCount":0,"publisher":{"@id":"https:\/\/www.uartes.edu.ec\/sitio\/fr\/#organization"},"image":{"@id":"https:\/\/www.uartes.edu.ec\/sitio\/fr\/blog\/2025\/02\/10\/maestria-de-artes-escenicas-presenta-las-obras-de-titulacion-de-su-primera-cohorte\/#primaryimage"},"thumbnailUrl":"https:\/\/www.uartes.edu.ec\/sitio\/wp-content\/uploads\/2025\/02\/11-HECHIZOS-REPARAR-CUERPO-ROTO.jpg","keywords":["producci\u00f3n"],"articleSection":["Acad\u00e9mico","Docentes","Estudiantes","Investigaci\u00f3n","Maestr\u00edas","Sedes"],"inLanguage":"fr-FR","potentialAction":[{"@type":"CommentAction","name":"Comment","target":["https:\/\/www.uartes.edu.ec\/sitio\/fr\/blog\/2025\/02\/10\/maestria-de-artes-escenicas-presenta-las-obras-de-titulacion-de-su-primera-cohorte\/#respond"]}]},{"@type":["WebPage","ItemPage"],"@id":"https:\/\/www.uartes.edu.ec\/sitio\/fr\/blog\/2025\/02\/10\/maestria-de-artes-escenicas-presenta-las-obras-de-titulacion-de-su-primera-cohorte\/","url":"https:\/\/www.uartes.edu.ec\/sitio\/fr\/blog\/2025\/02\/10\/maestria-de-artes-escenicas-presenta-las-obras-de-titulacion-de-su-primera-cohorte\/","name":"Universidad de las Artes - Maestr\u00eda de Artes Esc\u00e9nicas presenta las obras de titulaci\u00f3n de su primera cohorte","isPartOf":{"@id":"https:\/\/www.uartes.edu.ec\/sitio\/fr\/#website"},"primaryImageOfPage":{"@id":"https:\/\/www.uartes.edu.ec\/sitio\/fr\/blog\/2025\/02\/10\/maestria-de-artes-escenicas-presenta-las-obras-de-titulacion-de-su-primera-cohorte\/#primaryimage"},"image":{"@id":"https:\/\/www.uartes.edu.ec\/sitio\/fr\/blog\/2025\/02\/10\/maestria-de-artes-escenicas-presenta-las-obras-de-titulacion-de-su-primera-cohorte\/#primaryimage"},"thumbnailUrl":"https:\/\/www.uartes.edu.ec\/sitio\/wp-content\/uploads\/2025\/02\/11-HECHIZOS-REPARAR-CUERPO-ROTO.jpg","datePublished":"2025-02-10T21:35:25+00:00","dateModified":"2025-02-14T14:38:52+00:00","description":"Universidad de las Artes - Maestr\u00eda de Artes Esc\u00e9nicas presenta las obras de titulaci\u00f3n de su primera cohorte","breadcrumb":{"@id":"https:\/\/www.uartes.edu.ec\/sitio\/fr\/blog\/2025\/02\/10\/maestria-de-artes-escenicas-presenta-las-obras-de-titulacion-de-su-primera-cohorte\/#breadcrumb"},"inLanguage":"fr-FR","potentialAction":[{"@type":"ReadAction","target":["https:\/\/www.uartes.edu.ec\/sitio\/fr\/blog\/2025\/02\/10\/maestria-de-artes-escenicas-presenta-las-obras-de-titulacion-de-su-primera-cohorte\/"]}]},{"@type":"ImageObject","inLanguage":"fr-FR","@id":"https:\/\/www.uartes.edu.ec\/sitio\/fr\/blog\/2025\/02\/10\/maestria-de-artes-escenicas-presenta-las-obras-de-titulacion-de-su-primera-cohorte\/#primaryimage","url":"https:\/\/www.uartes.edu.ec\/sitio\/wp-content\/uploads\/2025\/02\/11-HECHIZOS-REPARAR-CUERPO-ROTO.jpg","contentUrl":"https:\/\/www.uartes.edu.ec\/sitio\/wp-content\/uploads\/2025\/02\/11-HECHIZOS-REPARAR-CUERPO-ROTO.jpg","width":2000,"height":1333},{"@type":"BreadcrumbList","@id":"https:\/\/www.uartes.edu.ec\/sitio\/fr\/blog\/2025\/02\/10\/maestria-de-artes-escenicas-presenta-las-obras-de-titulacion-de-su-primera-cohorte\/#breadcrumb","itemListElement":[{"@type":"ListItem","position":1,"name":"Inicio","item":"https:\/\/www.uartes.edu.ec\/sitio\/"},{"@type":"ListItem","position":2,"name":"Maestr\u00eda de Artes Esc\u00e9nicas presenta las obras de titulaci\u00f3n de su primera cohorte"}]},{"@type":"WebSite","@id":"https:\/\/www.uartes.edu.ec\/sitio\/fr\/#website","url":"https:\/\/www.uartes.edu.ec\/sitio\/fr\/","name":"Universidad de las Artes","description":"Sitio oficial de la Universidad Nacional de las Artes del Ecuador","publisher":{"@id":"https:\/\/www.uartes.edu.ec\/sitio\/fr\/#organization"},"potentialAction":[{"@type":"SearchAction","target":{"@type":"EntryPoint","urlTemplate":"https:\/\/www.uartes.edu.ec\/sitio\/fr\/?s={search_term_string}"},"query-input":{"@type":"PropertyValueSpecification","valueRequired":true,"valueName":"search_term_string"}}],"inLanguage":"fr-FR"},{"@type":"Organization","@id":"https:\/\/www.uartes.edu.ec\/sitio\/fr\/#organization","name":"Universidad de las Artes","url":"https:\/\/www.uartes.edu.ec\/sitio\/fr\/","logo":{"@type":"ImageObject","inLanguage":"fr-FR","@id":"https:\/\/www.uartes.edu.ec\/sitio\/fr\/#\/schema\/logo\/image\/","url":"https:\/\/www.uartes.edu.ec\/sitio\/wp-content\/uploads\/2022\/07\/logo-ua-horizontal.png","contentUrl":"https:\/\/www.uartes.edu.ec\/sitio\/wp-content\/uploads\/2022\/07\/logo-ua-horizontal.png","width":800,"height":276,"caption":"Universidad de las Artes"},"image":{"@id":"https:\/\/www.uartes.edu.ec\/sitio\/fr\/#\/schema\/logo\/image\/"},"sameAs":["https:\/\/www.facebook.com\/uartesec","https:\/\/x.com\/uartesec","https:\/\/www.tiktok.com\/@uartesec"]},{"@type":"Person","@id":"https:\/\/www.uartes.edu.ec\/sitio\/fr\/#\/schema\/person\/efa1b8275797664fd7f13a79ccc0b1f4","name":"ccortez","image":{"@type":"ImageObject","inLanguage":"fr-FR","@id":"https:\/\/secure.gravatar.com\/avatar\/b2a6f664a3ae8e074346ef91775736c5ec479e637ecced6842de9dc98b5da9cd?s=96&d=mm&r=g","url":"https:\/\/secure.gravatar.com\/avatar\/b2a6f664a3ae8e074346ef91775736c5ec479e637ecced6842de9dc98b5da9cd?s=96&d=mm&r=g","contentUrl":"https:\/\/secure.gravatar.com\/avatar\/b2a6f664a3ae8e074346ef91775736c5ec479e637ecced6842de9dc98b5da9cd?s=96&d=mm&r=g","caption":"ccortez"},"url":"https:\/\/www.uartes.edu.ec\/sitio\/fr\/blog\/author\/ccortez\/"}]}},"uagb_featured_image_src":{"full":["https:\/\/www.uartes.edu.ec\/sitio\/wp-content\/uploads\/2025\/02\/11-HECHIZOS-REPARAR-CUERPO-ROTO.jpg",2000,1333,false],"thumbnail":["https:\/\/www.uartes.edu.ec\/sitio\/wp-content\/uploads\/2025\/02\/11-HECHIZOS-REPARAR-CUERPO-ROTO-150x150.jpg",150,150,true],"medium":["https:\/\/www.uartes.edu.ec\/sitio\/wp-content\/uploads\/2025\/02\/11-HECHIZOS-REPARAR-CUERPO-ROTO-300x200.jpg",300,200,true],"medium_large":["https:\/\/www.uartes.edu.ec\/sitio\/wp-content\/uploads\/2025\/02\/11-HECHIZOS-REPARAR-CUERPO-ROTO-768x512.jpg",768,512,true],"large":["https:\/\/www.uartes.edu.ec\/sitio\/wp-content\/uploads\/2025\/02\/11-HECHIZOS-REPARAR-CUERPO-ROTO-644x429.jpg",644,429,true],"1536x1536":["https:\/\/www.uartes.edu.ec\/sitio\/wp-content\/uploads\/2025\/02\/11-HECHIZOS-REPARAR-CUERPO-ROTO-1536x1024.jpg",1536,1024,true],"2048x2048":["https:\/\/www.uartes.edu.ec\/sitio\/wp-content\/uploads\/2025\/02\/11-HECHIZOS-REPARAR-CUERPO-ROTO.jpg",2000,1333,false],"trp-custom-language-flag":["https:\/\/www.uartes.edu.ec\/sitio\/wp-content\/uploads\/2025\/02\/11-HECHIZOS-REPARAR-CUERPO-ROTO-18x12.jpg",18,12,true],"htmega_size_585x295":["https:\/\/www.uartes.edu.ec\/sitio\/wp-content\/uploads\/2025\/02\/11-HECHIZOS-REPARAR-CUERPO-ROTO-585x295.jpg",585,295,true],"htmega_size_1170x536":["https:\/\/www.uartes.edu.ec\/sitio\/wp-content\/uploads\/2025\/02\/11-HECHIZOS-REPARAR-CUERPO-ROTO-1170x536.jpg",1170,536,true],"htmega_size_396x360":["https:\/\/www.uartes.edu.ec\/sitio\/wp-content\/uploads\/2025\/02\/11-HECHIZOS-REPARAR-CUERPO-ROTO-396x360.jpg",396,360,true],"gb-block-post-grid-landscape":["https:\/\/www.uartes.edu.ec\/sitio\/wp-content\/uploads\/2025\/02\/11-HECHIZOS-REPARAR-CUERPO-ROTO-600x400.jpg",600,400,true],"gb-block-post-grid-square":["https:\/\/www.uartes.edu.ec\/sitio\/wp-content\/uploads\/2025\/02\/11-HECHIZOS-REPARAR-CUERPO-ROTO-600x600.jpg",600,600,true],"university-hub-thumb":["https:\/\/www.uartes.edu.ec\/sitio\/wp-content\/uploads\/2025\/02\/11-HECHIZOS-REPARAR-CUERPO-ROTO-400x267.jpg",400,267,true]},"uagb_author_info":{"display_name":"ccortez","author_link":"https:\/\/www.uartes.edu.ec\/sitio\/fr\/blog\/author\/ccortez\/"},"uagb_comment_info":0,"uagb_excerpt":"La maestr\u00eda de Artes Esc\u00e9nicas de la Escuela de Posgrados de la Universidad de las Artes dio inicio el 7 de febrero a la presentaci\u00f3n de los trabajos de titulaci\u00f3n de su primera cohorte, constituyendo una oportunidad \u00fanica para presenciar un despliegue de talento, creatividad y nuevas perspectivas sobre la escena contempor\u00e1nea. En esa primera\u2026","featured_image_src":"https:\/\/www.uartes.edu.ec\/sitio\/wp-content\/uploads\/2025\/02\/11-HECHIZOS-REPARAR-CUERPO-ROTO-600x400.jpg","featured_image_src_square":"https:\/\/www.uartes.edu.ec\/sitio\/wp-content\/uploads\/2025\/02\/11-HECHIZOS-REPARAR-CUERPO-ROTO-600x600.jpg","author_info":{"display_name":"ccortez","author_link":"https:\/\/www.uartes.edu.ec\/sitio\/fr\/blog\/author\/ccortez\/"},"publishpress_future_workflow_manual_trigger":{"enabledWorkflows":[]},"distributor_meta":false,"distributor_terms":false,"distributor_media":false,"distributor_original_site_name":"Universidad de las Artes","distributor_original_site_url":"https:\/\/www.uartes.edu.ec\/sitio\/fr","push-errors":false,"_links":{"self":[{"href":"https:\/\/www.uartes.edu.ec\/sitio\/fr\/wp-json\/wp\/v2\/posts\/68152","targetHints":{"allow":["GET"]}}],"collection":[{"href":"https:\/\/www.uartes.edu.ec\/sitio\/fr\/wp-json\/wp\/v2\/posts"}],"about":[{"href":"https:\/\/www.uartes.edu.ec\/sitio\/fr\/wp-json\/wp\/v2\/types\/post"}],"author":[{"embeddable":true,"href":"https:\/\/www.uartes.edu.ec\/sitio\/fr\/wp-json\/wp\/v2\/users\/10"}],"replies":[{"embeddable":true,"href":"https:\/\/www.uartes.edu.ec\/sitio\/fr\/wp-json\/wp\/v2\/comments?post=68152"}],"version-history":[{"count":2,"href":"https:\/\/www.uartes.edu.ec\/sitio\/fr\/wp-json\/wp\/v2\/posts\/68152\/revisions"}],"predecessor-version":[{"id":68236,"href":"https:\/\/www.uartes.edu.ec\/sitio\/fr\/wp-json\/wp\/v2\/posts\/68152\/revisions\/68236"}],"wp:featuredmedia":[{"embeddable":true,"href":"https:\/\/www.uartes.edu.ec\/sitio\/fr\/wp-json\/wp\/v2\/media\/68153"}],"wp:attachment":[{"href":"https:\/\/www.uartes.edu.ec\/sitio\/fr\/wp-json\/wp\/v2\/media?parent=68152"}],"wp:term":[{"taxonomy":"category","embeddable":true,"href":"https:\/\/www.uartes.edu.ec\/sitio\/fr\/wp-json\/wp\/v2\/categories?post=68152"},{"taxonomy":"post_tag","embeddable":true,"href":"https:\/\/www.uartes.edu.ec\/sitio\/fr\/wp-json\/wp\/v2\/tags?post=68152"},{"taxonomy":"infouartes","embeddable":true,"href":"https:\/\/www.uartes.edu.ec\/sitio\/fr\/wp-json\/wp\/v2\/infouartes?post=68152"}],"curies":[{"name":"wp","href":"https:\/\/api.w.org\/{rel}","templated":true}]}}